{"id":9436,"date":"2023-04-11T10:00:40","date_gmt":"2023-04-11T08:00:40","guid":{"rendered":"https:\/\/www.anovapeneira.gal\/?p=9436"},"modified":"2023-04-09T20:58:04","modified_gmt":"2023-04-09T18:58:04","slug":"carlos-riveiro-candidato-a-alcaldia-de-a-lama","status":"publish","type":"post","link":"https:\/\/www.anovapeneira.gal\/index.php\/2023\/04\/11\/carlos-riveiro-candidato-a-alcaldia-de-a-lama\/","title":{"rendered":"Carlos Riveiro, candidato \u00e1 alcald\u00eda de A Lama"},"content":{"rendered":"\n<p><strong>Carlos \u00e9 natural de Bora e leva m\u00e1is de 30 anos vivindo na Lama, no lugar de Fontecova. El manifesta sentirse profundamente vinculado ao concello da Lama, na s\u00faas emoci\u00f3ns m\u00e1is \u00edntimas, e entende que debe de dar o paso de liderar unha opci\u00f3n de cambio, que lle dispute a maior\u00eda social do pobo ao partido popular, para sacar ao concello da Lama da esclerose pol\u00edtica e mala xesti\u00f3n na que ao seu xu\u00edzo o goberno local ten sometida a A Lama.<\/strong><\/p>\n\n\n\n<p>\u201c <strong>Se a maior\u00eda da sociedade da Lama me honra coa s\u00faa confianza a divisi\u00f3n entre veci\u00f1os amigos e veci\u00f1os non amigos acabouse para sempre. Todo o mundo vai ser tratado por igual de maneira xusta\u201d<\/strong><\/p>\n\n\n\n<p><strong>Queremos co\u00f1ecerte un pouco m\u00e1is Carlos?<\/strong><\/p>\n\n\n\n<blockquote class=\"wp-block-quote is-layout-flow wp-block-quote-is-layout-flow\">\n<p>Ben, eu traballo de representante comercial dunha importante compa\u00f1\u00eda no sector da iluminaci\u00f3n. Te\u00f1o experiencia na pol\u00edtica municipal pois no mandato do 2003, fun concelleiro de cultura no goberno de A Lama, e no 2007 estiven na oposici\u00f3n no concello de Pontevedra.<\/p>\n<\/blockquote>\n\n\n\n<p><strong>E despois do 2011, seguiches na pol\u00edtica?<\/strong><\/p>\n\n\n\n<blockquote class=\"wp-block-quote is-layout-flow wp-block-quote-is-layout-flow\">\n<p>Non. A\u00ed dou unha parada na vida pol\u00edtica institucional a\u00ednda que sempre segu\u00edn con interese os acontecementos da pol\u00edtica local, porque eu son un home que cree firmemente en que a participaci\u00f3n veci\u00f1al da sociedade civil na toma de decisi\u00f3ns pol\u00edticas \u00e9 a \u00fanica forma de constru\u00edr unha sociedade m\u00e1is xusta. A situaci\u00f3n do meu pobo est\u00e1 tan deteriorada. Veu deterior\u00e1ndose aos poucos, durante todos estes anos, de tal maneira que me decid\u00edn a significarme publicamente e crear a agrupaci\u00f3n local de Uni\u00f3n de Cidad\u00e1ns Independentes que \u00e9 a formaci\u00f3n pol\u00edtica coa que imos intentar dar un cambio profundo \u00e1s formas de goberno que padece A Lama.<\/p>\n<\/blockquote>\n\n\n\n<p><strong>Por que dis que a situaci\u00f3n de A Lama est\u00e1 tan deteriorada?<\/strong><\/p>\n\n\n\n<blockquote class=\"wp-block-quote is-layout-flow wp-block-quote-is-layout-flow\">\n<p>Non \u00e9 ningunha especulaci\u00f3n. \u00c9 un dato, por desgraza, obxectivo: O Concello de A Lama \u00e9 o terceiro concello m\u00e1is pobre de Galicia segundo o PIB. Un grupo de veci\u00f1os coma min consideramos que isto hai que cambialo e volver convertelo nese concello de referencia que foi outrora.<\/p>\n<\/blockquote>\n\n\n\n<p><strong>Dime , de maneira sint\u00e9tica, cales son os principais problemas que padece A Lama?<\/strong><\/p>\n\n\n\n<blockquote class=\"wp-block-quote is-layout-flow wp-block-quote-is-layout-flow\">\n<p>-O principal \u00e9 o desgoberno e a falta de rigor .Todos os anos fanse promesas, sobre todo en \u00e9poca de elecci\u00f3ns, que logo son incumpridas sistematicamente.<\/p>\n<\/blockquote>\n\n\n\n<blockquote class=\"wp-block-quote is-layout-flow wp-block-quote-is-layout-flow\">\n<p>-A Lama carece de servizos b\u00e1sicos que permitan poder desenvolver un proxecto vital persoal no noso pobo.<\/p>\n<\/blockquote>\n\n\n\n<blockquote class=\"wp-block-quote is-layout-flow wp-block-quote-is-layout-flow\">\n<p>-A situaci\u00f3n do saneamento \u00e9 lamentable.<\/p>\n<\/blockquote>\n\n\n\n<blockquote class=\"wp-block-quote is-layout-flow wp-block-quote-is-layout-flow\">\n<p>-As inmensas potencias que ten o noso pobo para ser un atractivo destino tur\u00edstico est\u00e1n desaproveitadas polo desleixo e mala xesti\u00f3n do goberno municipal.<\/p>\n<\/blockquote>\n\n\n\n<p><strong>Cal \u00e9 a t\u00faa opini\u00f3n en relaci\u00f3n aos parques e\u00f3licos que queren montar no concello de A Lama?<\/strong><\/p>\n\n\n\n<blockquote class=\"wp-block-quote is-layout-flow wp-block-quote-is-layout-flow\">\n<p>A mi\u00f1a posici\u00f3n \u00e9 estar inequivocamente, sen ambig\u00fcidades nin matices, ao lados dos veci\u00f1os. Defender\u00e9molos sen pausa ante a inxustiza de querer meterlle e\u00f3licos a tan pouca distancia das s\u00faas casas.<\/p>\n<\/blockquote>\n\n\n\n<p><strong>Iso non quere dicir que esteas en contra das enerx\u00edas renovables?<\/strong><\/p>\n\n\n\n<blockquote class=\"wp-block-quote is-layout-flow wp-block-quote-is-layout-flow\">\n<p>Non, claro que non. E\u00f3licos si, pero non as\u00ed. Non se poden po\u00f1er tan preto das casas, n\u00f3s temos uns aqu\u00ed no monte que de noite fan un ru\u00eddo incrible e producen un son dunha frecuencia moi baixa, de menos de 20 Hz. Isto \u00e9 moi prexudicial para os paxaros e para a sa\u00fade da xente.<\/p>\n<\/blockquote>\n\n\n\n<p><strong>Cal \u00e9 a t\u00faa posici\u00f3n en relaci\u00f3n \u00e1 pretensi\u00f3n de augas de Galicia e o concello de Vigo de montar un encoro no r\u00edo Verdugo?<\/strong><\/p>\n\n\n\n<blockquote class=\"wp-block-quote is-layout-flow wp-block-quote-is-layout-flow\">\n<p>Estamos totalmente en desacordo, se chego a ser alcalde opo\u00f1ereime con toda firmeza a este proxecto.<\/p>\n<\/blockquote>\n\n\n\n<p><strong>Xa tedes a lista conformada?<\/strong><\/p>\n\n\n\n<blockquote class=\"wp-block-quote is-layout-flow wp-block-quote-is-layout-flow\">\n<p>Ao 99%, si.<\/p>\n<\/blockquote>\n\n\n\n<p><strong>Pero est\u00e1s seguro ao cento por cento que che vas a presentar, non contemplas non presentarte?<\/strong><\/p>\n\n\n\n<blockquote class=\"wp-block-quote is-layout-flow wp-block-quote-is-layout-flow\">\n<p>Si, pres\u00e9ntome ao cento por cento. Houbo presi\u00f3ns por parte do Goberno municipal \u00e1 xente que v\u00e9n comigo na lista para que non puid\u00e9semos formar candidatura.<\/p>\n<\/blockquote>\n\n\n\n<p><strong>Que tipo de presi\u00f3ns?<\/strong><\/p>\n\n\n\n<blockquote class=\"wp-block-quote is-layout-flow wp-block-quote-is-layout-flow\">\n<p>Chamadas telef\u00f3nicas \u00e1 xente que pertencen a asociaci\u00f3ns de calquera tipo ameazando con que se van na lista poder\u00edan cot\u00e1rselles as subvenci\u00f3ns.<\/p>\n<\/blockquote>\n\n\n\n<p><strong>Galicia ten un grave problema hist\u00f3rico que \u00e9 o nepotismo. Cualif\u00edcase \u00e1 xente en amigos e inimigos, nas administraci\u00f3ns locais tam\u00e9n pasa. No caso de que chegues a ser alcalde do concello da Lama, comprom\u00e9teste a tratar a todo o mundo por igual?<\/strong><\/p>\n\n\n\n<blockquote class=\"wp-block-quote is-layout-flow wp-block-quote-is-layout-flow\">\n<p>Rotundamente si. Votantes, non votantes, xente que pertence a outras siglas pol\u00edticas, neste concello imos ser todos iguais, imos gobernar para todos de igual maneira.<\/p>\n<\/blockquote>\n\n\n\n<p><strong>Cales son as expectativas realistas coas que te presentas?<\/strong><\/p>\n\n\n\n<blockquote class=\"wp-block-quote is-layout-flow wp-block-quote-is-layout-flow\">\n<p>Pres\u00e9ntome para ga\u00f1ar.<\/p>\n<\/blockquote>\n\n\n\n<p><strong>Como \u00e9 o equipo de persoas que che acompa\u00f1an na candidatura?<\/strong><\/p>\n\n\n\n<blockquote class=\"wp-block-quote is-layout-flow wp-block-quote-is-layout-flow\">\n<p>\u00c9 unha candidatura xunguida por un sentimento en com\u00fan: O amor a A Lama. A nosa \u00e9 unha lista transversal formada por persoas que nunhas elecci\u00f3ns auton\u00f3micas poden votar desde o BNG ata ao PP. Pero que estamos concienciadas en que A Lama ten moitos problemas e necesita un cambio urxente. O noso \u00e9 un compromiso pola eficacia, o rigor, a xustiza e como che comentei antes unha candidatura unida polo amor ao noso concello.<\/p>\n<\/blockquote>\n\n\n\n<p><strong>Cales son as primeiras medidas que implementar\u00edas no caso de ga\u00f1ar as elecci\u00f3ns?<\/strong><\/p>\n\n\n\n<blockquote class=\"wp-block-quote is-layout-flow wp-block-quote-is-layout-flow\">\n<p>-Optimizar todos os servizos que temos. Somos uns 2500 habitantes e temos traballando uns 40 funcionarios. Hai unha obvia sobre dimensi\u00f3n que n\u00f3s aproveitaremos para dar uns servizos adecuados e suficientes aos nosos veci\u00f1os e veci\u00f1as da Lama.<\/p>\n<\/blockquote>\n\n\n\n<blockquote class=\"wp-block-quote is-layout-flow wp-block-quote-is-layout-flow\">\n<p>-Cambiar a imaxe do concello. Cando entras aqu\u00ed parece que isto est\u00e1 abandonado, que non vive ningu\u00e9n, est\u00e1 moi deteriorado.<\/p>\n<\/blockquote>\n\n\n\n<blockquote class=\"wp-block-quote is-layout-flow wp-block-quote-is-layout-flow\">\n<p>-Xestionar adecuadamente os recursos econ\u00f3micos para non dilapidar os cartos no que non sexa estritamente necesario<\/p>\n<\/blockquote>\n\n\n\n<blockquote class=\"wp-block-quote is-layout-flow wp-block-quote-is-layout-flow\">\n<p>-Fariamos d\u00faas limpezas en profundidade do concello, unha antes do per\u00edodo de ver\u00e1n e outra antes do per\u00edodo de choivas para evitar que se formen charcos cos que se poidan provocar accidentes.<\/p>\n<\/blockquote>\n\n\n\n<p><strong>Que medidas levar\u00edas a cabo para atraer ao turismo ?<\/strong><\/p>\n\n\n\n<blockquote class=\"wp-block-quote is-layout-flow wp-block-quote-is-layout-flow\">\n<p>-Organizar rutas regulares de sendeirismo o m\u00e1is atractivas que se poidan. Para iso hai que limpar e manter os cami\u00f1os e corredoiras en bo estado de maneira regular.<\/p>\n<\/blockquote>\n\n\n\n<blockquote class=\"wp-block-quote is-layout-flow wp-block-quote-is-layout-flow\">\n<p>-P\u00f3r en valor o noso inmenso patrimonio material e inmaterial, absolutamente infra explotado. E organizar visitas guiadas para que os visitantes poidan co\u00f1ecer os nosos Canastros, Petos das \u00c1nimas, a Ponte de Verducido&#8230;&#8230;&#8230;&#8230;&#8230;&#8230;<\/p>\n<\/blockquote>\n\n\n\n<p><strong>A situaci\u00f3n aritm\u00e9tica actual da corporaci\u00f3n actual \u00e9: O PP ten 7, 2 o PSOE, 1 Cidad\u00e1ns e 1 BNG. Para que o PP perda a maior\u00eda absoluta ter\u00eda que baixar d\u00faas actas. Nun concello pequeno como este, iso non \u00e9 f\u00e1cil.?<\/strong><\/p>\n\n\n\n<blockquote class=\"wp-block-quote is-layout-flow wp-block-quote-is-layout-flow\">\n<p>Sabemos que non \u00e9 f\u00e1cil, pero percibimos entre os nosos veci\u00f1os que hai pulsi\u00f3n de cambio. O noso logo \u00e9 \u201cXuntos polo cambio\u201d. A xente est\u00e1 cansada dunha forma de goberno que non pensa no ben com\u00fan e n\u00f3s temos a convicci\u00f3n de que este vai ser o ano do cambio.<\/p>\n<\/blockquote>\n\n\n\n<p><strong>No caso de que o PP perda a maior\u00eda absoluta \u00e9 probable que te\u00f1ades que pactar coas outras d\u00faas forzas: o PSOE e o BNG. Como levas iso dos consensos?<\/strong><\/p>\n\n\n\n<blockquote class=\"wp-block-quote is-layout-flow wp-block-quote-is-layout-flow\">\n<p>Eu son un home dialogante e de consensos amplos. Non te\u00f1o ning\u00fan problema por iso, todo o contrario.Se a situaci\u00f3n aritm\u00e9tica resultante das elecci\u00f3n as\u00ed o esixise por suposto que negociaremos para constru\u00edr unha maior\u00eda alternativa e acordar un goberno de progreso. Pero insisto en que n\u00f3s imos a pola maior\u00eda absoluta.<\/p>\n<\/blockquote>\n\n\n\n<p><strong>Para acabar Carlos, que poder\u00eda atopar un veci\u00f1o ou veci\u00f1a de A Lama en ti como alcalde?<\/strong><\/p>\n\n\n\n<blockquote class=\"wp-block-quote is-layout-flow wp-block-quote-is-layout-flow\">\n<p>-Sobre todo xustiza. Se a maior\u00eda da Lama me honra coa s\u00faa confianza a divisi\u00f3n entre veci\u00f1os amigos e veci\u00f1os non amigos acabouse para sempre. Todo o mundo vai ser tratado por igual.<\/p>\n<\/blockquote>\n\n\n\n<blockquote class=\"wp-block-quote is-layout-flow wp-block-quote-is-layout-flow\">\n<p>-Comprom\u00e9tome a facer moito m\u00e1is do que fai o goberno actual, que \u00e9 ir zafando os problemas do d\u00eda a d\u00eda como boamente poden. Comprom\u00e9tome a ter un modelo de pobo con servizos e oportunidades suficientes para facer do noso querido concello un lugar atractivo para vivir. Voume deixar a pel d\u00eda e noite para que a mocidade de A Lama non te\u00f1a que marchar e poida, se as\u00ed o desexa, desenvolver un proxecto vital no noso pobo.<\/p>\n<\/blockquote>\n","protected":false},"excerpt":{"rendered":"<div class=\"mh-excerpt\"><p>Carlos \u00e9 natural de Bora e leva m\u00e1is de 30 anos vivindo na Lama, no lugar de Fontecova. El manifesta sentirse profundamente vinculado ao concello da Lama <a class=\"mh-excerpt-more\" href=\"https:\/\/www.anovapeneira.gal\/index.php\/2023\/04\/11\/carlos-riveiro-candidato-a-alcaldia-de-a-lama\/\" title=\"Carlos Riveiro, candidato \u00e1 alcald\u00eda de A Lama\">[&#8230;]<\/a><\/p>\n<\/div>","protected":false},"author":3,"featured_media":9437,"comment_status":"open","ping_status":"open","sticky":false,"template":"","format":"standard","meta":{"_exactmetrics_skip_tracking":false,"_exactmetrics_sitenote_active":false,"_exactmetrics_sitenote_note":"","_exactmetrics_sitenote_category":0,"footnotes":""},"categories":[269],"tags":[1353],"class_list":{"0":"post-9436","1":"post","2":"type-post","3":"status-publish","4":"format-standard","5":"has-post-thumbnail","7":"category-pontevedra-entrevistas","8":"tag-concello-da-lama"},"yoast_head":"<!-- This site is optimized with the Yoast SEO plugin v27.4 - https:\/\/yoast.com\/product\/yoast-seo-wordpress\/ -->\n<title>Carlos Riveiro, candidato \u00e1 alcald\u00eda de A Lama -<\/title>\n<meta name=\"description\" content=\"Carlos \u00e9 natural de Bora e leva m\u00e1is de 30 anos vivindo na Lama, no lugar de Fontecova. El manifesta sentirse profundamente vinculado ao concello da Lama\" \/>\n<meta name=\"robots\" content=\"index, follow, max-snippet:-1, max-image-preview:large, max-video-preview:-1\" \/>\n<link rel=\"canonical\" href=\"https:\/\/www.anovapeneira.gal\/index.php\/2023\/04\/11\/carlos-riveiro-candidato-a-alcaldia-de-a-lama\/\" \/>\n<meta property=\"og:locale\" content=\"gl_ES\" \/>\n<meta property=\"og:type\" content=\"article\" \/>\n<meta property=\"og:title\" content=\"Carlos Riveiro, candidato \u00e1 alcald\u00eda de A Lama -\" \/>\n<meta property=\"og:description\" content=\"Carlos \u00e9 natural de Bora e leva m\u00e1is de 30 anos vivindo na Lama, no lugar de Fontecova. El manifesta sentirse profundamente vinculado ao concello da Lama\" \/>\n<meta property=\"og:url\" content=\"https:\/\/www.anovapeneira.gal\/index.php\/2023\/04\/11\/carlos-riveiro-candidato-a-alcaldia-de-a-lama\/\" \/>\n<meta property=\"article:publisher\" content=\"https:\/\/www.facebook.com\/anovapeneira\" \/>\n<meta property=\"article:published_time\" content=\"2023-04-11T08:00:40+00:00\" \/>\n<meta property=\"og:image\" content=\"https:\/\/www.anovapeneira.gal\/wp-content\/uploads\/2023\/04\/carlos_rivero.jpg\" \/>\n\t<meta property=\"og:image:width\" content=\"720\" \/>\n\t<meta property=\"og:image:height\" content=\"432\" \/>\n\t<meta property=\"og:image:type\" content=\"image\/jpeg\" \/>\n<meta name=\"author\" content=\"Redacci\u00f3n A Nova Peneira\" \/>\n<meta name=\"twitter:card\" content=\"summary_large_image\" \/>\n<meta name=\"twitter:creator\" content=\"@APeneira\" \/>\n<meta name=\"twitter:site\" content=\"@APeneira\" \/>\n<meta name=\"twitter:label1\" content=\"Escrito por\" \/>\n\t<meta name=\"twitter:data1\" content=\"Redacci\u00f3n A Nova Peneira\" \/>\n\t<meta name=\"twitter:label2\" content=\"Tempo de lectura\" \/>\n\t<meta name=\"twitter:data2\" content=\"8 minutos\" \/>\n<script type=\"application\/ld+json\" class=\"yoast-schema-graph\">{\"@context\":\"https:\\\/\\\/schema.org\",\"@graph\":[{\"@type\":\"Article\",\"@id\":\"https:\\\/\\\/www.anovapeneira.gal\\\/index.php\\\/2023\\\/04\\\/11\\\/carlos-riveiro-candidato-a-alcaldia-de-a-lama\\\/#article\",\"isPartOf\":{\"@id\":\"https:\\\/\\\/www.anovapeneira.gal\\\/index.php\\\/2023\\\/04\\\/11\\\/carlos-riveiro-candidato-a-alcaldia-de-a-lama\\\/\"},\"author\":{\"name\":\"Redacci\u00f3n A Nova Peneira\",\"@id\":\"https:\\\/\\\/www.anovapeneira.gal\\\/#\\\/schema\\\/person\\\/b93e3f8932e3f8da96334607eb6ac6aa\"},\"headline\":\"Carlos Riveiro, candidato \u00e1 alcald\u00eda de A Lama\",\"datePublished\":\"2023-04-11T08:00:40+00:00\",\"mainEntityOfPage\":{\"@id\":\"https:\\\/\\\/www.anovapeneira.gal\\\/index.php\\\/2023\\\/04\\\/11\\\/carlos-riveiro-candidato-a-alcaldia-de-a-lama\\\/\"},\"wordCount\":1442,\"commentCount\":0,\"publisher\":{\"@id\":\"https:\\\/\\\/www.anovapeneira.gal\\\/#organization\"},\"image\":{\"@id\":\"https:\\\/\\\/www.anovapeneira.gal\\\/index.php\\\/2023\\\/04\\\/11\\\/carlos-riveiro-candidato-a-alcaldia-de-a-lama\\\/#primaryimage\"},\"thumbnailUrl\":\"https:\\\/\\\/www.anovapeneira.gal\\\/wp-content\\\/uploads\\\/2023\\\/04\\\/carlos_rivero.jpg\",\"keywords\":[\"Concello da Lama\"],\"articleSection\":[\"Pontevedra\"],\"inLanguage\":\"gl-ES\",\"potentialAction\":[{\"@type\":\"CommentAction\",\"name\":\"Comment\",\"target\":[\"https:\\\/\\\/www.anovapeneira.gal\\\/index.php\\\/2023\\\/04\\\/11\\\/carlos-riveiro-candidato-a-alcaldia-de-a-lama\\\/#respond\"]}]},{\"@type\":\"WebPage\",\"@id\":\"https:\\\/\\\/www.anovapeneira.gal\\\/index.php\\\/2023\\\/04\\\/11\\\/carlos-riveiro-candidato-a-alcaldia-de-a-lama\\\/\",\"url\":\"https:\\\/\\\/www.anovapeneira.gal\\\/index.php\\\/2023\\\/04\\\/11\\\/carlos-riveiro-candidato-a-alcaldia-de-a-lama\\\/\",\"name\":\"Carlos Riveiro, candidato \u00e1 alcald\u00eda de A Lama -\",\"isPartOf\":{\"@id\":\"https:\\\/\\\/www.anovapeneira.gal\\\/#website\"},\"primaryImageOfPage\":{\"@id\":\"https:\\\/\\\/www.anovapeneira.gal\\\/index.php\\\/2023\\\/04\\\/11\\\/carlos-riveiro-candidato-a-alcaldia-de-a-lama\\\/#primaryimage\"},\"image\":{\"@id\":\"https:\\\/\\\/www.anovapeneira.gal\\\/index.php\\\/2023\\\/04\\\/11\\\/carlos-riveiro-candidato-a-alcaldia-de-a-lama\\\/#primaryimage\"},\"thumbnailUrl\":\"https:\\\/\\\/www.anovapeneira.gal\\\/wp-content\\\/uploads\\\/2023\\\/04\\\/carlos_rivero.jpg\",\"datePublished\":\"2023-04-11T08:00:40+00:00\",\"description\":\"Carlos \u00e9 natural de Bora e leva m\u00e1is de 30 anos vivindo na Lama, no lugar de Fontecova. El manifesta sentirse profundamente vinculado ao concello da Lama\",\"breadcrumb\":{\"@id\":\"https:\\\/\\\/www.anovapeneira.gal\\\/index.php\\\/2023\\\/04\\\/11\\\/carlos-riveiro-candidato-a-alcaldia-de-a-lama\\\/#breadcrumb\"},\"inLanguage\":\"gl-ES\",\"potentialAction\":[{\"@type\":\"ReadAction\",\"target\":[\"https:\\\/\\\/www.anovapeneira.gal\\\/index.php\\\/2023\\\/04\\\/11\\\/carlos-riveiro-candidato-a-alcaldia-de-a-lama\\\/\"]}]},{\"@type\":\"ImageObject\",\"inLanguage\":\"gl-ES\",\"@id\":\"https:\\\/\\\/www.anovapeneira.gal\\\/index.php\\\/2023\\\/04\\\/11\\\/carlos-riveiro-candidato-a-alcaldia-de-a-lama\\\/#primaryimage\",\"url\":\"https:\\\/\\\/www.anovapeneira.gal\\\/wp-content\\\/uploads\\\/2023\\\/04\\\/carlos_rivero.jpg\",\"contentUrl\":\"https:\\\/\\\/www.anovapeneira.gal\\\/wp-content\\\/uploads\\\/2023\\\/04\\\/carlos_rivero.jpg\",\"width\":720,\"height\":432,\"caption\":\"Carlos Rivero A Lama\"},{\"@type\":\"BreadcrumbList\",\"@id\":\"https:\\\/\\\/www.anovapeneira.gal\\\/index.php\\\/2023\\\/04\\\/11\\\/carlos-riveiro-candidato-a-alcaldia-de-a-lama\\\/#breadcrumb\",\"itemListElement\":[{\"@type\":\"ListItem\",\"position\":1,\"name\":\"Portada\",\"item\":\"https:\\\/\\\/www.anovapeneira.gal\\\/\"},{\"@type\":\"ListItem\",\"position\":2,\"name\":\"Carlos Riveiro, candidato \u00e1 alcald\u00eda de A Lama\"}]},{\"@type\":\"WebSite\",\"@id\":\"https:\\\/\\\/www.anovapeneira.gal\\\/#website\",\"url\":\"https:\\\/\\\/www.anovapeneira.gal\\\/\",\"name\":\"\",\"description\":\"Xornal galego de informaci\u00f3n xeral Publicaci\u00f3n mensual de novas de Galicia e en especial dos Concellos da sur da provincia de Pontevedra.\",\"publisher\":{\"@id\":\"https:\\\/\\\/www.anovapeneira.gal\\\/#organization\"},\"potentialAction\":[{\"@type\":\"SearchAction\",\"target\":{\"@type\":\"EntryPoint\",\"urlTemplate\":\"https:\\\/\\\/www.anovapeneira.gal\\\/?s={search_term_string}\"},\"query-input\":{\"@type\":\"PropertyValueSpecification\",\"valueRequired\":true,\"valueName\":\"search_term_string\"}}],\"inLanguage\":\"gl-ES\"},{\"@type\":\"Organization\",\"@id\":\"https:\\\/\\\/www.anovapeneira.gal\\\/#organization\",\"name\":\"A Nova Peneira\",\"url\":\"https:\\\/\\\/www.anovapeneira.gal\\\/\",\"logo\":{\"@type\":\"ImageObject\",\"inLanguage\":\"gl-ES\",\"@id\":\"https:\\\/\\\/www.anovapeneira.gal\\\/#\\\/schema\\\/logo\\\/image\\\/\",\"url\":\"http:\\\/\\\/www.anovapeneira.gal\\\/wp-content\\\/uploads\\\/2019\\\/06\\\/logo_a_nova_peneira_portal_web.png\",\"contentUrl\":\"http:\\\/\\\/www.anovapeneira.gal\\\/wp-content\\\/uploads\\\/2019\\\/06\\\/logo_a_nova_peneira_portal_web.png\",\"width\":300,\"height\":100,\"caption\":\"A Nova Peneira\"},\"image\":{\"@id\":\"https:\\\/\\\/www.anovapeneira.gal\\\/#\\\/schema\\\/logo\\\/image\\\/\"},\"sameAs\":[\"https:\\\/\\\/www.facebook.com\\\/anovapeneira\",\"https:\\\/\\\/x.com\\\/APeneira\"]},{\"@type\":\"Person\",\"@id\":\"https:\\\/\\\/www.anovapeneira.gal\\\/#\\\/schema\\\/person\\\/b93e3f8932e3f8da96334607eb6ac6aa\",\"name\":\"Redacci\u00f3n A Nova Peneira\",\"image\":{\"@type\":\"ImageObject\",\"inLanguage\":\"gl-ES\",\"@id\":\"https:\\\/\\\/secure.gravatar.com\\\/avatar\\\/c052a2551a06e23fac63626232eaa90abd78dbcf1700fc46a2b2c89fd27b735f?s=96&d=mm&r=g\",\"url\":\"https:\\\/\\\/secure.gravatar.com\\\/avatar\\\/c052a2551a06e23fac63626232eaa90abd78dbcf1700fc46a2b2c89fd27b735f?s=96&d=mm&r=g\",\"contentUrl\":\"https:\\\/\\\/secure.gravatar.com\\\/avatar\\\/c052a2551a06e23fac63626232eaa90abd78dbcf1700fc46a2b2c89fd27b735f?s=96&d=mm&r=g\",\"caption\":\"Redacci\u00f3n A Nova Peneira\"},\"sameAs\":[\"http:\\\/\\\/www.anovapeneira.gal\\\/\"],\"url\":\"https:\\\/\\\/www.anovapeneira.gal\\\/index.php\\\/author\\\/redactor\\\/\"}]}<\/script>\n<!-- \/ Yoast SEO plugin. -->","yoast_head_json":{"title":"Carlos Riveiro, candidato \u00e1 alcald\u00eda de A Lama -","description":"Carlos \u00e9 natural de Bora e leva m\u00e1is de 30 anos vivindo na Lama, no lugar de Fontecova. El manifesta sentirse profundamente vinculado ao concello da Lama","robots":{"index":"index","follow":"follow","max-snippet":"max-snippet:-1","max-image-preview":"max-image-preview:large","max-video-preview":"max-video-preview:-1"},"canonical":"https:\/\/www.anovapeneira.gal\/index.php\/2023\/04\/11\/carlos-riveiro-candidato-a-alcaldia-de-a-lama\/","og_locale":"gl_ES","og_type":"article","og_title":"Carlos Riveiro, candidato \u00e1 alcald\u00eda de A Lama -","og_description":"Carlos \u00e9 natural de Bora e leva m\u00e1is de 30 anos vivindo na Lama, no lugar de Fontecova. El manifesta sentirse profundamente vinculado ao concello da Lama","og_url":"https:\/\/www.anovapeneira.gal\/index.php\/2023\/04\/11\/carlos-riveiro-candidato-a-alcaldia-de-a-lama\/","article_publisher":"https:\/\/www.facebook.com\/anovapeneira","article_published_time":"2023-04-11T08:00:40+00:00","og_image":[{"width":720,"height":432,"url":"https:\/\/www.anovapeneira.gal\/wp-content\/uploads\/2023\/04\/carlos_rivero.jpg","type":"image\/jpeg"}],"author":"Redacci\u00f3n A Nova Peneira","twitter_card":"summary_large_image","twitter_creator":"@APeneira","twitter_site":"@APeneira","twitter_misc":{"Escrito por":"Redacci\u00f3n A Nova Peneira","Tempo de lectura":"8 minutos"},"schema":{"@context":"https:\/\/schema.org","@graph":[{"@type":"Article","@id":"https:\/\/www.anovapeneira.gal\/index.php\/2023\/04\/11\/carlos-riveiro-candidato-a-alcaldia-de-a-lama\/#article","isPartOf":{"@id":"https:\/\/www.anovapeneira.gal\/index.php\/2023\/04\/11\/carlos-riveiro-candidato-a-alcaldia-de-a-lama\/"},"author":{"name":"Redacci\u00f3n A Nova Peneira","@id":"https:\/\/www.anovapeneira.gal\/#\/schema\/person\/b93e3f8932e3f8da96334607eb6ac6aa"},"headline":"Carlos Riveiro, candidato \u00e1 alcald\u00eda de A Lama","datePublished":"2023-04-11T08:00:40+00:00","mainEntityOfPage":{"@id":"https:\/\/www.anovapeneira.gal\/index.php\/2023\/04\/11\/carlos-riveiro-candidato-a-alcaldia-de-a-lama\/"},"wordCount":1442,"commentCount":0,"publisher":{"@id":"https:\/\/www.anovapeneira.gal\/#organization"},"image":{"@id":"https:\/\/www.anovapeneira.gal\/index.php\/2023\/04\/11\/carlos-riveiro-candidato-a-alcaldia-de-a-lama\/#primaryimage"},"thumbnailUrl":"https:\/\/www.anovapeneira.gal\/wp-content\/uploads\/2023\/04\/carlos_rivero.jpg","keywords":["Concello da Lama"],"articleSection":["Pontevedra"],"inLanguage":"gl-ES","potentialAction":[{"@type":"CommentAction","name":"Comment","target":["https:\/\/www.anovapeneira.gal\/index.php\/2023\/04\/11\/carlos-riveiro-candidato-a-alcaldia-de-a-lama\/#respond"]}]},{"@type":"WebPage","@id":"https:\/\/www.anovapeneira.gal\/index.php\/2023\/04\/11\/carlos-riveiro-candidato-a-alcaldia-de-a-lama\/","url":"https:\/\/www.anovapeneira.gal\/index.php\/2023\/04\/11\/carlos-riveiro-candidato-a-alcaldia-de-a-lama\/","name":"Carlos Riveiro, candidato \u00e1 alcald\u00eda de A Lama -","isPartOf":{"@id":"https:\/\/www.anovapeneira.gal\/#website"},"primaryImageOfPage":{"@id":"https:\/\/www.anovapeneira.gal\/index.php\/2023\/04\/11\/carlos-riveiro-candidato-a-alcaldia-de-a-lama\/#primaryimage"},"image":{"@id":"https:\/\/www.anovapeneira.gal\/index.php\/2023\/04\/11\/carlos-riveiro-candidato-a-alcaldia-de-a-lama\/#primaryimage"},"thumbnailUrl":"https:\/\/www.anovapeneira.gal\/wp-content\/uploads\/2023\/04\/carlos_rivero.jpg","datePublished":"2023-04-11T08:00:40+00:00","description":"Carlos \u00e9 natural de Bora e leva m\u00e1is de 30 anos vivindo na Lama, no lugar de Fontecova. El manifesta sentirse profundamente vinculado ao concello da Lama","breadcrumb":{"@id":"https:\/\/www.anovapeneira.gal\/index.php\/2023\/04\/11\/carlos-riveiro-candidato-a-alcaldia-de-a-lama\/#breadcrumb"},"inLanguage":"gl-ES","potentialAction":[{"@type":"ReadAction","target":["https:\/\/www.anovapeneira.gal\/index.php\/2023\/04\/11\/carlos-riveiro-candidato-a-alcaldia-de-a-lama\/"]}]},{"@type":"ImageObject","inLanguage":"gl-ES","@id":"https:\/\/www.anovapeneira.gal\/index.php\/2023\/04\/11\/carlos-riveiro-candidato-a-alcaldia-de-a-lama\/#primaryimage","url":"https:\/\/www.anovapeneira.gal\/wp-content\/uploads\/2023\/04\/carlos_rivero.jpg","contentUrl":"https:\/\/www.anovapeneira.gal\/wp-content\/uploads\/2023\/04\/carlos_rivero.jpg","width":720,"height":432,"caption":"Carlos Rivero A Lama"},{"@type":"BreadcrumbList","@id":"https:\/\/www.anovapeneira.gal\/index.php\/2023\/04\/11\/carlos-riveiro-candidato-a-alcaldia-de-a-lama\/#breadcrumb","itemListElement":[{"@type":"ListItem","position":1,"name":"Portada","item":"https:\/\/www.anovapeneira.gal\/"},{"@type":"ListItem","position":2,"name":"Carlos Riveiro, candidato \u00e1 alcald\u00eda de A Lama"}]},{"@type":"WebSite","@id":"https:\/\/www.anovapeneira.gal\/#website","url":"https:\/\/www.anovapeneira.gal\/","name":"","description":"Xornal galego de informaci\u00f3n xeral Publicaci\u00f3n mensual de novas de Galicia e en especial dos Concellos da sur da provincia de Pontevedra.","publisher":{"@id":"https:\/\/www.anovapeneira.gal\/#organization"},"potentialAction":[{"@type":"SearchAction","target":{"@type":"EntryPoint","urlTemplate":"https:\/\/www.anovapeneira.gal\/?s={search_term_string}"},"query-input":{"@type":"PropertyValueSpecification","valueRequired":true,"valueName":"search_term_string"}}],"inLanguage":"gl-ES"},{"@type":"Organization","@id":"https:\/\/www.anovapeneira.gal\/#organization","name":"A Nova Peneira","url":"https:\/\/www.anovapeneira.gal\/","logo":{"@type":"ImageObject","inLanguage":"gl-ES","@id":"https:\/\/www.anovapeneira.gal\/#\/schema\/logo\/image\/","url":"http:\/\/www.anovapeneira.gal\/wp-content\/uploads\/2019\/06\/logo_a_nova_peneira_portal_web.png","contentUrl":"http:\/\/www.anovapeneira.gal\/wp-content\/uploads\/2019\/06\/logo_a_nova_peneira_portal_web.png","width":300,"height":100,"caption":"A Nova Peneira"},"image":{"@id":"https:\/\/www.anovapeneira.gal\/#\/schema\/logo\/image\/"},"sameAs":["https:\/\/www.facebook.com\/anovapeneira","https:\/\/x.com\/APeneira"]},{"@type":"Person","@id":"https:\/\/www.anovapeneira.gal\/#\/schema\/person\/b93e3f8932e3f8da96334607eb6ac6aa","name":"Redacci\u00f3n A Nova Peneira","image":{"@type":"ImageObject","inLanguage":"gl-ES","@id":"https:\/\/secure.gravatar.com\/avatar\/c052a2551a06e23fac63626232eaa90abd78dbcf1700fc46a2b2c89fd27b735f?s=96&d=mm&r=g","url":"https:\/\/secure.gravatar.com\/avatar\/c052a2551a06e23fac63626232eaa90abd78dbcf1700fc46a2b2c89fd27b735f?s=96&d=mm&r=g","contentUrl":"https:\/\/secure.gravatar.com\/avatar\/c052a2551a06e23fac63626232eaa90abd78dbcf1700fc46a2b2c89fd27b735f?s=96&d=mm&r=g","caption":"Redacci\u00f3n A Nova Peneira"},"sameAs":["http:\/\/www.anovapeneira.gal\/"],"url":"https:\/\/www.anovapeneira.gal\/index.php\/author\/redactor\/"}]}},"jetpack_featured_media_url":"https:\/\/www.anovapeneira.gal\/wp-content\/uploads\/2023\/04\/carlos_rivero.jpg","_links":{"self":[{"href":"https:\/\/www.anovapeneira.gal\/index.php\/wp-json\/wp\/v2\/posts\/9436","targetHints":{"allow":["GET"]}}],"collection":[{"href":"https:\/\/www.anovapeneira.gal\/index.php\/wp-json\/wp\/v2\/posts"}],"about":[{"href":"https:\/\/www.anovapeneira.gal\/index.php\/wp-json\/wp\/v2\/types\/post"}],"author":[{"embeddable":true,"href":"https:\/\/www.anovapeneira.gal\/index.php\/wp-json\/wp\/v2\/users\/3"}],"replies":[{"embeddable":true,"href":"https:\/\/www.anovapeneira.gal\/index.php\/wp-json\/wp\/v2\/comments?post=9436"}],"version-history":[{"count":1,"href":"https:\/\/www.anovapeneira.gal\/index.php\/wp-json\/wp\/v2\/posts\/9436\/revisions"}],"predecessor-version":[{"id":9438,"href":"https:\/\/www.anovapeneira.gal\/index.php\/wp-json\/wp\/v2\/posts\/9436\/revisions\/9438"}],"wp:featuredmedia":[{"embeddable":true,"href":"https:\/\/www.anovapeneira.gal\/index.php\/wp-json\/wp\/v2\/media\/9437"}],"wp:attachment":[{"href":"https:\/\/www.anovapeneira.gal\/index.php\/wp-json\/wp\/v2\/media?parent=9436"}],"wp:term":[{"taxonomy":"category","embeddable":true,"href":"https:\/\/www.anovapeneira.gal\/index.php\/wp-json\/wp\/v2\/categories?post=9436"},{"taxonomy":"post_tag","embeddable":true,"href":"https:\/\/www.anovapeneira.gal\/index.php\/wp-json\/wp\/v2\/tags?post=9436"}],"curies":[{"name":"wp","href":"https:\/\/api.w.org\/{rel}","templated":true}]}}