{"id":9439,"date":"2023-04-11T12:00:20","date_gmt":"2023-04-11T10:00:20","guid":{"rendered":"https:\/\/www.anovapeneira.gal\/?p=9439"},"modified":"2023-04-10T16:00:17","modified_gmt":"2023-04-10T14:00:17","slug":"gustavo-barcia-candidato-do-bng-a-alcaldia-de-mos","status":"publish","type":"post","link":"https:\/\/www.anovapeneira.gal\/index.php\/2023\/04\/11\/gustavo-barcia-candidato-do-bng-a-alcaldia-de-mos\/","title":{"rendered":"Gustavo Barcia candidato do BNG \u00e1 alcald\u00eda de Mos"},"content":{"rendered":"\n<h2 class=\"wp-block-heading\">\u201c <strong>Estou convencido de que o PP vai perder a maior\u00eda absoluta\u201d<\/strong><\/h2>\n\n\n\n<p><strong>Facemos esta entrevista pouco despois do multitudinario acto da presentaci\u00f3n da t\u00faa candidatura. Como est\u00e1n os \u00e1nimos e as sensaci\u00f3ns neste momento?<\/strong><\/p>\n\n\n\n<blockquote class=\"wp-block-quote is-layout-flow wp-block-quote-is-layout-flow\">\n<p>Estou emocionado e moi agradecido \u00e1 veci\u00f1anza de Mos pola inmensa repercusi\u00f3n, e as enormes expectativas que est\u00e1 a levantar a candidatura do BNG. A presentaci\u00f3n, co auditorio ateigado de xente e a ilusi\u00f3n tan grande que se respiraba no ambiente, \u00e9 un indicio moi significativo do que pode acontecer nas elecci\u00f3ns de maio.<\/p>\n<\/blockquote>\n\n\n\n<p><strong>Pres\u00e9ntanos \u00e1s 7 primeiras persoas que che acompa\u00f1an ?<\/strong><\/p>\n\n\n\n<blockquote class=\"wp-block-quote is-layout-flow wp-block-quote-is-layout-flow\">\n<p>Esta \u00e9 unha candidatura que en li\u00f1as xerais est\u00e1 formada por mulleres e homes cun profundo compromiso emocional co noso concello e cun perfil social moi marcado.<\/p>\n<\/blockquote>\n\n\n\n<blockquote class=\"wp-block-quote is-layout-flow wp-block-quote-is-layout-flow\">\n<p>No n\u00famero 2 vai Sara San Mart\u00edn natural de Pereira que traballa como avogada laboralista e est\u00e1 moi implicada nos movementos sociais e culturais.<\/p>\n<\/blockquote>\n\n\n\n<blockquote class=\"wp-block-quote is-layout-flow wp-block-quote-is-layout-flow\">\n<p>No posto 3 vai Alberto Barreiro, de Louredo, unha persoa moi activa no tecido asociativo da s\u00faa parroquia.<\/p>\n<\/blockquote>\n\n\n\n<blockquote class=\"wp-block-quote is-layout-flow wp-block-quote-is-layout-flow\">\n<p>No n\u00famero 4 Esther R\u00faas , veci\u00f1a de Torroso. Ela \u00e9 aut\u00f3noma , ten un negocio de artesan\u00eda, e \u00e9 unha persoa moi relevante no comercio da nosa localidade.<\/p>\n<\/blockquote>\n\n\n\n<blockquote class=\"wp-block-quote is-layout-flow wp-block-quote-is-layout-flow\">\n<p>No posto 5 temos a Carlos Villar ao que todo o mundo co\u00f1ece por Cao de Mos. El traballa no metal e \u00e9 xestor da sala Rebull\u00f3n, unha das m\u00e1is importantes de todo o pa\u00eds ,e un referente no universo cultural da comarca.<\/p>\n<\/blockquote>\n\n\n\n<blockquote class=\"wp-block-quote is-layout-flow wp-block-quote-is-layout-flow\">\n<p>No n\u00famero 6 est\u00e1 Sara Lorenzo unha rapaza moi nova veci\u00f1a de Cela, graduada en psicolox\u00eda que est\u00e1 a rematar o mestrado.<\/p>\n<\/blockquote>\n\n\n\n<blockquote class=\"wp-block-quote is-layout-flow wp-block-quote-is-layout-flow\">\n<p>No n\u00famero 7 contamos con Paco Garc\u00eda, veci\u00f1o de Mos, que como sabes \u00e9 xornalista, profesor de gaita e tam\u00e9n un home de enorme implicaci\u00f3n coa vida cultural de Mos<\/p>\n<\/blockquote>\n\n\n\n<blockquote class=\"wp-block-quote is-layout-flow wp-block-quote-is-layout-flow\">\n<p>No posto 8 est\u00e1 Ana Bar, unha muller de Tameiga, referente no eido do feminismo.<\/p>\n<\/blockquote>\n\n\n\n<p><strong>Cales son as expectativas realistas coas que vos presentades?<\/strong><\/p>\n\n\n\n<blockquote class=\"wp-block-quote is-layout-flow wp-block-quote-is-layout-flow\">\n<p>Non temos ning\u00fan tipo de l\u00edmite. Sa\u00edmos a ga\u00f1ar as elecci\u00f3ns<\/p>\n<\/blockquote>\n\n\n\n<p><strong>Faime unha valoraci\u00f3n sint\u00e9tica do actual goberno de Mos?<\/strong><\/p>\n\n\n\n<blockquote class=\"wp-block-quote is-layout-flow wp-block-quote-is-layout-flow\">\n<p>O concepto que mellor o define \u00e9: desastre<\/p>\n<\/blockquote>\n\n\n\n<blockquote class=\"wp-block-quote is-layout-flow wp-block-quote-is-layout-flow\">\n<p>-Desastre no que se refire \u00e1 cuesti\u00f3n econ\u00f3mica. O estado da econom\u00eda do concello \u00e9 cr\u00edtico e non ti\u00f1a por que selo. \u00c9o porque o goberno o fai moi mal<\/p>\n<\/blockquote>\n\n\n\n<blockquote class=\"wp-block-quote is-layout-flow wp-block-quote-is-layout-flow\">\n<p>-Desastre na xesti\u00f3n do d\u00eda a d\u00eda. \u00c9 un caos , chapuceira e desorganizada. A modo de exemplo pois podemos citar o carril bicicleta entre Barreiros e Santiagui\u00f1o no que van ter que convivir bicicletas e persoas. E as\u00ed infinidade de cousas&#8230;<\/p>\n<\/blockquote>\n\n\n\n<blockquote class=\"wp-block-quote is-layout-flow wp-block-quote-is-layout-flow\">\n<p>-E a m\u00e1is grave: Desastre no trato coa veci\u00f1anza. Este \u00e9 un goberno cacique e sectario que trata de maneira diferente \u00e1 veci\u00f1anza segundo as identifique como partidarios ou como adversarios. Iso \u00e9 intolerable e tense que acabar dunha vez por todas.<\/p>\n<\/blockquote>\n\n\n\n<p><strong>Ga\u00f1aM\u00f3s anunciou a s\u00faa decisi\u00f3n de non presentarse .Como a valoras?<\/strong><\/p>\n\n\n\n<blockquote class=\"wp-block-quote is-layout-flow wp-block-quote-is-layout-flow\">\n<p>A min non me corresponde opinar sobre as decisi\u00f3ns doutras formaci\u00f3ns pol\u00edticas. O BNG estivo, est\u00e1 ,e estar\u00e1 sempre na defensa dos intereses das clases populares e agardo que as persoas que no seu d\u00eda se sentiran representadas por Ga\u00f1aM\u00f3s saiban e queiran valoralo. Eu quero amosar o meu total respecto pola persoa de Roberto, o actual portavoz de Ga\u00f1aM\u00f3s no concello. Sobre persoas que practican o transfuguismo pol\u00edtico prefiro non opinar.<\/p>\n<\/blockquote>\n\n\n\n<p><strong>Que poder\u00eda encontrar unha veci\u00f1a ou veci\u00f1o de Mos en ti como alcalde?<\/strong><\/p>\n\n\n\n<blockquote class=\"wp-block-quote is-layout-flow wp-block-quote-is-layout-flow\">\n<p>Sobre todo e ante todo a vontade de tratar a todo o mundo por igual. A bipolarizaci\u00f3n da sociedade que practica esta alcaldesa \u00e9 intolerable. E eu comprom\u00e9tome a desterrala da pol\u00edtica local.<\/p>\n<\/blockquote>\n\n\n\n<blockquote class=\"wp-block-quote is-layout-flow wp-block-quote-is-layout-flow\">\n<p>Logo traballo, traballo e traballo. Rigor e seriedade \u00e1 hora de investir os cartos p\u00fablicos para que non se gaste 1\u20ac que non sexa estritamente necesario. Son un home que sabe escoitar e que te\u00f1o capacidade para aprender .E desde logo Gustavo Barcia est\u00e1 namorado de Mos e non vai parar ata que este pobo te\u00f1a un goberno xusto coa vontade de servizo p\u00fablico ao conxunto da sociedade.<\/p>\n<\/blockquote>\n\n\n\n<p><strong>Hai catro anos faltaron moi poucos votos para mandar a alcaldesa para a s\u00faa casa. Desta volta velo factible?.<\/strong><\/p>\n\n\n\n<blockquote class=\"wp-block-quote is-layout-flow wp-block-quote-is-layout-flow\">\n<p>Si, estou convencido de que o PP vai perder a maior\u00eda absoluta. E quixera que cada lectora e cada lector respondera a esta pregunta. Que fixo estes catro anos o goberno de Nidia Ar\u00e9valo que lle faga merecedor de continuar?<\/p>\n<\/blockquote>\n\n\n\n<p><strong>A t\u00faa resposta?<\/strong><\/p>\n\n\n\n<blockquote class=\"wp-block-quote is-layout-flow wp-block-quote-is-layout-flow\">\n<p>\u00c9 terrible: Nada<\/p>\n<\/blockquote>\n","protected":false},"excerpt":{"rendered":"<div class=\"mh-excerpt\"><p>\u201c Estou convencido de que o PP vai perder a maior\u00eda absoluta\u201d <a class=\"mh-excerpt-more\" href=\"https:\/\/www.anovapeneira.gal\/index.php\/2023\/04\/11\/gustavo-barcia-candidato-do-bng-a-alcaldia-de-mos\/\" title=\"Gustavo Barcia candidato do BNG \u00e1 alcald\u00eda de Mos\">[&#8230;]<\/a><\/p>\n<\/div>","protected":false},"author":3,"featured_media":9441,"comment_status":"open","ping_status":"open","sticky":false,"template":"","format":"standard","meta":{"_exactmetrics_skip_tracking":false,"_exactmetrics_sitenote_active":false,"_exactmetrics_sitenote_note":"","_exactmetrics_sitenote_category":0,"footnotes":""},"categories":[265],"tags":[218],"class_list":{"0":"post-9439","1":"post","2":"type-post","3":"status-publish","4":"format-standard","5":"has-post-thumbnail","7":"category-a-lourina-entrevistas","8":"tag-concello-de-mos"},"yoast_head":"<!-- This site is optimized with the Yoast SEO plugin v27.4 - https:\/\/yoast.com\/product\/yoast-seo-wordpress\/ -->\n<title>Gustavo Barcia candidato do BNG \u00e1 alcald\u00eda de Mos -<\/title>\n<meta name=\"description\" content=\"\u201c Estou convencido de que o PP vai perder a maior\u00eda absoluta\u201d\" \/>\n<meta name=\"robots\" content=\"index, follow, max-snippet:-1, max-image-preview:large, max-video-preview:-1\" \/>\n<link rel=\"canonical\" href=\"https:\/\/www.anovapeneira.gal\/index.php\/2023\/04\/11\/gustavo-barcia-candidato-do-bng-a-alcaldia-de-mos\/\" \/>\n<meta property=\"og:locale\" content=\"gl_ES\" \/>\n<meta property=\"og:type\" content=\"article\" \/>\n<meta property=\"og:title\" content=\"Gustavo Barcia candidato do BNG \u00e1 alcald\u00eda de Mos -\" \/>\n<meta property=\"og:description\" content=\"\u201c Estou convencido de que o PP vai perder a maior\u00eda absoluta\u201d\" \/>\n<meta property=\"og:url\" content=\"https:\/\/www.anovapeneira.gal\/index.php\/2023\/04\/11\/gustavo-barcia-candidato-do-bng-a-alcaldia-de-mos\/\" \/>\n<meta property=\"article:publisher\" content=\"https:\/\/www.facebook.com\/anovapeneira\" \/>\n<meta property=\"article:published_time\" content=\"2023-04-11T10:00:20+00:00\" \/>\n<meta property=\"og:image\" content=\"https:\/\/www.anovapeneira.gal\/wp-content\/uploads\/2023\/04\/gustavo-mos.jpg\" \/>\n\t<meta property=\"og:image:width\" content=\"720\" \/>\n\t<meta property=\"og:image:height\" content=\"432\" \/>\n\t<meta property=\"og:image:type\" content=\"image\/jpeg\" \/>\n<meta name=\"author\" content=\"Redacci\u00f3n A Nova Peneira\" \/>\n<meta name=\"twitter:card\" content=\"summary_large_image\" \/>\n<meta name=\"twitter:creator\" content=\"@APeneira\" \/>\n<meta name=\"twitter:site\" content=\"@APeneira\" \/>\n<meta name=\"twitter:label1\" content=\"Escrito por\" \/>\n\t<meta name=\"twitter:data1\" content=\"Redacci\u00f3n A Nova Peneira\" \/>\n\t<meta name=\"twitter:label2\" content=\"Tempo de lectura\" \/>\n\t<meta name=\"twitter:data2\" content=\"4 minutos\" \/>\n<script type=\"application\/ld+json\" class=\"yoast-schema-graph\">{\"@context\":\"https:\\\/\\\/schema.org\",\"@graph\":[{\"@type\":\"Article\",\"@id\":\"https:\\\/\\\/www.anovapeneira.gal\\\/index.php\\\/2023\\\/04\\\/11\\\/gustavo-barcia-candidato-do-bng-a-alcaldia-de-mos\\\/#article\",\"isPartOf\":{\"@id\":\"https:\\\/\\\/www.anovapeneira.gal\\\/index.php\\\/2023\\\/04\\\/11\\\/gustavo-barcia-candidato-do-bng-a-alcaldia-de-mos\\\/\"},\"author\":{\"name\":\"Redacci\u00f3n A Nova Peneira\",\"@id\":\"https:\\\/\\\/www.anovapeneira.gal\\\/#\\\/schema\\\/person\\\/b93e3f8932e3f8da96334607eb6ac6aa\"},\"headline\":\"Gustavo Barcia candidato do BNG \u00e1 alcald\u00eda de Mos\",\"datePublished\":\"2023-04-11T10:00:20+00:00\",\"mainEntityOfPage\":{\"@id\":\"https:\\\/\\\/www.anovapeneira.gal\\\/index.php\\\/2023\\\/04\\\/11\\\/gustavo-barcia-candidato-do-bng-a-alcaldia-de-mos\\\/\"},\"wordCount\":775,\"commentCount\":0,\"publisher\":{\"@id\":\"https:\\\/\\\/www.anovapeneira.gal\\\/#organization\"},\"image\":{\"@id\":\"https:\\\/\\\/www.anovapeneira.gal\\\/index.php\\\/2023\\\/04\\\/11\\\/gustavo-barcia-candidato-do-bng-a-alcaldia-de-mos\\\/#primaryimage\"},\"thumbnailUrl\":\"https:\\\/\\\/www.anovapeneira.gal\\\/wp-content\\\/uploads\\\/2023\\\/04\\\/gustavo-mos.jpg\",\"keywords\":[\"Concello de Mos\"],\"articleSection\":[\"A Louri\u00f1a\"],\"inLanguage\":\"gl-ES\",\"potentialAction\":[{\"@type\":\"CommentAction\",\"name\":\"Comment\",\"target\":[\"https:\\\/\\\/www.anovapeneira.gal\\\/index.php\\\/2023\\\/04\\\/11\\\/gustavo-barcia-candidato-do-bng-a-alcaldia-de-mos\\\/#respond\"]}]},{\"@type\":\"WebPage\",\"@id\":\"https:\\\/\\\/www.anovapeneira.gal\\\/index.php\\\/2023\\\/04\\\/11\\\/gustavo-barcia-candidato-do-bng-a-alcaldia-de-mos\\\/\",\"url\":\"https:\\\/\\\/www.anovapeneira.gal\\\/index.php\\\/2023\\\/04\\\/11\\\/gustavo-barcia-candidato-do-bng-a-alcaldia-de-mos\\\/\",\"name\":\"Gustavo Barcia candidato do BNG \u00e1 alcald\u00eda de Mos -\",\"isPartOf\":{\"@id\":\"https:\\\/\\\/www.anovapeneira.gal\\\/#website\"},\"primaryImageOfPage\":{\"@id\":\"https:\\\/\\\/www.anovapeneira.gal\\\/index.php\\\/2023\\\/04\\\/11\\\/gustavo-barcia-candidato-do-bng-a-alcaldia-de-mos\\\/#primaryimage\"},\"image\":{\"@id\":\"https:\\\/\\\/www.anovapeneira.gal\\\/index.php\\\/2023\\\/04\\\/11\\\/gustavo-barcia-candidato-do-bng-a-alcaldia-de-mos\\\/#primaryimage\"},\"thumbnailUrl\":\"https:\\\/\\\/www.anovapeneira.gal\\\/wp-content\\\/uploads\\\/2023\\\/04\\\/gustavo-mos.jpg\",\"datePublished\":\"2023-04-11T10:00:20+00:00\",\"description\":\"\u201c Estou convencido de que o PP vai perder a maior\u00eda absoluta\u201d\",\"breadcrumb\":{\"@id\":\"https:\\\/\\\/www.anovapeneira.gal\\\/index.php\\\/2023\\\/04\\\/11\\\/gustavo-barcia-candidato-do-bng-a-alcaldia-de-mos\\\/#breadcrumb\"},\"inLanguage\":\"gl-ES\",\"potentialAction\":[{\"@type\":\"ReadAction\",\"target\":[\"https:\\\/\\\/www.anovapeneira.gal\\\/index.php\\\/2023\\\/04\\\/11\\\/gustavo-barcia-candidato-do-bng-a-alcaldia-de-mos\\\/\"]}]},{\"@type\":\"ImageObject\",\"inLanguage\":\"gl-ES\",\"@id\":\"https:\\\/\\\/www.anovapeneira.gal\\\/index.php\\\/2023\\\/04\\\/11\\\/gustavo-barcia-candidato-do-bng-a-alcaldia-de-mos\\\/#primaryimage\",\"url\":\"https:\\\/\\\/www.anovapeneira.gal\\\/wp-content\\\/uploads\\\/2023\\\/04\\\/gustavo-mos.jpg\",\"contentUrl\":\"https:\\\/\\\/www.anovapeneira.gal\\\/wp-content\\\/uploads\\\/2023\\\/04\\\/gustavo-mos.jpg\",\"width\":720,\"height\":432,\"caption\":\"Gustavo BNG Mos\"},{\"@type\":\"BreadcrumbList\",\"@id\":\"https:\\\/\\\/www.anovapeneira.gal\\\/index.php\\\/2023\\\/04\\\/11\\\/gustavo-barcia-candidato-do-bng-a-alcaldia-de-mos\\\/#breadcrumb\",\"itemListElement\":[{\"@type\":\"ListItem\",\"position\":1,\"name\":\"Portada\",\"item\":\"https:\\\/\\\/www.anovapeneira.gal\\\/\"},{\"@type\":\"ListItem\",\"position\":2,\"name\":\"Gustavo Barcia candidato do BNG \u00e1 alcald\u00eda de Mos\"}]},{\"@type\":\"WebSite\",\"@id\":\"https:\\\/\\\/www.anovapeneira.gal\\\/#website\",\"url\":\"https:\\\/\\\/www.anovapeneira.gal\\\/\",\"name\":\"\",\"description\":\"Xornal galego de informaci\u00f3n xeral Publicaci\u00f3n mensual de novas de Galicia e en especial dos Concellos da sur da provincia de Pontevedra.\",\"publisher\":{\"@id\":\"https:\\\/\\\/www.anovapeneira.gal\\\/#organization\"},\"potentialAction\":[{\"@type\":\"SearchAction\",\"target\":{\"@type\":\"EntryPoint\",\"urlTemplate\":\"https:\\\/\\\/www.anovapeneira.gal\\\/?s={search_term_string}\"},\"query-input\":{\"@type\":\"PropertyValueSpecification\",\"valueRequired\":true,\"valueName\":\"search_term_string\"}}],\"inLanguage\":\"gl-ES\"},{\"@type\":\"Organization\",\"@id\":\"https:\\\/\\\/www.anovapeneira.gal\\\/#organization\",\"name\":\"A Nova Peneira\",\"url\":\"https:\\\/\\\/www.anovapeneira.gal\\\/\",\"logo\":{\"@type\":\"ImageObject\",\"inLanguage\":\"gl-ES\",\"@id\":\"https:\\\/\\\/www.anovapeneira.gal\\\/#\\\/schema\\\/logo\\\/image\\\/\",\"url\":\"http:\\\/\\\/www.anovapeneira.gal\\\/wp-content\\\/uploads\\\/2019\\\/06\\\/logo_a_nova_peneira_portal_web.png\",\"contentUrl\":\"http:\\\/\\\/www.anovapeneira.gal\\\/wp-content\\\/uploads\\\/2019\\\/06\\\/logo_a_nova_peneira_portal_web.png\",\"width\":300,\"height\":100,\"caption\":\"A Nova Peneira\"},\"image\":{\"@id\":\"https:\\\/\\\/www.anovapeneira.gal\\\/#\\\/schema\\\/logo\\\/image\\\/\"},\"sameAs\":[\"https:\\\/\\\/www.facebook.com\\\/anovapeneira\",\"https:\\\/\\\/x.com\\\/APeneira\"]},{\"@type\":\"Person\",\"@id\":\"https:\\\/\\\/www.anovapeneira.gal\\\/#\\\/schema\\\/person\\\/b93e3f8932e3f8da96334607eb6ac6aa\",\"name\":\"Redacci\u00f3n A Nova Peneira\",\"image\":{\"@type\":\"ImageObject\",\"inLanguage\":\"gl-ES\",\"@id\":\"https:\\\/\\\/secure.gravatar.com\\\/avatar\\\/c052a2551a06e23fac63626232eaa90abd78dbcf1700fc46a2b2c89fd27b735f?s=96&d=mm&r=g\",\"url\":\"https:\\\/\\\/secure.gravatar.com\\\/avatar\\\/c052a2551a06e23fac63626232eaa90abd78dbcf1700fc46a2b2c89fd27b735f?s=96&d=mm&r=g\",\"contentUrl\":\"https:\\\/\\\/secure.gravatar.com\\\/avatar\\\/c052a2551a06e23fac63626232eaa90abd78dbcf1700fc46a2b2c89fd27b735f?s=96&d=mm&r=g\",\"caption\":\"Redacci\u00f3n A Nova Peneira\"},\"sameAs\":[\"http:\\\/\\\/www.anovapeneira.gal\\\/\"],\"url\":\"https:\\\/\\\/www.anovapeneira.gal\\\/index.php\\\/author\\\/redactor\\\/\"}]}<\/script>\n<!-- \/ Yoast SEO plugin. -->","yoast_head_json":{"title":"Gustavo Barcia candidato do BNG \u00e1 alcald\u00eda de Mos -","description":"\u201c Estou convencido de que o PP vai perder a maior\u00eda absoluta\u201d","robots":{"index":"index","follow":"follow","max-snippet":"max-snippet:-1","max-image-preview":"max-image-preview:large","max-video-preview":"max-video-preview:-1"},"canonical":"https:\/\/www.anovapeneira.gal\/index.php\/2023\/04\/11\/gustavo-barcia-candidato-do-bng-a-alcaldia-de-mos\/","og_locale":"gl_ES","og_type":"article","og_title":"Gustavo Barcia candidato do BNG \u00e1 alcald\u00eda de Mos -","og_description":"\u201c Estou convencido de que o PP vai perder a maior\u00eda absoluta\u201d","og_url":"https:\/\/www.anovapeneira.gal\/index.php\/2023\/04\/11\/gustavo-barcia-candidato-do-bng-a-alcaldia-de-mos\/","article_publisher":"https:\/\/www.facebook.com\/anovapeneira","article_published_time":"2023-04-11T10:00:20+00:00","og_image":[{"width":720,"height":432,"url":"https:\/\/www.anovapeneira.gal\/wp-content\/uploads\/2023\/04\/gustavo-mos.jpg","type":"image\/jpeg"}],"author":"Redacci\u00f3n A Nova Peneira","twitter_card":"summary_large_image","twitter_creator":"@APeneira","twitter_site":"@APeneira","twitter_misc":{"Escrito por":"Redacci\u00f3n A Nova Peneira","Tempo de lectura":"4 minutos"},"schema":{"@context":"https:\/\/schema.org","@graph":[{"@type":"Article","@id":"https:\/\/www.anovapeneira.gal\/index.php\/2023\/04\/11\/gustavo-barcia-candidato-do-bng-a-alcaldia-de-mos\/#article","isPartOf":{"@id":"https:\/\/www.anovapeneira.gal\/index.php\/2023\/04\/11\/gustavo-barcia-candidato-do-bng-a-alcaldia-de-mos\/"},"author":{"name":"Redacci\u00f3n A Nova Peneira","@id":"https:\/\/www.anovapeneira.gal\/#\/schema\/person\/b93e3f8932e3f8da96334607eb6ac6aa"},"headline":"Gustavo Barcia candidato do BNG \u00e1 alcald\u00eda de Mos","datePublished":"2023-04-11T10:00:20+00:00","mainEntityOfPage":{"@id":"https:\/\/www.anovapeneira.gal\/index.php\/2023\/04\/11\/gustavo-barcia-candidato-do-bng-a-alcaldia-de-mos\/"},"wordCount":775,"commentCount":0,"publisher":{"@id":"https:\/\/www.anovapeneira.gal\/#organization"},"image":{"@id":"https:\/\/www.anovapeneira.gal\/index.php\/2023\/04\/11\/gustavo-barcia-candidato-do-bng-a-alcaldia-de-mos\/#primaryimage"},"thumbnailUrl":"https:\/\/www.anovapeneira.gal\/wp-content\/uploads\/2023\/04\/gustavo-mos.jpg","keywords":["Concello de Mos"],"articleSection":["A Louri\u00f1a"],"inLanguage":"gl-ES","potentialAction":[{"@type":"CommentAction","name":"Comment","target":["https:\/\/www.anovapeneira.gal\/index.php\/2023\/04\/11\/gustavo-barcia-candidato-do-bng-a-alcaldia-de-mos\/#respond"]}]},{"@type":"WebPage","@id":"https:\/\/www.anovapeneira.gal\/index.php\/2023\/04\/11\/gustavo-barcia-candidato-do-bng-a-alcaldia-de-mos\/","url":"https:\/\/www.anovapeneira.gal\/index.php\/2023\/04\/11\/gustavo-barcia-candidato-do-bng-a-alcaldia-de-mos\/","name":"Gustavo Barcia candidato do BNG \u00e1 alcald\u00eda de Mos -","isPartOf":{"@id":"https:\/\/www.anovapeneira.gal\/#website"},"primaryImageOfPage":{"@id":"https:\/\/www.anovapeneira.gal\/index.php\/2023\/04\/11\/gustavo-barcia-candidato-do-bng-a-alcaldia-de-mos\/#primaryimage"},"image":{"@id":"https:\/\/www.anovapeneira.gal\/index.php\/2023\/04\/11\/gustavo-barcia-candidato-do-bng-a-alcaldia-de-mos\/#primaryimage"},"thumbnailUrl":"https:\/\/www.anovapeneira.gal\/wp-content\/uploads\/2023\/04\/gustavo-mos.jpg","datePublished":"2023-04-11T10:00:20+00:00","description":"\u201c Estou convencido de que o PP vai perder a maior\u00eda absoluta\u201d","breadcrumb":{"@id":"https:\/\/www.anovapeneira.gal\/index.php\/2023\/04\/11\/gustavo-barcia-candidato-do-bng-a-alcaldia-de-mos\/#breadcrumb"},"inLanguage":"gl-ES","potentialAction":[{"@type":"ReadAction","target":["https:\/\/www.anovapeneira.gal\/index.php\/2023\/04\/11\/gustavo-barcia-candidato-do-bng-a-alcaldia-de-mos\/"]}]},{"@type":"ImageObject","inLanguage":"gl-ES","@id":"https:\/\/www.anovapeneira.gal\/index.php\/2023\/04\/11\/gustavo-barcia-candidato-do-bng-a-alcaldia-de-mos\/#primaryimage","url":"https:\/\/www.anovapeneira.gal\/wp-content\/uploads\/2023\/04\/gustavo-mos.jpg","contentUrl":"https:\/\/www.anovapeneira.gal\/wp-content\/uploads\/2023\/04\/gustavo-mos.jpg","width":720,"height":432,"caption":"Gustavo BNG Mos"},{"@type":"BreadcrumbList","@id":"https:\/\/www.anovapeneira.gal\/index.php\/2023\/04\/11\/gustavo-barcia-candidato-do-bng-a-alcaldia-de-mos\/#breadcrumb","itemListElement":[{"@type":"ListItem","position":1,"name":"Portada","item":"https:\/\/www.anovapeneira.gal\/"},{"@type":"ListItem","position":2,"name":"Gustavo Barcia candidato do BNG \u00e1 alcald\u00eda de Mos"}]},{"@type":"WebSite","@id":"https:\/\/www.anovapeneira.gal\/#website","url":"https:\/\/www.anovapeneira.gal\/","name":"","description":"Xornal galego de informaci\u00f3n xeral Publicaci\u00f3n mensual de novas de Galicia e en especial dos Concellos da sur da provincia de Pontevedra.","publisher":{"@id":"https:\/\/www.anovapeneira.gal\/#organization"},"potentialAction":[{"@type":"SearchAction","target":{"@type":"EntryPoint","urlTemplate":"https:\/\/www.anovapeneira.gal\/?s={search_term_string}"},"query-input":{"@type":"PropertyValueSpecification","valueRequired":true,"valueName":"search_term_string"}}],"inLanguage":"gl-ES"},{"@type":"Organization","@id":"https:\/\/www.anovapeneira.gal\/#organization","name":"A Nova Peneira","url":"https:\/\/www.anovapeneira.gal\/","logo":{"@type":"ImageObject","inLanguage":"gl-ES","@id":"https:\/\/www.anovapeneira.gal\/#\/schema\/logo\/image\/","url":"http:\/\/www.anovapeneira.gal\/wp-content\/uploads\/2019\/06\/logo_a_nova_peneira_portal_web.png","contentUrl":"http:\/\/www.anovapeneira.gal\/wp-content\/uploads\/2019\/06\/logo_a_nova_peneira_portal_web.png","width":300,"height":100,"caption":"A Nova Peneira"},"image":{"@id":"https:\/\/www.anovapeneira.gal\/#\/schema\/logo\/image\/"},"sameAs":["https:\/\/www.facebook.com\/anovapeneira","https:\/\/x.com\/APeneira"]},{"@type":"Person","@id":"https:\/\/www.anovapeneira.gal\/#\/schema\/person\/b93e3f8932e3f8da96334607eb6ac6aa","name":"Redacci\u00f3n A Nova Peneira","image":{"@type":"ImageObject","inLanguage":"gl-ES","@id":"https:\/\/secure.gravatar.com\/avatar\/c052a2551a06e23fac63626232eaa90abd78dbcf1700fc46a2b2c89fd27b735f?s=96&d=mm&r=g","url":"https:\/\/secure.gravatar.com\/avatar\/c052a2551a06e23fac63626232eaa90abd78dbcf1700fc46a2b2c89fd27b735f?s=96&d=mm&r=g","contentUrl":"https:\/\/secure.gravatar.com\/avatar\/c052a2551a06e23fac63626232eaa90abd78dbcf1700fc46a2b2c89fd27b735f?s=96&d=mm&r=g","caption":"Redacci\u00f3n A Nova Peneira"},"sameAs":["http:\/\/www.anovapeneira.gal\/"],"url":"https:\/\/www.anovapeneira.gal\/index.php\/author\/redactor\/"}]}},"jetpack_featured_media_url":"https:\/\/www.anovapeneira.gal\/wp-content\/uploads\/2023\/04\/gustavo-mos.jpg","_links":{"self":[{"href":"https:\/\/www.anovapeneira.gal\/index.php\/wp-json\/wp\/v2\/posts\/9439","targetHints":{"allow":["GET"]}}],"collection":[{"href":"https:\/\/www.anovapeneira.gal\/index.php\/wp-json\/wp\/v2\/posts"}],"about":[{"href":"https:\/\/www.anovapeneira.gal\/index.php\/wp-json\/wp\/v2\/types\/post"}],"author":[{"embeddable":true,"href":"https:\/\/www.anovapeneira.gal\/index.php\/wp-json\/wp\/v2\/users\/3"}],"replies":[{"embeddable":true,"href":"https:\/\/www.anovapeneira.gal\/index.php\/wp-json\/wp\/v2\/comments?post=9439"}],"version-history":[{"count":1,"href":"https:\/\/www.anovapeneira.gal\/index.php\/wp-json\/wp\/v2\/posts\/9439\/revisions"}],"predecessor-version":[{"id":9440,"href":"https:\/\/www.anovapeneira.gal\/index.php\/wp-json\/wp\/v2\/posts\/9439\/revisions\/9440"}],"wp:featuredmedia":[{"embeddable":true,"href":"https:\/\/www.anovapeneira.gal\/index.php\/wp-json\/wp\/v2\/media\/9441"}],"wp:attachment":[{"href":"https:\/\/www.anovapeneira.gal\/index.php\/wp-json\/wp\/v2\/media?parent=9439"}],"wp:term":[{"taxonomy":"category","embeddable":true,"href":"https:\/\/www.anovapeneira.gal\/index.php\/wp-json\/wp\/v2\/categories?post=9439"},{"taxonomy":"post_tag","embeddable":true,"href":"https:\/\/www.anovapeneira.gal\/index.php\/wp-json\/wp\/v2\/tags?post=9439"}],"curies":[{"name":"wp","href":"https:\/\/api.w.org\/{rel}","templated":true}]}}