{"id":9442,"date":"2023-04-12T10:00:57","date_gmt":"2023-04-12T08:00:57","guid":{"rendered":"https:\/\/www.anovapeneira.gal\/?p=9442"},"modified":"2023-04-10T16:00:29","modified_gmt":"2023-04-10T14:00:29","slug":"juan-manuel-alfaya-ocampo-e-luis-cernuda","status":"publish","type":"post","link":"https:\/\/www.anovapeneira.gal\/index.php\/2023\/04\/12\/juan-manuel-alfaya-ocampo-e-luis-cernuda\/","title":{"rendered":"Juan Manuel Alfaya Ocampo e Luis Cernuda"},"content":{"rendered":"\n<p><strong>Conversar co maxistrado xubilado , fillo e veci\u00f1o de Redondela, Juan Manuel Alfaya \u00e9 como ler a Luis Cernuda. A grande obra deste magn\u00edfico poeta sevillano \u00e9 \u201c La realidade y el deseo\u201d. Ali vemos como Cernuda, dunha maneira sinxela, accesible e elegante vaise achegando aos poucos a un profundo compromiso social cos que peor o pasan no contexto hist\u00f3rico tan dif\u00edcil que lle tocou vivir. A medida que avanzaba a mi\u00f1a conversa con Juan Manuel a analox\u00eda coa poes\u00eda de Cernuda \u00eda conquistando a mi\u00f1a percepci\u00f3n do meu interlocutor. A nosa cita ti\u00f1a por obxecto falarmos do desexo infantil, plasmado na exposici\u00f3n de xoguetes que , como seguro sabedes, el organizou en Redondela nestas pasadas semanas. Pero Juan Manuel, como Cernuda, dunha maneira sinxela , accesible e elegante \u00eda facendo que nos mergullaramos na an\u00e1lise da realidade que nos tocou vivir .E f\u00edxoo como o fan as persoas dignas : comprometido cos sus semellantes. F\u00edxoo como Cernuda cando escrib\u00eda os seus inmortais versos:<\/strong><\/p>\n\n\n\n<h2 class=\"wp-block-heading\">\u201c<strong>La realidad, si, la realidad<\/strong> <strong>un sello de clausura sobre todas las puertas del deseo\u201d<\/strong><\/h2>\n\n\n\n<h2 class=\"wp-block-heading\">\u201c <strong>A constituci\u00f3n espa\u00f1ola ten importantes carencias democr\u00e1ticas\u201d<\/strong><\/h2>\n\n\n\n<p><strong>A constituci\u00f3n espa\u00f1ola \u00e9 perfecta?<\/strong><\/p>\n\n\n\n<blockquote class=\"wp-block-quote is-layout-flow wp-block-quote-is-layout-flow\">\n<p>A constituci\u00f3n est\u00e1 sendo utilizada de maneira interesada en funci\u00f3n de intereses pol\u00edticos. Tan \u201cconstitucionalista\u201d pode ser quen defende o texto tal como est\u00e1, como o que defende que debe de ser modificado. Tratar aos que non concordan coa constituci\u00f3n como \u201c anti sistema\u201d \u201c perro flautas\u201d&#8230;.ou de calquera outra maneira pexorativa non deixa de ser populismo e unha forma de manipulaci\u00f3n pol\u00edtica.<\/p>\n<\/blockquote>\n\n\n\n<blockquote class=\"wp-block-quote is-layout-flow wp-block-quote-is-layout-flow\">\n<p>De feito a propia constituci\u00f3n recolle a posibilidade de que sexa modificada. E incluso che direi que a mi\u00f1a opini\u00f3n \u00e9 que a constituci\u00f3n espa\u00f1ola debe de ser modificada.<\/p>\n<\/blockquote>\n\n\n\n<p><strong>Por que?<\/strong><\/p>\n\n\n\n<blockquote class=\"wp-block-quote is-layout-flow wp-block-quote-is-layout-flow\">\n<p>Polos seguintes motivos:<\/p>\n<\/blockquote>\n\n\n\n<blockquote class=\"wp-block-quote is-layout-flow wp-block-quote-is-layout-flow\">\n<p>-A constituci\u00f3n espa\u00f1ola \u00e9 produto dun contexto moi complicado resultante do paso da ditadura \u00e1 democracia.<\/p>\n<\/blockquote>\n\n\n\n<blockquote class=\"wp-block-quote is-layout-flow wp-block-quote-is-layout-flow\">\n<p>-Ese contexto imped\u00eda dar un salto definitivo porque exist\u00eda ru\u00eddo de sables.<\/p>\n<\/blockquote>\n\n\n\n<blockquote class=\"wp-block-quote is-layout-flow wp-block-quote-is-layout-flow\">\n<p>-Unha vez consolidada a normalidade democr\u00e1tica \u00e9 necesario establecer unha constituci\u00f3n como ten que ser.<\/p>\n<\/blockquote>\n\n\n\n<blockquote class=\"wp-block-quote is-layout-flow wp-block-quote-is-layout-flow\">\n<p>-A constituci\u00f3n ten 45 anos e tendo en conta que naquel momento s\u00f3 pod\u00edan votala os maiores de 21 anos resulta que s\u00f3 as persoas que agora te\u00f1en m\u00e1is de 66 votaron ese texto. \u00c9 dicir, a inmensa maior\u00eda de espa\u00f1ois non puideron opinar sobre un texto que, insisto, naceu nun contexto moi diferente ao actual.<\/p>\n<\/blockquote>\n\n\n\n<blockquote class=\"wp-block-quote is-layout-flow wp-block-quote-is-layout-flow\">\n<p>-Ten carencias democr\u00e1ticas importantes como por exemplo nun estado que se di aconfesional non se pode mencionar explicitamente no seu texto constitucional \u00e1 Igrexa Cat\u00f3lica. Iso sup\u00f3n darlle a esa confesi\u00f3n en concreto unha preferencia que non pode ter.<\/p>\n<\/blockquote>\n\n\n\n<p><strong>En realidade houbo transici\u00f3n?<\/strong><\/p>\n\n\n\n<blockquote class=\"wp-block-quote is-layout-flow wp-block-quote-is-layout-flow\">\n<p>O que non houbo foi ruptura. Transici\u00f3n si, que \u00e9 unha cousa intermedia. Pero naquel momento eu creo que non se pod\u00eda facer outra cousa, pois nese contexto hist\u00f3rico o intento de facer algo m\u00e1is, probablemente tivera desencadeado outra guerra creo eu.<\/p>\n<\/blockquote>\n\n\n\n<p><strong>E a forma de meternos ao rei no medio do texto, como o meteron?<\/strong><\/p>\n\n\n\n<blockquote class=\"wp-block-quote is-layout-flow wp-block-quote-is-layout-flow\">\n<p>Como che dixen antes \u00e9 tan constitucionalista quen defende o texto tal como est\u00e1, como quen defende que se modifique para que chegue a Rep\u00fablica.<\/p>\n<\/blockquote>\n\n\n\n<p><strong>Sobre a inmunidade do Rei que opinas?<\/strong><\/p>\n\n\n\n<blockquote class=\"wp-block-quote is-layout-flow wp-block-quote-is-layout-flow\">\n<p>\u00c9 un defecto grave do texto constitucional. O xefe do estado non pode estar por riba da lei e se comete alg\u00fan tipo de comportamento delituoso ten que someterse ao c\u00f3digo penal como calquera outro cidad\u00e1n.<\/p>\n<\/blockquote>\n\n\n\n<p><strong>Quen era a autoridade militar suprema que, no golpe de estado do 23 F ,anunciou Tejero que se estaba a esperar?<\/strong><\/p>\n\n\n\n<blockquote class=\"wp-block-quote is-layout-flow wp-block-quote-is-layout-flow\">\n<p>Desde logo que haber\u00eda que sabelo, co\u00f1ecelo e dicilo.<\/p>\n<\/blockquote>\n\n\n\n<p><strong>Sobre o populismo e a manipulaci\u00f3n pol\u00edtica que antes refer\u00edas, como se debe de combater ao teu xu\u00edzo?<\/strong><\/p>\n\n\n\n<blockquote class=\"wp-block-quote is-layout-flow wp-block-quote-is-layout-flow\">\n<p>Primeiramente na escola. E cando somos adultos ensin\u00e1ndonos a importancia dos dereitos humanos, principios, valores e da xustiza social.<\/p>\n<\/blockquote>\n\n\n\n<p><strong>E sobre a funci\u00f3n dos medios de comunicaci\u00f3n?<\/strong><\/p>\n\n\n\n<blockquote class=\"wp-block-quote is-layout-flow wp-block-quote-is-layout-flow\">\n<p>En gran medida est\u00e1n ao servizo dos intereses do propietario do medio, que \u00e9 quen manda. E a liberdade de comunicaci\u00f3n para os medios de comunicaci\u00f3n existe e est\u00e1 reco\u00f1ecida pola constituci\u00f3n, pero a informaci\u00f3n ten que ser veraz. A informaci\u00f3n veraz non \u00e9 compatible coa manipulaci\u00f3n, e se a informaci\u00f3n que se transmite non \u00e9 veraz e \u00edntegra, o que a transmite est\u00e1 a enganar a quen a recibe.<\/p>\n<\/blockquote>\n\n\n\n<p><strong>A este respecto, co\u00f1ecer a honestidade ou a falta dela, do medio, tam\u00e9n \u00e9 relevante a forma e o sitio no que se presentan as novas<\/strong><\/p>\n\n\n\n<blockquote class=\"wp-block-quote is-layout-flow wp-block-quote-is-layout-flow\">\n<p>Si, abof\u00e9 que \u00e9 as\u00ed. Recordo o caso dun ex presidente do goberno que tivo problemas serios con facenda e que cando se co\u00f1eceu ese asunto, un importante peri\u00f3dico levou \u00e1 s\u00faa portada :\u201d El Madrid pasa a semifinais\u201d<\/p>\n<\/blockquote>\n\n\n\n<blockquote class=\"wp-block-quote is-layout-flow wp-block-quote-is-layout-flow\">\n<p>Outro exemplo : cando o anterior xefe de estado veu recentemente a Sanxenxo algu\u00e9n lle preguntou se ti\u00f1a pensado dar explicaci\u00f3ns el contestou \u201c Explicaci\u00f3ns de que \u201c pero engadiu \u201c ha ha ha ha\u201d e iso \u00faltimo desapareceu de case todos os medios de comunicaci\u00f3n. A manipulaci\u00f3n informativa \u00e9 moi grave.<\/p>\n<\/blockquote>\n\n\n\n<p><strong>Cal \u00e9 a t\u00faa opini\u00f3n sobre a nova lei de segredos oficiais?<\/strong><\/p>\n\n\n\n<blockquote class=\"wp-block-quote is-layout-flow wp-block-quote-is-layout-flow\">\n<p>Non a co\u00f1ezo dabondo para para poder opinar con rigor. O que si te\u00f1o claro \u00e9 que os sumidoiros non poden existir e que calquera que delinque non pode ser ocultado.<\/p>\n<\/blockquote>\n\n\n\n<p><strong>Esta conversa ti\u00f1a por obxecto falarmos da t\u00faa exposici\u00f3n de xoguetes pero imos ter que facer unha segunda parte porque \u00e9 tan interesante conversar contigo que o \u00e9 \u00eda ser un breve limiar case vai acabar sendo o corpo central da entrevista<\/strong><\/p>\n\n\n\n<blockquote class=\"wp-block-quote is-layout-flow wp-block-quote-is-layout-flow\">\n<p>Ha ha ha ha. Moitas grazas<\/p>\n<\/blockquote>\n\n\n\n<p><strong>Falemos brevemente dos xoguetes<\/strong><\/p>\n\n\n\n<blockquote class=\"wp-block-quote is-layout-flow wp-block-quote-is-layout-flow\">\n<p>Ben, pois levo coleccionando xoguetes m\u00e1is de 20 anos. Cada xoguete ten unha historia detr\u00e1s e o xoguete reflicte \u00e1 sociedade. E en grande medida en moitas ocasi\u00f3ns a tipolox\u00eda dos xoguetes \u00e9 un espello do sistema de dominaci\u00f3n do home sobre a muller.<\/p>\n<\/blockquote>\n\n\n\n<p><strong>Por exemplo?<\/strong><\/p>\n\n\n\n<blockquote class=\"wp-block-quote is-layout-flow wp-block-quote-is-layout-flow\">\n<p>Pois recordo un xoguete nos que un home \u00e9 o cient\u00edfico e a muller mira para o home que fai ciencia. Logo est\u00e1n os xoguetes que reflicten estereotipos de sexo, as\u00ed por exemplo as bailarinas son todas nenas, non hai nenos bailar\u00edns. E as\u00ed infinidade de cousas<\/p>\n<\/blockquote>\n\n\n\n<p><strong>Cantas pezas podes ter?<\/strong><\/p>\n\n\n\n<blockquote class=\"wp-block-quote is-layout-flow wp-block-quote-is-layout-flow\">\n<p>Arredor de 600<\/p>\n<\/blockquote>\n\n\n\n<p><strong>Que \u00e9 o que m\u00e1is che gusta do xoguete?<\/strong><\/p>\n\n\n\n<blockquote class=\"wp-block-quote is-layout-flow wp-block-quote-is-layout-flow\">\n<p>Os m\u00e1is bonitos, ao meu xu\u00edzo, son os que mellor imitan \u00e1 realidade. O mundo do xoguete \u00e9 universal<\/p>\n<\/blockquote>\n\n\n\n<p><strong>Hai alg\u00fan ao que lle te\u00f1as especial cari\u00f1o?<\/strong><\/p>\n\n\n\n<blockquote class=\"wp-block-quote is-layout-flow wp-block-quote-is-layout-flow\">\n<p>Non, t\u00e9\u00f1ollo a todos e valoro todos por igual.<\/p>\n<\/blockquote>\n\n\n\n<p><strong>Como xurdiu a afecci\u00f3n por coleccionar xoguetes?<\/strong><\/p>\n\n\n\n<blockquote class=\"wp-block-quote is-layout-flow wp-block-quote-is-layout-flow\">\n<p>Cando eu era o neno ti\u00f1a un barco de vapor ao que lle ti\u00f1a moito cari\u00f1o, e perdino. Co paso do tempo vin un semellante, f\u00edxome ilusi\u00f3n e compreino. E al\u00ed comezou todo. Fun comprando m\u00e1is e m\u00e1is xoguetes ata agora.<\/p>\n<\/blockquote>\n\n\n\n<p><strong>Na exposici\u00f3n como foi a reacci\u00f3n do p\u00fablico?<\/strong><\/p>\n\n\n\n<blockquote class=\"wp-block-quote is-layout-flow wp-block-quote-is-layout-flow\">\n<p>A verdade quedei moi contento. Os nenos e as nenas entusiasm\u00e1banse e algunha xente adulta tam\u00e9n. A min coleccionar xoguetes g\u00fastame, amosalos tam\u00e9n, pero quixera darlle un enfoque sociol\u00f3xico e cr\u00edtico.<\/p>\n<\/blockquote>\n","protected":false},"excerpt":{"rendered":"<div class=\"mh-excerpt\"><p>Conversar co maxistrado xubilado , fillo e veci\u00f1o de Redondela, Juan Manuel Alfaya \u00e9 como ler a Luis Cernuda. A grande obra deste magn\u00edfico poeta sevillano \u00e9 \u201c La realidade y el deseo\u201d <a class=\"mh-excerpt-more\" href=\"https:\/\/www.anovapeneira.gal\/index.php\/2023\/04\/12\/juan-manuel-alfaya-ocampo-e-luis-cernuda\/\" title=\"Juan Manuel Alfaya Ocampo e Luis Cernuda\">[&#8230;]<\/a><\/p>\n<\/div>","protected":false},"author":6,"featured_media":9444,"comment_status":"open","ping_status":"open","sticky":false,"template":"","format":"standard","meta":{"_exactmetrics_skip_tracking":false,"_exactmetrics_sitenote_active":false,"_exactmetrics_sitenote_note":"","_exactmetrics_sitenote_category":0,"footnotes":""},"categories":[270],"tags":[171],"class_list":{"0":"post-9442","1":"post","2":"type-post","3":"status-publish","4":"format-standard","5":"has-post-thumbnail","7":"category-redondela-entrevistas","8":"tag-concello-de-redondela"},"yoast_head":"<!-- This site is optimized with the Yoast SEO plugin v27.4 - https:\/\/yoast.com\/product\/yoast-seo-wordpress\/ -->\n<title>Juan Manuel Alfaya Ocampo e Luis Cernuda -<\/title>\n<meta name=\"description\" content=\"Conversar co maxistrado xubilado , fillo e veci\u00f1o de Redondela, Juan Manuel Alfaya \u00e9 como ler a Luis Cernuda. A grande obra deste magn\u00edfico poeta sevillano \u00e9 \u201c La realidade y el deseo\u201d\" \/>\n<meta name=\"robots\" content=\"index, follow, max-snippet:-1, max-image-preview:large, max-video-preview:-1\" \/>\n<link rel=\"canonical\" href=\"https:\/\/www.anovapeneira.gal\/index.php\/2023\/04\/12\/juan-manuel-alfaya-ocampo-e-luis-cernuda\/\" \/>\n<meta property=\"og:locale\" content=\"gl_ES\" \/>\n<meta property=\"og:type\" content=\"article\" \/>\n<meta property=\"og:title\" content=\"Juan Manuel Alfaya Ocampo e Luis Cernuda -\" \/>\n<meta property=\"og:description\" content=\"Conversar co maxistrado xubilado , fillo e veci\u00f1o de Redondela, Juan Manuel Alfaya \u00e9 como ler a Luis Cernuda. A grande obra deste magn\u00edfico poeta sevillano \u00e9 \u201c La realidade y el deseo\u201d\" \/>\n<meta property=\"og:url\" content=\"https:\/\/www.anovapeneira.gal\/index.php\/2023\/04\/12\/juan-manuel-alfaya-ocampo-e-luis-cernuda\/\" \/>\n<meta property=\"article:publisher\" content=\"https:\/\/www.facebook.com\/anovapeneira\" \/>\n<meta property=\"article:published_time\" content=\"2023-04-12T08:00:57+00:00\" \/>\n<meta property=\"og:image\" content=\"https:\/\/www.anovapeneira.gal\/wp-content\/uploads\/2023\/04\/juan_manuel_alfaya.jpg\" \/>\n\t<meta property=\"og:image:width\" content=\"720\" \/>\n\t<meta property=\"og:image:height\" content=\"432\" \/>\n\t<meta property=\"og:image:type\" content=\"image\/jpeg\" \/>\n<meta name=\"author\" content=\"Marcos Santos\" \/>\n<meta name=\"twitter:card\" content=\"summary_large_image\" \/>\n<meta name=\"twitter:creator\" content=\"@APeneira\" \/>\n<meta name=\"twitter:site\" content=\"@APeneira\" \/>\n<meta name=\"twitter:label1\" content=\"Escrito por\" \/>\n\t<meta name=\"twitter:data1\" content=\"Marcos Santos\" \/>\n\t<meta name=\"twitter:label2\" content=\"Tempo de lectura\" \/>\n\t<meta name=\"twitter:data2\" content=\"7 minutos\" \/>\n<script type=\"application\/ld+json\" class=\"yoast-schema-graph\">{\"@context\":\"https:\\\/\\\/schema.org\",\"@graph\":[{\"@type\":\"Article\",\"@id\":\"https:\\\/\\\/www.anovapeneira.gal\\\/index.php\\\/2023\\\/04\\\/12\\\/juan-manuel-alfaya-ocampo-e-luis-cernuda\\\/#article\",\"isPartOf\":{\"@id\":\"https:\\\/\\\/www.anovapeneira.gal\\\/index.php\\\/2023\\\/04\\\/12\\\/juan-manuel-alfaya-ocampo-e-luis-cernuda\\\/\"},\"author\":{\"name\":\"Marcos Santos\",\"@id\":\"https:\\\/\\\/www.anovapeneira.gal\\\/#\\\/schema\\\/person\\\/d9d84823564720e7593293bab054e52d\"},\"headline\":\"Juan Manuel Alfaya Ocampo e Luis Cernuda\",\"datePublished\":\"2023-04-12T08:00:57+00:00\",\"mainEntityOfPage\":{\"@id\":\"https:\\\/\\\/www.anovapeneira.gal\\\/index.php\\\/2023\\\/04\\\/12\\\/juan-manuel-alfaya-ocampo-e-luis-cernuda\\\/\"},\"wordCount\":1229,\"commentCount\":0,\"publisher\":{\"@id\":\"https:\\\/\\\/www.anovapeneira.gal\\\/#organization\"},\"image\":{\"@id\":\"https:\\\/\\\/www.anovapeneira.gal\\\/index.php\\\/2023\\\/04\\\/12\\\/juan-manuel-alfaya-ocampo-e-luis-cernuda\\\/#primaryimage\"},\"thumbnailUrl\":\"https:\\\/\\\/www.anovapeneira.gal\\\/wp-content\\\/uploads\\\/2023\\\/04\\\/juan_manuel_alfaya.jpg\",\"keywords\":[\"Concello de Redondela\"],\"articleSection\":[\"Redondela\"],\"inLanguage\":\"gl-ES\",\"potentialAction\":[{\"@type\":\"CommentAction\",\"name\":\"Comment\",\"target\":[\"https:\\\/\\\/www.anovapeneira.gal\\\/index.php\\\/2023\\\/04\\\/12\\\/juan-manuel-alfaya-ocampo-e-luis-cernuda\\\/#respond\"]}]},{\"@type\":\"WebPage\",\"@id\":\"https:\\\/\\\/www.anovapeneira.gal\\\/index.php\\\/2023\\\/04\\\/12\\\/juan-manuel-alfaya-ocampo-e-luis-cernuda\\\/\",\"url\":\"https:\\\/\\\/www.anovapeneira.gal\\\/index.php\\\/2023\\\/04\\\/12\\\/juan-manuel-alfaya-ocampo-e-luis-cernuda\\\/\",\"name\":\"Juan Manuel Alfaya Ocampo e Luis Cernuda -\",\"isPartOf\":{\"@id\":\"https:\\\/\\\/www.anovapeneira.gal\\\/#website\"},\"primaryImageOfPage\":{\"@id\":\"https:\\\/\\\/www.anovapeneira.gal\\\/index.php\\\/2023\\\/04\\\/12\\\/juan-manuel-alfaya-ocampo-e-luis-cernuda\\\/#primaryimage\"},\"image\":{\"@id\":\"https:\\\/\\\/www.anovapeneira.gal\\\/index.php\\\/2023\\\/04\\\/12\\\/juan-manuel-alfaya-ocampo-e-luis-cernuda\\\/#primaryimage\"},\"thumbnailUrl\":\"https:\\\/\\\/www.anovapeneira.gal\\\/wp-content\\\/uploads\\\/2023\\\/04\\\/juan_manuel_alfaya.jpg\",\"datePublished\":\"2023-04-12T08:00:57+00:00\",\"description\":\"Conversar co maxistrado xubilado , fillo e veci\u00f1o de Redondela, Juan Manuel Alfaya \u00e9 como ler a Luis Cernuda. A grande obra deste magn\u00edfico poeta sevillano \u00e9 \u201c La realidade y el deseo\u201d\",\"breadcrumb\":{\"@id\":\"https:\\\/\\\/www.anovapeneira.gal\\\/index.php\\\/2023\\\/04\\\/12\\\/juan-manuel-alfaya-ocampo-e-luis-cernuda\\\/#breadcrumb\"},\"inLanguage\":\"gl-ES\",\"potentialAction\":[{\"@type\":\"ReadAction\",\"target\":[\"https:\\\/\\\/www.anovapeneira.gal\\\/index.php\\\/2023\\\/04\\\/12\\\/juan-manuel-alfaya-ocampo-e-luis-cernuda\\\/\"]}]},{\"@type\":\"ImageObject\",\"inLanguage\":\"gl-ES\",\"@id\":\"https:\\\/\\\/www.anovapeneira.gal\\\/index.php\\\/2023\\\/04\\\/12\\\/juan-manuel-alfaya-ocampo-e-luis-cernuda\\\/#primaryimage\",\"url\":\"https:\\\/\\\/www.anovapeneira.gal\\\/wp-content\\\/uploads\\\/2023\\\/04\\\/juan_manuel_alfaya.jpg\",\"contentUrl\":\"https:\\\/\\\/www.anovapeneira.gal\\\/wp-content\\\/uploads\\\/2023\\\/04\\\/juan_manuel_alfaya.jpg\",\"width\":720,\"height\":432,\"caption\":\"Juan Manuel Alfaya Ocampo e Luis Cernuda\"},{\"@type\":\"BreadcrumbList\",\"@id\":\"https:\\\/\\\/www.anovapeneira.gal\\\/index.php\\\/2023\\\/04\\\/12\\\/juan-manuel-alfaya-ocampo-e-luis-cernuda\\\/#breadcrumb\",\"itemListElement\":[{\"@type\":\"ListItem\",\"position\":1,\"name\":\"Portada\",\"item\":\"https:\\\/\\\/www.anovapeneira.gal\\\/\"},{\"@type\":\"ListItem\",\"position\":2,\"name\":\"Juan Manuel Alfaya Ocampo e Luis Cernuda\"}]},{\"@type\":\"WebSite\",\"@id\":\"https:\\\/\\\/www.anovapeneira.gal\\\/#website\",\"url\":\"https:\\\/\\\/www.anovapeneira.gal\\\/\",\"name\":\"\",\"description\":\"Xornal galego de informaci\u00f3n xeral Publicaci\u00f3n mensual de novas de Galicia e en especial dos Concellos da sur da provincia de Pontevedra.\",\"publisher\":{\"@id\":\"https:\\\/\\\/www.anovapeneira.gal\\\/#organization\"},\"potentialAction\":[{\"@type\":\"SearchAction\",\"target\":{\"@type\":\"EntryPoint\",\"urlTemplate\":\"https:\\\/\\\/www.anovapeneira.gal\\\/?s={search_term_string}\"},\"query-input\":{\"@type\":\"PropertyValueSpecification\",\"valueRequired\":true,\"valueName\":\"search_term_string\"}}],\"inLanguage\":\"gl-ES\"},{\"@type\":\"Organization\",\"@id\":\"https:\\\/\\\/www.anovapeneira.gal\\\/#organization\",\"name\":\"A Nova Peneira\",\"url\":\"https:\\\/\\\/www.anovapeneira.gal\\\/\",\"logo\":{\"@type\":\"ImageObject\",\"inLanguage\":\"gl-ES\",\"@id\":\"https:\\\/\\\/www.anovapeneira.gal\\\/#\\\/schema\\\/logo\\\/image\\\/\",\"url\":\"http:\\\/\\\/www.anovapeneira.gal\\\/wp-content\\\/uploads\\\/2019\\\/06\\\/logo_a_nova_peneira_portal_web.png\",\"contentUrl\":\"http:\\\/\\\/www.anovapeneira.gal\\\/wp-content\\\/uploads\\\/2019\\\/06\\\/logo_a_nova_peneira_portal_web.png\",\"width\":300,\"height\":100,\"caption\":\"A Nova Peneira\"},\"image\":{\"@id\":\"https:\\\/\\\/www.anovapeneira.gal\\\/#\\\/schema\\\/logo\\\/image\\\/\"},\"sameAs\":[\"https:\\\/\\\/www.facebook.com\\\/anovapeneira\",\"https:\\\/\\\/x.com\\\/APeneira\"]},{\"@type\":\"Person\",\"@id\":\"https:\\\/\\\/www.anovapeneira.gal\\\/#\\\/schema\\\/person\\\/d9d84823564720e7593293bab054e52d\",\"name\":\"Marcos Santos\",\"image\":{\"@type\":\"ImageObject\",\"inLanguage\":\"gl-ES\",\"@id\":\"https:\\\/\\\/secure.gravatar.com\\\/avatar\\\/0e8017099a7a47c0a9d2275e865fe326484561eb3d70649069e4b8e61a8d2e8c?s=96&d=mm&r=g\",\"url\":\"https:\\\/\\\/secure.gravatar.com\\\/avatar\\\/0e8017099a7a47c0a9d2275e865fe326484561eb3d70649069e4b8e61a8d2e8c?s=96&d=mm&r=g\",\"contentUrl\":\"https:\\\/\\\/secure.gravatar.com\\\/avatar\\\/0e8017099a7a47c0a9d2275e865fe326484561eb3d70649069e4b8e61a8d2e8c?s=96&d=mm&r=g\",\"caption\":\"Marcos Santos\"},\"sameAs\":[\"http:\\\/\\\/anovapeneira.gal\"],\"url\":\"https:\\\/\\\/www.anovapeneira.gal\\\/index.php\\\/author\\\/marcos-santos\\\/\"}]}<\/script>\n<!-- \/ Yoast SEO plugin. -->","yoast_head_json":{"title":"Juan Manuel Alfaya Ocampo e Luis Cernuda -","description":"Conversar co maxistrado xubilado , fillo e veci\u00f1o de Redondela, Juan Manuel Alfaya \u00e9 como ler a Luis Cernuda. A grande obra deste magn\u00edfico poeta sevillano \u00e9 \u201c La realidade y el deseo\u201d","robots":{"index":"index","follow":"follow","max-snippet":"max-snippet:-1","max-image-preview":"max-image-preview:large","max-video-preview":"max-video-preview:-1"},"canonical":"https:\/\/www.anovapeneira.gal\/index.php\/2023\/04\/12\/juan-manuel-alfaya-ocampo-e-luis-cernuda\/","og_locale":"gl_ES","og_type":"article","og_title":"Juan Manuel Alfaya Ocampo e Luis Cernuda -","og_description":"Conversar co maxistrado xubilado , fillo e veci\u00f1o de Redondela, Juan Manuel Alfaya \u00e9 como ler a Luis Cernuda. A grande obra deste magn\u00edfico poeta sevillano \u00e9 \u201c La realidade y el deseo\u201d","og_url":"https:\/\/www.anovapeneira.gal\/index.php\/2023\/04\/12\/juan-manuel-alfaya-ocampo-e-luis-cernuda\/","article_publisher":"https:\/\/www.facebook.com\/anovapeneira","article_published_time":"2023-04-12T08:00:57+00:00","og_image":[{"width":720,"height":432,"url":"https:\/\/www.anovapeneira.gal\/wp-content\/uploads\/2023\/04\/juan_manuel_alfaya.jpg","type":"image\/jpeg"}],"author":"Marcos Santos","twitter_card":"summary_large_image","twitter_creator":"@APeneira","twitter_site":"@APeneira","twitter_misc":{"Escrito por":"Marcos Santos","Tempo de lectura":"7 minutos"},"schema":{"@context":"https:\/\/schema.org","@graph":[{"@type":"Article","@id":"https:\/\/www.anovapeneira.gal\/index.php\/2023\/04\/12\/juan-manuel-alfaya-ocampo-e-luis-cernuda\/#article","isPartOf":{"@id":"https:\/\/www.anovapeneira.gal\/index.php\/2023\/04\/12\/juan-manuel-alfaya-ocampo-e-luis-cernuda\/"},"author":{"name":"Marcos Santos","@id":"https:\/\/www.anovapeneira.gal\/#\/schema\/person\/d9d84823564720e7593293bab054e52d"},"headline":"Juan Manuel Alfaya Ocampo e Luis Cernuda","datePublished":"2023-04-12T08:00:57+00:00","mainEntityOfPage":{"@id":"https:\/\/www.anovapeneira.gal\/index.php\/2023\/04\/12\/juan-manuel-alfaya-ocampo-e-luis-cernuda\/"},"wordCount":1229,"commentCount":0,"publisher":{"@id":"https:\/\/www.anovapeneira.gal\/#organization"},"image":{"@id":"https:\/\/www.anovapeneira.gal\/index.php\/2023\/04\/12\/juan-manuel-alfaya-ocampo-e-luis-cernuda\/#primaryimage"},"thumbnailUrl":"https:\/\/www.anovapeneira.gal\/wp-content\/uploads\/2023\/04\/juan_manuel_alfaya.jpg","keywords":["Concello de Redondela"],"articleSection":["Redondela"],"inLanguage":"gl-ES","potentialAction":[{"@type":"CommentAction","name":"Comment","target":["https:\/\/www.anovapeneira.gal\/index.php\/2023\/04\/12\/juan-manuel-alfaya-ocampo-e-luis-cernuda\/#respond"]}]},{"@type":"WebPage","@id":"https:\/\/www.anovapeneira.gal\/index.php\/2023\/04\/12\/juan-manuel-alfaya-ocampo-e-luis-cernuda\/","url":"https:\/\/www.anovapeneira.gal\/index.php\/2023\/04\/12\/juan-manuel-alfaya-ocampo-e-luis-cernuda\/","name":"Juan Manuel Alfaya Ocampo e Luis Cernuda -","isPartOf":{"@id":"https:\/\/www.anovapeneira.gal\/#website"},"primaryImageOfPage":{"@id":"https:\/\/www.anovapeneira.gal\/index.php\/2023\/04\/12\/juan-manuel-alfaya-ocampo-e-luis-cernuda\/#primaryimage"},"image":{"@id":"https:\/\/www.anovapeneira.gal\/index.php\/2023\/04\/12\/juan-manuel-alfaya-ocampo-e-luis-cernuda\/#primaryimage"},"thumbnailUrl":"https:\/\/www.anovapeneira.gal\/wp-content\/uploads\/2023\/04\/juan_manuel_alfaya.jpg","datePublished":"2023-04-12T08:00:57+00:00","description":"Conversar co maxistrado xubilado , fillo e veci\u00f1o de Redondela, Juan Manuel Alfaya \u00e9 como ler a Luis Cernuda. A grande obra deste magn\u00edfico poeta sevillano \u00e9 \u201c La realidade y el deseo\u201d","breadcrumb":{"@id":"https:\/\/www.anovapeneira.gal\/index.php\/2023\/04\/12\/juan-manuel-alfaya-ocampo-e-luis-cernuda\/#breadcrumb"},"inLanguage":"gl-ES","potentialAction":[{"@type":"ReadAction","target":["https:\/\/www.anovapeneira.gal\/index.php\/2023\/04\/12\/juan-manuel-alfaya-ocampo-e-luis-cernuda\/"]}]},{"@type":"ImageObject","inLanguage":"gl-ES","@id":"https:\/\/www.anovapeneira.gal\/index.php\/2023\/04\/12\/juan-manuel-alfaya-ocampo-e-luis-cernuda\/#primaryimage","url":"https:\/\/www.anovapeneira.gal\/wp-content\/uploads\/2023\/04\/juan_manuel_alfaya.jpg","contentUrl":"https:\/\/www.anovapeneira.gal\/wp-content\/uploads\/2023\/04\/juan_manuel_alfaya.jpg","width":720,"height":432,"caption":"Juan Manuel Alfaya Ocampo e Luis Cernuda"},{"@type":"BreadcrumbList","@id":"https:\/\/www.anovapeneira.gal\/index.php\/2023\/04\/12\/juan-manuel-alfaya-ocampo-e-luis-cernuda\/#breadcrumb","itemListElement":[{"@type":"ListItem","position":1,"name":"Portada","item":"https:\/\/www.anovapeneira.gal\/"},{"@type":"ListItem","position":2,"name":"Juan Manuel Alfaya Ocampo e Luis Cernuda"}]},{"@type":"WebSite","@id":"https:\/\/www.anovapeneira.gal\/#website","url":"https:\/\/www.anovapeneira.gal\/","name":"","description":"Xornal galego de informaci\u00f3n xeral Publicaci\u00f3n mensual de novas de Galicia e en especial dos Concellos da sur da provincia de Pontevedra.","publisher":{"@id":"https:\/\/www.anovapeneira.gal\/#organization"},"potentialAction":[{"@type":"SearchAction","target":{"@type":"EntryPoint","urlTemplate":"https:\/\/www.anovapeneira.gal\/?s={search_term_string}"},"query-input":{"@type":"PropertyValueSpecification","valueRequired":true,"valueName":"search_term_string"}}],"inLanguage":"gl-ES"},{"@type":"Organization","@id":"https:\/\/www.anovapeneira.gal\/#organization","name":"A Nova Peneira","url":"https:\/\/www.anovapeneira.gal\/","logo":{"@type":"ImageObject","inLanguage":"gl-ES","@id":"https:\/\/www.anovapeneira.gal\/#\/schema\/logo\/image\/","url":"http:\/\/www.anovapeneira.gal\/wp-content\/uploads\/2019\/06\/logo_a_nova_peneira_portal_web.png","contentUrl":"http:\/\/www.anovapeneira.gal\/wp-content\/uploads\/2019\/06\/logo_a_nova_peneira_portal_web.png","width":300,"height":100,"caption":"A Nova Peneira"},"image":{"@id":"https:\/\/www.anovapeneira.gal\/#\/schema\/logo\/image\/"},"sameAs":["https:\/\/www.facebook.com\/anovapeneira","https:\/\/x.com\/APeneira"]},{"@type":"Person","@id":"https:\/\/www.anovapeneira.gal\/#\/schema\/person\/d9d84823564720e7593293bab054e52d","name":"Marcos Santos","image":{"@type":"ImageObject","inLanguage":"gl-ES","@id":"https:\/\/secure.gravatar.com\/avatar\/0e8017099a7a47c0a9d2275e865fe326484561eb3d70649069e4b8e61a8d2e8c?s=96&d=mm&r=g","url":"https:\/\/secure.gravatar.com\/avatar\/0e8017099a7a47c0a9d2275e865fe326484561eb3d70649069e4b8e61a8d2e8c?s=96&d=mm&r=g","contentUrl":"https:\/\/secure.gravatar.com\/avatar\/0e8017099a7a47c0a9d2275e865fe326484561eb3d70649069e4b8e61a8d2e8c?s=96&d=mm&r=g","caption":"Marcos Santos"},"sameAs":["http:\/\/anovapeneira.gal"],"url":"https:\/\/www.anovapeneira.gal\/index.php\/author\/marcos-santos\/"}]}},"jetpack_featured_media_url":"https:\/\/www.anovapeneira.gal\/wp-content\/uploads\/2023\/04\/juan_manuel_alfaya.jpg","_links":{"self":[{"href":"https:\/\/www.anovapeneira.gal\/index.php\/wp-json\/wp\/v2\/posts\/9442","targetHints":{"allow":["GET"]}}],"collection":[{"href":"https:\/\/www.anovapeneira.gal\/index.php\/wp-json\/wp\/v2\/posts"}],"about":[{"href":"https:\/\/www.anovapeneira.gal\/index.php\/wp-json\/wp\/v2\/types\/post"}],"author":[{"embeddable":true,"href":"https:\/\/www.anovapeneira.gal\/index.php\/wp-json\/wp\/v2\/users\/6"}],"replies":[{"embeddable":true,"href":"https:\/\/www.anovapeneira.gal\/index.php\/wp-json\/wp\/v2\/comments?post=9442"}],"version-history":[{"count":1,"href":"https:\/\/www.anovapeneira.gal\/index.php\/wp-json\/wp\/v2\/posts\/9442\/revisions"}],"predecessor-version":[{"id":9443,"href":"https:\/\/www.anovapeneira.gal\/index.php\/wp-json\/wp\/v2\/posts\/9442\/revisions\/9443"}],"wp:featuredmedia":[{"embeddable":true,"href":"https:\/\/www.anovapeneira.gal\/index.php\/wp-json\/wp\/v2\/media\/9444"}],"wp:attachment":[{"href":"https:\/\/www.anovapeneira.gal\/index.php\/wp-json\/wp\/v2\/media?parent=9442"}],"wp:term":[{"taxonomy":"category","embeddable":true,"href":"https:\/\/www.anovapeneira.gal\/index.php\/wp-json\/wp\/v2\/categories?post=9442"},{"taxonomy":"post_tag","embeddable":true,"href":"https:\/\/www.anovapeneira.gal\/index.php\/wp-json\/wp\/v2\/tags?post=9442"}],"curies":[{"name":"wp","href":"https:\/\/api.w.org\/{rel}","templated":true}]}}