{"id":9450,"date":"2023-04-13T12:00:24","date_gmt":"2023-04-13T10:00:24","guid":{"rendered":"https:\/\/www.anovapeneira.gal\/?p=9450"},"modified":"2023-04-11T13:25:37","modified_gmt":"2023-04-11T11:25:37","slug":"xose-manuel-rodriguez-alcalde-das-neves","status":"publish","type":"post","link":"https:\/\/www.anovapeneira.gal\/index.php\/2023\/04\/13\/xose-manuel-rodriguez-alcalde-das-neves\/","title":{"rendered":"Xos\u00e9 Manuel Rodr\u00edguez alcalde das Neves"},"content":{"rendered":"\n<p><strong>Xose Manuel Rodr\u00edguez leva oito anos encabezando o goberno das Neves. En maio afronta un novo proceso electoral coa ilusi\u00f3n de que a transformaci\u00f3n profunda que viviu o concello neste tempo sexa reco\u00f1ecida pola maior\u00eda da sociedade nevense. Vela\u00ed vai o que deu de si a nosa conversa<\/strong><\/p>\n\n\n\n<p>\u201c<strong>Present\u00e1monos coa expectativa de aumentar a nosa representaci\u00f3n\u201d<\/strong><\/p>\n\n\n\n<p><strong>A moi pouco tempo das elecci\u00f3ns cales son as t\u00faas sensaci\u00f3ns nestes momentos?<\/strong><\/p>\n\n\n\n<blockquote class=\"wp-block-quote is-layout-flow wp-block-quote-is-layout-flow\">\n<p>As sensaci\u00f3ns son unha mestura de satisfacci\u00f3n polo moito traballo que xa est\u00e1 feito e de ilusi\u00f3n polo que a\u00ednda est\u00e1 por vir.<\/p>\n<\/blockquote>\n\n\n\n<p><strong>Ti dis que est\u00e1s satisfeito polo \u201c moito traballo feito\u201d, pero o PP local dic\u00eda nas s\u00faas redes sociais que o voso goberno estes oito anos foi un \u201c goberno de inacci\u00f3n\u201d<\/strong><\/p>\n\n\n\n<blockquote class=\"wp-block-quote is-layout-flow wp-block-quote-is-layout-flow\">\n<p>Se o candidato do PP dixo iso o \u00fanico que revela \u00e9 que \u00e9 un candidato a alcald\u00eda de As Neves que non vive nas Neves. Esas palabras s\u00f3 poden ser froito de nin estar no d\u00eda a d\u00eda do noso concello, nin de co\u00f1ecer o m\u00e1is m\u00ednimo a realidade de As Neves.<\/p>\n<\/blockquote>\n\n\n\n<p><strong>Contesta a esas palabras sobre a suposta\u201d inacci\u00f3n\u201d do teu goberno con cuesti\u00f3ns concretas?<\/strong><\/p>\n\n\n\n<blockquote class=\"wp-block-quote is-layout-flow wp-block-quote-is-layout-flow\">\n<p>Nestes 8 anos o goberno de As Neves transformou de maneira moi importante a realidade existente nos anteriores 32 de gobernos do PP.<\/p>\n<\/blockquote>\n\n\n\n<blockquote class=\"wp-block-quote is-layout-flow wp-block-quote-is-layout-flow\">\n<p>-Incorporamos unha actualizaci\u00f3n radical dos medios de participaci\u00f3n social no noso concello<\/p>\n<\/blockquote>\n\n\n\n<blockquote class=\"wp-block-quote is-layout-flow wp-block-quote-is-layout-flow\">\n<p>-Fixemos unha aposta absoluta pola tecnolox\u00eda tanto na comunicaci\u00f3n como na administraci\u00f3n e xesti\u00f3n.<\/p>\n<\/blockquote>\n\n\n\n<blockquote class=\"wp-block-quote is-layout-flow wp-block-quote-is-layout-flow\">\n<p>-Traballamos arreo en mellorar as comunicaci\u00f3ns, e servizos al\u00e9n de humanizar o noso pobo para o noso grande obxectivo: que As Neves sexa un concello con servizos suficientes e oportunidades adecuadas para facer atractivo vivir na nosa localidade.<\/p>\n<\/blockquote>\n\n\n\n<blockquote class=\"wp-block-quote is-layout-flow wp-block-quote-is-layout-flow\">\n<p>-Modernizamos o sistema educativo coa incorporaci\u00f3n dunha garder\u00eda completamente nova, e actualizaci\u00f3n de todas as escolas unitarias e do colexio p\u00fablico, e a creaci\u00f3n dun Consello escolar municipal.<\/p>\n<\/blockquote>\n\n\n\n<blockquote class=\"wp-block-quote is-layout-flow wp-block-quote-is-layout-flow\">\n<p>-Mellora do centro de sa\u00fade<\/p>\n<\/blockquote>\n\n\n\n<blockquote class=\"wp-block-quote is-layout-flow wp-block-quote-is-layout-flow\">\n<p>-Creamos unha RPT<\/p>\n<\/blockquote>\n\n\n\n<blockquote class=\"wp-block-quote is-layout-flow wp-block-quote-is-layout-flow\">\n<p>-Mellora dos servizos sociais<\/p>\n<\/blockquote>\n\n\n\n<p><strong>Esto \u00faltimo inter\u00e9same moito. En que se melloraron os servizos sociais con relaci\u00f3n aos gobernos do PP?<\/strong><\/p>\n\n\n\n<blockquote class=\"wp-block-quote is-layout-flow wp-block-quote-is-layout-flow\">\n<p>Pois mira as partidas destinadas a persoal multiplican por 3 as do PP.<\/p>\n<\/blockquote>\n\n\n\n<p><strong>Sentes que a Xunta trata con xustiza ao voso Concello?<\/strong><\/p>\n\n\n\n<blockquote class=\"wp-block-quote is-layout-flow wp-block-quote-is-layout-flow\">\n<p>De ning\u00fan modo. O proceder da Xunta no reparto de fondos \u00e9 terriblemente sectario. Asina moitos convenios de colaboraci\u00f3n con concellos, pero cos que goberna o PP deixando de lado ao resto.<\/p>\n<\/blockquote>\n\n\n\n<p><strong>Pero iso,que \u00e9 moi grave, podes dicilo de maneira taxativa?: a administraci\u00f3n auton\u00f3mica trata de maneira diferente aos concellos que goberna o PP que aos que gobernan outras forzas pol\u00edticas?<\/strong><\/p>\n\n\n\n<blockquote class=\"wp-block-quote is-layout-flow wp-block-quote-is-layout-flow\">\n<p>Si, d\u00edgoo con rotundidade absoluta porque por desgraza \u00e9 as\u00ed. Mira por exemplo o convenio que ve\u00f1en de asinar con Arbo ou os que fan con Salvaterra. No noso caso ped\u00edmoslle unha actuaci\u00f3n viaria en Setados , que \u00e9 necesaria e urxente, e non destinaron nin un s\u00f3 \u20ac.<\/p>\n<\/blockquote>\n\n\n\n<p><strong>De todas as actuaci\u00f3ns destes oito anos cales che produciron m\u00e1is satisfacci\u00f3n?<\/strong><\/p>\n\n\n\n<blockquote class=\"wp-block-quote is-layout-flow wp-block-quote-is-layout-flow\">\n<p>\u00c9 dif\u00edcil responder a isto. A min o que me satisfai \u00e9 contribu\u00edr ao ben com\u00fan das persoas que viven en As Neves. Se cadra poder\u00eda mencionar:<\/p>\n<\/blockquote>\n\n\n\n<blockquote class=\"wp-block-quote is-layout-flow wp-block-quote-is-layout-flow\">\n<p>-A profunda transformaci\u00f3n do sistema de iluminaci\u00f3n do Concello a LED adiant\u00e1ndonos \u00e1 crise de prezos da electricidade o que nos permitiu afrontar ese roubo, que \u00e9 o prezo da electricidade, sen ter que dispor de novos recursos econ\u00f3micos.<\/p>\n<\/blockquote>\n\n\n\n<blockquote class=\"wp-block-quote is-layout-flow wp-block-quote-is-layout-flow\">\n<p>-Recuperamos a casa da xuventude, un espazo que estaba completamente abandonado e que nestes momentos serve de referencia non so \u00e1 mocidade de As Neves sen\u00f3n tam\u00e9n \u00e1 de Concellos do redor.<\/p>\n<\/blockquote>\n\n\n\n<blockquote class=\"wp-block-quote is-layout-flow wp-block-quote-is-layout-flow\">\n<p>-Renovamos a flota de veh\u00edculos do Concello<\/p>\n<\/blockquote>\n\n\n\n<blockquote class=\"wp-block-quote is-layout-flow wp-block-quote-is-layout-flow\">\n<p>-Met\u00e9monos no plan Revitaliza cun sistema de tratamento dos residuos adaptado \u00e1s esixencias da UE.<\/p>\n<\/blockquote>\n\n\n\n<blockquote class=\"wp-block-quote is-layout-flow wp-block-quote-is-layout-flow\">\n<p>-O traballo que fixemos no eido da cultura \u00e9 reco\u00f1ecido , porque \u00e9 de xustiza, por calquera cun m\u00ednimo de honestidade intelectual. Hai moitos aspectos por salientar aqu\u00ed pero considero que a volta que lle demos \u00e1 Feira do Requeixo sit\u00faaa \u00e1 altura da excelencia.<\/p>\n<\/blockquote>\n\n\n\n<p><strong>Antes comentabas que ti\u00f1as ilusi\u00f3ns e proxectos para o novo mandato, no caso de que a maior\u00eda da sociedade nevense che dea a s\u00faa confianza. C\u00f3ntanos os m\u00e1is importantes?<\/strong><\/p>\n\n\n\n<blockquote class=\"wp-block-quote is-layout-flow wp-block-quote-is-layout-flow\">\n<p>-Estamos a traballar nun importante proxecto de reconstruci\u00f3n do mercado das Neves. Penso que nos pr\u00f3ximos catro anos xa estar\u00e1 rematado.<\/p>\n<\/blockquote>\n\n\n\n<blockquote class=\"wp-block-quote is-layout-flow wp-block-quote-is-layout-flow\">\n<p>N\u00f3s queremos apostar por darlle ao noso eixo fundamental de goberno :VIVE NAS NEVES un grao moito m\u00e1is elevado de desenvolvemento. Iso significa, no terreo do concreto, un plan de turismo en destino sustentable e especialmente que n\u00f3s queremos traballar de maneira moi decidida no \u00e1mbito da vivenda. Nas Neves temos moitas vivendas desocupadas pero non existe unha oferta importante de casas que se aluguen ou vendan<\/p>\n<\/blockquote>\n\n\n\n<p><strong>E demanda hai?<\/strong><\/p>\n\n\n\n<blockquote class=\"wp-block-quote is-layout-flow wp-block-quote-is-layout-flow\">\n<p>Si, si que a hai. Bastantes persoas novas t\u00e9\u00f1ense achegado ao Concello a preguntar por casas para mercar, alugar ou constru\u00edr.<\/p>\n<\/blockquote>\n\n\n\n<blockquote class=\"wp-block-quote is-layout-flow wp-block-quote-is-layout-flow\">\n<p>Traballaremos pois con moita intensidade nesa li\u00f1a, de feito conseguimos unha subvenci\u00f3n importante do Ministerio de vivenda para a rehabilitaci\u00f3n de casas. Durante os 3 anos pr\u00f3ximos teremos cerca de 1\/2 mill\u00f3n de \u20ac que servir\u00e1n para a rehabilitaci\u00f3n de vivendas no entorno urbano de As Neves e a Estaci\u00f3n e para montar unha oficina que asesore \u00e1s persoas propietarias sobre como xestionar esas subvenci\u00f3ns.<\/p>\n<\/blockquote>\n\n\n\n<p><strong>A diferencia entre un mal e un bo goberno municipal est\u00e1, ao meu xu\u00edzo, en que un mal goberno lim\u00edtase a ir zafando os problemas do d\u00eda a d\u00eda como boamente poden, mentres que un bo goberno ten un modelo de vila e traballa para facelo realidade. -Vive Nas Neves- \u00e9 o voso modelo de vila?<\/strong><\/p>\n\n\n\n<blockquote class=\"wp-block-quote is-layout-flow wp-block-quote-is-layout-flow\">\n<p>Si, si que o \u00e9. Pero Vive Nas Neves non \u00e9 unha mensaxe valeira de contido, non \u00e9 un simple letreiro. Vive Nas Neves \u00e9 a nosa filosof\u00eda. Consiste en dotar ao noso Concello de servizos suficientes e oportunidades varias para que a xente do pobo non te\u00f1a que marchar a ga\u00f1arse a vida noutros sitios, e para que a xente de f\u00f3ra que o desexe te\u00f1a no noso pobo un lugar atractivo e c\u00f3modo para vivir.<\/p>\n<\/blockquote>\n\n\n\n<p><strong>A recuperaci\u00f3n e rehabilitaci\u00f3n de vivendas vaise limitar s\u00f3 ao casco urbano?<\/strong><\/p>\n\n\n\n<blockquote class=\"wp-block-quote is-layout-flow wp-block-quote-is-layout-flow\">\n<p>Non , tam\u00e9n no rural. As\u00ed por exemplo temos un proxecto que nos fai moita ilusi\u00f3n que consiste na recuperaci\u00f3n das vivendas dos mestres na parroquia de Taboexa.<\/p>\n<\/blockquote>\n\n\n\n<p><strong>Facemos esta entrevista un d\u00eda antes do inicio da Feira do Requeixo e do Mel. Cales son as expectativas coas que a encaramos este ano?<\/strong><\/p>\n\n\n\n<blockquote class=\"wp-block-quote is-layout-flow wp-block-quote-is-layout-flow\">\n<p>A verdade \u00e9 que moi altas. Creo que lle demos unha volta moi importante e a satisfacci\u00f3n que amosan os asistentes indica que estamos na li\u00f1a correcta.<\/p>\n<\/blockquote>\n\n\n\n<p><strong>O problema co crego de Ribarteme est\u00e1 solucionado?<\/strong><\/p>\n\n\n\n<blockquote class=\"wp-block-quote is-layout-flow wp-block-quote-is-layout-flow\">\n<p>Non. Eu creo que este ano tam\u00e9n imos ter problemas . Tratamos de adoptar unha posici\u00f3n plenaria un\u00e1nime ao respecto do apoio da corporaci\u00f3n a manter a procesi\u00f3n dos cadaleitos, unha tradici\u00f3n de enorme importancia no noso pobo, e a\u00ednda estamos \u00e1 espera da resposta do PP.<\/p>\n<\/blockquote>\n\n\n\n<p><strong>O auditorio xa \u00e9 \u201c Auditorio Jos\u00e9 Gil\u201d?<\/strong><\/p>\n\n\n\n<blockquote class=\"wp-block-quote is-layout-flow wp-block-quote-is-layout-flow\">\n<p>Un acto de xustiza para un veci\u00f1o ilustre das Neves, en concreto de Rubi\u00f3s, do que me sinto moi orgulloso. Jos\u00e9 Gil \u00e9 unha persoa transcendental na historia do cinema en Galicia e As Neves ti\u00f1a unha d\u00e9beda con el.<\/p>\n<\/blockquote>\n\n\n\n<p><strong>Cales son as expectativas realistas coas que afrontas as vindeiras elecci\u00f3ns?<\/strong><\/p>\n\n\n\n<blockquote class=\"wp-block-quote is-layout-flow wp-block-quote-is-layout-flow\">\n<p>N\u00f3s present\u00e1monos coa intenci\u00f3n de aumentar a nosa representaci\u00f3n para poder exercer o goberno en solitario. Agora ben , quero aproveitar a oportunidade para expresar o meu agradecemento e satisfacci\u00f3n polo traballo e compa\u00f1\u00eda de Marcelino, o noso socio de goberno estes 4 anos .Tanto \u00e9 as\u00ed que xa che anticipo que sexa cal sexa o resultado imos tenderlle a man para que siga ao noso lado.<\/p>\n<\/blockquote>\n","protected":false},"excerpt":{"rendered":"<div class=\"mh-excerpt\"><p>Xose Manuel Rodr\u00edguez leva oito anos encabezando o goberno das Neves. En maio afronta un novo proceso electoral coa ilusi\u00f3n de que a transformaci\u00f3n profunda que viviu o concello neste tempo sexa reco\u00f1ecida pola maior\u00eda da sociedade nevense <a class=\"mh-excerpt-more\" href=\"https:\/\/www.anovapeneira.gal\/index.php\/2023\/04\/13\/xose-manuel-rodriguez-alcalde-das-neves\/\" title=\"Xos\u00e9 Manuel Rodr\u00edguez alcalde das Neves\">[&#8230;]<\/a><\/p>\n<\/div>","protected":false},"author":3,"featured_media":9452,"comment_status":"open","ping_status":"open","sticky":false,"template":"","format":"standard","meta":{"_exactmetrics_skip_tracking":false,"_exactmetrics_sitenote_active":false,"_exactmetrics_sitenote_note":"","_exactmetrics_sitenote_category":0,"footnotes":""},"categories":[267],"tags":[546],"class_list":{"0":"post-9450","1":"post","2":"type-post","3":"status-publish","4":"format-standard","5":"has-post-thumbnail","7":"category-condado-entrevistas","8":"tag-concello-das-neves"},"yoast_head":"<!-- This site is optimized with the Yoast SEO plugin v27.4 - https:\/\/yoast.com\/product\/yoast-seo-wordpress\/ -->\n<title>Xos\u00e9 Manuel Rodr\u00edguez alcalde das Neves -<\/title>\n<meta name=\"description\" content=\"Xose Manuel Rodr\u00edguez leva oito anos encabezando o goberno das Neves. En maio afronta un novo proceso electoral coa ilusi\u00f3n de que a transformaci\u00f3n profunda que viviu o concello neste tempo sexa reco\u00f1ecida pola maior\u00eda da sociedade nevense\" \/>\n<meta name=\"robots\" content=\"index, follow, max-snippet:-1, max-image-preview:large, max-video-preview:-1\" \/>\n<link rel=\"canonical\" href=\"https:\/\/www.anovapeneira.gal\/index.php\/2023\/04\/13\/xose-manuel-rodriguez-alcalde-das-neves\/\" \/>\n<meta property=\"og:locale\" content=\"gl_ES\" \/>\n<meta property=\"og:type\" content=\"article\" \/>\n<meta property=\"og:title\" content=\"Xos\u00e9 Manuel Rodr\u00edguez alcalde das Neves -\" \/>\n<meta property=\"og:description\" content=\"Xose Manuel Rodr\u00edguez leva oito anos encabezando o goberno das Neves. En maio afronta un novo proceso electoral coa ilusi\u00f3n de que a transformaci\u00f3n profunda que viviu o concello neste tempo sexa reco\u00f1ecida pola maior\u00eda da sociedade nevense\" \/>\n<meta property=\"og:url\" content=\"https:\/\/www.anovapeneira.gal\/index.php\/2023\/04\/13\/xose-manuel-rodriguez-alcalde-das-neves\/\" \/>\n<meta property=\"article:publisher\" content=\"https:\/\/www.facebook.com\/anovapeneira\" \/>\n<meta property=\"article:published_time\" content=\"2023-04-13T10:00:24+00:00\" \/>\n<meta property=\"og:image\" content=\"https:\/\/www.anovapeneira.gal\/wp-content\/uploads\/2023\/04\/xose_manuel_rodriguez_as_neves.jpg\" \/>\n\t<meta property=\"og:image:width\" content=\"720\" \/>\n\t<meta property=\"og:image:height\" content=\"432\" \/>\n\t<meta property=\"og:image:type\" content=\"image\/jpeg\" \/>\n<meta name=\"author\" content=\"Redacci\u00f3n A Nova Peneira\" \/>\n<meta name=\"twitter:card\" content=\"summary_large_image\" \/>\n<meta name=\"twitter:creator\" content=\"@APeneira\" \/>\n<meta name=\"twitter:site\" content=\"@APeneira\" \/>\n<meta name=\"twitter:label1\" content=\"Escrito por\" \/>\n\t<meta name=\"twitter:data1\" content=\"Redacci\u00f3n A Nova Peneira\" \/>\n\t<meta name=\"twitter:label2\" content=\"Tempo de lectura\" \/>\n\t<meta name=\"twitter:data2\" content=\"7 minutos\" \/>\n<script type=\"application\/ld+json\" class=\"yoast-schema-graph\">{\"@context\":\"https:\\\/\\\/schema.org\",\"@graph\":[{\"@type\":\"Article\",\"@id\":\"https:\\\/\\\/www.anovapeneira.gal\\\/index.php\\\/2023\\\/04\\\/13\\\/xose-manuel-rodriguez-alcalde-das-neves\\\/#article\",\"isPartOf\":{\"@id\":\"https:\\\/\\\/www.anovapeneira.gal\\\/index.php\\\/2023\\\/04\\\/13\\\/xose-manuel-rodriguez-alcalde-das-neves\\\/\"},\"author\":{\"name\":\"Redacci\u00f3n A Nova Peneira\",\"@id\":\"https:\\\/\\\/www.anovapeneira.gal\\\/#\\\/schema\\\/person\\\/b93e3f8932e3f8da96334607eb6ac6aa\"},\"headline\":\"Xos\u00e9 Manuel Rodr\u00edguez alcalde das Neves\",\"datePublished\":\"2023-04-13T10:00:24+00:00\",\"mainEntityOfPage\":{\"@id\":\"https:\\\/\\\/www.anovapeneira.gal\\\/index.php\\\/2023\\\/04\\\/13\\\/xose-manuel-rodriguez-alcalde-das-neves\\\/\"},\"wordCount\":1351,\"commentCount\":0,\"publisher\":{\"@id\":\"https:\\\/\\\/www.anovapeneira.gal\\\/#organization\"},\"image\":{\"@id\":\"https:\\\/\\\/www.anovapeneira.gal\\\/index.php\\\/2023\\\/04\\\/13\\\/xose-manuel-rodriguez-alcalde-das-neves\\\/#primaryimage\"},\"thumbnailUrl\":\"https:\\\/\\\/www.anovapeneira.gal\\\/wp-content\\\/uploads\\\/2023\\\/04\\\/xose_manuel_rodriguez_as_neves.jpg\",\"keywords\":[\"Concello das Neves\"],\"articleSection\":[\"Condado\"],\"inLanguage\":\"gl-ES\",\"potentialAction\":[{\"@type\":\"CommentAction\",\"name\":\"Comment\",\"target\":[\"https:\\\/\\\/www.anovapeneira.gal\\\/index.php\\\/2023\\\/04\\\/13\\\/xose-manuel-rodriguez-alcalde-das-neves\\\/#respond\"]}]},{\"@type\":\"WebPage\",\"@id\":\"https:\\\/\\\/www.anovapeneira.gal\\\/index.php\\\/2023\\\/04\\\/13\\\/xose-manuel-rodriguez-alcalde-das-neves\\\/\",\"url\":\"https:\\\/\\\/www.anovapeneira.gal\\\/index.php\\\/2023\\\/04\\\/13\\\/xose-manuel-rodriguez-alcalde-das-neves\\\/\",\"name\":\"Xos\u00e9 Manuel Rodr\u00edguez alcalde das Neves -\",\"isPartOf\":{\"@id\":\"https:\\\/\\\/www.anovapeneira.gal\\\/#website\"},\"primaryImageOfPage\":{\"@id\":\"https:\\\/\\\/www.anovapeneira.gal\\\/index.php\\\/2023\\\/04\\\/13\\\/xose-manuel-rodriguez-alcalde-das-neves\\\/#primaryimage\"},\"image\":{\"@id\":\"https:\\\/\\\/www.anovapeneira.gal\\\/index.php\\\/2023\\\/04\\\/13\\\/xose-manuel-rodriguez-alcalde-das-neves\\\/#primaryimage\"},\"thumbnailUrl\":\"https:\\\/\\\/www.anovapeneira.gal\\\/wp-content\\\/uploads\\\/2023\\\/04\\\/xose_manuel_rodriguez_as_neves.jpg\",\"datePublished\":\"2023-04-13T10:00:24+00:00\",\"description\":\"Xose Manuel Rodr\u00edguez leva oito anos encabezando o goberno das Neves. En maio afronta un novo proceso electoral coa ilusi\u00f3n de que a transformaci\u00f3n profunda que viviu o concello neste tempo sexa reco\u00f1ecida pola maior\u00eda da sociedade nevense\",\"breadcrumb\":{\"@id\":\"https:\\\/\\\/www.anovapeneira.gal\\\/index.php\\\/2023\\\/04\\\/13\\\/xose-manuel-rodriguez-alcalde-das-neves\\\/#breadcrumb\"},\"inLanguage\":\"gl-ES\",\"potentialAction\":[{\"@type\":\"ReadAction\",\"target\":[\"https:\\\/\\\/www.anovapeneira.gal\\\/index.php\\\/2023\\\/04\\\/13\\\/xose-manuel-rodriguez-alcalde-das-neves\\\/\"]}]},{\"@type\":\"ImageObject\",\"inLanguage\":\"gl-ES\",\"@id\":\"https:\\\/\\\/www.anovapeneira.gal\\\/index.php\\\/2023\\\/04\\\/13\\\/xose-manuel-rodriguez-alcalde-das-neves\\\/#primaryimage\",\"url\":\"https:\\\/\\\/www.anovapeneira.gal\\\/wp-content\\\/uploads\\\/2023\\\/04\\\/xose_manuel_rodriguez_as_neves.jpg\",\"contentUrl\":\"https:\\\/\\\/www.anovapeneira.gal\\\/wp-content\\\/uploads\\\/2023\\\/04\\\/xose_manuel_rodriguez_as_neves.jpg\",\"width\":720,\"height\":432,\"caption\":\"Xos\u00e9 Manuel Rodr\u00edguez alcalde das Neves\"},{\"@type\":\"BreadcrumbList\",\"@id\":\"https:\\\/\\\/www.anovapeneira.gal\\\/index.php\\\/2023\\\/04\\\/13\\\/xose-manuel-rodriguez-alcalde-das-neves\\\/#breadcrumb\",\"itemListElement\":[{\"@type\":\"ListItem\",\"position\":1,\"name\":\"Portada\",\"item\":\"https:\\\/\\\/www.anovapeneira.gal\\\/\"},{\"@type\":\"ListItem\",\"position\":2,\"name\":\"Xos\u00e9 Manuel Rodr\u00edguez alcalde das Neves\"}]},{\"@type\":\"WebSite\",\"@id\":\"https:\\\/\\\/www.anovapeneira.gal\\\/#website\",\"url\":\"https:\\\/\\\/www.anovapeneira.gal\\\/\",\"name\":\"\",\"description\":\"Xornal galego de informaci\u00f3n xeral Publicaci\u00f3n mensual de novas de Galicia e en especial dos Concellos da sur da provincia de Pontevedra.\",\"publisher\":{\"@id\":\"https:\\\/\\\/www.anovapeneira.gal\\\/#organization\"},\"potentialAction\":[{\"@type\":\"SearchAction\",\"target\":{\"@type\":\"EntryPoint\",\"urlTemplate\":\"https:\\\/\\\/www.anovapeneira.gal\\\/?s={search_term_string}\"},\"query-input\":{\"@type\":\"PropertyValueSpecification\",\"valueRequired\":true,\"valueName\":\"search_term_string\"}}],\"inLanguage\":\"gl-ES\"},{\"@type\":\"Organization\",\"@id\":\"https:\\\/\\\/www.anovapeneira.gal\\\/#organization\",\"name\":\"A Nova Peneira\",\"url\":\"https:\\\/\\\/www.anovapeneira.gal\\\/\",\"logo\":{\"@type\":\"ImageObject\",\"inLanguage\":\"gl-ES\",\"@id\":\"https:\\\/\\\/www.anovapeneira.gal\\\/#\\\/schema\\\/logo\\\/image\\\/\",\"url\":\"http:\\\/\\\/www.anovapeneira.gal\\\/wp-content\\\/uploads\\\/2019\\\/06\\\/logo_a_nova_peneira_portal_web.png\",\"contentUrl\":\"http:\\\/\\\/www.anovapeneira.gal\\\/wp-content\\\/uploads\\\/2019\\\/06\\\/logo_a_nova_peneira_portal_web.png\",\"width\":300,\"height\":100,\"caption\":\"A Nova Peneira\"},\"image\":{\"@id\":\"https:\\\/\\\/www.anovapeneira.gal\\\/#\\\/schema\\\/logo\\\/image\\\/\"},\"sameAs\":[\"https:\\\/\\\/www.facebook.com\\\/anovapeneira\",\"https:\\\/\\\/x.com\\\/APeneira\"]},{\"@type\":\"Person\",\"@id\":\"https:\\\/\\\/www.anovapeneira.gal\\\/#\\\/schema\\\/person\\\/b93e3f8932e3f8da96334607eb6ac6aa\",\"name\":\"Redacci\u00f3n A Nova Peneira\",\"image\":{\"@type\":\"ImageObject\",\"inLanguage\":\"gl-ES\",\"@id\":\"https:\\\/\\\/secure.gravatar.com\\\/avatar\\\/c052a2551a06e23fac63626232eaa90abd78dbcf1700fc46a2b2c89fd27b735f?s=96&d=mm&r=g\",\"url\":\"https:\\\/\\\/secure.gravatar.com\\\/avatar\\\/c052a2551a06e23fac63626232eaa90abd78dbcf1700fc46a2b2c89fd27b735f?s=96&d=mm&r=g\",\"contentUrl\":\"https:\\\/\\\/secure.gravatar.com\\\/avatar\\\/c052a2551a06e23fac63626232eaa90abd78dbcf1700fc46a2b2c89fd27b735f?s=96&d=mm&r=g\",\"caption\":\"Redacci\u00f3n A Nova Peneira\"},\"sameAs\":[\"http:\\\/\\\/www.anovapeneira.gal\\\/\"],\"url\":\"https:\\\/\\\/www.anovapeneira.gal\\\/index.php\\\/author\\\/redactor\\\/\"}]}<\/script>\n<!-- \/ Yoast SEO plugin. -->","yoast_head_json":{"title":"Xos\u00e9 Manuel Rodr\u00edguez alcalde das Neves -","description":"Xose Manuel Rodr\u00edguez leva oito anos encabezando o goberno das Neves. En maio afronta un novo proceso electoral coa ilusi\u00f3n de que a transformaci\u00f3n profunda que viviu o concello neste tempo sexa reco\u00f1ecida pola maior\u00eda da sociedade nevense","robots":{"index":"index","follow":"follow","max-snippet":"max-snippet:-1","max-image-preview":"max-image-preview:large","max-video-preview":"max-video-preview:-1"},"canonical":"https:\/\/www.anovapeneira.gal\/index.php\/2023\/04\/13\/xose-manuel-rodriguez-alcalde-das-neves\/","og_locale":"gl_ES","og_type":"article","og_title":"Xos\u00e9 Manuel Rodr\u00edguez alcalde das Neves -","og_description":"Xose Manuel Rodr\u00edguez leva oito anos encabezando o goberno das Neves. En maio afronta un novo proceso electoral coa ilusi\u00f3n de que a transformaci\u00f3n profunda que viviu o concello neste tempo sexa reco\u00f1ecida pola maior\u00eda da sociedade nevense","og_url":"https:\/\/www.anovapeneira.gal\/index.php\/2023\/04\/13\/xose-manuel-rodriguez-alcalde-das-neves\/","article_publisher":"https:\/\/www.facebook.com\/anovapeneira","article_published_time":"2023-04-13T10:00:24+00:00","og_image":[{"width":720,"height":432,"url":"https:\/\/www.anovapeneira.gal\/wp-content\/uploads\/2023\/04\/xose_manuel_rodriguez_as_neves.jpg","type":"image\/jpeg"}],"author":"Redacci\u00f3n A Nova Peneira","twitter_card":"summary_large_image","twitter_creator":"@APeneira","twitter_site":"@APeneira","twitter_misc":{"Escrito por":"Redacci\u00f3n A Nova Peneira","Tempo de lectura":"7 minutos"},"schema":{"@context":"https:\/\/schema.org","@graph":[{"@type":"Article","@id":"https:\/\/www.anovapeneira.gal\/index.php\/2023\/04\/13\/xose-manuel-rodriguez-alcalde-das-neves\/#article","isPartOf":{"@id":"https:\/\/www.anovapeneira.gal\/index.php\/2023\/04\/13\/xose-manuel-rodriguez-alcalde-das-neves\/"},"author":{"name":"Redacci\u00f3n A Nova Peneira","@id":"https:\/\/www.anovapeneira.gal\/#\/schema\/person\/b93e3f8932e3f8da96334607eb6ac6aa"},"headline":"Xos\u00e9 Manuel Rodr\u00edguez alcalde das Neves","datePublished":"2023-04-13T10:00:24+00:00","mainEntityOfPage":{"@id":"https:\/\/www.anovapeneira.gal\/index.php\/2023\/04\/13\/xose-manuel-rodriguez-alcalde-das-neves\/"},"wordCount":1351,"commentCount":0,"publisher":{"@id":"https:\/\/www.anovapeneira.gal\/#organization"},"image":{"@id":"https:\/\/www.anovapeneira.gal\/index.php\/2023\/04\/13\/xose-manuel-rodriguez-alcalde-das-neves\/#primaryimage"},"thumbnailUrl":"https:\/\/www.anovapeneira.gal\/wp-content\/uploads\/2023\/04\/xose_manuel_rodriguez_as_neves.jpg","keywords":["Concello das Neves"],"articleSection":["Condado"],"inLanguage":"gl-ES","potentialAction":[{"@type":"CommentAction","name":"Comment","target":["https:\/\/www.anovapeneira.gal\/index.php\/2023\/04\/13\/xose-manuel-rodriguez-alcalde-das-neves\/#respond"]}]},{"@type":"WebPage","@id":"https:\/\/www.anovapeneira.gal\/index.php\/2023\/04\/13\/xose-manuel-rodriguez-alcalde-das-neves\/","url":"https:\/\/www.anovapeneira.gal\/index.php\/2023\/04\/13\/xose-manuel-rodriguez-alcalde-das-neves\/","name":"Xos\u00e9 Manuel Rodr\u00edguez alcalde das Neves -","isPartOf":{"@id":"https:\/\/www.anovapeneira.gal\/#website"},"primaryImageOfPage":{"@id":"https:\/\/www.anovapeneira.gal\/index.php\/2023\/04\/13\/xose-manuel-rodriguez-alcalde-das-neves\/#primaryimage"},"image":{"@id":"https:\/\/www.anovapeneira.gal\/index.php\/2023\/04\/13\/xose-manuel-rodriguez-alcalde-das-neves\/#primaryimage"},"thumbnailUrl":"https:\/\/www.anovapeneira.gal\/wp-content\/uploads\/2023\/04\/xose_manuel_rodriguez_as_neves.jpg","datePublished":"2023-04-13T10:00:24+00:00","description":"Xose Manuel Rodr\u00edguez leva oito anos encabezando o goberno das Neves. En maio afronta un novo proceso electoral coa ilusi\u00f3n de que a transformaci\u00f3n profunda que viviu o concello neste tempo sexa reco\u00f1ecida pola maior\u00eda da sociedade nevense","breadcrumb":{"@id":"https:\/\/www.anovapeneira.gal\/index.php\/2023\/04\/13\/xose-manuel-rodriguez-alcalde-das-neves\/#breadcrumb"},"inLanguage":"gl-ES","potentialAction":[{"@type":"ReadAction","target":["https:\/\/www.anovapeneira.gal\/index.php\/2023\/04\/13\/xose-manuel-rodriguez-alcalde-das-neves\/"]}]},{"@type":"ImageObject","inLanguage":"gl-ES","@id":"https:\/\/www.anovapeneira.gal\/index.php\/2023\/04\/13\/xose-manuel-rodriguez-alcalde-das-neves\/#primaryimage","url":"https:\/\/www.anovapeneira.gal\/wp-content\/uploads\/2023\/04\/xose_manuel_rodriguez_as_neves.jpg","contentUrl":"https:\/\/www.anovapeneira.gal\/wp-content\/uploads\/2023\/04\/xose_manuel_rodriguez_as_neves.jpg","width":720,"height":432,"caption":"Xos\u00e9 Manuel Rodr\u00edguez alcalde das Neves"},{"@type":"BreadcrumbList","@id":"https:\/\/www.anovapeneira.gal\/index.php\/2023\/04\/13\/xose-manuel-rodriguez-alcalde-das-neves\/#breadcrumb","itemListElement":[{"@type":"ListItem","position":1,"name":"Portada","item":"https:\/\/www.anovapeneira.gal\/"},{"@type":"ListItem","position":2,"name":"Xos\u00e9 Manuel Rodr\u00edguez alcalde das Neves"}]},{"@type":"WebSite","@id":"https:\/\/www.anovapeneira.gal\/#website","url":"https:\/\/www.anovapeneira.gal\/","name":"","description":"Xornal galego de informaci\u00f3n xeral Publicaci\u00f3n mensual de novas de Galicia e en especial dos Concellos da sur da provincia de Pontevedra.","publisher":{"@id":"https:\/\/www.anovapeneira.gal\/#organization"},"potentialAction":[{"@type":"SearchAction","target":{"@type":"EntryPoint","urlTemplate":"https:\/\/www.anovapeneira.gal\/?s={search_term_string}"},"query-input":{"@type":"PropertyValueSpecification","valueRequired":true,"valueName":"search_term_string"}}],"inLanguage":"gl-ES"},{"@type":"Organization","@id":"https:\/\/www.anovapeneira.gal\/#organization","name":"A Nova Peneira","url":"https:\/\/www.anovapeneira.gal\/","logo":{"@type":"ImageObject","inLanguage":"gl-ES","@id":"https:\/\/www.anovapeneira.gal\/#\/schema\/logo\/image\/","url":"http:\/\/www.anovapeneira.gal\/wp-content\/uploads\/2019\/06\/logo_a_nova_peneira_portal_web.png","contentUrl":"http:\/\/www.anovapeneira.gal\/wp-content\/uploads\/2019\/06\/logo_a_nova_peneira_portal_web.png","width":300,"height":100,"caption":"A Nova Peneira"},"image":{"@id":"https:\/\/www.anovapeneira.gal\/#\/schema\/logo\/image\/"},"sameAs":["https:\/\/www.facebook.com\/anovapeneira","https:\/\/x.com\/APeneira"]},{"@type":"Person","@id":"https:\/\/www.anovapeneira.gal\/#\/schema\/person\/b93e3f8932e3f8da96334607eb6ac6aa","name":"Redacci\u00f3n A Nova Peneira","image":{"@type":"ImageObject","inLanguage":"gl-ES","@id":"https:\/\/secure.gravatar.com\/avatar\/c052a2551a06e23fac63626232eaa90abd78dbcf1700fc46a2b2c89fd27b735f?s=96&d=mm&r=g","url":"https:\/\/secure.gravatar.com\/avatar\/c052a2551a06e23fac63626232eaa90abd78dbcf1700fc46a2b2c89fd27b735f?s=96&d=mm&r=g","contentUrl":"https:\/\/secure.gravatar.com\/avatar\/c052a2551a06e23fac63626232eaa90abd78dbcf1700fc46a2b2c89fd27b735f?s=96&d=mm&r=g","caption":"Redacci\u00f3n A Nova Peneira"},"sameAs":["http:\/\/www.anovapeneira.gal\/"],"url":"https:\/\/www.anovapeneira.gal\/index.php\/author\/redactor\/"}]}},"jetpack_featured_media_url":"https:\/\/www.anovapeneira.gal\/wp-content\/uploads\/2023\/04\/xose_manuel_rodriguez_as_neves.jpg","_links":{"self":[{"href":"https:\/\/www.anovapeneira.gal\/index.php\/wp-json\/wp\/v2\/posts\/9450","targetHints":{"allow":["GET"]}}],"collection":[{"href":"https:\/\/www.anovapeneira.gal\/index.php\/wp-json\/wp\/v2\/posts"}],"about":[{"href":"https:\/\/www.anovapeneira.gal\/index.php\/wp-json\/wp\/v2\/types\/post"}],"author":[{"embeddable":true,"href":"https:\/\/www.anovapeneira.gal\/index.php\/wp-json\/wp\/v2\/users\/3"}],"replies":[{"embeddable":true,"href":"https:\/\/www.anovapeneira.gal\/index.php\/wp-json\/wp\/v2\/comments?post=9450"}],"version-history":[{"count":1,"href":"https:\/\/www.anovapeneira.gal\/index.php\/wp-json\/wp\/v2\/posts\/9450\/revisions"}],"predecessor-version":[{"id":9451,"href":"https:\/\/www.anovapeneira.gal\/index.php\/wp-json\/wp\/v2\/posts\/9450\/revisions\/9451"}],"wp:featuredmedia":[{"embeddable":true,"href":"https:\/\/www.anovapeneira.gal\/index.php\/wp-json\/wp\/v2\/media\/9452"}],"wp:attachment":[{"href":"https:\/\/www.anovapeneira.gal\/index.php\/wp-json\/wp\/v2\/media?parent=9450"}],"wp:term":[{"taxonomy":"category","embeddable":true,"href":"https:\/\/www.anovapeneira.gal\/index.php\/wp-json\/wp\/v2\/categories?post=9450"},{"taxonomy":"post_tag","embeddable":true,"href":"https:\/\/www.anovapeneira.gal\/index.php\/wp-json\/wp\/v2\/tags?post=9450"}],"curies":[{"name":"wp","href":"https:\/\/api.w.org\/{rel}","templated":true}]}}