{"id":9453,"date":"2023-04-14T10:00:05","date_gmt":"2023-04-14T08:00:05","guid":{"rendered":"https:\/\/www.anovapeneira.gal\/?p=9453"},"modified":"2023-04-11T13:27:03","modified_gmt":"2023-04-11T11:27:03","slug":"o-partido-popular-e-a-filosofia-do-absurdo","status":"publish","type":"post","link":"https:\/\/www.anovapeneira.gal\/index.php\/2023\/04\/14\/o-partido-popular-e-a-filosofia-do-absurdo\/","title":{"rendered":"O Partido Popular e a filosof\u00eda do absurdo"},"content":{"rendered":"\n<h2 class=\"wp-block-heading\">\u201c<strong>Entre todos\u201d<\/strong><\/h2>\n\n\n\n<h2 class=\"wp-block-heading\"><strong>slogan electoral do PP para as municipais do 28 de maio.<\/strong><\/h2>\n\n\n\n<h2 class=\"wp-block-heading\">\u201c<strong>Non hai nada tan incrible que o poder da oratoria non poida volver aceptable\u201d<\/strong><\/h2>\n\n\n\n<h3 class=\"wp-block-heading\"><strong>Marco Tulio Cicer\u00f3n.<\/strong><\/h3>\n\n\n\n<figure class=\"wp-block-image size-full is-resized\"><img loading=\"lazy\" decoding=\"async\" src=\"https:\/\/www.anovapeneira.gal\/wp-content\/uploads\/2019\/05\/tino_lago_director_a_nova_peneira.jpg\" alt=\"Tino Lago director a Nova Peneira\" class=\"wp-image-189\" width=\"95\" height=\"111\"\/><figcaption class=\"wp-element-caption\">Tino Lago director a Nova Peneira<\/figcaption><\/figure>\n\n\n\n<p>A filosof\u00eda do absurdo \u00e9 unha teor\u00eda filos\u00f3fica que en li\u00f1as xerais ven dicir que a vida \u00e9 absurda. No interior de cada individuo subxacer\u00eda un conflito pois tratar\u00eda de atopar sentido aos sucesos e acontecementos coti\u00e1s , \u00e1 vida en xeral, e non poder\u00eda facelo pois para a raz\u00f3n humana non \u00e9 posible comprender os significados nin motivaci\u00f3ns vitais se as houbera. Co absurdo relaci\u00f3nase o mito grego de S\u00edsifo, aquel que refer\u00eda a condena eterna \u00e1 que era sometido este ser mitol\u00f3xico: empurrar de maneira permanente unha pesada rocha, costa arriba por unha monta\u00f1a, que pouco antes de chegar \u00e1 cima rodaba ata a posici\u00f3n inicial facendo que S\u00edsifo tivera que iniciar o proceso unha e outra vez, as\u00ed durante toda a eternidade.<\/p>\n\n\n\n<p>Ao longo da historia do pensamento foron moitas as interpretaci\u00f3ns do mito de S\u00edsifo. Eu voume quedar coa de Albert Camus quen no seu ensaio \u201cO mito de S\u00edsifo\u201d(1942) interpretouno como met\u00e1fora da condici\u00f3n humana que estar\u00eda determinada polo absurdo.<\/p>\n\n\n\n<p>O slogan que o PP utilizar\u00e1 na campa\u00f1a das vindeiras elecci\u00f3ns de maio parece que lle ven dar a raz\u00f3n aos defensores da teor\u00eda filos\u00f3fica do absurdo en xeral, e a Albert Camus en particular, pois amosa que a realidade pode ser absurda en grao superlativo, demostra que como manifestaba Cicer\u00f3n \u201c non hai nada tan incrible que a oratoria non poida converter en aceptable\u201d.<\/p>\n\n\n\n<p>Absurdo e Incrible si, estes son os adxectivos m\u00e1is apropiados para cualificar o \u201c Entre todos\u201d do PP.<\/p>\n\n\n\n<p>A dereita espa\u00f1ola chegou tarde e mal a todos os episodios relevantes que trataron de constru\u00edr unha convivencia en paz entre todas as persoas e pobos de Espa\u00f1a. Estiveron en contra do divorcio( Entre todos menos os que se divorcian?).Estiveron en contra da interrupci\u00f3n voluntaria do embarazo( Entre todos menos as mulleres que optaron por esta decisi\u00f3n?).Estiveron en contra do matrimonio igualitario( Entre todos menos as parellas do mesmo sexo que deciden casar?).Est\u00e1n en contra do feminismo( Entre todos menos as e os feministas?). Est\u00e1n en contra de aumentar o salario m\u00ednimo( Entre todos menos os pobres?) Est\u00e1n en contra das persoas que non sentimos a Espa\u00f1a como a nosa naci\u00f3n( Entre todos menos os nacionalistas perif\u00e9ricos?).Xa me dir\u00e1n como se conxuga o \u201c Entre todos\u201d con aquel \u201c A por ellos oh eehh\u201d??&#8230;&#8230;<\/p>\n\n\n\n<p>A dereita espa\u00f1ola \u00e9 clasista e sectaria .Divide \u00e1 sociedade en amigos, os que entende que est\u00e1n do seu lado, e inimigos, os que entende como adversarios. E non, non practica o \u201c Entre todos \u201c de ning\u00fan modo. Todo o contrario, a dereita espa\u00f1ola est\u00e1 para defender os intereses das oligarqu\u00edas econ\u00f3micas e daqueles que te\u00f1en unha concepci\u00f3n moral conservadora. Entre todos \u00e9 unha falacia , unha m\u00e1xima que non \u00e9 real. A dereita espa\u00f1ola, o PP, practica o Entre todos N\u00f3s( eles e s\u00f3 eles). A modo de exemplo s\u00f3 c\u00f3mpre analizar os convenios que asina a Xunta cos distintos concellos: Cantos con gobernos do PP?, e Cantos con gobernos doutras forzas pol\u00edticas?.<\/p>\n\n\n\n<p>Amigos e amigas que tivestes a paciencia de chegar ata aqu\u00ed e que tendes a honestidade intelectual necesaria e suficiente para desexar un Entre todos de verdade: S\u00f3 hai un cami\u00f1o: O PP debe de ser derrotado. Coa forza democr\u00e1tica dos votos o partido popular o 28 de maio debe de ser derrotado en todos e cada un dos concellos galegos.<\/p>\n\n\n\n<p>\u201c <strong>Hoxe a esquerda est\u00e1 acabada&#8230;..Mat\u00e1deos\u201d<\/strong><\/p>\n\n\n\n<p><strong>Isabel D\u00edaz Ayuso<\/strong><\/p>\n","protected":false},"excerpt":{"rendered":"<div class=\"mh-excerpt\"><p>A filosof\u00eda do absurdo \u00e9 unha teor\u00eda filos\u00f3fica que en li\u00f1as xerais ven dicir que a vida \u00e9 absurda <a class=\"mh-excerpt-more\" href=\"https:\/\/www.anovapeneira.gal\/index.php\/2023\/04\/14\/o-partido-popular-e-a-filosofia-do-absurdo\/\" title=\"O Partido Popular e a filosof\u00eda do absurdo\">[&#8230;]<\/a><\/p>\n<\/div>","protected":false},"author":2,"featured_media":9454,"comment_status":"open","ping_status":"open","sticky":false,"template":"","format":"standard","meta":{"_exactmetrics_skip_tracking":false,"_exactmetrics_sitenote_active":false,"_exactmetrics_sitenote_note":"","_exactmetrics_sitenote_category":0,"footnotes":""},"categories":[61],"tags":[],"class_list":{"0":"post-9453","1":"post","2":"type-post","3":"status-publish","4":"format-standard","5":"has-post-thumbnail","7":"category-artigo-editorial"},"yoast_head":"<!-- This site is optimized with the Yoast SEO plugin v27.5 - https:\/\/yoast.com\/product\/yoast-seo-wordpress\/ -->\n<title>O Partido Popular e a filosof\u00eda do absurdo -<\/title>\n<meta name=\"description\" content=\"A filosof\u00eda do absurdo \u00e9 unha teor\u00eda filos\u00f3fica que en li\u00f1as xerais ven dicir que a vida \u00e9 absurda\" \/>\n<meta name=\"robots\" content=\"index, follow, max-snippet:-1, max-image-preview:large, max-video-preview:-1\" \/>\n<link rel=\"canonical\" href=\"https:\/\/www.anovapeneira.gal\/index.php\/2023\/04\/14\/o-partido-popular-e-a-filosofia-do-absurdo\/\" \/>\n<meta property=\"og:locale\" content=\"gl_ES\" \/>\n<meta property=\"og:type\" content=\"article\" \/>\n<meta property=\"og:title\" content=\"O Partido Popular e a filosof\u00eda do absurdo -\" \/>\n<meta property=\"og:description\" content=\"A filosof\u00eda do absurdo \u00e9 unha teor\u00eda filos\u00f3fica que en li\u00f1as xerais ven dicir que a vida \u00e9 absurda\" \/>\n<meta property=\"og:url\" content=\"https:\/\/www.anovapeneira.gal\/index.php\/2023\/04\/14\/o-partido-popular-e-a-filosofia-do-absurdo\/\" \/>\n<meta property=\"article:publisher\" content=\"https:\/\/www.facebook.com\/anovapeneira\" \/>\n<meta property=\"article:published_time\" content=\"2023-04-14T08:00:05+00:00\" \/>\n<meta property=\"og:image\" content=\"https:\/\/www.anovapeneira.gal\/wp-content\/uploads\/2023\/04\/editorial.png\" \/>\n\t<meta property=\"og:image:width\" content=\"720\" \/>\n\t<meta property=\"og:image:height\" content=\"432\" \/>\n\t<meta property=\"og:image:type\" content=\"image\/png\" \/>\n<meta name=\"author\" content=\"Tino Lago\" \/>\n<meta name=\"twitter:card\" content=\"summary_large_image\" \/>\n<meta name=\"twitter:image\" content=\"https:\/\/www.anovapeneira.gal\/wp-content\/uploads\/2023\/04\/editorial.png\" \/>\n<meta name=\"twitter:creator\" content=\"@APeneira\" \/>\n<meta name=\"twitter:site\" content=\"@APeneira\" \/>\n<meta name=\"twitter:label1\" content=\"Escrito por\" \/>\n\t<meta name=\"twitter:data1\" content=\"Tino Lago\" \/>\n\t<meta name=\"twitter:label2\" content=\"Tempo de lectura\" \/>\n\t<meta name=\"twitter:data2\" content=\"4 minutos\" \/>\n<script type=\"application\/ld+json\" class=\"yoast-schema-graph\">{\"@context\":\"https:\\\/\\\/schema.org\",\"@graph\":[{\"@type\":\"Article\",\"@id\":\"https:\\\/\\\/www.anovapeneira.gal\\\/index.php\\\/2023\\\/04\\\/14\\\/o-partido-popular-e-a-filosofia-do-absurdo\\\/#article\",\"isPartOf\":{\"@id\":\"https:\\\/\\\/www.anovapeneira.gal\\\/index.php\\\/2023\\\/04\\\/14\\\/o-partido-popular-e-a-filosofia-do-absurdo\\\/\"},\"author\":{\"name\":\"Tino Lago\",\"@id\":\"https:\\\/\\\/www.anovapeneira.gal\\\/#\\\/schema\\\/person\\\/424dfe65e3070fd8a44d22d2c088762a\"},\"headline\":\"O Partido Popular e a filosof\u00eda do absurdo\",\"datePublished\":\"2023-04-14T08:00:05+00:00\",\"mainEntityOfPage\":{\"@id\":\"https:\\\/\\\/www.anovapeneira.gal\\\/index.php\\\/2023\\\/04\\\/14\\\/o-partido-popular-e-a-filosofia-do-absurdo\\\/\"},\"wordCount\":657,\"commentCount\":0,\"publisher\":{\"@id\":\"https:\\\/\\\/www.anovapeneira.gal\\\/#organization\"},\"image\":{\"@id\":\"https:\\\/\\\/www.anovapeneira.gal\\\/index.php\\\/2023\\\/04\\\/14\\\/o-partido-popular-e-a-filosofia-do-absurdo\\\/#primaryimage\"},\"thumbnailUrl\":\"https:\\\/\\\/www.anovapeneira.gal\\\/wp-content\\\/uploads\\\/2023\\\/04\\\/editorial.png\",\"articleSection\":[\"Artigo editorial\"],\"inLanguage\":\"gl-ES\",\"potentialAction\":[{\"@type\":\"CommentAction\",\"name\":\"Comment\",\"target\":[\"https:\\\/\\\/www.anovapeneira.gal\\\/index.php\\\/2023\\\/04\\\/14\\\/o-partido-popular-e-a-filosofia-do-absurdo\\\/#respond\"]}]},{\"@type\":\"WebPage\",\"@id\":\"https:\\\/\\\/www.anovapeneira.gal\\\/index.php\\\/2023\\\/04\\\/14\\\/o-partido-popular-e-a-filosofia-do-absurdo\\\/\",\"url\":\"https:\\\/\\\/www.anovapeneira.gal\\\/index.php\\\/2023\\\/04\\\/14\\\/o-partido-popular-e-a-filosofia-do-absurdo\\\/\",\"name\":\"O Partido Popular e a filosof\u00eda do absurdo -\",\"isPartOf\":{\"@id\":\"https:\\\/\\\/www.anovapeneira.gal\\\/#website\"},\"primaryImageOfPage\":{\"@id\":\"https:\\\/\\\/www.anovapeneira.gal\\\/index.php\\\/2023\\\/04\\\/14\\\/o-partido-popular-e-a-filosofia-do-absurdo\\\/#primaryimage\"},\"image\":{\"@id\":\"https:\\\/\\\/www.anovapeneira.gal\\\/index.php\\\/2023\\\/04\\\/14\\\/o-partido-popular-e-a-filosofia-do-absurdo\\\/#primaryimage\"},\"thumbnailUrl\":\"https:\\\/\\\/www.anovapeneira.gal\\\/wp-content\\\/uploads\\\/2023\\\/04\\\/editorial.png\",\"datePublished\":\"2023-04-14T08:00:05+00:00\",\"description\":\"A filosof\u00eda do absurdo \u00e9 unha teor\u00eda filos\u00f3fica que en li\u00f1as xerais ven dicir que a vida \u00e9 absurda\",\"breadcrumb\":{\"@id\":\"https:\\\/\\\/www.anovapeneira.gal\\\/index.php\\\/2023\\\/04\\\/14\\\/o-partido-popular-e-a-filosofia-do-absurdo\\\/#breadcrumb\"},\"inLanguage\":\"gl-ES\",\"potentialAction\":[{\"@type\":\"ReadAction\",\"target\":[\"https:\\\/\\\/www.anovapeneira.gal\\\/index.php\\\/2023\\\/04\\\/14\\\/o-partido-popular-e-a-filosofia-do-absurdo\\\/\"]}]},{\"@type\":\"ImageObject\",\"inLanguage\":\"gl-ES\",\"@id\":\"https:\\\/\\\/www.anovapeneira.gal\\\/index.php\\\/2023\\\/04\\\/14\\\/o-partido-popular-e-a-filosofia-do-absurdo\\\/#primaryimage\",\"url\":\"https:\\\/\\\/www.anovapeneira.gal\\\/wp-content\\\/uploads\\\/2023\\\/04\\\/editorial.png\",\"contentUrl\":\"https:\\\/\\\/www.anovapeneira.gal\\\/wp-content\\\/uploads\\\/2023\\\/04\\\/editorial.png\",\"width\":720,\"height\":432,\"caption\":\"Marco Tulio Cicer\u00f3n\"},{\"@type\":\"BreadcrumbList\",\"@id\":\"https:\\\/\\\/www.anovapeneira.gal\\\/index.php\\\/2023\\\/04\\\/14\\\/o-partido-popular-e-a-filosofia-do-absurdo\\\/#breadcrumb\",\"itemListElement\":[{\"@type\":\"ListItem\",\"position\":1,\"name\":\"Portada\",\"item\":\"https:\\\/\\\/www.anovapeneira.gal\\\/\"},{\"@type\":\"ListItem\",\"position\":2,\"name\":\"O Partido Popular e a filosof\u00eda do absurdo\"}]},{\"@type\":\"WebSite\",\"@id\":\"https:\\\/\\\/www.anovapeneira.gal\\\/#website\",\"url\":\"https:\\\/\\\/www.anovapeneira.gal\\\/\",\"name\":\"\",\"description\":\"Xornal galego de informaci\u00f3n xeral Publicaci\u00f3n mensual de novas de Galicia e en especial dos Concellos da sur da provincia de Pontevedra.\",\"publisher\":{\"@id\":\"https:\\\/\\\/www.anovapeneira.gal\\\/#organization\"},\"potentialAction\":[{\"@type\":\"SearchAction\",\"target\":{\"@type\":\"EntryPoint\",\"urlTemplate\":\"https:\\\/\\\/www.anovapeneira.gal\\\/?s={search_term_string}\"},\"query-input\":{\"@type\":\"PropertyValueSpecification\",\"valueRequired\":true,\"valueName\":\"search_term_string\"}}],\"inLanguage\":\"gl-ES\"},{\"@type\":\"Organization\",\"@id\":\"https:\\\/\\\/www.anovapeneira.gal\\\/#organization\",\"name\":\"A Nova Peneira\",\"url\":\"https:\\\/\\\/www.anovapeneira.gal\\\/\",\"logo\":{\"@type\":\"ImageObject\",\"inLanguage\":\"gl-ES\",\"@id\":\"https:\\\/\\\/www.anovapeneira.gal\\\/#\\\/schema\\\/logo\\\/image\\\/\",\"url\":\"http:\\\/\\\/www.anovapeneira.gal\\\/wp-content\\\/uploads\\\/2019\\\/06\\\/logo_a_nova_peneira_portal_web.png\",\"contentUrl\":\"http:\\\/\\\/www.anovapeneira.gal\\\/wp-content\\\/uploads\\\/2019\\\/06\\\/logo_a_nova_peneira_portal_web.png\",\"width\":300,\"height\":100,\"caption\":\"A Nova Peneira\"},\"image\":{\"@id\":\"https:\\\/\\\/www.anovapeneira.gal\\\/#\\\/schema\\\/logo\\\/image\\\/\"},\"sameAs\":[\"https:\\\/\\\/www.facebook.com\\\/anovapeneira\",\"https:\\\/\\\/x.com\\\/APeneira\"]},{\"@type\":\"Person\",\"@id\":\"https:\\\/\\\/www.anovapeneira.gal\\\/#\\\/schema\\\/person\\\/424dfe65e3070fd8a44d22d2c088762a\",\"name\":\"Tino Lago\",\"image\":{\"@type\":\"ImageObject\",\"inLanguage\":\"gl-ES\",\"@id\":\"https:\\\/\\\/secure.gravatar.com\\\/avatar\\\/b3df6a06e44bab3111583b90f0f33a0379ee5e3d22cbadd232d39f21c30c62be?s=96&d=mm&r=g\",\"url\":\"https:\\\/\\\/secure.gravatar.com\\\/avatar\\\/b3df6a06e44bab3111583b90f0f33a0379ee5e3d22cbadd232d39f21c30c62be?s=96&d=mm&r=g\",\"contentUrl\":\"https:\\\/\\\/secure.gravatar.com\\\/avatar\\\/b3df6a06e44bab3111583b90f0f33a0379ee5e3d22cbadd232d39f21c30c62be?s=96&d=mm&r=g\",\"caption\":\"Tino Lago\"},\"sameAs\":[\"http:\\\/\\\/www.anovapeneira.gal\"],\"url\":\"https:\\\/\\\/www.anovapeneira.gal\\\/index.php\\\/author\\\/director\\\/\"}]}<\/script>\n<!-- \/ Yoast SEO plugin. -->","yoast_head_json":{"title":"O Partido Popular e a filosof\u00eda do absurdo -","description":"A filosof\u00eda do absurdo \u00e9 unha teor\u00eda filos\u00f3fica que en li\u00f1as xerais ven dicir que a vida \u00e9 absurda","robots":{"index":"index","follow":"follow","max-snippet":"max-snippet:-1","max-image-preview":"max-image-preview:large","max-video-preview":"max-video-preview:-1"},"canonical":"https:\/\/www.anovapeneira.gal\/index.php\/2023\/04\/14\/o-partido-popular-e-a-filosofia-do-absurdo\/","og_locale":"gl_ES","og_type":"article","og_title":"O Partido Popular e a filosof\u00eda do absurdo -","og_description":"A filosof\u00eda do absurdo \u00e9 unha teor\u00eda filos\u00f3fica que en li\u00f1as xerais ven dicir que a vida \u00e9 absurda","og_url":"https:\/\/www.anovapeneira.gal\/index.php\/2023\/04\/14\/o-partido-popular-e-a-filosofia-do-absurdo\/","article_publisher":"https:\/\/www.facebook.com\/anovapeneira","article_published_time":"2023-04-14T08:00:05+00:00","og_image":[{"width":720,"height":432,"url":"https:\/\/www.anovapeneira.gal\/wp-content\/uploads\/2023\/04\/editorial.png","type":"image\/png"}],"author":"Tino Lago","twitter_card":"summary_large_image","twitter_image":"https:\/\/www.anovapeneira.gal\/wp-content\/uploads\/2023\/04\/editorial.png","twitter_creator":"@APeneira","twitter_site":"@APeneira","twitter_misc":{"Escrito por":"Tino Lago","Tempo de lectura":"4 minutos"},"schema":{"@context":"https:\/\/schema.org","@graph":[{"@type":"Article","@id":"https:\/\/www.anovapeneira.gal\/index.php\/2023\/04\/14\/o-partido-popular-e-a-filosofia-do-absurdo\/#article","isPartOf":{"@id":"https:\/\/www.anovapeneira.gal\/index.php\/2023\/04\/14\/o-partido-popular-e-a-filosofia-do-absurdo\/"},"author":{"name":"Tino Lago","@id":"https:\/\/www.anovapeneira.gal\/#\/schema\/person\/424dfe65e3070fd8a44d22d2c088762a"},"headline":"O Partido Popular e a filosof\u00eda do absurdo","datePublished":"2023-04-14T08:00:05+00:00","mainEntityOfPage":{"@id":"https:\/\/www.anovapeneira.gal\/index.php\/2023\/04\/14\/o-partido-popular-e-a-filosofia-do-absurdo\/"},"wordCount":657,"commentCount":0,"publisher":{"@id":"https:\/\/www.anovapeneira.gal\/#organization"},"image":{"@id":"https:\/\/www.anovapeneira.gal\/index.php\/2023\/04\/14\/o-partido-popular-e-a-filosofia-do-absurdo\/#primaryimage"},"thumbnailUrl":"https:\/\/www.anovapeneira.gal\/wp-content\/uploads\/2023\/04\/editorial.png","articleSection":["Artigo editorial"],"inLanguage":"gl-ES","potentialAction":[{"@type":"CommentAction","name":"Comment","target":["https:\/\/www.anovapeneira.gal\/index.php\/2023\/04\/14\/o-partido-popular-e-a-filosofia-do-absurdo\/#respond"]}]},{"@type":"WebPage","@id":"https:\/\/www.anovapeneira.gal\/index.php\/2023\/04\/14\/o-partido-popular-e-a-filosofia-do-absurdo\/","url":"https:\/\/www.anovapeneira.gal\/index.php\/2023\/04\/14\/o-partido-popular-e-a-filosofia-do-absurdo\/","name":"O Partido Popular e a filosof\u00eda do absurdo -","isPartOf":{"@id":"https:\/\/www.anovapeneira.gal\/#website"},"primaryImageOfPage":{"@id":"https:\/\/www.anovapeneira.gal\/index.php\/2023\/04\/14\/o-partido-popular-e-a-filosofia-do-absurdo\/#primaryimage"},"image":{"@id":"https:\/\/www.anovapeneira.gal\/index.php\/2023\/04\/14\/o-partido-popular-e-a-filosofia-do-absurdo\/#primaryimage"},"thumbnailUrl":"https:\/\/www.anovapeneira.gal\/wp-content\/uploads\/2023\/04\/editorial.png","datePublished":"2023-04-14T08:00:05+00:00","description":"A filosof\u00eda do absurdo \u00e9 unha teor\u00eda filos\u00f3fica que en li\u00f1as xerais ven dicir que a vida \u00e9 absurda","breadcrumb":{"@id":"https:\/\/www.anovapeneira.gal\/index.php\/2023\/04\/14\/o-partido-popular-e-a-filosofia-do-absurdo\/#breadcrumb"},"inLanguage":"gl-ES","potentialAction":[{"@type":"ReadAction","target":["https:\/\/www.anovapeneira.gal\/index.php\/2023\/04\/14\/o-partido-popular-e-a-filosofia-do-absurdo\/"]}]},{"@type":"ImageObject","inLanguage":"gl-ES","@id":"https:\/\/www.anovapeneira.gal\/index.php\/2023\/04\/14\/o-partido-popular-e-a-filosofia-do-absurdo\/#primaryimage","url":"https:\/\/www.anovapeneira.gal\/wp-content\/uploads\/2023\/04\/editorial.png","contentUrl":"https:\/\/www.anovapeneira.gal\/wp-content\/uploads\/2023\/04\/editorial.png","width":720,"height":432,"caption":"Marco Tulio Cicer\u00f3n"},{"@type":"BreadcrumbList","@id":"https:\/\/www.anovapeneira.gal\/index.php\/2023\/04\/14\/o-partido-popular-e-a-filosofia-do-absurdo\/#breadcrumb","itemListElement":[{"@type":"ListItem","position":1,"name":"Portada","item":"https:\/\/www.anovapeneira.gal\/"},{"@type":"ListItem","position":2,"name":"O Partido Popular e a filosof\u00eda do absurdo"}]},{"@type":"WebSite","@id":"https:\/\/www.anovapeneira.gal\/#website","url":"https:\/\/www.anovapeneira.gal\/","name":"","description":"Xornal galego de informaci\u00f3n xeral Publicaci\u00f3n mensual de novas de Galicia e en especial dos Concellos da sur da provincia de Pontevedra.","publisher":{"@id":"https:\/\/www.anovapeneira.gal\/#organization"},"potentialAction":[{"@type":"SearchAction","target":{"@type":"EntryPoint","urlTemplate":"https:\/\/www.anovapeneira.gal\/?s={search_term_string}"},"query-input":{"@type":"PropertyValueSpecification","valueRequired":true,"valueName":"search_term_string"}}],"inLanguage":"gl-ES"},{"@type":"Organization","@id":"https:\/\/www.anovapeneira.gal\/#organization","name":"A Nova Peneira","url":"https:\/\/www.anovapeneira.gal\/","logo":{"@type":"ImageObject","inLanguage":"gl-ES","@id":"https:\/\/www.anovapeneira.gal\/#\/schema\/logo\/image\/","url":"http:\/\/www.anovapeneira.gal\/wp-content\/uploads\/2019\/06\/logo_a_nova_peneira_portal_web.png","contentUrl":"http:\/\/www.anovapeneira.gal\/wp-content\/uploads\/2019\/06\/logo_a_nova_peneira_portal_web.png","width":300,"height":100,"caption":"A Nova Peneira"},"image":{"@id":"https:\/\/www.anovapeneira.gal\/#\/schema\/logo\/image\/"},"sameAs":["https:\/\/www.facebook.com\/anovapeneira","https:\/\/x.com\/APeneira"]},{"@type":"Person","@id":"https:\/\/www.anovapeneira.gal\/#\/schema\/person\/424dfe65e3070fd8a44d22d2c088762a","name":"Tino Lago","image":{"@type":"ImageObject","inLanguage":"gl-ES","@id":"https:\/\/secure.gravatar.com\/avatar\/b3df6a06e44bab3111583b90f0f33a0379ee5e3d22cbadd232d39f21c30c62be?s=96&d=mm&r=g","url":"https:\/\/secure.gravatar.com\/avatar\/b3df6a06e44bab3111583b90f0f33a0379ee5e3d22cbadd232d39f21c30c62be?s=96&d=mm&r=g","contentUrl":"https:\/\/secure.gravatar.com\/avatar\/b3df6a06e44bab3111583b90f0f33a0379ee5e3d22cbadd232d39f21c30c62be?s=96&d=mm&r=g","caption":"Tino Lago"},"sameAs":["http:\/\/www.anovapeneira.gal"],"url":"https:\/\/www.anovapeneira.gal\/index.php\/author\/director\/"}]}},"jetpack_featured_media_url":"https:\/\/www.anovapeneira.gal\/wp-content\/uploads\/2023\/04\/editorial.png","_links":{"self":[{"href":"https:\/\/www.anovapeneira.gal\/index.php\/wp-json\/wp\/v2\/posts\/9453","targetHints":{"allow":["GET"]}}],"collection":[{"href":"https:\/\/www.anovapeneira.gal\/index.php\/wp-json\/wp\/v2\/posts"}],"about":[{"href":"https:\/\/www.anovapeneira.gal\/index.php\/wp-json\/wp\/v2\/types\/post"}],"author":[{"embeddable":true,"href":"https:\/\/www.anovapeneira.gal\/index.php\/wp-json\/wp\/v2\/users\/2"}],"replies":[{"embeddable":true,"href":"https:\/\/www.anovapeneira.gal\/index.php\/wp-json\/wp\/v2\/comments?post=9453"}],"version-history":[{"count":1,"href":"https:\/\/www.anovapeneira.gal\/index.php\/wp-json\/wp\/v2\/posts\/9453\/revisions"}],"predecessor-version":[{"id":9455,"href":"https:\/\/www.anovapeneira.gal\/index.php\/wp-json\/wp\/v2\/posts\/9453\/revisions\/9455"}],"wp:featuredmedia":[{"embeddable":true,"href":"https:\/\/www.anovapeneira.gal\/index.php\/wp-json\/wp\/v2\/media\/9454"}],"wp:attachment":[{"href":"https:\/\/www.anovapeneira.gal\/index.php\/wp-json\/wp\/v2\/media?parent=9453"}],"wp:term":[{"taxonomy":"category","embeddable":true,"href":"https:\/\/www.anovapeneira.gal\/index.php\/wp-json\/wp\/v2\/categories?post=9453"},{"taxonomy":"post_tag","embeddable":true,"href":"https:\/\/www.anovapeneira.gal\/index.php\/wp-json\/wp\/v2\/tags?post=9453"}],"curies":[{"name":"wp","href":"https:\/\/api.w.org\/{rel}","templated":true}]}}