{"id":9456,"date":"2023-04-14T12:00:19","date_gmt":"2023-04-14T10:00:19","guid":{"rendered":"https:\/\/www.anovapeneira.gal\/?p=9456"},"modified":"2023-04-11T13:27:10","modified_gmt":"2023-04-11T11:27:10","slug":"o-alcalde-poeta-e-xornalista-johan-carballeira-sera-lembrado-no-86o-aniversario-do-seu-fusilamento","status":"publish","type":"post","link":"https:\/\/www.anovapeneira.gal\/index.php\/2023\/04\/14\/o-alcalde-poeta-e-xornalista-johan-carballeira-sera-lembrado-no-86o-aniversario-do-seu-fusilamento\/","title":{"rendered":"O alcalde, poeta e xornalista Johan Carballeira ser\u00e1 lembrado no 86\u00ba aniversario do seu fusilamento"},"content":{"rendered":"\n<ul class=\"wp-block-list\">\n<li><strong>Os actos, organizados polo Concello de Bueu e a Asociaci\u00f3n de Amigos de Johan Carballeira, celebraranse o 14 e 16 de abril e incl\u00faen a proxecci\u00f3n dun documental e a tradicional ofrenda floral<\/strong><\/li>\n<\/ul>\n\n\n\n<p><strong>Bueu, a 10 de abril de 2023<\/strong><\/p>\n\n\n\n<p>Coincidindo coa celebraci\u00f3n do 86\u00ba aniversario do fusilamento de Johan Carballeira, o Concello de Bueu e a Asociaci\u00f3n de Amigos de Johan Carballeira organizan un programa de actos de homenaxe que que se desenvolver\u00e1n o 14 e o 16 de abril, e cos que se pretende seguir afondando na recuperaci\u00f3n da memoria hist\u00f3rica e, nomeadamente, de Johan Carballeira, quen fora alcalde de Bueu, poeta e xornalista.<\/p>\n\n\n\n<figure class=\"wp-block-image size-large\"><img loading=\"lazy\" decoding=\"async\" width=\"724\" height=\"1024\" src=\"https:\/\/www.anovapeneira.gal\/wp-content\/uploads\/2023\/04\/cartel-homenaxe-johan-carballeira-724x1024.jpg\" alt=\"\" class=\"wp-image-9458\" srcset=\"https:\/\/www.anovapeneira.gal\/wp-content\/uploads\/2023\/04\/cartel-homenaxe-johan-carballeira-724x1024.jpg 724w, https:\/\/www.anovapeneira.gal\/wp-content\/uploads\/2023\/04\/cartel-homenaxe-johan-carballeira-212x300.jpg 212w, https:\/\/www.anovapeneira.gal\/wp-content\/uploads\/2023\/04\/cartel-homenaxe-johan-carballeira-768x1086.jpg 768w, https:\/\/www.anovapeneira.gal\/wp-content\/uploads\/2023\/04\/cartel-homenaxe-johan-carballeira-1086x1536.jpg 1086w, https:\/\/www.anovapeneira.gal\/wp-content\/uploads\/2023\/04\/cartel-homenaxe-johan-carballeira-1448x2048.jpg 1448w, https:\/\/www.anovapeneira.gal\/wp-content\/uploads\/2023\/04\/cartel-homenaxe-johan-carballeira-scaled.jpg 1810w\" sizes=\"auto, (max-width: 724px) 100vw, 724px\" \/><\/figure>\n\n\n\n<p>Os actos comezar\u00e1n o venres \u00e1s 20 horas no Centro Social do Mar coa proxecci\u00f3n do documental <em>Acorda<\/em>, que foi elaborado polo departamento provincial de Memoria Hist\u00f3rica e tam\u00e9n producido pola Deputaci\u00f3n de Pontevedra, co que se pretende po\u00f1er en valor lugares e feitos de memoria na provincia a trav\u00e9s da m\u00fasica. Este audiovisual, que se programa en Bueu de balde grazas ao apoio da instituci\u00f3n provincial, \u00e9 unha mensaxe de paz, memoria e rebeld\u00eda para as novas xeraci\u00f3ns, segundo se explica na sinopse. No proxecto participan voces moi diversas e reivindicativas do panorama musical galego actual: Tanxugueiras, Eladio Santos, Emilio R\u00faa, Silvia Penide, Ugia Pedreira, Sheila Patricia \u2014bisneta dunha das madri\u00f1as de San Sim\u00f3n, mulleres que levaban alimento aos presos na illa\u2014, Ezetaerre, Su Garrido Pombo e a propia Ux\u00eda. Ademais, o documental re\u00fane un elenco formado por Tero Rodr\u00edguez, Andr\u00e9s Gir\u00e1ldez ou Eduardo R. Cunha <em>Tat\u00e1n<\/em>, entre outros, xunto a testemu\u00f1as reais. En palabras de Ux\u00eda, Acorda pretende ser tam\u00e9n un exemplo de resistencia e dignidade, unha homenaxe \u00e1s v\u00edtimas que perderon a vida na loita pola democracia e a liberdade, e que merecen esta visibilidade. Entre os espazos escollidos para a grabaci\u00f3n da peza atopamos a Antiga Escola Normal de Pontevedra, a ponte Regueiro n\u2019 A Estrada, ou a Praia de Mass\u00f3 en Cangas. Dado o seu interese e orixinalidade, despois da proxecci\u00f3n tam\u00e9n ter\u00e1 lugar un coloquio co p\u00fablico asistente.<\/p>\n\n\n\n<p>O domingo \u00e1s 12.00 horas celebrarase a habitual ofrenda floral xunto ao monumento dedicado a Carballeira e que se sit\u00faa na entrada da praia da Banda do R\u00edo. Al\u00ed, as persoas asistentes lembrar\u00e1n a este home, que foi alcalde de Bueu antes do golpe de estado do 1936, amais de poeta e xornalista sempre a favor das causas xustas. O acto contar\u00e1 coas intervenci\u00f3ns do poeta Xos\u00e9 Mar\u00eda \u00c1lvarez C\u00e1ccamo, de Enriqueta Molas, presidenta de Memoria Hist\u00f3rica Mar\u00edn, e de F\u00e9lix Juncal, alcalde do Concello de Bueu. No monumento depositarase un ramo de flores que lembra o seu fusilamento acontecido o 17 de abril de 1937 no monte da Caeira, en Poio, despois de pasar varios meses no lazareto de San Sim\u00f3n. O acto culminar\u00e1 coa interpretaci\u00f3n musical da violinista L\u00eda Vilas.<\/p>\n\n\n\n<p><strong>Premios Johan Carballeira<\/strong><\/p>\n\n\n\n<p>Por outra banda, a concellar\u00eda de cultura dar\u00e1 a co\u00f1ecer entre finais deste mes e comezos de maio os traballos ga\u00f1adores dos Premios Johan Carballeira de Poes\u00eda e Xornalismo, decisi\u00f3n que ser\u00e1 adoptada tras a reuni\u00f3n de dous xurados conformados por persoas profesionais do mundo po\u00e9tico e xornal\u00edstico.<\/p>\n","protected":false},"excerpt":{"rendered":"<div class=\"mh-excerpt\"><p>Os actos, organizados polo Concello de Bueu e a Asociaci\u00f3n de Amigos de Johan Carballeira, celebraranse o 14 e 16 de abril e incl\u00faen a proxecci\u00f3n dun documental e a tradicional ofrenda floral <a class=\"mh-excerpt-more\" href=\"https:\/\/www.anovapeneira.gal\/index.php\/2023\/04\/14\/o-alcalde-poeta-e-xornalista-johan-carballeira-sera-lembrado-no-86o-aniversario-do-seu-fusilamento\/\" title=\"O alcalde, poeta e xornalista Johan Carballeira ser\u00e1 lembrado no 86\u00ba aniversario do seu fusilamento\">[&#8230;]<\/a><\/p>\n<\/div>","protected":false},"author":3,"featured_media":9459,"comment_status":"open","ping_status":"open","sticky":false,"template":"","format":"standard","meta":{"_exactmetrics_skip_tracking":false,"_exactmetrics_sitenote_active":false,"_exactmetrics_sitenote_note":"","_exactmetrics_sitenote_category":0,"footnotes":""},"categories":[22,1],"tags":[440],"class_list":{"0":"post-9456","1":"post","2":"type-post","3":"status-publish","4":"format-standard","5":"has-post-thumbnail","7":"category-morrazo","8":"category-sin-categoria","9":"tag-concello-de-bueu"},"yoast_head":"<!-- This site is optimized with the Yoast SEO plugin v27.4 - https:\/\/yoast.com\/product\/yoast-seo-wordpress\/ -->\n<title>O alcalde, poeta e xornalista Johan Carballeira ser\u00e1 lembrado no 86\u00ba aniversario do seu fusilamento -<\/title>\n<meta name=\"description\" content=\"Os actos, organizados polo Concello de Bueu e a Asociaci\u00f3n de Amigos de Johan Carballeira, celebraranse o 14 e 16 de abril e incl\u00faen a proxecci\u00f3n dun documental e a tradicional ofrenda floral\" \/>\n<meta name=\"robots\" content=\"index, follow, max-snippet:-1, max-image-preview:large, max-video-preview:-1\" \/>\n<link rel=\"canonical\" href=\"https:\/\/www.anovapeneira.gal\/index.php\/2023\/04\/14\/o-alcalde-poeta-e-xornalista-johan-carballeira-sera-lembrado-no-86o-aniversario-do-seu-fusilamento\/\" \/>\n<meta property=\"og:locale\" content=\"gl_ES\" \/>\n<meta property=\"og:type\" content=\"article\" \/>\n<meta property=\"og:title\" content=\"O alcalde, poeta e xornalista Johan Carballeira ser\u00e1 lembrado no 86\u00ba aniversario do seu fusilamento -\" \/>\n<meta property=\"og:description\" content=\"Os actos, organizados polo Concello de Bueu e a Asociaci\u00f3n de Amigos de Johan Carballeira, celebraranse o 14 e 16 de abril e incl\u00faen a proxecci\u00f3n dun documental e a tradicional ofrenda floral\" \/>\n<meta property=\"og:url\" content=\"https:\/\/www.anovapeneira.gal\/index.php\/2023\/04\/14\/o-alcalde-poeta-e-xornalista-johan-carballeira-sera-lembrado-no-86o-aniversario-do-seu-fusilamento\/\" \/>\n<meta property=\"article:publisher\" content=\"https:\/\/www.facebook.com\/anovapeneira\" \/>\n<meta property=\"article:published_time\" content=\"2023-04-14T10:00:19+00:00\" \/>\n<meta property=\"og:image\" content=\"https:\/\/www.anovapeneira.gal\/wp-content\/uploads\/2023\/04\/85_aniversario_j_carballeira.jpg\" \/>\n\t<meta property=\"og:image:width\" content=\"720\" \/>\n\t<meta property=\"og:image:height\" content=\"432\" \/>\n\t<meta property=\"og:image:type\" content=\"image\/jpeg\" \/>\n<meta name=\"author\" content=\"Redacci\u00f3n A Nova Peneira\" \/>\n<meta name=\"twitter:card\" content=\"summary_large_image\" \/>\n<meta name=\"twitter:creator\" content=\"@APeneira\" \/>\n<meta name=\"twitter:site\" content=\"@APeneira\" \/>\n<meta name=\"twitter:label1\" content=\"Escrito por\" \/>\n\t<meta name=\"twitter:data1\" content=\"Redacci\u00f3n A Nova Peneira\" \/>\n\t<meta name=\"twitter:label2\" content=\"Tempo de lectura\" \/>\n\t<meta name=\"twitter:data2\" content=\"4 minutos\" \/>\n<script type=\"application\/ld+json\" class=\"yoast-schema-graph\">{\"@context\":\"https:\\\/\\\/schema.org\",\"@graph\":[{\"@type\":\"Article\",\"@id\":\"https:\\\/\\\/www.anovapeneira.gal\\\/index.php\\\/2023\\\/04\\\/14\\\/o-alcalde-poeta-e-xornalista-johan-carballeira-sera-lembrado-no-86o-aniversario-do-seu-fusilamento\\\/#article\",\"isPartOf\":{\"@id\":\"https:\\\/\\\/www.anovapeneira.gal\\\/index.php\\\/2023\\\/04\\\/14\\\/o-alcalde-poeta-e-xornalista-johan-carballeira-sera-lembrado-no-86o-aniversario-do-seu-fusilamento\\\/\"},\"author\":{\"name\":\"Redacci\u00f3n A Nova Peneira\",\"@id\":\"https:\\\/\\\/www.anovapeneira.gal\\\/#\\\/schema\\\/person\\\/b93e3f8932e3f8da96334607eb6ac6aa\"},\"headline\":\"O alcalde, poeta e xornalista Johan Carballeira ser\u00e1 lembrado no 86\u00ba aniversario do seu fusilamento\",\"datePublished\":\"2023-04-14T10:00:19+00:00\",\"mainEntityOfPage\":{\"@id\":\"https:\\\/\\\/www.anovapeneira.gal\\\/index.php\\\/2023\\\/04\\\/14\\\/o-alcalde-poeta-e-xornalista-johan-carballeira-sera-lembrado-no-86o-aniversario-do-seu-fusilamento\\\/\"},\"wordCount\":580,\"commentCount\":0,\"publisher\":{\"@id\":\"https:\\\/\\\/www.anovapeneira.gal\\\/#organization\"},\"image\":{\"@id\":\"https:\\\/\\\/www.anovapeneira.gal\\\/index.php\\\/2023\\\/04\\\/14\\\/o-alcalde-poeta-e-xornalista-johan-carballeira-sera-lembrado-no-86o-aniversario-do-seu-fusilamento\\\/#primaryimage\"},\"thumbnailUrl\":\"https:\\\/\\\/www.anovapeneira.gal\\\/wp-content\\\/uploads\\\/2023\\\/04\\\/85_aniversario_j_carballeira.jpg\",\"keywords\":[\"Concello de Bueu\"],\"articleSection\":[\"Morrazo\",\"Sin categor\u00eda\"],\"inLanguage\":\"gl-ES\",\"potentialAction\":[{\"@type\":\"CommentAction\",\"name\":\"Comment\",\"target\":[\"https:\\\/\\\/www.anovapeneira.gal\\\/index.php\\\/2023\\\/04\\\/14\\\/o-alcalde-poeta-e-xornalista-johan-carballeira-sera-lembrado-no-86o-aniversario-do-seu-fusilamento\\\/#respond\"]}]},{\"@type\":\"WebPage\",\"@id\":\"https:\\\/\\\/www.anovapeneira.gal\\\/index.php\\\/2023\\\/04\\\/14\\\/o-alcalde-poeta-e-xornalista-johan-carballeira-sera-lembrado-no-86o-aniversario-do-seu-fusilamento\\\/\",\"url\":\"https:\\\/\\\/www.anovapeneira.gal\\\/index.php\\\/2023\\\/04\\\/14\\\/o-alcalde-poeta-e-xornalista-johan-carballeira-sera-lembrado-no-86o-aniversario-do-seu-fusilamento\\\/\",\"name\":\"O alcalde, poeta e xornalista Johan Carballeira ser\u00e1 lembrado no 86\u00ba aniversario do seu fusilamento -\",\"isPartOf\":{\"@id\":\"https:\\\/\\\/www.anovapeneira.gal\\\/#website\"},\"primaryImageOfPage\":{\"@id\":\"https:\\\/\\\/www.anovapeneira.gal\\\/index.php\\\/2023\\\/04\\\/14\\\/o-alcalde-poeta-e-xornalista-johan-carballeira-sera-lembrado-no-86o-aniversario-do-seu-fusilamento\\\/#primaryimage\"},\"image\":{\"@id\":\"https:\\\/\\\/www.anovapeneira.gal\\\/index.php\\\/2023\\\/04\\\/14\\\/o-alcalde-poeta-e-xornalista-johan-carballeira-sera-lembrado-no-86o-aniversario-do-seu-fusilamento\\\/#primaryimage\"},\"thumbnailUrl\":\"https:\\\/\\\/www.anovapeneira.gal\\\/wp-content\\\/uploads\\\/2023\\\/04\\\/85_aniversario_j_carballeira.jpg\",\"datePublished\":\"2023-04-14T10:00:19+00:00\",\"description\":\"Os actos, organizados polo Concello de Bueu e a Asociaci\u00f3n de Amigos de Johan Carballeira, celebraranse o 14 e 16 de abril e incl\u00faen a proxecci\u00f3n dun documental e a tradicional ofrenda floral\",\"breadcrumb\":{\"@id\":\"https:\\\/\\\/www.anovapeneira.gal\\\/index.php\\\/2023\\\/04\\\/14\\\/o-alcalde-poeta-e-xornalista-johan-carballeira-sera-lembrado-no-86o-aniversario-do-seu-fusilamento\\\/#breadcrumb\"},\"inLanguage\":\"gl-ES\",\"potentialAction\":[{\"@type\":\"ReadAction\",\"target\":[\"https:\\\/\\\/www.anovapeneira.gal\\\/index.php\\\/2023\\\/04\\\/14\\\/o-alcalde-poeta-e-xornalista-johan-carballeira-sera-lembrado-no-86o-aniversario-do-seu-fusilamento\\\/\"]}]},{\"@type\":\"ImageObject\",\"inLanguage\":\"gl-ES\",\"@id\":\"https:\\\/\\\/www.anovapeneira.gal\\\/index.php\\\/2023\\\/04\\\/14\\\/o-alcalde-poeta-e-xornalista-johan-carballeira-sera-lembrado-no-86o-aniversario-do-seu-fusilamento\\\/#primaryimage\",\"url\":\"https:\\\/\\\/www.anovapeneira.gal\\\/wp-content\\\/uploads\\\/2023\\\/04\\\/85_aniversario_j_carballeira.jpg\",\"contentUrl\":\"https:\\\/\\\/www.anovapeneira.gal\\\/wp-content\\\/uploads\\\/2023\\\/04\\\/85_aniversario_j_carballeira.jpg\",\"width\":720,\"height\":432,\"caption\":\"O alcalde, poeta e xornalista Johan Carballeira ser\u00e1 lembrado no 86\u00ba aniversario do seu fusilamento\"},{\"@type\":\"BreadcrumbList\",\"@id\":\"https:\\\/\\\/www.anovapeneira.gal\\\/index.php\\\/2023\\\/04\\\/14\\\/o-alcalde-poeta-e-xornalista-johan-carballeira-sera-lembrado-no-86o-aniversario-do-seu-fusilamento\\\/#breadcrumb\",\"itemListElement\":[{\"@type\":\"ListItem\",\"position\":1,\"name\":\"Portada\",\"item\":\"https:\\\/\\\/www.anovapeneira.gal\\\/\"},{\"@type\":\"ListItem\",\"position\":2,\"name\":\"O alcalde, poeta e xornalista Johan Carballeira ser\u00e1 lembrado no 86\u00ba aniversario do seu fusilamento\"}]},{\"@type\":\"WebSite\",\"@id\":\"https:\\\/\\\/www.anovapeneira.gal\\\/#website\",\"url\":\"https:\\\/\\\/www.anovapeneira.gal\\\/\",\"name\":\"\",\"description\":\"Xornal galego de informaci\u00f3n xeral Publicaci\u00f3n mensual de novas de Galicia e en especial dos Concellos da sur da provincia de Pontevedra.\",\"publisher\":{\"@id\":\"https:\\\/\\\/www.anovapeneira.gal\\\/#organization\"},\"potentialAction\":[{\"@type\":\"SearchAction\",\"target\":{\"@type\":\"EntryPoint\",\"urlTemplate\":\"https:\\\/\\\/www.anovapeneira.gal\\\/?s={search_term_string}\"},\"query-input\":{\"@type\":\"PropertyValueSpecification\",\"valueRequired\":true,\"valueName\":\"search_term_string\"}}],\"inLanguage\":\"gl-ES\"},{\"@type\":\"Organization\",\"@id\":\"https:\\\/\\\/www.anovapeneira.gal\\\/#organization\",\"name\":\"A Nova Peneira\",\"url\":\"https:\\\/\\\/www.anovapeneira.gal\\\/\",\"logo\":{\"@type\":\"ImageObject\",\"inLanguage\":\"gl-ES\",\"@id\":\"https:\\\/\\\/www.anovapeneira.gal\\\/#\\\/schema\\\/logo\\\/image\\\/\",\"url\":\"http:\\\/\\\/www.anovapeneira.gal\\\/wp-content\\\/uploads\\\/2019\\\/06\\\/logo_a_nova_peneira_portal_web.png\",\"contentUrl\":\"http:\\\/\\\/www.anovapeneira.gal\\\/wp-content\\\/uploads\\\/2019\\\/06\\\/logo_a_nova_peneira_portal_web.png\",\"width\":300,\"height\":100,\"caption\":\"A Nova Peneira\"},\"image\":{\"@id\":\"https:\\\/\\\/www.anovapeneira.gal\\\/#\\\/schema\\\/logo\\\/image\\\/\"},\"sameAs\":[\"https:\\\/\\\/www.facebook.com\\\/anovapeneira\",\"https:\\\/\\\/x.com\\\/APeneira\"]},{\"@type\":\"Person\",\"@id\":\"https:\\\/\\\/www.anovapeneira.gal\\\/#\\\/schema\\\/person\\\/b93e3f8932e3f8da96334607eb6ac6aa\",\"name\":\"Redacci\u00f3n A Nova Peneira\",\"image\":{\"@type\":\"ImageObject\",\"inLanguage\":\"gl-ES\",\"@id\":\"https:\\\/\\\/secure.gravatar.com\\\/avatar\\\/c052a2551a06e23fac63626232eaa90abd78dbcf1700fc46a2b2c89fd27b735f?s=96&d=mm&r=g\",\"url\":\"https:\\\/\\\/secure.gravatar.com\\\/avatar\\\/c052a2551a06e23fac63626232eaa90abd78dbcf1700fc46a2b2c89fd27b735f?s=96&d=mm&r=g\",\"contentUrl\":\"https:\\\/\\\/secure.gravatar.com\\\/avatar\\\/c052a2551a06e23fac63626232eaa90abd78dbcf1700fc46a2b2c89fd27b735f?s=96&d=mm&r=g\",\"caption\":\"Redacci\u00f3n A Nova Peneira\"},\"sameAs\":[\"http:\\\/\\\/www.anovapeneira.gal\\\/\"],\"url\":\"https:\\\/\\\/www.anovapeneira.gal\\\/index.php\\\/author\\\/redactor\\\/\"}]}<\/script>\n<!-- \/ Yoast SEO plugin. -->","yoast_head_json":{"title":"O alcalde, poeta e xornalista Johan Carballeira ser\u00e1 lembrado no 86\u00ba aniversario do seu fusilamento -","description":"Os actos, organizados polo Concello de Bueu e a Asociaci\u00f3n de Amigos de Johan Carballeira, celebraranse o 14 e 16 de abril e incl\u00faen a proxecci\u00f3n dun documental e a tradicional ofrenda floral","robots":{"index":"index","follow":"follow","max-snippet":"max-snippet:-1","max-image-preview":"max-image-preview:large","max-video-preview":"max-video-preview:-1"},"canonical":"https:\/\/www.anovapeneira.gal\/index.php\/2023\/04\/14\/o-alcalde-poeta-e-xornalista-johan-carballeira-sera-lembrado-no-86o-aniversario-do-seu-fusilamento\/","og_locale":"gl_ES","og_type":"article","og_title":"O alcalde, poeta e xornalista Johan Carballeira ser\u00e1 lembrado no 86\u00ba aniversario do seu fusilamento -","og_description":"Os actos, organizados polo Concello de Bueu e a Asociaci\u00f3n de Amigos de Johan Carballeira, celebraranse o 14 e 16 de abril e incl\u00faen a proxecci\u00f3n dun documental e a tradicional ofrenda floral","og_url":"https:\/\/www.anovapeneira.gal\/index.php\/2023\/04\/14\/o-alcalde-poeta-e-xornalista-johan-carballeira-sera-lembrado-no-86o-aniversario-do-seu-fusilamento\/","article_publisher":"https:\/\/www.facebook.com\/anovapeneira","article_published_time":"2023-04-14T10:00:19+00:00","og_image":[{"width":720,"height":432,"url":"https:\/\/www.anovapeneira.gal\/wp-content\/uploads\/2023\/04\/85_aniversario_j_carballeira.jpg","type":"image\/jpeg"}],"author":"Redacci\u00f3n A Nova Peneira","twitter_card":"summary_large_image","twitter_creator":"@APeneira","twitter_site":"@APeneira","twitter_misc":{"Escrito por":"Redacci\u00f3n A Nova Peneira","Tempo de lectura":"4 minutos"},"schema":{"@context":"https:\/\/schema.org","@graph":[{"@type":"Article","@id":"https:\/\/www.anovapeneira.gal\/index.php\/2023\/04\/14\/o-alcalde-poeta-e-xornalista-johan-carballeira-sera-lembrado-no-86o-aniversario-do-seu-fusilamento\/#article","isPartOf":{"@id":"https:\/\/www.anovapeneira.gal\/index.php\/2023\/04\/14\/o-alcalde-poeta-e-xornalista-johan-carballeira-sera-lembrado-no-86o-aniversario-do-seu-fusilamento\/"},"author":{"name":"Redacci\u00f3n A Nova Peneira","@id":"https:\/\/www.anovapeneira.gal\/#\/schema\/person\/b93e3f8932e3f8da96334607eb6ac6aa"},"headline":"O alcalde, poeta e xornalista Johan Carballeira ser\u00e1 lembrado no 86\u00ba aniversario do seu fusilamento","datePublished":"2023-04-14T10:00:19+00:00","mainEntityOfPage":{"@id":"https:\/\/www.anovapeneira.gal\/index.php\/2023\/04\/14\/o-alcalde-poeta-e-xornalista-johan-carballeira-sera-lembrado-no-86o-aniversario-do-seu-fusilamento\/"},"wordCount":580,"commentCount":0,"publisher":{"@id":"https:\/\/www.anovapeneira.gal\/#organization"},"image":{"@id":"https:\/\/www.anovapeneira.gal\/index.php\/2023\/04\/14\/o-alcalde-poeta-e-xornalista-johan-carballeira-sera-lembrado-no-86o-aniversario-do-seu-fusilamento\/#primaryimage"},"thumbnailUrl":"https:\/\/www.anovapeneira.gal\/wp-content\/uploads\/2023\/04\/85_aniversario_j_carballeira.jpg","keywords":["Concello de Bueu"],"articleSection":["Morrazo","Sin categor\u00eda"],"inLanguage":"gl-ES","potentialAction":[{"@type":"CommentAction","name":"Comment","target":["https:\/\/www.anovapeneira.gal\/index.php\/2023\/04\/14\/o-alcalde-poeta-e-xornalista-johan-carballeira-sera-lembrado-no-86o-aniversario-do-seu-fusilamento\/#respond"]}]},{"@type":"WebPage","@id":"https:\/\/www.anovapeneira.gal\/index.php\/2023\/04\/14\/o-alcalde-poeta-e-xornalista-johan-carballeira-sera-lembrado-no-86o-aniversario-do-seu-fusilamento\/","url":"https:\/\/www.anovapeneira.gal\/index.php\/2023\/04\/14\/o-alcalde-poeta-e-xornalista-johan-carballeira-sera-lembrado-no-86o-aniversario-do-seu-fusilamento\/","name":"O alcalde, poeta e xornalista Johan Carballeira ser\u00e1 lembrado no 86\u00ba aniversario do seu fusilamento -","isPartOf":{"@id":"https:\/\/www.anovapeneira.gal\/#website"},"primaryImageOfPage":{"@id":"https:\/\/www.anovapeneira.gal\/index.php\/2023\/04\/14\/o-alcalde-poeta-e-xornalista-johan-carballeira-sera-lembrado-no-86o-aniversario-do-seu-fusilamento\/#primaryimage"},"image":{"@id":"https:\/\/www.anovapeneira.gal\/index.php\/2023\/04\/14\/o-alcalde-poeta-e-xornalista-johan-carballeira-sera-lembrado-no-86o-aniversario-do-seu-fusilamento\/#primaryimage"},"thumbnailUrl":"https:\/\/www.anovapeneira.gal\/wp-content\/uploads\/2023\/04\/85_aniversario_j_carballeira.jpg","datePublished":"2023-04-14T10:00:19+00:00","description":"Os actos, organizados polo Concello de Bueu e a Asociaci\u00f3n de Amigos de Johan Carballeira, celebraranse o 14 e 16 de abril e incl\u00faen a proxecci\u00f3n dun documental e a tradicional ofrenda floral","breadcrumb":{"@id":"https:\/\/www.anovapeneira.gal\/index.php\/2023\/04\/14\/o-alcalde-poeta-e-xornalista-johan-carballeira-sera-lembrado-no-86o-aniversario-do-seu-fusilamento\/#breadcrumb"},"inLanguage":"gl-ES","potentialAction":[{"@type":"ReadAction","target":["https:\/\/www.anovapeneira.gal\/index.php\/2023\/04\/14\/o-alcalde-poeta-e-xornalista-johan-carballeira-sera-lembrado-no-86o-aniversario-do-seu-fusilamento\/"]}]},{"@type":"ImageObject","inLanguage":"gl-ES","@id":"https:\/\/www.anovapeneira.gal\/index.php\/2023\/04\/14\/o-alcalde-poeta-e-xornalista-johan-carballeira-sera-lembrado-no-86o-aniversario-do-seu-fusilamento\/#primaryimage","url":"https:\/\/www.anovapeneira.gal\/wp-content\/uploads\/2023\/04\/85_aniversario_j_carballeira.jpg","contentUrl":"https:\/\/www.anovapeneira.gal\/wp-content\/uploads\/2023\/04\/85_aniversario_j_carballeira.jpg","width":720,"height":432,"caption":"O alcalde, poeta e xornalista Johan Carballeira ser\u00e1 lembrado no 86\u00ba aniversario do seu fusilamento"},{"@type":"BreadcrumbList","@id":"https:\/\/www.anovapeneira.gal\/index.php\/2023\/04\/14\/o-alcalde-poeta-e-xornalista-johan-carballeira-sera-lembrado-no-86o-aniversario-do-seu-fusilamento\/#breadcrumb","itemListElement":[{"@type":"ListItem","position":1,"name":"Portada","item":"https:\/\/www.anovapeneira.gal\/"},{"@type":"ListItem","position":2,"name":"O alcalde, poeta e xornalista Johan Carballeira ser\u00e1 lembrado no 86\u00ba aniversario do seu fusilamento"}]},{"@type":"WebSite","@id":"https:\/\/www.anovapeneira.gal\/#website","url":"https:\/\/www.anovapeneira.gal\/","name":"","description":"Xornal galego de informaci\u00f3n xeral Publicaci\u00f3n mensual de novas de Galicia e en especial dos Concellos da sur da provincia de Pontevedra.","publisher":{"@id":"https:\/\/www.anovapeneira.gal\/#organization"},"potentialAction":[{"@type":"SearchAction","target":{"@type":"EntryPoint","urlTemplate":"https:\/\/www.anovapeneira.gal\/?s={search_term_string}"},"query-input":{"@type":"PropertyValueSpecification","valueRequired":true,"valueName":"search_term_string"}}],"inLanguage":"gl-ES"},{"@type":"Organization","@id":"https:\/\/www.anovapeneira.gal\/#organization","name":"A Nova Peneira","url":"https:\/\/www.anovapeneira.gal\/","logo":{"@type":"ImageObject","inLanguage":"gl-ES","@id":"https:\/\/www.anovapeneira.gal\/#\/schema\/logo\/image\/","url":"http:\/\/www.anovapeneira.gal\/wp-content\/uploads\/2019\/06\/logo_a_nova_peneira_portal_web.png","contentUrl":"http:\/\/www.anovapeneira.gal\/wp-content\/uploads\/2019\/06\/logo_a_nova_peneira_portal_web.png","width":300,"height":100,"caption":"A Nova Peneira"},"image":{"@id":"https:\/\/www.anovapeneira.gal\/#\/schema\/logo\/image\/"},"sameAs":["https:\/\/www.facebook.com\/anovapeneira","https:\/\/x.com\/APeneira"]},{"@type":"Person","@id":"https:\/\/www.anovapeneira.gal\/#\/schema\/person\/b93e3f8932e3f8da96334607eb6ac6aa","name":"Redacci\u00f3n A Nova Peneira","image":{"@type":"ImageObject","inLanguage":"gl-ES","@id":"https:\/\/secure.gravatar.com\/avatar\/c052a2551a06e23fac63626232eaa90abd78dbcf1700fc46a2b2c89fd27b735f?s=96&d=mm&r=g","url":"https:\/\/secure.gravatar.com\/avatar\/c052a2551a06e23fac63626232eaa90abd78dbcf1700fc46a2b2c89fd27b735f?s=96&d=mm&r=g","contentUrl":"https:\/\/secure.gravatar.com\/avatar\/c052a2551a06e23fac63626232eaa90abd78dbcf1700fc46a2b2c89fd27b735f?s=96&d=mm&r=g","caption":"Redacci\u00f3n A Nova Peneira"},"sameAs":["http:\/\/www.anovapeneira.gal\/"],"url":"https:\/\/www.anovapeneira.gal\/index.php\/author\/redactor\/"}]}},"jetpack_featured_media_url":"https:\/\/www.anovapeneira.gal\/wp-content\/uploads\/2023\/04\/85_aniversario_j_carballeira.jpg","_links":{"self":[{"href":"https:\/\/www.anovapeneira.gal\/index.php\/wp-json\/wp\/v2\/posts\/9456","targetHints":{"allow":["GET"]}}],"collection":[{"href":"https:\/\/www.anovapeneira.gal\/index.php\/wp-json\/wp\/v2\/posts"}],"about":[{"href":"https:\/\/www.anovapeneira.gal\/index.php\/wp-json\/wp\/v2\/types\/post"}],"author":[{"embeddable":true,"href":"https:\/\/www.anovapeneira.gal\/index.php\/wp-json\/wp\/v2\/users\/3"}],"replies":[{"embeddable":true,"href":"https:\/\/www.anovapeneira.gal\/index.php\/wp-json\/wp\/v2\/comments?post=9456"}],"version-history":[{"count":2,"href":"https:\/\/www.anovapeneira.gal\/index.php\/wp-json\/wp\/v2\/posts\/9456\/revisions"}],"predecessor-version":[{"id":9460,"href":"https:\/\/www.anovapeneira.gal\/index.php\/wp-json\/wp\/v2\/posts\/9456\/revisions\/9460"}],"wp:featuredmedia":[{"embeddable":true,"href":"https:\/\/www.anovapeneira.gal\/index.php\/wp-json\/wp\/v2\/media\/9459"}],"wp:attachment":[{"href":"https:\/\/www.anovapeneira.gal\/index.php\/wp-json\/wp\/v2\/media?parent=9456"}],"wp:term":[{"taxonomy":"category","embeddable":true,"href":"https:\/\/www.anovapeneira.gal\/index.php\/wp-json\/wp\/v2\/categories?post=9456"},{"taxonomy":"post_tag","embeddable":true,"href":"https:\/\/www.anovapeneira.gal\/index.php\/wp-json\/wp\/v2\/tags?post=9456"}],"curies":[{"name":"wp","href":"https:\/\/api.w.org\/{rel}","templated":true}]}}