{"id":9463,"date":"2023-04-17T12:00:29","date_gmt":"2023-04-17T10:00:29","guid":{"rendered":"https:\/\/www.anovapeneira.gal\/?p=9463"},"modified":"2023-04-12T10:11:04","modified_gmt":"2023-04-12T08:11:04","slug":"dia-das-letra-galegas-2023-francisco-fernandez-del-riego","status":"publish","type":"post","link":"https:\/\/www.anovapeneira.gal\/index.php\/2023\/04\/17\/dia-das-letra-galegas-2023-francisco-fernandez-del-riego\/","title":{"rendered":"D\u00eda das Letra Galegas 2023, Francisco Fern\u00e1ndez del Riego"},"content":{"rendered":"\n<p>O d\u00eda das letras galegas cel\u00e9brase cada ano o 17 de maio na Galiza para homenaxear \u00e1s persoas que se destacaron pola s\u00faa creaci\u00f3n ou defensa da literatura no idioma galego. A data elixiuse porque ese d\u00eda, en 1863, publicouse en Vigo \u201c<em>Cantares galegos<\/em>\u201d, a obra de Rosal\u00eda de Castro que se inspira nas canci\u00f3ns populares galegas e que reflicte a sociedade rural de Galicia. Nos poemas ab\u00f3rdanse temas como o amor, a emigraci\u00f3n, a natureza, a identidade e a nostalxia. Cantares galegos \u00e9 considerado o inicio do renacemento cultural de Galicia e unha obra mestra da literatura galega.<\/p>\n\n\n\n<p>Cada ano, a Real Academia Galega elixe a unha personalidade diferente para dedicarlle o d\u00eda e este ano \u00e9 dedicado a Francisco Fern\u00e1ndez del Riego que ser\u00e1 o autor homenaxeado no D\u00eda d\u00e1s Letras Galegas de 2023. Este reco\u00f1ecemento coincide co sesenta aniversario do primeiro D\u00eda d\u00e1s Letras Galegas, que el mesmo propuxo dedicar a Rosal\u00eda de Castro en 1963, e cos cento dez anos do seu nacemento. A Real Academia Galega destacou a s\u00faa traxectoria como escritor, intelectual e pol\u00edtico galeguista, e o seu papel crave na resistencia cultural de Galicia durante o franquismo.<\/p>\n\n\n\n<p>Tr\u00e1tase dunha homenaxe merecida e oportuna, que pon en valor a s\u00faa figura e obra e a figura do autor como un dos referentes da cultura galega do s\u00e9culo XX. A obra de Francisco Fern\u00e1ndez del Riego \u00e9 moi valiosa e interesante, porque reflicte o seu compromiso coa cultura e a lingua galegas, e porque achega unha visi\u00f3n cr\u00edtica e documentada da literatura e a historia de Galicia. Tam\u00e9n poder\u00eda dicir que a s\u00faa obra \u00e9 variada e amena, e que mostra a s\u00faa curiosidade polo mundo e polas persoas.<\/p>\n\n\n\n<p>Francisco Fern\u00e1ndez del Riego foi un escritor, intelectual e pol\u00edtico galego que naceu en Vilanova de Lourenz\u00e1, Lugo, o 7 de xaneiro de 1913 e morreu en Vigo, o 23 de novembro de 2010 aos 97 anos. Formouse en Dereito en Santiago de Compostela e participou activamente no movemento galeguista durante a Rep\u00fablica e a ditadura. Foi un dos fundadores da editorial Galaxia que fundou o 25 de xullo de 1950 xunto con outros galeguistas. O obxectivo desta editorial era recuperar a presenza do galego como lingua de cultura e resistir ao franquismo. Foi a primeira editorial que publicou libros exclusivamente en galego e converteuse nun referente da literatura e o pensamento galegos. Entre os seus fundadores tam\u00e9n estaban Ram\u00f3n Otero Pedrayo, Ram\u00f3n Pi\u00f1eiro, Xaime Isla Couto e outros. Fern\u00e1ndez del Riego foi un dos principais animadores da editorial e participou na creaci\u00f3n da revista Grial e a Fundaci\u00f3n Penzol tam\u00e9n, dous referentes da cultura galega no s\u00e9culo XX. Tam\u00e9n foi membro e presidente da Real Academia Galega, e colaborou con numerosos medios de comunicaci\u00f3n galegos e americanos. A s\u00faa obra abarca o ensaio, a narrativa, a literatura de viaxes e a biograf\u00eda, con especial atenci\u00f3n \u00e1 historia e a cr\u00edtica da literatura galega. Entre os seus libros destacan <em>\u201cHistoria da literatura galega\u201d<\/em>, <em>\u201cGalicia no espello\u201d<\/em>, <em>\u201cDicionario de escritores en lingua galega\u201d<\/em> ou \u201c<em>O r\u00edo do tempo<\/em>\u201d. Recibiu numerosos premios e distinci\u00f3ns polo seu labor cultural como o \u201c<em>Pedr\u00f3n de Ouro\u201d,<\/em> o premio \u201c<em>Otero Pedrayo<\/em>\u201d, o premio \u201c<em>Trasalba<\/em>\u201d, a <em>\u201cMedalla de Castelao<\/em>\u201d ou a \u201c<em>Medalla de Ouro de Galicia\u201d.<\/em><\/p>\n\n\n\n<p>Unha boa e merecida homenaxe para Fern\u00e1ndez del Riego tan s\u00f3 trece anos despois do seu falecemento, pois como requisito para poder ser homenaxeado este d\u00eda \u00e9 destacar pola s\u00faa creaci\u00f3n literaria en idioma galego ou pola s\u00faa defensa da nosa lingua, e falecer polo menos dez anos antes da elecci\u00f3n. A persoa homenaxeada \u00e9 escollida pola Real Academia Galega, que \u00e9 a instituci\u00f3n encargada de promover e difundir a cultura e a lingua galegas neste d\u00eda festivo na Galiza.<\/p>\n","protected":false},"excerpt":{"rendered":"<div class=\"mh-excerpt\"><p>O d\u00eda das letras galegas cel\u00e9brase cada ano o 17 de maio na Galiza para homenaxear \u00e1s persoas que se destacaron pola s\u00faa creaci\u00f3n ou defensa da literatura no idioma galego <a class=\"mh-excerpt-more\" href=\"https:\/\/www.anovapeneira.gal\/index.php\/2023\/04\/17\/dia-das-letra-galegas-2023-francisco-fernandez-del-riego\/\" title=\"D\u00eda das Letra Galegas 2023, Francisco Fern\u00e1ndez del Riego\">[&#8230;]<\/a><\/p>\n<\/div>","protected":false},"author":17,"featured_media":9464,"comment_status":"open","ping_status":"open","sticky":false,"template":"","format":"standard","meta":{"_exactmetrics_skip_tracking":false,"_exactmetrics_sitenote_active":false,"_exactmetrics_sitenote_note":"","_exactmetrics_sitenote_category":0,"footnotes":""},"categories":[263],"tags":[1308],"class_list":{"0":"post-9463","1":"post","2":"type-post","3":"status-publish","4":"format-standard","5":"has-post-thumbnail","7":"category-novas","8":"tag-dia-das-letras-galegas"},"yoast_head":"<!-- This site is optimized with the Yoast SEO plugin v27.4 - https:\/\/yoast.com\/product\/yoast-seo-wordpress\/ -->\n<title>D\u00eda das Letra Galegas 2023, Francisco Fern\u00e1ndez del Riego -<\/title>\n<meta name=\"description\" content=\"O d\u00eda das letras galegas cel\u00e9brase cada ano o 17 de maio na Galiza para homenaxear \u00e1s persoas que se destacaron pola s\u00faa creaci\u00f3n ou defensa da literatura no idioma galego\" \/>\n<meta name=\"robots\" content=\"index, follow, max-snippet:-1, max-image-preview:large, max-video-preview:-1\" \/>\n<link rel=\"canonical\" href=\"https:\/\/www.anovapeneira.gal\/index.php\/2023\/04\/17\/dia-das-letra-galegas-2023-francisco-fernandez-del-riego\/\" \/>\n<meta property=\"og:locale\" content=\"gl_ES\" \/>\n<meta property=\"og:type\" content=\"article\" \/>\n<meta property=\"og:title\" content=\"D\u00eda das Letra Galegas 2023, Francisco Fern\u00e1ndez del Riego -\" \/>\n<meta property=\"og:description\" content=\"O d\u00eda das letras galegas cel\u00e9brase cada ano o 17 de maio na Galiza para homenaxear \u00e1s persoas que se destacaron pola s\u00faa creaci\u00f3n ou defensa da literatura no idioma galego\" \/>\n<meta property=\"og:url\" content=\"https:\/\/www.anovapeneira.gal\/index.php\/2023\/04\/17\/dia-das-letra-galegas-2023-francisco-fernandez-del-riego\/\" \/>\n<meta property=\"article:publisher\" content=\"https:\/\/www.facebook.com\/anovapeneira\" \/>\n<meta property=\"article:published_time\" content=\"2023-04-17T10:00:29+00:00\" \/>\n<meta property=\"og:image\" content=\"https:\/\/www.anovapeneira.gal\/wp-content\/uploads\/2023\/04\/Riego_Real_Academia_Galega.jpg\" \/>\n\t<meta property=\"og:image:width\" content=\"720\" \/>\n\t<meta property=\"og:image:height\" content=\"432\" \/>\n\t<meta property=\"og:image:type\" content=\"image\/jpeg\" \/>\n<meta name=\"author\" content=\"G. Figueiredo\" \/>\n<meta name=\"twitter:card\" content=\"summary_large_image\" \/>\n<meta name=\"twitter:creator\" content=\"@APeneira\" \/>\n<meta name=\"twitter:site\" content=\"@APeneira\" \/>\n<meta name=\"twitter:label1\" content=\"Escrito por\" \/>\n\t<meta name=\"twitter:data1\" content=\"G. Figueiredo\" \/>\n\t<meta name=\"twitter:label2\" content=\"Tempo de lectura\" \/>\n\t<meta name=\"twitter:data2\" content=\"4 minutos\" \/>\n<script type=\"application\/ld+json\" class=\"yoast-schema-graph\">{\"@context\":\"https:\\\/\\\/schema.org\",\"@graph\":[{\"@type\":\"Article\",\"@id\":\"https:\\\/\\\/www.anovapeneira.gal\\\/index.php\\\/2023\\\/04\\\/17\\\/dia-das-letra-galegas-2023-francisco-fernandez-del-riego\\\/#article\",\"isPartOf\":{\"@id\":\"https:\\\/\\\/www.anovapeneira.gal\\\/index.php\\\/2023\\\/04\\\/17\\\/dia-das-letra-galegas-2023-francisco-fernandez-del-riego\\\/\"},\"author\":{\"name\":\"G. Figueiredo\",\"@id\":\"https:\\\/\\\/www.anovapeneira.gal\\\/#\\\/schema\\\/person\\\/42f904d7cac80cf3f5a31494dd82a9b6\"},\"headline\":\"D\u00eda das Letra Galegas 2023, Francisco Fern\u00e1ndez del Riego\",\"datePublished\":\"2023-04-17T10:00:29+00:00\",\"mainEntityOfPage\":{\"@id\":\"https:\\\/\\\/www.anovapeneira.gal\\\/index.php\\\/2023\\\/04\\\/17\\\/dia-das-letra-galegas-2023-francisco-fernandez-del-riego\\\/\"},\"wordCount\":672,\"commentCount\":0,\"publisher\":{\"@id\":\"https:\\\/\\\/www.anovapeneira.gal\\\/#organization\"},\"image\":{\"@id\":\"https:\\\/\\\/www.anovapeneira.gal\\\/index.php\\\/2023\\\/04\\\/17\\\/dia-das-letra-galegas-2023-francisco-fernandez-del-riego\\\/#primaryimage\"},\"thumbnailUrl\":\"https:\\\/\\\/www.anovapeneira.gal\\\/wp-content\\\/uploads\\\/2023\\\/04\\\/Riego_Real_Academia_Galega.jpg\",\"keywords\":[\"D\u00eda das Letras Galegas\"],\"articleSection\":[\"Novas\"],\"inLanguage\":\"gl-ES\",\"potentialAction\":[{\"@type\":\"CommentAction\",\"name\":\"Comment\",\"target\":[\"https:\\\/\\\/www.anovapeneira.gal\\\/index.php\\\/2023\\\/04\\\/17\\\/dia-das-letra-galegas-2023-francisco-fernandez-del-riego\\\/#respond\"]}]},{\"@type\":\"WebPage\",\"@id\":\"https:\\\/\\\/www.anovapeneira.gal\\\/index.php\\\/2023\\\/04\\\/17\\\/dia-das-letra-galegas-2023-francisco-fernandez-del-riego\\\/\",\"url\":\"https:\\\/\\\/www.anovapeneira.gal\\\/index.php\\\/2023\\\/04\\\/17\\\/dia-das-letra-galegas-2023-francisco-fernandez-del-riego\\\/\",\"name\":\"D\u00eda das Letra Galegas 2023, Francisco Fern\u00e1ndez del Riego -\",\"isPartOf\":{\"@id\":\"https:\\\/\\\/www.anovapeneira.gal\\\/#website\"},\"primaryImageOfPage\":{\"@id\":\"https:\\\/\\\/www.anovapeneira.gal\\\/index.php\\\/2023\\\/04\\\/17\\\/dia-das-letra-galegas-2023-francisco-fernandez-del-riego\\\/#primaryimage\"},\"image\":{\"@id\":\"https:\\\/\\\/www.anovapeneira.gal\\\/index.php\\\/2023\\\/04\\\/17\\\/dia-das-letra-galegas-2023-francisco-fernandez-del-riego\\\/#primaryimage\"},\"thumbnailUrl\":\"https:\\\/\\\/www.anovapeneira.gal\\\/wp-content\\\/uploads\\\/2023\\\/04\\\/Riego_Real_Academia_Galega.jpg\",\"datePublished\":\"2023-04-17T10:00:29+00:00\",\"description\":\"O d\u00eda das letras galegas cel\u00e9brase cada ano o 17 de maio na Galiza para homenaxear \u00e1s persoas que se destacaron pola s\u00faa creaci\u00f3n ou defensa da literatura no idioma galego\",\"breadcrumb\":{\"@id\":\"https:\\\/\\\/www.anovapeneira.gal\\\/index.php\\\/2023\\\/04\\\/17\\\/dia-das-letra-galegas-2023-francisco-fernandez-del-riego\\\/#breadcrumb\"},\"inLanguage\":\"gl-ES\",\"potentialAction\":[{\"@type\":\"ReadAction\",\"target\":[\"https:\\\/\\\/www.anovapeneira.gal\\\/index.php\\\/2023\\\/04\\\/17\\\/dia-das-letra-galegas-2023-francisco-fernandez-del-riego\\\/\"]}]},{\"@type\":\"ImageObject\",\"inLanguage\":\"gl-ES\",\"@id\":\"https:\\\/\\\/www.anovapeneira.gal\\\/index.php\\\/2023\\\/04\\\/17\\\/dia-das-letra-galegas-2023-francisco-fernandez-del-riego\\\/#primaryimage\",\"url\":\"https:\\\/\\\/www.anovapeneira.gal\\\/wp-content\\\/uploads\\\/2023\\\/04\\\/Riego_Real_Academia_Galega.jpg\",\"contentUrl\":\"https:\\\/\\\/www.anovapeneira.gal\\\/wp-content\\\/uploads\\\/2023\\\/04\\\/Riego_Real_Academia_Galega.jpg\",\"width\":720,\"height\":432,\"caption\":\"D\u00eda das Letra Galegas 2023, Francisco Fern\u00e1ndez del Riego.\"},{\"@type\":\"BreadcrumbList\",\"@id\":\"https:\\\/\\\/www.anovapeneira.gal\\\/index.php\\\/2023\\\/04\\\/17\\\/dia-das-letra-galegas-2023-francisco-fernandez-del-riego\\\/#breadcrumb\",\"itemListElement\":[{\"@type\":\"ListItem\",\"position\":1,\"name\":\"Portada\",\"item\":\"https:\\\/\\\/www.anovapeneira.gal\\\/\"},{\"@type\":\"ListItem\",\"position\":2,\"name\":\"D\u00eda das Letra Galegas 2023, Francisco Fern\u00e1ndez del Riego\"}]},{\"@type\":\"WebSite\",\"@id\":\"https:\\\/\\\/www.anovapeneira.gal\\\/#website\",\"url\":\"https:\\\/\\\/www.anovapeneira.gal\\\/\",\"name\":\"\",\"description\":\"Xornal galego de informaci\u00f3n xeral Publicaci\u00f3n mensual de novas de Galicia e en especial dos Concellos da sur da provincia de Pontevedra.\",\"publisher\":{\"@id\":\"https:\\\/\\\/www.anovapeneira.gal\\\/#organization\"},\"potentialAction\":[{\"@type\":\"SearchAction\",\"target\":{\"@type\":\"EntryPoint\",\"urlTemplate\":\"https:\\\/\\\/www.anovapeneira.gal\\\/?s={search_term_string}\"},\"query-input\":{\"@type\":\"PropertyValueSpecification\",\"valueRequired\":true,\"valueName\":\"search_term_string\"}}],\"inLanguage\":\"gl-ES\"},{\"@type\":\"Organization\",\"@id\":\"https:\\\/\\\/www.anovapeneira.gal\\\/#organization\",\"name\":\"A Nova Peneira\",\"url\":\"https:\\\/\\\/www.anovapeneira.gal\\\/\",\"logo\":{\"@type\":\"ImageObject\",\"inLanguage\":\"gl-ES\",\"@id\":\"https:\\\/\\\/www.anovapeneira.gal\\\/#\\\/schema\\\/logo\\\/image\\\/\",\"url\":\"http:\\\/\\\/www.anovapeneira.gal\\\/wp-content\\\/uploads\\\/2019\\\/06\\\/logo_a_nova_peneira_portal_web.png\",\"contentUrl\":\"http:\\\/\\\/www.anovapeneira.gal\\\/wp-content\\\/uploads\\\/2019\\\/06\\\/logo_a_nova_peneira_portal_web.png\",\"width\":300,\"height\":100,\"caption\":\"A Nova Peneira\"},\"image\":{\"@id\":\"https:\\\/\\\/www.anovapeneira.gal\\\/#\\\/schema\\\/logo\\\/image\\\/\"},\"sameAs\":[\"https:\\\/\\\/www.facebook.com\\\/anovapeneira\",\"https:\\\/\\\/x.com\\\/APeneira\"]},{\"@type\":\"Person\",\"@id\":\"https:\\\/\\\/www.anovapeneira.gal\\\/#\\\/schema\\\/person\\\/42f904d7cac80cf3f5a31494dd82a9b6\",\"name\":\"G. Figueiredo\",\"image\":{\"@type\":\"ImageObject\",\"inLanguage\":\"gl-ES\",\"@id\":\"https:\\\/\\\/secure.gravatar.com\\\/avatar\\\/2d970086688458e0398ef8b84f5cbb8cc1ec3ab115aeb8435135a9f556af97b3?s=96&d=mm&r=g\",\"url\":\"https:\\\/\\\/secure.gravatar.com\\\/avatar\\\/2d970086688458e0398ef8b84f5cbb8cc1ec3ab115aeb8435135a9f556af97b3?s=96&d=mm&r=g\",\"contentUrl\":\"https:\\\/\\\/secure.gravatar.com\\\/avatar\\\/2d970086688458e0398ef8b84f5cbb8cc1ec3ab115aeb8435135a9f556af97b3?s=96&d=mm&r=g\",\"caption\":\"G. Figueiredo\"},\"sameAs\":[\"http:\\\/\\\/www.anovapeneira.gal\\\/\"],\"url\":\"https:\\\/\\\/www.anovapeneira.gal\\\/index.php\\\/author\\\/g-figueiredo\\\/\"}]}<\/script>\n<!-- \/ Yoast SEO plugin. -->","yoast_head_json":{"title":"D\u00eda das Letra Galegas 2023, Francisco Fern\u00e1ndez del Riego -","description":"O d\u00eda das letras galegas cel\u00e9brase cada ano o 17 de maio na Galiza para homenaxear \u00e1s persoas que se destacaron pola s\u00faa creaci\u00f3n ou defensa da literatura no idioma galego","robots":{"index":"index","follow":"follow","max-snippet":"max-snippet:-1","max-image-preview":"max-image-preview:large","max-video-preview":"max-video-preview:-1"},"canonical":"https:\/\/www.anovapeneira.gal\/index.php\/2023\/04\/17\/dia-das-letra-galegas-2023-francisco-fernandez-del-riego\/","og_locale":"gl_ES","og_type":"article","og_title":"D\u00eda das Letra Galegas 2023, Francisco Fern\u00e1ndez del Riego -","og_description":"O d\u00eda das letras galegas cel\u00e9brase cada ano o 17 de maio na Galiza para homenaxear \u00e1s persoas que se destacaron pola s\u00faa creaci\u00f3n ou defensa da literatura no idioma galego","og_url":"https:\/\/www.anovapeneira.gal\/index.php\/2023\/04\/17\/dia-das-letra-galegas-2023-francisco-fernandez-del-riego\/","article_publisher":"https:\/\/www.facebook.com\/anovapeneira","article_published_time":"2023-04-17T10:00:29+00:00","og_image":[{"width":720,"height":432,"url":"https:\/\/www.anovapeneira.gal\/wp-content\/uploads\/2023\/04\/Riego_Real_Academia_Galega.jpg","type":"image\/jpeg"}],"author":"G. Figueiredo","twitter_card":"summary_large_image","twitter_creator":"@APeneira","twitter_site":"@APeneira","twitter_misc":{"Escrito por":"G. Figueiredo","Tempo de lectura":"4 minutos"},"schema":{"@context":"https:\/\/schema.org","@graph":[{"@type":"Article","@id":"https:\/\/www.anovapeneira.gal\/index.php\/2023\/04\/17\/dia-das-letra-galegas-2023-francisco-fernandez-del-riego\/#article","isPartOf":{"@id":"https:\/\/www.anovapeneira.gal\/index.php\/2023\/04\/17\/dia-das-letra-galegas-2023-francisco-fernandez-del-riego\/"},"author":{"name":"G. Figueiredo","@id":"https:\/\/www.anovapeneira.gal\/#\/schema\/person\/42f904d7cac80cf3f5a31494dd82a9b6"},"headline":"D\u00eda das Letra Galegas 2023, Francisco Fern\u00e1ndez del Riego","datePublished":"2023-04-17T10:00:29+00:00","mainEntityOfPage":{"@id":"https:\/\/www.anovapeneira.gal\/index.php\/2023\/04\/17\/dia-das-letra-galegas-2023-francisco-fernandez-del-riego\/"},"wordCount":672,"commentCount":0,"publisher":{"@id":"https:\/\/www.anovapeneira.gal\/#organization"},"image":{"@id":"https:\/\/www.anovapeneira.gal\/index.php\/2023\/04\/17\/dia-das-letra-galegas-2023-francisco-fernandez-del-riego\/#primaryimage"},"thumbnailUrl":"https:\/\/www.anovapeneira.gal\/wp-content\/uploads\/2023\/04\/Riego_Real_Academia_Galega.jpg","keywords":["D\u00eda das Letras Galegas"],"articleSection":["Novas"],"inLanguage":"gl-ES","potentialAction":[{"@type":"CommentAction","name":"Comment","target":["https:\/\/www.anovapeneira.gal\/index.php\/2023\/04\/17\/dia-das-letra-galegas-2023-francisco-fernandez-del-riego\/#respond"]}]},{"@type":"WebPage","@id":"https:\/\/www.anovapeneira.gal\/index.php\/2023\/04\/17\/dia-das-letra-galegas-2023-francisco-fernandez-del-riego\/","url":"https:\/\/www.anovapeneira.gal\/index.php\/2023\/04\/17\/dia-das-letra-galegas-2023-francisco-fernandez-del-riego\/","name":"D\u00eda das Letra Galegas 2023, Francisco Fern\u00e1ndez del Riego -","isPartOf":{"@id":"https:\/\/www.anovapeneira.gal\/#website"},"primaryImageOfPage":{"@id":"https:\/\/www.anovapeneira.gal\/index.php\/2023\/04\/17\/dia-das-letra-galegas-2023-francisco-fernandez-del-riego\/#primaryimage"},"image":{"@id":"https:\/\/www.anovapeneira.gal\/index.php\/2023\/04\/17\/dia-das-letra-galegas-2023-francisco-fernandez-del-riego\/#primaryimage"},"thumbnailUrl":"https:\/\/www.anovapeneira.gal\/wp-content\/uploads\/2023\/04\/Riego_Real_Academia_Galega.jpg","datePublished":"2023-04-17T10:00:29+00:00","description":"O d\u00eda das letras galegas cel\u00e9brase cada ano o 17 de maio na Galiza para homenaxear \u00e1s persoas que se destacaron pola s\u00faa creaci\u00f3n ou defensa da literatura no idioma galego","breadcrumb":{"@id":"https:\/\/www.anovapeneira.gal\/index.php\/2023\/04\/17\/dia-das-letra-galegas-2023-francisco-fernandez-del-riego\/#breadcrumb"},"inLanguage":"gl-ES","potentialAction":[{"@type":"ReadAction","target":["https:\/\/www.anovapeneira.gal\/index.php\/2023\/04\/17\/dia-das-letra-galegas-2023-francisco-fernandez-del-riego\/"]}]},{"@type":"ImageObject","inLanguage":"gl-ES","@id":"https:\/\/www.anovapeneira.gal\/index.php\/2023\/04\/17\/dia-das-letra-galegas-2023-francisco-fernandez-del-riego\/#primaryimage","url":"https:\/\/www.anovapeneira.gal\/wp-content\/uploads\/2023\/04\/Riego_Real_Academia_Galega.jpg","contentUrl":"https:\/\/www.anovapeneira.gal\/wp-content\/uploads\/2023\/04\/Riego_Real_Academia_Galega.jpg","width":720,"height":432,"caption":"D\u00eda das Letra Galegas 2023, Francisco Fern\u00e1ndez del Riego."},{"@type":"BreadcrumbList","@id":"https:\/\/www.anovapeneira.gal\/index.php\/2023\/04\/17\/dia-das-letra-galegas-2023-francisco-fernandez-del-riego\/#breadcrumb","itemListElement":[{"@type":"ListItem","position":1,"name":"Portada","item":"https:\/\/www.anovapeneira.gal\/"},{"@type":"ListItem","position":2,"name":"D\u00eda das Letra Galegas 2023, Francisco Fern\u00e1ndez del Riego"}]},{"@type":"WebSite","@id":"https:\/\/www.anovapeneira.gal\/#website","url":"https:\/\/www.anovapeneira.gal\/","name":"","description":"Xornal galego de informaci\u00f3n xeral Publicaci\u00f3n mensual de novas de Galicia e en especial dos Concellos da sur da provincia de Pontevedra.","publisher":{"@id":"https:\/\/www.anovapeneira.gal\/#organization"},"potentialAction":[{"@type":"SearchAction","target":{"@type":"EntryPoint","urlTemplate":"https:\/\/www.anovapeneira.gal\/?s={search_term_string}"},"query-input":{"@type":"PropertyValueSpecification","valueRequired":true,"valueName":"search_term_string"}}],"inLanguage":"gl-ES"},{"@type":"Organization","@id":"https:\/\/www.anovapeneira.gal\/#organization","name":"A Nova Peneira","url":"https:\/\/www.anovapeneira.gal\/","logo":{"@type":"ImageObject","inLanguage":"gl-ES","@id":"https:\/\/www.anovapeneira.gal\/#\/schema\/logo\/image\/","url":"http:\/\/www.anovapeneira.gal\/wp-content\/uploads\/2019\/06\/logo_a_nova_peneira_portal_web.png","contentUrl":"http:\/\/www.anovapeneira.gal\/wp-content\/uploads\/2019\/06\/logo_a_nova_peneira_portal_web.png","width":300,"height":100,"caption":"A Nova Peneira"},"image":{"@id":"https:\/\/www.anovapeneira.gal\/#\/schema\/logo\/image\/"},"sameAs":["https:\/\/www.facebook.com\/anovapeneira","https:\/\/x.com\/APeneira"]},{"@type":"Person","@id":"https:\/\/www.anovapeneira.gal\/#\/schema\/person\/42f904d7cac80cf3f5a31494dd82a9b6","name":"G. Figueiredo","image":{"@type":"ImageObject","inLanguage":"gl-ES","@id":"https:\/\/secure.gravatar.com\/avatar\/2d970086688458e0398ef8b84f5cbb8cc1ec3ab115aeb8435135a9f556af97b3?s=96&d=mm&r=g","url":"https:\/\/secure.gravatar.com\/avatar\/2d970086688458e0398ef8b84f5cbb8cc1ec3ab115aeb8435135a9f556af97b3?s=96&d=mm&r=g","contentUrl":"https:\/\/secure.gravatar.com\/avatar\/2d970086688458e0398ef8b84f5cbb8cc1ec3ab115aeb8435135a9f556af97b3?s=96&d=mm&r=g","caption":"G. Figueiredo"},"sameAs":["http:\/\/www.anovapeneira.gal\/"],"url":"https:\/\/www.anovapeneira.gal\/index.php\/author\/g-figueiredo\/"}]}},"jetpack_featured_media_url":"https:\/\/www.anovapeneira.gal\/wp-content\/uploads\/2023\/04\/Riego_Real_Academia_Galega.jpg","_links":{"self":[{"href":"https:\/\/www.anovapeneira.gal\/index.php\/wp-json\/wp\/v2\/posts\/9463","targetHints":{"allow":["GET"]}}],"collection":[{"href":"https:\/\/www.anovapeneira.gal\/index.php\/wp-json\/wp\/v2\/posts"}],"about":[{"href":"https:\/\/www.anovapeneira.gal\/index.php\/wp-json\/wp\/v2\/types\/post"}],"author":[{"embeddable":true,"href":"https:\/\/www.anovapeneira.gal\/index.php\/wp-json\/wp\/v2\/users\/17"}],"replies":[{"embeddable":true,"href":"https:\/\/www.anovapeneira.gal\/index.php\/wp-json\/wp\/v2\/comments?post=9463"}],"version-history":[{"count":1,"href":"https:\/\/www.anovapeneira.gal\/index.php\/wp-json\/wp\/v2\/posts\/9463\/revisions"}],"predecessor-version":[{"id":9465,"href":"https:\/\/www.anovapeneira.gal\/index.php\/wp-json\/wp\/v2\/posts\/9463\/revisions\/9465"}],"wp:featuredmedia":[{"embeddable":true,"href":"https:\/\/www.anovapeneira.gal\/index.php\/wp-json\/wp\/v2\/media\/9464"}],"wp:attachment":[{"href":"https:\/\/www.anovapeneira.gal\/index.php\/wp-json\/wp\/v2\/media?parent=9463"}],"wp:term":[{"taxonomy":"category","embeddable":true,"href":"https:\/\/www.anovapeneira.gal\/index.php\/wp-json\/wp\/v2\/categories?post=9463"},{"taxonomy":"post_tag","embeddable":true,"href":"https:\/\/www.anovapeneira.gal\/index.php\/wp-json\/wp\/v2\/tags?post=9463"}],"curies":[{"name":"wp","href":"https:\/\/api.w.org\/{rel}","templated":true}]}}