{"id":9470,"date":"2023-04-18T12:00:43","date_gmt":"2023-04-18T10:00:43","guid":{"rendered":"https:\/\/www.anovapeneira.gal\/?p=9470"},"modified":"2023-04-13T17:58:11","modified_gmt":"2023-04-13T15:58:11","slug":"veronica-touron-alcaldesa-de-salceda-de-caselas-e-candidata-do-psdg-psoe","status":"publish","type":"post","link":"https:\/\/www.anovapeneira.gal\/index.php\/2023\/04\/18\/veronica-touron-alcaldesa-de-salceda-de-caselas-e-candidata-do-psdg-psoe\/","title":{"rendered":"Ver\u00f3nica Tour\u00f3n, alcaldesa de Salceda de Caselas e candidata do PSDG-PSOE"},"content":{"rendered":"\n<h2 class=\"wp-block-heading\"><strong>Ver\u00f3nica Tour\u00f3n: \u201cAspiramos a ser a forza pol\u00edtica m\u00e1is votada\u201d<\/strong><\/h2>\n\n\n\n<p>A socialista Ver\u00f3nica Tour\u00f3n, alcaldesa de Salceda de Caselas durante os \u00faltimos dous anos de mandato, pres\u00e9ntase novamente como candidata \u00e1 Alcald\u00eda con perspectivas de mellorar os resultados de 2019 e incluso converterse na lista m\u00e1is votada do concello nas elecci\u00f3ns municipais do 28 de maio. Hai catro anos, a pesar de manterse como terceira forza pol\u00edtica, a s\u00faa candidatura xa subira notablemente en votos e sumara un concelleiro na Corporaci\u00f3n Municipal a costa de Movemento Salceda, o seu socio de goberno durante este mandato a trav\u00e9s dun acordo que inclu\u00eda o reparto da Alcald\u00eda entre Loli Casti\u00f1eira (2019-2021) e Ver\u00f3nica Tour\u00f3n (2021-2023). Falamos con ela sobre as li\u00f1as de traballo que se desenvolveron no concello durante os \u00faltimos catro anos e os proxectos de futuro.<\/p>\n\n\n\n<p><strong>Que balance fas destes anos de goberno e, particularmente, dos \u00faltimos dous contigo na Alcald\u00eda?<\/strong><\/p>\n\n\n\n<blockquote class=\"wp-block-quote is-layout-flow wp-block-quote-is-layout-flow\">\n<p>O balance dos catro anos, en xeral, \u00e9 moi positivo. A pesar de ter sufrido unha pandemia, fomos quen de facer moitas cousas, de seguir unha li\u00f1a de traballo que vai dirixida ao benestar da veci\u00f1anza. Estou moi contenta dos resultados obtidos nestes dous \u00faltimos anos. Fixemos obras, pero tam\u00e9n puxemos en marcha novos servizos para as persoas.<\/p>\n<\/blockquote>\n\n\n\n<p><strong>En que proxectos se materializou a li\u00f1a de traballo que comentas?<\/strong><\/p>\n\n\n\n<blockquote class=\"wp-block-quote is-layout-flow wp-block-quote-is-layout-flow\">\n<p>A nosa li\u00f1a de traballo consistiu en mellorar o benestar da veci\u00f1anza, mellorar os servizos que prestamos e ir aumentando estes servizos. Comezamos coa rehabilitaci\u00f3n de espazos municipais que estaban degradados ou non ti\u00f1an un completo rendemento debido \u00e1 s\u00faa situaci\u00f3n. Realizamos obras como a reforma e rehabilitaci\u00f3n integral da piscina municipal, cunha primeira fase de actuaci\u00f3n no vaso da piscina e na praia, e cunha segunda fase de mellora dos vestiarios que est\u00e1 actualmente en proceso. O ano pasado tivemos cheo absoluto na piscina e este ano, coas instalaci\u00f3ns en total funcionamento, agardo que o \u00e9xito sexa a\u00ednda maior. Tam\u00e9n rehabilitamos o centro c\u00edvico da Devesa, que presentamos recentemente, e outros edificios p\u00fablicos como a escola unitaria de Budi\u00f1o ou a casa do mestre de Font\u00e1n, que ser\u00e1 a primeira vivenda de alugueiro social coa que conte Salceda. O que sempre digo, con todo, \u00e9 que o m\u00e1is importante \u00e9 encher de contido estes espazos. A rehabilitaci\u00f3n ten esa finalidade: po\u00f1er en valor as actividades de car\u00e1cter social e comunitario.<\/p>\n<\/blockquote>\n\n\n\n<p><strong>F\u00e1lase moito na r\u00faa do centro de sa\u00fade e da escola. Como est\u00e1 a situaci\u00f3n destes servizos p\u00fablicos actualmente?<\/strong><\/p>\n\n\n\n<blockquote class=\"wp-block-quote is-layout-flow wp-block-quote-is-layout-flow\">\n<p>As obras do novo centro de sa\u00fade remat\u00e1ronse a principios de mandato. O centro funciona, pero \u00e9 verdade que a sanidade p\u00fablica vai m\u00e1is al\u00e1 de ter infraestruturas. O cemento non serve de nada se non hai persoal sanitario suficiente para prestar a atenci\u00f3n primaria necesaria. Aqu\u00ed en Salceda estamos cunha soa pediatra para un n\u00famero de cartillas moi elevado, e esa segue sendo a nosa loita, m\u00e1is al\u00e1 de que o novo centro de sa\u00fade estea xa en funcionamento. Respecto do CEP Altamira, n\u00f3s sempre reclamamos un segundo colexio de primaria. Chegou unha ampliaci\u00f3n hai uns anos que foi escasa para o n\u00famero de nenos e nenas que temos no concello. En 2018 instal\u00e1ronse uns barrac\u00f3ns para servir provisionalmente como comedor escolar, e a d\u00eda de hoxe seguen a\u00ed. No eido educativo reclamamos un comedor e un novo colexio de primaria. Por outra banda, est\u00e1 pendente a ampliaci\u00f3n do IES Pedras Rubias. Eu mesma, como concelleira de Urbanismo, estou esperando a que a Xunta de Galicia complete a licitaci\u00f3n e env\u00ede o proxecto para tramitar a licenza correspondente. Esta \u00e9 unha demanda da veci\u00f1anza que compartimos desde hai moitos anos. Buscamos a implantaci\u00f3n de bacharelato e formaci\u00f3n profesional. Conseguiuse que comezara o bacharelato o ano pasado. A partir de setembro comezar\u00e1 o segundo curso e fan falta as instalaci\u00f3ns. Hai un compromiso, pero a Xunta vai con atraso. Con todo, a\u00ednda nos queda a loita pola formaci\u00f3n profesional.<\/p>\n<\/blockquote>\n\n\n\n<p><strong>Estades reclamando unha determinada familia profesional no IES Pedras Rubias?<\/strong><\/p>\n\n\n\n<blockquote class=\"wp-block-quote is-layout-flow wp-block-quote-is-layout-flow\">\n<p>Eu xa tiven unha reuni\u00f3n coa directora xeral e lle transmit\u00edn a mi\u00f1a opini\u00f3n. Penso que hai que considerar as necesidades que ten Salceda, e o que est\u00e1 cuberto e non nos concellos da comarca. Mirando o tecido industrial e empresarial, haber\u00eda que pensar nalg\u00fan programa de FP dual, sen descoidar tampouco a FP b\u00e1sica. N\u00f3s estamos nesa loita, pero mentres non haxa unha ampliaci\u00f3n de instalaci\u00f3ns isto \u00e9 unha utop\u00eda.<\/p>\n<\/blockquote>\n\n\n\n<p><strong>Estas actuaci\u00f3ns no eido educativo dependen directamente da Xunta de Galicia. \u00c9 posible que estes atrasos nos seus compromisos garden relaci\u00f3n coas diferenzas pol\u00edticas que existen entre concello e administraci\u00f3n aut\u00f3noma?<\/strong><\/p>\n\n\n\n<blockquote class=\"wp-block-quote is-layout-flow wp-block-quote-is-layout-flow\">\n<p>Eu entendo que pode ser, pero tam\u00e9n penso que non deber\u00eda ser. A veci\u00f1anza de Salceda debe ter as mesmas oportunidades que outros concellos en sinton\u00eda pol\u00edtica coa Xunta. Salceda ten unhas necesidades no eido educativo moi grandes porque somos unha poboaci\u00f3n en crecemento. \u00c9 necesario investir en educaci\u00f3n e instalaci\u00f3ns para os nosos cativos. Al\u00e9n diso, temos un problema fundamental co transporte que afecta aos mozos e mozas que deben sa\u00edr do concello para estudar. O transporte non \u00e9 competencia do concello, sen\u00f3n da Xunta. Esta \u00e9 outra das nosas loitas.<\/p>\n<\/blockquote>\n\n\n\n<p><strong>O pol\u00edgono industrial de Cerquido foi unhas zonas m\u00e1is afectadas polas inundaci\u00f3ns de aninovo. Como van os traballos de recuperaci\u00f3n?<\/strong><\/p>\n\n\n\n<blockquote class=\"wp-block-quote is-layout-flow wp-block-quote-is-layout-flow\">\n<p>As empresas foron normalizando a s\u00faa actividade, pero a\u00ednda queda traballo por facer porque a meteorolox\u00eda non acompa\u00f1ou. Estamos pendentes de que o tempo mellore para seguir resolvendo incidencias.<\/p>\n<\/blockquote>\n\n\n\n<p><strong>Desde o Concello informouse da aprobaci\u00f3n de fondos europeos para o cambio a LED de todo alumeado p\u00fablico. \u00c9 este o gran proxecto do seu mandato?<\/strong><\/p>\n\n\n\n<blockquote class=\"wp-block-quote is-layout-flow wp-block-quote-is-layout-flow\">\n<p>Tr\u00e1tase dunha subvenci\u00f3n de mill\u00f3n e medio de euros para mellorar a iluminaci\u00f3n nas parroquias. Obviamente \u00e9 unha actuaci\u00f3n importante porque sup\u00f3n un aforro enerx\u00e9tico considerable para o concello. Este \u00e9 un dos proxectos que est\u00e1n pendentes de desenvolver, pero tam\u00e9n temos solicitado un centro de d\u00eda para Salceda que ser\u00e1 moi importante para promover a conciliaci\u00f3n familiar e a atenci\u00f3n aos nosos maiores. Espero que este sexa outro dos proxectos a desenvolver no futuro. Al\u00e9n disto, estamos traballando no proxecto dun novo pavill\u00f3n xunto ao que xa temos, aproveitando o espazo dispo\u00f1ible na \u00e1rea deportiva de Altamira e os fondos que canaliza a Deputaci\u00f3n de Pontevedra a trav\u00e9s do plan PON 2030. Co crecemento poboacional mudou un pouco cales son las prioridades da veci\u00f1anza, e as deportivas son unha das m\u00e1is grandes que temos sobre a mesa.<\/p>\n<\/blockquote>\n\n\n\n<p><strong>Con todo, desde a oposici\u00f3n critican ao goberno municipal por non investir suficiente no saneamento. Que hai de certo nisto?<\/strong><\/p>\n\n\n\n<blockquote class=\"wp-block-quote is-layout-flow wp-block-quote-is-layout-flow\">\n<p>Fix\u00e9ronse bastantes actuaci\u00f3ns, se ben \u00e9 verdade que o saneamento \u00e9 complexo polo alto custo econ\u00f3mico que ten. Tratamos de desenvolver m\u00e1is, pero os fondos europeos que ve\u00f1en e que est\u00e1n a disposici\u00f3n actualmente non financian obras de saneamento porque Europa considera que este tema est\u00e1 superado. \u00c9 as\u00ed en moitos pa\u00edses europeos, pero non aqu\u00ed nin en xeral en Galicia. En Salceda, a comunidade aut\u00f3noma devolveu no seu d\u00eda os fondos europeos que vi\u00f1an para o saneamento de Soutelo e Entenza, as d\u00faas parroquias que temos sen sanear. Fan falta m\u00e1is de dous mill\u00f3ns de euros. No seu d\u00eda hab\u00eda un compromiso que a Xunta non cumpriu, devolvendo eses fondos europeos e quedando esa parte do saneamento sen facer. Estamos petando en todas as portas e realizando treitos importantes, como no barrio de Bouzavedra, onde se investiron uns 150.000 \u20ac para dar conexi\u00f3n a 27 casas. Xa est\u00e1n aprobadas, tam\u00e9n, obras de saneamento no barrio de Ataude, en Pico\u00f1a, e temos en proceso a redacci\u00f3n doutros proxectos neste eido para ir realizando pequenas actuaci\u00f3ns con fondos propios ou a trav\u00e9s do Plan Concellos da Deputaci\u00f3n. Con todo, nestes anos invest\u00edronse m\u00e1is de 400.000 \u20ac en saneamento.<\/p>\n<\/blockquote>\n\n\n\n<p><strong>Como concelleira de Urbanismo est\u00e1 promovendo o desenvolvemento do PXOM. Ser\u00e1 este o principal obxectivo do pr\u00f3ximo mandato, en caso de manterse na Alcald\u00eda?<\/strong><\/p>\n\n\n\n<blockquote class=\"wp-block-quote is-layout-flow wp-block-quote-is-layout-flow\">\n<p>\u00c9 un tema fundamental, mais en Urbanismo xa tivemos avances co desenvolvemento da reparcelaci\u00f3n do pol\u00edgono do PERI, xunto ao centro de sa\u00fade. O PXOM ten que ser o pr\u00f3ximo paso. Xa presentamos a cartograf\u00eda e planimetr\u00eda do concello. Con isto estamos sentando as bases da ordenaci\u00f3n urban\u00edstica. O seguinte paso ser\u00e1 a participaci\u00f3n veci\u00f1al, xa que un PXOM ten que partir do consenso.<\/p>\n<\/blockquote>\n\n\n\n<p><strong>Agora que fala de consenso na elaboraci\u00f3n do PXOM, quixera preguntar se dentro do goberno municipal tam\u00e9n predomina o consenso respecto das prioridades pol\u00edticas?<\/strong><\/p>\n\n\n\n<blockquote class=\"wp-block-quote is-layout-flow wp-block-quote-is-layout-flow\">\n<p>Somos un equipo que traballamos desde o primeiro momento respectando un acordo de goberno. Como en todo equipo, pode haber discrepancias; pero sobre os temas importantes hai consenso e as\u00ed debe ser.<\/p>\n<\/blockquote>\n\n\n\n<p><strong>De cara \u00e1s elecci\u00f3ns municipais do 28 de maio, estariades dispostos desde o grupo socialista a repetir esta f\u00f3rmula de Alcald\u00eda compartida?<\/strong><\/p>\n\n\n\n<blockquote class=\"wp-block-quote is-layout-flow wp-block-quote-is-layout-flow\">\n<p>Agora estamos nun momento de pre campa\u00f1a. Cada agrupaci\u00f3n debe facer a s\u00faa pol\u00edtica, transmitirlle \u00e1 veci\u00f1anza a s\u00faa proposta de goberno. Xa chegar\u00e1 o tempo de falar. Depender\u00e1 moito dos resultados. Neste momento, n\u00f3s estamos centrados en gobernar e acadar os mellores resultados. Crecemos pasi\u00f1o a pasi\u00f1o. Non s\u00f3 estamos preparados para gobernar, como diciamos nas municipais de 2019, sen\u00f3n que xa gobernamos e a xente sabe que podemos facelo. Estou convencida de que podemos acadar moi bos resultados, subir en votos e incluso ser a forza pol\u00edtica m\u00e1is votada.<\/p>\n<\/blockquote>\n\n\n\n<p><strong>No caso de ser a forza pol\u00edtica m\u00e1is votada, consideran a posibilidade de gobernar en minor\u00eda para ter maior independencia e protagonismo na xesti\u00f3n municipal?<\/strong><\/p>\n\n\n\n<blockquote class=\"wp-block-quote is-layout-flow wp-block-quote-is-layout-flow\">\n<p>Tocar\u00e1 falalo noutro momento. Agora \u00e9 tempo de gobernar para poder seguir gobernando o d\u00eda despois das elecci\u00f3ns. A xente valorar\u00e1 que o traballo foi feito durante os catro anos e non s\u00f3 durante a campa\u00f1a electoral.<\/p>\n<\/blockquote>\n","protected":false},"excerpt":{"rendered":"<div class=\"mh-excerpt\"><p>A socialista Ver\u00f3nica Tour\u00f3n, alcaldesa de Salceda de Caselas durante os \u00faltimos dous anos de mandato, pres\u00e9ntase novamente como candidata \u00e1 Alcald\u00eda con perspectivas de mellorar os resultados de 2019 e incluso converterse na lista m\u00e1is votada do concello nas elecci\u00f3ns municipais do 28 de maio <a class=\"mh-excerpt-more\" href=\"https:\/\/www.anovapeneira.gal\/index.php\/2023\/04\/18\/veronica-touron-alcaldesa-de-salceda-de-caselas-e-candidata-do-psdg-psoe\/\" title=\"Ver\u00f3nica Tour\u00f3n, alcaldesa de Salceda de Caselas e candidata do PSDG-PSOE\">[&#8230;]<\/a><\/p>\n<\/div>","protected":false},"author":41,"featured_media":9472,"comment_status":"open","ping_status":"open","sticky":false,"template":"","format":"standard","meta":{"_exactmetrics_skip_tracking":false,"_exactmetrics_sitenote_active":false,"_exactmetrics_sitenote_note":"","_exactmetrics_sitenote_category":0,"footnotes":""},"categories":[265],"tags":[359],"class_list":{"0":"post-9470","1":"post","2":"type-post","3":"status-publish","4":"format-standard","5":"has-post-thumbnail","7":"category-a-lourina-entrevistas","8":"tag-concello-de-salceda-de-caselas"},"yoast_head":"<!-- This site is optimized with the Yoast SEO plugin v27.4 - https:\/\/yoast.com\/product\/yoast-seo-wordpress\/ -->\n<title>Ver\u00f3nica Tour\u00f3n, alcaldesa de Salceda de Caselas e candidata do PSDG-PSOE -<\/title>\n<meta name=\"description\" content=\"A socialista Ver\u00f3nica Tour\u00f3n, alcaldesa de Salceda de Caselas durante os \u00faltimos dous anos de mandato, pres\u00e9ntase novamente como candidata \u00e1 Alcald\u00eda con perspectivas de mellorar os resultados de 2019 e incluso converterse na lista m\u00e1is votada do concello nas elecci\u00f3ns municipais do 28 de maio\" \/>\n<meta name=\"robots\" content=\"index, follow, max-snippet:-1, max-image-preview:large, max-video-preview:-1\" \/>\n<link rel=\"canonical\" href=\"https:\/\/www.anovapeneira.gal\/index.php\/2023\/04\/18\/veronica-touron-alcaldesa-de-salceda-de-caselas-e-candidata-do-psdg-psoe\/\" \/>\n<meta property=\"og:locale\" content=\"gl_ES\" \/>\n<meta property=\"og:type\" content=\"article\" \/>\n<meta property=\"og:title\" content=\"Ver\u00f3nica Tour\u00f3n, alcaldesa de Salceda de Caselas e candidata do PSDG-PSOE -\" \/>\n<meta property=\"og:description\" content=\"A socialista Ver\u00f3nica Tour\u00f3n, alcaldesa de Salceda de Caselas durante os \u00faltimos dous anos de mandato, pres\u00e9ntase novamente como candidata \u00e1 Alcald\u00eda con perspectivas de mellorar os resultados de 2019 e incluso converterse na lista m\u00e1is votada do concello nas elecci\u00f3ns municipais do 28 de maio\" \/>\n<meta property=\"og:url\" content=\"https:\/\/www.anovapeneira.gal\/index.php\/2023\/04\/18\/veronica-touron-alcaldesa-de-salceda-de-caselas-e-candidata-do-psdg-psoe\/\" \/>\n<meta property=\"article:publisher\" content=\"https:\/\/www.facebook.com\/anovapeneira\" \/>\n<meta property=\"article:published_time\" content=\"2023-04-18T10:00:43+00:00\" \/>\n<meta property=\"og:image\" content=\"https:\/\/www.anovapeneira.gal\/wp-content\/uploads\/2023\/04\/veronica_touron.jpg\" \/>\n\t<meta property=\"og:image:width\" content=\"720\" \/>\n\t<meta property=\"og:image:height\" content=\"432\" \/>\n\t<meta property=\"og:image:type\" content=\"image\/jpeg\" \/>\n<meta name=\"author\" content=\"Alma L\u00f3pez Figueiras\" \/>\n<meta name=\"twitter:card\" content=\"summary_large_image\" \/>\n<meta name=\"twitter:creator\" content=\"@APeneira\" \/>\n<meta name=\"twitter:site\" content=\"@APeneira\" \/>\n<meta name=\"twitter:label1\" content=\"Escrito por\" \/>\n\t<meta name=\"twitter:data1\" content=\"Alma L\u00f3pez Figueiras\" \/>\n\t<meta name=\"twitter:label2\" content=\"Tempo de lectura\" \/>\n\t<meta name=\"twitter:data2\" content=\"9 minutos\" \/>\n<script type=\"application\/ld+json\" class=\"yoast-schema-graph\">{\"@context\":\"https:\\\/\\\/schema.org\",\"@graph\":[{\"@type\":\"Article\",\"@id\":\"https:\\\/\\\/www.anovapeneira.gal\\\/index.php\\\/2023\\\/04\\\/18\\\/veronica-touron-alcaldesa-de-salceda-de-caselas-e-candidata-do-psdg-psoe\\\/#article\",\"isPartOf\":{\"@id\":\"https:\\\/\\\/www.anovapeneira.gal\\\/index.php\\\/2023\\\/04\\\/18\\\/veronica-touron-alcaldesa-de-salceda-de-caselas-e-candidata-do-psdg-psoe\\\/\"},\"author\":{\"name\":\"Alma L\u00f3pez Figueiras\",\"@id\":\"https:\\\/\\\/www.anovapeneira.gal\\\/#\\\/schema\\\/person\\\/0746a5e9aff49562caf86a581a001c1c\"},\"headline\":\"Ver\u00f3nica Tour\u00f3n, alcaldesa de Salceda de Caselas e candidata do PSDG-PSOE\",\"datePublished\":\"2023-04-18T10:00:43+00:00\",\"mainEntityOfPage\":{\"@id\":\"https:\\\/\\\/www.anovapeneira.gal\\\/index.php\\\/2023\\\/04\\\/18\\\/veronica-touron-alcaldesa-de-salceda-de-caselas-e-candidata-do-psdg-psoe\\\/\"},\"wordCount\":1775,\"commentCount\":0,\"publisher\":{\"@id\":\"https:\\\/\\\/www.anovapeneira.gal\\\/#organization\"},\"image\":{\"@id\":\"https:\\\/\\\/www.anovapeneira.gal\\\/index.php\\\/2023\\\/04\\\/18\\\/veronica-touron-alcaldesa-de-salceda-de-caselas-e-candidata-do-psdg-psoe\\\/#primaryimage\"},\"thumbnailUrl\":\"https:\\\/\\\/www.anovapeneira.gal\\\/wp-content\\\/uploads\\\/2023\\\/04\\\/veronica_touron.jpg\",\"keywords\":[\"Concello de Salceda de Caselas\"],\"articleSection\":[\"A Louri\u00f1a\"],\"inLanguage\":\"gl-ES\",\"potentialAction\":[{\"@type\":\"CommentAction\",\"name\":\"Comment\",\"target\":[\"https:\\\/\\\/www.anovapeneira.gal\\\/index.php\\\/2023\\\/04\\\/18\\\/veronica-touron-alcaldesa-de-salceda-de-caselas-e-candidata-do-psdg-psoe\\\/#respond\"]}]},{\"@type\":\"WebPage\",\"@id\":\"https:\\\/\\\/www.anovapeneira.gal\\\/index.php\\\/2023\\\/04\\\/18\\\/veronica-touron-alcaldesa-de-salceda-de-caselas-e-candidata-do-psdg-psoe\\\/\",\"url\":\"https:\\\/\\\/www.anovapeneira.gal\\\/index.php\\\/2023\\\/04\\\/18\\\/veronica-touron-alcaldesa-de-salceda-de-caselas-e-candidata-do-psdg-psoe\\\/\",\"name\":\"Ver\u00f3nica Tour\u00f3n, alcaldesa de Salceda de Caselas e candidata do PSDG-PSOE -\",\"isPartOf\":{\"@id\":\"https:\\\/\\\/www.anovapeneira.gal\\\/#website\"},\"primaryImageOfPage\":{\"@id\":\"https:\\\/\\\/www.anovapeneira.gal\\\/index.php\\\/2023\\\/04\\\/18\\\/veronica-touron-alcaldesa-de-salceda-de-caselas-e-candidata-do-psdg-psoe\\\/#primaryimage\"},\"image\":{\"@id\":\"https:\\\/\\\/www.anovapeneira.gal\\\/index.php\\\/2023\\\/04\\\/18\\\/veronica-touron-alcaldesa-de-salceda-de-caselas-e-candidata-do-psdg-psoe\\\/#primaryimage\"},\"thumbnailUrl\":\"https:\\\/\\\/www.anovapeneira.gal\\\/wp-content\\\/uploads\\\/2023\\\/04\\\/veronica_touron.jpg\",\"datePublished\":\"2023-04-18T10:00:43+00:00\",\"description\":\"A socialista Ver\u00f3nica Tour\u00f3n, alcaldesa de Salceda de Caselas durante os \u00faltimos dous anos de mandato, pres\u00e9ntase novamente como candidata \u00e1 Alcald\u00eda con perspectivas de mellorar os resultados de 2019 e incluso converterse na lista m\u00e1is votada do concello nas elecci\u00f3ns municipais do 28 de maio\",\"breadcrumb\":{\"@id\":\"https:\\\/\\\/www.anovapeneira.gal\\\/index.php\\\/2023\\\/04\\\/18\\\/veronica-touron-alcaldesa-de-salceda-de-caselas-e-candidata-do-psdg-psoe\\\/#breadcrumb\"},\"inLanguage\":\"gl-ES\",\"potentialAction\":[{\"@type\":\"ReadAction\",\"target\":[\"https:\\\/\\\/www.anovapeneira.gal\\\/index.php\\\/2023\\\/04\\\/18\\\/veronica-touron-alcaldesa-de-salceda-de-caselas-e-candidata-do-psdg-psoe\\\/\"]}]},{\"@type\":\"ImageObject\",\"inLanguage\":\"gl-ES\",\"@id\":\"https:\\\/\\\/www.anovapeneira.gal\\\/index.php\\\/2023\\\/04\\\/18\\\/veronica-touron-alcaldesa-de-salceda-de-caselas-e-candidata-do-psdg-psoe\\\/#primaryimage\",\"url\":\"https:\\\/\\\/www.anovapeneira.gal\\\/wp-content\\\/uploads\\\/2023\\\/04\\\/veronica_touron.jpg\",\"contentUrl\":\"https:\\\/\\\/www.anovapeneira.gal\\\/wp-content\\\/uploads\\\/2023\\\/04\\\/veronica_touron.jpg\",\"width\":720,\"height\":432,\"caption\":\"Ver\u00f3nica Tour\u00f3n, alcaldesa de Salceda de Caselas e candidata do PSDG-PSOE\"},{\"@type\":\"BreadcrumbList\",\"@id\":\"https:\\\/\\\/www.anovapeneira.gal\\\/index.php\\\/2023\\\/04\\\/18\\\/veronica-touron-alcaldesa-de-salceda-de-caselas-e-candidata-do-psdg-psoe\\\/#breadcrumb\",\"itemListElement\":[{\"@type\":\"ListItem\",\"position\":1,\"name\":\"Portada\",\"item\":\"https:\\\/\\\/www.anovapeneira.gal\\\/\"},{\"@type\":\"ListItem\",\"position\":2,\"name\":\"Ver\u00f3nica Tour\u00f3n, alcaldesa de Salceda de Caselas e candidata do PSDG-PSOE\"}]},{\"@type\":\"WebSite\",\"@id\":\"https:\\\/\\\/www.anovapeneira.gal\\\/#website\",\"url\":\"https:\\\/\\\/www.anovapeneira.gal\\\/\",\"name\":\"\",\"description\":\"Xornal galego de informaci\u00f3n xeral Publicaci\u00f3n mensual de novas de Galicia e en especial dos Concellos da sur da provincia de Pontevedra.\",\"publisher\":{\"@id\":\"https:\\\/\\\/www.anovapeneira.gal\\\/#organization\"},\"potentialAction\":[{\"@type\":\"SearchAction\",\"target\":{\"@type\":\"EntryPoint\",\"urlTemplate\":\"https:\\\/\\\/www.anovapeneira.gal\\\/?s={search_term_string}\"},\"query-input\":{\"@type\":\"PropertyValueSpecification\",\"valueRequired\":true,\"valueName\":\"search_term_string\"}}],\"inLanguage\":\"gl-ES\"},{\"@type\":\"Organization\",\"@id\":\"https:\\\/\\\/www.anovapeneira.gal\\\/#organization\",\"name\":\"A Nova Peneira\",\"url\":\"https:\\\/\\\/www.anovapeneira.gal\\\/\",\"logo\":{\"@type\":\"ImageObject\",\"inLanguage\":\"gl-ES\",\"@id\":\"https:\\\/\\\/www.anovapeneira.gal\\\/#\\\/schema\\\/logo\\\/image\\\/\",\"url\":\"http:\\\/\\\/www.anovapeneira.gal\\\/wp-content\\\/uploads\\\/2019\\\/06\\\/logo_a_nova_peneira_portal_web.png\",\"contentUrl\":\"http:\\\/\\\/www.anovapeneira.gal\\\/wp-content\\\/uploads\\\/2019\\\/06\\\/logo_a_nova_peneira_portal_web.png\",\"width\":300,\"height\":100,\"caption\":\"A Nova Peneira\"},\"image\":{\"@id\":\"https:\\\/\\\/www.anovapeneira.gal\\\/#\\\/schema\\\/logo\\\/image\\\/\"},\"sameAs\":[\"https:\\\/\\\/www.facebook.com\\\/anovapeneira\",\"https:\\\/\\\/x.com\\\/APeneira\"]},{\"@type\":\"Person\",\"@id\":\"https:\\\/\\\/www.anovapeneira.gal\\\/#\\\/schema\\\/person\\\/0746a5e9aff49562caf86a581a001c1c\",\"name\":\"Alma L\u00f3pez Figueiras\",\"image\":{\"@type\":\"ImageObject\",\"inLanguage\":\"gl-ES\",\"@id\":\"https:\\\/\\\/secure.gravatar.com\\\/avatar\\\/feba821d8b06f92a15842270e547b80062a95516341d6cf987c8062ab7527628?s=96&d=mm&r=g\",\"url\":\"https:\\\/\\\/secure.gravatar.com\\\/avatar\\\/feba821d8b06f92a15842270e547b80062a95516341d6cf987c8062ab7527628?s=96&d=mm&r=g\",\"contentUrl\":\"https:\\\/\\\/secure.gravatar.com\\\/avatar\\\/feba821d8b06f92a15842270e547b80062a95516341d6cf987c8062ab7527628?s=96&d=mm&r=g\",\"caption\":\"Alma L\u00f3pez Figueiras\"},\"url\":\"https:\\\/\\\/www.anovapeneira.gal\\\/index.php\\\/author\\\/almalfigueiras\\\/\"}]}<\/script>\n<!-- \/ Yoast SEO plugin. -->","yoast_head_json":{"title":"Ver\u00f3nica Tour\u00f3n, alcaldesa de Salceda de Caselas e candidata do PSDG-PSOE -","description":"A socialista Ver\u00f3nica Tour\u00f3n, alcaldesa de Salceda de Caselas durante os \u00faltimos dous anos de mandato, pres\u00e9ntase novamente como candidata \u00e1 Alcald\u00eda con perspectivas de mellorar os resultados de 2019 e incluso converterse na lista m\u00e1is votada do concello nas elecci\u00f3ns municipais do 28 de maio","robots":{"index":"index","follow":"follow","max-snippet":"max-snippet:-1","max-image-preview":"max-image-preview:large","max-video-preview":"max-video-preview:-1"},"canonical":"https:\/\/www.anovapeneira.gal\/index.php\/2023\/04\/18\/veronica-touron-alcaldesa-de-salceda-de-caselas-e-candidata-do-psdg-psoe\/","og_locale":"gl_ES","og_type":"article","og_title":"Ver\u00f3nica Tour\u00f3n, alcaldesa de Salceda de Caselas e candidata do PSDG-PSOE -","og_description":"A socialista Ver\u00f3nica Tour\u00f3n, alcaldesa de Salceda de Caselas durante os \u00faltimos dous anos de mandato, pres\u00e9ntase novamente como candidata \u00e1 Alcald\u00eda con perspectivas de mellorar os resultados de 2019 e incluso converterse na lista m\u00e1is votada do concello nas elecci\u00f3ns municipais do 28 de maio","og_url":"https:\/\/www.anovapeneira.gal\/index.php\/2023\/04\/18\/veronica-touron-alcaldesa-de-salceda-de-caselas-e-candidata-do-psdg-psoe\/","article_publisher":"https:\/\/www.facebook.com\/anovapeneira","article_published_time":"2023-04-18T10:00:43+00:00","og_image":[{"width":720,"height":432,"url":"https:\/\/www.anovapeneira.gal\/wp-content\/uploads\/2023\/04\/veronica_touron.jpg","type":"image\/jpeg"}],"author":"Alma L\u00f3pez Figueiras","twitter_card":"summary_large_image","twitter_creator":"@APeneira","twitter_site":"@APeneira","twitter_misc":{"Escrito por":"Alma L\u00f3pez Figueiras","Tempo de lectura":"9 minutos"},"schema":{"@context":"https:\/\/schema.org","@graph":[{"@type":"Article","@id":"https:\/\/www.anovapeneira.gal\/index.php\/2023\/04\/18\/veronica-touron-alcaldesa-de-salceda-de-caselas-e-candidata-do-psdg-psoe\/#article","isPartOf":{"@id":"https:\/\/www.anovapeneira.gal\/index.php\/2023\/04\/18\/veronica-touron-alcaldesa-de-salceda-de-caselas-e-candidata-do-psdg-psoe\/"},"author":{"name":"Alma L\u00f3pez Figueiras","@id":"https:\/\/www.anovapeneira.gal\/#\/schema\/person\/0746a5e9aff49562caf86a581a001c1c"},"headline":"Ver\u00f3nica Tour\u00f3n, alcaldesa de Salceda de Caselas e candidata do PSDG-PSOE","datePublished":"2023-04-18T10:00:43+00:00","mainEntityOfPage":{"@id":"https:\/\/www.anovapeneira.gal\/index.php\/2023\/04\/18\/veronica-touron-alcaldesa-de-salceda-de-caselas-e-candidata-do-psdg-psoe\/"},"wordCount":1775,"commentCount":0,"publisher":{"@id":"https:\/\/www.anovapeneira.gal\/#organization"},"image":{"@id":"https:\/\/www.anovapeneira.gal\/index.php\/2023\/04\/18\/veronica-touron-alcaldesa-de-salceda-de-caselas-e-candidata-do-psdg-psoe\/#primaryimage"},"thumbnailUrl":"https:\/\/www.anovapeneira.gal\/wp-content\/uploads\/2023\/04\/veronica_touron.jpg","keywords":["Concello de Salceda de Caselas"],"articleSection":["A Louri\u00f1a"],"inLanguage":"gl-ES","potentialAction":[{"@type":"CommentAction","name":"Comment","target":["https:\/\/www.anovapeneira.gal\/index.php\/2023\/04\/18\/veronica-touron-alcaldesa-de-salceda-de-caselas-e-candidata-do-psdg-psoe\/#respond"]}]},{"@type":"WebPage","@id":"https:\/\/www.anovapeneira.gal\/index.php\/2023\/04\/18\/veronica-touron-alcaldesa-de-salceda-de-caselas-e-candidata-do-psdg-psoe\/","url":"https:\/\/www.anovapeneira.gal\/index.php\/2023\/04\/18\/veronica-touron-alcaldesa-de-salceda-de-caselas-e-candidata-do-psdg-psoe\/","name":"Ver\u00f3nica Tour\u00f3n, alcaldesa de Salceda de Caselas e candidata do PSDG-PSOE -","isPartOf":{"@id":"https:\/\/www.anovapeneira.gal\/#website"},"primaryImageOfPage":{"@id":"https:\/\/www.anovapeneira.gal\/index.php\/2023\/04\/18\/veronica-touron-alcaldesa-de-salceda-de-caselas-e-candidata-do-psdg-psoe\/#primaryimage"},"image":{"@id":"https:\/\/www.anovapeneira.gal\/index.php\/2023\/04\/18\/veronica-touron-alcaldesa-de-salceda-de-caselas-e-candidata-do-psdg-psoe\/#primaryimage"},"thumbnailUrl":"https:\/\/www.anovapeneira.gal\/wp-content\/uploads\/2023\/04\/veronica_touron.jpg","datePublished":"2023-04-18T10:00:43+00:00","description":"A socialista Ver\u00f3nica Tour\u00f3n, alcaldesa de Salceda de Caselas durante os \u00faltimos dous anos de mandato, pres\u00e9ntase novamente como candidata \u00e1 Alcald\u00eda con perspectivas de mellorar os resultados de 2019 e incluso converterse na lista m\u00e1is votada do concello nas elecci\u00f3ns municipais do 28 de maio","breadcrumb":{"@id":"https:\/\/www.anovapeneira.gal\/index.php\/2023\/04\/18\/veronica-touron-alcaldesa-de-salceda-de-caselas-e-candidata-do-psdg-psoe\/#breadcrumb"},"inLanguage":"gl-ES","potentialAction":[{"@type":"ReadAction","target":["https:\/\/www.anovapeneira.gal\/index.php\/2023\/04\/18\/veronica-touron-alcaldesa-de-salceda-de-caselas-e-candidata-do-psdg-psoe\/"]}]},{"@type":"ImageObject","inLanguage":"gl-ES","@id":"https:\/\/www.anovapeneira.gal\/index.php\/2023\/04\/18\/veronica-touron-alcaldesa-de-salceda-de-caselas-e-candidata-do-psdg-psoe\/#primaryimage","url":"https:\/\/www.anovapeneira.gal\/wp-content\/uploads\/2023\/04\/veronica_touron.jpg","contentUrl":"https:\/\/www.anovapeneira.gal\/wp-content\/uploads\/2023\/04\/veronica_touron.jpg","width":720,"height":432,"caption":"Ver\u00f3nica Tour\u00f3n, alcaldesa de Salceda de Caselas e candidata do PSDG-PSOE"},{"@type":"BreadcrumbList","@id":"https:\/\/www.anovapeneira.gal\/index.php\/2023\/04\/18\/veronica-touron-alcaldesa-de-salceda-de-caselas-e-candidata-do-psdg-psoe\/#breadcrumb","itemListElement":[{"@type":"ListItem","position":1,"name":"Portada","item":"https:\/\/www.anovapeneira.gal\/"},{"@type":"ListItem","position":2,"name":"Ver\u00f3nica Tour\u00f3n, alcaldesa de Salceda de Caselas e candidata do PSDG-PSOE"}]},{"@type":"WebSite","@id":"https:\/\/www.anovapeneira.gal\/#website","url":"https:\/\/www.anovapeneira.gal\/","name":"","description":"Xornal galego de informaci\u00f3n xeral Publicaci\u00f3n mensual de novas de Galicia e en especial dos Concellos da sur da provincia de Pontevedra.","publisher":{"@id":"https:\/\/www.anovapeneira.gal\/#organization"},"potentialAction":[{"@type":"SearchAction","target":{"@type":"EntryPoint","urlTemplate":"https:\/\/www.anovapeneira.gal\/?s={search_term_string}"},"query-input":{"@type":"PropertyValueSpecification","valueRequired":true,"valueName":"search_term_string"}}],"inLanguage":"gl-ES"},{"@type":"Organization","@id":"https:\/\/www.anovapeneira.gal\/#organization","name":"A Nova Peneira","url":"https:\/\/www.anovapeneira.gal\/","logo":{"@type":"ImageObject","inLanguage":"gl-ES","@id":"https:\/\/www.anovapeneira.gal\/#\/schema\/logo\/image\/","url":"http:\/\/www.anovapeneira.gal\/wp-content\/uploads\/2019\/06\/logo_a_nova_peneira_portal_web.png","contentUrl":"http:\/\/www.anovapeneira.gal\/wp-content\/uploads\/2019\/06\/logo_a_nova_peneira_portal_web.png","width":300,"height":100,"caption":"A Nova Peneira"},"image":{"@id":"https:\/\/www.anovapeneira.gal\/#\/schema\/logo\/image\/"},"sameAs":["https:\/\/www.facebook.com\/anovapeneira","https:\/\/x.com\/APeneira"]},{"@type":"Person","@id":"https:\/\/www.anovapeneira.gal\/#\/schema\/person\/0746a5e9aff49562caf86a581a001c1c","name":"Alma L\u00f3pez Figueiras","image":{"@type":"ImageObject","inLanguage":"gl-ES","@id":"https:\/\/secure.gravatar.com\/avatar\/feba821d8b06f92a15842270e547b80062a95516341d6cf987c8062ab7527628?s=96&d=mm&r=g","url":"https:\/\/secure.gravatar.com\/avatar\/feba821d8b06f92a15842270e547b80062a95516341d6cf987c8062ab7527628?s=96&d=mm&r=g","contentUrl":"https:\/\/secure.gravatar.com\/avatar\/feba821d8b06f92a15842270e547b80062a95516341d6cf987c8062ab7527628?s=96&d=mm&r=g","caption":"Alma L\u00f3pez Figueiras"},"url":"https:\/\/www.anovapeneira.gal\/index.php\/author\/almalfigueiras\/"}]}},"jetpack_featured_media_url":"https:\/\/www.anovapeneira.gal\/wp-content\/uploads\/2023\/04\/veronica_touron.jpg","_links":{"self":[{"href":"https:\/\/www.anovapeneira.gal\/index.php\/wp-json\/wp\/v2\/posts\/9470","targetHints":{"allow":["GET"]}}],"collection":[{"href":"https:\/\/www.anovapeneira.gal\/index.php\/wp-json\/wp\/v2\/posts"}],"about":[{"href":"https:\/\/www.anovapeneira.gal\/index.php\/wp-json\/wp\/v2\/types\/post"}],"author":[{"embeddable":true,"href":"https:\/\/www.anovapeneira.gal\/index.php\/wp-json\/wp\/v2\/users\/41"}],"replies":[{"embeddable":true,"href":"https:\/\/www.anovapeneira.gal\/index.php\/wp-json\/wp\/v2\/comments?post=9470"}],"version-history":[{"count":1,"href":"https:\/\/www.anovapeneira.gal\/index.php\/wp-json\/wp\/v2\/posts\/9470\/revisions"}],"predecessor-version":[{"id":9471,"href":"https:\/\/www.anovapeneira.gal\/index.php\/wp-json\/wp\/v2\/posts\/9470\/revisions\/9471"}],"wp:featuredmedia":[{"embeddable":true,"href":"https:\/\/www.anovapeneira.gal\/index.php\/wp-json\/wp\/v2\/media\/9472"}],"wp:attachment":[{"href":"https:\/\/www.anovapeneira.gal\/index.php\/wp-json\/wp\/v2\/media?parent=9470"}],"wp:term":[{"taxonomy":"category","embeddable":true,"href":"https:\/\/www.anovapeneira.gal\/index.php\/wp-json\/wp\/v2\/categories?post=9470"},{"taxonomy":"post_tag","embeddable":true,"href":"https:\/\/www.anovapeneira.gal\/index.php\/wp-json\/wp\/v2\/tags?post=9470"}],"curies":[{"name":"wp","href":"https:\/\/api.w.org\/{rel}","templated":true}]}}