{"id":9474,"date":"2023-04-20T10:00:49","date_gmt":"2023-04-20T08:00:49","guid":{"rendered":"https:\/\/www.anovapeneira.gal\/?p=9474"},"modified":"2023-04-17T10:13:03","modified_gmt":"2023-04-17T08:13:03","slug":"javier-bas-candidato-do-pp-a-alcaldia-de-redondela","status":"publish","type":"post","link":"https:\/\/www.anovapeneira.gal\/index.php\/2023\/04\/20\/javier-bas-candidato-do-pp-a-alcaldia-de-redondela\/","title":{"rendered":"Javier Bas candidato do PP \u00e1 alcald\u00eda de Redondela"},"content":{"rendered":"\n<h2 class=\"wp-block-heading\"><strong>O ex alcalde Javier Bas volve encabezar a candidatura popular \u00e1 alcald\u00eda de Redondela. N\u00f3s, no contexto da profunda radiograf\u00eda pol\u00edtica , que estamos a facer nas comarcas da nosa \u00e1rea de influencia falamos con el.<\/strong><\/h2>\n\n\n\n<p>\u201c <strong>En Redondela s\u00f3 existen d\u00faas alternativas: Ou Javier Bas ou Digna Rivas. Non existe unha terceira. Agardo un voto de rebeld\u00eda masivo de apoio \u00e1 nosa candidatura. No caso contrario Redondela padecer\u00e1 outros catro anos m\u00e1is do mesmo\u201d.<\/strong><\/p>\n\n\n\n<p><strong>A pouco m\u00e1is dun mes das elecci\u00f3ns municipais cales son as t\u00faas sensaci\u00f3ns neste momento?<\/strong><\/p>\n\n\n\n<blockquote class=\"wp-block-quote is-layout-flow wp-block-quote-is-layout-flow\">\n<p>Extremadamente boas. A pulsi\u00f3n que percibo nas r\u00faas de Redondela \u00e9 a dunha enorme cantidade de veci\u00f1os que, d\u00eda si e d\u00eda tam\u00e9n, me animan e expresan os seus mellores desexos de \u00e9xito nas vindeiras elecci\u00f3ns. E non s\u00f3 iso, pois tam\u00e9n estamos a visitar todas as parroquias e o que observo \u00e9 exactamente o mesmo: auditorios ateigados, unha enxurrada de ilusi\u00f3n en todos os sitios e unha moi elevada moral de vitoria.<\/p>\n<\/blockquote>\n\n\n\n<p><strong>\u00c1s parroquias ides a presentar \u00e1 t\u00faa candidatura, entendo?<\/strong><\/p>\n\n\n\n<blockquote class=\"wp-block-quote is-layout-flow wp-block-quote-is-layout-flow\">\n<p>Si, e tam\u00e9n a interesarnos polos problemas e necesidades que poidan ter.<\/p>\n<\/blockquote>\n\n\n\n<p><strong>E ese traballo, que facedes agora, de interesarvos polas necesidades e problemas que poidan ter as veci\u00f1as e veci\u00f1os das distintas parroquias non o fixestes nos 4 anos de oposici\u00f3n?<\/strong><\/p>\n\n\n\n<blockquote class=\"wp-block-quote is-layout-flow wp-block-quote-is-layout-flow\">\n<p>Desde logo que si o fixemos .Nestes 4 anos os concelleiros do PP fixeron un magn\u00edfico traballo de r\u00faa no que palpamos a diario os problemas que padece a veci\u00f1anza de Redondela derivados do nefasto goberno que sofre o noso pobo.<\/p>\n<\/blockquote>\n\n\n\n<p><strong>A vosa SX, Susana Cabaleiro, dic\u00eda nunha entrevista nas nosas p\u00e1xinas que en Redondela votar ao BNG e votar a AER era o mesmo que votar a Digna Rivas. Compartes esa opini\u00f3n?<\/strong><\/p>\n\n\n\n<blockquote class=\"wp-block-quote is-layout-flow wp-block-quote-is-layout-flow\">\n<p>Comp\u00e1rtoa absolutamente.<\/p>\n<\/blockquote>\n\n\n\n<p><strong>Por que?<\/strong><\/p>\n\n\n\n<blockquote class=\"wp-block-quote is-layout-flow wp-block-quote-is-layout-flow\">\n<p>Malia que tanto o BNG como AER te\u00f1en manifestado que Digna Rivas \u00e9 a peor alcaldesa da historia de Redondela todo indica que estar\u00edan dispostos a volvela apoiar. Polo menos as\u00ed o manifestaron diversas declaraci\u00f3ns de membros do BNG. En Redondela houbo un retroceso manifesto en todas as \u00e1reas e os responsables son o goberno do partido socialista e os que fixeron posible que Digna Rivas sexa a alcaldesa de Redondela: AER e BNG.<\/p>\n<\/blockquote>\n\n\n\n<p><strong>Todo foi retroceso? A reforma da praza de Ponteareas., por exemplo, tam\u00e9n foi retroceso?<\/strong><\/p>\n\n\n\n<blockquote class=\"wp-block-quote is-layout-flow wp-block-quote-is-layout-flow\">\n<p>Eu estou falando da visi\u00f3n global da vila, non de aspectos concretos. Pero xa que me preguntas por iso dicirche que esa obra deixouna encarrilada o PP. E a reforma desta praza nace do PP. Non o desenvolvemento que se lle deu, que lle falta alma, pero o proxecto de reforma, insisto, nace do goberno do PP.<\/p>\n<\/blockquote>\n\n\n\n<p><strong>Ben, falemos ent\u00f3n da t\u00faa visi\u00f3n global destes catro anos de goberno do PSOE\/AER e logo PSOE s\u00f3?<\/strong><\/p>\n\n\n\n<blockquote class=\"wp-block-quote is-layout-flow wp-block-quote-is-layout-flow\">\n<p>Desastrosos.<\/p>\n<\/blockquote>\n\n\n\n<p><strong>Por que?<\/strong><\/p>\n\n\n\n<blockquote class=\"wp-block-quote is-layout-flow wp-block-quote-is-layout-flow\">\n<p>Hai un mont\u00f3n de argumentos que me levan a cualificar a este goberno como desastroso. A modo de exemplo:<\/p>\n<\/blockquote>\n\n\n\n<blockquote class=\"wp-block-quote is-layout-flow wp-block-quote-is-layout-flow\">\n<p>&#8211; Cando n\u00f3s deixamos o goberno, Redondela era l\u00edder de transparencia en toda Galicia. Agora estamos moi atr\u00e1s. Ambos datos non son cuestionables porque son obxectivos.<\/p>\n<\/blockquote>\n\n\n\n<blockquote class=\"wp-block-quote is-layout-flow wp-block-quote-is-layout-flow\">\n<p>-N\u00f3s tratamos de exercer de maneira responsable a nosa labor pol\u00edtica que \u00e9 facer oposici\u00f3n e fiscalizar a acci\u00f3n de goberno. Por\u00e9n todo foron problemas pola parte do goberno, ata o punto de que os nosos concelleiros se chegaron a sentir acosados.<\/p>\n<\/blockquote>\n\n\n\n<blockquote class=\"wp-block-quote is-layout-flow wp-block-quote-is-layout-flow\">\n<p>-As liortas internas entre os socios de goberno e incluso entre membros do partido de goberno son propias dun goberno desastroso sen paliativos. Un goberno eficaz, rigoroso e dilixente ded\u00edcase a xestionar os asuntos p\u00fablicos o mellor que pode, e a atender as necesidades de toda a veci\u00f1anza, especialmente a m\u00e1is vulnerable, de maneira r\u00e1pida , honesta e eficiente, e non a pelexar entre eles dando unha lamentable imaxe de patio de colexio.<\/p>\n<\/blockquote>\n\n\n\n<blockquote class=\"wp-block-quote is-layout-flow wp-block-quote-is-layout-flow\">\n<p>-A atenci\u00f3n \u00e1 veci\u00f1anza \u00e9 p\u00e9sima, incluso poderiamos dicir que inexistente. Cando un veci\u00f1o vai a formular un problema ao concello ten que haber algu\u00e9n que lle atenda. O contrario \u00e9 intolerable.<\/p>\n<\/blockquote>\n\n\n\n<blockquote class=\"wp-block-quote is-layout-flow wp-block-quote-is-layout-flow\">\n<p>-A Situaci\u00f3n do SAF, un servizo que debe de ser esencial en todos os concellos, \u00e9 peor ca p\u00e9sima<\/p>\n<\/blockquote>\n\n\n\n<blockquote class=\"wp-block-quote is-layout-flow wp-block-quote-is-layout-flow\">\n<p>-O Plan Xeral nin est\u00e1 nin se lle espera<\/p>\n<\/blockquote>\n\n\n\n<p><strong>-E porque non o aprobaches ti cando gobernabas?<\/strong><\/p>\n\n\n\n<blockquote class=\"wp-block-quote is-layout-flow wp-block-quote-is-layout-flow\">\n<p>N\u00f3s deix\u00e1molo co financiamento practicamente aprobado. Non chegamos a aprobalo pero estabamos no proceso. Faltaban informes. Eles compromet\u00e9ranse a levalo a pleno o ano pasado e n\u00f3s teriamos votado a favor.<\/p>\n<\/blockquote>\n\n\n\n<p><strong>Si?<\/strong><\/p>\n\n\n\n<blockquote class=\"wp-block-quote is-layout-flow wp-block-quote-is-layout-flow\">\n<p>Si , xa nos comprometeramos publicamente a facelo as\u00ed.<\/p>\n<\/blockquote>\n\n\n\n<p><strong>Cando ti eras alcalde recib\u00edas cr\u00edticas recorrentes sobre o suposto mal estado dos servizos sociais. Ao teu xu\u00edzo como estaban cando gobernabas ? E como est\u00e1n agora?<\/strong><\/p>\n\n\n\n<blockquote class=\"wp-block-quote is-layout-flow wp-block-quote-is-layout-flow\">\n<p>N\u00f3s na nosa \u00e9poca melloramos os servizos sociais. Agora est\u00e1n nun deterioro constante.<\/p>\n<\/blockquote>\n\n\n\n<p><strong>Concreta iso do presunto deterioro?<\/strong><\/p>\n\n\n\n<blockquote class=\"wp-block-quote is-layout-flow wp-block-quote-is-layout-flow\">\n<p>Os nosos maiores dependentes reciben un trato degradante. Os tres grupos pol\u00edticos son responsables da p\u00e9sima situaci\u00f3n do SAF.<\/p>\n<\/blockquote>\n\n\n\n<p><strong>E agora concreta en que mellorastes v\u00f3s os servizos sociais?<\/strong><\/p>\n\n\n\n<blockquote class=\"wp-block-quote is-layout-flow wp-block-quote-is-layout-flow\">\n<p>Coa ordenanza de emerxencia social que ti\u00f1a un sobre presuposto o que nos permit\u00eda ter un colch\u00f3n econ\u00f3mico. Ou coa reforma dos locais nos que est\u00e1n eles que foi promovida por n\u00f3s. N\u00f3s nunca permitiriamos que pase o que est\u00e1 a pasar co SAF ou aspectos tan degradantes como que nunha oficina de servizos sociais a primeira persoa que atende ao usuario \u00e9 un garda de seguridade.<\/p>\n<\/blockquote>\n\n\n\n<p><strong>En que consist\u00eda a proposta que presentou o PP para o SAF?<\/strong><\/p>\n\n\n\n<blockquote class=\"wp-block-quote is-layout-flow wp-block-quote-is-layout-flow\">\n<p>Era unha proposta sinxela, legal e r\u00e1pida. Esta \u00e9 unha situaci\u00f3n excepcional e hai que darlle unha soluci\u00f3n excepcional. A empresa concesionaria non cumpre coas s\u00faas obrigas \u00e9 c\u00f3mpre presentar un expediente de resoluci\u00f3n de contrato. Hai m\u00e1is de 400 reclamaci\u00f3ns e obviamente \u00e9 necesario rescindir o contrato desta empresa e contratar a outra.<\/p>\n<\/blockquote>\n\n\n\n<p><strong>Fixestes as consultas xur\u00eddicas necesarias para ter a certeza de que facendo o que propu\u00f1ades non se incumpre a lei?<\/strong><\/p>\n\n\n\n<blockquote class=\"wp-block-quote is-layout-flow wp-block-quote-is-layout-flow\">\n<p>Por suposto. A nosa proposta era perfectamente legal. O que faltou foi a vontade pol\u00edtica para facela. Se o 28 de maio a maior\u00eda da sociedade redondel\u00e1 me distingue coa s\u00faa confianza, o primeiro que farei, xa o mesmo d\u00eda 29, \u00e9 deixarme a pel para solucionar este asunto de contado. Comprom\u00e9tome a que vai ser as\u00ed.<\/p>\n<\/blockquote>\n\n\n\n<p><strong>En nada teremos a festa do Choco?<\/strong><\/p>\n\n\n\n<blockquote class=\"wp-block-quote is-layout-flow wp-block-quote-is-layout-flow\">\n<p>Si, e agardo que sexa mellor que a do ano pasado, pois eles mesmos reco\u00f1eceron que foi un desastre, ata tal punto que este ano mudan de modelo para retomar o que fac\u00eda o PP.<\/p>\n<\/blockquote>\n\n\n\n<p><strong>Falemos de Chapela?<\/strong><\/p>\n\n\n\n<blockquote class=\"wp-block-quote is-layout-flow wp-block-quote-is-layout-flow\">\n<p>Pois en Chapela , como en calquera sitio de Redondela , este goberno non aguanta a comparaci\u00f3n co noso. N\u00f3s , a modo de exemplo:<\/p>\n<\/blockquote>\n\n\n\n<blockquote class=\"wp-block-quote is-layout-flow wp-block-quote-is-layout-flow\">\n<p>-Actuamos para mellorar significativamente o areal de Arealonga<\/p>\n<\/blockquote>\n\n\n\n<blockquote class=\"wp-block-quote is-layout-flow wp-block-quote-is-layout-flow\">\n<p>-Conseguimos unha concesi\u00f3n para a piscina<\/p>\n<\/blockquote>\n\n\n\n<blockquote class=\"wp-block-quote is-layout-flow wp-block-quote-is-layout-flow\">\n<p>-Metemos saneamento na zona de Cubill\u00f3n<\/p>\n<\/blockquote>\n\n\n\n<blockquote class=\"wp-block-quote is-layout-flow wp-block-quote-is-layout-flow\">\n<p>-Humanizamos a Avda de Vigo<\/p>\n<\/blockquote>\n\n\n\n<blockquote class=\"wp-block-quote is-layout-flow wp-block-quote-is-layout-flow\">\n<p>-Reformamos o pavill\u00f3n de Chapela&#8230;&#8230;.<\/p>\n<\/blockquote>\n\n\n\n<blockquote class=\"wp-block-quote is-layout-flow wp-block-quote-is-layout-flow\">\n<p>Que fixo este goberno en Chapela??, nada , nada de nada<\/p>\n<\/blockquote>\n\n\n\n<p><strong>Home, as\u00ed que se me ocorra fixeron a senda verde?<\/strong><\/p>\n\n\n\n<blockquote class=\"wp-block-quote is-layout-flow wp-block-quote-is-layout-flow\">\n<p>Esa obra foi xestionada por n\u00f3s.<\/p>\n<\/blockquote>\n\n\n\n<p><strong>Na cuesti\u00f3n da AP9 a t\u00faa posici\u00f3n foi radicalmente igual cando o presidente do goberno era Rajoy que cando o PSOE accedeu ao goberno de Madrid?<\/strong><\/p>\n\n\n\n<blockquote class=\"wp-block-quote is-layout-flow wp-block-quote-is-layout-flow\">\n<p>Absolutamente igual.<\/p>\n<\/blockquote>\n\n\n\n<p><strong>Defendiches a gratuidade da peaxe coa mesma intensidade e interese agora, que cando a ministra era a t\u00faa compa\u00f1eira Ana Pastor?<\/strong><\/p>\n\n\n\n<blockquote class=\"wp-block-quote is-layout-flow wp-block-quote-is-layout-flow\">\n<p>Radicalmente si. E d\u00edgoche m\u00e1is, alg\u00fan problema me xerou dentro do partido.<\/p>\n<\/blockquote>\n\n\n\n<p><strong>Pois calquera o dir\u00eda, porque tan pronto deixaches a alcald\u00eda met\u00e9ronche nas listas para ir ao congreso<\/strong><\/p>\n\n\n\n<blockquote class=\"wp-block-quote is-layout-flow wp-block-quote-is-layout-flow\">\n<p>Porque no partido valoraron a mi\u00f1a coherencia e a mi\u00f1a honestidade.<\/p>\n<\/blockquote>\n\n\n\n<p><strong>Unha cr\u00edtica recorrente que reciben todos os gobernos , sexan do signo que sexan , \u00e9 que as parroquias non se tratan igual c\u00f3s cascos urbanos. Como o fac\u00eda o teu goberno? e como o fai o actual?<\/strong><\/p>\n\n\n\n<blockquote class=\"wp-block-quote is-layout-flow wp-block-quote-is-layout-flow\">\n<p>De novo non hai comparaci\u00f3n .Cando n\u00f3s chegamos s\u00f3 hab\u00eda 3 consellos parroquiais. N\u00f3s d\u00e9moslle un consello parroquial a cada parroquia. Creamos os orzamentos participativos para implicar \u00e1 veci\u00f1anza \u00e1 hora de decidir onde se destinan, nas s\u00faas parroquias , os cartos p\u00fablicos. Este goberno deixa de convocar aos consellos parroquiais e os orzamentos participativos desaparecen. Perdo\u00e1deme a insistencia pero este goberno non resiste a m\u00e1is m\u00ednima comparaci\u00f3n co que tiven a honra de encabezar.<\/p>\n<\/blockquote>\n\n\n\n<p><strong>O campo de f\u00fatbol de Cesantes f\u00edxose polos \u201c cojones\u201d de Javier Bas?<\/strong><\/p>\n\n\n\n<blockquote class=\"wp-block-quote is-layout-flow wp-block-quote-is-layout-flow\">\n<p>O campo de f\u00fatbol de Cesantes f\u00edxose porque eu me comprometera coa veci\u00f1anza en facelo. E a mi\u00f1a palabra \u00e9 o meu activo principal.<\/p>\n<\/blockquote>\n\n\n\n<p><strong>Ten o PP de Redondela alg\u00fan proxecto para as pistas de atletismo?<\/strong><\/p>\n\n\n\n<blockquote class=\"wp-block-quote is-layout-flow wp-block-quote-is-layout-flow\">\n<p>Si.<\/p>\n<\/blockquote>\n\n\n\n<p><strong>Cal?<\/strong><\/p>\n\n\n\n<blockquote class=\"wp-block-quote is-layout-flow wp-block-quote-is-layout-flow\">\n<p>Unha pista exterior m\u00e1is un m\u00f3dulo cuberto para as actividades de adestramento diario.<\/p>\n<\/blockquote>\n\n\n\n<p><strong>Cales son as expectativas realistas coas que afrontas as elecci\u00f3ns de maio?<\/strong><\/p>\n\n\n\n<blockquote class=\"wp-block-quote is-layout-flow wp-block-quote-is-layout-flow\">\n<p>En Redondela s\u00f3 existen d\u00faas alternativas, non hai unha terceira: Ou Javier Bas ou Digna Rivas. Agardo que todos os veci\u00f1os que queiran cambio nos apoien, agardo un voto de rebeld\u00eda masivo de apoio \u00e1 nosa candidatura .No caso contrario Redondela padecer\u00e1 outros catro anos m\u00e1is do mesmo. N\u00f3s imos a pola maior\u00eda absoluta, imos a polas 11 actas.<\/p>\n<\/blockquote>\n\n\n\n<p><strong>No caso de que non sexa as\u00ed e non exista ningunha maior\u00eda absoluta \u00e1brese un escenario complexo: Non \u00e9 posible que acordes gobrtno nin co PSOE nin co BNG, pero AER anunciou en A Nova Peneira que eles , malia que non queren a t\u00faa volta de alcalde, de ning\u00fan modo apoiar\u00edan a Diga Rivas e se a elecci\u00f3n de alcalde\/esa dependera dos seus votos eles vanse votar a si mesmos. Nese escenario hipot\u00e9tico, en absoluto inveros\u00edmil, que vas facer o 29 de maio?<\/strong><\/p>\n\n\n\n<blockquote class=\"wp-block-quote is-layout-flow wp-block-quote-is-layout-flow\">\n<p>O mesmo que fixen no 2011, postularme \u00e1 alcald\u00eda e se o pleno decide que o sexa gobernar en minor\u00eda igual que xa fixemos 8 anos.<\/p>\n<\/blockquote>\n\n\n\n<p><strong>Pero, de ser o caso, sentar\u00edaste a falar con AER antes dese pleno?<\/strong><\/p>\n\n\n\n<blockquote class=\"wp-block-quote is-layout-flow wp-block-quote-is-layout-flow\">\n<p>Sentar\u00edame non s\u00f3 con AER, sen\u00f3n tam\u00e9n co PSOE e co BNG desde logo.<\/p>\n<\/blockquote>\n\n\n\n<p><strong>Se non es alcalde vaste marchar ou ser\u00e1s o xefe da oposici\u00f3n?<\/strong><\/p>\n\n\n\n<blockquote class=\"wp-block-quote is-layout-flow wp-block-quote-is-layout-flow\">\n<p>Se non son alcalde serei o xefe da oposici\u00f3n de Redondela.<\/p>\n<\/blockquote>\n","protected":false},"excerpt":{"rendered":"<div class=\"mh-excerpt\"><p>O ex alcalde Javier Bas volve encabezar a candidatura popular \u00e1 alcald\u00eda de Redondela. N\u00f3s, no contexto da profunda radiograf\u00eda pol\u00edtica , que estamos a facer nas comarcas da nosa \u00e1rea de influencia falamos con el. <a class=\"mh-excerpt-more\" href=\"https:\/\/www.anovapeneira.gal\/index.php\/2023\/04\/20\/javier-bas-candidato-do-pp-a-alcaldia-de-redondela\/\" title=\"Javier Bas candidato do PP \u00e1 alcald\u00eda de Redondela\">[&#8230;]<\/a><\/p>\n<\/div>","protected":false},"author":6,"featured_media":9476,"comment_status":"open","ping_status":"open","sticky":false,"template":"","format":"standard","meta":{"_exactmetrics_skip_tracking":false,"_exactmetrics_sitenote_active":false,"_exactmetrics_sitenote_note":"","_exactmetrics_sitenote_category":0,"footnotes":""},"categories":[270],"tags":[171],"class_list":{"0":"post-9474","1":"post","2":"type-post","3":"status-publish","4":"format-standard","5":"has-post-thumbnail","7":"category-redondela-entrevistas","8":"tag-concello-de-redondela"},"yoast_head":"<!-- This site is optimized with the Yoast SEO plugin v27.4 - https:\/\/yoast.com\/product\/yoast-seo-wordpress\/ -->\n<title>Javier Bas candidato do PP \u00e1 alcald\u00eda de Redondela -<\/title>\n<meta name=\"description\" content=\"O ex alcalde Javier Bas volve encabezar a candidatura popular \u00e1 alcald\u00eda de Redondela. N\u00f3s, no contexto da profunda radiograf\u00eda pol\u00edtica , que estamos a facer nas comarcas da nosa \u00e1rea de influencia falamos con el.\" \/>\n<meta name=\"robots\" content=\"index, follow, max-snippet:-1, max-image-preview:large, max-video-preview:-1\" \/>\n<link rel=\"canonical\" href=\"https:\/\/www.anovapeneira.gal\/index.php\/2023\/04\/20\/javier-bas-candidato-do-pp-a-alcaldia-de-redondela\/\" \/>\n<meta property=\"og:locale\" content=\"gl_ES\" \/>\n<meta property=\"og:type\" content=\"article\" \/>\n<meta property=\"og:title\" content=\"Javier Bas candidato do PP \u00e1 alcald\u00eda de Redondela -\" \/>\n<meta property=\"og:description\" content=\"O ex alcalde Javier Bas volve encabezar a candidatura popular \u00e1 alcald\u00eda de Redondela. N\u00f3s, no contexto da profunda radiograf\u00eda pol\u00edtica , que estamos a facer nas comarcas da nosa \u00e1rea de influencia falamos con el.\" \/>\n<meta property=\"og:url\" content=\"https:\/\/www.anovapeneira.gal\/index.php\/2023\/04\/20\/javier-bas-candidato-do-pp-a-alcaldia-de-redondela\/\" \/>\n<meta property=\"article:publisher\" content=\"https:\/\/www.facebook.com\/anovapeneira\" \/>\n<meta property=\"article:published_time\" content=\"2023-04-20T08:00:49+00:00\" \/>\n<meta property=\"og:image\" content=\"https:\/\/www.anovapeneira.gal\/wp-content\/uploads\/2023\/04\/pp_redondela.jpg\" \/>\n\t<meta property=\"og:image:width\" content=\"720\" \/>\n\t<meta property=\"og:image:height\" content=\"432\" \/>\n\t<meta property=\"og:image:type\" content=\"image\/jpeg\" \/>\n<meta name=\"author\" content=\"Marcos Santos\" \/>\n<meta name=\"twitter:card\" content=\"summary_large_image\" \/>\n<meta name=\"twitter:creator\" content=\"@APeneira\" \/>\n<meta name=\"twitter:site\" content=\"@APeneira\" \/>\n<meta name=\"twitter:label1\" content=\"Escrito por\" \/>\n\t<meta name=\"twitter:data1\" content=\"Marcos Santos\" \/>\n\t<meta name=\"twitter:label2\" content=\"Tempo de lectura\" \/>\n\t<meta name=\"twitter:data2\" content=\"9 minutos\" \/>\n<script type=\"application\/ld+json\" class=\"yoast-schema-graph\">{\"@context\":\"https:\\\/\\\/schema.org\",\"@graph\":[{\"@type\":\"Article\",\"@id\":\"https:\\\/\\\/www.anovapeneira.gal\\\/index.php\\\/2023\\\/04\\\/20\\\/javier-bas-candidato-do-pp-a-alcaldia-de-redondela\\\/#article\",\"isPartOf\":{\"@id\":\"https:\\\/\\\/www.anovapeneira.gal\\\/index.php\\\/2023\\\/04\\\/20\\\/javier-bas-candidato-do-pp-a-alcaldia-de-redondela\\\/\"},\"author\":{\"name\":\"Marcos Santos\",\"@id\":\"https:\\\/\\\/www.anovapeneira.gal\\\/#\\\/schema\\\/person\\\/d9d84823564720e7593293bab054e52d\"},\"headline\":\"Javier Bas candidato do PP \u00e1 alcald\u00eda de Redondela\",\"datePublished\":\"2023-04-20T08:00:49+00:00\",\"mainEntityOfPage\":{\"@id\":\"https:\\\/\\\/www.anovapeneira.gal\\\/index.php\\\/2023\\\/04\\\/20\\\/javier-bas-candidato-do-pp-a-alcaldia-de-redondela\\\/\"},\"wordCount\":1764,\"commentCount\":0,\"publisher\":{\"@id\":\"https:\\\/\\\/www.anovapeneira.gal\\\/#organization\"},\"image\":{\"@id\":\"https:\\\/\\\/www.anovapeneira.gal\\\/index.php\\\/2023\\\/04\\\/20\\\/javier-bas-candidato-do-pp-a-alcaldia-de-redondela\\\/#primaryimage\"},\"thumbnailUrl\":\"https:\\\/\\\/www.anovapeneira.gal\\\/wp-content\\\/uploads\\\/2023\\\/04\\\/pp_redondela.jpg\",\"keywords\":[\"Concello de Redondela\"],\"articleSection\":[\"Redondela\"],\"inLanguage\":\"gl-ES\",\"potentialAction\":[{\"@type\":\"CommentAction\",\"name\":\"Comment\",\"target\":[\"https:\\\/\\\/www.anovapeneira.gal\\\/index.php\\\/2023\\\/04\\\/20\\\/javier-bas-candidato-do-pp-a-alcaldia-de-redondela\\\/#respond\"]}]},{\"@type\":\"WebPage\",\"@id\":\"https:\\\/\\\/www.anovapeneira.gal\\\/index.php\\\/2023\\\/04\\\/20\\\/javier-bas-candidato-do-pp-a-alcaldia-de-redondela\\\/\",\"url\":\"https:\\\/\\\/www.anovapeneira.gal\\\/index.php\\\/2023\\\/04\\\/20\\\/javier-bas-candidato-do-pp-a-alcaldia-de-redondela\\\/\",\"name\":\"Javier Bas candidato do PP \u00e1 alcald\u00eda de Redondela -\",\"isPartOf\":{\"@id\":\"https:\\\/\\\/www.anovapeneira.gal\\\/#website\"},\"primaryImageOfPage\":{\"@id\":\"https:\\\/\\\/www.anovapeneira.gal\\\/index.php\\\/2023\\\/04\\\/20\\\/javier-bas-candidato-do-pp-a-alcaldia-de-redondela\\\/#primaryimage\"},\"image\":{\"@id\":\"https:\\\/\\\/www.anovapeneira.gal\\\/index.php\\\/2023\\\/04\\\/20\\\/javier-bas-candidato-do-pp-a-alcaldia-de-redondela\\\/#primaryimage\"},\"thumbnailUrl\":\"https:\\\/\\\/www.anovapeneira.gal\\\/wp-content\\\/uploads\\\/2023\\\/04\\\/pp_redondela.jpg\",\"datePublished\":\"2023-04-20T08:00:49+00:00\",\"description\":\"O ex alcalde Javier Bas volve encabezar a candidatura popular \u00e1 alcald\u00eda de Redondela. N\u00f3s, no contexto da profunda radiograf\u00eda pol\u00edtica , que estamos a facer nas comarcas da nosa \u00e1rea de influencia falamos con el.\",\"breadcrumb\":{\"@id\":\"https:\\\/\\\/www.anovapeneira.gal\\\/index.php\\\/2023\\\/04\\\/20\\\/javier-bas-candidato-do-pp-a-alcaldia-de-redondela\\\/#breadcrumb\"},\"inLanguage\":\"gl-ES\",\"potentialAction\":[{\"@type\":\"ReadAction\",\"target\":[\"https:\\\/\\\/www.anovapeneira.gal\\\/index.php\\\/2023\\\/04\\\/20\\\/javier-bas-candidato-do-pp-a-alcaldia-de-redondela\\\/\"]}]},{\"@type\":\"ImageObject\",\"inLanguage\":\"gl-ES\",\"@id\":\"https:\\\/\\\/www.anovapeneira.gal\\\/index.php\\\/2023\\\/04\\\/20\\\/javier-bas-candidato-do-pp-a-alcaldia-de-redondela\\\/#primaryimage\",\"url\":\"https:\\\/\\\/www.anovapeneira.gal\\\/wp-content\\\/uploads\\\/2023\\\/04\\\/pp_redondela.jpg\",\"contentUrl\":\"https:\\\/\\\/www.anovapeneira.gal\\\/wp-content\\\/uploads\\\/2023\\\/04\\\/pp_redondela.jpg\",\"width\":720,\"height\":432,\"caption\":\"Javier Bas candidato do PP \u00e1 alcald\u00eda de Redondela\"},{\"@type\":\"BreadcrumbList\",\"@id\":\"https:\\\/\\\/www.anovapeneira.gal\\\/index.php\\\/2023\\\/04\\\/20\\\/javier-bas-candidato-do-pp-a-alcaldia-de-redondela\\\/#breadcrumb\",\"itemListElement\":[{\"@type\":\"ListItem\",\"position\":1,\"name\":\"Portada\",\"item\":\"https:\\\/\\\/www.anovapeneira.gal\\\/\"},{\"@type\":\"ListItem\",\"position\":2,\"name\":\"Javier Bas candidato do PP \u00e1 alcald\u00eda de Redondela\"}]},{\"@type\":\"WebSite\",\"@id\":\"https:\\\/\\\/www.anovapeneira.gal\\\/#website\",\"url\":\"https:\\\/\\\/www.anovapeneira.gal\\\/\",\"name\":\"\",\"description\":\"Xornal galego de informaci\u00f3n xeral Publicaci\u00f3n mensual de novas de Galicia e en especial dos Concellos da sur da provincia de Pontevedra.\",\"publisher\":{\"@id\":\"https:\\\/\\\/www.anovapeneira.gal\\\/#organization\"},\"potentialAction\":[{\"@type\":\"SearchAction\",\"target\":{\"@type\":\"EntryPoint\",\"urlTemplate\":\"https:\\\/\\\/www.anovapeneira.gal\\\/?s={search_term_string}\"},\"query-input\":{\"@type\":\"PropertyValueSpecification\",\"valueRequired\":true,\"valueName\":\"search_term_string\"}}],\"inLanguage\":\"gl-ES\"},{\"@type\":\"Organization\",\"@id\":\"https:\\\/\\\/www.anovapeneira.gal\\\/#organization\",\"name\":\"A Nova Peneira\",\"url\":\"https:\\\/\\\/www.anovapeneira.gal\\\/\",\"logo\":{\"@type\":\"ImageObject\",\"inLanguage\":\"gl-ES\",\"@id\":\"https:\\\/\\\/www.anovapeneira.gal\\\/#\\\/schema\\\/logo\\\/image\\\/\",\"url\":\"http:\\\/\\\/www.anovapeneira.gal\\\/wp-content\\\/uploads\\\/2019\\\/06\\\/logo_a_nova_peneira_portal_web.png\",\"contentUrl\":\"http:\\\/\\\/www.anovapeneira.gal\\\/wp-content\\\/uploads\\\/2019\\\/06\\\/logo_a_nova_peneira_portal_web.png\",\"width\":300,\"height\":100,\"caption\":\"A Nova Peneira\"},\"image\":{\"@id\":\"https:\\\/\\\/www.anovapeneira.gal\\\/#\\\/schema\\\/logo\\\/image\\\/\"},\"sameAs\":[\"https:\\\/\\\/www.facebook.com\\\/anovapeneira\",\"https:\\\/\\\/x.com\\\/APeneira\"]},{\"@type\":\"Person\",\"@id\":\"https:\\\/\\\/www.anovapeneira.gal\\\/#\\\/schema\\\/person\\\/d9d84823564720e7593293bab054e52d\",\"name\":\"Marcos Santos\",\"image\":{\"@type\":\"ImageObject\",\"inLanguage\":\"gl-ES\",\"@id\":\"https:\\\/\\\/secure.gravatar.com\\\/avatar\\\/0e8017099a7a47c0a9d2275e865fe326484561eb3d70649069e4b8e61a8d2e8c?s=96&d=mm&r=g\",\"url\":\"https:\\\/\\\/secure.gravatar.com\\\/avatar\\\/0e8017099a7a47c0a9d2275e865fe326484561eb3d70649069e4b8e61a8d2e8c?s=96&d=mm&r=g\",\"contentUrl\":\"https:\\\/\\\/secure.gravatar.com\\\/avatar\\\/0e8017099a7a47c0a9d2275e865fe326484561eb3d70649069e4b8e61a8d2e8c?s=96&d=mm&r=g\",\"caption\":\"Marcos Santos\"},\"sameAs\":[\"http:\\\/\\\/anovapeneira.gal\"],\"url\":\"https:\\\/\\\/www.anovapeneira.gal\\\/index.php\\\/author\\\/marcos-santos\\\/\"}]}<\/script>\n<!-- \/ Yoast SEO plugin. -->","yoast_head_json":{"title":"Javier Bas candidato do PP \u00e1 alcald\u00eda de Redondela -","description":"O ex alcalde Javier Bas volve encabezar a candidatura popular \u00e1 alcald\u00eda de Redondela. N\u00f3s, no contexto da profunda radiograf\u00eda pol\u00edtica , que estamos a facer nas comarcas da nosa \u00e1rea de influencia falamos con el.","robots":{"index":"index","follow":"follow","max-snippet":"max-snippet:-1","max-image-preview":"max-image-preview:large","max-video-preview":"max-video-preview:-1"},"canonical":"https:\/\/www.anovapeneira.gal\/index.php\/2023\/04\/20\/javier-bas-candidato-do-pp-a-alcaldia-de-redondela\/","og_locale":"gl_ES","og_type":"article","og_title":"Javier Bas candidato do PP \u00e1 alcald\u00eda de Redondela -","og_description":"O ex alcalde Javier Bas volve encabezar a candidatura popular \u00e1 alcald\u00eda de Redondela. N\u00f3s, no contexto da profunda radiograf\u00eda pol\u00edtica , que estamos a facer nas comarcas da nosa \u00e1rea de influencia falamos con el.","og_url":"https:\/\/www.anovapeneira.gal\/index.php\/2023\/04\/20\/javier-bas-candidato-do-pp-a-alcaldia-de-redondela\/","article_publisher":"https:\/\/www.facebook.com\/anovapeneira","article_published_time":"2023-04-20T08:00:49+00:00","og_image":[{"width":720,"height":432,"url":"https:\/\/www.anovapeneira.gal\/wp-content\/uploads\/2023\/04\/pp_redondela.jpg","type":"image\/jpeg"}],"author":"Marcos Santos","twitter_card":"summary_large_image","twitter_creator":"@APeneira","twitter_site":"@APeneira","twitter_misc":{"Escrito por":"Marcos Santos","Tempo de lectura":"9 minutos"},"schema":{"@context":"https:\/\/schema.org","@graph":[{"@type":"Article","@id":"https:\/\/www.anovapeneira.gal\/index.php\/2023\/04\/20\/javier-bas-candidato-do-pp-a-alcaldia-de-redondela\/#article","isPartOf":{"@id":"https:\/\/www.anovapeneira.gal\/index.php\/2023\/04\/20\/javier-bas-candidato-do-pp-a-alcaldia-de-redondela\/"},"author":{"name":"Marcos Santos","@id":"https:\/\/www.anovapeneira.gal\/#\/schema\/person\/d9d84823564720e7593293bab054e52d"},"headline":"Javier Bas candidato do PP \u00e1 alcald\u00eda de Redondela","datePublished":"2023-04-20T08:00:49+00:00","mainEntityOfPage":{"@id":"https:\/\/www.anovapeneira.gal\/index.php\/2023\/04\/20\/javier-bas-candidato-do-pp-a-alcaldia-de-redondela\/"},"wordCount":1764,"commentCount":0,"publisher":{"@id":"https:\/\/www.anovapeneira.gal\/#organization"},"image":{"@id":"https:\/\/www.anovapeneira.gal\/index.php\/2023\/04\/20\/javier-bas-candidato-do-pp-a-alcaldia-de-redondela\/#primaryimage"},"thumbnailUrl":"https:\/\/www.anovapeneira.gal\/wp-content\/uploads\/2023\/04\/pp_redondela.jpg","keywords":["Concello de Redondela"],"articleSection":["Redondela"],"inLanguage":"gl-ES","potentialAction":[{"@type":"CommentAction","name":"Comment","target":["https:\/\/www.anovapeneira.gal\/index.php\/2023\/04\/20\/javier-bas-candidato-do-pp-a-alcaldia-de-redondela\/#respond"]}]},{"@type":"WebPage","@id":"https:\/\/www.anovapeneira.gal\/index.php\/2023\/04\/20\/javier-bas-candidato-do-pp-a-alcaldia-de-redondela\/","url":"https:\/\/www.anovapeneira.gal\/index.php\/2023\/04\/20\/javier-bas-candidato-do-pp-a-alcaldia-de-redondela\/","name":"Javier Bas candidato do PP \u00e1 alcald\u00eda de Redondela -","isPartOf":{"@id":"https:\/\/www.anovapeneira.gal\/#website"},"primaryImageOfPage":{"@id":"https:\/\/www.anovapeneira.gal\/index.php\/2023\/04\/20\/javier-bas-candidato-do-pp-a-alcaldia-de-redondela\/#primaryimage"},"image":{"@id":"https:\/\/www.anovapeneira.gal\/index.php\/2023\/04\/20\/javier-bas-candidato-do-pp-a-alcaldia-de-redondela\/#primaryimage"},"thumbnailUrl":"https:\/\/www.anovapeneira.gal\/wp-content\/uploads\/2023\/04\/pp_redondela.jpg","datePublished":"2023-04-20T08:00:49+00:00","description":"O ex alcalde Javier Bas volve encabezar a candidatura popular \u00e1 alcald\u00eda de Redondela. N\u00f3s, no contexto da profunda radiograf\u00eda pol\u00edtica , que estamos a facer nas comarcas da nosa \u00e1rea de influencia falamos con el.","breadcrumb":{"@id":"https:\/\/www.anovapeneira.gal\/index.php\/2023\/04\/20\/javier-bas-candidato-do-pp-a-alcaldia-de-redondela\/#breadcrumb"},"inLanguage":"gl-ES","potentialAction":[{"@type":"ReadAction","target":["https:\/\/www.anovapeneira.gal\/index.php\/2023\/04\/20\/javier-bas-candidato-do-pp-a-alcaldia-de-redondela\/"]}]},{"@type":"ImageObject","inLanguage":"gl-ES","@id":"https:\/\/www.anovapeneira.gal\/index.php\/2023\/04\/20\/javier-bas-candidato-do-pp-a-alcaldia-de-redondela\/#primaryimage","url":"https:\/\/www.anovapeneira.gal\/wp-content\/uploads\/2023\/04\/pp_redondela.jpg","contentUrl":"https:\/\/www.anovapeneira.gal\/wp-content\/uploads\/2023\/04\/pp_redondela.jpg","width":720,"height":432,"caption":"Javier Bas candidato do PP \u00e1 alcald\u00eda de Redondela"},{"@type":"BreadcrumbList","@id":"https:\/\/www.anovapeneira.gal\/index.php\/2023\/04\/20\/javier-bas-candidato-do-pp-a-alcaldia-de-redondela\/#breadcrumb","itemListElement":[{"@type":"ListItem","position":1,"name":"Portada","item":"https:\/\/www.anovapeneira.gal\/"},{"@type":"ListItem","position":2,"name":"Javier Bas candidato do PP \u00e1 alcald\u00eda de Redondela"}]},{"@type":"WebSite","@id":"https:\/\/www.anovapeneira.gal\/#website","url":"https:\/\/www.anovapeneira.gal\/","name":"","description":"Xornal galego de informaci\u00f3n xeral Publicaci\u00f3n mensual de novas de Galicia e en especial dos Concellos da sur da provincia de Pontevedra.","publisher":{"@id":"https:\/\/www.anovapeneira.gal\/#organization"},"potentialAction":[{"@type":"SearchAction","target":{"@type":"EntryPoint","urlTemplate":"https:\/\/www.anovapeneira.gal\/?s={search_term_string}"},"query-input":{"@type":"PropertyValueSpecification","valueRequired":true,"valueName":"search_term_string"}}],"inLanguage":"gl-ES"},{"@type":"Organization","@id":"https:\/\/www.anovapeneira.gal\/#organization","name":"A Nova Peneira","url":"https:\/\/www.anovapeneira.gal\/","logo":{"@type":"ImageObject","inLanguage":"gl-ES","@id":"https:\/\/www.anovapeneira.gal\/#\/schema\/logo\/image\/","url":"http:\/\/www.anovapeneira.gal\/wp-content\/uploads\/2019\/06\/logo_a_nova_peneira_portal_web.png","contentUrl":"http:\/\/www.anovapeneira.gal\/wp-content\/uploads\/2019\/06\/logo_a_nova_peneira_portal_web.png","width":300,"height":100,"caption":"A Nova Peneira"},"image":{"@id":"https:\/\/www.anovapeneira.gal\/#\/schema\/logo\/image\/"},"sameAs":["https:\/\/www.facebook.com\/anovapeneira","https:\/\/x.com\/APeneira"]},{"@type":"Person","@id":"https:\/\/www.anovapeneira.gal\/#\/schema\/person\/d9d84823564720e7593293bab054e52d","name":"Marcos Santos","image":{"@type":"ImageObject","inLanguage":"gl-ES","@id":"https:\/\/secure.gravatar.com\/avatar\/0e8017099a7a47c0a9d2275e865fe326484561eb3d70649069e4b8e61a8d2e8c?s=96&d=mm&r=g","url":"https:\/\/secure.gravatar.com\/avatar\/0e8017099a7a47c0a9d2275e865fe326484561eb3d70649069e4b8e61a8d2e8c?s=96&d=mm&r=g","contentUrl":"https:\/\/secure.gravatar.com\/avatar\/0e8017099a7a47c0a9d2275e865fe326484561eb3d70649069e4b8e61a8d2e8c?s=96&d=mm&r=g","caption":"Marcos Santos"},"sameAs":["http:\/\/anovapeneira.gal"],"url":"https:\/\/www.anovapeneira.gal\/index.php\/author\/marcos-santos\/"}]}},"jetpack_featured_media_url":"https:\/\/www.anovapeneira.gal\/wp-content\/uploads\/2023\/04\/pp_redondela.jpg","_links":{"self":[{"href":"https:\/\/www.anovapeneira.gal\/index.php\/wp-json\/wp\/v2\/posts\/9474","targetHints":{"allow":["GET"]}}],"collection":[{"href":"https:\/\/www.anovapeneira.gal\/index.php\/wp-json\/wp\/v2\/posts"}],"about":[{"href":"https:\/\/www.anovapeneira.gal\/index.php\/wp-json\/wp\/v2\/types\/post"}],"author":[{"embeddable":true,"href":"https:\/\/www.anovapeneira.gal\/index.php\/wp-json\/wp\/v2\/users\/6"}],"replies":[{"embeddable":true,"href":"https:\/\/www.anovapeneira.gal\/index.php\/wp-json\/wp\/v2\/comments?post=9474"}],"version-history":[{"count":1,"href":"https:\/\/www.anovapeneira.gal\/index.php\/wp-json\/wp\/v2\/posts\/9474\/revisions"}],"predecessor-version":[{"id":9475,"href":"https:\/\/www.anovapeneira.gal\/index.php\/wp-json\/wp\/v2\/posts\/9474\/revisions\/9475"}],"wp:featuredmedia":[{"embeddable":true,"href":"https:\/\/www.anovapeneira.gal\/index.php\/wp-json\/wp\/v2\/media\/9476"}],"wp:attachment":[{"href":"https:\/\/www.anovapeneira.gal\/index.php\/wp-json\/wp\/v2\/media?parent=9474"}],"wp:term":[{"taxonomy":"category","embeddable":true,"href":"https:\/\/www.anovapeneira.gal\/index.php\/wp-json\/wp\/v2\/categories?post=9474"},{"taxonomy":"post_tag","embeddable":true,"href":"https:\/\/www.anovapeneira.gal\/index.php\/wp-json\/wp\/v2\/tags?post=9474"}],"curies":[{"name":"wp","href":"https:\/\/api.w.org\/{rel}","templated":true}]}}