{"id":9477,"date":"2023-04-20T12:00:20","date_gmt":"2023-04-20T10:00:20","guid":{"rendered":"https:\/\/www.anovapeneira.gal\/?p=9477"},"modified":"2023-04-17T10:12:58","modified_gmt":"2023-04-17T08:12:58","slug":"carme-nunez-candidata-do-bng-a-alcaldia-de-tui","status":"publish","type":"post","link":"https:\/\/www.anovapeneira.gal\/index.php\/2023\/04\/20\/carme-nunez-candidata-do-bng-a-alcaldia-de-tui\/","title":{"rendered":"Carme N\u00fa\u00f1ez candidata do BNG \u00e1 alcald\u00eda de Tui"},"content":{"rendered":"\n<p><strong>Non sei se a m\u00e9dica Carme N\u00fa\u00f1ez ser\u00e1 alg\u00fan d\u00eda alcaldesa de Tui. O que si sei \u00e9 que se nalg\u00fan momento ten a oportunidade de selo, ser\u00eda alcaldesa ata que ela quixera, pois no momento no que a maior\u00eda social de Tui tivese a oportunidade de co\u00f1ecela como alcaldesa; a s\u00faa intelixencia, dilixencia, capacidade de traballo e bondade persoal far\u00edan imposible que a sociedade tudense lle retirase a s\u00faa confianza.<\/strong><\/p>\n\n\n\n<h2 class=\"wp-block-heading\">\u201c O BNG est\u00e1 preparado para gobernar. O futuro non est\u00e1 escrito. Temos unha percepci\u00f3n moi positiva e non nos pomos ning\u00fan tipo de l\u00edmite\u201d<\/h2>\n\n\n\n<p><strong>En nada teremos un novo proceso electoral. Cales son as t\u00faas sensaci\u00f3ns neste momento?<\/strong><\/p>\n\n\n\n<blockquote class=\"wp-block-quote is-layout-flow wp-block-quote-is-layout-flow\">\n<p>Non s\u00f3 eu persoalmente, sen\u00f3n o BNG de Tui no seu con xunto estamos coas pilas a tope de carga. A percepci\u00f3n \u00e9 moi positiva e en consecuencia os \u00e1nimos s\u00f3 poden ser estupendos.<\/p>\n<\/blockquote>\n\n\n\n<p><strong>Polo que puiden apreciar estades a facer un intenso traballo de campo?<\/strong><\/p>\n\n\n\n<blockquote class=\"wp-block-quote is-layout-flow wp-block-quote-is-layout-flow\">\n<p>Si, xa levamos varios meses xunt\u00e1ndonos parroquia a parroquia co tecido asociativo: coas comunidades de montes, AA.VV, agrupaci\u00f3ns culturais&#8230;.e o que observamos \u00e9 unha corrente de simpat\u00eda crecente cara a nosa formaci\u00f3n pol\u00edtica, e un aumento exponencial da confianza cidad\u00e1 no Bloque como unha ferramenta adecuada para resolver problemas con dilixencia e achegar soluci\u00f3ns eficaces.<\/p>\n<\/blockquote>\n\n\n\n<p><strong>Como valoras o goberno do PSOE neste mandato que remata?<\/strong><\/p>\n\n\n\n<blockquote class=\"wp-block-quote is-layout-flow wp-block-quote-is-layout-flow\">\n<p>Penso que este goberno, que obtivo unha enorme confianza veci\u00f1al, decepcionou.<\/p>\n<\/blockquote>\n\n\n\n<p><strong>Por que cres que o goberno decepcionou?<\/strong><\/p>\n\n\n\n<blockquote class=\"wp-block-quote is-layout-flow wp-block-quote-is-layout-flow\">\n<p>Nun aspecto esencial como a participaci\u00f3n cidad\u00e1 gobernan exactamente igual que como gobernou o PP. De feito o alcalde incumpriu o compromiso de facer os plenos mensuais e seguen a convocarse cada dous meses.<\/p>\n<\/blockquote>\n\n\n\n<blockquote class=\"wp-block-quote is-layout-flow wp-block-quote-is-layout-flow\">\n<p>A xesti\u00f3n de alg\u00fans temas moi sensibles e pol\u00e9micos f\u00edxose sen buscar ning\u00fan tipo de consenso, nin o m\u00e1is m\u00ednimo. As\u00ed pasou por exemplo co traslado do mercado aos xoves ou co asunto do aparcadoiro soterrado. Neste asunto o alcalde , nunha entrevista de radio, comprom\u00e9tese pola ma\u00f1\u00e1 a non seguir adiante se non hai un m\u00ednimo consenso e pola tarde cos votos en contra de toda a oposici\u00f3n decide seguir adiante. Estanse humanizando e peonalizando diversas zonas, o que a n\u00f3s nos parece ben claro, pero qu\u00edtanse moitas prazas para aparcar sen ter resolto previamente o problema do aparcadoiro.<\/p>\n<\/blockquote>\n\n\n\n<p><strong>Na \u00faltima entrevista que o alcalde fixo nas nosas p\u00e1xinas manifestou que ese tema \u00edase facer con toda certeza<\/strong><\/p>\n\n\n\n<blockquote class=\"wp-block-quote is-layout-flow wp-block-quote-is-layout-flow\">\n<p>Si, si, se no \u00faltimo pleno de marzo aprobouse unha modificaci\u00f3n de cr\u00e9dito de 1.700.000\u20ac para seguir adiante con este asunto.<\/p>\n<\/blockquote>\n\n\n\n<p><strong>A posici\u00f3n do BNG a este respecto segue a ser radicalmente contraria?<\/strong><\/p>\n\n\n\n<blockquote class=\"wp-block-quote is-layout-flow wp-block-quote-is-layout-flow\">\n<p>Si. N\u00f3s sempre mantivemos a mesma postura con absoluta coherencia. O aparcadoiro soterrado non vai solucionar ning\u00fan problema, son menos prazas das que hai agora en superficie, e condicionar\u00eda o futuro urban\u00edstico e econ\u00f3mico do Concello.<\/p>\n<\/blockquote>\n\n\n\n<p><strong>En relaci\u00f3n ao conflito polo pol\u00edgono de Ribadelouro que tes que dicir?<\/strong><\/p>\n\n\n\n<blockquote class=\"wp-block-quote is-layout-flow wp-block-quote-is-layout-flow\">\n<p>Un exemplo m\u00e1is no que o goberno pecou de gobernar de costas \u00e1 veci\u00f1anza. Al\u00ed hai unha plataforma de afectados moi importante que o alcalde nin sequera reco\u00f1ece como interlocutores v\u00e1lidos<\/p>\n<\/blockquote>\n\n\n\n<p><strong>Non os atende?<\/strong><\/p>\n\n\n\n<blockquote class=\"wp-block-quote is-layout-flow wp-block-quote-is-layout-flow\">\n<p>Non. A administraci\u00f3n ten que sentarse coa veci\u00f1anza de Ribadelouro afectada dialogar con eles e atender as s\u00faas necesidades .<\/p>\n<\/blockquote>\n\n\n\n<p><strong>En relaci\u00f3n \u00e1 taxa do lixo, o problema que propiciou a ruptura do pacto de goberno do Psoe con Lano Alonso, sabemos como est\u00e1n as cousas?<\/strong><\/p>\n\n\n\n<blockquote class=\"wp-block-quote is-layout-flow wp-block-quote-is-layout-flow\">\n<p>Hai un compromiso verbal de facer unha nova ordenanza pero en principio non se volveu facer nada m\u00e1is. N\u00f3s estamos de acordo en modificar a ordenanza para resolver os problemas dos hostaleiros, e tam\u00e9n en que se contemple actuaci\u00f3ns necesarias no \u00e1mbito da compostaxe.<\/p>\n<\/blockquote>\n\n\n\n<blockquote class=\"wp-block-quote is-layout-flow wp-block-quote-is-layout-flow\">\n<p>O BNG no que atinxe ao medio ambiente aposta sen matices por sermos absolutamente ambiciosos.<\/p>\n<\/blockquote>\n\n\n\n<p><strong>Ao entrar hoxe en Tui pola r\u00faa Col\u00f3n experimentei unha sensaci\u00f3n como de caos de tr\u00e1fico?<\/strong><\/p>\n\n\n\n<blockquote class=\"wp-block-quote is-layout-flow wp-block-quote-is-layout-flow\">\n<p>Isa \u00e9 unha obra que xa leva moito tempo de execuci\u00f3n e que ocasiona bastantes atrancos, si. O problema est\u00e1, creo eu, en que o goberno deixou moitas actuaci\u00f3ns para o final do mandato e agora acum\u00falaselle todo.<\/p>\n<\/blockquote>\n\n\n\n<p><strong>Houbo un tempo, non moi lonxano, en que para interpretar a composici\u00f3n da corporaci\u00f3n tudense pouco menos que hab\u00eda que ser experto en xerogl\u00edficos exipcios. Agora seica se vai aclarando a cousa verdade?<\/strong><\/p>\n\n\n\n<blockquote class=\"wp-block-quote is-layout-flow wp-block-quote-is-layout-flow\">\n<p>Pois si, parece que si. Pola esquerda s\u00f3 seremos d\u00faas opci\u00f3ns : O BNG e o PSOE e pola dereita o PP, Converxencia 21 e previsiblemente haber\u00e1 lista de VOX.<\/p>\n<\/blockquote>\n\n\n\n<p><strong>Tes decidida a candidatura?<\/strong><\/p>\n\n\n\n<blockquote class=\"wp-block-quote is-layout-flow wp-block-quote-is-layout-flow\">\n<p>Si.<\/p>\n<\/blockquote>\n\n\n\n<p><strong>Pres\u00e9ntanos \u00e1s persoas que te acompa\u00f1an nos 5 primeiros postos?<\/strong><\/p>\n\n\n\n<blockquote class=\"wp-block-quote is-layout-flow wp-block-quote-is-layout-flow\">\n<p>No segundo posto vai \u00c1nxela Est\u00e9vez que \u00e9 unha rapaza natural do casco hist\u00f3rico de Tui que ten un perfil social moi marcado. No posto 3 vai Josu\u00e9 Campos que \u00e9 o responsable local do BNG. De n\u00famero 4 vai Xos\u00e9 Mart\u00ednez Tato, o meu compa\u00f1eiro actual na corporaci\u00f3n, xubilado do sector do metal, e un home que leva cada curruncho de Tui no coraz\u00f3n e cada necesidade e problema de Tui na cabeza, e de n\u00famero 5 vai Ernesto Ca\u00f1edo e un home moi concienciado en cuesti\u00f3ns medio ambientais.<\/p>\n<\/blockquote>\n\n\n\n<p><strong>Sendo realista Carme o 29 de maio en Tui s\u00f3 se poden dar d\u00faas posibles combinaci\u00f3ns: Ou goberno PSOE\/BNG ou goberno do PP. A hip\u00f3tese dunha maior\u00eda absoluta do PSOE non me parece veros\u00edmil. Veste gobernando co PSOE?<\/strong><\/p>\n\n\n\n<blockquote class=\"wp-block-quote is-layout-flow wp-block-quote-is-layout-flow\">\n<p>Si, claro que si. Esa \u00e9 a maior\u00eda de goberno que temos que constru\u00edr no caso, que eu agardo, de que a dereita non acade a maior\u00eda suficiente. O que \u00e9 incuestionable \u00e9 que ese hipot\u00e9tico pacto ten que ser resultado dunha negociaci\u00f3n moi rigorosa na que o BNG por\u00eda as s\u00faas condici\u00f3ns. E desde logo se se fai o aparcadoiro soterrado n\u00f3s non participariamos nese goberno.<\/p>\n<\/blockquote>\n\n\n\n<p><strong>Ese tema \u00e9 unha li\u00f1a vermella para o BNG?<\/strong><\/p>\n\n\n\n<blockquote class=\"wp-block-quote is-layout-flow wp-block-quote-is-layout-flow\">\n<p>Absolutamente.<\/p>\n<\/blockquote>\n\n\n\n<p><strong>E en cuesti\u00f3n de persoas imporiades condici\u00f3n?.Vetariades por exemplo ao alcalde?<\/strong><\/p>\n\n\n\n<blockquote class=\"wp-block-quote is-layout-flow wp-block-quote-is-layout-flow\">\n<p>Non. N\u00f3s somos moi respectuosos cos listas que presenten os demais. N\u00f3s negociariamos cuesti\u00f3ns pol\u00edticas, non persoais. Teriamos que conformar un goberno de esquerdas moi comprometido co medio ambiente, feminista, que se preocupe polo noso idioma e pola nosa cultura, que facilite o acceso \u00e1 vivenda, que vertebre as comunicaci\u00f3ns entre parroquias e das parroquias co centro, e cun compromiso firme cun modelo de cidade que propicie a existencia de servizos e oportunidades necesarios e suficientes para que ningu\u00e9n te\u00f1a que marchar e para que Tui sexa un concello atractivo para que a xente poida vir a vivir aqu\u00ed.<\/p>\n<\/blockquote>\n\n\n\n<p><strong>Cales son as expectativas de resultados concretos aos que aspiras?<\/strong><\/p>\n\n\n\n<blockquote class=\"wp-block-quote is-layout-flow wp-block-quote-is-layout-flow\">\n<p>En pol\u00edtica todo \u00e9 posible. N\u00f3s non nos pomos nin l\u00edmite nin teito.<\/p>\n<\/blockquote>\n","protected":false},"excerpt":{"rendered":"<div class=\"mh-excerpt\"><p>Non sei se a m\u00e9dica Carme N\u00fa\u00f1ez ser\u00e1 alg\u00fan d\u00eda alcaldesa de Tui <a class=\"mh-excerpt-more\" href=\"https:\/\/www.anovapeneira.gal\/index.php\/2023\/04\/20\/carme-nunez-candidata-do-bng-a-alcaldia-de-tui\/\" title=\"Carme N\u00fa\u00f1ez candidata do BNG \u00e1 alcald\u00eda de Tui\">[&#8230;]<\/a><\/p>\n<\/div>","protected":false},"author":2,"featured_media":9479,"comment_status":"open","ping_status":"open","sticky":false,"template":"","format":"standard","meta":{"_exactmetrics_skip_tracking":false,"_exactmetrics_sitenote_active":false,"_exactmetrics_sitenote_note":"","_exactmetrics_sitenote_category":0,"footnotes":""},"categories":[266],"tags":[426],"class_list":{"0":"post-9477","1":"post","2":"type-post","3":"status-publish","4":"format-standard","5":"has-post-thumbnail","7":"category-baixo-mino-entrevistas","8":"tag-concello-de-tui"},"yoast_head":"<!-- This site is optimized with the Yoast SEO plugin v27.4 - https:\/\/yoast.com\/product\/yoast-seo-wordpress\/ -->\n<title>Carme N\u00fa\u00f1ez candidata do BNG \u00e1 alcald\u00eda de Tui -<\/title>\n<meta name=\"description\" content=\"Non sei se a m\u00e9dica Carme N\u00fa\u00f1ez ser\u00e1 alg\u00fan d\u00eda alcaldesa de Tui\" \/>\n<meta name=\"robots\" content=\"index, follow, max-snippet:-1, max-image-preview:large, max-video-preview:-1\" \/>\n<link rel=\"canonical\" href=\"https:\/\/www.anovapeneira.gal\/index.php\/2023\/04\/20\/carme-nunez-candidata-do-bng-a-alcaldia-de-tui\/\" \/>\n<meta property=\"og:locale\" content=\"gl_ES\" \/>\n<meta property=\"og:type\" content=\"article\" \/>\n<meta property=\"og:title\" content=\"Carme N\u00fa\u00f1ez candidata do BNG \u00e1 alcald\u00eda de Tui -\" \/>\n<meta property=\"og:description\" content=\"Non sei se a m\u00e9dica Carme N\u00fa\u00f1ez ser\u00e1 alg\u00fan d\u00eda alcaldesa de Tui\" \/>\n<meta property=\"og:url\" content=\"https:\/\/www.anovapeneira.gal\/index.php\/2023\/04\/20\/carme-nunez-candidata-do-bng-a-alcaldia-de-tui\/\" \/>\n<meta property=\"article:publisher\" content=\"https:\/\/www.facebook.com\/anovapeneira\" \/>\n<meta property=\"article:published_time\" content=\"2023-04-20T10:00:20+00:00\" \/>\n<meta property=\"og:image\" content=\"https:\/\/www.anovapeneira.gal\/wp-content\/uploads\/2023\/04\/carme_nunez_bng_tui.jpg\" \/>\n\t<meta property=\"og:image:width\" content=\"720\" \/>\n\t<meta property=\"og:image:height\" content=\"432\" \/>\n\t<meta property=\"og:image:type\" content=\"image\/jpeg\" \/>\n<meta name=\"author\" content=\"Tino Lago\" \/>\n<meta name=\"twitter:card\" content=\"summary_large_image\" \/>\n<meta name=\"twitter:creator\" content=\"@APeneira\" \/>\n<meta name=\"twitter:site\" content=\"@APeneira\" \/>\n<meta name=\"twitter:label1\" content=\"Escrito por\" \/>\n\t<meta name=\"twitter:data1\" content=\"Tino Lago\" \/>\n\t<meta name=\"twitter:label2\" content=\"Tempo de lectura\" \/>\n\t<meta name=\"twitter:data2\" content=\"6 minutos\" \/>\n<script type=\"application\/ld+json\" class=\"yoast-schema-graph\">{\"@context\":\"https:\\\/\\\/schema.org\",\"@graph\":[{\"@type\":\"Article\",\"@id\":\"https:\\\/\\\/www.anovapeneira.gal\\\/index.php\\\/2023\\\/04\\\/20\\\/carme-nunez-candidata-do-bng-a-alcaldia-de-tui\\\/#article\",\"isPartOf\":{\"@id\":\"https:\\\/\\\/www.anovapeneira.gal\\\/index.php\\\/2023\\\/04\\\/20\\\/carme-nunez-candidata-do-bng-a-alcaldia-de-tui\\\/\"},\"author\":{\"name\":\"Tino Lago\",\"@id\":\"https:\\\/\\\/www.anovapeneira.gal\\\/#\\\/schema\\\/person\\\/424dfe65e3070fd8a44d22d2c088762a\"},\"headline\":\"Carme N\u00fa\u00f1ez candidata do BNG \u00e1 alcald\u00eda de Tui\",\"datePublished\":\"2023-04-20T10:00:20+00:00\",\"mainEntityOfPage\":{\"@id\":\"https:\\\/\\\/www.anovapeneira.gal\\\/index.php\\\/2023\\\/04\\\/20\\\/carme-nunez-candidata-do-bng-a-alcaldia-de-tui\\\/\"},\"wordCount\":1185,\"commentCount\":0,\"publisher\":{\"@id\":\"https:\\\/\\\/www.anovapeneira.gal\\\/#organization\"},\"image\":{\"@id\":\"https:\\\/\\\/www.anovapeneira.gal\\\/index.php\\\/2023\\\/04\\\/20\\\/carme-nunez-candidata-do-bng-a-alcaldia-de-tui\\\/#primaryimage\"},\"thumbnailUrl\":\"https:\\\/\\\/www.anovapeneira.gal\\\/wp-content\\\/uploads\\\/2023\\\/04\\\/carme_nunez_bng_tui.jpg\",\"keywords\":[\"Concello de Tui\"],\"articleSection\":[\"Baixo Mi\u00f1o\"],\"inLanguage\":\"gl-ES\",\"potentialAction\":[{\"@type\":\"CommentAction\",\"name\":\"Comment\",\"target\":[\"https:\\\/\\\/www.anovapeneira.gal\\\/index.php\\\/2023\\\/04\\\/20\\\/carme-nunez-candidata-do-bng-a-alcaldia-de-tui\\\/#respond\"]}]},{\"@type\":\"WebPage\",\"@id\":\"https:\\\/\\\/www.anovapeneira.gal\\\/index.php\\\/2023\\\/04\\\/20\\\/carme-nunez-candidata-do-bng-a-alcaldia-de-tui\\\/\",\"url\":\"https:\\\/\\\/www.anovapeneira.gal\\\/index.php\\\/2023\\\/04\\\/20\\\/carme-nunez-candidata-do-bng-a-alcaldia-de-tui\\\/\",\"name\":\"Carme N\u00fa\u00f1ez candidata do BNG \u00e1 alcald\u00eda de Tui -\",\"isPartOf\":{\"@id\":\"https:\\\/\\\/www.anovapeneira.gal\\\/#website\"},\"primaryImageOfPage\":{\"@id\":\"https:\\\/\\\/www.anovapeneira.gal\\\/index.php\\\/2023\\\/04\\\/20\\\/carme-nunez-candidata-do-bng-a-alcaldia-de-tui\\\/#primaryimage\"},\"image\":{\"@id\":\"https:\\\/\\\/www.anovapeneira.gal\\\/index.php\\\/2023\\\/04\\\/20\\\/carme-nunez-candidata-do-bng-a-alcaldia-de-tui\\\/#primaryimage\"},\"thumbnailUrl\":\"https:\\\/\\\/www.anovapeneira.gal\\\/wp-content\\\/uploads\\\/2023\\\/04\\\/carme_nunez_bng_tui.jpg\",\"datePublished\":\"2023-04-20T10:00:20+00:00\",\"description\":\"Non sei se a m\u00e9dica Carme N\u00fa\u00f1ez ser\u00e1 alg\u00fan d\u00eda alcaldesa de Tui\",\"breadcrumb\":{\"@id\":\"https:\\\/\\\/www.anovapeneira.gal\\\/index.php\\\/2023\\\/04\\\/20\\\/carme-nunez-candidata-do-bng-a-alcaldia-de-tui\\\/#breadcrumb\"},\"inLanguage\":\"gl-ES\",\"potentialAction\":[{\"@type\":\"ReadAction\",\"target\":[\"https:\\\/\\\/www.anovapeneira.gal\\\/index.php\\\/2023\\\/04\\\/20\\\/carme-nunez-candidata-do-bng-a-alcaldia-de-tui\\\/\"]}]},{\"@type\":\"ImageObject\",\"inLanguage\":\"gl-ES\",\"@id\":\"https:\\\/\\\/www.anovapeneira.gal\\\/index.php\\\/2023\\\/04\\\/20\\\/carme-nunez-candidata-do-bng-a-alcaldia-de-tui\\\/#primaryimage\",\"url\":\"https:\\\/\\\/www.anovapeneira.gal\\\/wp-content\\\/uploads\\\/2023\\\/04\\\/carme_nunez_bng_tui.jpg\",\"contentUrl\":\"https:\\\/\\\/www.anovapeneira.gal\\\/wp-content\\\/uploads\\\/2023\\\/04\\\/carme_nunez_bng_tui.jpg\",\"width\":720,\"height\":432,\"caption\":\"Carme N\u00fa\u00f1ez candidata do BNG \u00e1 alcald\u00eda de Tui\"},{\"@type\":\"BreadcrumbList\",\"@id\":\"https:\\\/\\\/www.anovapeneira.gal\\\/index.php\\\/2023\\\/04\\\/20\\\/carme-nunez-candidata-do-bng-a-alcaldia-de-tui\\\/#breadcrumb\",\"itemListElement\":[{\"@type\":\"ListItem\",\"position\":1,\"name\":\"Portada\",\"item\":\"https:\\\/\\\/www.anovapeneira.gal\\\/\"},{\"@type\":\"ListItem\",\"position\":2,\"name\":\"Carme N\u00fa\u00f1ez candidata do BNG \u00e1 alcald\u00eda de Tui\"}]},{\"@type\":\"WebSite\",\"@id\":\"https:\\\/\\\/www.anovapeneira.gal\\\/#website\",\"url\":\"https:\\\/\\\/www.anovapeneira.gal\\\/\",\"name\":\"\",\"description\":\"Xornal galego de informaci\u00f3n xeral Publicaci\u00f3n mensual de novas de Galicia e en especial dos Concellos da sur da provincia de Pontevedra.\",\"publisher\":{\"@id\":\"https:\\\/\\\/www.anovapeneira.gal\\\/#organization\"},\"potentialAction\":[{\"@type\":\"SearchAction\",\"target\":{\"@type\":\"EntryPoint\",\"urlTemplate\":\"https:\\\/\\\/www.anovapeneira.gal\\\/?s={search_term_string}\"},\"query-input\":{\"@type\":\"PropertyValueSpecification\",\"valueRequired\":true,\"valueName\":\"search_term_string\"}}],\"inLanguage\":\"gl-ES\"},{\"@type\":\"Organization\",\"@id\":\"https:\\\/\\\/www.anovapeneira.gal\\\/#organization\",\"name\":\"A Nova Peneira\",\"url\":\"https:\\\/\\\/www.anovapeneira.gal\\\/\",\"logo\":{\"@type\":\"ImageObject\",\"inLanguage\":\"gl-ES\",\"@id\":\"https:\\\/\\\/www.anovapeneira.gal\\\/#\\\/schema\\\/logo\\\/image\\\/\",\"url\":\"http:\\\/\\\/www.anovapeneira.gal\\\/wp-content\\\/uploads\\\/2019\\\/06\\\/logo_a_nova_peneira_portal_web.png\",\"contentUrl\":\"http:\\\/\\\/www.anovapeneira.gal\\\/wp-content\\\/uploads\\\/2019\\\/06\\\/logo_a_nova_peneira_portal_web.png\",\"width\":300,\"height\":100,\"caption\":\"A Nova Peneira\"},\"image\":{\"@id\":\"https:\\\/\\\/www.anovapeneira.gal\\\/#\\\/schema\\\/logo\\\/image\\\/\"},\"sameAs\":[\"https:\\\/\\\/www.facebook.com\\\/anovapeneira\",\"https:\\\/\\\/x.com\\\/APeneira\"]},{\"@type\":\"Person\",\"@id\":\"https:\\\/\\\/www.anovapeneira.gal\\\/#\\\/schema\\\/person\\\/424dfe65e3070fd8a44d22d2c088762a\",\"name\":\"Tino Lago\",\"image\":{\"@type\":\"ImageObject\",\"inLanguage\":\"gl-ES\",\"@id\":\"https:\\\/\\\/secure.gravatar.com\\\/avatar\\\/b3df6a06e44bab3111583b90f0f33a0379ee5e3d22cbadd232d39f21c30c62be?s=96&d=mm&r=g\",\"url\":\"https:\\\/\\\/secure.gravatar.com\\\/avatar\\\/b3df6a06e44bab3111583b90f0f33a0379ee5e3d22cbadd232d39f21c30c62be?s=96&d=mm&r=g\",\"contentUrl\":\"https:\\\/\\\/secure.gravatar.com\\\/avatar\\\/b3df6a06e44bab3111583b90f0f33a0379ee5e3d22cbadd232d39f21c30c62be?s=96&d=mm&r=g\",\"caption\":\"Tino Lago\"},\"sameAs\":[\"http:\\\/\\\/www.anovapeneira.gal\"],\"url\":\"https:\\\/\\\/www.anovapeneira.gal\\\/index.php\\\/author\\\/director\\\/\"}]}<\/script>\n<!-- \/ Yoast SEO plugin. -->","yoast_head_json":{"title":"Carme N\u00fa\u00f1ez candidata do BNG \u00e1 alcald\u00eda de Tui -","description":"Non sei se a m\u00e9dica Carme N\u00fa\u00f1ez ser\u00e1 alg\u00fan d\u00eda alcaldesa de Tui","robots":{"index":"index","follow":"follow","max-snippet":"max-snippet:-1","max-image-preview":"max-image-preview:large","max-video-preview":"max-video-preview:-1"},"canonical":"https:\/\/www.anovapeneira.gal\/index.php\/2023\/04\/20\/carme-nunez-candidata-do-bng-a-alcaldia-de-tui\/","og_locale":"gl_ES","og_type":"article","og_title":"Carme N\u00fa\u00f1ez candidata do BNG \u00e1 alcald\u00eda de Tui -","og_description":"Non sei se a m\u00e9dica Carme N\u00fa\u00f1ez ser\u00e1 alg\u00fan d\u00eda alcaldesa de Tui","og_url":"https:\/\/www.anovapeneira.gal\/index.php\/2023\/04\/20\/carme-nunez-candidata-do-bng-a-alcaldia-de-tui\/","article_publisher":"https:\/\/www.facebook.com\/anovapeneira","article_published_time":"2023-04-20T10:00:20+00:00","og_image":[{"width":720,"height":432,"url":"https:\/\/www.anovapeneira.gal\/wp-content\/uploads\/2023\/04\/carme_nunez_bng_tui.jpg","type":"image\/jpeg"}],"author":"Tino Lago","twitter_card":"summary_large_image","twitter_creator":"@APeneira","twitter_site":"@APeneira","twitter_misc":{"Escrito por":"Tino Lago","Tempo de lectura":"6 minutos"},"schema":{"@context":"https:\/\/schema.org","@graph":[{"@type":"Article","@id":"https:\/\/www.anovapeneira.gal\/index.php\/2023\/04\/20\/carme-nunez-candidata-do-bng-a-alcaldia-de-tui\/#article","isPartOf":{"@id":"https:\/\/www.anovapeneira.gal\/index.php\/2023\/04\/20\/carme-nunez-candidata-do-bng-a-alcaldia-de-tui\/"},"author":{"name":"Tino Lago","@id":"https:\/\/www.anovapeneira.gal\/#\/schema\/person\/424dfe65e3070fd8a44d22d2c088762a"},"headline":"Carme N\u00fa\u00f1ez candidata do BNG \u00e1 alcald\u00eda de Tui","datePublished":"2023-04-20T10:00:20+00:00","mainEntityOfPage":{"@id":"https:\/\/www.anovapeneira.gal\/index.php\/2023\/04\/20\/carme-nunez-candidata-do-bng-a-alcaldia-de-tui\/"},"wordCount":1185,"commentCount":0,"publisher":{"@id":"https:\/\/www.anovapeneira.gal\/#organization"},"image":{"@id":"https:\/\/www.anovapeneira.gal\/index.php\/2023\/04\/20\/carme-nunez-candidata-do-bng-a-alcaldia-de-tui\/#primaryimage"},"thumbnailUrl":"https:\/\/www.anovapeneira.gal\/wp-content\/uploads\/2023\/04\/carme_nunez_bng_tui.jpg","keywords":["Concello de Tui"],"articleSection":["Baixo Mi\u00f1o"],"inLanguage":"gl-ES","potentialAction":[{"@type":"CommentAction","name":"Comment","target":["https:\/\/www.anovapeneira.gal\/index.php\/2023\/04\/20\/carme-nunez-candidata-do-bng-a-alcaldia-de-tui\/#respond"]}]},{"@type":"WebPage","@id":"https:\/\/www.anovapeneira.gal\/index.php\/2023\/04\/20\/carme-nunez-candidata-do-bng-a-alcaldia-de-tui\/","url":"https:\/\/www.anovapeneira.gal\/index.php\/2023\/04\/20\/carme-nunez-candidata-do-bng-a-alcaldia-de-tui\/","name":"Carme N\u00fa\u00f1ez candidata do BNG \u00e1 alcald\u00eda de Tui -","isPartOf":{"@id":"https:\/\/www.anovapeneira.gal\/#website"},"primaryImageOfPage":{"@id":"https:\/\/www.anovapeneira.gal\/index.php\/2023\/04\/20\/carme-nunez-candidata-do-bng-a-alcaldia-de-tui\/#primaryimage"},"image":{"@id":"https:\/\/www.anovapeneira.gal\/index.php\/2023\/04\/20\/carme-nunez-candidata-do-bng-a-alcaldia-de-tui\/#primaryimage"},"thumbnailUrl":"https:\/\/www.anovapeneira.gal\/wp-content\/uploads\/2023\/04\/carme_nunez_bng_tui.jpg","datePublished":"2023-04-20T10:00:20+00:00","description":"Non sei se a m\u00e9dica Carme N\u00fa\u00f1ez ser\u00e1 alg\u00fan d\u00eda alcaldesa de Tui","breadcrumb":{"@id":"https:\/\/www.anovapeneira.gal\/index.php\/2023\/04\/20\/carme-nunez-candidata-do-bng-a-alcaldia-de-tui\/#breadcrumb"},"inLanguage":"gl-ES","potentialAction":[{"@type":"ReadAction","target":["https:\/\/www.anovapeneira.gal\/index.php\/2023\/04\/20\/carme-nunez-candidata-do-bng-a-alcaldia-de-tui\/"]}]},{"@type":"ImageObject","inLanguage":"gl-ES","@id":"https:\/\/www.anovapeneira.gal\/index.php\/2023\/04\/20\/carme-nunez-candidata-do-bng-a-alcaldia-de-tui\/#primaryimage","url":"https:\/\/www.anovapeneira.gal\/wp-content\/uploads\/2023\/04\/carme_nunez_bng_tui.jpg","contentUrl":"https:\/\/www.anovapeneira.gal\/wp-content\/uploads\/2023\/04\/carme_nunez_bng_tui.jpg","width":720,"height":432,"caption":"Carme N\u00fa\u00f1ez candidata do BNG \u00e1 alcald\u00eda de Tui"},{"@type":"BreadcrumbList","@id":"https:\/\/www.anovapeneira.gal\/index.php\/2023\/04\/20\/carme-nunez-candidata-do-bng-a-alcaldia-de-tui\/#breadcrumb","itemListElement":[{"@type":"ListItem","position":1,"name":"Portada","item":"https:\/\/www.anovapeneira.gal\/"},{"@type":"ListItem","position":2,"name":"Carme N\u00fa\u00f1ez candidata do BNG \u00e1 alcald\u00eda de Tui"}]},{"@type":"WebSite","@id":"https:\/\/www.anovapeneira.gal\/#website","url":"https:\/\/www.anovapeneira.gal\/","name":"","description":"Xornal galego de informaci\u00f3n xeral Publicaci\u00f3n mensual de novas de Galicia e en especial dos Concellos da sur da provincia de Pontevedra.","publisher":{"@id":"https:\/\/www.anovapeneira.gal\/#organization"},"potentialAction":[{"@type":"SearchAction","target":{"@type":"EntryPoint","urlTemplate":"https:\/\/www.anovapeneira.gal\/?s={search_term_string}"},"query-input":{"@type":"PropertyValueSpecification","valueRequired":true,"valueName":"search_term_string"}}],"inLanguage":"gl-ES"},{"@type":"Organization","@id":"https:\/\/www.anovapeneira.gal\/#organization","name":"A Nova Peneira","url":"https:\/\/www.anovapeneira.gal\/","logo":{"@type":"ImageObject","inLanguage":"gl-ES","@id":"https:\/\/www.anovapeneira.gal\/#\/schema\/logo\/image\/","url":"http:\/\/www.anovapeneira.gal\/wp-content\/uploads\/2019\/06\/logo_a_nova_peneira_portal_web.png","contentUrl":"http:\/\/www.anovapeneira.gal\/wp-content\/uploads\/2019\/06\/logo_a_nova_peneira_portal_web.png","width":300,"height":100,"caption":"A Nova Peneira"},"image":{"@id":"https:\/\/www.anovapeneira.gal\/#\/schema\/logo\/image\/"},"sameAs":["https:\/\/www.facebook.com\/anovapeneira","https:\/\/x.com\/APeneira"]},{"@type":"Person","@id":"https:\/\/www.anovapeneira.gal\/#\/schema\/person\/424dfe65e3070fd8a44d22d2c088762a","name":"Tino Lago","image":{"@type":"ImageObject","inLanguage":"gl-ES","@id":"https:\/\/secure.gravatar.com\/avatar\/b3df6a06e44bab3111583b90f0f33a0379ee5e3d22cbadd232d39f21c30c62be?s=96&d=mm&r=g","url":"https:\/\/secure.gravatar.com\/avatar\/b3df6a06e44bab3111583b90f0f33a0379ee5e3d22cbadd232d39f21c30c62be?s=96&d=mm&r=g","contentUrl":"https:\/\/secure.gravatar.com\/avatar\/b3df6a06e44bab3111583b90f0f33a0379ee5e3d22cbadd232d39f21c30c62be?s=96&d=mm&r=g","caption":"Tino Lago"},"sameAs":["http:\/\/www.anovapeneira.gal"],"url":"https:\/\/www.anovapeneira.gal\/index.php\/author\/director\/"}]}},"jetpack_featured_media_url":"https:\/\/www.anovapeneira.gal\/wp-content\/uploads\/2023\/04\/carme_nunez_bng_tui.jpg","_links":{"self":[{"href":"https:\/\/www.anovapeneira.gal\/index.php\/wp-json\/wp\/v2\/posts\/9477","targetHints":{"allow":["GET"]}}],"collection":[{"href":"https:\/\/www.anovapeneira.gal\/index.php\/wp-json\/wp\/v2\/posts"}],"about":[{"href":"https:\/\/www.anovapeneira.gal\/index.php\/wp-json\/wp\/v2\/types\/post"}],"author":[{"embeddable":true,"href":"https:\/\/www.anovapeneira.gal\/index.php\/wp-json\/wp\/v2\/users\/2"}],"replies":[{"embeddable":true,"href":"https:\/\/www.anovapeneira.gal\/index.php\/wp-json\/wp\/v2\/comments?post=9477"}],"version-history":[{"count":1,"href":"https:\/\/www.anovapeneira.gal\/index.php\/wp-json\/wp\/v2\/posts\/9477\/revisions"}],"predecessor-version":[{"id":9478,"href":"https:\/\/www.anovapeneira.gal\/index.php\/wp-json\/wp\/v2\/posts\/9477\/revisions\/9478"}],"wp:featuredmedia":[{"embeddable":true,"href":"https:\/\/www.anovapeneira.gal\/index.php\/wp-json\/wp\/v2\/media\/9479"}],"wp:attachment":[{"href":"https:\/\/www.anovapeneira.gal\/index.php\/wp-json\/wp\/v2\/media?parent=9477"}],"wp:term":[{"taxonomy":"category","embeddable":true,"href":"https:\/\/www.anovapeneira.gal\/index.php\/wp-json\/wp\/v2\/categories?post=9477"},{"taxonomy":"post_tag","embeddable":true,"href":"https:\/\/www.anovapeneira.gal\/index.php\/wp-json\/wp\/v2\/tags?post=9477"}],"curies":[{"name":"wp","href":"https:\/\/api.w.org\/{rel}","templated":true}]}}