{"id":9485,"date":"2023-04-19T10:00:38","date_gmt":"2023-04-19T08:00:38","guid":{"rendered":"https:\/\/www.anovapeneira.gal\/?p=9485"},"modified":"2023-04-17T10:24:39","modified_gmt":"2023-04-17T08:24:39","slug":"xose-anton-rodriguez-xuster-candidato-do-bng-a-alcaldia-de-oia","status":"publish","type":"post","link":"https:\/\/www.anovapeneira.gal\/index.php\/2023\/04\/19\/xose-anton-rodriguez-xuster-candidato-do-bng-a-alcaldia-de-oia\/","title":{"rendered":"Xos\u00e9 Ant\u00f3n Rodr\u00edguez \u201c Xuster\u201d, candidato do BNG \u00e1 alcald\u00eda de Oia"},"content":{"rendered":"\n<p><strong>O candidato nacionalista \u00e1 alcald\u00eda de Oia \u00e9 un pol\u00edtico en sentido estrito, representa o que debe significar a pol\u00edtica e pon en evidencia que aquilo de que todos os pol\u00edticos son iguais \u00e9 unha parvada estratosf\u00e9rica que non se corresponde coa realidade. \u201cXuster \u201c fai pol\u00edtica de base. Patea as r\u00faas, cami\u00f1os e corredoiras, forma parte consubstancial do tecido asociativo do seu pobo, sempre est\u00e1 onde hai alg\u00fan problema tratando de axudar a resolvelo. El dedica infinidade de tempo ao ben com\u00fan, quit\u00e1ndollo \u00e1 s\u00faa vida persoal, de maneira altru\u00edsta, s\u00f3 por convicci\u00f3n, \u201cXuster\u201d non vive da pol\u00edtica. E liderar\u00e1 a candidatura do BNG nas vindeiras elecci\u00f3ns de maio. Unha candidatura que non tivo necesidade de recorrer a xente de f\u00f3ra para encher, pois est\u00e1 formada por homes e mulleres de todas as parroquias de Oia que senten e queren ao seu pobo .N\u00f3s falamos con el<\/strong><\/p>\n\n\n\n<h2 class=\"wp-block-heading\">\u201c <strong>Se algu\u00e9n fixo pol\u00edtica estes catro anos foi o BNG. Cremos que hai moitas posibilidades de que o PP perda a maior\u00eda, e n\u00f3s non nos pomos teito nin l\u00edmite.\u201d<\/strong><\/h2>\n\n\n\n<p><strong>A pouco m\u00e1is dun mes das municipais cales son as t\u00faas sensaci\u00f3ns neste momento?<\/strong><\/p>\n\n\n\n<blockquote class=\"wp-block-quote is-layout-flow wp-block-quote-is-layout-flow\">\n<p>O que pulsamos desde o Bng nas r\u00faas do noso pobo \u00e9 unha sensaci\u00f3n de malestar crecente na veci\u00f1anza co goberno de Cristina Correa, incluso no corpo tradicional de votantes do PP e pola contra unha corrente de simpat\u00eda crecente cara a oposici\u00f3n firme e construtiva que exerce a nosa formaci\u00f3n pol\u00edtica. As sensaci\u00f3ns , ao respecto do resultado das elecci\u00f3ns de maio, son moi positivas.<\/p>\n<\/blockquote>\n\n\n\n<p><strong>Ent\u00f3n v\u00f3s non percibides que a conceller\u00eda da felicidade dera o que se di bos resultados?<\/strong><\/p>\n\n\n\n<blockquote class=\"wp-block-quote is-layout-flow wp-block-quote-is-layout-flow\">\n<p>Esa foi unha operaci\u00f3n de marketing carente de contido real e que s\u00f3 ti\u00f1a por obxecto agochar os graves problemas que padece o noso Concello.<\/p>\n<\/blockquote>\n\n\n\n<p><strong>Cales son eses graves problemas que refires?<\/strong><\/p>\n\n\n\n<blockquote class=\"wp-block-quote is-layout-flow wp-block-quote-is-layout-flow\">\n<p>O m\u00e1is relevante \u00e9 que temos grav\u00edsimos problemas medioambientais cr\u00f3nicos. De feito recentemente o BNG puxo unha denuncia sobre os vertidos que padece a costa de Oia. N\u00f3s temos unhas decantadoras que reciben as augas fecais dos sumidoiros das casas e van directamente ao mar sen ning\u00fan tipo de depuraci\u00f3n.<\/p>\n<\/blockquote>\n\n\n\n<p><strong>E iso como o o solucionar\u00eda o BNG?<\/strong><\/p>\n\n\n\n<blockquote class=\"wp-block-quote is-layout-flow wp-block-quote-is-layout-flow\">\n<p>O problema est\u00e1 en que Oia non ten peso pol\u00edtico. Malia que na Xunta goberna o PP, como en Oia, o noso goberno non ten o peso necesario de plantarse e esixir o investimento necesario para arranxar ese grave problema que degrada completamente a nosa costa. Hai que investir xa na depuraci\u00f3n; ben sexa nalgunha EDAR ou en calquera sistema eficiente de depuraci\u00f3n. Incluso como propuxo o BNG creando un servizo de baleirado de fosas s\u00e9pticas.<\/p>\n<\/blockquote>\n\n\n\n<p><strong>Que m\u00e1is problemas graves padece Oia ao voso xu\u00edzo?<\/strong><\/p>\n\n\n\n<blockquote class=\"wp-block-quote is-layout-flow wp-block-quote-is-layout-flow\">\n<p>A situaci\u00f3n sanitaria do noso concello \u00e9 p\u00e9sima<\/p>\n<\/blockquote>\n\n\n\n<blockquote class=\"wp-block-quote is-layout-flow wp-block-quote-is-layout-flow\">\n<p>En Oia temos unha cobertura de internet propia do terceiro mundo.<\/p>\n<\/blockquote>\n\n\n\n<p><strong>E como valoras a actuaci\u00f3n do goberno neses dous asuntos que mencionas?<\/strong><\/p>\n\n\n\n<blockquote class=\"wp-block-quote is-layout-flow wp-block-quote-is-layout-flow\">\n<p>Oia quedou sen servizo de pediatr\u00eda , algo intolerable. O BNG presentou unha moci\u00f3n pedindo o inmediato restablecemento do servizo de pediatr\u00eda, moci\u00f3n que foi aprobada por unanimidade. Pero a incapacidade pol\u00edtica da alcaldesa fixo que a moci\u00f3n quedara nun caix\u00f3n pois non pelexou en absoluto por facela realidade.<\/p>\n<\/blockquote>\n\n\n\n<blockquote class=\"wp-block-quote is-layout-flow wp-block-quote-is-layout-flow\">\n<p>Montamos unha plataforma en defensa da sanidade p\u00fablica \u00e1 que estariamos encantados de que se sumase e se puxese ao fronte e non apareceu, todo o contrario, fac\u00eda campa\u00f1a en contra.<\/p>\n<\/blockquote>\n\n\n\n<blockquote class=\"wp-block-quote is-layout-flow wp-block-quote-is-layout-flow\">\n<p>A alcaldesa carece de capacidade de liderado para p\u00f3rse en fronte dos graves problemas, de calquera problema que padece Oia. Por outra parte a s\u00faa actitude \u00e9 moi censurable. Se lle levas a contraria comp\u00f3rtase de maneira desp\u00f3tica.<\/p>\n<\/blockquote>\n\n\n\n<p><strong>Como foi a vosa oposici\u00f3n estes catro anos?<\/strong><\/p>\n\n\n\n<blockquote class=\"wp-block-quote is-layout-flow wp-block-quote-is-layout-flow\">\n<p>Na li\u00f1a pol\u00edtica caracter\u00edstica do BNG: patear as r\u00faas, incluso das parroquias m\u00e1is alonxadas da monta\u00f1a e atender as necesidades da veci\u00f1anza. E iso fac\u00e9molo cun s\u00f3 concelleiro. Canta m\u00e1is forza poidamos ter mellor servizo podermos dar, que ese \u00e9 o obxectivo pol\u00edtico do BNG, servir ao ben com\u00fan, non servirse da pol\u00edtica para vivir dela. O traballo incansable do BNG de Oia non o cuestiona ningu\u00e9n, nin sequera os simpatizantes e votantes do PP.<\/p>\n<\/blockquote>\n\n\n\n<p><strong>Cal \u00e9 a opini\u00f3n do BNG sobre a situaci\u00f3n do Talaso?<\/strong><\/p>\n\n\n\n<blockquote class=\"wp-block-quote is-layout-flow wp-block-quote-is-layout-flow\">\n<p>A n\u00f3s ac\u00fasannos de que queremos que se derrube e que se perdan eses postos de traballo e isa \u00e9 unha forma indebida de presentar a realidade. O BNG non est\u00e1 a favor de que se derrube nada. E neste tema quere se cumpra a lei, pero a lei igual para todos. Por que a casa dun veci\u00f1o, a car\u00f3n do Talaso, foi derrubada, unha vivenda particular, e ese negocio non?.<\/p>\n<\/blockquote>\n\n\n\n<blockquote class=\"wp-block-quote is-layout-flow wp-block-quote-is-layout-flow\">\n<p>Como m\u00ednimo aos responsables esa ilegalidade non lles debe de sa\u00edr de balde. Agora mesmo o concello est\u00e1 a elaborar un plan especial de talaso terapia, que pagamos n\u00f3s con cartos p\u00fablicos, para tratar de legalizalo cando esa factura ter\u00eda que pagala o propietario do negocio.<\/p>\n<\/blockquote>\n\n\n\n<p><strong>E quen son, a xu\u00edzo do BNG, os responsables pol\u00edticos de que exista ese problema?<\/strong><\/p>\n\n\n\n<blockquote class=\"wp-block-quote is-layout-flow wp-block-quote-is-layout-flow\">\n<p>O ex alcalde \u00c1lvaro Mini\u00f1o, o seu concelleiro de urbanismo, e o ex alcalde Alejandro Rodr\u00edguez.\u201c Leandro\u201d.O que est\u00e1 facendo o actual goberno de Oia \u00e9 tratar de salvarlles a cara tratando de legalizalo. E pola contra, como che dixen antes, a casa dun veci\u00f1o \u00e9 derrubada.<\/p>\n<\/blockquote>\n\n\n\n<p><strong>En relaci\u00f3n \u00e1 situaci\u00f3n do Mosteiro cal \u00e9 a posici\u00f3n do BNG?<\/strong><\/p>\n\n\n\n<blockquote class=\"wp-block-quote is-layout-flow wp-block-quote-is-layout-flow\">\n<p>Incumpre a lei de patrimonio e a Xunta mira para outro lado. Cremos que antes do 2030 non vai acontecer nada ao respecto deste asunto. Est\u00e1n elaborando un plan xeral e a oposici\u00f3n non temos ning\u00fan tipo de informaci\u00f3n sobre se contemplan alg\u00fan tipo de actuaci\u00f3n no Mosteiro.<\/p>\n<\/blockquote>\n\n\n\n<blockquote class=\"wp-block-quote is-layout-flow wp-block-quote-is-layout-flow\">\n<p>A Xunta de Galicia \u00e9 responsable por omisi\u00f3n pois non aplica a lei de patrimonio que lle insta a expropiar o ben de interese cultural e rehabilitalo. E a se\u00f1ora alcaldesa tam\u00e9n por non denuncialo.<\/p>\n<\/blockquote>\n\n\n\n<p><strong>A Groba finalmente quedar\u00e1 liberada de e\u00f3licos?<\/strong><\/p>\n\n\n\n<blockquote class=\"wp-block-quote is-layout-flow wp-block-quote-is-layout-flow\">\n<p>Ao respecto deste tema o primeiro que creo xusto salientar \u00e9 que na nosa comarca a oposici\u00f3n aos e\u00f3licos na Groba comezouse a facer palpable a ra\u00edz da moci\u00f3n que presentou o Bng de Oia coa inestimable colaboraci\u00f3n do IEM.<\/p>\n<\/blockquote>\n\n\n\n<p><strong>O PP votou a favor desa moci\u00f3n<\/strong><\/p>\n\n\n\n<blockquote class=\"wp-block-quote is-layout-flow wp-block-quote-is-layout-flow\">\n<p>Si, pero porque os collemos co p\u00e9 cambiado porque eles realmente si que queren os parques e\u00f3licos. Conseguimos salvar xa varios parques e agora queda o que afecta a Viladesuso. Agardemos que tam\u00e9n quede en nada e que a Groba sexa por fin unha paraxe liberada de e\u00f3licos.<\/p>\n<\/blockquote>\n\n\n\n<p><strong>Cales son as expectativas realistas coas que se presenta a estas elecci\u00f3ns a candidatura do BNG que encabezas?<\/strong><\/p>\n\n\n\n<blockquote class=\"wp-block-quote is-layout-flow wp-block-quote-is-layout-flow\">\n<p>O BNG de Oia non se pon teito alg\u00fan. Cremos que hai moitas posibilidade de que o PP perda a maior\u00eda absoluta, temos a certeza de que merecen perdela, e o bloque ten que ser a forza que lle dispute ao PP a maior\u00eda social do noso pobo. Agardamos unha suba significativa de apoio, en votos e en actas. Se nestes 4 anos algu\u00e9n fixo pol\u00edtica en Oia foi o BNG.<\/p>\n<\/blockquote>\n\n\n\n<p><strong>Tes definida a candidatura?<\/strong><\/p>\n\n\n\n<blockquote class=\"wp-block-quote is-layout-flow wp-block-quote-is-layout-flow\">\n<p>Si, son xente de Oia, temos representaci\u00f3n de todas as parroquias e os perfiles son de persoas implicadas no tecido asociativo e cultural do noso pobo. Xente que fai pol\u00edtica de base, que patea as r\u00faas e cami\u00f1os das s\u00faas parroquias e que co\u00f1ece os problemas da veci\u00f1anza porque tam\u00e9n os padecen.<\/p>\n<\/blockquote>\n\n\n\n<blockquote class=\"wp-block-quote is-layout-flow wp-block-quote-is-layout-flow\">\n<p>De n\u00famero 2 vai Carlos L\u00f3pez\u201d Gudelj\u201d \u00e9 o seu alcume, \u00e9 de Oia. De n\u00famero 3 vai unha moza de Viladesuso Luc\u00eda Ceide. De n\u00famero 4 vai Rub\u00e9n Otero un rapaz da parroquia de Burgueira, de n\u00famero 5 Iria Fern\u00e1ndez da parroquia de Moug\u00e1s&#8230;&#8230;.<\/p>\n<\/blockquote>\n","protected":false},"excerpt":{"rendered":"<div class=\"mh-excerpt\"><p>O candidato nacionalista \u00e1 alcald\u00eda de Oia \u00e9 un pol\u00edtico en sentido estrito, representa o que debe significar a pol\u00edtica e pon en evidencia que aquilo de que todos os pol\u00edticos son iguais \u00e9 unha parvada estratosf\u00e9rica que non se corresponde coa realidade <a class=\"mh-excerpt-more\" href=\"https:\/\/www.anovapeneira.gal\/index.php\/2023\/04\/19\/xose-anton-rodriguez-xuster-candidato-do-bng-a-alcaldia-de-oia\/\" title=\"Xos\u00e9 Ant\u00f3n Rodr\u00edguez \u201c Xuster\u201d, candidato do BNG \u00e1 alcald\u00eda de Oia\">[&#8230;]<\/a><\/p>\n<\/div>","protected":false},"author":6,"featured_media":9487,"comment_status":"open","ping_status":"open","sticky":false,"template":"","format":"standard","meta":{"_exactmetrics_skip_tracking":false,"_exactmetrics_sitenote_active":false,"_exactmetrics_sitenote_note":"","_exactmetrics_sitenote_category":0,"footnotes":""},"categories":[266],"tags":[456],"class_list":{"0":"post-9485","1":"post","2":"type-post","3":"status-publish","4":"format-standard","5":"has-post-thumbnail","7":"category-baixo-mino-entrevistas","8":"tag-concello-de-oia"},"yoast_head":"<!-- This site is optimized with the Yoast SEO plugin v27.4 - https:\/\/yoast.com\/product\/yoast-seo-wordpress\/ -->\n<title>Xos\u00e9 Ant\u00f3n Rodr\u00edguez \u201c Xuster\u201d, candidato do BNG \u00e1 alcald\u00eda de Oia -<\/title>\n<meta name=\"description\" content=\"O candidato nacionalista \u00e1 alcald\u00eda de Oia \u00e9 un pol\u00edtico en sentido estrito, representa o que debe significar a pol\u00edtica e pon en evidencia que aquilo de que todos os pol\u00edticos son iguais \u00e9 unha parvada estratosf\u00e9rica que non se corresponde coa realidade\" \/>\n<meta name=\"robots\" content=\"index, follow, max-snippet:-1, max-image-preview:large, max-video-preview:-1\" \/>\n<link rel=\"canonical\" href=\"https:\/\/www.anovapeneira.gal\/index.php\/2023\/04\/19\/xose-anton-rodriguez-xuster-candidato-do-bng-a-alcaldia-de-oia\/\" \/>\n<meta property=\"og:locale\" content=\"gl_ES\" \/>\n<meta property=\"og:type\" content=\"article\" \/>\n<meta property=\"og:title\" content=\"Xos\u00e9 Ant\u00f3n Rodr\u00edguez \u201c Xuster\u201d, candidato do BNG \u00e1 alcald\u00eda de Oia -\" \/>\n<meta property=\"og:description\" content=\"O candidato nacionalista \u00e1 alcald\u00eda de Oia \u00e9 un pol\u00edtico en sentido estrito, representa o que debe significar a pol\u00edtica e pon en evidencia que aquilo de que todos os pol\u00edticos son iguais \u00e9 unha parvada estratosf\u00e9rica que non se corresponde coa realidade\" \/>\n<meta property=\"og:url\" content=\"https:\/\/www.anovapeneira.gal\/index.php\/2023\/04\/19\/xose-anton-rodriguez-xuster-candidato-do-bng-a-alcaldia-de-oia\/\" \/>\n<meta property=\"article:publisher\" content=\"https:\/\/www.facebook.com\/anovapeneira\" \/>\n<meta property=\"article:published_time\" content=\"2023-04-19T08:00:38+00:00\" \/>\n<meta property=\"og:image\" content=\"https:\/\/www.anovapeneira.gal\/wp-content\/uploads\/2023\/04\/xuster_oia.jpg\" \/>\n\t<meta property=\"og:image:width\" content=\"720\" \/>\n\t<meta property=\"og:image:height\" content=\"432\" \/>\n\t<meta property=\"og:image:type\" content=\"image\/jpeg\" \/>\n<meta name=\"author\" content=\"Marcos Santos\" \/>\n<meta name=\"twitter:card\" content=\"summary_large_image\" \/>\n<meta name=\"twitter:creator\" content=\"@APeneira\" \/>\n<meta name=\"twitter:site\" content=\"@APeneira\" \/>\n<meta name=\"twitter:label1\" content=\"Escrito por\" \/>\n\t<meta name=\"twitter:data1\" content=\"Marcos Santos\" \/>\n\t<meta name=\"twitter:label2\" content=\"Tempo de lectura\" \/>\n\t<meta name=\"twitter:data2\" content=\"7 minutos\" \/>\n<script type=\"application\/ld+json\" class=\"yoast-schema-graph\">{\"@context\":\"https:\\\/\\\/schema.org\",\"@graph\":[{\"@type\":\"Article\",\"@id\":\"https:\\\/\\\/www.anovapeneira.gal\\\/index.php\\\/2023\\\/04\\\/19\\\/xose-anton-rodriguez-xuster-candidato-do-bng-a-alcaldia-de-oia\\\/#article\",\"isPartOf\":{\"@id\":\"https:\\\/\\\/www.anovapeneira.gal\\\/index.php\\\/2023\\\/04\\\/19\\\/xose-anton-rodriguez-xuster-candidato-do-bng-a-alcaldia-de-oia\\\/\"},\"author\":{\"name\":\"Marcos Santos\",\"@id\":\"https:\\\/\\\/www.anovapeneira.gal\\\/#\\\/schema\\\/person\\\/d9d84823564720e7593293bab054e52d\"},\"headline\":\"Xos\u00e9 Ant\u00f3n Rodr\u00edguez \u201c Xuster\u201d, candidato do BNG \u00e1 alcald\u00eda de Oia\",\"datePublished\":\"2023-04-19T08:00:38+00:00\",\"mainEntityOfPage\":{\"@id\":\"https:\\\/\\\/www.anovapeneira.gal\\\/index.php\\\/2023\\\/04\\\/19\\\/xose-anton-rodriguez-xuster-candidato-do-bng-a-alcaldia-de-oia\\\/\"},\"wordCount\":1388,\"commentCount\":0,\"publisher\":{\"@id\":\"https:\\\/\\\/www.anovapeneira.gal\\\/#organization\"},\"image\":{\"@id\":\"https:\\\/\\\/www.anovapeneira.gal\\\/index.php\\\/2023\\\/04\\\/19\\\/xose-anton-rodriguez-xuster-candidato-do-bng-a-alcaldia-de-oia\\\/#primaryimage\"},\"thumbnailUrl\":\"https:\\\/\\\/www.anovapeneira.gal\\\/wp-content\\\/uploads\\\/2023\\\/04\\\/xuster_oia.jpg\",\"keywords\":[\"Concello de Oia\"],\"articleSection\":[\"Baixo Mi\u00f1o\"],\"inLanguage\":\"gl-ES\",\"potentialAction\":[{\"@type\":\"CommentAction\",\"name\":\"Comment\",\"target\":[\"https:\\\/\\\/www.anovapeneira.gal\\\/index.php\\\/2023\\\/04\\\/19\\\/xose-anton-rodriguez-xuster-candidato-do-bng-a-alcaldia-de-oia\\\/#respond\"]}]},{\"@type\":\"WebPage\",\"@id\":\"https:\\\/\\\/www.anovapeneira.gal\\\/index.php\\\/2023\\\/04\\\/19\\\/xose-anton-rodriguez-xuster-candidato-do-bng-a-alcaldia-de-oia\\\/\",\"url\":\"https:\\\/\\\/www.anovapeneira.gal\\\/index.php\\\/2023\\\/04\\\/19\\\/xose-anton-rodriguez-xuster-candidato-do-bng-a-alcaldia-de-oia\\\/\",\"name\":\"Xos\u00e9 Ant\u00f3n Rodr\u00edguez \u201c Xuster\u201d, candidato do BNG \u00e1 alcald\u00eda de Oia -\",\"isPartOf\":{\"@id\":\"https:\\\/\\\/www.anovapeneira.gal\\\/#website\"},\"primaryImageOfPage\":{\"@id\":\"https:\\\/\\\/www.anovapeneira.gal\\\/index.php\\\/2023\\\/04\\\/19\\\/xose-anton-rodriguez-xuster-candidato-do-bng-a-alcaldia-de-oia\\\/#primaryimage\"},\"image\":{\"@id\":\"https:\\\/\\\/www.anovapeneira.gal\\\/index.php\\\/2023\\\/04\\\/19\\\/xose-anton-rodriguez-xuster-candidato-do-bng-a-alcaldia-de-oia\\\/#primaryimage\"},\"thumbnailUrl\":\"https:\\\/\\\/www.anovapeneira.gal\\\/wp-content\\\/uploads\\\/2023\\\/04\\\/xuster_oia.jpg\",\"datePublished\":\"2023-04-19T08:00:38+00:00\",\"description\":\"O candidato nacionalista \u00e1 alcald\u00eda de Oia \u00e9 un pol\u00edtico en sentido estrito, representa o que debe significar a pol\u00edtica e pon en evidencia que aquilo de que todos os pol\u00edticos son iguais \u00e9 unha parvada estratosf\u00e9rica que non se corresponde coa realidade\",\"breadcrumb\":{\"@id\":\"https:\\\/\\\/www.anovapeneira.gal\\\/index.php\\\/2023\\\/04\\\/19\\\/xose-anton-rodriguez-xuster-candidato-do-bng-a-alcaldia-de-oia\\\/#breadcrumb\"},\"inLanguage\":\"gl-ES\",\"potentialAction\":[{\"@type\":\"ReadAction\",\"target\":[\"https:\\\/\\\/www.anovapeneira.gal\\\/index.php\\\/2023\\\/04\\\/19\\\/xose-anton-rodriguez-xuster-candidato-do-bng-a-alcaldia-de-oia\\\/\"]}]},{\"@type\":\"ImageObject\",\"inLanguage\":\"gl-ES\",\"@id\":\"https:\\\/\\\/www.anovapeneira.gal\\\/index.php\\\/2023\\\/04\\\/19\\\/xose-anton-rodriguez-xuster-candidato-do-bng-a-alcaldia-de-oia\\\/#primaryimage\",\"url\":\"https:\\\/\\\/www.anovapeneira.gal\\\/wp-content\\\/uploads\\\/2023\\\/04\\\/xuster_oia.jpg\",\"contentUrl\":\"https:\\\/\\\/www.anovapeneira.gal\\\/wp-content\\\/uploads\\\/2023\\\/04\\\/xuster_oia.jpg\",\"width\":720,\"height\":432,\"caption\":\"Xos\u00e9 Ant\u00f3n Rodr\u00edguez \u201c Xuster\u201d, candidato do BNG \u00e1 alcald\u00eda de Oia\"},{\"@type\":\"BreadcrumbList\",\"@id\":\"https:\\\/\\\/www.anovapeneira.gal\\\/index.php\\\/2023\\\/04\\\/19\\\/xose-anton-rodriguez-xuster-candidato-do-bng-a-alcaldia-de-oia\\\/#breadcrumb\",\"itemListElement\":[{\"@type\":\"ListItem\",\"position\":1,\"name\":\"Portada\",\"item\":\"https:\\\/\\\/www.anovapeneira.gal\\\/\"},{\"@type\":\"ListItem\",\"position\":2,\"name\":\"Xos\u00e9 Ant\u00f3n Rodr\u00edguez \u201c Xuster\u201d, candidato do BNG \u00e1 alcald\u00eda de Oia\"}]},{\"@type\":\"WebSite\",\"@id\":\"https:\\\/\\\/www.anovapeneira.gal\\\/#website\",\"url\":\"https:\\\/\\\/www.anovapeneira.gal\\\/\",\"name\":\"\",\"description\":\"Xornal galego de informaci\u00f3n xeral Publicaci\u00f3n mensual de novas de Galicia e en especial dos Concellos da sur da provincia de Pontevedra.\",\"publisher\":{\"@id\":\"https:\\\/\\\/www.anovapeneira.gal\\\/#organization\"},\"potentialAction\":[{\"@type\":\"SearchAction\",\"target\":{\"@type\":\"EntryPoint\",\"urlTemplate\":\"https:\\\/\\\/www.anovapeneira.gal\\\/?s={search_term_string}\"},\"query-input\":{\"@type\":\"PropertyValueSpecification\",\"valueRequired\":true,\"valueName\":\"search_term_string\"}}],\"inLanguage\":\"gl-ES\"},{\"@type\":\"Organization\",\"@id\":\"https:\\\/\\\/www.anovapeneira.gal\\\/#organization\",\"name\":\"A Nova Peneira\",\"url\":\"https:\\\/\\\/www.anovapeneira.gal\\\/\",\"logo\":{\"@type\":\"ImageObject\",\"inLanguage\":\"gl-ES\",\"@id\":\"https:\\\/\\\/www.anovapeneira.gal\\\/#\\\/schema\\\/logo\\\/image\\\/\",\"url\":\"http:\\\/\\\/www.anovapeneira.gal\\\/wp-content\\\/uploads\\\/2019\\\/06\\\/logo_a_nova_peneira_portal_web.png\",\"contentUrl\":\"http:\\\/\\\/www.anovapeneira.gal\\\/wp-content\\\/uploads\\\/2019\\\/06\\\/logo_a_nova_peneira_portal_web.png\",\"width\":300,\"height\":100,\"caption\":\"A Nova Peneira\"},\"image\":{\"@id\":\"https:\\\/\\\/www.anovapeneira.gal\\\/#\\\/schema\\\/logo\\\/image\\\/\"},\"sameAs\":[\"https:\\\/\\\/www.facebook.com\\\/anovapeneira\",\"https:\\\/\\\/x.com\\\/APeneira\"]},{\"@type\":\"Person\",\"@id\":\"https:\\\/\\\/www.anovapeneira.gal\\\/#\\\/schema\\\/person\\\/d9d84823564720e7593293bab054e52d\",\"name\":\"Marcos Santos\",\"image\":{\"@type\":\"ImageObject\",\"inLanguage\":\"gl-ES\",\"@id\":\"https:\\\/\\\/secure.gravatar.com\\\/avatar\\\/0e8017099a7a47c0a9d2275e865fe326484561eb3d70649069e4b8e61a8d2e8c?s=96&d=mm&r=g\",\"url\":\"https:\\\/\\\/secure.gravatar.com\\\/avatar\\\/0e8017099a7a47c0a9d2275e865fe326484561eb3d70649069e4b8e61a8d2e8c?s=96&d=mm&r=g\",\"contentUrl\":\"https:\\\/\\\/secure.gravatar.com\\\/avatar\\\/0e8017099a7a47c0a9d2275e865fe326484561eb3d70649069e4b8e61a8d2e8c?s=96&d=mm&r=g\",\"caption\":\"Marcos Santos\"},\"sameAs\":[\"http:\\\/\\\/anovapeneira.gal\"],\"url\":\"https:\\\/\\\/www.anovapeneira.gal\\\/index.php\\\/author\\\/marcos-santos\\\/\"}]}<\/script>\n<!-- \/ Yoast SEO plugin. -->","yoast_head_json":{"title":"Xos\u00e9 Ant\u00f3n Rodr\u00edguez \u201c Xuster\u201d, candidato do BNG \u00e1 alcald\u00eda de Oia -","description":"O candidato nacionalista \u00e1 alcald\u00eda de Oia \u00e9 un pol\u00edtico en sentido estrito, representa o que debe significar a pol\u00edtica e pon en evidencia que aquilo de que todos os pol\u00edticos son iguais \u00e9 unha parvada estratosf\u00e9rica que non se corresponde coa realidade","robots":{"index":"index","follow":"follow","max-snippet":"max-snippet:-1","max-image-preview":"max-image-preview:large","max-video-preview":"max-video-preview:-1"},"canonical":"https:\/\/www.anovapeneira.gal\/index.php\/2023\/04\/19\/xose-anton-rodriguez-xuster-candidato-do-bng-a-alcaldia-de-oia\/","og_locale":"gl_ES","og_type":"article","og_title":"Xos\u00e9 Ant\u00f3n Rodr\u00edguez \u201c Xuster\u201d, candidato do BNG \u00e1 alcald\u00eda de Oia -","og_description":"O candidato nacionalista \u00e1 alcald\u00eda de Oia \u00e9 un pol\u00edtico en sentido estrito, representa o que debe significar a pol\u00edtica e pon en evidencia que aquilo de que todos os pol\u00edticos son iguais \u00e9 unha parvada estratosf\u00e9rica que non se corresponde coa realidade","og_url":"https:\/\/www.anovapeneira.gal\/index.php\/2023\/04\/19\/xose-anton-rodriguez-xuster-candidato-do-bng-a-alcaldia-de-oia\/","article_publisher":"https:\/\/www.facebook.com\/anovapeneira","article_published_time":"2023-04-19T08:00:38+00:00","og_image":[{"width":720,"height":432,"url":"https:\/\/www.anovapeneira.gal\/wp-content\/uploads\/2023\/04\/xuster_oia.jpg","type":"image\/jpeg"}],"author":"Marcos Santos","twitter_card":"summary_large_image","twitter_creator":"@APeneira","twitter_site":"@APeneira","twitter_misc":{"Escrito por":"Marcos Santos","Tempo de lectura":"7 minutos"},"schema":{"@context":"https:\/\/schema.org","@graph":[{"@type":"Article","@id":"https:\/\/www.anovapeneira.gal\/index.php\/2023\/04\/19\/xose-anton-rodriguez-xuster-candidato-do-bng-a-alcaldia-de-oia\/#article","isPartOf":{"@id":"https:\/\/www.anovapeneira.gal\/index.php\/2023\/04\/19\/xose-anton-rodriguez-xuster-candidato-do-bng-a-alcaldia-de-oia\/"},"author":{"name":"Marcos Santos","@id":"https:\/\/www.anovapeneira.gal\/#\/schema\/person\/d9d84823564720e7593293bab054e52d"},"headline":"Xos\u00e9 Ant\u00f3n Rodr\u00edguez \u201c Xuster\u201d, candidato do BNG \u00e1 alcald\u00eda de Oia","datePublished":"2023-04-19T08:00:38+00:00","mainEntityOfPage":{"@id":"https:\/\/www.anovapeneira.gal\/index.php\/2023\/04\/19\/xose-anton-rodriguez-xuster-candidato-do-bng-a-alcaldia-de-oia\/"},"wordCount":1388,"commentCount":0,"publisher":{"@id":"https:\/\/www.anovapeneira.gal\/#organization"},"image":{"@id":"https:\/\/www.anovapeneira.gal\/index.php\/2023\/04\/19\/xose-anton-rodriguez-xuster-candidato-do-bng-a-alcaldia-de-oia\/#primaryimage"},"thumbnailUrl":"https:\/\/www.anovapeneira.gal\/wp-content\/uploads\/2023\/04\/xuster_oia.jpg","keywords":["Concello de Oia"],"articleSection":["Baixo Mi\u00f1o"],"inLanguage":"gl-ES","potentialAction":[{"@type":"CommentAction","name":"Comment","target":["https:\/\/www.anovapeneira.gal\/index.php\/2023\/04\/19\/xose-anton-rodriguez-xuster-candidato-do-bng-a-alcaldia-de-oia\/#respond"]}]},{"@type":"WebPage","@id":"https:\/\/www.anovapeneira.gal\/index.php\/2023\/04\/19\/xose-anton-rodriguez-xuster-candidato-do-bng-a-alcaldia-de-oia\/","url":"https:\/\/www.anovapeneira.gal\/index.php\/2023\/04\/19\/xose-anton-rodriguez-xuster-candidato-do-bng-a-alcaldia-de-oia\/","name":"Xos\u00e9 Ant\u00f3n Rodr\u00edguez \u201c Xuster\u201d, candidato do BNG \u00e1 alcald\u00eda de Oia -","isPartOf":{"@id":"https:\/\/www.anovapeneira.gal\/#website"},"primaryImageOfPage":{"@id":"https:\/\/www.anovapeneira.gal\/index.php\/2023\/04\/19\/xose-anton-rodriguez-xuster-candidato-do-bng-a-alcaldia-de-oia\/#primaryimage"},"image":{"@id":"https:\/\/www.anovapeneira.gal\/index.php\/2023\/04\/19\/xose-anton-rodriguez-xuster-candidato-do-bng-a-alcaldia-de-oia\/#primaryimage"},"thumbnailUrl":"https:\/\/www.anovapeneira.gal\/wp-content\/uploads\/2023\/04\/xuster_oia.jpg","datePublished":"2023-04-19T08:00:38+00:00","description":"O candidato nacionalista \u00e1 alcald\u00eda de Oia \u00e9 un pol\u00edtico en sentido estrito, representa o que debe significar a pol\u00edtica e pon en evidencia que aquilo de que todos os pol\u00edticos son iguais \u00e9 unha parvada estratosf\u00e9rica que non se corresponde coa realidade","breadcrumb":{"@id":"https:\/\/www.anovapeneira.gal\/index.php\/2023\/04\/19\/xose-anton-rodriguez-xuster-candidato-do-bng-a-alcaldia-de-oia\/#breadcrumb"},"inLanguage":"gl-ES","potentialAction":[{"@type":"ReadAction","target":["https:\/\/www.anovapeneira.gal\/index.php\/2023\/04\/19\/xose-anton-rodriguez-xuster-candidato-do-bng-a-alcaldia-de-oia\/"]}]},{"@type":"ImageObject","inLanguage":"gl-ES","@id":"https:\/\/www.anovapeneira.gal\/index.php\/2023\/04\/19\/xose-anton-rodriguez-xuster-candidato-do-bng-a-alcaldia-de-oia\/#primaryimage","url":"https:\/\/www.anovapeneira.gal\/wp-content\/uploads\/2023\/04\/xuster_oia.jpg","contentUrl":"https:\/\/www.anovapeneira.gal\/wp-content\/uploads\/2023\/04\/xuster_oia.jpg","width":720,"height":432,"caption":"Xos\u00e9 Ant\u00f3n Rodr\u00edguez \u201c Xuster\u201d, candidato do BNG \u00e1 alcald\u00eda de Oia"},{"@type":"BreadcrumbList","@id":"https:\/\/www.anovapeneira.gal\/index.php\/2023\/04\/19\/xose-anton-rodriguez-xuster-candidato-do-bng-a-alcaldia-de-oia\/#breadcrumb","itemListElement":[{"@type":"ListItem","position":1,"name":"Portada","item":"https:\/\/www.anovapeneira.gal\/"},{"@type":"ListItem","position":2,"name":"Xos\u00e9 Ant\u00f3n Rodr\u00edguez \u201c Xuster\u201d, candidato do BNG \u00e1 alcald\u00eda de Oia"}]},{"@type":"WebSite","@id":"https:\/\/www.anovapeneira.gal\/#website","url":"https:\/\/www.anovapeneira.gal\/","name":"","description":"Xornal galego de informaci\u00f3n xeral Publicaci\u00f3n mensual de novas de Galicia e en especial dos Concellos da sur da provincia de Pontevedra.","publisher":{"@id":"https:\/\/www.anovapeneira.gal\/#organization"},"potentialAction":[{"@type":"SearchAction","target":{"@type":"EntryPoint","urlTemplate":"https:\/\/www.anovapeneira.gal\/?s={search_term_string}"},"query-input":{"@type":"PropertyValueSpecification","valueRequired":true,"valueName":"search_term_string"}}],"inLanguage":"gl-ES"},{"@type":"Organization","@id":"https:\/\/www.anovapeneira.gal\/#organization","name":"A Nova Peneira","url":"https:\/\/www.anovapeneira.gal\/","logo":{"@type":"ImageObject","inLanguage":"gl-ES","@id":"https:\/\/www.anovapeneira.gal\/#\/schema\/logo\/image\/","url":"http:\/\/www.anovapeneira.gal\/wp-content\/uploads\/2019\/06\/logo_a_nova_peneira_portal_web.png","contentUrl":"http:\/\/www.anovapeneira.gal\/wp-content\/uploads\/2019\/06\/logo_a_nova_peneira_portal_web.png","width":300,"height":100,"caption":"A Nova Peneira"},"image":{"@id":"https:\/\/www.anovapeneira.gal\/#\/schema\/logo\/image\/"},"sameAs":["https:\/\/www.facebook.com\/anovapeneira","https:\/\/x.com\/APeneira"]},{"@type":"Person","@id":"https:\/\/www.anovapeneira.gal\/#\/schema\/person\/d9d84823564720e7593293bab054e52d","name":"Marcos Santos","image":{"@type":"ImageObject","inLanguage":"gl-ES","@id":"https:\/\/secure.gravatar.com\/avatar\/0e8017099a7a47c0a9d2275e865fe326484561eb3d70649069e4b8e61a8d2e8c?s=96&d=mm&r=g","url":"https:\/\/secure.gravatar.com\/avatar\/0e8017099a7a47c0a9d2275e865fe326484561eb3d70649069e4b8e61a8d2e8c?s=96&d=mm&r=g","contentUrl":"https:\/\/secure.gravatar.com\/avatar\/0e8017099a7a47c0a9d2275e865fe326484561eb3d70649069e4b8e61a8d2e8c?s=96&d=mm&r=g","caption":"Marcos Santos"},"sameAs":["http:\/\/anovapeneira.gal"],"url":"https:\/\/www.anovapeneira.gal\/index.php\/author\/marcos-santos\/"}]}},"jetpack_featured_media_url":"https:\/\/www.anovapeneira.gal\/wp-content\/uploads\/2023\/04\/xuster_oia.jpg","_links":{"self":[{"href":"https:\/\/www.anovapeneira.gal\/index.php\/wp-json\/wp\/v2\/posts\/9485","targetHints":{"allow":["GET"]}}],"collection":[{"href":"https:\/\/www.anovapeneira.gal\/index.php\/wp-json\/wp\/v2\/posts"}],"about":[{"href":"https:\/\/www.anovapeneira.gal\/index.php\/wp-json\/wp\/v2\/types\/post"}],"author":[{"embeddable":true,"href":"https:\/\/www.anovapeneira.gal\/index.php\/wp-json\/wp\/v2\/users\/6"}],"replies":[{"embeddable":true,"href":"https:\/\/www.anovapeneira.gal\/index.php\/wp-json\/wp\/v2\/comments?post=9485"}],"version-history":[{"count":1,"href":"https:\/\/www.anovapeneira.gal\/index.php\/wp-json\/wp\/v2\/posts\/9485\/revisions"}],"predecessor-version":[{"id":9486,"href":"https:\/\/www.anovapeneira.gal\/index.php\/wp-json\/wp\/v2\/posts\/9485\/revisions\/9486"}],"wp:featuredmedia":[{"embeddable":true,"href":"https:\/\/www.anovapeneira.gal\/index.php\/wp-json\/wp\/v2\/media\/9487"}],"wp:attachment":[{"href":"https:\/\/www.anovapeneira.gal\/index.php\/wp-json\/wp\/v2\/media?parent=9485"}],"wp:term":[{"taxonomy":"category","embeddable":true,"href":"https:\/\/www.anovapeneira.gal\/index.php\/wp-json\/wp\/v2\/categories?post=9485"},{"taxonomy":"post_tag","embeddable":true,"href":"https:\/\/www.anovapeneira.gal\/index.php\/wp-json\/wp\/v2\/tags?post=9485"}],"curies":[{"name":"wp","href":"https:\/\/api.w.org\/{rel}","templated":true}]}}