{"id":9492,"date":"2023-04-24T10:00:01","date_gmt":"2023-04-24T08:00:01","guid":{"rendered":"https:\/\/www.anovapeneira.gal\/?p=9492"},"modified":"2023-04-20T09:37:30","modified_gmt":"2023-04-20T07:37:30","slug":"o-abandono-do-rural","status":"publish","type":"post","link":"https:\/\/www.anovapeneira.gal\/index.php\/2023\/04\/24\/o-abandono-do-rural\/","title":{"rendered":"O abandono do rural"},"content":{"rendered":"\n<figure class=\"wp-block-image size-full is-resized\"><img loading=\"lazy\" decoding=\"async\" src=\"https:\/\/www.anovapeneira.gal\/wp-content\/uploads\/2019\/07\/Baldomero_Iglesias_Dobarrio_Mero.jpg\" alt=\"Baldomero Iglesias Dobarrio Mero artigos de opini\u00f3n A Nova Peneira\" class=\"wp-image-482\" width=\"95\" height=\"111\"\/><figcaption class=\"wp-element-caption\">Baldomero Iglesias Dobarrio, Mero<\/figcaption><\/figure>\n\n\n\n<p>Di un anuncio que se vende unha casa grande na aldea. M\u00e1is adiante que se vende unha aldea, toda enteira. Son ofertas por importes econ\u00f3micos que dan proba, precisamente, do deterioro do rural. Ese medio que nos osixena e polo que ningu\u00e9n volve, a ningu\u00e9n lle acorda. Normalmente son construci\u00f3ns de pedra en lugares entra\u00f1ables onde o tempo pasou sen dar noticia e onde a\u00ednda perviven historias infinitas \u00e1s que ningu\u00e9n fixo caso. Casas e pendellos, lugares de encontro e f\u00e1bula, de so\u00f1o. Penso a\u00ednda gardan palabras e emoci\u00f3ns que un d\u00eda foron. Hai paz e sosego, te\u00f1en luz e pozo e est\u00e1n cubertas de lousado antigo, sobre cangas enormes de madeira curtida xa nos anos, carballo firme e por riba levan t\u00e1boas de casti\u00f1eiro peiteando o teito. Xa por f\u00f3ra, enriba do empedrado e das lousas a\u00ednda habitan os couselos. Dan conta desa harmon\u00eda f\u00e9rtil e marabillada do equilibrio, dos tempos que un d\u00eda foron e habitaron cada un dos seus recantos. Na coci\u00f1a, a lareira. Na lareira as derradeiras brasas dun fogar, dunha xente que se quentou e contou ao redor do lume mil historias, e so\u00f1ou que aquilo ir\u00eda para arriba, que volver\u00edan os netos, que haber\u00eda na escola nenas e nenos! Nada de aquilo sucedeu. Apagouse pouco a pouco todo, ao final tam\u00e9n a taberna, e perdemos unha luz m\u00e1is na aldea. Apagouse a aldea.<\/p>\n\n\n\n<p>Eu que vivo nunha aldea pequena podo constatar estas cousas, estas casas que se venden con todo o patrimonio de h\u00f3rreos, fontes, cruceiros, &#8230;e a vida que nelas houbo. Agora ve\u00f1en ameazando cos e\u00f3licos, antes foi coas minas a ceo aberto, cos movementos de terras buscando minerais raros e espoliando \u00e1 veci\u00f1anza por catro cadelas. E por iso e moito m\u00e1is, ve\u00f1en plantar eucaliptos os incendiarios de sempre. Non lles importa o rural, \u00e9 o seu campo de probas e de negocio. Trouxeron tam\u00e9n os lodos contaminantes das cidades e f\u00e1bricas, bot\u00e1ronas al\u00e1 entre os montes e fixeron moitas outras cousas que non d\u00e1 o sitio para contar. A xente vaise e busca outros lugares onde se esquezan de n\u00f3s e nos deixen en paz.<\/p>\n\n\n\n<p>Este conto xa v\u00e9n de atr\u00e1s, de cando contaminaron r\u00edos e puxeron eucaliptos fac\u00e9ndose deuses, hab\u00eda que producir para alimentar a cheirenta f\u00e1brica da mesma R\u00eda de Pontevedra. E todos a plantar, agora c\u00f3mennos os de r\u00e1pido desenvolvemento. Unha m\u00e1goa, por mor dos eucaliptos andamos sempre en risco de lumes e destruci\u00f3n e, mentres, deixamos de ter carballo e casti\u00f1eiro, mesmo as paisaxes atentas \u00e1 ollada tan fermosa que un d\u00eda tivemos. Al\u00e1 foron as fontes naturais que vert\u00edan xenerosamente a pureza da auga manancial. Agora, cos novos deuses non vemos m\u00e1is al\u00f3 da s\u00faa figura ergueita e ben dimensionada que nos tapa calquera posibilidade da beleza nos vales, nos r\u00edos, nos traballos e nas extensi\u00f3ns de enormes horizontes. Hai que plantar, hai que cuantificar e vender, mesmo vendernos. Teremos que inventar outras xeograf\u00edas para a cultura do porvir, para ser coherentes coa terra, para vivir e deixar vivir, para dar vida responsable a tanto para\u00edso que non soubemos estimar. Se queremos vivir teremos que desandar cami\u00f1os xa andados para un ma\u00f1\u00e1 que est\u00e1 aqu\u00ed, volver sobre a memoria, para non nola vendan nin se venda por un dese\u00f1o destrutivo. Porque nesas andamos, xa se venden aldeas, mu\u00ed\u00f1os, terras e todo o legado hist\u00f3rico que nos explica e d\u00e1 raz\u00f3n. Estamos quedando a escuras daquela Galiza traballadora, a que abriu sucos de ilusi\u00f3n e que encheu de gando as camposas, de verde nos ollos e esperanza feliz. Ah, pero esta sangr\u00eda demogr\u00e1fica leva moitos anos petando nas conciencias e ningu\u00e9n atende. Os que mandan miran a outro lado. Aquela Galiza que limpaba o aire e o lixo que trouxo a abrasiva civilizaci\u00f3n das vilas e cidades, situounos no mapa para sobre vivir \u00e1s novas formas e ao mesmo tempo transmitir \u00e1 xente que vi\u00f1era con respecto e satisfacci\u00f3n de ser. Xa imos quedando menos nas aldeas e parroquias. Cando paso por unha casa abandonada penso na pobreza da mensaxe xeracional que se espoliou, que nos furtaron. Non quedaron os netos nin os fillos, a choiva segue a petar nos vidros da portas e das fiestras tentando chamar a atenci\u00f3n para que non esquezamos o que un d\u00eda fomos, para non acalar tanto secreto no oficio humano da palabra. No forno xa entraron as silvas e no meu peito hai unha enorme tristura que v\u00e9n desa ansia de futuro agradecido que non vexo, que algu\u00e9n destru\u00edu querendo enchernos de ru\u00edna. Desa capacidade que te\u00f1en as persoas que mandan algo, para ser c\u00f3mplices desta desfeita evidente. Non conf\u00edo nesas persoas que mandan e que non entenden o desenvolvemento da nosa identidade, da nosa singular diferenza. Xa o amosaron m\u00e1is veces. Por iso, de seguir as\u00ed: &#8230;o \u00faltimo que apague a luz.<\/p>\n\n\n\n<p>Baldomero Iglesias Dobarrio, Mero.<\/p>\n","protected":false},"excerpt":{"rendered":"<div class=\"mh-excerpt\"><p>Di un anuncio que se vende unha casa grande na aldea. M\u00e1is adiante que se vende unha aldea, toda enteira. Son ofertas por importes econ\u00f3micos que dan proba, precisamente, do deterioro do rural. Ese medio que nos osixena e polo que ningu\u00e9n volve, a ningu\u00e9n lle acorda <a class=\"mh-excerpt-more\" href=\"https:\/\/www.anovapeneira.gal\/index.php\/2023\/04\/24\/o-abandono-do-rural\/\" title=\"O abandono do rural\">[&#8230;]<\/a><\/p>\n<\/div>","protected":false},"author":5,"featured_media":584,"comment_status":"open","ping_status":"open","sticky":false,"template":"","format":"standard","meta":{"_exactmetrics_skip_tracking":false,"_exactmetrics_sitenote_active":false,"_exactmetrics_sitenote_note":"","_exactmetrics_sitenote_category":0,"footnotes":""},"categories":[7],"tags":[],"class_list":{"0":"post-9492","1":"post","2":"type-post","3":"status-publish","4":"format-standard","5":"has-post-thumbnail","7":"category-artigos-de-opinion"},"yoast_head":"<!-- This site is optimized with the Yoast SEO plugin v27.4 - https:\/\/yoast.com\/product\/yoast-seo-wordpress\/ -->\n<title>O abandono do rural -<\/title>\n<meta name=\"description\" content=\"Di un anuncio que se vende unha casa grande na aldea. M\u00e1is adiante que se vende unha aldea, toda enteira.\" \/>\n<meta name=\"robots\" content=\"index, follow, max-snippet:-1, max-image-preview:large, max-video-preview:-1\" \/>\n<link rel=\"canonical\" href=\"https:\/\/www.anovapeneira.gal\/index.php\/2023\/04\/24\/o-abandono-do-rural\/\" \/>\n<meta property=\"og:locale\" content=\"gl_ES\" \/>\n<meta property=\"og:type\" content=\"article\" \/>\n<meta property=\"og:title\" content=\"O abandono do rural -\" \/>\n<meta property=\"og:description\" content=\"Di un anuncio que se vende unha casa grande na aldea. M\u00e1is adiante que se vende unha aldea, toda enteira.\" \/>\n<meta property=\"og:url\" content=\"https:\/\/www.anovapeneira.gal\/index.php\/2023\/04\/24\/o-abandono-do-rural\/\" \/>\n<meta property=\"article:publisher\" content=\"https:\/\/www.facebook.com\/anovapeneira\" \/>\n<meta property=\"article:published_time\" content=\"2023-04-24T08:00:01+00:00\" \/>\n<meta property=\"og:image\" content=\"https:\/\/www.anovapeneira.gal\/wp-content\/uploads\/2019\/07\/ARTIGO_DE_OPINION_A_NOVA_PENEIRA.jpg\" \/>\n\t<meta property=\"og:image:width\" content=\"720\" \/>\n\t<meta property=\"og:image:height\" content=\"473\" \/>\n\t<meta property=\"og:image:type\" content=\"image\/jpeg\" \/>\n<meta name=\"author\" content=\"Baldomero Iglesias Dobarrio, Mero\" \/>\n<meta name=\"twitter:card\" content=\"summary_large_image\" \/>\n<meta name=\"twitter:image\" content=\"https:\/\/www.anovapeneira.gal\/wp-content\/uploads\/2019\/07\/ARTIGO_DE_OPINION_A_NOVA_PENEIRA.jpg\" \/>\n<meta name=\"twitter:creator\" content=\"@APeneira\" \/>\n<meta name=\"twitter:site\" content=\"@APeneira\" \/>\n<meta name=\"twitter:label1\" content=\"Escrito por\" \/>\n\t<meta name=\"twitter:data1\" content=\"Baldomero Iglesias Dobarrio, Mero\" \/>\n\t<meta name=\"twitter:label2\" content=\"Tempo de lectura\" \/>\n\t<meta name=\"twitter:data2\" content=\"5 minutos\" \/>\n<script type=\"application\/ld+json\" class=\"yoast-schema-graph\">{\"@context\":\"https:\\\/\\\/schema.org\",\"@graph\":[{\"@type\":\"Article\",\"@id\":\"https:\\\/\\\/www.anovapeneira.gal\\\/index.php\\\/2023\\\/04\\\/24\\\/o-abandono-do-rural\\\/#article\",\"isPartOf\":{\"@id\":\"https:\\\/\\\/www.anovapeneira.gal\\\/index.php\\\/2023\\\/04\\\/24\\\/o-abandono-do-rural\\\/\"},\"author\":{\"name\":\"Baldomero Iglesias Dobarrio, Mero\",\"@id\":\"https:\\\/\\\/www.anovapeneira.gal\\\/#\\\/schema\\\/person\\\/b051ed40cfc100e281476674783b32fc\"},\"headline\":\"O abandono do rural\",\"datePublished\":\"2023-04-24T08:00:01+00:00\",\"mainEntityOfPage\":{\"@id\":\"https:\\\/\\\/www.anovapeneira.gal\\\/index.php\\\/2023\\\/04\\\/24\\\/o-abandono-do-rural\\\/\"},\"wordCount\":892,\"commentCount\":0,\"publisher\":{\"@id\":\"https:\\\/\\\/www.anovapeneira.gal\\\/#organization\"},\"image\":{\"@id\":\"https:\\\/\\\/www.anovapeneira.gal\\\/index.php\\\/2023\\\/04\\\/24\\\/o-abandono-do-rural\\\/#primaryimage\"},\"thumbnailUrl\":\"https:\\\/\\\/www.anovapeneira.gal\\\/wp-content\\\/uploads\\\/2019\\\/07\\\/ARTIGO_DE_OPINION_A_NOVA_PENEIRA.jpg\",\"articleSection\":[\"Artigos de opini\u00f3n\"],\"inLanguage\":\"gl-ES\",\"potentialAction\":[{\"@type\":\"CommentAction\",\"name\":\"Comment\",\"target\":[\"https:\\\/\\\/www.anovapeneira.gal\\\/index.php\\\/2023\\\/04\\\/24\\\/o-abandono-do-rural\\\/#respond\"]}]},{\"@type\":\"WebPage\",\"@id\":\"https:\\\/\\\/www.anovapeneira.gal\\\/index.php\\\/2023\\\/04\\\/24\\\/o-abandono-do-rural\\\/\",\"url\":\"https:\\\/\\\/www.anovapeneira.gal\\\/index.php\\\/2023\\\/04\\\/24\\\/o-abandono-do-rural\\\/\",\"name\":\"O abandono do rural -\",\"isPartOf\":{\"@id\":\"https:\\\/\\\/www.anovapeneira.gal\\\/#website\"},\"primaryImageOfPage\":{\"@id\":\"https:\\\/\\\/www.anovapeneira.gal\\\/index.php\\\/2023\\\/04\\\/24\\\/o-abandono-do-rural\\\/#primaryimage\"},\"image\":{\"@id\":\"https:\\\/\\\/www.anovapeneira.gal\\\/index.php\\\/2023\\\/04\\\/24\\\/o-abandono-do-rural\\\/#primaryimage\"},\"thumbnailUrl\":\"https:\\\/\\\/www.anovapeneira.gal\\\/wp-content\\\/uploads\\\/2019\\\/07\\\/ARTIGO_DE_OPINION_A_NOVA_PENEIRA.jpg\",\"datePublished\":\"2023-04-24T08:00:01+00:00\",\"description\":\"Di un anuncio que se vende unha casa grande na aldea. M\u00e1is adiante que se vende unha aldea, toda enteira.\",\"breadcrumb\":{\"@id\":\"https:\\\/\\\/www.anovapeneira.gal\\\/index.php\\\/2023\\\/04\\\/24\\\/o-abandono-do-rural\\\/#breadcrumb\"},\"inLanguage\":\"gl-ES\",\"potentialAction\":[{\"@type\":\"ReadAction\",\"target\":[\"https:\\\/\\\/www.anovapeneira.gal\\\/index.php\\\/2023\\\/04\\\/24\\\/o-abandono-do-rural\\\/\"]}]},{\"@type\":\"ImageObject\",\"inLanguage\":\"gl-ES\",\"@id\":\"https:\\\/\\\/www.anovapeneira.gal\\\/index.php\\\/2023\\\/04\\\/24\\\/o-abandono-do-rural\\\/#primaryimage\",\"url\":\"https:\\\/\\\/www.anovapeneira.gal\\\/wp-content\\\/uploads\\\/2019\\\/07\\\/ARTIGO_DE_OPINION_A_NOVA_PENEIRA.jpg\",\"contentUrl\":\"https:\\\/\\\/www.anovapeneira.gal\\\/wp-content\\\/uploads\\\/2019\\\/07\\\/ARTIGO_DE_OPINION_A_NOVA_PENEIRA.jpg\",\"width\":720,\"height\":473,\"caption\":\"Artigo de opini\u00f3n A Nova Peneira\"},{\"@type\":\"BreadcrumbList\",\"@id\":\"https:\\\/\\\/www.anovapeneira.gal\\\/index.php\\\/2023\\\/04\\\/24\\\/o-abandono-do-rural\\\/#breadcrumb\",\"itemListElement\":[{\"@type\":\"ListItem\",\"position\":1,\"name\":\"Portada\",\"item\":\"https:\\\/\\\/www.anovapeneira.gal\\\/\"},{\"@type\":\"ListItem\",\"position\":2,\"name\":\"O abandono do rural\"}]},{\"@type\":\"WebSite\",\"@id\":\"https:\\\/\\\/www.anovapeneira.gal\\\/#website\",\"url\":\"https:\\\/\\\/www.anovapeneira.gal\\\/\",\"name\":\"\",\"description\":\"Xornal galego de informaci\u00f3n xeral Publicaci\u00f3n mensual de novas de Galicia e en especial dos Concellos da sur da provincia de Pontevedra.\",\"publisher\":{\"@id\":\"https:\\\/\\\/www.anovapeneira.gal\\\/#organization\"},\"potentialAction\":[{\"@type\":\"SearchAction\",\"target\":{\"@type\":\"EntryPoint\",\"urlTemplate\":\"https:\\\/\\\/www.anovapeneira.gal\\\/?s={search_term_string}\"},\"query-input\":{\"@type\":\"PropertyValueSpecification\",\"valueRequired\":true,\"valueName\":\"search_term_string\"}}],\"inLanguage\":\"gl-ES\"},{\"@type\":\"Organization\",\"@id\":\"https:\\\/\\\/www.anovapeneira.gal\\\/#organization\",\"name\":\"A Nova Peneira\",\"url\":\"https:\\\/\\\/www.anovapeneira.gal\\\/\",\"logo\":{\"@type\":\"ImageObject\",\"inLanguage\":\"gl-ES\",\"@id\":\"https:\\\/\\\/www.anovapeneira.gal\\\/#\\\/schema\\\/logo\\\/image\\\/\",\"url\":\"http:\\\/\\\/www.anovapeneira.gal\\\/wp-content\\\/uploads\\\/2019\\\/06\\\/logo_a_nova_peneira_portal_web.png\",\"contentUrl\":\"http:\\\/\\\/www.anovapeneira.gal\\\/wp-content\\\/uploads\\\/2019\\\/06\\\/logo_a_nova_peneira_portal_web.png\",\"width\":300,\"height\":100,\"caption\":\"A Nova Peneira\"},\"image\":{\"@id\":\"https:\\\/\\\/www.anovapeneira.gal\\\/#\\\/schema\\\/logo\\\/image\\\/\"},\"sameAs\":[\"https:\\\/\\\/www.facebook.com\\\/anovapeneira\",\"https:\\\/\\\/x.com\\\/APeneira\"]},{\"@type\":\"Person\",\"@id\":\"https:\\\/\\\/www.anovapeneira.gal\\\/#\\\/schema\\\/person\\\/b051ed40cfc100e281476674783b32fc\",\"name\":\"Baldomero Iglesias Dobarrio, Mero\",\"image\":{\"@type\":\"ImageObject\",\"inLanguage\":\"gl-ES\",\"@id\":\"https:\\\/\\\/secure.gravatar.com\\\/avatar\\\/ca78fc089f8cf28197f88de2c9ac213e2f7d2097d8e359d9359b8778b539c59d?s=96&d=mm&r=g\",\"url\":\"https:\\\/\\\/secure.gravatar.com\\\/avatar\\\/ca78fc089f8cf28197f88de2c9ac213e2f7d2097d8e359d9359b8778b539c59d?s=96&d=mm&r=g\",\"contentUrl\":\"https:\\\/\\\/secure.gravatar.com\\\/avatar\\\/ca78fc089f8cf28197f88de2c9ac213e2f7d2097d8e359d9359b8778b539c59d?s=96&d=mm&r=g\",\"caption\":\"Baldomero Iglesias Dobarrio, Mero\"},\"sameAs\":[\"http:\\\/\\\/anovapeneira.gal\"],\"url\":\"https:\\\/\\\/www.anovapeneira.gal\\\/index.php\\\/author\\\/opinionmero\\\/\"}]}<\/script>\n<!-- \/ Yoast SEO plugin. -->","yoast_head_json":{"title":"O abandono do rural -","description":"Di un anuncio que se vende unha casa grande na aldea. M\u00e1is adiante que se vende unha aldea, toda enteira.","robots":{"index":"index","follow":"follow","max-snippet":"max-snippet:-1","max-image-preview":"max-image-preview:large","max-video-preview":"max-video-preview:-1"},"canonical":"https:\/\/www.anovapeneira.gal\/index.php\/2023\/04\/24\/o-abandono-do-rural\/","og_locale":"gl_ES","og_type":"article","og_title":"O abandono do rural -","og_description":"Di un anuncio que se vende unha casa grande na aldea. M\u00e1is adiante que se vende unha aldea, toda enteira.","og_url":"https:\/\/www.anovapeneira.gal\/index.php\/2023\/04\/24\/o-abandono-do-rural\/","article_publisher":"https:\/\/www.facebook.com\/anovapeneira","article_published_time":"2023-04-24T08:00:01+00:00","og_image":[{"width":720,"height":473,"url":"https:\/\/www.anovapeneira.gal\/wp-content\/uploads\/2019\/07\/ARTIGO_DE_OPINION_A_NOVA_PENEIRA.jpg","type":"image\/jpeg"}],"author":"Baldomero Iglesias Dobarrio, Mero","twitter_card":"summary_large_image","twitter_image":"https:\/\/www.anovapeneira.gal\/wp-content\/uploads\/2019\/07\/ARTIGO_DE_OPINION_A_NOVA_PENEIRA.jpg","twitter_creator":"@APeneira","twitter_site":"@APeneira","twitter_misc":{"Escrito por":"Baldomero Iglesias Dobarrio, Mero","Tempo de lectura":"5 minutos"},"schema":{"@context":"https:\/\/schema.org","@graph":[{"@type":"Article","@id":"https:\/\/www.anovapeneira.gal\/index.php\/2023\/04\/24\/o-abandono-do-rural\/#article","isPartOf":{"@id":"https:\/\/www.anovapeneira.gal\/index.php\/2023\/04\/24\/o-abandono-do-rural\/"},"author":{"name":"Baldomero Iglesias Dobarrio, Mero","@id":"https:\/\/www.anovapeneira.gal\/#\/schema\/person\/b051ed40cfc100e281476674783b32fc"},"headline":"O abandono do rural","datePublished":"2023-04-24T08:00:01+00:00","mainEntityOfPage":{"@id":"https:\/\/www.anovapeneira.gal\/index.php\/2023\/04\/24\/o-abandono-do-rural\/"},"wordCount":892,"commentCount":0,"publisher":{"@id":"https:\/\/www.anovapeneira.gal\/#organization"},"image":{"@id":"https:\/\/www.anovapeneira.gal\/index.php\/2023\/04\/24\/o-abandono-do-rural\/#primaryimage"},"thumbnailUrl":"https:\/\/www.anovapeneira.gal\/wp-content\/uploads\/2019\/07\/ARTIGO_DE_OPINION_A_NOVA_PENEIRA.jpg","articleSection":["Artigos de opini\u00f3n"],"inLanguage":"gl-ES","potentialAction":[{"@type":"CommentAction","name":"Comment","target":["https:\/\/www.anovapeneira.gal\/index.php\/2023\/04\/24\/o-abandono-do-rural\/#respond"]}]},{"@type":"WebPage","@id":"https:\/\/www.anovapeneira.gal\/index.php\/2023\/04\/24\/o-abandono-do-rural\/","url":"https:\/\/www.anovapeneira.gal\/index.php\/2023\/04\/24\/o-abandono-do-rural\/","name":"O abandono do rural -","isPartOf":{"@id":"https:\/\/www.anovapeneira.gal\/#website"},"primaryImageOfPage":{"@id":"https:\/\/www.anovapeneira.gal\/index.php\/2023\/04\/24\/o-abandono-do-rural\/#primaryimage"},"image":{"@id":"https:\/\/www.anovapeneira.gal\/index.php\/2023\/04\/24\/o-abandono-do-rural\/#primaryimage"},"thumbnailUrl":"https:\/\/www.anovapeneira.gal\/wp-content\/uploads\/2019\/07\/ARTIGO_DE_OPINION_A_NOVA_PENEIRA.jpg","datePublished":"2023-04-24T08:00:01+00:00","description":"Di un anuncio que se vende unha casa grande na aldea. M\u00e1is adiante que se vende unha aldea, toda enteira.","breadcrumb":{"@id":"https:\/\/www.anovapeneira.gal\/index.php\/2023\/04\/24\/o-abandono-do-rural\/#breadcrumb"},"inLanguage":"gl-ES","potentialAction":[{"@type":"ReadAction","target":["https:\/\/www.anovapeneira.gal\/index.php\/2023\/04\/24\/o-abandono-do-rural\/"]}]},{"@type":"ImageObject","inLanguage":"gl-ES","@id":"https:\/\/www.anovapeneira.gal\/index.php\/2023\/04\/24\/o-abandono-do-rural\/#primaryimage","url":"https:\/\/www.anovapeneira.gal\/wp-content\/uploads\/2019\/07\/ARTIGO_DE_OPINION_A_NOVA_PENEIRA.jpg","contentUrl":"https:\/\/www.anovapeneira.gal\/wp-content\/uploads\/2019\/07\/ARTIGO_DE_OPINION_A_NOVA_PENEIRA.jpg","width":720,"height":473,"caption":"Artigo de opini\u00f3n A Nova Peneira"},{"@type":"BreadcrumbList","@id":"https:\/\/www.anovapeneira.gal\/index.php\/2023\/04\/24\/o-abandono-do-rural\/#breadcrumb","itemListElement":[{"@type":"ListItem","position":1,"name":"Portada","item":"https:\/\/www.anovapeneira.gal\/"},{"@type":"ListItem","position":2,"name":"O abandono do rural"}]},{"@type":"WebSite","@id":"https:\/\/www.anovapeneira.gal\/#website","url":"https:\/\/www.anovapeneira.gal\/","name":"","description":"Xornal galego de informaci\u00f3n xeral Publicaci\u00f3n mensual de novas de Galicia e en especial dos Concellos da sur da provincia de Pontevedra.","publisher":{"@id":"https:\/\/www.anovapeneira.gal\/#organization"},"potentialAction":[{"@type":"SearchAction","target":{"@type":"EntryPoint","urlTemplate":"https:\/\/www.anovapeneira.gal\/?s={search_term_string}"},"query-input":{"@type":"PropertyValueSpecification","valueRequired":true,"valueName":"search_term_string"}}],"inLanguage":"gl-ES"},{"@type":"Organization","@id":"https:\/\/www.anovapeneira.gal\/#organization","name":"A Nova Peneira","url":"https:\/\/www.anovapeneira.gal\/","logo":{"@type":"ImageObject","inLanguage":"gl-ES","@id":"https:\/\/www.anovapeneira.gal\/#\/schema\/logo\/image\/","url":"http:\/\/www.anovapeneira.gal\/wp-content\/uploads\/2019\/06\/logo_a_nova_peneira_portal_web.png","contentUrl":"http:\/\/www.anovapeneira.gal\/wp-content\/uploads\/2019\/06\/logo_a_nova_peneira_portal_web.png","width":300,"height":100,"caption":"A Nova Peneira"},"image":{"@id":"https:\/\/www.anovapeneira.gal\/#\/schema\/logo\/image\/"},"sameAs":["https:\/\/www.facebook.com\/anovapeneira","https:\/\/x.com\/APeneira"]},{"@type":"Person","@id":"https:\/\/www.anovapeneira.gal\/#\/schema\/person\/b051ed40cfc100e281476674783b32fc","name":"Baldomero Iglesias Dobarrio, Mero","image":{"@type":"ImageObject","inLanguage":"gl-ES","@id":"https:\/\/secure.gravatar.com\/avatar\/ca78fc089f8cf28197f88de2c9ac213e2f7d2097d8e359d9359b8778b539c59d?s=96&d=mm&r=g","url":"https:\/\/secure.gravatar.com\/avatar\/ca78fc089f8cf28197f88de2c9ac213e2f7d2097d8e359d9359b8778b539c59d?s=96&d=mm&r=g","contentUrl":"https:\/\/secure.gravatar.com\/avatar\/ca78fc089f8cf28197f88de2c9ac213e2f7d2097d8e359d9359b8778b539c59d?s=96&d=mm&r=g","caption":"Baldomero Iglesias Dobarrio, Mero"},"sameAs":["http:\/\/anovapeneira.gal"],"url":"https:\/\/www.anovapeneira.gal\/index.php\/author\/opinionmero\/"}]}},"jetpack_featured_media_url":"https:\/\/www.anovapeneira.gal\/wp-content\/uploads\/2019\/07\/ARTIGO_DE_OPINION_A_NOVA_PENEIRA.jpg","_links":{"self":[{"href":"https:\/\/www.anovapeneira.gal\/index.php\/wp-json\/wp\/v2\/posts\/9492","targetHints":{"allow":["GET"]}}],"collection":[{"href":"https:\/\/www.anovapeneira.gal\/index.php\/wp-json\/wp\/v2\/posts"}],"about":[{"href":"https:\/\/www.anovapeneira.gal\/index.php\/wp-json\/wp\/v2\/types\/post"}],"author":[{"embeddable":true,"href":"https:\/\/www.anovapeneira.gal\/index.php\/wp-json\/wp\/v2\/users\/5"}],"replies":[{"embeddable":true,"href":"https:\/\/www.anovapeneira.gal\/index.php\/wp-json\/wp\/v2\/comments?post=9492"}],"version-history":[{"count":1,"href":"https:\/\/www.anovapeneira.gal\/index.php\/wp-json\/wp\/v2\/posts\/9492\/revisions"}],"predecessor-version":[{"id":9493,"href":"https:\/\/www.anovapeneira.gal\/index.php\/wp-json\/wp\/v2\/posts\/9492\/revisions\/9493"}],"wp:featuredmedia":[{"embeddable":true,"href":"https:\/\/www.anovapeneira.gal\/index.php\/wp-json\/wp\/v2\/media\/584"}],"wp:attachment":[{"href":"https:\/\/www.anovapeneira.gal\/index.php\/wp-json\/wp\/v2\/media?parent=9492"}],"wp:term":[{"taxonomy":"category","embeddable":true,"href":"https:\/\/www.anovapeneira.gal\/index.php\/wp-json\/wp\/v2\/categories?post=9492"},{"taxonomy":"post_tag","embeddable":true,"href":"https:\/\/www.anovapeneira.gal\/index.php\/wp-json\/wp\/v2\/tags?post=9492"}],"curies":[{"name":"wp","href":"https:\/\/api.w.org\/{rel}","templated":true}]}}