{"id":9497,"date":"2023-04-24T12:00:26","date_gmt":"2023-04-24T10:00:26","guid":{"rendered":"https:\/\/www.anovapeneira.gal\/?p=9497"},"modified":"2023-04-20T09:52:20","modified_gmt":"2023-04-20T07:52:20","slug":"cousas-de-salvaterra-6","status":"publish","type":"post","link":"https:\/\/www.anovapeneira.gal\/index.php\/2023\/04\/24\/cousas-de-salvaterra-6\/","title":{"rendered":"COUSAS DE SALVATERRA"},"content":{"rendered":"\n<figure class=\"wp-block-image size-full is-resized\"><img loading=\"lazy\" decoding=\"async\" src=\"https:\/\/www.anovapeneira.gal\/wp-content\/uploads\/2022\/08\/opinion_anton_saque.jpg\" alt=\"Ant\u00f3n Lourenzo, veci\u00f1o da Vila\" class=\"wp-image-8006\" width=\"95\" height=\"115\"\/><figcaption class=\"wp-element-caption\">Ant\u00f3n Lourenzo, veci\u00f1o da Vila<\/figcaption><\/figure>\n\n\n\n<p>No mes de febreiro pasado, falaba eu de non ter constancia real da presenza da Rai\u00f1a Dona Urraca no Castelo de Salvaterra. Unha amable lectora f\u00edxome o apuntamento de que si ben existiron duas Urracas que acadaron o rango de rai\u00f1as, Urraca de Zamora (1033 \u2013 1101) e Dona Urraca I de Le\u00f3n, alcumada \u201cA Temeraria\u201d (1081 \u2013 1126), esta \u00faltima ser\u00eda a que deixara pegada na poboaci\u00f3n de Salvaterra. Consultado un libro especializado, \u201cRex et Regina Urraca, Afonso Raim\u00fandez e a monarqu\u00eda galega\u201d, do historiador Xos\u00e9 Antonio L\u00f3pez Teixeira, editorial Toxosoutos, XIII premio historia medieval de Galiza e Portugal 2013 (absolutamente recomendable a lectura) certo \u00e9 que nel aparecen frecuentes loitas e desencontros entre Dona Urraca e a s\u00faa medio irm\u00e1 Tareixa do condado portucalense o longo do val do Mi\u00f1o, pero en ning\u00fan momento aparece Salvaterra expresamente citada. S\u00ed que nun documento atopado na rede p\u00f3dese ler \u201cs\u00faa estancia no castelo de Salvaterra \u00e9 intermitente o longo dos seus anos como soberana da Galiza\u201d, pero non cita as fontes, xa que logo fica no campo das conxeturas. Polo que a min respeita, seguirei investigando este intersant\u00edsimo particular.<\/p>\n\n\n\n<p>CONSOLIDACI\u00d3N DA PRAZA DE SALVATERRA.<\/p>\n\n\n\n<p>O Xeneral en xefe das tropas galegas o ver que non pod\u00eda conseguir a empresa de recuperar Salvaterra, mandou levantar un reduto no lugar da Salgosa, media legua da praza de Salvaterra para a parte de levante xunto o r\u00edo Mi\u00f1o, direcci\u00f3n a Li\u00f1ares, actual concello das Neves.<\/p>\n\n\n\n<p>O Conde de Castel-Melhor, vendo o perigo desta veci\u00f1anza, ordenou o mestre de campo Diogo de Melo que marchara con dous mil infantes a atacar ese reducto. Saiu de salvaterra e dispondo con boa disciplina a xente que levaba, chegou \u00f3 reduto, do que era cabo o mestre de campo Belchior de Ulhoa, con as mellores compa\u00f1\u00edas do seu tercio. En canto divisaron os soldados portugueses, fixo sair tres compa\u00f1\u00edas que se emboscaron nun vale coberto e seguro. Deron algunhas cargas con pouco efeito e retir\u00e1ronse para o reducto. O tempo xa os portugueses avanzaban por todas partes, tan animosamente atacaron que entraron nel a pesar da forte resistencia. Salvouse o mestre de campo e ficaron prisioneiros dous capit\u00e1ns e parte dos soldados. Desmantelouse o reducto e de seguido, mandou Diogo de Melo adentrarse pola Galiza, saqueando e queimando seis lugares de moita abundancia, ricos. Xa na retirada, localizaron catrocentos soldados a cabalo dos galegos pero lograron esquivalos grazas a guarnecerse nalg\u00fans valados que lle aseguraron a retirada deica Salvaterra.<\/p>\n\n\n\n<p>Foi neste tempo que entrou a gobernar as armas da Galiza o Marqu\u00e9s de T\u00e1vora, portugu\u00e9s, aliviando deste peso o Cardeal Sp\u00ednola do cal desexaba verse libre, sobre todo polas desgrazas sucedidas, especialmente a perda de Salvaterra.<\/p>\n\n\n\n<p>Percorrendo a fronteira o Marqu\u00e9s de T\u00e1vora, flamante novo Capit\u00e1n Xeral da Galiza, chegando o reducto da Fillaboa, tivo noticia que d\u00faas compa\u00f1\u00edas de infanter\u00eda portuguesas atacaran a alg\u00fans paisanos que cortaban le\u00f1a. Eran \u00e1s dos capit\u00e1ns Antonio de Queir\u00f3s e Antonio Ferreira. T\u00e1vora mandoulles reforzos con m\u00e1is compa\u00f1\u00edas e despois de longa contenda obrig\u00e1ronos a se iren retirando at\u00e9 as trincheiras de Salvaterra. O Conde Castel Melhor tam\u00e9n aumentou os reforzos, pelexaron por longo espazo caindo de ambas partes muitos mortos e feridos. Finalmente acabaron por retirarse os galegos, seguidos polos portugueses at\u00e9 o reduto da Fillaboa, a noite parou a contenda.<\/p>\n\n\n\n<p>Mentras tanto, de inmediato a toma de Salvaterra hab\u00eda que sustentar dita praza pola importancia militar estrat\u00e9xica que ti\u00f1a. Hab\u00eda que afortalar as defensas, as murallas e atalaias, precis\u00e1banse todo tipo de bastimentos e para elo era fundamental a fabricaci\u00f3n dunha ponte sobre o Mi\u00f1o que permitira o fornecemento. Notoria \u00e9 a nobleza do r\u00edo Mi\u00f1o, non s\u00f3 pola abundancia de peixes sen\u00f3n tam\u00e9n pola abundancia das augas, tal \u00e9 a sua mexestuosidade que parecera imposible atravesalo doadamente, pero era absolutamente necesaria a construcci\u00f3n da ponte. Esta ponte hab\u00eda de ser a porta por onde entrara o socorro a praza de Salvaterra e Castel Melhor resolveu po\u00f1er mans o asunto, para elo mandou vir dende Viana carpinteiros e homes do mar, con todos os aprestos precisos para fabricar barcos, maromas, ferraxes e todo o que convi\u00f1a. Construiuse en seis d\u00edas con toda a perfecci\u00f3n, de modo que poideron atravesar o Mi\u00f1o incluso as cabalgaduras e os carros. Para a afortalar esta ponte mandou o Conde facer unha estacada en forma cadrada na banda de Portugal e duas na banda da Galiza, a modo de peirao, permitindo con elo reforzar a estructura e poder amorear os bastimentos.<\/p>\n\n\n\n<p>O Marqu\u00e9s de T\u00e1vora tratou con gran cuidado de reforzar as guarnici\u00f3ns e de pedir novos socorros, entre tanto foi pasando o tempo e chegou o fin de decembro do ano 1643, parouse a guerra sen mostrar rostro contrario \u00e1 fortuna do Conde de Castel-Melhor.<\/p>\n\n\n\n<p>Salvaterra, abril do 2023<\/p>\n\n\n\n<p>Fontes:<\/p>\n\n\n\n<pre class=\"wp-block-verse\">Historia do Portugal Restaurado. Biblioteca Penzol, Vigo.<\/pre>\n\n\n\n<pre class=\"wp-block-verse\">Jo\u00e3o Salgado de Araujo, Abade de Pera. Biblioteca Nnal. Lisboa.<\/pre>\n","protected":false},"excerpt":{"rendered":"<div class=\"mh-excerpt\"><p>No mes de febreiro pasado, falaba eu de non ter constancia real da presenza da Rai\u00f1a Dona Urraca no Castelo de Salvaterra. Unha amable lectora f\u00edxome o apuntamento de que si ben existiron duas Urracas que acadaron o rango de rai\u00f1as, Urraca de Zamora (1033 \u2013 1101) e Dona Urraca I de Le\u00f3n, alcumada \u201cA Temeraria\u201d (1081 \u2013 1126), esta \u00faltima ser\u00eda a que deixara pegada na poboaci\u00f3n de Salvaterra <a class=\"mh-excerpt-more\" href=\"https:\/\/www.anovapeneira.gal\/index.php\/2023\/04\/24\/cousas-de-salvaterra-6\/\" title=\"COUSAS DE SALVATERRA\">[&#8230;]<\/a><\/p>\n<\/div>","protected":false},"author":34,"featured_media":9499,"comment_status":"open","ping_status":"open","sticky":false,"template":"","format":"standard","meta":{"_exactmetrics_skip_tracking":false,"_exactmetrics_sitenote_active":false,"_exactmetrics_sitenote_note":"","_exactmetrics_sitenote_category":0,"footnotes":""},"categories":[7],"tags":[186],"class_list":{"0":"post-9497","1":"post","2":"type-post","3":"status-publish","4":"format-standard","5":"has-post-thumbnail","7":"category-artigos-de-opinion","8":"tag-concello-de-salvaterra-do-mino"},"yoast_head":"<!-- This site is optimized with the Yoast SEO plugin v27.4 - https:\/\/yoast.com\/product\/yoast-seo-wordpress\/ -->\n<title>COUSAS DE SALVATERRA -<\/title>\n<meta name=\"robots\" content=\"index, follow, max-snippet:-1, max-image-preview:large, max-video-preview:-1\" \/>\n<link rel=\"canonical\" href=\"https:\/\/www.anovapeneira.gal\/index.php\/2023\/04\/24\/cousas-de-salvaterra-6\/\" \/>\n<meta property=\"og:locale\" content=\"gl_ES\" \/>\n<meta property=\"og:type\" content=\"article\" \/>\n<meta property=\"og:title\" content=\"COUSAS DE SALVATERRA -\" \/>\n<meta property=\"og:description\" content=\"No mes de febreiro pasado, falaba eu de non ter constancia real da presenza da Rai\u00f1a Dona Urraca no Castelo de Salvaterra. Unha amable lectora f\u00edxome o apuntamento de que si ben existiron duas Urracas que acadaron o rango de rai\u00f1as, Urraca de Zamora (1033 \u2013 1101) e Dona Urraca I de Le\u00f3n, alcumada \u201cA Temeraria\u201d (1081 \u2013 1126), esta \u00faltima ser\u00eda a que deixara pegada na poboaci\u00f3n de Salvaterra [...]\" \/>\n<meta property=\"og:url\" content=\"https:\/\/www.anovapeneira.gal\/index.php\/2023\/04\/24\/cousas-de-salvaterra-6\/\" \/>\n<meta property=\"article:publisher\" content=\"https:\/\/www.facebook.com\/anovapeneira\" \/>\n<meta property=\"article:published_time\" content=\"2023-04-24T10:00:26+00:00\" \/>\n<meta property=\"og:image\" content=\"https:\/\/www.anovapeneira.gal\/wp-content\/uploads\/2023\/04\/Joao_Rodrigues_vasconcelos.jpg\" \/>\n\t<meta property=\"og:image:width\" content=\"720\" \/>\n\t<meta property=\"og:image:height\" content=\"432\" \/>\n\t<meta property=\"og:image:type\" content=\"image\/jpeg\" \/>\n<meta name=\"author\" content=\"Ant\u00f3n Lorenzo Gonz\u00e1lez\" \/>\n<meta name=\"twitter:card\" content=\"summary_large_image\" \/>\n<meta name=\"twitter:image\" content=\"https:\/\/www.anovapeneira.gal\/wp-content\/uploads\/2023\/04\/Joao_Rodrigues_vasconcelos.jpg\" \/>\n<meta name=\"twitter:creator\" content=\"@APeneira\" \/>\n<meta name=\"twitter:site\" content=\"@APeneira\" \/>\n<meta name=\"twitter:label1\" content=\"Escrito por\" \/>\n\t<meta name=\"twitter:data1\" content=\"Ant\u00f3n Lorenzo Gonz\u00e1lez\" \/>\n\t<meta name=\"twitter:label2\" content=\"Tempo de lectura\" \/>\n\t<meta name=\"twitter:data2\" content=\"5 minutos\" \/>\n<script type=\"application\/ld+json\" class=\"yoast-schema-graph\">{\"@context\":\"https:\\\/\\\/schema.org\",\"@graph\":[{\"@type\":\"Article\",\"@id\":\"https:\\\/\\\/www.anovapeneira.gal\\\/index.php\\\/2023\\\/04\\\/24\\\/cousas-de-salvaterra-6\\\/#article\",\"isPartOf\":{\"@id\":\"https:\\\/\\\/www.anovapeneira.gal\\\/index.php\\\/2023\\\/04\\\/24\\\/cousas-de-salvaterra-6\\\/\"},\"author\":{\"name\":\"Ant\u00f3n Lorenzo Gonz\u00e1lez\",\"@id\":\"https:\\\/\\\/www.anovapeneira.gal\\\/#\\\/schema\\\/person\\\/1bf91cd240796d05b6522e3d8a6e2d8e\"},\"headline\":\"COUSAS DE SALVATERRA\",\"datePublished\":\"2023-04-24T10:00:26+00:00\",\"mainEntityOfPage\":{\"@id\":\"https:\\\/\\\/www.anovapeneira.gal\\\/index.php\\\/2023\\\/04\\\/24\\\/cousas-de-salvaterra-6\\\/\"},\"wordCount\":860,\"commentCount\":0,\"publisher\":{\"@id\":\"https:\\\/\\\/www.anovapeneira.gal\\\/#organization\"},\"image\":{\"@id\":\"https:\\\/\\\/www.anovapeneira.gal\\\/index.php\\\/2023\\\/04\\\/24\\\/cousas-de-salvaterra-6\\\/#primaryimage\"},\"thumbnailUrl\":\"https:\\\/\\\/www.anovapeneira.gal\\\/wp-content\\\/uploads\\\/2023\\\/04\\\/Joao_Rodrigues_vasconcelos.jpg\",\"keywords\":[\"Concello de Salvaterra do Mi\u00f1o\"],\"articleSection\":[\"Artigos de opini\u00f3n\"],\"inLanguage\":\"gl-ES\",\"potentialAction\":[{\"@type\":\"CommentAction\",\"name\":\"Comment\",\"target\":[\"https:\\\/\\\/www.anovapeneira.gal\\\/index.php\\\/2023\\\/04\\\/24\\\/cousas-de-salvaterra-6\\\/#respond\"]}]},{\"@type\":\"WebPage\",\"@id\":\"https:\\\/\\\/www.anovapeneira.gal\\\/index.php\\\/2023\\\/04\\\/24\\\/cousas-de-salvaterra-6\\\/\",\"url\":\"https:\\\/\\\/www.anovapeneira.gal\\\/index.php\\\/2023\\\/04\\\/24\\\/cousas-de-salvaterra-6\\\/\",\"name\":\"COUSAS DE SALVATERRA -\",\"isPartOf\":{\"@id\":\"https:\\\/\\\/www.anovapeneira.gal\\\/#website\"},\"primaryImageOfPage\":{\"@id\":\"https:\\\/\\\/www.anovapeneira.gal\\\/index.php\\\/2023\\\/04\\\/24\\\/cousas-de-salvaterra-6\\\/#primaryimage\"},\"image\":{\"@id\":\"https:\\\/\\\/www.anovapeneira.gal\\\/index.php\\\/2023\\\/04\\\/24\\\/cousas-de-salvaterra-6\\\/#primaryimage\"},\"thumbnailUrl\":\"https:\\\/\\\/www.anovapeneira.gal\\\/wp-content\\\/uploads\\\/2023\\\/04\\\/Joao_Rodrigues_vasconcelos.jpg\",\"datePublished\":\"2023-04-24T10:00:26+00:00\",\"breadcrumb\":{\"@id\":\"https:\\\/\\\/www.anovapeneira.gal\\\/index.php\\\/2023\\\/04\\\/24\\\/cousas-de-salvaterra-6\\\/#breadcrumb\"},\"inLanguage\":\"gl-ES\",\"potentialAction\":[{\"@type\":\"ReadAction\",\"target\":[\"https:\\\/\\\/www.anovapeneira.gal\\\/index.php\\\/2023\\\/04\\\/24\\\/cousas-de-salvaterra-6\\\/\"]}]},{\"@type\":\"ImageObject\",\"inLanguage\":\"gl-ES\",\"@id\":\"https:\\\/\\\/www.anovapeneira.gal\\\/index.php\\\/2023\\\/04\\\/24\\\/cousas-de-salvaterra-6\\\/#primaryimage\",\"url\":\"https:\\\/\\\/www.anovapeneira.gal\\\/wp-content\\\/uploads\\\/2023\\\/04\\\/Joao_Rodrigues_vasconcelos.jpg\",\"contentUrl\":\"https:\\\/\\\/www.anovapeneira.gal\\\/wp-content\\\/uploads\\\/2023\\\/04\\\/Joao_Rodrigues_vasconcelos.jpg\",\"width\":720,\"height\":432,\"caption\":\"oa\u0303o Rodrigues de Vasconcelos e Sousa, Conde de Castel Melhor. Governador das Armas do Minho\"},{\"@type\":\"BreadcrumbList\",\"@id\":\"https:\\\/\\\/www.anovapeneira.gal\\\/index.php\\\/2023\\\/04\\\/24\\\/cousas-de-salvaterra-6\\\/#breadcrumb\",\"itemListElement\":[{\"@type\":\"ListItem\",\"position\":1,\"name\":\"Portada\",\"item\":\"https:\\\/\\\/www.anovapeneira.gal\\\/\"},{\"@type\":\"ListItem\",\"position\":2,\"name\":\"COUSAS DE SALVATERRA\"}]},{\"@type\":\"WebSite\",\"@id\":\"https:\\\/\\\/www.anovapeneira.gal\\\/#website\",\"url\":\"https:\\\/\\\/www.anovapeneira.gal\\\/\",\"name\":\"\",\"description\":\"Xornal galego de informaci\u00f3n xeral Publicaci\u00f3n mensual de novas de Galicia e en especial dos Concellos da sur da provincia de Pontevedra.\",\"publisher\":{\"@id\":\"https:\\\/\\\/www.anovapeneira.gal\\\/#organization\"},\"potentialAction\":[{\"@type\":\"SearchAction\",\"target\":{\"@type\":\"EntryPoint\",\"urlTemplate\":\"https:\\\/\\\/www.anovapeneira.gal\\\/?s={search_term_string}\"},\"query-input\":{\"@type\":\"PropertyValueSpecification\",\"valueRequired\":true,\"valueName\":\"search_term_string\"}}],\"inLanguage\":\"gl-ES\"},{\"@type\":\"Organization\",\"@id\":\"https:\\\/\\\/www.anovapeneira.gal\\\/#organization\",\"name\":\"A Nova Peneira\",\"url\":\"https:\\\/\\\/www.anovapeneira.gal\\\/\",\"logo\":{\"@type\":\"ImageObject\",\"inLanguage\":\"gl-ES\",\"@id\":\"https:\\\/\\\/www.anovapeneira.gal\\\/#\\\/schema\\\/logo\\\/image\\\/\",\"url\":\"http:\\\/\\\/www.anovapeneira.gal\\\/wp-content\\\/uploads\\\/2019\\\/06\\\/logo_a_nova_peneira_portal_web.png\",\"contentUrl\":\"http:\\\/\\\/www.anovapeneira.gal\\\/wp-content\\\/uploads\\\/2019\\\/06\\\/logo_a_nova_peneira_portal_web.png\",\"width\":300,\"height\":100,\"caption\":\"A Nova Peneira\"},\"image\":{\"@id\":\"https:\\\/\\\/www.anovapeneira.gal\\\/#\\\/schema\\\/logo\\\/image\\\/\"},\"sameAs\":[\"https:\\\/\\\/www.facebook.com\\\/anovapeneira\",\"https:\\\/\\\/x.com\\\/APeneira\"]},{\"@type\":\"Person\",\"@id\":\"https:\\\/\\\/www.anovapeneira.gal\\\/#\\\/schema\\\/person\\\/1bf91cd240796d05b6522e3d8a6e2d8e\",\"name\":\"Ant\u00f3n Lorenzo Gonz\u00e1lez\",\"image\":{\"@type\":\"ImageObject\",\"inLanguage\":\"gl-ES\",\"@id\":\"https:\\\/\\\/secure.gravatar.com\\\/avatar\\\/dcd882e8f4338e07610336943426400d525673506eb37ce59442ba704e5cc971?s=96&d=mm&r=g\",\"url\":\"https:\\\/\\\/secure.gravatar.com\\\/avatar\\\/dcd882e8f4338e07610336943426400d525673506eb37ce59442ba704e5cc971?s=96&d=mm&r=g\",\"contentUrl\":\"https:\\\/\\\/secure.gravatar.com\\\/avatar\\\/dcd882e8f4338e07610336943426400d525673506eb37ce59442ba704e5cc971?s=96&d=mm&r=g\",\"caption\":\"Ant\u00f3n Lorenzo Gonz\u00e1lez\"},\"url\":\"https:\\\/\\\/www.anovapeneira.gal\\\/index.php\\\/author\\\/xaque\\\/\"}]}<\/script>\n<!-- \/ Yoast SEO plugin. -->","yoast_head_json":{"title":"COUSAS DE SALVATERRA -","robots":{"index":"index","follow":"follow","max-snippet":"max-snippet:-1","max-image-preview":"max-image-preview:large","max-video-preview":"max-video-preview:-1"},"canonical":"https:\/\/www.anovapeneira.gal\/index.php\/2023\/04\/24\/cousas-de-salvaterra-6\/","og_locale":"gl_ES","og_type":"article","og_title":"COUSAS DE SALVATERRA -","og_description":"No mes de febreiro pasado, falaba eu de non ter constancia real da presenza da Rai\u00f1a Dona Urraca no Castelo de Salvaterra. Unha amable lectora f\u00edxome o apuntamento de que si ben existiron duas Urracas que acadaron o rango de rai\u00f1as, Urraca de Zamora (1033 \u2013 1101) e Dona Urraca I de Le\u00f3n, alcumada \u201cA Temeraria\u201d (1081 \u2013 1126), esta \u00faltima ser\u00eda a que deixara pegada na poboaci\u00f3n de Salvaterra [...]","og_url":"https:\/\/www.anovapeneira.gal\/index.php\/2023\/04\/24\/cousas-de-salvaterra-6\/","article_publisher":"https:\/\/www.facebook.com\/anovapeneira","article_published_time":"2023-04-24T10:00:26+00:00","og_image":[{"width":720,"height":432,"url":"https:\/\/www.anovapeneira.gal\/wp-content\/uploads\/2023\/04\/Joao_Rodrigues_vasconcelos.jpg","type":"image\/jpeg"}],"author":"Ant\u00f3n Lorenzo Gonz\u00e1lez","twitter_card":"summary_large_image","twitter_image":"https:\/\/www.anovapeneira.gal\/wp-content\/uploads\/2023\/04\/Joao_Rodrigues_vasconcelos.jpg","twitter_creator":"@APeneira","twitter_site":"@APeneira","twitter_misc":{"Escrito por":"Ant\u00f3n Lorenzo Gonz\u00e1lez","Tempo de lectura":"5 minutos"},"schema":{"@context":"https:\/\/schema.org","@graph":[{"@type":"Article","@id":"https:\/\/www.anovapeneira.gal\/index.php\/2023\/04\/24\/cousas-de-salvaterra-6\/#article","isPartOf":{"@id":"https:\/\/www.anovapeneira.gal\/index.php\/2023\/04\/24\/cousas-de-salvaterra-6\/"},"author":{"name":"Ant\u00f3n Lorenzo Gonz\u00e1lez","@id":"https:\/\/www.anovapeneira.gal\/#\/schema\/person\/1bf91cd240796d05b6522e3d8a6e2d8e"},"headline":"COUSAS DE SALVATERRA","datePublished":"2023-04-24T10:00:26+00:00","mainEntityOfPage":{"@id":"https:\/\/www.anovapeneira.gal\/index.php\/2023\/04\/24\/cousas-de-salvaterra-6\/"},"wordCount":860,"commentCount":0,"publisher":{"@id":"https:\/\/www.anovapeneira.gal\/#organization"},"image":{"@id":"https:\/\/www.anovapeneira.gal\/index.php\/2023\/04\/24\/cousas-de-salvaterra-6\/#primaryimage"},"thumbnailUrl":"https:\/\/www.anovapeneira.gal\/wp-content\/uploads\/2023\/04\/Joao_Rodrigues_vasconcelos.jpg","keywords":["Concello de Salvaterra do Mi\u00f1o"],"articleSection":["Artigos de opini\u00f3n"],"inLanguage":"gl-ES","potentialAction":[{"@type":"CommentAction","name":"Comment","target":["https:\/\/www.anovapeneira.gal\/index.php\/2023\/04\/24\/cousas-de-salvaterra-6\/#respond"]}]},{"@type":"WebPage","@id":"https:\/\/www.anovapeneira.gal\/index.php\/2023\/04\/24\/cousas-de-salvaterra-6\/","url":"https:\/\/www.anovapeneira.gal\/index.php\/2023\/04\/24\/cousas-de-salvaterra-6\/","name":"COUSAS DE SALVATERRA -","isPartOf":{"@id":"https:\/\/www.anovapeneira.gal\/#website"},"primaryImageOfPage":{"@id":"https:\/\/www.anovapeneira.gal\/index.php\/2023\/04\/24\/cousas-de-salvaterra-6\/#primaryimage"},"image":{"@id":"https:\/\/www.anovapeneira.gal\/index.php\/2023\/04\/24\/cousas-de-salvaterra-6\/#primaryimage"},"thumbnailUrl":"https:\/\/www.anovapeneira.gal\/wp-content\/uploads\/2023\/04\/Joao_Rodrigues_vasconcelos.jpg","datePublished":"2023-04-24T10:00:26+00:00","breadcrumb":{"@id":"https:\/\/www.anovapeneira.gal\/index.php\/2023\/04\/24\/cousas-de-salvaterra-6\/#breadcrumb"},"inLanguage":"gl-ES","potentialAction":[{"@type":"ReadAction","target":["https:\/\/www.anovapeneira.gal\/index.php\/2023\/04\/24\/cousas-de-salvaterra-6\/"]}]},{"@type":"ImageObject","inLanguage":"gl-ES","@id":"https:\/\/www.anovapeneira.gal\/index.php\/2023\/04\/24\/cousas-de-salvaterra-6\/#primaryimage","url":"https:\/\/www.anovapeneira.gal\/wp-content\/uploads\/2023\/04\/Joao_Rodrigues_vasconcelos.jpg","contentUrl":"https:\/\/www.anovapeneira.gal\/wp-content\/uploads\/2023\/04\/Joao_Rodrigues_vasconcelos.jpg","width":720,"height":432,"caption":"oa\u0303o Rodrigues de Vasconcelos e Sousa, Conde de Castel Melhor. Governador das Armas do Minho"},{"@type":"BreadcrumbList","@id":"https:\/\/www.anovapeneira.gal\/index.php\/2023\/04\/24\/cousas-de-salvaterra-6\/#breadcrumb","itemListElement":[{"@type":"ListItem","position":1,"name":"Portada","item":"https:\/\/www.anovapeneira.gal\/"},{"@type":"ListItem","position":2,"name":"COUSAS DE SALVATERRA"}]},{"@type":"WebSite","@id":"https:\/\/www.anovapeneira.gal\/#website","url":"https:\/\/www.anovapeneira.gal\/","name":"","description":"Xornal galego de informaci\u00f3n xeral Publicaci\u00f3n mensual de novas de Galicia e en especial dos Concellos da sur da provincia de Pontevedra.","publisher":{"@id":"https:\/\/www.anovapeneira.gal\/#organization"},"potentialAction":[{"@type":"SearchAction","target":{"@type":"EntryPoint","urlTemplate":"https:\/\/www.anovapeneira.gal\/?s={search_term_string}"},"query-input":{"@type":"PropertyValueSpecification","valueRequired":true,"valueName":"search_term_string"}}],"inLanguage":"gl-ES"},{"@type":"Organization","@id":"https:\/\/www.anovapeneira.gal\/#organization","name":"A Nova Peneira","url":"https:\/\/www.anovapeneira.gal\/","logo":{"@type":"ImageObject","inLanguage":"gl-ES","@id":"https:\/\/www.anovapeneira.gal\/#\/schema\/logo\/image\/","url":"http:\/\/www.anovapeneira.gal\/wp-content\/uploads\/2019\/06\/logo_a_nova_peneira_portal_web.png","contentUrl":"http:\/\/www.anovapeneira.gal\/wp-content\/uploads\/2019\/06\/logo_a_nova_peneira_portal_web.png","width":300,"height":100,"caption":"A Nova Peneira"},"image":{"@id":"https:\/\/www.anovapeneira.gal\/#\/schema\/logo\/image\/"},"sameAs":["https:\/\/www.facebook.com\/anovapeneira","https:\/\/x.com\/APeneira"]},{"@type":"Person","@id":"https:\/\/www.anovapeneira.gal\/#\/schema\/person\/1bf91cd240796d05b6522e3d8a6e2d8e","name":"Ant\u00f3n Lorenzo Gonz\u00e1lez","image":{"@type":"ImageObject","inLanguage":"gl-ES","@id":"https:\/\/secure.gravatar.com\/avatar\/dcd882e8f4338e07610336943426400d525673506eb37ce59442ba704e5cc971?s=96&d=mm&r=g","url":"https:\/\/secure.gravatar.com\/avatar\/dcd882e8f4338e07610336943426400d525673506eb37ce59442ba704e5cc971?s=96&d=mm&r=g","contentUrl":"https:\/\/secure.gravatar.com\/avatar\/dcd882e8f4338e07610336943426400d525673506eb37ce59442ba704e5cc971?s=96&d=mm&r=g","caption":"Ant\u00f3n Lorenzo Gonz\u00e1lez"},"url":"https:\/\/www.anovapeneira.gal\/index.php\/author\/xaque\/"}]}},"jetpack_featured_media_url":"https:\/\/www.anovapeneira.gal\/wp-content\/uploads\/2023\/04\/Joao_Rodrigues_vasconcelos.jpg","_links":{"self":[{"href":"https:\/\/www.anovapeneira.gal\/index.php\/wp-json\/wp\/v2\/posts\/9497","targetHints":{"allow":["GET"]}}],"collection":[{"href":"https:\/\/www.anovapeneira.gal\/index.php\/wp-json\/wp\/v2\/posts"}],"about":[{"href":"https:\/\/www.anovapeneira.gal\/index.php\/wp-json\/wp\/v2\/types\/post"}],"author":[{"embeddable":true,"href":"https:\/\/www.anovapeneira.gal\/index.php\/wp-json\/wp\/v2\/users\/34"}],"replies":[{"embeddable":true,"href":"https:\/\/www.anovapeneira.gal\/index.php\/wp-json\/wp\/v2\/comments?post=9497"}],"version-history":[{"count":1,"href":"https:\/\/www.anovapeneira.gal\/index.php\/wp-json\/wp\/v2\/posts\/9497\/revisions"}],"predecessor-version":[{"id":9498,"href":"https:\/\/www.anovapeneira.gal\/index.php\/wp-json\/wp\/v2\/posts\/9497\/revisions\/9498"}],"wp:featuredmedia":[{"embeddable":true,"href":"https:\/\/www.anovapeneira.gal\/index.php\/wp-json\/wp\/v2\/media\/9499"}],"wp:attachment":[{"href":"https:\/\/www.anovapeneira.gal\/index.php\/wp-json\/wp\/v2\/media?parent=9497"}],"wp:term":[{"taxonomy":"category","embeddable":true,"href":"https:\/\/www.anovapeneira.gal\/index.php\/wp-json\/wp\/v2\/categories?post=9497"},{"taxonomy":"post_tag","embeddable":true,"href":"https:\/\/www.anovapeneira.gal\/index.php\/wp-json\/wp\/v2\/tags?post=9497"}],"curies":[{"name":"wp","href":"https:\/\/api.w.org\/{rel}","templated":true}]}}