{"id":9503,"date":"2023-04-26T10:00:27","date_gmt":"2023-04-26T08:00:27","guid":{"rendered":"https:\/\/www.anovapeneira.gal\/?p=9503"},"modified":"2023-04-24T13:43:38","modified_gmt":"2023-04-24T11:43:38","slug":"lucia-santos-candidata-do-bng-a-alcaldia-de-marin-2","status":"publish","type":"post","link":"https:\/\/www.anovapeneira.gal\/index.php\/2023\/04\/26\/lucia-santos-candidata-do-bng-a-alcaldia-de-marin-2\/","title":{"rendered":"Luc\u00eda Santos candidata do BNG \u00e1 alcald\u00eda de Mar\u00edn"},"content":{"rendered":"\n<p><strong>MERECEMOS CALIDADE DE VIDA<\/strong><\/p>\n\n\n\n<p>O BNG desenvolver\u00e1 un modelo de concello para as persoas, cuns espazos p\u00fablicos amables e c\u00f3modos, cuns servizos p\u00fablicos de calidade e cunha importante oferta de lecer e actividades que permitan o maior benestar da veci\u00f1anza e a satisfacci\u00f3n das s\u00faas necesidades.<\/p>\n\n\n\n<p><strong>MERECEMOS UN MAR\u00cdN DIN\u00c1MICO<\/strong><\/p>\n\n\n\n<p>O BNG impulsar\u00e1 e dinamizar\u00e1 a econom\u00eda local e a creaci\u00f3n de emprego con propostas destinadas a favorecer a actividade das empresas e unha aposta decidida polo comercio local, as\u00ed como fomentar\u00e1 a actividade social e cultural para facer de Mar\u00edn un concello vivo.<\/p>\n\n\n\n<p><strong>MERECEMOS CONSERVAR O NOSO PATRIMONIO:<\/strong><\/p>\n\n\n\n<p>O BNG potenciar\u00e1 a posta en valor do noso patrimonio natural e cultural, s\u00edmbolo da nosa identidade e creador de oportunidades. O BNG aproveitar\u00e1 o noso rico patrimonio para promover un turismo sustentable e de calidade ao longo de todo o ano.<\/p>\n\n\n\n<p><strong>MERECEMOS UNHA VILA ABERTA AO MAR<\/strong><\/p>\n\n\n\n<p>O BNG impulsar\u00e1 propostas dirixidas a abrir Mar\u00edn ao mar, mediante a negociaci\u00f3n e a colaboraci\u00f3n co Ministerio de Defensa e a Autoridade Portuaria. Mar\u00edn non pode vivir de costas ao mar, polo que conectar o centro urbano co litoral ser\u00e1 un obxectivo preferente.<\/p>\n\n\n\n<p><strong>MERECEMOS APOSTAR POLA MOCIDADE<\/strong><\/p>\n\n\n\n<p>O BNG situar\u00e1 \u00e1 mocidade como colectivo prioritario da s\u00faa pol\u00edtica, pois a nosa xuventude \u00e9 o presente e o futuro do noso concello. Promover medidas para que a mocidade poida vivir en Mar\u00edn ser\u00e1 un dos piares fundamentais do BNG.<\/p>\n","protected":false},"excerpt":{"rendered":"<div class=\"mh-excerpt\"><p>O BNG desenvolver\u00e1 un modelo de concello para as persoas, cuns espazos p\u00fablicos amables e c\u00f3modos, cuns servizos p\u00fablicos de calidade e cunha importante oferta de lecer e actividades que permitan o maior benestar da veci\u00f1anza e a satisfacci\u00f3n das s\u00faas necesidades <a class=\"mh-excerpt-more\" href=\"https:\/\/www.anovapeneira.gal\/index.php\/2023\/04\/26\/lucia-santos-candidata-do-bng-a-alcaldia-de-marin-2\/\" title=\"Luc\u00eda Santos candidata do BNG \u00e1 alcald\u00eda de Mar\u00edn\">[&#8230;]<\/a><\/p>\n<\/div>","protected":false},"author":42,"featured_media":5635,"comment_status":"open","ping_status":"open","sticky":false,"template":"","format":"standard","meta":{"_exactmetrics_skip_tracking":false,"_exactmetrics_sitenote_active":false,"_exactmetrics_sitenote_note":"","_exactmetrics_sitenote_category":0,"footnotes":""},"categories":[22],"tags":[10,144],"class_list":{"0":"post-9503","1":"post","2":"type-post","3":"status-publish","4":"format-standard","5":"has-post-thumbnail","7":"category-morrazo","8":"tag-bng","9":"tag-concello-de-marin"},"yoast_head":"<!-- This site is optimized with the Yoast SEO plugin v27.4 - https:\/\/yoast.com\/product\/yoast-seo-wordpress\/ -->\n<title>Luc\u00eda Santos candidata do BNG \u00e1 alcald\u00eda de Mar\u00edn -<\/title>\n<meta name=\"description\" content=\"O BNG desenvolver\u00e1 un modelo de concello para as persoas, cuns espazos p\u00fablicos amables e c\u00f3modos, cuns servizos p\u00fablicos de calidade e cunha importante oferta de lecer e actividades que permitan o maior benestar da veci\u00f1anza e a satisfacci\u00f3n das s\u00faas necesidades\" \/>\n<meta name=\"robots\" content=\"index, follow, max-snippet:-1, max-image-preview:large, max-video-preview:-1\" \/>\n<link rel=\"canonical\" href=\"https:\/\/www.anovapeneira.gal\/index.php\/2023\/04\/26\/lucia-santos-candidata-do-bng-a-alcaldia-de-marin-2\/\" \/>\n<meta property=\"og:locale\" content=\"gl_ES\" \/>\n<meta property=\"og:type\" content=\"article\" \/>\n<meta property=\"og:title\" content=\"Luc\u00eda Santos candidata do BNG \u00e1 alcald\u00eda de Mar\u00edn -\" \/>\n<meta property=\"og:description\" content=\"O BNG desenvolver\u00e1 un modelo de concello para as persoas, cuns espazos p\u00fablicos amables e c\u00f3modos, cuns servizos p\u00fablicos de calidade e cunha importante oferta de lecer e actividades que permitan o maior benestar da veci\u00f1anza e a satisfacci\u00f3n das s\u00faas necesidades\" \/>\n<meta property=\"og:url\" content=\"https:\/\/www.anovapeneira.gal\/index.php\/2023\/04\/26\/lucia-santos-candidata-do-bng-a-alcaldia-de-marin-2\/\" \/>\n<meta property=\"article:publisher\" content=\"https:\/\/www.facebook.com\/anovapeneira\" \/>\n<meta property=\"article:published_time\" content=\"2023-04-26T08:00:27+00:00\" \/>\n<meta property=\"og:image\" content=\"https:\/\/www.anovapeneira.gal\/wp-content\/uploads\/2021\/06\/BNG_marin_lucia_santos.jpg\" \/>\n\t<meta property=\"og:image:width\" content=\"720\" \/>\n\t<meta property=\"og:image:height\" content=\"432\" \/>\n\t<meta property=\"og:image:type\" content=\"image\/jpeg\" \/>\n<meta name=\"author\" content=\"Luc\u00eda Santos\" \/>\n<meta name=\"twitter:card\" content=\"summary_large_image\" \/>\n<meta name=\"twitter:creator\" content=\"@APeneira\" \/>\n<meta name=\"twitter:site\" content=\"@APeneira\" \/>\n<meta name=\"twitter:label1\" content=\"Escrito por\" \/>\n\t<meta name=\"twitter:data1\" content=\"Luc\u00eda Santos\" \/>\n\t<meta name=\"twitter:label2\" content=\"Tempo de lectura\" \/>\n\t<meta name=\"twitter:data2\" content=\"2 minutos\" \/>\n<script type=\"application\/ld+json\" class=\"yoast-schema-graph\">{\"@context\":\"https:\\\/\\\/schema.org\",\"@graph\":[{\"@type\":\"Article\",\"@id\":\"https:\\\/\\\/www.anovapeneira.gal\\\/index.php\\\/2023\\\/04\\\/26\\\/lucia-santos-candidata-do-bng-a-alcaldia-de-marin-2\\\/#article\",\"isPartOf\":{\"@id\":\"https:\\\/\\\/www.anovapeneira.gal\\\/index.php\\\/2023\\\/04\\\/26\\\/lucia-santos-candidata-do-bng-a-alcaldia-de-marin-2\\\/\"},\"author\":{\"name\":\"Luc\u00eda Santos\",\"@id\":\"https:\\\/\\\/www.anovapeneira.gal\\\/#\\\/schema\\\/person\\\/acfb2aec0cb752502dfdf32c140bf0ab\"},\"headline\":\"Luc\u00eda Santos candidata do BNG \u00e1 alcald\u00eda de Mar\u00edn\",\"datePublished\":\"2023-04-26T08:00:27+00:00\",\"mainEntityOfPage\":{\"@id\":\"https:\\\/\\\/www.anovapeneira.gal\\\/index.php\\\/2023\\\/04\\\/26\\\/lucia-santos-candidata-do-bng-a-alcaldia-de-marin-2\\\/\"},\"wordCount\":264,\"commentCount\":0,\"publisher\":{\"@id\":\"https:\\\/\\\/www.anovapeneira.gal\\\/#organization\"},\"image\":{\"@id\":\"https:\\\/\\\/www.anovapeneira.gal\\\/index.php\\\/2023\\\/04\\\/26\\\/lucia-santos-candidata-do-bng-a-alcaldia-de-marin-2\\\/#primaryimage\"},\"thumbnailUrl\":\"https:\\\/\\\/www.anovapeneira.gal\\\/wp-content\\\/uploads\\\/2021\\\/06\\\/BNG_marin_lucia_santos.jpg\",\"keywords\":[\"BNG\",\"Concello de Mar\u00edn\"],\"articleSection\":[\"Morrazo\"],\"inLanguage\":\"gl-ES\",\"potentialAction\":[{\"@type\":\"CommentAction\",\"name\":\"Comment\",\"target\":[\"https:\\\/\\\/www.anovapeneira.gal\\\/index.php\\\/2023\\\/04\\\/26\\\/lucia-santos-candidata-do-bng-a-alcaldia-de-marin-2\\\/#respond\"]}]},{\"@type\":\"WebPage\",\"@id\":\"https:\\\/\\\/www.anovapeneira.gal\\\/index.php\\\/2023\\\/04\\\/26\\\/lucia-santos-candidata-do-bng-a-alcaldia-de-marin-2\\\/\",\"url\":\"https:\\\/\\\/www.anovapeneira.gal\\\/index.php\\\/2023\\\/04\\\/26\\\/lucia-santos-candidata-do-bng-a-alcaldia-de-marin-2\\\/\",\"name\":\"Luc\u00eda Santos candidata do BNG \u00e1 alcald\u00eda de Mar\u00edn -\",\"isPartOf\":{\"@id\":\"https:\\\/\\\/www.anovapeneira.gal\\\/#website\"},\"primaryImageOfPage\":{\"@id\":\"https:\\\/\\\/www.anovapeneira.gal\\\/index.php\\\/2023\\\/04\\\/26\\\/lucia-santos-candidata-do-bng-a-alcaldia-de-marin-2\\\/#primaryimage\"},\"image\":{\"@id\":\"https:\\\/\\\/www.anovapeneira.gal\\\/index.php\\\/2023\\\/04\\\/26\\\/lucia-santos-candidata-do-bng-a-alcaldia-de-marin-2\\\/#primaryimage\"},\"thumbnailUrl\":\"https:\\\/\\\/www.anovapeneira.gal\\\/wp-content\\\/uploads\\\/2021\\\/06\\\/BNG_marin_lucia_santos.jpg\",\"datePublished\":\"2023-04-26T08:00:27+00:00\",\"description\":\"O BNG desenvolver\u00e1 un modelo de concello para as persoas, cuns espazos p\u00fablicos amables e c\u00f3modos, cuns servizos p\u00fablicos de calidade e cunha importante oferta de lecer e actividades que permitan o maior benestar da veci\u00f1anza e a satisfacci\u00f3n das s\u00faas necesidades\",\"breadcrumb\":{\"@id\":\"https:\\\/\\\/www.anovapeneira.gal\\\/index.php\\\/2023\\\/04\\\/26\\\/lucia-santos-candidata-do-bng-a-alcaldia-de-marin-2\\\/#breadcrumb\"},\"inLanguage\":\"gl-ES\",\"potentialAction\":[{\"@type\":\"ReadAction\",\"target\":[\"https:\\\/\\\/www.anovapeneira.gal\\\/index.php\\\/2023\\\/04\\\/26\\\/lucia-santos-candidata-do-bng-a-alcaldia-de-marin-2\\\/\"]}]},{\"@type\":\"ImageObject\",\"inLanguage\":\"gl-ES\",\"@id\":\"https:\\\/\\\/www.anovapeneira.gal\\\/index.php\\\/2023\\\/04\\\/26\\\/lucia-santos-candidata-do-bng-a-alcaldia-de-marin-2\\\/#primaryimage\",\"url\":\"https:\\\/\\\/www.anovapeneira.gal\\\/wp-content\\\/uploads\\\/2021\\\/06\\\/BNG_marin_lucia_santos.jpg\",\"contentUrl\":\"https:\\\/\\\/www.anovapeneira.gal\\\/wp-content\\\/uploads\\\/2021\\\/06\\\/BNG_marin_lucia_santos.jpg\",\"width\":720,\"height\":432},{\"@type\":\"BreadcrumbList\",\"@id\":\"https:\\\/\\\/www.anovapeneira.gal\\\/index.php\\\/2023\\\/04\\\/26\\\/lucia-santos-candidata-do-bng-a-alcaldia-de-marin-2\\\/#breadcrumb\",\"itemListElement\":[{\"@type\":\"ListItem\",\"position\":1,\"name\":\"Portada\",\"item\":\"https:\\\/\\\/www.anovapeneira.gal\\\/\"},{\"@type\":\"ListItem\",\"position\":2,\"name\":\"Luc\u00eda Santos candidata do BNG \u00e1 alcald\u00eda de Mar\u00edn\"}]},{\"@type\":\"WebSite\",\"@id\":\"https:\\\/\\\/www.anovapeneira.gal\\\/#website\",\"url\":\"https:\\\/\\\/www.anovapeneira.gal\\\/\",\"name\":\"\",\"description\":\"Xornal galego de informaci\u00f3n xeral Publicaci\u00f3n mensual de novas de Galicia e en especial dos Concellos da sur da provincia de Pontevedra.\",\"publisher\":{\"@id\":\"https:\\\/\\\/www.anovapeneira.gal\\\/#organization\"},\"potentialAction\":[{\"@type\":\"SearchAction\",\"target\":{\"@type\":\"EntryPoint\",\"urlTemplate\":\"https:\\\/\\\/www.anovapeneira.gal\\\/?s={search_term_string}\"},\"query-input\":{\"@type\":\"PropertyValueSpecification\",\"valueRequired\":true,\"valueName\":\"search_term_string\"}}],\"inLanguage\":\"gl-ES\"},{\"@type\":\"Organization\",\"@id\":\"https:\\\/\\\/www.anovapeneira.gal\\\/#organization\",\"name\":\"A Nova Peneira\",\"url\":\"https:\\\/\\\/www.anovapeneira.gal\\\/\",\"logo\":{\"@type\":\"ImageObject\",\"inLanguage\":\"gl-ES\",\"@id\":\"https:\\\/\\\/www.anovapeneira.gal\\\/#\\\/schema\\\/logo\\\/image\\\/\",\"url\":\"http:\\\/\\\/www.anovapeneira.gal\\\/wp-content\\\/uploads\\\/2019\\\/06\\\/logo_a_nova_peneira_portal_web.png\",\"contentUrl\":\"http:\\\/\\\/www.anovapeneira.gal\\\/wp-content\\\/uploads\\\/2019\\\/06\\\/logo_a_nova_peneira_portal_web.png\",\"width\":300,\"height\":100,\"caption\":\"A Nova Peneira\"},\"image\":{\"@id\":\"https:\\\/\\\/www.anovapeneira.gal\\\/#\\\/schema\\\/logo\\\/image\\\/\"},\"sameAs\":[\"https:\\\/\\\/www.facebook.com\\\/anovapeneira\",\"https:\\\/\\\/x.com\\\/APeneira\"]},{\"@type\":\"Person\",\"@id\":\"https:\\\/\\\/www.anovapeneira.gal\\\/#\\\/schema\\\/person\\\/acfb2aec0cb752502dfdf32c140bf0ab\",\"name\":\"Luc\u00eda Santos\",\"image\":{\"@type\":\"ImageObject\",\"inLanguage\":\"gl-ES\",\"@id\":\"https:\\\/\\\/secure.gravatar.com\\\/avatar\\\/976afb40d1db3909c544dad94ca233465e10e46949f9f7d9c63974d4b1d4710d?s=96&d=mm&r=g\",\"url\":\"https:\\\/\\\/secure.gravatar.com\\\/avatar\\\/976afb40d1db3909c544dad94ca233465e10e46949f9f7d9c63974d4b1d4710d?s=96&d=mm&r=g\",\"contentUrl\":\"https:\\\/\\\/secure.gravatar.com\\\/avatar\\\/976afb40d1db3909c544dad94ca233465e10e46949f9f7d9c63974d4b1d4710d?s=96&d=mm&r=g\",\"caption\":\"Luc\u00eda Santos\"},\"url\":\"https:\\\/\\\/www.anovapeneira.gal\\\/index.php\\\/author\\\/luciasantos\\\/\"}]}<\/script>\n<!-- \/ Yoast SEO plugin. -->","yoast_head_json":{"title":"Luc\u00eda Santos candidata do BNG \u00e1 alcald\u00eda de Mar\u00edn -","description":"O BNG desenvolver\u00e1 un modelo de concello para as persoas, cuns espazos p\u00fablicos amables e c\u00f3modos, cuns servizos p\u00fablicos de calidade e cunha importante oferta de lecer e actividades que permitan o maior benestar da veci\u00f1anza e a satisfacci\u00f3n das s\u00faas necesidades","robots":{"index":"index","follow":"follow","max-snippet":"max-snippet:-1","max-image-preview":"max-image-preview:large","max-video-preview":"max-video-preview:-1"},"canonical":"https:\/\/www.anovapeneira.gal\/index.php\/2023\/04\/26\/lucia-santos-candidata-do-bng-a-alcaldia-de-marin-2\/","og_locale":"gl_ES","og_type":"article","og_title":"Luc\u00eda Santos candidata do BNG \u00e1 alcald\u00eda de Mar\u00edn -","og_description":"O BNG desenvolver\u00e1 un modelo de concello para as persoas, cuns espazos p\u00fablicos amables e c\u00f3modos, cuns servizos p\u00fablicos de calidade e cunha importante oferta de lecer e actividades que permitan o maior benestar da veci\u00f1anza e a satisfacci\u00f3n das s\u00faas necesidades","og_url":"https:\/\/www.anovapeneira.gal\/index.php\/2023\/04\/26\/lucia-santos-candidata-do-bng-a-alcaldia-de-marin-2\/","article_publisher":"https:\/\/www.facebook.com\/anovapeneira","article_published_time":"2023-04-26T08:00:27+00:00","og_image":[{"width":720,"height":432,"url":"https:\/\/www.anovapeneira.gal\/wp-content\/uploads\/2021\/06\/BNG_marin_lucia_santos.jpg","type":"image\/jpeg"}],"author":"Luc\u00eda Santos","twitter_card":"summary_large_image","twitter_creator":"@APeneira","twitter_site":"@APeneira","twitter_misc":{"Escrito por":"Luc\u00eda Santos","Tempo de lectura":"2 minutos"},"schema":{"@context":"https:\/\/schema.org","@graph":[{"@type":"Article","@id":"https:\/\/www.anovapeneira.gal\/index.php\/2023\/04\/26\/lucia-santos-candidata-do-bng-a-alcaldia-de-marin-2\/#article","isPartOf":{"@id":"https:\/\/www.anovapeneira.gal\/index.php\/2023\/04\/26\/lucia-santos-candidata-do-bng-a-alcaldia-de-marin-2\/"},"author":{"name":"Luc\u00eda Santos","@id":"https:\/\/www.anovapeneira.gal\/#\/schema\/person\/acfb2aec0cb752502dfdf32c140bf0ab"},"headline":"Luc\u00eda Santos candidata do BNG \u00e1 alcald\u00eda de Mar\u00edn","datePublished":"2023-04-26T08:00:27+00:00","mainEntityOfPage":{"@id":"https:\/\/www.anovapeneira.gal\/index.php\/2023\/04\/26\/lucia-santos-candidata-do-bng-a-alcaldia-de-marin-2\/"},"wordCount":264,"commentCount":0,"publisher":{"@id":"https:\/\/www.anovapeneira.gal\/#organization"},"image":{"@id":"https:\/\/www.anovapeneira.gal\/index.php\/2023\/04\/26\/lucia-santos-candidata-do-bng-a-alcaldia-de-marin-2\/#primaryimage"},"thumbnailUrl":"https:\/\/www.anovapeneira.gal\/wp-content\/uploads\/2021\/06\/BNG_marin_lucia_santos.jpg","keywords":["BNG","Concello de Mar\u00edn"],"articleSection":["Morrazo"],"inLanguage":"gl-ES","potentialAction":[{"@type":"CommentAction","name":"Comment","target":["https:\/\/www.anovapeneira.gal\/index.php\/2023\/04\/26\/lucia-santos-candidata-do-bng-a-alcaldia-de-marin-2\/#respond"]}]},{"@type":"WebPage","@id":"https:\/\/www.anovapeneira.gal\/index.php\/2023\/04\/26\/lucia-santos-candidata-do-bng-a-alcaldia-de-marin-2\/","url":"https:\/\/www.anovapeneira.gal\/index.php\/2023\/04\/26\/lucia-santos-candidata-do-bng-a-alcaldia-de-marin-2\/","name":"Luc\u00eda Santos candidata do BNG \u00e1 alcald\u00eda de Mar\u00edn -","isPartOf":{"@id":"https:\/\/www.anovapeneira.gal\/#website"},"primaryImageOfPage":{"@id":"https:\/\/www.anovapeneira.gal\/index.php\/2023\/04\/26\/lucia-santos-candidata-do-bng-a-alcaldia-de-marin-2\/#primaryimage"},"image":{"@id":"https:\/\/www.anovapeneira.gal\/index.php\/2023\/04\/26\/lucia-santos-candidata-do-bng-a-alcaldia-de-marin-2\/#primaryimage"},"thumbnailUrl":"https:\/\/www.anovapeneira.gal\/wp-content\/uploads\/2021\/06\/BNG_marin_lucia_santos.jpg","datePublished":"2023-04-26T08:00:27+00:00","description":"O BNG desenvolver\u00e1 un modelo de concello para as persoas, cuns espazos p\u00fablicos amables e c\u00f3modos, cuns servizos p\u00fablicos de calidade e cunha importante oferta de lecer e actividades que permitan o maior benestar da veci\u00f1anza e a satisfacci\u00f3n das s\u00faas necesidades","breadcrumb":{"@id":"https:\/\/www.anovapeneira.gal\/index.php\/2023\/04\/26\/lucia-santos-candidata-do-bng-a-alcaldia-de-marin-2\/#breadcrumb"},"inLanguage":"gl-ES","potentialAction":[{"@type":"ReadAction","target":["https:\/\/www.anovapeneira.gal\/index.php\/2023\/04\/26\/lucia-santos-candidata-do-bng-a-alcaldia-de-marin-2\/"]}]},{"@type":"ImageObject","inLanguage":"gl-ES","@id":"https:\/\/www.anovapeneira.gal\/index.php\/2023\/04\/26\/lucia-santos-candidata-do-bng-a-alcaldia-de-marin-2\/#primaryimage","url":"https:\/\/www.anovapeneira.gal\/wp-content\/uploads\/2021\/06\/BNG_marin_lucia_santos.jpg","contentUrl":"https:\/\/www.anovapeneira.gal\/wp-content\/uploads\/2021\/06\/BNG_marin_lucia_santos.jpg","width":720,"height":432},{"@type":"BreadcrumbList","@id":"https:\/\/www.anovapeneira.gal\/index.php\/2023\/04\/26\/lucia-santos-candidata-do-bng-a-alcaldia-de-marin-2\/#breadcrumb","itemListElement":[{"@type":"ListItem","position":1,"name":"Portada","item":"https:\/\/www.anovapeneira.gal\/"},{"@type":"ListItem","position":2,"name":"Luc\u00eda Santos candidata do BNG \u00e1 alcald\u00eda de Mar\u00edn"}]},{"@type":"WebSite","@id":"https:\/\/www.anovapeneira.gal\/#website","url":"https:\/\/www.anovapeneira.gal\/","name":"","description":"Xornal galego de informaci\u00f3n xeral Publicaci\u00f3n mensual de novas de Galicia e en especial dos Concellos da sur da provincia de Pontevedra.","publisher":{"@id":"https:\/\/www.anovapeneira.gal\/#organization"},"potentialAction":[{"@type":"SearchAction","target":{"@type":"EntryPoint","urlTemplate":"https:\/\/www.anovapeneira.gal\/?s={search_term_string}"},"query-input":{"@type":"PropertyValueSpecification","valueRequired":true,"valueName":"search_term_string"}}],"inLanguage":"gl-ES"},{"@type":"Organization","@id":"https:\/\/www.anovapeneira.gal\/#organization","name":"A Nova Peneira","url":"https:\/\/www.anovapeneira.gal\/","logo":{"@type":"ImageObject","inLanguage":"gl-ES","@id":"https:\/\/www.anovapeneira.gal\/#\/schema\/logo\/image\/","url":"http:\/\/www.anovapeneira.gal\/wp-content\/uploads\/2019\/06\/logo_a_nova_peneira_portal_web.png","contentUrl":"http:\/\/www.anovapeneira.gal\/wp-content\/uploads\/2019\/06\/logo_a_nova_peneira_portal_web.png","width":300,"height":100,"caption":"A Nova Peneira"},"image":{"@id":"https:\/\/www.anovapeneira.gal\/#\/schema\/logo\/image\/"},"sameAs":["https:\/\/www.facebook.com\/anovapeneira","https:\/\/x.com\/APeneira"]},{"@type":"Person","@id":"https:\/\/www.anovapeneira.gal\/#\/schema\/person\/acfb2aec0cb752502dfdf32c140bf0ab","name":"Luc\u00eda Santos","image":{"@type":"ImageObject","inLanguage":"gl-ES","@id":"https:\/\/secure.gravatar.com\/avatar\/976afb40d1db3909c544dad94ca233465e10e46949f9f7d9c63974d4b1d4710d?s=96&d=mm&r=g","url":"https:\/\/secure.gravatar.com\/avatar\/976afb40d1db3909c544dad94ca233465e10e46949f9f7d9c63974d4b1d4710d?s=96&d=mm&r=g","contentUrl":"https:\/\/secure.gravatar.com\/avatar\/976afb40d1db3909c544dad94ca233465e10e46949f9f7d9c63974d4b1d4710d?s=96&d=mm&r=g","caption":"Luc\u00eda Santos"},"url":"https:\/\/www.anovapeneira.gal\/index.php\/author\/luciasantos\/"}]}},"jetpack_featured_media_url":"https:\/\/www.anovapeneira.gal\/wp-content\/uploads\/2021\/06\/BNG_marin_lucia_santos.jpg","_links":{"self":[{"href":"https:\/\/www.anovapeneira.gal\/index.php\/wp-json\/wp\/v2\/posts\/9503","targetHints":{"allow":["GET"]}}],"collection":[{"href":"https:\/\/www.anovapeneira.gal\/index.php\/wp-json\/wp\/v2\/posts"}],"about":[{"href":"https:\/\/www.anovapeneira.gal\/index.php\/wp-json\/wp\/v2\/types\/post"}],"author":[{"embeddable":true,"href":"https:\/\/www.anovapeneira.gal\/index.php\/wp-json\/wp\/v2\/users\/42"}],"replies":[{"embeddable":true,"href":"https:\/\/www.anovapeneira.gal\/index.php\/wp-json\/wp\/v2\/comments?post=9503"}],"version-history":[{"count":1,"href":"https:\/\/www.anovapeneira.gal\/index.php\/wp-json\/wp\/v2\/posts\/9503\/revisions"}],"predecessor-version":[{"id":9504,"href":"https:\/\/www.anovapeneira.gal\/index.php\/wp-json\/wp\/v2\/posts\/9503\/revisions\/9504"}],"wp:featuredmedia":[{"embeddable":true,"href":"https:\/\/www.anovapeneira.gal\/index.php\/wp-json\/wp\/v2\/media\/5635"}],"wp:attachment":[{"href":"https:\/\/www.anovapeneira.gal\/index.php\/wp-json\/wp\/v2\/media?parent=9503"}],"wp:term":[{"taxonomy":"category","embeddable":true,"href":"https:\/\/www.anovapeneira.gal\/index.php\/wp-json\/wp\/v2\/categories?post=9503"},{"taxonomy":"post_tag","embeddable":true,"href":"https:\/\/www.anovapeneira.gal\/index.php\/wp-json\/wp\/v2\/tags?post=9503"}],"curies":[{"name":"wp","href":"https:\/\/api.w.org\/{rel}","templated":true}]}}