{"id":9519,"date":"2023-04-27T12:00:18","date_gmt":"2023-04-27T10:00:18","guid":{"rendered":"https:\/\/www.anovapeneira.gal\/?p=9519"},"modified":"2023-04-24T14:18:39","modified_gmt":"2023-04-24T12:18:39","slug":"xx-edicion-do-festival-de-cans-2023","status":"publish","type":"post","link":"https:\/\/www.anovapeneira.gal\/index.php\/2023\/04\/27\/xx-edicion-do-festival-de-cans-2023\/","title":{"rendered":"XX Edici\u00f3n do Festival de Cans 2023"},"content":{"rendered":"\n<p>O Festival de Cans de Porri\u00f1o creouse en 2004 pola Asociaci\u00f3n Cultural e Xuvenil de Cans Arela, co obxectivo de promover o cinema galego e dar visibilidade \u00e1s curtametraxes. Hai curtas de ficci\u00f3n, de animaci\u00f3n, documentais, concurso de videoclips ou webseries e tam\u00e9n m\u00fasica, que xoga un papel relevante. O festival inspirouse no famoso Festival de Cannes, aproveitando a similitude entre os nomes das d\u00faas localidades. Cans cel\u00e9brase sempre entre o terceira ou cuarta fin de semana de maio, coincidindo co de Cannes. Este ano cadra do 16 ao 20 e est\u00e1n de aniversario, celebran a s\u00faa segunda d\u00e9cada, a s\u00faa XX edici\u00f3n e, para iso, durante o festival, a aldea transf\u00f3rmase completamente. Diferentes espazos da vila conv\u00e9rtense en salas de proxecci\u00f3n, adegas, alpendres, \u201cjalp\u00f3ns\u201d, baixos de casas ou casas vellas deshabitadas. Outros espazos, como placas de casas en construci\u00f3n, gali\u00f1eiros ou leiras conv\u00e9rtense en lugares para as actuaci\u00f3ns musicais e actividades paralelas \u00e1s curtametraxes. A xente trasl\u00e1dase freneticamente dun lado a outro en chimp\u00edns, os pequenos tractores, como se estivesen vivindo nun filme de Kusturica.<\/p>\n\n\n\n<p>Desde o ano 2004, ao que asistiron 500 persoas nunha tarde de s\u00e1bado, empezaron a coller visitantes sen parar, e agora reciben multitude de xente nos catro d\u00edas que dura o evento. Foi crecendo tanto en \u00e9xito e repercusi\u00f3n, que converteuse nun referente do cinema independente e alternativo de Galicia. Mesmo este ano foi seleccionado entre o mellor dos eventos culturais en Galicia no ano 2022. O informe impulsado desde Madrid pola Fundaci\u00f3n Contempor\u00e1nea situou ao Festival de Cans como a terceira insignia cultural m\u00e1is destacada, s\u00f3 por detr\u00e1s do festival de teatro FIOT de Carballo e o Festival Sinsal.<\/p>\n\n\n\n<p>A primeira pel\u00edcula que se proxectou no festival de Cans no ano da s\u00faa inauguraci\u00f3n, foi \u201cO lapis do carpinteiro\u201d, de Ant\u00f3n Reixa. A pel\u00edcula est\u00e1 baseada na novela de Manuel Rivas e narra a historia dun m\u00e9dico republicano que \u00e9 perseguido pola ditadura franquista.<\/p>\n\n\n<div class=\"wp-block-image\">\n<figure class=\"aligncenter size-full\"><img loading=\"lazy\" decoding=\"async\" width=\"380\" height=\"539\" src=\"https:\/\/www.anovapeneira.gal\/wp-content\/uploads\/2023\/04\/CARTEL-FESTIVAL-DE-CANS_2023.jpg\" alt=\"Festival Cans 2023\" class=\"wp-image-9521\" srcset=\"https:\/\/www.anovapeneira.gal\/wp-content\/uploads\/2023\/04\/CARTEL-FESTIVAL-DE-CANS_2023.jpg 380w, https:\/\/www.anovapeneira.gal\/wp-content\/uploads\/2023\/04\/CARTEL-FESTIVAL-DE-CANS_2023-212x300.jpg 212w\" sizes=\"auto, (max-width: 380px) 100vw, 380px\" \/><\/figure>\n<\/div>\n\n\n<p>Nesta XX edici\u00f3n do Festival de Cans, , ser\u00e1 a pel\u00edcula &#8220;Honeymoon&#8221;, de Enrique Otero, a protagonista da sesi\u00f3n inaugural da competici\u00f3n, o xoves 18 de maio.<\/p>\n\n\n\n<p>\u201cHoneymoon\u201d conta a historia de Eva (Nathalie Poza) e Carlos (Javier Guti\u00e9rrez), un matrimonio en ru\u00ednas que s\u00f3 se mant\u00e9n unido polo recordo do seu fillo falecido Jon\u00e1s que acaba de morrer nun accidente a miles de quil\u00f3metros de distancia. Sen di\u00f1eiro para recuperar o corpo do seu fillo, a parella emb\u00e1rcase nunha viaxe de destino incerto para tentar recuperar o cad\u00e1ver. Na presentaci\u00f3n, realizada no sal\u00f3n Riquela de Santiago, tam\u00e9n estivo presente dona Alicia, unha das veci\u00f1as que colabora co evento e propietaria de Alicia&#8217;s Jalp\u00f3n.<\/p>\n\n\n\n<p>A pel\u00edcula chegar\u00e1 a Cans tras o seu paso, con moi boas cr\u00edticas, polo Festival de M\u00e1laga. Os seus protagonistas, Nathalie Poza, Javier Guti\u00e9rrez e Mar\u00eda V\u00e1zquez, estar\u00e1n en Cans para asistir a estrea, o pr\u00f3ximo 18 de maio, no C\u00edrculo Recreativo Cultural do Porri\u00f1o, e manter\u00e1n un coloquio co p\u00fablico presente.<\/p>\n\n\n\n<p>A programaci\u00f3n deste ano tam\u00e9n incl\u00fae a proxecci\u00f3n de m\u00e1is de 50 curtametraxes, tanto na secci\u00f3n oficial como nas secci\u00f3ns paralelas, as\u00ed como concertos, exposici\u00f3ns, talleres e encontros cos creadores.<\/p>\n\n\n\n<p>O actor homenaxeado este ano ser\u00e1 Lu\u00eds Zahera que recibir\u00e1 o seu Premio de Honra, o \u201cPremio Pedigree\u201d, a m\u00e1xima distinci\u00f3n do festival e foi acordada pola asemblea da Asociaci\u00f3n Cultural Arela.<\/p>\n\n\n\n<p>Luis Zahera, nado en Santiago de Compostela en 1966, \u00e9 un dos actores m\u00e1is relevantes de Galicia nas d\u00faas \u00faltimas d\u00e9cadas. Ademais, o festival decidiu conceder os Chimp\u00edns de Prata da edici\u00f3n 2023 a actriz Melania Cruz, ao cr\u00edtico de cine \u00c1ngel Suanzes e a veci\u00f1a de Cans Mar\u00eda Jes\u00fas S\u00e1nchez \u201cMari da Carreira\u201d.<\/p>\n\n\n\n<p>A organizaci\u00f3n do certame quere reco\u00f1ecer a gran traxectoria como int\u00e9rprete de Luis Zahera, tanto en series de televisi\u00f3n como en mais de 35 longametraxes. Ten traballado \u00e1s ordes de grandes directores como Fernando Le\u00f3n de Aranoa, Daniel Monz\u00f3n, Alejandro Amen\u00e1bar, Daniel Calparsoro ou Rodrigo Sorogoyen. Este \u00faltimo dirixiuno nas d\u00faas pel\u00edculas coas que obtivo senllos Premios Goya ao Mellor Actor Secundario: \u201cEl Reino\u201d e \u201cAs bestas\u201d. Ademais destas d\u00faas grandes interpretaci\u00f3ns tam\u00e9n hai que destacar o seu papel como \u201cMalamadre\u201d no filme \u201cCelda 211\u201d.<\/p>\n\n\n\n<p>Actor vers\u00e1til, Zahera ten transitado coas s\u00faas personaxes desde o c\u00f3mico ata o tr\u00e1xico, e tense forxado como actor no mundo da curtametraxe. Participou en m\u00e1is de vinte, e o propio Festival de Cans foi importante na s\u00faa traxectoria, ao recoller dous premios \u00f3 Mellor actor, nos anos 2008 e 2012. Asiduo do certame desde as primeiras edici\u00f3n, Zahera recoller\u00e1 o galard\u00f3n o venres 19 de maio. Ese d\u00eda deixar\u00e1 as s\u00faas pegadas no Torreiro das Estrelas, \u00e1 beira de anteriores homenaxeados como a cineasta Margarita Ledo, Jorge Coira ou o actor Luis Tosar.<\/p>\n\n\n\n<p>Outros dos galard\u00f3ns honor\u00edficos do Festival de Cans tam\u00e9n se entregar\u00e1n ese mesmo d\u00eda. O Chimp\u00edn de Prata \u201cPepe Puime\u201d ser\u00e1 para a actriz Melania Cruz, unha das grandes actrices do teatro e do cinema galego actuais. Galardoada en tres ocasi\u00f3ns co Premio Mestre Mateo, Melania Cruz \u00e9 ademais unha actriz habitual en moitas das curtas que pasan por Cans. Nos \u00faltimos anos demostrou ter un compromiso permanente co Festival, onde ten participado asiduamente en coloquios e encontros co p\u00fablico, ademais de converterse nunha gran embaixadora do certame.<\/p>\n\n\n\n<p>O Chimp\u00edn \u201cDivina Campos\u201d ser\u00e1 para \u00c1ngel Suanzes, un dos xornalistas de referencia sobre o cinema en TVG, e un dos que m\u00e1is veces cubriu como xornalista o Festival de Cans. Nunha das s\u00faas visitas co\u00f1eceu \u00e1 veci\u00f1a Divina Campos, \u00e1 que convidou a ser cr\u00edtica de cine no magacine \u201cA Solaina\u201d de TVG. Suanzes \u00e9 un xornalista clave na historia do cinema galego recente, onde veu medrar e apoiou a numerosos cineastas, produtores e actrices e actores. O chimp\u00edn de prata que lle outorga Cans \u00e9 un reco\u00f1ecemento a este traballo e, \u00f3 mesmo tempo, unha reivindicaci\u00f3n da importancia dos xornalistas que fan cr\u00f3nicas culturais nos medios de comunicaci\u00f3n.<\/p>\n\n\n\n<p>Finalmente, o Chimp\u00edn de Prata que reco\u00f1ece o labor dunha veci\u00f1a ou veci\u00f1o de Cans polo seu apoio ao festival, ser\u00e1 para Mar\u00eda Jes\u00fas S\u00e1nchez. \u201cMari da Carreira\u201d, como \u00e9 co\u00f1ecida na aldea, \u00e9 unha das persoas imprescindibles no funcionamento invisible do Festival. Pandereteira, alquimista do licor caf\u00e9 especial que fai \u00e1s convidadas e convidados, reclutadora do xurado dos veci\u00f1os ou organizadora da homenaxe \u00f3 Can de Pedra que abre cada ano o festival, Mari fai un traballo invisible e imprescindible dentro da aldea que o festival quere reco\u00f1ecer.<\/p>\n\n\n\n<p>Anim\u00e1mosvos a pasar alg\u00fan destes catro d\u00edas pola parroquia porri\u00f1esa. Curtos, m\u00fasica, actividades e viaxes en chimp\u00edns, unha mestura fascinante da que todas e todos deber\u00edamos experimentar nalg\u00fan intre do noso tempo de lecer.<\/p>\n","protected":false},"excerpt":{"rendered":"<div class=\"mh-excerpt\"><p>O Festival de Cans de Porri\u00f1o creouse en 2004 pola Asociaci\u00f3n Cultural e Xuvenil de Cans Arela, co obxectivo de promover o cinema galego e dar visibilidade \u00e1s curtametraxes. Hai curtas de ficci\u00f3n, de animaci\u00f3n, documentais, concurso de videoclips ou webseries e tam\u00e9n m\u00fasica, que xoga un papel relevante. O festival inspirouse no famoso Festival de Cannes, aproveitando a similitude entre os nomes das d\u00faas localidades. Cans cel\u00e9brase sempre entre o terceira ou cuarta fin de semana de maio, coincidindo co de Cannes. Este ano cadra do 16 ao 20 e est\u00e1n de aniversario, celebran a s\u00faa segunda d\u00e9cada, a s\u00faa XX edici\u00f3n e, para iso, durante o festival, a aldea transf\u00f3rmase completamente. Diferentes espazos da vila conv\u00e9rtense en salas de proxecci\u00f3n, adegas, alpendres, \u201cjalp\u00f3ns\u201d, baixos de casas ou casas vellas deshabitadas. Outros espazos, como placas de casas en construci\u00f3n, gali\u00f1eiros ou leiras conv\u00e9rtense en lugares para as actuaci\u00f3ns musicais e actividades paralelas \u00e1s curtametraxes. A xente trasl\u00e1dase freneticamente dun lado a outro en chimp\u00edns, os pequenos tractores, como se estivesen vivindo nun filme de Kusturica.<br \/>\nDesde o ano 2004, ao que asistiron 500 persoas nunha tarde de s\u00e1bado, empezaron a coller visitantes sen parar, e agora reciben multitude de xente nos catro d\u00edas que dura o evento. Foi crecendo tanto en \u00e9xito e repercusi\u00f3n, que converteuse nun referente do cinema independente e alternativo de Galicia. Mesmo este ano foi seleccionado entre o mellor dos eventos culturais en Galicia no ano 2022. O informe impulsado desde Madrid pola Fundaci\u00f3n Contempor\u00e1nea situou ao Festival de Cans como a terceira insignia cultural m\u00e1is destacada, s\u00f3 por detr\u00e1s do festival de teatro FIOT de Carballo e o Festival Sinsal.<br \/>\nA primeira pel\u00edcula que se proxectou no festival de Cans no ano da s\u00faa inauguraci\u00f3n, foi \u201cO lapis do carpinteiro\u201d, de Ant\u00f3n Reixa. A pel\u00edcula est\u00e1 baseada na novela de Manuel Rivas e narra a historia dun m\u00e9dico republicano que \u00e9 perseguido pola ditadura franquista.<br \/>\nNesta XX edici\u00f3n do Festival de Cans, , ser\u00e1 a pel\u00edcula &#8220;Honeymoon&#8221;, de Enrique Otero, a protagonista da sesi\u00f3n inaugural da competici\u00f3n, o xoves 18 de maio.<br \/>\n \u201cHoneymoon\u201d conta a historia de Eva (Nathalie Poza) e Carlos (Javier Guti\u00e9rrez), un matrimonio en ru\u00ednas que s\u00f3 se mant\u00e9n unido polo recordo do seu fillo falecido Jon\u00e1s que acaba de morrer nun accidente a miles de quil\u00f3metros de distancia. Sen di\u00f1eiro para recuperar o corpo do seu fillo, a parella emb\u00e1rcase nunha viaxe de destino incerto para tentar recuperar o cad\u00e1ver. Na presentaci\u00f3n, realizada no sal\u00f3n Riquela de Santiago, tam\u00e9n estivo presente dona Alicia, unha das veci\u00f1as que colabora co evento e propietaria de Alicia&#8217;s Jalp\u00f3n.<br \/>\nA pel\u00edcula chegar\u00e1 a Cans tras o seu paso, con moi boas cr\u00edticas, polo Festival de M\u00e1laga. Os seus protagonistas, Nathalie Poza, Javier Guti\u00e9rrez e Mar\u00eda V\u00e1zquez, estar\u00e1n en Cans para asistir a estrea, o pr\u00f3ximo 18 de maio, no C\u00edrculo Recreativo Cultural do Porri\u00f1o, e manter\u00e1n un coloquio co p\u00fablico presente.<br \/>\nA programaci\u00f3n deste ano tam\u00e9n  incl\u00fae a proxecci\u00f3n de m\u00e1is de 50 curtametraxes, tanto na secci\u00f3n oficial como nas secci\u00f3ns paralelas, as\u00ed como concertos, exposici\u00f3ns, talleres e encontros cos creadores.<br \/>\nO actor homenaxeado este ano ser\u00e1 Lu\u00eds Zahera que recibir\u00e1 o seu Premio de Honra, o \u201cPremio Pedigree\u201d, a m\u00e1xima distinci\u00f3n do festival e foi acordada pola asemblea da Asociaci\u00f3n Cultural Arela.<br \/>\nLuis Zahera, nado en Santiago de Compostela en 1966, \u00e9 un dos actores m\u00e1is relevantes de Galicia nas d\u00faas \u00faltimas d\u00e9cadas. Ademais, o festival decidiu conceder os Chimp\u00edns de Prata da edici\u00f3n 2023 a actriz Melania Cruz, ao cr\u00edtico de cine \u00c1ngel Suanzes e a veci\u00f1a de Cans Mar\u00eda Jes\u00fas S\u00e1nchez \u201cMari da Carreira\u201d.<br \/>\nA organizaci\u00f3n do certame quere reco\u00f1ecer a gran traxectoria como int\u00e9rprete de Luis Zahera, tanto en series de televisi\u00f3n como en mais de 35 longametraxes. Ten traballado \u00e1s ordes de grandes directores como Fernando Le\u00f3n de Aranoa, Daniel Monz\u00f3n, Alejandro Amen\u00e1bar, Daniel Calparsoro ou Rodrigo Sorogoyen. Este \u00faltimo dirixiuno nas d\u00faas pel\u00edculas coas que obtivo senllos Premios Goya ao Mellor Actor Secundario: \u201cEl Reino\u201d e \u201cAs bestas\u201d. Ademais destas d\u00faas grandes interpretaci\u00f3ns tam\u00e9n hai que destacar o seu papel como \u201cMalamadre\u201d no filme \u201cCelda 211\u201d.<br \/>\nActor vers\u00e1til, Zahera ten transitado coas s\u00faas personaxes desde o c\u00f3mico ata o tr\u00e1xico, e tense forxado como actor no mundo da curtametraxe. Participou en m\u00e1is de vinte, e o propio Festival de Cans foi importante na s\u00faa traxectoria, ao recoller dous premios \u00f3 Mellor actor, nos anos 2008 e 2012. Asiduo do certame desde as primeiras edici\u00f3n, Zahera recoller\u00e1 o galard\u00f3n o venres 19 de maio. Ese d\u00eda deixar\u00e1 as s\u00faas pegadas no Torreiro das Estrelas, \u00e1 beira de anteriores homenaxeados como a cineasta Margarita Ledo, Jorge Coira ou o actor Luis Tosar.<br \/>\nOutros dos galard\u00f3ns honor\u00edficos do Festival de Cans tam\u00e9n se entregar\u00e1n ese mesmo d\u00eda. O Chimp\u00edn de Prata \u201cPepe Puime\u201d ser\u00e1 para a actriz Melania Cruz, unha das grandes actrices do teatro e do cinema galego actuais. Galardoada en tres ocasi\u00f3ns co Premio Mestre Mateo, Melania Cruz \u00e9 ademais unha actriz habitual en moitas das curtas que pasan por Cans. Nos \u00faltimos anos demostrou ter un compromiso permanente co Festival, onde ten participado asiduamente en coloquios e encontros co p\u00fablico, ademais de converterse nunha gran embaixadora do certame.<br \/>\nO Chimp\u00edn \u201cDivina Campos\u201d ser\u00e1 para \u00c1ngel Suanzes, un dos xornalistas de referencia sobre o cinema en TVG, e un dos que m\u00e1is veces cubriu como xornalista o Festival de Cans. Nunha das s\u00faas visitas co\u00f1eceu \u00e1 veci\u00f1a Divina Campos, \u00e1 que convidou a ser cr\u00edtica de cine no magacine \u201cA Solaina\u201d de TVG. Suanzes \u00e9 un xornalista clave na historia do cinema galego recente, onde veu medrar e apoiou a numerosos cineastas, produtores e actrices e actores. O chimp\u00edn de prata que lle outorga Cans \u00e9 un reco\u00f1ecemento a este traballo e, \u00f3 mesmo tempo, unha reivindicaci\u00f3n da importancia dos xornalistas que fan cr\u00f3nicas culturais nos medios de comunicaci\u00f3n.<br \/>\nFinalmente, o Chimp\u00edn de Prata que reco\u00f1ece o labor dunha veci\u00f1a ou veci\u00f1o de Cans polo seu apoio ao festival, ser\u00e1 para Mar\u00eda Jes\u00fas S\u00e1nchez. \u201cMari da Carreira\u201d, como \u00e9 co\u00f1ecida na aldea, \u00e9 unha das persoas imprescindibles no funcionamento invisible do Festival. Pandereteira, alquimista do licor caf\u00e9 especial que fai \u00e1s convidadas e convidados, reclutadora do xurado dos veci\u00f1os ou organizadora da homenaxe \u00f3 Can de Pedra que abre cada ano o festival, Mari fai un traballo invisible e imprescindible dentro da aldea que o festival quere reco\u00f1ecer.<br \/>\nAnim\u00e1mosvos a pasar alg\u00fan destes catro d\u00edas pola parroquia porri\u00f1esa. Curtos, m\u00fasica, actividades e viaxes en chimp\u00edns, unha mestura fascinante da que  todas e todos deber\u00edamos experimentar nalg\u00fan intre do noso tempo de lecer. <a class=\"mh-excerpt-more\" href=\"https:\/\/www.anovapeneira.gal\/index.php\/2023\/04\/27\/xx-edicion-do-festival-de-cans-2023\/\" title=\"XX Edici\u00f3n do Festival de Cans 2023\">[&#8230;]<\/a><\/p>\n<\/div>","protected":false},"author":17,"featured_media":9520,"comment_status":"open","ping_status":"open","sticky":false,"template":"","format":"standard","meta":{"_exactmetrics_skip_tracking":false,"_exactmetrics_sitenote_active":false,"_exactmetrics_sitenote_note":"","_exactmetrics_sitenote_category":0,"footnotes":""},"categories":[23],"tags":[411],"class_list":{"0":"post-9519","1":"post","2":"type-post","3":"status-publish","4":"format-standard","5":"has-post-thumbnail","7":"category-a-lourina","8":"tag-concello-do-porrino"},"yoast_head":"<!-- This site is optimized with the Yoast SEO plugin v27.4 - https:\/\/yoast.com\/product\/yoast-seo-wordpress\/ -->\n<title>XX Edici\u00f3n do Festival de Cans 2023 -<\/title>\n<meta name=\"robots\" content=\"index, follow, max-snippet:-1, max-image-preview:large, max-video-preview:-1\" \/>\n<link rel=\"canonical\" href=\"https:\/\/www.anovapeneira.gal\/index.php\/2023\/04\/27\/xx-edicion-do-festival-de-cans-2023\/\" \/>\n<meta property=\"og:locale\" content=\"gl_ES\" \/>\n<meta property=\"og:type\" content=\"article\" \/>\n<meta property=\"og:title\" content=\"XX Edici\u00f3n do Festival de Cans 2023 -\" \/>\n<meta property=\"og:description\" content=\"O Festival de Cans de Porri\u00f1o creouse en 2004 pola Asociaci\u00f3n Cultural e Xuvenil de Cans Arela, co obxectivo de promover o cinema galego e dar visibilidade \u00e1s curtametraxes. Hai curtas de ficci\u00f3n, de animaci\u00f3n, documentais, concurso de videoclips ou webseries e tam\u00e9n m\u00fasica, que xoga un papel relevante. O festival inspirouse no famoso Festival de Cannes, aproveitando a similitude entre os nomes das d\u00faas localidades. Cans cel\u00e9brase sempre entre o terceira ou cuarta fin de semana de maio, coincidindo co de Cannes. Este ano cadra do 16 ao 20 e est\u00e1n de aniversario, celebran a s\u00faa segunda d\u00e9cada, a s\u00faa XX edici\u00f3n e, para iso, durante o festival, a aldea transf\u00f3rmase completamente. Diferentes espazos da vila conv\u00e9rtense en salas de proxecci\u00f3n, adegas, alpendres, \u201cjalp\u00f3ns\u201d, baixos de casas ou casas vellas deshabitadas. Outros espazos, como placas de casas en construci\u00f3n, gali\u00f1eiros ou leiras conv\u00e9rtense en lugares para as actuaci\u00f3ns musicais e actividades paralelas \u00e1s curtametraxes. A xente trasl\u00e1dase freneticamente dun lado a outro en chimp\u00edns, os pequenos tractores, como se estivesen vivindo nun filme de Kusturica.  Desde o ano 2004, ao que asistiron 500 persoas nunha tarde de s\u00e1bado, empezaron a coller visitantes sen parar, e agora reciben multitude de xente nos catro d\u00edas que dura o evento. Foi crecendo tanto en \u00e9xito e repercusi\u00f3n, que converteuse nun referente do cinema independente e alternativo de Galicia. Mesmo este ano foi seleccionado entre o mellor dos eventos culturais en Galicia no ano 2022. O informe impulsado desde Madrid pola Fundaci\u00f3n Contempor\u00e1nea situou ao Festival de Cans como a terceira insignia cultural m\u00e1is destacada, s\u00f3 por detr\u00e1s do festival de teatro FIOT de Carballo e o Festival Sinsal. A primeira pel\u00edcula que se proxectou no festival de Cans no ano da s\u00faa inauguraci\u00f3n, foi \u201cO lapis do carpinteiro\u201d, de Ant\u00f3n Reixa. A pel\u00edcula est\u00e1 baseada na novela de Manuel Rivas e narra a historia dun m\u00e9dico republicano que \u00e9 perseguido pola ditadura franquista. Nesta XX edici\u00f3n do Festival de Cans, , ser\u00e1 a pel\u00edcula &quot;Honeymoon&quot;, de Enrique Otero, a protagonista da sesi\u00f3n inaugural da competici\u00f3n, o xoves 18 de maio.  \u201cHoneymoon\u201d conta a historia de Eva (Nathalie Poza) e Carlos (Javier Guti\u00e9rrez), un matrimonio en ru\u00ednas que s\u00f3 se mant\u00e9n unido polo recordo do seu fillo falecido Jon\u00e1s que acaba de morrer nun accidente a miles de quil\u00f3metros de distancia. Sen di\u00f1eiro para recuperar o corpo do seu fillo, a parella emb\u00e1rcase nunha viaxe de destino incerto para tentar recuperar o cad\u00e1ver. Na presentaci\u00f3n, realizada no sal\u00f3n Riquela de Santiago, tam\u00e9n estivo presente dona Alicia, unha das veci\u00f1as que colabora co evento e propietaria de Alicia&#039;s Jalp\u00f3n. A pel\u00edcula chegar\u00e1 a Cans tras o seu paso, con moi boas cr\u00edticas, polo Festival de M\u00e1laga. Os seus protagonistas, Nathalie Poza, Javier Guti\u00e9rrez e Mar\u00eda V\u00e1zquez, estar\u00e1n en Cans para asistir a estrea, o pr\u00f3ximo 18 de maio, no C\u00edrculo Recreativo Cultural do Porri\u00f1o, e manter\u00e1n un coloquio co p\u00fablico presente. A programaci\u00f3n deste ano tam\u00e9n incl\u00fae a proxecci\u00f3n de m\u00e1is de 50 curtametraxes, tanto na secci\u00f3n oficial como nas secci\u00f3ns paralelas, as\u00ed como concertos, exposici\u00f3ns, talleres e encontros cos creadores. O actor homenaxeado este ano ser\u00e1 Lu\u00eds Zahera que recibir\u00e1 o seu Premio de Honra, o \u201cPremio Pedigree\u201d, a m\u00e1xima distinci\u00f3n do festival e foi acordada pola asemblea da Asociaci\u00f3n Cultural Arela. Luis Zahera, nado en Santiago de Compostela en 1966, \u00e9 un dos actores m\u00e1is relevantes de Galicia nas d\u00faas \u00faltimas d\u00e9cadas. Ademais, o festival decidiu conceder os Chimp\u00edns de Prata da edici\u00f3n 2023 a actriz Melania Cruz, ao cr\u00edtico de cine \u00c1ngel Suanzes e a veci\u00f1a de Cans Mar\u00eda Jes\u00fas S\u00e1nchez \u201cMari da Carreira\u201d. A organizaci\u00f3n do certame quere reco\u00f1ecer a gran traxectoria como int\u00e9rprete de Luis Zahera, tanto en series de televisi\u00f3n como en mais de 35 longametraxes. Ten traballado \u00e1s ordes de grandes directores como Fernando Le\u00f3n de Aranoa, Daniel Monz\u00f3n, Alejandro Amen\u00e1bar, Daniel Calparsoro ou Rodrigo Sorogoyen. Este \u00faltimo dirixiuno nas d\u00faas pel\u00edculas coas que obtivo senllos Premios Goya ao Mellor Actor Secundario: \u201cEl Reino\u201d e \u201cAs bestas\u201d. Ademais destas d\u00faas grandes interpretaci\u00f3ns tam\u00e9n hai que destacar o seu papel como \u201cMalamadre\u201d no filme \u201cCelda 211\u201d. Actor vers\u00e1til, Zahera ten transitado coas s\u00faas personaxes desde o c\u00f3mico ata o tr\u00e1xico, e tense forxado como actor no mundo da curtametraxe. Participou en m\u00e1is de vinte, e o propio Festival de Cans foi importante na s\u00faa traxectoria, ao recoller dous premios \u00f3 Mellor actor, nos anos 2008 e 2012. Asiduo do certame desde as primeiras edici\u00f3n, Zahera recoller\u00e1 o galard\u00f3n o venres 19 de maio. Ese d\u00eda deixar\u00e1 as s\u00faas pegadas no Torreiro das Estrelas, \u00e1 beira de anteriores homenaxeados como a cineasta Margarita Ledo, Jorge Coira ou o actor Luis Tosar. Outros dos galard\u00f3ns honor\u00edficos do Festival de Cans tam\u00e9n se entregar\u00e1n ese mesmo d\u00eda. O Chimp\u00edn de Prata \u201cPepe Puime\u201d ser\u00e1 para a actriz Melania Cruz, unha das grandes actrices do teatro e do cinema galego actuais. Galardoada en tres ocasi\u00f3ns co Premio Mestre Mateo, Melania Cruz \u00e9 ademais unha actriz habitual en moitas das curtas que pasan por Cans. Nos \u00faltimos anos demostrou ter un compromiso permanente co Festival, onde ten participado asiduamente en coloquios e encontros co p\u00fablico, ademais de converterse nunha gran embaixadora do certame. O Chimp\u00edn \u201cDivina Campos\u201d ser\u00e1 para \u00c1ngel Suanzes, un dos xornalistas de referencia sobre o cinema en TVG, e un dos que m\u00e1is veces cubriu como xornalista o Festival de Cans. Nunha das s\u00faas visitas co\u00f1eceu \u00e1 veci\u00f1a Divina Campos, \u00e1 que convidou a ser cr\u00edtica de cine no magacine \u201cA Solaina\u201d de TVG. Suanzes \u00e9 un xornalista clave na historia do cinema galego recente, onde veu medrar e apoiou a numerosos cineastas, produtores e actrices e actores. O chimp\u00edn de prata que lle outorga Cans \u00e9 un reco\u00f1ecemento a este traballo e, \u00f3 mesmo tempo, unha reivindicaci\u00f3n da importancia dos xornalistas que fan cr\u00f3nicas culturais nos medios de comunicaci\u00f3n. Finalmente, o Chimp\u00edn de Prata que reco\u00f1ece o labor dunha veci\u00f1a ou veci\u00f1o de Cans polo seu apoio ao festival, ser\u00e1 para Mar\u00eda Jes\u00fas S\u00e1nchez. \u201cMari da Carreira\u201d, como \u00e9 co\u00f1ecida na aldea, \u00e9 unha das persoas imprescindibles no funcionamento invisible do Festival. Pandereteira, alquimista do licor caf\u00e9 especial que fai \u00e1s convidadas e convidados, reclutadora do xurado dos veci\u00f1os ou organizadora da homenaxe \u00f3 Can de Pedra que abre cada ano o festival, Mari fai un traballo invisible e imprescindible dentro da aldea que o festival quere reco\u00f1ecer. Anim\u00e1mosvos a pasar alg\u00fan destes catro d\u00edas pola parroquia porri\u00f1esa. Curtos, m\u00fasica, actividades e viaxes en chimp\u00edns, unha mestura fascinante da que todas e todos deber\u00edamos experimentar nalg\u00fan intre do noso tempo de lecer. [...]\" \/>\n<meta property=\"og:url\" content=\"https:\/\/www.anovapeneira.gal\/index.php\/2023\/04\/27\/xx-edicion-do-festival-de-cans-2023\/\" \/>\n<meta property=\"article:publisher\" content=\"https:\/\/www.facebook.com\/anovapeneira\" \/>\n<meta property=\"article:published_time\" content=\"2023-04-27T10:00:18+00:00\" \/>\n<meta property=\"og:image\" content=\"https:\/\/www.anovapeneira.gal\/wp-content\/uploads\/2023\/04\/festival_cans.jpg\" \/>\n\t<meta property=\"og:image:width\" content=\"720\" \/>\n\t<meta property=\"og:image:height\" content=\"432\" \/>\n\t<meta property=\"og:image:type\" content=\"image\/jpeg\" \/>\n<meta name=\"author\" content=\"G. Figueiredo\" \/>\n<meta name=\"twitter:card\" content=\"summary_large_image\" \/>\n<meta name=\"twitter:creator\" content=\"@APeneira\" \/>\n<meta name=\"twitter:site\" content=\"@APeneira\" \/>\n<meta name=\"twitter:label1\" content=\"Escrito por\" \/>\n\t<meta name=\"twitter:data1\" content=\"G. Figueiredo\" \/>\n\t<meta name=\"twitter:label2\" content=\"Tempo de lectura\" \/>\n\t<meta name=\"twitter:data2\" content=\"7 minutos\" \/>\n<script type=\"application\/ld+json\" class=\"yoast-schema-graph\">{\"@context\":\"https:\\\/\\\/schema.org\",\"@graph\":[{\"@type\":\"Article\",\"@id\":\"https:\\\/\\\/www.anovapeneira.gal\\\/index.php\\\/2023\\\/04\\\/27\\\/xx-edicion-do-festival-de-cans-2023\\\/#article\",\"isPartOf\":{\"@id\":\"https:\\\/\\\/www.anovapeneira.gal\\\/index.php\\\/2023\\\/04\\\/27\\\/xx-edicion-do-festival-de-cans-2023\\\/\"},\"author\":{\"name\":\"G. Figueiredo\",\"@id\":\"https:\\\/\\\/www.anovapeneira.gal\\\/#\\\/schema\\\/person\\\/42f904d7cac80cf3f5a31494dd82a9b6\"},\"headline\":\"XX Edici\u00f3n do Festival de Cans 2023\",\"datePublished\":\"2023-04-27T10:00:18+00:00\",\"mainEntityOfPage\":{\"@id\":\"https:\\\/\\\/www.anovapeneira.gal\\\/index.php\\\/2023\\\/04\\\/27\\\/xx-edicion-do-festival-de-cans-2023\\\/\"},\"wordCount\":1227,\"commentCount\":0,\"publisher\":{\"@id\":\"https:\\\/\\\/www.anovapeneira.gal\\\/#organization\"},\"image\":{\"@id\":\"https:\\\/\\\/www.anovapeneira.gal\\\/index.php\\\/2023\\\/04\\\/27\\\/xx-edicion-do-festival-de-cans-2023\\\/#primaryimage\"},\"thumbnailUrl\":\"https:\\\/\\\/www.anovapeneira.gal\\\/wp-content\\\/uploads\\\/2023\\\/04\\\/festival_cans.jpg\",\"keywords\":[\"Concello do Porri\u00f1o\"],\"articleSection\":[\"A Louri\u00f1a\"],\"inLanguage\":\"gl-ES\",\"potentialAction\":[{\"@type\":\"CommentAction\",\"name\":\"Comment\",\"target\":[\"https:\\\/\\\/www.anovapeneira.gal\\\/index.php\\\/2023\\\/04\\\/27\\\/xx-edicion-do-festival-de-cans-2023\\\/#respond\"]}]},{\"@type\":\"WebPage\",\"@id\":\"https:\\\/\\\/www.anovapeneira.gal\\\/index.php\\\/2023\\\/04\\\/27\\\/xx-edicion-do-festival-de-cans-2023\\\/\",\"url\":\"https:\\\/\\\/www.anovapeneira.gal\\\/index.php\\\/2023\\\/04\\\/27\\\/xx-edicion-do-festival-de-cans-2023\\\/\",\"name\":\"XX Edici\u00f3n do Festival de Cans 2023 -\",\"isPartOf\":{\"@id\":\"https:\\\/\\\/www.anovapeneira.gal\\\/#website\"},\"primaryImageOfPage\":{\"@id\":\"https:\\\/\\\/www.anovapeneira.gal\\\/index.php\\\/2023\\\/04\\\/27\\\/xx-edicion-do-festival-de-cans-2023\\\/#primaryimage\"},\"image\":{\"@id\":\"https:\\\/\\\/www.anovapeneira.gal\\\/index.php\\\/2023\\\/04\\\/27\\\/xx-edicion-do-festival-de-cans-2023\\\/#primaryimage\"},\"thumbnailUrl\":\"https:\\\/\\\/www.anovapeneira.gal\\\/wp-content\\\/uploads\\\/2023\\\/04\\\/festival_cans.jpg\",\"datePublished\":\"2023-04-27T10:00:18+00:00\",\"breadcrumb\":{\"@id\":\"https:\\\/\\\/www.anovapeneira.gal\\\/index.php\\\/2023\\\/04\\\/27\\\/xx-edicion-do-festival-de-cans-2023\\\/#breadcrumb\"},\"inLanguage\":\"gl-ES\",\"potentialAction\":[{\"@type\":\"ReadAction\",\"target\":[\"https:\\\/\\\/www.anovapeneira.gal\\\/index.php\\\/2023\\\/04\\\/27\\\/xx-edicion-do-festival-de-cans-2023\\\/\"]}]},{\"@type\":\"ImageObject\",\"inLanguage\":\"gl-ES\",\"@id\":\"https:\\\/\\\/www.anovapeneira.gal\\\/index.php\\\/2023\\\/04\\\/27\\\/xx-edicion-do-festival-de-cans-2023\\\/#primaryimage\",\"url\":\"https:\\\/\\\/www.anovapeneira.gal\\\/wp-content\\\/uploads\\\/2023\\\/04\\\/festival_cans.jpg\",\"contentUrl\":\"https:\\\/\\\/www.anovapeneira.gal\\\/wp-content\\\/uploads\\\/2023\\\/04\\\/festival_cans.jpg\",\"width\":720,\"height\":432,\"caption\":\"Festival Cans 2023\"},{\"@type\":\"BreadcrumbList\",\"@id\":\"https:\\\/\\\/www.anovapeneira.gal\\\/index.php\\\/2023\\\/04\\\/27\\\/xx-edicion-do-festival-de-cans-2023\\\/#breadcrumb\",\"itemListElement\":[{\"@type\":\"ListItem\",\"position\":1,\"name\":\"Portada\",\"item\":\"https:\\\/\\\/www.anovapeneira.gal\\\/\"},{\"@type\":\"ListItem\",\"position\":2,\"name\":\"XX Edici\u00f3n do Festival de Cans 2023\"}]},{\"@type\":\"WebSite\",\"@id\":\"https:\\\/\\\/www.anovapeneira.gal\\\/#website\",\"url\":\"https:\\\/\\\/www.anovapeneira.gal\\\/\",\"name\":\"\",\"description\":\"Xornal galego de informaci\u00f3n xeral Publicaci\u00f3n mensual de novas de Galicia e en especial dos Concellos da sur da provincia de Pontevedra.\",\"publisher\":{\"@id\":\"https:\\\/\\\/www.anovapeneira.gal\\\/#organization\"},\"potentialAction\":[{\"@type\":\"SearchAction\",\"target\":{\"@type\":\"EntryPoint\",\"urlTemplate\":\"https:\\\/\\\/www.anovapeneira.gal\\\/?s={search_term_string}\"},\"query-input\":{\"@type\":\"PropertyValueSpecification\",\"valueRequired\":true,\"valueName\":\"search_term_string\"}}],\"inLanguage\":\"gl-ES\"},{\"@type\":\"Organization\",\"@id\":\"https:\\\/\\\/www.anovapeneira.gal\\\/#organization\",\"name\":\"A Nova Peneira\",\"url\":\"https:\\\/\\\/www.anovapeneira.gal\\\/\",\"logo\":{\"@type\":\"ImageObject\",\"inLanguage\":\"gl-ES\",\"@id\":\"https:\\\/\\\/www.anovapeneira.gal\\\/#\\\/schema\\\/logo\\\/image\\\/\",\"url\":\"http:\\\/\\\/www.anovapeneira.gal\\\/wp-content\\\/uploads\\\/2019\\\/06\\\/logo_a_nova_peneira_portal_web.png\",\"contentUrl\":\"http:\\\/\\\/www.anovapeneira.gal\\\/wp-content\\\/uploads\\\/2019\\\/06\\\/logo_a_nova_peneira_portal_web.png\",\"width\":300,\"height\":100,\"caption\":\"A Nova Peneira\"},\"image\":{\"@id\":\"https:\\\/\\\/www.anovapeneira.gal\\\/#\\\/schema\\\/logo\\\/image\\\/\"},\"sameAs\":[\"https:\\\/\\\/www.facebook.com\\\/anovapeneira\",\"https:\\\/\\\/x.com\\\/APeneira\"]},{\"@type\":\"Person\",\"@id\":\"https:\\\/\\\/www.anovapeneira.gal\\\/#\\\/schema\\\/person\\\/42f904d7cac80cf3f5a31494dd82a9b6\",\"name\":\"G. Figueiredo\",\"image\":{\"@type\":\"ImageObject\",\"inLanguage\":\"gl-ES\",\"@id\":\"https:\\\/\\\/secure.gravatar.com\\\/avatar\\\/2d970086688458e0398ef8b84f5cbb8cc1ec3ab115aeb8435135a9f556af97b3?s=96&d=mm&r=g\",\"url\":\"https:\\\/\\\/secure.gravatar.com\\\/avatar\\\/2d970086688458e0398ef8b84f5cbb8cc1ec3ab115aeb8435135a9f556af97b3?s=96&d=mm&r=g\",\"contentUrl\":\"https:\\\/\\\/secure.gravatar.com\\\/avatar\\\/2d970086688458e0398ef8b84f5cbb8cc1ec3ab115aeb8435135a9f556af97b3?s=96&d=mm&r=g\",\"caption\":\"G. Figueiredo\"},\"sameAs\":[\"http:\\\/\\\/www.anovapeneira.gal\\\/\"],\"url\":\"https:\\\/\\\/www.anovapeneira.gal\\\/index.php\\\/author\\\/g-figueiredo\\\/\"}]}<\/script>\n<!-- \/ Yoast SEO plugin. -->","yoast_head_json":{"title":"XX Edici\u00f3n do Festival de Cans 2023 -","robots":{"index":"index","follow":"follow","max-snippet":"max-snippet:-1","max-image-preview":"max-image-preview:large","max-video-preview":"max-video-preview:-1"},"canonical":"https:\/\/www.anovapeneira.gal\/index.php\/2023\/04\/27\/xx-edicion-do-festival-de-cans-2023\/","og_locale":"gl_ES","og_type":"article","og_title":"XX Edici\u00f3n do Festival de Cans 2023 -","og_description":"O Festival de Cans de Porri\u00f1o creouse en 2004 pola Asociaci\u00f3n Cultural e Xuvenil de Cans Arela, co obxectivo de promover o cinema galego e dar visibilidade \u00e1s curtametraxes. Hai curtas de ficci\u00f3n, de animaci\u00f3n, documentais, concurso de videoclips ou webseries e tam\u00e9n m\u00fasica, que xoga un papel relevante. O festival inspirouse no famoso Festival de Cannes, aproveitando a similitude entre os nomes das d\u00faas localidades. Cans cel\u00e9brase sempre entre o terceira ou cuarta fin de semana de maio, coincidindo co de Cannes. Este ano cadra do 16 ao 20 e est\u00e1n de aniversario, celebran a s\u00faa segunda d\u00e9cada, a s\u00faa XX edici\u00f3n e, para iso, durante o festival, a aldea transf\u00f3rmase completamente. Diferentes espazos da vila conv\u00e9rtense en salas de proxecci\u00f3n, adegas, alpendres, \u201cjalp\u00f3ns\u201d, baixos de casas ou casas vellas deshabitadas. Outros espazos, como placas de casas en construci\u00f3n, gali\u00f1eiros ou leiras conv\u00e9rtense en lugares para as actuaci\u00f3ns musicais e actividades paralelas \u00e1s curtametraxes. A xente trasl\u00e1dase freneticamente dun lado a outro en chimp\u00edns, os pequenos tractores, como se estivesen vivindo nun filme de Kusturica.  Desde o ano 2004, ao que asistiron 500 persoas nunha tarde de s\u00e1bado, empezaron a coller visitantes sen parar, e agora reciben multitude de xente nos catro d\u00edas que dura o evento. Foi crecendo tanto en \u00e9xito e repercusi\u00f3n, que converteuse nun referente do cinema independente e alternativo de Galicia. Mesmo este ano foi seleccionado entre o mellor dos eventos culturais en Galicia no ano 2022. O informe impulsado desde Madrid pola Fundaci\u00f3n Contempor\u00e1nea situou ao Festival de Cans como a terceira insignia cultural m\u00e1is destacada, s\u00f3 por detr\u00e1s do festival de teatro FIOT de Carballo e o Festival Sinsal. A primeira pel\u00edcula que se proxectou no festival de Cans no ano da s\u00faa inauguraci\u00f3n, foi \u201cO lapis do carpinteiro\u201d, de Ant\u00f3n Reixa. A pel\u00edcula est\u00e1 baseada na novela de Manuel Rivas e narra a historia dun m\u00e9dico republicano que \u00e9 perseguido pola ditadura franquista. Nesta XX edici\u00f3n do Festival de Cans, , ser\u00e1 a pel\u00edcula \"Honeymoon\", de Enrique Otero, a protagonista da sesi\u00f3n inaugural da competici\u00f3n, o xoves 18 de maio.  \u201cHoneymoon\u201d conta a historia de Eva (Nathalie Poza) e Carlos (Javier Guti\u00e9rrez), un matrimonio en ru\u00ednas que s\u00f3 se mant\u00e9n unido polo recordo do seu fillo falecido Jon\u00e1s que acaba de morrer nun accidente a miles de quil\u00f3metros de distancia. Sen di\u00f1eiro para recuperar o corpo do seu fillo, a parella emb\u00e1rcase nunha viaxe de destino incerto para tentar recuperar o cad\u00e1ver. Na presentaci\u00f3n, realizada no sal\u00f3n Riquela de Santiago, tam\u00e9n estivo presente dona Alicia, unha das veci\u00f1as que colabora co evento e propietaria de Alicia's Jalp\u00f3n. A pel\u00edcula chegar\u00e1 a Cans tras o seu paso, con moi boas cr\u00edticas, polo Festival de M\u00e1laga. Os seus protagonistas, Nathalie Poza, Javier Guti\u00e9rrez e Mar\u00eda V\u00e1zquez, estar\u00e1n en Cans para asistir a estrea, o pr\u00f3ximo 18 de maio, no C\u00edrculo Recreativo Cultural do Porri\u00f1o, e manter\u00e1n un coloquio co p\u00fablico presente. A programaci\u00f3n deste ano tam\u00e9n incl\u00fae a proxecci\u00f3n de m\u00e1is de 50 curtametraxes, tanto na secci\u00f3n oficial como nas secci\u00f3ns paralelas, as\u00ed como concertos, exposici\u00f3ns, talleres e encontros cos creadores. O actor homenaxeado este ano ser\u00e1 Lu\u00eds Zahera que recibir\u00e1 o seu Premio de Honra, o \u201cPremio Pedigree\u201d, a m\u00e1xima distinci\u00f3n do festival e foi acordada pola asemblea da Asociaci\u00f3n Cultural Arela. Luis Zahera, nado en Santiago de Compostela en 1966, \u00e9 un dos actores m\u00e1is relevantes de Galicia nas d\u00faas \u00faltimas d\u00e9cadas. Ademais, o festival decidiu conceder os Chimp\u00edns de Prata da edici\u00f3n 2023 a actriz Melania Cruz, ao cr\u00edtico de cine \u00c1ngel Suanzes e a veci\u00f1a de Cans Mar\u00eda Jes\u00fas S\u00e1nchez \u201cMari da Carreira\u201d. A organizaci\u00f3n do certame quere reco\u00f1ecer a gran traxectoria como int\u00e9rprete de Luis Zahera, tanto en series de televisi\u00f3n como en mais de 35 longametraxes. Ten traballado \u00e1s ordes de grandes directores como Fernando Le\u00f3n de Aranoa, Daniel Monz\u00f3n, Alejandro Amen\u00e1bar, Daniel Calparsoro ou Rodrigo Sorogoyen. Este \u00faltimo dirixiuno nas d\u00faas pel\u00edculas coas que obtivo senllos Premios Goya ao Mellor Actor Secundario: \u201cEl Reino\u201d e \u201cAs bestas\u201d. Ademais destas d\u00faas grandes interpretaci\u00f3ns tam\u00e9n hai que destacar o seu papel como \u201cMalamadre\u201d no filme \u201cCelda 211\u201d. Actor vers\u00e1til, Zahera ten transitado coas s\u00faas personaxes desde o c\u00f3mico ata o tr\u00e1xico, e tense forxado como actor no mundo da curtametraxe. Participou en m\u00e1is de vinte, e o propio Festival de Cans foi importante na s\u00faa traxectoria, ao recoller dous premios \u00f3 Mellor actor, nos anos 2008 e 2012. Asiduo do certame desde as primeiras edici\u00f3n, Zahera recoller\u00e1 o galard\u00f3n o venres 19 de maio. Ese d\u00eda deixar\u00e1 as s\u00faas pegadas no Torreiro das Estrelas, \u00e1 beira de anteriores homenaxeados como a cineasta Margarita Ledo, Jorge Coira ou o actor Luis Tosar. Outros dos galard\u00f3ns honor\u00edficos do Festival de Cans tam\u00e9n se entregar\u00e1n ese mesmo d\u00eda. O Chimp\u00edn de Prata \u201cPepe Puime\u201d ser\u00e1 para a actriz Melania Cruz, unha das grandes actrices do teatro e do cinema galego actuais. Galardoada en tres ocasi\u00f3ns co Premio Mestre Mateo, Melania Cruz \u00e9 ademais unha actriz habitual en moitas das curtas que pasan por Cans. Nos \u00faltimos anos demostrou ter un compromiso permanente co Festival, onde ten participado asiduamente en coloquios e encontros co p\u00fablico, ademais de converterse nunha gran embaixadora do certame. O Chimp\u00edn \u201cDivina Campos\u201d ser\u00e1 para \u00c1ngel Suanzes, un dos xornalistas de referencia sobre o cinema en TVG, e un dos que m\u00e1is veces cubriu como xornalista o Festival de Cans. Nunha das s\u00faas visitas co\u00f1eceu \u00e1 veci\u00f1a Divina Campos, \u00e1 que convidou a ser cr\u00edtica de cine no magacine \u201cA Solaina\u201d de TVG. Suanzes \u00e9 un xornalista clave na historia do cinema galego recente, onde veu medrar e apoiou a numerosos cineastas, produtores e actrices e actores. O chimp\u00edn de prata que lle outorga Cans \u00e9 un reco\u00f1ecemento a este traballo e, \u00f3 mesmo tempo, unha reivindicaci\u00f3n da importancia dos xornalistas que fan cr\u00f3nicas culturais nos medios de comunicaci\u00f3n. Finalmente, o Chimp\u00edn de Prata que reco\u00f1ece o labor dunha veci\u00f1a ou veci\u00f1o de Cans polo seu apoio ao festival, ser\u00e1 para Mar\u00eda Jes\u00fas S\u00e1nchez. \u201cMari da Carreira\u201d, como \u00e9 co\u00f1ecida na aldea, \u00e9 unha das persoas imprescindibles no funcionamento invisible do Festival. Pandereteira, alquimista do licor caf\u00e9 especial que fai \u00e1s convidadas e convidados, reclutadora do xurado dos veci\u00f1os ou organizadora da homenaxe \u00f3 Can de Pedra que abre cada ano o festival, Mari fai un traballo invisible e imprescindible dentro da aldea que o festival quere reco\u00f1ecer. Anim\u00e1mosvos a pasar alg\u00fan destes catro d\u00edas pola parroquia porri\u00f1esa. Curtos, m\u00fasica, actividades e viaxes en chimp\u00edns, unha mestura fascinante da que todas e todos deber\u00edamos experimentar nalg\u00fan intre do noso tempo de lecer. [...]","og_url":"https:\/\/www.anovapeneira.gal\/index.php\/2023\/04\/27\/xx-edicion-do-festival-de-cans-2023\/","article_publisher":"https:\/\/www.facebook.com\/anovapeneira","article_published_time":"2023-04-27T10:00:18+00:00","og_image":[{"width":720,"height":432,"url":"https:\/\/www.anovapeneira.gal\/wp-content\/uploads\/2023\/04\/festival_cans.jpg","type":"image\/jpeg"}],"author":"G. Figueiredo","twitter_card":"summary_large_image","twitter_creator":"@APeneira","twitter_site":"@APeneira","twitter_misc":{"Escrito por":"G. Figueiredo","Tempo de lectura":"7 minutos"},"schema":{"@context":"https:\/\/schema.org","@graph":[{"@type":"Article","@id":"https:\/\/www.anovapeneira.gal\/index.php\/2023\/04\/27\/xx-edicion-do-festival-de-cans-2023\/#article","isPartOf":{"@id":"https:\/\/www.anovapeneira.gal\/index.php\/2023\/04\/27\/xx-edicion-do-festival-de-cans-2023\/"},"author":{"name":"G. Figueiredo","@id":"https:\/\/www.anovapeneira.gal\/#\/schema\/person\/42f904d7cac80cf3f5a31494dd82a9b6"},"headline":"XX Edici\u00f3n do Festival de Cans 2023","datePublished":"2023-04-27T10:00:18+00:00","mainEntityOfPage":{"@id":"https:\/\/www.anovapeneira.gal\/index.php\/2023\/04\/27\/xx-edicion-do-festival-de-cans-2023\/"},"wordCount":1227,"commentCount":0,"publisher":{"@id":"https:\/\/www.anovapeneira.gal\/#organization"},"image":{"@id":"https:\/\/www.anovapeneira.gal\/index.php\/2023\/04\/27\/xx-edicion-do-festival-de-cans-2023\/#primaryimage"},"thumbnailUrl":"https:\/\/www.anovapeneira.gal\/wp-content\/uploads\/2023\/04\/festival_cans.jpg","keywords":["Concello do Porri\u00f1o"],"articleSection":["A Louri\u00f1a"],"inLanguage":"gl-ES","potentialAction":[{"@type":"CommentAction","name":"Comment","target":["https:\/\/www.anovapeneira.gal\/index.php\/2023\/04\/27\/xx-edicion-do-festival-de-cans-2023\/#respond"]}]},{"@type":"WebPage","@id":"https:\/\/www.anovapeneira.gal\/index.php\/2023\/04\/27\/xx-edicion-do-festival-de-cans-2023\/","url":"https:\/\/www.anovapeneira.gal\/index.php\/2023\/04\/27\/xx-edicion-do-festival-de-cans-2023\/","name":"XX Edici\u00f3n do Festival de Cans 2023 -","isPartOf":{"@id":"https:\/\/www.anovapeneira.gal\/#website"},"primaryImageOfPage":{"@id":"https:\/\/www.anovapeneira.gal\/index.php\/2023\/04\/27\/xx-edicion-do-festival-de-cans-2023\/#primaryimage"},"image":{"@id":"https:\/\/www.anovapeneira.gal\/index.php\/2023\/04\/27\/xx-edicion-do-festival-de-cans-2023\/#primaryimage"},"thumbnailUrl":"https:\/\/www.anovapeneira.gal\/wp-content\/uploads\/2023\/04\/festival_cans.jpg","datePublished":"2023-04-27T10:00:18+00:00","breadcrumb":{"@id":"https:\/\/www.anovapeneira.gal\/index.php\/2023\/04\/27\/xx-edicion-do-festival-de-cans-2023\/#breadcrumb"},"inLanguage":"gl-ES","potentialAction":[{"@type":"ReadAction","target":["https:\/\/www.anovapeneira.gal\/index.php\/2023\/04\/27\/xx-edicion-do-festival-de-cans-2023\/"]}]},{"@type":"ImageObject","inLanguage":"gl-ES","@id":"https:\/\/www.anovapeneira.gal\/index.php\/2023\/04\/27\/xx-edicion-do-festival-de-cans-2023\/#primaryimage","url":"https:\/\/www.anovapeneira.gal\/wp-content\/uploads\/2023\/04\/festival_cans.jpg","contentUrl":"https:\/\/www.anovapeneira.gal\/wp-content\/uploads\/2023\/04\/festival_cans.jpg","width":720,"height":432,"caption":"Festival Cans 2023"},{"@type":"BreadcrumbList","@id":"https:\/\/www.anovapeneira.gal\/index.php\/2023\/04\/27\/xx-edicion-do-festival-de-cans-2023\/#breadcrumb","itemListElement":[{"@type":"ListItem","position":1,"name":"Portada","item":"https:\/\/www.anovapeneira.gal\/"},{"@type":"ListItem","position":2,"name":"XX Edici\u00f3n do Festival de Cans 2023"}]},{"@type":"WebSite","@id":"https:\/\/www.anovapeneira.gal\/#website","url":"https:\/\/www.anovapeneira.gal\/","name":"","description":"Xornal galego de informaci\u00f3n xeral Publicaci\u00f3n mensual de novas de Galicia e en especial dos Concellos da sur da provincia de Pontevedra.","publisher":{"@id":"https:\/\/www.anovapeneira.gal\/#organization"},"potentialAction":[{"@type":"SearchAction","target":{"@type":"EntryPoint","urlTemplate":"https:\/\/www.anovapeneira.gal\/?s={search_term_string}"},"query-input":{"@type":"PropertyValueSpecification","valueRequired":true,"valueName":"search_term_string"}}],"inLanguage":"gl-ES"},{"@type":"Organization","@id":"https:\/\/www.anovapeneira.gal\/#organization","name":"A Nova Peneira","url":"https:\/\/www.anovapeneira.gal\/","logo":{"@type":"ImageObject","inLanguage":"gl-ES","@id":"https:\/\/www.anovapeneira.gal\/#\/schema\/logo\/image\/","url":"http:\/\/www.anovapeneira.gal\/wp-content\/uploads\/2019\/06\/logo_a_nova_peneira_portal_web.png","contentUrl":"http:\/\/www.anovapeneira.gal\/wp-content\/uploads\/2019\/06\/logo_a_nova_peneira_portal_web.png","width":300,"height":100,"caption":"A Nova Peneira"},"image":{"@id":"https:\/\/www.anovapeneira.gal\/#\/schema\/logo\/image\/"},"sameAs":["https:\/\/www.facebook.com\/anovapeneira","https:\/\/x.com\/APeneira"]},{"@type":"Person","@id":"https:\/\/www.anovapeneira.gal\/#\/schema\/person\/42f904d7cac80cf3f5a31494dd82a9b6","name":"G. Figueiredo","image":{"@type":"ImageObject","inLanguage":"gl-ES","@id":"https:\/\/secure.gravatar.com\/avatar\/2d970086688458e0398ef8b84f5cbb8cc1ec3ab115aeb8435135a9f556af97b3?s=96&d=mm&r=g","url":"https:\/\/secure.gravatar.com\/avatar\/2d970086688458e0398ef8b84f5cbb8cc1ec3ab115aeb8435135a9f556af97b3?s=96&d=mm&r=g","contentUrl":"https:\/\/secure.gravatar.com\/avatar\/2d970086688458e0398ef8b84f5cbb8cc1ec3ab115aeb8435135a9f556af97b3?s=96&d=mm&r=g","caption":"G. Figueiredo"},"sameAs":["http:\/\/www.anovapeneira.gal\/"],"url":"https:\/\/www.anovapeneira.gal\/index.php\/author\/g-figueiredo\/"}]}},"jetpack_featured_media_url":"https:\/\/www.anovapeneira.gal\/wp-content\/uploads\/2023\/04\/festival_cans.jpg","_links":{"self":[{"href":"https:\/\/www.anovapeneira.gal\/index.php\/wp-json\/wp\/v2\/posts\/9519","targetHints":{"allow":["GET"]}}],"collection":[{"href":"https:\/\/www.anovapeneira.gal\/index.php\/wp-json\/wp\/v2\/posts"}],"about":[{"href":"https:\/\/www.anovapeneira.gal\/index.php\/wp-json\/wp\/v2\/types\/post"}],"author":[{"embeddable":true,"href":"https:\/\/www.anovapeneira.gal\/index.php\/wp-json\/wp\/v2\/users\/17"}],"replies":[{"embeddable":true,"href":"https:\/\/www.anovapeneira.gal\/index.php\/wp-json\/wp\/v2\/comments?post=9519"}],"version-history":[{"count":3,"href":"https:\/\/www.anovapeneira.gal\/index.php\/wp-json\/wp\/v2\/posts\/9519\/revisions"}],"predecessor-version":[{"id":9524,"href":"https:\/\/www.anovapeneira.gal\/index.php\/wp-json\/wp\/v2\/posts\/9519\/revisions\/9524"}],"wp:featuredmedia":[{"embeddable":true,"href":"https:\/\/www.anovapeneira.gal\/index.php\/wp-json\/wp\/v2\/media\/9520"}],"wp:attachment":[{"href":"https:\/\/www.anovapeneira.gal\/index.php\/wp-json\/wp\/v2\/media?parent=9519"}],"wp:term":[{"taxonomy":"category","embeddable":true,"href":"https:\/\/www.anovapeneira.gal\/index.php\/wp-json\/wp\/v2\/categories?post=9519"},{"taxonomy":"post_tag","embeddable":true,"href":"https:\/\/www.anovapeneira.gal\/index.php\/wp-json\/wp\/v2\/tags?post=9519"}],"curies":[{"name":"wp","href":"https:\/\/api.w.org\/{rel}","templated":true}]}}