{"id":9527,"date":"2023-04-28T10:00:28","date_gmt":"2023-04-28T08:00:28","guid":{"rendered":"https:\/\/www.anovapeneira.gal\/?p=9527"},"modified":"2023-04-25T13:18:43","modified_gmt":"2023-04-25T11:18:43","slug":"a-festa-do-choco-chega-a-redondela","status":"publish","type":"post","link":"https:\/\/www.anovapeneira.gal\/index.php\/2023\/04\/28\/a-festa-do-choco-chega-a-redondela\/","title":{"rendered":"A Festa do Choco chega a Redondela"},"content":{"rendered":"\n<p><strong>Un ano m\u00e1is un dos sinais de identidade m\u00e1is significativos da nosa vila, a festa do choco, ach\u00e9gase a Redondela. Para co\u00f1ecer as expectativas desta edici\u00f3n conversamos con Victorio, mari\u00f1eiro de 4\u00ba xeraci\u00f3n, e con 5 propietarias e propietarios de destacados locais nos que poderemos degustar o mellor choco de toda a V\u00eda L\u00e1ctea: O choco de Oro e a Chabola, estes de Chapela, o Gastro Bar, o Bar Estaci\u00f3n e o Guay de Redondela.<\/strong><\/p>\n\n\n\n<p><strong>Vitorio Muras mari\u00f1eiro redondel\u00e1n<\/strong><\/p>\n\n\n\n<p>\u201c <strong>O mellor choco \u00e9 sen d\u00fabida o de Redondela\u201d<\/strong><\/p>\n\n\n\n<p><strong>Ti es mari\u00f1eiro de 4\u00ba xeraci\u00f3n, xa co\u00f1eces de sobra o duro que \u00e9, como \u00e9 que decidiches continuar por ese cami\u00f1o?<\/strong><\/p>\n\n\n\n<blockquote class=\"wp-block-quote is-layout-flow wp-block-quote-is-layout-flow\">\n<p>Por vocaci\u00f3n e amor. Levo m\u00e1is de media vida no mar. Eu te\u00f1o 35 anos e comecei aos 16.<\/p>\n<\/blockquote>\n\n\n\n<p><strong>En concreto que \u00e9 o que capturas?<\/strong><\/p>\n\n\n\n<blockquote class=\"wp-block-quote is-layout-flow wp-block-quote-is-layout-flow\">\n<p>Depende da \u00e9poca do ano. Por exemplo en primavera chocos ou no ver\u00e1n sardi\u00f1as. Non se pode ir \u00e1 mesma especie todo o ano, te\u00f1en unhas vedas e hai que respectalas.<\/p>\n<\/blockquote>\n\n\n\n<p><strong>Canto tempo antes da festa do choco comezas coas capturas para cubrir a demanda ?<\/strong><\/p>\n\n\n\n<blockquote class=\"wp-block-quote is-layout-flow wp-block-quote-is-layout-flow\">\n<p>Un par de meses antes, pois hai moito choco que vai para empanadas e ese p\u00f3dese conxelar. Para os pratos do momento o choco \u00e9 fresco , claro.<\/p>\n<\/blockquote>\n\n\n\n<p><strong>O choco de Redondela \u00e9 especial?<\/strong><\/p>\n\n\n\n<blockquote class=\"wp-block-quote is-layout-flow wp-block-quote-is-layout-flow\">\n<p>Si, sen d\u00fabida si. A enseada de San Sim\u00f3n \u00e9 unha zona que recibe nutrientes diversos e presenta unhas caracter\u00edsticas distintivas que lle confiren a singularidade que pos\u00fae o noso choco.<\/p>\n<\/blockquote>\n\n\n\n<p><strong>Cal \u00e9 a arte que usas para pescar o choco?<\/strong><\/p>\n\n\n\n<blockquote class=\"wp-block-quote is-layout-flow wp-block-quote-is-layout-flow\">\n<p>Eu uso o Trasmallo.<\/p>\n<\/blockquote>\n\n\n\n<p><strong>E como levas este ano as vendas?<\/strong><\/p>\n\n\n\n<blockquote class=\"wp-block-quote is-layout-flow wp-block-quote-is-layout-flow\">\n<p>Parece que vai ben a cousa, que as expectativas son positivas. Non desboto que se movan arredor de 1.000 quilos de Choco<\/p>\n<\/blockquote>\n\n\n\n<p><strong>V\u00f3s facedes venda ao p\u00fablico?<\/strong><\/p>\n\n\n\n<blockquote class=\"wp-block-quote is-layout-flow wp-block-quote-is-layout-flow\">\n<p>Si, calquera particular pode achegarse \u00e1 lonxa e mercar o choco que necesite.<\/p>\n<\/blockquote>\n\n\n\n<p><strong>A marca de Choco de Redondela afectou en positivo?<\/strong><\/p>\n\n\n\n<blockquote class=\"wp-block-quote is-layout-flow wp-block-quote-is-layout-flow\">\n<p>Si, desde logo que si.<\/p>\n<\/blockquote>\n\n\n\n<p><strong>O Choco de Redondela p\u00f3dese distinguir de outro tipo de Chocos?<\/strong><\/p>\n\n\n\n<blockquote class=\"wp-block-quote is-layout-flow wp-block-quote-is-layout-flow\">\n<p>Se est\u00e1s afeito, coma min , a velos si que se distingue. O noso ten caracter\u00edsticas singulares a\u00ednda que as caracter\u00edsticas son similares. Pero o mellor choco \u00e9 o de Redondela sen d\u00fabida.<\/p>\n<\/blockquote>\n\n\n\n<p><strong>Ti tes unha filla. Gustar\u00edache que ela fora a 5\u00ba xeraci\u00f3n da t\u00faa familia que se dedica ao mar?<\/strong><\/p>\n\n\n\n<blockquote class=\"wp-block-quote is-layout-flow wp-block-quote-is-layout-flow\">\n<p>Por unha parte si, o mar deu de comer a moitas xeraci\u00f3ns da mi\u00f1a familia. E gustar\u00edame que a mi\u00f1a filla seguise ese cami\u00f1o de respecto \u00e1 natureza, pero por outra parte non. O traballo,especialmente nos d\u00edas de mal tempo, ten partes moi duras.<\/p>\n<\/blockquote>\n\n\n\n<h2 class=\"wp-block-heading\"><strong>Ant\u00eda Lorenzo , Restaurante A Chabola de Arealonga<\/strong><\/h2>\n\n\n\n<figure class=\"wp-block-image size-full\"><img loading=\"lazy\" decoding=\"async\" width=\"720\" height=\"432\" src=\"https:\/\/www.anovapeneira.gal\/wp-content\/uploads\/2023\/04\/antia_chabola.jpg\" alt=\"\" class=\"wp-image-9531\" srcset=\"https:\/\/www.anovapeneira.gal\/wp-content\/uploads\/2023\/04\/antia_chabola.jpg 720w, https:\/\/www.anovapeneira.gal\/wp-content\/uploads\/2023\/04\/antia_chabola-300x180.jpg 300w\" sizes=\"auto, (max-width: 720px) 100vw, 720px\" \/><\/figure>\n\n\n\n<p><strong>Cantos anos levas levando este local Ant\u00eda?<\/strong><\/p>\n\n\n\n<blockquote class=\"wp-block-quote is-layout-flow wp-block-quote-is-layout-flow\">\n<p>Este ano farei 10, comecei moi nova<\/p>\n<\/blockquote>\n\n\n\n<p><strong>Na chabola podemos degustar Chocos?<\/strong><\/p>\n\n\n\n<blockquote class=\"wp-block-quote is-layout-flow wp-block-quote-is-layout-flow\">\n<p>Por suposto que si, de grande calidade e polo que nos din os clientes est\u00e1n moi ricos .<\/p>\n<\/blockquote>\n\n\n\n<p><strong>Como o preparades?<\/strong><\/p>\n\n\n\n<blockquote class=\"wp-block-quote is-layout-flow wp-block-quote-is-layout-flow\">\n<p>Con arroz, arroz negro. E tam\u00e9n o podemos facer cocido na s\u00faa tinta con cebola e pementos acompa\u00f1ado de patacas fritidas e dous ovos.<\/p>\n<\/blockquote>\n\n\n\n<p><strong>Como incide a festa do Choco en Chapela?<\/strong><\/p>\n\n\n\n<blockquote class=\"wp-block-quote is-layout-flow wp-block-quote-is-layout-flow\">\n<p>Non incide o m\u00e1is m\u00ednimo. Eu creo que esa festa c\u00e9ntrase na promoci\u00f3n de Redondela vila, e non na promoci\u00f3n de Redondela concello.<\/p>\n<\/blockquote>\n\n\n\n<p><strong>Algunha vez presentastes alg\u00fan prato na festa?<\/strong><\/p>\n\n\n\n<p>Non, pero far\u00e9molo alg\u00fan ano seguro.<\/p>\n\n\n\n<h2 class=\"wp-block-heading\"><strong>Josu\u00e9 Puertas, Bar Guay Redondela<\/strong><\/h2>\n\n\n\n<figure class=\"wp-block-image size-full\"><img loading=\"lazy\" decoding=\"async\" width=\"720\" height=\"432\" src=\"https:\/\/www.anovapeneira.gal\/wp-content\/uploads\/2023\/04\/bar_guay.jpg\" alt=\"\" class=\"wp-image-9535\" srcset=\"https:\/\/www.anovapeneira.gal\/wp-content\/uploads\/2023\/04\/bar_guay.jpg 720w, https:\/\/www.anovapeneira.gal\/wp-content\/uploads\/2023\/04\/bar_guay-300x180.jpg 300w\" sizes=\"auto, (max-width: 720px) 100vw, 720px\" \/><\/figure>\n\n\n\n<p><strong>Canto tempo de vida ten o local que xa \u00e9 un referente na hostalar\u00eda de Redondela?<\/strong><\/p>\n\n\n\n<blockquote class=\"wp-block-quote is-layout-flow wp-block-quote-is-layout-flow\">\n<p>Moitas grazas, referente non sei se somos, pero uns anos si que temos xa, pois estamos desde o ano 1992. E como sabes tam\u00e9n estamos de noite. Ese servizo d\u00e1molo desde o 2003, 20 anos xa.<\/p>\n<\/blockquote>\n\n\n\n<p><strong>V\u00f3s non dades chocos, pois non servides comidas pero quer\u00eda co\u00f1ecer o criterio dun local do voso perfil para saber como, ao voso xu\u00edzo, infl\u00fae a festa do Choco na hostalar\u00eda de Redondela?<\/strong><\/p>\n\n\n\n<blockquote class=\"wp-block-quote is-layout-flow wp-block-quote-is-layout-flow\">\n<p>Pois f\u00edxate, n\u00f3s non damos comidas, e chocos tampouco, claro, pero d\u00edgoche de maneira rotunda qu esa festa incide en positivo sen ningunha d\u00fabida en Redondela. No noso local, tanto de d\u00eda como de noite, cando \u00e9 a festa do choco notamos unha presenza significativa de visitantes que non son clientes habituais.<\/p>\n<\/blockquote>\n\n\n\n<blockquote class=\"wp-block-quote is-layout-flow wp-block-quote-is-layout-flow\">\n<p>En concreto, polas noites, \u00e9 un dos d\u00edas m\u00e1is importantes do ano.<\/p>\n<\/blockquote>\n\n\n\n<p><strong>E esa percepci\u00f3n ser\u00e1 xeral na hostalar\u00eda de Redondela?<\/strong><\/p>\n\n\n\n<blockquote class=\"wp-block-quote is-layout-flow wp-block-quote-is-layout-flow\">\n<p>Baixo o meu punto de vista si. A xente m\u00f3vese , socializa e visita moitos sitios. E eu tam\u00e9n ehh.. a min enc\u00e1ntanme os chocos e vounos catar a todos os sitios onde podo.<\/p>\n<\/blockquote>\n\n\n\n<h2 class=\"wp-block-heading\"><strong>Santiago Figueroa Gastro Bar 78 de Redondela<\/strong><\/h2>\n\n\n\n<figure class=\"wp-block-image size-full\"><img loading=\"lazy\" decoding=\"async\" width=\"720\" height=\"432\" src=\"https:\/\/www.anovapeneira.gal\/wp-content\/uploads\/2023\/04\/santi_gastro_bar.jpg\" alt=\"\" class=\"wp-image-9538\" srcset=\"https:\/\/www.anovapeneira.gal\/wp-content\/uploads\/2023\/04\/santi_gastro_bar.jpg 720w, https:\/\/www.anovapeneira.gal\/wp-content\/uploads\/2023\/04\/santi_gastro_bar-300x180.jpg 300w\" sizes=\"auto, (max-width: 720px) 100vw, 720px\" \/><\/figure>\n\n\n\n<p><strong>Cantos anos levas co local ?<\/strong><\/p>\n\n\n\n<blockquote class=\"wp-block-quote is-layout-flow wp-block-quote-is-layout-flow\">\n<p>Pois xa levamos 7 anos, o tempo pasa moi r\u00e1pido.<\/p>\n<\/blockquote>\n\n\n\n<p><strong>Algunha vez participastes na festa do Choco?<\/strong><\/p>\n\n\n\n<blockquote class=\"wp-block-quote is-layout-flow wp-block-quote-is-layout-flow\">\n<p>Si, desde que empezamos sempre estivemos presentes.<\/p>\n<\/blockquote>\n\n\n\n<p><strong>Nas festas do Choco no teu bar podemos desgustalo verdade?<\/strong><\/p>\n\n\n\n<blockquote class=\"wp-block-quote is-layout-flow wp-block-quote-is-layout-flow\">\n<p>Si, no tempo dese evento estaremos encantados de atender a quen se achegue polo noso local a probar o choco con n\u00f3s.<\/p>\n<\/blockquote>\n\n\n\n<p><strong>Como o preparades v\u00f3s?<\/strong><\/p>\n\n\n\n<blockquote class=\"wp-block-quote is-layout-flow wp-block-quote-is-layout-flow\">\n<p>Este ano teremos: Croquetas de choco con ali oli, hamburguesa de choco, canel\u00f3ns de choco e por \u00faltimo o que nunca pode faltar que son os chocos na s\u00faa tinta.A hamburguesa \u00e9 o \u00fanico que repetimos cada ano pois ten unha demanda moi grande. No resto de pratos variamos cada ano.<\/p>\n<\/blockquote>\n\n\n\n<p><strong>O teu local est\u00e1 no centro da vila. Como incide a festa do Choco?<\/strong><\/p>\n\n\n\n<blockquote class=\"wp-block-quote is-layout-flow wp-block-quote-is-layout-flow\">\n<p>Incide en positivo, si. V\u00e9ndemos bastante choco e ven xente a visitarnos que non son clientes habituais.<\/p>\n<\/blockquote>\n\n\n\n<h2 class=\"wp-block-heading\"><strong>M\u00f3nica Villar, \u201cChoco de Oro\u201d Area longa<\/strong><\/h2>\n\n\n\n<figure class=\"wp-block-image size-full\"><img loading=\"lazy\" decoding=\"async\" width=\"720\" height=\"432\" src=\"https:\/\/www.anovapeneira.gal\/wp-content\/uploads\/2023\/04\/monica_choco_oro.jpg\" alt=\"\" class=\"wp-image-9541\" srcset=\"https:\/\/www.anovapeneira.gal\/wp-content\/uploads\/2023\/04\/monica_choco_oro.jpg 720w, https:\/\/www.anovapeneira.gal\/wp-content\/uploads\/2023\/04\/monica_choco_oro-300x180.jpg 300w\" sizes=\"auto, (max-width: 720px) 100vw, 720px\" \/><\/figure>\n\n\n\n<p><strong>Por que o nome do local?<\/strong><\/p>\n\n\n\n<blockquote class=\"wp-block-quote is-layout-flow wp-block-quote-is-layout-flow\">\n<p>N\u00f3s levamos cerca dun ano e medio co local e xa ti\u00f1a este nome. Non llo mudamos porque nos pareceu apropiado pois este concello ten unha moi importante vinculaci\u00f3n co Choco.<\/p>\n<\/blockquote>\n\n\n\n<p><strong>Na carta temos chocos?<\/strong><\/p>\n\n\n\n<blockquote class=\"wp-block-quote is-layout-flow wp-block-quote-is-layout-flow\">\n<p>Por descontado. Aproveito para convidar aos lectores e lectoras a que se cheguen a probalos pois quedan moi ricos<\/p>\n<\/blockquote>\n\n\n\n<p><strong>Como os preparades?<\/strong><\/p>\n\n\n\n<blockquote class=\"wp-block-quote is-layout-flow wp-block-quote-is-layout-flow\">\n<p>\u00c1 prancha e na s\u00faa tinta.<\/p>\n<\/blockquote>\n\n\n\n<p><strong>En nada teremos a festa do Choco. Como incide en Chapela?<\/strong><\/p>\n\n\n\n<blockquote class=\"wp-block-quote is-layout-flow wp-block-quote-is-layout-flow\">\n<p>Non incide nada, nada en absoluto.<\/p>\n<\/blockquote>\n\n\n\n<p><strong>Algunha vez presentastes un prato na festa?<\/strong><\/p>\n\n\n\n<blockquote class=\"wp-block-quote is-layout-flow wp-block-quote-is-layout-flow\">\n<p>De momento non. Teremos que valoralo<\/p>\n<\/blockquote>\n\n\n\n<h2 class=\"wp-block-heading\"><strong><strong>Benito Soto, Bar da Estaci\u00f3n<\/strong><\/strong><\/h2>\n\n\n\n<figure class=\"wp-block-image size-full\"><img loading=\"lazy\" decoding=\"async\" width=\"720\" height=\"432\" src=\"https:\/\/www.anovapeneira.gal\/wp-content\/uploads\/2023\/04\/estacion_benito.jpg\" alt=\"\" class=\"wp-image-9544\" srcset=\"https:\/\/www.anovapeneira.gal\/wp-content\/uploads\/2023\/04\/estacion_benito.jpg 720w, https:\/\/www.anovapeneira.gal\/wp-content\/uploads\/2023\/04\/estacion_benito-300x180.jpg 300w\" sizes=\"auto, (max-width: 720px) 100vw, 720px\" \/><\/figure>\n\n\n\n<p><strong>Cantos anos levas co negocio?<\/strong><\/p>\n\n\n\n<blockquote class=\"wp-block-quote is-layout-flow wp-block-quote-is-layout-flow\">\n<p>Toda unha vida, levamos 35 anos.<\/p>\n<\/blockquote>\n\n\n\n<p><strong>Eu sei, porque xa os te\u00f1o gozado, que aqu\u00ed preparades uns chocos exquisitos. Como os facedes?<\/strong><\/p>\n\n\n\n<blockquote class=\"wp-block-quote is-layout-flow wp-block-quote-is-layout-flow\">\n<p>Ha, ha, ha, moitas grazas. Exquisitos non sei, pero que lle pomos todo o cari\u00f1o do mundo ten por certo que si. Sobre todo facemos empanadas e empanadillas. Malia que tam\u00e9n facemos chocos con arroz e ameixas.<\/p>\n<\/blockquote>\n\n\n\n<p><strong>E ti que es coci\u00f1eiro de que maneira prefires o choco?<\/strong><\/p>\n\n\n\n<blockquote class=\"wp-block-quote is-layout-flow wp-block-quote-is-layout-flow\">\n<p>O Choco de Redondela d\u00e1 igual como o fagas. A materia prima \u00e9 de calidade inigualable co que est\u00e1 exquisito sempre.<\/p>\n<\/blockquote>\n\n\n\n<p><strong>O choco de Redondela \u00e9 singular?<\/strong><\/p>\n\n\n\n<blockquote class=\"wp-block-quote is-layout-flow wp-block-quote-is-layout-flow\">\n<p>Si, ten unha forma caracter\u00edstica algo m\u00e1is redondeado que os de outras zonas.<\/p>\n<\/blockquote>\n\n\n\n<p><strong>E no sabor?<\/strong><\/p>\n\n\n\n<blockquote class=\"wp-block-quote is-layout-flow wp-block-quote-is-layout-flow\">\n<p>Home\u00a1\u00a1\u00a1\u00a1.O Choco de Redondela \u00e9 o mellor choco do mundo.<\/p>\n<\/blockquote>\n\n\n\n<p><strong>Creo que ti exportas empanada de chocos a moitos sitios ?<\/strong><\/p>\n\n\n\n<blockquote class=\"wp-block-quote is-layout-flow wp-block-quote-is-layout-flow\">\n<p>Pois si, a moitos sitios de Espa\u00f1a e a parte do estranxeiro .Incluso temos mandado algunha empanada para Xap\u00f3n.<\/p>\n<\/blockquote>\n\n\n\n<p><strong>Hai unha lenda urbana que di que o tren de Madrid paraba aqu\u00ed 5 ou 10 minutos e ti estabas xa preparado na porta coas empanadas?<\/strong><\/p>\n\n\n\n<blockquote class=\"wp-block-quote is-layout-flow wp-block-quote-is-layout-flow\">\n<p>Ha ha ha, pois algo diso si que \u00e9 certo.<\/p>\n<\/blockquote>\n\n\n\n<p><strong>O teu negocio non est\u00e1 no casco de Redondela. A Festa do Choco incide algo no teu local?<\/strong><\/p>\n\n\n\n<blockquote class=\"wp-block-quote is-layout-flow wp-block-quote-is-layout-flow\">\n<p>Si, si que incide. Preparamos unha cantidade moi importante de empanadas para levar. Creo que o tecido da hostalar\u00eda de Redondela debera organizarse para tratar de vender choco moito m\u00e1is tempo que o que \u00e9 a festa propiamente dita. A demanda \u00e9 moi importante e a oferta non a atende o suficiente creo eu. Eu te\u00f1o choco conxelado para vender todo o ano.<\/p>\n<\/blockquote>\n","protected":false},"excerpt":{"rendered":"<div class=\"mh-excerpt\"><p>Un ano m\u00e1is un dos sinais de identidade m\u00e1is significativos da nosa vila, a festa do choco, ach\u00e9gase a Redondela <a class=\"mh-excerpt-more\" href=\"https:\/\/www.anovapeneira.gal\/index.php\/2023\/04\/28\/a-festa-do-choco-chega-a-redondela\/\" title=\"A Festa do Choco chega a Redondela\">[&#8230;]<\/a><\/p>\n<\/div>","protected":false},"author":6,"featured_media":9528,"comment_status":"open","ping_status":"open","sticky":false,"template":"","format":"standard","meta":{"_exactmetrics_skip_tracking":false,"_exactmetrics_sitenote_active":false,"_exactmetrics_sitenote_note":"","_exactmetrics_sitenote_category":0,"footnotes":""},"categories":[495],"tags":[171],"class_list":{"0":"post-9527","1":"post","2":"type-post","3":"status-publish","4":"format-standard","5":"has-post-thumbnail","7":"category-redondela-reportaxes","8":"tag-concello-de-redondela"},"yoast_head":"<!-- This site is optimized with the Yoast SEO plugin v27.4 - https:\/\/yoast.com\/product\/yoast-seo-wordpress\/ -->\n<title>A Festa do Choco chega a Redondela -<\/title>\n<meta name=\"description\" content=\"Un ano m\u00e1is un dos sinais de identidade m\u00e1is significativos da nosa vila, a festa do choco, ach\u00e9gase a Redondela\" \/>\n<meta name=\"robots\" content=\"index, follow, max-snippet:-1, max-image-preview:large, max-video-preview:-1\" \/>\n<link rel=\"canonical\" href=\"https:\/\/www.anovapeneira.gal\/index.php\/2023\/04\/28\/a-festa-do-choco-chega-a-redondela\/\" \/>\n<meta property=\"og:locale\" content=\"gl_ES\" \/>\n<meta property=\"og:type\" content=\"article\" \/>\n<meta property=\"og:title\" content=\"A Festa do Choco chega a Redondela -\" \/>\n<meta property=\"og:description\" content=\"Un ano m\u00e1is un dos sinais de identidade m\u00e1is significativos da nosa vila, a festa do choco, ach\u00e9gase a Redondela\" \/>\n<meta property=\"og:url\" content=\"https:\/\/www.anovapeneira.gal\/index.php\/2023\/04\/28\/a-festa-do-choco-chega-a-redondela\/\" \/>\n<meta property=\"article:publisher\" content=\"https:\/\/www.facebook.com\/anovapeneira\" \/>\n<meta property=\"article:published_time\" content=\"2023-04-28T08:00:28+00:00\" \/>\n<meta property=\"og:image\" content=\"https:\/\/www.anovapeneira.gal\/wp-content\/uploads\/2023\/04\/vitorio_marinero.jpg\" \/>\n\t<meta property=\"og:image:width\" content=\"720\" \/>\n\t<meta property=\"og:image:height\" content=\"432\" \/>\n\t<meta property=\"og:image:type\" content=\"image\/jpeg\" \/>\n<meta name=\"author\" content=\"Marcos Santos\" \/>\n<meta name=\"twitter:card\" content=\"summary_large_image\" \/>\n<meta name=\"twitter:creator\" content=\"@APeneira\" \/>\n<meta name=\"twitter:site\" content=\"@APeneira\" \/>\n<meta name=\"twitter:label1\" content=\"Escrito por\" \/>\n\t<meta name=\"twitter:data1\" content=\"Marcos Santos\" \/>\n\t<meta name=\"twitter:label2\" content=\"Tempo de lectura\" \/>\n\t<meta name=\"twitter:data2\" content=\"8 minutos\" \/>\n<script type=\"application\/ld+json\" class=\"yoast-schema-graph\">{\"@context\":\"https:\\\/\\\/schema.org\",\"@graph\":[{\"@type\":\"Article\",\"@id\":\"https:\\\/\\\/www.anovapeneira.gal\\\/index.php\\\/2023\\\/04\\\/28\\\/a-festa-do-choco-chega-a-redondela\\\/#article\",\"isPartOf\":{\"@id\":\"https:\\\/\\\/www.anovapeneira.gal\\\/index.php\\\/2023\\\/04\\\/28\\\/a-festa-do-choco-chega-a-redondela\\\/\"},\"author\":{\"name\":\"Marcos Santos\",\"@id\":\"https:\\\/\\\/www.anovapeneira.gal\\\/#\\\/schema\\\/person\\\/d9d84823564720e7593293bab054e52d\"},\"headline\":\"A Festa do Choco chega a Redondela\",\"datePublished\":\"2023-04-28T08:00:28+00:00\",\"mainEntityOfPage\":{\"@id\":\"https:\\\/\\\/www.anovapeneira.gal\\\/index.php\\\/2023\\\/04\\\/28\\\/a-festa-do-choco-chega-a-redondela\\\/\"},\"wordCount\":1349,\"commentCount\":0,\"publisher\":{\"@id\":\"https:\\\/\\\/www.anovapeneira.gal\\\/#organization\"},\"image\":{\"@id\":\"https:\\\/\\\/www.anovapeneira.gal\\\/index.php\\\/2023\\\/04\\\/28\\\/a-festa-do-choco-chega-a-redondela\\\/#primaryimage\"},\"thumbnailUrl\":\"https:\\\/\\\/www.anovapeneira.gal\\\/wp-content\\\/uploads\\\/2023\\\/04\\\/vitorio_marinero.jpg\",\"keywords\":[\"Concello de Redondela\"],\"articleSection\":[\"Redondela\"],\"inLanguage\":\"gl-ES\",\"potentialAction\":[{\"@type\":\"CommentAction\",\"name\":\"Comment\",\"target\":[\"https:\\\/\\\/www.anovapeneira.gal\\\/index.php\\\/2023\\\/04\\\/28\\\/a-festa-do-choco-chega-a-redondela\\\/#respond\"]}]},{\"@type\":\"WebPage\",\"@id\":\"https:\\\/\\\/www.anovapeneira.gal\\\/index.php\\\/2023\\\/04\\\/28\\\/a-festa-do-choco-chega-a-redondela\\\/\",\"url\":\"https:\\\/\\\/www.anovapeneira.gal\\\/index.php\\\/2023\\\/04\\\/28\\\/a-festa-do-choco-chega-a-redondela\\\/\",\"name\":\"A Festa do Choco chega a Redondela -\",\"isPartOf\":{\"@id\":\"https:\\\/\\\/www.anovapeneira.gal\\\/#website\"},\"primaryImageOfPage\":{\"@id\":\"https:\\\/\\\/www.anovapeneira.gal\\\/index.php\\\/2023\\\/04\\\/28\\\/a-festa-do-choco-chega-a-redondela\\\/#primaryimage\"},\"image\":{\"@id\":\"https:\\\/\\\/www.anovapeneira.gal\\\/index.php\\\/2023\\\/04\\\/28\\\/a-festa-do-choco-chega-a-redondela\\\/#primaryimage\"},\"thumbnailUrl\":\"https:\\\/\\\/www.anovapeneira.gal\\\/wp-content\\\/uploads\\\/2023\\\/04\\\/vitorio_marinero.jpg\",\"datePublished\":\"2023-04-28T08:00:28+00:00\",\"description\":\"Un ano m\u00e1is un dos sinais de identidade m\u00e1is significativos da nosa vila, a festa do choco, ach\u00e9gase a Redondela\",\"breadcrumb\":{\"@id\":\"https:\\\/\\\/www.anovapeneira.gal\\\/index.php\\\/2023\\\/04\\\/28\\\/a-festa-do-choco-chega-a-redondela\\\/#breadcrumb\"},\"inLanguage\":\"gl-ES\",\"potentialAction\":[{\"@type\":\"ReadAction\",\"target\":[\"https:\\\/\\\/www.anovapeneira.gal\\\/index.php\\\/2023\\\/04\\\/28\\\/a-festa-do-choco-chega-a-redondela\\\/\"]}]},{\"@type\":\"ImageObject\",\"inLanguage\":\"gl-ES\",\"@id\":\"https:\\\/\\\/www.anovapeneira.gal\\\/index.php\\\/2023\\\/04\\\/28\\\/a-festa-do-choco-chega-a-redondela\\\/#primaryimage\",\"url\":\"https:\\\/\\\/www.anovapeneira.gal\\\/wp-content\\\/uploads\\\/2023\\\/04\\\/vitorio_marinero.jpg\",\"contentUrl\":\"https:\\\/\\\/www.anovapeneira.gal\\\/wp-content\\\/uploads\\\/2023\\\/04\\\/vitorio_marinero.jpg\",\"width\":720,\"height\":432,\"caption\":\"Choco Redondela Vitoria muras\"},{\"@type\":\"BreadcrumbList\",\"@id\":\"https:\\\/\\\/www.anovapeneira.gal\\\/index.php\\\/2023\\\/04\\\/28\\\/a-festa-do-choco-chega-a-redondela\\\/#breadcrumb\",\"itemListElement\":[{\"@type\":\"ListItem\",\"position\":1,\"name\":\"Portada\",\"item\":\"https:\\\/\\\/www.anovapeneira.gal\\\/\"},{\"@type\":\"ListItem\",\"position\":2,\"name\":\"A Festa do Choco chega a Redondela\"}]},{\"@type\":\"WebSite\",\"@id\":\"https:\\\/\\\/www.anovapeneira.gal\\\/#website\",\"url\":\"https:\\\/\\\/www.anovapeneira.gal\\\/\",\"name\":\"\",\"description\":\"Xornal galego de informaci\u00f3n xeral Publicaci\u00f3n mensual de novas de Galicia e en especial dos Concellos da sur da provincia de Pontevedra.\",\"publisher\":{\"@id\":\"https:\\\/\\\/www.anovapeneira.gal\\\/#organization\"},\"potentialAction\":[{\"@type\":\"SearchAction\",\"target\":{\"@type\":\"EntryPoint\",\"urlTemplate\":\"https:\\\/\\\/www.anovapeneira.gal\\\/?s={search_term_string}\"},\"query-input\":{\"@type\":\"PropertyValueSpecification\",\"valueRequired\":true,\"valueName\":\"search_term_string\"}}],\"inLanguage\":\"gl-ES\"},{\"@type\":\"Organization\",\"@id\":\"https:\\\/\\\/www.anovapeneira.gal\\\/#organization\",\"name\":\"A Nova Peneira\",\"url\":\"https:\\\/\\\/www.anovapeneira.gal\\\/\",\"logo\":{\"@type\":\"ImageObject\",\"inLanguage\":\"gl-ES\",\"@id\":\"https:\\\/\\\/www.anovapeneira.gal\\\/#\\\/schema\\\/logo\\\/image\\\/\",\"url\":\"http:\\\/\\\/www.anovapeneira.gal\\\/wp-content\\\/uploads\\\/2019\\\/06\\\/logo_a_nova_peneira_portal_web.png\",\"contentUrl\":\"http:\\\/\\\/www.anovapeneira.gal\\\/wp-content\\\/uploads\\\/2019\\\/06\\\/logo_a_nova_peneira_portal_web.png\",\"width\":300,\"height\":100,\"caption\":\"A Nova Peneira\"},\"image\":{\"@id\":\"https:\\\/\\\/www.anovapeneira.gal\\\/#\\\/schema\\\/logo\\\/image\\\/\"},\"sameAs\":[\"https:\\\/\\\/www.facebook.com\\\/anovapeneira\",\"https:\\\/\\\/x.com\\\/APeneira\"]},{\"@type\":\"Person\",\"@id\":\"https:\\\/\\\/www.anovapeneira.gal\\\/#\\\/schema\\\/person\\\/d9d84823564720e7593293bab054e52d\",\"name\":\"Marcos Santos\",\"image\":{\"@type\":\"ImageObject\",\"inLanguage\":\"gl-ES\",\"@id\":\"https:\\\/\\\/secure.gravatar.com\\\/avatar\\\/0e8017099a7a47c0a9d2275e865fe326484561eb3d70649069e4b8e61a8d2e8c?s=96&d=mm&r=g\",\"url\":\"https:\\\/\\\/secure.gravatar.com\\\/avatar\\\/0e8017099a7a47c0a9d2275e865fe326484561eb3d70649069e4b8e61a8d2e8c?s=96&d=mm&r=g\",\"contentUrl\":\"https:\\\/\\\/secure.gravatar.com\\\/avatar\\\/0e8017099a7a47c0a9d2275e865fe326484561eb3d70649069e4b8e61a8d2e8c?s=96&d=mm&r=g\",\"caption\":\"Marcos Santos\"},\"sameAs\":[\"http:\\\/\\\/anovapeneira.gal\"],\"url\":\"https:\\\/\\\/www.anovapeneira.gal\\\/index.php\\\/author\\\/marcos-santos\\\/\"}]}<\/script>\n<!-- \/ Yoast SEO plugin. -->","yoast_head_json":{"title":"A Festa do Choco chega a Redondela -","description":"Un ano m\u00e1is un dos sinais de identidade m\u00e1is significativos da nosa vila, a festa do choco, ach\u00e9gase a Redondela","robots":{"index":"index","follow":"follow","max-snippet":"max-snippet:-1","max-image-preview":"max-image-preview:large","max-video-preview":"max-video-preview:-1"},"canonical":"https:\/\/www.anovapeneira.gal\/index.php\/2023\/04\/28\/a-festa-do-choco-chega-a-redondela\/","og_locale":"gl_ES","og_type":"article","og_title":"A Festa do Choco chega a Redondela -","og_description":"Un ano m\u00e1is un dos sinais de identidade m\u00e1is significativos da nosa vila, a festa do choco, ach\u00e9gase a Redondela","og_url":"https:\/\/www.anovapeneira.gal\/index.php\/2023\/04\/28\/a-festa-do-choco-chega-a-redondela\/","article_publisher":"https:\/\/www.facebook.com\/anovapeneira","article_published_time":"2023-04-28T08:00:28+00:00","og_image":[{"width":720,"height":432,"url":"https:\/\/www.anovapeneira.gal\/wp-content\/uploads\/2023\/04\/vitorio_marinero.jpg","type":"image\/jpeg"}],"author":"Marcos Santos","twitter_card":"summary_large_image","twitter_creator":"@APeneira","twitter_site":"@APeneira","twitter_misc":{"Escrito por":"Marcos Santos","Tempo de lectura":"8 minutos"},"schema":{"@context":"https:\/\/schema.org","@graph":[{"@type":"Article","@id":"https:\/\/www.anovapeneira.gal\/index.php\/2023\/04\/28\/a-festa-do-choco-chega-a-redondela\/#article","isPartOf":{"@id":"https:\/\/www.anovapeneira.gal\/index.php\/2023\/04\/28\/a-festa-do-choco-chega-a-redondela\/"},"author":{"name":"Marcos Santos","@id":"https:\/\/www.anovapeneira.gal\/#\/schema\/person\/d9d84823564720e7593293bab054e52d"},"headline":"A Festa do Choco chega a Redondela","datePublished":"2023-04-28T08:00:28+00:00","mainEntityOfPage":{"@id":"https:\/\/www.anovapeneira.gal\/index.php\/2023\/04\/28\/a-festa-do-choco-chega-a-redondela\/"},"wordCount":1349,"commentCount":0,"publisher":{"@id":"https:\/\/www.anovapeneira.gal\/#organization"},"image":{"@id":"https:\/\/www.anovapeneira.gal\/index.php\/2023\/04\/28\/a-festa-do-choco-chega-a-redondela\/#primaryimage"},"thumbnailUrl":"https:\/\/www.anovapeneira.gal\/wp-content\/uploads\/2023\/04\/vitorio_marinero.jpg","keywords":["Concello de Redondela"],"articleSection":["Redondela"],"inLanguage":"gl-ES","potentialAction":[{"@type":"CommentAction","name":"Comment","target":["https:\/\/www.anovapeneira.gal\/index.php\/2023\/04\/28\/a-festa-do-choco-chega-a-redondela\/#respond"]}]},{"@type":"WebPage","@id":"https:\/\/www.anovapeneira.gal\/index.php\/2023\/04\/28\/a-festa-do-choco-chega-a-redondela\/","url":"https:\/\/www.anovapeneira.gal\/index.php\/2023\/04\/28\/a-festa-do-choco-chega-a-redondela\/","name":"A Festa do Choco chega a Redondela -","isPartOf":{"@id":"https:\/\/www.anovapeneira.gal\/#website"},"primaryImageOfPage":{"@id":"https:\/\/www.anovapeneira.gal\/index.php\/2023\/04\/28\/a-festa-do-choco-chega-a-redondela\/#primaryimage"},"image":{"@id":"https:\/\/www.anovapeneira.gal\/index.php\/2023\/04\/28\/a-festa-do-choco-chega-a-redondela\/#primaryimage"},"thumbnailUrl":"https:\/\/www.anovapeneira.gal\/wp-content\/uploads\/2023\/04\/vitorio_marinero.jpg","datePublished":"2023-04-28T08:00:28+00:00","description":"Un ano m\u00e1is un dos sinais de identidade m\u00e1is significativos da nosa vila, a festa do choco, ach\u00e9gase a Redondela","breadcrumb":{"@id":"https:\/\/www.anovapeneira.gal\/index.php\/2023\/04\/28\/a-festa-do-choco-chega-a-redondela\/#breadcrumb"},"inLanguage":"gl-ES","potentialAction":[{"@type":"ReadAction","target":["https:\/\/www.anovapeneira.gal\/index.php\/2023\/04\/28\/a-festa-do-choco-chega-a-redondela\/"]}]},{"@type":"ImageObject","inLanguage":"gl-ES","@id":"https:\/\/www.anovapeneira.gal\/index.php\/2023\/04\/28\/a-festa-do-choco-chega-a-redondela\/#primaryimage","url":"https:\/\/www.anovapeneira.gal\/wp-content\/uploads\/2023\/04\/vitorio_marinero.jpg","contentUrl":"https:\/\/www.anovapeneira.gal\/wp-content\/uploads\/2023\/04\/vitorio_marinero.jpg","width":720,"height":432,"caption":"Choco Redondela Vitoria muras"},{"@type":"BreadcrumbList","@id":"https:\/\/www.anovapeneira.gal\/index.php\/2023\/04\/28\/a-festa-do-choco-chega-a-redondela\/#breadcrumb","itemListElement":[{"@type":"ListItem","position":1,"name":"Portada","item":"https:\/\/www.anovapeneira.gal\/"},{"@type":"ListItem","position":2,"name":"A Festa do Choco chega a Redondela"}]},{"@type":"WebSite","@id":"https:\/\/www.anovapeneira.gal\/#website","url":"https:\/\/www.anovapeneira.gal\/","name":"","description":"Xornal galego de informaci\u00f3n xeral Publicaci\u00f3n mensual de novas de Galicia e en especial dos Concellos da sur da provincia de Pontevedra.","publisher":{"@id":"https:\/\/www.anovapeneira.gal\/#organization"},"potentialAction":[{"@type":"SearchAction","target":{"@type":"EntryPoint","urlTemplate":"https:\/\/www.anovapeneira.gal\/?s={search_term_string}"},"query-input":{"@type":"PropertyValueSpecification","valueRequired":true,"valueName":"search_term_string"}}],"inLanguage":"gl-ES"},{"@type":"Organization","@id":"https:\/\/www.anovapeneira.gal\/#organization","name":"A Nova Peneira","url":"https:\/\/www.anovapeneira.gal\/","logo":{"@type":"ImageObject","inLanguage":"gl-ES","@id":"https:\/\/www.anovapeneira.gal\/#\/schema\/logo\/image\/","url":"http:\/\/www.anovapeneira.gal\/wp-content\/uploads\/2019\/06\/logo_a_nova_peneira_portal_web.png","contentUrl":"http:\/\/www.anovapeneira.gal\/wp-content\/uploads\/2019\/06\/logo_a_nova_peneira_portal_web.png","width":300,"height":100,"caption":"A Nova Peneira"},"image":{"@id":"https:\/\/www.anovapeneira.gal\/#\/schema\/logo\/image\/"},"sameAs":["https:\/\/www.facebook.com\/anovapeneira","https:\/\/x.com\/APeneira"]},{"@type":"Person","@id":"https:\/\/www.anovapeneira.gal\/#\/schema\/person\/d9d84823564720e7593293bab054e52d","name":"Marcos Santos","image":{"@type":"ImageObject","inLanguage":"gl-ES","@id":"https:\/\/secure.gravatar.com\/avatar\/0e8017099a7a47c0a9d2275e865fe326484561eb3d70649069e4b8e61a8d2e8c?s=96&d=mm&r=g","url":"https:\/\/secure.gravatar.com\/avatar\/0e8017099a7a47c0a9d2275e865fe326484561eb3d70649069e4b8e61a8d2e8c?s=96&d=mm&r=g","contentUrl":"https:\/\/secure.gravatar.com\/avatar\/0e8017099a7a47c0a9d2275e865fe326484561eb3d70649069e4b8e61a8d2e8c?s=96&d=mm&r=g","caption":"Marcos Santos"},"sameAs":["http:\/\/anovapeneira.gal"],"url":"https:\/\/www.anovapeneira.gal\/index.php\/author\/marcos-santos\/"}]}},"jetpack_featured_media_url":"https:\/\/www.anovapeneira.gal\/wp-content\/uploads\/2023\/04\/vitorio_marinero.jpg","_links":{"self":[{"href":"https:\/\/www.anovapeneira.gal\/index.php\/wp-json\/wp\/v2\/posts\/9527","targetHints":{"allow":["GET"]}}],"collection":[{"href":"https:\/\/www.anovapeneira.gal\/index.php\/wp-json\/wp\/v2\/posts"}],"about":[{"href":"https:\/\/www.anovapeneira.gal\/index.php\/wp-json\/wp\/v2\/types\/post"}],"author":[{"embeddable":true,"href":"https:\/\/www.anovapeneira.gal\/index.php\/wp-json\/wp\/v2\/users\/6"}],"replies":[{"embeddable":true,"href":"https:\/\/www.anovapeneira.gal\/index.php\/wp-json\/wp\/v2\/comments?post=9527"}],"version-history":[{"count":7,"href":"https:\/\/www.anovapeneira.gal\/index.php\/wp-json\/wp\/v2\/posts\/9527\/revisions"}],"predecessor-version":[{"id":9545,"href":"https:\/\/www.anovapeneira.gal\/index.php\/wp-json\/wp\/v2\/posts\/9527\/revisions\/9545"}],"wp:featuredmedia":[{"embeddable":true,"href":"https:\/\/www.anovapeneira.gal\/index.php\/wp-json\/wp\/v2\/media\/9528"}],"wp:attachment":[{"href":"https:\/\/www.anovapeneira.gal\/index.php\/wp-json\/wp\/v2\/media?parent=9527"}],"wp:term":[{"taxonomy":"category","embeddable":true,"href":"https:\/\/www.anovapeneira.gal\/index.php\/wp-json\/wp\/v2\/categories?post=9527"},{"taxonomy":"post_tag","embeddable":true,"href":"https:\/\/www.anovapeneira.gal\/index.php\/wp-json\/wp\/v2\/tags?post=9527"}],"curies":[{"name":"wp","href":"https:\/\/api.w.org\/{rel}","templated":true}]}}