{"id":958,"date":"2019-08-19T12:00:55","date_gmt":"2019-08-19T10:00:55","guid":{"rendered":"http:\/\/www.anovapeneira.gal\/?p=958"},"modified":"2019-08-17T17:27:20","modified_gmt":"2019-08-17T15:27:20","slug":"o-morrazo-acollera-un-ano-mais-as-xornadas-etnograficas-para-reivindicar-a-tradicion-e-a-modernidade","status":"publish","type":"post","link":"https:\/\/www.anovapeneira.gal\/index.php\/2019\/08\/19\/o-morrazo-acollera-un-ano-mais-as-xornadas-etnograficas-para-reivindicar-a-tradicion-e-a-modernidade\/","title":{"rendered":"O Morrazo acoller\u00e1 un ano m\u00e1is as Xornadas Etnogr\u00e1ficas para reivindicar  a tradici\u00f3n e a modernidade"},"content":{"rendered":"\n<h2 class=\"wp-block-heading\"><strong>Xos\u00e9 Leal, concelleiro de cultura, salientou que este evento potencia a cultura propia e a etnograf\u00eda da comarca<\/strong> <\/h2>\n\n\n\n<h2 class=\"wp-block-heading\"><strong>O domingo 18 de agosto, celebrouse un desfile do traxe tradicional galego no Campo da Estacada, en Bueu<\/strong> <\/h2>\n\n\n\n<p> <strong>Bueu, 14 de agosto de 2019<\/strong><\/p>\n\n\n\n<p>A comarca do Morrazo celebrar\u00e1 do 16 ao 25 de agosto as Xornadas Etnogr\u00e1ficas, nas que po\u00f1er\u00e1n en valor a m\u00fasica, o baile, o traxe e a concienciaci\u00f3n medioambiental. A mostra est\u00e1 organizada pola Asociaci\u00f3n Cultural Peis D\u2019Hos e conta co apoio da Mancomunidade de Concellos do Morrazo e da Deputaci\u00f3n de Pontevedra, entre outras instituci\u00f3ns e patrocinadores. As\u00ed o salientou Miguel Sotelo, representante de Peis D\u2019Hos, na rolda de prensa celebrada este m\u00e9rcores no exterior da Praza de Abastos de Bueu, na que tam\u00e9n estiveron presentes F\u00e9lix Juncal, alcalde de Bueu, Xos\u00e9 Leal, concelleiro de cultura bueu\u00e9s, Marta Freire, tenente alcalde de Moa\u00f1a, Carlos Juncal, concelleiro de cultura deste municipio, e Coral R\u00edos, edil de turismo.  <\/p>\n\n\n\n<p>\nLeal  salientou a\nimportancia de eventos coma estes, pois \u201cpotencian a cultura propia\ne a etnograf\u00eda da comarca\u201d, e \u201ctam\u00e9n reivindican a\nconcienciaci\u00f3n medioambiental\u201d. \n<\/p>\n\n\n\n<p>\nAs xornadas\narrancar\u00e1n o 16 coa inauguraci\u00f3n \u00e1s 12.00 h dunha exposici\u00f3n\nsobre a gaita na m\u00fasica tradicional galega, que se poder\u00e1 ver no 1\u00ba\nandar do Concello de Cangas, e que est\u00e1 organizada pola Deputaci\u00f3n\nde Pontevedra. Ese mesmo d\u00eda, \u00e1s 20.00 h, no Clube de Xubilados da\nlocalidade moa\u00f1esa de Meira, iniciarase unha mostra sobre o traxe\nalde\u00e1n de garda nas terras de Lugo, a cargo de Traxandaina.<\/p>\n\n\n\n<p>\nO\n17 de agosto, a praia de Vilari\u00f1o (O H\u00edo-Cangas) celebra \u00e1s 12 do\nmediod\u00eda o obradoiro \u201cPolos p\u00e9s\u201d a cargo de Mar\u00eda Xos\u00e9\nMart\u00ednez, quen ensinar\u00e1 a <a href=\"mailto:nen@s\">nen@s<\/a>\ne adultos a confeccionar zocos con material reciclado.<\/p>\n\n\n\n<p>\nO domingo, no Campo\nda Estacada de Bueu, celebrarase unha das actividades m\u00e1is\nagardadas, o desfile de traxe tradicional galego, a cargo da\nAsociaci\u00f3n Sete Espadelas. Esta actividade, que contar\u00e1 coas\nactuaci\u00f3ns de Brincadeira, Tr\u00e9bede e O Fiadeiro, ter\u00e1 lugar \u00e1s\n20.30 h. \n<\/p>\n\n\n\n<p>\nO\nprograma ter\u00e1 tam\u00e9n diversas charlas.  As\u00ed, o 19 de agosto, \u00e1s\n20.30 h, no sal\u00f3n de plenos do Concello de Moa\u00f1a, David \u00c1lvarez\nGra\u00f1a falar\u00e1 sobre \u201cOs bedeis do patrimonio natural no Morrazo\u201d;\no 20 de agosto, Chus Caram\u00e9s e Carme Campo presentar\u00e1n \u201cAndar cos\ntempos&#8230; ou de como cribar o gran para ma\u00f1\u00e1\u201d, \u00e1s 20.30 no sal\u00f3n\nde plenos do municipio cangu\u00e9s, na que se debater\u00e1 sobre como\nderrubar estereotipos na m\u00fasica tradicional; e o 23 de agosto, na\nAntiga C\u00e1mara Agraria do Concello de Cangas, @s <a href=\"mailto:mestr@s\">mestr@s<\/a>\n<a href=\"mailto:composteir@s\">composteir@s<\/a>\nda Deputaci\u00f3n explicar\u00e1n en que consiste a compostaxe comunitaria e\no Plan Revitaliza.<\/p>\n\n\n\n<p>\nO 21 de agosto ser\u00e1\na quenda dun obradoiro de regueifa e improvisaci\u00f3n en verso, a cargo\nde Lu\u00eds O Caruncho e Pinto de Herb\u00f3n, que se celebrar\u00e1 na Casa da\nMocidade de Moa\u00f1a \u00e1s 20.30 h.<\/p>\n\n\n\n<p>\nO\n22 de agosto, no sal\u00f3n de plenos moa\u00f1\u00e9s, daranse a co\u00f1ecer os\nlibros <em>Entre fusco e lusco<\/em>\ne <em>Colleita propia<\/em>,\npor Rafa Crespo e Pablo Fern\u00e1ndez Rial.<\/p>\n\n\n\n<p>\nE xa para culminar,\no 24 de agosto desenvolveranse d\u00faas actividades: no local de ensaio\nde Cimadevila (Cangas) ter\u00e1 lugar \u00e1s 11 horas un obradoiro de baile\ncon Montse Rivera, directora de Brincadeira; e no alto da Praza de\nAbastos de Moa\u00f1a, \u00e1s 18 h, obradoiro de zagalexos bordados con\nCristina Gonz\u00e1lez (Marola). \n<\/p>\n\n\n\n<p>\nPrograma\ncompleto: <a href=\"https:\/\/www.miguelsotelo.com\/peisdhos\">https:\/\/www.miguelsotelo.com\/peisdhos<\/a><\/p>\n","protected":false},"excerpt":{"rendered":"<div class=\"mh-excerpt\"><p>Xos\u00e9 Leal, concelleiro de cultura, salientou que este evento potencia a cultura propia e a etnograf\u00eda da comarca  <a class=\"mh-excerpt-more\" href=\"https:\/\/www.anovapeneira.gal\/index.php\/2019\/08\/19\/o-morrazo-acollera-un-ano-mais-as-xornadas-etnograficas-para-reivindicar-a-tradicion-e-a-modernidade\/\" title=\"O Morrazo acoller\u00e1 un ano m\u00e1is as Xornadas Etnogr\u00e1ficas para reivindicar  a tradici\u00f3n e a modernidade\">[&#8230;]<\/a><\/p>\n<\/div>","protected":false},"author":3,"featured_media":952,"comment_status":"open","ping_status":"open","sticky":false,"template":"","format":"standard","meta":{"_exactmetrics_skip_tracking":false,"_exactmetrics_sitenote_active":false,"_exactmetrics_sitenote_note":"","_exactmetrics_sitenote_category":0,"footnotes":""},"categories":[22],"tags":[440,442,33,111,312,441],"class_list":{"0":"post-958","1":"post","2":"type-post","3":"status-publish","4":"format-standard","5":"has-post-thumbnail","7":"category-morrazo","8":"tag-concello-de-bueu","9":"tag-concellos-do-morrazo","10":"tag-cultura","11":"tag-deputacion-pontevedra","12":"tag-patrimonio","13":"tag-xornadas-etnograficas"},"yoast_head":"<!-- This site is optimized with the Yoast SEO plugin v27.4 - https:\/\/yoast.com\/product\/yoast-seo-wordpress\/ -->\n<title>O Morrazo acoller\u00e1 un ano m\u00e1is as Xornadas Etnogr\u00e1ficas para reivindicar a tradici\u00f3n e a modernidade -<\/title>\n<meta name=\"robots\" content=\"index, follow, max-snippet:-1, max-image-preview:large, max-video-preview:-1\" \/>\n<link rel=\"canonical\" href=\"https:\/\/www.anovapeneira.gal\/index.php\/2019\/08\/19\/o-morrazo-acollera-un-ano-mais-as-xornadas-etnograficas-para-reivindicar-a-tradicion-e-a-modernidade\/\" \/>\n<meta property=\"og:locale\" content=\"gl_ES\" \/>\n<meta property=\"og:type\" content=\"article\" \/>\n<meta property=\"og:title\" content=\"O Morrazo acoller\u00e1 un ano m\u00e1is as Xornadas Etnogr\u00e1ficas para reivindicar a tradici\u00f3n e a modernidade -\" \/>\n<meta property=\"og:description\" content=\"Xos\u00e9 Leal, concelleiro de cultura, salientou que este evento potencia a cultura propia e a etnograf\u00eda da comarca [...]\" \/>\n<meta property=\"og:url\" content=\"https:\/\/www.anovapeneira.gal\/index.php\/2019\/08\/19\/o-morrazo-acollera-un-ano-mais-as-xornadas-etnograficas-para-reivindicar-a-tradicion-e-a-modernidade\/\" \/>\n<meta property=\"article:publisher\" content=\"https:\/\/www.facebook.com\/anovapeneira\" \/>\n<meta property=\"article:published_time\" content=\"2019-08-19T10:00:55+00:00\" \/>\n<meta property=\"og:image\" content=\"https:\/\/www.anovapeneira.gal\/wp-content\/uploads\/2019\/08\/MORRAZO_a_nova_peneira.jpg\" \/>\n\t<meta property=\"og:image:width\" content=\"720\" \/>\n\t<meta property=\"og:image:height\" content=\"473\" \/>\n\t<meta property=\"og:image:type\" content=\"image\/jpeg\" \/>\n<meta name=\"author\" content=\"Redacci\u00f3n A Nova Peneira\" \/>\n<meta name=\"twitter:card\" content=\"summary_large_image\" \/>\n<meta name=\"twitter:creator\" content=\"@APeneira\" \/>\n<meta name=\"twitter:site\" content=\"@APeneira\" \/>\n<meta name=\"twitter:label1\" content=\"Escrito por\" \/>\n\t<meta name=\"twitter:data1\" content=\"Redacci\u00f3n A Nova Peneira\" \/>\n\t<meta name=\"twitter:label2\" content=\"Tempo de lectura\" \/>\n\t<meta name=\"twitter:data2\" content=\"3 minutos\" \/>\n<script type=\"application\/ld+json\" class=\"yoast-schema-graph\">{\"@context\":\"https:\\\/\\\/schema.org\",\"@graph\":[{\"@type\":\"Article\",\"@id\":\"https:\\\/\\\/www.anovapeneira.gal\\\/index.php\\\/2019\\\/08\\\/19\\\/o-morrazo-acollera-un-ano-mais-as-xornadas-etnograficas-para-reivindicar-a-tradicion-e-a-modernidade\\\/#article\",\"isPartOf\":{\"@id\":\"https:\\\/\\\/www.anovapeneira.gal\\\/index.php\\\/2019\\\/08\\\/19\\\/o-morrazo-acollera-un-ano-mais-as-xornadas-etnograficas-para-reivindicar-a-tradicion-e-a-modernidade\\\/\"},\"author\":{\"name\":\"Redacci\u00f3n A Nova Peneira\",\"@id\":\"https:\\\/\\\/www.anovapeneira.gal\\\/#\\\/schema\\\/person\\\/b93e3f8932e3f8da96334607eb6ac6aa\"},\"headline\":\"O Morrazo acoller\u00e1 un ano m\u00e1is as Xornadas Etnogr\u00e1ficas para reivindicar a tradici\u00f3n e a modernidade\",\"datePublished\":\"2019-08-19T10:00:55+00:00\",\"mainEntityOfPage\":{\"@id\":\"https:\\\/\\\/www.anovapeneira.gal\\\/index.php\\\/2019\\\/08\\\/19\\\/o-morrazo-acollera-un-ano-mais-as-xornadas-etnograficas-para-reivindicar-a-tradicion-e-a-modernidade\\\/\"},\"wordCount\":622,\"commentCount\":0,\"publisher\":{\"@id\":\"https:\\\/\\\/www.anovapeneira.gal\\\/#organization\"},\"image\":{\"@id\":\"https:\\\/\\\/www.anovapeneira.gal\\\/index.php\\\/2019\\\/08\\\/19\\\/o-morrazo-acollera-un-ano-mais-as-xornadas-etnograficas-para-reivindicar-a-tradicion-e-a-modernidade\\\/#primaryimage\"},\"thumbnailUrl\":\"https:\\\/\\\/www.anovapeneira.gal\\\/wp-content\\\/uploads\\\/2019\\\/08\\\/MORRAZO_a_nova_peneira.jpg\",\"keywords\":[\"Concello de Bueu\",\"Concellos do Morrazo\",\"Cultura\",\"Deputaci\u00f3n Pontevedra\",\"Patrimonio\",\"Xornadas Etnogr\u00e1ficas\"],\"articleSection\":[\"Morrazo\"],\"inLanguage\":\"gl-ES\",\"potentialAction\":[{\"@type\":\"CommentAction\",\"name\":\"Comment\",\"target\":[\"https:\\\/\\\/www.anovapeneira.gal\\\/index.php\\\/2019\\\/08\\\/19\\\/o-morrazo-acollera-un-ano-mais-as-xornadas-etnograficas-para-reivindicar-a-tradicion-e-a-modernidade\\\/#respond\"]}]},{\"@type\":\"WebPage\",\"@id\":\"https:\\\/\\\/www.anovapeneira.gal\\\/index.php\\\/2019\\\/08\\\/19\\\/o-morrazo-acollera-un-ano-mais-as-xornadas-etnograficas-para-reivindicar-a-tradicion-e-a-modernidade\\\/\",\"url\":\"https:\\\/\\\/www.anovapeneira.gal\\\/index.php\\\/2019\\\/08\\\/19\\\/o-morrazo-acollera-un-ano-mais-as-xornadas-etnograficas-para-reivindicar-a-tradicion-e-a-modernidade\\\/\",\"name\":\"O Morrazo acoller\u00e1 un ano m\u00e1is as Xornadas Etnogr\u00e1ficas para reivindicar a tradici\u00f3n e a modernidade -\",\"isPartOf\":{\"@id\":\"https:\\\/\\\/www.anovapeneira.gal\\\/#website\"},\"primaryImageOfPage\":{\"@id\":\"https:\\\/\\\/www.anovapeneira.gal\\\/index.php\\\/2019\\\/08\\\/19\\\/o-morrazo-acollera-un-ano-mais-as-xornadas-etnograficas-para-reivindicar-a-tradicion-e-a-modernidade\\\/#primaryimage\"},\"image\":{\"@id\":\"https:\\\/\\\/www.anovapeneira.gal\\\/index.php\\\/2019\\\/08\\\/19\\\/o-morrazo-acollera-un-ano-mais-as-xornadas-etnograficas-para-reivindicar-a-tradicion-e-a-modernidade\\\/#primaryimage\"},\"thumbnailUrl\":\"https:\\\/\\\/www.anovapeneira.gal\\\/wp-content\\\/uploads\\\/2019\\\/08\\\/MORRAZO_a_nova_peneira.jpg\",\"datePublished\":\"2019-08-19T10:00:55+00:00\",\"breadcrumb\":{\"@id\":\"https:\\\/\\\/www.anovapeneira.gal\\\/index.php\\\/2019\\\/08\\\/19\\\/o-morrazo-acollera-un-ano-mais-as-xornadas-etnograficas-para-reivindicar-a-tradicion-e-a-modernidade\\\/#breadcrumb\"},\"inLanguage\":\"gl-ES\",\"potentialAction\":[{\"@type\":\"ReadAction\",\"target\":[\"https:\\\/\\\/www.anovapeneira.gal\\\/index.php\\\/2019\\\/08\\\/19\\\/o-morrazo-acollera-un-ano-mais-as-xornadas-etnograficas-para-reivindicar-a-tradicion-e-a-modernidade\\\/\"]}]},{\"@type\":\"ImageObject\",\"inLanguage\":\"gl-ES\",\"@id\":\"https:\\\/\\\/www.anovapeneira.gal\\\/index.php\\\/2019\\\/08\\\/19\\\/o-morrazo-acollera-un-ano-mais-as-xornadas-etnograficas-para-reivindicar-a-tradicion-e-a-modernidade\\\/#primaryimage\",\"url\":\"https:\\\/\\\/www.anovapeneira.gal\\\/wp-content\\\/uploads\\\/2019\\\/08\\\/MORRAZO_a_nova_peneira.jpg\",\"contentUrl\":\"https:\\\/\\\/www.anovapeneira.gal\\\/wp-content\\\/uploads\\\/2019\\\/08\\\/MORRAZO_a_nova_peneira.jpg\",\"width\":720,\"height\":473,\"caption\":\"Xornadas etnogr\u00e1ficas Concello de Cangas A Nova Peneira\"},{\"@type\":\"BreadcrumbList\",\"@id\":\"https:\\\/\\\/www.anovapeneira.gal\\\/index.php\\\/2019\\\/08\\\/19\\\/o-morrazo-acollera-un-ano-mais-as-xornadas-etnograficas-para-reivindicar-a-tradicion-e-a-modernidade\\\/#breadcrumb\",\"itemListElement\":[{\"@type\":\"ListItem\",\"position\":1,\"name\":\"Portada\",\"item\":\"https:\\\/\\\/www.anovapeneira.gal\\\/\"},{\"@type\":\"ListItem\",\"position\":2,\"name\":\"O Morrazo acoller\u00e1 un ano m\u00e1is as Xornadas Etnogr\u00e1ficas para reivindicar a tradici\u00f3n e a modernidade\"}]},{\"@type\":\"WebSite\",\"@id\":\"https:\\\/\\\/www.anovapeneira.gal\\\/#website\",\"url\":\"https:\\\/\\\/www.anovapeneira.gal\\\/\",\"name\":\"\",\"description\":\"Xornal galego de informaci\u00f3n xeral Publicaci\u00f3n mensual de novas de Galicia e en especial dos Concellos da sur da provincia de Pontevedra.\",\"publisher\":{\"@id\":\"https:\\\/\\\/www.anovapeneira.gal\\\/#organization\"},\"potentialAction\":[{\"@type\":\"SearchAction\",\"target\":{\"@type\":\"EntryPoint\",\"urlTemplate\":\"https:\\\/\\\/www.anovapeneira.gal\\\/?s={search_term_string}\"},\"query-input\":{\"@type\":\"PropertyValueSpecification\",\"valueRequired\":true,\"valueName\":\"search_term_string\"}}],\"inLanguage\":\"gl-ES\"},{\"@type\":\"Organization\",\"@id\":\"https:\\\/\\\/www.anovapeneira.gal\\\/#organization\",\"name\":\"A Nova Peneira\",\"url\":\"https:\\\/\\\/www.anovapeneira.gal\\\/\",\"logo\":{\"@type\":\"ImageObject\",\"inLanguage\":\"gl-ES\",\"@id\":\"https:\\\/\\\/www.anovapeneira.gal\\\/#\\\/schema\\\/logo\\\/image\\\/\",\"url\":\"http:\\\/\\\/www.anovapeneira.gal\\\/wp-content\\\/uploads\\\/2019\\\/06\\\/logo_a_nova_peneira_portal_web.png\",\"contentUrl\":\"http:\\\/\\\/www.anovapeneira.gal\\\/wp-content\\\/uploads\\\/2019\\\/06\\\/logo_a_nova_peneira_portal_web.png\",\"width\":300,\"height\":100,\"caption\":\"A Nova Peneira\"},\"image\":{\"@id\":\"https:\\\/\\\/www.anovapeneira.gal\\\/#\\\/schema\\\/logo\\\/image\\\/\"},\"sameAs\":[\"https:\\\/\\\/www.facebook.com\\\/anovapeneira\",\"https:\\\/\\\/x.com\\\/APeneira\"]},{\"@type\":\"Person\",\"@id\":\"https:\\\/\\\/www.anovapeneira.gal\\\/#\\\/schema\\\/person\\\/b93e3f8932e3f8da96334607eb6ac6aa\",\"name\":\"Redacci\u00f3n A Nova Peneira\",\"image\":{\"@type\":\"ImageObject\",\"inLanguage\":\"gl-ES\",\"@id\":\"https:\\\/\\\/secure.gravatar.com\\\/avatar\\\/c052a2551a06e23fac63626232eaa90abd78dbcf1700fc46a2b2c89fd27b735f?s=96&d=mm&r=g\",\"url\":\"https:\\\/\\\/secure.gravatar.com\\\/avatar\\\/c052a2551a06e23fac63626232eaa90abd78dbcf1700fc46a2b2c89fd27b735f?s=96&d=mm&r=g\",\"contentUrl\":\"https:\\\/\\\/secure.gravatar.com\\\/avatar\\\/c052a2551a06e23fac63626232eaa90abd78dbcf1700fc46a2b2c89fd27b735f?s=96&d=mm&r=g\",\"caption\":\"Redacci\u00f3n A Nova Peneira\"},\"sameAs\":[\"http:\\\/\\\/www.anovapeneira.gal\\\/\"],\"url\":\"https:\\\/\\\/www.anovapeneira.gal\\\/index.php\\\/author\\\/redactor\\\/\"}]}<\/script>\n<!-- \/ Yoast SEO plugin. -->","yoast_head_json":{"title":"O Morrazo acoller\u00e1 un ano m\u00e1is as Xornadas Etnogr\u00e1ficas para reivindicar a tradici\u00f3n e a modernidade -","robots":{"index":"index","follow":"follow","max-snippet":"max-snippet:-1","max-image-preview":"max-image-preview:large","max-video-preview":"max-video-preview:-1"},"canonical":"https:\/\/www.anovapeneira.gal\/index.php\/2019\/08\/19\/o-morrazo-acollera-un-ano-mais-as-xornadas-etnograficas-para-reivindicar-a-tradicion-e-a-modernidade\/","og_locale":"gl_ES","og_type":"article","og_title":"O Morrazo acoller\u00e1 un ano m\u00e1is as Xornadas Etnogr\u00e1ficas para reivindicar a tradici\u00f3n e a modernidade -","og_description":"Xos\u00e9 Leal, concelleiro de cultura, salientou que este evento potencia a cultura propia e a etnograf\u00eda da comarca [...]","og_url":"https:\/\/www.anovapeneira.gal\/index.php\/2019\/08\/19\/o-morrazo-acollera-un-ano-mais-as-xornadas-etnograficas-para-reivindicar-a-tradicion-e-a-modernidade\/","article_publisher":"https:\/\/www.facebook.com\/anovapeneira","article_published_time":"2019-08-19T10:00:55+00:00","og_image":[{"width":720,"height":473,"url":"https:\/\/www.anovapeneira.gal\/wp-content\/uploads\/2019\/08\/MORRAZO_a_nova_peneira.jpg","type":"image\/jpeg"}],"author":"Redacci\u00f3n A Nova Peneira","twitter_card":"summary_large_image","twitter_creator":"@APeneira","twitter_site":"@APeneira","twitter_misc":{"Escrito por":"Redacci\u00f3n A Nova Peneira","Tempo de lectura":"3 minutos"},"schema":{"@context":"https:\/\/schema.org","@graph":[{"@type":"Article","@id":"https:\/\/www.anovapeneira.gal\/index.php\/2019\/08\/19\/o-morrazo-acollera-un-ano-mais-as-xornadas-etnograficas-para-reivindicar-a-tradicion-e-a-modernidade\/#article","isPartOf":{"@id":"https:\/\/www.anovapeneira.gal\/index.php\/2019\/08\/19\/o-morrazo-acollera-un-ano-mais-as-xornadas-etnograficas-para-reivindicar-a-tradicion-e-a-modernidade\/"},"author":{"name":"Redacci\u00f3n A Nova Peneira","@id":"https:\/\/www.anovapeneira.gal\/#\/schema\/person\/b93e3f8932e3f8da96334607eb6ac6aa"},"headline":"O Morrazo acoller\u00e1 un ano m\u00e1is as Xornadas Etnogr\u00e1ficas para reivindicar a tradici\u00f3n e a modernidade","datePublished":"2019-08-19T10:00:55+00:00","mainEntityOfPage":{"@id":"https:\/\/www.anovapeneira.gal\/index.php\/2019\/08\/19\/o-morrazo-acollera-un-ano-mais-as-xornadas-etnograficas-para-reivindicar-a-tradicion-e-a-modernidade\/"},"wordCount":622,"commentCount":0,"publisher":{"@id":"https:\/\/www.anovapeneira.gal\/#organization"},"image":{"@id":"https:\/\/www.anovapeneira.gal\/index.php\/2019\/08\/19\/o-morrazo-acollera-un-ano-mais-as-xornadas-etnograficas-para-reivindicar-a-tradicion-e-a-modernidade\/#primaryimage"},"thumbnailUrl":"https:\/\/www.anovapeneira.gal\/wp-content\/uploads\/2019\/08\/MORRAZO_a_nova_peneira.jpg","keywords":["Concello de Bueu","Concellos do Morrazo","Cultura","Deputaci\u00f3n Pontevedra","Patrimonio","Xornadas Etnogr\u00e1ficas"],"articleSection":["Morrazo"],"inLanguage":"gl-ES","potentialAction":[{"@type":"CommentAction","name":"Comment","target":["https:\/\/www.anovapeneira.gal\/index.php\/2019\/08\/19\/o-morrazo-acollera-un-ano-mais-as-xornadas-etnograficas-para-reivindicar-a-tradicion-e-a-modernidade\/#respond"]}]},{"@type":"WebPage","@id":"https:\/\/www.anovapeneira.gal\/index.php\/2019\/08\/19\/o-morrazo-acollera-un-ano-mais-as-xornadas-etnograficas-para-reivindicar-a-tradicion-e-a-modernidade\/","url":"https:\/\/www.anovapeneira.gal\/index.php\/2019\/08\/19\/o-morrazo-acollera-un-ano-mais-as-xornadas-etnograficas-para-reivindicar-a-tradicion-e-a-modernidade\/","name":"O Morrazo acoller\u00e1 un ano m\u00e1is as Xornadas Etnogr\u00e1ficas para reivindicar a tradici\u00f3n e a modernidade -","isPartOf":{"@id":"https:\/\/www.anovapeneira.gal\/#website"},"primaryImageOfPage":{"@id":"https:\/\/www.anovapeneira.gal\/index.php\/2019\/08\/19\/o-morrazo-acollera-un-ano-mais-as-xornadas-etnograficas-para-reivindicar-a-tradicion-e-a-modernidade\/#primaryimage"},"image":{"@id":"https:\/\/www.anovapeneira.gal\/index.php\/2019\/08\/19\/o-morrazo-acollera-un-ano-mais-as-xornadas-etnograficas-para-reivindicar-a-tradicion-e-a-modernidade\/#primaryimage"},"thumbnailUrl":"https:\/\/www.anovapeneira.gal\/wp-content\/uploads\/2019\/08\/MORRAZO_a_nova_peneira.jpg","datePublished":"2019-08-19T10:00:55+00:00","breadcrumb":{"@id":"https:\/\/www.anovapeneira.gal\/index.php\/2019\/08\/19\/o-morrazo-acollera-un-ano-mais-as-xornadas-etnograficas-para-reivindicar-a-tradicion-e-a-modernidade\/#breadcrumb"},"inLanguage":"gl-ES","potentialAction":[{"@type":"ReadAction","target":["https:\/\/www.anovapeneira.gal\/index.php\/2019\/08\/19\/o-morrazo-acollera-un-ano-mais-as-xornadas-etnograficas-para-reivindicar-a-tradicion-e-a-modernidade\/"]}]},{"@type":"ImageObject","inLanguage":"gl-ES","@id":"https:\/\/www.anovapeneira.gal\/index.php\/2019\/08\/19\/o-morrazo-acollera-un-ano-mais-as-xornadas-etnograficas-para-reivindicar-a-tradicion-e-a-modernidade\/#primaryimage","url":"https:\/\/www.anovapeneira.gal\/wp-content\/uploads\/2019\/08\/MORRAZO_a_nova_peneira.jpg","contentUrl":"https:\/\/www.anovapeneira.gal\/wp-content\/uploads\/2019\/08\/MORRAZO_a_nova_peneira.jpg","width":720,"height":473,"caption":"Xornadas etnogr\u00e1ficas Concello de Cangas A Nova Peneira"},{"@type":"BreadcrumbList","@id":"https:\/\/www.anovapeneira.gal\/index.php\/2019\/08\/19\/o-morrazo-acollera-un-ano-mais-as-xornadas-etnograficas-para-reivindicar-a-tradicion-e-a-modernidade\/#breadcrumb","itemListElement":[{"@type":"ListItem","position":1,"name":"Portada","item":"https:\/\/www.anovapeneira.gal\/"},{"@type":"ListItem","position":2,"name":"O Morrazo acoller\u00e1 un ano m\u00e1is as Xornadas Etnogr\u00e1ficas para reivindicar a tradici\u00f3n e a modernidade"}]},{"@type":"WebSite","@id":"https:\/\/www.anovapeneira.gal\/#website","url":"https:\/\/www.anovapeneira.gal\/","name":"","description":"Xornal galego de informaci\u00f3n xeral Publicaci\u00f3n mensual de novas de Galicia e en especial dos Concellos da sur da provincia de Pontevedra.","publisher":{"@id":"https:\/\/www.anovapeneira.gal\/#organization"},"potentialAction":[{"@type":"SearchAction","target":{"@type":"EntryPoint","urlTemplate":"https:\/\/www.anovapeneira.gal\/?s={search_term_string}"},"query-input":{"@type":"PropertyValueSpecification","valueRequired":true,"valueName":"search_term_string"}}],"inLanguage":"gl-ES"},{"@type":"Organization","@id":"https:\/\/www.anovapeneira.gal\/#organization","name":"A Nova Peneira","url":"https:\/\/www.anovapeneira.gal\/","logo":{"@type":"ImageObject","inLanguage":"gl-ES","@id":"https:\/\/www.anovapeneira.gal\/#\/schema\/logo\/image\/","url":"http:\/\/www.anovapeneira.gal\/wp-content\/uploads\/2019\/06\/logo_a_nova_peneira_portal_web.png","contentUrl":"http:\/\/www.anovapeneira.gal\/wp-content\/uploads\/2019\/06\/logo_a_nova_peneira_portal_web.png","width":300,"height":100,"caption":"A Nova Peneira"},"image":{"@id":"https:\/\/www.anovapeneira.gal\/#\/schema\/logo\/image\/"},"sameAs":["https:\/\/www.facebook.com\/anovapeneira","https:\/\/x.com\/APeneira"]},{"@type":"Person","@id":"https:\/\/www.anovapeneira.gal\/#\/schema\/person\/b93e3f8932e3f8da96334607eb6ac6aa","name":"Redacci\u00f3n A Nova Peneira","image":{"@type":"ImageObject","inLanguage":"gl-ES","@id":"https:\/\/secure.gravatar.com\/avatar\/c052a2551a06e23fac63626232eaa90abd78dbcf1700fc46a2b2c89fd27b735f?s=96&d=mm&r=g","url":"https:\/\/secure.gravatar.com\/avatar\/c052a2551a06e23fac63626232eaa90abd78dbcf1700fc46a2b2c89fd27b735f?s=96&d=mm&r=g","contentUrl":"https:\/\/secure.gravatar.com\/avatar\/c052a2551a06e23fac63626232eaa90abd78dbcf1700fc46a2b2c89fd27b735f?s=96&d=mm&r=g","caption":"Redacci\u00f3n A Nova Peneira"},"sameAs":["http:\/\/www.anovapeneira.gal\/"],"url":"https:\/\/www.anovapeneira.gal\/index.php\/author\/redactor\/"}]}},"jetpack_featured_media_url":"https:\/\/www.anovapeneira.gal\/wp-content\/uploads\/2019\/08\/MORRAZO_a_nova_peneira.jpg","_links":{"self":[{"href":"https:\/\/www.anovapeneira.gal\/index.php\/wp-json\/wp\/v2\/posts\/958","targetHints":{"allow":["GET"]}}],"collection":[{"href":"https:\/\/www.anovapeneira.gal\/index.php\/wp-json\/wp\/v2\/posts"}],"about":[{"href":"https:\/\/www.anovapeneira.gal\/index.php\/wp-json\/wp\/v2\/types\/post"}],"author":[{"embeddable":true,"href":"https:\/\/www.anovapeneira.gal\/index.php\/wp-json\/wp\/v2\/users\/3"}],"replies":[{"embeddable":true,"href":"https:\/\/www.anovapeneira.gal\/index.php\/wp-json\/wp\/v2\/comments?post=958"}],"version-history":[{"count":1,"href":"https:\/\/www.anovapeneira.gal\/index.php\/wp-json\/wp\/v2\/posts\/958\/revisions"}],"predecessor-version":[{"id":959,"href":"https:\/\/www.anovapeneira.gal\/index.php\/wp-json\/wp\/v2\/posts\/958\/revisions\/959"}],"wp:featuredmedia":[{"embeddable":true,"href":"https:\/\/www.anovapeneira.gal\/index.php\/wp-json\/wp\/v2\/media\/952"}],"wp:attachment":[{"href":"https:\/\/www.anovapeneira.gal\/index.php\/wp-json\/wp\/v2\/media?parent=958"}],"wp:term":[{"taxonomy":"category","embeddable":true,"href":"https:\/\/www.anovapeneira.gal\/index.php\/wp-json\/wp\/v2\/categories?post=958"},{"taxonomy":"post_tag","embeddable":true,"href":"https:\/\/www.anovapeneira.gal\/index.php\/wp-json\/wp\/v2\/tags?post=958"}],"curies":[{"name":"wp","href":"https:\/\/api.w.org\/{rel}","templated":true}]}}