{"id":965,"date":"2019-08-20T12:00:32","date_gmt":"2019-08-20T10:00:32","guid":{"rendered":"http:\/\/www.anovapeneira.gal\/?p=965"},"modified":"2019-08-25T12:45:33","modified_gmt":"2019-08-25T10:45:33","slug":"ernesto-orge-presidente-da-agrupacion-de-futbol-veteranos-de-vigo","status":"publish","type":"post","link":"https:\/\/www.anovapeneira.gal\/index.php\/2019\/08\/20\/ernesto-orge-presidente-da-agrupacion-de-futbol-veteranos-de-vigo\/","title":{"rendered":"Ernesto Orge Presidente da Agrupaci\u00f3n de F\u00fatbol Veteranos de Vigo"},"content":{"rendered":"\n<p><strong>O\nf\u00fatbol profesional hai moito tempo que se move m\u00e1is en par\u00e1metros\nde negocio, que nos de competici\u00f3n deportiva en sentido estrito. Ese\nmundo manexa cantidades indecentes de di\u00f1eiro, e  \u00e9 utilizado a\nmodo de elemento alienador de masas de persoas que centran as s\u00faas\nemoci\u00f3ns m\u00e1is profundas neste espect\u00e1culo, convertendo e esencia\ndas s\u00faas vidas o que debera ser puramente accesorio. O f\u00fatbol\nprofesional \u00e9 tam\u00e9n refuxio de especuladores que utilizan a s\u00faa\nproxecci\u00f3n nos medios de comunicaci\u00f3n como instrumento para darse\nco\u00f1ecer e ter m\u00e1is facilidade na realizaci\u00f3n dos seus negocios,\ncando non directamente para lucrarse. As pugnas polo control dos\nresortes de poder deste sector son moi elevadas, as\u00ed pois vemos como\nna actualidade a Federaci\u00f3n e a Liga de F\u00fatbol profesional est\u00e1n\ninmersas en plena batalla xudicial para determinar quen ten a\npotestade de organizar os horarios dos partidos, o que ten enorme\nrelaci\u00f3n cos contratos televisivos pola emisi\u00f3n dos encontros da\nliga espa\u00f1ola. Por\u00e9n a\u00ednda hai moita xente que se toma este\ndeporte como o que \u00e9, unha competici\u00f3n deportiva, e que lle dedica\ngran cantidade do seu tempo de maneira altru\u00edsta .Na \u00e1rea de\ninfluencia de A Nova Peneira ,existe unha  competici\u00f3n de\nfutbolistas veteranos organizada pola AGRUPACI\u00d3N DE F\u00daTBOL\nVETERANOS DE VIGO totalmente independente da federaci\u00f3n galega, con\nm\u00e1is de medio s\u00e9culo de historia e con preto de 2.000 fichas\nactivas na actualidade. N\u00f3s falamos co seu presidente, Ernesto Orge,\nnatural da fermosa parroquia de Calvos, do non menos fermoso concello\nde Fornelos de Montes.<\/strong><\/p>\n\n\n\n<p>\u201c <strong>O\nPRESIDENTE DA FEDERACI\u00d3N,RAFAEL LOUZ\u00c1N, VEU \u00c1 NOSA CASA A\nPRETENDER LEVARNOS OS EQUIPOS\u201d<\/strong><\/p>\n\n\n\n<p><strong>Canto\ntempo levas metido no f\u00fatbol de veteranos?<\/strong><\/p>\n\n\n\n<blockquote class=\"wp-block-quote is-layout-flow wp-block-quote-is-layout-flow\"><p>Esta temporada \u00e9 a n\u00famero 45 para min<\/p><\/blockquote>\n\n\n\n<p><strong>E como se\niniciou a t\u00faa relaci\u00f3n con este mundo?<\/strong><\/p>\n\n\n\n<blockquote class=\"wp-block-quote is-layout-flow wp-block-quote-is-layout-flow\"><p>Cando era moi novo, gust\u00e1bame moito a arbitraxe e xogar ao f\u00fatbol tam\u00e9n, pero moi bo non era a verdade, e ent\u00f3n metinme de cheo a arbitrar en veteranos<\/p><\/blockquote>\n\n\n\n<p><strong>45 anos,\nson moitos anos, levas toda unha vida ,fuches ti o fundador desta\ncompetici\u00f3n?<\/strong><\/p>\n\n\n\n<blockquote class=\"wp-block-quote is-layout-flow wp-block-quote-is-layout-flow\"><p>Non, cando eu cheguei hab\u00eda 10 equipos, a competici\u00f3n foi fundada por unha persoa de Ourense Jose Luis Est\u00e9vez, xa falecido. De feito todas as temporadas celebramos un memorial na s\u00faa honra<\/p><\/blockquote>\n\n\n\n<p><strong>V\u00f3s non\ntendes relaci\u00f3n coa Federaci\u00f3n galega de F\u00fatbol verdade?<\/strong><\/p>\n\n\n\n<blockquote class=\"wp-block-quote is-layout-flow wp-block-quote-is-layout-flow\"><p>Non, n\u00f3s somos unha competici\u00f3n independente. Eles queren absorbernos, pero os equipos prefiren manter a nosa autonom\u00eda. As zonas de Lugo e Coru\u00f1a decidiron integrarse na federaci\u00f3n, a nosa zona xunto coa de Ourense tomamos a decisi\u00f3n de seguirmos sendo aut\u00f3nomos<\/p><\/blockquote>\n\n\n\n<p><strong>Que \u00e1mbito\nxeogr\u00e1fico abrangue a agrupaci\u00f3n de Vigo?<\/strong><\/p>\n\n\n\n<blockquote class=\"wp-block-quote is-layout-flow wp-block-quote-is-layout-flow\"><p>Moi semellante ao voso, estamos en Vigo, Redondela, Louri\u00f1a, Val Mi\u00f1or, Baixo Mi\u00f1o, O Condado e O Morrazo<\/p><\/blockquote>\n\n\n\n<p><strong>Cantos\nequipos tedes?<\/strong><\/p>\n\n\n\n<blockquote class=\"wp-block-quote is-layout-flow wp-block-quote-is-layout-flow\"><p>Neste momento 82<\/p><\/blockquote>\n\n\n\n<p><strong>E\nlicencias?<\/strong><\/p>\n\n\n\n<blockquote class=\"wp-block-quote is-layout-flow wp-block-quote-is-layout-flow\"><p>2.000 xogadores e 60 \u00e1rbitros<\/p><\/blockquote>\n\n\n\n<p><strong>E a\narbitraxe incl\u00fae o famoso VAR?<\/strong><\/p>\n\n\n\n<blockquote class=\"wp-block-quote is-layout-flow wp-block-quote-is-layout-flow\"><p>Non, n\u00f3s non temos iso, pero pronto contamos ter o FURANCHO<\/p><\/blockquote>\n\n\n\n<p><strong>Ha ha ha\nha, e iso en que consiste?<\/strong><\/p>\n\n\n\n<blockquote class=\"wp-block-quote is-layout-flow wp-block-quote-is-layout-flow\"><p>Pois nalgo m\u00e1is agradable c\u00f3 VAR, consiste en que cando rematen os partidos os xogadores e os \u00e1rbitros vaiamos mandarlle unhas fechas e unhas tapas a calquera sitio<\/p><\/blockquote>\n\n\n\n<p><strong>Ha ha ha\nha, moi interesante desde logo. Ti segues arbitrando?<\/strong><\/p>\n\n\n\n<blockquote class=\"wp-block-quote is-layout-flow wp-block-quote-is-layout-flow\"><p>Non, retireime hai 7 anos, o tempo pasa para todo o mundo<\/p><\/blockquote>\n\n\n\n<p><strong>E como\norganizades tantos equipos?<\/strong><\/p>\n\n\n\n<blockquote class=\"wp-block-quote is-layout-flow wp-block-quote-is-layout-flow\"><p>Est\u00e1n divididos en 5 categor\u00edas, en funci\u00f3n dos resultados deportivos<\/p><\/blockquote>\n\n\n\n<p><strong>Alg\u00fan\nequipo especialmente destacado?<\/strong><\/p>\n\n\n\n<blockquote class=\"wp-block-quote is-layout-flow wp-block-quote-is-layout-flow\"><p>EL NI\u00d1O, que ten ga\u00f1ado moit\u00edsimos campionatos, chegaron a xogar ex xogadores do Celta como Gudelj ou Mazinho..hai equipos moi bos como por exemplo o Ca\u00f1iza<\/p><\/blockquote>\n\n\n\n<p><strong>Por que\nmotivo non queredes formar parte da federaci\u00f3n?<\/strong><\/p>\n\n\n\n<blockquote class=\"wp-block-quote is-layout-flow wp-block-quote-is-layout-flow\"><p>Os equipos non queren, a nosa competici\u00f3n \u00e9 moi bonita e preferimos seguir mantendo a nosa independencia<\/p><\/blockquote>\n\n\n\n<p><strong>Cantos\nsodes na xunta directiva?<\/strong><\/p>\n\n\n\n<blockquote class=\"wp-block-quote is-layout-flow wp-block-quote-is-layout-flow\"><p>Somos cinco persoas, que a verdade traballamos arreo<\/p><\/blockquote>\n\n\n\n<p><strong>Como son\nas relaci\u00f3ns co presidente da Federaci\u00f3n Galega, Rafael Louz\u00e1n?<\/strong><\/p>\n\n\n\n<blockquote class=\"wp-block-quote is-layout-flow wp-block-quote-is-layout-flow\"><p>El foi presidente de da DEP moitos anos, e naquel momento a nosa relaci\u00f3n era excelente, portouse moi ben con n\u00f3s. Por\u00e9n no momento que deixou a DEP e converteuse en presidente da federaci\u00f3n galega de f\u00fatbol, a cousa cambiou<\/p><\/blockquote>\n\n\n\n<p><strong>Por que?<\/strong><\/p>\n\n\n\n<blockquote class=\"wp-block-quote is-layout-flow wp-block-quote-is-layout-flow\"><p>Veu \u00e1 nosa casa a pretender quitarnos os equipos. Algo que ning\u00fan dos anteriores presidentes da federaci\u00f3n fixo, todo o contrario, sempre tivemos unhas magn\u00edficas relaci\u00f3ns cos presidentes que precederon a Rafael Louz\u00e1n. Incluso na actualidade temos moi boas relaci\u00f3ns coa delegaci\u00f3n de Vigo. Desde logo que  a nosa intenci\u00f3n \u00e9 resistir e conservar a independencia<\/p><\/blockquote>\n\n\n\n<p><strong>Ti xa non\nes ning\u00fan neno, ves posibilidades de que unha nova xeraci\u00f3n poida\ntomar as rendas e darlle continuidade ao voso proxecto?<\/strong><\/p>\n\n\n\n<blockquote class=\"wp-block-quote is-layout-flow wp-block-quote-is-layout-flow\"><p>\u00c9 complicado porque \u00e9 algo que se fai de maneira altru\u00edsta, e non \u00e9 f\u00e1cil atopar xente que poidan dedicarlle gran cantidade do seu tempo libre a isto, pero por n\u00f3s non vai quedar. Ser\u00eda unha m\u00e1goa que non puidese ser as\u00ed, de feito temos boa sa\u00fade, este ano por exemplo temos tres equipos novos<\/p><\/blockquote>\n","protected":false},"excerpt":{"rendered":"<div class=\"mh-excerpt\"><p>\ufeffO f\u00fatbol profesional hai moito tempo que se move m\u00e1is en par\u00e1metros de negocio, que nos de competici\u00f3n deportiva en sentido estrito. Ese mundo manexa cantidades indecentes de di\u00f1eiro, e  \u00e9 utilizado a modo de elemento alienador de masas de persoas que centran as s\u00faas emoci\u00f3ns m\u00e1is profundas neste espect\u00e1culo <a class=\"mh-excerpt-more\" href=\"https:\/\/www.anovapeneira.gal\/index.php\/2019\/08\/20\/ernesto-orge-presidente-da-agrupacion-de-futbol-veteranos-de-vigo\/\" title=\"Ernesto Orge Presidente da Agrupaci\u00f3n de F\u00fatbol Veteranos de Vigo\">[&#8230;]<\/a><\/p>\n<\/div>","protected":false},"author":3,"featured_media":954,"comment_status":"open","ping_status":"open","sticky":false,"template":"","format":"standard","meta":{"_exactmetrics_skip_tracking":false,"_exactmetrics_sitenote_active":false,"_exactmetrics_sitenote_note":"","_exactmetrics_sitenote_category":0,"footnotes":""},"categories":[497],"tags":[451,452,227,56,450,368],"class_list":{"0":"post-965","1":"post","2":"type-post","3":"status-publish","4":"format-standard","5":"has-post-thumbnail","7":"category-vigo-reportaxes","8":"tag-agrupacion-de-futbol-de-veteranos-de-vigo","9":"tag-concello-de-fornelos-de-montes","10":"tag-concello-de-vigo","11":"tag-deporte","12":"tag-ernesto-orge","13":"tag-futbol"},"yoast_head":"<!-- This site is optimized with the Yoast SEO plugin v27.4 - https:\/\/yoast.com\/product\/yoast-seo-wordpress\/ -->\n<title>Ernesto Orge Presidente da Agrupaci\u00f3n de F\u00fatbol Veteranos de Vigo -<\/title>\n<meta name=\"robots\" content=\"index, follow, max-snippet:-1, max-image-preview:large, max-video-preview:-1\" \/>\n<link rel=\"canonical\" href=\"https:\/\/www.anovapeneira.gal\/index.php\/2019\/08\/20\/ernesto-orge-presidente-da-agrupacion-de-futbol-veteranos-de-vigo\/\" \/>\n<meta property=\"og:locale\" content=\"gl_ES\" \/>\n<meta property=\"og:type\" content=\"article\" \/>\n<meta property=\"og:title\" content=\"Ernesto Orge Presidente da Agrupaci\u00f3n de F\u00fatbol Veteranos de Vigo -\" \/>\n<meta property=\"og:description\" content=\"\ufeffO f\u00fatbol profesional hai moito tempo que se move m\u00e1is en par\u00e1metros de negocio, que nos de competici\u00f3n deportiva en sentido estrito. Ese mundo manexa cantidades indecentes de di\u00f1eiro, e \u00e9 utilizado a modo de elemento alienador de masas de persoas que centran as s\u00faas emoci\u00f3ns m\u00e1is profundas neste espect\u00e1culo [...]\" \/>\n<meta property=\"og:url\" content=\"https:\/\/www.anovapeneira.gal\/index.php\/2019\/08\/20\/ernesto-orge-presidente-da-agrupacion-de-futbol-veteranos-de-vigo\/\" \/>\n<meta property=\"article:publisher\" content=\"https:\/\/www.facebook.com\/anovapeneira\" \/>\n<meta property=\"article:published_time\" content=\"2019-08-20T10:00:32+00:00\" \/>\n<meta property=\"article:modified_time\" content=\"2019-08-25T10:45:33+00:00\" \/>\n<meta property=\"og:image\" content=\"https:\/\/www.anovapeneira.gal\/wp-content\/uploads\/2019\/08\/orge_a_nova_peneira.jpg\" \/>\n\t<meta property=\"og:image:width\" content=\"720\" \/>\n\t<meta property=\"og:image:height\" content=\"473\" \/>\n\t<meta property=\"og:image:type\" content=\"image\/jpeg\" \/>\n<meta name=\"author\" content=\"Redacci\u00f3n A Nova Peneira\" \/>\n<meta name=\"twitter:card\" content=\"summary_large_image\" \/>\n<meta name=\"twitter:creator\" content=\"@APeneira\" \/>\n<meta name=\"twitter:site\" content=\"@APeneira\" \/>\n<meta name=\"twitter:label1\" content=\"Escrito por\" \/>\n\t<meta name=\"twitter:data1\" content=\"Redacci\u00f3n A Nova Peneira\" \/>\n\t<meta name=\"twitter:label2\" content=\"Tempo de lectura\" \/>\n\t<meta name=\"twitter:data2\" content=\"4 minutos\" \/>\n<script type=\"application\/ld+json\" class=\"yoast-schema-graph\">{\"@context\":\"https:\\\/\\\/schema.org\",\"@graph\":[{\"@type\":\"Article\",\"@id\":\"https:\\\/\\\/www.anovapeneira.gal\\\/index.php\\\/2019\\\/08\\\/20\\\/ernesto-orge-presidente-da-agrupacion-de-futbol-veteranos-de-vigo\\\/#article\",\"isPartOf\":{\"@id\":\"https:\\\/\\\/www.anovapeneira.gal\\\/index.php\\\/2019\\\/08\\\/20\\\/ernesto-orge-presidente-da-agrupacion-de-futbol-veteranos-de-vigo\\\/\"},\"author\":{\"name\":\"Redacci\u00f3n A Nova Peneira\",\"@id\":\"https:\\\/\\\/www.anovapeneira.gal\\\/#\\\/schema\\\/person\\\/b93e3f8932e3f8da96334607eb6ac6aa\"},\"headline\":\"Ernesto Orge Presidente da Agrupaci\u00f3n de F\u00fatbol Veteranos de Vigo\",\"datePublished\":\"2019-08-20T10:00:32+00:00\",\"dateModified\":\"2019-08-25T10:45:33+00:00\",\"mainEntityOfPage\":{\"@id\":\"https:\\\/\\\/www.anovapeneira.gal\\\/index.php\\\/2019\\\/08\\\/20\\\/ernesto-orge-presidente-da-agrupacion-de-futbol-veteranos-de-vigo\\\/\"},\"wordCount\":904,\"commentCount\":0,\"publisher\":{\"@id\":\"https:\\\/\\\/www.anovapeneira.gal\\\/#organization\"},\"image\":{\"@id\":\"https:\\\/\\\/www.anovapeneira.gal\\\/index.php\\\/2019\\\/08\\\/20\\\/ernesto-orge-presidente-da-agrupacion-de-futbol-veteranos-de-vigo\\\/#primaryimage\"},\"thumbnailUrl\":\"https:\\\/\\\/www.anovapeneira.gal\\\/wp-content\\\/uploads\\\/2019\\\/08\\\/orge_a_nova_peneira.jpg\",\"keywords\":[\"Agrupaci\u00f3n de F\u00fatbol de Veteranos de Vigo\",\"Concello de Fornelos de Montes\",\"Concello de Vigo\",\"Deporte\",\"Ernesto Orge\",\"F\u00fatbol\"],\"articleSection\":[\"Vigo\"],\"inLanguage\":\"gl-ES\",\"potentialAction\":[{\"@type\":\"CommentAction\",\"name\":\"Comment\",\"target\":[\"https:\\\/\\\/www.anovapeneira.gal\\\/index.php\\\/2019\\\/08\\\/20\\\/ernesto-orge-presidente-da-agrupacion-de-futbol-veteranos-de-vigo\\\/#respond\"]}]},{\"@type\":\"WebPage\",\"@id\":\"https:\\\/\\\/www.anovapeneira.gal\\\/index.php\\\/2019\\\/08\\\/20\\\/ernesto-orge-presidente-da-agrupacion-de-futbol-veteranos-de-vigo\\\/\",\"url\":\"https:\\\/\\\/www.anovapeneira.gal\\\/index.php\\\/2019\\\/08\\\/20\\\/ernesto-orge-presidente-da-agrupacion-de-futbol-veteranos-de-vigo\\\/\",\"name\":\"Ernesto Orge Presidente da Agrupaci\u00f3n de F\u00fatbol Veteranos de Vigo -\",\"isPartOf\":{\"@id\":\"https:\\\/\\\/www.anovapeneira.gal\\\/#website\"},\"primaryImageOfPage\":{\"@id\":\"https:\\\/\\\/www.anovapeneira.gal\\\/index.php\\\/2019\\\/08\\\/20\\\/ernesto-orge-presidente-da-agrupacion-de-futbol-veteranos-de-vigo\\\/#primaryimage\"},\"image\":{\"@id\":\"https:\\\/\\\/www.anovapeneira.gal\\\/index.php\\\/2019\\\/08\\\/20\\\/ernesto-orge-presidente-da-agrupacion-de-futbol-veteranos-de-vigo\\\/#primaryimage\"},\"thumbnailUrl\":\"https:\\\/\\\/www.anovapeneira.gal\\\/wp-content\\\/uploads\\\/2019\\\/08\\\/orge_a_nova_peneira.jpg\",\"datePublished\":\"2019-08-20T10:00:32+00:00\",\"dateModified\":\"2019-08-25T10:45:33+00:00\",\"breadcrumb\":{\"@id\":\"https:\\\/\\\/www.anovapeneira.gal\\\/index.php\\\/2019\\\/08\\\/20\\\/ernesto-orge-presidente-da-agrupacion-de-futbol-veteranos-de-vigo\\\/#breadcrumb\"},\"inLanguage\":\"gl-ES\",\"potentialAction\":[{\"@type\":\"ReadAction\",\"target\":[\"https:\\\/\\\/www.anovapeneira.gal\\\/index.php\\\/2019\\\/08\\\/20\\\/ernesto-orge-presidente-da-agrupacion-de-futbol-veteranos-de-vigo\\\/\"]}]},{\"@type\":\"ImageObject\",\"inLanguage\":\"gl-ES\",\"@id\":\"https:\\\/\\\/www.anovapeneira.gal\\\/index.php\\\/2019\\\/08\\\/20\\\/ernesto-orge-presidente-da-agrupacion-de-futbol-veteranos-de-vigo\\\/#primaryimage\",\"url\":\"https:\\\/\\\/www.anovapeneira.gal\\\/wp-content\\\/uploads\\\/2019\\\/08\\\/orge_a_nova_peneira.jpg\",\"contentUrl\":\"https:\\\/\\\/www.anovapeneira.gal\\\/wp-content\\\/uploads\\\/2019\\\/08\\\/orge_a_nova_peneira.jpg\",\"width\":720,\"height\":473,\"caption\":\"Entrevista Orge A Nova Peneira\"},{\"@type\":\"BreadcrumbList\",\"@id\":\"https:\\\/\\\/www.anovapeneira.gal\\\/index.php\\\/2019\\\/08\\\/20\\\/ernesto-orge-presidente-da-agrupacion-de-futbol-veteranos-de-vigo\\\/#breadcrumb\",\"itemListElement\":[{\"@type\":\"ListItem\",\"position\":1,\"name\":\"Portada\",\"item\":\"https:\\\/\\\/www.anovapeneira.gal\\\/\"},{\"@type\":\"ListItem\",\"position\":2,\"name\":\"Ernesto Orge Presidente da Agrupaci\u00f3n de F\u00fatbol Veteranos de Vigo\"}]},{\"@type\":\"WebSite\",\"@id\":\"https:\\\/\\\/www.anovapeneira.gal\\\/#website\",\"url\":\"https:\\\/\\\/www.anovapeneira.gal\\\/\",\"name\":\"\",\"description\":\"Xornal galego de informaci\u00f3n xeral Publicaci\u00f3n mensual de novas de Galicia e en especial dos Concellos da sur da provincia de Pontevedra.\",\"publisher\":{\"@id\":\"https:\\\/\\\/www.anovapeneira.gal\\\/#organization\"},\"potentialAction\":[{\"@type\":\"SearchAction\",\"target\":{\"@type\":\"EntryPoint\",\"urlTemplate\":\"https:\\\/\\\/www.anovapeneira.gal\\\/?s={search_term_string}\"},\"query-input\":{\"@type\":\"PropertyValueSpecification\",\"valueRequired\":true,\"valueName\":\"search_term_string\"}}],\"inLanguage\":\"gl-ES\"},{\"@type\":\"Organization\",\"@id\":\"https:\\\/\\\/www.anovapeneira.gal\\\/#organization\",\"name\":\"A Nova Peneira\",\"url\":\"https:\\\/\\\/www.anovapeneira.gal\\\/\",\"logo\":{\"@type\":\"ImageObject\",\"inLanguage\":\"gl-ES\",\"@id\":\"https:\\\/\\\/www.anovapeneira.gal\\\/#\\\/schema\\\/logo\\\/image\\\/\",\"url\":\"http:\\\/\\\/www.anovapeneira.gal\\\/wp-content\\\/uploads\\\/2019\\\/06\\\/logo_a_nova_peneira_portal_web.png\",\"contentUrl\":\"http:\\\/\\\/www.anovapeneira.gal\\\/wp-content\\\/uploads\\\/2019\\\/06\\\/logo_a_nova_peneira_portal_web.png\",\"width\":300,\"height\":100,\"caption\":\"A Nova Peneira\"},\"image\":{\"@id\":\"https:\\\/\\\/www.anovapeneira.gal\\\/#\\\/schema\\\/logo\\\/image\\\/\"},\"sameAs\":[\"https:\\\/\\\/www.facebook.com\\\/anovapeneira\",\"https:\\\/\\\/x.com\\\/APeneira\"]},{\"@type\":\"Person\",\"@id\":\"https:\\\/\\\/www.anovapeneira.gal\\\/#\\\/schema\\\/person\\\/b93e3f8932e3f8da96334607eb6ac6aa\",\"name\":\"Redacci\u00f3n A Nova Peneira\",\"image\":{\"@type\":\"ImageObject\",\"inLanguage\":\"gl-ES\",\"@id\":\"https:\\\/\\\/secure.gravatar.com\\\/avatar\\\/c052a2551a06e23fac63626232eaa90abd78dbcf1700fc46a2b2c89fd27b735f?s=96&d=mm&r=g\",\"url\":\"https:\\\/\\\/secure.gravatar.com\\\/avatar\\\/c052a2551a06e23fac63626232eaa90abd78dbcf1700fc46a2b2c89fd27b735f?s=96&d=mm&r=g\",\"contentUrl\":\"https:\\\/\\\/secure.gravatar.com\\\/avatar\\\/c052a2551a06e23fac63626232eaa90abd78dbcf1700fc46a2b2c89fd27b735f?s=96&d=mm&r=g\",\"caption\":\"Redacci\u00f3n A Nova Peneira\"},\"sameAs\":[\"http:\\\/\\\/www.anovapeneira.gal\\\/\"],\"url\":\"https:\\\/\\\/www.anovapeneira.gal\\\/index.php\\\/author\\\/redactor\\\/\"}]}<\/script>\n<!-- \/ Yoast SEO plugin. -->","yoast_head_json":{"title":"Ernesto Orge Presidente da Agrupaci\u00f3n de F\u00fatbol Veteranos de Vigo -","robots":{"index":"index","follow":"follow","max-snippet":"max-snippet:-1","max-image-preview":"max-image-preview:large","max-video-preview":"max-video-preview:-1"},"canonical":"https:\/\/www.anovapeneira.gal\/index.php\/2019\/08\/20\/ernesto-orge-presidente-da-agrupacion-de-futbol-veteranos-de-vigo\/","og_locale":"gl_ES","og_type":"article","og_title":"Ernesto Orge Presidente da Agrupaci\u00f3n de F\u00fatbol Veteranos de Vigo -","og_description":"\ufeffO f\u00fatbol profesional hai moito tempo que se move m\u00e1is en par\u00e1metros de negocio, que nos de competici\u00f3n deportiva en sentido estrito. Ese mundo manexa cantidades indecentes de di\u00f1eiro, e \u00e9 utilizado a modo de elemento alienador de masas de persoas que centran as s\u00faas emoci\u00f3ns m\u00e1is profundas neste espect\u00e1culo [...]","og_url":"https:\/\/www.anovapeneira.gal\/index.php\/2019\/08\/20\/ernesto-orge-presidente-da-agrupacion-de-futbol-veteranos-de-vigo\/","article_publisher":"https:\/\/www.facebook.com\/anovapeneira","article_published_time":"2019-08-20T10:00:32+00:00","article_modified_time":"2019-08-25T10:45:33+00:00","og_image":[{"width":720,"height":473,"url":"https:\/\/www.anovapeneira.gal\/wp-content\/uploads\/2019\/08\/orge_a_nova_peneira.jpg","type":"image\/jpeg"}],"author":"Redacci\u00f3n A Nova Peneira","twitter_card":"summary_large_image","twitter_creator":"@APeneira","twitter_site":"@APeneira","twitter_misc":{"Escrito por":"Redacci\u00f3n A Nova Peneira","Tempo de lectura":"4 minutos"},"schema":{"@context":"https:\/\/schema.org","@graph":[{"@type":"Article","@id":"https:\/\/www.anovapeneira.gal\/index.php\/2019\/08\/20\/ernesto-orge-presidente-da-agrupacion-de-futbol-veteranos-de-vigo\/#article","isPartOf":{"@id":"https:\/\/www.anovapeneira.gal\/index.php\/2019\/08\/20\/ernesto-orge-presidente-da-agrupacion-de-futbol-veteranos-de-vigo\/"},"author":{"name":"Redacci\u00f3n A Nova Peneira","@id":"https:\/\/www.anovapeneira.gal\/#\/schema\/person\/b93e3f8932e3f8da96334607eb6ac6aa"},"headline":"Ernesto Orge Presidente da Agrupaci\u00f3n de F\u00fatbol Veteranos de Vigo","datePublished":"2019-08-20T10:00:32+00:00","dateModified":"2019-08-25T10:45:33+00:00","mainEntityOfPage":{"@id":"https:\/\/www.anovapeneira.gal\/index.php\/2019\/08\/20\/ernesto-orge-presidente-da-agrupacion-de-futbol-veteranos-de-vigo\/"},"wordCount":904,"commentCount":0,"publisher":{"@id":"https:\/\/www.anovapeneira.gal\/#organization"},"image":{"@id":"https:\/\/www.anovapeneira.gal\/index.php\/2019\/08\/20\/ernesto-orge-presidente-da-agrupacion-de-futbol-veteranos-de-vigo\/#primaryimage"},"thumbnailUrl":"https:\/\/www.anovapeneira.gal\/wp-content\/uploads\/2019\/08\/orge_a_nova_peneira.jpg","keywords":["Agrupaci\u00f3n de F\u00fatbol de Veteranos de Vigo","Concello de Fornelos de Montes","Concello de Vigo","Deporte","Ernesto Orge","F\u00fatbol"],"articleSection":["Vigo"],"inLanguage":"gl-ES","potentialAction":[{"@type":"CommentAction","name":"Comment","target":["https:\/\/www.anovapeneira.gal\/index.php\/2019\/08\/20\/ernesto-orge-presidente-da-agrupacion-de-futbol-veteranos-de-vigo\/#respond"]}]},{"@type":"WebPage","@id":"https:\/\/www.anovapeneira.gal\/index.php\/2019\/08\/20\/ernesto-orge-presidente-da-agrupacion-de-futbol-veteranos-de-vigo\/","url":"https:\/\/www.anovapeneira.gal\/index.php\/2019\/08\/20\/ernesto-orge-presidente-da-agrupacion-de-futbol-veteranos-de-vigo\/","name":"Ernesto Orge Presidente da Agrupaci\u00f3n de F\u00fatbol Veteranos de Vigo -","isPartOf":{"@id":"https:\/\/www.anovapeneira.gal\/#website"},"primaryImageOfPage":{"@id":"https:\/\/www.anovapeneira.gal\/index.php\/2019\/08\/20\/ernesto-orge-presidente-da-agrupacion-de-futbol-veteranos-de-vigo\/#primaryimage"},"image":{"@id":"https:\/\/www.anovapeneira.gal\/index.php\/2019\/08\/20\/ernesto-orge-presidente-da-agrupacion-de-futbol-veteranos-de-vigo\/#primaryimage"},"thumbnailUrl":"https:\/\/www.anovapeneira.gal\/wp-content\/uploads\/2019\/08\/orge_a_nova_peneira.jpg","datePublished":"2019-08-20T10:00:32+00:00","dateModified":"2019-08-25T10:45:33+00:00","breadcrumb":{"@id":"https:\/\/www.anovapeneira.gal\/index.php\/2019\/08\/20\/ernesto-orge-presidente-da-agrupacion-de-futbol-veteranos-de-vigo\/#breadcrumb"},"inLanguage":"gl-ES","potentialAction":[{"@type":"ReadAction","target":["https:\/\/www.anovapeneira.gal\/index.php\/2019\/08\/20\/ernesto-orge-presidente-da-agrupacion-de-futbol-veteranos-de-vigo\/"]}]},{"@type":"ImageObject","inLanguage":"gl-ES","@id":"https:\/\/www.anovapeneira.gal\/index.php\/2019\/08\/20\/ernesto-orge-presidente-da-agrupacion-de-futbol-veteranos-de-vigo\/#primaryimage","url":"https:\/\/www.anovapeneira.gal\/wp-content\/uploads\/2019\/08\/orge_a_nova_peneira.jpg","contentUrl":"https:\/\/www.anovapeneira.gal\/wp-content\/uploads\/2019\/08\/orge_a_nova_peneira.jpg","width":720,"height":473,"caption":"Entrevista Orge A Nova Peneira"},{"@type":"BreadcrumbList","@id":"https:\/\/www.anovapeneira.gal\/index.php\/2019\/08\/20\/ernesto-orge-presidente-da-agrupacion-de-futbol-veteranos-de-vigo\/#breadcrumb","itemListElement":[{"@type":"ListItem","position":1,"name":"Portada","item":"https:\/\/www.anovapeneira.gal\/"},{"@type":"ListItem","position":2,"name":"Ernesto Orge Presidente da Agrupaci\u00f3n de F\u00fatbol Veteranos de Vigo"}]},{"@type":"WebSite","@id":"https:\/\/www.anovapeneira.gal\/#website","url":"https:\/\/www.anovapeneira.gal\/","name":"","description":"Xornal galego de informaci\u00f3n xeral Publicaci\u00f3n mensual de novas de Galicia e en especial dos Concellos da sur da provincia de Pontevedra.","publisher":{"@id":"https:\/\/www.anovapeneira.gal\/#organization"},"potentialAction":[{"@type":"SearchAction","target":{"@type":"EntryPoint","urlTemplate":"https:\/\/www.anovapeneira.gal\/?s={search_term_string}"},"query-input":{"@type":"PropertyValueSpecification","valueRequired":true,"valueName":"search_term_string"}}],"inLanguage":"gl-ES"},{"@type":"Organization","@id":"https:\/\/www.anovapeneira.gal\/#organization","name":"A Nova Peneira","url":"https:\/\/www.anovapeneira.gal\/","logo":{"@type":"ImageObject","inLanguage":"gl-ES","@id":"https:\/\/www.anovapeneira.gal\/#\/schema\/logo\/image\/","url":"http:\/\/www.anovapeneira.gal\/wp-content\/uploads\/2019\/06\/logo_a_nova_peneira_portal_web.png","contentUrl":"http:\/\/www.anovapeneira.gal\/wp-content\/uploads\/2019\/06\/logo_a_nova_peneira_portal_web.png","width":300,"height":100,"caption":"A Nova Peneira"},"image":{"@id":"https:\/\/www.anovapeneira.gal\/#\/schema\/logo\/image\/"},"sameAs":["https:\/\/www.facebook.com\/anovapeneira","https:\/\/x.com\/APeneira"]},{"@type":"Person","@id":"https:\/\/www.anovapeneira.gal\/#\/schema\/person\/b93e3f8932e3f8da96334607eb6ac6aa","name":"Redacci\u00f3n A Nova Peneira","image":{"@type":"ImageObject","inLanguage":"gl-ES","@id":"https:\/\/secure.gravatar.com\/avatar\/c052a2551a06e23fac63626232eaa90abd78dbcf1700fc46a2b2c89fd27b735f?s=96&d=mm&r=g","url":"https:\/\/secure.gravatar.com\/avatar\/c052a2551a06e23fac63626232eaa90abd78dbcf1700fc46a2b2c89fd27b735f?s=96&d=mm&r=g","contentUrl":"https:\/\/secure.gravatar.com\/avatar\/c052a2551a06e23fac63626232eaa90abd78dbcf1700fc46a2b2c89fd27b735f?s=96&d=mm&r=g","caption":"Redacci\u00f3n A Nova Peneira"},"sameAs":["http:\/\/www.anovapeneira.gal\/"],"url":"https:\/\/www.anovapeneira.gal\/index.php\/author\/redactor\/"}]}},"jetpack_featured_media_url":"https:\/\/www.anovapeneira.gal\/wp-content\/uploads\/2019\/08\/orge_a_nova_peneira.jpg","_links":{"self":[{"href":"https:\/\/www.anovapeneira.gal\/index.php\/wp-json\/wp\/v2\/posts\/965","targetHints":{"allow":["GET"]}}],"collection":[{"href":"https:\/\/www.anovapeneira.gal\/index.php\/wp-json\/wp\/v2\/posts"}],"about":[{"href":"https:\/\/www.anovapeneira.gal\/index.php\/wp-json\/wp\/v2\/types\/post"}],"author":[{"embeddable":true,"href":"https:\/\/www.anovapeneira.gal\/index.php\/wp-json\/wp\/v2\/users\/3"}],"replies":[{"embeddable":true,"href":"https:\/\/www.anovapeneira.gal\/index.php\/wp-json\/wp\/v2\/comments?post=965"}],"version-history":[{"count":1,"href":"https:\/\/www.anovapeneira.gal\/index.php\/wp-json\/wp\/v2\/posts\/965\/revisions"}],"predecessor-version":[{"id":966,"href":"https:\/\/www.anovapeneira.gal\/index.php\/wp-json\/wp\/v2\/posts\/965\/revisions\/966"}],"wp:featuredmedia":[{"embeddable":true,"href":"https:\/\/www.anovapeneira.gal\/index.php\/wp-json\/wp\/v2\/media\/954"}],"wp:attachment":[{"href":"https:\/\/www.anovapeneira.gal\/index.php\/wp-json\/wp\/v2\/media?parent=965"}],"wp:term":[{"taxonomy":"category","embeddable":true,"href":"https:\/\/www.anovapeneira.gal\/index.php\/wp-json\/wp\/v2\/categories?post=965"},{"taxonomy":"post_tag","embeddable":true,"href":"https:\/\/www.anovapeneira.gal\/index.php\/wp-json\/wp\/v2\/tags?post=965"}],"curies":[{"name":"wp","href":"https:\/\/api.w.org\/{rel}","templated":true}]}}