{"id":9674,"date":"2023-05-08T10:00:55","date_gmt":"2023-05-08T08:00:55","guid":{"rendered":"https:\/\/www.anovapeneira.gal\/?p=9674"},"modified":"2023-05-05T18:45:28","modified_gmt":"2023-05-05T16:45:28","slug":"xoan-carlos-gonzalez-candidato-do-bng-a-alcaldia-de-redondela","status":"publish","type":"post","link":"https:\/\/www.anovapeneira.gal\/index.php\/2023\/05\/08\/xoan-carlos-gonzalez-candidato-do-bng-a-alcaldia-de-redondela\/","title":{"rendered":"Xoan Carlos Gonz\u00e1lez candidato do BNG \u00e1 alcald\u00eda de Redondela"},"content":{"rendered":"\n<pre class=\"wp-block-verse\"><strong>Marcos Santos e Tino Lago.<\/strong><\/pre>\n\n\n\n<p><strong>A situaci\u00f3n aritm\u00e9tica da corporaci\u00f3n de Redondela \u00e9 complexa e non resulta f\u00e1cil prever o resultado que deparar\u00e1n as urnas o vindeiro d\u00eda 28. Pero se hai unha consideraci\u00f3n previsible \u00e9 que os nacionalistas van experimentar unha suba moi importante. O rigor e o traballo serio e constante do seu voceiro Xoan Carlos Gonz\u00e1lez e da s\u00faa compa\u00f1eira J\u00e9ssica Garc\u00eda no mandato que remata, semella que poden exercer de catalizador para achegar ao BNG de Redondela aos seus m\u00e1ximos hist\u00f3ricos. N\u00f3s falamos con Xoan Carlos quen se amosa ilusionado en que as m\u00e1is de 4.000 veci\u00f1as e veci\u00f1os de Redondela que confiaron no proxecto do Bloque nas pasadas auton\u00f3micas, poidan situalos en disposici\u00f3n de liderar o vindeiro goberno da vila dos viadutos.<\/strong><\/p>\n\n\n\n<p>\u201c <strong>\u00c9 realista e veros\u00edmil que o BNG lidere o pr\u00f3ximo goberno de Redondela\u201d<\/strong><\/p>\n\n\n\n<p>\u201c <strong>Javier Bas desco\u00f1ece a realidade do noso concello. El foi a Madrid a aprender as actitudes chulescas, desp\u00f3ticas e prepotentes que a dereita e a ultradereita amosan a diario no congreso\u201d<\/strong><\/p>\n\n\n\n<p>\u201c<strong>Digna Rivas estivo m\u00e1is preocupada estes catro anos en que o PP apoiara as s\u00faas propostas, que en chegar a acordos co BNG\u201d.<\/strong><\/p>\n\n\n\n<p><strong>A moi poucos d\u00edas das vindeiras elecci\u00f3ns municipais cales son os teus \u00e1nimos a as t\u00faas sensaci\u00f3ns neste momento?<\/strong><\/p>\n\n\n\n<blockquote class=\"wp-block-quote is-layout-flow wp-block-quote-is-layout-flow\">\n<p>Eu levo moito tempo no BNG , moitos anos tratando de achegar o mellor de min mesmo a un proxecto colectivo que non ten outro obxectivo que ser unha ferramenta \u00fatil para facilitar o ben com\u00fan dos meus veci\u00f1os e veci\u00f1as. Nunca tiven unhas sensaci\u00f3ns tan positivas de que podemos chegar a alcald\u00eda de Redondela como as te\u00f1o agora.<\/p>\n<\/blockquote>\n\n\n\n<p><strong>Expl\u00edcate?<\/strong><\/p>\n\n\n\n<blockquote class=\"wp-block-quote is-layout-flow wp-block-quote-is-layout-flow\">\n<p>Creo que unha ampla maior\u00eda dos nosos veci\u00f1os e veci\u00f1as percibe que as mulleres e homes do Bloque non somos \u201c salvadores\u201d que aparezamos , cando hai procesos electorais, pero que escapamos cando non obtemos os resultados esperados, nin persoas que utilicemos a pol\u00edtica como medio de vida, nin persoas pouco serias que hoxe din si, ma\u00f1\u00e1 non e pasado nin se sabe. Os homes e mulleres do BNG somos xente seria, nunca abandonamos, sempre estamos, facemos pol\u00edtica todo o ano, non vivimos da pol\u00edtica, amamos Redondela e con acertos e erros sempre tratamos de facer o correcto.<\/p>\n<\/blockquote>\n\n\n\n<blockquote class=\"wp-block-quote is-layout-flow wp-block-quote-is-layout-flow\">\n<p>Comprobamos en cada acto que realizamos que medra a corrente de simpat\u00eda cara \u00e1 nosa candidatura. Te\u00f1o a convicci\u00f3n de que o 28 de maio vaise reflectir nas urnas cun moi bo resultado.<\/p>\n<\/blockquote>\n\n\n\n<p><strong>Semella que concordas con aquela apreciaci\u00f3n da t\u00faa compa\u00f1eira J\u00e9ssica Garc\u00eda que hai uns meses dic\u00eda nas nosas p\u00e1xinas: \u201c Redondela ten ga\u00f1as do BNG e o BNG adora Redondela\u201d?<\/strong><\/p>\n\n\n\n<blockquote class=\"wp-block-quote is-layout-flow wp-block-quote-is-layout-flow\">\n<p>Estou absolutamente de acordo con ela. \u00c9 m\u00e1is, ela \u00e9 unha muller moi intelixente e capacitada pero creo que nesa ocasi\u00f3n estivo especialmente atinada. Redondela ten ga\u00f1as do BNG, si, as\u00ed o percibimos n\u00f3s nas r\u00faas , cami\u00f1os e corredoiras de todo o noso concello. E o BNG adora Redondela, si, no m\u00e1is profundo e \u00edntimo dos nosos coraz\u00f3ns. Cremos que imos ter un grande resultado. Pero cada redondel\u00e1n e cada redondel\u00e1 pode ter a certeza absoluta de que se non fose as\u00ed, ning\u00fan de n\u00f3s vai marchar de Redondela como si fixeron outros que dic\u00edan iso de ante todo Redondela.<\/p>\n<\/blockquote>\n\n\n\n<p><strong>Aquel \u201c Ante todo Redondela\u201d de Javier Bas non era verdade?<\/strong><\/p>\n\n\n\n<blockquote class=\"wp-block-quote is-layout-flow wp-block-quote-is-layout-flow\">\n<p>O proxecto de Javier Bas \u00e9 todo mentira. El traizoou a Redondela con todas as da lei. E se non acada a alcald\u00eda todo indica que o vai volver facer. Por outra parte as iniciativas que tomou para defender Redondela foron m\u00ednimas. O deputado N\u00e9stor Rego, compa\u00f1eiro do BNG, presentou m\u00e1is iniciativas estes anos vinculadas a Redondela que o propio Javier Bas. O candidato do PP est\u00e1 a demostrar que desco\u00f1ece a realidade do noso concello. Durante estes catro anos desconectou de Redondela. \u00c9 moito peor agora que antes de marchar para Madrid. Javier Bas foi ao congreso a aprender as actitudes prepotentes, chulescas e desp\u00f3ticas que a dereita e a ultra dereita amosan no congreso un d\u00eda si e outro tam\u00e9n.<\/p>\n<\/blockquote>\n\n\n\n<p><strong>Catro anos despois aquela decisi\u00f3n de non entrar no goberno de Redondela, co PSOE e AER, segues considerando que foi unha posici\u00f3n pol\u00edtica acertada?<\/strong><\/p>\n\n\n\n<blockquote class=\"wp-block-quote is-layout-flow wp-block-quote-is-layout-flow\">\n<p>Visto como se desenvolveron os acontecementos semella que foi unha decisi\u00f3n moi acertada. O BNG fai unha valoraci\u00f3n moi negativa do goberno de Digna Rivas, tanto do bipartito como do goberno do PSOE en solitario. Redondela non se pode espertar cada ma\u00f1\u00e1 sen saber que vai pasar co seu goberno. A sensaci\u00f3n que se trasladou \u00e1 veci\u00f1anza de leas constantes foi moi desagradable e impropia dun goberno minimamente responsable.<\/p>\n<\/blockquote>\n\n\n\n<blockquote class=\"wp-block-quote is-layout-flow wp-block-quote-is-layout-flow\">\n<p>Por outro lado sendo un goberno , agora, de 7 sobre 21, actuaron como se tivesen maior\u00eda absoluta. Nin sequera t\u00e9ndoa se debe actuar as\u00ed, pois o correcto \u00e9 sempre a procura dos m\u00e1ximos consensos posibles pero sendo 1\/3 do pleno resulta disparatado non procurar acordos. E a alcaldesa estivo estes 4 anos m\u00e1is preocupada de que o PP apoiara as s\u00faas propostas que de chegar a acordos co BNG.<\/p>\n<\/blockquote>\n\n\n\n<p><strong>En relaci\u00f3n \u00e1s declaraci\u00f3ns que AER expresou en ANP sobre que se a elecci\u00f3n de alcalde\/esa depend\u00eda deles non apoiar\u00edan en ning\u00fan caso a candidatura de Digna Rivas co que , de ser o caso que a aritm\u00e9tica as\u00ed o determinase, poder\u00edan propiciar unha nova alcald\u00eda de Javier Bas, que opina o BNG?<\/strong><\/p>\n\n\n\n<blockquote class=\"wp-block-quote is-layout-flow wp-block-quote-is-layout-flow\">\n<p>Para n\u00f3s esas declaraci\u00f3ns van na li\u00f1a de tratar de solucionar un problema de divisi\u00f3n interna que ten o PSOE e n\u00f3s nese xogo non entramos.<\/p>\n<\/blockquote>\n\n\n\n<p><strong>Que tipo de oposici\u00f3n fixestes nestes 4 anos?<\/strong><\/p>\n\n\n\n<blockquote class=\"wp-block-quote is-layout-flow wp-block-quote-is-layout-flow\">\n<p>Leal, construtiva, en positivo e de propostas en beneficio de Redondela.<\/p>\n<\/blockquote>\n\n\n\n<p><strong>Por exemplo?<\/strong><\/p>\n\n\n\n<blockquote class=\"wp-block-quote is-layout-flow wp-block-quote-is-layout-flow\">\n<p>Os \u00fanicos orzamentos que se aprobaron en Redondela tiveron un perfil social moi importante porque as\u00ed o impulsou o BNG.<\/p>\n<\/blockquote>\n\n\n\n<p><strong>Neses orzamentos inicialmente votastes en contra?<\/strong><\/p>\n\n\n\n<blockquote class=\"wp-block-quote is-layout-flow wp-block-quote-is-layout-flow\">\n<p>Si, e aprob\u00e1molos cando se cumpriron as nosas exixencias, como por exemplo as axudas \u00e1s tra\u00eddas de augas ou a ordenanza de emerxencia social, ou manter as pistas de tenis e p\u00e1del baixo a xesti\u00f3n p\u00fablica municipal. Con n\u00f3s p\u00f3dese dialogar a acordar, pero os intereses de Redondela defend\u00e9molos con firmeza.<\/p>\n<\/blockquote>\n\n\n\n<p><strong>Con radical sinceridade Xoan Carlos: \u00e9 realista pensar que o BNG pode aspirar a liderar o vindeiro goberno de Redondela?<\/strong><\/p>\n\n\n\n<blockquote class=\"wp-block-quote is-layout-flow wp-block-quote-is-layout-flow\">\n<p>Con radical sinceridade, si, si que \u00e9 posible. Nas \u00faltimas auton\u00f3micas recibimos a confianza do 28,27% da veci\u00f1anza, 4.087 veci\u00f1as e veci\u00f1os de Redondela depositaron na urna a papeleta do BNG. \u00c9 certo que son procesos electorais diferentes, pero a\u00ed se amosa que a xente non ten medo a votar bloque, e a nosa ilusi\u00f3n e a nosa intenci\u00f3n \u00e9 tratar de convencer a cada unha desas 4.087 persoas, e a m\u00e1is que a\u00ednda non o fixeron tam\u00e9n, de que o BNG \u00e9 o mesmo sempre, de que o BNG en todos os procesos electorais ten o mesmo obxectivo: Servir ao ben com\u00fan.<\/p>\n<\/blockquote>\n\n\n\n<p><strong>En relaci\u00f3n a un asunto moi relevante para o BNG como a participaci\u00f3n cidad\u00e1, cal \u00e9 a t\u00faa opini\u00f3n da xesti\u00f3n do goberno actual?<\/strong><\/p>\n\n\n\n<blockquote class=\"wp-block-quote is-layout-flow wp-block-quote-is-layout-flow\">\n<p>Por desgraza a valoraci\u00f3n \u00e9 moi mala. Os \u00f3rganos de participaci\u00f3n cidad\u00e1, os consellos parroquiais,deixaron de existir.<\/p>\n<\/blockquote>\n\n\n\n<p><strong>Por desleixo?<\/strong><\/p>\n\n\n\n<blockquote class=\"wp-block-quote is-layout-flow wp-block-quote-is-layout-flow\">\n<p>Non, por interese pol\u00edtico.<\/p>\n<\/blockquote>\n\n\n\n<p><strong>Contigo de alcalde que pasar\u00eda cos consellos parroquiais?<\/strong><\/p>\n\n\n\n<blockquote class=\"wp-block-quote is-layout-flow wp-block-quote-is-layout-flow\">\n<p>Cun goberno do BNG recuperar\u00edanse de contado, e asemade traballariamos para darlle moito m\u00e1is peso na din\u00e1mica pol\u00edtica municipal.<\/p>\n<\/blockquote>\n\n\n\n<p><strong>O SAF est\u00e1 tan mal como parece estar?<\/strong><\/p>\n\n\n\n<blockquote class=\"wp-block-quote is-layout-flow wp-block-quote-is-layout-flow\">\n<p>O servizo que d\u00e1 \u00e9 malo si, pero tam\u00e9n te\u00f1o que dicir que non \u00e9 moito peor c\u00f3 que servizo que hab\u00eda no goberno do PP de Javier Bas. O PP trata de quitar r\u00e9dito pol\u00edtico dun mal servizo, que tam\u00e9n era malo cando Bas era alcalde e naquel momento o PP estaba mirando para outro lado.<\/p>\n<\/blockquote>\n\n\n\n<p><strong>Cal \u00e9 a proposta do BNG?<\/strong><\/p>\n\n\n\n<blockquote class=\"wp-block-quote is-layout-flow wp-block-quote-is-layout-flow\">\n<p>Traballar para remunicipalizar o servizo.<\/p>\n<\/blockquote>\n\n\n\n<p><strong>E mentres non se faga?<\/strong><\/p>\n\n\n\n<blockquote class=\"wp-block-quote is-layout-flow wp-block-quote-is-layout-flow\">\n<p>N\u00f3s levaremos no noso programa a constituci\u00f3n dunha conceller\u00eda de servizos privatizados, que ter\u00e1 como misi\u00f3n velar para que todos eses servizos se cumpran de maneira eficaz e dilixente.<\/p>\n<\/blockquote>\n\n\n\n<p><strong>Sobre a proposta do PP para o SAF que opinas?<\/strong><\/p>\n\n\n\n<blockquote class=\"wp-block-quote is-layout-flow wp-block-quote-is-layout-flow\">\n<p>Que entra na s\u00faa din\u00e1mica de crear tensi\u00f3n na vida pol\u00edtica de Redondela.<\/p>\n<\/blockquote>\n\n\n\n<p><strong>Antes dun proceso electoral municipal unha cr\u00edtica pol\u00edtica recorrente que reciben os gobernos locais, sexan do signo que sexan, \u00e9 que non tratan igual \u00e1s parroquias que aos cascos urbanos. No caso de Redondela?<\/strong><\/p>\n\n\n\n<blockquote class=\"wp-block-quote is-layout-flow wp-block-quote-is-layout-flow\">\n<p>No caso do noso concello hai unha evidencia: os consellos parroquiais abandon\u00e1ronse, polo tanto os problemas reais que co\u00f1ecen os veci\u00f1os e veci\u00f1as que os padecen directamente non estiveron enriba da mesa. En canto aos investimentos este goberno seguiu as li\u00f1as do PP: asfaltados e farois, pero nada m\u00e1is que sexa en verdade relevante para mellorar a calidade de vida das persoas que al\u00ed viven.<\/p>\n<\/blockquote>\n\n\n\n<p><strong>Ao meu xu\u00edzo o que diferencia a un mal goberno un bo goberno municipal \u00e9 , entre outras cousas , que un mal goberno se limita a zafar como poden os problemas do d\u00eda a d\u00eda mentres que un bo goberno ten un modelo para a s\u00faa localidade. O BNG ten un modelo de vila para Redondela?<\/strong><\/p>\n\n\n\n<blockquote class=\"wp-block-quote is-layout-flow wp-block-quote-is-layout-flow\">\n<p>Desde logo que si, como o ten para a todas as vilas nas que goberna. Redondela est\u00e1 nunha situaci\u00f3n complexa, pois leva unha d\u00e9cada perdendo poboaci\u00f3n e c\u00f3mpre tomar medidas de contado para reverter a tendencia. O noso modelo de concello ten como obxectivo crear unha Redondela xusta, humana e accesible, unha Redondela para as persoas na que se adopten medidas valentes para dinamizar o comercio local, mellorar a comunicaci\u00f3n interna das parroquias e cos n\u00facleos urbanos. Al\u00ed temos que prestarlle especial atenci\u00f3n a Chapela a grande esquecida de todos os gobernos de Redondela.<\/p>\n<\/blockquote>\n\n\n\n<p><strong>Rematamos. As expectativas realistas o 28 de maio?<\/strong><\/p>\n\n\n\n<blockquote class=\"wp-block-quote is-layout-flow wp-block-quote-is-layout-flow\">\n<p>Non nos pomos teito. Sa\u00edmos a ga\u00f1ar.<\/p>\n<\/blockquote>\n\n\n\n<p><strong>Que poder\u00eda encontrar un veci\u00f1o ou veci\u00f1a de Redondela en ti como alcalde?.<\/strong><\/p>\n\n\n\n<blockquote class=\"wp-block-quote is-layout-flow wp-block-quote-is-layout-flow\">\n<p>Compromiso absoluto co meu pobo. Escrupuloso rigor na xesti\u00f3n. E atenci\u00f3n preferente a quen m\u00e1is a necesite.<\/p>\n<\/blockquote>\n","protected":false},"excerpt":{"rendered":"<div class=\"mh-excerpt\"><p>A situaci\u00f3n aritm\u00e9tica da corporaci\u00f3n de Redondela \u00e9 complexa e non resulta f\u00e1cil prever o resultado que deparar\u00e1n as urnas o vindeiro d\u00eda 28. <a class=\"mh-excerpt-more\" href=\"https:\/\/www.anovapeneira.gal\/index.php\/2023\/05\/08\/xoan-carlos-gonzalez-candidato-do-bng-a-alcaldia-de-redondela\/\" title=\"Xoan Carlos Gonz\u00e1lez candidato do BNG \u00e1 alcald\u00eda de Redondela\">[&#8230;]<\/a><\/p>\n<\/div>","protected":false},"author":2,"featured_media":9675,"comment_status":"open","ping_status":"open","sticky":false,"template":"","format":"standard","meta":{"_exactmetrics_skip_tracking":false,"_exactmetrics_sitenote_active":false,"_exactmetrics_sitenote_note":"","_exactmetrics_sitenote_category":0,"footnotes":""},"categories":[270],"tags":[171],"class_list":{"0":"post-9674","1":"post","2":"type-post","3":"status-publish","4":"format-standard","5":"has-post-thumbnail","7":"category-redondela-entrevistas","8":"tag-concello-de-redondela"},"yoast_head":"<!-- This site is optimized with the Yoast SEO plugin v27.4 - https:\/\/yoast.com\/product\/yoast-seo-wordpress\/ -->\n<title>Xoan Carlos Gonz\u00e1lez candidato do BNG \u00e1 alcald\u00eda de Redondela -<\/title>\n<meta name=\"description\" content=\"A situaci\u00f3n aritm\u00e9tica da corporaci\u00f3n de Redondela \u00e9 complexa e non resulta f\u00e1cil prever o resultado que deparar\u00e1n as urnas o vindeiro d\u00eda 28.\" \/>\n<meta name=\"robots\" content=\"index, follow, max-snippet:-1, max-image-preview:large, max-video-preview:-1\" \/>\n<link rel=\"canonical\" href=\"https:\/\/www.anovapeneira.gal\/index.php\/2023\/05\/08\/xoan-carlos-gonzalez-candidato-do-bng-a-alcaldia-de-redondela\/\" \/>\n<meta property=\"og:locale\" content=\"gl_ES\" \/>\n<meta property=\"og:type\" content=\"article\" \/>\n<meta property=\"og:title\" content=\"Xoan Carlos Gonz\u00e1lez candidato do BNG \u00e1 alcald\u00eda de Redondela -\" \/>\n<meta property=\"og:description\" content=\"A situaci\u00f3n aritm\u00e9tica da corporaci\u00f3n de Redondela \u00e9 complexa e non resulta f\u00e1cil prever o resultado que deparar\u00e1n as urnas o vindeiro d\u00eda 28.\" \/>\n<meta property=\"og:url\" content=\"https:\/\/www.anovapeneira.gal\/index.php\/2023\/05\/08\/xoan-carlos-gonzalez-candidato-do-bng-a-alcaldia-de-redondela\/\" \/>\n<meta property=\"article:publisher\" content=\"https:\/\/www.facebook.com\/anovapeneira\" \/>\n<meta property=\"article:published_time\" content=\"2023-05-08T08:00:55+00:00\" \/>\n<meta property=\"og:image\" content=\"https:\/\/www.anovapeneira.gal\/wp-content\/uploads\/2023\/05\/bng_redondela.jpg\" \/>\n\t<meta property=\"og:image:width\" content=\"720\" \/>\n\t<meta property=\"og:image:height\" content=\"432\" \/>\n\t<meta property=\"og:image:type\" content=\"image\/jpeg\" \/>\n<meta name=\"author\" content=\"Tino Lago\" \/>\n<meta name=\"twitter:card\" content=\"summary_large_image\" \/>\n<meta name=\"twitter:creator\" content=\"@APeneira\" \/>\n<meta name=\"twitter:site\" content=\"@APeneira\" \/>\n<meta name=\"twitter:label1\" content=\"Escrito por\" \/>\n\t<meta name=\"twitter:data1\" content=\"Tino Lago\" \/>\n\t<meta name=\"twitter:label2\" content=\"Tempo de lectura\" \/>\n\t<meta name=\"twitter:data2\" content=\"9 minutos\" \/>\n<script type=\"application\/ld+json\" class=\"yoast-schema-graph\">{\"@context\":\"https:\\\/\\\/schema.org\",\"@graph\":[{\"@type\":\"Article\",\"@id\":\"https:\\\/\\\/www.anovapeneira.gal\\\/index.php\\\/2023\\\/05\\\/08\\\/xoan-carlos-gonzalez-candidato-do-bng-a-alcaldia-de-redondela\\\/#article\",\"isPartOf\":{\"@id\":\"https:\\\/\\\/www.anovapeneira.gal\\\/index.php\\\/2023\\\/05\\\/08\\\/xoan-carlos-gonzalez-candidato-do-bng-a-alcaldia-de-redondela\\\/\"},\"author\":{\"name\":\"Tino Lago\",\"@id\":\"https:\\\/\\\/www.anovapeneira.gal\\\/#\\\/schema\\\/person\\\/424dfe65e3070fd8a44d22d2c088762a\"},\"headline\":\"Xoan Carlos Gonz\u00e1lez candidato do BNG \u00e1 alcald\u00eda de Redondela\",\"datePublished\":\"2023-05-08T08:00:55+00:00\",\"mainEntityOfPage\":{\"@id\":\"https:\\\/\\\/www.anovapeneira.gal\\\/index.php\\\/2023\\\/05\\\/08\\\/xoan-carlos-gonzalez-candidato-do-bng-a-alcaldia-de-redondela\\\/\"},\"wordCount\":1771,\"commentCount\":0,\"publisher\":{\"@id\":\"https:\\\/\\\/www.anovapeneira.gal\\\/#organization\"},\"image\":{\"@id\":\"https:\\\/\\\/www.anovapeneira.gal\\\/index.php\\\/2023\\\/05\\\/08\\\/xoan-carlos-gonzalez-candidato-do-bng-a-alcaldia-de-redondela\\\/#primaryimage\"},\"thumbnailUrl\":\"https:\\\/\\\/www.anovapeneira.gal\\\/wp-content\\\/uploads\\\/2023\\\/05\\\/bng_redondela.jpg\",\"keywords\":[\"Concello de Redondela\"],\"articleSection\":[\"Redondela\"],\"inLanguage\":\"gl-ES\",\"potentialAction\":[{\"@type\":\"CommentAction\",\"name\":\"Comment\",\"target\":[\"https:\\\/\\\/www.anovapeneira.gal\\\/index.php\\\/2023\\\/05\\\/08\\\/xoan-carlos-gonzalez-candidato-do-bng-a-alcaldia-de-redondela\\\/#respond\"]}]},{\"@type\":\"WebPage\",\"@id\":\"https:\\\/\\\/www.anovapeneira.gal\\\/index.php\\\/2023\\\/05\\\/08\\\/xoan-carlos-gonzalez-candidato-do-bng-a-alcaldia-de-redondela\\\/\",\"url\":\"https:\\\/\\\/www.anovapeneira.gal\\\/index.php\\\/2023\\\/05\\\/08\\\/xoan-carlos-gonzalez-candidato-do-bng-a-alcaldia-de-redondela\\\/\",\"name\":\"Xoan Carlos Gonz\u00e1lez candidato do BNG \u00e1 alcald\u00eda de Redondela -\",\"isPartOf\":{\"@id\":\"https:\\\/\\\/www.anovapeneira.gal\\\/#website\"},\"primaryImageOfPage\":{\"@id\":\"https:\\\/\\\/www.anovapeneira.gal\\\/index.php\\\/2023\\\/05\\\/08\\\/xoan-carlos-gonzalez-candidato-do-bng-a-alcaldia-de-redondela\\\/#primaryimage\"},\"image\":{\"@id\":\"https:\\\/\\\/www.anovapeneira.gal\\\/index.php\\\/2023\\\/05\\\/08\\\/xoan-carlos-gonzalez-candidato-do-bng-a-alcaldia-de-redondela\\\/#primaryimage\"},\"thumbnailUrl\":\"https:\\\/\\\/www.anovapeneira.gal\\\/wp-content\\\/uploads\\\/2023\\\/05\\\/bng_redondela.jpg\",\"datePublished\":\"2023-05-08T08:00:55+00:00\",\"description\":\"A situaci\u00f3n aritm\u00e9tica da corporaci\u00f3n de Redondela \u00e9 complexa e non resulta f\u00e1cil prever o resultado que deparar\u00e1n as urnas o vindeiro d\u00eda 28.\",\"breadcrumb\":{\"@id\":\"https:\\\/\\\/www.anovapeneira.gal\\\/index.php\\\/2023\\\/05\\\/08\\\/xoan-carlos-gonzalez-candidato-do-bng-a-alcaldia-de-redondela\\\/#breadcrumb\"},\"inLanguage\":\"gl-ES\",\"potentialAction\":[{\"@type\":\"ReadAction\",\"target\":[\"https:\\\/\\\/www.anovapeneira.gal\\\/index.php\\\/2023\\\/05\\\/08\\\/xoan-carlos-gonzalez-candidato-do-bng-a-alcaldia-de-redondela\\\/\"]}]},{\"@type\":\"ImageObject\",\"inLanguage\":\"gl-ES\",\"@id\":\"https:\\\/\\\/www.anovapeneira.gal\\\/index.php\\\/2023\\\/05\\\/08\\\/xoan-carlos-gonzalez-candidato-do-bng-a-alcaldia-de-redondela\\\/#primaryimage\",\"url\":\"https:\\\/\\\/www.anovapeneira.gal\\\/wp-content\\\/uploads\\\/2023\\\/05\\\/bng_redondela.jpg\",\"contentUrl\":\"https:\\\/\\\/www.anovapeneira.gal\\\/wp-content\\\/uploads\\\/2023\\\/05\\\/bng_redondela.jpg\",\"width\":720,\"height\":432,\"caption\":\"Xoan Carlos Gonz\u00e1lez candidato do BNG \u00e1 alcald\u00eda de Redondela\"},{\"@type\":\"BreadcrumbList\",\"@id\":\"https:\\\/\\\/www.anovapeneira.gal\\\/index.php\\\/2023\\\/05\\\/08\\\/xoan-carlos-gonzalez-candidato-do-bng-a-alcaldia-de-redondela\\\/#breadcrumb\",\"itemListElement\":[{\"@type\":\"ListItem\",\"position\":1,\"name\":\"Portada\",\"item\":\"https:\\\/\\\/www.anovapeneira.gal\\\/\"},{\"@type\":\"ListItem\",\"position\":2,\"name\":\"Xoan Carlos Gonz\u00e1lez candidato do BNG \u00e1 alcald\u00eda de Redondela\"}]},{\"@type\":\"WebSite\",\"@id\":\"https:\\\/\\\/www.anovapeneira.gal\\\/#website\",\"url\":\"https:\\\/\\\/www.anovapeneira.gal\\\/\",\"name\":\"\",\"description\":\"Xornal galego de informaci\u00f3n xeral Publicaci\u00f3n mensual de novas de Galicia e en especial dos Concellos da sur da provincia de Pontevedra.\",\"publisher\":{\"@id\":\"https:\\\/\\\/www.anovapeneira.gal\\\/#organization\"},\"potentialAction\":[{\"@type\":\"SearchAction\",\"target\":{\"@type\":\"EntryPoint\",\"urlTemplate\":\"https:\\\/\\\/www.anovapeneira.gal\\\/?s={search_term_string}\"},\"query-input\":{\"@type\":\"PropertyValueSpecification\",\"valueRequired\":true,\"valueName\":\"search_term_string\"}}],\"inLanguage\":\"gl-ES\"},{\"@type\":\"Organization\",\"@id\":\"https:\\\/\\\/www.anovapeneira.gal\\\/#organization\",\"name\":\"A Nova Peneira\",\"url\":\"https:\\\/\\\/www.anovapeneira.gal\\\/\",\"logo\":{\"@type\":\"ImageObject\",\"inLanguage\":\"gl-ES\",\"@id\":\"https:\\\/\\\/www.anovapeneira.gal\\\/#\\\/schema\\\/logo\\\/image\\\/\",\"url\":\"http:\\\/\\\/www.anovapeneira.gal\\\/wp-content\\\/uploads\\\/2019\\\/06\\\/logo_a_nova_peneira_portal_web.png\",\"contentUrl\":\"http:\\\/\\\/www.anovapeneira.gal\\\/wp-content\\\/uploads\\\/2019\\\/06\\\/logo_a_nova_peneira_portal_web.png\",\"width\":300,\"height\":100,\"caption\":\"A Nova Peneira\"},\"image\":{\"@id\":\"https:\\\/\\\/www.anovapeneira.gal\\\/#\\\/schema\\\/logo\\\/image\\\/\"},\"sameAs\":[\"https:\\\/\\\/www.facebook.com\\\/anovapeneira\",\"https:\\\/\\\/x.com\\\/APeneira\"]},{\"@type\":\"Person\",\"@id\":\"https:\\\/\\\/www.anovapeneira.gal\\\/#\\\/schema\\\/person\\\/424dfe65e3070fd8a44d22d2c088762a\",\"name\":\"Tino Lago\",\"image\":{\"@type\":\"ImageObject\",\"inLanguage\":\"gl-ES\",\"@id\":\"https:\\\/\\\/secure.gravatar.com\\\/avatar\\\/b3df6a06e44bab3111583b90f0f33a0379ee5e3d22cbadd232d39f21c30c62be?s=96&d=mm&r=g\",\"url\":\"https:\\\/\\\/secure.gravatar.com\\\/avatar\\\/b3df6a06e44bab3111583b90f0f33a0379ee5e3d22cbadd232d39f21c30c62be?s=96&d=mm&r=g\",\"contentUrl\":\"https:\\\/\\\/secure.gravatar.com\\\/avatar\\\/b3df6a06e44bab3111583b90f0f33a0379ee5e3d22cbadd232d39f21c30c62be?s=96&d=mm&r=g\",\"caption\":\"Tino Lago\"},\"sameAs\":[\"http:\\\/\\\/www.anovapeneira.gal\"],\"url\":\"https:\\\/\\\/www.anovapeneira.gal\\\/index.php\\\/author\\\/director\\\/\"}]}<\/script>\n<!-- \/ Yoast SEO plugin. -->","yoast_head_json":{"title":"Xoan Carlos Gonz\u00e1lez candidato do BNG \u00e1 alcald\u00eda de Redondela -","description":"A situaci\u00f3n aritm\u00e9tica da corporaci\u00f3n de Redondela \u00e9 complexa e non resulta f\u00e1cil prever o resultado que deparar\u00e1n as urnas o vindeiro d\u00eda 28.","robots":{"index":"index","follow":"follow","max-snippet":"max-snippet:-1","max-image-preview":"max-image-preview:large","max-video-preview":"max-video-preview:-1"},"canonical":"https:\/\/www.anovapeneira.gal\/index.php\/2023\/05\/08\/xoan-carlos-gonzalez-candidato-do-bng-a-alcaldia-de-redondela\/","og_locale":"gl_ES","og_type":"article","og_title":"Xoan Carlos Gonz\u00e1lez candidato do BNG \u00e1 alcald\u00eda de Redondela -","og_description":"A situaci\u00f3n aritm\u00e9tica da corporaci\u00f3n de Redondela \u00e9 complexa e non resulta f\u00e1cil prever o resultado que deparar\u00e1n as urnas o vindeiro d\u00eda 28.","og_url":"https:\/\/www.anovapeneira.gal\/index.php\/2023\/05\/08\/xoan-carlos-gonzalez-candidato-do-bng-a-alcaldia-de-redondela\/","article_publisher":"https:\/\/www.facebook.com\/anovapeneira","article_published_time":"2023-05-08T08:00:55+00:00","og_image":[{"width":720,"height":432,"url":"https:\/\/www.anovapeneira.gal\/wp-content\/uploads\/2023\/05\/bng_redondela.jpg","type":"image\/jpeg"}],"author":"Tino Lago","twitter_card":"summary_large_image","twitter_creator":"@APeneira","twitter_site":"@APeneira","twitter_misc":{"Escrito por":"Tino Lago","Tempo de lectura":"9 minutos"},"schema":{"@context":"https:\/\/schema.org","@graph":[{"@type":"Article","@id":"https:\/\/www.anovapeneira.gal\/index.php\/2023\/05\/08\/xoan-carlos-gonzalez-candidato-do-bng-a-alcaldia-de-redondela\/#article","isPartOf":{"@id":"https:\/\/www.anovapeneira.gal\/index.php\/2023\/05\/08\/xoan-carlos-gonzalez-candidato-do-bng-a-alcaldia-de-redondela\/"},"author":{"name":"Tino Lago","@id":"https:\/\/www.anovapeneira.gal\/#\/schema\/person\/424dfe65e3070fd8a44d22d2c088762a"},"headline":"Xoan Carlos Gonz\u00e1lez candidato do BNG \u00e1 alcald\u00eda de Redondela","datePublished":"2023-05-08T08:00:55+00:00","mainEntityOfPage":{"@id":"https:\/\/www.anovapeneira.gal\/index.php\/2023\/05\/08\/xoan-carlos-gonzalez-candidato-do-bng-a-alcaldia-de-redondela\/"},"wordCount":1771,"commentCount":0,"publisher":{"@id":"https:\/\/www.anovapeneira.gal\/#organization"},"image":{"@id":"https:\/\/www.anovapeneira.gal\/index.php\/2023\/05\/08\/xoan-carlos-gonzalez-candidato-do-bng-a-alcaldia-de-redondela\/#primaryimage"},"thumbnailUrl":"https:\/\/www.anovapeneira.gal\/wp-content\/uploads\/2023\/05\/bng_redondela.jpg","keywords":["Concello de Redondela"],"articleSection":["Redondela"],"inLanguage":"gl-ES","potentialAction":[{"@type":"CommentAction","name":"Comment","target":["https:\/\/www.anovapeneira.gal\/index.php\/2023\/05\/08\/xoan-carlos-gonzalez-candidato-do-bng-a-alcaldia-de-redondela\/#respond"]}]},{"@type":"WebPage","@id":"https:\/\/www.anovapeneira.gal\/index.php\/2023\/05\/08\/xoan-carlos-gonzalez-candidato-do-bng-a-alcaldia-de-redondela\/","url":"https:\/\/www.anovapeneira.gal\/index.php\/2023\/05\/08\/xoan-carlos-gonzalez-candidato-do-bng-a-alcaldia-de-redondela\/","name":"Xoan Carlos Gonz\u00e1lez candidato do BNG \u00e1 alcald\u00eda de Redondela -","isPartOf":{"@id":"https:\/\/www.anovapeneira.gal\/#website"},"primaryImageOfPage":{"@id":"https:\/\/www.anovapeneira.gal\/index.php\/2023\/05\/08\/xoan-carlos-gonzalez-candidato-do-bng-a-alcaldia-de-redondela\/#primaryimage"},"image":{"@id":"https:\/\/www.anovapeneira.gal\/index.php\/2023\/05\/08\/xoan-carlos-gonzalez-candidato-do-bng-a-alcaldia-de-redondela\/#primaryimage"},"thumbnailUrl":"https:\/\/www.anovapeneira.gal\/wp-content\/uploads\/2023\/05\/bng_redondela.jpg","datePublished":"2023-05-08T08:00:55+00:00","description":"A situaci\u00f3n aritm\u00e9tica da corporaci\u00f3n de Redondela \u00e9 complexa e non resulta f\u00e1cil prever o resultado que deparar\u00e1n as urnas o vindeiro d\u00eda 28.","breadcrumb":{"@id":"https:\/\/www.anovapeneira.gal\/index.php\/2023\/05\/08\/xoan-carlos-gonzalez-candidato-do-bng-a-alcaldia-de-redondela\/#breadcrumb"},"inLanguage":"gl-ES","potentialAction":[{"@type":"ReadAction","target":["https:\/\/www.anovapeneira.gal\/index.php\/2023\/05\/08\/xoan-carlos-gonzalez-candidato-do-bng-a-alcaldia-de-redondela\/"]}]},{"@type":"ImageObject","inLanguage":"gl-ES","@id":"https:\/\/www.anovapeneira.gal\/index.php\/2023\/05\/08\/xoan-carlos-gonzalez-candidato-do-bng-a-alcaldia-de-redondela\/#primaryimage","url":"https:\/\/www.anovapeneira.gal\/wp-content\/uploads\/2023\/05\/bng_redondela.jpg","contentUrl":"https:\/\/www.anovapeneira.gal\/wp-content\/uploads\/2023\/05\/bng_redondela.jpg","width":720,"height":432,"caption":"Xoan Carlos Gonz\u00e1lez candidato do BNG \u00e1 alcald\u00eda de Redondela"},{"@type":"BreadcrumbList","@id":"https:\/\/www.anovapeneira.gal\/index.php\/2023\/05\/08\/xoan-carlos-gonzalez-candidato-do-bng-a-alcaldia-de-redondela\/#breadcrumb","itemListElement":[{"@type":"ListItem","position":1,"name":"Portada","item":"https:\/\/www.anovapeneira.gal\/"},{"@type":"ListItem","position":2,"name":"Xoan Carlos Gonz\u00e1lez candidato do BNG \u00e1 alcald\u00eda de Redondela"}]},{"@type":"WebSite","@id":"https:\/\/www.anovapeneira.gal\/#website","url":"https:\/\/www.anovapeneira.gal\/","name":"","description":"Xornal galego de informaci\u00f3n xeral Publicaci\u00f3n mensual de novas de Galicia e en especial dos Concellos da sur da provincia de Pontevedra.","publisher":{"@id":"https:\/\/www.anovapeneira.gal\/#organization"},"potentialAction":[{"@type":"SearchAction","target":{"@type":"EntryPoint","urlTemplate":"https:\/\/www.anovapeneira.gal\/?s={search_term_string}"},"query-input":{"@type":"PropertyValueSpecification","valueRequired":true,"valueName":"search_term_string"}}],"inLanguage":"gl-ES"},{"@type":"Organization","@id":"https:\/\/www.anovapeneira.gal\/#organization","name":"A Nova Peneira","url":"https:\/\/www.anovapeneira.gal\/","logo":{"@type":"ImageObject","inLanguage":"gl-ES","@id":"https:\/\/www.anovapeneira.gal\/#\/schema\/logo\/image\/","url":"http:\/\/www.anovapeneira.gal\/wp-content\/uploads\/2019\/06\/logo_a_nova_peneira_portal_web.png","contentUrl":"http:\/\/www.anovapeneira.gal\/wp-content\/uploads\/2019\/06\/logo_a_nova_peneira_portal_web.png","width":300,"height":100,"caption":"A Nova Peneira"},"image":{"@id":"https:\/\/www.anovapeneira.gal\/#\/schema\/logo\/image\/"},"sameAs":["https:\/\/www.facebook.com\/anovapeneira","https:\/\/x.com\/APeneira"]},{"@type":"Person","@id":"https:\/\/www.anovapeneira.gal\/#\/schema\/person\/424dfe65e3070fd8a44d22d2c088762a","name":"Tino Lago","image":{"@type":"ImageObject","inLanguage":"gl-ES","@id":"https:\/\/secure.gravatar.com\/avatar\/b3df6a06e44bab3111583b90f0f33a0379ee5e3d22cbadd232d39f21c30c62be?s=96&d=mm&r=g","url":"https:\/\/secure.gravatar.com\/avatar\/b3df6a06e44bab3111583b90f0f33a0379ee5e3d22cbadd232d39f21c30c62be?s=96&d=mm&r=g","contentUrl":"https:\/\/secure.gravatar.com\/avatar\/b3df6a06e44bab3111583b90f0f33a0379ee5e3d22cbadd232d39f21c30c62be?s=96&d=mm&r=g","caption":"Tino Lago"},"sameAs":["http:\/\/www.anovapeneira.gal"],"url":"https:\/\/www.anovapeneira.gal\/index.php\/author\/director\/"}]}},"jetpack_featured_media_url":"https:\/\/www.anovapeneira.gal\/wp-content\/uploads\/2023\/05\/bng_redondela.jpg","_links":{"self":[{"href":"https:\/\/www.anovapeneira.gal\/index.php\/wp-json\/wp\/v2\/posts\/9674","targetHints":{"allow":["GET"]}}],"collection":[{"href":"https:\/\/www.anovapeneira.gal\/index.php\/wp-json\/wp\/v2\/posts"}],"about":[{"href":"https:\/\/www.anovapeneira.gal\/index.php\/wp-json\/wp\/v2\/types\/post"}],"author":[{"embeddable":true,"href":"https:\/\/www.anovapeneira.gal\/index.php\/wp-json\/wp\/v2\/users\/2"}],"replies":[{"embeddable":true,"href":"https:\/\/www.anovapeneira.gal\/index.php\/wp-json\/wp\/v2\/comments?post=9674"}],"version-history":[{"count":1,"href":"https:\/\/www.anovapeneira.gal\/index.php\/wp-json\/wp\/v2\/posts\/9674\/revisions"}],"predecessor-version":[{"id":9676,"href":"https:\/\/www.anovapeneira.gal\/index.php\/wp-json\/wp\/v2\/posts\/9674\/revisions\/9676"}],"wp:featuredmedia":[{"embeddable":true,"href":"https:\/\/www.anovapeneira.gal\/index.php\/wp-json\/wp\/v2\/media\/9675"}],"wp:attachment":[{"href":"https:\/\/www.anovapeneira.gal\/index.php\/wp-json\/wp\/v2\/media?parent=9674"}],"wp:term":[{"taxonomy":"category","embeddable":true,"href":"https:\/\/www.anovapeneira.gal\/index.php\/wp-json\/wp\/v2\/categories?post=9674"},{"taxonomy":"post_tag","embeddable":true,"href":"https:\/\/www.anovapeneira.gal\/index.php\/wp-json\/wp\/v2\/tags?post=9674"}],"curies":[{"name":"wp","href":"https:\/\/api.w.org\/{rel}","templated":true}]}}