{"id":9688,"date":"2023-05-10T11:00:41","date_gmt":"2023-05-10T09:00:41","guid":{"rendered":"https:\/\/www.anovapeneira.gal\/?p=9688"},"modified":"2023-05-05T19:21:03","modified_gmt":"2023-05-05T17:21:03","slug":"o-bng-de-forcarei-presentou-onte-a-candidatura-completa-para-as-vindeiras-eleccions-municipais-nun-concorrido-acto-publico-no-centro-social","status":"publish","type":"post","link":"https:\/\/www.anovapeneira.gal\/index.php\/2023\/05\/10\/o-bng-de-forcarei-presentou-onte-a-candidatura-completa-para-as-vindeiras-eleccions-municipais-nun-concorrido-acto-publico-no-centro-social\/","title":{"rendered":"O BNG de Forcarei presentou onte a candidatura completa para as vindeiras elecci\u00f3ns municipais nun concorrido acto p\u00fablico no Centro social"},"content":{"rendered":"\n<p><strong>Forcarei, 4 de maio de 2018. <\/strong><\/p>\n\n\n\n<p>O BNG presentou onte, xoves 4, a candidatura completa para as vindeiras elecci\u00f3ns municipais nun acto p\u00fablico que abriu Manuel Barreiro cunha breve intervenci\u00f3n coa que deu paso ao candidato \u00e1 alcald\u00eda, Roberto Jorge Correa, o encargado de pechar o acto foi o deputado no Parlamento de Galiza, Xos\u00e9 Lu\u00eds Rivas &#8220;Mini&#8221;.<\/p>\n\n\n\n<p>O candidato e actual portavoz municipal, Roberto Jorge Correa, destacou na s\u00faa intervenci\u00f3n que \u201cForcarei precisa un alcalde que escoite, que atenda as necesidades dos veci\u00f1os e veci\u00f1as\u201d, tam\u00e9n lembrou que &#8220;estamos nun momento cr\u00edtico xa que Forcarei perde poboaci\u00f3n rapidamente e \u00e9 necesario implementar urxentemente pol\u00edticas que dete\u00f1an o proceso e fixen poboaci\u00f3n para non perder servizos b\u00e1sicos&#8221;.<\/p>\n\n\n\n<p>Correa, no seu discurso, avanzou as li\u00f1as mestras do programa electoral que resumiu en cinco ideas: &#8220;priorizar as pol\u00edticas de fixaci\u00f3n de poboaci\u00f3n e desenvolver un programa municipal para paliar a escaseza de vivenda&#8221;, &#8220;facer pol\u00edticas para incrementar o desenvolvemento econ\u00f3mico sost\u00edbel e a creaci\u00f3n de emprego, fundamental para que o nosos mozos e mozas non te\u00f1an que emigrar&#8221;, &#8220;implementar pol\u00edticas de urbanismo que prioricen \u00e1s persoas e a seguridade viaria&#8221;, &#8220;facer do sector cultural unha ferramenta de dinamizaci\u00f3n social e econ\u00f3mica, cunha oferta para todas as franxas de idade e medidas que aproveiten a realimentaci\u00f3n entre as distintas ofertas culturais, de ocio e turismo&#8221; e, finalmente, &#8220;a mellora da atenci\u00f3n sanitaria, o incremento de dotaci\u00f3ns materiais e humanas para os centros de sa\u00fade, o reforzamento das pol\u00edticas sociais, de igualdade e mocidade e a reclamaci\u00f3n dun centro de d\u00eda&#8221;.<\/p>\n\n\n\n<p>O BNG de Forcarei afronta as vindeiras elecci\u00f3ns renovado e cun equipo no que se combina a experiencia coa ilusi\u00f3n por constru\u00edr un concello con entidade propia e dotado de servizos de calidade para os veci\u00f1os e veci\u00f1as.<\/p>\n","protected":false},"excerpt":{"rendered":"<div class=\"mh-excerpt\"><p>O BNG presentou onte, xoves 4, a candidatura completa para as vindeiras elecci\u00f3ns municipais nun acto p\u00fablico que abriu Manuel Barreiro cunha breve intervenci\u00f3n coa que deu paso ao candidato \u00e1 alcald\u00eda, Roberto Jorge Correa <a class=\"mh-excerpt-more\" href=\"https:\/\/www.anovapeneira.gal\/index.php\/2023\/05\/10\/o-bng-de-forcarei-presentou-onte-a-candidatura-completa-para-as-vindeiras-eleccions-municipais-nun-concorrido-acto-publico-no-centro-social\/\" title=\"O BNG de Forcarei presentou onte a candidatura completa para as vindeiras elecci\u00f3ns municipais nun concorrido acto p\u00fablico no Centro social\">[&#8230;]<\/a><\/p>\n<\/div>","protected":false},"author":3,"featured_media":9691,"comment_status":"open","ping_status":"open","sticky":false,"template":"","format":"standard","meta":{"_exactmetrics_skip_tracking":false,"_exactmetrics_sitenote_active":false,"_exactmetrics_sitenote_note":"","_exactmetrics_sitenote_category":0,"footnotes":""},"categories":[26],"tags":[1188],"class_list":{"0":"post-9688","1":"post","2":"type-post","3":"status-publish","4":"format-standard","5":"has-post-thumbnail","7":"category-pontevedra","8":"tag-concello-de-forcarei"},"yoast_head":"<!-- This site is optimized with the Yoast SEO plugin v27.4 - https:\/\/yoast.com\/product\/yoast-seo-wordpress\/ -->\n<title>O BNG de Forcarei presentou onte a candidatura completa para as vindeiras elecci\u00f3ns municipais nun concorrido acto p\u00fablico no Centro social -<\/title>\n<meta name=\"description\" content=\"O BNG presentou onte, xoves 4, a candidatura completa para as vindeiras elecci\u00f3ns municipais nun acto p\u00fablico que abriu Manuel Barreiro cunha breve intervenci\u00f3n coa que deu paso ao candidato \u00e1 alcald\u00eda, Roberto Jorge Correa\" \/>\n<meta name=\"robots\" content=\"index, follow, max-snippet:-1, max-image-preview:large, max-video-preview:-1\" \/>\n<link rel=\"canonical\" href=\"https:\/\/www.anovapeneira.gal\/index.php\/2023\/05\/10\/o-bng-de-forcarei-presentou-onte-a-candidatura-completa-para-as-vindeiras-eleccions-municipais-nun-concorrido-acto-publico-no-centro-social\/\" \/>\n<meta property=\"og:locale\" content=\"gl_ES\" \/>\n<meta property=\"og:type\" content=\"article\" \/>\n<meta property=\"og:title\" content=\"O BNG de Forcarei presentou onte a candidatura completa para as vindeiras elecci\u00f3ns municipais nun concorrido acto p\u00fablico no Centro social -\" \/>\n<meta property=\"og:description\" content=\"O BNG presentou onte, xoves 4, a candidatura completa para as vindeiras elecci\u00f3ns municipais nun acto p\u00fablico que abriu Manuel Barreiro cunha breve intervenci\u00f3n coa que deu paso ao candidato \u00e1 alcald\u00eda, Roberto Jorge Correa\" \/>\n<meta property=\"og:url\" content=\"https:\/\/www.anovapeneira.gal\/index.php\/2023\/05\/10\/o-bng-de-forcarei-presentou-onte-a-candidatura-completa-para-as-vindeiras-eleccions-municipais-nun-concorrido-acto-publico-no-centro-social\/\" \/>\n<meta property=\"article:publisher\" content=\"https:\/\/www.facebook.com\/anovapeneira\" \/>\n<meta property=\"article:published_time\" content=\"2023-05-10T09:00:41+00:00\" \/>\n<meta property=\"og:image\" content=\"https:\/\/www.anovapeneira.gal\/wp-content\/uploads\/2023\/05\/bng_forcarei.jpg\" \/>\n\t<meta property=\"og:image:width\" content=\"720\" \/>\n\t<meta property=\"og:image:height\" content=\"432\" \/>\n\t<meta property=\"og:image:type\" content=\"image\/jpeg\" \/>\n<meta name=\"author\" content=\"Redacci\u00f3n A Nova Peneira\" \/>\n<meta name=\"twitter:card\" content=\"summary_large_image\" \/>\n<meta name=\"twitter:creator\" content=\"@APeneira\" \/>\n<meta name=\"twitter:site\" content=\"@APeneira\" \/>\n<meta name=\"twitter:label1\" content=\"Escrito por\" \/>\n\t<meta name=\"twitter:data1\" content=\"Redacci\u00f3n A Nova Peneira\" \/>\n\t<meta name=\"twitter:label2\" content=\"Tempo de lectura\" \/>\n\t<meta name=\"twitter:data2\" content=\"2 minutos\" \/>\n<script type=\"application\/ld+json\" class=\"yoast-schema-graph\">{\"@context\":\"https:\\\/\\\/schema.org\",\"@graph\":[{\"@type\":\"Article\",\"@id\":\"https:\\\/\\\/www.anovapeneira.gal\\\/index.php\\\/2023\\\/05\\\/10\\\/o-bng-de-forcarei-presentou-onte-a-candidatura-completa-para-as-vindeiras-eleccions-municipais-nun-concorrido-acto-publico-no-centro-social\\\/#article\",\"isPartOf\":{\"@id\":\"https:\\\/\\\/www.anovapeneira.gal\\\/index.php\\\/2023\\\/05\\\/10\\\/o-bng-de-forcarei-presentou-onte-a-candidatura-completa-para-as-vindeiras-eleccions-municipais-nun-concorrido-acto-publico-no-centro-social\\\/\"},\"author\":{\"name\":\"Redacci\u00f3n A Nova Peneira\",\"@id\":\"https:\\\/\\\/www.anovapeneira.gal\\\/#\\\/schema\\\/person\\\/b93e3f8932e3f8da96334607eb6ac6aa\"},\"headline\":\"O BNG de Forcarei presentou onte a candidatura completa para as vindeiras elecci\u00f3ns municipais nun concorrido acto p\u00fablico no Centro social\",\"datePublished\":\"2023-05-10T09:00:41+00:00\",\"mainEntityOfPage\":{\"@id\":\"https:\\\/\\\/www.anovapeneira.gal\\\/index.php\\\/2023\\\/05\\\/10\\\/o-bng-de-forcarei-presentou-onte-a-candidatura-completa-para-as-vindeiras-eleccions-municipais-nun-concorrido-acto-publico-no-centro-social\\\/\"},\"wordCount\":353,\"commentCount\":0,\"publisher\":{\"@id\":\"https:\\\/\\\/www.anovapeneira.gal\\\/#organization\"},\"image\":{\"@id\":\"https:\\\/\\\/www.anovapeneira.gal\\\/index.php\\\/2023\\\/05\\\/10\\\/o-bng-de-forcarei-presentou-onte-a-candidatura-completa-para-as-vindeiras-eleccions-municipais-nun-concorrido-acto-publico-no-centro-social\\\/#primaryimage\"},\"thumbnailUrl\":\"https:\\\/\\\/www.anovapeneira.gal\\\/wp-content\\\/uploads\\\/2023\\\/05\\\/bng_forcarei.jpg\",\"keywords\":[\"Concello de Forcarei\"],\"articleSection\":[\"Pontevedra\"],\"inLanguage\":\"gl-ES\",\"potentialAction\":[{\"@type\":\"CommentAction\",\"name\":\"Comment\",\"target\":[\"https:\\\/\\\/www.anovapeneira.gal\\\/index.php\\\/2023\\\/05\\\/10\\\/o-bng-de-forcarei-presentou-onte-a-candidatura-completa-para-as-vindeiras-eleccions-municipais-nun-concorrido-acto-publico-no-centro-social\\\/#respond\"]}]},{\"@type\":\"WebPage\",\"@id\":\"https:\\\/\\\/www.anovapeneira.gal\\\/index.php\\\/2023\\\/05\\\/10\\\/o-bng-de-forcarei-presentou-onte-a-candidatura-completa-para-as-vindeiras-eleccions-municipais-nun-concorrido-acto-publico-no-centro-social\\\/\",\"url\":\"https:\\\/\\\/www.anovapeneira.gal\\\/index.php\\\/2023\\\/05\\\/10\\\/o-bng-de-forcarei-presentou-onte-a-candidatura-completa-para-as-vindeiras-eleccions-municipais-nun-concorrido-acto-publico-no-centro-social\\\/\",\"name\":\"O BNG de Forcarei presentou onte a candidatura completa para as vindeiras elecci\u00f3ns municipais nun concorrido acto p\u00fablico no Centro social -\",\"isPartOf\":{\"@id\":\"https:\\\/\\\/www.anovapeneira.gal\\\/#website\"},\"primaryImageOfPage\":{\"@id\":\"https:\\\/\\\/www.anovapeneira.gal\\\/index.php\\\/2023\\\/05\\\/10\\\/o-bng-de-forcarei-presentou-onte-a-candidatura-completa-para-as-vindeiras-eleccions-municipais-nun-concorrido-acto-publico-no-centro-social\\\/#primaryimage\"},\"image\":{\"@id\":\"https:\\\/\\\/www.anovapeneira.gal\\\/index.php\\\/2023\\\/05\\\/10\\\/o-bng-de-forcarei-presentou-onte-a-candidatura-completa-para-as-vindeiras-eleccions-municipais-nun-concorrido-acto-publico-no-centro-social\\\/#primaryimage\"},\"thumbnailUrl\":\"https:\\\/\\\/www.anovapeneira.gal\\\/wp-content\\\/uploads\\\/2023\\\/05\\\/bng_forcarei.jpg\",\"datePublished\":\"2023-05-10T09:00:41+00:00\",\"description\":\"O BNG presentou onte, xoves 4, a candidatura completa para as vindeiras elecci\u00f3ns municipais nun acto p\u00fablico que abriu Manuel Barreiro cunha breve intervenci\u00f3n coa que deu paso ao candidato \u00e1 alcald\u00eda, Roberto Jorge Correa\",\"breadcrumb\":{\"@id\":\"https:\\\/\\\/www.anovapeneira.gal\\\/index.php\\\/2023\\\/05\\\/10\\\/o-bng-de-forcarei-presentou-onte-a-candidatura-completa-para-as-vindeiras-eleccions-municipais-nun-concorrido-acto-publico-no-centro-social\\\/#breadcrumb\"},\"inLanguage\":\"gl-ES\",\"potentialAction\":[{\"@type\":\"ReadAction\",\"target\":[\"https:\\\/\\\/www.anovapeneira.gal\\\/index.php\\\/2023\\\/05\\\/10\\\/o-bng-de-forcarei-presentou-onte-a-candidatura-completa-para-as-vindeiras-eleccions-municipais-nun-concorrido-acto-publico-no-centro-social\\\/\"]}]},{\"@type\":\"ImageObject\",\"inLanguage\":\"gl-ES\",\"@id\":\"https:\\\/\\\/www.anovapeneira.gal\\\/index.php\\\/2023\\\/05\\\/10\\\/o-bng-de-forcarei-presentou-onte-a-candidatura-completa-para-as-vindeiras-eleccions-municipais-nun-concorrido-acto-publico-no-centro-social\\\/#primaryimage\",\"url\":\"https:\\\/\\\/www.anovapeneira.gal\\\/wp-content\\\/uploads\\\/2023\\\/05\\\/bng_forcarei.jpg\",\"contentUrl\":\"https:\\\/\\\/www.anovapeneira.gal\\\/wp-content\\\/uploads\\\/2023\\\/05\\\/bng_forcarei.jpg\",\"width\":720,\"height\":432,\"caption\":\"O BNG de Forcarei presentou onte a candidatura completa para as vindeiras eleccio\u0301ns municipais nun concorrido acto pu\u0301blico no Centro social\"},{\"@type\":\"BreadcrumbList\",\"@id\":\"https:\\\/\\\/www.anovapeneira.gal\\\/index.php\\\/2023\\\/05\\\/10\\\/o-bng-de-forcarei-presentou-onte-a-candidatura-completa-para-as-vindeiras-eleccions-municipais-nun-concorrido-acto-publico-no-centro-social\\\/#breadcrumb\",\"itemListElement\":[{\"@type\":\"ListItem\",\"position\":1,\"name\":\"Portada\",\"item\":\"https:\\\/\\\/www.anovapeneira.gal\\\/\"},{\"@type\":\"ListItem\",\"position\":2,\"name\":\"O BNG de Forcarei presentou onte a candidatura completa para as vindeiras elecci\u00f3ns municipais nun concorrido acto p\u00fablico no Centro social\"}]},{\"@type\":\"WebSite\",\"@id\":\"https:\\\/\\\/www.anovapeneira.gal\\\/#website\",\"url\":\"https:\\\/\\\/www.anovapeneira.gal\\\/\",\"name\":\"\",\"description\":\"Xornal galego de informaci\u00f3n xeral Publicaci\u00f3n mensual de novas de Galicia e en especial dos Concellos da sur da provincia de Pontevedra.\",\"publisher\":{\"@id\":\"https:\\\/\\\/www.anovapeneira.gal\\\/#organization\"},\"potentialAction\":[{\"@type\":\"SearchAction\",\"target\":{\"@type\":\"EntryPoint\",\"urlTemplate\":\"https:\\\/\\\/www.anovapeneira.gal\\\/?s={search_term_string}\"},\"query-input\":{\"@type\":\"PropertyValueSpecification\",\"valueRequired\":true,\"valueName\":\"search_term_string\"}}],\"inLanguage\":\"gl-ES\"},{\"@type\":\"Organization\",\"@id\":\"https:\\\/\\\/www.anovapeneira.gal\\\/#organization\",\"name\":\"A Nova Peneira\",\"url\":\"https:\\\/\\\/www.anovapeneira.gal\\\/\",\"logo\":{\"@type\":\"ImageObject\",\"inLanguage\":\"gl-ES\",\"@id\":\"https:\\\/\\\/www.anovapeneira.gal\\\/#\\\/schema\\\/logo\\\/image\\\/\",\"url\":\"http:\\\/\\\/www.anovapeneira.gal\\\/wp-content\\\/uploads\\\/2019\\\/06\\\/logo_a_nova_peneira_portal_web.png\",\"contentUrl\":\"http:\\\/\\\/www.anovapeneira.gal\\\/wp-content\\\/uploads\\\/2019\\\/06\\\/logo_a_nova_peneira_portal_web.png\",\"width\":300,\"height\":100,\"caption\":\"A Nova Peneira\"},\"image\":{\"@id\":\"https:\\\/\\\/www.anovapeneira.gal\\\/#\\\/schema\\\/logo\\\/image\\\/\"},\"sameAs\":[\"https:\\\/\\\/www.facebook.com\\\/anovapeneira\",\"https:\\\/\\\/x.com\\\/APeneira\"]},{\"@type\":\"Person\",\"@id\":\"https:\\\/\\\/www.anovapeneira.gal\\\/#\\\/schema\\\/person\\\/b93e3f8932e3f8da96334607eb6ac6aa\",\"name\":\"Redacci\u00f3n A Nova Peneira\",\"image\":{\"@type\":\"ImageObject\",\"inLanguage\":\"gl-ES\",\"@id\":\"https:\\\/\\\/secure.gravatar.com\\\/avatar\\\/c052a2551a06e23fac63626232eaa90abd78dbcf1700fc46a2b2c89fd27b735f?s=96&d=mm&r=g\",\"url\":\"https:\\\/\\\/secure.gravatar.com\\\/avatar\\\/c052a2551a06e23fac63626232eaa90abd78dbcf1700fc46a2b2c89fd27b735f?s=96&d=mm&r=g\",\"contentUrl\":\"https:\\\/\\\/secure.gravatar.com\\\/avatar\\\/c052a2551a06e23fac63626232eaa90abd78dbcf1700fc46a2b2c89fd27b735f?s=96&d=mm&r=g\",\"caption\":\"Redacci\u00f3n A Nova Peneira\"},\"sameAs\":[\"http:\\\/\\\/www.anovapeneira.gal\\\/\"],\"url\":\"https:\\\/\\\/www.anovapeneira.gal\\\/index.php\\\/author\\\/redactor\\\/\"}]}<\/script>\n<!-- \/ Yoast SEO plugin. -->","yoast_head_json":{"title":"O BNG de Forcarei presentou onte a candidatura completa para as vindeiras elecci\u00f3ns municipais nun concorrido acto p\u00fablico no Centro social -","description":"O BNG presentou onte, xoves 4, a candidatura completa para as vindeiras elecci\u00f3ns municipais nun acto p\u00fablico que abriu Manuel Barreiro cunha breve intervenci\u00f3n coa que deu paso ao candidato \u00e1 alcald\u00eda, Roberto Jorge Correa","robots":{"index":"index","follow":"follow","max-snippet":"max-snippet:-1","max-image-preview":"max-image-preview:large","max-video-preview":"max-video-preview:-1"},"canonical":"https:\/\/www.anovapeneira.gal\/index.php\/2023\/05\/10\/o-bng-de-forcarei-presentou-onte-a-candidatura-completa-para-as-vindeiras-eleccions-municipais-nun-concorrido-acto-publico-no-centro-social\/","og_locale":"gl_ES","og_type":"article","og_title":"O BNG de Forcarei presentou onte a candidatura completa para as vindeiras elecci\u00f3ns municipais nun concorrido acto p\u00fablico no Centro social -","og_description":"O BNG presentou onte, xoves 4, a candidatura completa para as vindeiras elecci\u00f3ns municipais nun acto p\u00fablico que abriu Manuel Barreiro cunha breve intervenci\u00f3n coa que deu paso ao candidato \u00e1 alcald\u00eda, Roberto Jorge Correa","og_url":"https:\/\/www.anovapeneira.gal\/index.php\/2023\/05\/10\/o-bng-de-forcarei-presentou-onte-a-candidatura-completa-para-as-vindeiras-eleccions-municipais-nun-concorrido-acto-publico-no-centro-social\/","article_publisher":"https:\/\/www.facebook.com\/anovapeneira","article_published_time":"2023-05-10T09:00:41+00:00","og_image":[{"width":720,"height":432,"url":"https:\/\/www.anovapeneira.gal\/wp-content\/uploads\/2023\/05\/bng_forcarei.jpg","type":"image\/jpeg"}],"author":"Redacci\u00f3n A Nova Peneira","twitter_card":"summary_large_image","twitter_creator":"@APeneira","twitter_site":"@APeneira","twitter_misc":{"Escrito por":"Redacci\u00f3n A Nova Peneira","Tempo de lectura":"2 minutos"},"schema":{"@context":"https:\/\/schema.org","@graph":[{"@type":"Article","@id":"https:\/\/www.anovapeneira.gal\/index.php\/2023\/05\/10\/o-bng-de-forcarei-presentou-onte-a-candidatura-completa-para-as-vindeiras-eleccions-municipais-nun-concorrido-acto-publico-no-centro-social\/#article","isPartOf":{"@id":"https:\/\/www.anovapeneira.gal\/index.php\/2023\/05\/10\/o-bng-de-forcarei-presentou-onte-a-candidatura-completa-para-as-vindeiras-eleccions-municipais-nun-concorrido-acto-publico-no-centro-social\/"},"author":{"name":"Redacci\u00f3n A Nova Peneira","@id":"https:\/\/www.anovapeneira.gal\/#\/schema\/person\/b93e3f8932e3f8da96334607eb6ac6aa"},"headline":"O BNG de Forcarei presentou onte a candidatura completa para as vindeiras elecci\u00f3ns municipais nun concorrido acto p\u00fablico no Centro social","datePublished":"2023-05-10T09:00:41+00:00","mainEntityOfPage":{"@id":"https:\/\/www.anovapeneira.gal\/index.php\/2023\/05\/10\/o-bng-de-forcarei-presentou-onte-a-candidatura-completa-para-as-vindeiras-eleccions-municipais-nun-concorrido-acto-publico-no-centro-social\/"},"wordCount":353,"commentCount":0,"publisher":{"@id":"https:\/\/www.anovapeneira.gal\/#organization"},"image":{"@id":"https:\/\/www.anovapeneira.gal\/index.php\/2023\/05\/10\/o-bng-de-forcarei-presentou-onte-a-candidatura-completa-para-as-vindeiras-eleccions-municipais-nun-concorrido-acto-publico-no-centro-social\/#primaryimage"},"thumbnailUrl":"https:\/\/www.anovapeneira.gal\/wp-content\/uploads\/2023\/05\/bng_forcarei.jpg","keywords":["Concello de Forcarei"],"articleSection":["Pontevedra"],"inLanguage":"gl-ES","potentialAction":[{"@type":"CommentAction","name":"Comment","target":["https:\/\/www.anovapeneira.gal\/index.php\/2023\/05\/10\/o-bng-de-forcarei-presentou-onte-a-candidatura-completa-para-as-vindeiras-eleccions-municipais-nun-concorrido-acto-publico-no-centro-social\/#respond"]}]},{"@type":"WebPage","@id":"https:\/\/www.anovapeneira.gal\/index.php\/2023\/05\/10\/o-bng-de-forcarei-presentou-onte-a-candidatura-completa-para-as-vindeiras-eleccions-municipais-nun-concorrido-acto-publico-no-centro-social\/","url":"https:\/\/www.anovapeneira.gal\/index.php\/2023\/05\/10\/o-bng-de-forcarei-presentou-onte-a-candidatura-completa-para-as-vindeiras-eleccions-municipais-nun-concorrido-acto-publico-no-centro-social\/","name":"O BNG de Forcarei presentou onte a candidatura completa para as vindeiras elecci\u00f3ns municipais nun concorrido acto p\u00fablico no Centro social -","isPartOf":{"@id":"https:\/\/www.anovapeneira.gal\/#website"},"primaryImageOfPage":{"@id":"https:\/\/www.anovapeneira.gal\/index.php\/2023\/05\/10\/o-bng-de-forcarei-presentou-onte-a-candidatura-completa-para-as-vindeiras-eleccions-municipais-nun-concorrido-acto-publico-no-centro-social\/#primaryimage"},"image":{"@id":"https:\/\/www.anovapeneira.gal\/index.php\/2023\/05\/10\/o-bng-de-forcarei-presentou-onte-a-candidatura-completa-para-as-vindeiras-eleccions-municipais-nun-concorrido-acto-publico-no-centro-social\/#primaryimage"},"thumbnailUrl":"https:\/\/www.anovapeneira.gal\/wp-content\/uploads\/2023\/05\/bng_forcarei.jpg","datePublished":"2023-05-10T09:00:41+00:00","description":"O BNG presentou onte, xoves 4, a candidatura completa para as vindeiras elecci\u00f3ns municipais nun acto p\u00fablico que abriu Manuel Barreiro cunha breve intervenci\u00f3n coa que deu paso ao candidato \u00e1 alcald\u00eda, Roberto Jorge Correa","breadcrumb":{"@id":"https:\/\/www.anovapeneira.gal\/index.php\/2023\/05\/10\/o-bng-de-forcarei-presentou-onte-a-candidatura-completa-para-as-vindeiras-eleccions-municipais-nun-concorrido-acto-publico-no-centro-social\/#breadcrumb"},"inLanguage":"gl-ES","potentialAction":[{"@type":"ReadAction","target":["https:\/\/www.anovapeneira.gal\/index.php\/2023\/05\/10\/o-bng-de-forcarei-presentou-onte-a-candidatura-completa-para-as-vindeiras-eleccions-municipais-nun-concorrido-acto-publico-no-centro-social\/"]}]},{"@type":"ImageObject","inLanguage":"gl-ES","@id":"https:\/\/www.anovapeneira.gal\/index.php\/2023\/05\/10\/o-bng-de-forcarei-presentou-onte-a-candidatura-completa-para-as-vindeiras-eleccions-municipais-nun-concorrido-acto-publico-no-centro-social\/#primaryimage","url":"https:\/\/www.anovapeneira.gal\/wp-content\/uploads\/2023\/05\/bng_forcarei.jpg","contentUrl":"https:\/\/www.anovapeneira.gal\/wp-content\/uploads\/2023\/05\/bng_forcarei.jpg","width":720,"height":432,"caption":"O BNG de Forcarei presentou onte a candidatura completa para as vindeiras eleccio\u0301ns municipais nun concorrido acto pu\u0301blico no Centro social"},{"@type":"BreadcrumbList","@id":"https:\/\/www.anovapeneira.gal\/index.php\/2023\/05\/10\/o-bng-de-forcarei-presentou-onte-a-candidatura-completa-para-as-vindeiras-eleccions-municipais-nun-concorrido-acto-publico-no-centro-social\/#breadcrumb","itemListElement":[{"@type":"ListItem","position":1,"name":"Portada","item":"https:\/\/www.anovapeneira.gal\/"},{"@type":"ListItem","position":2,"name":"O BNG de Forcarei presentou onte a candidatura completa para as vindeiras elecci\u00f3ns municipais nun concorrido acto p\u00fablico no Centro social"}]},{"@type":"WebSite","@id":"https:\/\/www.anovapeneira.gal\/#website","url":"https:\/\/www.anovapeneira.gal\/","name":"","description":"Xornal galego de informaci\u00f3n xeral Publicaci\u00f3n mensual de novas de Galicia e en especial dos Concellos da sur da provincia de Pontevedra.","publisher":{"@id":"https:\/\/www.anovapeneira.gal\/#organization"},"potentialAction":[{"@type":"SearchAction","target":{"@type":"EntryPoint","urlTemplate":"https:\/\/www.anovapeneira.gal\/?s={search_term_string}"},"query-input":{"@type":"PropertyValueSpecification","valueRequired":true,"valueName":"search_term_string"}}],"inLanguage":"gl-ES"},{"@type":"Organization","@id":"https:\/\/www.anovapeneira.gal\/#organization","name":"A Nova Peneira","url":"https:\/\/www.anovapeneira.gal\/","logo":{"@type":"ImageObject","inLanguage":"gl-ES","@id":"https:\/\/www.anovapeneira.gal\/#\/schema\/logo\/image\/","url":"http:\/\/www.anovapeneira.gal\/wp-content\/uploads\/2019\/06\/logo_a_nova_peneira_portal_web.png","contentUrl":"http:\/\/www.anovapeneira.gal\/wp-content\/uploads\/2019\/06\/logo_a_nova_peneira_portal_web.png","width":300,"height":100,"caption":"A Nova Peneira"},"image":{"@id":"https:\/\/www.anovapeneira.gal\/#\/schema\/logo\/image\/"},"sameAs":["https:\/\/www.facebook.com\/anovapeneira","https:\/\/x.com\/APeneira"]},{"@type":"Person","@id":"https:\/\/www.anovapeneira.gal\/#\/schema\/person\/b93e3f8932e3f8da96334607eb6ac6aa","name":"Redacci\u00f3n A Nova Peneira","image":{"@type":"ImageObject","inLanguage":"gl-ES","@id":"https:\/\/secure.gravatar.com\/avatar\/c052a2551a06e23fac63626232eaa90abd78dbcf1700fc46a2b2c89fd27b735f?s=96&d=mm&r=g","url":"https:\/\/secure.gravatar.com\/avatar\/c052a2551a06e23fac63626232eaa90abd78dbcf1700fc46a2b2c89fd27b735f?s=96&d=mm&r=g","contentUrl":"https:\/\/secure.gravatar.com\/avatar\/c052a2551a06e23fac63626232eaa90abd78dbcf1700fc46a2b2c89fd27b735f?s=96&d=mm&r=g","caption":"Redacci\u00f3n A Nova Peneira"},"sameAs":["http:\/\/www.anovapeneira.gal\/"],"url":"https:\/\/www.anovapeneira.gal\/index.php\/author\/redactor\/"}]}},"jetpack_featured_media_url":"https:\/\/www.anovapeneira.gal\/wp-content\/uploads\/2023\/05\/bng_forcarei.jpg","_links":{"self":[{"href":"https:\/\/www.anovapeneira.gal\/index.php\/wp-json\/wp\/v2\/posts\/9688","targetHints":{"allow":["GET"]}}],"collection":[{"href":"https:\/\/www.anovapeneira.gal\/index.php\/wp-json\/wp\/v2\/posts"}],"about":[{"href":"https:\/\/www.anovapeneira.gal\/index.php\/wp-json\/wp\/v2\/types\/post"}],"author":[{"embeddable":true,"href":"https:\/\/www.anovapeneira.gal\/index.php\/wp-json\/wp\/v2\/users\/3"}],"replies":[{"embeddable":true,"href":"https:\/\/www.anovapeneira.gal\/index.php\/wp-json\/wp\/v2\/comments?post=9688"}],"version-history":[{"count":2,"href":"https:\/\/www.anovapeneira.gal\/index.php\/wp-json\/wp\/v2\/posts\/9688\/revisions"}],"predecessor-version":[{"id":9690,"href":"https:\/\/www.anovapeneira.gal\/index.php\/wp-json\/wp\/v2\/posts\/9688\/revisions\/9690"}],"wp:featuredmedia":[{"embeddable":true,"href":"https:\/\/www.anovapeneira.gal\/index.php\/wp-json\/wp\/v2\/media\/9691"}],"wp:attachment":[{"href":"https:\/\/www.anovapeneira.gal\/index.php\/wp-json\/wp\/v2\/media?parent=9688"}],"wp:term":[{"taxonomy":"category","embeddable":true,"href":"https:\/\/www.anovapeneira.gal\/index.php\/wp-json\/wp\/v2\/categories?post=9688"},{"taxonomy":"post_tag","embeddable":true,"href":"https:\/\/www.anovapeneira.gal\/index.php\/wp-json\/wp\/v2\/tags?post=9688"}],"curies":[{"name":"wp","href":"https:\/\/api.w.org\/{rel}","templated":true}]}}