{"id":969,"date":"2019-08-21T10:00:41","date_gmt":"2019-08-21T08:00:41","guid":{"rendered":"http:\/\/www.anovapeneira.gal\/?p=969"},"modified":"2019-08-17T18:04:12","modified_gmt":"2019-08-17T16:04:12","slug":"bng-puxemos-fin-a-17-anos-de-paralise-urbanistica-provocada-pola-dereita","status":"publish","type":"post","link":"https:\/\/www.anovapeneira.gal\/index.php\/2019\/08\/21\/bng-puxemos-fin-a-17-anos-de-paralise-urbanistica-provocada-pola-dereita\/","title":{"rendered":"BNG: \u201cPuxemos fin a 17 anos de par\u00e1lise urban\u00edstica provocada pola dereita\u201d"},"content":{"rendered":"\n<p> <strong>Ponteareas, 14 de agosto de 2019<\/strong><\/p>\n\n\n\n<p>O\nBNG de Ponteareas, a trav\u00e9s do seu concelleiro Roberto Mera,\nsalientou que coa aprobaci\u00f3n do PXOM \u201cpo\u00f1emos fin a 17 anos de\npar\u00e1lise urban\u00edstica provocada pola dereita\u201d e acusou ao PP e\nACIP de \u201cantepo\u00f1er os seus intereses pol\u00edticos aos de Ponteareas,\nopo\u00f1\u00e9ndose ao PXOM e anunciando recursos xudiciais\u201d.<\/p>\n\n\n\n<p>O\nedil nacionalista lembrou que \u201cnos anos 80 e 90 a dereita causou o\ndesastre urban\u00edstico de Ponteareas, beneficiando a uns poucos a\ncosta da maior\u00eda. Destrozaron Ponteareas cun urbanismo salvaxe que\nnos deixou edificios aberrantes, r\u00faas estreitas nas que nin d\u00e1 o\nsol, problemas de tr\u00e1fico e aparcamento, escaseza de terreos\np\u00fablicos e falta de solo industrial\u201d. Mera engadiu que o PP \u201cusou\npoliticamente o urbanismo suspendendo desde a Xunta as normas no ano\n2002 como arma pol\u00edtica contra Jos\u00e9 Castro\u201d e lembrou que\nnaqueles d\u00edas \u201cse concederon en apenas tres semanas licenzas\nilegais para ducias de edificios que despois foron anuladas polos\ntribunais\u201d.<\/p>\n\n\n\n<p>En\n2003 o goberno do BNG-PSOE paralizou as obras facendo cumprir as\nordes xudiciais e, segundo Roberto Mera, \u201ca presi\u00f3n dos\nconstrutores levou a independentes e PP a po\u00f1erse de acordo e\npresentar a moci\u00f3n de censura que xustificaron na necesidade de\naprobar o novo PXOM\u201d. En once anos, entre 2004 e 2015, PP e\nindependentes \u201cforon incapaces de aprobar o Plan, malia teren\nmaior\u00eda absoluta, e mantiveron a Ponteareas paralizada. Agora,\nlamentabelmente, op\u00f3\u00f1ense ao PXOM. O PP e ACIP prefer\u00edan condenar\na Ponteareas a seguir sen un Plan Urban\u00edstico que acumula un retraso\nde 17 anos\u201d, sinala Mera.<\/p>\n","protected":false},"excerpt":{"rendered":"<div class=\"mh-excerpt\"><p>O BNG de Ponteareas, a trav\u00e9s do seu concelleiro Roberto Mera, salientou que coa aprobaci\u00f3n do PXOM \u201cpo\u00f1emos fin a 17 anos de par\u00e1lise urban\u00edstica provocada pola dereita\u201d <a class=\"mh-excerpt-more\" href=\"https:\/\/www.anovapeneira.gal\/index.php\/2019\/08\/21\/bng-puxemos-fin-a-17-anos-de-paralise-urbanistica-provocada-pola-dereita\/\" title=\"BNG: \u201cPuxemos fin a 17 anos de par\u00e1lise urban\u00edstica provocada pola dereita\u201d\">[&#8230;]<\/a><\/p>\n<\/div>","protected":false},"author":3,"featured_media":955,"comment_status":"open","ping_status":"open","sticky":false,"template":"","format":"standard","meta":{"_exactmetrics_skip_tracking":false,"_exactmetrics_sitenote_active":false,"_exactmetrics_sitenote_note":"","_exactmetrics_sitenote_category":0,"footnotes":""},"categories":[25],"tags":[10,208,454,455],"class_list":{"0":"post-969","1":"post","2":"type-post","3":"status-publish","4":"format-standard","5":"has-post-thumbnail","7":"category-condado","8":"tag-bng","9":"tag-concello-de-ponteareas","10":"tag-pxom","11":"tag-urbanismo"},"yoast_head":"<!-- This site is optimized with the Yoast SEO plugin v27.4 - https:\/\/yoast.com\/product\/yoast-seo-wordpress\/ -->\n<title>BNG: \u201cPuxemos fin a 17 anos de par\u00e1lise urban\u00edstica provocada pola dereita\u201d -<\/title>\n<meta name=\"robots\" content=\"index, follow, max-snippet:-1, max-image-preview:large, max-video-preview:-1\" \/>\n<link rel=\"canonical\" href=\"https:\/\/www.anovapeneira.gal\/index.php\/2019\/08\/21\/bng-puxemos-fin-a-17-anos-de-paralise-urbanistica-provocada-pola-dereita\/\" \/>\n<meta property=\"og:locale\" content=\"gl_ES\" \/>\n<meta property=\"og:type\" content=\"article\" \/>\n<meta property=\"og:title\" content=\"BNG: \u201cPuxemos fin a 17 anos de par\u00e1lise urban\u00edstica provocada pola dereita\u201d -\" \/>\n<meta property=\"og:description\" content=\"O BNG de Ponteareas, a trav\u00e9s do seu concelleiro Roberto Mera, salientou que coa aprobaci\u00f3n do PXOM \u201cpo\u00f1emos fin a 17 anos de par\u00e1lise urban\u00edstica provocada pola dereita\u201d [...]\" \/>\n<meta property=\"og:url\" content=\"https:\/\/www.anovapeneira.gal\/index.php\/2019\/08\/21\/bng-puxemos-fin-a-17-anos-de-paralise-urbanistica-provocada-pola-dereita\/\" \/>\n<meta property=\"article:publisher\" content=\"https:\/\/www.facebook.com\/anovapeneira\" \/>\n<meta property=\"article:published_time\" content=\"2019-08-21T08:00:41+00:00\" \/>\n<meta property=\"og:image\" content=\"https:\/\/www.anovapeneira.gal\/wp-content\/uploads\/2019\/08\/PXOM_PONTEAREAS_a_nova_peneira.jpg\" \/>\n\t<meta property=\"og:image:width\" content=\"720\" \/>\n\t<meta property=\"og:image:height\" content=\"473\" \/>\n\t<meta property=\"og:image:type\" content=\"image\/jpeg\" \/>\n<meta name=\"author\" content=\"Redacci\u00f3n A Nova Peneira\" \/>\n<meta name=\"twitter:card\" content=\"summary_large_image\" \/>\n<meta name=\"twitter:creator\" content=\"@APeneira\" \/>\n<meta name=\"twitter:site\" content=\"@APeneira\" \/>\n<meta name=\"twitter:label1\" content=\"Escrito por\" \/>\n\t<meta name=\"twitter:data1\" content=\"Redacci\u00f3n A Nova Peneira\" \/>\n\t<meta name=\"twitter:label2\" content=\"Tempo de lectura\" \/>\n\t<meta name=\"twitter:data2\" content=\"1 minuto\" \/>\n<script type=\"application\/ld+json\" class=\"yoast-schema-graph\">{\"@context\":\"https:\\\/\\\/schema.org\",\"@graph\":[{\"@type\":\"Article\",\"@id\":\"https:\\\/\\\/www.anovapeneira.gal\\\/index.php\\\/2019\\\/08\\\/21\\\/bng-puxemos-fin-a-17-anos-de-paralise-urbanistica-provocada-pola-dereita\\\/#article\",\"isPartOf\":{\"@id\":\"https:\\\/\\\/www.anovapeneira.gal\\\/index.php\\\/2019\\\/08\\\/21\\\/bng-puxemos-fin-a-17-anos-de-paralise-urbanistica-provocada-pola-dereita\\\/\"},\"author\":{\"name\":\"Redacci\u00f3n A Nova Peneira\",\"@id\":\"https:\\\/\\\/www.anovapeneira.gal\\\/#\\\/schema\\\/person\\\/b93e3f8932e3f8da96334607eb6ac6aa\"},\"headline\":\"BNG: \u201cPuxemos fin a 17 anos de par\u00e1lise urban\u00edstica provocada pola dereita\u201d\",\"datePublished\":\"2019-08-21T08:00:41+00:00\",\"mainEntityOfPage\":{\"@id\":\"https:\\\/\\\/www.anovapeneira.gal\\\/index.php\\\/2019\\\/08\\\/21\\\/bng-puxemos-fin-a-17-anos-de-paralise-urbanistica-provocada-pola-dereita\\\/\"},\"wordCount\":285,\"commentCount\":0,\"publisher\":{\"@id\":\"https:\\\/\\\/www.anovapeneira.gal\\\/#organization\"},\"image\":{\"@id\":\"https:\\\/\\\/www.anovapeneira.gal\\\/index.php\\\/2019\\\/08\\\/21\\\/bng-puxemos-fin-a-17-anos-de-paralise-urbanistica-provocada-pola-dereita\\\/#primaryimage\"},\"thumbnailUrl\":\"https:\\\/\\\/www.anovapeneira.gal\\\/wp-content\\\/uploads\\\/2019\\\/08\\\/PXOM_PONTEAREAS_a_nova_peneira.jpg\",\"keywords\":[\"BNG\",\"Concello de Ponteareas\",\"PXOM\",\"Urbanismo\"],\"articleSection\":[\"Condado\"],\"inLanguage\":\"gl-ES\",\"potentialAction\":[{\"@type\":\"CommentAction\",\"name\":\"Comment\",\"target\":[\"https:\\\/\\\/www.anovapeneira.gal\\\/index.php\\\/2019\\\/08\\\/21\\\/bng-puxemos-fin-a-17-anos-de-paralise-urbanistica-provocada-pola-dereita\\\/#respond\"]}]},{\"@type\":\"WebPage\",\"@id\":\"https:\\\/\\\/www.anovapeneira.gal\\\/index.php\\\/2019\\\/08\\\/21\\\/bng-puxemos-fin-a-17-anos-de-paralise-urbanistica-provocada-pola-dereita\\\/\",\"url\":\"https:\\\/\\\/www.anovapeneira.gal\\\/index.php\\\/2019\\\/08\\\/21\\\/bng-puxemos-fin-a-17-anos-de-paralise-urbanistica-provocada-pola-dereita\\\/\",\"name\":\"BNG: \u201cPuxemos fin a 17 anos de par\u00e1lise urban\u00edstica provocada pola dereita\u201d -\",\"isPartOf\":{\"@id\":\"https:\\\/\\\/www.anovapeneira.gal\\\/#website\"},\"primaryImageOfPage\":{\"@id\":\"https:\\\/\\\/www.anovapeneira.gal\\\/index.php\\\/2019\\\/08\\\/21\\\/bng-puxemos-fin-a-17-anos-de-paralise-urbanistica-provocada-pola-dereita\\\/#primaryimage\"},\"image\":{\"@id\":\"https:\\\/\\\/www.anovapeneira.gal\\\/index.php\\\/2019\\\/08\\\/21\\\/bng-puxemos-fin-a-17-anos-de-paralise-urbanistica-provocada-pola-dereita\\\/#primaryimage\"},\"thumbnailUrl\":\"https:\\\/\\\/www.anovapeneira.gal\\\/wp-content\\\/uploads\\\/2019\\\/08\\\/PXOM_PONTEAREAS_a_nova_peneira.jpg\",\"datePublished\":\"2019-08-21T08:00:41+00:00\",\"breadcrumb\":{\"@id\":\"https:\\\/\\\/www.anovapeneira.gal\\\/index.php\\\/2019\\\/08\\\/21\\\/bng-puxemos-fin-a-17-anos-de-paralise-urbanistica-provocada-pola-dereita\\\/#breadcrumb\"},\"inLanguage\":\"gl-ES\",\"potentialAction\":[{\"@type\":\"ReadAction\",\"target\":[\"https:\\\/\\\/www.anovapeneira.gal\\\/index.php\\\/2019\\\/08\\\/21\\\/bng-puxemos-fin-a-17-anos-de-paralise-urbanistica-provocada-pola-dereita\\\/\"]}]},{\"@type\":\"ImageObject\",\"inLanguage\":\"gl-ES\",\"@id\":\"https:\\\/\\\/www.anovapeneira.gal\\\/index.php\\\/2019\\\/08\\\/21\\\/bng-puxemos-fin-a-17-anos-de-paralise-urbanistica-provocada-pola-dereita\\\/#primaryimage\",\"url\":\"https:\\\/\\\/www.anovapeneira.gal\\\/wp-content\\\/uploads\\\/2019\\\/08\\\/PXOM_PONTEAREAS_a_nova_peneira.jpg\",\"contentUrl\":\"https:\\\/\\\/www.anovapeneira.gal\\\/wp-content\\\/uploads\\\/2019\\\/08\\\/PXOM_PONTEAREAS_a_nova_peneira.jpg\",\"width\":720,\"height\":473,\"caption\":\"PXOM Ponteareas A Nova Peneira\"},{\"@type\":\"BreadcrumbList\",\"@id\":\"https:\\\/\\\/www.anovapeneira.gal\\\/index.php\\\/2019\\\/08\\\/21\\\/bng-puxemos-fin-a-17-anos-de-paralise-urbanistica-provocada-pola-dereita\\\/#breadcrumb\",\"itemListElement\":[{\"@type\":\"ListItem\",\"position\":1,\"name\":\"Portada\",\"item\":\"https:\\\/\\\/www.anovapeneira.gal\\\/\"},{\"@type\":\"ListItem\",\"position\":2,\"name\":\"BNG: \u201cPuxemos fin a 17 anos de par\u00e1lise urban\u00edstica provocada pola dereita\u201d\"}]},{\"@type\":\"WebSite\",\"@id\":\"https:\\\/\\\/www.anovapeneira.gal\\\/#website\",\"url\":\"https:\\\/\\\/www.anovapeneira.gal\\\/\",\"name\":\"\",\"description\":\"Xornal galego de informaci\u00f3n xeral Publicaci\u00f3n mensual de novas de Galicia e en especial dos Concellos da sur da provincia de Pontevedra.\",\"publisher\":{\"@id\":\"https:\\\/\\\/www.anovapeneira.gal\\\/#organization\"},\"potentialAction\":[{\"@type\":\"SearchAction\",\"target\":{\"@type\":\"EntryPoint\",\"urlTemplate\":\"https:\\\/\\\/www.anovapeneira.gal\\\/?s={search_term_string}\"},\"query-input\":{\"@type\":\"PropertyValueSpecification\",\"valueRequired\":true,\"valueName\":\"search_term_string\"}}],\"inLanguage\":\"gl-ES\"},{\"@type\":\"Organization\",\"@id\":\"https:\\\/\\\/www.anovapeneira.gal\\\/#organization\",\"name\":\"A Nova Peneira\",\"url\":\"https:\\\/\\\/www.anovapeneira.gal\\\/\",\"logo\":{\"@type\":\"ImageObject\",\"inLanguage\":\"gl-ES\",\"@id\":\"https:\\\/\\\/www.anovapeneira.gal\\\/#\\\/schema\\\/logo\\\/image\\\/\",\"url\":\"http:\\\/\\\/www.anovapeneira.gal\\\/wp-content\\\/uploads\\\/2019\\\/06\\\/logo_a_nova_peneira_portal_web.png\",\"contentUrl\":\"http:\\\/\\\/www.anovapeneira.gal\\\/wp-content\\\/uploads\\\/2019\\\/06\\\/logo_a_nova_peneira_portal_web.png\",\"width\":300,\"height\":100,\"caption\":\"A Nova Peneira\"},\"image\":{\"@id\":\"https:\\\/\\\/www.anovapeneira.gal\\\/#\\\/schema\\\/logo\\\/image\\\/\"},\"sameAs\":[\"https:\\\/\\\/www.facebook.com\\\/anovapeneira\",\"https:\\\/\\\/x.com\\\/APeneira\"]},{\"@type\":\"Person\",\"@id\":\"https:\\\/\\\/www.anovapeneira.gal\\\/#\\\/schema\\\/person\\\/b93e3f8932e3f8da96334607eb6ac6aa\",\"name\":\"Redacci\u00f3n A Nova Peneira\",\"image\":{\"@type\":\"ImageObject\",\"inLanguage\":\"gl-ES\",\"@id\":\"https:\\\/\\\/secure.gravatar.com\\\/avatar\\\/c052a2551a06e23fac63626232eaa90abd78dbcf1700fc46a2b2c89fd27b735f?s=96&d=mm&r=g\",\"url\":\"https:\\\/\\\/secure.gravatar.com\\\/avatar\\\/c052a2551a06e23fac63626232eaa90abd78dbcf1700fc46a2b2c89fd27b735f?s=96&d=mm&r=g\",\"contentUrl\":\"https:\\\/\\\/secure.gravatar.com\\\/avatar\\\/c052a2551a06e23fac63626232eaa90abd78dbcf1700fc46a2b2c89fd27b735f?s=96&d=mm&r=g\",\"caption\":\"Redacci\u00f3n A Nova Peneira\"},\"sameAs\":[\"http:\\\/\\\/www.anovapeneira.gal\\\/\"],\"url\":\"https:\\\/\\\/www.anovapeneira.gal\\\/index.php\\\/author\\\/redactor\\\/\"}]}<\/script>\n<!-- \/ Yoast SEO plugin. -->","yoast_head_json":{"title":"BNG: \u201cPuxemos fin a 17 anos de par\u00e1lise urban\u00edstica provocada pola dereita\u201d -","robots":{"index":"index","follow":"follow","max-snippet":"max-snippet:-1","max-image-preview":"max-image-preview:large","max-video-preview":"max-video-preview:-1"},"canonical":"https:\/\/www.anovapeneira.gal\/index.php\/2019\/08\/21\/bng-puxemos-fin-a-17-anos-de-paralise-urbanistica-provocada-pola-dereita\/","og_locale":"gl_ES","og_type":"article","og_title":"BNG: \u201cPuxemos fin a 17 anos de par\u00e1lise urban\u00edstica provocada pola dereita\u201d -","og_description":"O BNG de Ponteareas, a trav\u00e9s do seu concelleiro Roberto Mera, salientou que coa aprobaci\u00f3n do PXOM \u201cpo\u00f1emos fin a 17 anos de par\u00e1lise urban\u00edstica provocada pola dereita\u201d [...]","og_url":"https:\/\/www.anovapeneira.gal\/index.php\/2019\/08\/21\/bng-puxemos-fin-a-17-anos-de-paralise-urbanistica-provocada-pola-dereita\/","article_publisher":"https:\/\/www.facebook.com\/anovapeneira","article_published_time":"2019-08-21T08:00:41+00:00","og_image":[{"width":720,"height":473,"url":"https:\/\/www.anovapeneira.gal\/wp-content\/uploads\/2019\/08\/PXOM_PONTEAREAS_a_nova_peneira.jpg","type":"image\/jpeg"}],"author":"Redacci\u00f3n A Nova Peneira","twitter_card":"summary_large_image","twitter_creator":"@APeneira","twitter_site":"@APeneira","twitter_misc":{"Escrito por":"Redacci\u00f3n A Nova Peneira","Tempo de lectura":"1 minuto"},"schema":{"@context":"https:\/\/schema.org","@graph":[{"@type":"Article","@id":"https:\/\/www.anovapeneira.gal\/index.php\/2019\/08\/21\/bng-puxemos-fin-a-17-anos-de-paralise-urbanistica-provocada-pola-dereita\/#article","isPartOf":{"@id":"https:\/\/www.anovapeneira.gal\/index.php\/2019\/08\/21\/bng-puxemos-fin-a-17-anos-de-paralise-urbanistica-provocada-pola-dereita\/"},"author":{"name":"Redacci\u00f3n A Nova Peneira","@id":"https:\/\/www.anovapeneira.gal\/#\/schema\/person\/b93e3f8932e3f8da96334607eb6ac6aa"},"headline":"BNG: \u201cPuxemos fin a 17 anos de par\u00e1lise urban\u00edstica provocada pola dereita\u201d","datePublished":"2019-08-21T08:00:41+00:00","mainEntityOfPage":{"@id":"https:\/\/www.anovapeneira.gal\/index.php\/2019\/08\/21\/bng-puxemos-fin-a-17-anos-de-paralise-urbanistica-provocada-pola-dereita\/"},"wordCount":285,"commentCount":0,"publisher":{"@id":"https:\/\/www.anovapeneira.gal\/#organization"},"image":{"@id":"https:\/\/www.anovapeneira.gal\/index.php\/2019\/08\/21\/bng-puxemos-fin-a-17-anos-de-paralise-urbanistica-provocada-pola-dereita\/#primaryimage"},"thumbnailUrl":"https:\/\/www.anovapeneira.gal\/wp-content\/uploads\/2019\/08\/PXOM_PONTEAREAS_a_nova_peneira.jpg","keywords":["BNG","Concello de Ponteareas","PXOM","Urbanismo"],"articleSection":["Condado"],"inLanguage":"gl-ES","potentialAction":[{"@type":"CommentAction","name":"Comment","target":["https:\/\/www.anovapeneira.gal\/index.php\/2019\/08\/21\/bng-puxemos-fin-a-17-anos-de-paralise-urbanistica-provocada-pola-dereita\/#respond"]}]},{"@type":"WebPage","@id":"https:\/\/www.anovapeneira.gal\/index.php\/2019\/08\/21\/bng-puxemos-fin-a-17-anos-de-paralise-urbanistica-provocada-pola-dereita\/","url":"https:\/\/www.anovapeneira.gal\/index.php\/2019\/08\/21\/bng-puxemos-fin-a-17-anos-de-paralise-urbanistica-provocada-pola-dereita\/","name":"BNG: \u201cPuxemos fin a 17 anos de par\u00e1lise urban\u00edstica provocada pola dereita\u201d -","isPartOf":{"@id":"https:\/\/www.anovapeneira.gal\/#website"},"primaryImageOfPage":{"@id":"https:\/\/www.anovapeneira.gal\/index.php\/2019\/08\/21\/bng-puxemos-fin-a-17-anos-de-paralise-urbanistica-provocada-pola-dereita\/#primaryimage"},"image":{"@id":"https:\/\/www.anovapeneira.gal\/index.php\/2019\/08\/21\/bng-puxemos-fin-a-17-anos-de-paralise-urbanistica-provocada-pola-dereita\/#primaryimage"},"thumbnailUrl":"https:\/\/www.anovapeneira.gal\/wp-content\/uploads\/2019\/08\/PXOM_PONTEAREAS_a_nova_peneira.jpg","datePublished":"2019-08-21T08:00:41+00:00","breadcrumb":{"@id":"https:\/\/www.anovapeneira.gal\/index.php\/2019\/08\/21\/bng-puxemos-fin-a-17-anos-de-paralise-urbanistica-provocada-pola-dereita\/#breadcrumb"},"inLanguage":"gl-ES","potentialAction":[{"@type":"ReadAction","target":["https:\/\/www.anovapeneira.gal\/index.php\/2019\/08\/21\/bng-puxemos-fin-a-17-anos-de-paralise-urbanistica-provocada-pola-dereita\/"]}]},{"@type":"ImageObject","inLanguage":"gl-ES","@id":"https:\/\/www.anovapeneira.gal\/index.php\/2019\/08\/21\/bng-puxemos-fin-a-17-anos-de-paralise-urbanistica-provocada-pola-dereita\/#primaryimage","url":"https:\/\/www.anovapeneira.gal\/wp-content\/uploads\/2019\/08\/PXOM_PONTEAREAS_a_nova_peneira.jpg","contentUrl":"https:\/\/www.anovapeneira.gal\/wp-content\/uploads\/2019\/08\/PXOM_PONTEAREAS_a_nova_peneira.jpg","width":720,"height":473,"caption":"PXOM Ponteareas A Nova Peneira"},{"@type":"BreadcrumbList","@id":"https:\/\/www.anovapeneira.gal\/index.php\/2019\/08\/21\/bng-puxemos-fin-a-17-anos-de-paralise-urbanistica-provocada-pola-dereita\/#breadcrumb","itemListElement":[{"@type":"ListItem","position":1,"name":"Portada","item":"https:\/\/www.anovapeneira.gal\/"},{"@type":"ListItem","position":2,"name":"BNG: \u201cPuxemos fin a 17 anos de par\u00e1lise urban\u00edstica provocada pola dereita\u201d"}]},{"@type":"WebSite","@id":"https:\/\/www.anovapeneira.gal\/#website","url":"https:\/\/www.anovapeneira.gal\/","name":"","description":"Xornal galego de informaci\u00f3n xeral Publicaci\u00f3n mensual de novas de Galicia e en especial dos Concellos da sur da provincia de Pontevedra.","publisher":{"@id":"https:\/\/www.anovapeneira.gal\/#organization"},"potentialAction":[{"@type":"SearchAction","target":{"@type":"EntryPoint","urlTemplate":"https:\/\/www.anovapeneira.gal\/?s={search_term_string}"},"query-input":{"@type":"PropertyValueSpecification","valueRequired":true,"valueName":"search_term_string"}}],"inLanguage":"gl-ES"},{"@type":"Organization","@id":"https:\/\/www.anovapeneira.gal\/#organization","name":"A Nova Peneira","url":"https:\/\/www.anovapeneira.gal\/","logo":{"@type":"ImageObject","inLanguage":"gl-ES","@id":"https:\/\/www.anovapeneira.gal\/#\/schema\/logo\/image\/","url":"http:\/\/www.anovapeneira.gal\/wp-content\/uploads\/2019\/06\/logo_a_nova_peneira_portal_web.png","contentUrl":"http:\/\/www.anovapeneira.gal\/wp-content\/uploads\/2019\/06\/logo_a_nova_peneira_portal_web.png","width":300,"height":100,"caption":"A Nova Peneira"},"image":{"@id":"https:\/\/www.anovapeneira.gal\/#\/schema\/logo\/image\/"},"sameAs":["https:\/\/www.facebook.com\/anovapeneira","https:\/\/x.com\/APeneira"]},{"@type":"Person","@id":"https:\/\/www.anovapeneira.gal\/#\/schema\/person\/b93e3f8932e3f8da96334607eb6ac6aa","name":"Redacci\u00f3n A Nova Peneira","image":{"@type":"ImageObject","inLanguage":"gl-ES","@id":"https:\/\/secure.gravatar.com\/avatar\/c052a2551a06e23fac63626232eaa90abd78dbcf1700fc46a2b2c89fd27b735f?s=96&d=mm&r=g","url":"https:\/\/secure.gravatar.com\/avatar\/c052a2551a06e23fac63626232eaa90abd78dbcf1700fc46a2b2c89fd27b735f?s=96&d=mm&r=g","contentUrl":"https:\/\/secure.gravatar.com\/avatar\/c052a2551a06e23fac63626232eaa90abd78dbcf1700fc46a2b2c89fd27b735f?s=96&d=mm&r=g","caption":"Redacci\u00f3n A Nova Peneira"},"sameAs":["http:\/\/www.anovapeneira.gal\/"],"url":"https:\/\/www.anovapeneira.gal\/index.php\/author\/redactor\/"}]}},"jetpack_featured_media_url":"https:\/\/www.anovapeneira.gal\/wp-content\/uploads\/2019\/08\/PXOM_PONTEAREAS_a_nova_peneira.jpg","_links":{"self":[{"href":"https:\/\/www.anovapeneira.gal\/index.php\/wp-json\/wp\/v2\/posts\/969","targetHints":{"allow":["GET"]}}],"collection":[{"href":"https:\/\/www.anovapeneira.gal\/index.php\/wp-json\/wp\/v2\/posts"}],"about":[{"href":"https:\/\/www.anovapeneira.gal\/index.php\/wp-json\/wp\/v2\/types\/post"}],"author":[{"embeddable":true,"href":"https:\/\/www.anovapeneira.gal\/index.php\/wp-json\/wp\/v2\/users\/3"}],"replies":[{"embeddable":true,"href":"https:\/\/www.anovapeneira.gal\/index.php\/wp-json\/wp\/v2\/comments?post=969"}],"version-history":[{"count":1,"href":"https:\/\/www.anovapeneira.gal\/index.php\/wp-json\/wp\/v2\/posts\/969\/revisions"}],"predecessor-version":[{"id":970,"href":"https:\/\/www.anovapeneira.gal\/index.php\/wp-json\/wp\/v2\/posts\/969\/revisions\/970"}],"wp:featuredmedia":[{"embeddable":true,"href":"https:\/\/www.anovapeneira.gal\/index.php\/wp-json\/wp\/v2\/media\/955"}],"wp:attachment":[{"href":"https:\/\/www.anovapeneira.gal\/index.php\/wp-json\/wp\/v2\/media?parent=969"}],"wp:term":[{"taxonomy":"category","embeddable":true,"href":"https:\/\/www.anovapeneira.gal\/index.php\/wp-json\/wp\/v2\/categories?post=969"},{"taxonomy":"post_tag","embeddable":true,"href":"https:\/\/www.anovapeneira.gal\/index.php\/wp-json\/wp\/v2\/tags?post=969"}],"curies":[{"name":"wp","href":"https:\/\/api.w.org\/{rel}","templated":true}]}}