{"id":9694,"date":"2023-05-10T12:00:51","date_gmt":"2023-05-10T10:00:51","guid":{"rendered":"https:\/\/www.anovapeneira.gal\/?p=9694"},"modified":"2023-05-08T10:42:22","modified_gmt":"2023-05-08T08:42:22","slug":"anton-barreiro-candidato-do-bng-a-alcaldia-do-concello-da-lama","status":"publish","type":"post","link":"https:\/\/www.anovapeneira.gal\/index.php\/2023\/05\/10\/anton-barreiro-candidato-do-bng-a-alcaldia-do-concello-da-lama\/","title":{"rendered":"Ant\u00f3n Barreiro, candidato do BNG \u00e1 alcald\u00eda do concello da Lama"},"content":{"rendered":"\n<h2 class=\"wp-block-heading\">\u201c <strong>Nas r\u00faas de A Lama perc\u00edbese unha importante pulsi\u00f3n de cambio, e o BNG quere ser protagonista dese cambio\u201d<\/strong><\/h2>\n\n\n\n<p><strong>Ant\u00f3n Barreiro ser\u00e1 o candidato dos nacionalistas \u00e1 alcald\u00eda do concello de A Lama. Ant\u00f3n \u00e9 veci\u00f1o do pobo. Naceu na Lama, vive na Lama e traballa na Lama. El sinte ao seu pobo, e encabezar\u00e1 a lista do BNG na procura do cambio necesario que este concello precisa despois de tantos anos nas mans dos representantes desa forma de entender a realidade, que padece Galicia desde sempre, que divide \u00e1 sociedade en amigos e inimigos. Ant\u00f3n \u00e9 un home no que se pode confiar. \u00c9 serio, solvente e rigoroso. E estou seguro de que ser\u00e1 un representante pol\u00edtico extraordinario deses que ve\u00f1en a pol\u00edtica a servir aos demais e non a facer da pol\u00edtica un medio de vida.<\/strong><\/p>\n\n\n\n<p><strong>Ant\u00f3n, queremos co\u00f1ecerte un pouco m\u00e1is<\/strong><\/p>\n\n\n\n<blockquote class=\"wp-block-quote is-layout-flow wp-block-quote-is-layout-flow\">\n<p>Ben, pois eu son unha persoa da Lama, da propia parroquia da Lama. Vivo e traballo aqu\u00ed. Te\u00f1o 43 anos e traballo na banca en li\u00f1a para unha importante entidade bancaria. De formaci\u00f3n son enxe\u00f1eiro forestal.<\/p>\n<\/blockquote>\n\n\n\n<p><strong>E como acaba un enxe\u00f1eiro traballando en banca?<\/strong><\/p>\n\n\n\n<blockquote class=\"wp-block-quote is-layout-flow wp-block-quote-is-layout-flow\">\n<p>Os cami\u00f1os da vida que che levan a sitios inesperados.<\/p>\n<\/blockquote>\n\n\n\n<p><strong>Cando empeza a t\u00faa andaina no mundo da pol\u00edtica?<\/strong><\/p>\n\n\n\n<blockquote class=\"wp-block-quote is-layout-flow wp-block-quote-is-layout-flow\">\n<p>No 2004, fai uns 20 anos que me fixen militante do BNG.<\/p>\n<\/blockquote>\n\n\n\n<p><strong>Sempre estiveches neste partido?<\/strong><\/p>\n\n\n\n<blockquote class=\"wp-block-quote is-layout-flow wp-block-quote-is-layout-flow\">\n<p>Si.<\/p>\n<\/blockquote>\n\n\n\n<p><strong>Por que?<\/strong><\/p>\n\n\n\n<blockquote class=\"wp-block-quote is-layout-flow wp-block-quote-is-layout-flow\">\n<p>Porque entendo que Galicia ir\u00eda moito mellor se os asuntos de Galicia foran xestionados por n\u00f3s mesmos. E iso com\u00e9zase a facer Concello a Concello. O BNG \u00e9 unha formaci\u00f3n pol\u00edtica que non obedece a ning\u00fan outro interese c\u00f3 ben com\u00fan do pobo galego. E esa \u00e9 a mi\u00f1a forma de entender a realidade e a pol\u00edtica tam\u00e9n.<\/p>\n<\/blockquote>\n\n\n\n<p><strong>Cal \u00e9 a t\u00faa valoraci\u00f3n da situaci\u00f3n pol\u00edtica do Concello da Lama?<\/strong><\/p>\n\n\n\n<blockquote class=\"wp-block-quote is-layout-flow wp-block-quote-is-layout-flow\">\n<p>Cada vez vai peor. A relevancia que o noso concello chegou a ter no seu momento estase a perder a pasos axigantados.<\/p>\n<\/blockquote>\n\n\n\n<p><strong>Por que est\u00e1 a perder relevancia?<\/strong><\/p>\n\n\n\n<blockquote class=\"wp-block-quote is-layout-flow wp-block-quote-is-layout-flow\">\n<p>Os problemas end\u00e9micos do rural galego; falta de servizos e oportunidades que impiden desenvolver un proxecto vital digno , est\u00e1n presentes de maneira permanente, por desgraza, no noso concello.<\/p>\n<\/blockquote>\n\n\n\n<p><strong>Cales son as carencias m\u00e1is importantes que ten A Lama?<\/strong><\/p>\n\n\n\n<blockquote class=\"wp-block-quote is-layout-flow wp-block-quote-is-layout-flow\">\n<p>A falta de traballo e oportunidades para a xente nova. Este \u00e9 o principal problema. Se f\u00f3semos capaces de facer deste concello un sitio atractivo para vivir con oportunidades e servizos suficientes conseguiriamos reverter a tendencia de perda de habitantes.<\/p>\n<\/blockquote>\n\n\n\n<p><strong>Jorge Canda leva desde 1995 como rexedor deste concello. Que opini\u00f3n lle merece ao BNG a s\u00faa xesti\u00f3n?<\/strong><\/p>\n\n\n\n<blockquote class=\"wp-block-quote is-layout-flow wp-block-quote-is-layout-flow\">\n<p>A valoraci\u00f3n \u00e9 manifestamente negativa. Como che dixen antes perdemos poboaci\u00f3n dunha maneira alarmante, dimin\u00faen os servizos de maneira preocupante e as oportunidades son inexistentes. Algunha responsabilidade ter\u00e1 quen leva m\u00e1is dun cuarto de s\u00e9culo de alcalde , digo eu\u00a1\u00a1<\/p>\n<\/blockquote>\n\n\n\n<p><strong>O goberno actual trata con xustiza a todos os veci\u00f1os e veci\u00f1as, independentemente da cor pol\u00edtica ao que pertenza?<\/strong><\/p>\n\n\n\n<blockquote class=\"wp-block-quote is-layout-flow wp-block-quote-is-layout-flow\">\n<p>Se o BNG ten a oportunidade de participar do vindeiro goberno municipal iso vai ser inequivocamente as\u00ed. O PP da Lama \u00e9 un exemplo notorio do modus operandi que ven padecendo o pa\u00eds galego desde a noite dos tempos.<\/p>\n<\/blockquote>\n\n\n\n<p><strong>Recentemente sa\u00edu unha noticia referente a unha denuncia sobre unha suposta oposici\u00f3n para presuntamente crear un posto de traballo, ad hoc, na biblioteca da Lama para o actual responsable da radio deste concello e candidato do PP \u00e1 alcald\u00eda de Ponte Caldelas. Como valoras esta situaci\u00f3n?<\/strong><\/p>\n\n\n\n<blockquote class=\"wp-block-quote is-layout-flow wp-block-quote-is-layout-flow\">\n<p>Gustar\u00edame pensar que esta noticia \u00e9 mentira, pero isto ten toda a pinta de ser a t\u00edpica cacicada.<\/p>\n<\/blockquote>\n\n\n\n<p><strong>Cal \u00e9 a posici\u00f3n do BNG nos intentos de montar m\u00e1is parques e\u00f3licos neste concello?<\/strong><\/p>\n\n\n\n<blockquote class=\"wp-block-quote is-layout-flow wp-block-quote-is-layout-flow\">\n<p>Estamos totalmente en contra dese modelo de mega parques e\u00f3licos invasivo, depredador e e pseudo colonial. A nosa posici\u00f3n \u00e9 inequ\u00edvoca : estamos a car\u00f3n da veci\u00f1anza e o BNG pelexar\u00e1 ata o final para defendelos.<\/p>\n<\/blockquote>\n\n\n\n<p><strong>Cales son as li\u00f1as program\u00e1ticas b\u00e1sicas da candidatura que vas encabezar ?<\/strong><\/p>\n\n\n\n<blockquote class=\"wp-block-quote is-layout-flow wp-block-quote-is-layout-flow\">\n<p>-A loita contra o espolio dos e\u00f3licos.<\/p>\n\n\n\n<p>-Aumentar as partidas de atenci\u00f3n social en xeral e en particular as dirixidas a adquisici\u00f3n de vivenda para facilitar o asentamento de poboaci\u00f3n.<\/p>\n\n\n\n<p>-Fornecer a atenci\u00f3n sanitaria no noso Concello, que est\u00e1 nuns niveis paup\u00e9rrimos.<\/p>\n\n\n\n<p>-Desenvolver un modelo de vila con servizos e oportunidades suficientes.<\/p>\n\n\n\n<p>-Unha pol\u00edtica cultural adecuada e solvente.<\/p>\n\n\n\n<p>-Potenciar os atractivos naturais do noso pobo, absolutamente infrautilizados.<\/p>\n<\/blockquote>\n\n\n\n<p><strong>Despois de moitos anos, o PP presenta un candidato diferente a Jorge Canda. Como valora o BNG ao candidato David Carrera?<\/strong><\/p>\n\n\n\n<blockquote class=\"wp-block-quote is-layout-flow wp-block-quote-is-layout-flow\">\n<p>David forma parte deste goberno, por tanto, \u00e9 tan responsable pol\u00edtico como Canda nas pol\u00edticas tan desastrosas que levaron ao Concello \u00e1 situaci\u00f3n tan lamentable na que se encontra.<\/p>\n<\/blockquote>\n\n\n\n<p><strong>Para acabar, Ant\u00f3n. Ves posibilidade de que o PP perda a maior\u00eda absoluta?<\/strong><\/p>\n\n\n\n<blockquote class=\"wp-block-quote is-layout-flow wp-block-quote-is-layout-flow\">\n<p>Posibilidades hai si, claro que si. Na r\u00faas da Lama perc\u00edbese unha importante pulsi\u00f3n de cambio e o BNG quere ser protagonista dese cambio .<\/p>\n<\/blockquote>\n\n\n\n<p><strong>No caso de que o PP perda a maior\u00eda absoluta, para formar unha maior\u00eda alternativa haber\u00eda que artellar un pacto con outras forzas. Cal \u00e9 a t\u00faa disposici\u00f3n ao respecto diso?<\/strong><\/p>\n\n\n\n<blockquote class=\"wp-block-quote is-layout-flow wp-block-quote-is-layout-flow\">\n<p>A disposici\u00f3n do BNG \u00e9 absolutamente positiva ao di\u00e1logo e ao consenso. Somos plenamente conscientes da necesidade de cambio que hai en A Lama. Agora ben,quen queira acordar co BNG ten que ter moi claro que n\u00f3s temos unhas li\u00f1as b\u00e1sicas que temos que defender porque forman parte do noso ADN:. Coidar o galego, coidar a cultura, coidar as pol\u00edticas sociais. Estas tres li\u00f1as son irrenunciables para n\u00f3s.<\/p>\n<\/blockquote>\n","protected":false},"excerpt":{"rendered":"<div class=\"mh-excerpt\"><p>\u201c Nas r\u00faas de A Lama perc\u00edbese unha importante pulsi\u00f3n de cambio, e o BNG quere ser protagonista dese cambio\u201d <a class=\"mh-excerpt-more\" href=\"https:\/\/www.anovapeneira.gal\/index.php\/2023\/05\/10\/anton-barreiro-candidato-do-bng-a-alcaldia-do-concello-da-lama\/\" title=\"Ant\u00f3n Barreiro, candidato do BNG \u00e1 alcald\u00eda do concello da Lama\">[&#8230;]<\/a><\/p>\n<\/div>","protected":false},"author":3,"featured_media":9695,"comment_status":"open","ping_status":"open","sticky":false,"template":"","format":"standard","meta":{"_exactmetrics_skip_tracking":false,"_exactmetrics_sitenote_active":false,"_exactmetrics_sitenote_note":"","_exactmetrics_sitenote_category":0,"footnotes":""},"categories":[269],"tags":[1353],"class_list":{"0":"post-9694","1":"post","2":"type-post","3":"status-publish","4":"format-standard","5":"has-post-thumbnail","7":"category-pontevedra-entrevistas","8":"tag-concello-da-lama"},"yoast_head":"<!-- This site is optimized with the Yoast SEO plugin v27.4 - https:\/\/yoast.com\/product\/yoast-seo-wordpress\/ -->\n<title>Ant\u00f3n Barreiro, candidato do BNG \u00e1 alcald\u00eda do concello da Lama -<\/title>\n<meta name=\"description\" content=\"\u201c Nas r\u00faas de A Lama perc\u00edbese unha importante pulsi\u00f3n de cambio, e o BNG quere ser protagonista dese cambio\u201d\" \/>\n<meta name=\"robots\" content=\"index, follow, max-snippet:-1, max-image-preview:large, max-video-preview:-1\" \/>\n<link rel=\"canonical\" href=\"https:\/\/www.anovapeneira.gal\/index.php\/2023\/05\/10\/anton-barreiro-candidato-do-bng-a-alcaldia-do-concello-da-lama\/\" \/>\n<meta property=\"og:locale\" content=\"gl_ES\" \/>\n<meta property=\"og:type\" content=\"article\" \/>\n<meta property=\"og:title\" content=\"Ant\u00f3n Barreiro, candidato do BNG \u00e1 alcald\u00eda do concello da Lama -\" \/>\n<meta property=\"og:description\" content=\"\u201c Nas r\u00faas de A Lama perc\u00edbese unha importante pulsi\u00f3n de cambio, e o BNG quere ser protagonista dese cambio\u201d\" \/>\n<meta property=\"og:url\" content=\"https:\/\/www.anovapeneira.gal\/index.php\/2023\/05\/10\/anton-barreiro-candidato-do-bng-a-alcaldia-do-concello-da-lama\/\" \/>\n<meta property=\"article:publisher\" content=\"https:\/\/www.facebook.com\/anovapeneira\" \/>\n<meta property=\"article:published_time\" content=\"2023-05-10T10:00:51+00:00\" \/>\n<meta property=\"og:image\" content=\"https:\/\/www.anovapeneira.gal\/wp-content\/uploads\/2023\/05\/anton_barreiro.jpg\" \/>\n\t<meta property=\"og:image:width\" content=\"720\" \/>\n\t<meta property=\"og:image:height\" content=\"432\" \/>\n\t<meta property=\"og:image:type\" content=\"image\/jpeg\" \/>\n<meta name=\"author\" content=\"Redacci\u00f3n A Nova Peneira\" \/>\n<meta name=\"twitter:card\" content=\"summary_large_image\" \/>\n<meta name=\"twitter:creator\" content=\"@APeneira\" \/>\n<meta name=\"twitter:site\" content=\"@APeneira\" \/>\n<meta name=\"twitter:label1\" content=\"Escrito por\" \/>\n\t<meta name=\"twitter:data1\" content=\"Redacci\u00f3n A Nova Peneira\" \/>\n\t<meta name=\"twitter:label2\" content=\"Tempo de lectura\" \/>\n\t<meta name=\"twitter:data2\" content=\"5 minutos\" \/>\n<script type=\"application\/ld+json\" class=\"yoast-schema-graph\">{\"@context\":\"https:\\\/\\\/schema.org\",\"@graph\":[{\"@type\":\"Article\",\"@id\":\"https:\\\/\\\/www.anovapeneira.gal\\\/index.php\\\/2023\\\/05\\\/10\\\/anton-barreiro-candidato-do-bng-a-alcaldia-do-concello-da-lama\\\/#article\",\"isPartOf\":{\"@id\":\"https:\\\/\\\/www.anovapeneira.gal\\\/index.php\\\/2023\\\/05\\\/10\\\/anton-barreiro-candidato-do-bng-a-alcaldia-do-concello-da-lama\\\/\"},\"author\":{\"name\":\"Redacci\u00f3n A Nova Peneira\",\"@id\":\"https:\\\/\\\/www.anovapeneira.gal\\\/#\\\/schema\\\/person\\\/b93e3f8932e3f8da96334607eb6ac6aa\"},\"headline\":\"Ant\u00f3n Barreiro, candidato do BNG \u00e1 alcald\u00eda do concello da Lama\",\"datePublished\":\"2023-05-10T10:00:51+00:00\",\"mainEntityOfPage\":{\"@id\":\"https:\\\/\\\/www.anovapeneira.gal\\\/index.php\\\/2023\\\/05\\\/10\\\/anton-barreiro-candidato-do-bng-a-alcaldia-do-concello-da-lama\\\/\"},\"wordCount\":983,\"commentCount\":0,\"publisher\":{\"@id\":\"https:\\\/\\\/www.anovapeneira.gal\\\/#organization\"},\"image\":{\"@id\":\"https:\\\/\\\/www.anovapeneira.gal\\\/index.php\\\/2023\\\/05\\\/10\\\/anton-barreiro-candidato-do-bng-a-alcaldia-do-concello-da-lama\\\/#primaryimage\"},\"thumbnailUrl\":\"https:\\\/\\\/www.anovapeneira.gal\\\/wp-content\\\/uploads\\\/2023\\\/05\\\/anton_barreiro.jpg\",\"keywords\":[\"Concello da Lama\"],\"articleSection\":[\"Pontevedra\"],\"inLanguage\":\"gl-ES\",\"potentialAction\":[{\"@type\":\"CommentAction\",\"name\":\"Comment\",\"target\":[\"https:\\\/\\\/www.anovapeneira.gal\\\/index.php\\\/2023\\\/05\\\/10\\\/anton-barreiro-candidato-do-bng-a-alcaldia-do-concello-da-lama\\\/#respond\"]}]},{\"@type\":\"WebPage\",\"@id\":\"https:\\\/\\\/www.anovapeneira.gal\\\/index.php\\\/2023\\\/05\\\/10\\\/anton-barreiro-candidato-do-bng-a-alcaldia-do-concello-da-lama\\\/\",\"url\":\"https:\\\/\\\/www.anovapeneira.gal\\\/index.php\\\/2023\\\/05\\\/10\\\/anton-barreiro-candidato-do-bng-a-alcaldia-do-concello-da-lama\\\/\",\"name\":\"Ant\u00f3n Barreiro, candidato do BNG \u00e1 alcald\u00eda do concello da Lama -\",\"isPartOf\":{\"@id\":\"https:\\\/\\\/www.anovapeneira.gal\\\/#website\"},\"primaryImageOfPage\":{\"@id\":\"https:\\\/\\\/www.anovapeneira.gal\\\/index.php\\\/2023\\\/05\\\/10\\\/anton-barreiro-candidato-do-bng-a-alcaldia-do-concello-da-lama\\\/#primaryimage\"},\"image\":{\"@id\":\"https:\\\/\\\/www.anovapeneira.gal\\\/index.php\\\/2023\\\/05\\\/10\\\/anton-barreiro-candidato-do-bng-a-alcaldia-do-concello-da-lama\\\/#primaryimage\"},\"thumbnailUrl\":\"https:\\\/\\\/www.anovapeneira.gal\\\/wp-content\\\/uploads\\\/2023\\\/05\\\/anton_barreiro.jpg\",\"datePublished\":\"2023-05-10T10:00:51+00:00\",\"description\":\"\u201c Nas r\u00faas de A Lama perc\u00edbese unha importante pulsi\u00f3n de cambio, e o BNG quere ser protagonista dese cambio\u201d\",\"breadcrumb\":{\"@id\":\"https:\\\/\\\/www.anovapeneira.gal\\\/index.php\\\/2023\\\/05\\\/10\\\/anton-barreiro-candidato-do-bng-a-alcaldia-do-concello-da-lama\\\/#breadcrumb\"},\"inLanguage\":\"gl-ES\",\"potentialAction\":[{\"@type\":\"ReadAction\",\"target\":[\"https:\\\/\\\/www.anovapeneira.gal\\\/index.php\\\/2023\\\/05\\\/10\\\/anton-barreiro-candidato-do-bng-a-alcaldia-do-concello-da-lama\\\/\"]}]},{\"@type\":\"ImageObject\",\"inLanguage\":\"gl-ES\",\"@id\":\"https:\\\/\\\/www.anovapeneira.gal\\\/index.php\\\/2023\\\/05\\\/10\\\/anton-barreiro-candidato-do-bng-a-alcaldia-do-concello-da-lama\\\/#primaryimage\",\"url\":\"https:\\\/\\\/www.anovapeneira.gal\\\/wp-content\\\/uploads\\\/2023\\\/05\\\/anton_barreiro.jpg\",\"contentUrl\":\"https:\\\/\\\/www.anovapeneira.gal\\\/wp-content\\\/uploads\\\/2023\\\/05\\\/anton_barreiro.jpg\",\"width\":720,\"height\":432,\"caption\":\"Ant\u00f3n Barreiro, candidato do BNG \u00e1 alcald\u00eda do concello da Lama\"},{\"@type\":\"BreadcrumbList\",\"@id\":\"https:\\\/\\\/www.anovapeneira.gal\\\/index.php\\\/2023\\\/05\\\/10\\\/anton-barreiro-candidato-do-bng-a-alcaldia-do-concello-da-lama\\\/#breadcrumb\",\"itemListElement\":[{\"@type\":\"ListItem\",\"position\":1,\"name\":\"Portada\",\"item\":\"https:\\\/\\\/www.anovapeneira.gal\\\/\"},{\"@type\":\"ListItem\",\"position\":2,\"name\":\"Ant\u00f3n Barreiro, candidato do BNG \u00e1 alcald\u00eda do concello da Lama\"}]},{\"@type\":\"WebSite\",\"@id\":\"https:\\\/\\\/www.anovapeneira.gal\\\/#website\",\"url\":\"https:\\\/\\\/www.anovapeneira.gal\\\/\",\"name\":\"\",\"description\":\"Xornal galego de informaci\u00f3n xeral Publicaci\u00f3n mensual de novas de Galicia e en especial dos Concellos da sur da provincia de Pontevedra.\",\"publisher\":{\"@id\":\"https:\\\/\\\/www.anovapeneira.gal\\\/#organization\"},\"potentialAction\":[{\"@type\":\"SearchAction\",\"target\":{\"@type\":\"EntryPoint\",\"urlTemplate\":\"https:\\\/\\\/www.anovapeneira.gal\\\/?s={search_term_string}\"},\"query-input\":{\"@type\":\"PropertyValueSpecification\",\"valueRequired\":true,\"valueName\":\"search_term_string\"}}],\"inLanguage\":\"gl-ES\"},{\"@type\":\"Organization\",\"@id\":\"https:\\\/\\\/www.anovapeneira.gal\\\/#organization\",\"name\":\"A Nova Peneira\",\"url\":\"https:\\\/\\\/www.anovapeneira.gal\\\/\",\"logo\":{\"@type\":\"ImageObject\",\"inLanguage\":\"gl-ES\",\"@id\":\"https:\\\/\\\/www.anovapeneira.gal\\\/#\\\/schema\\\/logo\\\/image\\\/\",\"url\":\"http:\\\/\\\/www.anovapeneira.gal\\\/wp-content\\\/uploads\\\/2019\\\/06\\\/logo_a_nova_peneira_portal_web.png\",\"contentUrl\":\"http:\\\/\\\/www.anovapeneira.gal\\\/wp-content\\\/uploads\\\/2019\\\/06\\\/logo_a_nova_peneira_portal_web.png\",\"width\":300,\"height\":100,\"caption\":\"A Nova Peneira\"},\"image\":{\"@id\":\"https:\\\/\\\/www.anovapeneira.gal\\\/#\\\/schema\\\/logo\\\/image\\\/\"},\"sameAs\":[\"https:\\\/\\\/www.facebook.com\\\/anovapeneira\",\"https:\\\/\\\/x.com\\\/APeneira\"]},{\"@type\":\"Person\",\"@id\":\"https:\\\/\\\/www.anovapeneira.gal\\\/#\\\/schema\\\/person\\\/b93e3f8932e3f8da96334607eb6ac6aa\",\"name\":\"Redacci\u00f3n A Nova Peneira\",\"image\":{\"@type\":\"ImageObject\",\"inLanguage\":\"gl-ES\",\"@id\":\"https:\\\/\\\/secure.gravatar.com\\\/avatar\\\/c052a2551a06e23fac63626232eaa90abd78dbcf1700fc46a2b2c89fd27b735f?s=96&d=mm&r=g\",\"url\":\"https:\\\/\\\/secure.gravatar.com\\\/avatar\\\/c052a2551a06e23fac63626232eaa90abd78dbcf1700fc46a2b2c89fd27b735f?s=96&d=mm&r=g\",\"contentUrl\":\"https:\\\/\\\/secure.gravatar.com\\\/avatar\\\/c052a2551a06e23fac63626232eaa90abd78dbcf1700fc46a2b2c89fd27b735f?s=96&d=mm&r=g\",\"caption\":\"Redacci\u00f3n A Nova Peneira\"},\"sameAs\":[\"http:\\\/\\\/www.anovapeneira.gal\\\/\"],\"url\":\"https:\\\/\\\/www.anovapeneira.gal\\\/index.php\\\/author\\\/redactor\\\/\"}]}<\/script>\n<!-- \/ Yoast SEO plugin. -->","yoast_head_json":{"title":"Ant\u00f3n Barreiro, candidato do BNG \u00e1 alcald\u00eda do concello da Lama -","description":"\u201c Nas r\u00faas de A Lama perc\u00edbese unha importante pulsi\u00f3n de cambio, e o BNG quere ser protagonista dese cambio\u201d","robots":{"index":"index","follow":"follow","max-snippet":"max-snippet:-1","max-image-preview":"max-image-preview:large","max-video-preview":"max-video-preview:-1"},"canonical":"https:\/\/www.anovapeneira.gal\/index.php\/2023\/05\/10\/anton-barreiro-candidato-do-bng-a-alcaldia-do-concello-da-lama\/","og_locale":"gl_ES","og_type":"article","og_title":"Ant\u00f3n Barreiro, candidato do BNG \u00e1 alcald\u00eda do concello da Lama -","og_description":"\u201c Nas r\u00faas de A Lama perc\u00edbese unha importante pulsi\u00f3n de cambio, e o BNG quere ser protagonista dese cambio\u201d","og_url":"https:\/\/www.anovapeneira.gal\/index.php\/2023\/05\/10\/anton-barreiro-candidato-do-bng-a-alcaldia-do-concello-da-lama\/","article_publisher":"https:\/\/www.facebook.com\/anovapeneira","article_published_time":"2023-05-10T10:00:51+00:00","og_image":[{"width":720,"height":432,"url":"https:\/\/www.anovapeneira.gal\/wp-content\/uploads\/2023\/05\/anton_barreiro.jpg","type":"image\/jpeg"}],"author":"Redacci\u00f3n A Nova Peneira","twitter_card":"summary_large_image","twitter_creator":"@APeneira","twitter_site":"@APeneira","twitter_misc":{"Escrito por":"Redacci\u00f3n A Nova Peneira","Tempo de lectura":"5 minutos"},"schema":{"@context":"https:\/\/schema.org","@graph":[{"@type":"Article","@id":"https:\/\/www.anovapeneira.gal\/index.php\/2023\/05\/10\/anton-barreiro-candidato-do-bng-a-alcaldia-do-concello-da-lama\/#article","isPartOf":{"@id":"https:\/\/www.anovapeneira.gal\/index.php\/2023\/05\/10\/anton-barreiro-candidato-do-bng-a-alcaldia-do-concello-da-lama\/"},"author":{"name":"Redacci\u00f3n A Nova Peneira","@id":"https:\/\/www.anovapeneira.gal\/#\/schema\/person\/b93e3f8932e3f8da96334607eb6ac6aa"},"headline":"Ant\u00f3n Barreiro, candidato do BNG \u00e1 alcald\u00eda do concello da Lama","datePublished":"2023-05-10T10:00:51+00:00","mainEntityOfPage":{"@id":"https:\/\/www.anovapeneira.gal\/index.php\/2023\/05\/10\/anton-barreiro-candidato-do-bng-a-alcaldia-do-concello-da-lama\/"},"wordCount":983,"commentCount":0,"publisher":{"@id":"https:\/\/www.anovapeneira.gal\/#organization"},"image":{"@id":"https:\/\/www.anovapeneira.gal\/index.php\/2023\/05\/10\/anton-barreiro-candidato-do-bng-a-alcaldia-do-concello-da-lama\/#primaryimage"},"thumbnailUrl":"https:\/\/www.anovapeneira.gal\/wp-content\/uploads\/2023\/05\/anton_barreiro.jpg","keywords":["Concello da Lama"],"articleSection":["Pontevedra"],"inLanguage":"gl-ES","potentialAction":[{"@type":"CommentAction","name":"Comment","target":["https:\/\/www.anovapeneira.gal\/index.php\/2023\/05\/10\/anton-barreiro-candidato-do-bng-a-alcaldia-do-concello-da-lama\/#respond"]}]},{"@type":"WebPage","@id":"https:\/\/www.anovapeneira.gal\/index.php\/2023\/05\/10\/anton-barreiro-candidato-do-bng-a-alcaldia-do-concello-da-lama\/","url":"https:\/\/www.anovapeneira.gal\/index.php\/2023\/05\/10\/anton-barreiro-candidato-do-bng-a-alcaldia-do-concello-da-lama\/","name":"Ant\u00f3n Barreiro, candidato do BNG \u00e1 alcald\u00eda do concello da Lama -","isPartOf":{"@id":"https:\/\/www.anovapeneira.gal\/#website"},"primaryImageOfPage":{"@id":"https:\/\/www.anovapeneira.gal\/index.php\/2023\/05\/10\/anton-barreiro-candidato-do-bng-a-alcaldia-do-concello-da-lama\/#primaryimage"},"image":{"@id":"https:\/\/www.anovapeneira.gal\/index.php\/2023\/05\/10\/anton-barreiro-candidato-do-bng-a-alcaldia-do-concello-da-lama\/#primaryimage"},"thumbnailUrl":"https:\/\/www.anovapeneira.gal\/wp-content\/uploads\/2023\/05\/anton_barreiro.jpg","datePublished":"2023-05-10T10:00:51+00:00","description":"\u201c Nas r\u00faas de A Lama perc\u00edbese unha importante pulsi\u00f3n de cambio, e o BNG quere ser protagonista dese cambio\u201d","breadcrumb":{"@id":"https:\/\/www.anovapeneira.gal\/index.php\/2023\/05\/10\/anton-barreiro-candidato-do-bng-a-alcaldia-do-concello-da-lama\/#breadcrumb"},"inLanguage":"gl-ES","potentialAction":[{"@type":"ReadAction","target":["https:\/\/www.anovapeneira.gal\/index.php\/2023\/05\/10\/anton-barreiro-candidato-do-bng-a-alcaldia-do-concello-da-lama\/"]}]},{"@type":"ImageObject","inLanguage":"gl-ES","@id":"https:\/\/www.anovapeneira.gal\/index.php\/2023\/05\/10\/anton-barreiro-candidato-do-bng-a-alcaldia-do-concello-da-lama\/#primaryimage","url":"https:\/\/www.anovapeneira.gal\/wp-content\/uploads\/2023\/05\/anton_barreiro.jpg","contentUrl":"https:\/\/www.anovapeneira.gal\/wp-content\/uploads\/2023\/05\/anton_barreiro.jpg","width":720,"height":432,"caption":"Ant\u00f3n Barreiro, candidato do BNG \u00e1 alcald\u00eda do concello da Lama"},{"@type":"BreadcrumbList","@id":"https:\/\/www.anovapeneira.gal\/index.php\/2023\/05\/10\/anton-barreiro-candidato-do-bng-a-alcaldia-do-concello-da-lama\/#breadcrumb","itemListElement":[{"@type":"ListItem","position":1,"name":"Portada","item":"https:\/\/www.anovapeneira.gal\/"},{"@type":"ListItem","position":2,"name":"Ant\u00f3n Barreiro, candidato do BNG \u00e1 alcald\u00eda do concello da Lama"}]},{"@type":"WebSite","@id":"https:\/\/www.anovapeneira.gal\/#website","url":"https:\/\/www.anovapeneira.gal\/","name":"","description":"Xornal galego de informaci\u00f3n xeral Publicaci\u00f3n mensual de novas de Galicia e en especial dos Concellos da sur da provincia de Pontevedra.","publisher":{"@id":"https:\/\/www.anovapeneira.gal\/#organization"},"potentialAction":[{"@type":"SearchAction","target":{"@type":"EntryPoint","urlTemplate":"https:\/\/www.anovapeneira.gal\/?s={search_term_string}"},"query-input":{"@type":"PropertyValueSpecification","valueRequired":true,"valueName":"search_term_string"}}],"inLanguage":"gl-ES"},{"@type":"Organization","@id":"https:\/\/www.anovapeneira.gal\/#organization","name":"A Nova Peneira","url":"https:\/\/www.anovapeneira.gal\/","logo":{"@type":"ImageObject","inLanguage":"gl-ES","@id":"https:\/\/www.anovapeneira.gal\/#\/schema\/logo\/image\/","url":"http:\/\/www.anovapeneira.gal\/wp-content\/uploads\/2019\/06\/logo_a_nova_peneira_portal_web.png","contentUrl":"http:\/\/www.anovapeneira.gal\/wp-content\/uploads\/2019\/06\/logo_a_nova_peneira_portal_web.png","width":300,"height":100,"caption":"A Nova Peneira"},"image":{"@id":"https:\/\/www.anovapeneira.gal\/#\/schema\/logo\/image\/"},"sameAs":["https:\/\/www.facebook.com\/anovapeneira","https:\/\/x.com\/APeneira"]},{"@type":"Person","@id":"https:\/\/www.anovapeneira.gal\/#\/schema\/person\/b93e3f8932e3f8da96334607eb6ac6aa","name":"Redacci\u00f3n A Nova Peneira","image":{"@type":"ImageObject","inLanguage":"gl-ES","@id":"https:\/\/secure.gravatar.com\/avatar\/c052a2551a06e23fac63626232eaa90abd78dbcf1700fc46a2b2c89fd27b735f?s=96&d=mm&r=g","url":"https:\/\/secure.gravatar.com\/avatar\/c052a2551a06e23fac63626232eaa90abd78dbcf1700fc46a2b2c89fd27b735f?s=96&d=mm&r=g","contentUrl":"https:\/\/secure.gravatar.com\/avatar\/c052a2551a06e23fac63626232eaa90abd78dbcf1700fc46a2b2c89fd27b735f?s=96&d=mm&r=g","caption":"Redacci\u00f3n A Nova Peneira"},"sameAs":["http:\/\/www.anovapeneira.gal\/"],"url":"https:\/\/www.anovapeneira.gal\/index.php\/author\/redactor\/"}]}},"jetpack_featured_media_url":"https:\/\/www.anovapeneira.gal\/wp-content\/uploads\/2023\/05\/anton_barreiro.jpg","_links":{"self":[{"href":"https:\/\/www.anovapeneira.gal\/index.php\/wp-json\/wp\/v2\/posts\/9694","targetHints":{"allow":["GET"]}}],"collection":[{"href":"https:\/\/www.anovapeneira.gal\/index.php\/wp-json\/wp\/v2\/posts"}],"about":[{"href":"https:\/\/www.anovapeneira.gal\/index.php\/wp-json\/wp\/v2\/types\/post"}],"author":[{"embeddable":true,"href":"https:\/\/www.anovapeneira.gal\/index.php\/wp-json\/wp\/v2\/users\/3"}],"replies":[{"embeddable":true,"href":"https:\/\/www.anovapeneira.gal\/index.php\/wp-json\/wp\/v2\/comments?post=9694"}],"version-history":[{"count":1,"href":"https:\/\/www.anovapeneira.gal\/index.php\/wp-json\/wp\/v2\/posts\/9694\/revisions"}],"predecessor-version":[{"id":9696,"href":"https:\/\/www.anovapeneira.gal\/index.php\/wp-json\/wp\/v2\/posts\/9694\/revisions\/9696"}],"wp:featuredmedia":[{"embeddable":true,"href":"https:\/\/www.anovapeneira.gal\/index.php\/wp-json\/wp\/v2\/media\/9695"}],"wp:attachment":[{"href":"https:\/\/www.anovapeneira.gal\/index.php\/wp-json\/wp\/v2\/media?parent=9694"}],"wp:term":[{"taxonomy":"category","embeddable":true,"href":"https:\/\/www.anovapeneira.gal\/index.php\/wp-json\/wp\/v2\/categories?post=9694"},{"taxonomy":"post_tag","embeddable":true,"href":"https:\/\/www.anovapeneira.gal\/index.php\/wp-json\/wp\/v2\/tags?post=9694"}],"curies":[{"name":"wp","href":"https:\/\/api.w.org\/{rel}","templated":true}]}}