{"id":9709,"date":"2023-05-12T12:00:37","date_gmt":"2023-05-12T10:00:37","guid":{"rendered":"https:\/\/www.anovapeneira.gal\/?p=9709"},"modified":"2023-05-09T10:09:53","modified_gmt":"2023-05-09T08:09:53","slug":"queremos-ser-unha-autonomia-do-estado-espanol","status":"publish","type":"post","link":"https:\/\/www.anovapeneira.gal\/index.php\/2023\/05\/12\/queremos-ser-unha-autonomia-do-estado-espanol\/","title":{"rendered":"Queremos ser unha autonom\u00eda do estado espa\u00f1ol?"},"content":{"rendered":"\n<h2 class=\"wp-block-heading\">O anuncio da disoluci\u00f3n de Causa Galiza f\u00edxome reflexionar sobre o espazo independentista galego. Volv\u00edn ler un escrito elaborado polo Colectivo Nacionalista de Mar\u00edn en Agosto do 2013 baixo o t\u00edtulo \u201c<strong>Soberan\u00eda Nacional, achegas ao debate<\/strong>\u201d que analizaba a situaci\u00f3n pol\u00edtica do momento.<\/h2>\n\n\n\n<h4 class=\"wp-block-heading\"><em>(https:\/\/colectivonacionalista.wordpress.com\/2013\/08\/16\/soberania-nacional-achegas-ao-debate\/)<\/em><\/h4>\n\n\n\n<figure class=\"wp-block-image size-full is-resized\"><img loading=\"lazy\" decoding=\"async\" src=\"https:\/\/www.anovapeneira.gal\/wp-content\/uploads\/2019\/07\/pedro_cortegoso_opinion_a_nova_peneira_bn.jpg\" alt=\"Pedro M. Cortegoso Gago Artigo Opini\u00f3n A Nova Peneira\" class=\"wp-image-464\" width=\"95\" height=\"111\"\/><figcaption class=\"wp-element-caption\">Pedro M. Cortegoso Gago\nTraballador do Sergas<\/figcaption><\/figure>\n\n\n\n<p>Daquela o estado espa\u00f1ol comezaba a ampliar o abano e a oferta do mercado partidario coa promoci\u00f3n da extinta UPyD, e facendo de IU a alternativa de \u201cesquerdas\u201d. Os fachas modernos e os rebeldes moderados para manter atrapado un electorado que escapaba do PP e do PSOE.<\/p>\n\n\n\n<p>Fracasados eses experimentos e liquidada UPyD, apareceron novos actores como Ciudadanos, Vox ou Podemos, desapareceron AGE e as Mareas, Catalunya estivo a piques de ser independente.<\/p>\n\n\n\n<p>En 2023 Ciudadanos e Podemos est\u00e1 en v\u00edas de extinci\u00f3n e o sistema xa elaborou un novo produto electoral: Sumar. O independentismo catal\u00e1n non resistiu o embate do estado espa\u00f1ol e cami\u00f1a por diversos sendeiros.<\/p>\n\n\n\n<p>Na Galiza do 2013 parec\u00eda que a reivindicaci\u00f3n da nosa independencia, e a ruptura con Espa\u00f1a, ga\u00f1aba adeptos dentro do soberanismo. A constituci\u00f3n de Anova e a coalici\u00f3n electoral AGE cambiaran o panorama pol\u00edtico da Galiza e provocaran o reposicionamento dun BNG ao bordo do precipicio.<\/p>\n\n\n\n<p>Por\u00e9n, como aconteceu no estado espa\u00f1ol, alg\u00fans foron desaparecendo e outros ocuparon o seu lugar electoral e moderando o seu discurso para adaptarse, unha vez m\u00e1is, ao posibilismo electoral. Como se as instituci\u00f3ns auton\u00f3micas fosen a panacea para solucionar os graves problemas de dependencia que ten o noso pa\u00eds e a Xunta fose a terra prometida.<\/p>\n\n\n\n<p><strong>At\u00e9 hoxe Galiza non mellorou en nada a s\u00faa situaci\u00f3n.<\/strong><\/p>\n\n\n\n<p>Dic\u00edase no 2013 que \u201c<em>a dominaci\u00f3n espa\u00f1ola en Galiza, m\u00e1is clara e contundente desde a entrada na CEE, sup\u00f3n unha longa condena a cadea perpetua, unha espoliaci\u00f3n dos nosos recursos naturais, do noso pobo como man de obra barata, e un intento de eliminaci\u00f3n f\u00edsica da nosa cultura e da nosa lingua para facernos desaparecer como naci\u00f3n e integrarnos nunha Espa\u00f1a de se\u00f1oritos latifundistas e toreros, de procesi\u00f3ns e militares, de curas e empresarios e pol\u00edticos corruptos e sen escr\u00fapulos.\u201d<\/em><\/p>\n\n\n\n<p>No 2023 pouco ou nada cambiou. Hoxe Galiza contin\u00faa sendo un enorme latifundio de eucaliptos e unha produtora barata de enerx\u00eda para beneficio do capital e da capital. O noso territorio vai cami\u00f1o, unha vez mais, de ser transformado para converter os nosos montes e a nosa costa nun enorme parque e\u00f3lico, facendo impos\u00edbel a vida no rural e a actividade pesqueira. Empresas for\u00e1neas comezan a mercar terras para producir, mais ben fabricar, escapando da seca do sur da pen\u00ednsula.<\/p>\n\n\n\n<p>A suicida pol\u00edtica enerx\u00e9tica imposta pola Uni\u00f3n Europea que pretende vendernos un futuro \u201cverde\u201d, leva aparellada a nosa transformaci\u00f3n nunha enorme central el\u00e9ctrica ao servizo de intereses alleos.<\/p>\n\n\n\n<p>Temos moitos problemas e pouca capacidade para solucionalos dentro da estrutura institucional do estado espa\u00f1ol. As grandes decisi\u00f3ns pol\u00edticas e econ\u00f3micas t\u00f3manse noutro nivel, noutra liga da que non participamos, na Uni\u00f3n Europa, na Otan, no FMI, no Banco Mundial, etc. E despois os intermediarios, o goberno espa\u00f1ol e o goberno da Xunta, fan que se cumpran.<\/p>\n\n\n\n<p>Que capacidade ter\u00eda un goberno auton\u00f3mico para reverter a ameaza e\u00f3lica? Que poder\u00eda facer para impedir os recortes no sector pesqueiro? Como far\u00eda que as empresas pagaran impostos na Galiza? Como vai parar os recortes nos servizos p\u00fablicos se ve\u00f1en impostos desde Bruxelas?<\/p>\n\n\n\n<p>Necesitamos traballar para mellorar a situaci\u00f3n social e econ\u00f3mica do pobo galego, necesitamos reverter a situaci\u00f3n do idioma, necesitamos blindar os nosos servizos p\u00fablicos. Precisamos con urxencia romper as cadeas que n\u00f3s atan a Espa\u00f1a, a UE e a Otan.<\/p>\n\n\n\n<p>Para isto necesitamos instrumentos novos que falen claro e sem disimulos, un programa pol\u00edtico de superaci\u00f3n do marco auton\u00f3mico e apostar pola soberan\u00eda nacional, que s\u00f3 pode vir coa nosa independencia e por un modelo socialista. Iso ou quedarnos para sempre nunha autonom\u00eda m\u00e1is do estado espa\u00f1ol.<\/p>\n\n\n\n<p>Mar\u00edn, 4 de Maio de 2023.<\/p>\n\n\n\n<p>Asdo.: Pedro M. Cortegoso Gago<\/p>\n","protected":false},"excerpt":{"rendered":"<div class=\"mh-excerpt\"><p>O anuncio da disoluci\u00f3n de Causa Galiza f\u00edxome reflexionar sobre o espazo independentista galego <a class=\"mh-excerpt-more\" href=\"https:\/\/www.anovapeneira.gal\/index.php\/2023\/05\/12\/queremos-ser-unha-autonomia-do-estado-espanol\/\" title=\"Queremos ser unha autonom\u00eda do estado espa\u00f1ol?\">[&#8230;]<\/a><\/p>\n<\/div>","protected":false},"author":4,"featured_media":584,"comment_status":"open","ping_status":"open","sticky":false,"template":"","format":"standard","meta":{"_exactmetrics_skip_tracking":false,"_exactmetrics_sitenote_active":false,"_exactmetrics_sitenote_note":"","_exactmetrics_sitenote_category":0,"footnotes":""},"categories":[7],"tags":[],"class_list":{"0":"post-9709","1":"post","2":"type-post","3":"status-publish","4":"format-standard","5":"has-post-thumbnail","7":"category-artigos-de-opinion"},"yoast_head":"<!-- This site is optimized with the Yoast SEO plugin v27.4 - https:\/\/yoast.com\/product\/yoast-seo-wordpress\/ -->\n<title>Queremos ser unha autonom\u00eda do estado espa\u00f1ol? -<\/title>\n<meta name=\"robots\" content=\"index, follow, max-snippet:-1, max-image-preview:large, max-video-preview:-1\" \/>\n<link rel=\"canonical\" href=\"https:\/\/www.anovapeneira.gal\/index.php\/2023\/05\/12\/queremos-ser-unha-autonomia-do-estado-espanol\/\" \/>\n<meta property=\"og:locale\" content=\"gl_ES\" \/>\n<meta property=\"og:type\" content=\"article\" \/>\n<meta property=\"og:title\" content=\"Queremos ser unha autonom\u00eda do estado espa\u00f1ol? -\" \/>\n<meta property=\"og:description\" content=\"O anuncio da disoluci\u00f3n de Causa Galiza f\u00edxome reflexionar sobre o espazo independentista galego [...]\" \/>\n<meta property=\"og:url\" content=\"https:\/\/www.anovapeneira.gal\/index.php\/2023\/05\/12\/queremos-ser-unha-autonomia-do-estado-espanol\/\" \/>\n<meta property=\"article:publisher\" content=\"https:\/\/www.facebook.com\/anovapeneira\" \/>\n<meta property=\"article:published_time\" content=\"2023-05-12T10:00:37+00:00\" \/>\n<meta property=\"og:image\" content=\"https:\/\/www.anovapeneira.gal\/wp-content\/uploads\/2019\/07\/ARTIGO_DE_OPINION_A_NOVA_PENEIRA.jpg\" \/>\n\t<meta property=\"og:image:width\" content=\"720\" \/>\n\t<meta property=\"og:image:height\" content=\"473\" \/>\n\t<meta property=\"og:image:type\" content=\"image\/jpeg\" \/>\n<meta name=\"author\" content=\"Pedro M. Cortegoso Gago\" \/>\n<meta name=\"twitter:card\" content=\"summary_large_image\" \/>\n<meta name=\"twitter:image\" content=\"https:\/\/www.anovapeneira.gal\/wp-content\/uploads\/2019\/07\/ARTIGO_DE_OPINION_A_NOVA_PENEIRA.jpg\" \/>\n<meta name=\"twitter:creator\" content=\"@APeneira\" \/>\n<meta name=\"twitter:site\" content=\"@APeneira\" \/>\n<meta name=\"twitter:label1\" content=\"Escrito por\" \/>\n\t<meta name=\"twitter:data1\" content=\"Pedro M. Cortegoso Gago\" \/>\n\t<meta name=\"twitter:label2\" content=\"Tempo de lectura\" \/>\n\t<meta name=\"twitter:data2\" content=\"4 minutos\" \/>\n<script type=\"application\/ld+json\" class=\"yoast-schema-graph\">{\"@context\":\"https:\\\/\\\/schema.org\",\"@graph\":[{\"@type\":\"Article\",\"@id\":\"https:\\\/\\\/www.anovapeneira.gal\\\/index.php\\\/2023\\\/05\\\/12\\\/queremos-ser-unha-autonomia-do-estado-espanol\\\/#article\",\"isPartOf\":{\"@id\":\"https:\\\/\\\/www.anovapeneira.gal\\\/index.php\\\/2023\\\/05\\\/12\\\/queremos-ser-unha-autonomia-do-estado-espanol\\\/\"},\"author\":{\"name\":\"Pedro M. Cortegoso Gago\",\"@id\":\"https:\\\/\\\/www.anovapeneira.gal\\\/#\\\/schema\\\/person\\\/c04a9c9f722c9446e71ae434c0353337\"},\"headline\":\"Queremos ser unha autonom\u00eda do estado espa\u00f1ol?\",\"datePublished\":\"2023-05-12T10:00:37+00:00\",\"mainEntityOfPage\":{\"@id\":\"https:\\\/\\\/www.anovapeneira.gal\\\/index.php\\\/2023\\\/05\\\/12\\\/queremos-ser-unha-autonomia-do-estado-espanol\\\/\"},\"wordCount\":748,\"commentCount\":0,\"publisher\":{\"@id\":\"https:\\\/\\\/www.anovapeneira.gal\\\/#organization\"},\"image\":{\"@id\":\"https:\\\/\\\/www.anovapeneira.gal\\\/index.php\\\/2023\\\/05\\\/12\\\/queremos-ser-unha-autonomia-do-estado-espanol\\\/#primaryimage\"},\"thumbnailUrl\":\"https:\\\/\\\/www.anovapeneira.gal\\\/wp-content\\\/uploads\\\/2019\\\/07\\\/ARTIGO_DE_OPINION_A_NOVA_PENEIRA.jpg\",\"articleSection\":[\"Artigos de opini\u00f3n\"],\"inLanguage\":\"gl-ES\",\"potentialAction\":[{\"@type\":\"CommentAction\",\"name\":\"Comment\",\"target\":[\"https:\\\/\\\/www.anovapeneira.gal\\\/index.php\\\/2023\\\/05\\\/12\\\/queremos-ser-unha-autonomia-do-estado-espanol\\\/#respond\"]}]},{\"@type\":\"WebPage\",\"@id\":\"https:\\\/\\\/www.anovapeneira.gal\\\/index.php\\\/2023\\\/05\\\/12\\\/queremos-ser-unha-autonomia-do-estado-espanol\\\/\",\"url\":\"https:\\\/\\\/www.anovapeneira.gal\\\/index.php\\\/2023\\\/05\\\/12\\\/queremos-ser-unha-autonomia-do-estado-espanol\\\/\",\"name\":\"Queremos ser unha autonom\u00eda do estado espa\u00f1ol? -\",\"isPartOf\":{\"@id\":\"https:\\\/\\\/www.anovapeneira.gal\\\/#website\"},\"primaryImageOfPage\":{\"@id\":\"https:\\\/\\\/www.anovapeneira.gal\\\/index.php\\\/2023\\\/05\\\/12\\\/queremos-ser-unha-autonomia-do-estado-espanol\\\/#primaryimage\"},\"image\":{\"@id\":\"https:\\\/\\\/www.anovapeneira.gal\\\/index.php\\\/2023\\\/05\\\/12\\\/queremos-ser-unha-autonomia-do-estado-espanol\\\/#primaryimage\"},\"thumbnailUrl\":\"https:\\\/\\\/www.anovapeneira.gal\\\/wp-content\\\/uploads\\\/2019\\\/07\\\/ARTIGO_DE_OPINION_A_NOVA_PENEIRA.jpg\",\"datePublished\":\"2023-05-12T10:00:37+00:00\",\"breadcrumb\":{\"@id\":\"https:\\\/\\\/www.anovapeneira.gal\\\/index.php\\\/2023\\\/05\\\/12\\\/queremos-ser-unha-autonomia-do-estado-espanol\\\/#breadcrumb\"},\"inLanguage\":\"gl-ES\",\"potentialAction\":[{\"@type\":\"ReadAction\",\"target\":[\"https:\\\/\\\/www.anovapeneira.gal\\\/index.php\\\/2023\\\/05\\\/12\\\/queremos-ser-unha-autonomia-do-estado-espanol\\\/\"]}]},{\"@type\":\"ImageObject\",\"inLanguage\":\"gl-ES\",\"@id\":\"https:\\\/\\\/www.anovapeneira.gal\\\/index.php\\\/2023\\\/05\\\/12\\\/queremos-ser-unha-autonomia-do-estado-espanol\\\/#primaryimage\",\"url\":\"https:\\\/\\\/www.anovapeneira.gal\\\/wp-content\\\/uploads\\\/2019\\\/07\\\/ARTIGO_DE_OPINION_A_NOVA_PENEIRA.jpg\",\"contentUrl\":\"https:\\\/\\\/www.anovapeneira.gal\\\/wp-content\\\/uploads\\\/2019\\\/07\\\/ARTIGO_DE_OPINION_A_NOVA_PENEIRA.jpg\",\"width\":720,\"height\":473,\"caption\":\"Artigo de opini\u00f3n A Nova Peneira\"},{\"@type\":\"BreadcrumbList\",\"@id\":\"https:\\\/\\\/www.anovapeneira.gal\\\/index.php\\\/2023\\\/05\\\/12\\\/queremos-ser-unha-autonomia-do-estado-espanol\\\/#breadcrumb\",\"itemListElement\":[{\"@type\":\"ListItem\",\"position\":1,\"name\":\"Portada\",\"item\":\"https:\\\/\\\/www.anovapeneira.gal\\\/\"},{\"@type\":\"ListItem\",\"position\":2,\"name\":\"Queremos ser unha autonom\u00eda do estado espa\u00f1ol?\"}]},{\"@type\":\"WebSite\",\"@id\":\"https:\\\/\\\/www.anovapeneira.gal\\\/#website\",\"url\":\"https:\\\/\\\/www.anovapeneira.gal\\\/\",\"name\":\"\",\"description\":\"Xornal galego de informaci\u00f3n xeral Publicaci\u00f3n mensual de novas de Galicia e en especial dos Concellos da sur da provincia de Pontevedra.\",\"publisher\":{\"@id\":\"https:\\\/\\\/www.anovapeneira.gal\\\/#organization\"},\"potentialAction\":[{\"@type\":\"SearchAction\",\"target\":{\"@type\":\"EntryPoint\",\"urlTemplate\":\"https:\\\/\\\/www.anovapeneira.gal\\\/?s={search_term_string}\"},\"query-input\":{\"@type\":\"PropertyValueSpecification\",\"valueRequired\":true,\"valueName\":\"search_term_string\"}}],\"inLanguage\":\"gl-ES\"},{\"@type\":\"Organization\",\"@id\":\"https:\\\/\\\/www.anovapeneira.gal\\\/#organization\",\"name\":\"A Nova Peneira\",\"url\":\"https:\\\/\\\/www.anovapeneira.gal\\\/\",\"logo\":{\"@type\":\"ImageObject\",\"inLanguage\":\"gl-ES\",\"@id\":\"https:\\\/\\\/www.anovapeneira.gal\\\/#\\\/schema\\\/logo\\\/image\\\/\",\"url\":\"http:\\\/\\\/www.anovapeneira.gal\\\/wp-content\\\/uploads\\\/2019\\\/06\\\/logo_a_nova_peneira_portal_web.png\",\"contentUrl\":\"http:\\\/\\\/www.anovapeneira.gal\\\/wp-content\\\/uploads\\\/2019\\\/06\\\/logo_a_nova_peneira_portal_web.png\",\"width\":300,\"height\":100,\"caption\":\"A Nova Peneira\"},\"image\":{\"@id\":\"https:\\\/\\\/www.anovapeneira.gal\\\/#\\\/schema\\\/logo\\\/image\\\/\"},\"sameAs\":[\"https:\\\/\\\/www.facebook.com\\\/anovapeneira\",\"https:\\\/\\\/x.com\\\/APeneira\"]},{\"@type\":\"Person\",\"@id\":\"https:\\\/\\\/www.anovapeneira.gal\\\/#\\\/schema\\\/person\\\/c04a9c9f722c9446e71ae434c0353337\",\"name\":\"Pedro M. Cortegoso Gago\",\"image\":{\"@type\":\"ImageObject\",\"inLanguage\":\"gl-ES\",\"@id\":\"https:\\\/\\\/secure.gravatar.com\\\/avatar\\\/1613b27278a972c04db5c2f04fb2cbfa9edb58d6c3e2547817ecb8240eb58381?s=96&d=mm&r=g\",\"url\":\"https:\\\/\\\/secure.gravatar.com\\\/avatar\\\/1613b27278a972c04db5c2f04fb2cbfa9edb58d6c3e2547817ecb8240eb58381?s=96&d=mm&r=g\",\"contentUrl\":\"https:\\\/\\\/secure.gravatar.com\\\/avatar\\\/1613b27278a972c04db5c2f04fb2cbfa9edb58d6c3e2547817ecb8240eb58381?s=96&d=mm&r=g\",\"caption\":\"Pedro M. Cortegoso Gago\"},\"sameAs\":[\"http:\\\/\\\/anovapeneira.gal\"],\"url\":\"https:\\\/\\\/www.anovapeneira.gal\\\/index.php\\\/author\\\/opinionpcortegoso\\\/\"}]}<\/script>\n<!-- \/ Yoast SEO plugin. -->","yoast_head_json":{"title":"Queremos ser unha autonom\u00eda do estado espa\u00f1ol? -","robots":{"index":"index","follow":"follow","max-snippet":"max-snippet:-1","max-image-preview":"max-image-preview:large","max-video-preview":"max-video-preview:-1"},"canonical":"https:\/\/www.anovapeneira.gal\/index.php\/2023\/05\/12\/queremos-ser-unha-autonomia-do-estado-espanol\/","og_locale":"gl_ES","og_type":"article","og_title":"Queremos ser unha autonom\u00eda do estado espa\u00f1ol? -","og_description":"O anuncio da disoluci\u00f3n de Causa Galiza f\u00edxome reflexionar sobre o espazo independentista galego [...]","og_url":"https:\/\/www.anovapeneira.gal\/index.php\/2023\/05\/12\/queremos-ser-unha-autonomia-do-estado-espanol\/","article_publisher":"https:\/\/www.facebook.com\/anovapeneira","article_published_time":"2023-05-12T10:00:37+00:00","og_image":[{"width":720,"height":473,"url":"https:\/\/www.anovapeneira.gal\/wp-content\/uploads\/2019\/07\/ARTIGO_DE_OPINION_A_NOVA_PENEIRA.jpg","type":"image\/jpeg"}],"author":"Pedro M. Cortegoso Gago","twitter_card":"summary_large_image","twitter_image":"https:\/\/www.anovapeneira.gal\/wp-content\/uploads\/2019\/07\/ARTIGO_DE_OPINION_A_NOVA_PENEIRA.jpg","twitter_creator":"@APeneira","twitter_site":"@APeneira","twitter_misc":{"Escrito por":"Pedro M. Cortegoso Gago","Tempo de lectura":"4 minutos"},"schema":{"@context":"https:\/\/schema.org","@graph":[{"@type":"Article","@id":"https:\/\/www.anovapeneira.gal\/index.php\/2023\/05\/12\/queremos-ser-unha-autonomia-do-estado-espanol\/#article","isPartOf":{"@id":"https:\/\/www.anovapeneira.gal\/index.php\/2023\/05\/12\/queremos-ser-unha-autonomia-do-estado-espanol\/"},"author":{"name":"Pedro M. Cortegoso Gago","@id":"https:\/\/www.anovapeneira.gal\/#\/schema\/person\/c04a9c9f722c9446e71ae434c0353337"},"headline":"Queremos ser unha autonom\u00eda do estado espa\u00f1ol?","datePublished":"2023-05-12T10:00:37+00:00","mainEntityOfPage":{"@id":"https:\/\/www.anovapeneira.gal\/index.php\/2023\/05\/12\/queremos-ser-unha-autonomia-do-estado-espanol\/"},"wordCount":748,"commentCount":0,"publisher":{"@id":"https:\/\/www.anovapeneira.gal\/#organization"},"image":{"@id":"https:\/\/www.anovapeneira.gal\/index.php\/2023\/05\/12\/queremos-ser-unha-autonomia-do-estado-espanol\/#primaryimage"},"thumbnailUrl":"https:\/\/www.anovapeneira.gal\/wp-content\/uploads\/2019\/07\/ARTIGO_DE_OPINION_A_NOVA_PENEIRA.jpg","articleSection":["Artigos de opini\u00f3n"],"inLanguage":"gl-ES","potentialAction":[{"@type":"CommentAction","name":"Comment","target":["https:\/\/www.anovapeneira.gal\/index.php\/2023\/05\/12\/queremos-ser-unha-autonomia-do-estado-espanol\/#respond"]}]},{"@type":"WebPage","@id":"https:\/\/www.anovapeneira.gal\/index.php\/2023\/05\/12\/queremos-ser-unha-autonomia-do-estado-espanol\/","url":"https:\/\/www.anovapeneira.gal\/index.php\/2023\/05\/12\/queremos-ser-unha-autonomia-do-estado-espanol\/","name":"Queremos ser unha autonom\u00eda do estado espa\u00f1ol? -","isPartOf":{"@id":"https:\/\/www.anovapeneira.gal\/#website"},"primaryImageOfPage":{"@id":"https:\/\/www.anovapeneira.gal\/index.php\/2023\/05\/12\/queremos-ser-unha-autonomia-do-estado-espanol\/#primaryimage"},"image":{"@id":"https:\/\/www.anovapeneira.gal\/index.php\/2023\/05\/12\/queremos-ser-unha-autonomia-do-estado-espanol\/#primaryimage"},"thumbnailUrl":"https:\/\/www.anovapeneira.gal\/wp-content\/uploads\/2019\/07\/ARTIGO_DE_OPINION_A_NOVA_PENEIRA.jpg","datePublished":"2023-05-12T10:00:37+00:00","breadcrumb":{"@id":"https:\/\/www.anovapeneira.gal\/index.php\/2023\/05\/12\/queremos-ser-unha-autonomia-do-estado-espanol\/#breadcrumb"},"inLanguage":"gl-ES","potentialAction":[{"@type":"ReadAction","target":["https:\/\/www.anovapeneira.gal\/index.php\/2023\/05\/12\/queremos-ser-unha-autonomia-do-estado-espanol\/"]}]},{"@type":"ImageObject","inLanguage":"gl-ES","@id":"https:\/\/www.anovapeneira.gal\/index.php\/2023\/05\/12\/queremos-ser-unha-autonomia-do-estado-espanol\/#primaryimage","url":"https:\/\/www.anovapeneira.gal\/wp-content\/uploads\/2019\/07\/ARTIGO_DE_OPINION_A_NOVA_PENEIRA.jpg","contentUrl":"https:\/\/www.anovapeneira.gal\/wp-content\/uploads\/2019\/07\/ARTIGO_DE_OPINION_A_NOVA_PENEIRA.jpg","width":720,"height":473,"caption":"Artigo de opini\u00f3n A Nova Peneira"},{"@type":"BreadcrumbList","@id":"https:\/\/www.anovapeneira.gal\/index.php\/2023\/05\/12\/queremos-ser-unha-autonomia-do-estado-espanol\/#breadcrumb","itemListElement":[{"@type":"ListItem","position":1,"name":"Portada","item":"https:\/\/www.anovapeneira.gal\/"},{"@type":"ListItem","position":2,"name":"Queremos ser unha autonom\u00eda do estado espa\u00f1ol?"}]},{"@type":"WebSite","@id":"https:\/\/www.anovapeneira.gal\/#website","url":"https:\/\/www.anovapeneira.gal\/","name":"","description":"Xornal galego de informaci\u00f3n xeral Publicaci\u00f3n mensual de novas de Galicia e en especial dos Concellos da sur da provincia de Pontevedra.","publisher":{"@id":"https:\/\/www.anovapeneira.gal\/#organization"},"potentialAction":[{"@type":"SearchAction","target":{"@type":"EntryPoint","urlTemplate":"https:\/\/www.anovapeneira.gal\/?s={search_term_string}"},"query-input":{"@type":"PropertyValueSpecification","valueRequired":true,"valueName":"search_term_string"}}],"inLanguage":"gl-ES"},{"@type":"Organization","@id":"https:\/\/www.anovapeneira.gal\/#organization","name":"A Nova Peneira","url":"https:\/\/www.anovapeneira.gal\/","logo":{"@type":"ImageObject","inLanguage":"gl-ES","@id":"https:\/\/www.anovapeneira.gal\/#\/schema\/logo\/image\/","url":"http:\/\/www.anovapeneira.gal\/wp-content\/uploads\/2019\/06\/logo_a_nova_peneira_portal_web.png","contentUrl":"http:\/\/www.anovapeneira.gal\/wp-content\/uploads\/2019\/06\/logo_a_nova_peneira_portal_web.png","width":300,"height":100,"caption":"A Nova Peneira"},"image":{"@id":"https:\/\/www.anovapeneira.gal\/#\/schema\/logo\/image\/"},"sameAs":["https:\/\/www.facebook.com\/anovapeneira","https:\/\/x.com\/APeneira"]},{"@type":"Person","@id":"https:\/\/www.anovapeneira.gal\/#\/schema\/person\/c04a9c9f722c9446e71ae434c0353337","name":"Pedro M. Cortegoso Gago","image":{"@type":"ImageObject","inLanguage":"gl-ES","@id":"https:\/\/secure.gravatar.com\/avatar\/1613b27278a972c04db5c2f04fb2cbfa9edb58d6c3e2547817ecb8240eb58381?s=96&d=mm&r=g","url":"https:\/\/secure.gravatar.com\/avatar\/1613b27278a972c04db5c2f04fb2cbfa9edb58d6c3e2547817ecb8240eb58381?s=96&d=mm&r=g","contentUrl":"https:\/\/secure.gravatar.com\/avatar\/1613b27278a972c04db5c2f04fb2cbfa9edb58d6c3e2547817ecb8240eb58381?s=96&d=mm&r=g","caption":"Pedro M. Cortegoso Gago"},"sameAs":["http:\/\/anovapeneira.gal"],"url":"https:\/\/www.anovapeneira.gal\/index.php\/author\/opinionpcortegoso\/"}]}},"jetpack_featured_media_url":"https:\/\/www.anovapeneira.gal\/wp-content\/uploads\/2019\/07\/ARTIGO_DE_OPINION_A_NOVA_PENEIRA.jpg","_links":{"self":[{"href":"https:\/\/www.anovapeneira.gal\/index.php\/wp-json\/wp\/v2\/posts\/9709","targetHints":{"allow":["GET"]}}],"collection":[{"href":"https:\/\/www.anovapeneira.gal\/index.php\/wp-json\/wp\/v2\/posts"}],"about":[{"href":"https:\/\/www.anovapeneira.gal\/index.php\/wp-json\/wp\/v2\/types\/post"}],"author":[{"embeddable":true,"href":"https:\/\/www.anovapeneira.gal\/index.php\/wp-json\/wp\/v2\/users\/4"}],"replies":[{"embeddable":true,"href":"https:\/\/www.anovapeneira.gal\/index.php\/wp-json\/wp\/v2\/comments?post=9709"}],"version-history":[{"count":1,"href":"https:\/\/www.anovapeneira.gal\/index.php\/wp-json\/wp\/v2\/posts\/9709\/revisions"}],"predecessor-version":[{"id":9710,"href":"https:\/\/www.anovapeneira.gal\/index.php\/wp-json\/wp\/v2\/posts\/9709\/revisions\/9710"}],"wp:featuredmedia":[{"embeddable":true,"href":"https:\/\/www.anovapeneira.gal\/index.php\/wp-json\/wp\/v2\/media\/584"}],"wp:attachment":[{"href":"https:\/\/www.anovapeneira.gal\/index.php\/wp-json\/wp\/v2\/media?parent=9709"}],"wp:term":[{"taxonomy":"category","embeddable":true,"href":"https:\/\/www.anovapeneira.gal\/index.php\/wp-json\/wp\/v2\/categories?post=9709"},{"taxonomy":"post_tag","embeddable":true,"href":"https:\/\/www.anovapeneira.gal\/index.php\/wp-json\/wp\/v2\/tags?post=9709"}],"curies":[{"name":"wp","href":"https:\/\/api.w.org\/{rel}","templated":true}]}}