{"id":971,"date":"2019-08-21T12:00:40","date_gmt":"2019-08-21T10:00:40","guid":{"rendered":"http:\/\/www.anovapeneira.gal\/?p=971"},"modified":"2019-08-17T18:16:57","modified_gmt":"2019-08-17T16:16:57","slug":"oia-primeiro-concello-do-estado-en-crear-a-concelleria-da-felicidade","status":"publish","type":"post","link":"https:\/\/www.anovapeneira.gal\/index.php\/2019\/08\/21\/oia-primeiro-concello-do-estado-en-crear-a-concelleria-da-felicidade\/","title":{"rendered":"Oia, primeiro Concello do estado en crear a Conceller\u00eda da Felicidade"},"content":{"rendered":"\n<pre class=\"wp-block-verse\"><strong>Miriam Rodr\u00edguez<\/strong><br><\/pre>\n\n\n\n<p><strong>Cristina\nCorrea,<\/strong>\nlicenciada en dereito \u00e9 alcaldesa de Oia polo PP, despois do seu\nprimeiro mandato cunha aritm\u00e9tica moi complexa, nas elecci\u00f3ns de\nmaio recibiu a confianza maioritaria da veci\u00f1anza de Oia, que lle\ndeu a maior\u00eda absoluta.<\/p>\n\n\n\n<p> \u201c<em><strong>A\nparte dos parab\u00e9ns de moita xente, fomos recibindo  moitas\nsuxesti\u00f3ns de f\u00f3ra do concello, incluso p\u00faxose en contacto con n\u00f3s\no Instituto da Felicidade de Copenhague, isto calou fondo, e coido\nque fac\u00eda falla recuperar a ilusi\u00f3n por algo as\u00ed.\u201d<\/strong><\/em><\/p>\n\n\n\n<p><strong>-O\ngoberno local de Oia, ven de p\u00f3r en marcha a concellar\u00eda da\nFelicidade, \u00e9 a primeira concellar\u00eda que se crea no estado espa\u00f1ol.\nSopesa habilitar unha caixa  de suxesti\u00f3ns e constitu\u00edr un consello\nde <a href=\"mailto:sabi@s\">sabi<\/a><a href=\"mailto:sabi@s\">@s<\/a>\npara fomentar iniciativas. Que requisitos hai que ter para integrase\nneste comit\u00e9 e cales son as primeiras medidas e obxectivos que se\nvan levar adiante?<\/strong><\/p>\n\n\n\n<blockquote class=\"wp-block-quote is-layout-flow wp-block-quote-is-layout-flow\"><p><em>Como requisitos, primeiro ser unha persoa positiva e ter vocaci\u00f3n de servizo.<\/em><\/p><\/blockquote>\n\n\n\n<blockquote class=\"wp-block-quote is-layout-flow wp-block-quote-is-layout-flow\"><p><em>Hai varios cometidos: o colectivo dos maiores co problema da soidade, a mocidade coa xesti\u00f3n das s\u00faas emoci\u00f3ns e afrontar os retos da vida, e os pequenos en colaboraci\u00f3n cos colexios.<\/em><\/p><\/blockquote>\n\n\n\n<blockquote class=\"wp-block-quote is-layout-flow wp-block-quote-is-layout-flow\"><p><em>A parte dos parab\u00e9ns de moita xente, fomos recibindo  moitas suxesti\u00f3ns de f\u00f3ra do concello, incluso p\u00faxose en contacto con n\u00f3s o Instituto da Felicidade de Copenhague, isto calou fondo, e coido que fac\u00eda falla a ilusi\u00f3n por algo as\u00ed.<\/em><\/p><\/blockquote>\n\n\n\n<blockquote class=\"wp-block-quote is-layout-flow wp-block-quote-is-layout-flow\"><p><em>Tomando como exemplo unha das suxesti\u00f3ns recibidas, vimos de p\u00f3r en marcha no mes de agosto, o corte de tr\u00e1fico na zona do casco vello, para as\u00ed desfrutar da praza da Centinela e o seu entorno.<\/em><\/p><\/blockquote>\n\n\n\n<blockquote class=\"wp-block-quote is-layout-flow wp-block-quote-is-layout-flow\"><p><em>En colaboraci\u00f3n coa asociaci\u00f3n de mulleres rurais, imos programar un encontro da 3\u00aa idade, na que veci\u00f1@s das diferentes parroquias retomen o contacto entre eles.<\/em><\/p><\/blockquote>\n\n\n\n<blockquote class=\"wp-block-quote is-layout-flow wp-block-quote-is-layout-flow\"><p><em>Son pequenos detalles, porque cando se crea a concellar\u00eda da Felicidade, non se fai xa cunha programaci\u00f3n, sen\u00f3n coma un reto e  agora hai que darlle forma e saber cal \u00e9 o estado de \u00e1nimo da xente e as s\u00faas inquedanzas.<\/em><\/p><\/blockquote>\n\n\n\n<p><strong>-O\nconcello de Oia  conta cun gran valor patrimonial, art\u00edstico,\ncultural e medioambiental, vese como aumenta cada vez m\u00e1is o n\u00famero\nde visitantes e peregrinos que se achegan a co\u00f1ecer a s\u00faa riqueza ,\ncomo est\u00e1 repercutindo esta situaci\u00f3n no concello e de que maneira\nse est\u00e1 a potenciar o turismo sost\u00edbel?<\/strong><\/p>\n\n\n\n<blockquote class=\"wp-block-quote is-layout-flow wp-block-quote-is-layout-flow\"><p><em>Cada vez estamos recibindo m\u00e1is visitantes a\u00ednda con todo o que  queda por facer. Hai que darlle unha soluci\u00f3n ao problema do aparcamento para que a xente que ve\u00f1a poida gozar tranquilamente de Oia.<\/em><\/p><\/blockquote>\n\n\n\n<blockquote class=\"wp-block-quote is-layout-flow wp-block-quote-is-layout-flow\"><p><em>Durante estes 4 anos traballamos na sinalizaci\u00f3n do casco vello, e ,activouse plataforma  dixital na que se pode descargar a informaci\u00f3n.<\/em><\/p><\/blockquote>\n\n\n\n<blockquote class=\"wp-block-quote is-layout-flow wp-block-quote-is-layout-flow\"><p> <em>A  Asociaci\u00f3n Costa dos Castros arranxou  as mesas ilustrativas da Ruta M\u00e1xica.<\/em><\/p><\/blockquote>\n\n\n\n<blockquote class=\"wp-block-quote is-layout-flow wp-block-quote-is-layout-flow\"><p><em>Mais, a mi\u00f1a ilusi\u00f3n \u00e9 por en valor os elementos do concello e actividades para que tam\u00e9n o propio pobo co\u00f1eza o que temos.<\/em><\/p><\/blockquote>\n\n\n\n<blockquote class=\"wp-block-quote is-layout-flow wp-block-quote-is-layout-flow\"><p><em>\u00c9 fundamental  recuperar o entorno do petr\u00f3glifo do Barco do R\u00edo Vilar, da man coas comunidades de montes  e da administraci\u00f3n conseguir fondos para potenciar  rutas de sendeirismo, e sinalizar os recursos ( pozo do arco en Burgueira, pozas de Moug\u00e1s, de Loureza, calzadas antigas, etc)<\/em><\/p><\/blockquote>\n\n\n\n<blockquote class=\"wp-block-quote is-layout-flow wp-block-quote-is-layout-flow\"><p><em>Vimos de recibir unha subvenci\u00f3n para p\u00f3r en marcha unha ruta circular que parte do Mosteiro , pasando por Pedornes e volvendo cara Santa Mar\u00eda de Oia.<\/em><\/p><\/blockquote>\n\n\n\n<blockquote class=\"wp-block-quote is-layout-flow wp-block-quote-is-layout-flow\"><p><em>Temos previsto crear unha ruta no monte da Valga cara os mu\u00ed\u00f1os do Cal\u00e1n, e, estamos avanzando na adquisici\u00f3n do terreo do antigo Camping para a posta en valor e acceso \u00e1s  salinas romanas.<\/em><\/p><\/blockquote>\n\n\n\n<p><strong>-A\nfinais de maio&nbsp; o Concello deu a co\u00f1ecer que contaba cun\nconvenio da Xunta de Galicia de 80.000 euros que xunto co remanente\ndo concello investir\u00edase en mellorar o entorno do antigo camping\n&#8220;Pedra Rubia&#8221; para un aproveitamento recreativo. Un terreo&nbsp;\nno entorno dunhas salinas romanas e do cami\u00f1o portugu\u00e9s. En que\nsituaci\u00f3n se atopa este proxecto?<\/strong><\/p>\n\n\n\n<blockquote class=\"wp-block-quote is-layout-flow wp-block-quote-is-layout-flow\"><p><em>Ao concello inter\u00e9salle e ten os recursos para adquirir ese terreo, a nosa posici\u00f3n foi clara.<\/em><\/p><\/blockquote>\n\n\n\n<blockquote class=\"wp-block-quote is-layout-flow wp-block-quote-is-layout-flow\"><p><em>Xa est\u00e1 confirmado, por parte do propietario, de que non vai haber problema. Nos tramitamos a dispo\u00f1ibilidade do remanente (120.000\u20ac)e m\u00e1is o convenio (80.000\u20ac),e agora a propiedade ten que presentar a documentaci\u00f3n para proceder \u00e1 parcelaci\u00f3n.<\/em><\/p><\/blockquote>\n\n\n\n<p><strong>-E\nfalando de valor patrimonial, un dos basti\u00f3ns deste concello, \u00e9 o\nMosteiro de Santa Mar\u00eda  Ben de Interese Cultural. Na actualidade&nbsp;\ncomo se atopa o convenio urban\u00edstico que foi asinado en 2011 que\ndefinir\u00eda o proceso para dar encaixe ao proxecto do mosteiro?<\/strong><\/p>\n\n\n\n<blockquote class=\"wp-block-quote is-layout-flow wp-block-quote-is-layout-flow\"><p><em>Coa  nova lei ese convenio xuridicamente  xa non ten efecto, o importante \u00e9 que por parte do  novo equipo de goberno e do propietario hai vontade para levar o proxecto adiante.<\/em><\/p><\/blockquote>\n\n\n\n<blockquote class=\"wp-block-quote is-layout-flow wp-block-quote-is-layout-flow\"><p><em>Hai que avanzar na modificaci\u00f3n das normas subsidiarias  formulando un procedemento de adaptaci\u00f3n cubrindo as necesidades dos servizos.<\/em><\/p><\/blockquote>\n\n\n\n<p><strong>-Oia\ncomo o resto do pa\u00eds estase a ver afectada pola r\u00e1pida extensi\u00f3n\nda praga da avespa velutina Para combatela o concello ven de\nrepartir&nbsp; trampas, que acollida est\u00e1 tendo esta medida&nbsp; e\ncales est\u00e1n sendo os seus resultados?<\/strong><\/p>\n\n\n\n<blockquote class=\"wp-block-quote is-layout-flow wp-block-quote-is-layout-flow\"><p><em>Repartimos  trampas, posto que \u00e9 un sistema que funciona moi ben, e imos repartir m\u00e1is porque hai tanta avespa velutina agora mesmo que hai que dar unha sa\u00edda \u00e1 praga. D\u00e1moslle prioridade aos apicultores coa problem\u00e1tica que agora tam\u00e9n os ni\u00f1os est\u00e1n na propia terra e iso \u00e9 moi perigoso.<\/em><\/p><\/blockquote>\n\n\n\n<blockquote class=\"wp-block-quote is-layout-flow wp-block-quote-is-layout-flow\"><p><em>Logo no concello temos 2 p\u00e9rtigas  e mercamos produtos para darlle soluci\u00f3n canto antes.<\/em><\/p><\/blockquote>\n\n\n\n<p><strong>-A\ncompostaxe \u00e9 un  m\u00e9todo para xestionar os residuos org\u00e1nicos. \nEst\u00e1 previsto que en 2023 sexa obrigatoria. Como est\u00e1 sendo a\ncampa\u00f1a actual de compostaxe no Concello?<\/strong><\/p>\n\n\n\n<blockquote class=\"wp-block-quote is-layout-flow wp-block-quote-is-layout-flow\"><p><em>Temos instalado un composteiro comunitario no colexio desde o ano pasado, funcionando moi ben, e tam\u00e9n temos outro compartido con varios concellos.<\/em><\/p><\/blockquote>\n\n\n\n<blockquote class=\"wp-block-quote is-layout-flow wp-block-quote-is-layout-flow\"><p><em>Fixemos entrega esta semana pasada de 20 composteiros individuais e temos m\u00e1is preparados para as novas solicitudes, xa que est\u00e1 aberto o prazo at\u00e9 o 31 de agosto.<\/em><\/p><\/blockquote>\n\n\n\n<blockquote class=\"wp-block-quote is-layout-flow wp-block-quote-is-layout-flow\"><p><em>Est\u00e1 solicitada, a s\u00faa vez, a valoraci\u00f3n  para a contrataci\u00f3n dun t\u00e9cnico de medio ambiente para avanzar na concienciaci\u00f3n e de alternativas que se poidan implementar no concello. (punto limpo, recollida de envases lixeiros, recollida de cart\u00f3n que xa non \u00e9 de balde&#8230;.)<\/em><\/p><\/blockquote>\n\n\n\n<p><strong>-Como\npensa que van ser as relaci\u00f3n entre o Concello e a Deputaci\u00f3n de\nPontevedra?<\/strong><\/p>\n\n\n\n<blockquote class=\"wp-block-quote is-layout-flow wp-block-quote-is-layout-flow\"><p><em>Agardo que ben, dentro do respecto institucional, dentro do respecto a Oia, ser\u00e1 rec\u00edproco, atendendo como debe ser a obriga das Deputaci\u00f3ns,  aos pequenos e medianos concellos.<\/em><\/p><\/blockquote>\n\n\n\n<p>&#8211;<strong>As\ndificultades de mobilidade en concellos rurais como o de Oia, poden\nprovocar que baixe o n\u00famero de poboaci\u00f3n nas zonas m\u00e1is afectadas.\nDe que maneira&nbsp; se pode implicar o concello nesta problem\u00e1tica?<\/strong><\/p>\n\n\n\n<blockquote class=\"wp-block-quote is-layout-flow wp-block-quote-is-layout-flow\"><p><em>\u00c9 un tema moi complicado  porque somos poucos habitantes e o servizo de transporte ten un custe.<\/em><\/p><\/blockquote>\n\n\n\n<blockquote class=\"wp-block-quote is-layout-flow wp-block-quote-is-layout-flow\"><p><em>Hai  un plan de transporte que aqu\u00ed entrar\u00e1 en vigor  en novembro e temos unha serie de demandas por parte do concello e hai que buscar un equilibrio.<\/em><\/p><\/blockquote>\n\n\n\n<blockquote class=\"wp-block-quote is-layout-flow wp-block-quote-is-layout-flow\"><p><em>Doado non \u00e9, porque como pasa co servizo actual hai moi pouca dispo\u00f1ibilidade e autobuses (moi grandes), e como consecuencia pouca demanda e non se amortiza o gasto.<\/em><\/p><\/blockquote>\n\n\n\n<blockquote class=\"wp-block-quote is-layout-flow wp-block-quote-is-layout-flow\"><p><em>Temos tam\u00e9n problemas co transporte escolar, pois o alumnado de bacharelato e ciclos non o te\u00f1en subvencionado. No orzamento aprobado en pleno, vai unha axuda aprobado para pais de estudantes en bacharelato para colaborar nos gastos.<\/em><\/p><\/blockquote>\n\n\n\n<p><strong>-O\nglisofato \u00e9 un herbicida que foi cualificado pola Organizaci\u00f3n\nMundial da Sa\u00fade como probablemente cancer\u00edxeno para a sa\u00fade dos\nhumanos. <\/strong><strong>Hai\nunhas semanas volv\u00eda pasar unha camioneta non identificada fumigando\ncon este produto as cunetas de gran parte da comarca do Baixo Mi\u00f1o,\ne , do Concello de Oia. Van impulsar alg\u00fan tipo de medidas para\nimpedir que se volva fumigar este herbicida no concello?<\/strong><\/p>\n\n\n\n<blockquote class=\"wp-block-quote is-layout-flow wp-block-quote-is-layout-flow\"><p><em>Xa est\u00e1 trasladado , neste caso a quen fai a labor de mantemento, que no concello de Oia non queremos que se aplique o glifosfato. Entendemos que o custe \u00e9 bastante maior, pero, este ano entrou por rexistro unha solicitude e non nos dimos de conta, esperamos que vaian buscando soluci\u00f3ns alternativas tam\u00e9n a nivel estatal.<\/em><\/p><\/blockquote>\n\n\n\n<p><strong>O\nConcello de Oia organizou o pasado ano unha visita a Abegondo para\nco\u00f1ecer de primeira man o sistema de depuraci\u00f3n a trav\u00e9s de\nplantas macrofitas ou acu\u00e1ticas. Na s\u00faa opini\u00f3n, este sistema\nser\u00eda o axeitado para as parroquias de Oia?<\/strong><\/p>\n\n\n\n<blockquote class=\"wp-block-quote is-layout-flow wp-block-quote-is-layout-flow\"><p><em>Par\u00e9ceme que \u00e9 unha boa soluci\u00f3n  ecol\u00f3xica e eficiente para determinados n\u00facleos pequenos e illados.<\/em><\/p><\/blockquote>\n\n\n\n<blockquote class=\"wp-block-quote is-layout-flow wp-block-quote-is-layout-flow\"><p><em>Na zona da costa , que xa existe unha parte con saneamento, este sistema non se pode executar, pero en n\u00facleos de pouca poboaci\u00f3n e dispersos e que non exista contaminaci\u00f3n de pluviais.<\/em><\/p><\/blockquote>\n\n\n\n<p><strong>Moitas\ngrazas Cristina<\/strong><\/p>\n","protected":false},"excerpt":{"rendered":"<div class=\"mh-excerpt\"><p>Cristina Correa, licenciada en dereito \u00e9 alcaldesa de Oia polo PP, despois do seu primeiro mandato cunha aritm\u00e9tica moi complexa, nas elecci\u00f3ns de maio recibiu a confianza maioritaria da veci\u00f1anza de Oia, que lle deu a maior\u00eda absoluta <a class=\"mh-excerpt-more\" href=\"https:\/\/www.anovapeneira.gal\/index.php\/2019\/08\/21\/oia-primeiro-concello-do-estado-en-crear-a-concelleria-da-felicidade\/\" title=\"Oia, primeiro Concello do estado en crear a Conceller\u00eda da Felicidade\">[&#8230;]<\/a><\/p>\n<\/div>","protected":false},"author":3,"featured_media":948,"comment_status":"open","ping_status":"open","sticky":false,"template":"","format":"standard","meta":{"_exactmetrics_skip_tracking":false,"_exactmetrics_sitenote_active":false,"_exactmetrics_sitenote_note":"","_exactmetrics_sitenote_category":0,"footnotes":""},"categories":[266],"tags":[457,456,458,459,460,461],"class_list":{"0":"post-971","1":"post","2":"type-post","3":"status-publish","4":"format-standard","5":"has-post-thumbnail","7":"category-baixo-mino-entrevistas","8":"tag-concelleria-da-felicidade","9":"tag-concello-de-oia","10":"tag-mosteiro-de-oia","11":"tag-pozas-de-mougas","12":"tag-pozo-do-arco","13":"tag-rio-vilar"},"yoast_head":"<!-- This site is optimized with the Yoast SEO plugin v27.4 - https:\/\/yoast.com\/product\/yoast-seo-wordpress\/ -->\n<title>Oia, primeiro Concello do estado en crear a Conceller\u00eda da Felicidade -<\/title>\n<meta name=\"robots\" content=\"index, follow, max-snippet:-1, max-image-preview:large, max-video-preview:-1\" \/>\n<link rel=\"canonical\" href=\"https:\/\/www.anovapeneira.gal\/index.php\/2019\/08\/21\/oia-primeiro-concello-do-estado-en-crear-a-concelleria-da-felicidade\/\" \/>\n<meta property=\"og:locale\" content=\"gl_ES\" \/>\n<meta property=\"og:type\" content=\"article\" \/>\n<meta property=\"og:title\" content=\"Oia, primeiro Concello do estado en crear a Conceller\u00eda da Felicidade -\" \/>\n<meta property=\"og:description\" content=\"Cristina Correa, licenciada en dereito \u00e9 alcaldesa de Oia polo PP, despois do seu primeiro mandato cunha aritm\u00e9tica moi complexa, nas elecci\u00f3ns de maio recibiu a confianza maioritaria da veci\u00f1anza de Oia, que lle deu a maior\u00eda absoluta [...]\" \/>\n<meta property=\"og:url\" content=\"https:\/\/www.anovapeneira.gal\/index.php\/2019\/08\/21\/oia-primeiro-concello-do-estado-en-crear-a-concelleria-da-felicidade\/\" \/>\n<meta property=\"article:publisher\" content=\"https:\/\/www.facebook.com\/anovapeneira\" \/>\n<meta property=\"article:published_time\" content=\"2019-08-21T10:00:40+00:00\" \/>\n<meta property=\"og:image\" content=\"https:\/\/www.anovapeneira.gal\/wp-content\/uploads\/2019\/08\/CRISTINA_CORREA_ALCALDESA_DE_OIA_a_nova_peneira.jpg\" \/>\n\t<meta property=\"og:image:width\" content=\"720\" \/>\n\t<meta property=\"og:image:height\" content=\"473\" \/>\n\t<meta property=\"og:image:type\" content=\"image\/jpeg\" \/>\n<meta name=\"author\" content=\"Redacci\u00f3n A Nova Peneira\" \/>\n<meta name=\"twitter:card\" content=\"summary_large_image\" \/>\n<meta name=\"twitter:creator\" content=\"@APeneira\" \/>\n<meta name=\"twitter:site\" content=\"@APeneira\" \/>\n<meta name=\"twitter:label1\" content=\"Escrito por\" \/>\n\t<meta name=\"twitter:data1\" content=\"Redacci\u00f3n A Nova Peneira\" \/>\n\t<meta name=\"twitter:label2\" content=\"Tempo de lectura\" \/>\n\t<meta name=\"twitter:data2\" content=\"8 minutos\" \/>\n<script type=\"application\/ld+json\" class=\"yoast-schema-graph\">{\"@context\":\"https:\\\/\\\/schema.org\",\"@graph\":[{\"@type\":\"Article\",\"@id\":\"https:\\\/\\\/www.anovapeneira.gal\\\/index.php\\\/2019\\\/08\\\/21\\\/oia-primeiro-concello-do-estado-en-crear-a-concelleria-da-felicidade\\\/#article\",\"isPartOf\":{\"@id\":\"https:\\\/\\\/www.anovapeneira.gal\\\/index.php\\\/2019\\\/08\\\/21\\\/oia-primeiro-concello-do-estado-en-crear-a-concelleria-da-felicidade\\\/\"},\"author\":{\"name\":\"Redacci\u00f3n A Nova Peneira\",\"@id\":\"https:\\\/\\\/www.anovapeneira.gal\\\/#\\\/schema\\\/person\\\/b93e3f8932e3f8da96334607eb6ac6aa\"},\"headline\":\"Oia, primeiro Concello do estado en crear a Conceller\u00eda da Felicidade\",\"datePublished\":\"2019-08-21T10:00:40+00:00\",\"mainEntityOfPage\":{\"@id\":\"https:\\\/\\\/www.anovapeneira.gal\\\/index.php\\\/2019\\\/08\\\/21\\\/oia-primeiro-concello-do-estado-en-crear-a-concelleria-da-felicidade\\\/\"},\"wordCount\":1529,\"commentCount\":0,\"publisher\":{\"@id\":\"https:\\\/\\\/www.anovapeneira.gal\\\/#organization\"},\"image\":{\"@id\":\"https:\\\/\\\/www.anovapeneira.gal\\\/index.php\\\/2019\\\/08\\\/21\\\/oia-primeiro-concello-do-estado-en-crear-a-concelleria-da-felicidade\\\/#primaryimage\"},\"thumbnailUrl\":\"https:\\\/\\\/www.anovapeneira.gal\\\/wp-content\\\/uploads\\\/2019\\\/08\\\/CRISTINA_CORREA_ALCALDESA_DE_OIA_a_nova_peneira.jpg\",\"keywords\":[\"Conceller\u00eda da Felicidade\",\"Concello de Oia\",\"Mosteiro de Oia\",\"Pozas de Moug\u00e1s\",\"Pozo do arco\",\"R\u00edo Vilar\"],\"articleSection\":[\"Baixo Mi\u00f1o\"],\"inLanguage\":\"gl-ES\",\"potentialAction\":[{\"@type\":\"CommentAction\",\"name\":\"Comment\",\"target\":[\"https:\\\/\\\/www.anovapeneira.gal\\\/index.php\\\/2019\\\/08\\\/21\\\/oia-primeiro-concello-do-estado-en-crear-a-concelleria-da-felicidade\\\/#respond\"]}]},{\"@type\":\"WebPage\",\"@id\":\"https:\\\/\\\/www.anovapeneira.gal\\\/index.php\\\/2019\\\/08\\\/21\\\/oia-primeiro-concello-do-estado-en-crear-a-concelleria-da-felicidade\\\/\",\"url\":\"https:\\\/\\\/www.anovapeneira.gal\\\/index.php\\\/2019\\\/08\\\/21\\\/oia-primeiro-concello-do-estado-en-crear-a-concelleria-da-felicidade\\\/\",\"name\":\"Oia, primeiro Concello do estado en crear a Conceller\u00eda da Felicidade -\",\"isPartOf\":{\"@id\":\"https:\\\/\\\/www.anovapeneira.gal\\\/#website\"},\"primaryImageOfPage\":{\"@id\":\"https:\\\/\\\/www.anovapeneira.gal\\\/index.php\\\/2019\\\/08\\\/21\\\/oia-primeiro-concello-do-estado-en-crear-a-concelleria-da-felicidade\\\/#primaryimage\"},\"image\":{\"@id\":\"https:\\\/\\\/www.anovapeneira.gal\\\/index.php\\\/2019\\\/08\\\/21\\\/oia-primeiro-concello-do-estado-en-crear-a-concelleria-da-felicidade\\\/#primaryimage\"},\"thumbnailUrl\":\"https:\\\/\\\/www.anovapeneira.gal\\\/wp-content\\\/uploads\\\/2019\\\/08\\\/CRISTINA_CORREA_ALCALDESA_DE_OIA_a_nova_peneira.jpg\",\"datePublished\":\"2019-08-21T10:00:40+00:00\",\"breadcrumb\":{\"@id\":\"https:\\\/\\\/www.anovapeneira.gal\\\/index.php\\\/2019\\\/08\\\/21\\\/oia-primeiro-concello-do-estado-en-crear-a-concelleria-da-felicidade\\\/#breadcrumb\"},\"inLanguage\":\"gl-ES\",\"potentialAction\":[{\"@type\":\"ReadAction\",\"target\":[\"https:\\\/\\\/www.anovapeneira.gal\\\/index.php\\\/2019\\\/08\\\/21\\\/oia-primeiro-concello-do-estado-en-crear-a-concelleria-da-felicidade\\\/\"]}]},{\"@type\":\"ImageObject\",\"inLanguage\":\"gl-ES\",\"@id\":\"https:\\\/\\\/www.anovapeneira.gal\\\/index.php\\\/2019\\\/08\\\/21\\\/oia-primeiro-concello-do-estado-en-crear-a-concelleria-da-felicidade\\\/#primaryimage\",\"url\":\"https:\\\/\\\/www.anovapeneira.gal\\\/wp-content\\\/uploads\\\/2019\\\/08\\\/CRISTINA_CORREA_ALCALDESA_DE_OIA_a_nova_peneira.jpg\",\"contentUrl\":\"https:\\\/\\\/www.anovapeneira.gal\\\/wp-content\\\/uploads\\\/2019\\\/08\\\/CRISTINA_CORREA_ALCALDESA_DE_OIA_a_nova_peneira.jpg\",\"width\":720,\"height\":473,\"caption\":\"Cristina Correa Alcaldesa Concello de Oia A Nova Peneira\"},{\"@type\":\"BreadcrumbList\",\"@id\":\"https:\\\/\\\/www.anovapeneira.gal\\\/index.php\\\/2019\\\/08\\\/21\\\/oia-primeiro-concello-do-estado-en-crear-a-concelleria-da-felicidade\\\/#breadcrumb\",\"itemListElement\":[{\"@type\":\"ListItem\",\"position\":1,\"name\":\"Portada\",\"item\":\"https:\\\/\\\/www.anovapeneira.gal\\\/\"},{\"@type\":\"ListItem\",\"position\":2,\"name\":\"Oia, primeiro Concello do estado en crear a Conceller\u00eda da Felicidade\"}]},{\"@type\":\"WebSite\",\"@id\":\"https:\\\/\\\/www.anovapeneira.gal\\\/#website\",\"url\":\"https:\\\/\\\/www.anovapeneira.gal\\\/\",\"name\":\"\",\"description\":\"Xornal galego de informaci\u00f3n xeral Publicaci\u00f3n mensual de novas de Galicia e en especial dos Concellos da sur da provincia de Pontevedra.\",\"publisher\":{\"@id\":\"https:\\\/\\\/www.anovapeneira.gal\\\/#organization\"},\"potentialAction\":[{\"@type\":\"SearchAction\",\"target\":{\"@type\":\"EntryPoint\",\"urlTemplate\":\"https:\\\/\\\/www.anovapeneira.gal\\\/?s={search_term_string}\"},\"query-input\":{\"@type\":\"PropertyValueSpecification\",\"valueRequired\":true,\"valueName\":\"search_term_string\"}}],\"inLanguage\":\"gl-ES\"},{\"@type\":\"Organization\",\"@id\":\"https:\\\/\\\/www.anovapeneira.gal\\\/#organization\",\"name\":\"A Nova Peneira\",\"url\":\"https:\\\/\\\/www.anovapeneira.gal\\\/\",\"logo\":{\"@type\":\"ImageObject\",\"inLanguage\":\"gl-ES\",\"@id\":\"https:\\\/\\\/www.anovapeneira.gal\\\/#\\\/schema\\\/logo\\\/image\\\/\",\"url\":\"http:\\\/\\\/www.anovapeneira.gal\\\/wp-content\\\/uploads\\\/2019\\\/06\\\/logo_a_nova_peneira_portal_web.png\",\"contentUrl\":\"http:\\\/\\\/www.anovapeneira.gal\\\/wp-content\\\/uploads\\\/2019\\\/06\\\/logo_a_nova_peneira_portal_web.png\",\"width\":300,\"height\":100,\"caption\":\"A Nova Peneira\"},\"image\":{\"@id\":\"https:\\\/\\\/www.anovapeneira.gal\\\/#\\\/schema\\\/logo\\\/image\\\/\"},\"sameAs\":[\"https:\\\/\\\/www.facebook.com\\\/anovapeneira\",\"https:\\\/\\\/x.com\\\/APeneira\"]},{\"@type\":\"Person\",\"@id\":\"https:\\\/\\\/www.anovapeneira.gal\\\/#\\\/schema\\\/person\\\/b93e3f8932e3f8da96334607eb6ac6aa\",\"name\":\"Redacci\u00f3n A Nova Peneira\",\"image\":{\"@type\":\"ImageObject\",\"inLanguage\":\"gl-ES\",\"@id\":\"https:\\\/\\\/secure.gravatar.com\\\/avatar\\\/c052a2551a06e23fac63626232eaa90abd78dbcf1700fc46a2b2c89fd27b735f?s=96&d=mm&r=g\",\"url\":\"https:\\\/\\\/secure.gravatar.com\\\/avatar\\\/c052a2551a06e23fac63626232eaa90abd78dbcf1700fc46a2b2c89fd27b735f?s=96&d=mm&r=g\",\"contentUrl\":\"https:\\\/\\\/secure.gravatar.com\\\/avatar\\\/c052a2551a06e23fac63626232eaa90abd78dbcf1700fc46a2b2c89fd27b735f?s=96&d=mm&r=g\",\"caption\":\"Redacci\u00f3n A Nova Peneira\"},\"sameAs\":[\"http:\\\/\\\/www.anovapeneira.gal\\\/\"],\"url\":\"https:\\\/\\\/www.anovapeneira.gal\\\/index.php\\\/author\\\/redactor\\\/\"}]}<\/script>\n<!-- \/ Yoast SEO plugin. -->","yoast_head_json":{"title":"Oia, primeiro Concello do estado en crear a Conceller\u00eda da Felicidade -","robots":{"index":"index","follow":"follow","max-snippet":"max-snippet:-1","max-image-preview":"max-image-preview:large","max-video-preview":"max-video-preview:-1"},"canonical":"https:\/\/www.anovapeneira.gal\/index.php\/2019\/08\/21\/oia-primeiro-concello-do-estado-en-crear-a-concelleria-da-felicidade\/","og_locale":"gl_ES","og_type":"article","og_title":"Oia, primeiro Concello do estado en crear a Conceller\u00eda da Felicidade -","og_description":"Cristina Correa, licenciada en dereito \u00e9 alcaldesa de Oia polo PP, despois do seu primeiro mandato cunha aritm\u00e9tica moi complexa, nas elecci\u00f3ns de maio recibiu a confianza maioritaria da veci\u00f1anza de Oia, que lle deu a maior\u00eda absoluta [...]","og_url":"https:\/\/www.anovapeneira.gal\/index.php\/2019\/08\/21\/oia-primeiro-concello-do-estado-en-crear-a-concelleria-da-felicidade\/","article_publisher":"https:\/\/www.facebook.com\/anovapeneira","article_published_time":"2019-08-21T10:00:40+00:00","og_image":[{"width":720,"height":473,"url":"https:\/\/www.anovapeneira.gal\/wp-content\/uploads\/2019\/08\/CRISTINA_CORREA_ALCALDESA_DE_OIA_a_nova_peneira.jpg","type":"image\/jpeg"}],"author":"Redacci\u00f3n A Nova Peneira","twitter_card":"summary_large_image","twitter_creator":"@APeneira","twitter_site":"@APeneira","twitter_misc":{"Escrito por":"Redacci\u00f3n A Nova Peneira","Tempo de lectura":"8 minutos"},"schema":{"@context":"https:\/\/schema.org","@graph":[{"@type":"Article","@id":"https:\/\/www.anovapeneira.gal\/index.php\/2019\/08\/21\/oia-primeiro-concello-do-estado-en-crear-a-concelleria-da-felicidade\/#article","isPartOf":{"@id":"https:\/\/www.anovapeneira.gal\/index.php\/2019\/08\/21\/oia-primeiro-concello-do-estado-en-crear-a-concelleria-da-felicidade\/"},"author":{"name":"Redacci\u00f3n A Nova Peneira","@id":"https:\/\/www.anovapeneira.gal\/#\/schema\/person\/b93e3f8932e3f8da96334607eb6ac6aa"},"headline":"Oia, primeiro Concello do estado en crear a Conceller\u00eda da Felicidade","datePublished":"2019-08-21T10:00:40+00:00","mainEntityOfPage":{"@id":"https:\/\/www.anovapeneira.gal\/index.php\/2019\/08\/21\/oia-primeiro-concello-do-estado-en-crear-a-concelleria-da-felicidade\/"},"wordCount":1529,"commentCount":0,"publisher":{"@id":"https:\/\/www.anovapeneira.gal\/#organization"},"image":{"@id":"https:\/\/www.anovapeneira.gal\/index.php\/2019\/08\/21\/oia-primeiro-concello-do-estado-en-crear-a-concelleria-da-felicidade\/#primaryimage"},"thumbnailUrl":"https:\/\/www.anovapeneira.gal\/wp-content\/uploads\/2019\/08\/CRISTINA_CORREA_ALCALDESA_DE_OIA_a_nova_peneira.jpg","keywords":["Conceller\u00eda da Felicidade","Concello de Oia","Mosteiro de Oia","Pozas de Moug\u00e1s","Pozo do arco","R\u00edo Vilar"],"articleSection":["Baixo Mi\u00f1o"],"inLanguage":"gl-ES","potentialAction":[{"@type":"CommentAction","name":"Comment","target":["https:\/\/www.anovapeneira.gal\/index.php\/2019\/08\/21\/oia-primeiro-concello-do-estado-en-crear-a-concelleria-da-felicidade\/#respond"]}]},{"@type":"WebPage","@id":"https:\/\/www.anovapeneira.gal\/index.php\/2019\/08\/21\/oia-primeiro-concello-do-estado-en-crear-a-concelleria-da-felicidade\/","url":"https:\/\/www.anovapeneira.gal\/index.php\/2019\/08\/21\/oia-primeiro-concello-do-estado-en-crear-a-concelleria-da-felicidade\/","name":"Oia, primeiro Concello do estado en crear a Conceller\u00eda da Felicidade -","isPartOf":{"@id":"https:\/\/www.anovapeneira.gal\/#website"},"primaryImageOfPage":{"@id":"https:\/\/www.anovapeneira.gal\/index.php\/2019\/08\/21\/oia-primeiro-concello-do-estado-en-crear-a-concelleria-da-felicidade\/#primaryimage"},"image":{"@id":"https:\/\/www.anovapeneira.gal\/index.php\/2019\/08\/21\/oia-primeiro-concello-do-estado-en-crear-a-concelleria-da-felicidade\/#primaryimage"},"thumbnailUrl":"https:\/\/www.anovapeneira.gal\/wp-content\/uploads\/2019\/08\/CRISTINA_CORREA_ALCALDESA_DE_OIA_a_nova_peneira.jpg","datePublished":"2019-08-21T10:00:40+00:00","breadcrumb":{"@id":"https:\/\/www.anovapeneira.gal\/index.php\/2019\/08\/21\/oia-primeiro-concello-do-estado-en-crear-a-concelleria-da-felicidade\/#breadcrumb"},"inLanguage":"gl-ES","potentialAction":[{"@type":"ReadAction","target":["https:\/\/www.anovapeneira.gal\/index.php\/2019\/08\/21\/oia-primeiro-concello-do-estado-en-crear-a-concelleria-da-felicidade\/"]}]},{"@type":"ImageObject","inLanguage":"gl-ES","@id":"https:\/\/www.anovapeneira.gal\/index.php\/2019\/08\/21\/oia-primeiro-concello-do-estado-en-crear-a-concelleria-da-felicidade\/#primaryimage","url":"https:\/\/www.anovapeneira.gal\/wp-content\/uploads\/2019\/08\/CRISTINA_CORREA_ALCALDESA_DE_OIA_a_nova_peneira.jpg","contentUrl":"https:\/\/www.anovapeneira.gal\/wp-content\/uploads\/2019\/08\/CRISTINA_CORREA_ALCALDESA_DE_OIA_a_nova_peneira.jpg","width":720,"height":473,"caption":"Cristina Correa Alcaldesa Concello de Oia A Nova Peneira"},{"@type":"BreadcrumbList","@id":"https:\/\/www.anovapeneira.gal\/index.php\/2019\/08\/21\/oia-primeiro-concello-do-estado-en-crear-a-concelleria-da-felicidade\/#breadcrumb","itemListElement":[{"@type":"ListItem","position":1,"name":"Portada","item":"https:\/\/www.anovapeneira.gal\/"},{"@type":"ListItem","position":2,"name":"Oia, primeiro Concello do estado en crear a Conceller\u00eda da Felicidade"}]},{"@type":"WebSite","@id":"https:\/\/www.anovapeneira.gal\/#website","url":"https:\/\/www.anovapeneira.gal\/","name":"","description":"Xornal galego de informaci\u00f3n xeral Publicaci\u00f3n mensual de novas de Galicia e en especial dos Concellos da sur da provincia de Pontevedra.","publisher":{"@id":"https:\/\/www.anovapeneira.gal\/#organization"},"potentialAction":[{"@type":"SearchAction","target":{"@type":"EntryPoint","urlTemplate":"https:\/\/www.anovapeneira.gal\/?s={search_term_string}"},"query-input":{"@type":"PropertyValueSpecification","valueRequired":true,"valueName":"search_term_string"}}],"inLanguage":"gl-ES"},{"@type":"Organization","@id":"https:\/\/www.anovapeneira.gal\/#organization","name":"A Nova Peneira","url":"https:\/\/www.anovapeneira.gal\/","logo":{"@type":"ImageObject","inLanguage":"gl-ES","@id":"https:\/\/www.anovapeneira.gal\/#\/schema\/logo\/image\/","url":"http:\/\/www.anovapeneira.gal\/wp-content\/uploads\/2019\/06\/logo_a_nova_peneira_portal_web.png","contentUrl":"http:\/\/www.anovapeneira.gal\/wp-content\/uploads\/2019\/06\/logo_a_nova_peneira_portal_web.png","width":300,"height":100,"caption":"A Nova Peneira"},"image":{"@id":"https:\/\/www.anovapeneira.gal\/#\/schema\/logo\/image\/"},"sameAs":["https:\/\/www.facebook.com\/anovapeneira","https:\/\/x.com\/APeneira"]},{"@type":"Person","@id":"https:\/\/www.anovapeneira.gal\/#\/schema\/person\/b93e3f8932e3f8da96334607eb6ac6aa","name":"Redacci\u00f3n A Nova Peneira","image":{"@type":"ImageObject","inLanguage":"gl-ES","@id":"https:\/\/secure.gravatar.com\/avatar\/c052a2551a06e23fac63626232eaa90abd78dbcf1700fc46a2b2c89fd27b735f?s=96&d=mm&r=g","url":"https:\/\/secure.gravatar.com\/avatar\/c052a2551a06e23fac63626232eaa90abd78dbcf1700fc46a2b2c89fd27b735f?s=96&d=mm&r=g","contentUrl":"https:\/\/secure.gravatar.com\/avatar\/c052a2551a06e23fac63626232eaa90abd78dbcf1700fc46a2b2c89fd27b735f?s=96&d=mm&r=g","caption":"Redacci\u00f3n A Nova Peneira"},"sameAs":["http:\/\/www.anovapeneira.gal\/"],"url":"https:\/\/www.anovapeneira.gal\/index.php\/author\/redactor\/"}]}},"jetpack_featured_media_url":"https:\/\/www.anovapeneira.gal\/wp-content\/uploads\/2019\/08\/CRISTINA_CORREA_ALCALDESA_DE_OIA_a_nova_peneira.jpg","_links":{"self":[{"href":"https:\/\/www.anovapeneira.gal\/index.php\/wp-json\/wp\/v2\/posts\/971","targetHints":{"allow":["GET"]}}],"collection":[{"href":"https:\/\/www.anovapeneira.gal\/index.php\/wp-json\/wp\/v2\/posts"}],"about":[{"href":"https:\/\/www.anovapeneira.gal\/index.php\/wp-json\/wp\/v2\/types\/post"}],"author":[{"embeddable":true,"href":"https:\/\/www.anovapeneira.gal\/index.php\/wp-json\/wp\/v2\/users\/3"}],"replies":[{"embeddable":true,"href":"https:\/\/www.anovapeneira.gal\/index.php\/wp-json\/wp\/v2\/comments?post=971"}],"version-history":[{"count":1,"href":"https:\/\/www.anovapeneira.gal\/index.php\/wp-json\/wp\/v2\/posts\/971\/revisions"}],"predecessor-version":[{"id":972,"href":"https:\/\/www.anovapeneira.gal\/index.php\/wp-json\/wp\/v2\/posts\/971\/revisions\/972"}],"wp:featuredmedia":[{"embeddable":true,"href":"https:\/\/www.anovapeneira.gal\/index.php\/wp-json\/wp\/v2\/media\/948"}],"wp:attachment":[{"href":"https:\/\/www.anovapeneira.gal\/index.php\/wp-json\/wp\/v2\/media?parent=971"}],"wp:term":[{"taxonomy":"category","embeddable":true,"href":"https:\/\/www.anovapeneira.gal\/index.php\/wp-json\/wp\/v2\/categories?post=971"},{"taxonomy":"post_tag","embeddable":true,"href":"https:\/\/www.anovapeneira.gal\/index.php\/wp-json\/wp\/v2\/tags?post=971"}],"curies":[{"name":"wp","href":"https:\/\/api.w.org\/{rel}","templated":true}]}}