{"id":9713,"date":"2023-05-15T10:00:23","date_gmt":"2023-05-15T08:00:23","guid":{"rendered":"https:\/\/www.anovapeneira.gal\/?p=9713"},"modified":"2023-05-10T13:52:26","modified_gmt":"2023-05-10T11:52:26","slug":"radiografia-politica-dos-34-concellos-da-area-de-influencia-de-a-nova-peneira-ante-as-eleccions-municipais-do-28-m","status":"publish","type":"post","link":"https:\/\/www.anovapeneira.gal\/index.php\/2023\/05\/15\/radiografia-politica-dos-34-concellos-da-area-de-influencia-de-a-nova-peneira-ante-as-eleccions-municipais-do-28-m\/","title":{"rendered":"Radiograf\u00eda pol\u00edtica dos 34 concellos da \u00e1rea de influencia de A Nova Peneira ante as elecci\u00f3ns municipais do 28 M"},"content":{"rendered":"\n<pre class=\"wp-block-verse\">Tino Lago.<\/pre>\n\n\n\n<p>Neste traballo ofrec\u00e9moslle a situaci\u00f3n aritm\u00e9tica actual das 34 corporaci\u00f3ns municipais dos concellos da nosa \u00e1rea de influencia e un prognostico do que pensamos pode acontecer nas elecci\u00f3ns municipais do 28 M en cada concello, sustentado nunha breve an\u00e1lise razoada das circunstancias pol\u00edticas deste mandato, e da nosa valoraci\u00f3n das mesmas.<\/p>\n\n\n\n<h2 class=\"wp-block-heading\">VIGO<\/h2>\n\n\n\n<p>Alcalde actual: Abel Caballero PSOE<\/p>\n\n\n\n<p>Progn\u00f3stico 28 M : Sen cambio<\/p>\n\n\n\n<p>Corporaci\u00f3n actual:<\/p>\n\n\n\n<p>PSOE- 20<\/p>\n\n\n\n<p>PP-5<\/p>\n\n\n\n<p>MAREA DE VIGO -2<\/p>\n\n\n\n<p>BNG -1<\/p>\n\n\n\n<p>Non parece que en Vigo vaia acontecer nada que resulte significativo. O alcalde a\u00ednda non semella sufrir un desgaste relevante e, malia o conflito coa veci\u00f1anza de Vigo centro, polas molestias que lles ocasiona o peculiar nadal da nosa cidade, ou coas parroquias de Bembrive e Beade , pola estrada proxectada, semella que o descenso en votos e apoios vai ser moi pequeno.<\/p>\n\n\n\n<p>Supo\u00f1o que perder\u00e1 algo que recoller\u00e1 o PP, pero non m\u00e1is dun ou dous asentos ao sumo. Por outra parte na esquerda do PSOE todo apunta a que o BNG subir\u00e1 e que a Marea de Vigo baixar\u00e1. Pode inverterse a situaci\u00f3n actual de 1( Bng)-2 ( Marea) a 2 ( Bng) 1 ( Marea), ou o que parece menos probable pero non de todo imposible \u00e9 que o Bloque acade eses 3 asentos coa conseguinte desaparici\u00f3n da forza que novamente liderar\u00e1 Rub\u00e9n P\u00e9rez.<\/p>\n\n\n\n<hr class=\"wp-block-separator has-alpha-channel-opacity\"\/>\n\n\n\n<h2 class=\"wp-block-heading\">Comarca de Redondela<\/h2>\n\n\n\n<h2 class=\"wp-block-heading\">Redondela<\/h2>\n\n\n\n<p>Alcaldesa actual Digna Rivas PSOE<\/p>\n\n\n\n<p>Progn\u00f3stico 28 M: Sen cambio<\/p>\n\n\n\n<p>Corporaci\u00f3n actual:<\/p>\n\n\n\n<p>PP- 9<\/p>\n\n\n\n<p>PSOE- 7<\/p>\n\n\n\n<p>AER- 3<\/p>\n\n\n\n<p>BNG- 2<\/p>\n\n\n\n<p>A volta de Javier Bas a liderar a candidatura popular abre unha porta \u00e1 esperanza para os conservadores redondel\u00e1ns , de recuperar a alcald\u00eda, malia que a posibilidade de que iso aconteza \u00e9 moi pequena, non de todo imposible pero moi pouco probable.<\/p>\n\n\n\n<p>Digna Rivas perder\u00eda a alcald\u00eda de Redondela se o PP logra a maior\u00eda absoluta dos votos, algo realmente dif\u00edcil, nunca na historia o logrou, e nada indica que agora o vaia lograr. Na corporaci\u00f3n actual o PP ten 9 asentos, o 9 pelado, quedou moito m\u00e1is cerca do 8 que de chegar ao 10.E a maior\u00eda absoluta est\u00e1 en 11. Javier Bas presentouse a 3 elecci\u00f3ns, liderando a candidatura popular. No 2011, o seu mellor resultado, acada o 41,57% dos votos, no 2015 o 37,95% e no 2019 o 37,32%. Para lograr a maior\u00eda absoluta, a m\u00e1xica cifra de 11 actas, ter\u00eda que p\u00f3rse en n\u00fameros de arredor do 46%. Non \u00e9 posible. A esquerda en Redondela ten un voto moi fiel e parece inverosimil que os populares aspiren a unha suba de arredor de 9 puntos.<\/p>\n\n\n\n<p>Agora ben, hai outra posibilidade de cambio electoral que \u00e9 moi dif\u00edcil pero non imposible. Vexamos cal \u00e9: Ningu\u00e9n discute que os nacionalistas do BNG van obter unha moi importante suba que probablemente lles achegue aos seus m\u00e1ximos hist\u00f3ricos. Esta situaci\u00f3n pode que vaia en paralelo a unha relevante baixada de AER. Pero non creo que esta presumible baixada chegue a facelos desaparecer do concello. Pasar de 3 a 0 \u00e9 moi complicado. E os representantes de AER anunciaron nas nosas p\u00e1xinas que en ning\u00fan caso apoiar\u00edan a reelecci\u00f3n de Digna Rivas. Se novamente a representaci\u00f3n que poida obter AER, se a obt\u00e9n, resulta decisiva na elecci\u00f3n de alcalde\/esa, \u00e1brese un escenario de dif\u00edcil sa\u00edda onde todo ser\u00eda posible, desde un novo candidato\/a do PSOE ata unha alcald\u00eda do BNG ou ata a volta de Javier Bas.<\/p>\n\n\n\n<h2 class=\"wp-block-heading\">Pazos De Borb\u00e9n<\/h2>\n\n\n\n<p>Alcalde Actual Andr\u00e9s Iglesias PP<\/p>\n\n\n\n<p>Progn\u00f3stico 28 M :Novo alcalde Luciano Otero Alternativa Veci\u00f1al<\/p>\n\n\n\n<p>Corporaci\u00f3n actual:<\/p>\n\n\n\n<p>PP- 6<\/p>\n\n\n\n<p>Alternativa veci\u00f1al- 3<\/p>\n\n\n\n<p>C\u00b4s- 2<\/p>\n\n\n\n<p>O PP tivo , por ser elegante, unha sorte inmensa en ter conservado esta alcald\u00eda en 2019. F\u00edxoo por moi poucos votos, favorecido pola friki candidatura que, baixo a marca de Ciudadanos, presentaba ao ex alcalde Conde como candidato a desbancar a Andr\u00e9s Iglesias e despois dunha serie de empadroamentos misteriosos que en determinados puntos do concello se produciron a \u00faltima hora.<\/p>\n\n\n\n<p>Desta volta non vai haber friki candidatura e imaxino que o asunto do censo estar\u00e1 m\u00e1is controlado polas forzas da oposici\u00f3n, polo tanto non me quero imaxinar outra hip\u00f3tese que non sexa a derrota, por fin, do p\u00e9simo goberno popular que ten a este concello sumido no desleixo e no atraso.<\/p>\n\n\n\n<p>Todo apunta a unha nova maior\u00eda alternativa, presumiblemente liderada por Luciano Otero de Alternativa Veci\u00f1al acompa\u00f1ados pola case segura entrada dos nacionalistas do BNG liderados polo veci\u00f1o do Pousi\u00f1o Xurxo Pardo.<\/p>\n\n\n\n<p>O Psoe presenta un novo candidato.Ch\u00e1mase Anselmo T\u00e1boas e \u00e9 de Nespereira, lidera unha lista con varios independentes nas s\u00faas ringleiras que \u00e9 toda unha inc\u00f3gnita o resultado que poida ter.<\/p>\n\n\n\n<h2 class=\"wp-block-heading\">Fornelos de Montes<\/h2>\n\n\n\n<p>Alcalde actual Emiliano Lage PSOE<\/p>\n\n\n\n<p>Progn\u00f3stico 28 M : Sen cambio<\/p>\n\n\n\n<p>Corporaci\u00f3n actual:<\/p>\n\n\n\n<p>PSOE- 7<\/p>\n\n\n\n<p>PP- 1<\/p>\n\n\n\n<p>BNG- 1<\/p>\n\n\n\n<p>Este concello permanecer\u00e1 inamovible , o goberno do PSOE , comandado por o alcalde Emiliano Lage ten as rendas do concello collidas con pu\u00f1o de ferro. S\u00f3 o BNG na persoa da s\u00faa \u00fanica concelleira , a veci\u00f1a de Traspielas Mila Casal, fai oposici\u00f3n pois os distintos concelleiros do PP nos \u00faltimos mandatos exercen moi dignamente o seu papel de procesi\u00f3n dos caladi\u00f1os. E atrev\u00e9monos a prognosticar un resultado id\u00e9ntico ao do 2019.<\/p>\n\n\n\n<h2 class=\"wp-block-heading\">Soutomaior<\/h2>\n\n\n\n<p>Alcalde actual : Agust\u00edn Reguera PP<\/p>\n\n\n\n<p>Progn\u00f3stico 28 M : Novo alcalde Manuel Lourenzo BNG<\/p>\n\n\n\n<p>Corporaci\u00f3n actual:<\/p>\n\n\n\n<p>PP- 7<\/p>\n\n\n\n<p>BNG- 6<\/p>\n\n\n\n<p>Este \u00e9 outro dos concellos nos que o PP tivo a axuda inestimable da deusa Fortuna. S\u00f3 43 votos lle permitiron conservar \u00e1 alcald\u00eda, pois acadou 2050 fronte os 2007 que conseguiu a lista nacionalista que encabezaba o profesor e actual deputado Manuel Lourenzo. Os 286 votos que naquel ano recibiu a lista do PSOE amosan que no concello de Soutomaior hai unha maior\u00eda social que quere cambio. E penso que desta volta esa maior\u00eda vai ser m\u00e1is ampla, pois nestes catro anos a maiores o alcalde Agust\u00edn Reguera e o goberno popular non fixeron outra cousa que acumular m\u00e1is desgaste. A\u00ednda que o resultado vai estar moi axustado, case se pod\u00eda dicir que un empate t\u00e9cnico, apostamos polo cambio e por unha nova alcald\u00eda nacionalista neste concello da comarca de Redondela.<\/p>\n\n\n\n<hr class=\"wp-block-separator has-alpha-channel-opacity\"\/>\n\n\n\n<h2 class=\"wp-block-heading\">Comarca de O Morrazo<\/h2>\n\n\n\n<h2 class=\"wp-block-heading\">Mar\u00edn<\/h2>\n\n\n\n<p>Alcaldesa actual: Mar\u00eda Ramallo PP<\/p>\n\n\n\n<p>Progn\u00f3stico 28 M: Sen cambio<\/p>\n\n\n\n<p>Corporaci\u00f3n actual:<\/p>\n\n\n\n<p>PP- 15<\/p>\n\n\n\n<p>PSOE- 5<\/p>\n\n\n\n<p>BNG- 1<\/p>\n\n\n\n<p>En Mar\u00edn acadou o PP no 2019 unha maior\u00eda abafadora, 15 concelleiros e concelleiras de 21 posibles .\u00c9 certo que a sociolox\u00eda desta vila, colonizada pola escola naval militar, \u00e9 moi conservadora, pero en calquera caso o PP est\u00e1 sobre representado.<\/p>\n\n\n\n<p>No 2019 houbo unha fragmentaci\u00f3n delirante das opci\u00f3ns de esquerdas, pois al\u00e9n do PSOE 4 candidaturas competiron polo mesmo espazo: O BNG que conseguiu 1 representante , Ser de Mar\u00edn ,Marea de Mar\u00edn e Podemos Mar\u00edn. E entre os tres sumaron 1.530 votos que serviron para obter un total de 0 asentos no pleno da corporaci\u00f3n marinense.<\/p>\n\n\n\n<p>Esa situaci\u00f3n xa non vai acontecer. Malia que haber\u00e1 unha candidatura de Vox s\u00f3 o PP, o PSOE e o BNG optan, sendo realistas, a conseguir representaci\u00f3n nas elecci\u00f3ns do 28 M. A sobre representaci\u00f3n do PP acabouse, e asemade perc\u00edbese nas r\u00faas de Mar\u00edn un importante desgaste do actual goberno. A desastrosa pol\u00edtica sanitaria do PP est\u00e1 a obter un nivel elevado de contestaci\u00f3n social tanto en Mar\u00edn como en Seixo, a perda alarmante de poboaci\u00f3n que sofre Mar\u00edn, a nula pol\u00edtica cultural, os graves problemas para atopar aparcamento, a escas\u00edsima conexi\u00f3n de Mar\u00edn co seu mar&#8230; est\u00e1n xerando un movemento de malestar cada vez maior. Presumo que o PP vai conservar a maior\u00eda absoluta pero polos pelos. Asemade parece claro que os nacionalistas van experimentar unha suba notable tanto en votos como en actas que lles pode levar a multiplicar por 5 a s\u00faa representaci\u00f3n e colocar \u00e1 veci\u00f1a de Pardavila Luc\u00eda Santos en disposici\u00f3n realista de ser alcaldesa no 2027.<\/p>\n\n\n\n<h2 class=\"wp-block-heading\">BUEU<\/h2>\n\n\n\n<p>Alcalde actual: F\u00e9lix Juncal BNG<\/p>\n\n\n\n<p>Progn\u00f3stico 28 M: Sen cambio<\/p>\n\n\n\n<p>Corporaci\u00f3n actual:<\/p>\n\n\n\n<p>BNG -8<\/p>\n\n\n\n<p>PP- 6<\/p>\n\n\n\n<p>PSOE- 2<\/p>\n\n\n\n<p>ACB-1<\/p>\n\n\n\n<p>No 2019 o alcalde F\u00e9lix Juncal ga\u00f1ou as elecci\u00f3ns con solvencia pero perdeu a maior\u00eda absoluta. S\u00f3 un pacto de goberno con ACB, que posibilitou inclu\u00edr ao seu concelleiro Julio Villanueva como vicealcalde, permitiu sumar a 9 acta e poder gobernar de maneira estable.<\/p>\n\n\n\n<p>O alcalde Juncal amosou en distintas ocasi\u00f3ns a s\u00faa satisfacci\u00f3n co resultado do devandito pacto, ata tal punto que este ano os membros de ACB se integran na lista do BNG. As\u00ed pois Laura Ogando ir\u00e1 no n\u00famero 3 e o propio Villanueva ocupar\u00e1 o posto n\u00famero 9 que esperan lles permita acadar unha nova maior\u00eda absoluta.<\/p>\n\n\n\n<p>O PP est\u00e1 a desenvolver unha campa\u00f1a de oposici\u00f3n moi dura, tratando de trasladar nas r\u00faas a imaxe dun goberno relaxado e que se toma a s\u00faa responsabilidade con pouco interese. Non \u00e9 real. Se calquera persoa con honestidade intelectual se tomase a molestia de co\u00f1ecer os resultados destes catro anos de goberno, ver\u00eda que o equipo que lidera F\u00e9lix Juncal traballa moito e ben.<\/p>\n\n\n\n<h2 class=\"wp-block-heading\">Cangas<\/h2>\n\n\n\n<p>Alcaldesa actual: Victoria Portas ACE<\/p>\n\n\n\n<p>Progn\u00f3stico 28 M: Nova alcaldesa Araceli Gestido BNG<\/p>\n\n\n\n<p>Corporaci\u00f3n actual:<\/p>\n\n\n\n<p>PP- 7<\/p>\n\n\n\n<p>ACE- 3<\/p>\n\n\n\n<p>Non adscrita- 1( Ex concelleira de ACE)<\/p>\n\n\n\n<p>PSOE- 4<\/p>\n\n\n\n<p>BNG- 3<\/p>\n\n\n\n<p>AVANTE- 3<\/p>\n\n\n\n<p>Cangas \u00e9 unha vila de enorme complexidade \u00e1 hora de analizar a s\u00faa sociolox\u00eda pol\u00edtica. Por\u00e9n atrev\u00e9monos a dicir que a actual alcaldesa ten 0 posibilidade de repetir no cargo. A coalici\u00f3n pola que se presentou, e que lle deu \u00e1 alcald\u00eda despois da morte de Xose Manuel Pazos, ACE, vai nestes comicios co seu espazo dividido en 3 opci\u00f3ns: Alternativa dos Veci\u00f1os que liderar\u00e1 Victoria Portas co hist\u00f3rico Mariano Abalo no \u00faltimo posto, Podemos e Esquerda Unida. Un BNG s\u00f3lido e solvente liderado por unha candidata moi capaz, Araceli Gestido, debera obter un grande resultado que lle permita liderar un goberno de esquerdas. Asemade supo\u00f1o que recoller\u00e1 a maior parte do voto de Avante que este ano tomou a decisi\u00f3n de non presentarse.<\/p>\n\n\n\n<p>O PSOE ten tam\u00e9n unha boa candidata, e non \u00e9 descartable que poida superar ao Bloque e obter a alcald\u00eda, pero v\u00e9xoo dif\u00edcil pois o PSOE ten pouca cancha de onde crecer, e o BNG ten campo para medrar tanto no nicho de AVANTE como no voto m\u00e1is nacionalista da antiga ACE, que poidan estar desencantados co lamentable espect\u00e1culo dado ap\u00f3s da morte do alcalde, o grande Xose Manuel Pazos.<\/p>\n\n\n\n<p>A dereita volve confiar en Jose Enrique Sotelo para liderar a s\u00faa aposta. Vai ser sen d\u00fabida a lista m\u00e1is votada pero vexo complicado que poida obter a maior\u00eda necesaria para gobernar, dif\u00edcil pero non imposible. Hai que ter en conta que a fragmentaci\u00f3n da antiga ACE pode propiciar que un bo n\u00famero de votantes de esquerdas queden sen representaci\u00f3n e que o PP reciba un premio excesivo. O antigo rival de Sotelo, Gestido que no 2019 presentara unha lista chamada \u201cCangas decide\u201d int\u00e9grase na lista do PP. Que voltas d\u00e1 a vida\u00a1. \u00c9 unha m\u00e1goa que non se lembren de Nardo Faro para completar a lista, e desta maneira ter o dream team da dereita de Cangas en modo champions league.<\/p>\n\n\n\n<h2 class=\"wp-block-heading\">Moa\u00f1a<\/h2>\n\n\n\n<p>Alcaldesa actual: Leticia Santos BNG<\/p>\n\n\n\n<p>Progn\u00f3stico 28 M: Sen cambios.<\/p>\n\n\n\n<p>Corporaci\u00f3n actual:<\/p>\n\n\n\n<p>BNG- 7<\/p>\n\n\n\n<p>PSOE- 3<\/p>\n\n\n\n<p>PP- 6<\/p>\n\n\n\n<p>Coalici\u00f3n independente por Moa\u00f1a- 1<\/p>\n\n\n\n<p>Nada que dicir aqu\u00ed. Leticia Santos vai volver ga\u00f1ar e m\u00e1is que probablemente a rozar ou incluso a superar a maior\u00eda absoluta e o resultado s\u00f3 se explica por un motivo: Unha moi boa xesti\u00f3n dunha alcaldesa brillante, acompa\u00f1ada dun equipo brillante, inclu\u00eddos os seus socios do PSOE, que van facer que Leticia sexa alcaldesa do seu pobo ata que ela queira selo.<\/p>\n\n\n\n<h2 class=\"wp-block-heading\">Vilaboa<\/h2>\n\n\n\n<p>Alcalde actual : C\u00e9sar Poza PSOE<\/p>\n\n\n\n<p>Progn\u00f3stico 28 M: Sen cambio<\/p>\n\n\n\n<p>Corporaci\u00f3n actual:<\/p>\n\n\n\n<p>PSOE- 6<\/p>\n\n\n\n<p>PP- 4<\/p>\n\n\n\n<p>BNG- 3<\/p>\n\n\n\n<p>Nas elecci\u00f3ns do 2019 C\u00e9sar Poza non foi escollido alcalde desta localidade. Foino o seu compa\u00f1eiro Francisco Costa. Este renunciou ao cargo por motivos persoais o ano seguinte, co que o actual alcalde chegou ao posto de rebote. A renuncia do alcalde anterior propiciou que o BNG rompese o pacto de goberno que manti\u00f1a cos socialistas. Esta decisi\u00f3n dos nacionalistas, que cambiaron de voceira despois da retirada de Ornela Fern\u00e1ndez, non foi ben entendida pola veci\u00f1anza e prevese que Vilaboa vai ser un dos poucos concellos nos que perdan representaci\u00f3n. O PP ten expectativas de crecemento e esperanzas de obter o goberno desta vila. De feito a presentaci\u00f3n dos 61 candidatos e candidatas populares \u00e1s alcald\u00edas da provincia, coa presenza, do presidente Rueda, f\u00edxose nesta localidade. E non desboto que o consiga, por\u00e9n, con reservas vou dicir que a suba que si van experimentar os populares de Vilaboa non vai ser suficiente para poder levar ao seu aspirante Alberto Acu\u00f1a \u00e1 alcald\u00eda desta vila.<\/p>\n\n\n\n<hr class=\"wp-block-separator has-alpha-channel-opacity\"\/>\n\n\n\n<h2 class=\"wp-block-heading\">Comarca da Louri\u00f1a<\/h2>\n\n\n\n<h2 class=\"wp-block-heading\">Mos<\/h2>\n\n\n\n<p>Alcaldesa actual:Nidia Ar\u00e9valo PP<\/p>\n\n\n\n<p>Progn\u00f3stico 28 M: Sen cambio<\/p>\n\n\n\n<p>Corporaci\u00f3n actual:<\/p>\n\n\n\n<p>PP- 9<\/p>\n\n\n\n<p>PSOE- 4<\/p>\n\n\n\n<p>Ga\u00f1amos- 1<\/p>\n\n\n\n<p>BNG- 1<\/p>\n\n\n\n<p>Non adscritos 2( 1 ex PSOE e 1 ex Ga\u00f1aMos)<\/p>\n\n\n\n<p>Te\u00f1o 53 anos, levo m\u00e1is de 20 analizando a actualidade pol\u00edtica do pa\u00eds galego. Entrevistei a ducias de alcaldes e a alcaldesas, analicei centos de episodios pol\u00edticos e podo dicir, con honestidade intelectual absoluta e sen medo a equivocarme, que Nidia Ar\u00e9valo \u00e9 a peor alcaldesa de todas e todos os que co\u00f1ec\u00edn nunca.<\/p>\n\n\n\n<p>-O seu goberno \u00e9 desastroso na xesti\u00f3n. A situaci\u00f3n econ\u00f3mica de Mos \u00e9 moi mala e eles e s\u00f3 eles son os responsables.<\/p>\n\n\n\n<p>-O seu goberno bipolariza \u00e1 s\u00faa propia veci\u00f1anza en amigos e inimigos. O peor que pode facer calquera servidor p\u00fablico, que non vin facer nunca a ningu\u00e9n, nin sequera a hist\u00f3ricos alcaldes do franquismo como Costas en Covelo, e que a incapacita para dirixir nin sequera unha comunidade de veci\u00f1os. Non esquezamos que esta indixente intelectual tivo a ousad\u00eda de cualificar a toda unha CM, a de Tameiga, que non lle baila as augas como non grata.<\/p>\n\n\n\n<p>Na vida todo ten o seu final. A alcald\u00eda de Nidia Ar\u00e9valo tam\u00e9n o ter\u00e1. Encantar\u00edame equivocarme pero non creo que sexa desta volta. Penso que polos pelos conservar\u00e1 a maior\u00eda absoluta. E cando por fin remate este pesadelo que sofre a veci\u00f1anza de Mos, cando os que te\u00f1en medo perdan o medo e poidan falar con liberdade, agardo que todos os que participaron neste goberno de disparate, ben sexa colaborando, ben sexa mirando para outro lado, ben sexa montando friki candidaturas que quitar\u00e1n 150\/200 votos que no van facer outra cousa que favorecer a conservaci\u00f3n da maior\u00eda do PP, queden retratados ante a historia.<\/p>\n\n\n\n<h2 class=\"wp-block-heading\">Salceda de Caselas<\/h2>\n\n\n\n<p>Alcaldesa actual: Ver\u00f3nica Tour\u00f3n PSOE<\/p>\n\n\n\n<p>Progn\u00f3stico 28 M: Alcald\u00eda compartida Ver\u00f3nica Tour\u00f3n( PSOE)\/ Loli Casti\u00f1eira( MS)<\/p>\n\n\n\n<p>Corporaci\u00f3n actual:<\/p>\n\n\n\n<p>Movemento Salceda- 4<\/p>\n\n\n\n<p>PSOE- 3<\/p>\n\n\n\n<p>PP- 6<\/p>\n\n\n\n<p>En Salceda o resultado do 2019 fixo que o hist\u00f3rico Marcos Besada perdera despois de moitos anos a maior\u00eda necesaria para gobernar, e se vira obrigado a dar un paso atr\u00e1s renunciando \u00e1 alcald\u00eda. O PP foi a lista m\u00e1is votada e s\u00f3 un pacto de MS e o PSOE poder\u00eda evitar o goberno do PP. E non foi f\u00e1cil, practicamente se concretou nos \u00faltimos minutos. A condici\u00f3n resultante de tal pacto foi que a alcald\u00eda debera ser compartida entre as d\u00faas mulleres que lideraban as listas de MS e do PSOE. Loli Casti\u00f1eira foi a alcaldesa os dous primeiros anos e a socialista Ver\u00f3nica Tour\u00f3n ocupou o cargo os dous \u00faltimos do mandato. Na elecci\u00f3ns de maio o candidato popular Santiago Rodr\u00edguez repetir\u00e1 ao fronte da lista da dereita salcedense. E se non me falla a memoria xa ser\u00e1 a 4\u00ba ocasi\u00f3n que o intente. Fracasou nas tres primeiras e todo apunta que volver\u00e1 fracasar na 4\u00ba. O PP repite candidato por puro descarte, creo eu, porque non encontrou a ningu\u00e9n mellor.<\/p>\n\n\n\n<p>Semella que o PSOE e MS ter\u00e1n que volver a entenderse, non desboto que entre o BNG na corporaci\u00f3n, a\u00ednda que o vexo moi dif\u00edcil. E claro, despois da alcald\u00eda compartida deste mandato, a que quede por encima das d\u00faas mulleres candidatas con opci\u00f3ns como lle di \u00e1 outra que quere a alcald\u00eda para ela soa? Non o vexo posible, e si vexo moi probable unha repetici\u00f3n da f\u00f3rmula actual pois nin MS nin o PSOE te\u00f1en opci\u00f3n de acadar a maior\u00eda absoluta.<\/p>\n\n\n\n<h2 class=\"wp-block-heading\">O Porri\u00f1o<\/h2>\n\n\n\n<p>Alcalde actual: Alejandro Lorenzo PP<\/p>\n\n\n\n<p>Progn\u00f3stico 28 M:Sen cambio<\/p>\n\n\n\n<p>Corporaci\u00f3n actual:<\/p>\n\n\n\n<p>PP- 8<\/p>\n\n\n\n<p>PSOE- 3<\/p>\n\n\n\n<p>EU-Son- 2<\/p>\n\n\n\n<p>BNG- 2<\/p>\n\n\n\n<p>UDDL- 1<\/p>\n\n\n\n<p>Non adscritos-1<\/p>\n\n\n\n<p>Na comarca da Louri\u00f1a este parece ser o caso no que o progn\u00f3stico sobre o que vai acontecer no mes de maio ao respecto de quen vai ser o futuro alcalde alcaldesa est\u00e1 m\u00e1is claro: O popular Alejandro Lorenzo, vai, presumiblemente, a acadar a maior\u00eda absoluta.<\/p>\n\n\n\n<p>O Porri\u00f1o sobe este ano de 17 a 21 concelleiras\/os ao superar os 20.000 habitantes pero non creo que iso supo\u00f1a ningunha variable significativa na distribuci\u00f3n de actas. O PSOE desta vila ten pinta de estar condenado a sufrir unha longa traves\u00eda no deserto. Manuel Carrera non se vai volver presentar co que o panorama da dereita acl\u00e1rase moito: todo o voto para o PP. O BNG axudado por un contexto favorable en todo o pa\u00eds, por un moi bo traballo dos seus representantes no Concello e pola enorme calidade pol\u00edtica do seu candidato Pedro Pereira, vai experimentar unha suba significativa e EU encabezada pola valente, traballadora e comprometida Patricia S\u00edo, malia que o contexto non \u00e9 favorable para eles, merece aguantar e agardo que aguante.<\/p>\n\n\n\n<p>Por desgraza esta vila da Louri\u00f1a ter\u00e1 que sufrir como en Mos ou Salvaterra outra friki candidatura presuntamente de esquerdas que non vai facer outra cousa que facilitar o triunfo da dereita.<\/p>\n\n\n\n<hr class=\"wp-block-separator has-alpha-channel-opacity\"\/>\n\n\n\n<h2 class=\"wp-block-heading\">Comarca do Baixo Mi\u00f1o<\/h2>\n\n\n\n<h2 class=\"wp-block-heading\">O Rosal.<\/h2>\n\n\n\n<p>Alcaldesa actual: \u00c1nxela Fern\u00e1ndez BNG<\/p>\n\n\n\n<p>Progn\u00f3stico 28 M: Sen cambios<\/p>\n\n\n\n<p>Corporaci\u00f3n actual:<\/p>\n\n\n\n<p>BNG- 7<\/p>\n\n\n\n<p>PP- 5<\/p>\n\n\n\n<p>PSOE- 1<\/p>\n\n\n\n<p>O BNG non debera ter ning\u00fan problema para conservar esta alcald\u00eda, incluso mellorando os resultados que lle deron a hist\u00f3rica maior\u00eda absoluta no ano 2019.O proxecto de reforma substancial do seu concello, cuxa xoia da coroa \u00e9 a remodelaci\u00f3n da praza do Calvario, unido \u00e1 pol\u00edtica de universalizar a cultura e a s\u00faa accesibilidade e sensibilidade vai facer, creo eu, que \u00c1nxela Fern\u00e1ndez obte\u00f1a un apoio maioritario nas vindeiras elecci\u00f3ns municipais. Asemade neste concello a oposici\u00f3n neste mandato nin estivo, nin est\u00e1 nin se lle espera.<\/p>\n\n\n\n<h2 class=\"wp-block-heading\">Oia.<\/h2>\n\n\n\n<p>Alcaldesa actual: Cristina Correa PP<\/p>\n\n\n\n<p>Progn\u00f3stico: Sen cambios<\/p>\n\n\n\n<p>Corporaci\u00f3n actual:<\/p>\n\n\n\n<p>PP- 6<\/p>\n\n\n\n<p>PSOE- 4<\/p>\n\n\n\n<p>BNG- 1<\/p>\n\n\n\n<p>A popular Cristina Correa vai conservar esta alcald\u00eda case con certeza. E non \u00e9 que non tivera conflitos nin pol\u00e9micas nestes catro anos: A situaci\u00f3n da sanidade, os intentos do seu partido de chantar inmensos parques e\u00f3licos na serra da Groba&#8230; Por\u00e9n os moitos anos nos que o PP creou neste concello estruturas clientelares, previas a Cristina Correa, dificultan en gran medida a creaci\u00f3n de alternativas s\u00f3lidas. Pres\u00famese unha importante suba do nacionalismo despois do grande traballo do seu concelleiro Xos\u00e9 Ant\u00f3n Rodr\u00edguez \u201cXuster\u201d.<\/p>\n\n\n\n<h2 class=\"wp-block-heading\">Tomi\u00f1o<\/h2>\n\n\n\n<p>Alcaldesa actual: Sandra Gonz\u00e1lez BNG<\/p>\n\n\n\n<p>Progn\u00f3stico 28 M: Sen cambios<\/p>\n\n\n\n<p>Corporaci\u00f3n actual:<\/p>\n\n\n\n<p>BNG- 11<\/p>\n\n\n\n<p>PP-4<\/p>\n\n\n\n<p>PSOE- 2<\/p>\n\n\n\n<p>Pouco despois de que Ana Pont\u00f3n accedera , no ano 2016, \u00e1 s\u00faa actual responsabilidade no BNG, conced\u00eda unha entrevista a este medio de comunicaci\u00f3n na que manifestaba que Sandra Gonz\u00e1lez, alcaldesa de Tomi\u00f1o, era unha das s\u00faas referentes pol\u00edticas. E esa forma de entender a realidade \u00e9 compartida pola inmensa maior\u00eda sa sociedade tomi\u00f1esa. Sandra \u00e9 unha pol\u00edtica brillante, con ela e co BNG Tomi\u00f1o \u00e9 inmensamente mellor do que era antes, e vai seguir sendo a alcaldesa de Tomi\u00f1o mentres ela queira.<\/p>\n\n\n\n<h2 class=\"wp-block-heading\">Tui<\/h2>\n\n\n\n<p>Alcalde actual: Enrique Cabaleiro PSOE<\/p>\n\n\n\n<p>Progn\u00f3stico 28 M: Sen cambio<\/p>\n\n\n\n<p>Corporaci\u00f3n actual:<\/p>\n\n\n\n<p>PSOE- 8<\/p>\n\n\n\n<p>PP- 3<\/p>\n\n\n\n<p>BNG- 2<\/p>\n\n\n\n<p>C\u00b4s- 2<\/p>\n\n\n\n<p>Converxencia 21- 1<\/p>\n\n\n\n<p>En Marea- 1<\/p>\n\n\n\n<p>Tui \u00e9 unha cidade cunha complex\u00edsima aritm\u00e9tica municipal malia que xa se vai aclarando un pouco a cousa porque se a composici\u00f3n da corporaci\u00f3n do 2019 resulta complicada, a do 2015 era un aut\u00e9ntico xerogl\u00edfico para expertos en exiptolox\u00eda. Lembremos que naquel mandato chegou a haber ata 8 organizaci\u00f3ns pol\u00edticas con representaci\u00f3n municipal nun concello que s\u00f3 ten 17 actas. O resultado de Tui non \u00e9 tan f\u00e1cil de prognosticar como os 3 anteriores. Pres\u00famese un desgaste de certa relevancia do grupo de goberno, unha suba igualmente relevante do PP que imaxino recoller\u00e1 como m\u00ednimo os dous concelleiros que est\u00e1n baixo as siglas do defunto C,S. E unha suba tam\u00e9n do BNG liderado pola m\u00e9dica Carme N\u00fa\u00f1ez que imaxino levar\u00e1 a acta de En Marea, Lano Alonso xa non se vai presentar, e pode ser que lle quite algo ao PSdeG pola s\u00faa esquerda. En calquera caso imos apostar porque Enrique Cabaleiro vai conservar a alcald\u00eda. Si, o bloque da dereita vai subir e o da esquerda, lastrado polo m\u00e1is que presumible descenso do PSdeG, vai baixar. Pero non cremos que lle dea \u00e1 dereita tudense para sumar 9 asentos e converter a Nico Montes, o novo candidato popular, en alcalde de Tui.<\/p>\n\n\n\n<h2 class=\"wp-block-heading\">A Guarda<\/h2>\n\n\n\n<p>Alcalde actual: Antonio Lomba PSOE<\/p>\n\n\n\n<p>Progn\u00f3stico 28 M: Novo alcalde Anxo Baz BNG<\/p>\n\n\n\n<p>Corporaci\u00f3n actual:<\/p>\n\n\n\n<p>PSOE- 5<\/p>\n\n\n\n<p>BNG- 5<\/p>\n\n\n\n<p>PP- 6<\/p>\n\n\n\n<p>CG- 1<\/p>\n\n\n\n<p>A Guarda \u00e9 outra vila na que, como Tui, non resulta doado prognosticar quen vai ocupar a alcald\u00eda despois dos comicios de maio. A dificultade est\u00e1, ao meu xu\u00edzo, en dilucidar quen vai ter m\u00e1is votos entre as d\u00faas forzas que constitu\u00edron o bipartito inicial do 2019, que como \u00e9 sabido non resultou e acabou por romper, o PSdeG ou o BNG? Naquel momento s\u00f3 84 votos separaron a ambas forzas, que foi os que fixeron que o socialista Antonio Lomba puidese conservar a alcald\u00eda. \u00c9 probable que o PP sexa o partido m\u00e1is votado na localidade pero parece case imposible que poida acadar unha maior\u00eda suficiente para gobernar. O perfil do seu candidato, Roberto Carrero, d\u00e1 para o que d\u00e1, para obter os votos dos segmentos da dereita tradicional. Pero carece de capacidade pol\u00edtica para penetrar en ning\u00fan outro segmento de poboaci\u00f3n.<\/p>\n\n\n\n<p>E, malia que non resulta f\u00e1cil, como nos casos anteriores \u00edmonos mollar para dicir que o desgaste inequ\u00edvoco que sofre o PSdeG en xeral e Antonio Lomba en particular parece entrever que van ser superados desta volta polo BNG e o nacionalista Anxo Baz semella que se converter\u00e1 no vindeiro alcalde da localidade.<\/p>\n\n\n\n<hr class=\"wp-block-separator has-alpha-channel-opacity\"\/>\n\n\n\n<h2 class=\"wp-block-heading\">Comarca do Val Mi\u00f1or<\/h2>\n\n\n\n<h2 class=\"wp-block-heading\">Nigr\u00e1n<\/h2>\n\n\n\n<p>Alcalde actual: Juan Gonz\u00e1lez PSOE<\/p>\n\n\n\n<p>Progn\u00f3stico 28 M: Sen cambio<\/p>\n\n\n\n<p>Corporaci\u00f3n actual:<\/p>\n\n\n\n<p>PSOE- 13<\/p>\n\n\n\n<p>PP- 4<\/p>\n\n\n\n<p>No ano 2019 o partido socialista rompeu todos os rexistros de voto en Nigr\u00e1n pois acadou o m\u00e1is do 62% dos sufraxios quedando moi cerca do demencial 67% do seu compa\u00f1eiro Abel Caballero o alcalde de Vigo. A\u00ednda que os perfiles de ambos son moi diferentes. Juan \u00e9 un bo alcalde e \u00e9 un tipo sensato, razoable e sobre todo moi amable.<\/p>\n\n\n\n<p>Nas elecci\u00f3ns de maio non \u00e9 posible que aconteza ning\u00fan tipo de cambio, o PSOE vai conservar a s\u00faa maior\u00eda absoluta con comodidade e a \u00fanica novidade salientable vai ser a m\u00e1is que probable recuperaci\u00f3n da representaci\u00f3n municipal dos nacionalistas galegos do BNG liderados por Xavier Rodr\u00edguez, un moi bo candidato. A antiga Nigr\u00e1n decide pres\u00e9ntase dividida en d\u00faas partes EU, que novamente liderar\u00e1 Cuevas, tam\u00e9n un bo candidato, e Podemos. Eses que dan lecci\u00f3ns de unidade popular pero que nin sequera son capaces de chegar a un acordo entre eles. A candidatura de EU ten unha m\u00ednima posibilidade de entrar se consegue captar algo de voto descontento do PSOE, e a outra como a de Mos, Salvaterra, ou a de M\u00e1is Pa\u00eds do Porri\u00f1o non ten oportunidade algunha.<\/p>\n\n\n\n<h2 class=\"wp-block-heading\">Baiona<\/h2>\n\n\n\n<p>Alcalde actual: Carlos G\u00f3mez PSOE<\/p>\n\n\n\n<p>Progn\u00f3stico 28M: Novo alcalde Jes\u00fas V\u00e1zquez Almui\u00f1a PP<\/p>\n\n\n\n<p>Corporaci\u00f3n actual:<\/p>\n\n\n\n<p>PSOE- 6<\/p>\n\n\n\n<p>N\u00f3s Baiona- 2<\/p>\n\n\n\n<p>BNG- 2<\/p>\n\n\n\n<p>PP- 6<\/p>\n\n\n\n<p>C\u00b4s- 1<\/p>\n\n\n\n<p>Baiona \u00e9 unha vila socioloxicamente conservadora, a Baiona mari\u00f1eira e proletaria \u00e9 numericamente inferior \u00e1 Baiona burguesa, en gran medida derivada de persoas doutras localidades, pero dese estrato social, que fixeron casa nesa localidade e que al\u00ed votan. Hai catro anos o PP perdeu a maior\u00eda absoluta, ao meu xu\u00edzo, polo asunto do campo de Golf de Baredo. A tolemia popular de querer chantar un campo de golf para os se\u00f1oritos ergueu a toda esa parroquia en p\u00e9 contra o abuso flagrante, e f\u00edxolles perder unha grande cantidade de votos.<\/p>\n\n\n\n<p>Por desgraza o goberno tripartito apenas puido tirar rendibilidade destes anos de goberno, lastrados pola pandemia e por outros conflitos. E o asunto das multas que supostamente o alcalde se quitou a si mesmo d\u00e9ixano nunha situaci\u00f3n complicada para poder repetir. Ollo, non \u00e9 imposible, pero si dif\u00edcil. O PP trae de novo a Almui\u00f1a como salvador pero realmente eu preg\u00fantome: que lle ven a ese home para ter a sona que ten?, que fixo de salientable cando foi alcalde para merecer repetir?<\/p>\n\n\n\n<h2 class=\"wp-block-heading\">Gondomar<\/h2>\n\n\n\n<p>Alcalde actual: Paco Ferreira PSOE<\/p>\n\n\n\n<p>Progn\u00f3stico 28 M: Sen cambio<\/p>\n\n\n\n<p>Corporaci\u00f3n actual:<\/p>\n\n\n\n<p>PSOE- 9<\/p>\n\n\n\n<p>PP- 4<\/p>\n\n\n\n<p>Manifesto Mi\u00f1or- 2<\/p>\n\n\n\n<p>BNG- 1<\/p>\n\n\n\n<p>C\u00b4s- 1<\/p>\n\n\n\n<p>En Gondomar ningu\u00e9n discute que Paco Ferreira volver\u00e1 ga\u00f1ar as elecci\u00f3ns con comodidade. Xa non est\u00e1 tan claro que poida conservar a maior\u00eda absoluta, certo malestar nalgunhas parroquias que se senten non tan ben tratadas como outras, e nalgunhas r\u00faas do casco urbano que non ven o asunto das peonalizaci\u00f3ns, poden facela perigar, a\u00ednda que eu me inclino por pensar que a vai conservar. En calquera caso est\u00e1 por ver como lle sae ao alcalde a xogada de incorporar a Manolo G\u00f3mez \u00e1 s\u00faa candidatura, un home con ese percorrido tan pouco fiable: PSOE-IXG-C,S-PSOE non te\u00f1o claro se lle vai sumar ou restar. A oposici\u00f3n firme e decidida da nacionalista Manuela Rodr\u00edguez semella que vai ser premiada cunha suba importante de apoios e actas. Agora te\u00f1en unha e non desboto que multipliquen por 3, e que por outra parte se produza un importante descenso de MM de Antonio Arauxo.<\/p>\n\n\n\n<hr class=\"wp-block-separator has-alpha-channel-opacity\"\/>\n\n\n\n<h2 class=\"wp-block-heading\">Comarca das Terras de Pontevedra<\/h2>\n\n\n\n<h2 class=\"wp-block-heading\">Ponte Caldelas<\/h2>\n\n\n\n<p>Alcalde actual: Andr\u00e9s D\u00edaz PSOE<\/p>\n\n\n\n<p>Progn\u00f3stico 28 M: Sen cambio<\/p>\n\n\n\n<p>Corporaci\u00f3n actual:<\/p>\n\n\n\n<p>PSOE- 8<\/p>\n\n\n\n<p>PP- 3<\/p>\n\n\n\n<p>BNG- 2<\/p>\n\n\n\n<p>Andr\u00e9s D\u00edaz manter\u00e1 a s\u00faa maior\u00eda absoluta con certeza, e m\u00e1is que probablemente ampliar\u00e1 os seus 8 ed\u00eds actuais nun m\u00e1is que perder\u00e1 o PP. Sobre o seu candidato, traballador do concello veci\u00f1o de A Lama, est\u00e1n sa\u00edndo unha serie de denuncias referentes ao suposto intento de crear un posto ad hoc na biblioteca municipal para a s\u00faa persoa que o converter\u00eda en funcionario do concello de A Lama. E a veci\u00f1anza de Ponte Caldelas xa est\u00e1 cansa de ese modus operandi que padeceu o seu concello tantos anos en mans din\u00e1sticas populares.<\/p>\n\n\n\n<h2 class=\"wp-block-heading\">Cerdedo-Cotobade<\/h2>\n\n\n\n<p>Alcalde actual Jorge Cubela PP<\/p>\n\n\n\n<p>Progn\u00f3stico 28 M: Sen cambio<\/p>\n\n\n\n<p>Corporaci\u00f3n actual:<\/p>\n\n\n\n<p>PP- 9<\/p>\n\n\n\n<p>PSOE- 3<\/p>\n\n\n\n<p>BNG- 1<\/p>\n\n\n\n<p>Imposible mudar nada aqu\u00ed de momento. O 65% de votos que obtivo o PP no 2019 converten a esta praza en inaccesible de momento. Presumo que veremos que cando se acaben os fondos extra que reciben da Xunta pola fusi\u00f3n dos antigos concellos de Cerdedo e de Cotobade as cousas comezar\u00e1n a mudar aos poucos. En calquera caso apuntamos a unha suba notable do nacionalismo cuxa candidatura encabeza o veci\u00f1o de Viasc\u00f3n Ernesto Filgueira.<\/p>\n\n\n\n<hr class=\"wp-block-separator has-alpha-channel-opacity\"\/>\n\n\n\n<h2 class=\"wp-block-heading\">Comarca Terra de Montes<\/h2>\n\n\n\n<h2 class=\"wp-block-heading\">Forcarei<\/h2>\n\n\n\n<p>Alcaldesa actual: Ver\u00f3nica Pichel PSOE<\/p>\n\n\n\n<p>Progn\u00f3stico 28 M: Sen Cambio<\/p>\n\n\n\n<p>Corporaci\u00f3n actual:<\/p>\n\n\n\n<p>PSOE- 5<\/p>\n\n\n\n<p>PP- 5<\/p>\n\n\n\n<p>BNG- 1<\/p>\n\n\n\n<p>A perda desta alcald\u00eda supuxo un golpe moi duro e inesperado para os populares. A alcaldesa naquel momento, a popular Bel\u00e9n Cachafeiro, ced\u00eda o seu asento \u00e1 socialista Ver\u00f3nica Pichel. A s\u00faa chegada supuxo un sopro de esperanza para un concello demasiado tempo en mans populares. A valoraci\u00f3n destes catro anos foi por\u00e9n algo decepcionante. Xa comezou mal non sendo capaz de integrar ao concelleiro do BNG no goberno. O resultado das elecci\u00f3ns foi :5 (PP) 5 (PSOE) 1 (BNG). O PP ga\u00f1ounas con 150 votos de avantaxe e Ver\u00f3nica foi alcaldesa grazas ao voto favorable do BNG na investidura, por\u00e9n a s\u00faa actitude \u00e1s veces parec\u00eda m\u00e1is propia dunha alcaldesa cunha maior\u00eda absoluta que a de quen ten a s\u00faa maior\u00eda collida con pinzas como ela. O candidato do BNG, Roberto Jorge Correa, \u00e9 un home enormemente solvente que lidera unha lista de grande calidade pol\u00edtica que ten toda a pinta de mellorar os resultados da do 2019. Se isto se confirma ser\u00e1n eles novamente os que decidan quen vai ser a pr\u00f3xima alcaldesa de Forcarei, pois non parece que ningunhas da d\u00faas candidatas con opci\u00f3ns, Bel\u00e9n do PP e Ver\u00f3nica do PSOE te\u00f1an posibilidades de acadala. Far\u00eda ben a actual alcaldesa en mudar substancialmente a s\u00faa actitude no mandato que comezar\u00e1 o 29-M e constru\u00edr un goberno que desenvolva pol\u00edticas adecuadas que permitan evitar que a dereita recupere o control desta localidade, e que ela poida obter o apoio do BNG que desde logo non vai ser de balde.<\/p>\n\n\n\n<h2 class=\"wp-block-heading\">A Lama<\/h2>\n\n\n\n<p>Alcalde actual : Jorge Canda PP<\/p>\n\n\n\n<p>Progn\u00f3stico 28 M: Novo alcalde David Carrera PP<\/p>\n\n\n\n<p>Corporaci\u00f3n actual:<\/p>\n\n\n\n<p>PP- 7<\/p>\n\n\n\n<p>PSOE- 2<\/p>\n\n\n\n<p>C\u00b4s- 1<\/p>\n\n\n\n<p>BNG- 1<\/p>\n\n\n\n<p>Este ano o eterno Jorge Canda tomou a decisi\u00f3n, motivado supostamente por un problema de sa\u00fade, de non encabezar a candidatura dos Populares na Lama. E ser\u00e1 David Carrera quen o faga. Os populares parten dunha maior\u00eda moi s\u00f3lida : 7 actas( 862 votos) + 1 acta( 155 votos) do extinto C,S cuxo concelleiro pasa a integrar as ringleiras populares, fronte aos 356 votos do PSOE e os 133 do BNG. Non parece f\u00e1cil que cambie nada pero non \u00e9 imposible pois danse d\u00faas circunstancias que non se deron ata agora:<\/p>\n\n\n\n<p>-O candidato popular non ten nin de lonxe o carisma de Jorge Canda<\/p>\n\n\n\n<p>&#8211; Este ano pres\u00e9ntase unha candidatura independente ,UCIN, liderada polo veci\u00f1o de Fontecova Carlos Rivero, que ten un asombroso nivel de penetraci\u00f3n e popularidade na sociedade de A Lama. Numerosos veci\u00f1os e veci\u00f1as manifest\u00e1ronme a s\u00faa intenci\u00f3n de votalo e as s\u00faas ga\u00f1as de cambio pol\u00edtico no pobo.<\/p>\n\n\n\n<p>Vai ser moi dif\u00edcil, pero \u00e9 posible. Inclin\u00e1monos a pensar que o PP conservar\u00e1 esta alcald\u00eda con dificultade, pero sen desbotar en absoluto que Carlos Riveiro poida dar a sorpresa.<\/p>\n\n\n\n<hr class=\"wp-block-separator has-alpha-channel-opacity\"\/>\n\n\n\n<h2 class=\"wp-block-heading\">Comarca do Condado Paradanta<\/h2>\n\n\n\n<h2 class=\"wp-block-heading\">A Ca\u00f1iza<\/h2>\n\n\n\n<p>Alcalde actual : Lu\u00eds Pi\u00f1a PSOE<\/p>\n\n\n\n<p>Progn\u00f3stico 28 M: Novo alcalde Miguel Dom\u00ednguez PP<\/p>\n\n\n\n<p>Corporaci\u00f3n actual:<\/p>\n\n\n\n<p>PSOE- 6<\/p>\n\n\n\n<p>PP- 6<\/p>\n\n\n\n<p>C\u00b4s- 1<\/p>\n\n\n\n<p>Esta alcald\u00eda hist\u00f3rica dos populares pasou nas pasadas elecci\u00f3ns a mans socialistas pero non parece que a vaian poder conservar. Nestas elecci\u00f3ns acontecen dous fen\u00f3menos que nos levan a pensar que Miguel Dom\u00ednguez ex alcalde e candidato popular recuperar\u00e1 a alcald\u00eda:<\/p>\n\n\n\n<p>&#8211; A alcald\u00eda de Pi\u00f1a foi posible grazas ao voto do concelleiro de C\u00b4S pois a realidade \u00e9 que o PP quitou 96 votos m\u00e1is que o PSOE. Ciudadanos desaparece e os case 250 votos que acadou no 2019, que lle deron unha acta, parecen m\u00e1is pr\u00f3ximos ao espazo ideol\u00f3xico do PP que ao do PSOE.<\/p>\n\n\n\n<p>-Este ano o BNG foi quen de presentar unha candidatura nesta localidade. E todo apunta a que vai obter representaci\u00f3n. Na auton\u00f3micas, sen facer nada pois na Ca\u00f1iza carecen, ata agora, de agrupaci\u00f3n local, obtiveron o 13% dos votos. E supostamente os 250\/300 votos que poidan obter os nacionalistas ser\u00e1n votos que no 2019, polo menos parte deles, se decantaron pola opci\u00f3n socialista, co que parece terriblemente dif\u00edcil que o PSOE poida manter esta alcald\u00eda.<\/p>\n\n\n\n<h2 class=\"wp-block-heading\">Covelo<\/h2>\n\n\n\n<p>Alcalde actual Pablo Castillo PP<\/p>\n\n\n\n<p>Progn\u00f3stico 28 M: Sen cambio<\/p>\n\n\n\n<p>Corporaci\u00f3n actual:<\/p>\n\n\n\n<p>PP- 8<\/p>\n\n\n\n<p>BNG- 2<\/p>\n\n\n\n<p>PSOE- 1<\/p>\n\n\n\n<p>Nada que discutir en Covelo, Pablo Castillo manter\u00e1 a s\u00faa maior\u00eda absoluta sen o m\u00e1is m\u00ednimo problema. Castillo naceu para isto, \u00e9 un pol\u00edtico que engancha moi ben con as maior\u00edas sociais, a\u00ednda que a s\u00faa praxe pol\u00edtica deixa moito que desexar.<\/p>\n\n\n\n<p>A extraordinaria candidatura do BNG liderada polas d\u00faas concelleiras actuais est\u00e1 en situaci\u00f3n de experimentar un crecemento notable, que agardo lles sit\u00fae en disposici\u00f3n de aspirar de maneira realista \u00e1 alcald\u00eda nas elecci\u00f3ns do 2027.<\/p>\n\n\n\n<h2 class=\"wp-block-heading\">As Neves<\/h2>\n\n\n\n<p>Alcalde actual: Xos\u00e9 Manuel Rodr\u00edguez BNG<\/p>\n\n\n\n<p>Progn\u00f3stico 28 M: Sen cambio<\/p>\n\n\n\n<p>Corporaci\u00f3n actual:<\/p>\n\n\n\n<p>BNG- 4<\/p>\n\n\n\n<p>PP- 4<\/p>\n\n\n\n<p>PSOE- 3<\/p>\n\n\n\n<p>O fermoso pobo de As Neves \u00e9 un exemplo notorio de como adoita ser a evoluci\u00f3n dos gobernos BNG. \u00c9 terriblemente dif\u00edcil entrar, sempre ou case sempre faise pactando con outras forzas pol\u00edticas, e normalmente unha xesti\u00f3n decente, pensando s\u00f3 no ben com\u00fan, d\u00e1lles unhas c\u00f3modas maior\u00edas absolutas. As\u00ed pasar\u00e1 tam\u00e9n nas Neves. A brillante xesti\u00f3n do equipo que lidera o Xos\u00e9 de Tortoreos, destacamos o moi ambicioso programa Vive Nas Neves, m\u00e1is que probablemente lle dea a maior\u00eda absoluta.<\/p>\n\n\n\n<p>O actual socio de goberno, Marcelino Couto do PSOE, merece tam\u00e9n obter un bo resultado pola s\u00faa seriedade, lealdade e rigor no goberno.<\/p>\n\n\n\n<p>Por certo, estar\u00eda moi ben que puideramos saber quen ou como se financian as campa\u00f1as electorais de listas que m\u00e1is ben parecen motivadas por explicaci\u00f3ns de tipo psicol\u00f3xico, que por raz\u00f3ns pol\u00edticas.<\/p>\n\n\n\n<h2 class=\"wp-block-heading\">Mondariz Balneario<\/h2>\n\n\n\n<p>Alcalde actual: Jose Antonio Lorenzo PP<\/p>\n\n\n\n<p>Progn\u00f3stico 28 M: Novo alcalde C\u00e9sar Gil BNG<\/p>\n\n\n\n<p>Corporaci\u00f3n actual:<\/p>\n\n\n\n<p>PP- 4<\/p>\n\n\n\n<p>BNG- 3<\/p>\n\n\n\n<p>A maior\u00eda da veci\u00f1anza deste concello quere cambio. A maior\u00eda deste concello quere que C\u00e9sar Gil sexa o seu alcalde. E as\u00ed o quixo tam\u00e9n no 2019. S\u00f3 a presenza de ducias de persoas que est\u00e1n censadas al\u00ed, pero non viven no concello e que misteriosamente, seguramente motivados por unha estra\u00f1a conxunci\u00f3n astral que lles fixo conflu\u00edr a todos no pobo o d\u00eda das votaci\u00f3ns, se achegaron ese d\u00eda a votar, impediu por tan s\u00f3 3 votos o cambio tan necesario dun goberno de inacci\u00f3n e desleixo que s\u00f3 se limita a deixar pasar o tempo.<\/p>\n\n\n\n<p>Por\u00e9n este ano a situaci\u00f3n \u00e9 diferente \u00e1 do 2019. Naquela convocatoria electoral s\u00f3 se presentaron d\u00faas alternativas e desta volta ser\u00e1n 4: A do PP, que cambia de candidato pois o actual alcalde xub\u00edlase, e presenta a unha muller que nunca, pero nunca xamais, participou en nada na vida p\u00fablica da vila, a do BNG formada por persoas da Vila que viven e participan do seu pobo, e a de d\u00faas candidaturas paracaidistas que, como os cogomelos en outono, soen aparecer nos distintos procesos electorais. Non fixeron nada nos catro anos anteriores e agora ach\u00e9ganse como salvadores. Unha delas liderada por unha persoa claramente situada en posici\u00f3ns de dereitas pode facer algo de dano ao PP, e a outra liderada por un home connotado co PSOE que vive en Mallorca, pode facer o propio coa do BNG. En calquera caso penso que desta volta, despois de catro anos m\u00e1is de inacci\u00f3n e desleixo, C\u00e9sar Gil obter\u00e1 a confianza maioritaria e ser\u00e1 o novo alcalde.<\/p>\n\n\n\n<h2 class=\"wp-block-heading\">Salvaterra de Mi\u00f1o<\/h2>\n\n\n\n<p>Alcaldesa actual: Marta Valc\u00e1rcel PP<\/p>\n\n\n\n<p>Progn\u00f3stico 28M: Sen cambio.<\/p>\n\n\n\n<p>Corporaci\u00f3n actual:<\/p>\n\n\n\n<p>PP- 7<\/p>\n\n\n\n<p>PSOE- 4<\/p>\n\n\n\n<p>BNG- 2<\/p>\n\n\n\n<p>No ano 2019 Arturo Grandal, o sempiterno alcalde de Salvaterra, xubil\u00e1base e naquel momento hab\u00eda unhas enormes perspectivas de cambio. Todo apuntaba \u00e1 construci\u00f3n dun goberno alternativo entre o PSOE e o BNG liderado pola socialista Roc\u00edo Bern\u00e1rdez, pero non foi as\u00ed. As esperanzas resultaron frustradas e o PP non s\u00f3 non perdeu a maior\u00eda sen\u00f3n que subiu arredor de 500 votos.<\/p>\n\n\n\n<p>A maquinaria do PPdeG \u00e9 poderos\u00edsima a \u00e1s veces a oposici\u00f3n non a ten en conta a s\u00faa dimensi\u00f3n enorme que lles permite traballar o voto case casa por casa e familia por familia.<\/p>\n\n\n\n<p>Este ano as expectativas de cambio parecen menores. Hai unha serie de novidades significativas: -Salvaterra sobe de 13 a 17 actas -O Bng estrea candidata na persoa da brillante avogada Patricia Mari\u00f1o -O PSOE muda de candidato, Roc\u00edo abandona o 1\u00ba posto da lista e \u00e9 substitu\u00edda polo veci\u00f1o de Oleiros F\u00e9lix Gonz\u00e1lez, un home con moi boa aceptaci\u00f3n na s\u00faa parroquia -Unha friki candidatura de Podemos, sen a menor conexi\u00f3n coa realidade social do pobo e con 0 traballo pol\u00edtico \u00e1s s\u00faas costas, vai dificultar calquera esperanza de cambio. E malia que a suba de concelleiros abre un escenario diferente e de dif\u00edcil progn\u00f3stico, pensamos que a potente estrutura do PP local vailles permitir conservar a s\u00faa maior\u00eda. A\u00ednda que haber\u00e1 que ter en conta o que fai, se fai algo, Arturo Grandal na campa\u00f1a pois a s\u00faa capacidade de influencia \u00e9 moi grande.<\/p>\n\n\n\n<h2 class=\"wp-block-heading\">Crecente<\/h2>\n\n\n\n<p>Alcalde actual: Julio C\u00e9sar Garc\u00eda PP<\/p>\n\n\n\n<p>Progn\u00f3stico 28 M: Sen cambio<\/p>\n\n\n\n<p>Corporaci\u00f3n actual:<\/p>\n\n\n\n<p>PP- 8<\/p>\n\n\n\n<p>PSOE- 2<\/p>\n\n\n\n<p>BNG- 1<\/p>\n\n\n\n<p>Esta \u00e9 unha praza dificil\u00edsima para a esquerda pol\u00edtica. O PP leva toda a vida gobernando Crecente, de feito o actual alcalde \u00e9 fillo do alcalde anterior quen, como os antigos se\u00f1ores feudais, pasoulle o goberno do concello ao seu fillo. As potent\u00edsimas estruturas clientelares do PP te\u00f1en un doutorado cun laude nivel premium no concello de Crecente. C\u00f3mpre traballar desde a base para tratar de crear alicerces s\u00f3lidos que permitan a medio prazo confrontar con posibilidades de \u00e9xito.<\/p>\n\n\n\n<h2 class=\"wp-block-heading\">Mondariz<\/h2>\n\n\n\n<p>Alcalde actual: Xose Emilio Barros BNG<\/p>\n\n\n\n<p>Progn\u00f3stico 28 M<\/p>\n\n\n\n<p>Corporaci\u00f3n actual:<\/p>\n\n\n\n<p>AporM- 4<\/p>\n\n\n\n<p>BNG- 3<\/p>\n\n\n\n<p>PP- 2<\/p>\n\n\n\n<p>PSOE- 1<\/p>\n\n\n\n<p>C\u00b4s- 1<\/p>\n\n\n\n<p>No caso de Mondariz non nos atrevamos a prognosticar resultado, pois \u00e9 o m\u00e1is complicado de todos. Xa \u00e9 de sobra co\u00f1ecida a forma en que o BNG accedeu ao goberno de Mondariz, e as raz\u00f3ns que explican a existencia de d\u00faas forzas pol\u00edticas cun corpus ideol\u00f3xico semellante. AporM \u00e9 unha das escasas consecuencias da ruptura do nacionalismo en Amio que a\u00ednda permanecen vivas, e as relaci\u00f3ns co BNG local est\u00e1n nun nivel de tensi\u00f3n tan elevada que non parece posible agardar ning\u00fan tipo de reconciliaci\u00f3n.<\/p>\n\n\n\n<p>Supomos que o BNG vai subir o 28 M, a alcald\u00eda adoita dar un plus electoral se se fai ben, e Xos\u00e9 Emilio Barros f\u00edxoo moi ben. Pero subir\u00e1 o necesario para poder sumar 6 co PSOE? \u00c9 dif\u00edcil, pero non imposible.<\/p>\n\n\n\n<p>Parece m\u00e1is probable que a cifra m\u00e1xica de 6 actas resulte da suma do que poida obter AporM + PP. E desta volta o PP cun candidato novo, non vai facer o que fixo Ana Corredoira no 2019. O que parece m\u00e1is probable \u00e9 que faga o contrario e o vindeiro goberno de Mondariz resulte dun pacto do PP con Calis. \u00c9 seguro que puidera haber tal pacto? Non, pero si probable.<\/p>\n\n\n\n<h2 class=\"wp-block-heading\">ARBO<\/h2>\n\n\n\n<p>Alcalde actual Horacio Gil PP<\/p>\n\n\n\n<p>Progn\u00f3stico 28 M: Novo alcalde Baltasar Vallejo AGRELAR<\/p>\n\n\n\n<p>Corporaci\u00f3n actual:<\/p>\n\n\n\n<p>PP- 6<\/p>\n\n\n\n<p>AGRELAR- 5<\/p>\n\n\n\n<p>Outro concello que ser\u00eda claramente nacionalista pero que por desgrazas a\u00ednda sofre as consecuencias de Amio, e en consecuencia d\u00e1lle a alcald\u00eda a un alcalde do PP bastante limitado politicamente. No ano 2015 o PP ga\u00f1ou a alcald\u00eda de ARBO a AGRELAR do ex BNG Xavier Sim\u00f3n, un brillante profesor, que est\u00e1 a unha distancia intelectual sideral do alcalde Horacio Gil, por 38 votos. O BNG quitou 54 votos. No 2019 cos mesmos protagonistas encabezando ambas listas o PP ga\u00f1ou por 66 votos. O BNG quitou 66 votos, si, non \u00e9 unha broma 66 votos. Desta volta Xavier Sim\u00f3n non encabezar\u00e1 a candidatura de AGRELAR, faino Baltasar Vallejo que xa era concelleiro neste mandato. Sim\u00f3n vai no n\u00famero 6 na lista da agrupaci\u00f3n de electores de Arbo, imaxino que intentan acadar desta forma a vitoria, que lle dar\u00eda a 6\u00ba acta, que se lles escapou polos pelos nas d\u00faas \u00faltimas elecci\u00f3ns.<\/p>\n\n\n\n<p>Por outra parte o ex alcalde Manuel Rivera, de case 80 anos de idade, que foi rexedor de Arbo durante 16 anos representando ao PP, e como \u00e9 tradici\u00f3n neste partido con episodios pol\u00e9micos varios, anunciou que liderar\u00eda unha lista independente. Est\u00e1 por ver o que lle pode restar ao PP ao igual que o que lle pode quitar a lista do BNG a Agrelar. En calquera caso parece que como no 15 e como no 19 a vitoria decidirase por moi poucos votos. N\u00f3s \u00edmonos mollar pois vemos con m\u00e1is posibilidades de danar ao PP pola dereita \u00e1 lista de Rivera, que \u00e1 do BNG de facerlle dano \u00e1 de AGRELAR.<\/p>\n\n\n\n<h2 class=\"wp-block-heading\">Ponteareas<\/h2>\n\n\n\n<p>Alcaldesa actual: Cristina Fern\u00e1ndez BNG<\/p>\n\n\n\n<p>Progn\u00f3stico 28 M: Sen cambio.<\/p>\n\n\n\n<p>Corporaci\u00f3n actual:<\/p>\n\n\n\n<p>BNG- 9<\/p>\n\n\n\n<p>PP- 5<\/p>\n\n\n\n<p>ACIP- 4<\/p>\n\n\n\n<p>PSOE- 3<\/p>\n\n\n\n<p>A candidata do PP, Nava Castro, non \u00e9 ningunha novidade para Ponteareas. Ela \u00e9 a filla de Pepe Castro a quen os ponteare\u00e1ns padeceron moitos anos exercendo de monarca local. E ela xa foi alcaldesa de Ponteareas entre o 2000 e o 2003, e non fixo nada diferente \u00e1 t\u00f3nica xeral dos distintos gobernos da dereita que padeceu Ponteareas: Un desastre. O Goberno do Bng co defunto Pepe Represas primeiro, e coa combativa Cristina Fern\u00e1ndez agora emprendeu unha transformaci\u00f3n radical de Ponteareas, que est\u00e1 no cami\u00f1o avanzado de converterse nunha vila para as persoas: xusta, humana e accesible.<\/p>\n\n\n\n<p>Nava Castro non foi a primeira opci\u00f3n de candidata para os populares. Ped\u00edronllo a varias persoas antes, que rexeitaron o ofrecemento. Nava \u00e9 a candidata por descarte, non pode achegar nada novo para mellorar Ponteareas e o BNG debe de consolidar o goberno desta vila. Mer\u00e9ceo e vaino facer.<\/p>\n","protected":false},"excerpt":{"rendered":"<div class=\"mh-excerpt\"><p>Neste traballo ofrec\u00e9moslle a situaci\u00f3n aritm\u00e9tica actual das 34 corporaci\u00f3ns municipais dos concellos da nosa \u00e1rea de influencia e un prognostico do que pensamos pode acontecer nas elecci\u00f3ns municipais do 28 M en cada concello, sustentado nunha breve an\u00e1lise razoada das circunstancias pol\u00edticas deste mandato, e da nosa valoraci\u00f3n das mesmas <a class=\"mh-excerpt-more\" href=\"https:\/\/www.anovapeneira.gal\/index.php\/2023\/05\/15\/radiografia-politica-dos-34-concellos-da-area-de-influencia-de-a-nova-peneira-ante-as-eleccions-municipais-do-28-m\/\" title=\"Radiograf\u00eda pol\u00edtica dos 34 concellos da \u00e1rea de influencia de A Nova Peneira ante as elecci\u00f3ns municipais do 28 M\">[&#8230;]<\/a><\/p>\n<\/div>","protected":false},"author":2,"featured_media":9716,"comment_status":"open","ping_status":"open","sticky":false,"template":"","format":"standard","meta":{"_exactmetrics_skip_tracking":false,"_exactmetrics_sitenote_active":false,"_exactmetrics_sitenote_note":"","_exactmetrics_sitenote_category":0,"footnotes":""},"categories":[263],"tags":[],"class_list":{"0":"post-9713","1":"post","2":"type-post","3":"status-publish","4":"format-standard","5":"has-post-thumbnail","7":"category-novas"},"yoast_head":"<!-- This site is optimized with the Yoast SEO plugin v27.4 - https:\/\/yoast.com\/product\/yoast-seo-wordpress\/ -->\n<title>Radiograf\u00eda pol\u00edtica dos 34 concellos da \u00e1rea de influencia de A Nova Peneira ante as elecci\u00f3ns municipais do 28 M -<\/title>\n<meta name=\"description\" content=\"Neste traballo ofrec\u00e9moslle a situaci\u00f3n aritm\u00e9tica actual das 34 corporaci\u00f3ns municipais dos concellos da nosa \u00e1rea de influencia e un prognostico do que pensamos pode acontecer nas elecci\u00f3ns municipais do 28 M en cada concello, sustentado nunha breve an\u00e1lise razoada das circunstancias pol\u00edticas deste mandato, e da nosa valoraci\u00f3n das mesmas\" \/>\n<meta name=\"robots\" content=\"index, follow, max-snippet:-1, max-image-preview:large, max-video-preview:-1\" \/>\n<link rel=\"canonical\" href=\"https:\/\/www.anovapeneira.gal\/index.php\/2023\/05\/15\/radiografia-politica-dos-34-concellos-da-area-de-influencia-de-a-nova-peneira-ante-as-eleccions-municipais-do-28-m\/\" \/>\n<meta property=\"og:locale\" content=\"gl_ES\" \/>\n<meta property=\"og:type\" content=\"article\" \/>\n<meta property=\"og:title\" content=\"Radiograf\u00eda pol\u00edtica dos 34 concellos da \u00e1rea de influencia de A Nova Peneira ante as elecci\u00f3ns municipais do 28 M -\" \/>\n<meta property=\"og:description\" content=\"Neste traballo ofrec\u00e9moslle a situaci\u00f3n aritm\u00e9tica actual das 34 corporaci\u00f3ns municipais dos concellos da nosa \u00e1rea de influencia e un prognostico do que pensamos pode acontecer nas elecci\u00f3ns municipais do 28 M en cada concello, sustentado nunha breve an\u00e1lise razoada das circunstancias pol\u00edticas deste mandato, e da nosa valoraci\u00f3n das mesmas\" \/>\n<meta property=\"og:url\" content=\"https:\/\/www.anovapeneira.gal\/index.php\/2023\/05\/15\/radiografia-politica-dos-34-concellos-da-area-de-influencia-de-a-nova-peneira-ante-as-eleccions-municipais-do-28-m\/\" \/>\n<meta property=\"article:publisher\" content=\"https:\/\/www.facebook.com\/anovapeneira\" \/>\n<meta property=\"article:published_time\" content=\"2023-05-15T08:00:23+00:00\" \/>\n<meta property=\"og:image\" content=\"https:\/\/www.anovapeneira.gal\/wp-content\/uploads\/2023\/05\/28m.jpg\" \/>\n\t<meta property=\"og:image:width\" content=\"720\" \/>\n\t<meta property=\"og:image:height\" content=\"432\" \/>\n\t<meta property=\"og:image:type\" content=\"image\/jpeg\" \/>\n<meta name=\"author\" content=\"Tino Lago\" \/>\n<meta name=\"twitter:card\" content=\"summary_large_image\" \/>\n<meta name=\"twitter:creator\" content=\"@APeneira\" \/>\n<meta name=\"twitter:site\" content=\"@APeneira\" \/>\n<meta name=\"twitter:label1\" content=\"Escrito por\" \/>\n\t<meta name=\"twitter:data1\" content=\"Tino Lago\" \/>\n\t<meta name=\"twitter:label2\" content=\"Tempo de lectura\" \/>\n\t<meta name=\"twitter:data2\" content=\"37 minutos\" \/>\n<script type=\"application\/ld+json\" class=\"yoast-schema-graph\">{\"@context\":\"https:\\\/\\\/schema.org\",\"@graph\":[{\"@type\":\"Article\",\"@id\":\"https:\\\/\\\/www.anovapeneira.gal\\\/index.php\\\/2023\\\/05\\\/15\\\/radiografia-politica-dos-34-concellos-da-area-de-influencia-de-a-nova-peneira-ante-as-eleccions-municipais-do-28-m\\\/#article\",\"isPartOf\":{\"@id\":\"https:\\\/\\\/www.anovapeneira.gal\\\/index.php\\\/2023\\\/05\\\/15\\\/radiografia-politica-dos-34-concellos-da-area-de-influencia-de-a-nova-peneira-ante-as-eleccions-municipais-do-28-m\\\/\"},\"author\":{\"name\":\"Tino Lago\",\"@id\":\"https:\\\/\\\/www.anovapeneira.gal\\\/#\\\/schema\\\/person\\\/424dfe65e3070fd8a44d22d2c088762a\"},\"headline\":\"Radiograf\u00eda pol\u00edtica dos 34 concellos da \u00e1rea de influencia de A Nova Peneira ante as elecci\u00f3ns municipais do 28 M\",\"datePublished\":\"2023-05-15T08:00:23+00:00\",\"mainEntityOfPage\":{\"@id\":\"https:\\\/\\\/www.anovapeneira.gal\\\/index.php\\\/2023\\\/05\\\/15\\\/radiografia-politica-dos-34-concellos-da-area-de-influencia-de-a-nova-peneira-ante-as-eleccions-municipais-do-28-m\\\/\"},\"wordCount\":7099,\"commentCount\":0,\"publisher\":{\"@id\":\"https:\\\/\\\/www.anovapeneira.gal\\\/#organization\"},\"image\":{\"@id\":\"https:\\\/\\\/www.anovapeneira.gal\\\/index.php\\\/2023\\\/05\\\/15\\\/radiografia-politica-dos-34-concellos-da-area-de-influencia-de-a-nova-peneira-ante-as-eleccions-municipais-do-28-m\\\/#primaryimage\"},\"thumbnailUrl\":\"https:\\\/\\\/www.anovapeneira.gal\\\/wp-content\\\/uploads\\\/2023\\\/05\\\/28m.jpg\",\"articleSection\":[\"Novas\"],\"inLanguage\":\"gl-ES\",\"potentialAction\":[{\"@type\":\"CommentAction\",\"name\":\"Comment\",\"target\":[\"https:\\\/\\\/www.anovapeneira.gal\\\/index.php\\\/2023\\\/05\\\/15\\\/radiografia-politica-dos-34-concellos-da-area-de-influencia-de-a-nova-peneira-ante-as-eleccions-municipais-do-28-m\\\/#respond\"]}]},{\"@type\":\"WebPage\",\"@id\":\"https:\\\/\\\/www.anovapeneira.gal\\\/index.php\\\/2023\\\/05\\\/15\\\/radiografia-politica-dos-34-concellos-da-area-de-influencia-de-a-nova-peneira-ante-as-eleccions-municipais-do-28-m\\\/\",\"url\":\"https:\\\/\\\/www.anovapeneira.gal\\\/index.php\\\/2023\\\/05\\\/15\\\/radiografia-politica-dos-34-concellos-da-area-de-influencia-de-a-nova-peneira-ante-as-eleccions-municipais-do-28-m\\\/\",\"name\":\"Radiograf\u00eda pol\u00edtica dos 34 concellos da \u00e1rea de influencia de A Nova Peneira ante as elecci\u00f3ns municipais do 28 M -\",\"isPartOf\":{\"@id\":\"https:\\\/\\\/www.anovapeneira.gal\\\/#website\"},\"primaryImageOfPage\":{\"@id\":\"https:\\\/\\\/www.anovapeneira.gal\\\/index.php\\\/2023\\\/05\\\/15\\\/radiografia-politica-dos-34-concellos-da-area-de-influencia-de-a-nova-peneira-ante-as-eleccions-municipais-do-28-m\\\/#primaryimage\"},\"image\":{\"@id\":\"https:\\\/\\\/www.anovapeneira.gal\\\/index.php\\\/2023\\\/05\\\/15\\\/radiografia-politica-dos-34-concellos-da-area-de-influencia-de-a-nova-peneira-ante-as-eleccions-municipais-do-28-m\\\/#primaryimage\"},\"thumbnailUrl\":\"https:\\\/\\\/www.anovapeneira.gal\\\/wp-content\\\/uploads\\\/2023\\\/05\\\/28m.jpg\",\"datePublished\":\"2023-05-15T08:00:23+00:00\",\"description\":\"Neste traballo ofrec\u00e9moslle a situaci\u00f3n aritm\u00e9tica actual das 34 corporaci\u00f3ns municipais dos concellos da nosa \u00e1rea de influencia e un prognostico do que pensamos pode acontecer nas elecci\u00f3ns municipais do 28 M en cada concello, sustentado nunha breve an\u00e1lise razoada das circunstancias pol\u00edticas deste mandato, e da nosa valoraci\u00f3n das mesmas\",\"breadcrumb\":{\"@id\":\"https:\\\/\\\/www.anovapeneira.gal\\\/index.php\\\/2023\\\/05\\\/15\\\/radiografia-politica-dos-34-concellos-da-area-de-influencia-de-a-nova-peneira-ante-as-eleccions-municipais-do-28-m\\\/#breadcrumb\"},\"inLanguage\":\"gl-ES\",\"potentialAction\":[{\"@type\":\"ReadAction\",\"target\":[\"https:\\\/\\\/www.anovapeneira.gal\\\/index.php\\\/2023\\\/05\\\/15\\\/radiografia-politica-dos-34-concellos-da-area-de-influencia-de-a-nova-peneira-ante-as-eleccions-municipais-do-28-m\\\/\"]}]},{\"@type\":\"ImageObject\",\"inLanguage\":\"gl-ES\",\"@id\":\"https:\\\/\\\/www.anovapeneira.gal\\\/index.php\\\/2023\\\/05\\\/15\\\/radiografia-politica-dos-34-concellos-da-area-de-influencia-de-a-nova-peneira-ante-as-eleccions-municipais-do-28-m\\\/#primaryimage\",\"url\":\"https:\\\/\\\/www.anovapeneira.gal\\\/wp-content\\\/uploads\\\/2023\\\/05\\\/28m.jpg\",\"contentUrl\":\"https:\\\/\\\/www.anovapeneira.gal\\\/wp-content\\\/uploads\\\/2023\\\/05\\\/28m.jpg\",\"width\":720,\"height\":432,\"caption\":\"28 M Elecci\u00f3ns\"},{\"@type\":\"BreadcrumbList\",\"@id\":\"https:\\\/\\\/www.anovapeneira.gal\\\/index.php\\\/2023\\\/05\\\/15\\\/radiografia-politica-dos-34-concellos-da-area-de-influencia-de-a-nova-peneira-ante-as-eleccions-municipais-do-28-m\\\/#breadcrumb\",\"itemListElement\":[{\"@type\":\"ListItem\",\"position\":1,\"name\":\"Portada\",\"item\":\"https:\\\/\\\/www.anovapeneira.gal\\\/\"},{\"@type\":\"ListItem\",\"position\":2,\"name\":\"Radiograf\u00eda pol\u00edtica dos 34 concellos da \u00e1rea de influencia de A Nova Peneira ante as elecci\u00f3ns municipais do 28 M\"}]},{\"@type\":\"WebSite\",\"@id\":\"https:\\\/\\\/www.anovapeneira.gal\\\/#website\",\"url\":\"https:\\\/\\\/www.anovapeneira.gal\\\/\",\"name\":\"\",\"description\":\"Xornal galego de informaci\u00f3n xeral Publicaci\u00f3n mensual de novas de Galicia e en especial dos Concellos da sur da provincia de Pontevedra.\",\"publisher\":{\"@id\":\"https:\\\/\\\/www.anovapeneira.gal\\\/#organization\"},\"potentialAction\":[{\"@type\":\"SearchAction\",\"target\":{\"@type\":\"EntryPoint\",\"urlTemplate\":\"https:\\\/\\\/www.anovapeneira.gal\\\/?s={search_term_string}\"},\"query-input\":{\"@type\":\"PropertyValueSpecification\",\"valueRequired\":true,\"valueName\":\"search_term_string\"}}],\"inLanguage\":\"gl-ES\"},{\"@type\":\"Organization\",\"@id\":\"https:\\\/\\\/www.anovapeneira.gal\\\/#organization\",\"name\":\"A Nova Peneira\",\"url\":\"https:\\\/\\\/www.anovapeneira.gal\\\/\",\"logo\":{\"@type\":\"ImageObject\",\"inLanguage\":\"gl-ES\",\"@id\":\"https:\\\/\\\/www.anovapeneira.gal\\\/#\\\/schema\\\/logo\\\/image\\\/\",\"url\":\"http:\\\/\\\/www.anovapeneira.gal\\\/wp-content\\\/uploads\\\/2019\\\/06\\\/logo_a_nova_peneira_portal_web.png\",\"contentUrl\":\"http:\\\/\\\/www.anovapeneira.gal\\\/wp-content\\\/uploads\\\/2019\\\/06\\\/logo_a_nova_peneira_portal_web.png\",\"width\":300,\"height\":100,\"caption\":\"A Nova Peneira\"},\"image\":{\"@id\":\"https:\\\/\\\/www.anovapeneira.gal\\\/#\\\/schema\\\/logo\\\/image\\\/\"},\"sameAs\":[\"https:\\\/\\\/www.facebook.com\\\/anovapeneira\",\"https:\\\/\\\/x.com\\\/APeneira\"]},{\"@type\":\"Person\",\"@id\":\"https:\\\/\\\/www.anovapeneira.gal\\\/#\\\/schema\\\/person\\\/424dfe65e3070fd8a44d22d2c088762a\",\"name\":\"Tino Lago\",\"image\":{\"@type\":\"ImageObject\",\"inLanguage\":\"gl-ES\",\"@id\":\"https:\\\/\\\/secure.gravatar.com\\\/avatar\\\/b3df6a06e44bab3111583b90f0f33a0379ee5e3d22cbadd232d39f21c30c62be?s=96&d=mm&r=g\",\"url\":\"https:\\\/\\\/secure.gravatar.com\\\/avatar\\\/b3df6a06e44bab3111583b90f0f33a0379ee5e3d22cbadd232d39f21c30c62be?s=96&d=mm&r=g\",\"contentUrl\":\"https:\\\/\\\/secure.gravatar.com\\\/avatar\\\/b3df6a06e44bab3111583b90f0f33a0379ee5e3d22cbadd232d39f21c30c62be?s=96&d=mm&r=g\",\"caption\":\"Tino Lago\"},\"sameAs\":[\"http:\\\/\\\/www.anovapeneira.gal\"],\"url\":\"https:\\\/\\\/www.anovapeneira.gal\\\/index.php\\\/author\\\/director\\\/\"}]}<\/script>\n<!-- \/ Yoast SEO plugin. -->","yoast_head_json":{"title":"Radiograf\u00eda pol\u00edtica dos 34 concellos da \u00e1rea de influencia de A Nova Peneira ante as elecci\u00f3ns municipais do 28 M -","description":"Neste traballo ofrec\u00e9moslle a situaci\u00f3n aritm\u00e9tica actual das 34 corporaci\u00f3ns municipais dos concellos da nosa \u00e1rea de influencia e un prognostico do que pensamos pode acontecer nas elecci\u00f3ns municipais do 28 M en cada concello, sustentado nunha breve an\u00e1lise razoada das circunstancias pol\u00edticas deste mandato, e da nosa valoraci\u00f3n das mesmas","robots":{"index":"index","follow":"follow","max-snippet":"max-snippet:-1","max-image-preview":"max-image-preview:large","max-video-preview":"max-video-preview:-1"},"canonical":"https:\/\/www.anovapeneira.gal\/index.php\/2023\/05\/15\/radiografia-politica-dos-34-concellos-da-area-de-influencia-de-a-nova-peneira-ante-as-eleccions-municipais-do-28-m\/","og_locale":"gl_ES","og_type":"article","og_title":"Radiograf\u00eda pol\u00edtica dos 34 concellos da \u00e1rea de influencia de A Nova Peneira ante as elecci\u00f3ns municipais do 28 M -","og_description":"Neste traballo ofrec\u00e9moslle a situaci\u00f3n aritm\u00e9tica actual das 34 corporaci\u00f3ns municipais dos concellos da nosa \u00e1rea de influencia e un prognostico do que pensamos pode acontecer nas elecci\u00f3ns municipais do 28 M en cada concello, sustentado nunha breve an\u00e1lise razoada das circunstancias pol\u00edticas deste mandato, e da nosa valoraci\u00f3n das mesmas","og_url":"https:\/\/www.anovapeneira.gal\/index.php\/2023\/05\/15\/radiografia-politica-dos-34-concellos-da-area-de-influencia-de-a-nova-peneira-ante-as-eleccions-municipais-do-28-m\/","article_publisher":"https:\/\/www.facebook.com\/anovapeneira","article_published_time":"2023-05-15T08:00:23+00:00","og_image":[{"width":720,"height":432,"url":"https:\/\/www.anovapeneira.gal\/wp-content\/uploads\/2023\/05\/28m.jpg","type":"image\/jpeg"}],"author":"Tino Lago","twitter_card":"summary_large_image","twitter_creator":"@APeneira","twitter_site":"@APeneira","twitter_misc":{"Escrito por":"Tino Lago","Tempo de lectura":"37 minutos"},"schema":{"@context":"https:\/\/schema.org","@graph":[{"@type":"Article","@id":"https:\/\/www.anovapeneira.gal\/index.php\/2023\/05\/15\/radiografia-politica-dos-34-concellos-da-area-de-influencia-de-a-nova-peneira-ante-as-eleccions-municipais-do-28-m\/#article","isPartOf":{"@id":"https:\/\/www.anovapeneira.gal\/index.php\/2023\/05\/15\/radiografia-politica-dos-34-concellos-da-area-de-influencia-de-a-nova-peneira-ante-as-eleccions-municipais-do-28-m\/"},"author":{"name":"Tino Lago","@id":"https:\/\/www.anovapeneira.gal\/#\/schema\/person\/424dfe65e3070fd8a44d22d2c088762a"},"headline":"Radiograf\u00eda pol\u00edtica dos 34 concellos da \u00e1rea de influencia de A Nova Peneira ante as elecci\u00f3ns municipais do 28 M","datePublished":"2023-05-15T08:00:23+00:00","mainEntityOfPage":{"@id":"https:\/\/www.anovapeneira.gal\/index.php\/2023\/05\/15\/radiografia-politica-dos-34-concellos-da-area-de-influencia-de-a-nova-peneira-ante-as-eleccions-municipais-do-28-m\/"},"wordCount":7099,"commentCount":0,"publisher":{"@id":"https:\/\/www.anovapeneira.gal\/#organization"},"image":{"@id":"https:\/\/www.anovapeneira.gal\/index.php\/2023\/05\/15\/radiografia-politica-dos-34-concellos-da-area-de-influencia-de-a-nova-peneira-ante-as-eleccions-municipais-do-28-m\/#primaryimage"},"thumbnailUrl":"https:\/\/www.anovapeneira.gal\/wp-content\/uploads\/2023\/05\/28m.jpg","articleSection":["Novas"],"inLanguage":"gl-ES","potentialAction":[{"@type":"CommentAction","name":"Comment","target":["https:\/\/www.anovapeneira.gal\/index.php\/2023\/05\/15\/radiografia-politica-dos-34-concellos-da-area-de-influencia-de-a-nova-peneira-ante-as-eleccions-municipais-do-28-m\/#respond"]}]},{"@type":"WebPage","@id":"https:\/\/www.anovapeneira.gal\/index.php\/2023\/05\/15\/radiografia-politica-dos-34-concellos-da-area-de-influencia-de-a-nova-peneira-ante-as-eleccions-municipais-do-28-m\/","url":"https:\/\/www.anovapeneira.gal\/index.php\/2023\/05\/15\/radiografia-politica-dos-34-concellos-da-area-de-influencia-de-a-nova-peneira-ante-as-eleccions-municipais-do-28-m\/","name":"Radiograf\u00eda pol\u00edtica dos 34 concellos da \u00e1rea de influencia de A Nova Peneira ante as elecci\u00f3ns municipais do 28 M -","isPartOf":{"@id":"https:\/\/www.anovapeneira.gal\/#website"},"primaryImageOfPage":{"@id":"https:\/\/www.anovapeneira.gal\/index.php\/2023\/05\/15\/radiografia-politica-dos-34-concellos-da-area-de-influencia-de-a-nova-peneira-ante-as-eleccions-municipais-do-28-m\/#primaryimage"},"image":{"@id":"https:\/\/www.anovapeneira.gal\/index.php\/2023\/05\/15\/radiografia-politica-dos-34-concellos-da-area-de-influencia-de-a-nova-peneira-ante-as-eleccions-municipais-do-28-m\/#primaryimage"},"thumbnailUrl":"https:\/\/www.anovapeneira.gal\/wp-content\/uploads\/2023\/05\/28m.jpg","datePublished":"2023-05-15T08:00:23+00:00","description":"Neste traballo ofrec\u00e9moslle a situaci\u00f3n aritm\u00e9tica actual das 34 corporaci\u00f3ns municipais dos concellos da nosa \u00e1rea de influencia e un prognostico do que pensamos pode acontecer nas elecci\u00f3ns municipais do 28 M en cada concello, sustentado nunha breve an\u00e1lise razoada das circunstancias pol\u00edticas deste mandato, e da nosa valoraci\u00f3n das mesmas","breadcrumb":{"@id":"https:\/\/www.anovapeneira.gal\/index.php\/2023\/05\/15\/radiografia-politica-dos-34-concellos-da-area-de-influencia-de-a-nova-peneira-ante-as-eleccions-municipais-do-28-m\/#breadcrumb"},"inLanguage":"gl-ES","potentialAction":[{"@type":"ReadAction","target":["https:\/\/www.anovapeneira.gal\/index.php\/2023\/05\/15\/radiografia-politica-dos-34-concellos-da-area-de-influencia-de-a-nova-peneira-ante-as-eleccions-municipais-do-28-m\/"]}]},{"@type":"ImageObject","inLanguage":"gl-ES","@id":"https:\/\/www.anovapeneira.gal\/index.php\/2023\/05\/15\/radiografia-politica-dos-34-concellos-da-area-de-influencia-de-a-nova-peneira-ante-as-eleccions-municipais-do-28-m\/#primaryimage","url":"https:\/\/www.anovapeneira.gal\/wp-content\/uploads\/2023\/05\/28m.jpg","contentUrl":"https:\/\/www.anovapeneira.gal\/wp-content\/uploads\/2023\/05\/28m.jpg","width":720,"height":432,"caption":"28 M Elecci\u00f3ns"},{"@type":"BreadcrumbList","@id":"https:\/\/www.anovapeneira.gal\/index.php\/2023\/05\/15\/radiografia-politica-dos-34-concellos-da-area-de-influencia-de-a-nova-peneira-ante-as-eleccions-municipais-do-28-m\/#breadcrumb","itemListElement":[{"@type":"ListItem","position":1,"name":"Portada","item":"https:\/\/www.anovapeneira.gal\/"},{"@type":"ListItem","position":2,"name":"Radiograf\u00eda pol\u00edtica dos 34 concellos da \u00e1rea de influencia de A Nova Peneira ante as elecci\u00f3ns municipais do 28 M"}]},{"@type":"WebSite","@id":"https:\/\/www.anovapeneira.gal\/#website","url":"https:\/\/www.anovapeneira.gal\/","name":"","description":"Xornal galego de informaci\u00f3n xeral Publicaci\u00f3n mensual de novas de Galicia e en especial dos Concellos da sur da provincia de Pontevedra.","publisher":{"@id":"https:\/\/www.anovapeneira.gal\/#organization"},"potentialAction":[{"@type":"SearchAction","target":{"@type":"EntryPoint","urlTemplate":"https:\/\/www.anovapeneira.gal\/?s={search_term_string}"},"query-input":{"@type":"PropertyValueSpecification","valueRequired":true,"valueName":"search_term_string"}}],"inLanguage":"gl-ES"},{"@type":"Organization","@id":"https:\/\/www.anovapeneira.gal\/#organization","name":"A Nova Peneira","url":"https:\/\/www.anovapeneira.gal\/","logo":{"@type":"ImageObject","inLanguage":"gl-ES","@id":"https:\/\/www.anovapeneira.gal\/#\/schema\/logo\/image\/","url":"http:\/\/www.anovapeneira.gal\/wp-content\/uploads\/2019\/06\/logo_a_nova_peneira_portal_web.png","contentUrl":"http:\/\/www.anovapeneira.gal\/wp-content\/uploads\/2019\/06\/logo_a_nova_peneira_portal_web.png","width":300,"height":100,"caption":"A Nova Peneira"},"image":{"@id":"https:\/\/www.anovapeneira.gal\/#\/schema\/logo\/image\/"},"sameAs":["https:\/\/www.facebook.com\/anovapeneira","https:\/\/x.com\/APeneira"]},{"@type":"Person","@id":"https:\/\/www.anovapeneira.gal\/#\/schema\/person\/424dfe65e3070fd8a44d22d2c088762a","name":"Tino Lago","image":{"@type":"ImageObject","inLanguage":"gl-ES","@id":"https:\/\/secure.gravatar.com\/avatar\/b3df6a06e44bab3111583b90f0f33a0379ee5e3d22cbadd232d39f21c30c62be?s=96&d=mm&r=g","url":"https:\/\/secure.gravatar.com\/avatar\/b3df6a06e44bab3111583b90f0f33a0379ee5e3d22cbadd232d39f21c30c62be?s=96&d=mm&r=g","contentUrl":"https:\/\/secure.gravatar.com\/avatar\/b3df6a06e44bab3111583b90f0f33a0379ee5e3d22cbadd232d39f21c30c62be?s=96&d=mm&r=g","caption":"Tino Lago"},"sameAs":["http:\/\/www.anovapeneira.gal"],"url":"https:\/\/www.anovapeneira.gal\/index.php\/author\/director\/"}]}},"jetpack_featured_media_url":"https:\/\/www.anovapeneira.gal\/wp-content\/uploads\/2023\/05\/28m.jpg","_links":{"self":[{"href":"https:\/\/www.anovapeneira.gal\/index.php\/wp-json\/wp\/v2\/posts\/9713","targetHints":{"allow":["GET"]}}],"collection":[{"href":"https:\/\/www.anovapeneira.gal\/index.php\/wp-json\/wp\/v2\/posts"}],"about":[{"href":"https:\/\/www.anovapeneira.gal\/index.php\/wp-json\/wp\/v2\/types\/post"}],"author":[{"embeddable":true,"href":"https:\/\/www.anovapeneira.gal\/index.php\/wp-json\/wp\/v2\/users\/2"}],"replies":[{"embeddable":true,"href":"https:\/\/www.anovapeneira.gal\/index.php\/wp-json\/wp\/v2\/comments?post=9713"}],"version-history":[{"count":2,"href":"https:\/\/www.anovapeneira.gal\/index.php\/wp-json\/wp\/v2\/posts\/9713\/revisions"}],"predecessor-version":[{"id":9715,"href":"https:\/\/www.anovapeneira.gal\/index.php\/wp-json\/wp\/v2\/posts\/9713\/revisions\/9715"}],"wp:featuredmedia":[{"embeddable":true,"href":"https:\/\/www.anovapeneira.gal\/index.php\/wp-json\/wp\/v2\/media\/9716"}],"wp:attachment":[{"href":"https:\/\/www.anovapeneira.gal\/index.php\/wp-json\/wp\/v2\/media?parent=9713"}],"wp:term":[{"taxonomy":"category","embeddable":true,"href":"https:\/\/www.anovapeneira.gal\/index.php\/wp-json\/wp\/v2\/categories?post=9713"},{"taxonomy":"post_tag","embeddable":true,"href":"https:\/\/www.anovapeneira.gal\/index.php\/wp-json\/wp\/v2\/tags?post=9713"}],"curies":[{"name":"wp","href":"https:\/\/api.w.org\/{rel}","templated":true}]}}