{"id":9734,"date":"2023-05-17T10:00:59","date_gmt":"2023-05-17T08:00:59","guid":{"rendered":"https:\/\/www.anovapeneira.gal\/?p=9734"},"modified":"2023-05-15T10:30:46","modified_gmt":"2023-05-15T08:30:46","slug":"as-penlas-de-redondela","status":"publish","type":"post","link":"https:\/\/www.anovapeneira.gal\/index.php\/2023\/05\/17\/as-penlas-de-redondela\/","title":{"rendered":"As Penlas de Redondela"},"content":{"rendered":"\n<p>A festa da Coca ten na danza das espadas un dos seus atractivos m\u00e1is salientables. De maneira simult\u00e1nea \u00e1 danza das espadas exec\u00fatase o baile das Penlas. Tr\u00e1tase de meni\u00f1as que se sit\u00faan enriba das mulleres e que bailan ao mesmo ritmo que os mozos da danza das espadas. O baile das mulleres representa a s\u00faa alegr\u00eda pola morte do drag\u00f3n e o feito de erguer as s\u00faas fillas simboliza a liberaci\u00f3n das nenas das gadoupas do monstro. N\u00f3s falamos con tres das nosas penlas<\/p>\n\n\n\n<p>Leire , Elena e Daniela<\/p>\n\n\n\n<p>De 7 anos as d\u00faas primeiras e de 5 a \u00faltima.<\/p>\n\n\n\n<p>Xa levan 2 anos bailando, e o que lles gusta m\u00e1is \u00e9, segundo nos manifestan as 3, \u201c que nos soben arriba\u201d, o que amosa que a condici\u00f3n humana \u00e9 universal e xa desde que somos moi nenos e nenas procuramos gustar e facer gozar aos demais. E non te\u00f1en medo. \u00c9 m\u00e1is, din que al\u00ed arriba \u201cestase xenial\u201d. Pero claro xunto co que m\u00e1is lles gusta tam\u00e9n est\u00e1 o que lles atrae menos, porque a vida \u00e9 as\u00ed; hai bo e tam\u00e9n hai malo , e n\u00f3s pregunt\u00e1moslle que \u00e9 o que m\u00e1is lles desgusta do baile e ag\u00e1rrense coa resposta:\u201d que nos doen as pernas\u201d.<\/p>\n\n\n\n<p>A tenrura e a inxenuidade infantil \u00e9 tan deliciosa que, malia que resulte dif\u00edcil non rir, entran unhas ga\u00f1as enormes de comerse a bicos \u00e1s 3 protagonistas da nosa conversa de hoxe.<\/p>\n\n\n\n<p>E na posici\u00f3n que ocupan para bailar nos pregunt\u00e1monos como non se botan para atr\u00e1s. Non foi f\u00e1cil que nolo contaran, foi tremendamente dif\u00edcil ,pero finalmente soubemos que o seu truco m\u00e1xico consiste nun corpi\u00f1o que lles axuda a manterse erguidas. Por outra parte, como todo na vida, non resulta doado facer o que fan estas nenas, de feito te\u00f1en que ensaiar varios meses antes. E non crean que lles impresionan os c\u00e1lidos aloumi\u00f1os do aplauso e reco\u00f1ecemento, pois cando lles preguntamos que \u00e9 o que senten cando centos de persoas ovacionan o seu baile din \u201c nada, xa estamos acostumadas, n\u00f3s xa somos patinadoras\u201d.As nosos encantadoras penlas sonvos unhas potenciais artistas dunha dimensi\u00f3n m\u00e1is que notable. Asemade pos\u00faen outra caracter\u00edstica desas que nos gustan a n\u00f3s: a sensibilidade ante a beleza. Tanto \u00e9 as\u00ed que manifestan sentir \u201c moita pena cando as alfombras bonitas se rompen\u201d.<\/p>\n\n\n\n<p>Ent\u00f3n quixemos saber como, segundo a s\u00faa opini\u00f3n, se poder\u00eda evitar que as alfombras bonitas se perdesen e a resposta das nenas foi un axioma incontrovertible \u201c \u00c9che o que hai\u201d.E claro, a condici\u00f3n de inevitable que ten o que \u00e9 inevitable non se pode discutir, as\u00ed nolo recordaron as nosas 3 amigas.<\/p>\n\n\n\n<p>E a que non adivi\u00f1an amigos e amigas como rematou a nosa conversa?&#8230; Da mellor maneira posible, pois fix\u00e9ronme un regalo que lembrarei ao longo de todos os anos que me queden de vida: Leire, Elena e Daniela fixeron para este orgulloso cronista da vida da mi\u00f1a querida Redondela un baile das penlas privado.<\/p>\n","protected":false},"excerpt":{"rendered":"<div class=\"mh-excerpt\"><p>A festa da Coca ten na danza das espadas un dos seus atractivos m\u00e1is salientables. De maneira simult\u00e1nea \u00e1 danza das espadas exec\u00fatase o baile das Penlas <a class=\"mh-excerpt-more\" href=\"https:\/\/www.anovapeneira.gal\/index.php\/2023\/05\/17\/as-penlas-de-redondela\/\" title=\"As Penlas de Redondela\">[&#8230;]<\/a><\/p>\n<\/div>","protected":false},"author":3,"featured_media":9735,"comment_status":"open","ping_status":"open","sticky":false,"template":"","format":"standard","meta":{"_exactmetrics_skip_tracking":false,"_exactmetrics_sitenote_active":false,"_exactmetrics_sitenote_note":"","_exactmetrics_sitenote_category":0,"footnotes":""},"categories":[24],"tags":[171],"class_list":{"0":"post-9734","1":"post","2":"type-post","3":"status-publish","4":"format-standard","5":"has-post-thumbnail","7":"category-redondela","8":"tag-concello-de-redondela"},"yoast_head":"<!-- This site is optimized with the Yoast SEO plugin v27.4 - https:\/\/yoast.com\/product\/yoast-seo-wordpress\/ -->\n<title>As Penlas de Redondela -<\/title>\n<meta name=\"description\" content=\"A festa da Coca ten na danza das espadas un dos seus atractivos m\u00e1is salientables. De maneira simult\u00e1nea \u00e1 danza das espadas exec\u00fatase o baile das Penlas\" \/>\n<meta name=\"robots\" content=\"index, follow, max-snippet:-1, max-image-preview:large, max-video-preview:-1\" \/>\n<link rel=\"canonical\" href=\"https:\/\/www.anovapeneira.gal\/index.php\/2023\/05\/17\/as-penlas-de-redondela\/\" \/>\n<meta property=\"og:locale\" content=\"gl_ES\" \/>\n<meta property=\"og:type\" content=\"article\" \/>\n<meta property=\"og:title\" content=\"As Penlas de Redondela -\" \/>\n<meta property=\"og:description\" content=\"A festa da Coca ten na danza das espadas un dos seus atractivos m\u00e1is salientables. De maneira simult\u00e1nea \u00e1 danza das espadas exec\u00fatase o baile das Penlas\" \/>\n<meta property=\"og:url\" content=\"https:\/\/www.anovapeneira.gal\/index.php\/2023\/05\/17\/as-penlas-de-redondela\/\" \/>\n<meta property=\"article:publisher\" content=\"https:\/\/www.facebook.com\/anovapeneira\" \/>\n<meta property=\"article:published_time\" content=\"2023-05-17T08:00:59+00:00\" \/>\n<meta property=\"og:image\" content=\"https:\/\/www.anovapeneira.gal\/wp-content\/uploads\/2023\/05\/as_penlas.jpg\" \/>\n\t<meta property=\"og:image:width\" content=\"720\" \/>\n\t<meta property=\"og:image:height\" content=\"432\" \/>\n\t<meta property=\"og:image:type\" content=\"image\/jpeg\" \/>\n<meta name=\"author\" content=\"Redacci\u00f3n A Nova Peneira\" \/>\n<meta name=\"twitter:card\" content=\"summary_large_image\" \/>\n<meta name=\"twitter:creator\" content=\"@APeneira\" \/>\n<meta name=\"twitter:site\" content=\"@APeneira\" \/>\n<meta name=\"twitter:label1\" content=\"Escrito por\" \/>\n\t<meta name=\"twitter:data1\" content=\"Redacci\u00f3n A Nova Peneira\" \/>\n\t<meta name=\"twitter:label2\" content=\"Tempo de lectura\" \/>\n\t<meta name=\"twitter:data2\" content=\"3 minutos\" \/>\n<script type=\"application\/ld+json\" class=\"yoast-schema-graph\">{\"@context\":\"https:\\\/\\\/schema.org\",\"@graph\":[{\"@type\":\"Article\",\"@id\":\"https:\\\/\\\/www.anovapeneira.gal\\\/index.php\\\/2023\\\/05\\\/17\\\/as-penlas-de-redondela\\\/#article\",\"isPartOf\":{\"@id\":\"https:\\\/\\\/www.anovapeneira.gal\\\/index.php\\\/2023\\\/05\\\/17\\\/as-penlas-de-redondela\\\/\"},\"author\":{\"name\":\"Redacci\u00f3n A Nova Peneira\",\"@id\":\"https:\\\/\\\/www.anovapeneira.gal\\\/#\\\/schema\\\/person\\\/b93e3f8932e3f8da96334607eb6ac6aa\"},\"headline\":\"As Penlas de Redondela\",\"datePublished\":\"2023-05-17T08:00:59+00:00\",\"mainEntityOfPage\":{\"@id\":\"https:\\\/\\\/www.anovapeneira.gal\\\/index.php\\\/2023\\\/05\\\/17\\\/as-penlas-de-redondela\\\/\"},\"wordCount\":529,\"commentCount\":0,\"publisher\":{\"@id\":\"https:\\\/\\\/www.anovapeneira.gal\\\/#organization\"},\"image\":{\"@id\":\"https:\\\/\\\/www.anovapeneira.gal\\\/index.php\\\/2023\\\/05\\\/17\\\/as-penlas-de-redondela\\\/#primaryimage\"},\"thumbnailUrl\":\"https:\\\/\\\/www.anovapeneira.gal\\\/wp-content\\\/uploads\\\/2023\\\/05\\\/as_penlas.jpg\",\"keywords\":[\"Concello de Redondela\"],\"articleSection\":[\"Redondela\"],\"inLanguage\":\"gl-ES\",\"potentialAction\":[{\"@type\":\"CommentAction\",\"name\":\"Comment\",\"target\":[\"https:\\\/\\\/www.anovapeneira.gal\\\/index.php\\\/2023\\\/05\\\/17\\\/as-penlas-de-redondela\\\/#respond\"]}]},{\"@type\":\"WebPage\",\"@id\":\"https:\\\/\\\/www.anovapeneira.gal\\\/index.php\\\/2023\\\/05\\\/17\\\/as-penlas-de-redondela\\\/\",\"url\":\"https:\\\/\\\/www.anovapeneira.gal\\\/index.php\\\/2023\\\/05\\\/17\\\/as-penlas-de-redondela\\\/\",\"name\":\"As Penlas de Redondela -\",\"isPartOf\":{\"@id\":\"https:\\\/\\\/www.anovapeneira.gal\\\/#website\"},\"primaryImageOfPage\":{\"@id\":\"https:\\\/\\\/www.anovapeneira.gal\\\/index.php\\\/2023\\\/05\\\/17\\\/as-penlas-de-redondela\\\/#primaryimage\"},\"image\":{\"@id\":\"https:\\\/\\\/www.anovapeneira.gal\\\/index.php\\\/2023\\\/05\\\/17\\\/as-penlas-de-redondela\\\/#primaryimage\"},\"thumbnailUrl\":\"https:\\\/\\\/www.anovapeneira.gal\\\/wp-content\\\/uploads\\\/2023\\\/05\\\/as_penlas.jpg\",\"datePublished\":\"2023-05-17T08:00:59+00:00\",\"description\":\"A festa da Coca ten na danza das espadas un dos seus atractivos m\u00e1is salientables. De maneira simult\u00e1nea \u00e1 danza das espadas exec\u00fatase o baile das Penlas\",\"breadcrumb\":{\"@id\":\"https:\\\/\\\/www.anovapeneira.gal\\\/index.php\\\/2023\\\/05\\\/17\\\/as-penlas-de-redondela\\\/#breadcrumb\"},\"inLanguage\":\"gl-ES\",\"potentialAction\":[{\"@type\":\"ReadAction\",\"target\":[\"https:\\\/\\\/www.anovapeneira.gal\\\/index.php\\\/2023\\\/05\\\/17\\\/as-penlas-de-redondela\\\/\"]}]},{\"@type\":\"ImageObject\",\"inLanguage\":\"gl-ES\",\"@id\":\"https:\\\/\\\/www.anovapeneira.gal\\\/index.php\\\/2023\\\/05\\\/17\\\/as-penlas-de-redondela\\\/#primaryimage\",\"url\":\"https:\\\/\\\/www.anovapeneira.gal\\\/wp-content\\\/uploads\\\/2023\\\/05\\\/as_penlas.jpg\",\"contentUrl\":\"https:\\\/\\\/www.anovapeneira.gal\\\/wp-content\\\/uploads\\\/2023\\\/05\\\/as_penlas.jpg\",\"width\":720,\"height\":432,\"caption\":\"As Penlas de Redondela\"},{\"@type\":\"BreadcrumbList\",\"@id\":\"https:\\\/\\\/www.anovapeneira.gal\\\/index.php\\\/2023\\\/05\\\/17\\\/as-penlas-de-redondela\\\/#breadcrumb\",\"itemListElement\":[{\"@type\":\"ListItem\",\"position\":1,\"name\":\"Portada\",\"item\":\"https:\\\/\\\/www.anovapeneira.gal\\\/\"},{\"@type\":\"ListItem\",\"position\":2,\"name\":\"As Penlas de Redondela\"}]},{\"@type\":\"WebSite\",\"@id\":\"https:\\\/\\\/www.anovapeneira.gal\\\/#website\",\"url\":\"https:\\\/\\\/www.anovapeneira.gal\\\/\",\"name\":\"\",\"description\":\"Xornal galego de informaci\u00f3n xeral Publicaci\u00f3n mensual de novas de Galicia e en especial dos Concellos da sur da provincia de Pontevedra.\",\"publisher\":{\"@id\":\"https:\\\/\\\/www.anovapeneira.gal\\\/#organization\"},\"potentialAction\":[{\"@type\":\"SearchAction\",\"target\":{\"@type\":\"EntryPoint\",\"urlTemplate\":\"https:\\\/\\\/www.anovapeneira.gal\\\/?s={search_term_string}\"},\"query-input\":{\"@type\":\"PropertyValueSpecification\",\"valueRequired\":true,\"valueName\":\"search_term_string\"}}],\"inLanguage\":\"gl-ES\"},{\"@type\":\"Organization\",\"@id\":\"https:\\\/\\\/www.anovapeneira.gal\\\/#organization\",\"name\":\"A Nova Peneira\",\"url\":\"https:\\\/\\\/www.anovapeneira.gal\\\/\",\"logo\":{\"@type\":\"ImageObject\",\"inLanguage\":\"gl-ES\",\"@id\":\"https:\\\/\\\/www.anovapeneira.gal\\\/#\\\/schema\\\/logo\\\/image\\\/\",\"url\":\"http:\\\/\\\/www.anovapeneira.gal\\\/wp-content\\\/uploads\\\/2019\\\/06\\\/logo_a_nova_peneira_portal_web.png\",\"contentUrl\":\"http:\\\/\\\/www.anovapeneira.gal\\\/wp-content\\\/uploads\\\/2019\\\/06\\\/logo_a_nova_peneira_portal_web.png\",\"width\":300,\"height\":100,\"caption\":\"A Nova Peneira\"},\"image\":{\"@id\":\"https:\\\/\\\/www.anovapeneira.gal\\\/#\\\/schema\\\/logo\\\/image\\\/\"},\"sameAs\":[\"https:\\\/\\\/www.facebook.com\\\/anovapeneira\",\"https:\\\/\\\/x.com\\\/APeneira\"]},{\"@type\":\"Person\",\"@id\":\"https:\\\/\\\/www.anovapeneira.gal\\\/#\\\/schema\\\/person\\\/b93e3f8932e3f8da96334607eb6ac6aa\",\"name\":\"Redacci\u00f3n A Nova Peneira\",\"image\":{\"@type\":\"ImageObject\",\"inLanguage\":\"gl-ES\",\"@id\":\"https:\\\/\\\/secure.gravatar.com\\\/avatar\\\/c052a2551a06e23fac63626232eaa90abd78dbcf1700fc46a2b2c89fd27b735f?s=96&d=mm&r=g\",\"url\":\"https:\\\/\\\/secure.gravatar.com\\\/avatar\\\/c052a2551a06e23fac63626232eaa90abd78dbcf1700fc46a2b2c89fd27b735f?s=96&d=mm&r=g\",\"contentUrl\":\"https:\\\/\\\/secure.gravatar.com\\\/avatar\\\/c052a2551a06e23fac63626232eaa90abd78dbcf1700fc46a2b2c89fd27b735f?s=96&d=mm&r=g\",\"caption\":\"Redacci\u00f3n A Nova Peneira\"},\"sameAs\":[\"http:\\\/\\\/www.anovapeneira.gal\\\/\"],\"url\":\"https:\\\/\\\/www.anovapeneira.gal\\\/index.php\\\/author\\\/redactor\\\/\"}]}<\/script>\n<!-- \/ Yoast SEO plugin. -->","yoast_head_json":{"title":"As Penlas de Redondela -","description":"A festa da Coca ten na danza das espadas un dos seus atractivos m\u00e1is salientables. De maneira simult\u00e1nea \u00e1 danza das espadas exec\u00fatase o baile das Penlas","robots":{"index":"index","follow":"follow","max-snippet":"max-snippet:-1","max-image-preview":"max-image-preview:large","max-video-preview":"max-video-preview:-1"},"canonical":"https:\/\/www.anovapeneira.gal\/index.php\/2023\/05\/17\/as-penlas-de-redondela\/","og_locale":"gl_ES","og_type":"article","og_title":"As Penlas de Redondela -","og_description":"A festa da Coca ten na danza das espadas un dos seus atractivos m\u00e1is salientables. De maneira simult\u00e1nea \u00e1 danza das espadas exec\u00fatase o baile das Penlas","og_url":"https:\/\/www.anovapeneira.gal\/index.php\/2023\/05\/17\/as-penlas-de-redondela\/","article_publisher":"https:\/\/www.facebook.com\/anovapeneira","article_published_time":"2023-05-17T08:00:59+00:00","og_image":[{"width":720,"height":432,"url":"https:\/\/www.anovapeneira.gal\/wp-content\/uploads\/2023\/05\/as_penlas.jpg","type":"image\/jpeg"}],"author":"Redacci\u00f3n A Nova Peneira","twitter_card":"summary_large_image","twitter_creator":"@APeneira","twitter_site":"@APeneira","twitter_misc":{"Escrito por":"Redacci\u00f3n A Nova Peneira","Tempo de lectura":"3 minutos"},"schema":{"@context":"https:\/\/schema.org","@graph":[{"@type":"Article","@id":"https:\/\/www.anovapeneira.gal\/index.php\/2023\/05\/17\/as-penlas-de-redondela\/#article","isPartOf":{"@id":"https:\/\/www.anovapeneira.gal\/index.php\/2023\/05\/17\/as-penlas-de-redondela\/"},"author":{"name":"Redacci\u00f3n A Nova Peneira","@id":"https:\/\/www.anovapeneira.gal\/#\/schema\/person\/b93e3f8932e3f8da96334607eb6ac6aa"},"headline":"As Penlas de Redondela","datePublished":"2023-05-17T08:00:59+00:00","mainEntityOfPage":{"@id":"https:\/\/www.anovapeneira.gal\/index.php\/2023\/05\/17\/as-penlas-de-redondela\/"},"wordCount":529,"commentCount":0,"publisher":{"@id":"https:\/\/www.anovapeneira.gal\/#organization"},"image":{"@id":"https:\/\/www.anovapeneira.gal\/index.php\/2023\/05\/17\/as-penlas-de-redondela\/#primaryimage"},"thumbnailUrl":"https:\/\/www.anovapeneira.gal\/wp-content\/uploads\/2023\/05\/as_penlas.jpg","keywords":["Concello de Redondela"],"articleSection":["Redondela"],"inLanguage":"gl-ES","potentialAction":[{"@type":"CommentAction","name":"Comment","target":["https:\/\/www.anovapeneira.gal\/index.php\/2023\/05\/17\/as-penlas-de-redondela\/#respond"]}]},{"@type":"WebPage","@id":"https:\/\/www.anovapeneira.gal\/index.php\/2023\/05\/17\/as-penlas-de-redondela\/","url":"https:\/\/www.anovapeneira.gal\/index.php\/2023\/05\/17\/as-penlas-de-redondela\/","name":"As Penlas de Redondela -","isPartOf":{"@id":"https:\/\/www.anovapeneira.gal\/#website"},"primaryImageOfPage":{"@id":"https:\/\/www.anovapeneira.gal\/index.php\/2023\/05\/17\/as-penlas-de-redondela\/#primaryimage"},"image":{"@id":"https:\/\/www.anovapeneira.gal\/index.php\/2023\/05\/17\/as-penlas-de-redondela\/#primaryimage"},"thumbnailUrl":"https:\/\/www.anovapeneira.gal\/wp-content\/uploads\/2023\/05\/as_penlas.jpg","datePublished":"2023-05-17T08:00:59+00:00","description":"A festa da Coca ten na danza das espadas un dos seus atractivos m\u00e1is salientables. De maneira simult\u00e1nea \u00e1 danza das espadas exec\u00fatase o baile das Penlas","breadcrumb":{"@id":"https:\/\/www.anovapeneira.gal\/index.php\/2023\/05\/17\/as-penlas-de-redondela\/#breadcrumb"},"inLanguage":"gl-ES","potentialAction":[{"@type":"ReadAction","target":["https:\/\/www.anovapeneira.gal\/index.php\/2023\/05\/17\/as-penlas-de-redondela\/"]}]},{"@type":"ImageObject","inLanguage":"gl-ES","@id":"https:\/\/www.anovapeneira.gal\/index.php\/2023\/05\/17\/as-penlas-de-redondela\/#primaryimage","url":"https:\/\/www.anovapeneira.gal\/wp-content\/uploads\/2023\/05\/as_penlas.jpg","contentUrl":"https:\/\/www.anovapeneira.gal\/wp-content\/uploads\/2023\/05\/as_penlas.jpg","width":720,"height":432,"caption":"As Penlas de Redondela"},{"@type":"BreadcrumbList","@id":"https:\/\/www.anovapeneira.gal\/index.php\/2023\/05\/17\/as-penlas-de-redondela\/#breadcrumb","itemListElement":[{"@type":"ListItem","position":1,"name":"Portada","item":"https:\/\/www.anovapeneira.gal\/"},{"@type":"ListItem","position":2,"name":"As Penlas de Redondela"}]},{"@type":"WebSite","@id":"https:\/\/www.anovapeneira.gal\/#website","url":"https:\/\/www.anovapeneira.gal\/","name":"","description":"Xornal galego de informaci\u00f3n xeral Publicaci\u00f3n mensual de novas de Galicia e en especial dos Concellos da sur da provincia de Pontevedra.","publisher":{"@id":"https:\/\/www.anovapeneira.gal\/#organization"},"potentialAction":[{"@type":"SearchAction","target":{"@type":"EntryPoint","urlTemplate":"https:\/\/www.anovapeneira.gal\/?s={search_term_string}"},"query-input":{"@type":"PropertyValueSpecification","valueRequired":true,"valueName":"search_term_string"}}],"inLanguage":"gl-ES"},{"@type":"Organization","@id":"https:\/\/www.anovapeneira.gal\/#organization","name":"A Nova Peneira","url":"https:\/\/www.anovapeneira.gal\/","logo":{"@type":"ImageObject","inLanguage":"gl-ES","@id":"https:\/\/www.anovapeneira.gal\/#\/schema\/logo\/image\/","url":"http:\/\/www.anovapeneira.gal\/wp-content\/uploads\/2019\/06\/logo_a_nova_peneira_portal_web.png","contentUrl":"http:\/\/www.anovapeneira.gal\/wp-content\/uploads\/2019\/06\/logo_a_nova_peneira_portal_web.png","width":300,"height":100,"caption":"A Nova Peneira"},"image":{"@id":"https:\/\/www.anovapeneira.gal\/#\/schema\/logo\/image\/"},"sameAs":["https:\/\/www.facebook.com\/anovapeneira","https:\/\/x.com\/APeneira"]},{"@type":"Person","@id":"https:\/\/www.anovapeneira.gal\/#\/schema\/person\/b93e3f8932e3f8da96334607eb6ac6aa","name":"Redacci\u00f3n A Nova Peneira","image":{"@type":"ImageObject","inLanguage":"gl-ES","@id":"https:\/\/secure.gravatar.com\/avatar\/c052a2551a06e23fac63626232eaa90abd78dbcf1700fc46a2b2c89fd27b735f?s=96&d=mm&r=g","url":"https:\/\/secure.gravatar.com\/avatar\/c052a2551a06e23fac63626232eaa90abd78dbcf1700fc46a2b2c89fd27b735f?s=96&d=mm&r=g","contentUrl":"https:\/\/secure.gravatar.com\/avatar\/c052a2551a06e23fac63626232eaa90abd78dbcf1700fc46a2b2c89fd27b735f?s=96&d=mm&r=g","caption":"Redacci\u00f3n A Nova Peneira"},"sameAs":["http:\/\/www.anovapeneira.gal\/"],"url":"https:\/\/www.anovapeneira.gal\/index.php\/author\/redactor\/"}]}},"jetpack_featured_media_url":"https:\/\/www.anovapeneira.gal\/wp-content\/uploads\/2023\/05\/as_penlas.jpg","_links":{"self":[{"href":"https:\/\/www.anovapeneira.gal\/index.php\/wp-json\/wp\/v2\/posts\/9734","targetHints":{"allow":["GET"]}}],"collection":[{"href":"https:\/\/www.anovapeneira.gal\/index.php\/wp-json\/wp\/v2\/posts"}],"about":[{"href":"https:\/\/www.anovapeneira.gal\/index.php\/wp-json\/wp\/v2\/types\/post"}],"author":[{"embeddable":true,"href":"https:\/\/www.anovapeneira.gal\/index.php\/wp-json\/wp\/v2\/users\/3"}],"replies":[{"embeddable":true,"href":"https:\/\/www.anovapeneira.gal\/index.php\/wp-json\/wp\/v2\/comments?post=9734"}],"version-history":[{"count":1,"href":"https:\/\/www.anovapeneira.gal\/index.php\/wp-json\/wp\/v2\/posts\/9734\/revisions"}],"predecessor-version":[{"id":9736,"href":"https:\/\/www.anovapeneira.gal\/index.php\/wp-json\/wp\/v2\/posts\/9734\/revisions\/9736"}],"wp:featuredmedia":[{"embeddable":true,"href":"https:\/\/www.anovapeneira.gal\/index.php\/wp-json\/wp\/v2\/media\/9735"}],"wp:attachment":[{"href":"https:\/\/www.anovapeneira.gal\/index.php\/wp-json\/wp\/v2\/media?parent=9734"}],"wp:term":[{"taxonomy":"category","embeddable":true,"href":"https:\/\/www.anovapeneira.gal\/index.php\/wp-json\/wp\/v2\/categories?post=9734"},{"taxonomy":"post_tag","embeddable":true,"href":"https:\/\/www.anovapeneira.gal\/index.php\/wp-json\/wp\/v2\/tags?post=9734"}],"curies":[{"name":"wp","href":"https:\/\/api.w.org\/{rel}","templated":true}]}}