{"id":9743,"date":"2023-05-19T10:00:08","date_gmt":"2023-05-19T08:00:08","guid":{"rendered":"https:\/\/www.anovapeneira.gal\/?p=9743"},"modified":"2023-05-16T11:11:35","modified_gmt":"2023-05-16T09:11:35","slug":"cousas-de-salvaterra-7","status":"publish","type":"post","link":"https:\/\/www.anovapeneira.gal\/index.php\/2023\/05\/19\/cousas-de-salvaterra-7\/","title":{"rendered":"Cousas de Salvaterra"},"content":{"rendered":"\n<figure class=\"wp-block-image size-full is-resized\"><img loading=\"lazy\" decoding=\"async\" src=\"https:\/\/www.anovapeneira.gal\/wp-content\/uploads\/2022\/08\/opinion_anton_saque.jpg\" alt=\"Ant\u00f3n Lourenzo, veci\u00f1o da Vila\" class=\"wp-image-8006\" width=\"95\" height=\"115\"\/><figcaption class=\"wp-element-caption\">Ant\u00f3n Lourenzo, veci\u00f1o da Vila<\/figcaption><\/figure>\n\n\n\n<h2 class=\"wp-block-heading\">ATAQUE AS PARROQUIAS DE PESQUEIRAS E FORNELOS:<\/h2>\n\n\n\n<p>Continua o progreso das acci\u00f3ns militares e os feitos delas, dirixidas polo Conde de Castel Melhor, contra os galegos. Pretend\u00eda o Conde no s\u00f3 demostrar que ti\u00f1a ga\u00f1ada e sustentada a praza de Salvaterra, sen\u00f3n que nun alarde de poder\u00edo, quixo ir buscar o enemigo onde fore se atopaba, incluso apoderarse doutras prazas.<\/p>\n\n\n\n<p>Ordenou ao Mestre de Campo Diogo de Mello Pereira, sair con mil cincocentos infantes e algunha cabaler\u00eda, fac\u00e9ndoo na orde seguinte. Saiu o capit\u00e1n Chistov\u00e3o Mausinho de Vasconcelhos, con o grupo m\u00e1is numeroso, chamados os aventureiros, ap\u00f3s eles, o capit\u00e1n Duquin\u00e9, con xente de cabalo, na vangarda o Mestre de Campo formada a s\u00faa compa\u00f1\u00eda da de Rodr\u00edgo de Moura Coutinho e da metade do terzo de Ponte da Lima e Viana. No corpo de batalla \u00eda o capit\u00e1n Fern\u00e3o Lobo de Mesquita, que en muitas ocasi\u00f3ns ten mostrado o seu valor de bo patricio da provincia, e o tercio de Braga gobernado por Manoel de Sousa de Abreu, coas s\u00faas compa\u00f1\u00edas e outra metade do terzo de Viana. Por Sarxento maior desta forza, Roque Mont.<\/p>\n\n\n\n<p>Foi preparado este ataque o dezasete de agosto do ano 1643, dous d\u00edas despois da conquista de Salvaterra. (Nas fontes das que quen isto escribe, literalmente marca o ano 1644, o cal \u00e9 un erro evidente).<\/p>\n\n\n\n<p>Saen os portugueses da praza de Salvaterra e pelexan cos galegos no lugar de Pesqueiras e desbar\u00e1tano. Tomaron o cami\u00f1o que vai para Ponteareas, marquesado do Sobroso. A menos de media legua da praza de Salvaterra, ofrec\u00edase o lugar de Pesqueiras, a vista do cal apareceu o enemigo que se opuxo os portugueses. Foron envestidos pola cabaler\u00eda de modo que lle mataron quince homes, ferido outros e o resto librouse polo beneficio dos pes. O lugar foi saqueado e queimado, sinalando ser bon pobo de casas nobles.<\/p>\n\n\n\n<p>Proseguiu o ataque polo cami\u00f1o de Ponteareas unha legua avante asolando e quimando grande parte da feligres\u00eda de San Xo\u00e1n de Fornelos. Despois disto, deron volta o longo do r\u00edo Tea que, como sabemos, vai at\u00e9 a ponte da Fillaboa, onde xa, co\u00f1ecendo o enemigo a importancia de asegurar aquel paso, ti\u00f1a comezado a fabricar un reducto e formar unhas trincheiras para acuartelarse, (como m\u00e1is tarde conseguiu).<\/p>\n\n\n\n<p>Foi este reducto dise\u00f1ado para impedirlle o paso a Castel Melhor deica Tui. Entre tanto, antes de arr\u00e1salo, ordenou o Mestre de Campo \u00f3 capit\u00e1n Rodrigo de Moura Coutinho, que coa s\u00faa compa\u00f1\u00eda, reforzado de m\u00e1is xente, envestise as trincheiras da ponte. F\u00edxoo valeroso, porque dando e recibindo pelouros, ga\u00f1ounas, tendo que deixalas desamparadas o enemigo.<\/p>\n\n\n\n<p>Tam\u00e9n polo alto da outra banda do r\u00edo, enviou o Mestre de Campo \u00f3s capit\u00e1ns Monsuir? Marila, Chistov\u00e3o Mausi\u00f1o de Vasconcelos e o sarxento maior Roque Mont, tam\u00e9n co mesmo obxectivo. Estes tiveron que vadear o r\u00edo at\u00e9 a cintura, pero sendo o cami\u00f1o m\u00e1is lonxe, non chegaron a tempo polo rodeo e o r\u00edo que tiveron que atravesar. Non por iso ga\u00f1ou moito o enemigo porque encontr\u00e1ronse con eles cando se retiraban das trincheiras tiveron estes que fixir para sair do perigo, tornando os nosos valentes a Salvaterra, en cuxa ausencia voltou o enemigo a continuar co seu reducto, sen haber de parte a parte outra matanza. Inda as\u00ed tratou o Conde recuperar cinco barcos que hab\u00eda unda a ponte da Fillaboa, que en principio non o poideran facer polo lugar onde estaban, fregoso de \u00e1rbores, e con perido de unha emboscada. O d\u00eda xa \u00eda gastado e non deu lugar a m\u00e1is.<\/p>\n\n\n\n<p>Continuou o saqueo e queimaron alg\u00fans lugares no d\u00eda seginte dezaoito de agosto de 1643.<\/p>\n\n\n\n<p>Continuar\u00e1\u2026<\/p>\n\n\n\n<p>Antonxaque@gmail.com<\/p>\n\n\n\n<p>Salvaterra, maio do 2023<\/p>\n\n\n\n<p>Historia do Portugal Restaurado. Biblioteca Penzol, Vigo.<\/p>\n\n\n\n<p>Jo\u00e3o Salgado de Araujo, Abade de Pera. Biblioteca Nnal. Lisboa.<\/p>\n","protected":false},"excerpt":{"rendered":"<div class=\"mh-excerpt\"><p>Continua o progreso das acci\u00f3ns militares e os feitos delas, dirixidas polo Conde de Castel Melhor, contra os galegos <a class=\"mh-excerpt-more\" href=\"https:\/\/www.anovapeneira.gal\/index.php\/2023\/05\/19\/cousas-de-salvaterra-7\/\" title=\"Cousas de Salvaterra\">[&#8230;]<\/a><\/p>\n<\/div>","protected":false},"author":34,"featured_media":9745,"comment_status":"open","ping_status":"open","sticky":false,"template":"","format":"standard","meta":{"_exactmetrics_skip_tracking":false,"_exactmetrics_sitenote_active":false,"_exactmetrics_sitenote_note":"","_exactmetrics_sitenote_category":0,"footnotes":""},"categories":[1],"tags":[],"class_list":{"0":"post-9743","1":"post","2":"type-post","3":"status-publish","4":"format-standard","5":"has-post-thumbnail","7":"category-sin-categoria"},"yoast_head":"<!-- This site is optimized with the Yoast SEO plugin v27.5 - https:\/\/yoast.com\/product\/yoast-seo-wordpress\/ -->\n<title>Cousas de Salvaterra -<\/title>\n<meta name=\"description\" content=\"Continua o progreso das acci\u00f3ns militares e os feitos delas, dirixidas polo Conde de Castel Melhor, contra os galegos\" \/>\n<meta name=\"robots\" content=\"index, follow, max-snippet:-1, max-image-preview:large, max-video-preview:-1\" \/>\n<link rel=\"canonical\" href=\"https:\/\/www.anovapeneira.gal\/index.php\/2023\/05\/19\/cousas-de-salvaterra-7\/\" \/>\n<meta property=\"og:locale\" content=\"gl_ES\" \/>\n<meta property=\"og:type\" content=\"article\" \/>\n<meta property=\"og:title\" content=\"Cousas de Salvaterra -\" \/>\n<meta property=\"og:description\" content=\"Continua o progreso das acci\u00f3ns militares e os feitos delas, dirixidas polo Conde de Castel Melhor, contra os galegos\" \/>\n<meta property=\"og:url\" content=\"https:\/\/www.anovapeneira.gal\/index.php\/2023\/05\/19\/cousas-de-salvaterra-7\/\" \/>\n<meta property=\"article:publisher\" content=\"https:\/\/www.facebook.com\/anovapeneira\" \/>\n<meta property=\"article:published_time\" content=\"2023-05-19T08:00:08+00:00\" \/>\n<meta property=\"og:image\" content=\"https:\/\/www.anovapeneira.gal\/wp-content\/uploads\/2023\/05\/saque_salvaterra.jpg\" \/>\n\t<meta property=\"og:image:width\" content=\"720\" \/>\n\t<meta property=\"og:image:height\" content=\"432\" \/>\n\t<meta property=\"og:image:type\" content=\"image\/jpeg\" \/>\n<meta name=\"author\" content=\"Ant\u00f3n Lorenzo Gonz\u00e1lez\" \/>\n<meta name=\"twitter:card\" content=\"summary_large_image\" \/>\n<meta name=\"twitter:image\" content=\"https:\/\/www.anovapeneira.gal\/wp-content\/uploads\/2023\/05\/saque_salvaterra.jpg\" \/>\n<meta name=\"twitter:creator\" content=\"@APeneira\" \/>\n<meta name=\"twitter:site\" content=\"@APeneira\" \/>\n<meta name=\"twitter:label1\" content=\"Escrito por\" \/>\n\t<meta name=\"twitter:data1\" content=\"Ant\u00f3n Lorenzo Gonz\u00e1lez\" \/>\n\t<meta name=\"twitter:label2\" content=\"Tempo de lectura\" \/>\n\t<meta name=\"twitter:data2\" content=\"4 minutos\" \/>\n<script type=\"application\/ld+json\" class=\"yoast-schema-graph\">{\"@context\":\"https:\\\/\\\/schema.org\",\"@graph\":[{\"@type\":\"Article\",\"@id\":\"https:\\\/\\\/www.anovapeneira.gal\\\/index.php\\\/2023\\\/05\\\/19\\\/cousas-de-salvaterra-7\\\/#article\",\"isPartOf\":{\"@id\":\"https:\\\/\\\/www.anovapeneira.gal\\\/index.php\\\/2023\\\/05\\\/19\\\/cousas-de-salvaterra-7\\\/\"},\"author\":{\"name\":\"Ant\u00f3n Lorenzo Gonz\u00e1lez\",\"@id\":\"https:\\\/\\\/www.anovapeneira.gal\\\/#\\\/schema\\\/person\\\/1bf91cd240796d05b6522e3d8a6e2d8e\"},\"headline\":\"Cousas de Salvaterra\",\"datePublished\":\"2023-05-19T08:00:08+00:00\",\"mainEntityOfPage\":{\"@id\":\"https:\\\/\\\/www.anovapeneira.gal\\\/index.php\\\/2023\\\/05\\\/19\\\/cousas-de-salvaterra-7\\\/\"},\"wordCount\":689,\"commentCount\":0,\"publisher\":{\"@id\":\"https:\\\/\\\/www.anovapeneira.gal\\\/#organization\"},\"image\":{\"@id\":\"https:\\\/\\\/www.anovapeneira.gal\\\/index.php\\\/2023\\\/05\\\/19\\\/cousas-de-salvaterra-7\\\/#primaryimage\"},\"thumbnailUrl\":\"https:\\\/\\\/www.anovapeneira.gal\\\/wp-content\\\/uploads\\\/2023\\\/05\\\/saque_salvaterra.jpg\",\"articleSection\":[\"Sin categor\u00eda\"],\"inLanguage\":\"gl-ES\",\"potentialAction\":[{\"@type\":\"CommentAction\",\"name\":\"Comment\",\"target\":[\"https:\\\/\\\/www.anovapeneira.gal\\\/index.php\\\/2023\\\/05\\\/19\\\/cousas-de-salvaterra-7\\\/#respond\"]}]},{\"@type\":\"WebPage\",\"@id\":\"https:\\\/\\\/www.anovapeneira.gal\\\/index.php\\\/2023\\\/05\\\/19\\\/cousas-de-salvaterra-7\\\/\",\"url\":\"https:\\\/\\\/www.anovapeneira.gal\\\/index.php\\\/2023\\\/05\\\/19\\\/cousas-de-salvaterra-7\\\/\",\"name\":\"Cousas de Salvaterra -\",\"isPartOf\":{\"@id\":\"https:\\\/\\\/www.anovapeneira.gal\\\/#website\"},\"primaryImageOfPage\":{\"@id\":\"https:\\\/\\\/www.anovapeneira.gal\\\/index.php\\\/2023\\\/05\\\/19\\\/cousas-de-salvaterra-7\\\/#primaryimage\"},\"image\":{\"@id\":\"https:\\\/\\\/www.anovapeneira.gal\\\/index.php\\\/2023\\\/05\\\/19\\\/cousas-de-salvaterra-7\\\/#primaryimage\"},\"thumbnailUrl\":\"https:\\\/\\\/www.anovapeneira.gal\\\/wp-content\\\/uploads\\\/2023\\\/05\\\/saque_salvaterra.jpg\",\"datePublished\":\"2023-05-19T08:00:08+00:00\",\"description\":\"Continua o progreso das acci\u00f3ns militares e os feitos delas, dirixidas polo Conde de Castel Melhor, contra os galegos\",\"breadcrumb\":{\"@id\":\"https:\\\/\\\/www.anovapeneira.gal\\\/index.php\\\/2023\\\/05\\\/19\\\/cousas-de-salvaterra-7\\\/#breadcrumb\"},\"inLanguage\":\"gl-ES\",\"potentialAction\":[{\"@type\":\"ReadAction\",\"target\":[\"https:\\\/\\\/www.anovapeneira.gal\\\/index.php\\\/2023\\\/05\\\/19\\\/cousas-de-salvaterra-7\\\/\"]}]},{\"@type\":\"ImageObject\",\"inLanguage\":\"gl-ES\",\"@id\":\"https:\\\/\\\/www.anovapeneira.gal\\\/index.php\\\/2023\\\/05\\\/19\\\/cousas-de-salvaterra-7\\\/#primaryimage\",\"url\":\"https:\\\/\\\/www.anovapeneira.gal\\\/wp-content\\\/uploads\\\/2023\\\/05\\\/saque_salvaterra.jpg\",\"contentUrl\":\"https:\\\/\\\/www.anovapeneira.gal\\\/wp-content\\\/uploads\\\/2023\\\/05\\\/saque_salvaterra.jpg\",\"width\":720,\"height\":432,\"caption\":\"ATAQUE AS PARROQUIAS DE PESQUEIRAS E FORNELOS:\"},{\"@type\":\"BreadcrumbList\",\"@id\":\"https:\\\/\\\/www.anovapeneira.gal\\\/index.php\\\/2023\\\/05\\\/19\\\/cousas-de-salvaterra-7\\\/#breadcrumb\",\"itemListElement\":[{\"@type\":\"ListItem\",\"position\":1,\"name\":\"Portada\",\"item\":\"https:\\\/\\\/www.anovapeneira.gal\\\/\"},{\"@type\":\"ListItem\",\"position\":2,\"name\":\"Cousas de Salvaterra\"}]},{\"@type\":\"WebSite\",\"@id\":\"https:\\\/\\\/www.anovapeneira.gal\\\/#website\",\"url\":\"https:\\\/\\\/www.anovapeneira.gal\\\/\",\"name\":\"\",\"description\":\"Xornal galego de informaci\u00f3n xeral Publicaci\u00f3n mensual de novas de Galicia e en especial dos Concellos da sur da provincia de Pontevedra.\",\"publisher\":{\"@id\":\"https:\\\/\\\/www.anovapeneira.gal\\\/#organization\"},\"potentialAction\":[{\"@type\":\"SearchAction\",\"target\":{\"@type\":\"EntryPoint\",\"urlTemplate\":\"https:\\\/\\\/www.anovapeneira.gal\\\/?s={search_term_string}\"},\"query-input\":{\"@type\":\"PropertyValueSpecification\",\"valueRequired\":true,\"valueName\":\"search_term_string\"}}],\"inLanguage\":\"gl-ES\"},{\"@type\":\"Organization\",\"@id\":\"https:\\\/\\\/www.anovapeneira.gal\\\/#organization\",\"name\":\"A Nova Peneira\",\"url\":\"https:\\\/\\\/www.anovapeneira.gal\\\/\",\"logo\":{\"@type\":\"ImageObject\",\"inLanguage\":\"gl-ES\",\"@id\":\"https:\\\/\\\/www.anovapeneira.gal\\\/#\\\/schema\\\/logo\\\/image\\\/\",\"url\":\"http:\\\/\\\/www.anovapeneira.gal\\\/wp-content\\\/uploads\\\/2019\\\/06\\\/logo_a_nova_peneira_portal_web.png\",\"contentUrl\":\"http:\\\/\\\/www.anovapeneira.gal\\\/wp-content\\\/uploads\\\/2019\\\/06\\\/logo_a_nova_peneira_portal_web.png\",\"width\":300,\"height\":100,\"caption\":\"A Nova Peneira\"},\"image\":{\"@id\":\"https:\\\/\\\/www.anovapeneira.gal\\\/#\\\/schema\\\/logo\\\/image\\\/\"},\"sameAs\":[\"https:\\\/\\\/www.facebook.com\\\/anovapeneira\",\"https:\\\/\\\/x.com\\\/APeneira\"]},{\"@type\":\"Person\",\"@id\":\"https:\\\/\\\/www.anovapeneira.gal\\\/#\\\/schema\\\/person\\\/1bf91cd240796d05b6522e3d8a6e2d8e\",\"name\":\"Ant\u00f3n Lorenzo Gonz\u00e1lez\",\"image\":{\"@type\":\"ImageObject\",\"inLanguage\":\"gl-ES\",\"@id\":\"https:\\\/\\\/secure.gravatar.com\\\/avatar\\\/dcd882e8f4338e07610336943426400d525673506eb37ce59442ba704e5cc971?s=96&d=mm&r=g\",\"url\":\"https:\\\/\\\/secure.gravatar.com\\\/avatar\\\/dcd882e8f4338e07610336943426400d525673506eb37ce59442ba704e5cc971?s=96&d=mm&r=g\",\"contentUrl\":\"https:\\\/\\\/secure.gravatar.com\\\/avatar\\\/dcd882e8f4338e07610336943426400d525673506eb37ce59442ba704e5cc971?s=96&d=mm&r=g\",\"caption\":\"Ant\u00f3n Lorenzo Gonz\u00e1lez\"},\"url\":\"https:\\\/\\\/www.anovapeneira.gal\\\/index.php\\\/author\\\/xaque\\\/\"}]}<\/script>\n<!-- \/ Yoast SEO plugin. -->","yoast_head_json":{"title":"Cousas de Salvaterra -","description":"Continua o progreso das acci\u00f3ns militares e os feitos delas, dirixidas polo Conde de Castel Melhor, contra os galegos","robots":{"index":"index","follow":"follow","max-snippet":"max-snippet:-1","max-image-preview":"max-image-preview:large","max-video-preview":"max-video-preview:-1"},"canonical":"https:\/\/www.anovapeneira.gal\/index.php\/2023\/05\/19\/cousas-de-salvaterra-7\/","og_locale":"gl_ES","og_type":"article","og_title":"Cousas de Salvaterra -","og_description":"Continua o progreso das acci\u00f3ns militares e os feitos delas, dirixidas polo Conde de Castel Melhor, contra os galegos","og_url":"https:\/\/www.anovapeneira.gal\/index.php\/2023\/05\/19\/cousas-de-salvaterra-7\/","article_publisher":"https:\/\/www.facebook.com\/anovapeneira","article_published_time":"2023-05-19T08:00:08+00:00","og_image":[{"width":720,"height":432,"url":"https:\/\/www.anovapeneira.gal\/wp-content\/uploads\/2023\/05\/saque_salvaterra.jpg","type":"image\/jpeg"}],"author":"Ant\u00f3n Lorenzo Gonz\u00e1lez","twitter_card":"summary_large_image","twitter_image":"https:\/\/www.anovapeneira.gal\/wp-content\/uploads\/2023\/05\/saque_salvaterra.jpg","twitter_creator":"@APeneira","twitter_site":"@APeneira","twitter_misc":{"Escrito por":"Ant\u00f3n Lorenzo Gonz\u00e1lez","Tempo de lectura":"4 minutos"},"schema":{"@context":"https:\/\/schema.org","@graph":[{"@type":"Article","@id":"https:\/\/www.anovapeneira.gal\/index.php\/2023\/05\/19\/cousas-de-salvaterra-7\/#article","isPartOf":{"@id":"https:\/\/www.anovapeneira.gal\/index.php\/2023\/05\/19\/cousas-de-salvaterra-7\/"},"author":{"name":"Ant\u00f3n Lorenzo Gonz\u00e1lez","@id":"https:\/\/www.anovapeneira.gal\/#\/schema\/person\/1bf91cd240796d05b6522e3d8a6e2d8e"},"headline":"Cousas de Salvaterra","datePublished":"2023-05-19T08:00:08+00:00","mainEntityOfPage":{"@id":"https:\/\/www.anovapeneira.gal\/index.php\/2023\/05\/19\/cousas-de-salvaterra-7\/"},"wordCount":689,"commentCount":0,"publisher":{"@id":"https:\/\/www.anovapeneira.gal\/#organization"},"image":{"@id":"https:\/\/www.anovapeneira.gal\/index.php\/2023\/05\/19\/cousas-de-salvaterra-7\/#primaryimage"},"thumbnailUrl":"https:\/\/www.anovapeneira.gal\/wp-content\/uploads\/2023\/05\/saque_salvaterra.jpg","articleSection":["Sin categor\u00eda"],"inLanguage":"gl-ES","potentialAction":[{"@type":"CommentAction","name":"Comment","target":["https:\/\/www.anovapeneira.gal\/index.php\/2023\/05\/19\/cousas-de-salvaterra-7\/#respond"]}]},{"@type":"WebPage","@id":"https:\/\/www.anovapeneira.gal\/index.php\/2023\/05\/19\/cousas-de-salvaterra-7\/","url":"https:\/\/www.anovapeneira.gal\/index.php\/2023\/05\/19\/cousas-de-salvaterra-7\/","name":"Cousas de Salvaterra -","isPartOf":{"@id":"https:\/\/www.anovapeneira.gal\/#website"},"primaryImageOfPage":{"@id":"https:\/\/www.anovapeneira.gal\/index.php\/2023\/05\/19\/cousas-de-salvaterra-7\/#primaryimage"},"image":{"@id":"https:\/\/www.anovapeneira.gal\/index.php\/2023\/05\/19\/cousas-de-salvaterra-7\/#primaryimage"},"thumbnailUrl":"https:\/\/www.anovapeneira.gal\/wp-content\/uploads\/2023\/05\/saque_salvaterra.jpg","datePublished":"2023-05-19T08:00:08+00:00","description":"Continua o progreso das acci\u00f3ns militares e os feitos delas, dirixidas polo Conde de Castel Melhor, contra os galegos","breadcrumb":{"@id":"https:\/\/www.anovapeneira.gal\/index.php\/2023\/05\/19\/cousas-de-salvaterra-7\/#breadcrumb"},"inLanguage":"gl-ES","potentialAction":[{"@type":"ReadAction","target":["https:\/\/www.anovapeneira.gal\/index.php\/2023\/05\/19\/cousas-de-salvaterra-7\/"]}]},{"@type":"ImageObject","inLanguage":"gl-ES","@id":"https:\/\/www.anovapeneira.gal\/index.php\/2023\/05\/19\/cousas-de-salvaterra-7\/#primaryimage","url":"https:\/\/www.anovapeneira.gal\/wp-content\/uploads\/2023\/05\/saque_salvaterra.jpg","contentUrl":"https:\/\/www.anovapeneira.gal\/wp-content\/uploads\/2023\/05\/saque_salvaterra.jpg","width":720,"height":432,"caption":"ATAQUE AS PARROQUIAS DE PESQUEIRAS E FORNELOS:"},{"@type":"BreadcrumbList","@id":"https:\/\/www.anovapeneira.gal\/index.php\/2023\/05\/19\/cousas-de-salvaterra-7\/#breadcrumb","itemListElement":[{"@type":"ListItem","position":1,"name":"Portada","item":"https:\/\/www.anovapeneira.gal\/"},{"@type":"ListItem","position":2,"name":"Cousas de Salvaterra"}]},{"@type":"WebSite","@id":"https:\/\/www.anovapeneira.gal\/#website","url":"https:\/\/www.anovapeneira.gal\/","name":"","description":"Xornal galego de informaci\u00f3n xeral Publicaci\u00f3n mensual de novas de Galicia e en especial dos Concellos da sur da provincia de Pontevedra.","publisher":{"@id":"https:\/\/www.anovapeneira.gal\/#organization"},"potentialAction":[{"@type":"SearchAction","target":{"@type":"EntryPoint","urlTemplate":"https:\/\/www.anovapeneira.gal\/?s={search_term_string}"},"query-input":{"@type":"PropertyValueSpecification","valueRequired":true,"valueName":"search_term_string"}}],"inLanguage":"gl-ES"},{"@type":"Organization","@id":"https:\/\/www.anovapeneira.gal\/#organization","name":"A Nova Peneira","url":"https:\/\/www.anovapeneira.gal\/","logo":{"@type":"ImageObject","inLanguage":"gl-ES","@id":"https:\/\/www.anovapeneira.gal\/#\/schema\/logo\/image\/","url":"http:\/\/www.anovapeneira.gal\/wp-content\/uploads\/2019\/06\/logo_a_nova_peneira_portal_web.png","contentUrl":"http:\/\/www.anovapeneira.gal\/wp-content\/uploads\/2019\/06\/logo_a_nova_peneira_portal_web.png","width":300,"height":100,"caption":"A Nova Peneira"},"image":{"@id":"https:\/\/www.anovapeneira.gal\/#\/schema\/logo\/image\/"},"sameAs":["https:\/\/www.facebook.com\/anovapeneira","https:\/\/x.com\/APeneira"]},{"@type":"Person","@id":"https:\/\/www.anovapeneira.gal\/#\/schema\/person\/1bf91cd240796d05b6522e3d8a6e2d8e","name":"Ant\u00f3n Lorenzo Gonz\u00e1lez","image":{"@type":"ImageObject","inLanguage":"gl-ES","@id":"https:\/\/secure.gravatar.com\/avatar\/dcd882e8f4338e07610336943426400d525673506eb37ce59442ba704e5cc971?s=96&d=mm&r=g","url":"https:\/\/secure.gravatar.com\/avatar\/dcd882e8f4338e07610336943426400d525673506eb37ce59442ba704e5cc971?s=96&d=mm&r=g","contentUrl":"https:\/\/secure.gravatar.com\/avatar\/dcd882e8f4338e07610336943426400d525673506eb37ce59442ba704e5cc971?s=96&d=mm&r=g","caption":"Ant\u00f3n Lorenzo Gonz\u00e1lez"},"url":"https:\/\/www.anovapeneira.gal\/index.php\/author\/xaque\/"}]}},"jetpack_featured_media_url":"https:\/\/www.anovapeneira.gal\/wp-content\/uploads\/2023\/05\/saque_salvaterra.jpg","_links":{"self":[{"href":"https:\/\/www.anovapeneira.gal\/index.php\/wp-json\/wp\/v2\/posts\/9743","targetHints":{"allow":["GET"]}}],"collection":[{"href":"https:\/\/www.anovapeneira.gal\/index.php\/wp-json\/wp\/v2\/posts"}],"about":[{"href":"https:\/\/www.anovapeneira.gal\/index.php\/wp-json\/wp\/v2\/types\/post"}],"author":[{"embeddable":true,"href":"https:\/\/www.anovapeneira.gal\/index.php\/wp-json\/wp\/v2\/users\/34"}],"replies":[{"embeddable":true,"href":"https:\/\/www.anovapeneira.gal\/index.php\/wp-json\/wp\/v2\/comments?post=9743"}],"version-history":[{"count":1,"href":"https:\/\/www.anovapeneira.gal\/index.php\/wp-json\/wp\/v2\/posts\/9743\/revisions"}],"predecessor-version":[{"id":9746,"href":"https:\/\/www.anovapeneira.gal\/index.php\/wp-json\/wp\/v2\/posts\/9743\/revisions\/9746"}],"wp:featuredmedia":[{"embeddable":true,"href":"https:\/\/www.anovapeneira.gal\/index.php\/wp-json\/wp\/v2\/media\/9745"}],"wp:attachment":[{"href":"https:\/\/www.anovapeneira.gal\/index.php\/wp-json\/wp\/v2\/media?parent=9743"}],"wp:term":[{"taxonomy":"category","embeddable":true,"href":"https:\/\/www.anovapeneira.gal\/index.php\/wp-json\/wp\/v2\/categories?post=9743"},{"taxonomy":"post_tag","embeddable":true,"href":"https:\/\/www.anovapeneira.gal\/index.php\/wp-json\/wp\/v2\/tags?post=9743"}],"curies":[{"name":"wp","href":"https:\/\/api.w.org\/{rel}","templated":true}]}}