{"id":9747,"date":"2023-05-19T12:00:51","date_gmt":"2023-05-19T10:00:51","guid":{"rendered":"https:\/\/www.anovapeneira.gal\/?p=9747"},"modified":"2023-05-16T11:16:11","modified_gmt":"2023-05-16T09:16:11","slug":"vella-ou-nova-tirania","status":"publish","type":"post","link":"https:\/\/www.anovapeneira.gal\/index.php\/2023\/05\/19\/vella-ou-nova-tirania\/","title":{"rendered":"Vella ou nova tiran\u00eda"},"content":{"rendered":"\n<figure class=\"wp-block-image size-full is-resized\"><img loading=\"lazy\" decoding=\"async\" src=\"https:\/\/www.anovapeneira.gal\/wp-content\/uploads\/2019\/07\/Baldomero_Iglesias_Dobarrio_Mero.jpg\" alt=\"Baldomero Iglesias Dobarrio Mero artigos de opini\u00f3n A Nova Peneira\" class=\"wp-image-482\" width=\"95\" height=\"111\"\/><figcaption class=\"wp-element-caption\">Baldomero Iglesias Dobarrio, Mero<\/figcaption><\/figure>\n\n\n\n<p>Algu\u00e9n dixo que o mundo \u00e9 un gran supermercado de moi variados produtos no que s\u00f3 compran os que poden. De nada val a suposta moral do libre mercado, son inventos, que aparentemente compete en formas coa cruel realidade. Non, hoxe os mercados confundiron todo, s\u00f3 interesa o beneficio urxente, non hai \u00e9tica e se acaso algo de aparente est\u00e9tica, todo anda prostitu\u00eddo, contratado, subrogado, escravizado a este modo de poder que \u00e9 o di\u00f1eiro. Mesmo a verdade \u00e9 m\u00e1is verdade se est\u00e1 escudada polos dividendos dos m\u00e1is favorecidos. S\u00f3 \u00e9 solvente quen ten ese principio b\u00e1sico e monetario, de nada val a intelixencia que agora se merca artificial. No horizonte morre a esperanza ao ver como uns poucos, ser\u00e1n m\u00e1is poderosos e ter\u00e1n m\u00e1is raz\u00f3n, mentres os pobres seremos m\u00e1is pobres e, cando protestemos, calarannos con argumentos moitas veces lexislados e feitos norma, para aborrecernos mirando uns para outros no intento dunha reclamaci\u00f3n supostamente &#8220;xusta&#8221;. Por iso hai tanto papel e certificado, tanta burocracia, mesmo hai que morrer enchido de papeis que dean conta de que estamos xa no al\u00e9n, criando malvas a pesar da nosa inmobilidade evidente. Isto h\u00e9rdase, \u00edmonos acomodando \u00e1 docilidade, e son os nosos descendentes os que cargan coa culpa e a pena, coa facenda que haxa, sempre pouca.<\/p>\n\n\n\n<p>Anda polo medio deste tira e afrouxa a pol\u00edtica, onde manexan resultados os m\u00e1is votados e deciden o que se debe facer. Nesta alternancia levamos moito tempo no mesmo desamparo de sempre e sen ver que algu\u00e9n peta na mesa con ansias de arranxar algo.<\/p>\n\n\n\n<p>O cambio clim\u00e1tico far\u00e1 estragos porque hai que facer encoros -para os ricos-, agora no medio da seca. Hai que plantar eucaliptos para beneficio dos ricos, hai que espetar e\u00f3licos nas terras das aldeas, tam\u00e9n para beneficio do ricos, &#8230;e todo canto ve\u00f1a e se lles ocurra! E as minas, xa sabedes: onde poidan quedar descoidadas e a ceo aberto, quizais para enterrar animais enfermos e eles mesmos se convertan en lagoas de pr\u00e1cticas fluviais e augas de ph sospeitoso ao conter residuos perigosos, novamente para o divertimento dos ricos.<\/p>\n\n\n\n<p>Na secci\u00f3n de Cultura e Lingua nada hai, s\u00f3 ve\u00f1en estragar mais non consumen. Vede como falan o noso Idioma, vede e o\u00edde! Vede como perdemos falantes e como nos centros educativos perdemos esperanzas. Non te\u00f1en necesidade de acudir, no medio do supermercado, a secci\u00f3n de &#8220;barato-barato&#8221;, pasan disto que ser\u00eda cousa tan s\u00f3 de lexislar en equidade. As\u00ed funciona o negocio dos ricos, segue igual desde a noite dos tempos, mercan no seu supermercado e traen consigo esa rebaixa de xustiza que se vai consolidando e confunde e desautoriza a raz\u00f3n, o sentido com\u00fan. E que dicir dos dereitos dos vulnerables para calquera que queira sentirse inclu\u00eddo nesta matria do vento. Ben se viu, tam\u00e9n en Pontevedra, na mesma R\u00eda, cos cheiros que xa sempre nos profesan.<\/p>\n\n\n\n<p>Atr\u00e1s quedou a liberdade de mercado, a representatividade dos pol\u00edticos, a reacci\u00f3n da xente esixindo xustiza e liberdade. S\u00f3 eles poden facer o que fan. E nese cami\u00f1o mercan testemu\u00f1as e xu\u00edces, declaraci\u00f3ns de impacto ambiental e certificados de boa conduta. Miren, agora \u00e9 o momento, de ver como mentiron datos nos informes -IA- dos e\u00f3licos admitidos. Aquilo da liberdade era un espellismo ao que s\u00f3 ti\u00f1an acceso bancos, grandes empresas, farmac\u00e9uticas, el\u00e9ctricas. Os ricos son os que poden, os que mercan neste luxo de praceres varios, ao resto ch\u00e9ganos con chegar a fin de mes, se podemos. De a\u00ed nacen todas as derivas que nos acontecen, derivas b\u00e9licas e de violencia, de corrupci\u00f3n, de contaminaci\u00f3n e malgasto, de abusos e mentiras, de burlas. As causas que saen nos medios son causas sempre interesadas que van parar indefectiblemente aos ricos. Os pobres estaremos na escena para desenvolver o gui\u00f3n que nos diten e para producir maiores recursos e amosar os nosos desexos de compradores. Se hai que bailar, bailamos. Semellamos ser aquel pa\u00eds de bois capados que preconizaban os\/as poetas.<\/p>\n\n\n\n<p>A perda de valor adquisitivo, quen non a nota! Eles mercan sen problemas e sen n\u00fameros limitados. Mercan e esconden, hai para\u00edsos protectores que, ao final, nos escravizan ou nos fan subsidiarios da s\u00faa enorme mentira, subrogados tam\u00e9n da distribuci\u00f3n da renda e dos salarios.<\/p>\n\n\n\n<p>E os pol\u00edticos? Seica miran para os lados, desde a beira, e anque co\u00f1ecen a versi\u00f3n, son conscientes de que se se moven non sair\u00e1n na foto. Fan o que fan, cantan no coro e abondan na desmemoria, por se lles collen no renuncio. E os sindicatos? Alg\u00fans renunciaron xa hai tempo e outros bailan ao comp\u00e1s, mesmo cantan ao son que previamente lles ditaron. Por iso, non nos enganemos, agora que son tempos, hai que votar a aquela xente que se compromete e a\u00ednda ten creto. Aos que se comprometan e loiten en p\u00e9 de dignidade contra toda esa monta\u00f1a de lixo que nos persegue, en formas variadas de contaminaci\u00f3n da paisaxe, contra as industrias e empresas que nos destr\u00faen o noso ser f\u00edsico e social, que destr\u00faen a abaratan a Nosa Lingua, que confunden democracia e desconcerto, que nos ocultan feitos. Debemos ser cr\u00edticos coa nova mentira, esta que nos deixa sen dereitos e que, xa no tempo, nos fai indiferentes no campo das miserias.<\/p>\n\n\n\n<p>Baldomero Iglesias Dobarrio, Mero.<\/p>\n","protected":false},"excerpt":{"rendered":"<div class=\"mh-excerpt\"><p>Algu\u00e9n dixo que o mundo \u00e9 un gran supermercado de moi variados produtos no que s\u00f3 compran os que poden. De nada val a suposta moral do libre mercado, son inventos, que aparentemente compete en formas coa cruel realidade <a class=\"mh-excerpt-more\" href=\"https:\/\/www.anovapeneira.gal\/index.php\/2023\/05\/19\/vella-ou-nova-tirania\/\" title=\"Vella ou nova tiran\u00eda\">[&#8230;]<\/a><\/p>\n<\/div>","protected":false},"author":5,"featured_media":584,"comment_status":"open","ping_status":"open","sticky":false,"template":"","format":"standard","meta":{"_exactmetrics_skip_tracking":false,"_exactmetrics_sitenote_active":false,"_exactmetrics_sitenote_note":"","_exactmetrics_sitenote_category":0,"footnotes":""},"categories":[7],"tags":[],"class_list":{"0":"post-9747","1":"post","2":"type-post","3":"status-publish","4":"format-standard","5":"has-post-thumbnail","7":"category-artigos-de-opinion"},"yoast_head":"<!-- This site is optimized with the Yoast SEO plugin v27.5 - https:\/\/yoast.com\/product\/yoast-seo-wordpress\/ -->\n<title>Vella ou nova tiran\u00eda -<\/title>\n<meta name=\"description\" content=\"Algu\u00e9n dixo que o mundo \u00e9 un gran supermercado de moi variados produtos no que s\u00f3 compran os que poden. De nada val a suposta moral do libre mercado, son inventos, que aparentemente compete en formas coa cruel realidade\" \/>\n<meta name=\"robots\" content=\"index, follow, max-snippet:-1, max-image-preview:large, max-video-preview:-1\" \/>\n<link rel=\"canonical\" href=\"https:\/\/www.anovapeneira.gal\/index.php\/2023\/05\/19\/vella-ou-nova-tirania\/\" \/>\n<meta property=\"og:locale\" content=\"gl_ES\" \/>\n<meta property=\"og:type\" content=\"article\" \/>\n<meta property=\"og:title\" content=\"Vella ou nova tiran\u00eda -\" \/>\n<meta property=\"og:description\" content=\"Algu\u00e9n dixo que o mundo \u00e9 un gran supermercado de moi variados produtos no que s\u00f3 compran os que poden. De nada val a suposta moral do libre mercado, son inventos, que aparentemente compete en formas coa cruel realidade\" \/>\n<meta property=\"og:url\" content=\"https:\/\/www.anovapeneira.gal\/index.php\/2023\/05\/19\/vella-ou-nova-tirania\/\" \/>\n<meta property=\"article:publisher\" content=\"https:\/\/www.facebook.com\/anovapeneira\" \/>\n<meta property=\"article:published_time\" content=\"2023-05-19T10:00:51+00:00\" \/>\n<meta property=\"og:image\" content=\"https:\/\/www.anovapeneira.gal\/wp-content\/uploads\/2019\/07\/ARTIGO_DE_OPINION_A_NOVA_PENEIRA.jpg\" \/>\n\t<meta property=\"og:image:width\" content=\"720\" \/>\n\t<meta property=\"og:image:height\" content=\"473\" \/>\n\t<meta property=\"og:image:type\" content=\"image\/jpeg\" \/>\n<meta name=\"author\" content=\"Baldomero Iglesias Dobarrio, Mero\" \/>\n<meta name=\"twitter:card\" content=\"summary_large_image\" \/>\n<meta name=\"twitter:image\" content=\"https:\/\/www.anovapeneira.gal\/wp-content\/uploads\/2019\/07\/ARTIGO_DE_OPINION_A_NOVA_PENEIRA.jpg\" \/>\n<meta name=\"twitter:creator\" content=\"@APeneira\" \/>\n<meta name=\"twitter:site\" content=\"@APeneira\" \/>\n<meta name=\"twitter:label1\" content=\"Escrito por\" \/>\n\t<meta name=\"twitter:data1\" content=\"Baldomero Iglesias Dobarrio, Mero\" \/>\n\t<meta name=\"twitter:label2\" content=\"Tempo de lectura\" \/>\n\t<meta name=\"twitter:data2\" content=\"5 minutos\" \/>\n<script type=\"application\/ld+json\" class=\"yoast-schema-graph\">{\"@context\":\"https:\\\/\\\/schema.org\",\"@graph\":[{\"@type\":\"Article\",\"@id\":\"https:\\\/\\\/www.anovapeneira.gal\\\/index.php\\\/2023\\\/05\\\/19\\\/vella-ou-nova-tirania\\\/#article\",\"isPartOf\":{\"@id\":\"https:\\\/\\\/www.anovapeneira.gal\\\/index.php\\\/2023\\\/05\\\/19\\\/vella-ou-nova-tirania\\\/\"},\"author\":{\"name\":\"Baldomero Iglesias Dobarrio, Mero\",\"@id\":\"https:\\\/\\\/www.anovapeneira.gal\\\/#\\\/schema\\\/person\\\/b051ed40cfc100e281476674783b32fc\"},\"headline\":\"Vella ou nova tiran\u00eda\",\"datePublished\":\"2023-05-19T10:00:51+00:00\",\"mainEntityOfPage\":{\"@id\":\"https:\\\/\\\/www.anovapeneira.gal\\\/index.php\\\/2023\\\/05\\\/19\\\/vella-ou-nova-tirania\\\/\"},\"wordCount\":947,\"commentCount\":0,\"publisher\":{\"@id\":\"https:\\\/\\\/www.anovapeneira.gal\\\/#organization\"},\"image\":{\"@id\":\"https:\\\/\\\/www.anovapeneira.gal\\\/index.php\\\/2023\\\/05\\\/19\\\/vella-ou-nova-tirania\\\/#primaryimage\"},\"thumbnailUrl\":\"https:\\\/\\\/www.anovapeneira.gal\\\/wp-content\\\/uploads\\\/2019\\\/07\\\/ARTIGO_DE_OPINION_A_NOVA_PENEIRA.jpg\",\"articleSection\":[\"Artigos de opini\u00f3n\"],\"inLanguage\":\"gl-ES\",\"potentialAction\":[{\"@type\":\"CommentAction\",\"name\":\"Comment\",\"target\":[\"https:\\\/\\\/www.anovapeneira.gal\\\/index.php\\\/2023\\\/05\\\/19\\\/vella-ou-nova-tirania\\\/#respond\"]}]},{\"@type\":\"WebPage\",\"@id\":\"https:\\\/\\\/www.anovapeneira.gal\\\/index.php\\\/2023\\\/05\\\/19\\\/vella-ou-nova-tirania\\\/\",\"url\":\"https:\\\/\\\/www.anovapeneira.gal\\\/index.php\\\/2023\\\/05\\\/19\\\/vella-ou-nova-tirania\\\/\",\"name\":\"Vella ou nova tiran\u00eda -\",\"isPartOf\":{\"@id\":\"https:\\\/\\\/www.anovapeneira.gal\\\/#website\"},\"primaryImageOfPage\":{\"@id\":\"https:\\\/\\\/www.anovapeneira.gal\\\/index.php\\\/2023\\\/05\\\/19\\\/vella-ou-nova-tirania\\\/#primaryimage\"},\"image\":{\"@id\":\"https:\\\/\\\/www.anovapeneira.gal\\\/index.php\\\/2023\\\/05\\\/19\\\/vella-ou-nova-tirania\\\/#primaryimage\"},\"thumbnailUrl\":\"https:\\\/\\\/www.anovapeneira.gal\\\/wp-content\\\/uploads\\\/2019\\\/07\\\/ARTIGO_DE_OPINION_A_NOVA_PENEIRA.jpg\",\"datePublished\":\"2023-05-19T10:00:51+00:00\",\"description\":\"Algu\u00e9n dixo que o mundo \u00e9 un gran supermercado de moi variados produtos no que s\u00f3 compran os que poden. De nada val a suposta moral do libre mercado, son inventos, que aparentemente compete en formas coa cruel realidade\",\"breadcrumb\":{\"@id\":\"https:\\\/\\\/www.anovapeneira.gal\\\/index.php\\\/2023\\\/05\\\/19\\\/vella-ou-nova-tirania\\\/#breadcrumb\"},\"inLanguage\":\"gl-ES\",\"potentialAction\":[{\"@type\":\"ReadAction\",\"target\":[\"https:\\\/\\\/www.anovapeneira.gal\\\/index.php\\\/2023\\\/05\\\/19\\\/vella-ou-nova-tirania\\\/\"]}]},{\"@type\":\"ImageObject\",\"inLanguage\":\"gl-ES\",\"@id\":\"https:\\\/\\\/www.anovapeneira.gal\\\/index.php\\\/2023\\\/05\\\/19\\\/vella-ou-nova-tirania\\\/#primaryimage\",\"url\":\"https:\\\/\\\/www.anovapeneira.gal\\\/wp-content\\\/uploads\\\/2019\\\/07\\\/ARTIGO_DE_OPINION_A_NOVA_PENEIRA.jpg\",\"contentUrl\":\"https:\\\/\\\/www.anovapeneira.gal\\\/wp-content\\\/uploads\\\/2019\\\/07\\\/ARTIGO_DE_OPINION_A_NOVA_PENEIRA.jpg\",\"width\":720,\"height\":473,\"caption\":\"Artigo de opini\u00f3n A Nova Peneira\"},{\"@type\":\"BreadcrumbList\",\"@id\":\"https:\\\/\\\/www.anovapeneira.gal\\\/index.php\\\/2023\\\/05\\\/19\\\/vella-ou-nova-tirania\\\/#breadcrumb\",\"itemListElement\":[{\"@type\":\"ListItem\",\"position\":1,\"name\":\"Portada\",\"item\":\"https:\\\/\\\/www.anovapeneira.gal\\\/\"},{\"@type\":\"ListItem\",\"position\":2,\"name\":\"Vella ou nova tiran\u00eda\"}]},{\"@type\":\"WebSite\",\"@id\":\"https:\\\/\\\/www.anovapeneira.gal\\\/#website\",\"url\":\"https:\\\/\\\/www.anovapeneira.gal\\\/\",\"name\":\"\",\"description\":\"Xornal galego de informaci\u00f3n xeral Publicaci\u00f3n mensual de novas de Galicia e en especial dos Concellos da sur da provincia de Pontevedra.\",\"publisher\":{\"@id\":\"https:\\\/\\\/www.anovapeneira.gal\\\/#organization\"},\"potentialAction\":[{\"@type\":\"SearchAction\",\"target\":{\"@type\":\"EntryPoint\",\"urlTemplate\":\"https:\\\/\\\/www.anovapeneira.gal\\\/?s={search_term_string}\"},\"query-input\":{\"@type\":\"PropertyValueSpecification\",\"valueRequired\":true,\"valueName\":\"search_term_string\"}}],\"inLanguage\":\"gl-ES\"},{\"@type\":\"Organization\",\"@id\":\"https:\\\/\\\/www.anovapeneira.gal\\\/#organization\",\"name\":\"A Nova Peneira\",\"url\":\"https:\\\/\\\/www.anovapeneira.gal\\\/\",\"logo\":{\"@type\":\"ImageObject\",\"inLanguage\":\"gl-ES\",\"@id\":\"https:\\\/\\\/www.anovapeneira.gal\\\/#\\\/schema\\\/logo\\\/image\\\/\",\"url\":\"http:\\\/\\\/www.anovapeneira.gal\\\/wp-content\\\/uploads\\\/2019\\\/06\\\/logo_a_nova_peneira_portal_web.png\",\"contentUrl\":\"http:\\\/\\\/www.anovapeneira.gal\\\/wp-content\\\/uploads\\\/2019\\\/06\\\/logo_a_nova_peneira_portal_web.png\",\"width\":300,\"height\":100,\"caption\":\"A Nova Peneira\"},\"image\":{\"@id\":\"https:\\\/\\\/www.anovapeneira.gal\\\/#\\\/schema\\\/logo\\\/image\\\/\"},\"sameAs\":[\"https:\\\/\\\/www.facebook.com\\\/anovapeneira\",\"https:\\\/\\\/x.com\\\/APeneira\"]},{\"@type\":\"Person\",\"@id\":\"https:\\\/\\\/www.anovapeneira.gal\\\/#\\\/schema\\\/person\\\/b051ed40cfc100e281476674783b32fc\",\"name\":\"Baldomero Iglesias Dobarrio, Mero\",\"image\":{\"@type\":\"ImageObject\",\"inLanguage\":\"gl-ES\",\"@id\":\"https:\\\/\\\/secure.gravatar.com\\\/avatar\\\/ca78fc089f8cf28197f88de2c9ac213e2f7d2097d8e359d9359b8778b539c59d?s=96&d=mm&r=g\",\"url\":\"https:\\\/\\\/secure.gravatar.com\\\/avatar\\\/ca78fc089f8cf28197f88de2c9ac213e2f7d2097d8e359d9359b8778b539c59d?s=96&d=mm&r=g\",\"contentUrl\":\"https:\\\/\\\/secure.gravatar.com\\\/avatar\\\/ca78fc089f8cf28197f88de2c9ac213e2f7d2097d8e359d9359b8778b539c59d?s=96&d=mm&r=g\",\"caption\":\"Baldomero Iglesias Dobarrio, Mero\"},\"sameAs\":[\"http:\\\/\\\/anovapeneira.gal\"],\"url\":\"https:\\\/\\\/www.anovapeneira.gal\\\/index.php\\\/author\\\/opinionmero\\\/\"}]}<\/script>\n<!-- \/ Yoast SEO plugin. -->","yoast_head_json":{"title":"Vella ou nova tiran\u00eda -","description":"Algu\u00e9n dixo que o mundo \u00e9 un gran supermercado de moi variados produtos no que s\u00f3 compran os que poden. De nada val a suposta moral do libre mercado, son inventos, que aparentemente compete en formas coa cruel realidade","robots":{"index":"index","follow":"follow","max-snippet":"max-snippet:-1","max-image-preview":"max-image-preview:large","max-video-preview":"max-video-preview:-1"},"canonical":"https:\/\/www.anovapeneira.gal\/index.php\/2023\/05\/19\/vella-ou-nova-tirania\/","og_locale":"gl_ES","og_type":"article","og_title":"Vella ou nova tiran\u00eda -","og_description":"Algu\u00e9n dixo que o mundo \u00e9 un gran supermercado de moi variados produtos no que s\u00f3 compran os que poden. De nada val a suposta moral do libre mercado, son inventos, que aparentemente compete en formas coa cruel realidade","og_url":"https:\/\/www.anovapeneira.gal\/index.php\/2023\/05\/19\/vella-ou-nova-tirania\/","article_publisher":"https:\/\/www.facebook.com\/anovapeneira","article_published_time":"2023-05-19T10:00:51+00:00","og_image":[{"width":720,"height":473,"url":"https:\/\/www.anovapeneira.gal\/wp-content\/uploads\/2019\/07\/ARTIGO_DE_OPINION_A_NOVA_PENEIRA.jpg","type":"image\/jpeg"}],"author":"Baldomero Iglesias Dobarrio, Mero","twitter_card":"summary_large_image","twitter_image":"https:\/\/www.anovapeneira.gal\/wp-content\/uploads\/2019\/07\/ARTIGO_DE_OPINION_A_NOVA_PENEIRA.jpg","twitter_creator":"@APeneira","twitter_site":"@APeneira","twitter_misc":{"Escrito por":"Baldomero Iglesias Dobarrio, Mero","Tempo de lectura":"5 minutos"},"schema":{"@context":"https:\/\/schema.org","@graph":[{"@type":"Article","@id":"https:\/\/www.anovapeneira.gal\/index.php\/2023\/05\/19\/vella-ou-nova-tirania\/#article","isPartOf":{"@id":"https:\/\/www.anovapeneira.gal\/index.php\/2023\/05\/19\/vella-ou-nova-tirania\/"},"author":{"name":"Baldomero Iglesias Dobarrio, Mero","@id":"https:\/\/www.anovapeneira.gal\/#\/schema\/person\/b051ed40cfc100e281476674783b32fc"},"headline":"Vella ou nova tiran\u00eda","datePublished":"2023-05-19T10:00:51+00:00","mainEntityOfPage":{"@id":"https:\/\/www.anovapeneira.gal\/index.php\/2023\/05\/19\/vella-ou-nova-tirania\/"},"wordCount":947,"commentCount":0,"publisher":{"@id":"https:\/\/www.anovapeneira.gal\/#organization"},"image":{"@id":"https:\/\/www.anovapeneira.gal\/index.php\/2023\/05\/19\/vella-ou-nova-tirania\/#primaryimage"},"thumbnailUrl":"https:\/\/www.anovapeneira.gal\/wp-content\/uploads\/2019\/07\/ARTIGO_DE_OPINION_A_NOVA_PENEIRA.jpg","articleSection":["Artigos de opini\u00f3n"],"inLanguage":"gl-ES","potentialAction":[{"@type":"CommentAction","name":"Comment","target":["https:\/\/www.anovapeneira.gal\/index.php\/2023\/05\/19\/vella-ou-nova-tirania\/#respond"]}]},{"@type":"WebPage","@id":"https:\/\/www.anovapeneira.gal\/index.php\/2023\/05\/19\/vella-ou-nova-tirania\/","url":"https:\/\/www.anovapeneira.gal\/index.php\/2023\/05\/19\/vella-ou-nova-tirania\/","name":"Vella ou nova tiran\u00eda -","isPartOf":{"@id":"https:\/\/www.anovapeneira.gal\/#website"},"primaryImageOfPage":{"@id":"https:\/\/www.anovapeneira.gal\/index.php\/2023\/05\/19\/vella-ou-nova-tirania\/#primaryimage"},"image":{"@id":"https:\/\/www.anovapeneira.gal\/index.php\/2023\/05\/19\/vella-ou-nova-tirania\/#primaryimage"},"thumbnailUrl":"https:\/\/www.anovapeneira.gal\/wp-content\/uploads\/2019\/07\/ARTIGO_DE_OPINION_A_NOVA_PENEIRA.jpg","datePublished":"2023-05-19T10:00:51+00:00","description":"Algu\u00e9n dixo que o mundo \u00e9 un gran supermercado de moi variados produtos no que s\u00f3 compran os que poden. De nada val a suposta moral do libre mercado, son inventos, que aparentemente compete en formas coa cruel realidade","breadcrumb":{"@id":"https:\/\/www.anovapeneira.gal\/index.php\/2023\/05\/19\/vella-ou-nova-tirania\/#breadcrumb"},"inLanguage":"gl-ES","potentialAction":[{"@type":"ReadAction","target":["https:\/\/www.anovapeneira.gal\/index.php\/2023\/05\/19\/vella-ou-nova-tirania\/"]}]},{"@type":"ImageObject","inLanguage":"gl-ES","@id":"https:\/\/www.anovapeneira.gal\/index.php\/2023\/05\/19\/vella-ou-nova-tirania\/#primaryimage","url":"https:\/\/www.anovapeneira.gal\/wp-content\/uploads\/2019\/07\/ARTIGO_DE_OPINION_A_NOVA_PENEIRA.jpg","contentUrl":"https:\/\/www.anovapeneira.gal\/wp-content\/uploads\/2019\/07\/ARTIGO_DE_OPINION_A_NOVA_PENEIRA.jpg","width":720,"height":473,"caption":"Artigo de opini\u00f3n A Nova Peneira"},{"@type":"BreadcrumbList","@id":"https:\/\/www.anovapeneira.gal\/index.php\/2023\/05\/19\/vella-ou-nova-tirania\/#breadcrumb","itemListElement":[{"@type":"ListItem","position":1,"name":"Portada","item":"https:\/\/www.anovapeneira.gal\/"},{"@type":"ListItem","position":2,"name":"Vella ou nova tiran\u00eda"}]},{"@type":"WebSite","@id":"https:\/\/www.anovapeneira.gal\/#website","url":"https:\/\/www.anovapeneira.gal\/","name":"","description":"Xornal galego de informaci\u00f3n xeral Publicaci\u00f3n mensual de novas de Galicia e en especial dos Concellos da sur da provincia de Pontevedra.","publisher":{"@id":"https:\/\/www.anovapeneira.gal\/#organization"},"potentialAction":[{"@type":"SearchAction","target":{"@type":"EntryPoint","urlTemplate":"https:\/\/www.anovapeneira.gal\/?s={search_term_string}"},"query-input":{"@type":"PropertyValueSpecification","valueRequired":true,"valueName":"search_term_string"}}],"inLanguage":"gl-ES"},{"@type":"Organization","@id":"https:\/\/www.anovapeneira.gal\/#organization","name":"A Nova Peneira","url":"https:\/\/www.anovapeneira.gal\/","logo":{"@type":"ImageObject","inLanguage":"gl-ES","@id":"https:\/\/www.anovapeneira.gal\/#\/schema\/logo\/image\/","url":"http:\/\/www.anovapeneira.gal\/wp-content\/uploads\/2019\/06\/logo_a_nova_peneira_portal_web.png","contentUrl":"http:\/\/www.anovapeneira.gal\/wp-content\/uploads\/2019\/06\/logo_a_nova_peneira_portal_web.png","width":300,"height":100,"caption":"A Nova Peneira"},"image":{"@id":"https:\/\/www.anovapeneira.gal\/#\/schema\/logo\/image\/"},"sameAs":["https:\/\/www.facebook.com\/anovapeneira","https:\/\/x.com\/APeneira"]},{"@type":"Person","@id":"https:\/\/www.anovapeneira.gal\/#\/schema\/person\/b051ed40cfc100e281476674783b32fc","name":"Baldomero Iglesias Dobarrio, Mero","image":{"@type":"ImageObject","inLanguage":"gl-ES","@id":"https:\/\/secure.gravatar.com\/avatar\/ca78fc089f8cf28197f88de2c9ac213e2f7d2097d8e359d9359b8778b539c59d?s=96&d=mm&r=g","url":"https:\/\/secure.gravatar.com\/avatar\/ca78fc089f8cf28197f88de2c9ac213e2f7d2097d8e359d9359b8778b539c59d?s=96&d=mm&r=g","contentUrl":"https:\/\/secure.gravatar.com\/avatar\/ca78fc089f8cf28197f88de2c9ac213e2f7d2097d8e359d9359b8778b539c59d?s=96&d=mm&r=g","caption":"Baldomero Iglesias Dobarrio, Mero"},"sameAs":["http:\/\/anovapeneira.gal"],"url":"https:\/\/www.anovapeneira.gal\/index.php\/author\/opinionmero\/"}]}},"jetpack_featured_media_url":"https:\/\/www.anovapeneira.gal\/wp-content\/uploads\/2019\/07\/ARTIGO_DE_OPINION_A_NOVA_PENEIRA.jpg","_links":{"self":[{"href":"https:\/\/www.anovapeneira.gal\/index.php\/wp-json\/wp\/v2\/posts\/9747","targetHints":{"allow":["GET"]}}],"collection":[{"href":"https:\/\/www.anovapeneira.gal\/index.php\/wp-json\/wp\/v2\/posts"}],"about":[{"href":"https:\/\/www.anovapeneira.gal\/index.php\/wp-json\/wp\/v2\/types\/post"}],"author":[{"embeddable":true,"href":"https:\/\/www.anovapeneira.gal\/index.php\/wp-json\/wp\/v2\/users\/5"}],"replies":[{"embeddable":true,"href":"https:\/\/www.anovapeneira.gal\/index.php\/wp-json\/wp\/v2\/comments?post=9747"}],"version-history":[{"count":1,"href":"https:\/\/www.anovapeneira.gal\/index.php\/wp-json\/wp\/v2\/posts\/9747\/revisions"}],"predecessor-version":[{"id":9748,"href":"https:\/\/www.anovapeneira.gal\/index.php\/wp-json\/wp\/v2\/posts\/9747\/revisions\/9748"}],"wp:featuredmedia":[{"embeddable":true,"href":"https:\/\/www.anovapeneira.gal\/index.php\/wp-json\/wp\/v2\/media\/584"}],"wp:attachment":[{"href":"https:\/\/www.anovapeneira.gal\/index.php\/wp-json\/wp\/v2\/media?parent=9747"}],"wp:term":[{"taxonomy":"category","embeddable":true,"href":"https:\/\/www.anovapeneira.gal\/index.php\/wp-json\/wp\/v2\/categories?post=9747"},{"taxonomy":"post_tag","embeddable":true,"href":"https:\/\/www.anovapeneira.gal\/index.php\/wp-json\/wp\/v2\/tags?post=9747"}],"curies":[{"name":"wp","href":"https:\/\/api.w.org\/{rel}","templated":true}]}}