{"id":9754,"date":"2023-05-22T12:00:30","date_gmt":"2023-05-22T10:00:30","guid":{"rendered":"https:\/\/www.anovapeneira.gal\/?p=9754"},"modified":"2023-05-18T11:27:48","modified_gmt":"2023-05-18T09:27:48","slug":"agrelar-a-un-paso-da-alcaldia-de-arbo","status":"publish","type":"post","link":"https:\/\/www.anovapeneira.gal\/index.php\/2023\/05\/22\/agrelar-a-un-paso-da-alcaldia-de-arbo\/","title":{"rendered":"AGRELAR a un paso da alcald\u00eda de ARBO"},"content":{"rendered":"\n<p>Nas d\u00faas \u00faltimas elecci\u00f3ns municipais AGRELAR quedou a nada de acadar a alcald\u00eda desta vila. Se non me falla a memoria s\u00f3 38 votos no 2015 e 66 no 2019 os separaron da vitoria. Neste pobo a situaci\u00f3n est\u00e1 enormemente polarizada co PP ,ata o punto de que case se pode falar de empate t\u00e9cnico. Pero o goberno actual do PP non fixo neste mandato outra cousa que acumular desgaste, defender os intereses do seu partido cando estes entraban en colisi\u00f3n co interese de Arbo, e gobernar con desleixo e autoritarismo. Por outra parte o ex alcalde popular Manuel Rivera presenta unha lista este ano o que fai presumir unha fragmentaci\u00f3n importante do voto conservador co que todo apunta a que Xavier Sim\u00f3n ser\u00e1 concelleiro( vai de n\u00famero 6 na lista de AGRELAR) e desta volta si, a Agrupaci\u00f3n de electores de Arbo poder\u00e1 obter a vitoria eletoral.N\u00f3s falamos con Jose Antonio, o seu n\u00famero 3, e con Baltasar Vallejo, veci\u00f1o de Cequeli\u00f1os e novo candidato \u00e1 alcald\u00eda.<\/p>\n\n\n\n<p><strong>Baltasar Vallejo e Jose Antonio Garc\u00eda cabeza de lista e n\u00famero 3 da candidatura de AGRELAR<\/strong><\/p>\n\n\n\n<p>\u201c <strong>N\u00f3s somos de Arbo, vivimos en Arbo, queremos a Arbo e estamos convencidos de que o noso pobo ten enormes posibilidades para poder mellorar\u201d<\/strong><\/p>\n\n\n\n<p><strong>A moi poucos d\u00edas das vindeiras elecci\u00f3ns cales son as vosas sensaci\u00f3ns neste momento?<\/strong><\/p>\n\n\n\n<p>Levamos moito tempo traballando moito, e consideramos que esa mesma percepci\u00f3n \u00e9 a que ten a maior\u00eda da sociedade do noso pobo. A pulsi\u00f3n de cambio que se percibe polas r\u00faas de Arbo, e polos cami\u00f1os e corredoiras das nosas parroquias, \u00e9 moi elevada e a nosa percepci\u00f3n \u00e9 moi positiva. Arbo precisa un cambio con urxencia absoluta, e o que nos transmiten a maior\u00eda das nosas veci\u00f1as e veci\u00f1os vai na li\u00f1a de que agora \u00e9 o momento do cambio .<\/p>\n\n\n\n<p><strong>Queremos co\u00f1ecer un pouco m\u00e1is o perfil do candidato. Ti de onde es Baltasar, e como e cando se iniciou a t\u00faa relaci\u00f3n coa pol\u00edtica?.<\/strong><\/p>\n\n\n\n<p>Eu son natural da parroquia de Cequeli\u00f1os, te\u00f1o 51 anos e son fillo da emigraci\u00f3n .O meu pai \u00e9 de Cequeli\u00f1os e a mi\u00f1a nai de Madrid, co\u00f1ec\u00e9ronse en Luxemburgo, que foi onde nac\u00edn eu. Actualmente traballo no sector industrial con m\u00e1quinas de Control Num\u00e9rico. E te\u00f1o unha vida profesional xa dilatada: estiven no ex\u00e9rcito, traballei nunha empresa do autom\u00f3bil e tam\u00e9n exerc\u00edn de escolta privado no Pa\u00eds Vasco nunha \u00e9poca realmente dura. No ano 2015 tiven a oportunidade de participar na lista de AGRELAR con Xavier Sim\u00f3n, e desde ese momento, unha vez que co\u00f1eces este proxecto tan bonito, que ten como \u00fanica meta o ben com\u00fan da nosa localidade, xa non me foi emocionalmente posible separar o meu cami\u00f1o do de AGRELAR.<\/p>\n\n\n\n<p><strong>No 2015 non entraches de concelleiro verdade?<\/strong><\/p>\n\n\n\n<p>Non. Naquel momento fun de sexto e, como sabes, falt\u00e1ronnos moi poucos votos para acadar a sexta acta e en consecuencia a maior\u00eda absoluta. Pero en 2017 unha das concelleiras nosas tivo que deixalo e xa entrei eu. Desde ese ano son concelleiro.<\/p>\n\n\n\n<p><strong>Como valoras eses 6 anos de concelleiro?<\/strong><\/p>\n\n\n\n<p>Persoalmente val\u00f3roos de maneira moi positiva. Aprend\u00edn moito e puiden co\u00f1ecer por dentro un proxecto, o de AGRELAR, que, como che dixen antes, traballa moito en chave exclusiva da procura do ben com\u00fan. A acci\u00f3n de goberno lamentablemente non a podo valorar ben.<\/p>\n\n\n\n<p><strong>Por que?<\/strong><\/p>\n\n\n\n<p>Pois porque se describe con d\u00faas caracter\u00edsticas principais: Desleixo e autoritarismo. Te\u00f1en unha maneira de gobernar de ordeno e mando. Nin escoitan ao pobo nin se preocupan de co\u00f1ecer as s\u00faas necesidades. Por outra parte a nosa percepci\u00f3n \u00e9 que o goberno local cando ten que tomar partido entre os intereses de Arbo e os do PP escolle os do seu partido. Como exemplo temos o caso de SOGAMA.<\/p>\n\n\n\n<p><strong>Ti, Jose Antonio, nunca fuches concelleiro pero desta volta vas de n\u00famero 3, co que case con seguridade sair\u00e1s concelleiro. Como o afrontas?<\/strong><\/p>\n\n\n\n<p>Cunha ilusi\u00f3n enorme e unhas ga\u00f1as inmensas de contribu\u00edr a que o cambio, tan necesario, chegue por fin ao noso querido Concello.<\/p>\n\n\n\n<p><strong>Xavier Sim\u00f3n \u00e9 un tipo Brillante, un luxo para calquera intento de construci\u00f3n colectiva sexa do tipo que sexa. Estr\u00e1\u00f1ame que non repita de candidato, por que?<\/strong><\/p>\n\n\n\n<p>Coincidimos na t\u00faa valoraci\u00f3n de Xavier, desde logo. \u00c9 m\u00e1is, estamos seguros de que o peor que lle puido pasar a Arbo foi que el perdera a alcald\u00eda. As s\u00faas motivaci\u00f3ns de dar un paso atr\u00e1s, son estritamente persoais, leva moito tempo en primeira li\u00f1a. Asemade el \u00e9 un home moi xeneroso e se sinte que ten que dar un paso atr\u00e1s, d\u00e1o sen ning\u00fan problema. En calquera caso est\u00e1 no posto n\u00famero 6 da nosa lista. Temos unha enorme ilusi\u00f3n, e expectativas realistas tam\u00e9n, en que acabar\u00e1 sendo concelleiro. E pase o que pase caso vai seguir colaborando con lealdade con AGRELAR na procura do mellor para Arbo.<\/p>\n\n\n\n<p><strong>Cales son os principais problemas que padece Arbo?<\/strong><\/p>\n\n\n\n<p>Arbo ten unhas enormes potencialidade para conseguir que o noso sexa un concello atractivo para vivir, podermos fixar poboaci\u00f3n e que a mocidade poida, se quere,constru\u00edr un proxecto de vida en Arbo. Pero non o fai porque padece un moi mal goberno que:<\/p>\n\n\n\n<p>-Carece de modelo de Vila. Lim\u00edtase a ir zafando como poden os problemas do d\u00eda a d\u00eda, e para iso fano mal. Este \u00e9 un goberno de mantemento.<\/p>\n\n\n\n<p>-A forma de goberno \u00e9 autoritaria. Non escoitan a ningu\u00e9n.<\/p>\n\n\n\n<p>-As parroquias est\u00e1n abandoadas<\/p>\n\n\n\n<p>-A implantaci\u00f3n da fibra vai fatal.A min, <strong>di Baltasar,<\/strong> pux\u00e9ronma hai un mes<\/p>\n\n\n\n<p>-O pol\u00edgono industrial est\u00e1 infra utilizado. Malvive con unicamente 3 empresas<\/p>\n\n\n\n<p>-Non hai ning\u00fan tipo de plan de vivenda que poida facilitar que a xente que queira ve\u00f1a vivir ao noso pobo.<\/p>\n\n\n\n<p>-O enorme tecido asociativo do noso pobo est\u00e1 maltratado.<\/p>\n\n\n\n<p><strong>E tan grande o tecido asociativo de Arbo? E por que est\u00e1 maltratado?<\/strong><\/p>\n\n\n\n<p>O noso tecido asociativo \u00e9 un tesouro, son m\u00e1is de 40 colectivos culturais, deportivos, ecoloxistas e de todo tipo. E si, est\u00e1 maltratado porque cando queren levar un proxecto adiante, se non son valorados polo concello como unha asociaci\u00f3n amiga, o concello nin lles escoita.<\/p>\n\n\n\n<p><strong>O concello non trata por igual aos colectivos que identifica como amigos, que aos que identifica como non amigos?<\/strong><\/p>\n\n\n\n<blockquote class=\"wp-block-quote is-layout-flow wp-block-quote-is-layout-flow\">\n<p>Non, desde logo que non.<\/p>\n<\/blockquote>\n\n\n\n<p><strong>En relaci\u00f3n a SOGAMA cal \u00e9 a posici\u00f3n de AGRELAR?<\/strong><\/p>\n\n\n\n<blockquote class=\"wp-block-quote is-layout-flow wp-block-quote-is-layout-flow\">\n<p>Radicalmente contraria, sen ning\u00fan tipo de matiz. Non beneficia nada a Arbo, e prexudica ao propio pol\u00edgono, pois ningunha empresa querer\u00eda instalarse ao seu lado.<\/p>\n<\/blockquote>\n\n\n\n<p><strong>Sobre as li\u00f1as de alta tensi\u00f3n que opinades?<\/strong><\/p>\n\n\n\n<blockquote class=\"wp-block-quote is-layout-flow wp-block-quote-is-layout-flow\">\n<p>\u00c9 un recorrido de 400.000 voltios que pasa moi cerca dalgunhas casas da parroquia de Barcela, e n\u00f3s , como non pode ser doutra maneira, estamos a car\u00f3n da posici\u00f3n dos veci\u00f1os .<\/p>\n<\/blockquote>\n\n\n\n<p><strong>As expectativas coas que vos presentades?<\/strong><\/p>\n\n\n\n<blockquote class=\"wp-block-quote is-layout-flow wp-block-quote-is-layout-flow\">\n<p>A vitoria. As\u00ed de claros e as\u00ed de rotundos o manifestamos. Arbo precisa un cambio con urxencia.<\/p>\n<\/blockquote>\n\n\n\n<p><strong>Rematamos Baltasar, que poder\u00eda encontrar unha veci\u00f1a ou veci\u00f1o de Arbo en ti como alcalde?<\/strong><\/p>\n\n\n\n<blockquote class=\"wp-block-quote is-layout-flow wp-block-quote-is-layout-flow\">\n<p>Son unha persoa que sei escoitar, que te\u00f1o a firme intenci\u00f3n de escoitar a todo o mundo , de tratar a todas as persoas por igual, e de achegarme aos seus problemas coa mesma intensidade e co mesmo interese. Estou moi ilusionado. N\u00f3s somos xente de Arbo, vivimos en Arbo, queremos a Arbo e creemos firmemente que Arbo ten moitas posibilidades para mellorar.<\/p>\n<\/blockquote>\n","protected":false},"excerpt":{"rendered":"<div class=\"mh-excerpt\"><p>Nas d\u00faas \u00faltimas elecci\u00f3ns municipais AGRELAR quedou a nada de acadar a alcald\u00eda desta vila. Se non me falla a memoria s\u00f3 38 votos no 2015 e 66 no 2019 os separaron da vitoria <a class=\"mh-excerpt-more\" href=\"https:\/\/www.anovapeneira.gal\/index.php\/2023\/05\/22\/agrelar-a-un-paso-da-alcaldia-de-arbo\/\" title=\"AGRELAR a un paso da alcald\u00eda de ARBO\">[&#8230;]<\/a><\/p>\n<\/div>","protected":false},"author":3,"featured_media":9755,"comment_status":"open","ping_status":"open","sticky":false,"template":"","format":"standard","meta":{"_exactmetrics_skip_tracking":false,"_exactmetrics_sitenote_active":false,"_exactmetrics_sitenote_note":"","_exactmetrics_sitenote_category":0,"footnotes":""},"categories":[267],"tags":[444],"class_list":{"0":"post-9754","1":"post","2":"type-post","3":"status-publish","4":"format-standard","5":"has-post-thumbnail","7":"category-condado-entrevistas","8":"tag-concello-de-arbo"},"yoast_head":"<!-- This site is optimized with the Yoast SEO plugin v27.4 - https:\/\/yoast.com\/product\/yoast-seo-wordpress\/ -->\n<title>AGRELAR a un paso da alcald\u00eda de ARBO -<\/title>\n<meta name=\"description\" content=\"Nas d\u00faas \u00faltimas elecci\u00f3ns municipais AGRELAR quedou a nada de acadar a alcald\u00eda desta vila. Se non me falla a memoria s\u00f3 38 votos no 2015 e 66 no 2019 os separaron da vitoria\" \/>\n<meta name=\"robots\" content=\"index, follow, max-snippet:-1, max-image-preview:large, max-video-preview:-1\" \/>\n<link rel=\"canonical\" href=\"https:\/\/www.anovapeneira.gal\/index.php\/2023\/05\/22\/agrelar-a-un-paso-da-alcaldia-de-arbo\/\" \/>\n<meta property=\"og:locale\" content=\"gl_ES\" \/>\n<meta property=\"og:type\" content=\"article\" \/>\n<meta property=\"og:title\" content=\"AGRELAR a un paso da alcald\u00eda de ARBO -\" \/>\n<meta property=\"og:description\" content=\"Nas d\u00faas \u00faltimas elecci\u00f3ns municipais AGRELAR quedou a nada de acadar a alcald\u00eda desta vila. Se non me falla a memoria s\u00f3 38 votos no 2015 e 66 no 2019 os separaron da vitoria\" \/>\n<meta property=\"og:url\" content=\"https:\/\/www.anovapeneira.gal\/index.php\/2023\/05\/22\/agrelar-a-un-paso-da-alcaldia-de-arbo\/\" \/>\n<meta property=\"article:publisher\" content=\"https:\/\/www.facebook.com\/anovapeneira\" \/>\n<meta property=\"article:published_time\" content=\"2023-05-22T10:00:30+00:00\" \/>\n<meta property=\"og:image\" content=\"https:\/\/www.anovapeneira.gal\/wp-content\/uploads\/2023\/05\/agrupacion_arbo.jpg\" \/>\n\t<meta property=\"og:image:width\" content=\"720\" \/>\n\t<meta property=\"og:image:height\" content=\"432\" \/>\n\t<meta property=\"og:image:type\" content=\"image\/jpeg\" \/>\n<meta name=\"author\" content=\"Redacci\u00f3n A Nova Peneira\" \/>\n<meta name=\"twitter:card\" content=\"summary_large_image\" \/>\n<meta name=\"twitter:creator\" content=\"@APeneira\" \/>\n<meta name=\"twitter:site\" content=\"@APeneira\" \/>\n<meta name=\"twitter:label1\" content=\"Escrito por\" \/>\n\t<meta name=\"twitter:data1\" content=\"Redacci\u00f3n A Nova Peneira\" \/>\n\t<meta name=\"twitter:label2\" content=\"Tempo de lectura\" \/>\n\t<meta name=\"twitter:data2\" content=\"7 minutos\" \/>\n<script type=\"application\/ld+json\" class=\"yoast-schema-graph\">{\"@context\":\"https:\\\/\\\/schema.org\",\"@graph\":[{\"@type\":\"Article\",\"@id\":\"https:\\\/\\\/www.anovapeneira.gal\\\/index.php\\\/2023\\\/05\\\/22\\\/agrelar-a-un-paso-da-alcaldia-de-arbo\\\/#article\",\"isPartOf\":{\"@id\":\"https:\\\/\\\/www.anovapeneira.gal\\\/index.php\\\/2023\\\/05\\\/22\\\/agrelar-a-un-paso-da-alcaldia-de-arbo\\\/\"},\"author\":{\"name\":\"Redacci\u00f3n A Nova Peneira\",\"@id\":\"https:\\\/\\\/www.anovapeneira.gal\\\/#\\\/schema\\\/person\\\/b93e3f8932e3f8da96334607eb6ac6aa\"},\"headline\":\"AGRELAR a un paso da alcald\u00eda de ARBO\",\"datePublished\":\"2023-05-22T10:00:30+00:00\",\"mainEntityOfPage\":{\"@id\":\"https:\\\/\\\/www.anovapeneira.gal\\\/index.php\\\/2023\\\/05\\\/22\\\/agrelar-a-un-paso-da-alcaldia-de-arbo\\\/\"},\"wordCount\":1309,\"commentCount\":0,\"publisher\":{\"@id\":\"https:\\\/\\\/www.anovapeneira.gal\\\/#organization\"},\"image\":{\"@id\":\"https:\\\/\\\/www.anovapeneira.gal\\\/index.php\\\/2023\\\/05\\\/22\\\/agrelar-a-un-paso-da-alcaldia-de-arbo\\\/#primaryimage\"},\"thumbnailUrl\":\"https:\\\/\\\/www.anovapeneira.gal\\\/wp-content\\\/uploads\\\/2023\\\/05\\\/agrupacion_arbo.jpg\",\"keywords\":[\"Concello de Arbo\"],\"articleSection\":[\"Condado\"],\"inLanguage\":\"gl-ES\",\"potentialAction\":[{\"@type\":\"CommentAction\",\"name\":\"Comment\",\"target\":[\"https:\\\/\\\/www.anovapeneira.gal\\\/index.php\\\/2023\\\/05\\\/22\\\/agrelar-a-un-paso-da-alcaldia-de-arbo\\\/#respond\"]}]},{\"@type\":\"WebPage\",\"@id\":\"https:\\\/\\\/www.anovapeneira.gal\\\/index.php\\\/2023\\\/05\\\/22\\\/agrelar-a-un-paso-da-alcaldia-de-arbo\\\/\",\"url\":\"https:\\\/\\\/www.anovapeneira.gal\\\/index.php\\\/2023\\\/05\\\/22\\\/agrelar-a-un-paso-da-alcaldia-de-arbo\\\/\",\"name\":\"AGRELAR a un paso da alcald\u00eda de ARBO -\",\"isPartOf\":{\"@id\":\"https:\\\/\\\/www.anovapeneira.gal\\\/#website\"},\"primaryImageOfPage\":{\"@id\":\"https:\\\/\\\/www.anovapeneira.gal\\\/index.php\\\/2023\\\/05\\\/22\\\/agrelar-a-un-paso-da-alcaldia-de-arbo\\\/#primaryimage\"},\"image\":{\"@id\":\"https:\\\/\\\/www.anovapeneira.gal\\\/index.php\\\/2023\\\/05\\\/22\\\/agrelar-a-un-paso-da-alcaldia-de-arbo\\\/#primaryimage\"},\"thumbnailUrl\":\"https:\\\/\\\/www.anovapeneira.gal\\\/wp-content\\\/uploads\\\/2023\\\/05\\\/agrupacion_arbo.jpg\",\"datePublished\":\"2023-05-22T10:00:30+00:00\",\"description\":\"Nas d\u00faas \u00faltimas elecci\u00f3ns municipais AGRELAR quedou a nada de acadar a alcald\u00eda desta vila. Se non me falla a memoria s\u00f3 38 votos no 2015 e 66 no 2019 os separaron da vitoria\",\"breadcrumb\":{\"@id\":\"https:\\\/\\\/www.anovapeneira.gal\\\/index.php\\\/2023\\\/05\\\/22\\\/agrelar-a-un-paso-da-alcaldia-de-arbo\\\/#breadcrumb\"},\"inLanguage\":\"gl-ES\",\"potentialAction\":[{\"@type\":\"ReadAction\",\"target\":[\"https:\\\/\\\/www.anovapeneira.gal\\\/index.php\\\/2023\\\/05\\\/22\\\/agrelar-a-un-paso-da-alcaldia-de-arbo\\\/\"]}]},{\"@type\":\"ImageObject\",\"inLanguage\":\"gl-ES\",\"@id\":\"https:\\\/\\\/www.anovapeneira.gal\\\/index.php\\\/2023\\\/05\\\/22\\\/agrelar-a-un-paso-da-alcaldia-de-arbo\\\/#primaryimage\",\"url\":\"https:\\\/\\\/www.anovapeneira.gal\\\/wp-content\\\/uploads\\\/2023\\\/05\\\/agrupacion_arbo.jpg\",\"contentUrl\":\"https:\\\/\\\/www.anovapeneira.gal\\\/wp-content\\\/uploads\\\/2023\\\/05\\\/agrupacion_arbo.jpg\",\"width\":720,\"height\":432,\"caption\":\"AGRUPACI\u00d3N DE ELECTORES DE ARBO\"},{\"@type\":\"BreadcrumbList\",\"@id\":\"https:\\\/\\\/www.anovapeneira.gal\\\/index.php\\\/2023\\\/05\\\/22\\\/agrelar-a-un-paso-da-alcaldia-de-arbo\\\/#breadcrumb\",\"itemListElement\":[{\"@type\":\"ListItem\",\"position\":1,\"name\":\"Portada\",\"item\":\"https:\\\/\\\/www.anovapeneira.gal\\\/\"},{\"@type\":\"ListItem\",\"position\":2,\"name\":\"AGRELAR a un paso da alcald\u00eda de ARBO\"}]},{\"@type\":\"WebSite\",\"@id\":\"https:\\\/\\\/www.anovapeneira.gal\\\/#website\",\"url\":\"https:\\\/\\\/www.anovapeneira.gal\\\/\",\"name\":\"\",\"description\":\"Xornal galego de informaci\u00f3n xeral Publicaci\u00f3n mensual de novas de Galicia e en especial dos Concellos da sur da provincia de Pontevedra.\",\"publisher\":{\"@id\":\"https:\\\/\\\/www.anovapeneira.gal\\\/#organization\"},\"potentialAction\":[{\"@type\":\"SearchAction\",\"target\":{\"@type\":\"EntryPoint\",\"urlTemplate\":\"https:\\\/\\\/www.anovapeneira.gal\\\/?s={search_term_string}\"},\"query-input\":{\"@type\":\"PropertyValueSpecification\",\"valueRequired\":true,\"valueName\":\"search_term_string\"}}],\"inLanguage\":\"gl-ES\"},{\"@type\":\"Organization\",\"@id\":\"https:\\\/\\\/www.anovapeneira.gal\\\/#organization\",\"name\":\"A Nova Peneira\",\"url\":\"https:\\\/\\\/www.anovapeneira.gal\\\/\",\"logo\":{\"@type\":\"ImageObject\",\"inLanguage\":\"gl-ES\",\"@id\":\"https:\\\/\\\/www.anovapeneira.gal\\\/#\\\/schema\\\/logo\\\/image\\\/\",\"url\":\"http:\\\/\\\/www.anovapeneira.gal\\\/wp-content\\\/uploads\\\/2019\\\/06\\\/logo_a_nova_peneira_portal_web.png\",\"contentUrl\":\"http:\\\/\\\/www.anovapeneira.gal\\\/wp-content\\\/uploads\\\/2019\\\/06\\\/logo_a_nova_peneira_portal_web.png\",\"width\":300,\"height\":100,\"caption\":\"A Nova Peneira\"},\"image\":{\"@id\":\"https:\\\/\\\/www.anovapeneira.gal\\\/#\\\/schema\\\/logo\\\/image\\\/\"},\"sameAs\":[\"https:\\\/\\\/www.facebook.com\\\/anovapeneira\",\"https:\\\/\\\/x.com\\\/APeneira\"]},{\"@type\":\"Person\",\"@id\":\"https:\\\/\\\/www.anovapeneira.gal\\\/#\\\/schema\\\/person\\\/b93e3f8932e3f8da96334607eb6ac6aa\",\"name\":\"Redacci\u00f3n A Nova Peneira\",\"image\":{\"@type\":\"ImageObject\",\"inLanguage\":\"gl-ES\",\"@id\":\"https:\\\/\\\/secure.gravatar.com\\\/avatar\\\/c052a2551a06e23fac63626232eaa90abd78dbcf1700fc46a2b2c89fd27b735f?s=96&d=mm&r=g\",\"url\":\"https:\\\/\\\/secure.gravatar.com\\\/avatar\\\/c052a2551a06e23fac63626232eaa90abd78dbcf1700fc46a2b2c89fd27b735f?s=96&d=mm&r=g\",\"contentUrl\":\"https:\\\/\\\/secure.gravatar.com\\\/avatar\\\/c052a2551a06e23fac63626232eaa90abd78dbcf1700fc46a2b2c89fd27b735f?s=96&d=mm&r=g\",\"caption\":\"Redacci\u00f3n A Nova Peneira\"},\"sameAs\":[\"http:\\\/\\\/www.anovapeneira.gal\\\/\"],\"url\":\"https:\\\/\\\/www.anovapeneira.gal\\\/index.php\\\/author\\\/redactor\\\/\"}]}<\/script>\n<!-- \/ Yoast SEO plugin. -->","yoast_head_json":{"title":"AGRELAR a un paso da alcald\u00eda de ARBO -","description":"Nas d\u00faas \u00faltimas elecci\u00f3ns municipais AGRELAR quedou a nada de acadar a alcald\u00eda desta vila. Se non me falla a memoria s\u00f3 38 votos no 2015 e 66 no 2019 os separaron da vitoria","robots":{"index":"index","follow":"follow","max-snippet":"max-snippet:-1","max-image-preview":"max-image-preview:large","max-video-preview":"max-video-preview:-1"},"canonical":"https:\/\/www.anovapeneira.gal\/index.php\/2023\/05\/22\/agrelar-a-un-paso-da-alcaldia-de-arbo\/","og_locale":"gl_ES","og_type":"article","og_title":"AGRELAR a un paso da alcald\u00eda de ARBO -","og_description":"Nas d\u00faas \u00faltimas elecci\u00f3ns municipais AGRELAR quedou a nada de acadar a alcald\u00eda desta vila. Se non me falla a memoria s\u00f3 38 votos no 2015 e 66 no 2019 os separaron da vitoria","og_url":"https:\/\/www.anovapeneira.gal\/index.php\/2023\/05\/22\/agrelar-a-un-paso-da-alcaldia-de-arbo\/","article_publisher":"https:\/\/www.facebook.com\/anovapeneira","article_published_time":"2023-05-22T10:00:30+00:00","og_image":[{"width":720,"height":432,"url":"https:\/\/www.anovapeneira.gal\/wp-content\/uploads\/2023\/05\/agrupacion_arbo.jpg","type":"image\/jpeg"}],"author":"Redacci\u00f3n A Nova Peneira","twitter_card":"summary_large_image","twitter_creator":"@APeneira","twitter_site":"@APeneira","twitter_misc":{"Escrito por":"Redacci\u00f3n A Nova Peneira","Tempo de lectura":"7 minutos"},"schema":{"@context":"https:\/\/schema.org","@graph":[{"@type":"Article","@id":"https:\/\/www.anovapeneira.gal\/index.php\/2023\/05\/22\/agrelar-a-un-paso-da-alcaldia-de-arbo\/#article","isPartOf":{"@id":"https:\/\/www.anovapeneira.gal\/index.php\/2023\/05\/22\/agrelar-a-un-paso-da-alcaldia-de-arbo\/"},"author":{"name":"Redacci\u00f3n A Nova Peneira","@id":"https:\/\/www.anovapeneira.gal\/#\/schema\/person\/b93e3f8932e3f8da96334607eb6ac6aa"},"headline":"AGRELAR a un paso da alcald\u00eda de ARBO","datePublished":"2023-05-22T10:00:30+00:00","mainEntityOfPage":{"@id":"https:\/\/www.anovapeneira.gal\/index.php\/2023\/05\/22\/agrelar-a-un-paso-da-alcaldia-de-arbo\/"},"wordCount":1309,"commentCount":0,"publisher":{"@id":"https:\/\/www.anovapeneira.gal\/#organization"},"image":{"@id":"https:\/\/www.anovapeneira.gal\/index.php\/2023\/05\/22\/agrelar-a-un-paso-da-alcaldia-de-arbo\/#primaryimage"},"thumbnailUrl":"https:\/\/www.anovapeneira.gal\/wp-content\/uploads\/2023\/05\/agrupacion_arbo.jpg","keywords":["Concello de Arbo"],"articleSection":["Condado"],"inLanguage":"gl-ES","potentialAction":[{"@type":"CommentAction","name":"Comment","target":["https:\/\/www.anovapeneira.gal\/index.php\/2023\/05\/22\/agrelar-a-un-paso-da-alcaldia-de-arbo\/#respond"]}]},{"@type":"WebPage","@id":"https:\/\/www.anovapeneira.gal\/index.php\/2023\/05\/22\/agrelar-a-un-paso-da-alcaldia-de-arbo\/","url":"https:\/\/www.anovapeneira.gal\/index.php\/2023\/05\/22\/agrelar-a-un-paso-da-alcaldia-de-arbo\/","name":"AGRELAR a un paso da alcald\u00eda de ARBO -","isPartOf":{"@id":"https:\/\/www.anovapeneira.gal\/#website"},"primaryImageOfPage":{"@id":"https:\/\/www.anovapeneira.gal\/index.php\/2023\/05\/22\/agrelar-a-un-paso-da-alcaldia-de-arbo\/#primaryimage"},"image":{"@id":"https:\/\/www.anovapeneira.gal\/index.php\/2023\/05\/22\/agrelar-a-un-paso-da-alcaldia-de-arbo\/#primaryimage"},"thumbnailUrl":"https:\/\/www.anovapeneira.gal\/wp-content\/uploads\/2023\/05\/agrupacion_arbo.jpg","datePublished":"2023-05-22T10:00:30+00:00","description":"Nas d\u00faas \u00faltimas elecci\u00f3ns municipais AGRELAR quedou a nada de acadar a alcald\u00eda desta vila. Se non me falla a memoria s\u00f3 38 votos no 2015 e 66 no 2019 os separaron da vitoria","breadcrumb":{"@id":"https:\/\/www.anovapeneira.gal\/index.php\/2023\/05\/22\/agrelar-a-un-paso-da-alcaldia-de-arbo\/#breadcrumb"},"inLanguage":"gl-ES","potentialAction":[{"@type":"ReadAction","target":["https:\/\/www.anovapeneira.gal\/index.php\/2023\/05\/22\/agrelar-a-un-paso-da-alcaldia-de-arbo\/"]}]},{"@type":"ImageObject","inLanguage":"gl-ES","@id":"https:\/\/www.anovapeneira.gal\/index.php\/2023\/05\/22\/agrelar-a-un-paso-da-alcaldia-de-arbo\/#primaryimage","url":"https:\/\/www.anovapeneira.gal\/wp-content\/uploads\/2023\/05\/agrupacion_arbo.jpg","contentUrl":"https:\/\/www.anovapeneira.gal\/wp-content\/uploads\/2023\/05\/agrupacion_arbo.jpg","width":720,"height":432,"caption":"AGRUPACI\u00d3N DE ELECTORES DE ARBO"},{"@type":"BreadcrumbList","@id":"https:\/\/www.anovapeneira.gal\/index.php\/2023\/05\/22\/agrelar-a-un-paso-da-alcaldia-de-arbo\/#breadcrumb","itemListElement":[{"@type":"ListItem","position":1,"name":"Portada","item":"https:\/\/www.anovapeneira.gal\/"},{"@type":"ListItem","position":2,"name":"AGRELAR a un paso da alcald\u00eda de ARBO"}]},{"@type":"WebSite","@id":"https:\/\/www.anovapeneira.gal\/#website","url":"https:\/\/www.anovapeneira.gal\/","name":"","description":"Xornal galego de informaci\u00f3n xeral Publicaci\u00f3n mensual de novas de Galicia e en especial dos Concellos da sur da provincia de Pontevedra.","publisher":{"@id":"https:\/\/www.anovapeneira.gal\/#organization"},"potentialAction":[{"@type":"SearchAction","target":{"@type":"EntryPoint","urlTemplate":"https:\/\/www.anovapeneira.gal\/?s={search_term_string}"},"query-input":{"@type":"PropertyValueSpecification","valueRequired":true,"valueName":"search_term_string"}}],"inLanguage":"gl-ES"},{"@type":"Organization","@id":"https:\/\/www.anovapeneira.gal\/#organization","name":"A Nova Peneira","url":"https:\/\/www.anovapeneira.gal\/","logo":{"@type":"ImageObject","inLanguage":"gl-ES","@id":"https:\/\/www.anovapeneira.gal\/#\/schema\/logo\/image\/","url":"http:\/\/www.anovapeneira.gal\/wp-content\/uploads\/2019\/06\/logo_a_nova_peneira_portal_web.png","contentUrl":"http:\/\/www.anovapeneira.gal\/wp-content\/uploads\/2019\/06\/logo_a_nova_peneira_portal_web.png","width":300,"height":100,"caption":"A Nova Peneira"},"image":{"@id":"https:\/\/www.anovapeneira.gal\/#\/schema\/logo\/image\/"},"sameAs":["https:\/\/www.facebook.com\/anovapeneira","https:\/\/x.com\/APeneira"]},{"@type":"Person","@id":"https:\/\/www.anovapeneira.gal\/#\/schema\/person\/b93e3f8932e3f8da96334607eb6ac6aa","name":"Redacci\u00f3n A Nova Peneira","image":{"@type":"ImageObject","inLanguage":"gl-ES","@id":"https:\/\/secure.gravatar.com\/avatar\/c052a2551a06e23fac63626232eaa90abd78dbcf1700fc46a2b2c89fd27b735f?s=96&d=mm&r=g","url":"https:\/\/secure.gravatar.com\/avatar\/c052a2551a06e23fac63626232eaa90abd78dbcf1700fc46a2b2c89fd27b735f?s=96&d=mm&r=g","contentUrl":"https:\/\/secure.gravatar.com\/avatar\/c052a2551a06e23fac63626232eaa90abd78dbcf1700fc46a2b2c89fd27b735f?s=96&d=mm&r=g","caption":"Redacci\u00f3n A Nova Peneira"},"sameAs":["http:\/\/www.anovapeneira.gal\/"],"url":"https:\/\/www.anovapeneira.gal\/index.php\/author\/redactor\/"}]}},"jetpack_featured_media_url":"https:\/\/www.anovapeneira.gal\/wp-content\/uploads\/2023\/05\/agrupacion_arbo.jpg","_links":{"self":[{"href":"https:\/\/www.anovapeneira.gal\/index.php\/wp-json\/wp\/v2\/posts\/9754","targetHints":{"allow":["GET"]}}],"collection":[{"href":"https:\/\/www.anovapeneira.gal\/index.php\/wp-json\/wp\/v2\/posts"}],"about":[{"href":"https:\/\/www.anovapeneira.gal\/index.php\/wp-json\/wp\/v2\/types\/post"}],"author":[{"embeddable":true,"href":"https:\/\/www.anovapeneira.gal\/index.php\/wp-json\/wp\/v2\/users\/3"}],"replies":[{"embeddable":true,"href":"https:\/\/www.anovapeneira.gal\/index.php\/wp-json\/wp\/v2\/comments?post=9754"}],"version-history":[{"count":1,"href":"https:\/\/www.anovapeneira.gal\/index.php\/wp-json\/wp\/v2\/posts\/9754\/revisions"}],"predecessor-version":[{"id":9756,"href":"https:\/\/www.anovapeneira.gal\/index.php\/wp-json\/wp\/v2\/posts\/9754\/revisions\/9756"}],"wp:featuredmedia":[{"embeddable":true,"href":"https:\/\/www.anovapeneira.gal\/index.php\/wp-json\/wp\/v2\/media\/9755"}],"wp:attachment":[{"href":"https:\/\/www.anovapeneira.gal\/index.php\/wp-json\/wp\/v2\/media?parent=9754"}],"wp:term":[{"taxonomy":"category","embeddable":true,"href":"https:\/\/www.anovapeneira.gal\/index.php\/wp-json\/wp\/v2\/categories?post=9754"},{"taxonomy":"post_tag","embeddable":true,"href":"https:\/\/www.anovapeneira.gal\/index.php\/wp-json\/wp\/v2\/tags?post=9754"}],"curies":[{"name":"wp","href":"https:\/\/api.w.org\/{rel}","templated":true}]}}