{"id":9763,"date":"2023-05-24T10:00:12","date_gmt":"2023-05-24T08:00:12","guid":{"rendered":"https:\/\/www.anovapeneira.gal\/?p=9763"},"modified":"2023-05-19T09:12:49","modified_gmt":"2023-05-19T07:12:49","slug":"manu-lourenzo-candidato-do-bng-a-alcaldia-de-soutomaior","status":"publish","type":"post","link":"https:\/\/www.anovapeneira.gal\/index.php\/2023\/05\/24\/manu-lourenzo-candidato-do-bng-a-alcaldia-de-soutomaior\/","title":{"rendered":"Manu Lourenzo candidato do BNG \u00e1 alcald\u00eda de Soutomaior"},"content":{"rendered":"\n<p><strong>Despois de case 30 anos na alcald\u00eda do popular Agust\u00edn Reguera, Soutomaior apunta a un m\u00e1is que necesario cambio pol\u00edtico. O desleixo e o esgotamento dun goberno sen modelo, sen ilusi\u00f3n e cuxa \u00fanica preocupaci\u00f3n parece ser como manter o bast\u00f3n de mando semella ter o d\u00edas contados. O nacionalista Manu Lourenzo que no 2019 quedou a 43 votos da alcald\u00eda ser\u00e1, con toda probabilidade, o vindeiro alcalde deste pobo.<\/strong><\/p>\n\n\n\n<p>\u201c <strong>O goberno de Agust\u00edn Reguera carece de modelo de pobo e est\u00e1 esgotado. Chegou a hora do cambio\u201d<\/strong><\/p>\n\n\n\n<p><strong>A escasos d\u00edas dun novo proceso electoral cales son as t\u00faas sensaci\u00f3ns e os teus \u00e1nimos neste momento?<\/strong><\/p>\n\n\n\n<blockquote class=\"wp-block-quote is-layout-flow wp-block-quote-is-layout-flow\">\n<p>As sensaci\u00f3ns son moi claras: Soutomaior quere cambio. As\u00ed o vimos amosando nos \u00faltimos procesos electorais, de feito nas auton\u00f3micas fomos primeira forza superando ao PP en arredor de 300 votos. Todo nos fai sentir optimistas e tam\u00e9n moi concienciados da importancia que vai ter esta campa\u00f1a.<\/p>\n<\/blockquote>\n\n\n\n<p><strong>E a percepci\u00f3n que estades captando na campa\u00f1a cal \u00e9?<\/strong><\/p>\n\n\n\n<blockquote class=\"wp-block-quote is-layout-flow wp-block-quote-is-layout-flow\">\n<p>Mellores que nunca.<\/p>\n<\/blockquote>\n\n\n\n<p><strong>Incluso que hai catro anos?<\/strong><\/p>\n\n\n\n<blockquote class=\"wp-block-quote is-layout-flow wp-block-quote-is-layout-flow\">\n<p><strong>S<\/strong>i, hai catro anos eran moi boas, pero agora son mellores.<\/p>\n<\/blockquote>\n\n\n\n<p><strong>Como \u00e9 a candidatura que encabezas?<\/strong><\/p>\n\n\n\n<blockquote class=\"wp-block-quote is-layout-flow wp-block-quote-is-layout-flow\">\n<p>Unha candidatura que me honra encabezar pois \u00e9 exemplar: tanto na s\u00faa formaci\u00f3n, como no seu compromiso e amor por Soutomaior. Todas as persoas son referenciais nos distintos eidos do tecido asociativo de Soutomaior.<\/p>\n<\/blockquote>\n\n\n\n<p><strong>O slogan voso \u00e9 \u201c Soutomaior merece m\u00e1is\u201d.Non ten o que merece Soutomaior?<\/strong><\/p>\n\n\n\n<blockquote class=\"wp-block-quote is-layout-flow wp-block-quote-is-layout-flow\">\n<p>Por desgraza non. O modelo urbano de Soutomaior \u00e9 ca\u00f3tico e os indicadores econ\u00f3micos son para que salten todas as alarmas.<\/p>\n<\/blockquote>\n\n\n\n<p><strong>Por que?<\/strong><\/p>\n\n\n\n<blockquote class=\"wp-block-quote is-layout-flow wp-block-quote-is-layout-flow\">\n<p>Somos o 4\u00ba PIB de toda a provincia de Pontevedra. E temos os salarios e as pensi\u00f3ns m\u00e1is baixas de toda a r\u00eda de Vigo. E todo isto nun concello que sempre foi unha referencia , que ten unha situaci\u00f3n xeogr\u00e1fica privilexiada que de ning\u00fan modo ter\u00eda que padecer a situaci\u00f3n que padece. Por outra parte o concello ten completamente abandonados aos seus sectores produtivos. O comercio local , a r\u00eda, ou sector vitivin\u00edcola est\u00e1n completamente desatendidos polo goberno local.<\/p>\n<\/blockquote>\n\n\n\n<p><strong>Facemos esta entrevista en Arcade e case sempre que quedo con algu\u00e9n neste lugar te\u00f1o problemas serios para atopar aparcamento?<\/strong><\/p>\n\n\n\n<blockquote class=\"wp-block-quote is-layout-flow wp-block-quote-is-layout-flow\">\n<p>Non me estra\u00f1a que os te\u00f1as. De feito no BNG estamos a desenvolver a unha campa\u00f1a ao respecto deste tema .Arcade precisa duplicar as prazas de aparcamento e podermos reconverter o n\u00facleo urbano do concello nun espazo amable e agradable para poder facer vida. Neste asunto Soutomaior tam\u00e9n est\u00e1 no vag\u00f3n de cola.<\/p>\n<\/blockquote>\n\n\n\n<p><strong>Que tedes pensado para solucionar este asunto dos aparcamentos?<\/strong><\/p>\n\n\n\n<blockquote class=\"wp-block-quote is-layout-flow wp-block-quote-is-layout-flow\">\n<p>Adquirir solo para podelo converter en aparcadoiros disuasorios que estean pr\u00f3ximos \u00e1s zonas comerciais.<\/p>\n<\/blockquote>\n\n\n\n<p><strong>Hai solo para podelo facer?<\/strong><\/p>\n\n\n\n<blockquote class=\"wp-block-quote is-layout-flow wp-block-quote-is-layout-flow\">\n<p>Si, desde logo que si. Falta vontade pol\u00edtica.<\/p>\n<\/blockquote>\n\n\n\n<p><strong>Se tiveras que valorar de maneira sint\u00e9tica ao actual goberno de Soutomaior?<\/strong><\/p>\n\n\n\n<blockquote class=\"wp-block-quote is-layout-flow wp-block-quote-is-layout-flow\">\n<p>Un goberno esgotado e sen modelo . Xa son 28 anos e xa chegou a hora do cambio.<\/p>\n<\/blockquote>\n\n\n\n<p><strong>No que respecta aos intentos de transvasamento da auga do Verdugo, en que situaci\u00f3n estamos agora?<\/strong><\/p>\n\n\n\n<blockquote class=\"wp-block-quote is-layout-flow wp-block-quote-is-layout-flow\">\n<p>N\u00f3s temos moi claro que este tema non morreu. Est\u00e1 enriba da mesa e en calquera momento no que ao alcalde de Vigo ou \u00e1 Xunta se lles ocorra volver por a\u00ed, estaremos de novo en risco. O BNG est\u00e1 moi atento a como se desenvolven os acontecementos e desde logo a s\u00faa posici\u00f3n radicalmente contraria non mudou nin un s\u00f3 mil\u00edmetro.<\/p>\n<\/blockquote>\n\n\n\n<p><strong>Naquel momento cal foi a posici\u00f3n de Agust\u00edn Reguera?<\/strong><\/p>\n\n\n\n<blockquote class=\"wp-block-quote is-layout-flow wp-block-quote-is-layout-flow\">\n<p>Eu lembro a primeira vez que me xuntei con Fernando de PLADEVER( a plataforma en defenda do Verdugo) pois ti\u00f1amos a sensaci\u00f3n de que aquela era unha loita de David contra Goliat . Era loitar contra a Xunta e contra o alcalde de Vigo \u00a1\u00a1\u00a1.O que si \u00e9 certo \u00e9 que despois de moito traballo conseguimos mobilizar a todo un pobo e foi nese momento, s\u00f3 nese momento no que xa estaba o pobo mobilizado, cando o alcalde Agust\u00edn Reguera se deixou ver .<\/p>\n<\/blockquote>\n\n\n\n<p><strong>Como est\u00e1 a situaci\u00f3n da sanidade en Soutomaior?<\/strong><\/p>\n\n\n\n<blockquote class=\"wp-block-quote is-layout-flow wp-block-quote-is-layout-flow\">\n<p>Como en todo o pa\u00eds: moi mal. No noso concello temos o consultorio de Romariz, pechado, e o centro de sa\u00fade de Arcade cunhas cotas absolutamente salvaxes. Estamos falando de arredor de 1700 persoas por m\u00e9dico. Levan moito tempo vendendo fume. Agora anuncian a construci\u00f3n dun novo centro da sa\u00fade, e n\u00f3s estariamos encantados desde logo. Pero o formig\u00f3n s\u00f3 , sen m\u00e9dicos, non cura \u00e1s persoas.<\/p>\n<\/blockquote>\n\n\n\n<p><strong>Se chegas a alcalde seguir\u00e1s sendo deputado?<\/strong><\/p>\n\n\n\n<blockquote class=\"wp-block-quote is-layout-flow wp-block-quote-is-layout-flow\">\n<p>Non, claro que non. Dimitirei para dedicarme en exclusiva ao Concello.<\/p>\n<\/blockquote>\n","protected":false},"excerpt":{"rendered":"<div class=\"mh-excerpt\"><p>Despois de case 30 anos na alcald\u00eda do popular Agust\u00edn Reguera, Soutomaior apunta a un m\u00e1is que necesario cambio pol\u00edtico <a class=\"mh-excerpt-more\" href=\"https:\/\/www.anovapeneira.gal\/index.php\/2023\/05\/24\/manu-lourenzo-candidato-do-bng-a-alcaldia-de-soutomaior\/\" title=\"Manu Lourenzo candidato do BNG \u00e1 alcald\u00eda de Soutomaior\">[&#8230;]<\/a><\/p>\n<\/div>","protected":false},"author":2,"featured_media":9764,"comment_status":"open","ping_status":"open","sticky":false,"template":"","format":"standard","meta":{"_exactmetrics_skip_tracking":false,"_exactmetrics_sitenote_active":false,"_exactmetrics_sitenote_note":"","_exactmetrics_sitenote_category":0,"footnotes":""},"categories":[24],"tags":[],"class_list":{"0":"post-9763","1":"post","2":"type-post","3":"status-publish","4":"format-standard","5":"has-post-thumbnail","7":"category-redondela"},"yoast_head":"<!-- This site is optimized with the Yoast SEO plugin v27.4 - https:\/\/yoast.com\/product\/yoast-seo-wordpress\/ -->\n<title>Manu Lourenzo candidato do BNG \u00e1 alcald\u00eda de Soutomaior -<\/title>\n<meta name=\"description\" content=\"Despois de case 30 anos na alcald\u00eda do popular Agust\u00edn Reguera, Soutomaior apunta a un m\u00e1is que necesario cambio pol\u00edtico\" \/>\n<meta name=\"robots\" content=\"index, follow, max-snippet:-1, max-image-preview:large, max-video-preview:-1\" \/>\n<link rel=\"canonical\" href=\"https:\/\/www.anovapeneira.gal\/index.php\/2023\/05\/24\/manu-lourenzo-candidato-do-bng-a-alcaldia-de-soutomaior\/\" \/>\n<meta property=\"og:locale\" content=\"gl_ES\" \/>\n<meta property=\"og:type\" content=\"article\" \/>\n<meta property=\"og:title\" content=\"Manu Lourenzo candidato do BNG \u00e1 alcald\u00eda de Soutomaior -\" \/>\n<meta property=\"og:description\" content=\"Despois de case 30 anos na alcald\u00eda do popular Agust\u00edn Reguera, Soutomaior apunta a un m\u00e1is que necesario cambio pol\u00edtico\" \/>\n<meta property=\"og:url\" content=\"https:\/\/www.anovapeneira.gal\/index.php\/2023\/05\/24\/manu-lourenzo-candidato-do-bng-a-alcaldia-de-soutomaior\/\" \/>\n<meta property=\"article:publisher\" content=\"https:\/\/www.facebook.com\/anovapeneira\" \/>\n<meta property=\"article:published_time\" content=\"2023-05-24T08:00:12+00:00\" \/>\n<meta property=\"og:image\" content=\"https:\/\/www.anovapeneira.gal\/wp-content\/uploads\/2023\/05\/manu_lorenzo_bng_soutomaior.jpg\" \/>\n\t<meta property=\"og:image:width\" content=\"720\" \/>\n\t<meta property=\"og:image:height\" content=\"432\" \/>\n\t<meta property=\"og:image:type\" content=\"image\/jpeg\" \/>\n<meta name=\"author\" content=\"Tino Lago\" \/>\n<meta name=\"twitter:card\" content=\"summary_large_image\" \/>\n<meta name=\"twitter:creator\" content=\"@APeneira\" \/>\n<meta name=\"twitter:site\" content=\"@APeneira\" \/>\n<meta name=\"twitter:label1\" content=\"Escrito por\" \/>\n\t<meta name=\"twitter:data1\" content=\"Tino Lago\" \/>\n\t<meta name=\"twitter:label2\" content=\"Tempo de lectura\" \/>\n\t<meta name=\"twitter:data2\" content=\"5 minutos\" \/>\n<script type=\"application\/ld+json\" class=\"yoast-schema-graph\">{\"@context\":\"https:\\\/\\\/schema.org\",\"@graph\":[{\"@type\":\"Article\",\"@id\":\"https:\\\/\\\/www.anovapeneira.gal\\\/index.php\\\/2023\\\/05\\\/24\\\/manu-lourenzo-candidato-do-bng-a-alcaldia-de-soutomaior\\\/#article\",\"isPartOf\":{\"@id\":\"https:\\\/\\\/www.anovapeneira.gal\\\/index.php\\\/2023\\\/05\\\/24\\\/manu-lourenzo-candidato-do-bng-a-alcaldia-de-soutomaior\\\/\"},\"author\":{\"name\":\"Tino Lago\",\"@id\":\"https:\\\/\\\/www.anovapeneira.gal\\\/#\\\/schema\\\/person\\\/424dfe65e3070fd8a44d22d2c088762a\"},\"headline\":\"Manu Lourenzo candidato do BNG \u00e1 alcald\u00eda de Soutomaior\",\"datePublished\":\"2023-05-24T08:00:12+00:00\",\"mainEntityOfPage\":{\"@id\":\"https:\\\/\\\/www.anovapeneira.gal\\\/index.php\\\/2023\\\/05\\\/24\\\/manu-lourenzo-candidato-do-bng-a-alcaldia-de-soutomaior\\\/\"},\"wordCount\":795,\"commentCount\":0,\"publisher\":{\"@id\":\"https:\\\/\\\/www.anovapeneira.gal\\\/#organization\"},\"image\":{\"@id\":\"https:\\\/\\\/www.anovapeneira.gal\\\/index.php\\\/2023\\\/05\\\/24\\\/manu-lourenzo-candidato-do-bng-a-alcaldia-de-soutomaior\\\/#primaryimage\"},\"thumbnailUrl\":\"https:\\\/\\\/www.anovapeneira.gal\\\/wp-content\\\/uploads\\\/2023\\\/05\\\/manu_lorenzo_bng_soutomaior.jpg\",\"articleSection\":[\"Redondela\"],\"inLanguage\":\"gl-ES\",\"potentialAction\":[{\"@type\":\"CommentAction\",\"name\":\"Comment\",\"target\":[\"https:\\\/\\\/www.anovapeneira.gal\\\/index.php\\\/2023\\\/05\\\/24\\\/manu-lourenzo-candidato-do-bng-a-alcaldia-de-soutomaior\\\/#respond\"]}]},{\"@type\":\"WebPage\",\"@id\":\"https:\\\/\\\/www.anovapeneira.gal\\\/index.php\\\/2023\\\/05\\\/24\\\/manu-lourenzo-candidato-do-bng-a-alcaldia-de-soutomaior\\\/\",\"url\":\"https:\\\/\\\/www.anovapeneira.gal\\\/index.php\\\/2023\\\/05\\\/24\\\/manu-lourenzo-candidato-do-bng-a-alcaldia-de-soutomaior\\\/\",\"name\":\"Manu Lourenzo candidato do BNG \u00e1 alcald\u00eda de Soutomaior -\",\"isPartOf\":{\"@id\":\"https:\\\/\\\/www.anovapeneira.gal\\\/#website\"},\"primaryImageOfPage\":{\"@id\":\"https:\\\/\\\/www.anovapeneira.gal\\\/index.php\\\/2023\\\/05\\\/24\\\/manu-lourenzo-candidato-do-bng-a-alcaldia-de-soutomaior\\\/#primaryimage\"},\"image\":{\"@id\":\"https:\\\/\\\/www.anovapeneira.gal\\\/index.php\\\/2023\\\/05\\\/24\\\/manu-lourenzo-candidato-do-bng-a-alcaldia-de-soutomaior\\\/#primaryimage\"},\"thumbnailUrl\":\"https:\\\/\\\/www.anovapeneira.gal\\\/wp-content\\\/uploads\\\/2023\\\/05\\\/manu_lorenzo_bng_soutomaior.jpg\",\"datePublished\":\"2023-05-24T08:00:12+00:00\",\"description\":\"Despois de case 30 anos na alcald\u00eda do popular Agust\u00edn Reguera, Soutomaior apunta a un m\u00e1is que necesario cambio pol\u00edtico\",\"breadcrumb\":{\"@id\":\"https:\\\/\\\/www.anovapeneira.gal\\\/index.php\\\/2023\\\/05\\\/24\\\/manu-lourenzo-candidato-do-bng-a-alcaldia-de-soutomaior\\\/#breadcrumb\"},\"inLanguage\":\"gl-ES\",\"potentialAction\":[{\"@type\":\"ReadAction\",\"target\":[\"https:\\\/\\\/www.anovapeneira.gal\\\/index.php\\\/2023\\\/05\\\/24\\\/manu-lourenzo-candidato-do-bng-a-alcaldia-de-soutomaior\\\/\"]}]},{\"@type\":\"ImageObject\",\"inLanguage\":\"gl-ES\",\"@id\":\"https:\\\/\\\/www.anovapeneira.gal\\\/index.php\\\/2023\\\/05\\\/24\\\/manu-lourenzo-candidato-do-bng-a-alcaldia-de-soutomaior\\\/#primaryimage\",\"url\":\"https:\\\/\\\/www.anovapeneira.gal\\\/wp-content\\\/uploads\\\/2023\\\/05\\\/manu_lorenzo_bng_soutomaior.jpg\",\"contentUrl\":\"https:\\\/\\\/www.anovapeneira.gal\\\/wp-content\\\/uploads\\\/2023\\\/05\\\/manu_lorenzo_bng_soutomaior.jpg\",\"width\":720,\"height\":432,\"caption\":\"Manu Lourenzo candidato do BNG \u00e1 alcald\u00eda de Soutomaior\"},{\"@type\":\"BreadcrumbList\",\"@id\":\"https:\\\/\\\/www.anovapeneira.gal\\\/index.php\\\/2023\\\/05\\\/24\\\/manu-lourenzo-candidato-do-bng-a-alcaldia-de-soutomaior\\\/#breadcrumb\",\"itemListElement\":[{\"@type\":\"ListItem\",\"position\":1,\"name\":\"Portada\",\"item\":\"https:\\\/\\\/www.anovapeneira.gal\\\/\"},{\"@type\":\"ListItem\",\"position\":2,\"name\":\"Manu Lourenzo candidato do BNG \u00e1 alcald\u00eda de Soutomaior\"}]},{\"@type\":\"WebSite\",\"@id\":\"https:\\\/\\\/www.anovapeneira.gal\\\/#website\",\"url\":\"https:\\\/\\\/www.anovapeneira.gal\\\/\",\"name\":\"\",\"description\":\"Xornal galego de informaci\u00f3n xeral Publicaci\u00f3n mensual de novas de Galicia e en especial dos Concellos da sur da provincia de Pontevedra.\",\"publisher\":{\"@id\":\"https:\\\/\\\/www.anovapeneira.gal\\\/#organization\"},\"potentialAction\":[{\"@type\":\"SearchAction\",\"target\":{\"@type\":\"EntryPoint\",\"urlTemplate\":\"https:\\\/\\\/www.anovapeneira.gal\\\/?s={search_term_string}\"},\"query-input\":{\"@type\":\"PropertyValueSpecification\",\"valueRequired\":true,\"valueName\":\"search_term_string\"}}],\"inLanguage\":\"gl-ES\"},{\"@type\":\"Organization\",\"@id\":\"https:\\\/\\\/www.anovapeneira.gal\\\/#organization\",\"name\":\"A Nova Peneira\",\"url\":\"https:\\\/\\\/www.anovapeneira.gal\\\/\",\"logo\":{\"@type\":\"ImageObject\",\"inLanguage\":\"gl-ES\",\"@id\":\"https:\\\/\\\/www.anovapeneira.gal\\\/#\\\/schema\\\/logo\\\/image\\\/\",\"url\":\"http:\\\/\\\/www.anovapeneira.gal\\\/wp-content\\\/uploads\\\/2019\\\/06\\\/logo_a_nova_peneira_portal_web.png\",\"contentUrl\":\"http:\\\/\\\/www.anovapeneira.gal\\\/wp-content\\\/uploads\\\/2019\\\/06\\\/logo_a_nova_peneira_portal_web.png\",\"width\":300,\"height\":100,\"caption\":\"A Nova Peneira\"},\"image\":{\"@id\":\"https:\\\/\\\/www.anovapeneira.gal\\\/#\\\/schema\\\/logo\\\/image\\\/\"},\"sameAs\":[\"https:\\\/\\\/www.facebook.com\\\/anovapeneira\",\"https:\\\/\\\/x.com\\\/APeneira\"]},{\"@type\":\"Person\",\"@id\":\"https:\\\/\\\/www.anovapeneira.gal\\\/#\\\/schema\\\/person\\\/424dfe65e3070fd8a44d22d2c088762a\",\"name\":\"Tino Lago\",\"image\":{\"@type\":\"ImageObject\",\"inLanguage\":\"gl-ES\",\"@id\":\"https:\\\/\\\/secure.gravatar.com\\\/avatar\\\/b3df6a06e44bab3111583b90f0f33a0379ee5e3d22cbadd232d39f21c30c62be?s=96&d=mm&r=g\",\"url\":\"https:\\\/\\\/secure.gravatar.com\\\/avatar\\\/b3df6a06e44bab3111583b90f0f33a0379ee5e3d22cbadd232d39f21c30c62be?s=96&d=mm&r=g\",\"contentUrl\":\"https:\\\/\\\/secure.gravatar.com\\\/avatar\\\/b3df6a06e44bab3111583b90f0f33a0379ee5e3d22cbadd232d39f21c30c62be?s=96&d=mm&r=g\",\"caption\":\"Tino Lago\"},\"sameAs\":[\"http:\\\/\\\/www.anovapeneira.gal\"],\"url\":\"https:\\\/\\\/www.anovapeneira.gal\\\/index.php\\\/author\\\/director\\\/\"}]}<\/script>\n<!-- \/ Yoast SEO plugin. -->","yoast_head_json":{"title":"Manu Lourenzo candidato do BNG \u00e1 alcald\u00eda de Soutomaior -","description":"Despois de case 30 anos na alcald\u00eda do popular Agust\u00edn Reguera, Soutomaior apunta a un m\u00e1is que necesario cambio pol\u00edtico","robots":{"index":"index","follow":"follow","max-snippet":"max-snippet:-1","max-image-preview":"max-image-preview:large","max-video-preview":"max-video-preview:-1"},"canonical":"https:\/\/www.anovapeneira.gal\/index.php\/2023\/05\/24\/manu-lourenzo-candidato-do-bng-a-alcaldia-de-soutomaior\/","og_locale":"gl_ES","og_type":"article","og_title":"Manu Lourenzo candidato do BNG \u00e1 alcald\u00eda de Soutomaior -","og_description":"Despois de case 30 anos na alcald\u00eda do popular Agust\u00edn Reguera, Soutomaior apunta a un m\u00e1is que necesario cambio pol\u00edtico","og_url":"https:\/\/www.anovapeneira.gal\/index.php\/2023\/05\/24\/manu-lourenzo-candidato-do-bng-a-alcaldia-de-soutomaior\/","article_publisher":"https:\/\/www.facebook.com\/anovapeneira","article_published_time":"2023-05-24T08:00:12+00:00","og_image":[{"width":720,"height":432,"url":"https:\/\/www.anovapeneira.gal\/wp-content\/uploads\/2023\/05\/manu_lorenzo_bng_soutomaior.jpg","type":"image\/jpeg"}],"author":"Tino Lago","twitter_card":"summary_large_image","twitter_creator":"@APeneira","twitter_site":"@APeneira","twitter_misc":{"Escrito por":"Tino Lago","Tempo de lectura":"5 minutos"},"schema":{"@context":"https:\/\/schema.org","@graph":[{"@type":"Article","@id":"https:\/\/www.anovapeneira.gal\/index.php\/2023\/05\/24\/manu-lourenzo-candidato-do-bng-a-alcaldia-de-soutomaior\/#article","isPartOf":{"@id":"https:\/\/www.anovapeneira.gal\/index.php\/2023\/05\/24\/manu-lourenzo-candidato-do-bng-a-alcaldia-de-soutomaior\/"},"author":{"name":"Tino Lago","@id":"https:\/\/www.anovapeneira.gal\/#\/schema\/person\/424dfe65e3070fd8a44d22d2c088762a"},"headline":"Manu Lourenzo candidato do BNG \u00e1 alcald\u00eda de Soutomaior","datePublished":"2023-05-24T08:00:12+00:00","mainEntityOfPage":{"@id":"https:\/\/www.anovapeneira.gal\/index.php\/2023\/05\/24\/manu-lourenzo-candidato-do-bng-a-alcaldia-de-soutomaior\/"},"wordCount":795,"commentCount":0,"publisher":{"@id":"https:\/\/www.anovapeneira.gal\/#organization"},"image":{"@id":"https:\/\/www.anovapeneira.gal\/index.php\/2023\/05\/24\/manu-lourenzo-candidato-do-bng-a-alcaldia-de-soutomaior\/#primaryimage"},"thumbnailUrl":"https:\/\/www.anovapeneira.gal\/wp-content\/uploads\/2023\/05\/manu_lorenzo_bng_soutomaior.jpg","articleSection":["Redondela"],"inLanguage":"gl-ES","potentialAction":[{"@type":"CommentAction","name":"Comment","target":["https:\/\/www.anovapeneira.gal\/index.php\/2023\/05\/24\/manu-lourenzo-candidato-do-bng-a-alcaldia-de-soutomaior\/#respond"]}]},{"@type":"WebPage","@id":"https:\/\/www.anovapeneira.gal\/index.php\/2023\/05\/24\/manu-lourenzo-candidato-do-bng-a-alcaldia-de-soutomaior\/","url":"https:\/\/www.anovapeneira.gal\/index.php\/2023\/05\/24\/manu-lourenzo-candidato-do-bng-a-alcaldia-de-soutomaior\/","name":"Manu Lourenzo candidato do BNG \u00e1 alcald\u00eda de Soutomaior -","isPartOf":{"@id":"https:\/\/www.anovapeneira.gal\/#website"},"primaryImageOfPage":{"@id":"https:\/\/www.anovapeneira.gal\/index.php\/2023\/05\/24\/manu-lourenzo-candidato-do-bng-a-alcaldia-de-soutomaior\/#primaryimage"},"image":{"@id":"https:\/\/www.anovapeneira.gal\/index.php\/2023\/05\/24\/manu-lourenzo-candidato-do-bng-a-alcaldia-de-soutomaior\/#primaryimage"},"thumbnailUrl":"https:\/\/www.anovapeneira.gal\/wp-content\/uploads\/2023\/05\/manu_lorenzo_bng_soutomaior.jpg","datePublished":"2023-05-24T08:00:12+00:00","description":"Despois de case 30 anos na alcald\u00eda do popular Agust\u00edn Reguera, Soutomaior apunta a un m\u00e1is que necesario cambio pol\u00edtico","breadcrumb":{"@id":"https:\/\/www.anovapeneira.gal\/index.php\/2023\/05\/24\/manu-lourenzo-candidato-do-bng-a-alcaldia-de-soutomaior\/#breadcrumb"},"inLanguage":"gl-ES","potentialAction":[{"@type":"ReadAction","target":["https:\/\/www.anovapeneira.gal\/index.php\/2023\/05\/24\/manu-lourenzo-candidato-do-bng-a-alcaldia-de-soutomaior\/"]}]},{"@type":"ImageObject","inLanguage":"gl-ES","@id":"https:\/\/www.anovapeneira.gal\/index.php\/2023\/05\/24\/manu-lourenzo-candidato-do-bng-a-alcaldia-de-soutomaior\/#primaryimage","url":"https:\/\/www.anovapeneira.gal\/wp-content\/uploads\/2023\/05\/manu_lorenzo_bng_soutomaior.jpg","contentUrl":"https:\/\/www.anovapeneira.gal\/wp-content\/uploads\/2023\/05\/manu_lorenzo_bng_soutomaior.jpg","width":720,"height":432,"caption":"Manu Lourenzo candidato do BNG \u00e1 alcald\u00eda de Soutomaior"},{"@type":"BreadcrumbList","@id":"https:\/\/www.anovapeneira.gal\/index.php\/2023\/05\/24\/manu-lourenzo-candidato-do-bng-a-alcaldia-de-soutomaior\/#breadcrumb","itemListElement":[{"@type":"ListItem","position":1,"name":"Portada","item":"https:\/\/www.anovapeneira.gal\/"},{"@type":"ListItem","position":2,"name":"Manu Lourenzo candidato do BNG \u00e1 alcald\u00eda de Soutomaior"}]},{"@type":"WebSite","@id":"https:\/\/www.anovapeneira.gal\/#website","url":"https:\/\/www.anovapeneira.gal\/","name":"","description":"Xornal galego de informaci\u00f3n xeral Publicaci\u00f3n mensual de novas de Galicia e en especial dos Concellos da sur da provincia de Pontevedra.","publisher":{"@id":"https:\/\/www.anovapeneira.gal\/#organization"},"potentialAction":[{"@type":"SearchAction","target":{"@type":"EntryPoint","urlTemplate":"https:\/\/www.anovapeneira.gal\/?s={search_term_string}"},"query-input":{"@type":"PropertyValueSpecification","valueRequired":true,"valueName":"search_term_string"}}],"inLanguage":"gl-ES"},{"@type":"Organization","@id":"https:\/\/www.anovapeneira.gal\/#organization","name":"A Nova Peneira","url":"https:\/\/www.anovapeneira.gal\/","logo":{"@type":"ImageObject","inLanguage":"gl-ES","@id":"https:\/\/www.anovapeneira.gal\/#\/schema\/logo\/image\/","url":"http:\/\/www.anovapeneira.gal\/wp-content\/uploads\/2019\/06\/logo_a_nova_peneira_portal_web.png","contentUrl":"http:\/\/www.anovapeneira.gal\/wp-content\/uploads\/2019\/06\/logo_a_nova_peneira_portal_web.png","width":300,"height":100,"caption":"A Nova Peneira"},"image":{"@id":"https:\/\/www.anovapeneira.gal\/#\/schema\/logo\/image\/"},"sameAs":["https:\/\/www.facebook.com\/anovapeneira","https:\/\/x.com\/APeneira"]},{"@type":"Person","@id":"https:\/\/www.anovapeneira.gal\/#\/schema\/person\/424dfe65e3070fd8a44d22d2c088762a","name":"Tino Lago","image":{"@type":"ImageObject","inLanguage":"gl-ES","@id":"https:\/\/secure.gravatar.com\/avatar\/b3df6a06e44bab3111583b90f0f33a0379ee5e3d22cbadd232d39f21c30c62be?s=96&d=mm&r=g","url":"https:\/\/secure.gravatar.com\/avatar\/b3df6a06e44bab3111583b90f0f33a0379ee5e3d22cbadd232d39f21c30c62be?s=96&d=mm&r=g","contentUrl":"https:\/\/secure.gravatar.com\/avatar\/b3df6a06e44bab3111583b90f0f33a0379ee5e3d22cbadd232d39f21c30c62be?s=96&d=mm&r=g","caption":"Tino Lago"},"sameAs":["http:\/\/www.anovapeneira.gal"],"url":"https:\/\/www.anovapeneira.gal\/index.php\/author\/director\/"}]}},"jetpack_featured_media_url":"https:\/\/www.anovapeneira.gal\/wp-content\/uploads\/2023\/05\/manu_lorenzo_bng_soutomaior.jpg","_links":{"self":[{"href":"https:\/\/www.anovapeneira.gal\/index.php\/wp-json\/wp\/v2\/posts\/9763","targetHints":{"allow":["GET"]}}],"collection":[{"href":"https:\/\/www.anovapeneira.gal\/index.php\/wp-json\/wp\/v2\/posts"}],"about":[{"href":"https:\/\/www.anovapeneira.gal\/index.php\/wp-json\/wp\/v2\/types\/post"}],"author":[{"embeddable":true,"href":"https:\/\/www.anovapeneira.gal\/index.php\/wp-json\/wp\/v2\/users\/2"}],"replies":[{"embeddable":true,"href":"https:\/\/www.anovapeneira.gal\/index.php\/wp-json\/wp\/v2\/comments?post=9763"}],"version-history":[{"count":1,"href":"https:\/\/www.anovapeneira.gal\/index.php\/wp-json\/wp\/v2\/posts\/9763\/revisions"}],"predecessor-version":[{"id":9765,"href":"https:\/\/www.anovapeneira.gal\/index.php\/wp-json\/wp\/v2\/posts\/9763\/revisions\/9765"}],"wp:featuredmedia":[{"embeddable":true,"href":"https:\/\/www.anovapeneira.gal\/index.php\/wp-json\/wp\/v2\/media\/9764"}],"wp:attachment":[{"href":"https:\/\/www.anovapeneira.gal\/index.php\/wp-json\/wp\/v2\/media?parent=9763"}],"wp:term":[{"taxonomy":"category","embeddable":true,"href":"https:\/\/www.anovapeneira.gal\/index.php\/wp-json\/wp\/v2\/categories?post=9763"},{"taxonomy":"post_tag","embeddable":true,"href":"https:\/\/www.anovapeneira.gal\/index.php\/wp-json\/wp\/v2\/tags?post=9763"}],"curies":[{"name":"wp","href":"https:\/\/api.w.org\/{rel}","templated":true}]}}