{"id":9769,"date":"2023-05-25T10:00:33","date_gmt":"2023-05-25T08:00:33","guid":{"rendered":"https:\/\/www.anovapeneira.gal\/?p=9769"},"modified":"2023-05-19T09:25:16","modified_gmt":"2023-05-19T07:25:16","slug":"o-bng-de-cangas-a-por-todas-sen-limites-e-sen-teito","status":"publish","type":"post","link":"https:\/\/www.anovapeneira.gal\/index.php\/2023\/05\/25\/o-bng-de-cangas-a-por-todas-sen-limites-e-sen-teito\/","title":{"rendered":"O BNG de Cangas a por todas, sen l\u00edmites e sen teito"},"content":{"rendered":"\n<p>\u201c<strong>O BNG quere que Cangas volva ser motor econ\u00f3mico do Morrazo\u201d<\/strong><\/p>\n\n\n\n<p><strong>Un equipo preparado para Gobernar o noso concello<\/strong><\/p>\n\n\n\n<p>A candidatura do BNG est\u00e1 formada por mulleres e homes con experiencia e valent\u00eda para facer do noso concello o mellor lugar para vivir. Persoas con capacidade de traballo e compromiso, dispostas a escoitar a veci\u00f1anza para atender as s\u00faas demandas e reivindicaci\u00f3ns. Persoas que destacan pola s\u00faa dedicaci\u00f3n desinteresada nos asuntos p\u00fablicos nos m\u00e1is diversos \u00e1mbitos da vida social, educativa, cultural, veci\u00f1al e pol\u00edtica de Cangas.<\/p>\n\n\n\n<p><strong>Forman parte da candidatura do BNG en Cangas:<\/strong><\/p>\n\n\n\n<p>1.- ARACELI GESTIDO RODR\u00cdGUEZ.<\/p>\n\n\n\n<p>Traballadora Empresa de Mobilidade.<\/p>\n\n\n\n<p>2.- ANT\u00d3N IGLESIAS FRANCO<\/p>\n\n\n\n<p>Profesor de Inform\u00e1tica e chin\u00e9s.<\/p>\n\n\n\n<p>3.- LEONOR GALA TORRES SAB\u00cdN<\/p>\n\n\n\n<p>Profesora IES Johan Carballeira de Bueu. Delegada sindical da CIG.<\/p>\n\n\n\n<p>4.- NO\u00cbL MALVIDO CRUZ<\/p>\n\n\n\n<p>Estudante. Monitor Club de Remo Vila de Cangas. Fundador CODIMO.<\/p>\n\n\n\n<p>5.- LUCIA DOCAMPO MART\u00cdNEZ<\/p>\n\n\n\n<p>Profesora na Escola de Idiomas de Pontevedra.<\/p>\n\n\n\n<p>6.- OLIVER \u00c1LVAREZ BARRANCO<\/p>\n\n\n\n<p>T\u00e9cnico da Fundaci\u00f3n Estatal para a Formaci\u00f3n no Emprego.<\/p>\n\n\n\n<p>7.- XIANA ABAL AUGUSTO<\/p>\n\n\n\n<p>Logopeda.<\/p>\n\n\n\n<p>8.- SERGIO NUNES GARC\u00cdA<\/p>\n\n\n\n<p>Profesor de FP e Econom\u00eda. Docente no IES de Rodeira.<\/p>\n\n\n\n<p>9.- CARMEN SU\u00c1REZ SOBRADO<\/p>\n\n\n\n<p>Mestra CEIP Castrill\u00f3n-Coiro.<\/p>\n\n\n\n<p>10.- XO\u00c1N C. CHILL\u00d3N IGLESIAS<\/p>\n\n\n\n<p>Mestre xubilado. Activista socio-cultural.<\/p>\n\n\n\n<p><strong>Araceli Gestido candidata<\/strong><\/p>\n\n\n\n<p><strong>Redacci\u00f3n<\/strong><\/p>\n\n\n\n<p>\u201c <strong>A cidadan\u00eda ten moito que ga\u00f1ar o 28 M e o BNG \u00e9 a mellor garant\u00eda para facelo\u201d<\/strong><\/p>\n\n\n\n<p><strong>Este mandato municipal veu marcado pola pandemia, o falecemento dun alcalde, o enfrontamento e a desfeita de grupos municipais&#8230; como afecta isto a Cangas a curto prazo?<\/strong><\/p>\n\n\n\n<blockquote class=\"wp-block-quote is-layout-flow wp-block-quote-is-layout-flow\">\n<p>&#8211; Cangas est\u00e1 hoxe sumida nunha pelexa constante entre forzas pol\u00edticas. Parecen m\u00e1is interesadas en medrar politicamente que en resolver os problemas inmediatos e de futuro que est\u00e1n na mente da cidadan\u00eda canguesa. Isto ten que cambiar. O BNG ofrece un novo talante, un barco onde remar todos e todas, xuntas, na mesma direcci\u00f3n. Erradicar a confrontaci\u00f3n habitual entre dirixentes pol\u00edticos e abrir portas e vent\u00e1s para que entren aires novos, a brisa das r\u00edas, para levar a cabo un cambio cheo de esperanza e conciliaci\u00f3n. A cidadan\u00eda ten moito que ga\u00f1ar nas urnas o 28 de maio, e o BNG \u00e9 a mellor garant\u00eda para facelo, porque Cangas merece m\u00e1is, e para iso lidero un equipo renovado, forte, coa cabeza nos problemas que sofren Cangas, Ald\u00e1n, Coiro, O H\u00edo ou Darbo e co coraz\u00f3n no traballo do d\u00eda a d\u00eda para resolvelos.<\/p>\n<\/blockquote>\n\n\n\n<p><strong>A comarca do Morrazo est\u00e1 a se mobilizar por unha sanidade p\u00fablica en condici\u00f3ns, pola recuperaci\u00f3n das Urxencias, pola volta do persoal m\u00e9dico e servizos sanitarios retirados pola Xunta, que far\u00e1 o BNG?<\/strong><\/p>\n\n\n\n<blockquote class=\"wp-block-quote is-layout-flow wp-block-quote-is-layout-flow\">\n<p>&#8211; Os veci\u00f1os e veci\u00f1as de Cangas s\u00e1beno, e tam\u00e9n as xentes de Moa\u00f1a, de Bueu, de Galiza&#8230; que levan meses mobiliz\u00e1ndose e deixando claro na r\u00faa que non toleran esta vergo\u00f1a, este roubo de dereitos que perpetra o Partido Popular para privatizar a sanidade. En Cangas, por riba, temos o silencio c\u00f3mplice do candidato Sotelo, inhumano, insens\u00edbel e fr\u00edo. Non se inmuta cando a cidadan\u00eda canguesa ten que agardar longo tempo para unha cita m\u00e9dica ou mirar nenos e nenas sen atenci\u00f3n pedi\u00e1trica en condici\u00f3ns. Por isto \u00e9 importante que o BNG goberne, para impedir agravios, para xestionar e demandar os servizos que Cangas merece e ten dereito.<\/p>\n<\/blockquote>\n\n\n\n<p><strong>Que lle vai dar o goberno do BNG \u00e1 cidadan\u00eda de Cangas?<\/strong><\/p>\n\n\n\n<blockquote class=\"wp-block-quote is-layout-flow wp-block-quote-is-layout-flow\">\n<p>&#8211; Temos un comercio local con moitos problemas, a sanidade p\u00fablica desmantelada, miles de euros en subvenci\u00f3ns perdidas&#8230; un goberno cansado, \u00e1 deriva, e unha oposici\u00f3n dividida. Fronte a isto: xesti\u00f3n eficaz e medidas para recuperar o tempo perdido, cun talante conciliador para remar xuntos e xuntas na mesma direcci\u00f3n.<\/p>\n<\/blockquote>\n\n\n\n<blockquote class=\"wp-block-quote is-layout-flow wp-block-quote-is-layout-flow\">\n<p>Imos desenvolver a nosa acci\u00f3n tendo en conta os sectores produtivos, o mar, a hostalar\u00eda, os servizos p\u00fablicos. Po\u00f1er en marcha un concello BNG, como tantos outros que son xa modelo en todo o pa\u00eds e con reco\u00f1ecemento internacional pola maneira que temos de facer as cousas.<\/p>\n<\/blockquote>\n\n\n\n<blockquote class=\"wp-block-quote is-layout-flow wp-block-quote-is-layout-flow\">\n<p>Queremos volver a ser o motor econ\u00f3mico do Morrazo e compromet\u00e9monos cun modelo de desenvolvemento econ\u00f3mico baseado nos recursos propios, na xeraci\u00f3n de emprego, cohesi\u00f3n social, participaci\u00f3n veci\u00f1al e na defensa duns servizos p\u00fablicos de calidade para Cangas. Avanzaremos na aprobaci\u00f3n dun Plan Xeral de Ordenaci\u00f3n Municipal que te\u00f1a \u00e1s persoas e ao territorio como eixo principal.<\/p>\n<\/blockquote>\n\n\n\n<blockquote class=\"wp-block-quote is-layout-flow wp-block-quote-is-layout-flow\">\n<p>Recuperaremos a participaci\u00f3n social, dar\u00e9moslle un papel importante \u00e1 mocidade e renovaremos e melloraremos os equipamentos deportivos e culturais, para dotar Cangas daquelas novas infraestruturas que precisa e po\u00f1endo en valor o talento da cidadan\u00eda canguesa.<\/p>\n<\/blockquote>\n","protected":false},"excerpt":{"rendered":"<div class=\"mh-excerpt\"><p>A candidatura do BNG est\u00e1 formada por mulleres e homes con experiencia e valent\u00eda para facer do noso concello o mellor lugar para vivir. Persoas con capacidade de traballo e compromiso, dispostas a escoitar a veci\u00f1anza para atender as s\u00faas demandas e reivindicaci\u00f3ns <a class=\"mh-excerpt-more\" href=\"https:\/\/www.anovapeneira.gal\/index.php\/2023\/05\/25\/o-bng-de-cangas-a-por-todas-sen-limites-e-sen-teito\/\" title=\"O BNG de Cangas a por todas, sen l\u00edmites e sen teito\">[&#8230;]<\/a><\/p>\n<\/div>","protected":false},"author":3,"featured_media":9770,"comment_status":"open","ping_status":"open","sticky":false,"template":"","format":"standard","meta":{"_exactmetrics_skip_tracking":false,"_exactmetrics_sitenote_active":false,"_exactmetrics_sitenote_note":"","_exactmetrics_sitenote_category":0,"footnotes":""},"categories":[268],"tags":[681],"class_list":{"0":"post-9769","1":"post","2":"type-post","3":"status-publish","4":"format-standard","5":"has-post-thumbnail","7":"category-morrazo-entrevistas","8":"tag-concello-de-cangas-do-morrazo"},"yoast_head":"<!-- This site is optimized with the Yoast SEO plugin v27.4 - https:\/\/yoast.com\/product\/yoast-seo-wordpress\/ -->\n<title>O BNG de Cangas a por todas, sen l\u00edmites e sen teito -<\/title>\n<meta name=\"description\" content=\"A candidatura do BNG est\u00e1 formada por mulleres e homes con experiencia e valent\u00eda para facer do noso concello o mellor lugar para vivir. Persoas con capacidade de traballo e compromiso, dispostas a escoitar a veci\u00f1anza para atender as s\u00faas demandas e reivindicaci\u00f3ns\" \/>\n<meta name=\"robots\" content=\"index, follow, max-snippet:-1, max-image-preview:large, max-video-preview:-1\" \/>\n<link rel=\"canonical\" href=\"https:\/\/www.anovapeneira.gal\/index.php\/2023\/05\/25\/o-bng-de-cangas-a-por-todas-sen-limites-e-sen-teito\/\" \/>\n<meta property=\"og:locale\" content=\"gl_ES\" \/>\n<meta property=\"og:type\" content=\"article\" \/>\n<meta property=\"og:title\" content=\"O BNG de Cangas a por todas, sen l\u00edmites e sen teito -\" \/>\n<meta property=\"og:description\" content=\"A candidatura do BNG est\u00e1 formada por mulleres e homes con experiencia e valent\u00eda para facer do noso concello o mellor lugar para vivir. Persoas con capacidade de traballo e compromiso, dispostas a escoitar a veci\u00f1anza para atender as s\u00faas demandas e reivindicaci\u00f3ns\" \/>\n<meta property=\"og:url\" content=\"https:\/\/www.anovapeneira.gal\/index.php\/2023\/05\/25\/o-bng-de-cangas-a-por-todas-sen-limites-e-sen-teito\/\" \/>\n<meta property=\"article:publisher\" content=\"https:\/\/www.facebook.com\/anovapeneira\" \/>\n<meta property=\"article:published_time\" content=\"2023-05-25T08:00:33+00:00\" \/>\n<meta property=\"og:image\" content=\"https:\/\/www.anovapeneira.gal\/wp-content\/uploads\/2023\/05\/bng_cangas.jpg\" \/>\n\t<meta property=\"og:image:width\" content=\"720\" \/>\n\t<meta property=\"og:image:height\" content=\"432\" \/>\n\t<meta property=\"og:image:type\" content=\"image\/jpeg\" \/>\n<meta name=\"author\" content=\"Redacci\u00f3n A Nova Peneira\" \/>\n<meta name=\"twitter:card\" content=\"summary_large_image\" \/>\n<meta name=\"twitter:creator\" content=\"@APeneira\" \/>\n<meta name=\"twitter:site\" content=\"@APeneira\" \/>\n<meta name=\"twitter:label1\" content=\"Escrito por\" \/>\n\t<meta name=\"twitter:data1\" content=\"Redacci\u00f3n A Nova Peneira\" \/>\n\t<meta name=\"twitter:label2\" content=\"Tempo de lectura\" \/>\n\t<meta name=\"twitter:data2\" content=\"4 minutos\" \/>\n<script type=\"application\/ld+json\" class=\"yoast-schema-graph\">{\"@context\":\"https:\\\/\\\/schema.org\",\"@graph\":[{\"@type\":\"Article\",\"@id\":\"https:\\\/\\\/www.anovapeneira.gal\\\/index.php\\\/2023\\\/05\\\/25\\\/o-bng-de-cangas-a-por-todas-sen-limites-e-sen-teito\\\/#article\",\"isPartOf\":{\"@id\":\"https:\\\/\\\/www.anovapeneira.gal\\\/index.php\\\/2023\\\/05\\\/25\\\/o-bng-de-cangas-a-por-todas-sen-limites-e-sen-teito\\\/\"},\"author\":{\"name\":\"Redacci\u00f3n A Nova Peneira\",\"@id\":\"https:\\\/\\\/www.anovapeneira.gal\\\/#\\\/schema\\\/person\\\/b93e3f8932e3f8da96334607eb6ac6aa\"},\"headline\":\"O BNG de Cangas a por todas, sen l\u00edmites e sen teito\",\"datePublished\":\"2023-05-25T08:00:33+00:00\",\"mainEntityOfPage\":{\"@id\":\"https:\\\/\\\/www.anovapeneira.gal\\\/index.php\\\/2023\\\/05\\\/25\\\/o-bng-de-cangas-a-por-todas-sen-limites-e-sen-teito\\\/\"},\"wordCount\":837,\"commentCount\":0,\"publisher\":{\"@id\":\"https:\\\/\\\/www.anovapeneira.gal\\\/#organization\"},\"image\":{\"@id\":\"https:\\\/\\\/www.anovapeneira.gal\\\/index.php\\\/2023\\\/05\\\/25\\\/o-bng-de-cangas-a-por-todas-sen-limites-e-sen-teito\\\/#primaryimage\"},\"thumbnailUrl\":\"https:\\\/\\\/www.anovapeneira.gal\\\/wp-content\\\/uploads\\\/2023\\\/05\\\/bng_cangas.jpg\",\"keywords\":[\"Concello de Cangas do Morrazo\"],\"articleSection\":[\"Morrazo\"],\"inLanguage\":\"gl-ES\",\"potentialAction\":[{\"@type\":\"CommentAction\",\"name\":\"Comment\",\"target\":[\"https:\\\/\\\/www.anovapeneira.gal\\\/index.php\\\/2023\\\/05\\\/25\\\/o-bng-de-cangas-a-por-todas-sen-limites-e-sen-teito\\\/#respond\"]}]},{\"@type\":\"WebPage\",\"@id\":\"https:\\\/\\\/www.anovapeneira.gal\\\/index.php\\\/2023\\\/05\\\/25\\\/o-bng-de-cangas-a-por-todas-sen-limites-e-sen-teito\\\/\",\"url\":\"https:\\\/\\\/www.anovapeneira.gal\\\/index.php\\\/2023\\\/05\\\/25\\\/o-bng-de-cangas-a-por-todas-sen-limites-e-sen-teito\\\/\",\"name\":\"O BNG de Cangas a por todas, sen l\u00edmites e sen teito -\",\"isPartOf\":{\"@id\":\"https:\\\/\\\/www.anovapeneira.gal\\\/#website\"},\"primaryImageOfPage\":{\"@id\":\"https:\\\/\\\/www.anovapeneira.gal\\\/index.php\\\/2023\\\/05\\\/25\\\/o-bng-de-cangas-a-por-todas-sen-limites-e-sen-teito\\\/#primaryimage\"},\"image\":{\"@id\":\"https:\\\/\\\/www.anovapeneira.gal\\\/index.php\\\/2023\\\/05\\\/25\\\/o-bng-de-cangas-a-por-todas-sen-limites-e-sen-teito\\\/#primaryimage\"},\"thumbnailUrl\":\"https:\\\/\\\/www.anovapeneira.gal\\\/wp-content\\\/uploads\\\/2023\\\/05\\\/bng_cangas.jpg\",\"datePublished\":\"2023-05-25T08:00:33+00:00\",\"description\":\"A candidatura do BNG est\u00e1 formada por mulleres e homes con experiencia e valent\u00eda para facer do noso concello o mellor lugar para vivir. Persoas con capacidade de traballo e compromiso, dispostas a escoitar a veci\u00f1anza para atender as s\u00faas demandas e reivindicaci\u00f3ns\",\"breadcrumb\":{\"@id\":\"https:\\\/\\\/www.anovapeneira.gal\\\/index.php\\\/2023\\\/05\\\/25\\\/o-bng-de-cangas-a-por-todas-sen-limites-e-sen-teito\\\/#breadcrumb\"},\"inLanguage\":\"gl-ES\",\"potentialAction\":[{\"@type\":\"ReadAction\",\"target\":[\"https:\\\/\\\/www.anovapeneira.gal\\\/index.php\\\/2023\\\/05\\\/25\\\/o-bng-de-cangas-a-por-todas-sen-limites-e-sen-teito\\\/\"]}]},{\"@type\":\"ImageObject\",\"inLanguage\":\"gl-ES\",\"@id\":\"https:\\\/\\\/www.anovapeneira.gal\\\/index.php\\\/2023\\\/05\\\/25\\\/o-bng-de-cangas-a-por-todas-sen-limites-e-sen-teito\\\/#primaryimage\",\"url\":\"https:\\\/\\\/www.anovapeneira.gal\\\/wp-content\\\/uploads\\\/2023\\\/05\\\/bng_cangas.jpg\",\"contentUrl\":\"https:\\\/\\\/www.anovapeneira.gal\\\/wp-content\\\/uploads\\\/2023\\\/05\\\/bng_cangas.jpg\",\"width\":720,\"height\":432,\"caption\":\"O BNG de Cangas a por todas, sen l\u00edmites e sen teito\"},{\"@type\":\"BreadcrumbList\",\"@id\":\"https:\\\/\\\/www.anovapeneira.gal\\\/index.php\\\/2023\\\/05\\\/25\\\/o-bng-de-cangas-a-por-todas-sen-limites-e-sen-teito\\\/#breadcrumb\",\"itemListElement\":[{\"@type\":\"ListItem\",\"position\":1,\"name\":\"Portada\",\"item\":\"https:\\\/\\\/www.anovapeneira.gal\\\/\"},{\"@type\":\"ListItem\",\"position\":2,\"name\":\"O BNG de Cangas a por todas, sen l\u00edmites e sen teito\"}]},{\"@type\":\"WebSite\",\"@id\":\"https:\\\/\\\/www.anovapeneira.gal\\\/#website\",\"url\":\"https:\\\/\\\/www.anovapeneira.gal\\\/\",\"name\":\"\",\"description\":\"Xornal galego de informaci\u00f3n xeral Publicaci\u00f3n mensual de novas de Galicia e en especial dos Concellos da sur da provincia de Pontevedra.\",\"publisher\":{\"@id\":\"https:\\\/\\\/www.anovapeneira.gal\\\/#organization\"},\"potentialAction\":[{\"@type\":\"SearchAction\",\"target\":{\"@type\":\"EntryPoint\",\"urlTemplate\":\"https:\\\/\\\/www.anovapeneira.gal\\\/?s={search_term_string}\"},\"query-input\":{\"@type\":\"PropertyValueSpecification\",\"valueRequired\":true,\"valueName\":\"search_term_string\"}}],\"inLanguage\":\"gl-ES\"},{\"@type\":\"Organization\",\"@id\":\"https:\\\/\\\/www.anovapeneira.gal\\\/#organization\",\"name\":\"A Nova Peneira\",\"url\":\"https:\\\/\\\/www.anovapeneira.gal\\\/\",\"logo\":{\"@type\":\"ImageObject\",\"inLanguage\":\"gl-ES\",\"@id\":\"https:\\\/\\\/www.anovapeneira.gal\\\/#\\\/schema\\\/logo\\\/image\\\/\",\"url\":\"http:\\\/\\\/www.anovapeneira.gal\\\/wp-content\\\/uploads\\\/2019\\\/06\\\/logo_a_nova_peneira_portal_web.png\",\"contentUrl\":\"http:\\\/\\\/www.anovapeneira.gal\\\/wp-content\\\/uploads\\\/2019\\\/06\\\/logo_a_nova_peneira_portal_web.png\",\"width\":300,\"height\":100,\"caption\":\"A Nova Peneira\"},\"image\":{\"@id\":\"https:\\\/\\\/www.anovapeneira.gal\\\/#\\\/schema\\\/logo\\\/image\\\/\"},\"sameAs\":[\"https:\\\/\\\/www.facebook.com\\\/anovapeneira\",\"https:\\\/\\\/x.com\\\/APeneira\"]},{\"@type\":\"Person\",\"@id\":\"https:\\\/\\\/www.anovapeneira.gal\\\/#\\\/schema\\\/person\\\/b93e3f8932e3f8da96334607eb6ac6aa\",\"name\":\"Redacci\u00f3n A Nova Peneira\",\"image\":{\"@type\":\"ImageObject\",\"inLanguage\":\"gl-ES\",\"@id\":\"https:\\\/\\\/secure.gravatar.com\\\/avatar\\\/c052a2551a06e23fac63626232eaa90abd78dbcf1700fc46a2b2c89fd27b735f?s=96&d=mm&r=g\",\"url\":\"https:\\\/\\\/secure.gravatar.com\\\/avatar\\\/c052a2551a06e23fac63626232eaa90abd78dbcf1700fc46a2b2c89fd27b735f?s=96&d=mm&r=g\",\"contentUrl\":\"https:\\\/\\\/secure.gravatar.com\\\/avatar\\\/c052a2551a06e23fac63626232eaa90abd78dbcf1700fc46a2b2c89fd27b735f?s=96&d=mm&r=g\",\"caption\":\"Redacci\u00f3n A Nova Peneira\"},\"sameAs\":[\"http:\\\/\\\/www.anovapeneira.gal\\\/\"],\"url\":\"https:\\\/\\\/www.anovapeneira.gal\\\/index.php\\\/author\\\/redactor\\\/\"}]}<\/script>\n<!-- \/ Yoast SEO plugin. -->","yoast_head_json":{"title":"O BNG de Cangas a por todas, sen l\u00edmites e sen teito -","description":"A candidatura do BNG est\u00e1 formada por mulleres e homes con experiencia e valent\u00eda para facer do noso concello o mellor lugar para vivir. Persoas con capacidade de traballo e compromiso, dispostas a escoitar a veci\u00f1anza para atender as s\u00faas demandas e reivindicaci\u00f3ns","robots":{"index":"index","follow":"follow","max-snippet":"max-snippet:-1","max-image-preview":"max-image-preview:large","max-video-preview":"max-video-preview:-1"},"canonical":"https:\/\/www.anovapeneira.gal\/index.php\/2023\/05\/25\/o-bng-de-cangas-a-por-todas-sen-limites-e-sen-teito\/","og_locale":"gl_ES","og_type":"article","og_title":"O BNG de Cangas a por todas, sen l\u00edmites e sen teito -","og_description":"A candidatura do BNG est\u00e1 formada por mulleres e homes con experiencia e valent\u00eda para facer do noso concello o mellor lugar para vivir. Persoas con capacidade de traballo e compromiso, dispostas a escoitar a veci\u00f1anza para atender as s\u00faas demandas e reivindicaci\u00f3ns","og_url":"https:\/\/www.anovapeneira.gal\/index.php\/2023\/05\/25\/o-bng-de-cangas-a-por-todas-sen-limites-e-sen-teito\/","article_publisher":"https:\/\/www.facebook.com\/anovapeneira","article_published_time":"2023-05-25T08:00:33+00:00","og_image":[{"width":720,"height":432,"url":"https:\/\/www.anovapeneira.gal\/wp-content\/uploads\/2023\/05\/bng_cangas.jpg","type":"image\/jpeg"}],"author":"Redacci\u00f3n A Nova Peneira","twitter_card":"summary_large_image","twitter_creator":"@APeneira","twitter_site":"@APeneira","twitter_misc":{"Escrito por":"Redacci\u00f3n A Nova Peneira","Tempo de lectura":"4 minutos"},"schema":{"@context":"https:\/\/schema.org","@graph":[{"@type":"Article","@id":"https:\/\/www.anovapeneira.gal\/index.php\/2023\/05\/25\/o-bng-de-cangas-a-por-todas-sen-limites-e-sen-teito\/#article","isPartOf":{"@id":"https:\/\/www.anovapeneira.gal\/index.php\/2023\/05\/25\/o-bng-de-cangas-a-por-todas-sen-limites-e-sen-teito\/"},"author":{"name":"Redacci\u00f3n A Nova Peneira","@id":"https:\/\/www.anovapeneira.gal\/#\/schema\/person\/b93e3f8932e3f8da96334607eb6ac6aa"},"headline":"O BNG de Cangas a por todas, sen l\u00edmites e sen teito","datePublished":"2023-05-25T08:00:33+00:00","mainEntityOfPage":{"@id":"https:\/\/www.anovapeneira.gal\/index.php\/2023\/05\/25\/o-bng-de-cangas-a-por-todas-sen-limites-e-sen-teito\/"},"wordCount":837,"commentCount":0,"publisher":{"@id":"https:\/\/www.anovapeneira.gal\/#organization"},"image":{"@id":"https:\/\/www.anovapeneira.gal\/index.php\/2023\/05\/25\/o-bng-de-cangas-a-por-todas-sen-limites-e-sen-teito\/#primaryimage"},"thumbnailUrl":"https:\/\/www.anovapeneira.gal\/wp-content\/uploads\/2023\/05\/bng_cangas.jpg","keywords":["Concello de Cangas do Morrazo"],"articleSection":["Morrazo"],"inLanguage":"gl-ES","potentialAction":[{"@type":"CommentAction","name":"Comment","target":["https:\/\/www.anovapeneira.gal\/index.php\/2023\/05\/25\/o-bng-de-cangas-a-por-todas-sen-limites-e-sen-teito\/#respond"]}]},{"@type":"WebPage","@id":"https:\/\/www.anovapeneira.gal\/index.php\/2023\/05\/25\/o-bng-de-cangas-a-por-todas-sen-limites-e-sen-teito\/","url":"https:\/\/www.anovapeneira.gal\/index.php\/2023\/05\/25\/o-bng-de-cangas-a-por-todas-sen-limites-e-sen-teito\/","name":"O BNG de Cangas a por todas, sen l\u00edmites e sen teito -","isPartOf":{"@id":"https:\/\/www.anovapeneira.gal\/#website"},"primaryImageOfPage":{"@id":"https:\/\/www.anovapeneira.gal\/index.php\/2023\/05\/25\/o-bng-de-cangas-a-por-todas-sen-limites-e-sen-teito\/#primaryimage"},"image":{"@id":"https:\/\/www.anovapeneira.gal\/index.php\/2023\/05\/25\/o-bng-de-cangas-a-por-todas-sen-limites-e-sen-teito\/#primaryimage"},"thumbnailUrl":"https:\/\/www.anovapeneira.gal\/wp-content\/uploads\/2023\/05\/bng_cangas.jpg","datePublished":"2023-05-25T08:00:33+00:00","description":"A candidatura do BNG est\u00e1 formada por mulleres e homes con experiencia e valent\u00eda para facer do noso concello o mellor lugar para vivir. Persoas con capacidade de traballo e compromiso, dispostas a escoitar a veci\u00f1anza para atender as s\u00faas demandas e reivindicaci\u00f3ns","breadcrumb":{"@id":"https:\/\/www.anovapeneira.gal\/index.php\/2023\/05\/25\/o-bng-de-cangas-a-por-todas-sen-limites-e-sen-teito\/#breadcrumb"},"inLanguage":"gl-ES","potentialAction":[{"@type":"ReadAction","target":["https:\/\/www.anovapeneira.gal\/index.php\/2023\/05\/25\/o-bng-de-cangas-a-por-todas-sen-limites-e-sen-teito\/"]}]},{"@type":"ImageObject","inLanguage":"gl-ES","@id":"https:\/\/www.anovapeneira.gal\/index.php\/2023\/05\/25\/o-bng-de-cangas-a-por-todas-sen-limites-e-sen-teito\/#primaryimage","url":"https:\/\/www.anovapeneira.gal\/wp-content\/uploads\/2023\/05\/bng_cangas.jpg","contentUrl":"https:\/\/www.anovapeneira.gal\/wp-content\/uploads\/2023\/05\/bng_cangas.jpg","width":720,"height":432,"caption":"O BNG de Cangas a por todas, sen l\u00edmites e sen teito"},{"@type":"BreadcrumbList","@id":"https:\/\/www.anovapeneira.gal\/index.php\/2023\/05\/25\/o-bng-de-cangas-a-por-todas-sen-limites-e-sen-teito\/#breadcrumb","itemListElement":[{"@type":"ListItem","position":1,"name":"Portada","item":"https:\/\/www.anovapeneira.gal\/"},{"@type":"ListItem","position":2,"name":"O BNG de Cangas a por todas, sen l\u00edmites e sen teito"}]},{"@type":"WebSite","@id":"https:\/\/www.anovapeneira.gal\/#website","url":"https:\/\/www.anovapeneira.gal\/","name":"","description":"Xornal galego de informaci\u00f3n xeral Publicaci\u00f3n mensual de novas de Galicia e en especial dos Concellos da sur da provincia de Pontevedra.","publisher":{"@id":"https:\/\/www.anovapeneira.gal\/#organization"},"potentialAction":[{"@type":"SearchAction","target":{"@type":"EntryPoint","urlTemplate":"https:\/\/www.anovapeneira.gal\/?s={search_term_string}"},"query-input":{"@type":"PropertyValueSpecification","valueRequired":true,"valueName":"search_term_string"}}],"inLanguage":"gl-ES"},{"@type":"Organization","@id":"https:\/\/www.anovapeneira.gal\/#organization","name":"A Nova Peneira","url":"https:\/\/www.anovapeneira.gal\/","logo":{"@type":"ImageObject","inLanguage":"gl-ES","@id":"https:\/\/www.anovapeneira.gal\/#\/schema\/logo\/image\/","url":"http:\/\/www.anovapeneira.gal\/wp-content\/uploads\/2019\/06\/logo_a_nova_peneira_portal_web.png","contentUrl":"http:\/\/www.anovapeneira.gal\/wp-content\/uploads\/2019\/06\/logo_a_nova_peneira_portal_web.png","width":300,"height":100,"caption":"A Nova Peneira"},"image":{"@id":"https:\/\/www.anovapeneira.gal\/#\/schema\/logo\/image\/"},"sameAs":["https:\/\/www.facebook.com\/anovapeneira","https:\/\/x.com\/APeneira"]},{"@type":"Person","@id":"https:\/\/www.anovapeneira.gal\/#\/schema\/person\/b93e3f8932e3f8da96334607eb6ac6aa","name":"Redacci\u00f3n A Nova Peneira","image":{"@type":"ImageObject","inLanguage":"gl-ES","@id":"https:\/\/secure.gravatar.com\/avatar\/c052a2551a06e23fac63626232eaa90abd78dbcf1700fc46a2b2c89fd27b735f?s=96&d=mm&r=g","url":"https:\/\/secure.gravatar.com\/avatar\/c052a2551a06e23fac63626232eaa90abd78dbcf1700fc46a2b2c89fd27b735f?s=96&d=mm&r=g","contentUrl":"https:\/\/secure.gravatar.com\/avatar\/c052a2551a06e23fac63626232eaa90abd78dbcf1700fc46a2b2c89fd27b735f?s=96&d=mm&r=g","caption":"Redacci\u00f3n A Nova Peneira"},"sameAs":["http:\/\/www.anovapeneira.gal\/"],"url":"https:\/\/www.anovapeneira.gal\/index.php\/author\/redactor\/"}]}},"jetpack_featured_media_url":"https:\/\/www.anovapeneira.gal\/wp-content\/uploads\/2023\/05\/bng_cangas.jpg","_links":{"self":[{"href":"https:\/\/www.anovapeneira.gal\/index.php\/wp-json\/wp\/v2\/posts\/9769","targetHints":{"allow":["GET"]}}],"collection":[{"href":"https:\/\/www.anovapeneira.gal\/index.php\/wp-json\/wp\/v2\/posts"}],"about":[{"href":"https:\/\/www.anovapeneira.gal\/index.php\/wp-json\/wp\/v2\/types\/post"}],"author":[{"embeddable":true,"href":"https:\/\/www.anovapeneira.gal\/index.php\/wp-json\/wp\/v2\/users\/3"}],"replies":[{"embeddable":true,"href":"https:\/\/www.anovapeneira.gal\/index.php\/wp-json\/wp\/v2\/comments?post=9769"}],"version-history":[{"count":1,"href":"https:\/\/www.anovapeneira.gal\/index.php\/wp-json\/wp\/v2\/posts\/9769\/revisions"}],"predecessor-version":[{"id":9771,"href":"https:\/\/www.anovapeneira.gal\/index.php\/wp-json\/wp\/v2\/posts\/9769\/revisions\/9771"}],"wp:featuredmedia":[{"embeddable":true,"href":"https:\/\/www.anovapeneira.gal\/index.php\/wp-json\/wp\/v2\/media\/9770"}],"wp:attachment":[{"href":"https:\/\/www.anovapeneira.gal\/index.php\/wp-json\/wp\/v2\/media?parent=9769"}],"wp:term":[{"taxonomy":"category","embeddable":true,"href":"https:\/\/www.anovapeneira.gal\/index.php\/wp-json\/wp\/v2\/categories?post=9769"},{"taxonomy":"post_tag","embeddable":true,"href":"https:\/\/www.anovapeneira.gal\/index.php\/wp-json\/wp\/v2\/tags?post=9769"}],"curies":[{"name":"wp","href":"https:\/\/api.w.org\/{rel}","templated":true}]}}