{"id":9772,"date":"2023-05-25T12:00:45","date_gmt":"2023-05-25T10:00:45","guid":{"rendered":"https:\/\/www.anovapeneira.gal\/?p=9772"},"modified":"2023-05-19T09:56:02","modified_gmt":"2023-05-19T07:56:02","slug":"cangas-a-continuidade-do-goberno-progresista-pasa-polo-entendemento-das-esquerdas","status":"publish","type":"post","link":"https:\/\/www.anovapeneira.gal\/index.php\/2023\/05\/25\/cangas-a-continuidade-do-goberno-progresista-pasa-polo-entendemento-das-esquerdas\/","title":{"rendered":"Cangas: a continuidade do goberno progresista pasa polo entendemento das esquerdas"},"content":{"rendered":"\n<pre class=\"wp-block-verse\"><strong>Alma L\u00f3pez Figueiras<\/strong><\/pre>\n\n\n\n<p><em>O BNG, que renova liderado con Araceli Gestido \u00e1 fronte, pode converterse na candidatura de esquerdas m\u00e1is votada no concello se recibe o apoio de Avante!-ASpUN e daquelas persoas que confiaron en ACE cando estaba o finado alcalde Xos\u00e9 Manuel Pazos e non comprenden as liortas internas que se sucederon no xa desintegrado bloque de esquerdas. Por\u00e9n, a continuidade do goberno progresista no concello m\u00e1is poboado do Morrazo depender\u00e1 dos resultados do PP e da capacidade de entendemento das esquerdas, quizais co BNG como forza de consenso.<\/em><\/p>\n\n\n\n<p>O escenario pol\u00edtico de Cangas de cara \u00e1s elecci\u00f3ns municipais deste 28 de maio \u00e9 un dos m\u00e1is incertos entre os grandes concellos da provincia de Pontevedra. A fragmentaci\u00f3n da esquerda non foi impedimento para que agromasen gobernos progresistas na localidade, pero as \u00faltimas experiencias de 2015 e 2019 demostraron que son necesarias figuras pol\u00edticas de consenso que concilien os intereses colectivos. Ata xaneiro de 2021, o falecido alcalde Xos\u00e9 Manuel Pazos foi esa figura pol\u00edtica de consenso dentro de Alternativa Canguesa de Esquerdas (ACE) e do propio goberno municipal de coalici\u00f3n. As tensi\u00f3ns internas polas cotas de poder en ACE comezaron a visibilizarse mesmo antes de que Victoria Portas fose elexida alcaldesa de Cangas, cos votos dos oito concelleiros do goberno bipartito creado en 2019 \u2013ACE e PSdG-PSOE\u2013 e os tres do BNG. Aos poucos meses, este espellismo de estabilidade pol\u00edtica arredor do bloque de esquerdas que lideraba ACE deu paso \u00e1 desintegraci\u00f3n do goberno bipartito coa abrupta sa\u00edda do PSdG-PSOE. Dentro das filas de ACE tampouco se mantivo a unidade: Victoria Portas puido conservar o bast\u00f3n de mando da Alcald\u00eda ata a cita electoral con tres de catro concelleiros ao seu lado e o apoio puntual do BNG na moci\u00f3n de censura que presentou o PP en novembro de 2022.<\/p>\n\n\n\n<p><strong>Sa\u00edr a pescar en r\u00edo revolto<\/strong><\/p>\n\n\n\n<p>A alcaldesa Victoria Portas, con todo, parece non renunciar ao bast\u00f3n de mando e pres\u00e9ntase \u00e1s elecci\u00f3ns municipais do 28 de maio como cabeza de lista de Alternativa dos Veci\u00f1os, un partido independente fundado en Oleiros (A Coru\u00f1a) polo alcalde comunista \u00c1ngel Garc\u00eda Seoane e que ten vontade de expandirse pola xeograf\u00eda galega. Mariano Abalo, veterano l\u00edder do movemento pol\u00edtico de esquerdas en Cangas desde os primeiros anos da democracia e cabeza de lista de ACE nas municipais de 2007 e 2011, figura no posto 11 da candidatura e abandona a primeira li\u00f1a despois de 44 anos como concelleiro na Corporaci\u00f3n Municipal. A coalici\u00f3n de esquerdas que representara ACE desde 2007 div\u00eddese agora en tres candidaturas lideradas por Victoria Portas (Alternativa dos Veci\u00f1os), a concelleira disidente Aurora Prieto (Esquerda Unida) e Carmen Berzosa (Podemos).<\/p>\n\n\n\n<p>O PSdG-PSOE, que chegou a votar a favor da moci\u00f3n de censura contra a alcaldesa presentada polo PP o ano pasado, tam\u00e9n aposta pola renovaci\u00f3n, situando a Iria Malvido como cabeza de lista.<\/p>\n\n\n\n<p>Esta fragmentaci\u00f3n e renovaci\u00f3n de liderados na esquerda contrasta coa aparente unidade que se observa na dereita. O incombustible Jos\u00e9 Enrique Sotelo volve encabezar a candidatura do PP, \u00e1 procura dun cuarto mandato. Xa resultara elexido con m\u00e1is do 40% dos votos en 1999, 2003 e 2011, xusto despois dos dous gobernos de coalici\u00f3n liderados polo BNG en 1995 e 2007. Ao seu favor ten a desaparici\u00f3n de Ciudadanos e, sobre todo, a reintegraci\u00f3n no PP de Jos\u00e9 Luis Gestido \u2013n\u00famero 6 na candidatura\u2013, quen en 2015 e 2019, co seu partido Cangas Decide, puido restarlle a Sotelo 973 e 663 votos, respectivamente. M\u00e1is \u00e1 dereita do PP, con todo, xurdiu este ano Cangas Unido, encabezado polo excoordinador de Vox na comarca, Jos\u00e9 Luis Fern\u00e1ndez.<\/p>\n\n\n\n<p><strong>O elefante na habitaci\u00f3n do que ningu\u00e9n fala<\/strong><\/p>\n\n\n\n<p>Neste contexto, o elefante na habitaci\u00f3n \u00e9 sen d\u00fabida o BNG. A formaci\u00f3n nacionalista renovou liderado, con Araceli Gestido como cabeza de lista, e ten opci\u00f3ns de sumar forzas progresistas, considerando que nesta ocasi\u00f3n Avante! \u2013constitu\u00eddo como Asemblea pola Unidade-ASpUN en 2015, tras sa\u00edr da esfera de ACE\u2013 non presenta candidatura. Dos votos contabilizados en 2019, haber\u00eda alomenos 1.644 en xogo.<\/p>\n\n\n\n<p>Ben \u00e9 certo que o BNG de Cangas ten rexistrado unha constante diminuci\u00f3n da porcentaxe de voto nas municipais desde o mandato de Clara Mill\u00e1n (2007-2011) e o proceso desencadeado a partir de 2012 coa asemblea de Amio, pero o feito de non ter participado no segundo e m\u00e1is tormentoso goberno de coalici\u00f3n que iniciou o falecido Xos\u00e9 Manuel Pazos \u2013pero si ter apoiado a estabilidade do mesmo en momentos puntuais\u2013 pode converter \u00e1 nova candidata do BNG na peza clave dun futuro goberno progresista de coalici\u00f3n. O clima que se respira noutros concellos do Morrazo \u2013como Bueu e Moa\u00f1a, con alcaldes e alcaldesas que aspiran \u00e1 maior\u00eda absoluta nas urnas\u2013 tam\u00e9n chama ao optimismo nas filas nacionalistas. De chegar \u00e1 Alcald\u00eda, reeditar\u00edase o gui\u00f3n de 2007, con alcaldes e alcaldesas do BNG en Cangas, Bueu e Moa\u00f1a.<\/p>\n\n\n\n<p>Con todo, Cangas v\u00e9n demostrando desde o inicio da etapa democr\u00e1tica que \u00e9 un concello con idiosincrasia pol\u00edtica propia. Xa naquel ano 1979, foi un dos tres concellos galegos que escolleu un alcalde do Partido Comunista de Espa\u00f1a (PCE), e malia sumarse en 1983 \u00e1 moda socialista que marcaba naquel momento Felipe Gonz\u00e1lez, desterrou da Alcald\u00eda ao malogrado Lois Pena nos \u00faltimos anos desa d\u00e9cada cando se atreveu a subir o imposto da contribuci\u00f3n urbana. En Cangas, ningunha forza pol\u00edtica pode vender o peixe antes de tempo. A mar anda revolta e non sabemos quen pode pescar os votos das persoas insatisfeitas coa xesti\u00f3n municipal dos \u00faltimos tempos.<\/p>\n","protected":false},"excerpt":{"rendered":"<div class=\"mh-excerpt\"><p>O BNG, que renova liderado con Araceli Gestido \u00e1 fronte, pode converterse na candidatura de esquerdas m\u00e1is votada no concello se recibe o apoio de Avante!-ASpUN e daquelas persoas que confiaron en ACE cando estaba o finado alcalde Xos\u00e9 Manuel Pazos e non comprenden as liortas internas que se sucederon no xa desintegrado bloque de esquerdas <a class=\"mh-excerpt-more\" href=\"https:\/\/www.anovapeneira.gal\/index.php\/2023\/05\/25\/cangas-a-continuidade-do-goberno-progresista-pasa-polo-entendemento-das-esquerdas\/\" title=\"Cangas: a continuidade do goberno progresista pasa polo entendemento das esquerdas\">[&#8230;]<\/a><\/p>\n<\/div>","protected":false},"author":41,"featured_media":584,"comment_status":"open","ping_status":"open","sticky":false,"template":"","format":"standard","meta":{"_exactmetrics_skip_tracking":false,"_exactmetrics_sitenote_active":false,"_exactmetrics_sitenote_note":"","_exactmetrics_sitenote_category":0,"footnotes":""},"categories":[7],"tags":[681],"class_list":{"0":"post-9772","1":"post","2":"type-post","3":"status-publish","4":"format-standard","5":"has-post-thumbnail","7":"category-artigos-de-opinion","8":"tag-concello-de-cangas-do-morrazo"},"yoast_head":"<!-- This site is optimized with the Yoast SEO plugin v27.4 - https:\/\/yoast.com\/product\/yoast-seo-wordpress\/ -->\n<title>Cangas: a continuidade do goberno progresista pasa polo entendemento das esquerdas -<\/title>\n<meta name=\"robots\" content=\"index, follow, max-snippet:-1, max-image-preview:large, max-video-preview:-1\" \/>\n<link rel=\"canonical\" href=\"https:\/\/www.anovapeneira.gal\/index.php\/2023\/05\/25\/cangas-a-continuidade-do-goberno-progresista-pasa-polo-entendemento-das-esquerdas\/\" \/>\n<meta property=\"og:locale\" content=\"gl_ES\" \/>\n<meta property=\"og:type\" content=\"article\" \/>\n<meta property=\"og:title\" content=\"Cangas: a continuidade do goberno progresista pasa polo entendemento das esquerdas -\" \/>\n<meta property=\"og:description\" content=\"O BNG, que renova liderado con Araceli Gestido \u00e1 fronte, pode converterse na candidatura de esquerdas m\u00e1is votada no concello se recibe o apoio de Avante!-ASpUN e daquelas persoas que confiaron en ACE cando estaba o finado alcalde Xos\u00e9 Manuel Pazos e non comprenden as liortas internas que se sucederon no xa desintegrado bloque de esquerdas [...]\" \/>\n<meta property=\"og:url\" content=\"https:\/\/www.anovapeneira.gal\/index.php\/2023\/05\/25\/cangas-a-continuidade-do-goberno-progresista-pasa-polo-entendemento-das-esquerdas\/\" \/>\n<meta property=\"article:publisher\" content=\"https:\/\/www.facebook.com\/anovapeneira\" \/>\n<meta property=\"article:published_time\" content=\"2023-05-25T10:00:45+00:00\" \/>\n<meta property=\"og:image\" content=\"https:\/\/www.anovapeneira.gal\/wp-content\/uploads\/2019\/07\/ARTIGO_DE_OPINION_A_NOVA_PENEIRA.jpg\" \/>\n\t<meta property=\"og:image:width\" content=\"720\" \/>\n\t<meta property=\"og:image:height\" content=\"473\" \/>\n\t<meta property=\"og:image:type\" content=\"image\/jpeg\" \/>\n<meta name=\"author\" content=\"Alma L\u00f3pez Figueiras\" \/>\n<meta name=\"twitter:card\" content=\"summary_large_image\" \/>\n<meta name=\"twitter:image\" content=\"https:\/\/www.anovapeneira.gal\/wp-content\/uploads\/2019\/07\/ARTIGO_DE_OPINION_A_NOVA_PENEIRA.jpg\" \/>\n<meta name=\"twitter:creator\" content=\"@APeneira\" \/>\n<meta name=\"twitter:site\" content=\"@APeneira\" \/>\n<meta name=\"twitter:label1\" content=\"Escrito por\" \/>\n\t<meta name=\"twitter:data1\" content=\"Alma L\u00f3pez Figueiras\" \/>\n\t<meta name=\"twitter:label2\" content=\"Tempo de lectura\" \/>\n\t<meta name=\"twitter:data2\" content=\"5 minutos\" \/>\n<script type=\"application\/ld+json\" class=\"yoast-schema-graph\">{\"@context\":\"https:\\\/\\\/schema.org\",\"@graph\":[{\"@type\":\"Article\",\"@id\":\"https:\\\/\\\/www.anovapeneira.gal\\\/index.php\\\/2023\\\/05\\\/25\\\/cangas-a-continuidade-do-goberno-progresista-pasa-polo-entendemento-das-esquerdas\\\/#article\",\"isPartOf\":{\"@id\":\"https:\\\/\\\/www.anovapeneira.gal\\\/index.php\\\/2023\\\/05\\\/25\\\/cangas-a-continuidade-do-goberno-progresista-pasa-polo-entendemento-das-esquerdas\\\/\"},\"author\":{\"name\":\"Alma L\u00f3pez Figueiras\",\"@id\":\"https:\\\/\\\/www.anovapeneira.gal\\\/#\\\/schema\\\/person\\\/0746a5e9aff49562caf86a581a001c1c\"},\"headline\":\"Cangas: a continuidade do goberno progresista pasa polo entendemento das esquerdas\",\"datePublished\":\"2023-05-25T10:00:45+00:00\",\"mainEntityOfPage\":{\"@id\":\"https:\\\/\\\/www.anovapeneira.gal\\\/index.php\\\/2023\\\/05\\\/25\\\/cangas-a-continuidade-do-goberno-progresista-pasa-polo-entendemento-das-esquerdas\\\/\"},\"wordCount\":959,\"commentCount\":0,\"publisher\":{\"@id\":\"https:\\\/\\\/www.anovapeneira.gal\\\/#organization\"},\"image\":{\"@id\":\"https:\\\/\\\/www.anovapeneira.gal\\\/index.php\\\/2023\\\/05\\\/25\\\/cangas-a-continuidade-do-goberno-progresista-pasa-polo-entendemento-das-esquerdas\\\/#primaryimage\"},\"thumbnailUrl\":\"https:\\\/\\\/www.anovapeneira.gal\\\/wp-content\\\/uploads\\\/2019\\\/07\\\/ARTIGO_DE_OPINION_A_NOVA_PENEIRA.jpg\",\"keywords\":[\"Concello de Cangas do Morrazo\"],\"articleSection\":[\"Artigos de opini\u00f3n\"],\"inLanguage\":\"gl-ES\",\"potentialAction\":[{\"@type\":\"CommentAction\",\"name\":\"Comment\",\"target\":[\"https:\\\/\\\/www.anovapeneira.gal\\\/index.php\\\/2023\\\/05\\\/25\\\/cangas-a-continuidade-do-goberno-progresista-pasa-polo-entendemento-das-esquerdas\\\/#respond\"]}]},{\"@type\":\"WebPage\",\"@id\":\"https:\\\/\\\/www.anovapeneira.gal\\\/index.php\\\/2023\\\/05\\\/25\\\/cangas-a-continuidade-do-goberno-progresista-pasa-polo-entendemento-das-esquerdas\\\/\",\"url\":\"https:\\\/\\\/www.anovapeneira.gal\\\/index.php\\\/2023\\\/05\\\/25\\\/cangas-a-continuidade-do-goberno-progresista-pasa-polo-entendemento-das-esquerdas\\\/\",\"name\":\"Cangas: a continuidade do goberno progresista pasa polo entendemento das esquerdas -\",\"isPartOf\":{\"@id\":\"https:\\\/\\\/www.anovapeneira.gal\\\/#website\"},\"primaryImageOfPage\":{\"@id\":\"https:\\\/\\\/www.anovapeneira.gal\\\/index.php\\\/2023\\\/05\\\/25\\\/cangas-a-continuidade-do-goberno-progresista-pasa-polo-entendemento-das-esquerdas\\\/#primaryimage\"},\"image\":{\"@id\":\"https:\\\/\\\/www.anovapeneira.gal\\\/index.php\\\/2023\\\/05\\\/25\\\/cangas-a-continuidade-do-goberno-progresista-pasa-polo-entendemento-das-esquerdas\\\/#primaryimage\"},\"thumbnailUrl\":\"https:\\\/\\\/www.anovapeneira.gal\\\/wp-content\\\/uploads\\\/2019\\\/07\\\/ARTIGO_DE_OPINION_A_NOVA_PENEIRA.jpg\",\"datePublished\":\"2023-05-25T10:00:45+00:00\",\"breadcrumb\":{\"@id\":\"https:\\\/\\\/www.anovapeneira.gal\\\/index.php\\\/2023\\\/05\\\/25\\\/cangas-a-continuidade-do-goberno-progresista-pasa-polo-entendemento-das-esquerdas\\\/#breadcrumb\"},\"inLanguage\":\"gl-ES\",\"potentialAction\":[{\"@type\":\"ReadAction\",\"target\":[\"https:\\\/\\\/www.anovapeneira.gal\\\/index.php\\\/2023\\\/05\\\/25\\\/cangas-a-continuidade-do-goberno-progresista-pasa-polo-entendemento-das-esquerdas\\\/\"]}]},{\"@type\":\"ImageObject\",\"inLanguage\":\"gl-ES\",\"@id\":\"https:\\\/\\\/www.anovapeneira.gal\\\/index.php\\\/2023\\\/05\\\/25\\\/cangas-a-continuidade-do-goberno-progresista-pasa-polo-entendemento-das-esquerdas\\\/#primaryimage\",\"url\":\"https:\\\/\\\/www.anovapeneira.gal\\\/wp-content\\\/uploads\\\/2019\\\/07\\\/ARTIGO_DE_OPINION_A_NOVA_PENEIRA.jpg\",\"contentUrl\":\"https:\\\/\\\/www.anovapeneira.gal\\\/wp-content\\\/uploads\\\/2019\\\/07\\\/ARTIGO_DE_OPINION_A_NOVA_PENEIRA.jpg\",\"width\":720,\"height\":473,\"caption\":\"Artigo de opini\u00f3n A Nova Peneira\"},{\"@type\":\"BreadcrumbList\",\"@id\":\"https:\\\/\\\/www.anovapeneira.gal\\\/index.php\\\/2023\\\/05\\\/25\\\/cangas-a-continuidade-do-goberno-progresista-pasa-polo-entendemento-das-esquerdas\\\/#breadcrumb\",\"itemListElement\":[{\"@type\":\"ListItem\",\"position\":1,\"name\":\"Portada\",\"item\":\"https:\\\/\\\/www.anovapeneira.gal\\\/\"},{\"@type\":\"ListItem\",\"position\":2,\"name\":\"Cangas: a continuidade do goberno progresista pasa polo entendemento das esquerdas\"}]},{\"@type\":\"WebSite\",\"@id\":\"https:\\\/\\\/www.anovapeneira.gal\\\/#website\",\"url\":\"https:\\\/\\\/www.anovapeneira.gal\\\/\",\"name\":\"\",\"description\":\"Xornal galego de informaci\u00f3n xeral Publicaci\u00f3n mensual de novas de Galicia e en especial dos Concellos da sur da provincia de Pontevedra.\",\"publisher\":{\"@id\":\"https:\\\/\\\/www.anovapeneira.gal\\\/#organization\"},\"potentialAction\":[{\"@type\":\"SearchAction\",\"target\":{\"@type\":\"EntryPoint\",\"urlTemplate\":\"https:\\\/\\\/www.anovapeneira.gal\\\/?s={search_term_string}\"},\"query-input\":{\"@type\":\"PropertyValueSpecification\",\"valueRequired\":true,\"valueName\":\"search_term_string\"}}],\"inLanguage\":\"gl-ES\"},{\"@type\":\"Organization\",\"@id\":\"https:\\\/\\\/www.anovapeneira.gal\\\/#organization\",\"name\":\"A Nova Peneira\",\"url\":\"https:\\\/\\\/www.anovapeneira.gal\\\/\",\"logo\":{\"@type\":\"ImageObject\",\"inLanguage\":\"gl-ES\",\"@id\":\"https:\\\/\\\/www.anovapeneira.gal\\\/#\\\/schema\\\/logo\\\/image\\\/\",\"url\":\"http:\\\/\\\/www.anovapeneira.gal\\\/wp-content\\\/uploads\\\/2019\\\/06\\\/logo_a_nova_peneira_portal_web.png\",\"contentUrl\":\"http:\\\/\\\/www.anovapeneira.gal\\\/wp-content\\\/uploads\\\/2019\\\/06\\\/logo_a_nova_peneira_portal_web.png\",\"width\":300,\"height\":100,\"caption\":\"A Nova Peneira\"},\"image\":{\"@id\":\"https:\\\/\\\/www.anovapeneira.gal\\\/#\\\/schema\\\/logo\\\/image\\\/\"},\"sameAs\":[\"https:\\\/\\\/www.facebook.com\\\/anovapeneira\",\"https:\\\/\\\/x.com\\\/APeneira\"]},{\"@type\":\"Person\",\"@id\":\"https:\\\/\\\/www.anovapeneira.gal\\\/#\\\/schema\\\/person\\\/0746a5e9aff49562caf86a581a001c1c\",\"name\":\"Alma L\u00f3pez Figueiras\",\"image\":{\"@type\":\"ImageObject\",\"inLanguage\":\"gl-ES\",\"@id\":\"https:\\\/\\\/secure.gravatar.com\\\/avatar\\\/feba821d8b06f92a15842270e547b80062a95516341d6cf987c8062ab7527628?s=96&d=mm&r=g\",\"url\":\"https:\\\/\\\/secure.gravatar.com\\\/avatar\\\/feba821d8b06f92a15842270e547b80062a95516341d6cf987c8062ab7527628?s=96&d=mm&r=g\",\"contentUrl\":\"https:\\\/\\\/secure.gravatar.com\\\/avatar\\\/feba821d8b06f92a15842270e547b80062a95516341d6cf987c8062ab7527628?s=96&d=mm&r=g\",\"caption\":\"Alma L\u00f3pez Figueiras\"},\"url\":\"https:\\\/\\\/www.anovapeneira.gal\\\/index.php\\\/author\\\/almalfigueiras\\\/\"}]}<\/script>\n<!-- \/ Yoast SEO plugin. -->","yoast_head_json":{"title":"Cangas: a continuidade do goberno progresista pasa polo entendemento das esquerdas -","robots":{"index":"index","follow":"follow","max-snippet":"max-snippet:-1","max-image-preview":"max-image-preview:large","max-video-preview":"max-video-preview:-1"},"canonical":"https:\/\/www.anovapeneira.gal\/index.php\/2023\/05\/25\/cangas-a-continuidade-do-goberno-progresista-pasa-polo-entendemento-das-esquerdas\/","og_locale":"gl_ES","og_type":"article","og_title":"Cangas: a continuidade do goberno progresista pasa polo entendemento das esquerdas -","og_description":"O BNG, que renova liderado con Araceli Gestido \u00e1 fronte, pode converterse na candidatura de esquerdas m\u00e1is votada no concello se recibe o apoio de Avante!-ASpUN e daquelas persoas que confiaron en ACE cando estaba o finado alcalde Xos\u00e9 Manuel Pazos e non comprenden as liortas internas que se sucederon no xa desintegrado bloque de esquerdas [...]","og_url":"https:\/\/www.anovapeneira.gal\/index.php\/2023\/05\/25\/cangas-a-continuidade-do-goberno-progresista-pasa-polo-entendemento-das-esquerdas\/","article_publisher":"https:\/\/www.facebook.com\/anovapeneira","article_published_time":"2023-05-25T10:00:45+00:00","og_image":[{"width":720,"height":473,"url":"https:\/\/www.anovapeneira.gal\/wp-content\/uploads\/2019\/07\/ARTIGO_DE_OPINION_A_NOVA_PENEIRA.jpg","type":"image\/jpeg"}],"author":"Alma L\u00f3pez Figueiras","twitter_card":"summary_large_image","twitter_image":"https:\/\/www.anovapeneira.gal\/wp-content\/uploads\/2019\/07\/ARTIGO_DE_OPINION_A_NOVA_PENEIRA.jpg","twitter_creator":"@APeneira","twitter_site":"@APeneira","twitter_misc":{"Escrito por":"Alma L\u00f3pez Figueiras","Tempo de lectura":"5 minutos"},"schema":{"@context":"https:\/\/schema.org","@graph":[{"@type":"Article","@id":"https:\/\/www.anovapeneira.gal\/index.php\/2023\/05\/25\/cangas-a-continuidade-do-goberno-progresista-pasa-polo-entendemento-das-esquerdas\/#article","isPartOf":{"@id":"https:\/\/www.anovapeneira.gal\/index.php\/2023\/05\/25\/cangas-a-continuidade-do-goberno-progresista-pasa-polo-entendemento-das-esquerdas\/"},"author":{"name":"Alma L\u00f3pez Figueiras","@id":"https:\/\/www.anovapeneira.gal\/#\/schema\/person\/0746a5e9aff49562caf86a581a001c1c"},"headline":"Cangas: a continuidade do goberno progresista pasa polo entendemento das esquerdas","datePublished":"2023-05-25T10:00:45+00:00","mainEntityOfPage":{"@id":"https:\/\/www.anovapeneira.gal\/index.php\/2023\/05\/25\/cangas-a-continuidade-do-goberno-progresista-pasa-polo-entendemento-das-esquerdas\/"},"wordCount":959,"commentCount":0,"publisher":{"@id":"https:\/\/www.anovapeneira.gal\/#organization"},"image":{"@id":"https:\/\/www.anovapeneira.gal\/index.php\/2023\/05\/25\/cangas-a-continuidade-do-goberno-progresista-pasa-polo-entendemento-das-esquerdas\/#primaryimage"},"thumbnailUrl":"https:\/\/www.anovapeneira.gal\/wp-content\/uploads\/2019\/07\/ARTIGO_DE_OPINION_A_NOVA_PENEIRA.jpg","keywords":["Concello de Cangas do Morrazo"],"articleSection":["Artigos de opini\u00f3n"],"inLanguage":"gl-ES","potentialAction":[{"@type":"CommentAction","name":"Comment","target":["https:\/\/www.anovapeneira.gal\/index.php\/2023\/05\/25\/cangas-a-continuidade-do-goberno-progresista-pasa-polo-entendemento-das-esquerdas\/#respond"]}]},{"@type":"WebPage","@id":"https:\/\/www.anovapeneira.gal\/index.php\/2023\/05\/25\/cangas-a-continuidade-do-goberno-progresista-pasa-polo-entendemento-das-esquerdas\/","url":"https:\/\/www.anovapeneira.gal\/index.php\/2023\/05\/25\/cangas-a-continuidade-do-goberno-progresista-pasa-polo-entendemento-das-esquerdas\/","name":"Cangas: a continuidade do goberno progresista pasa polo entendemento das esquerdas -","isPartOf":{"@id":"https:\/\/www.anovapeneira.gal\/#website"},"primaryImageOfPage":{"@id":"https:\/\/www.anovapeneira.gal\/index.php\/2023\/05\/25\/cangas-a-continuidade-do-goberno-progresista-pasa-polo-entendemento-das-esquerdas\/#primaryimage"},"image":{"@id":"https:\/\/www.anovapeneira.gal\/index.php\/2023\/05\/25\/cangas-a-continuidade-do-goberno-progresista-pasa-polo-entendemento-das-esquerdas\/#primaryimage"},"thumbnailUrl":"https:\/\/www.anovapeneira.gal\/wp-content\/uploads\/2019\/07\/ARTIGO_DE_OPINION_A_NOVA_PENEIRA.jpg","datePublished":"2023-05-25T10:00:45+00:00","breadcrumb":{"@id":"https:\/\/www.anovapeneira.gal\/index.php\/2023\/05\/25\/cangas-a-continuidade-do-goberno-progresista-pasa-polo-entendemento-das-esquerdas\/#breadcrumb"},"inLanguage":"gl-ES","potentialAction":[{"@type":"ReadAction","target":["https:\/\/www.anovapeneira.gal\/index.php\/2023\/05\/25\/cangas-a-continuidade-do-goberno-progresista-pasa-polo-entendemento-das-esquerdas\/"]}]},{"@type":"ImageObject","inLanguage":"gl-ES","@id":"https:\/\/www.anovapeneira.gal\/index.php\/2023\/05\/25\/cangas-a-continuidade-do-goberno-progresista-pasa-polo-entendemento-das-esquerdas\/#primaryimage","url":"https:\/\/www.anovapeneira.gal\/wp-content\/uploads\/2019\/07\/ARTIGO_DE_OPINION_A_NOVA_PENEIRA.jpg","contentUrl":"https:\/\/www.anovapeneira.gal\/wp-content\/uploads\/2019\/07\/ARTIGO_DE_OPINION_A_NOVA_PENEIRA.jpg","width":720,"height":473,"caption":"Artigo de opini\u00f3n A Nova Peneira"},{"@type":"BreadcrumbList","@id":"https:\/\/www.anovapeneira.gal\/index.php\/2023\/05\/25\/cangas-a-continuidade-do-goberno-progresista-pasa-polo-entendemento-das-esquerdas\/#breadcrumb","itemListElement":[{"@type":"ListItem","position":1,"name":"Portada","item":"https:\/\/www.anovapeneira.gal\/"},{"@type":"ListItem","position":2,"name":"Cangas: a continuidade do goberno progresista pasa polo entendemento das esquerdas"}]},{"@type":"WebSite","@id":"https:\/\/www.anovapeneira.gal\/#website","url":"https:\/\/www.anovapeneira.gal\/","name":"","description":"Xornal galego de informaci\u00f3n xeral Publicaci\u00f3n mensual de novas de Galicia e en especial dos Concellos da sur da provincia de Pontevedra.","publisher":{"@id":"https:\/\/www.anovapeneira.gal\/#organization"},"potentialAction":[{"@type":"SearchAction","target":{"@type":"EntryPoint","urlTemplate":"https:\/\/www.anovapeneira.gal\/?s={search_term_string}"},"query-input":{"@type":"PropertyValueSpecification","valueRequired":true,"valueName":"search_term_string"}}],"inLanguage":"gl-ES"},{"@type":"Organization","@id":"https:\/\/www.anovapeneira.gal\/#organization","name":"A Nova Peneira","url":"https:\/\/www.anovapeneira.gal\/","logo":{"@type":"ImageObject","inLanguage":"gl-ES","@id":"https:\/\/www.anovapeneira.gal\/#\/schema\/logo\/image\/","url":"http:\/\/www.anovapeneira.gal\/wp-content\/uploads\/2019\/06\/logo_a_nova_peneira_portal_web.png","contentUrl":"http:\/\/www.anovapeneira.gal\/wp-content\/uploads\/2019\/06\/logo_a_nova_peneira_portal_web.png","width":300,"height":100,"caption":"A Nova Peneira"},"image":{"@id":"https:\/\/www.anovapeneira.gal\/#\/schema\/logo\/image\/"},"sameAs":["https:\/\/www.facebook.com\/anovapeneira","https:\/\/x.com\/APeneira"]},{"@type":"Person","@id":"https:\/\/www.anovapeneira.gal\/#\/schema\/person\/0746a5e9aff49562caf86a581a001c1c","name":"Alma L\u00f3pez Figueiras","image":{"@type":"ImageObject","inLanguage":"gl-ES","@id":"https:\/\/secure.gravatar.com\/avatar\/feba821d8b06f92a15842270e547b80062a95516341d6cf987c8062ab7527628?s=96&d=mm&r=g","url":"https:\/\/secure.gravatar.com\/avatar\/feba821d8b06f92a15842270e547b80062a95516341d6cf987c8062ab7527628?s=96&d=mm&r=g","contentUrl":"https:\/\/secure.gravatar.com\/avatar\/feba821d8b06f92a15842270e547b80062a95516341d6cf987c8062ab7527628?s=96&d=mm&r=g","caption":"Alma L\u00f3pez Figueiras"},"url":"https:\/\/www.anovapeneira.gal\/index.php\/author\/almalfigueiras\/"}]}},"jetpack_featured_media_url":"https:\/\/www.anovapeneira.gal\/wp-content\/uploads\/2019\/07\/ARTIGO_DE_OPINION_A_NOVA_PENEIRA.jpg","_links":{"self":[{"href":"https:\/\/www.anovapeneira.gal\/index.php\/wp-json\/wp\/v2\/posts\/9772","targetHints":{"allow":["GET"]}}],"collection":[{"href":"https:\/\/www.anovapeneira.gal\/index.php\/wp-json\/wp\/v2\/posts"}],"about":[{"href":"https:\/\/www.anovapeneira.gal\/index.php\/wp-json\/wp\/v2\/types\/post"}],"author":[{"embeddable":true,"href":"https:\/\/www.anovapeneira.gal\/index.php\/wp-json\/wp\/v2\/users\/41"}],"replies":[{"embeddable":true,"href":"https:\/\/www.anovapeneira.gal\/index.php\/wp-json\/wp\/v2\/comments?post=9772"}],"version-history":[{"count":2,"href":"https:\/\/www.anovapeneira.gal\/index.php\/wp-json\/wp\/v2\/posts\/9772\/revisions"}],"predecessor-version":[{"id":9774,"href":"https:\/\/www.anovapeneira.gal\/index.php\/wp-json\/wp\/v2\/posts\/9772\/revisions\/9774"}],"wp:featuredmedia":[{"embeddable":true,"href":"https:\/\/www.anovapeneira.gal\/index.php\/wp-json\/wp\/v2\/media\/584"}],"wp:attachment":[{"href":"https:\/\/www.anovapeneira.gal\/index.php\/wp-json\/wp\/v2\/media?parent=9772"}],"wp:term":[{"taxonomy":"category","embeddable":true,"href":"https:\/\/www.anovapeneira.gal\/index.php\/wp-json\/wp\/v2\/categories?post=9772"},{"taxonomy":"post_tag","embeddable":true,"href":"https:\/\/www.anovapeneira.gal\/index.php\/wp-json\/wp\/v2\/tags?post=9772"}],"curies":[{"name":"wp","href":"https:\/\/api.w.org\/{rel}","templated":true}]}}