{"id":9778,"date":"2023-05-26T11:00:39","date_gmt":"2023-05-26T09:00:39","guid":{"rendered":"https:\/\/www.anovapeneira.gal\/?p=9778"},"modified":"2023-05-19T10:14:12","modified_gmt":"2023-05-19T08:14:12","slug":"para-que-serviu-unha-maioria-absoluta","status":"publish","type":"post","link":"https:\/\/www.anovapeneira.gal\/index.php\/2023\/05\/26\/para-que-serviu-unha-maioria-absoluta\/","title":{"rendered":"Para que serviu unha maior\u00eda absoluta?"},"content":{"rendered":"\n<figure class=\"wp-block-image size-large is-resized is-style-default\"><img loading=\"lazy\" decoding=\"async\" src=\"http:\/\/www.anovapeneira.gal\/wp-content\/uploads\/2019\/08\/xabi_nigran_a_nova_peneira.jpg\" alt=\"Xavier Rodr\u00edguez BNG de Nigr\u00e1n A Nova Peneira\" class=\"wp-image-1093\" width=\"95\" height=\"111\"\/><figcaption>Xavier Rodr\u00edguez BNG de Nigr\u00e1n<\/figcaption><\/figure>\n\n\n\n<p>En agosto de 2019, tras as elecci\u00f3ns municipais dese ano, publicaba un artigo en A Nova Peneira titulado <em>Para que serve unha maior\u00eda absoluta?<\/em> no que indicaba que, tras realizarse a constituci\u00f3n das novas corporaci\u00f3ns, xa ti\u00f1amos claro para que serv\u00eda o enorme caudal de apoio que recibiu o PSOE de Nigr\u00e1n nos comicios locais. As tres primeiras decisi\u00f3ns que tomaron logo de ter lugar o pleno de organizaci\u00f3n foron: en primeiro lugar multiplicar as persoas con dedicaci\u00f3n exclusiva, pasando de 3 a 7; en segundo lugar subirse os soldos, pasando de 33.000 a 36.000 euros, e aumentando un 33% as retribuci\u00f3ns do persoal de confianza; e, finalmente, pasar a realizar os plenos pola ma\u00f1\u00e1, despois de ter criticado duramente cando eran oposici\u00f3n ao PP por deixar de facelos de tarde, pois consideraban que con esa medida pretend\u00edan impedir acudir aos veci\u00f1os. Agora son \u00e1s 8.30 da ma\u00f1\u00e1.<\/p>\n\n\n\n<p>Pero se importante era constatar para que lles serviu a maior\u00eda absoluta nada m\u00e1is entrar, quizais m\u00e1is importante \u00e9 ver despois de catro anos para que non serviu esa maior\u00eda. E se falamos de asuntos para os que puidera parecer decisivo contar cun respaldo importante temos que referirnos necesariamente ao Plan xeral de ordenaci\u00f3n municipal. O PXOM foi aprobado inicialmente fai dez anos e transcorridos dous mandatos enteiros do Partido Socialista, este \u00faltimo como dicimos coa maior\u00eda da corporaci\u00f3n, segue sen levarse \u00e1 aprobaci\u00f3n provisional. Por suposto agora, en campa\u00f1a, Juan Gonz\u00e1lez anuncia que en poucos meses deber\u00eda aprobarse. Claro. O que non foi capaz de facer con 13 concelleiros durante todo o mandato farao nos pr\u00f3ximos meses tras as elecci\u00f3ns.<\/p>\n\n\n\n<p>\u00c9 o mesmo que ocorreu coa urbanizaci\u00f3n da r\u00faa Otero Pedrayo, unha obra necesaria nunha v\u00eda abandonada polo seu titular, a Xunta de Galicia, para a cal o BNG non se cansou de reclamar ao goberno municipal que realizase unha proposta seria de convenio \u00e1 Xunta esix\u00edndolle que asumisen a s\u00faa responsabilidade. En vez diso, o goberno socialista decidiu reclamar a titularidade da estrada e arranxala con fondos propios. O resultado foi a entusiasta cesi\u00f3n por parte do goberno auton\u00f3mico, que se librou do morto, e a contrataci\u00f3n ao final do mandato das obras cos fondos que lle corresponden a Nigr\u00e1n do Plan concellos, tendo que asumir en solitario a s\u00faa urbanizaci\u00f3n. En definitiva, todo o mandato coa r\u00faa abandonada e a uns meses das elecci\u00f3ns unhas obras paralizadas que non rematan nunca.<\/p>\n\n\n\n<p>A\u00ednda que se queremos unha imaxe gr\u00e1fica do desleixo, seguramente poucas como d\u00faas estampas que podemos contemplar no parque empresarial de Porto do Molle.<\/p>\n\n\n\n<p>Unha \u00e9 a zona deportiva que este goberno \u00eda realizar al\u00ed, con pistas de atletismo e skate, que leva m\u00e1is de dous anos paralizada e que hoxe en d\u00eda \u00e9 un campo de herba valado. Outra \u00e9 o mu\u00ed\u00f1o de Porto do Molle. Un ben patrimonial de titularidade municipal que esmorece invadido pola maleza. Leva dous mandatos abandonado e, como non, agora o candidato do PSOE anuncia a s\u00faa rehabilitaci\u00f3n. Outro anuncio m\u00e1is.<\/p>\n\n\n\n<p>Dende logo que esta maior\u00eda absoluta non serviu para levar a cabo ning\u00fan proxecto dunha m\u00ednima envergadura, como pode ser a construci\u00f3n de vivenda protexida ou a rexeneraci\u00f3n ambiental da Foz do Mi\u00f1or ou do r\u00edo Mu\u00ed\u00f1os, ou abordar con seriedade o modelo tur\u00edstico que queremos para o noso concello. Tampouco serviu para aproveitar a existencia do parque industrial de Porto do Molle para impulsar unha formaci\u00f3n profesional innovadora e ben dotada. Nin sequera valeu para crear un Consello Municipal da Muller. Ent\u00f3n, para que serviu?<\/p>\n\n\n\n<p>Serviu para o que vimos ao principio do artigo.<\/p>\n\n\n\n<p>Xavier Rodr\u00edguez<\/p>\n","protected":false},"excerpt":{"rendered":"<div class=\"mh-excerpt\"><p>En agosto de 2019, tras as elecci\u00f3ns municipais dese ano, publicaba un artigo en A Nova Peneira titulado Para que serve unha maior\u00eda absoluta? no que indicaba que, tras realizarse a constituci\u00f3n das novas corporaci\u00f3ns, xa ti\u00f1amos claro para que serv\u00eda o enorme caudal de apoio que recibiu o PSOE de Nigr\u00e1n nos comicios locais <a class=\"mh-excerpt-more\" href=\"https:\/\/www.anovapeneira.gal\/index.php\/2023\/05\/26\/para-que-serviu-unha-maioria-absoluta\/\" title=\"Para que serviu unha maior\u00eda absoluta?\">[&#8230;]<\/a><\/p>\n<\/div>","protected":false},"author":16,"featured_media":584,"comment_status":"open","ping_status":"open","sticky":false,"template":"","format":"standard","meta":{"_exactmetrics_skip_tracking":false,"_exactmetrics_sitenote_active":false,"_exactmetrics_sitenote_note":"","_exactmetrics_sitenote_category":0,"footnotes":""},"categories":[7],"tags":[135],"class_list":{"0":"post-9778","1":"post","2":"type-post","3":"status-publish","4":"format-standard","5":"has-post-thumbnail","7":"category-artigos-de-opinion","8":"tag-concello-de-nigran"},"yoast_head":"<!-- This site is optimized with the Yoast SEO plugin v27.4 - https:\/\/yoast.com\/product\/yoast-seo-wordpress\/ -->\n<title>Para que serviu unha maior\u00eda absoluta? -<\/title>\n<meta name=\"description\" content=\"En agosto de 2019, tras as elecci\u00f3ns municipais dese ano, publicaba un artigo en A Nova Peneira titulado Para que serve unha maior\u00eda absoluta? no que indicaba que, tras realizarse a constituci\u00f3n das novas corporaci\u00f3ns, xa ti\u00f1amos claro para que serv\u00eda o enorme caudal de apoio que recibiu o PSOE de Nigr\u00e1n nos comicios locais\" \/>\n<meta name=\"robots\" content=\"index, follow, max-snippet:-1, max-image-preview:large, max-video-preview:-1\" \/>\n<link rel=\"canonical\" href=\"https:\/\/www.anovapeneira.gal\/index.php\/2023\/05\/26\/para-que-serviu-unha-maioria-absoluta\/\" \/>\n<meta property=\"og:locale\" content=\"gl_ES\" \/>\n<meta property=\"og:type\" content=\"article\" \/>\n<meta property=\"og:title\" content=\"Para que serviu unha maior\u00eda absoluta? -\" \/>\n<meta property=\"og:description\" content=\"En agosto de 2019, tras as elecci\u00f3ns municipais dese ano, publicaba un artigo en A Nova Peneira titulado Para que serve unha maior\u00eda absoluta? no que indicaba que, tras realizarse a constituci\u00f3n das novas corporaci\u00f3ns, xa ti\u00f1amos claro para que serv\u00eda o enorme caudal de apoio que recibiu o PSOE de Nigr\u00e1n nos comicios locais\" \/>\n<meta property=\"og:url\" content=\"https:\/\/www.anovapeneira.gal\/index.php\/2023\/05\/26\/para-que-serviu-unha-maioria-absoluta\/\" \/>\n<meta property=\"article:publisher\" content=\"https:\/\/www.facebook.com\/anovapeneira\" \/>\n<meta property=\"article:published_time\" content=\"2023-05-26T09:00:39+00:00\" \/>\n<meta property=\"og:image\" content=\"https:\/\/www.anovapeneira.gal\/wp-content\/uploads\/2019\/07\/ARTIGO_DE_OPINION_A_NOVA_PENEIRA.jpg\" \/>\n\t<meta property=\"og:image:width\" content=\"720\" \/>\n\t<meta property=\"og:image:height\" content=\"473\" \/>\n\t<meta property=\"og:image:type\" content=\"image\/jpeg\" \/>\n<meta name=\"author\" content=\"Xavier Rodr\u00edguez\" \/>\n<meta name=\"twitter:card\" content=\"summary_large_image\" \/>\n<meta name=\"twitter:image\" content=\"https:\/\/www.anovapeneira.gal\/wp-content\/uploads\/2019\/07\/ARTIGO_DE_OPINION_A_NOVA_PENEIRA.jpg\" \/>\n<meta name=\"twitter:creator\" content=\"@APeneira\" \/>\n<meta name=\"twitter:site\" content=\"@APeneira\" \/>\n<meta name=\"twitter:label1\" content=\"Escrito por\" \/>\n\t<meta name=\"twitter:data1\" content=\"Xavier Rodr\u00edguez\" \/>\n\t<meta name=\"twitter:label2\" content=\"Tempo de lectura\" \/>\n\t<meta name=\"twitter:data2\" content=\"4 minutos\" \/>\n<script type=\"application\/ld+json\" class=\"yoast-schema-graph\">{\"@context\":\"https:\\\/\\\/schema.org\",\"@graph\":[{\"@type\":\"Article\",\"@id\":\"https:\\\/\\\/www.anovapeneira.gal\\\/index.php\\\/2023\\\/05\\\/26\\\/para-que-serviu-unha-maioria-absoluta\\\/#article\",\"isPartOf\":{\"@id\":\"https:\\\/\\\/www.anovapeneira.gal\\\/index.php\\\/2023\\\/05\\\/26\\\/para-que-serviu-unha-maioria-absoluta\\\/\"},\"author\":{\"name\":\"Xavier Rodr\u00edguez\",\"@id\":\"https:\\\/\\\/www.anovapeneira.gal\\\/#\\\/schema\\\/person\\\/e598b63030664c413236c3f685e56918\"},\"headline\":\"Para que serviu unha maior\u00eda absoluta?\",\"datePublished\":\"2023-05-26T09:00:39+00:00\",\"mainEntityOfPage\":{\"@id\":\"https:\\\/\\\/www.anovapeneira.gal\\\/index.php\\\/2023\\\/05\\\/26\\\/para-que-serviu-unha-maioria-absoluta\\\/\"},\"wordCount\":649,\"commentCount\":0,\"publisher\":{\"@id\":\"https:\\\/\\\/www.anovapeneira.gal\\\/#organization\"},\"image\":{\"@id\":\"https:\\\/\\\/www.anovapeneira.gal\\\/index.php\\\/2023\\\/05\\\/26\\\/para-que-serviu-unha-maioria-absoluta\\\/#primaryimage\"},\"thumbnailUrl\":\"https:\\\/\\\/www.anovapeneira.gal\\\/wp-content\\\/uploads\\\/2019\\\/07\\\/ARTIGO_DE_OPINION_A_NOVA_PENEIRA.jpg\",\"keywords\":[\"Concello de Nigr\u00e1n\"],\"articleSection\":[\"Artigos de opini\u00f3n\"],\"inLanguage\":\"gl-ES\",\"potentialAction\":[{\"@type\":\"CommentAction\",\"name\":\"Comment\",\"target\":[\"https:\\\/\\\/www.anovapeneira.gal\\\/index.php\\\/2023\\\/05\\\/26\\\/para-que-serviu-unha-maioria-absoluta\\\/#respond\"]}]},{\"@type\":\"WebPage\",\"@id\":\"https:\\\/\\\/www.anovapeneira.gal\\\/index.php\\\/2023\\\/05\\\/26\\\/para-que-serviu-unha-maioria-absoluta\\\/\",\"url\":\"https:\\\/\\\/www.anovapeneira.gal\\\/index.php\\\/2023\\\/05\\\/26\\\/para-que-serviu-unha-maioria-absoluta\\\/\",\"name\":\"Para que serviu unha maior\u00eda absoluta? -\",\"isPartOf\":{\"@id\":\"https:\\\/\\\/www.anovapeneira.gal\\\/#website\"},\"primaryImageOfPage\":{\"@id\":\"https:\\\/\\\/www.anovapeneira.gal\\\/index.php\\\/2023\\\/05\\\/26\\\/para-que-serviu-unha-maioria-absoluta\\\/#primaryimage\"},\"image\":{\"@id\":\"https:\\\/\\\/www.anovapeneira.gal\\\/index.php\\\/2023\\\/05\\\/26\\\/para-que-serviu-unha-maioria-absoluta\\\/#primaryimage\"},\"thumbnailUrl\":\"https:\\\/\\\/www.anovapeneira.gal\\\/wp-content\\\/uploads\\\/2019\\\/07\\\/ARTIGO_DE_OPINION_A_NOVA_PENEIRA.jpg\",\"datePublished\":\"2023-05-26T09:00:39+00:00\",\"description\":\"En agosto de 2019, tras as elecci\u00f3ns municipais dese ano, publicaba un artigo en A Nova Peneira titulado Para que serve unha maior\u00eda absoluta? no que indicaba que, tras realizarse a constituci\u00f3n das novas corporaci\u00f3ns, xa ti\u00f1amos claro para que serv\u00eda o enorme caudal de apoio que recibiu o PSOE de Nigr\u00e1n nos comicios locais\",\"breadcrumb\":{\"@id\":\"https:\\\/\\\/www.anovapeneira.gal\\\/index.php\\\/2023\\\/05\\\/26\\\/para-que-serviu-unha-maioria-absoluta\\\/#breadcrumb\"},\"inLanguage\":\"gl-ES\",\"potentialAction\":[{\"@type\":\"ReadAction\",\"target\":[\"https:\\\/\\\/www.anovapeneira.gal\\\/index.php\\\/2023\\\/05\\\/26\\\/para-que-serviu-unha-maioria-absoluta\\\/\"]}]},{\"@type\":\"ImageObject\",\"inLanguage\":\"gl-ES\",\"@id\":\"https:\\\/\\\/www.anovapeneira.gal\\\/index.php\\\/2023\\\/05\\\/26\\\/para-que-serviu-unha-maioria-absoluta\\\/#primaryimage\",\"url\":\"https:\\\/\\\/www.anovapeneira.gal\\\/wp-content\\\/uploads\\\/2019\\\/07\\\/ARTIGO_DE_OPINION_A_NOVA_PENEIRA.jpg\",\"contentUrl\":\"https:\\\/\\\/www.anovapeneira.gal\\\/wp-content\\\/uploads\\\/2019\\\/07\\\/ARTIGO_DE_OPINION_A_NOVA_PENEIRA.jpg\",\"width\":720,\"height\":473,\"caption\":\"Artigo de opini\u00f3n A Nova Peneira\"},{\"@type\":\"BreadcrumbList\",\"@id\":\"https:\\\/\\\/www.anovapeneira.gal\\\/index.php\\\/2023\\\/05\\\/26\\\/para-que-serviu-unha-maioria-absoluta\\\/#breadcrumb\",\"itemListElement\":[{\"@type\":\"ListItem\",\"position\":1,\"name\":\"Portada\",\"item\":\"https:\\\/\\\/www.anovapeneira.gal\\\/\"},{\"@type\":\"ListItem\",\"position\":2,\"name\":\"Para que serviu unha maior\u00eda absoluta?\"}]},{\"@type\":\"WebSite\",\"@id\":\"https:\\\/\\\/www.anovapeneira.gal\\\/#website\",\"url\":\"https:\\\/\\\/www.anovapeneira.gal\\\/\",\"name\":\"\",\"description\":\"Xornal galego de informaci\u00f3n xeral Publicaci\u00f3n mensual de novas de Galicia e en especial dos Concellos da sur da provincia de Pontevedra.\",\"publisher\":{\"@id\":\"https:\\\/\\\/www.anovapeneira.gal\\\/#organization\"},\"potentialAction\":[{\"@type\":\"SearchAction\",\"target\":{\"@type\":\"EntryPoint\",\"urlTemplate\":\"https:\\\/\\\/www.anovapeneira.gal\\\/?s={search_term_string}\"},\"query-input\":{\"@type\":\"PropertyValueSpecification\",\"valueRequired\":true,\"valueName\":\"search_term_string\"}}],\"inLanguage\":\"gl-ES\"},{\"@type\":\"Organization\",\"@id\":\"https:\\\/\\\/www.anovapeneira.gal\\\/#organization\",\"name\":\"A Nova Peneira\",\"url\":\"https:\\\/\\\/www.anovapeneira.gal\\\/\",\"logo\":{\"@type\":\"ImageObject\",\"inLanguage\":\"gl-ES\",\"@id\":\"https:\\\/\\\/www.anovapeneira.gal\\\/#\\\/schema\\\/logo\\\/image\\\/\",\"url\":\"http:\\\/\\\/www.anovapeneira.gal\\\/wp-content\\\/uploads\\\/2019\\\/06\\\/logo_a_nova_peneira_portal_web.png\",\"contentUrl\":\"http:\\\/\\\/www.anovapeneira.gal\\\/wp-content\\\/uploads\\\/2019\\\/06\\\/logo_a_nova_peneira_portal_web.png\",\"width\":300,\"height\":100,\"caption\":\"A Nova Peneira\"},\"image\":{\"@id\":\"https:\\\/\\\/www.anovapeneira.gal\\\/#\\\/schema\\\/logo\\\/image\\\/\"},\"sameAs\":[\"https:\\\/\\\/www.facebook.com\\\/anovapeneira\",\"https:\\\/\\\/x.com\\\/APeneira\"]},{\"@type\":\"Person\",\"@id\":\"https:\\\/\\\/www.anovapeneira.gal\\\/#\\\/schema\\\/person\\\/e598b63030664c413236c3f685e56918\",\"name\":\"Xavier Rodr\u00edguez\",\"image\":{\"@type\":\"ImageObject\",\"inLanguage\":\"gl-ES\",\"@id\":\"https:\\\/\\\/secure.gravatar.com\\\/avatar\\\/d9b9f992d649071928b76ede112924ee61e9f7be582c6755dc0932efc9f011eb?s=96&d=mm&r=g\",\"url\":\"https:\\\/\\\/secure.gravatar.com\\\/avatar\\\/d9b9f992d649071928b76ede112924ee61e9f7be582c6755dc0932efc9f011eb?s=96&d=mm&r=g\",\"contentUrl\":\"https:\\\/\\\/secure.gravatar.com\\\/avatar\\\/d9b9f992d649071928b76ede112924ee61e9f7be582c6755dc0932efc9f011eb?s=96&d=mm&r=g\",\"caption\":\"Xavier Rodr\u00edguez\"},\"sameAs\":[\"http:\\\/\\\/www.anovapeneira.gal\\\/\"],\"url\":\"https:\\\/\\\/www.anovapeneira.gal\\\/index.php\\\/author\\\/xavierrodriguez\\\/\"}]}<\/script>\n<!-- \/ Yoast SEO plugin. -->","yoast_head_json":{"title":"Para que serviu unha maior\u00eda absoluta? -","description":"En agosto de 2019, tras as elecci\u00f3ns municipais dese ano, publicaba un artigo en A Nova Peneira titulado Para que serve unha maior\u00eda absoluta? no que indicaba que, tras realizarse a constituci\u00f3n das novas corporaci\u00f3ns, xa ti\u00f1amos claro para que serv\u00eda o enorme caudal de apoio que recibiu o PSOE de Nigr\u00e1n nos comicios locais","robots":{"index":"index","follow":"follow","max-snippet":"max-snippet:-1","max-image-preview":"max-image-preview:large","max-video-preview":"max-video-preview:-1"},"canonical":"https:\/\/www.anovapeneira.gal\/index.php\/2023\/05\/26\/para-que-serviu-unha-maioria-absoluta\/","og_locale":"gl_ES","og_type":"article","og_title":"Para que serviu unha maior\u00eda absoluta? -","og_description":"En agosto de 2019, tras as elecci\u00f3ns municipais dese ano, publicaba un artigo en A Nova Peneira titulado Para que serve unha maior\u00eda absoluta? no que indicaba que, tras realizarse a constituci\u00f3n das novas corporaci\u00f3ns, xa ti\u00f1amos claro para que serv\u00eda o enorme caudal de apoio que recibiu o PSOE de Nigr\u00e1n nos comicios locais","og_url":"https:\/\/www.anovapeneira.gal\/index.php\/2023\/05\/26\/para-que-serviu-unha-maioria-absoluta\/","article_publisher":"https:\/\/www.facebook.com\/anovapeneira","article_published_time":"2023-05-26T09:00:39+00:00","og_image":[{"width":720,"height":473,"url":"https:\/\/www.anovapeneira.gal\/wp-content\/uploads\/2019\/07\/ARTIGO_DE_OPINION_A_NOVA_PENEIRA.jpg","type":"image\/jpeg"}],"author":"Xavier Rodr\u00edguez","twitter_card":"summary_large_image","twitter_image":"https:\/\/www.anovapeneira.gal\/wp-content\/uploads\/2019\/07\/ARTIGO_DE_OPINION_A_NOVA_PENEIRA.jpg","twitter_creator":"@APeneira","twitter_site":"@APeneira","twitter_misc":{"Escrito por":"Xavier Rodr\u00edguez","Tempo de lectura":"4 minutos"},"schema":{"@context":"https:\/\/schema.org","@graph":[{"@type":"Article","@id":"https:\/\/www.anovapeneira.gal\/index.php\/2023\/05\/26\/para-que-serviu-unha-maioria-absoluta\/#article","isPartOf":{"@id":"https:\/\/www.anovapeneira.gal\/index.php\/2023\/05\/26\/para-que-serviu-unha-maioria-absoluta\/"},"author":{"name":"Xavier Rodr\u00edguez","@id":"https:\/\/www.anovapeneira.gal\/#\/schema\/person\/e598b63030664c413236c3f685e56918"},"headline":"Para que serviu unha maior\u00eda absoluta?","datePublished":"2023-05-26T09:00:39+00:00","mainEntityOfPage":{"@id":"https:\/\/www.anovapeneira.gal\/index.php\/2023\/05\/26\/para-que-serviu-unha-maioria-absoluta\/"},"wordCount":649,"commentCount":0,"publisher":{"@id":"https:\/\/www.anovapeneira.gal\/#organization"},"image":{"@id":"https:\/\/www.anovapeneira.gal\/index.php\/2023\/05\/26\/para-que-serviu-unha-maioria-absoluta\/#primaryimage"},"thumbnailUrl":"https:\/\/www.anovapeneira.gal\/wp-content\/uploads\/2019\/07\/ARTIGO_DE_OPINION_A_NOVA_PENEIRA.jpg","keywords":["Concello de Nigr\u00e1n"],"articleSection":["Artigos de opini\u00f3n"],"inLanguage":"gl-ES","potentialAction":[{"@type":"CommentAction","name":"Comment","target":["https:\/\/www.anovapeneira.gal\/index.php\/2023\/05\/26\/para-que-serviu-unha-maioria-absoluta\/#respond"]}]},{"@type":"WebPage","@id":"https:\/\/www.anovapeneira.gal\/index.php\/2023\/05\/26\/para-que-serviu-unha-maioria-absoluta\/","url":"https:\/\/www.anovapeneira.gal\/index.php\/2023\/05\/26\/para-que-serviu-unha-maioria-absoluta\/","name":"Para que serviu unha maior\u00eda absoluta? -","isPartOf":{"@id":"https:\/\/www.anovapeneira.gal\/#website"},"primaryImageOfPage":{"@id":"https:\/\/www.anovapeneira.gal\/index.php\/2023\/05\/26\/para-que-serviu-unha-maioria-absoluta\/#primaryimage"},"image":{"@id":"https:\/\/www.anovapeneira.gal\/index.php\/2023\/05\/26\/para-que-serviu-unha-maioria-absoluta\/#primaryimage"},"thumbnailUrl":"https:\/\/www.anovapeneira.gal\/wp-content\/uploads\/2019\/07\/ARTIGO_DE_OPINION_A_NOVA_PENEIRA.jpg","datePublished":"2023-05-26T09:00:39+00:00","description":"En agosto de 2019, tras as elecci\u00f3ns municipais dese ano, publicaba un artigo en A Nova Peneira titulado Para que serve unha maior\u00eda absoluta? no que indicaba que, tras realizarse a constituci\u00f3n das novas corporaci\u00f3ns, xa ti\u00f1amos claro para que serv\u00eda o enorme caudal de apoio que recibiu o PSOE de Nigr\u00e1n nos comicios locais","breadcrumb":{"@id":"https:\/\/www.anovapeneira.gal\/index.php\/2023\/05\/26\/para-que-serviu-unha-maioria-absoluta\/#breadcrumb"},"inLanguage":"gl-ES","potentialAction":[{"@type":"ReadAction","target":["https:\/\/www.anovapeneira.gal\/index.php\/2023\/05\/26\/para-que-serviu-unha-maioria-absoluta\/"]}]},{"@type":"ImageObject","inLanguage":"gl-ES","@id":"https:\/\/www.anovapeneira.gal\/index.php\/2023\/05\/26\/para-que-serviu-unha-maioria-absoluta\/#primaryimage","url":"https:\/\/www.anovapeneira.gal\/wp-content\/uploads\/2019\/07\/ARTIGO_DE_OPINION_A_NOVA_PENEIRA.jpg","contentUrl":"https:\/\/www.anovapeneira.gal\/wp-content\/uploads\/2019\/07\/ARTIGO_DE_OPINION_A_NOVA_PENEIRA.jpg","width":720,"height":473,"caption":"Artigo de opini\u00f3n A Nova Peneira"},{"@type":"BreadcrumbList","@id":"https:\/\/www.anovapeneira.gal\/index.php\/2023\/05\/26\/para-que-serviu-unha-maioria-absoluta\/#breadcrumb","itemListElement":[{"@type":"ListItem","position":1,"name":"Portada","item":"https:\/\/www.anovapeneira.gal\/"},{"@type":"ListItem","position":2,"name":"Para que serviu unha maior\u00eda absoluta?"}]},{"@type":"WebSite","@id":"https:\/\/www.anovapeneira.gal\/#website","url":"https:\/\/www.anovapeneira.gal\/","name":"","description":"Xornal galego de informaci\u00f3n xeral Publicaci\u00f3n mensual de novas de Galicia e en especial dos Concellos da sur da provincia de Pontevedra.","publisher":{"@id":"https:\/\/www.anovapeneira.gal\/#organization"},"potentialAction":[{"@type":"SearchAction","target":{"@type":"EntryPoint","urlTemplate":"https:\/\/www.anovapeneira.gal\/?s={search_term_string}"},"query-input":{"@type":"PropertyValueSpecification","valueRequired":true,"valueName":"search_term_string"}}],"inLanguage":"gl-ES"},{"@type":"Organization","@id":"https:\/\/www.anovapeneira.gal\/#organization","name":"A Nova Peneira","url":"https:\/\/www.anovapeneira.gal\/","logo":{"@type":"ImageObject","inLanguage":"gl-ES","@id":"https:\/\/www.anovapeneira.gal\/#\/schema\/logo\/image\/","url":"http:\/\/www.anovapeneira.gal\/wp-content\/uploads\/2019\/06\/logo_a_nova_peneira_portal_web.png","contentUrl":"http:\/\/www.anovapeneira.gal\/wp-content\/uploads\/2019\/06\/logo_a_nova_peneira_portal_web.png","width":300,"height":100,"caption":"A Nova Peneira"},"image":{"@id":"https:\/\/www.anovapeneira.gal\/#\/schema\/logo\/image\/"},"sameAs":["https:\/\/www.facebook.com\/anovapeneira","https:\/\/x.com\/APeneira"]},{"@type":"Person","@id":"https:\/\/www.anovapeneira.gal\/#\/schema\/person\/e598b63030664c413236c3f685e56918","name":"Xavier Rodr\u00edguez","image":{"@type":"ImageObject","inLanguage":"gl-ES","@id":"https:\/\/secure.gravatar.com\/avatar\/d9b9f992d649071928b76ede112924ee61e9f7be582c6755dc0932efc9f011eb?s=96&d=mm&r=g","url":"https:\/\/secure.gravatar.com\/avatar\/d9b9f992d649071928b76ede112924ee61e9f7be582c6755dc0932efc9f011eb?s=96&d=mm&r=g","contentUrl":"https:\/\/secure.gravatar.com\/avatar\/d9b9f992d649071928b76ede112924ee61e9f7be582c6755dc0932efc9f011eb?s=96&d=mm&r=g","caption":"Xavier Rodr\u00edguez"},"sameAs":["http:\/\/www.anovapeneira.gal\/"],"url":"https:\/\/www.anovapeneira.gal\/index.php\/author\/xavierrodriguez\/"}]}},"jetpack_featured_media_url":"https:\/\/www.anovapeneira.gal\/wp-content\/uploads\/2019\/07\/ARTIGO_DE_OPINION_A_NOVA_PENEIRA.jpg","_links":{"self":[{"href":"https:\/\/www.anovapeneira.gal\/index.php\/wp-json\/wp\/v2\/posts\/9778","targetHints":{"allow":["GET"]}}],"collection":[{"href":"https:\/\/www.anovapeneira.gal\/index.php\/wp-json\/wp\/v2\/posts"}],"about":[{"href":"https:\/\/www.anovapeneira.gal\/index.php\/wp-json\/wp\/v2\/types\/post"}],"author":[{"embeddable":true,"href":"https:\/\/www.anovapeneira.gal\/index.php\/wp-json\/wp\/v2\/users\/16"}],"replies":[{"embeddable":true,"href":"https:\/\/www.anovapeneira.gal\/index.php\/wp-json\/wp\/v2\/comments?post=9778"}],"version-history":[{"count":1,"href":"https:\/\/www.anovapeneira.gal\/index.php\/wp-json\/wp\/v2\/posts\/9778\/revisions"}],"predecessor-version":[{"id":9779,"href":"https:\/\/www.anovapeneira.gal\/index.php\/wp-json\/wp\/v2\/posts\/9778\/revisions\/9779"}],"wp:featuredmedia":[{"embeddable":true,"href":"https:\/\/www.anovapeneira.gal\/index.php\/wp-json\/wp\/v2\/media\/584"}],"wp:attachment":[{"href":"https:\/\/www.anovapeneira.gal\/index.php\/wp-json\/wp\/v2\/media?parent=9778"}],"wp:term":[{"taxonomy":"category","embeddable":true,"href":"https:\/\/www.anovapeneira.gal\/index.php\/wp-json\/wp\/v2\/categories?post=9778"},{"taxonomy":"post_tag","embeddable":true,"href":"https:\/\/www.anovapeneira.gal\/index.php\/wp-json\/wp\/v2\/tags?post=9778"}],"curies":[{"name":"wp","href":"https:\/\/api.w.org\/{rel}","templated":true}]}}