{"id":9783,"date":"2023-05-26T13:00:36","date_gmt":"2023-05-26T11:00:36","guid":{"rendered":"https:\/\/www.anovapeneira.gal\/?p=9783"},"modified":"2023-05-19T10:21:05","modified_gmt":"2023-05-19T08:21:05","slug":"o-concello-de-nigran-estrea-un-parque-infantil-renovado-en-patos","status":"publish","type":"post","link":"https:\/\/www.anovapeneira.gal\/index.php\/2023\/05\/26\/o-concello-de-nigran-estrea-un-parque-infantil-renovado-en-patos\/","title":{"rendered":"O concello de Nigr\u00e1n estrea un parque infantil renovado en Patos"},"content":{"rendered":"\n<h2 class=\"wp-block-heading\">O recinto foi totalmente remodelado cun investimento de 11.000 \u20ac<\/h2>\n\n\n\n<p>Nigr\u00e1n, 20 de maio de 2023<\/p>\n\n\n\n<p>O Concello de Nigr\u00e1n estrea un novo parque infantil en Patos, na zona do mercado dos s\u00e1bados, tras investir 11.000 \u20ac na total remodelaci\u00f3n do espazo existente, que conti\u00f1a desde hai d\u00e9cadas xogos xa obsoletos, motivo polo que a veci\u00f1anza demandaba este cambio. O lugar, ampliado cun novo peche para dar mellor cabida aos elementos incorporados, conta agora con tres novos balanc\u00edns de muelles<\/p>\n\n\n\n<p>(dous deles individuais e outro xigante que permite o uso m\u00fatiple de 4<\/p>\n\n\n\n<p>crianzas) e unha pir\u00e1mide trepadora de cordas. Ademais, restaurouse por<\/p>\n\n\n\n<p>completo o conxunto modular de madeira composto por un tobog\u00e1n e unha<\/p>\n\n\n\n<p>rede; asi coma os columpios (un deles de primeira infancia).<\/p>\n","protected":false},"excerpt":{"rendered":"<div class=\"mh-excerpt\"><p>O Concello de Nigr\u00e1n estrea un novo parque infantil en Patos, na zona do mercado dos s\u00e1bados, tras investir 11.000 \u20ac na total remodelaci\u00f3n do espazo existente, que conti\u00f1a desde hai d\u00e9cadas xogos xa obsoletos, motivo polo que a veci\u00f1anza demandaba este cambio <a class=\"mh-excerpt-more\" href=\"https:\/\/www.anovapeneira.gal\/index.php\/2023\/05\/26\/o-concello-de-nigran-estrea-un-parque-infantil-renovado-en-patos\/\" title=\"O concello de Nigr\u00e1n estrea un parque infantil renovado en Patos\">[&#8230;]<\/a><\/p>\n<\/div>","protected":false},"author":3,"featured_media":9785,"comment_status":"open","ping_status":"open","sticky":false,"template":"","format":"standard","meta":{"_exactmetrics_skip_tracking":false,"_exactmetrics_sitenote_active":false,"_exactmetrics_sitenote_note":"","_exactmetrics_sitenote_category":0,"footnotes":""},"categories":[20],"tags":[135],"class_list":{"0":"post-9783","1":"post","2":"type-post","3":"status-publish","4":"format-standard","5":"has-post-thumbnail","7":"category-val-minor","8":"tag-concello-de-nigran"},"yoast_head":"<!-- This site is optimized with the Yoast SEO plugin v27.4 - https:\/\/yoast.com\/product\/yoast-seo-wordpress\/ -->\n<title>O concello de Nigr\u00e1n estrea un parque infantil renovado en Patos -<\/title>\n<meta name=\"description\" content=\"O Concello de Nigr\u00e1n estrea un novo parque infantil en Patos, na zona do mercado dos s\u00e1bados, tras investir 11.000 \u20ac na total remodelaci\u00f3n do espazo existente, que conti\u00f1a desde hai d\u00e9cadas xogos xa obsoletos, motivo polo que a veci\u00f1anza demandaba este cambio\" \/>\n<meta name=\"robots\" content=\"index, follow, max-snippet:-1, max-image-preview:large, max-video-preview:-1\" \/>\n<link rel=\"canonical\" href=\"https:\/\/www.anovapeneira.gal\/index.php\/2023\/05\/26\/o-concello-de-nigran-estrea-un-parque-infantil-renovado-en-patos\/\" \/>\n<meta property=\"og:locale\" content=\"gl_ES\" \/>\n<meta property=\"og:type\" content=\"article\" \/>\n<meta property=\"og:title\" content=\"O concello de Nigr\u00e1n estrea un parque infantil renovado en Patos -\" \/>\n<meta property=\"og:description\" content=\"O Concello de Nigr\u00e1n estrea un novo parque infantil en Patos, na zona do mercado dos s\u00e1bados, tras investir 11.000 \u20ac na total remodelaci\u00f3n do espazo existente, que conti\u00f1a desde hai d\u00e9cadas xogos xa obsoletos, motivo polo que a veci\u00f1anza demandaba este cambio\" \/>\n<meta property=\"og:url\" content=\"https:\/\/www.anovapeneira.gal\/index.php\/2023\/05\/26\/o-concello-de-nigran-estrea-un-parque-infantil-renovado-en-patos\/\" \/>\n<meta property=\"article:publisher\" content=\"https:\/\/www.facebook.com\/anovapeneira\" \/>\n<meta property=\"article:published_time\" content=\"2023-05-26T11:00:36+00:00\" \/>\n<meta property=\"og:image\" content=\"https:\/\/www.anovapeneira.gal\/wp-content\/uploads\/2023\/05\/novo_parque_infantil.jpg\" \/>\n\t<meta property=\"og:image:width\" content=\"720\" \/>\n\t<meta property=\"og:image:height\" content=\"432\" \/>\n\t<meta property=\"og:image:type\" content=\"image\/jpeg\" \/>\n<meta name=\"author\" content=\"Redacci\u00f3n A Nova Peneira\" \/>\n<meta name=\"twitter:card\" content=\"summary_large_image\" \/>\n<meta name=\"twitter:creator\" content=\"@APeneira\" \/>\n<meta name=\"twitter:site\" content=\"@APeneira\" \/>\n<meta name=\"twitter:label1\" content=\"Escrito por\" \/>\n\t<meta name=\"twitter:data1\" content=\"Redacci\u00f3n A Nova Peneira\" \/>\n\t<meta name=\"twitter:label2\" content=\"Tempo de lectura\" \/>\n\t<meta name=\"twitter:data2\" content=\"1 minuto\" \/>\n<script type=\"application\/ld+json\" class=\"yoast-schema-graph\">{\"@context\":\"https:\\\/\\\/schema.org\",\"@graph\":[{\"@type\":\"Article\",\"@id\":\"https:\\\/\\\/www.anovapeneira.gal\\\/index.php\\\/2023\\\/05\\\/26\\\/o-concello-de-nigran-estrea-un-parque-infantil-renovado-en-patos\\\/#article\",\"isPartOf\":{\"@id\":\"https:\\\/\\\/www.anovapeneira.gal\\\/index.php\\\/2023\\\/05\\\/26\\\/o-concello-de-nigran-estrea-un-parque-infantil-renovado-en-patos\\\/\"},\"author\":{\"name\":\"Redacci\u00f3n A Nova Peneira\",\"@id\":\"https:\\\/\\\/www.anovapeneira.gal\\\/#\\\/schema\\\/person\\\/b93e3f8932e3f8da96334607eb6ac6aa\"},\"headline\":\"O concello de Nigr\u00e1n estrea un parque infantil renovado en Patos\",\"datePublished\":\"2023-05-26T11:00:36+00:00\",\"mainEntityOfPage\":{\"@id\":\"https:\\\/\\\/www.anovapeneira.gal\\\/index.php\\\/2023\\\/05\\\/26\\\/o-concello-de-nigran-estrea-un-parque-infantil-renovado-en-patos\\\/\"},\"wordCount\":141,\"commentCount\":0,\"publisher\":{\"@id\":\"https:\\\/\\\/www.anovapeneira.gal\\\/#organization\"},\"image\":{\"@id\":\"https:\\\/\\\/www.anovapeneira.gal\\\/index.php\\\/2023\\\/05\\\/26\\\/o-concello-de-nigran-estrea-un-parque-infantil-renovado-en-patos\\\/#primaryimage\"},\"thumbnailUrl\":\"https:\\\/\\\/www.anovapeneira.gal\\\/wp-content\\\/uploads\\\/2023\\\/05\\\/novo_parque_infantil.jpg\",\"keywords\":[\"Concello de Nigr\u00e1n\"],\"articleSection\":[\"Val Mi\u00f1or\"],\"inLanguage\":\"gl-ES\",\"potentialAction\":[{\"@type\":\"CommentAction\",\"name\":\"Comment\",\"target\":[\"https:\\\/\\\/www.anovapeneira.gal\\\/index.php\\\/2023\\\/05\\\/26\\\/o-concello-de-nigran-estrea-un-parque-infantil-renovado-en-patos\\\/#respond\"]}]},{\"@type\":\"WebPage\",\"@id\":\"https:\\\/\\\/www.anovapeneira.gal\\\/index.php\\\/2023\\\/05\\\/26\\\/o-concello-de-nigran-estrea-un-parque-infantil-renovado-en-patos\\\/\",\"url\":\"https:\\\/\\\/www.anovapeneira.gal\\\/index.php\\\/2023\\\/05\\\/26\\\/o-concello-de-nigran-estrea-un-parque-infantil-renovado-en-patos\\\/\",\"name\":\"O concello de Nigr\u00e1n estrea un parque infantil renovado en Patos -\",\"isPartOf\":{\"@id\":\"https:\\\/\\\/www.anovapeneira.gal\\\/#website\"},\"primaryImageOfPage\":{\"@id\":\"https:\\\/\\\/www.anovapeneira.gal\\\/index.php\\\/2023\\\/05\\\/26\\\/o-concello-de-nigran-estrea-un-parque-infantil-renovado-en-patos\\\/#primaryimage\"},\"image\":{\"@id\":\"https:\\\/\\\/www.anovapeneira.gal\\\/index.php\\\/2023\\\/05\\\/26\\\/o-concello-de-nigran-estrea-un-parque-infantil-renovado-en-patos\\\/#primaryimage\"},\"thumbnailUrl\":\"https:\\\/\\\/www.anovapeneira.gal\\\/wp-content\\\/uploads\\\/2023\\\/05\\\/novo_parque_infantil.jpg\",\"datePublished\":\"2023-05-26T11:00:36+00:00\",\"description\":\"O Concello de Nigr\u00e1n estrea un novo parque infantil en Patos, na zona do mercado dos s\u00e1bados, tras investir 11.000 \u20ac na total remodelaci\u00f3n do espazo existente, que conti\u00f1a desde hai d\u00e9cadas xogos xa obsoletos, motivo polo que a veci\u00f1anza demandaba este cambio\",\"breadcrumb\":{\"@id\":\"https:\\\/\\\/www.anovapeneira.gal\\\/index.php\\\/2023\\\/05\\\/26\\\/o-concello-de-nigran-estrea-un-parque-infantil-renovado-en-patos\\\/#breadcrumb\"},\"inLanguage\":\"gl-ES\",\"potentialAction\":[{\"@type\":\"ReadAction\",\"target\":[\"https:\\\/\\\/www.anovapeneira.gal\\\/index.php\\\/2023\\\/05\\\/26\\\/o-concello-de-nigran-estrea-un-parque-infantil-renovado-en-patos\\\/\"]}]},{\"@type\":\"ImageObject\",\"inLanguage\":\"gl-ES\",\"@id\":\"https:\\\/\\\/www.anovapeneira.gal\\\/index.php\\\/2023\\\/05\\\/26\\\/o-concello-de-nigran-estrea-un-parque-infantil-renovado-en-patos\\\/#primaryimage\",\"url\":\"https:\\\/\\\/www.anovapeneira.gal\\\/wp-content\\\/uploads\\\/2023\\\/05\\\/novo_parque_infantil.jpg\",\"contentUrl\":\"https:\\\/\\\/www.anovapeneira.gal\\\/wp-content\\\/uploads\\\/2023\\\/05\\\/novo_parque_infantil.jpg\",\"width\":720,\"height\":432,\"caption\":\"Novo parque infantil Nigr\u00e1n\"},{\"@type\":\"BreadcrumbList\",\"@id\":\"https:\\\/\\\/www.anovapeneira.gal\\\/index.php\\\/2023\\\/05\\\/26\\\/o-concello-de-nigran-estrea-un-parque-infantil-renovado-en-patos\\\/#breadcrumb\",\"itemListElement\":[{\"@type\":\"ListItem\",\"position\":1,\"name\":\"Portada\",\"item\":\"https:\\\/\\\/www.anovapeneira.gal\\\/\"},{\"@type\":\"ListItem\",\"position\":2,\"name\":\"O concello de Nigr\u00e1n estrea un parque infantil renovado en Patos\"}]},{\"@type\":\"WebSite\",\"@id\":\"https:\\\/\\\/www.anovapeneira.gal\\\/#website\",\"url\":\"https:\\\/\\\/www.anovapeneira.gal\\\/\",\"name\":\"\",\"description\":\"Xornal galego de informaci\u00f3n xeral Publicaci\u00f3n mensual de novas de Galicia e en especial dos Concellos da sur da provincia de Pontevedra.\",\"publisher\":{\"@id\":\"https:\\\/\\\/www.anovapeneira.gal\\\/#organization\"},\"potentialAction\":[{\"@type\":\"SearchAction\",\"target\":{\"@type\":\"EntryPoint\",\"urlTemplate\":\"https:\\\/\\\/www.anovapeneira.gal\\\/?s={search_term_string}\"},\"query-input\":{\"@type\":\"PropertyValueSpecification\",\"valueRequired\":true,\"valueName\":\"search_term_string\"}}],\"inLanguage\":\"gl-ES\"},{\"@type\":\"Organization\",\"@id\":\"https:\\\/\\\/www.anovapeneira.gal\\\/#organization\",\"name\":\"A Nova Peneira\",\"url\":\"https:\\\/\\\/www.anovapeneira.gal\\\/\",\"logo\":{\"@type\":\"ImageObject\",\"inLanguage\":\"gl-ES\",\"@id\":\"https:\\\/\\\/www.anovapeneira.gal\\\/#\\\/schema\\\/logo\\\/image\\\/\",\"url\":\"http:\\\/\\\/www.anovapeneira.gal\\\/wp-content\\\/uploads\\\/2019\\\/06\\\/logo_a_nova_peneira_portal_web.png\",\"contentUrl\":\"http:\\\/\\\/www.anovapeneira.gal\\\/wp-content\\\/uploads\\\/2019\\\/06\\\/logo_a_nova_peneira_portal_web.png\",\"width\":300,\"height\":100,\"caption\":\"A Nova Peneira\"},\"image\":{\"@id\":\"https:\\\/\\\/www.anovapeneira.gal\\\/#\\\/schema\\\/logo\\\/image\\\/\"},\"sameAs\":[\"https:\\\/\\\/www.facebook.com\\\/anovapeneira\",\"https:\\\/\\\/x.com\\\/APeneira\"]},{\"@type\":\"Person\",\"@id\":\"https:\\\/\\\/www.anovapeneira.gal\\\/#\\\/schema\\\/person\\\/b93e3f8932e3f8da96334607eb6ac6aa\",\"name\":\"Redacci\u00f3n A Nova Peneira\",\"image\":{\"@type\":\"ImageObject\",\"inLanguage\":\"gl-ES\",\"@id\":\"https:\\\/\\\/secure.gravatar.com\\\/avatar\\\/c052a2551a06e23fac63626232eaa90abd78dbcf1700fc46a2b2c89fd27b735f?s=96&d=mm&r=g\",\"url\":\"https:\\\/\\\/secure.gravatar.com\\\/avatar\\\/c052a2551a06e23fac63626232eaa90abd78dbcf1700fc46a2b2c89fd27b735f?s=96&d=mm&r=g\",\"contentUrl\":\"https:\\\/\\\/secure.gravatar.com\\\/avatar\\\/c052a2551a06e23fac63626232eaa90abd78dbcf1700fc46a2b2c89fd27b735f?s=96&d=mm&r=g\",\"caption\":\"Redacci\u00f3n A Nova Peneira\"},\"sameAs\":[\"http:\\\/\\\/www.anovapeneira.gal\\\/\"],\"url\":\"https:\\\/\\\/www.anovapeneira.gal\\\/index.php\\\/author\\\/redactor\\\/\"}]}<\/script>\n<!-- \/ Yoast SEO plugin. -->","yoast_head_json":{"title":"O concello de Nigr\u00e1n estrea un parque infantil renovado en Patos -","description":"O Concello de Nigr\u00e1n estrea un novo parque infantil en Patos, na zona do mercado dos s\u00e1bados, tras investir 11.000 \u20ac na total remodelaci\u00f3n do espazo existente, que conti\u00f1a desde hai d\u00e9cadas xogos xa obsoletos, motivo polo que a veci\u00f1anza demandaba este cambio","robots":{"index":"index","follow":"follow","max-snippet":"max-snippet:-1","max-image-preview":"max-image-preview:large","max-video-preview":"max-video-preview:-1"},"canonical":"https:\/\/www.anovapeneira.gal\/index.php\/2023\/05\/26\/o-concello-de-nigran-estrea-un-parque-infantil-renovado-en-patos\/","og_locale":"gl_ES","og_type":"article","og_title":"O concello de Nigr\u00e1n estrea un parque infantil renovado en Patos -","og_description":"O Concello de Nigr\u00e1n estrea un novo parque infantil en Patos, na zona do mercado dos s\u00e1bados, tras investir 11.000 \u20ac na total remodelaci\u00f3n do espazo existente, que conti\u00f1a desde hai d\u00e9cadas xogos xa obsoletos, motivo polo que a veci\u00f1anza demandaba este cambio","og_url":"https:\/\/www.anovapeneira.gal\/index.php\/2023\/05\/26\/o-concello-de-nigran-estrea-un-parque-infantil-renovado-en-patos\/","article_publisher":"https:\/\/www.facebook.com\/anovapeneira","article_published_time":"2023-05-26T11:00:36+00:00","og_image":[{"width":720,"height":432,"url":"https:\/\/www.anovapeneira.gal\/wp-content\/uploads\/2023\/05\/novo_parque_infantil.jpg","type":"image\/jpeg"}],"author":"Redacci\u00f3n A Nova Peneira","twitter_card":"summary_large_image","twitter_creator":"@APeneira","twitter_site":"@APeneira","twitter_misc":{"Escrito por":"Redacci\u00f3n A Nova Peneira","Tempo de lectura":"1 minuto"},"schema":{"@context":"https:\/\/schema.org","@graph":[{"@type":"Article","@id":"https:\/\/www.anovapeneira.gal\/index.php\/2023\/05\/26\/o-concello-de-nigran-estrea-un-parque-infantil-renovado-en-patos\/#article","isPartOf":{"@id":"https:\/\/www.anovapeneira.gal\/index.php\/2023\/05\/26\/o-concello-de-nigran-estrea-un-parque-infantil-renovado-en-patos\/"},"author":{"name":"Redacci\u00f3n A Nova Peneira","@id":"https:\/\/www.anovapeneira.gal\/#\/schema\/person\/b93e3f8932e3f8da96334607eb6ac6aa"},"headline":"O concello de Nigr\u00e1n estrea un parque infantil renovado en Patos","datePublished":"2023-05-26T11:00:36+00:00","mainEntityOfPage":{"@id":"https:\/\/www.anovapeneira.gal\/index.php\/2023\/05\/26\/o-concello-de-nigran-estrea-un-parque-infantil-renovado-en-patos\/"},"wordCount":141,"commentCount":0,"publisher":{"@id":"https:\/\/www.anovapeneira.gal\/#organization"},"image":{"@id":"https:\/\/www.anovapeneira.gal\/index.php\/2023\/05\/26\/o-concello-de-nigran-estrea-un-parque-infantil-renovado-en-patos\/#primaryimage"},"thumbnailUrl":"https:\/\/www.anovapeneira.gal\/wp-content\/uploads\/2023\/05\/novo_parque_infantil.jpg","keywords":["Concello de Nigr\u00e1n"],"articleSection":["Val Mi\u00f1or"],"inLanguage":"gl-ES","potentialAction":[{"@type":"CommentAction","name":"Comment","target":["https:\/\/www.anovapeneira.gal\/index.php\/2023\/05\/26\/o-concello-de-nigran-estrea-un-parque-infantil-renovado-en-patos\/#respond"]}]},{"@type":"WebPage","@id":"https:\/\/www.anovapeneira.gal\/index.php\/2023\/05\/26\/o-concello-de-nigran-estrea-un-parque-infantil-renovado-en-patos\/","url":"https:\/\/www.anovapeneira.gal\/index.php\/2023\/05\/26\/o-concello-de-nigran-estrea-un-parque-infantil-renovado-en-patos\/","name":"O concello de Nigr\u00e1n estrea un parque infantil renovado en Patos -","isPartOf":{"@id":"https:\/\/www.anovapeneira.gal\/#website"},"primaryImageOfPage":{"@id":"https:\/\/www.anovapeneira.gal\/index.php\/2023\/05\/26\/o-concello-de-nigran-estrea-un-parque-infantil-renovado-en-patos\/#primaryimage"},"image":{"@id":"https:\/\/www.anovapeneira.gal\/index.php\/2023\/05\/26\/o-concello-de-nigran-estrea-un-parque-infantil-renovado-en-patos\/#primaryimage"},"thumbnailUrl":"https:\/\/www.anovapeneira.gal\/wp-content\/uploads\/2023\/05\/novo_parque_infantil.jpg","datePublished":"2023-05-26T11:00:36+00:00","description":"O Concello de Nigr\u00e1n estrea un novo parque infantil en Patos, na zona do mercado dos s\u00e1bados, tras investir 11.000 \u20ac na total remodelaci\u00f3n do espazo existente, que conti\u00f1a desde hai d\u00e9cadas xogos xa obsoletos, motivo polo que a veci\u00f1anza demandaba este cambio","breadcrumb":{"@id":"https:\/\/www.anovapeneira.gal\/index.php\/2023\/05\/26\/o-concello-de-nigran-estrea-un-parque-infantil-renovado-en-patos\/#breadcrumb"},"inLanguage":"gl-ES","potentialAction":[{"@type":"ReadAction","target":["https:\/\/www.anovapeneira.gal\/index.php\/2023\/05\/26\/o-concello-de-nigran-estrea-un-parque-infantil-renovado-en-patos\/"]}]},{"@type":"ImageObject","inLanguage":"gl-ES","@id":"https:\/\/www.anovapeneira.gal\/index.php\/2023\/05\/26\/o-concello-de-nigran-estrea-un-parque-infantil-renovado-en-patos\/#primaryimage","url":"https:\/\/www.anovapeneira.gal\/wp-content\/uploads\/2023\/05\/novo_parque_infantil.jpg","contentUrl":"https:\/\/www.anovapeneira.gal\/wp-content\/uploads\/2023\/05\/novo_parque_infantil.jpg","width":720,"height":432,"caption":"Novo parque infantil Nigr\u00e1n"},{"@type":"BreadcrumbList","@id":"https:\/\/www.anovapeneira.gal\/index.php\/2023\/05\/26\/o-concello-de-nigran-estrea-un-parque-infantil-renovado-en-patos\/#breadcrumb","itemListElement":[{"@type":"ListItem","position":1,"name":"Portada","item":"https:\/\/www.anovapeneira.gal\/"},{"@type":"ListItem","position":2,"name":"O concello de Nigr\u00e1n estrea un parque infantil renovado en Patos"}]},{"@type":"WebSite","@id":"https:\/\/www.anovapeneira.gal\/#website","url":"https:\/\/www.anovapeneira.gal\/","name":"","description":"Xornal galego de informaci\u00f3n xeral Publicaci\u00f3n mensual de novas de Galicia e en especial dos Concellos da sur da provincia de Pontevedra.","publisher":{"@id":"https:\/\/www.anovapeneira.gal\/#organization"},"potentialAction":[{"@type":"SearchAction","target":{"@type":"EntryPoint","urlTemplate":"https:\/\/www.anovapeneira.gal\/?s={search_term_string}"},"query-input":{"@type":"PropertyValueSpecification","valueRequired":true,"valueName":"search_term_string"}}],"inLanguage":"gl-ES"},{"@type":"Organization","@id":"https:\/\/www.anovapeneira.gal\/#organization","name":"A Nova Peneira","url":"https:\/\/www.anovapeneira.gal\/","logo":{"@type":"ImageObject","inLanguage":"gl-ES","@id":"https:\/\/www.anovapeneira.gal\/#\/schema\/logo\/image\/","url":"http:\/\/www.anovapeneira.gal\/wp-content\/uploads\/2019\/06\/logo_a_nova_peneira_portal_web.png","contentUrl":"http:\/\/www.anovapeneira.gal\/wp-content\/uploads\/2019\/06\/logo_a_nova_peneira_portal_web.png","width":300,"height":100,"caption":"A Nova Peneira"},"image":{"@id":"https:\/\/www.anovapeneira.gal\/#\/schema\/logo\/image\/"},"sameAs":["https:\/\/www.facebook.com\/anovapeneira","https:\/\/x.com\/APeneira"]},{"@type":"Person","@id":"https:\/\/www.anovapeneira.gal\/#\/schema\/person\/b93e3f8932e3f8da96334607eb6ac6aa","name":"Redacci\u00f3n A Nova Peneira","image":{"@type":"ImageObject","inLanguage":"gl-ES","@id":"https:\/\/secure.gravatar.com\/avatar\/c052a2551a06e23fac63626232eaa90abd78dbcf1700fc46a2b2c89fd27b735f?s=96&d=mm&r=g","url":"https:\/\/secure.gravatar.com\/avatar\/c052a2551a06e23fac63626232eaa90abd78dbcf1700fc46a2b2c89fd27b735f?s=96&d=mm&r=g","contentUrl":"https:\/\/secure.gravatar.com\/avatar\/c052a2551a06e23fac63626232eaa90abd78dbcf1700fc46a2b2c89fd27b735f?s=96&d=mm&r=g","caption":"Redacci\u00f3n A Nova Peneira"},"sameAs":["http:\/\/www.anovapeneira.gal\/"],"url":"https:\/\/www.anovapeneira.gal\/index.php\/author\/redactor\/"}]}},"jetpack_featured_media_url":"https:\/\/www.anovapeneira.gal\/wp-content\/uploads\/2023\/05\/novo_parque_infantil.jpg","_links":{"self":[{"href":"https:\/\/www.anovapeneira.gal\/index.php\/wp-json\/wp\/v2\/posts\/9783","targetHints":{"allow":["GET"]}}],"collection":[{"href":"https:\/\/www.anovapeneira.gal\/index.php\/wp-json\/wp\/v2\/posts"}],"about":[{"href":"https:\/\/www.anovapeneira.gal\/index.php\/wp-json\/wp\/v2\/types\/post"}],"author":[{"embeddable":true,"href":"https:\/\/www.anovapeneira.gal\/index.php\/wp-json\/wp\/v2\/users\/3"}],"replies":[{"embeddable":true,"href":"https:\/\/www.anovapeneira.gal\/index.php\/wp-json\/wp\/v2\/comments?post=9783"}],"version-history":[{"count":1,"href":"https:\/\/www.anovapeneira.gal\/index.php\/wp-json\/wp\/v2\/posts\/9783\/revisions"}],"predecessor-version":[{"id":9784,"href":"https:\/\/www.anovapeneira.gal\/index.php\/wp-json\/wp\/v2\/posts\/9783\/revisions\/9784"}],"wp:featuredmedia":[{"embeddable":true,"href":"https:\/\/www.anovapeneira.gal\/index.php\/wp-json\/wp\/v2\/media\/9785"}],"wp:attachment":[{"href":"https:\/\/www.anovapeneira.gal\/index.php\/wp-json\/wp\/v2\/media?parent=9783"}],"wp:term":[{"taxonomy":"category","embeddable":true,"href":"https:\/\/www.anovapeneira.gal\/index.php\/wp-json\/wp\/v2\/categories?post=9783"},{"taxonomy":"post_tag","embeddable":true,"href":"https:\/\/www.anovapeneira.gal\/index.php\/wp-json\/wp\/v2\/tags?post=9783"}],"curies":[{"name":"wp","href":"https:\/\/api.w.org\/{rel}","templated":true}]}}