{"id":9789,"date":"2023-05-25T11:00:17","date_gmt":"2023-05-25T09:00:17","guid":{"rendered":"https:\/\/www.anovapeneira.gal\/?p=9789"},"modified":"2023-05-23T10:50:57","modified_gmt":"2023-05-23T08:50:57","slug":"anxo-baz-e-o-momento-de-que-o-bng-lidere-o-goberno-da-guarda-para-solucionar-os-problemas-da-vecinanza","status":"publish","type":"post","link":"https:\/\/www.anovapeneira.gal\/index.php\/2023\/05\/25\/anxo-baz-e-o-momento-de-que-o-bng-lidere-o-goberno-da-guarda-para-solucionar-os-problemas-da-vecinanza\/","title":{"rendered":"Anxo Baz: \u201c\u00e9 o momento de que o BNG lidere o goberno da Guarda para solucionar os problemas da veci\u00f1anza\u201d"},"content":{"rendered":"\n<h2 class=\"wp-block-heading\">O candidato \u00e1 Alcald\u00eda da Guarda polo BNG, Anxo Baz, &nbsp;comprom\u00e9tese a traballar na defensa dos intereses da Guarda liderando o vindeiro goberno municipal para mellorar a calidade de vida da veci\u00f1anza.<\/h2>\n\n\n\n<p>O nacionalista manifestou \u201cqueremos constru\u00edr a Guarda do futuro e sacala do estancamento que padece. Por iso apostamos por un concello amigo, que escoite, pr\u00f3ximo aos intereses e preocupaci\u00f3ns da veci\u00f1anza. Se o BNG foi clave na reforma integral do Pavill\u00f3n, queremos ser os actores principais na transformaci\u00f3n do mercado municipal, da piscina, da biblioteca, do conservatorio\u201d.<\/p>\n\n\n\n<p>Entre as moitas propostas que foi debullando ao largo da s\u00faa intervenci\u00f3n afirmou \u201cprecisamos con urxencia un goberno que estableza como unha prioridade a comunicaci\u00f3n da Guarda con Caminha e traballe con decisi\u00f3n ata conseguilo\u201d<\/p>\n\n\n\n<p>Por outra parte, o deputado do BNG no Congreso erixe a Anxo Baz como o futuro alcalde que precisa o concello da Guarda e sinala que o equipo do BNG est\u00e1 preparado para liderar o vindeiro goberno municipal, permitindo as\u00ed, desenvolver pol\u00edticas verdadeiramente transformadoras que muden, en positivo, a vida da xente. \u201cQueremos estender e mellorar os servizos p\u00fablicos, temos esa vocaci\u00f3n, e mesmo queremos dotar de m\u00e1is recursos o concello para mellorar a calidade da vida da xente\u201d salienta Rego.<\/p>\n\n\n\n<p>Mais, para este obxectivo, N\u00e9stor Rego explica que o grupo municipal do BNG no Concello da Guarda non s\u00f3 contar\u00e1 co apoio dos concelleiros nacionalistas, sen\u00f3n co apoio \u201cde toda a organizaci\u00f3n do BNG que xa ten experiencia e proxectos municipais consolidados\u201d. \u201cA marca de concellos BNG \u00e9 unha marca de prestixio dentro do proxecto nacionalista que aspira a mudar a realidade do Pa\u00eds e que cumpre con todo aquilo co que se compromete\u201d reivindica o deputado do BNG no Congreso.&nbsp;<\/p>\n\n\n\n<p>Unha organizaci\u00f3n da que tam\u00e9n pon en valor o traballo realizado no Congreso que, grazas ao traballo do conxunto da militancia do BNG, \u201cnon existe problema nin soluci\u00f3n que o BNG non levara \u00e1 c\u00e1mara baixa para reclamar ao Goberno do Estado que atenda as necesidades do Pa\u00eds\u201d. Neste sentido, Rego destaca o papel da formaci\u00f3n nacionalista no Congreso, defendendo de maneira incans\u00e1bel os intereses dos galegos e galegas, as\u00ed como das maior\u00edas sociais e as clases populares.<\/p>\n","protected":false},"excerpt":{"rendered":"<div class=\"mh-excerpt\"><p>O candidato \u00e1 Alcald\u00eda da Guarda polo BNG, Anxo Baz, \u00a0comprom\u00e9tese a traballar na defensa dos intereses da Guarda liderando o vindeiro goberno municipal para mellorar a calidade de vida da veci\u00f1anza <a class=\"mh-excerpt-more\" href=\"https:\/\/www.anovapeneira.gal\/index.php\/2023\/05\/25\/anxo-baz-e-o-momento-de-que-o-bng-lidere-o-goberno-da-guarda-para-solucionar-os-problemas-da-vecinanza\/\" title=\"Anxo Baz: \u201c\u00e9 o momento de que o BNG lidere o goberno da Guarda para solucionar os problemas da veci\u00f1anza\u201d\">[&#8230;]<\/a><\/p>\n<\/div>","protected":false},"author":3,"featured_media":9790,"comment_status":"open","ping_status":"open","sticky":false,"template":"","format":"standard","meta":{"_exactmetrics_skip_tracking":false,"_exactmetrics_sitenote_active":false,"_exactmetrics_sitenote_note":"","_exactmetrics_sitenote_category":0,"footnotes":""},"categories":[21],"tags":[238],"class_list":{"0":"post-9789","1":"post","2":"type-post","3":"status-publish","4":"format-standard","5":"has-post-thumbnail","7":"category-baixo-mino","8":"tag-concello-da-guarda"},"yoast_head":"<!-- This site is optimized with the Yoast SEO plugin v27.4 - https:\/\/yoast.com\/product\/yoast-seo-wordpress\/ -->\n<title>Anxo Baz: \u201c\u00e9 o momento de que o BNG lidere o goberno da Guarda para solucionar os problemas da veci\u00f1anza\u201d -<\/title>\n<meta name=\"description\" content=\"O candidato \u00e1 Alcald\u00eda da Guarda polo BNG, Anxo Baz, \u00a0comprom\u00e9tese a traballar na defensa dos intereses da Guarda liderando o vindeiro goberno municipal para mellorar a calidade de vida da veci\u00f1anza\" \/>\n<meta name=\"robots\" content=\"index, follow, max-snippet:-1, max-image-preview:large, max-video-preview:-1\" \/>\n<link rel=\"canonical\" href=\"https:\/\/www.anovapeneira.gal\/index.php\/2023\/05\/25\/anxo-baz-e-o-momento-de-que-o-bng-lidere-o-goberno-da-guarda-para-solucionar-os-problemas-da-vecinanza\/\" \/>\n<meta property=\"og:locale\" content=\"gl_ES\" \/>\n<meta property=\"og:type\" content=\"article\" \/>\n<meta property=\"og:title\" content=\"Anxo Baz: \u201c\u00e9 o momento de que o BNG lidere o goberno da Guarda para solucionar os problemas da veci\u00f1anza\u201d -\" \/>\n<meta property=\"og:description\" content=\"O candidato \u00e1 Alcald\u00eda da Guarda polo BNG, Anxo Baz, \u00a0comprom\u00e9tese a traballar na defensa dos intereses da Guarda liderando o vindeiro goberno municipal para mellorar a calidade de vida da veci\u00f1anza\" \/>\n<meta property=\"og:url\" content=\"https:\/\/www.anovapeneira.gal\/index.php\/2023\/05\/25\/anxo-baz-e-o-momento-de-que-o-bng-lidere-o-goberno-da-guarda-para-solucionar-os-problemas-da-vecinanza\/\" \/>\n<meta property=\"article:publisher\" content=\"https:\/\/www.facebook.com\/anovapeneira\" \/>\n<meta property=\"article:published_time\" content=\"2023-05-25T09:00:17+00:00\" \/>\n<meta property=\"og:image\" content=\"https:\/\/www.anovapeneira.gal\/wp-content\/uploads\/2023\/05\/bng_guarda.jpg\" \/>\n\t<meta property=\"og:image:width\" content=\"720\" \/>\n\t<meta property=\"og:image:height\" content=\"432\" \/>\n\t<meta property=\"og:image:type\" content=\"image\/jpeg\" \/>\n<meta name=\"author\" content=\"Redacci\u00f3n A Nova Peneira\" \/>\n<meta name=\"twitter:card\" content=\"summary_large_image\" \/>\n<meta name=\"twitter:creator\" content=\"@APeneira\" \/>\n<meta name=\"twitter:site\" content=\"@APeneira\" \/>\n<meta name=\"twitter:label1\" content=\"Escrito por\" \/>\n\t<meta name=\"twitter:data1\" content=\"Redacci\u00f3n A Nova Peneira\" \/>\n\t<meta name=\"twitter:label2\" content=\"Tempo de lectura\" \/>\n\t<meta name=\"twitter:data2\" content=\"2 minutos\" \/>\n<script type=\"application\/ld+json\" class=\"yoast-schema-graph\">{\"@context\":\"https:\\\/\\\/schema.org\",\"@graph\":[{\"@type\":\"Article\",\"@id\":\"https:\\\/\\\/www.anovapeneira.gal\\\/index.php\\\/2023\\\/05\\\/25\\\/anxo-baz-e-o-momento-de-que-o-bng-lidere-o-goberno-da-guarda-para-solucionar-os-problemas-da-vecinanza\\\/#article\",\"isPartOf\":{\"@id\":\"https:\\\/\\\/www.anovapeneira.gal\\\/index.php\\\/2023\\\/05\\\/25\\\/anxo-baz-e-o-momento-de-que-o-bng-lidere-o-goberno-da-guarda-para-solucionar-os-problemas-da-vecinanza\\\/\"},\"author\":{\"name\":\"Redacci\u00f3n A Nova Peneira\",\"@id\":\"https:\\\/\\\/www.anovapeneira.gal\\\/#\\\/schema\\\/person\\\/b93e3f8932e3f8da96334607eb6ac6aa\"},\"headline\":\"Anxo Baz: \u201c\u00e9 o momento de que o BNG lidere o goberno da Guarda para solucionar os problemas da veci\u00f1anza\u201d\",\"datePublished\":\"2023-05-25T09:00:17+00:00\",\"mainEntityOfPage\":{\"@id\":\"https:\\\/\\\/www.anovapeneira.gal\\\/index.php\\\/2023\\\/05\\\/25\\\/anxo-baz-e-o-momento-de-que-o-bng-lidere-o-goberno-da-guarda-para-solucionar-os-problemas-da-vecinanza\\\/\"},\"wordCount\":412,\"commentCount\":0,\"publisher\":{\"@id\":\"https:\\\/\\\/www.anovapeneira.gal\\\/#organization\"},\"image\":{\"@id\":\"https:\\\/\\\/www.anovapeneira.gal\\\/index.php\\\/2023\\\/05\\\/25\\\/anxo-baz-e-o-momento-de-que-o-bng-lidere-o-goberno-da-guarda-para-solucionar-os-problemas-da-vecinanza\\\/#primaryimage\"},\"thumbnailUrl\":\"https:\\\/\\\/www.anovapeneira.gal\\\/wp-content\\\/uploads\\\/2023\\\/05\\\/bng_guarda.jpg\",\"keywords\":[\"Concello da Guarda\"],\"articleSection\":[\"Baixo Mi\u00f1o\"],\"inLanguage\":\"gl-ES\",\"potentialAction\":[{\"@type\":\"CommentAction\",\"name\":\"Comment\",\"target\":[\"https:\\\/\\\/www.anovapeneira.gal\\\/index.php\\\/2023\\\/05\\\/25\\\/anxo-baz-e-o-momento-de-que-o-bng-lidere-o-goberno-da-guarda-para-solucionar-os-problemas-da-vecinanza\\\/#respond\"]}]},{\"@type\":\"WebPage\",\"@id\":\"https:\\\/\\\/www.anovapeneira.gal\\\/index.php\\\/2023\\\/05\\\/25\\\/anxo-baz-e-o-momento-de-que-o-bng-lidere-o-goberno-da-guarda-para-solucionar-os-problemas-da-vecinanza\\\/\",\"url\":\"https:\\\/\\\/www.anovapeneira.gal\\\/index.php\\\/2023\\\/05\\\/25\\\/anxo-baz-e-o-momento-de-que-o-bng-lidere-o-goberno-da-guarda-para-solucionar-os-problemas-da-vecinanza\\\/\",\"name\":\"Anxo Baz: \u201c\u00e9 o momento de que o BNG lidere o goberno da Guarda para solucionar os problemas da veci\u00f1anza\u201d -\",\"isPartOf\":{\"@id\":\"https:\\\/\\\/www.anovapeneira.gal\\\/#website\"},\"primaryImageOfPage\":{\"@id\":\"https:\\\/\\\/www.anovapeneira.gal\\\/index.php\\\/2023\\\/05\\\/25\\\/anxo-baz-e-o-momento-de-que-o-bng-lidere-o-goberno-da-guarda-para-solucionar-os-problemas-da-vecinanza\\\/#primaryimage\"},\"image\":{\"@id\":\"https:\\\/\\\/www.anovapeneira.gal\\\/index.php\\\/2023\\\/05\\\/25\\\/anxo-baz-e-o-momento-de-que-o-bng-lidere-o-goberno-da-guarda-para-solucionar-os-problemas-da-vecinanza\\\/#primaryimage\"},\"thumbnailUrl\":\"https:\\\/\\\/www.anovapeneira.gal\\\/wp-content\\\/uploads\\\/2023\\\/05\\\/bng_guarda.jpg\",\"datePublished\":\"2023-05-25T09:00:17+00:00\",\"description\":\"O candidato \u00e1 Alcald\u00eda da Guarda polo BNG, Anxo Baz, \u00a0comprom\u00e9tese a traballar na defensa dos intereses da Guarda liderando o vindeiro goberno municipal para mellorar a calidade de vida da veci\u00f1anza\",\"breadcrumb\":{\"@id\":\"https:\\\/\\\/www.anovapeneira.gal\\\/index.php\\\/2023\\\/05\\\/25\\\/anxo-baz-e-o-momento-de-que-o-bng-lidere-o-goberno-da-guarda-para-solucionar-os-problemas-da-vecinanza\\\/#breadcrumb\"},\"inLanguage\":\"gl-ES\",\"potentialAction\":[{\"@type\":\"ReadAction\",\"target\":[\"https:\\\/\\\/www.anovapeneira.gal\\\/index.php\\\/2023\\\/05\\\/25\\\/anxo-baz-e-o-momento-de-que-o-bng-lidere-o-goberno-da-guarda-para-solucionar-os-problemas-da-vecinanza\\\/\"]}]},{\"@type\":\"ImageObject\",\"inLanguage\":\"gl-ES\",\"@id\":\"https:\\\/\\\/www.anovapeneira.gal\\\/index.php\\\/2023\\\/05\\\/25\\\/anxo-baz-e-o-momento-de-que-o-bng-lidere-o-goberno-da-guarda-para-solucionar-os-problemas-da-vecinanza\\\/#primaryimage\",\"url\":\"https:\\\/\\\/www.anovapeneira.gal\\\/wp-content\\\/uploads\\\/2023\\\/05\\\/bng_guarda.jpg\",\"contentUrl\":\"https:\\\/\\\/www.anovapeneira.gal\\\/wp-content\\\/uploads\\\/2023\\\/05\\\/bng_guarda.jpg\",\"width\":720,\"height\":432,\"caption\":\"Anxo Baz: \u201c\u00e9 o momento de que o BNG lidere o goberno da Guarda para solucionar os problemas da veci\u00f1anza\u201d\"},{\"@type\":\"BreadcrumbList\",\"@id\":\"https:\\\/\\\/www.anovapeneira.gal\\\/index.php\\\/2023\\\/05\\\/25\\\/anxo-baz-e-o-momento-de-que-o-bng-lidere-o-goberno-da-guarda-para-solucionar-os-problemas-da-vecinanza\\\/#breadcrumb\",\"itemListElement\":[{\"@type\":\"ListItem\",\"position\":1,\"name\":\"Portada\",\"item\":\"https:\\\/\\\/www.anovapeneira.gal\\\/\"},{\"@type\":\"ListItem\",\"position\":2,\"name\":\"Anxo Baz: \u201c\u00e9 o momento de que o BNG lidere o goberno da Guarda para solucionar os problemas da veci\u00f1anza\u201d\"}]},{\"@type\":\"WebSite\",\"@id\":\"https:\\\/\\\/www.anovapeneira.gal\\\/#website\",\"url\":\"https:\\\/\\\/www.anovapeneira.gal\\\/\",\"name\":\"\",\"description\":\"Xornal galego de informaci\u00f3n xeral Publicaci\u00f3n mensual de novas de Galicia e en especial dos Concellos da sur da provincia de Pontevedra.\",\"publisher\":{\"@id\":\"https:\\\/\\\/www.anovapeneira.gal\\\/#organization\"},\"potentialAction\":[{\"@type\":\"SearchAction\",\"target\":{\"@type\":\"EntryPoint\",\"urlTemplate\":\"https:\\\/\\\/www.anovapeneira.gal\\\/?s={search_term_string}\"},\"query-input\":{\"@type\":\"PropertyValueSpecification\",\"valueRequired\":true,\"valueName\":\"search_term_string\"}}],\"inLanguage\":\"gl-ES\"},{\"@type\":\"Organization\",\"@id\":\"https:\\\/\\\/www.anovapeneira.gal\\\/#organization\",\"name\":\"A Nova Peneira\",\"url\":\"https:\\\/\\\/www.anovapeneira.gal\\\/\",\"logo\":{\"@type\":\"ImageObject\",\"inLanguage\":\"gl-ES\",\"@id\":\"https:\\\/\\\/www.anovapeneira.gal\\\/#\\\/schema\\\/logo\\\/image\\\/\",\"url\":\"http:\\\/\\\/www.anovapeneira.gal\\\/wp-content\\\/uploads\\\/2019\\\/06\\\/logo_a_nova_peneira_portal_web.png\",\"contentUrl\":\"http:\\\/\\\/www.anovapeneira.gal\\\/wp-content\\\/uploads\\\/2019\\\/06\\\/logo_a_nova_peneira_portal_web.png\",\"width\":300,\"height\":100,\"caption\":\"A Nova Peneira\"},\"image\":{\"@id\":\"https:\\\/\\\/www.anovapeneira.gal\\\/#\\\/schema\\\/logo\\\/image\\\/\"},\"sameAs\":[\"https:\\\/\\\/www.facebook.com\\\/anovapeneira\",\"https:\\\/\\\/x.com\\\/APeneira\"]},{\"@type\":\"Person\",\"@id\":\"https:\\\/\\\/www.anovapeneira.gal\\\/#\\\/schema\\\/person\\\/b93e3f8932e3f8da96334607eb6ac6aa\",\"name\":\"Redacci\u00f3n A Nova Peneira\",\"image\":{\"@type\":\"ImageObject\",\"inLanguage\":\"gl-ES\",\"@id\":\"https:\\\/\\\/secure.gravatar.com\\\/avatar\\\/c052a2551a06e23fac63626232eaa90abd78dbcf1700fc46a2b2c89fd27b735f?s=96&d=mm&r=g\",\"url\":\"https:\\\/\\\/secure.gravatar.com\\\/avatar\\\/c052a2551a06e23fac63626232eaa90abd78dbcf1700fc46a2b2c89fd27b735f?s=96&d=mm&r=g\",\"contentUrl\":\"https:\\\/\\\/secure.gravatar.com\\\/avatar\\\/c052a2551a06e23fac63626232eaa90abd78dbcf1700fc46a2b2c89fd27b735f?s=96&d=mm&r=g\",\"caption\":\"Redacci\u00f3n A Nova Peneira\"},\"sameAs\":[\"http:\\\/\\\/www.anovapeneira.gal\\\/\"],\"url\":\"https:\\\/\\\/www.anovapeneira.gal\\\/index.php\\\/author\\\/redactor\\\/\"}]}<\/script>\n<!-- \/ Yoast SEO plugin. -->","yoast_head_json":{"title":"Anxo Baz: \u201c\u00e9 o momento de que o BNG lidere o goberno da Guarda para solucionar os problemas da veci\u00f1anza\u201d -","description":"O candidato \u00e1 Alcald\u00eda da Guarda polo BNG, Anxo Baz, \u00a0comprom\u00e9tese a traballar na defensa dos intereses da Guarda liderando o vindeiro goberno municipal para mellorar a calidade de vida da veci\u00f1anza","robots":{"index":"index","follow":"follow","max-snippet":"max-snippet:-1","max-image-preview":"max-image-preview:large","max-video-preview":"max-video-preview:-1"},"canonical":"https:\/\/www.anovapeneira.gal\/index.php\/2023\/05\/25\/anxo-baz-e-o-momento-de-que-o-bng-lidere-o-goberno-da-guarda-para-solucionar-os-problemas-da-vecinanza\/","og_locale":"gl_ES","og_type":"article","og_title":"Anxo Baz: \u201c\u00e9 o momento de que o BNG lidere o goberno da Guarda para solucionar os problemas da veci\u00f1anza\u201d -","og_description":"O candidato \u00e1 Alcald\u00eda da Guarda polo BNG, Anxo Baz, \u00a0comprom\u00e9tese a traballar na defensa dos intereses da Guarda liderando o vindeiro goberno municipal para mellorar a calidade de vida da veci\u00f1anza","og_url":"https:\/\/www.anovapeneira.gal\/index.php\/2023\/05\/25\/anxo-baz-e-o-momento-de-que-o-bng-lidere-o-goberno-da-guarda-para-solucionar-os-problemas-da-vecinanza\/","article_publisher":"https:\/\/www.facebook.com\/anovapeneira","article_published_time":"2023-05-25T09:00:17+00:00","og_image":[{"width":720,"height":432,"url":"https:\/\/www.anovapeneira.gal\/wp-content\/uploads\/2023\/05\/bng_guarda.jpg","type":"image\/jpeg"}],"author":"Redacci\u00f3n A Nova Peneira","twitter_card":"summary_large_image","twitter_creator":"@APeneira","twitter_site":"@APeneira","twitter_misc":{"Escrito por":"Redacci\u00f3n A Nova Peneira","Tempo de lectura":"2 minutos"},"schema":{"@context":"https:\/\/schema.org","@graph":[{"@type":"Article","@id":"https:\/\/www.anovapeneira.gal\/index.php\/2023\/05\/25\/anxo-baz-e-o-momento-de-que-o-bng-lidere-o-goberno-da-guarda-para-solucionar-os-problemas-da-vecinanza\/#article","isPartOf":{"@id":"https:\/\/www.anovapeneira.gal\/index.php\/2023\/05\/25\/anxo-baz-e-o-momento-de-que-o-bng-lidere-o-goberno-da-guarda-para-solucionar-os-problemas-da-vecinanza\/"},"author":{"name":"Redacci\u00f3n A Nova Peneira","@id":"https:\/\/www.anovapeneira.gal\/#\/schema\/person\/b93e3f8932e3f8da96334607eb6ac6aa"},"headline":"Anxo Baz: \u201c\u00e9 o momento de que o BNG lidere o goberno da Guarda para solucionar os problemas da veci\u00f1anza\u201d","datePublished":"2023-05-25T09:00:17+00:00","mainEntityOfPage":{"@id":"https:\/\/www.anovapeneira.gal\/index.php\/2023\/05\/25\/anxo-baz-e-o-momento-de-que-o-bng-lidere-o-goberno-da-guarda-para-solucionar-os-problemas-da-vecinanza\/"},"wordCount":412,"commentCount":0,"publisher":{"@id":"https:\/\/www.anovapeneira.gal\/#organization"},"image":{"@id":"https:\/\/www.anovapeneira.gal\/index.php\/2023\/05\/25\/anxo-baz-e-o-momento-de-que-o-bng-lidere-o-goberno-da-guarda-para-solucionar-os-problemas-da-vecinanza\/#primaryimage"},"thumbnailUrl":"https:\/\/www.anovapeneira.gal\/wp-content\/uploads\/2023\/05\/bng_guarda.jpg","keywords":["Concello da Guarda"],"articleSection":["Baixo Mi\u00f1o"],"inLanguage":"gl-ES","potentialAction":[{"@type":"CommentAction","name":"Comment","target":["https:\/\/www.anovapeneira.gal\/index.php\/2023\/05\/25\/anxo-baz-e-o-momento-de-que-o-bng-lidere-o-goberno-da-guarda-para-solucionar-os-problemas-da-vecinanza\/#respond"]}]},{"@type":"WebPage","@id":"https:\/\/www.anovapeneira.gal\/index.php\/2023\/05\/25\/anxo-baz-e-o-momento-de-que-o-bng-lidere-o-goberno-da-guarda-para-solucionar-os-problemas-da-vecinanza\/","url":"https:\/\/www.anovapeneira.gal\/index.php\/2023\/05\/25\/anxo-baz-e-o-momento-de-que-o-bng-lidere-o-goberno-da-guarda-para-solucionar-os-problemas-da-vecinanza\/","name":"Anxo Baz: \u201c\u00e9 o momento de que o BNG lidere o goberno da Guarda para solucionar os problemas da veci\u00f1anza\u201d -","isPartOf":{"@id":"https:\/\/www.anovapeneira.gal\/#website"},"primaryImageOfPage":{"@id":"https:\/\/www.anovapeneira.gal\/index.php\/2023\/05\/25\/anxo-baz-e-o-momento-de-que-o-bng-lidere-o-goberno-da-guarda-para-solucionar-os-problemas-da-vecinanza\/#primaryimage"},"image":{"@id":"https:\/\/www.anovapeneira.gal\/index.php\/2023\/05\/25\/anxo-baz-e-o-momento-de-que-o-bng-lidere-o-goberno-da-guarda-para-solucionar-os-problemas-da-vecinanza\/#primaryimage"},"thumbnailUrl":"https:\/\/www.anovapeneira.gal\/wp-content\/uploads\/2023\/05\/bng_guarda.jpg","datePublished":"2023-05-25T09:00:17+00:00","description":"O candidato \u00e1 Alcald\u00eda da Guarda polo BNG, Anxo Baz, \u00a0comprom\u00e9tese a traballar na defensa dos intereses da Guarda liderando o vindeiro goberno municipal para mellorar a calidade de vida da veci\u00f1anza","breadcrumb":{"@id":"https:\/\/www.anovapeneira.gal\/index.php\/2023\/05\/25\/anxo-baz-e-o-momento-de-que-o-bng-lidere-o-goberno-da-guarda-para-solucionar-os-problemas-da-vecinanza\/#breadcrumb"},"inLanguage":"gl-ES","potentialAction":[{"@type":"ReadAction","target":["https:\/\/www.anovapeneira.gal\/index.php\/2023\/05\/25\/anxo-baz-e-o-momento-de-que-o-bng-lidere-o-goberno-da-guarda-para-solucionar-os-problemas-da-vecinanza\/"]}]},{"@type":"ImageObject","inLanguage":"gl-ES","@id":"https:\/\/www.anovapeneira.gal\/index.php\/2023\/05\/25\/anxo-baz-e-o-momento-de-que-o-bng-lidere-o-goberno-da-guarda-para-solucionar-os-problemas-da-vecinanza\/#primaryimage","url":"https:\/\/www.anovapeneira.gal\/wp-content\/uploads\/2023\/05\/bng_guarda.jpg","contentUrl":"https:\/\/www.anovapeneira.gal\/wp-content\/uploads\/2023\/05\/bng_guarda.jpg","width":720,"height":432,"caption":"Anxo Baz: \u201c\u00e9 o momento de que o BNG lidere o goberno da Guarda para solucionar os problemas da veci\u00f1anza\u201d"},{"@type":"BreadcrumbList","@id":"https:\/\/www.anovapeneira.gal\/index.php\/2023\/05\/25\/anxo-baz-e-o-momento-de-que-o-bng-lidere-o-goberno-da-guarda-para-solucionar-os-problemas-da-vecinanza\/#breadcrumb","itemListElement":[{"@type":"ListItem","position":1,"name":"Portada","item":"https:\/\/www.anovapeneira.gal\/"},{"@type":"ListItem","position":2,"name":"Anxo Baz: \u201c\u00e9 o momento de que o BNG lidere o goberno da Guarda para solucionar os problemas da veci\u00f1anza\u201d"}]},{"@type":"WebSite","@id":"https:\/\/www.anovapeneira.gal\/#website","url":"https:\/\/www.anovapeneira.gal\/","name":"","description":"Xornal galego de informaci\u00f3n xeral Publicaci\u00f3n mensual de novas de Galicia e en especial dos Concellos da sur da provincia de Pontevedra.","publisher":{"@id":"https:\/\/www.anovapeneira.gal\/#organization"},"potentialAction":[{"@type":"SearchAction","target":{"@type":"EntryPoint","urlTemplate":"https:\/\/www.anovapeneira.gal\/?s={search_term_string}"},"query-input":{"@type":"PropertyValueSpecification","valueRequired":true,"valueName":"search_term_string"}}],"inLanguage":"gl-ES"},{"@type":"Organization","@id":"https:\/\/www.anovapeneira.gal\/#organization","name":"A Nova Peneira","url":"https:\/\/www.anovapeneira.gal\/","logo":{"@type":"ImageObject","inLanguage":"gl-ES","@id":"https:\/\/www.anovapeneira.gal\/#\/schema\/logo\/image\/","url":"http:\/\/www.anovapeneira.gal\/wp-content\/uploads\/2019\/06\/logo_a_nova_peneira_portal_web.png","contentUrl":"http:\/\/www.anovapeneira.gal\/wp-content\/uploads\/2019\/06\/logo_a_nova_peneira_portal_web.png","width":300,"height":100,"caption":"A Nova Peneira"},"image":{"@id":"https:\/\/www.anovapeneira.gal\/#\/schema\/logo\/image\/"},"sameAs":["https:\/\/www.facebook.com\/anovapeneira","https:\/\/x.com\/APeneira"]},{"@type":"Person","@id":"https:\/\/www.anovapeneira.gal\/#\/schema\/person\/b93e3f8932e3f8da96334607eb6ac6aa","name":"Redacci\u00f3n A Nova Peneira","image":{"@type":"ImageObject","inLanguage":"gl-ES","@id":"https:\/\/secure.gravatar.com\/avatar\/c052a2551a06e23fac63626232eaa90abd78dbcf1700fc46a2b2c89fd27b735f?s=96&d=mm&r=g","url":"https:\/\/secure.gravatar.com\/avatar\/c052a2551a06e23fac63626232eaa90abd78dbcf1700fc46a2b2c89fd27b735f?s=96&d=mm&r=g","contentUrl":"https:\/\/secure.gravatar.com\/avatar\/c052a2551a06e23fac63626232eaa90abd78dbcf1700fc46a2b2c89fd27b735f?s=96&d=mm&r=g","caption":"Redacci\u00f3n A Nova Peneira"},"sameAs":["http:\/\/www.anovapeneira.gal\/"],"url":"https:\/\/www.anovapeneira.gal\/index.php\/author\/redactor\/"}]}},"jetpack_featured_media_url":"https:\/\/www.anovapeneira.gal\/wp-content\/uploads\/2023\/05\/bng_guarda.jpg","_links":{"self":[{"href":"https:\/\/www.anovapeneira.gal\/index.php\/wp-json\/wp\/v2\/posts\/9789","targetHints":{"allow":["GET"]}}],"collection":[{"href":"https:\/\/www.anovapeneira.gal\/index.php\/wp-json\/wp\/v2\/posts"}],"about":[{"href":"https:\/\/www.anovapeneira.gal\/index.php\/wp-json\/wp\/v2\/types\/post"}],"author":[{"embeddable":true,"href":"https:\/\/www.anovapeneira.gal\/index.php\/wp-json\/wp\/v2\/users\/3"}],"replies":[{"embeddable":true,"href":"https:\/\/www.anovapeneira.gal\/index.php\/wp-json\/wp\/v2\/comments?post=9789"}],"version-history":[{"count":1,"href":"https:\/\/www.anovapeneira.gal\/index.php\/wp-json\/wp\/v2\/posts\/9789\/revisions"}],"predecessor-version":[{"id":9791,"href":"https:\/\/www.anovapeneira.gal\/index.php\/wp-json\/wp\/v2\/posts\/9789\/revisions\/9791"}],"wp:featuredmedia":[{"embeddable":true,"href":"https:\/\/www.anovapeneira.gal\/index.php\/wp-json\/wp\/v2\/media\/9790"}],"wp:attachment":[{"href":"https:\/\/www.anovapeneira.gal\/index.php\/wp-json\/wp\/v2\/media?parent=9789"}],"wp:term":[{"taxonomy":"category","embeddable":true,"href":"https:\/\/www.anovapeneira.gal\/index.php\/wp-json\/wp\/v2\/categories?post=9789"},{"taxonomy":"post_tag","embeddable":true,"href":"https:\/\/www.anovapeneira.gal\/index.php\/wp-json\/wp\/v2\/tags?post=9789"}],"curies":[{"name":"wp","href":"https:\/\/api.w.org\/{rel}","templated":true}]}}