{"id":9792,"date":"2023-05-25T13:00:11","date_gmt":"2023-05-25T11:00:11","guid":{"rendered":"https:\/\/www.anovapeneira.gal\/?p=9792"},"modified":"2023-05-23T11:00:52","modified_gmt":"2023-05-23T09:00:52","slug":"alen-nos-somos-nos","status":"publish","type":"post","link":"https:\/\/www.anovapeneira.gal\/index.php\/2023\/05\/25\/alen-nos-somos-nos\/","title":{"rendered":"\u201cAl\u00e9n N\u00f3s \u201c somos N\u00f3s"},"content":{"rendered":"\n<p>A asociaci\u00f3n Al\u00e9n N\u00f3s de Redondela insta ao concello a corrixir uns pictogramas , signos que representan esquematicamente s\u00edmbolos, obxectos ou figuras e que son enteiramente comprensibles s\u00f3 coa mirada, que de maneira rid\u00edcula est\u00e1n acompa\u00f1ados de texto biling\u00fce en galego e castel\u00e1n. As\u00ed a modo de exemplo, o pictograma, que representa unha figura humana baixando unhas escaleiras, est\u00e1 sobre identificado coas palabras \u201c Baixar\u201d \u201c Bajar\u201d.<\/p>\n\n\n\n<p>Os membros de Al\u00e9n N\u00f3s xa se reuniron co goberno local e con distintos partidos pol\u00edticos para instar aos primeiros a que corrixan semellante desatino e para transmitir aos segundos a s\u00faa visi\u00f3n deste asunto. Por\u00e9n e ante a falta de resultados est\u00e1n a valorar tomar medidas de car\u00e1cter legal pois eles entenden que se est\u00e1 a vulnerar a propia ordenanza do uso do galego do concello de Redondela.<\/p>\n\n\n\n<p>Se este asunto remata no xulgado todo apunta a que o concello se ver\u00e1 obrigado a modificar os pictogramas da discordia pois parece que a administraci\u00f3n municipal est\u00e1 a incumprir a s\u00faa propia normativa.<\/p>\n\n\n\n<p>Acl\u00e1rannos os amigos de Al\u00e9n N\u00f3s que a eles todas e cada unha das linguas do mundo lles parecen ben, e que desde logo non te\u00f1an nada contra ningunha das arredor de 5.000 que se falan no noso planeta. Ese non \u00e9 o problema. A cerna da cuesti\u00f3n est\u00e1 en que a lingua propia de Galicia \u00e9 o galego, \u00e9 a \u00fanica que resulta da evoluci\u00f3n natural do lat\u00edn nesta parte do mundo que se chama Galicia. E \u00e9 un feito incontrovertible que o noso idioma vive unha situaci\u00f3n de diglosia moi grave, que esixe a s\u00faa protecci\u00f3n adecuada polos poderes p\u00fablicos. De non ser as\u00ed non falta moito para que desapareza como lingua viva .E no mundo ao rev\u00e9s no que vivimos, somos sempre n\u00f3s, os galego falantes, os que cedemos espazo, m\u00e1is espazo cada vez, a unha lingua que non o necesita pois \u00e9 unha das m\u00e1is faladas do mundo. Cando sexa necesario que se faga, pero cando non o \u00e9 , como non o \u00e9 de ning\u00fan modo neste caso, non ten porque facerse.<\/p>\n\n\n\n<p>N\u00f3s sumamos a nosa voz a Al\u00e9n N\u00f3s na s\u00faa xusta demanda e d\u00e1moslle os parab\u00e9ns pola s\u00faa firme e decidida defensa do noso idioma .<\/p>\n\n\n\n<p>N\u00f3s tam\u00e9n somos Al\u00e9n N\u00f3s.<\/p>\n","protected":false},"excerpt":{"rendered":"<div class=\"mh-excerpt\"><p>A asociaci\u00f3n Al\u00e9n N\u00f3s de Redondela insta ao concello a corrixir uns pictogramas , signos que representan esquematicamente s\u00edmbolos, obxectos ou figuras e que son enteiramente comprensibles s\u00f3 coa mirada, que de maneira rid\u00edcula est\u00e1n acompa\u00f1ados de texto biling\u00fce en galego e castel\u00e1n <a class=\"mh-excerpt-more\" href=\"https:\/\/www.anovapeneira.gal\/index.php\/2023\/05\/25\/alen-nos-somos-nos\/\" title=\"\u201cAl\u00e9n N\u00f3s \u201c somos N\u00f3s\">[&#8230;]<\/a><\/p>\n<\/div>","protected":false},"author":2,"featured_media":9793,"comment_status":"open","ping_status":"open","sticky":false,"template":"","format":"standard","meta":{"_exactmetrics_skip_tracking":false,"_exactmetrics_sitenote_active":false,"_exactmetrics_sitenote_note":"","_exactmetrics_sitenote_category":0,"footnotes":""},"categories":[18,24],"tags":[1357],"class_list":{"0":"post-9792","1":"post","2":"type-post","3":"status-publish","4":"format-standard","5":"has-post-thumbnail","7":"category-comarcas","8":"category-redondela","9":"tag-alen-nos-de-redondela"},"yoast_head":"<!-- This site is optimized with the Yoast SEO plugin v27.4 - https:\/\/yoast.com\/product\/yoast-seo-wordpress\/ -->\n<title>\u201cAl\u00e9n N\u00f3s \u201c somos N\u00f3s -<\/title>\n<meta name=\"description\" content=\"A asociaci\u00f3n Al\u00e9n N\u00f3s de Redondela insta ao concello a corrixir uns pictogramas , signos que representan esquematicamente s\u00edmbolos, obxectos ou figuras e que son enteiramente comprensibles s\u00f3 coa mirada, que de maneira rid\u00edcula est\u00e1n acompa\u00f1ados de texto biling\u00fce en galego e castel\u00e1n\" \/>\n<meta name=\"robots\" content=\"index, follow, max-snippet:-1, max-image-preview:large, max-video-preview:-1\" \/>\n<link rel=\"canonical\" href=\"https:\/\/www.anovapeneira.gal\/index.php\/2023\/05\/25\/alen-nos-somos-nos\/\" \/>\n<meta property=\"og:locale\" content=\"gl_ES\" \/>\n<meta property=\"og:type\" content=\"article\" \/>\n<meta property=\"og:title\" content=\"\u201cAl\u00e9n N\u00f3s \u201c somos N\u00f3s -\" \/>\n<meta property=\"og:description\" content=\"A asociaci\u00f3n Al\u00e9n N\u00f3s de Redondela insta ao concello a corrixir uns pictogramas , signos que representan esquematicamente s\u00edmbolos, obxectos ou figuras e que son enteiramente comprensibles s\u00f3 coa mirada, que de maneira rid\u00edcula est\u00e1n acompa\u00f1ados de texto biling\u00fce en galego e castel\u00e1n\" \/>\n<meta property=\"og:url\" content=\"https:\/\/www.anovapeneira.gal\/index.php\/2023\/05\/25\/alen-nos-somos-nos\/\" \/>\n<meta property=\"article:publisher\" content=\"https:\/\/www.facebook.com\/anovapeneira\" \/>\n<meta property=\"article:published_time\" content=\"2023-05-25T11:00:11+00:00\" \/>\n<meta property=\"og:image\" content=\"https:\/\/www.anovapeneira.gal\/wp-content\/uploads\/2023\/05\/alen_nos.png\" \/>\n\t<meta property=\"og:image:width\" content=\"720\" \/>\n\t<meta property=\"og:image:height\" content=\"432\" \/>\n\t<meta property=\"og:image:type\" content=\"image\/png\" \/>\n<meta name=\"author\" content=\"Tino Lago\" \/>\n<meta name=\"twitter:card\" content=\"summary_large_image\" \/>\n<meta name=\"twitter:creator\" content=\"@APeneira\" \/>\n<meta name=\"twitter:site\" content=\"@APeneira\" \/>\n<meta name=\"twitter:label1\" content=\"Escrito por\" \/>\n\t<meta name=\"twitter:data1\" content=\"Tino Lago\" \/>\n\t<meta name=\"twitter:label2\" content=\"Tempo de lectura\" \/>\n\t<meta name=\"twitter:data2\" content=\"3 minutos\" \/>\n<script type=\"application\/ld+json\" class=\"yoast-schema-graph\">{\"@context\":\"https:\\\/\\\/schema.org\",\"@graph\":[{\"@type\":\"Article\",\"@id\":\"https:\\\/\\\/www.anovapeneira.gal\\\/index.php\\\/2023\\\/05\\\/25\\\/alen-nos-somos-nos\\\/#article\",\"isPartOf\":{\"@id\":\"https:\\\/\\\/www.anovapeneira.gal\\\/index.php\\\/2023\\\/05\\\/25\\\/alen-nos-somos-nos\\\/\"},\"author\":{\"name\":\"Tino Lago\",\"@id\":\"https:\\\/\\\/www.anovapeneira.gal\\\/#\\\/schema\\\/person\\\/424dfe65e3070fd8a44d22d2c088762a\"},\"headline\":\"\u201cAl\u00e9n N\u00f3s \u201c somos N\u00f3s\",\"datePublished\":\"2023-05-25T11:00:11+00:00\",\"mainEntityOfPage\":{\"@id\":\"https:\\\/\\\/www.anovapeneira.gal\\\/index.php\\\/2023\\\/05\\\/25\\\/alen-nos-somos-nos\\\/\"},\"wordCount\":418,\"commentCount\":0,\"publisher\":{\"@id\":\"https:\\\/\\\/www.anovapeneira.gal\\\/#organization\"},\"image\":{\"@id\":\"https:\\\/\\\/www.anovapeneira.gal\\\/index.php\\\/2023\\\/05\\\/25\\\/alen-nos-somos-nos\\\/#primaryimage\"},\"thumbnailUrl\":\"https:\\\/\\\/www.anovapeneira.gal\\\/wp-content\\\/uploads\\\/2023\\\/05\\\/alen_nos.png\",\"keywords\":[\"Al\u00e9n N\u00f3s de Redondela\"],\"articleSection\":[\"Comarcas\",\"Redondela\"],\"inLanguage\":\"gl-ES\",\"potentialAction\":[{\"@type\":\"CommentAction\",\"name\":\"Comment\",\"target\":[\"https:\\\/\\\/www.anovapeneira.gal\\\/index.php\\\/2023\\\/05\\\/25\\\/alen-nos-somos-nos\\\/#respond\"]}]},{\"@type\":\"WebPage\",\"@id\":\"https:\\\/\\\/www.anovapeneira.gal\\\/index.php\\\/2023\\\/05\\\/25\\\/alen-nos-somos-nos\\\/\",\"url\":\"https:\\\/\\\/www.anovapeneira.gal\\\/index.php\\\/2023\\\/05\\\/25\\\/alen-nos-somos-nos\\\/\",\"name\":\"\u201cAl\u00e9n N\u00f3s \u201c somos N\u00f3s -\",\"isPartOf\":{\"@id\":\"https:\\\/\\\/www.anovapeneira.gal\\\/#website\"},\"primaryImageOfPage\":{\"@id\":\"https:\\\/\\\/www.anovapeneira.gal\\\/index.php\\\/2023\\\/05\\\/25\\\/alen-nos-somos-nos\\\/#primaryimage\"},\"image\":{\"@id\":\"https:\\\/\\\/www.anovapeneira.gal\\\/index.php\\\/2023\\\/05\\\/25\\\/alen-nos-somos-nos\\\/#primaryimage\"},\"thumbnailUrl\":\"https:\\\/\\\/www.anovapeneira.gal\\\/wp-content\\\/uploads\\\/2023\\\/05\\\/alen_nos.png\",\"datePublished\":\"2023-05-25T11:00:11+00:00\",\"description\":\"A asociaci\u00f3n Al\u00e9n N\u00f3s de Redondela insta ao concello a corrixir uns pictogramas , signos que representan esquematicamente s\u00edmbolos, obxectos ou figuras e que son enteiramente comprensibles s\u00f3 coa mirada, que de maneira rid\u00edcula est\u00e1n acompa\u00f1ados de texto biling\u00fce en galego e castel\u00e1n\",\"breadcrumb\":{\"@id\":\"https:\\\/\\\/www.anovapeneira.gal\\\/index.php\\\/2023\\\/05\\\/25\\\/alen-nos-somos-nos\\\/#breadcrumb\"},\"inLanguage\":\"gl-ES\",\"potentialAction\":[{\"@type\":\"ReadAction\",\"target\":[\"https:\\\/\\\/www.anovapeneira.gal\\\/index.php\\\/2023\\\/05\\\/25\\\/alen-nos-somos-nos\\\/\"]}]},{\"@type\":\"ImageObject\",\"inLanguage\":\"gl-ES\",\"@id\":\"https:\\\/\\\/www.anovapeneira.gal\\\/index.php\\\/2023\\\/05\\\/25\\\/alen-nos-somos-nos\\\/#primaryimage\",\"url\":\"https:\\\/\\\/www.anovapeneira.gal\\\/wp-content\\\/uploads\\\/2023\\\/05\\\/alen_nos.png\",\"contentUrl\":\"https:\\\/\\\/www.anovapeneira.gal\\\/wp-content\\\/uploads\\\/2023\\\/05\\\/alen_nos.png\",\"width\":720,\"height\":432,\"caption\":\"Al\u00e9n N\u00f3s Redondela\"},{\"@type\":\"BreadcrumbList\",\"@id\":\"https:\\\/\\\/www.anovapeneira.gal\\\/index.php\\\/2023\\\/05\\\/25\\\/alen-nos-somos-nos\\\/#breadcrumb\",\"itemListElement\":[{\"@type\":\"ListItem\",\"position\":1,\"name\":\"Portada\",\"item\":\"https:\\\/\\\/www.anovapeneira.gal\\\/\"},{\"@type\":\"ListItem\",\"position\":2,\"name\":\"\u201cAl\u00e9n N\u00f3s \u201c somos N\u00f3s\"}]},{\"@type\":\"WebSite\",\"@id\":\"https:\\\/\\\/www.anovapeneira.gal\\\/#website\",\"url\":\"https:\\\/\\\/www.anovapeneira.gal\\\/\",\"name\":\"\",\"description\":\"Xornal galego de informaci\u00f3n xeral Publicaci\u00f3n mensual de novas de Galicia e en especial dos Concellos da sur da provincia de Pontevedra.\",\"publisher\":{\"@id\":\"https:\\\/\\\/www.anovapeneira.gal\\\/#organization\"},\"potentialAction\":[{\"@type\":\"SearchAction\",\"target\":{\"@type\":\"EntryPoint\",\"urlTemplate\":\"https:\\\/\\\/www.anovapeneira.gal\\\/?s={search_term_string}\"},\"query-input\":{\"@type\":\"PropertyValueSpecification\",\"valueRequired\":true,\"valueName\":\"search_term_string\"}}],\"inLanguage\":\"gl-ES\"},{\"@type\":\"Organization\",\"@id\":\"https:\\\/\\\/www.anovapeneira.gal\\\/#organization\",\"name\":\"A Nova Peneira\",\"url\":\"https:\\\/\\\/www.anovapeneira.gal\\\/\",\"logo\":{\"@type\":\"ImageObject\",\"inLanguage\":\"gl-ES\",\"@id\":\"https:\\\/\\\/www.anovapeneira.gal\\\/#\\\/schema\\\/logo\\\/image\\\/\",\"url\":\"http:\\\/\\\/www.anovapeneira.gal\\\/wp-content\\\/uploads\\\/2019\\\/06\\\/logo_a_nova_peneira_portal_web.png\",\"contentUrl\":\"http:\\\/\\\/www.anovapeneira.gal\\\/wp-content\\\/uploads\\\/2019\\\/06\\\/logo_a_nova_peneira_portal_web.png\",\"width\":300,\"height\":100,\"caption\":\"A Nova Peneira\"},\"image\":{\"@id\":\"https:\\\/\\\/www.anovapeneira.gal\\\/#\\\/schema\\\/logo\\\/image\\\/\"},\"sameAs\":[\"https:\\\/\\\/www.facebook.com\\\/anovapeneira\",\"https:\\\/\\\/x.com\\\/APeneira\"]},{\"@type\":\"Person\",\"@id\":\"https:\\\/\\\/www.anovapeneira.gal\\\/#\\\/schema\\\/person\\\/424dfe65e3070fd8a44d22d2c088762a\",\"name\":\"Tino Lago\",\"image\":{\"@type\":\"ImageObject\",\"inLanguage\":\"gl-ES\",\"@id\":\"https:\\\/\\\/secure.gravatar.com\\\/avatar\\\/b3df6a06e44bab3111583b90f0f33a0379ee5e3d22cbadd232d39f21c30c62be?s=96&d=mm&r=g\",\"url\":\"https:\\\/\\\/secure.gravatar.com\\\/avatar\\\/b3df6a06e44bab3111583b90f0f33a0379ee5e3d22cbadd232d39f21c30c62be?s=96&d=mm&r=g\",\"contentUrl\":\"https:\\\/\\\/secure.gravatar.com\\\/avatar\\\/b3df6a06e44bab3111583b90f0f33a0379ee5e3d22cbadd232d39f21c30c62be?s=96&d=mm&r=g\",\"caption\":\"Tino Lago\"},\"sameAs\":[\"http:\\\/\\\/www.anovapeneira.gal\"],\"url\":\"https:\\\/\\\/www.anovapeneira.gal\\\/index.php\\\/author\\\/director\\\/\"}]}<\/script>\n<!-- \/ Yoast SEO plugin. -->","yoast_head_json":{"title":"\u201cAl\u00e9n N\u00f3s \u201c somos N\u00f3s -","description":"A asociaci\u00f3n Al\u00e9n N\u00f3s de Redondela insta ao concello a corrixir uns pictogramas , signos que representan esquematicamente s\u00edmbolos, obxectos ou figuras e que son enteiramente comprensibles s\u00f3 coa mirada, que de maneira rid\u00edcula est\u00e1n acompa\u00f1ados de texto biling\u00fce en galego e castel\u00e1n","robots":{"index":"index","follow":"follow","max-snippet":"max-snippet:-1","max-image-preview":"max-image-preview:large","max-video-preview":"max-video-preview:-1"},"canonical":"https:\/\/www.anovapeneira.gal\/index.php\/2023\/05\/25\/alen-nos-somos-nos\/","og_locale":"gl_ES","og_type":"article","og_title":"\u201cAl\u00e9n N\u00f3s \u201c somos N\u00f3s -","og_description":"A asociaci\u00f3n Al\u00e9n N\u00f3s de Redondela insta ao concello a corrixir uns pictogramas , signos que representan esquematicamente s\u00edmbolos, obxectos ou figuras e que son enteiramente comprensibles s\u00f3 coa mirada, que de maneira rid\u00edcula est\u00e1n acompa\u00f1ados de texto biling\u00fce en galego e castel\u00e1n","og_url":"https:\/\/www.anovapeneira.gal\/index.php\/2023\/05\/25\/alen-nos-somos-nos\/","article_publisher":"https:\/\/www.facebook.com\/anovapeneira","article_published_time":"2023-05-25T11:00:11+00:00","og_image":[{"width":720,"height":432,"url":"https:\/\/www.anovapeneira.gal\/wp-content\/uploads\/2023\/05\/alen_nos.png","type":"image\/png"}],"author":"Tino Lago","twitter_card":"summary_large_image","twitter_creator":"@APeneira","twitter_site":"@APeneira","twitter_misc":{"Escrito por":"Tino Lago","Tempo de lectura":"3 minutos"},"schema":{"@context":"https:\/\/schema.org","@graph":[{"@type":"Article","@id":"https:\/\/www.anovapeneira.gal\/index.php\/2023\/05\/25\/alen-nos-somos-nos\/#article","isPartOf":{"@id":"https:\/\/www.anovapeneira.gal\/index.php\/2023\/05\/25\/alen-nos-somos-nos\/"},"author":{"name":"Tino Lago","@id":"https:\/\/www.anovapeneira.gal\/#\/schema\/person\/424dfe65e3070fd8a44d22d2c088762a"},"headline":"\u201cAl\u00e9n N\u00f3s \u201c somos N\u00f3s","datePublished":"2023-05-25T11:00:11+00:00","mainEntityOfPage":{"@id":"https:\/\/www.anovapeneira.gal\/index.php\/2023\/05\/25\/alen-nos-somos-nos\/"},"wordCount":418,"commentCount":0,"publisher":{"@id":"https:\/\/www.anovapeneira.gal\/#organization"},"image":{"@id":"https:\/\/www.anovapeneira.gal\/index.php\/2023\/05\/25\/alen-nos-somos-nos\/#primaryimage"},"thumbnailUrl":"https:\/\/www.anovapeneira.gal\/wp-content\/uploads\/2023\/05\/alen_nos.png","keywords":["Al\u00e9n N\u00f3s de Redondela"],"articleSection":["Comarcas","Redondela"],"inLanguage":"gl-ES","potentialAction":[{"@type":"CommentAction","name":"Comment","target":["https:\/\/www.anovapeneira.gal\/index.php\/2023\/05\/25\/alen-nos-somos-nos\/#respond"]}]},{"@type":"WebPage","@id":"https:\/\/www.anovapeneira.gal\/index.php\/2023\/05\/25\/alen-nos-somos-nos\/","url":"https:\/\/www.anovapeneira.gal\/index.php\/2023\/05\/25\/alen-nos-somos-nos\/","name":"\u201cAl\u00e9n N\u00f3s \u201c somos N\u00f3s -","isPartOf":{"@id":"https:\/\/www.anovapeneira.gal\/#website"},"primaryImageOfPage":{"@id":"https:\/\/www.anovapeneira.gal\/index.php\/2023\/05\/25\/alen-nos-somos-nos\/#primaryimage"},"image":{"@id":"https:\/\/www.anovapeneira.gal\/index.php\/2023\/05\/25\/alen-nos-somos-nos\/#primaryimage"},"thumbnailUrl":"https:\/\/www.anovapeneira.gal\/wp-content\/uploads\/2023\/05\/alen_nos.png","datePublished":"2023-05-25T11:00:11+00:00","description":"A asociaci\u00f3n Al\u00e9n N\u00f3s de Redondela insta ao concello a corrixir uns pictogramas , signos que representan esquematicamente s\u00edmbolos, obxectos ou figuras e que son enteiramente comprensibles s\u00f3 coa mirada, que de maneira rid\u00edcula est\u00e1n acompa\u00f1ados de texto biling\u00fce en galego e castel\u00e1n","breadcrumb":{"@id":"https:\/\/www.anovapeneira.gal\/index.php\/2023\/05\/25\/alen-nos-somos-nos\/#breadcrumb"},"inLanguage":"gl-ES","potentialAction":[{"@type":"ReadAction","target":["https:\/\/www.anovapeneira.gal\/index.php\/2023\/05\/25\/alen-nos-somos-nos\/"]}]},{"@type":"ImageObject","inLanguage":"gl-ES","@id":"https:\/\/www.anovapeneira.gal\/index.php\/2023\/05\/25\/alen-nos-somos-nos\/#primaryimage","url":"https:\/\/www.anovapeneira.gal\/wp-content\/uploads\/2023\/05\/alen_nos.png","contentUrl":"https:\/\/www.anovapeneira.gal\/wp-content\/uploads\/2023\/05\/alen_nos.png","width":720,"height":432,"caption":"Al\u00e9n N\u00f3s Redondela"},{"@type":"BreadcrumbList","@id":"https:\/\/www.anovapeneira.gal\/index.php\/2023\/05\/25\/alen-nos-somos-nos\/#breadcrumb","itemListElement":[{"@type":"ListItem","position":1,"name":"Portada","item":"https:\/\/www.anovapeneira.gal\/"},{"@type":"ListItem","position":2,"name":"\u201cAl\u00e9n N\u00f3s \u201c somos N\u00f3s"}]},{"@type":"WebSite","@id":"https:\/\/www.anovapeneira.gal\/#website","url":"https:\/\/www.anovapeneira.gal\/","name":"","description":"Xornal galego de informaci\u00f3n xeral Publicaci\u00f3n mensual de novas de Galicia e en especial dos Concellos da sur da provincia de Pontevedra.","publisher":{"@id":"https:\/\/www.anovapeneira.gal\/#organization"},"potentialAction":[{"@type":"SearchAction","target":{"@type":"EntryPoint","urlTemplate":"https:\/\/www.anovapeneira.gal\/?s={search_term_string}"},"query-input":{"@type":"PropertyValueSpecification","valueRequired":true,"valueName":"search_term_string"}}],"inLanguage":"gl-ES"},{"@type":"Organization","@id":"https:\/\/www.anovapeneira.gal\/#organization","name":"A Nova Peneira","url":"https:\/\/www.anovapeneira.gal\/","logo":{"@type":"ImageObject","inLanguage":"gl-ES","@id":"https:\/\/www.anovapeneira.gal\/#\/schema\/logo\/image\/","url":"http:\/\/www.anovapeneira.gal\/wp-content\/uploads\/2019\/06\/logo_a_nova_peneira_portal_web.png","contentUrl":"http:\/\/www.anovapeneira.gal\/wp-content\/uploads\/2019\/06\/logo_a_nova_peneira_portal_web.png","width":300,"height":100,"caption":"A Nova Peneira"},"image":{"@id":"https:\/\/www.anovapeneira.gal\/#\/schema\/logo\/image\/"},"sameAs":["https:\/\/www.facebook.com\/anovapeneira","https:\/\/x.com\/APeneira"]},{"@type":"Person","@id":"https:\/\/www.anovapeneira.gal\/#\/schema\/person\/424dfe65e3070fd8a44d22d2c088762a","name":"Tino Lago","image":{"@type":"ImageObject","inLanguage":"gl-ES","@id":"https:\/\/secure.gravatar.com\/avatar\/b3df6a06e44bab3111583b90f0f33a0379ee5e3d22cbadd232d39f21c30c62be?s=96&d=mm&r=g","url":"https:\/\/secure.gravatar.com\/avatar\/b3df6a06e44bab3111583b90f0f33a0379ee5e3d22cbadd232d39f21c30c62be?s=96&d=mm&r=g","contentUrl":"https:\/\/secure.gravatar.com\/avatar\/b3df6a06e44bab3111583b90f0f33a0379ee5e3d22cbadd232d39f21c30c62be?s=96&d=mm&r=g","caption":"Tino Lago"},"sameAs":["http:\/\/www.anovapeneira.gal"],"url":"https:\/\/www.anovapeneira.gal\/index.php\/author\/director\/"}]}},"jetpack_featured_media_url":"https:\/\/www.anovapeneira.gal\/wp-content\/uploads\/2023\/05\/alen_nos.png","_links":{"self":[{"href":"https:\/\/www.anovapeneira.gal\/index.php\/wp-json\/wp\/v2\/posts\/9792","targetHints":{"allow":["GET"]}}],"collection":[{"href":"https:\/\/www.anovapeneira.gal\/index.php\/wp-json\/wp\/v2\/posts"}],"about":[{"href":"https:\/\/www.anovapeneira.gal\/index.php\/wp-json\/wp\/v2\/types\/post"}],"author":[{"embeddable":true,"href":"https:\/\/www.anovapeneira.gal\/index.php\/wp-json\/wp\/v2\/users\/2"}],"replies":[{"embeddable":true,"href":"https:\/\/www.anovapeneira.gal\/index.php\/wp-json\/wp\/v2\/comments?post=9792"}],"version-history":[{"count":1,"href":"https:\/\/www.anovapeneira.gal\/index.php\/wp-json\/wp\/v2\/posts\/9792\/revisions"}],"predecessor-version":[{"id":9794,"href":"https:\/\/www.anovapeneira.gal\/index.php\/wp-json\/wp\/v2\/posts\/9792\/revisions\/9794"}],"wp:featuredmedia":[{"embeddable":true,"href":"https:\/\/www.anovapeneira.gal\/index.php\/wp-json\/wp\/v2\/media\/9793"}],"wp:attachment":[{"href":"https:\/\/www.anovapeneira.gal\/index.php\/wp-json\/wp\/v2\/media?parent=9792"}],"wp:term":[{"taxonomy":"category","embeddable":true,"href":"https:\/\/www.anovapeneira.gal\/index.php\/wp-json\/wp\/v2\/categories?post=9792"},{"taxonomy":"post_tag","embeddable":true,"href":"https:\/\/www.anovapeneira.gal\/index.php\/wp-json\/wp\/v2\/tags?post=9792"}],"curies":[{"name":"wp","href":"https:\/\/api.w.org\/{rel}","templated":true}]}}