{"id":9799,"date":"2023-05-26T09:00:04","date_gmt":"2023-05-26T07:00:04","guid":{"rendered":"https:\/\/www.anovapeneira.gal\/?p=9799"},"modified":"2023-05-29T07:19:11","modified_gmt":"2023-05-29T05:19:11","slug":"o-psoe-augura-unha-maioria-progresista-con-alcalde-socialista-o-28-de-maio","status":"publish","type":"post","link":"https:\/\/www.anovapeneira.gal\/index.php\/2023\/05\/26\/o-psoe-augura-unha-maioria-progresista-con-alcalde-socialista-o-28-de-maio\/","title":{"rendered":"O PSOE augura unha maior\u00eda progresista con alcalde socialista o 28 de maio"},"content":{"rendered":"\n<p>O candidato socialista David Alonso Bargiela, afirmou hoxe que O Porri\u00f1o merece un goberno e un alcalde que est\u00e9n \u00e1 altura do que O Porri\u00f1o merece, e que este \u00faltimo ano, o actual alcalde non s\u00f3 est\u00e1 a malgastar os fondos do Concello, sen\u00f3n que non acadou ninguna obra de referencia. \u201c<em>O Porri\u00f1o precisa un alcalde con ambici\u00f3n, non un concelleiro de festexos e o 28 de maio os prri\u00f1eses deben escoller entre d\u00faas alternativas: o modelo conservador do PP e o modelo social do PSOE. Te\u00f1o a convicci\u00f3n de que o 28 de maio, os porri\u00f1eses apostar\u00e1n polo modelo social e de progreso que representa o PSOE e confiar\u00e1 nunha nova maior\u00eda progresista cun alcalde socialista. Para elo, e dende o respeto democr\u00e1tico, pido aos porri\u00f1eses que concentren o voto de cambio no PSOE.\u201d<\/em><\/p>\n\n\n\n<p>Para elo, Alonso quere impulsar un goberno de progreso que ter\u00e1 tres grandes prioridades: as pol\u00edticas socioeducativas e ambientais, a remodelaci\u00f3n urbana co soterramento do paso a nivel e a modernizaci\u00f3n da administraci\u00f3n local para impulsar a transparencia e a participaci\u00f3n cidad\u00e1.<\/p>\n\n\n\n<p>O candidato socialista desgranou os seus primeiros 5 compromisos prioritarios se o 28 de maio os porri\u00f1eses lle otorgan a s\u00faa confianza.<\/p>\n\n\n\n<p>A primeira decisi\u00f3n de Alonso se resulta alcalde, ser\u00e1 o de retomar de xeito inmediato as conversas con FOMENTO, para impulsar o soterramento do paso a nivel do Porri\u00f1o que o actual alcalde \u201cescondeu no caix\u00f3n dende xullo de 2022 de xeito incomprensible. Alejandro Lorenzo ten a proposta de convenio de ADIF dende fai case un ano e non fixo nada.<\/p>\n\n\n\n<p>O segundo compromiso de Alonso ser\u00e1 o da posta en marcha dun estudo para crear un gran anel verde arredor do Porri\u00f1o recuperando os cauces do Louro e os r\u00edo Couso e Filgueira, tomando como modelo o proxecto da cidade vasca de Vitoria. Ser\u00e1 un proxecto que xenere un colch\u00f3n verde que mellorar\u00e1 enormemente a calidade de vida dos porri\u00f1eses e mellorar\u00e1 a nosa biodiversidade dende As G\u00e1ndaras ata o casco urb\u00e1n e Torneiros.<\/p>\n\n\n\n<p>En tercer lugar, o candidato socialista comprometeuse a impulsar un ambicioso programa social cunha rede de ludotecas de conciliaci\u00f3n nas parroquias, a posta en marcha dun Servizo de coidadores de barrio para persoas maiores e o Bono Taxi para que os maiores poidan acudir ao centro de sa\u00fade ou a tarefas diarias no casco urb\u00e1n.<\/p>\n\n\n\n<p>En cuarto lugar, Alonso situou a redacci\u00f3n dos proxectos do novo Auditorio Municipal e a Piscina Cuberta en Torneiros, dous proxectos estrat\u00e9xicos para O Porri\u00f1o, aos que sumou a compra da casa dos \u201cPereiro Castro\u201d no barrio de San Benito, que ser\u00e1 a sede da nova conceller\u00eda de Urbanismo e Desenvolvemento Sustentable, para darlle vida ao barrio.<\/p>\n\n\n\n<p>Por \u00faltimo, Alonso tam\u00e9n se comprometeu a iniciar as labores de reforma do Campo da Feria para xerar un Espazo Xoven para a mocidade, espazo cuberto, con zona wifi gratuita e zonas de pump-track e deportivas que representa un anhelo para a a mocidade porri\u00f1esa.<\/p>\n\n\n\n<p><strong>Final de campa\u00f1a.<\/strong><\/p>\n\n\n\n<p>O candidato socialista encara o final de campa\u00f1a cunha clara mensaxe aos porri\u00f1eses: \u201co 28 de maio os porri\u00f1eses deben valorar qu\u00e9 modelo de cidade queren, a dun modelo que abandonou \u00e1s persoas e centrada en malgastar os fondos p\u00fablicos, ou un modelo social e sustentable para Porri\u00f1o. Pido a todos os progresistas que concentren o voto no PSOE para crear unha gran maior\u00eda progresista cun alcalde socialista. Estou convencido delo\u201d.<\/p>\n","protected":false},"excerpt":{"rendered":"<div class=\"mh-excerpt\"><p>O candidato socialista David Alonso Bargiela, afirmou hoxe que O Porri\u00f1o merece un goberno e un alcalde que est\u00e9n \u00e1 altura do que O Porri\u00f1o merece, e que este \u00faltimo ano, o actual alcalde non s\u00f3 est\u00e1 a malgastar os fondos do Concello, sen\u00f3n que non acadou ninguna obra de referencia <a class=\"mh-excerpt-more\" href=\"https:\/\/www.anovapeneira.gal\/index.php\/2023\/05\/26\/o-psoe-augura-unha-maioria-progresista-con-alcalde-socialista-o-28-de-maio\/\" title=\"O PSOE augura unha maior\u00eda progresista con alcalde socialista o 28 de maio\">[&#8230;]<\/a><\/p>\n<\/div>","protected":false},"author":3,"featured_media":9801,"comment_status":"open","ping_status":"open","sticky":false,"template":"","format":"standard","meta":{"_exactmetrics_skip_tracking":false,"_exactmetrics_sitenote_active":false,"_exactmetrics_sitenote_note":"","_exactmetrics_sitenote_category":0,"footnotes":""},"categories":[23],"tags":[411],"class_list":{"0":"post-9799","1":"post","2":"type-post","3":"status-publish","4":"format-standard","5":"has-post-thumbnail","7":"category-a-lourina","8":"tag-concello-do-porrino"},"yoast_head":"<!-- This site is optimized with the Yoast SEO plugin v27.4 - https:\/\/yoast.com\/product\/yoast-seo-wordpress\/ -->\n<title>O PSOE augura unha maior\u00eda progresista con alcalde socialista o 28 de maio -<\/title>\n<meta name=\"description\" content=\"O candidato socialista David Alonso Bargiela, afirmou hoxe que O Porri\u00f1o merece un goberno e un alcalde que est\u00e9n \u00e1 altura do que O Porri\u00f1o merece, e que este \u00faltimo ano, o actual alcalde non s\u00f3 est\u00e1 a malgastar os fondos do Concello, sen\u00f3n que non acadou ninguna obra de referencia\" \/>\n<meta name=\"robots\" content=\"index, follow, max-snippet:-1, max-image-preview:large, max-video-preview:-1\" \/>\n<link rel=\"canonical\" href=\"https:\/\/www.anovapeneira.gal\/index.php\/2023\/05\/26\/o-psoe-augura-unha-maioria-progresista-con-alcalde-socialista-o-28-de-maio\/\" \/>\n<meta property=\"og:locale\" content=\"gl_ES\" \/>\n<meta property=\"og:type\" content=\"article\" \/>\n<meta property=\"og:title\" content=\"O PSOE augura unha maior\u00eda progresista con alcalde socialista o 28 de maio -\" \/>\n<meta property=\"og:description\" content=\"O candidato socialista David Alonso Bargiela, afirmou hoxe que O Porri\u00f1o merece un goberno e un alcalde que est\u00e9n \u00e1 altura do que O Porri\u00f1o merece, e que este \u00faltimo ano, o actual alcalde non s\u00f3 est\u00e1 a malgastar os fondos do Concello, sen\u00f3n que non acadou ninguna obra de referencia\" \/>\n<meta property=\"og:url\" content=\"https:\/\/www.anovapeneira.gal\/index.php\/2023\/05\/26\/o-psoe-augura-unha-maioria-progresista-con-alcalde-socialista-o-28-de-maio\/\" \/>\n<meta property=\"article:publisher\" content=\"https:\/\/www.facebook.com\/anovapeneira\" \/>\n<meta property=\"article:published_time\" content=\"2023-05-26T07:00:04+00:00\" \/>\n<meta property=\"article:modified_time\" content=\"2023-05-29T05:19:11+00:00\" \/>\n<meta property=\"og:image\" content=\"https:\/\/www.anovapeneira.gal\/wp-content\/uploads\/2023\/05\/david_alonso_barguiela.jpg\" \/>\n\t<meta property=\"og:image:width\" content=\"720\" \/>\n\t<meta property=\"og:image:height\" content=\"432\" \/>\n\t<meta property=\"og:image:type\" content=\"image\/jpeg\" \/>\n<meta name=\"author\" content=\"Redacci\u00f3n A Nova Peneira\" \/>\n<meta name=\"twitter:card\" content=\"summary_large_image\" \/>\n<meta name=\"twitter:creator\" content=\"@APeneira\" \/>\n<meta name=\"twitter:site\" content=\"@APeneira\" \/>\n<meta name=\"twitter:label1\" content=\"Escrito por\" \/>\n\t<meta name=\"twitter:data1\" content=\"Redacci\u00f3n A Nova Peneira\" \/>\n\t<meta name=\"twitter:label2\" content=\"Tempo de lectura\" \/>\n\t<meta name=\"twitter:data2\" content=\"4 minutos\" \/>\n<script type=\"application\/ld+json\" class=\"yoast-schema-graph\">{\"@context\":\"https:\\\/\\\/schema.org\",\"@graph\":[{\"@type\":\"Article\",\"@id\":\"https:\\\/\\\/www.anovapeneira.gal\\\/index.php\\\/2023\\\/05\\\/26\\\/o-psoe-augura-unha-maioria-progresista-con-alcalde-socialista-o-28-de-maio\\\/#article\",\"isPartOf\":{\"@id\":\"https:\\\/\\\/www.anovapeneira.gal\\\/index.php\\\/2023\\\/05\\\/26\\\/o-psoe-augura-unha-maioria-progresista-con-alcalde-socialista-o-28-de-maio\\\/\"},\"author\":{\"name\":\"Redacci\u00f3n A Nova Peneira\",\"@id\":\"https:\\\/\\\/www.anovapeneira.gal\\\/#\\\/schema\\\/person\\\/b93e3f8932e3f8da96334607eb6ac6aa\"},\"headline\":\"O PSOE augura unha maior\u00eda progresista con alcalde socialista o 28 de maio\",\"datePublished\":\"2023-05-26T07:00:04+00:00\",\"dateModified\":\"2023-05-29T05:19:11+00:00\",\"mainEntityOfPage\":{\"@id\":\"https:\\\/\\\/www.anovapeneira.gal\\\/index.php\\\/2023\\\/05\\\/26\\\/o-psoe-augura-unha-maioria-progresista-con-alcalde-socialista-o-28-de-maio\\\/\"},\"wordCount\":618,\"commentCount\":0,\"publisher\":{\"@id\":\"https:\\\/\\\/www.anovapeneira.gal\\\/#organization\"},\"image\":{\"@id\":\"https:\\\/\\\/www.anovapeneira.gal\\\/index.php\\\/2023\\\/05\\\/26\\\/o-psoe-augura-unha-maioria-progresista-con-alcalde-socialista-o-28-de-maio\\\/#primaryimage\"},\"thumbnailUrl\":\"https:\\\/\\\/www.anovapeneira.gal\\\/wp-content\\\/uploads\\\/2023\\\/05\\\/david_alonso_barguiela.jpg\",\"keywords\":[\"Concello do Porri\u00f1o\"],\"articleSection\":[\"A Louri\u00f1a\"],\"inLanguage\":\"gl-ES\",\"potentialAction\":[{\"@type\":\"CommentAction\",\"name\":\"Comment\",\"target\":[\"https:\\\/\\\/www.anovapeneira.gal\\\/index.php\\\/2023\\\/05\\\/26\\\/o-psoe-augura-unha-maioria-progresista-con-alcalde-socialista-o-28-de-maio\\\/#respond\"]}]},{\"@type\":\"WebPage\",\"@id\":\"https:\\\/\\\/www.anovapeneira.gal\\\/index.php\\\/2023\\\/05\\\/26\\\/o-psoe-augura-unha-maioria-progresista-con-alcalde-socialista-o-28-de-maio\\\/\",\"url\":\"https:\\\/\\\/www.anovapeneira.gal\\\/index.php\\\/2023\\\/05\\\/26\\\/o-psoe-augura-unha-maioria-progresista-con-alcalde-socialista-o-28-de-maio\\\/\",\"name\":\"O PSOE augura unha maior\u00eda progresista con alcalde socialista o 28 de maio -\",\"isPartOf\":{\"@id\":\"https:\\\/\\\/www.anovapeneira.gal\\\/#website\"},\"primaryImageOfPage\":{\"@id\":\"https:\\\/\\\/www.anovapeneira.gal\\\/index.php\\\/2023\\\/05\\\/26\\\/o-psoe-augura-unha-maioria-progresista-con-alcalde-socialista-o-28-de-maio\\\/#primaryimage\"},\"image\":{\"@id\":\"https:\\\/\\\/www.anovapeneira.gal\\\/index.php\\\/2023\\\/05\\\/26\\\/o-psoe-augura-unha-maioria-progresista-con-alcalde-socialista-o-28-de-maio\\\/#primaryimage\"},\"thumbnailUrl\":\"https:\\\/\\\/www.anovapeneira.gal\\\/wp-content\\\/uploads\\\/2023\\\/05\\\/david_alonso_barguiela.jpg\",\"datePublished\":\"2023-05-26T07:00:04+00:00\",\"dateModified\":\"2023-05-29T05:19:11+00:00\",\"description\":\"O candidato socialista David Alonso Bargiela, afirmou hoxe que O Porri\u00f1o merece un goberno e un alcalde que est\u00e9n \u00e1 altura do que O Porri\u00f1o merece, e que este \u00faltimo ano, o actual alcalde non s\u00f3 est\u00e1 a malgastar os fondos do Concello, sen\u00f3n que non acadou ninguna obra de referencia\",\"breadcrumb\":{\"@id\":\"https:\\\/\\\/www.anovapeneira.gal\\\/index.php\\\/2023\\\/05\\\/26\\\/o-psoe-augura-unha-maioria-progresista-con-alcalde-socialista-o-28-de-maio\\\/#breadcrumb\"},\"inLanguage\":\"gl-ES\",\"potentialAction\":[{\"@type\":\"ReadAction\",\"target\":[\"https:\\\/\\\/www.anovapeneira.gal\\\/index.php\\\/2023\\\/05\\\/26\\\/o-psoe-augura-unha-maioria-progresista-con-alcalde-socialista-o-28-de-maio\\\/\"]}]},{\"@type\":\"ImageObject\",\"inLanguage\":\"gl-ES\",\"@id\":\"https:\\\/\\\/www.anovapeneira.gal\\\/index.php\\\/2023\\\/05\\\/26\\\/o-psoe-augura-unha-maioria-progresista-con-alcalde-socialista-o-28-de-maio\\\/#primaryimage\",\"url\":\"https:\\\/\\\/www.anovapeneira.gal\\\/wp-content\\\/uploads\\\/2023\\\/05\\\/david_alonso_barguiela.jpg\",\"contentUrl\":\"https:\\\/\\\/www.anovapeneira.gal\\\/wp-content\\\/uploads\\\/2023\\\/05\\\/david_alonso_barguiela.jpg\",\"width\":720,\"height\":432,\"caption\":\"David Alonso Barguiela Psoe Porri\u00f1o\"},{\"@type\":\"BreadcrumbList\",\"@id\":\"https:\\\/\\\/www.anovapeneira.gal\\\/index.php\\\/2023\\\/05\\\/26\\\/o-psoe-augura-unha-maioria-progresista-con-alcalde-socialista-o-28-de-maio\\\/#breadcrumb\",\"itemListElement\":[{\"@type\":\"ListItem\",\"position\":1,\"name\":\"Portada\",\"item\":\"https:\\\/\\\/www.anovapeneira.gal\\\/\"},{\"@type\":\"ListItem\",\"position\":2,\"name\":\"O PSOE augura unha maior\u00eda progresista con alcalde socialista o 28 de maio\"}]},{\"@type\":\"WebSite\",\"@id\":\"https:\\\/\\\/www.anovapeneira.gal\\\/#website\",\"url\":\"https:\\\/\\\/www.anovapeneira.gal\\\/\",\"name\":\"\",\"description\":\"Xornal galego de informaci\u00f3n xeral Publicaci\u00f3n mensual de novas de Galicia e en especial dos Concellos da sur da provincia de Pontevedra.\",\"publisher\":{\"@id\":\"https:\\\/\\\/www.anovapeneira.gal\\\/#organization\"},\"potentialAction\":[{\"@type\":\"SearchAction\",\"target\":{\"@type\":\"EntryPoint\",\"urlTemplate\":\"https:\\\/\\\/www.anovapeneira.gal\\\/?s={search_term_string}\"},\"query-input\":{\"@type\":\"PropertyValueSpecification\",\"valueRequired\":true,\"valueName\":\"search_term_string\"}}],\"inLanguage\":\"gl-ES\"},{\"@type\":\"Organization\",\"@id\":\"https:\\\/\\\/www.anovapeneira.gal\\\/#organization\",\"name\":\"A Nova Peneira\",\"url\":\"https:\\\/\\\/www.anovapeneira.gal\\\/\",\"logo\":{\"@type\":\"ImageObject\",\"inLanguage\":\"gl-ES\",\"@id\":\"https:\\\/\\\/www.anovapeneira.gal\\\/#\\\/schema\\\/logo\\\/image\\\/\",\"url\":\"http:\\\/\\\/www.anovapeneira.gal\\\/wp-content\\\/uploads\\\/2019\\\/06\\\/logo_a_nova_peneira_portal_web.png\",\"contentUrl\":\"http:\\\/\\\/www.anovapeneira.gal\\\/wp-content\\\/uploads\\\/2019\\\/06\\\/logo_a_nova_peneira_portal_web.png\",\"width\":300,\"height\":100,\"caption\":\"A Nova Peneira\"},\"image\":{\"@id\":\"https:\\\/\\\/www.anovapeneira.gal\\\/#\\\/schema\\\/logo\\\/image\\\/\"},\"sameAs\":[\"https:\\\/\\\/www.facebook.com\\\/anovapeneira\",\"https:\\\/\\\/x.com\\\/APeneira\"]},{\"@type\":\"Person\",\"@id\":\"https:\\\/\\\/www.anovapeneira.gal\\\/#\\\/schema\\\/person\\\/b93e3f8932e3f8da96334607eb6ac6aa\",\"name\":\"Redacci\u00f3n A Nova Peneira\",\"image\":{\"@type\":\"ImageObject\",\"inLanguage\":\"gl-ES\",\"@id\":\"https:\\\/\\\/secure.gravatar.com\\\/avatar\\\/c052a2551a06e23fac63626232eaa90abd78dbcf1700fc46a2b2c89fd27b735f?s=96&d=mm&r=g\",\"url\":\"https:\\\/\\\/secure.gravatar.com\\\/avatar\\\/c052a2551a06e23fac63626232eaa90abd78dbcf1700fc46a2b2c89fd27b735f?s=96&d=mm&r=g\",\"contentUrl\":\"https:\\\/\\\/secure.gravatar.com\\\/avatar\\\/c052a2551a06e23fac63626232eaa90abd78dbcf1700fc46a2b2c89fd27b735f?s=96&d=mm&r=g\",\"caption\":\"Redacci\u00f3n A Nova Peneira\"},\"sameAs\":[\"http:\\\/\\\/www.anovapeneira.gal\\\/\"],\"url\":\"https:\\\/\\\/www.anovapeneira.gal\\\/index.php\\\/author\\\/redactor\\\/\"}]}<\/script>\n<!-- \/ Yoast SEO plugin. -->","yoast_head_json":{"title":"O PSOE augura unha maior\u00eda progresista con alcalde socialista o 28 de maio -","description":"O candidato socialista David Alonso Bargiela, afirmou hoxe que O Porri\u00f1o merece un goberno e un alcalde que est\u00e9n \u00e1 altura do que O Porri\u00f1o merece, e que este \u00faltimo ano, o actual alcalde non s\u00f3 est\u00e1 a malgastar os fondos do Concello, sen\u00f3n que non acadou ninguna obra de referencia","robots":{"index":"index","follow":"follow","max-snippet":"max-snippet:-1","max-image-preview":"max-image-preview:large","max-video-preview":"max-video-preview:-1"},"canonical":"https:\/\/www.anovapeneira.gal\/index.php\/2023\/05\/26\/o-psoe-augura-unha-maioria-progresista-con-alcalde-socialista-o-28-de-maio\/","og_locale":"gl_ES","og_type":"article","og_title":"O PSOE augura unha maior\u00eda progresista con alcalde socialista o 28 de maio -","og_description":"O candidato socialista David Alonso Bargiela, afirmou hoxe que O Porri\u00f1o merece un goberno e un alcalde que est\u00e9n \u00e1 altura do que O Porri\u00f1o merece, e que este \u00faltimo ano, o actual alcalde non s\u00f3 est\u00e1 a malgastar os fondos do Concello, sen\u00f3n que non acadou ninguna obra de referencia","og_url":"https:\/\/www.anovapeneira.gal\/index.php\/2023\/05\/26\/o-psoe-augura-unha-maioria-progresista-con-alcalde-socialista-o-28-de-maio\/","article_publisher":"https:\/\/www.facebook.com\/anovapeneira","article_published_time":"2023-05-26T07:00:04+00:00","article_modified_time":"2023-05-29T05:19:11+00:00","og_image":[{"width":720,"height":432,"url":"https:\/\/www.anovapeneira.gal\/wp-content\/uploads\/2023\/05\/david_alonso_barguiela.jpg","type":"image\/jpeg"}],"author":"Redacci\u00f3n A Nova Peneira","twitter_card":"summary_large_image","twitter_creator":"@APeneira","twitter_site":"@APeneira","twitter_misc":{"Escrito por":"Redacci\u00f3n A Nova Peneira","Tempo de lectura":"4 minutos"},"schema":{"@context":"https:\/\/schema.org","@graph":[{"@type":"Article","@id":"https:\/\/www.anovapeneira.gal\/index.php\/2023\/05\/26\/o-psoe-augura-unha-maioria-progresista-con-alcalde-socialista-o-28-de-maio\/#article","isPartOf":{"@id":"https:\/\/www.anovapeneira.gal\/index.php\/2023\/05\/26\/o-psoe-augura-unha-maioria-progresista-con-alcalde-socialista-o-28-de-maio\/"},"author":{"name":"Redacci\u00f3n A Nova Peneira","@id":"https:\/\/www.anovapeneira.gal\/#\/schema\/person\/b93e3f8932e3f8da96334607eb6ac6aa"},"headline":"O PSOE augura unha maior\u00eda progresista con alcalde socialista o 28 de maio","datePublished":"2023-05-26T07:00:04+00:00","dateModified":"2023-05-29T05:19:11+00:00","mainEntityOfPage":{"@id":"https:\/\/www.anovapeneira.gal\/index.php\/2023\/05\/26\/o-psoe-augura-unha-maioria-progresista-con-alcalde-socialista-o-28-de-maio\/"},"wordCount":618,"commentCount":0,"publisher":{"@id":"https:\/\/www.anovapeneira.gal\/#organization"},"image":{"@id":"https:\/\/www.anovapeneira.gal\/index.php\/2023\/05\/26\/o-psoe-augura-unha-maioria-progresista-con-alcalde-socialista-o-28-de-maio\/#primaryimage"},"thumbnailUrl":"https:\/\/www.anovapeneira.gal\/wp-content\/uploads\/2023\/05\/david_alonso_barguiela.jpg","keywords":["Concello do Porri\u00f1o"],"articleSection":["A Louri\u00f1a"],"inLanguage":"gl-ES","potentialAction":[{"@type":"CommentAction","name":"Comment","target":["https:\/\/www.anovapeneira.gal\/index.php\/2023\/05\/26\/o-psoe-augura-unha-maioria-progresista-con-alcalde-socialista-o-28-de-maio\/#respond"]}]},{"@type":"WebPage","@id":"https:\/\/www.anovapeneira.gal\/index.php\/2023\/05\/26\/o-psoe-augura-unha-maioria-progresista-con-alcalde-socialista-o-28-de-maio\/","url":"https:\/\/www.anovapeneira.gal\/index.php\/2023\/05\/26\/o-psoe-augura-unha-maioria-progresista-con-alcalde-socialista-o-28-de-maio\/","name":"O PSOE augura unha maior\u00eda progresista con alcalde socialista o 28 de maio -","isPartOf":{"@id":"https:\/\/www.anovapeneira.gal\/#website"},"primaryImageOfPage":{"@id":"https:\/\/www.anovapeneira.gal\/index.php\/2023\/05\/26\/o-psoe-augura-unha-maioria-progresista-con-alcalde-socialista-o-28-de-maio\/#primaryimage"},"image":{"@id":"https:\/\/www.anovapeneira.gal\/index.php\/2023\/05\/26\/o-psoe-augura-unha-maioria-progresista-con-alcalde-socialista-o-28-de-maio\/#primaryimage"},"thumbnailUrl":"https:\/\/www.anovapeneira.gal\/wp-content\/uploads\/2023\/05\/david_alonso_barguiela.jpg","datePublished":"2023-05-26T07:00:04+00:00","dateModified":"2023-05-29T05:19:11+00:00","description":"O candidato socialista David Alonso Bargiela, afirmou hoxe que O Porri\u00f1o merece un goberno e un alcalde que est\u00e9n \u00e1 altura do que O Porri\u00f1o merece, e que este \u00faltimo ano, o actual alcalde non s\u00f3 est\u00e1 a malgastar os fondos do Concello, sen\u00f3n que non acadou ninguna obra de referencia","breadcrumb":{"@id":"https:\/\/www.anovapeneira.gal\/index.php\/2023\/05\/26\/o-psoe-augura-unha-maioria-progresista-con-alcalde-socialista-o-28-de-maio\/#breadcrumb"},"inLanguage":"gl-ES","potentialAction":[{"@type":"ReadAction","target":["https:\/\/www.anovapeneira.gal\/index.php\/2023\/05\/26\/o-psoe-augura-unha-maioria-progresista-con-alcalde-socialista-o-28-de-maio\/"]}]},{"@type":"ImageObject","inLanguage":"gl-ES","@id":"https:\/\/www.anovapeneira.gal\/index.php\/2023\/05\/26\/o-psoe-augura-unha-maioria-progresista-con-alcalde-socialista-o-28-de-maio\/#primaryimage","url":"https:\/\/www.anovapeneira.gal\/wp-content\/uploads\/2023\/05\/david_alonso_barguiela.jpg","contentUrl":"https:\/\/www.anovapeneira.gal\/wp-content\/uploads\/2023\/05\/david_alonso_barguiela.jpg","width":720,"height":432,"caption":"David Alonso Barguiela Psoe Porri\u00f1o"},{"@type":"BreadcrumbList","@id":"https:\/\/www.anovapeneira.gal\/index.php\/2023\/05\/26\/o-psoe-augura-unha-maioria-progresista-con-alcalde-socialista-o-28-de-maio\/#breadcrumb","itemListElement":[{"@type":"ListItem","position":1,"name":"Portada","item":"https:\/\/www.anovapeneira.gal\/"},{"@type":"ListItem","position":2,"name":"O PSOE augura unha maior\u00eda progresista con alcalde socialista o 28 de maio"}]},{"@type":"WebSite","@id":"https:\/\/www.anovapeneira.gal\/#website","url":"https:\/\/www.anovapeneira.gal\/","name":"","description":"Xornal galego de informaci\u00f3n xeral Publicaci\u00f3n mensual de novas de Galicia e en especial dos Concellos da sur da provincia de Pontevedra.","publisher":{"@id":"https:\/\/www.anovapeneira.gal\/#organization"},"potentialAction":[{"@type":"SearchAction","target":{"@type":"EntryPoint","urlTemplate":"https:\/\/www.anovapeneira.gal\/?s={search_term_string}"},"query-input":{"@type":"PropertyValueSpecification","valueRequired":true,"valueName":"search_term_string"}}],"inLanguage":"gl-ES"},{"@type":"Organization","@id":"https:\/\/www.anovapeneira.gal\/#organization","name":"A Nova Peneira","url":"https:\/\/www.anovapeneira.gal\/","logo":{"@type":"ImageObject","inLanguage":"gl-ES","@id":"https:\/\/www.anovapeneira.gal\/#\/schema\/logo\/image\/","url":"http:\/\/www.anovapeneira.gal\/wp-content\/uploads\/2019\/06\/logo_a_nova_peneira_portal_web.png","contentUrl":"http:\/\/www.anovapeneira.gal\/wp-content\/uploads\/2019\/06\/logo_a_nova_peneira_portal_web.png","width":300,"height":100,"caption":"A Nova Peneira"},"image":{"@id":"https:\/\/www.anovapeneira.gal\/#\/schema\/logo\/image\/"},"sameAs":["https:\/\/www.facebook.com\/anovapeneira","https:\/\/x.com\/APeneira"]},{"@type":"Person","@id":"https:\/\/www.anovapeneira.gal\/#\/schema\/person\/b93e3f8932e3f8da96334607eb6ac6aa","name":"Redacci\u00f3n A Nova Peneira","image":{"@type":"ImageObject","inLanguage":"gl-ES","@id":"https:\/\/secure.gravatar.com\/avatar\/c052a2551a06e23fac63626232eaa90abd78dbcf1700fc46a2b2c89fd27b735f?s=96&d=mm&r=g","url":"https:\/\/secure.gravatar.com\/avatar\/c052a2551a06e23fac63626232eaa90abd78dbcf1700fc46a2b2c89fd27b735f?s=96&d=mm&r=g","contentUrl":"https:\/\/secure.gravatar.com\/avatar\/c052a2551a06e23fac63626232eaa90abd78dbcf1700fc46a2b2c89fd27b735f?s=96&d=mm&r=g","caption":"Redacci\u00f3n A Nova Peneira"},"sameAs":["http:\/\/www.anovapeneira.gal\/"],"url":"https:\/\/www.anovapeneira.gal\/index.php\/author\/redactor\/"}]}},"jetpack_featured_media_url":"https:\/\/www.anovapeneira.gal\/wp-content\/uploads\/2023\/05\/david_alonso_barguiela.jpg","_links":{"self":[{"href":"https:\/\/www.anovapeneira.gal\/index.php\/wp-json\/wp\/v2\/posts\/9799","targetHints":{"allow":["GET"]}}],"collection":[{"href":"https:\/\/www.anovapeneira.gal\/index.php\/wp-json\/wp\/v2\/posts"}],"about":[{"href":"https:\/\/www.anovapeneira.gal\/index.php\/wp-json\/wp\/v2\/types\/post"}],"author":[{"embeddable":true,"href":"https:\/\/www.anovapeneira.gal\/index.php\/wp-json\/wp\/v2\/users\/3"}],"replies":[{"embeddable":true,"href":"https:\/\/www.anovapeneira.gal\/index.php\/wp-json\/wp\/v2\/comments?post=9799"}],"version-history":[{"count":1,"href":"https:\/\/www.anovapeneira.gal\/index.php\/wp-json\/wp\/v2\/posts\/9799\/revisions"}],"predecessor-version":[{"id":9800,"href":"https:\/\/www.anovapeneira.gal\/index.php\/wp-json\/wp\/v2\/posts\/9799\/revisions\/9800"}],"wp:featuredmedia":[{"embeddable":true,"href":"https:\/\/www.anovapeneira.gal\/index.php\/wp-json\/wp\/v2\/media\/9801"}],"wp:attachment":[{"href":"https:\/\/www.anovapeneira.gal\/index.php\/wp-json\/wp\/v2\/media?parent=9799"}],"wp:term":[{"taxonomy":"category","embeddable":true,"href":"https:\/\/www.anovapeneira.gal\/index.php\/wp-json\/wp\/v2\/categories?post=9799"},{"taxonomy":"post_tag","embeddable":true,"href":"https:\/\/www.anovapeneira.gal\/index.php\/wp-json\/wp\/v2\/tags?post=9799"}],"curies":[{"name":"wp","href":"https:\/\/api.w.org\/{rel}","templated":true}]}}