{"id":9806,"date":"2023-05-30T12:00:00","date_gmt":"2023-05-30T10:00:00","guid":{"rendered":"https:\/\/www.anovapeneira.gal\/?p=9806"},"modified":"2023-05-30T08:40:28","modified_gmt":"2023-05-30T06:40:28","slug":"o-grupo-de-voluntariado-de-limpeza-da-natureza-prepara-unha-nova-saida-en-fornelos","status":"publish","type":"post","link":"https:\/\/www.anovapeneira.gal\/index.php\/2023\/05\/30\/o-grupo-de-voluntariado-de-limpeza-da-natureza-prepara-unha-nova-saida-en-fornelos\/","title":{"rendered":"O grupo de voluntariado de limpeza da natureza prepara unha nova sa\u00edda en Fornelos"},"content":{"rendered":"\n<h2 class=\"wp-block-heading\"><strong>Ser\u00e1 o domingo 4 de xu\u00f1o \u00e1s 10.00 h e centrarase na Ponte da Parraporrosa e na Ponte da Pedra<\/strong><\/h2>\n\n\n\n<p> <strong>O Rosal, 29 de maio de 2023.<\/strong><\/p>\n\n\n\n<p>O grupo municipal de voluntariado de limpeza da natureza do Rosal prep\u00e1rase para unha nova sa\u00edda coa que fomentar a concienciaci\u00f3n e a participaci\u00f3n activa da veci\u00f1anza no coidado da contorna e na conservaci\u00f3n dos espazos naturais.<\/p>\n\n\n\n<p>A actividade desenvolverase o vindeiro domingo 4 de xu\u00f1o a partir das 10.00 horas. Nesta ocasi\u00f3n o grupo desprazarase ata Fornelos para a limpeza da Ponte da Parraporrosa e na Ponte da Pedra. As persoas participantes ir\u00e1n recollendo o diferente lixo que se vaia atopando na contorna, polo que se recomenda \u00e1s e aos participantes que leven luvas, a\u00ednda que a organizaci\u00f3n levar\u00e1 bolsas e tam\u00e9n luvas por se algu\u00e9n as precisa.<\/p>\n\n\n\n<figure class=\"wp-block-image size-large\"><img loading=\"lazy\" decoding=\"async\" width=\"724\" height=\"1024\" src=\"https:\/\/www.anovapeneira.gal\/wp-content\/uploads\/2023\/05\/O-grupo-de-voluntariado-de-limpeza-da-natureza-prepara-unha-nova-saida-en-Fornelos--724x1024.jpg\" alt=\"\" class=\"wp-image-9809\" srcset=\"https:\/\/www.anovapeneira.gal\/wp-content\/uploads\/2023\/05\/O-grupo-de-voluntariado-de-limpeza-da-natureza-prepara-unha-nova-saida-en-Fornelos--724x1024.jpg 724w, https:\/\/www.anovapeneira.gal\/wp-content\/uploads\/2023\/05\/O-grupo-de-voluntariado-de-limpeza-da-natureza-prepara-unha-nova-saida-en-Fornelos--212x300.jpg 212w, https:\/\/www.anovapeneira.gal\/wp-content\/uploads\/2023\/05\/O-grupo-de-voluntariado-de-limpeza-da-natureza-prepara-unha-nova-saida-en-Fornelos--768x1086.jpg 768w, https:\/\/www.anovapeneira.gal\/wp-content\/uploads\/2023\/05\/O-grupo-de-voluntariado-de-limpeza-da-natureza-prepara-unha-nova-saida-en-Fornelos--1086x1536.jpg 1086w, https:\/\/www.anovapeneira.gal\/wp-content\/uploads\/2023\/05\/O-grupo-de-voluntariado-de-limpeza-da-natureza-prepara-unha-nova-saida-en-Fornelos-.jpg 1131w\" sizes=\"auto, (max-width: 724px) 100vw, 724px\" \/><\/figure>\n\n\n\n<p>As persoas interesadas en participar deber\u00e1n inscribirse ata o 31 de maio chamando ao Concello ao tel\u00e9fono 986 625 000 ou enviando un correo electr\u00f3nico a <a href=\"mailto:conserxe@orosal.gal\">conserxe@orosal.gal<\/a> especificando nome, apelidos e DNI tanto da persoa participante como daquelas inscritas baixo a s\u00faa responsabilidade.<\/p>\n","protected":false},"excerpt":{"rendered":"<div class=\"mh-excerpt\"><p>Ser\u00e1 o domingo 4 de xu\u00f1o \u00e1s 10.00 h e centrarase na Ponte da Parraporrosa e na Ponte da Pedra <a class=\"mh-excerpt-more\" href=\"https:\/\/www.anovapeneira.gal\/index.php\/2023\/05\/30\/o-grupo-de-voluntariado-de-limpeza-da-natureza-prepara-unha-nova-saida-en-fornelos\/\" title=\"O grupo de voluntariado de limpeza da natureza prepara unha nova sa\u00edda en Fornelos\">[&#8230;]<\/a><\/p>\n<\/div>","protected":false},"author":3,"featured_media":9807,"comment_status":"open","ping_status":"open","sticky":false,"template":"","format":"standard","meta":{"_exactmetrics_skip_tracking":false,"_exactmetrics_sitenote_active":false,"_exactmetrics_sitenote_note":"","_exactmetrics_sitenote_category":0,"footnotes":""},"categories":[21],"tags":[131],"class_list":{"0":"post-9806","1":"post","2":"type-post","3":"status-publish","4":"format-standard","5":"has-post-thumbnail","7":"category-baixo-mino","8":"tag-concello-do-rosal"},"yoast_head":"<!-- This site is optimized with the Yoast SEO plugin v27.4 - https:\/\/yoast.com\/product\/yoast-seo-wordpress\/ -->\n<title>O grupo de voluntariado de limpeza da natureza prepara unha nova sa\u00edda en Fornelos -<\/title>\n<meta name=\"description\" content=\"Ser\u00e1 o domingo 4 de xu\u00f1o \u00e1s 10.00 h e centrarase na Ponte da Parraporrosa e na Ponte da Pedra\" \/>\n<meta name=\"robots\" content=\"index, follow, max-snippet:-1, max-image-preview:large, max-video-preview:-1\" \/>\n<link rel=\"canonical\" href=\"https:\/\/www.anovapeneira.gal\/index.php\/2023\/05\/30\/o-grupo-de-voluntariado-de-limpeza-da-natureza-prepara-unha-nova-saida-en-fornelos\/\" \/>\n<meta property=\"og:locale\" content=\"gl_ES\" \/>\n<meta property=\"og:type\" content=\"article\" \/>\n<meta property=\"og:title\" content=\"O grupo de voluntariado de limpeza da natureza prepara unha nova sa\u00edda en Fornelos -\" \/>\n<meta property=\"og:description\" content=\"Ser\u00e1 o domingo 4 de xu\u00f1o \u00e1s 10.00 h e centrarase na Ponte da Parraporrosa e na Ponte da Pedra\" \/>\n<meta property=\"og:url\" content=\"https:\/\/www.anovapeneira.gal\/index.php\/2023\/05\/30\/o-grupo-de-voluntariado-de-limpeza-da-natureza-prepara-unha-nova-saida-en-fornelos\/\" \/>\n<meta property=\"article:publisher\" content=\"https:\/\/www.facebook.com\/anovapeneira\" \/>\n<meta property=\"article:published_time\" content=\"2023-05-30T10:00:00+00:00\" \/>\n<meta property=\"og:image\" content=\"https:\/\/www.anovapeneira.gal\/wp-content\/uploads\/2023\/05\/o_rosal.jpg\" \/>\n\t<meta property=\"og:image:width\" content=\"720\" \/>\n\t<meta property=\"og:image:height\" content=\"432\" \/>\n\t<meta property=\"og:image:type\" content=\"image\/jpeg\" \/>\n<meta name=\"author\" content=\"Redacci\u00f3n A Nova Peneira\" \/>\n<meta name=\"twitter:card\" content=\"summary_large_image\" \/>\n<meta name=\"twitter:creator\" content=\"@APeneira\" \/>\n<meta name=\"twitter:site\" content=\"@APeneira\" \/>\n<meta name=\"twitter:label1\" content=\"Escrito por\" \/>\n\t<meta name=\"twitter:data1\" content=\"Redacci\u00f3n A Nova Peneira\" \/>\n\t<meta name=\"twitter:label2\" content=\"Tempo de lectura\" \/>\n\t<meta name=\"twitter:data2\" content=\"2 minutos\" \/>\n<script type=\"application\/ld+json\" class=\"yoast-schema-graph\">{\"@context\":\"https:\\\/\\\/schema.org\",\"@graph\":[{\"@type\":\"Article\",\"@id\":\"https:\\\/\\\/www.anovapeneira.gal\\\/index.php\\\/2023\\\/05\\\/30\\\/o-grupo-de-voluntariado-de-limpeza-da-natureza-prepara-unha-nova-saida-en-fornelos\\\/#article\",\"isPartOf\":{\"@id\":\"https:\\\/\\\/www.anovapeneira.gal\\\/index.php\\\/2023\\\/05\\\/30\\\/o-grupo-de-voluntariado-de-limpeza-da-natureza-prepara-unha-nova-saida-en-fornelos\\\/\"},\"author\":{\"name\":\"Redacci\u00f3n A Nova Peneira\",\"@id\":\"https:\\\/\\\/www.anovapeneira.gal\\\/#\\\/schema\\\/person\\\/b93e3f8932e3f8da96334607eb6ac6aa\"},\"headline\":\"O grupo de voluntariado de limpeza da natureza prepara unha nova sa\u00edda en Fornelos\",\"datePublished\":\"2023-05-30T10:00:00+00:00\",\"mainEntityOfPage\":{\"@id\":\"https:\\\/\\\/www.anovapeneira.gal\\\/index.php\\\/2023\\\/05\\\/30\\\/o-grupo-de-voluntariado-de-limpeza-da-natureza-prepara-unha-nova-saida-en-fornelos\\\/\"},\"wordCount\":204,\"commentCount\":0,\"publisher\":{\"@id\":\"https:\\\/\\\/www.anovapeneira.gal\\\/#organization\"},\"image\":{\"@id\":\"https:\\\/\\\/www.anovapeneira.gal\\\/index.php\\\/2023\\\/05\\\/30\\\/o-grupo-de-voluntariado-de-limpeza-da-natureza-prepara-unha-nova-saida-en-fornelos\\\/#primaryimage\"},\"thumbnailUrl\":\"https:\\\/\\\/www.anovapeneira.gal\\\/wp-content\\\/uploads\\\/2023\\\/05\\\/o_rosal.jpg\",\"keywords\":[\"Concello do Rosal\"],\"articleSection\":[\"Baixo Mi\u00f1o\"],\"inLanguage\":\"gl-ES\",\"potentialAction\":[{\"@type\":\"CommentAction\",\"name\":\"Comment\",\"target\":[\"https:\\\/\\\/www.anovapeneira.gal\\\/index.php\\\/2023\\\/05\\\/30\\\/o-grupo-de-voluntariado-de-limpeza-da-natureza-prepara-unha-nova-saida-en-fornelos\\\/#respond\"]}]},{\"@type\":\"WebPage\",\"@id\":\"https:\\\/\\\/www.anovapeneira.gal\\\/index.php\\\/2023\\\/05\\\/30\\\/o-grupo-de-voluntariado-de-limpeza-da-natureza-prepara-unha-nova-saida-en-fornelos\\\/\",\"url\":\"https:\\\/\\\/www.anovapeneira.gal\\\/index.php\\\/2023\\\/05\\\/30\\\/o-grupo-de-voluntariado-de-limpeza-da-natureza-prepara-unha-nova-saida-en-fornelos\\\/\",\"name\":\"O grupo de voluntariado de limpeza da natureza prepara unha nova sa\u00edda en Fornelos -\",\"isPartOf\":{\"@id\":\"https:\\\/\\\/www.anovapeneira.gal\\\/#website\"},\"primaryImageOfPage\":{\"@id\":\"https:\\\/\\\/www.anovapeneira.gal\\\/index.php\\\/2023\\\/05\\\/30\\\/o-grupo-de-voluntariado-de-limpeza-da-natureza-prepara-unha-nova-saida-en-fornelos\\\/#primaryimage\"},\"image\":{\"@id\":\"https:\\\/\\\/www.anovapeneira.gal\\\/index.php\\\/2023\\\/05\\\/30\\\/o-grupo-de-voluntariado-de-limpeza-da-natureza-prepara-unha-nova-saida-en-fornelos\\\/#primaryimage\"},\"thumbnailUrl\":\"https:\\\/\\\/www.anovapeneira.gal\\\/wp-content\\\/uploads\\\/2023\\\/05\\\/o_rosal.jpg\",\"datePublished\":\"2023-05-30T10:00:00+00:00\",\"description\":\"Ser\u00e1 o domingo 4 de xu\u00f1o \u00e1s 10.00 h e centrarase na Ponte da Parraporrosa e na Ponte da Pedra\",\"breadcrumb\":{\"@id\":\"https:\\\/\\\/www.anovapeneira.gal\\\/index.php\\\/2023\\\/05\\\/30\\\/o-grupo-de-voluntariado-de-limpeza-da-natureza-prepara-unha-nova-saida-en-fornelos\\\/#breadcrumb\"},\"inLanguage\":\"gl-ES\",\"potentialAction\":[{\"@type\":\"ReadAction\",\"target\":[\"https:\\\/\\\/www.anovapeneira.gal\\\/index.php\\\/2023\\\/05\\\/30\\\/o-grupo-de-voluntariado-de-limpeza-da-natureza-prepara-unha-nova-saida-en-fornelos\\\/\"]}]},{\"@type\":\"ImageObject\",\"inLanguage\":\"gl-ES\",\"@id\":\"https:\\\/\\\/www.anovapeneira.gal\\\/index.php\\\/2023\\\/05\\\/30\\\/o-grupo-de-voluntariado-de-limpeza-da-natureza-prepara-unha-nova-saida-en-fornelos\\\/#primaryimage\",\"url\":\"https:\\\/\\\/www.anovapeneira.gal\\\/wp-content\\\/uploads\\\/2023\\\/05\\\/o_rosal.jpg\",\"contentUrl\":\"https:\\\/\\\/www.anovapeneira.gal\\\/wp-content\\\/uploads\\\/2023\\\/05\\\/o_rosal.jpg\",\"width\":720,\"height\":432,\"caption\":\"O grupo de voluntariado de limpeza da natureza prepara unha nova sa\u00edda en Fornelos\"},{\"@type\":\"BreadcrumbList\",\"@id\":\"https:\\\/\\\/www.anovapeneira.gal\\\/index.php\\\/2023\\\/05\\\/30\\\/o-grupo-de-voluntariado-de-limpeza-da-natureza-prepara-unha-nova-saida-en-fornelos\\\/#breadcrumb\",\"itemListElement\":[{\"@type\":\"ListItem\",\"position\":1,\"name\":\"Portada\",\"item\":\"https:\\\/\\\/www.anovapeneira.gal\\\/\"},{\"@type\":\"ListItem\",\"position\":2,\"name\":\"O grupo de voluntariado de limpeza da natureza prepara unha nova sa\u00edda en Fornelos\"}]},{\"@type\":\"WebSite\",\"@id\":\"https:\\\/\\\/www.anovapeneira.gal\\\/#website\",\"url\":\"https:\\\/\\\/www.anovapeneira.gal\\\/\",\"name\":\"\",\"description\":\"Xornal galego de informaci\u00f3n xeral Publicaci\u00f3n mensual de novas de Galicia e en especial dos Concellos da sur da provincia de Pontevedra.\",\"publisher\":{\"@id\":\"https:\\\/\\\/www.anovapeneira.gal\\\/#organization\"},\"potentialAction\":[{\"@type\":\"SearchAction\",\"target\":{\"@type\":\"EntryPoint\",\"urlTemplate\":\"https:\\\/\\\/www.anovapeneira.gal\\\/?s={search_term_string}\"},\"query-input\":{\"@type\":\"PropertyValueSpecification\",\"valueRequired\":true,\"valueName\":\"search_term_string\"}}],\"inLanguage\":\"gl-ES\"},{\"@type\":\"Organization\",\"@id\":\"https:\\\/\\\/www.anovapeneira.gal\\\/#organization\",\"name\":\"A Nova Peneira\",\"url\":\"https:\\\/\\\/www.anovapeneira.gal\\\/\",\"logo\":{\"@type\":\"ImageObject\",\"inLanguage\":\"gl-ES\",\"@id\":\"https:\\\/\\\/www.anovapeneira.gal\\\/#\\\/schema\\\/logo\\\/image\\\/\",\"url\":\"http:\\\/\\\/www.anovapeneira.gal\\\/wp-content\\\/uploads\\\/2019\\\/06\\\/logo_a_nova_peneira_portal_web.png\",\"contentUrl\":\"http:\\\/\\\/www.anovapeneira.gal\\\/wp-content\\\/uploads\\\/2019\\\/06\\\/logo_a_nova_peneira_portal_web.png\",\"width\":300,\"height\":100,\"caption\":\"A Nova Peneira\"},\"image\":{\"@id\":\"https:\\\/\\\/www.anovapeneira.gal\\\/#\\\/schema\\\/logo\\\/image\\\/\"},\"sameAs\":[\"https:\\\/\\\/www.facebook.com\\\/anovapeneira\",\"https:\\\/\\\/x.com\\\/APeneira\"]},{\"@type\":\"Person\",\"@id\":\"https:\\\/\\\/www.anovapeneira.gal\\\/#\\\/schema\\\/person\\\/b93e3f8932e3f8da96334607eb6ac6aa\",\"name\":\"Redacci\u00f3n A Nova Peneira\",\"image\":{\"@type\":\"ImageObject\",\"inLanguage\":\"gl-ES\",\"@id\":\"https:\\\/\\\/secure.gravatar.com\\\/avatar\\\/c052a2551a06e23fac63626232eaa90abd78dbcf1700fc46a2b2c89fd27b735f?s=96&d=mm&r=g\",\"url\":\"https:\\\/\\\/secure.gravatar.com\\\/avatar\\\/c052a2551a06e23fac63626232eaa90abd78dbcf1700fc46a2b2c89fd27b735f?s=96&d=mm&r=g\",\"contentUrl\":\"https:\\\/\\\/secure.gravatar.com\\\/avatar\\\/c052a2551a06e23fac63626232eaa90abd78dbcf1700fc46a2b2c89fd27b735f?s=96&d=mm&r=g\",\"caption\":\"Redacci\u00f3n A Nova Peneira\"},\"sameAs\":[\"http:\\\/\\\/www.anovapeneira.gal\\\/\"],\"url\":\"https:\\\/\\\/www.anovapeneira.gal\\\/index.php\\\/author\\\/redactor\\\/\"}]}<\/script>\n<!-- \/ Yoast SEO plugin. -->","yoast_head_json":{"title":"O grupo de voluntariado de limpeza da natureza prepara unha nova sa\u00edda en Fornelos -","description":"Ser\u00e1 o domingo 4 de xu\u00f1o \u00e1s 10.00 h e centrarase na Ponte da Parraporrosa e na Ponte da Pedra","robots":{"index":"index","follow":"follow","max-snippet":"max-snippet:-1","max-image-preview":"max-image-preview:large","max-video-preview":"max-video-preview:-1"},"canonical":"https:\/\/www.anovapeneira.gal\/index.php\/2023\/05\/30\/o-grupo-de-voluntariado-de-limpeza-da-natureza-prepara-unha-nova-saida-en-fornelos\/","og_locale":"gl_ES","og_type":"article","og_title":"O grupo de voluntariado de limpeza da natureza prepara unha nova sa\u00edda en Fornelos -","og_description":"Ser\u00e1 o domingo 4 de xu\u00f1o \u00e1s 10.00 h e centrarase na Ponte da Parraporrosa e na Ponte da Pedra","og_url":"https:\/\/www.anovapeneira.gal\/index.php\/2023\/05\/30\/o-grupo-de-voluntariado-de-limpeza-da-natureza-prepara-unha-nova-saida-en-fornelos\/","article_publisher":"https:\/\/www.facebook.com\/anovapeneira","article_published_time":"2023-05-30T10:00:00+00:00","og_image":[{"width":720,"height":432,"url":"https:\/\/www.anovapeneira.gal\/wp-content\/uploads\/2023\/05\/o_rosal.jpg","type":"image\/jpeg"}],"author":"Redacci\u00f3n A Nova Peneira","twitter_card":"summary_large_image","twitter_creator":"@APeneira","twitter_site":"@APeneira","twitter_misc":{"Escrito por":"Redacci\u00f3n A Nova Peneira","Tempo de lectura":"2 minutos"},"schema":{"@context":"https:\/\/schema.org","@graph":[{"@type":"Article","@id":"https:\/\/www.anovapeneira.gal\/index.php\/2023\/05\/30\/o-grupo-de-voluntariado-de-limpeza-da-natureza-prepara-unha-nova-saida-en-fornelos\/#article","isPartOf":{"@id":"https:\/\/www.anovapeneira.gal\/index.php\/2023\/05\/30\/o-grupo-de-voluntariado-de-limpeza-da-natureza-prepara-unha-nova-saida-en-fornelos\/"},"author":{"name":"Redacci\u00f3n A Nova Peneira","@id":"https:\/\/www.anovapeneira.gal\/#\/schema\/person\/b93e3f8932e3f8da96334607eb6ac6aa"},"headline":"O grupo de voluntariado de limpeza da natureza prepara unha nova sa\u00edda en Fornelos","datePublished":"2023-05-30T10:00:00+00:00","mainEntityOfPage":{"@id":"https:\/\/www.anovapeneira.gal\/index.php\/2023\/05\/30\/o-grupo-de-voluntariado-de-limpeza-da-natureza-prepara-unha-nova-saida-en-fornelos\/"},"wordCount":204,"commentCount":0,"publisher":{"@id":"https:\/\/www.anovapeneira.gal\/#organization"},"image":{"@id":"https:\/\/www.anovapeneira.gal\/index.php\/2023\/05\/30\/o-grupo-de-voluntariado-de-limpeza-da-natureza-prepara-unha-nova-saida-en-fornelos\/#primaryimage"},"thumbnailUrl":"https:\/\/www.anovapeneira.gal\/wp-content\/uploads\/2023\/05\/o_rosal.jpg","keywords":["Concello do Rosal"],"articleSection":["Baixo Mi\u00f1o"],"inLanguage":"gl-ES","potentialAction":[{"@type":"CommentAction","name":"Comment","target":["https:\/\/www.anovapeneira.gal\/index.php\/2023\/05\/30\/o-grupo-de-voluntariado-de-limpeza-da-natureza-prepara-unha-nova-saida-en-fornelos\/#respond"]}]},{"@type":"WebPage","@id":"https:\/\/www.anovapeneira.gal\/index.php\/2023\/05\/30\/o-grupo-de-voluntariado-de-limpeza-da-natureza-prepara-unha-nova-saida-en-fornelos\/","url":"https:\/\/www.anovapeneira.gal\/index.php\/2023\/05\/30\/o-grupo-de-voluntariado-de-limpeza-da-natureza-prepara-unha-nova-saida-en-fornelos\/","name":"O grupo de voluntariado de limpeza da natureza prepara unha nova sa\u00edda en Fornelos -","isPartOf":{"@id":"https:\/\/www.anovapeneira.gal\/#website"},"primaryImageOfPage":{"@id":"https:\/\/www.anovapeneira.gal\/index.php\/2023\/05\/30\/o-grupo-de-voluntariado-de-limpeza-da-natureza-prepara-unha-nova-saida-en-fornelos\/#primaryimage"},"image":{"@id":"https:\/\/www.anovapeneira.gal\/index.php\/2023\/05\/30\/o-grupo-de-voluntariado-de-limpeza-da-natureza-prepara-unha-nova-saida-en-fornelos\/#primaryimage"},"thumbnailUrl":"https:\/\/www.anovapeneira.gal\/wp-content\/uploads\/2023\/05\/o_rosal.jpg","datePublished":"2023-05-30T10:00:00+00:00","description":"Ser\u00e1 o domingo 4 de xu\u00f1o \u00e1s 10.00 h e centrarase na Ponte da Parraporrosa e na Ponte da Pedra","breadcrumb":{"@id":"https:\/\/www.anovapeneira.gal\/index.php\/2023\/05\/30\/o-grupo-de-voluntariado-de-limpeza-da-natureza-prepara-unha-nova-saida-en-fornelos\/#breadcrumb"},"inLanguage":"gl-ES","potentialAction":[{"@type":"ReadAction","target":["https:\/\/www.anovapeneira.gal\/index.php\/2023\/05\/30\/o-grupo-de-voluntariado-de-limpeza-da-natureza-prepara-unha-nova-saida-en-fornelos\/"]}]},{"@type":"ImageObject","inLanguage":"gl-ES","@id":"https:\/\/www.anovapeneira.gal\/index.php\/2023\/05\/30\/o-grupo-de-voluntariado-de-limpeza-da-natureza-prepara-unha-nova-saida-en-fornelos\/#primaryimage","url":"https:\/\/www.anovapeneira.gal\/wp-content\/uploads\/2023\/05\/o_rosal.jpg","contentUrl":"https:\/\/www.anovapeneira.gal\/wp-content\/uploads\/2023\/05\/o_rosal.jpg","width":720,"height":432,"caption":"O grupo de voluntariado de limpeza da natureza prepara unha nova sa\u00edda en Fornelos"},{"@type":"BreadcrumbList","@id":"https:\/\/www.anovapeneira.gal\/index.php\/2023\/05\/30\/o-grupo-de-voluntariado-de-limpeza-da-natureza-prepara-unha-nova-saida-en-fornelos\/#breadcrumb","itemListElement":[{"@type":"ListItem","position":1,"name":"Portada","item":"https:\/\/www.anovapeneira.gal\/"},{"@type":"ListItem","position":2,"name":"O grupo de voluntariado de limpeza da natureza prepara unha nova sa\u00edda en Fornelos"}]},{"@type":"WebSite","@id":"https:\/\/www.anovapeneira.gal\/#website","url":"https:\/\/www.anovapeneira.gal\/","name":"","description":"Xornal galego de informaci\u00f3n xeral Publicaci\u00f3n mensual de novas de Galicia e en especial dos Concellos da sur da provincia de Pontevedra.","publisher":{"@id":"https:\/\/www.anovapeneira.gal\/#organization"},"potentialAction":[{"@type":"SearchAction","target":{"@type":"EntryPoint","urlTemplate":"https:\/\/www.anovapeneira.gal\/?s={search_term_string}"},"query-input":{"@type":"PropertyValueSpecification","valueRequired":true,"valueName":"search_term_string"}}],"inLanguage":"gl-ES"},{"@type":"Organization","@id":"https:\/\/www.anovapeneira.gal\/#organization","name":"A Nova Peneira","url":"https:\/\/www.anovapeneira.gal\/","logo":{"@type":"ImageObject","inLanguage":"gl-ES","@id":"https:\/\/www.anovapeneira.gal\/#\/schema\/logo\/image\/","url":"http:\/\/www.anovapeneira.gal\/wp-content\/uploads\/2019\/06\/logo_a_nova_peneira_portal_web.png","contentUrl":"http:\/\/www.anovapeneira.gal\/wp-content\/uploads\/2019\/06\/logo_a_nova_peneira_portal_web.png","width":300,"height":100,"caption":"A Nova Peneira"},"image":{"@id":"https:\/\/www.anovapeneira.gal\/#\/schema\/logo\/image\/"},"sameAs":["https:\/\/www.facebook.com\/anovapeneira","https:\/\/x.com\/APeneira"]},{"@type":"Person","@id":"https:\/\/www.anovapeneira.gal\/#\/schema\/person\/b93e3f8932e3f8da96334607eb6ac6aa","name":"Redacci\u00f3n A Nova Peneira","image":{"@type":"ImageObject","inLanguage":"gl-ES","@id":"https:\/\/secure.gravatar.com\/avatar\/c052a2551a06e23fac63626232eaa90abd78dbcf1700fc46a2b2c89fd27b735f?s=96&d=mm&r=g","url":"https:\/\/secure.gravatar.com\/avatar\/c052a2551a06e23fac63626232eaa90abd78dbcf1700fc46a2b2c89fd27b735f?s=96&d=mm&r=g","contentUrl":"https:\/\/secure.gravatar.com\/avatar\/c052a2551a06e23fac63626232eaa90abd78dbcf1700fc46a2b2c89fd27b735f?s=96&d=mm&r=g","caption":"Redacci\u00f3n A Nova Peneira"},"sameAs":["http:\/\/www.anovapeneira.gal\/"],"url":"https:\/\/www.anovapeneira.gal\/index.php\/author\/redactor\/"}]}},"jetpack_featured_media_url":"https:\/\/www.anovapeneira.gal\/wp-content\/uploads\/2023\/05\/o_rosal.jpg","_links":{"self":[{"href":"https:\/\/www.anovapeneira.gal\/index.php\/wp-json\/wp\/v2\/posts\/9806","targetHints":{"allow":["GET"]}}],"collection":[{"href":"https:\/\/www.anovapeneira.gal\/index.php\/wp-json\/wp\/v2\/posts"}],"about":[{"href":"https:\/\/www.anovapeneira.gal\/index.php\/wp-json\/wp\/v2\/types\/post"}],"author":[{"embeddable":true,"href":"https:\/\/www.anovapeneira.gal\/index.php\/wp-json\/wp\/v2\/users\/3"}],"replies":[{"embeddable":true,"href":"https:\/\/www.anovapeneira.gal\/index.php\/wp-json\/wp\/v2\/comments?post=9806"}],"version-history":[{"count":2,"href":"https:\/\/www.anovapeneira.gal\/index.php\/wp-json\/wp\/v2\/posts\/9806\/revisions"}],"predecessor-version":[{"id":9810,"href":"https:\/\/www.anovapeneira.gal\/index.php\/wp-json\/wp\/v2\/posts\/9806\/revisions\/9810"}],"wp:featuredmedia":[{"embeddable":true,"href":"https:\/\/www.anovapeneira.gal\/index.php\/wp-json\/wp\/v2\/media\/9807"}],"wp:attachment":[{"href":"https:\/\/www.anovapeneira.gal\/index.php\/wp-json\/wp\/v2\/media?parent=9806"}],"wp:term":[{"taxonomy":"category","embeddable":true,"href":"https:\/\/www.anovapeneira.gal\/index.php\/wp-json\/wp\/v2\/categories?post=9806"},{"taxonomy":"post_tag","embeddable":true,"href":"https:\/\/www.anovapeneira.gal\/index.php\/wp-json\/wp\/v2\/tags?post=9806"}],"curies":[{"name":"wp","href":"https:\/\/api.w.org\/{rel}","templated":true}]}}