{"id":9811,"date":"2023-05-31T10:00:01","date_gmt":"2023-05-31T08:00:01","guid":{"rendered":"https:\/\/www.anovapeneira.gal\/?p=9811"},"modified":"2023-05-30T08:53:56","modified_gmt":"2023-05-30T06:53:56","slug":"o-concello-de-nigran-culmina-a-instalacion-da-torre-de-xogo-mais-alta-da-comarca-para-revitalizar-a-praza-rosalia-de-castro","status":"publish","type":"post","link":"https:\/\/www.anovapeneira.gal\/index.php\/2023\/05\/31\/o-concello-de-nigran-culmina-a-instalacion-da-torre-de-xogo-mais-alta-da-comarca-para-revitalizar-a-praza-rosalia-de-castro\/","title":{"rendered":"O concello de Nigr\u00e1n culmina a instalaci\u00f3n da torre de xogo m\u00e1is alta da comarca para revitalizar a praza Rosal\u00eda de Castro"},"content":{"rendered":"\n<h2 class=\"wp-block-heading\"><strong>O elemento, de 10 metros de altura e con forma de foguete, sit\u00faase no centro da praza tras desmontarse a antiga fonte sen uso. Consta de tubo de escalada, rede trepadora e dous tobog\u00e1ns xigantes<\/strong><\/h2>\n\n\n\n<p><em><strong>Nigr\u00e1n, 26 de maio de 2023<\/strong><\/em><\/p>\n\n\n\n<p>O Concello de Nigr\u00e1n rematou hoxe as obras para transformar a Praza Rosal\u00eda de Castro, no centro do municipio, nun lugar de referencia para a infancia e as familias. Deste xeito, unha gran torre escalable de 10 metros de altura e con forma de foguete preside o espazo central que ata agora ocupaba unha fonte ornamental sen uso desde hai anos. Este ser\u00e1 o elemento de xogo m\u00e1is grande da comarca e contribuir\u00e1 a dinamizar un espazo en pleno centro totalmente en desuso e sen case atractivos para a infancia ao marxe dun pequeno parque nun lateral. Ao longo da vindeira semana, unha vez forrado o chan de caucho para outorgarlle a m\u00e1xima seguridade, abrirase \u00e1s crianzas.<\/p>\n\n\n\n<p>O elemento conta cun tobog\u00e1n recto nun primeiro nivel e outros dous tubulares a m\u00e1is altura, o superior deles a 7 metros e cunha disposici\u00f3n en espiral.<\/p>\n\n\n\n<p>\u201c\u00c9 unha torre coas m\u00e1ximas garant\u00edas de calidade e seguridade infantil que vai transformar a vida nesta praza e a darlle un pulo inmenso\u201d, destaca o alcalde, Juan Gonz\u00e1lez, quen incide que a s\u00faa praza veci\u00f1a, na Biblioteca, tam\u00e9n disp\u00f3n dun proxecto para outorgarlle un uso multifuncional con especial atenci\u00f3n a infancia (dispor\u00e1 de fontes de auga recreativas como gran novidade na comarca).<\/p>\n","protected":false},"excerpt":{"rendered":"<div class=\"mh-excerpt\"><p>O elemento, de 10 metros de altura e con forma de foguete, sit\u00faase no centro da praza tras desmontarse a antiga fonte sen uso. Consta de tubo de escalada, rede trepadora e dous tobog\u00e1ns xigantes <a class=\"mh-excerpt-more\" href=\"https:\/\/www.anovapeneira.gal\/index.php\/2023\/05\/31\/o-concello-de-nigran-culmina-a-instalacion-da-torre-de-xogo-mais-alta-da-comarca-para-revitalizar-a-praza-rosalia-de-castro\/\" title=\"O concello de Nigr\u00e1n culmina a instalaci\u00f3n da torre de xogo m\u00e1is alta da comarca para revitalizar a praza Rosal\u00eda de Castro\">[&#8230;]<\/a><\/p>\n<\/div>","protected":false},"author":3,"featured_media":9813,"comment_status":"open","ping_status":"open","sticky":false,"template":"","format":"standard","meta":{"_exactmetrics_skip_tracking":false,"_exactmetrics_sitenote_active":false,"_exactmetrics_sitenote_note":"","_exactmetrics_sitenote_category":0,"footnotes":""},"categories":[20],"tags":[135],"class_list":{"0":"post-9811","1":"post","2":"type-post","3":"status-publish","4":"format-standard","5":"has-post-thumbnail","7":"category-val-minor","8":"tag-concello-de-nigran"},"yoast_head":"<!-- This site is optimized with the Yoast SEO plugin v27.4 - https:\/\/yoast.com\/product\/yoast-seo-wordpress\/ -->\n<title>O concello de Nigr\u00e1n culmina a instalaci\u00f3n da torre de xogo m\u00e1is alta da comarca para revitalizar a praza Rosal\u00eda de Castro -<\/title>\n<meta name=\"description\" content=\"O elemento, de 10 metros de altura e con forma de foguete, sit\u00faase no centro da praza tras desmontarse a antiga fonte sen uso. Consta de tubo de escalada, rede trepadora e dous tobog\u00e1ns xigantes\" \/>\n<meta name=\"robots\" content=\"index, follow, max-snippet:-1, max-image-preview:large, max-video-preview:-1\" \/>\n<link rel=\"canonical\" href=\"https:\/\/www.anovapeneira.gal\/index.php\/2023\/05\/31\/o-concello-de-nigran-culmina-a-instalacion-da-torre-de-xogo-mais-alta-da-comarca-para-revitalizar-a-praza-rosalia-de-castro\/\" \/>\n<meta property=\"og:locale\" content=\"gl_ES\" \/>\n<meta property=\"og:type\" content=\"article\" \/>\n<meta property=\"og:title\" content=\"O concello de Nigr\u00e1n culmina a instalaci\u00f3n da torre de xogo m\u00e1is alta da comarca para revitalizar a praza Rosal\u00eda de Castro -\" \/>\n<meta property=\"og:description\" content=\"O elemento, de 10 metros de altura e con forma de foguete, sit\u00faase no centro da praza tras desmontarse a antiga fonte sen uso. Consta de tubo de escalada, rede trepadora e dous tobog\u00e1ns xigantes\" \/>\n<meta property=\"og:url\" content=\"https:\/\/www.anovapeneira.gal\/index.php\/2023\/05\/31\/o-concello-de-nigran-culmina-a-instalacion-da-torre-de-xogo-mais-alta-da-comarca-para-revitalizar-a-praza-rosalia-de-castro\/\" \/>\n<meta property=\"article:publisher\" content=\"https:\/\/www.facebook.com\/anovapeneira\" \/>\n<meta property=\"article:published_time\" content=\"2023-05-31T08:00:01+00:00\" \/>\n<meta property=\"og:image\" content=\"https:\/\/www.anovapeneira.gal\/wp-content\/uploads\/2023\/05\/Cohete_RosaliaCastro.jpg\" \/>\n\t<meta property=\"og:image:width\" content=\"720\" \/>\n\t<meta property=\"og:image:height\" content=\"432\" \/>\n\t<meta property=\"og:image:type\" content=\"image\/jpeg\" \/>\n<meta name=\"author\" content=\"Redacci\u00f3n A Nova Peneira\" \/>\n<meta name=\"twitter:card\" content=\"summary_large_image\" \/>\n<meta name=\"twitter:creator\" content=\"@APeneira\" \/>\n<meta name=\"twitter:site\" content=\"@APeneira\" \/>\n<meta name=\"twitter:label1\" content=\"Escrito por\" \/>\n\t<meta name=\"twitter:data1\" content=\"Redacci\u00f3n A Nova Peneira\" \/>\n\t<meta name=\"twitter:label2\" content=\"Tempo de lectura\" \/>\n\t<meta name=\"twitter:data2\" content=\"2 minutos\" \/>\n<script type=\"application\/ld+json\" class=\"yoast-schema-graph\">{\"@context\":\"https:\\\/\\\/schema.org\",\"@graph\":[{\"@type\":\"Article\",\"@id\":\"https:\\\/\\\/www.anovapeneira.gal\\\/index.php\\\/2023\\\/05\\\/31\\\/o-concello-de-nigran-culmina-a-instalacion-da-torre-de-xogo-mais-alta-da-comarca-para-revitalizar-a-praza-rosalia-de-castro\\\/#article\",\"isPartOf\":{\"@id\":\"https:\\\/\\\/www.anovapeneira.gal\\\/index.php\\\/2023\\\/05\\\/31\\\/o-concello-de-nigran-culmina-a-instalacion-da-torre-de-xogo-mais-alta-da-comarca-para-revitalizar-a-praza-rosalia-de-castro\\\/\"},\"author\":{\"name\":\"Redacci\u00f3n A Nova Peneira\",\"@id\":\"https:\\\/\\\/www.anovapeneira.gal\\\/#\\\/schema\\\/person\\\/b93e3f8932e3f8da96334607eb6ac6aa\"},\"headline\":\"O concello de Nigr\u00e1n culmina a instalaci\u00f3n da torre de xogo m\u00e1is alta da comarca para revitalizar a praza Rosal\u00eda de Castro\",\"datePublished\":\"2023-05-31T08:00:01+00:00\",\"mainEntityOfPage\":{\"@id\":\"https:\\\/\\\/www.anovapeneira.gal\\\/index.php\\\/2023\\\/05\\\/31\\\/o-concello-de-nigran-culmina-a-instalacion-da-torre-de-xogo-mais-alta-da-comarca-para-revitalizar-a-praza-rosalia-de-castro\\\/\"},\"wordCount\":286,\"commentCount\":0,\"publisher\":{\"@id\":\"https:\\\/\\\/www.anovapeneira.gal\\\/#organization\"},\"image\":{\"@id\":\"https:\\\/\\\/www.anovapeneira.gal\\\/index.php\\\/2023\\\/05\\\/31\\\/o-concello-de-nigran-culmina-a-instalacion-da-torre-de-xogo-mais-alta-da-comarca-para-revitalizar-a-praza-rosalia-de-castro\\\/#primaryimage\"},\"thumbnailUrl\":\"https:\\\/\\\/www.anovapeneira.gal\\\/wp-content\\\/uploads\\\/2023\\\/05\\\/Cohete_RosaliaCastro.jpg\",\"keywords\":[\"Concello de Nigr\u00e1n\"],\"articleSection\":[\"Val Mi\u00f1or\"],\"inLanguage\":\"gl-ES\",\"potentialAction\":[{\"@type\":\"CommentAction\",\"name\":\"Comment\",\"target\":[\"https:\\\/\\\/www.anovapeneira.gal\\\/index.php\\\/2023\\\/05\\\/31\\\/o-concello-de-nigran-culmina-a-instalacion-da-torre-de-xogo-mais-alta-da-comarca-para-revitalizar-a-praza-rosalia-de-castro\\\/#respond\"]}]},{\"@type\":\"WebPage\",\"@id\":\"https:\\\/\\\/www.anovapeneira.gal\\\/index.php\\\/2023\\\/05\\\/31\\\/o-concello-de-nigran-culmina-a-instalacion-da-torre-de-xogo-mais-alta-da-comarca-para-revitalizar-a-praza-rosalia-de-castro\\\/\",\"url\":\"https:\\\/\\\/www.anovapeneira.gal\\\/index.php\\\/2023\\\/05\\\/31\\\/o-concello-de-nigran-culmina-a-instalacion-da-torre-de-xogo-mais-alta-da-comarca-para-revitalizar-a-praza-rosalia-de-castro\\\/\",\"name\":\"O concello de Nigr\u00e1n culmina a instalaci\u00f3n da torre de xogo m\u00e1is alta da comarca para revitalizar a praza Rosal\u00eda de Castro -\",\"isPartOf\":{\"@id\":\"https:\\\/\\\/www.anovapeneira.gal\\\/#website\"},\"primaryImageOfPage\":{\"@id\":\"https:\\\/\\\/www.anovapeneira.gal\\\/index.php\\\/2023\\\/05\\\/31\\\/o-concello-de-nigran-culmina-a-instalacion-da-torre-de-xogo-mais-alta-da-comarca-para-revitalizar-a-praza-rosalia-de-castro\\\/#primaryimage\"},\"image\":{\"@id\":\"https:\\\/\\\/www.anovapeneira.gal\\\/index.php\\\/2023\\\/05\\\/31\\\/o-concello-de-nigran-culmina-a-instalacion-da-torre-de-xogo-mais-alta-da-comarca-para-revitalizar-a-praza-rosalia-de-castro\\\/#primaryimage\"},\"thumbnailUrl\":\"https:\\\/\\\/www.anovapeneira.gal\\\/wp-content\\\/uploads\\\/2023\\\/05\\\/Cohete_RosaliaCastro.jpg\",\"datePublished\":\"2023-05-31T08:00:01+00:00\",\"description\":\"O elemento, de 10 metros de altura e con forma de foguete, sit\u00faase no centro da praza tras desmontarse a antiga fonte sen uso. Consta de tubo de escalada, rede trepadora e dous tobog\u00e1ns xigantes\",\"breadcrumb\":{\"@id\":\"https:\\\/\\\/www.anovapeneira.gal\\\/index.php\\\/2023\\\/05\\\/31\\\/o-concello-de-nigran-culmina-a-instalacion-da-torre-de-xogo-mais-alta-da-comarca-para-revitalizar-a-praza-rosalia-de-castro\\\/#breadcrumb\"},\"inLanguage\":\"gl-ES\",\"potentialAction\":[{\"@type\":\"ReadAction\",\"target\":[\"https:\\\/\\\/www.anovapeneira.gal\\\/index.php\\\/2023\\\/05\\\/31\\\/o-concello-de-nigran-culmina-a-instalacion-da-torre-de-xogo-mais-alta-da-comarca-para-revitalizar-a-praza-rosalia-de-castro\\\/\"]}]},{\"@type\":\"ImageObject\",\"inLanguage\":\"gl-ES\",\"@id\":\"https:\\\/\\\/www.anovapeneira.gal\\\/index.php\\\/2023\\\/05\\\/31\\\/o-concello-de-nigran-culmina-a-instalacion-da-torre-de-xogo-mais-alta-da-comarca-para-revitalizar-a-praza-rosalia-de-castro\\\/#primaryimage\",\"url\":\"https:\\\/\\\/www.anovapeneira.gal\\\/wp-content\\\/uploads\\\/2023\\\/05\\\/Cohete_RosaliaCastro.jpg\",\"contentUrl\":\"https:\\\/\\\/www.anovapeneira.gal\\\/wp-content\\\/uploads\\\/2023\\\/05\\\/Cohete_RosaliaCastro.jpg\",\"width\":720,\"height\":432,\"caption\":\"O concello de Nigr\u00e1n culmina a instalaci\u00f3n da torre de xogo m\u00e1is alta da comarca para revitalizar a praza Rosal\u00eda de Castro\"},{\"@type\":\"BreadcrumbList\",\"@id\":\"https:\\\/\\\/www.anovapeneira.gal\\\/index.php\\\/2023\\\/05\\\/31\\\/o-concello-de-nigran-culmina-a-instalacion-da-torre-de-xogo-mais-alta-da-comarca-para-revitalizar-a-praza-rosalia-de-castro\\\/#breadcrumb\",\"itemListElement\":[{\"@type\":\"ListItem\",\"position\":1,\"name\":\"Portada\",\"item\":\"https:\\\/\\\/www.anovapeneira.gal\\\/\"},{\"@type\":\"ListItem\",\"position\":2,\"name\":\"O concello de Nigr\u00e1n culmina a instalaci\u00f3n da torre de xogo m\u00e1is alta da comarca para revitalizar a praza Rosal\u00eda de Castro\"}]},{\"@type\":\"WebSite\",\"@id\":\"https:\\\/\\\/www.anovapeneira.gal\\\/#website\",\"url\":\"https:\\\/\\\/www.anovapeneira.gal\\\/\",\"name\":\"\",\"description\":\"Xornal galego de informaci\u00f3n xeral Publicaci\u00f3n mensual de novas de Galicia e en especial dos Concellos da sur da provincia de Pontevedra.\",\"publisher\":{\"@id\":\"https:\\\/\\\/www.anovapeneira.gal\\\/#organization\"},\"potentialAction\":[{\"@type\":\"SearchAction\",\"target\":{\"@type\":\"EntryPoint\",\"urlTemplate\":\"https:\\\/\\\/www.anovapeneira.gal\\\/?s={search_term_string}\"},\"query-input\":{\"@type\":\"PropertyValueSpecification\",\"valueRequired\":true,\"valueName\":\"search_term_string\"}}],\"inLanguage\":\"gl-ES\"},{\"@type\":\"Organization\",\"@id\":\"https:\\\/\\\/www.anovapeneira.gal\\\/#organization\",\"name\":\"A Nova Peneira\",\"url\":\"https:\\\/\\\/www.anovapeneira.gal\\\/\",\"logo\":{\"@type\":\"ImageObject\",\"inLanguage\":\"gl-ES\",\"@id\":\"https:\\\/\\\/www.anovapeneira.gal\\\/#\\\/schema\\\/logo\\\/image\\\/\",\"url\":\"http:\\\/\\\/www.anovapeneira.gal\\\/wp-content\\\/uploads\\\/2019\\\/06\\\/logo_a_nova_peneira_portal_web.png\",\"contentUrl\":\"http:\\\/\\\/www.anovapeneira.gal\\\/wp-content\\\/uploads\\\/2019\\\/06\\\/logo_a_nova_peneira_portal_web.png\",\"width\":300,\"height\":100,\"caption\":\"A Nova Peneira\"},\"image\":{\"@id\":\"https:\\\/\\\/www.anovapeneira.gal\\\/#\\\/schema\\\/logo\\\/image\\\/\"},\"sameAs\":[\"https:\\\/\\\/www.facebook.com\\\/anovapeneira\",\"https:\\\/\\\/x.com\\\/APeneira\"]},{\"@type\":\"Person\",\"@id\":\"https:\\\/\\\/www.anovapeneira.gal\\\/#\\\/schema\\\/person\\\/b93e3f8932e3f8da96334607eb6ac6aa\",\"name\":\"Redacci\u00f3n A Nova Peneira\",\"image\":{\"@type\":\"ImageObject\",\"inLanguage\":\"gl-ES\",\"@id\":\"https:\\\/\\\/secure.gravatar.com\\\/avatar\\\/c052a2551a06e23fac63626232eaa90abd78dbcf1700fc46a2b2c89fd27b735f?s=96&d=mm&r=g\",\"url\":\"https:\\\/\\\/secure.gravatar.com\\\/avatar\\\/c052a2551a06e23fac63626232eaa90abd78dbcf1700fc46a2b2c89fd27b735f?s=96&d=mm&r=g\",\"contentUrl\":\"https:\\\/\\\/secure.gravatar.com\\\/avatar\\\/c052a2551a06e23fac63626232eaa90abd78dbcf1700fc46a2b2c89fd27b735f?s=96&d=mm&r=g\",\"caption\":\"Redacci\u00f3n A Nova Peneira\"},\"sameAs\":[\"http:\\\/\\\/www.anovapeneira.gal\\\/\"],\"url\":\"https:\\\/\\\/www.anovapeneira.gal\\\/index.php\\\/author\\\/redactor\\\/\"}]}<\/script>\n<!-- \/ Yoast SEO plugin. -->","yoast_head_json":{"title":"O concello de Nigr\u00e1n culmina a instalaci\u00f3n da torre de xogo m\u00e1is alta da comarca para revitalizar a praza Rosal\u00eda de Castro -","description":"O elemento, de 10 metros de altura e con forma de foguete, sit\u00faase no centro da praza tras desmontarse a antiga fonte sen uso. Consta de tubo de escalada, rede trepadora e dous tobog\u00e1ns xigantes","robots":{"index":"index","follow":"follow","max-snippet":"max-snippet:-1","max-image-preview":"max-image-preview:large","max-video-preview":"max-video-preview:-1"},"canonical":"https:\/\/www.anovapeneira.gal\/index.php\/2023\/05\/31\/o-concello-de-nigran-culmina-a-instalacion-da-torre-de-xogo-mais-alta-da-comarca-para-revitalizar-a-praza-rosalia-de-castro\/","og_locale":"gl_ES","og_type":"article","og_title":"O concello de Nigr\u00e1n culmina a instalaci\u00f3n da torre de xogo m\u00e1is alta da comarca para revitalizar a praza Rosal\u00eda de Castro -","og_description":"O elemento, de 10 metros de altura e con forma de foguete, sit\u00faase no centro da praza tras desmontarse a antiga fonte sen uso. Consta de tubo de escalada, rede trepadora e dous tobog\u00e1ns xigantes","og_url":"https:\/\/www.anovapeneira.gal\/index.php\/2023\/05\/31\/o-concello-de-nigran-culmina-a-instalacion-da-torre-de-xogo-mais-alta-da-comarca-para-revitalizar-a-praza-rosalia-de-castro\/","article_publisher":"https:\/\/www.facebook.com\/anovapeneira","article_published_time":"2023-05-31T08:00:01+00:00","og_image":[{"width":720,"height":432,"url":"https:\/\/www.anovapeneira.gal\/wp-content\/uploads\/2023\/05\/Cohete_RosaliaCastro.jpg","type":"image\/jpeg"}],"author":"Redacci\u00f3n A Nova Peneira","twitter_card":"summary_large_image","twitter_creator":"@APeneira","twitter_site":"@APeneira","twitter_misc":{"Escrito por":"Redacci\u00f3n A Nova Peneira","Tempo de lectura":"2 minutos"},"schema":{"@context":"https:\/\/schema.org","@graph":[{"@type":"Article","@id":"https:\/\/www.anovapeneira.gal\/index.php\/2023\/05\/31\/o-concello-de-nigran-culmina-a-instalacion-da-torre-de-xogo-mais-alta-da-comarca-para-revitalizar-a-praza-rosalia-de-castro\/#article","isPartOf":{"@id":"https:\/\/www.anovapeneira.gal\/index.php\/2023\/05\/31\/o-concello-de-nigran-culmina-a-instalacion-da-torre-de-xogo-mais-alta-da-comarca-para-revitalizar-a-praza-rosalia-de-castro\/"},"author":{"name":"Redacci\u00f3n A Nova Peneira","@id":"https:\/\/www.anovapeneira.gal\/#\/schema\/person\/b93e3f8932e3f8da96334607eb6ac6aa"},"headline":"O concello de Nigr\u00e1n culmina a instalaci\u00f3n da torre de xogo m\u00e1is alta da comarca para revitalizar a praza Rosal\u00eda de Castro","datePublished":"2023-05-31T08:00:01+00:00","mainEntityOfPage":{"@id":"https:\/\/www.anovapeneira.gal\/index.php\/2023\/05\/31\/o-concello-de-nigran-culmina-a-instalacion-da-torre-de-xogo-mais-alta-da-comarca-para-revitalizar-a-praza-rosalia-de-castro\/"},"wordCount":286,"commentCount":0,"publisher":{"@id":"https:\/\/www.anovapeneira.gal\/#organization"},"image":{"@id":"https:\/\/www.anovapeneira.gal\/index.php\/2023\/05\/31\/o-concello-de-nigran-culmina-a-instalacion-da-torre-de-xogo-mais-alta-da-comarca-para-revitalizar-a-praza-rosalia-de-castro\/#primaryimage"},"thumbnailUrl":"https:\/\/www.anovapeneira.gal\/wp-content\/uploads\/2023\/05\/Cohete_RosaliaCastro.jpg","keywords":["Concello de Nigr\u00e1n"],"articleSection":["Val Mi\u00f1or"],"inLanguage":"gl-ES","potentialAction":[{"@type":"CommentAction","name":"Comment","target":["https:\/\/www.anovapeneira.gal\/index.php\/2023\/05\/31\/o-concello-de-nigran-culmina-a-instalacion-da-torre-de-xogo-mais-alta-da-comarca-para-revitalizar-a-praza-rosalia-de-castro\/#respond"]}]},{"@type":"WebPage","@id":"https:\/\/www.anovapeneira.gal\/index.php\/2023\/05\/31\/o-concello-de-nigran-culmina-a-instalacion-da-torre-de-xogo-mais-alta-da-comarca-para-revitalizar-a-praza-rosalia-de-castro\/","url":"https:\/\/www.anovapeneira.gal\/index.php\/2023\/05\/31\/o-concello-de-nigran-culmina-a-instalacion-da-torre-de-xogo-mais-alta-da-comarca-para-revitalizar-a-praza-rosalia-de-castro\/","name":"O concello de Nigr\u00e1n culmina a instalaci\u00f3n da torre de xogo m\u00e1is alta da comarca para revitalizar a praza Rosal\u00eda de Castro -","isPartOf":{"@id":"https:\/\/www.anovapeneira.gal\/#website"},"primaryImageOfPage":{"@id":"https:\/\/www.anovapeneira.gal\/index.php\/2023\/05\/31\/o-concello-de-nigran-culmina-a-instalacion-da-torre-de-xogo-mais-alta-da-comarca-para-revitalizar-a-praza-rosalia-de-castro\/#primaryimage"},"image":{"@id":"https:\/\/www.anovapeneira.gal\/index.php\/2023\/05\/31\/o-concello-de-nigran-culmina-a-instalacion-da-torre-de-xogo-mais-alta-da-comarca-para-revitalizar-a-praza-rosalia-de-castro\/#primaryimage"},"thumbnailUrl":"https:\/\/www.anovapeneira.gal\/wp-content\/uploads\/2023\/05\/Cohete_RosaliaCastro.jpg","datePublished":"2023-05-31T08:00:01+00:00","description":"O elemento, de 10 metros de altura e con forma de foguete, sit\u00faase no centro da praza tras desmontarse a antiga fonte sen uso. Consta de tubo de escalada, rede trepadora e dous tobog\u00e1ns xigantes","breadcrumb":{"@id":"https:\/\/www.anovapeneira.gal\/index.php\/2023\/05\/31\/o-concello-de-nigran-culmina-a-instalacion-da-torre-de-xogo-mais-alta-da-comarca-para-revitalizar-a-praza-rosalia-de-castro\/#breadcrumb"},"inLanguage":"gl-ES","potentialAction":[{"@type":"ReadAction","target":["https:\/\/www.anovapeneira.gal\/index.php\/2023\/05\/31\/o-concello-de-nigran-culmina-a-instalacion-da-torre-de-xogo-mais-alta-da-comarca-para-revitalizar-a-praza-rosalia-de-castro\/"]}]},{"@type":"ImageObject","inLanguage":"gl-ES","@id":"https:\/\/www.anovapeneira.gal\/index.php\/2023\/05\/31\/o-concello-de-nigran-culmina-a-instalacion-da-torre-de-xogo-mais-alta-da-comarca-para-revitalizar-a-praza-rosalia-de-castro\/#primaryimage","url":"https:\/\/www.anovapeneira.gal\/wp-content\/uploads\/2023\/05\/Cohete_RosaliaCastro.jpg","contentUrl":"https:\/\/www.anovapeneira.gal\/wp-content\/uploads\/2023\/05\/Cohete_RosaliaCastro.jpg","width":720,"height":432,"caption":"O concello de Nigr\u00e1n culmina a instalaci\u00f3n da torre de xogo m\u00e1is alta da comarca para revitalizar a praza Rosal\u00eda de Castro"},{"@type":"BreadcrumbList","@id":"https:\/\/www.anovapeneira.gal\/index.php\/2023\/05\/31\/o-concello-de-nigran-culmina-a-instalacion-da-torre-de-xogo-mais-alta-da-comarca-para-revitalizar-a-praza-rosalia-de-castro\/#breadcrumb","itemListElement":[{"@type":"ListItem","position":1,"name":"Portada","item":"https:\/\/www.anovapeneira.gal\/"},{"@type":"ListItem","position":2,"name":"O concello de Nigr\u00e1n culmina a instalaci\u00f3n da torre de xogo m\u00e1is alta da comarca para revitalizar a praza Rosal\u00eda de Castro"}]},{"@type":"WebSite","@id":"https:\/\/www.anovapeneira.gal\/#website","url":"https:\/\/www.anovapeneira.gal\/","name":"","description":"Xornal galego de informaci\u00f3n xeral Publicaci\u00f3n mensual de novas de Galicia e en especial dos Concellos da sur da provincia de Pontevedra.","publisher":{"@id":"https:\/\/www.anovapeneira.gal\/#organization"},"potentialAction":[{"@type":"SearchAction","target":{"@type":"EntryPoint","urlTemplate":"https:\/\/www.anovapeneira.gal\/?s={search_term_string}"},"query-input":{"@type":"PropertyValueSpecification","valueRequired":true,"valueName":"search_term_string"}}],"inLanguage":"gl-ES"},{"@type":"Organization","@id":"https:\/\/www.anovapeneira.gal\/#organization","name":"A Nova Peneira","url":"https:\/\/www.anovapeneira.gal\/","logo":{"@type":"ImageObject","inLanguage":"gl-ES","@id":"https:\/\/www.anovapeneira.gal\/#\/schema\/logo\/image\/","url":"http:\/\/www.anovapeneira.gal\/wp-content\/uploads\/2019\/06\/logo_a_nova_peneira_portal_web.png","contentUrl":"http:\/\/www.anovapeneira.gal\/wp-content\/uploads\/2019\/06\/logo_a_nova_peneira_portal_web.png","width":300,"height":100,"caption":"A Nova Peneira"},"image":{"@id":"https:\/\/www.anovapeneira.gal\/#\/schema\/logo\/image\/"},"sameAs":["https:\/\/www.facebook.com\/anovapeneira","https:\/\/x.com\/APeneira"]},{"@type":"Person","@id":"https:\/\/www.anovapeneira.gal\/#\/schema\/person\/b93e3f8932e3f8da96334607eb6ac6aa","name":"Redacci\u00f3n A Nova Peneira","image":{"@type":"ImageObject","inLanguage":"gl-ES","@id":"https:\/\/secure.gravatar.com\/avatar\/c052a2551a06e23fac63626232eaa90abd78dbcf1700fc46a2b2c89fd27b735f?s=96&d=mm&r=g","url":"https:\/\/secure.gravatar.com\/avatar\/c052a2551a06e23fac63626232eaa90abd78dbcf1700fc46a2b2c89fd27b735f?s=96&d=mm&r=g","contentUrl":"https:\/\/secure.gravatar.com\/avatar\/c052a2551a06e23fac63626232eaa90abd78dbcf1700fc46a2b2c89fd27b735f?s=96&d=mm&r=g","caption":"Redacci\u00f3n A Nova Peneira"},"sameAs":["http:\/\/www.anovapeneira.gal\/"],"url":"https:\/\/www.anovapeneira.gal\/index.php\/author\/redactor\/"}]}},"jetpack_featured_media_url":"https:\/\/www.anovapeneira.gal\/wp-content\/uploads\/2023\/05\/Cohete_RosaliaCastro.jpg","_links":{"self":[{"href":"https:\/\/www.anovapeneira.gal\/index.php\/wp-json\/wp\/v2\/posts\/9811","targetHints":{"allow":["GET"]}}],"collection":[{"href":"https:\/\/www.anovapeneira.gal\/index.php\/wp-json\/wp\/v2\/posts"}],"about":[{"href":"https:\/\/www.anovapeneira.gal\/index.php\/wp-json\/wp\/v2\/types\/post"}],"author":[{"embeddable":true,"href":"https:\/\/www.anovapeneira.gal\/index.php\/wp-json\/wp\/v2\/users\/3"}],"replies":[{"embeddable":true,"href":"https:\/\/www.anovapeneira.gal\/index.php\/wp-json\/wp\/v2\/comments?post=9811"}],"version-history":[{"count":1,"href":"https:\/\/www.anovapeneira.gal\/index.php\/wp-json\/wp\/v2\/posts\/9811\/revisions"}],"predecessor-version":[{"id":9812,"href":"https:\/\/www.anovapeneira.gal\/index.php\/wp-json\/wp\/v2\/posts\/9811\/revisions\/9812"}],"wp:featuredmedia":[{"embeddable":true,"href":"https:\/\/www.anovapeneira.gal\/index.php\/wp-json\/wp\/v2\/media\/9813"}],"wp:attachment":[{"href":"https:\/\/www.anovapeneira.gal\/index.php\/wp-json\/wp\/v2\/media?parent=9811"}],"wp:term":[{"taxonomy":"category","embeddable":true,"href":"https:\/\/www.anovapeneira.gal\/index.php\/wp-json\/wp\/v2\/categories?post=9811"},{"taxonomy":"post_tag","embeddable":true,"href":"https:\/\/www.anovapeneira.gal\/index.php\/wp-json\/wp\/v2\/tags?post=9811"}],"curies":[{"name":"wp","href":"https:\/\/api.w.org\/{rel}","templated":true}]}}