{"id":9819,"date":"2023-06-01T09:06:57","date_gmt":"2023-06-01T07:06:57","guid":{"rendered":"https:\/\/www.anovapeneira.gal\/?p=9819"},"modified":"2023-06-02T17:51:10","modified_gmt":"2023-06-02T15:51:10","slug":"sobre-a-incidencia-de-podemos-na-area-de-influencia-de-a-nova-peneira-e-sobre-o-que-preveo-acontecera-de-cara-as-eleccions-de-xullo","status":"publish","type":"post","link":"https:\/\/www.anovapeneira.gal\/index.php\/2023\/06\/01\/sobre-a-incidencia-de-podemos-na-area-de-influencia-de-a-nova-peneira-e-sobre-o-que-preveo-acontecera-de-cara-as-eleccions-de-xullo\/","title":{"rendered":"Sobre a incidencia de Podemos na \u00e1rea de influencia de A Nova Peneira e sobre o que preveo acontecer\u00e1 de cara \u00e1s elecci\u00f3ns de xullo"},"content":{"rendered":"\n<p>A formaci\u00f3n Podemos presentou candidaturas, soa ou en compa\u00f1\u00eda de Esquerda Unida, en 8 dos 34 concellos da nosa \u00e1rea de influencia. Nos outros 26 non foi quen de montar unha lista. A utilidade desas 8 candidaturas foi ningunha, e a s\u00faa incidencia oscilou entre nada ou contribu\u00edr a que o PP siga ostentando alcald\u00edas, Salvaterra, ou consolidando as s\u00faas maior\u00edas, Mos. O resultado da nosa \u00e1rea de influencia non foi diferente \u00e1 do resto do pa\u00eds. Desastre tras desastre, iso foi o que lles aconteceu. E sen d\u00fabida boa parte de responsabilidade tena a actual direcci\u00f3n da organizaci\u00f3n en Galicia \u00e1 que non lle treme o pulso \u00e1 hora de presentar a tr\u00e1nsfugas encabezando \u00e1s s\u00faas candidaturas, que como era previsible: 1) fixeron o m\u00e1is absoluto dos rid\u00edculos 2) desaparecen ipso facto da vida pol\u00edtica no momento en que perden a opci\u00f3n de sa\u00edr na foto. Vexamos o que aconteceu nos 8 concellos da nosa \u00e1rea de influencia na que Podemos presentou candidatos\/as<\/p>\n\n\n\n<h2 class=\"wp-block-heading\">Salvaterra:<\/h2>\n\n\n\n<p>Votos 104. Concelleiros\/as 0<\/p>\n\n\n\n<p>Incidencia: Neste concello o PP conserva a maior\u00eda absoluta pois acada 9 de 17 actas. Cons\u00e9rvaa por 49 votos que son os que lle faltaron ao PSOE para conseguir o 5 asento na corporaci\u00f3n. Os 104 votos de Podemos contribu\u00edron decisivamente a que o PP mantivera esta alcald\u00eda. Na actualidade est\u00e1n desaparecidos e non volver\u00e1n facer pol\u00edtica local ata dentro de 4 anos, se a fan.<\/p>\n\n\n\n<h2 class=\"wp-block-heading\">Mos<\/h2>\n\n\n\n<p>Votos 126.Concelleiros\/as 0<\/p>\n\n\n\n<p>Incidencia: Neste concello o PP acada unha solvente maior\u00eda absoluta. A \u00faltima acta tena por 80 votos, que son os que lle faltan ao BNG para chegar \u00e1 4\u00ba. Os 126 votos de Podemos contrib\u00faen a darlle un concelleiro m\u00e1is ao PP e qu\u00edtanllo ao BNG. Na actualidade est\u00e1n desaparecidos, e non volver\u00e1n facer pol\u00edtica local ata dentro de 4 anos se a fan.<\/p>\n\n\n\n<h2 class=\"wp-block-heading\">Nigr\u00e1n<\/h2>\n\n\n\n<p>Votos 268.Concelleiros\/as 0<\/p>\n\n\n\n<p>Incidencia: En Nigr\u00e1n Podemos e Esquerda Unida presentaron candidaturas separadas. Estes acadan 268 votos e EU 262. Nin sequera o que \u00e9 o mesmo foi capaz de conflu\u00edr nunha \u00fanica candidatura, nin sequera foron capaces de chegar a un acordo entre eles. A s\u00faa incidencia foi ningunha.<\/p>\n\n\n\n<h2 class=\"wp-block-heading\">Baiona<\/h2>\n\n\n\n<p>Votos 242.Concelleiros\/as 0<\/p>\n\n\n\n<p>Incidencia: No concello de Baiona a maior\u00eda absolut\u00edsima do PP non \u00e9 contestable. Pero o \u00faltimo dos seus concelleiros l\u00f3grano por 120 votos, que son os que lle faltan ao Bloque para poderen conservar as s\u00faas d\u00faas actas. Os 242 votos de Podemos s\u00f3 serviron para restarlle un concelleiro ao BNG e darllo ao PP.<\/p>\n\n\n\n<h2 class=\"wp-block-heading\">Cangas<\/h2>\n\n\n\n<p>Votos 281.Concelleiros\/as 0<\/p>\n\n\n\n<p>Incidencia: Outra localidade en que Podemos e EU presentan candidaturas separadas. Outro concello no que non foron quen de p\u00f3rse de acordo entre eles. A incidencia da candidatura de Podemos foi ningunha.<\/p>\n\n\n\n<h2 class=\"wp-block-heading\">Tomi\u00f1o<\/h2>\n\n\n\n<p>Votos 106.Concelleiros\/as 0<\/p>\n\n\n\n<p>Incidencia: 106 votos tirados. Incidencia 0.<\/p>\n\n\n\n<p>Ponteareas<\/p>\n\n\n\n<p>Votos 818.Concelleiros\/as 1<\/p>\n\n\n\n<p>Incidencia:Neste concello Podemos presentouse en coalici\u00f3n con Esquerda Unida baixo o nome de Ponteareas en Com\u00fan. En Ponteareas Esquerda Unida ten certa presenza na vida pol\u00edtica , de feito xa tivo representaci\u00f3n en varios mandatos .E pos\u00fae alg\u00fan cadro pol\u00edtico relevante como por exemplo o sindicalista Lino Costas. Podemos non ten nada. Este concelleiro,Manuel, moi respectable e ao que lle desexamos todo tipo de \u00e9xitos, xorde polo evidente desgaste do BNG , pola historia de esquerda unida na vila e polo m\u00e9rito do seu elevado compromiso pol\u00edtico persoal.<\/p>\n\n\n\n<h2 class=\"wp-block-heading\">Vigo<\/h2>\n\n\n\n<p>Votos 6523-Concelleiros\/as 0<\/p>\n\n\n\n<p>Incidencia:Rub\u00e9n P\u00e9rez, o candidato de Podemos-Marea de Vigo, \u00e9 un hist\u00f3rico de Esquerda Unida, formaci\u00f3n que sempre tivo un espazo nesta cidade. Podemos, na realidade social viguesa, non \u00e9 nada e nada representa. A s\u00faa incidencia \u00e9 ningunha.<\/p>\n\n\n\n<p>Xullo do 2023<\/p>\n\n\n\n<p>Pronto teremos elecci\u00f3ns xerais e imaxino que a candidatura de Sumar ser\u00e1 quen de artellar a todo o c\u00famulo de grupos pol\u00edticos, reais e virtuais, que est\u00e1n \u00e1 esquerda do PSOE. Tam\u00e9n se presentar\u00e1n en Galicia. Vir\u00e1n e falar\u00e1n de unidade popular, de confluencias e de que s\u00f3 hai d\u00faas opci\u00f3ns: ou eles ou o fascismo. Vir\u00e1n buscando postos algunhas persoas que non fixeron nada estes catro anos, e que desaparecer\u00e1n se non os conseguen. Agardo amigos e amigas que saibamos distinguir quen est\u00e1 facendo pol\u00edtica os 365 d\u00edas de ano, todos e cada un dos anos.<\/p>\n","protected":false},"excerpt":{"rendered":"<div class=\"mh-excerpt\"><p>A formaci\u00f3n Podemos presentou candidaturas, soa ou en compa\u00f1\u00eda de Esquerda Unida, en 8 dos 34 concellos da nosa \u00e1rea de influencia. Nos outros 26 non foi quen de montar unha lista. <a class=\"mh-excerpt-more\" href=\"https:\/\/www.anovapeneira.gal\/index.php\/2023\/06\/01\/sobre-a-incidencia-de-podemos-na-area-de-influencia-de-a-nova-peneira-e-sobre-o-que-preveo-acontecera-de-cara-as-eleccions-de-xullo\/\" title=\"Sobre a incidencia de Podemos na \u00e1rea de influencia de A Nova Peneira e sobre o que preveo acontecer\u00e1 de cara \u00e1s elecci\u00f3ns de xullo\">[&#8230;]<\/a><\/p>\n<\/div>","protected":false},"author":3,"featured_media":9820,"comment_status":"open","ping_status":"open","sticky":false,"template":"","format":"standard","meta":{"_exactmetrics_skip_tracking":false,"_exactmetrics_sitenote_active":false,"_exactmetrics_sitenote_note":"","_exactmetrics_sitenote_category":0,"footnotes":""},"categories":[263],"tags":[834],"class_list":{"0":"post-9819","1":"post","2":"type-post","3":"status-publish","4":"format-standard","5":"has-post-thumbnail","7":"category-novas","8":"tag-podemos-galicia"},"yoast_head":"<!-- This site is optimized with the Yoast SEO plugin v27.4 - https:\/\/yoast.com\/product\/yoast-seo-wordpress\/ -->\n<title>Sobre a incidencia de Podemos na \u00e1rea de influencia de A Nova Peneira e sobre o que preveo acontecer\u00e1 de cara \u00e1s elecci\u00f3ns de xullo -<\/title>\n<meta name=\"description\" content=\"A formaci\u00f3n Podemos presentou candidaturas, soa ou en compa\u00f1\u00eda de Esquerda Unida, en 8 dos 34 concellos da nosa \u00e1rea de influencia. Nos outros 26 non foi quen de montar unha lista.\" \/>\n<meta name=\"robots\" content=\"index, follow, max-snippet:-1, max-image-preview:large, max-video-preview:-1\" \/>\n<link rel=\"canonical\" href=\"https:\/\/www.anovapeneira.gal\/index.php\/2023\/06\/01\/sobre-a-incidencia-de-podemos-na-area-de-influencia-de-a-nova-peneira-e-sobre-o-que-preveo-acontecera-de-cara-as-eleccions-de-xullo\/\" \/>\n<meta property=\"og:locale\" content=\"gl_ES\" \/>\n<meta property=\"og:type\" content=\"article\" \/>\n<meta property=\"og:title\" content=\"Sobre a incidencia de Podemos na \u00e1rea de influencia de A Nova Peneira e sobre o que preveo acontecer\u00e1 de cara \u00e1s elecci\u00f3ns de xullo -\" \/>\n<meta property=\"og:description\" content=\"A formaci\u00f3n Podemos presentou candidaturas, soa ou en compa\u00f1\u00eda de Esquerda Unida, en 8 dos 34 concellos da nosa \u00e1rea de influencia. Nos outros 26 non foi quen de montar unha lista.\" \/>\n<meta property=\"og:url\" content=\"https:\/\/www.anovapeneira.gal\/index.php\/2023\/06\/01\/sobre-a-incidencia-de-podemos-na-area-de-influencia-de-a-nova-peneira-e-sobre-o-que-preveo-acontecera-de-cara-as-eleccions-de-xullo\/\" \/>\n<meta property=\"article:publisher\" content=\"https:\/\/www.facebook.com\/anovapeneira\" \/>\n<meta property=\"article:published_time\" content=\"2023-06-01T07:06:57+00:00\" \/>\n<meta property=\"article:modified_time\" content=\"2023-06-02T15:51:10+00:00\" \/>\n<meta property=\"og:image\" content=\"https:\/\/www.anovapeneira.gal\/wp-content\/uploads\/2023\/06\/podemos.jpg\" \/>\n\t<meta property=\"og:image:width\" content=\"720\" \/>\n\t<meta property=\"og:image:height\" content=\"432\" \/>\n\t<meta property=\"og:image:type\" content=\"image\/jpeg\" \/>\n<meta name=\"author\" content=\"Redacci\u00f3n A Nova Peneira\" \/>\n<meta name=\"twitter:card\" content=\"summary_large_image\" \/>\n<meta name=\"twitter:creator\" content=\"@APeneira\" \/>\n<meta name=\"twitter:site\" content=\"@APeneira\" \/>\n<meta name=\"twitter:label1\" content=\"Escrito por\" \/>\n\t<meta name=\"twitter:data1\" content=\"Redacci\u00f3n A Nova Peneira\" \/>\n\t<meta name=\"twitter:label2\" content=\"Tempo de lectura\" \/>\n\t<meta name=\"twitter:data2\" content=\"4 minutos\" \/>\n<script type=\"application\/ld+json\" class=\"yoast-schema-graph\">{\"@context\":\"https:\\\/\\\/schema.org\",\"@graph\":[{\"@type\":\"Article\",\"@id\":\"https:\\\/\\\/www.anovapeneira.gal\\\/index.php\\\/2023\\\/06\\\/01\\\/sobre-a-incidencia-de-podemos-na-area-de-influencia-de-a-nova-peneira-e-sobre-o-que-preveo-acontecera-de-cara-as-eleccions-de-xullo\\\/#article\",\"isPartOf\":{\"@id\":\"https:\\\/\\\/www.anovapeneira.gal\\\/index.php\\\/2023\\\/06\\\/01\\\/sobre-a-incidencia-de-podemos-na-area-de-influencia-de-a-nova-peneira-e-sobre-o-que-preveo-acontecera-de-cara-as-eleccions-de-xullo\\\/\"},\"author\":{\"name\":\"Redacci\u00f3n A Nova Peneira\",\"@id\":\"https:\\\/\\\/www.anovapeneira.gal\\\/#\\\/schema\\\/person\\\/b93e3f8932e3f8da96334607eb6ac6aa\"},\"headline\":\"Sobre a incidencia de Podemos na \u00e1rea de influencia de A Nova Peneira e sobre o que preveo acontecer\u00e1 de cara \u00e1s elecci\u00f3ns de xullo\",\"datePublished\":\"2023-06-01T07:06:57+00:00\",\"dateModified\":\"2023-06-02T15:51:10+00:00\",\"mainEntityOfPage\":{\"@id\":\"https:\\\/\\\/www.anovapeneira.gal\\\/index.php\\\/2023\\\/06\\\/01\\\/sobre-a-incidencia-de-podemos-na-area-de-influencia-de-a-nova-peneira-e-sobre-o-que-preveo-acontecera-de-cara-as-eleccions-de-xullo\\\/\"},\"wordCount\":757,\"commentCount\":0,\"publisher\":{\"@id\":\"https:\\\/\\\/www.anovapeneira.gal\\\/#organization\"},\"image\":{\"@id\":\"https:\\\/\\\/www.anovapeneira.gal\\\/index.php\\\/2023\\\/06\\\/01\\\/sobre-a-incidencia-de-podemos-na-area-de-influencia-de-a-nova-peneira-e-sobre-o-que-preveo-acontecera-de-cara-as-eleccions-de-xullo\\\/#primaryimage\"},\"thumbnailUrl\":\"https:\\\/\\\/www.anovapeneira.gal\\\/wp-content\\\/uploads\\\/2023\\\/06\\\/podemos.jpg\",\"keywords\":[\"Podemos Galicia\"],\"articleSection\":[\"Novas\"],\"inLanguage\":\"gl-ES\",\"potentialAction\":[{\"@type\":\"CommentAction\",\"name\":\"Comment\",\"target\":[\"https:\\\/\\\/www.anovapeneira.gal\\\/index.php\\\/2023\\\/06\\\/01\\\/sobre-a-incidencia-de-podemos-na-area-de-influencia-de-a-nova-peneira-e-sobre-o-que-preveo-acontecera-de-cara-as-eleccions-de-xullo\\\/#respond\"]}]},{\"@type\":\"WebPage\",\"@id\":\"https:\\\/\\\/www.anovapeneira.gal\\\/index.php\\\/2023\\\/06\\\/01\\\/sobre-a-incidencia-de-podemos-na-area-de-influencia-de-a-nova-peneira-e-sobre-o-que-preveo-acontecera-de-cara-as-eleccions-de-xullo\\\/\",\"url\":\"https:\\\/\\\/www.anovapeneira.gal\\\/index.php\\\/2023\\\/06\\\/01\\\/sobre-a-incidencia-de-podemos-na-area-de-influencia-de-a-nova-peneira-e-sobre-o-que-preveo-acontecera-de-cara-as-eleccions-de-xullo\\\/\",\"name\":\"Sobre a incidencia de Podemos na \u00e1rea de influencia de A Nova Peneira e sobre o que preveo acontecer\u00e1 de cara \u00e1s elecci\u00f3ns de xullo -\",\"isPartOf\":{\"@id\":\"https:\\\/\\\/www.anovapeneira.gal\\\/#website\"},\"primaryImageOfPage\":{\"@id\":\"https:\\\/\\\/www.anovapeneira.gal\\\/index.php\\\/2023\\\/06\\\/01\\\/sobre-a-incidencia-de-podemos-na-area-de-influencia-de-a-nova-peneira-e-sobre-o-que-preveo-acontecera-de-cara-as-eleccions-de-xullo\\\/#primaryimage\"},\"image\":{\"@id\":\"https:\\\/\\\/www.anovapeneira.gal\\\/index.php\\\/2023\\\/06\\\/01\\\/sobre-a-incidencia-de-podemos-na-area-de-influencia-de-a-nova-peneira-e-sobre-o-que-preveo-acontecera-de-cara-as-eleccions-de-xullo\\\/#primaryimage\"},\"thumbnailUrl\":\"https:\\\/\\\/www.anovapeneira.gal\\\/wp-content\\\/uploads\\\/2023\\\/06\\\/podemos.jpg\",\"datePublished\":\"2023-06-01T07:06:57+00:00\",\"dateModified\":\"2023-06-02T15:51:10+00:00\",\"description\":\"A formaci\u00f3n Podemos presentou candidaturas, soa ou en compa\u00f1\u00eda de Esquerda Unida, en 8 dos 34 concellos da nosa \u00e1rea de influencia. Nos outros 26 non foi quen de montar unha lista.\",\"breadcrumb\":{\"@id\":\"https:\\\/\\\/www.anovapeneira.gal\\\/index.php\\\/2023\\\/06\\\/01\\\/sobre-a-incidencia-de-podemos-na-area-de-influencia-de-a-nova-peneira-e-sobre-o-que-preveo-acontecera-de-cara-as-eleccions-de-xullo\\\/#breadcrumb\"},\"inLanguage\":\"gl-ES\",\"potentialAction\":[{\"@type\":\"ReadAction\",\"target\":[\"https:\\\/\\\/www.anovapeneira.gal\\\/index.php\\\/2023\\\/06\\\/01\\\/sobre-a-incidencia-de-podemos-na-area-de-influencia-de-a-nova-peneira-e-sobre-o-que-preveo-acontecera-de-cara-as-eleccions-de-xullo\\\/\"]}]},{\"@type\":\"ImageObject\",\"inLanguage\":\"gl-ES\",\"@id\":\"https:\\\/\\\/www.anovapeneira.gal\\\/index.php\\\/2023\\\/06\\\/01\\\/sobre-a-incidencia-de-podemos-na-area-de-influencia-de-a-nova-peneira-e-sobre-o-que-preveo-acontecera-de-cara-as-eleccions-de-xullo\\\/#primaryimage\",\"url\":\"https:\\\/\\\/www.anovapeneira.gal\\\/wp-content\\\/uploads\\\/2023\\\/06\\\/podemos.jpg\",\"contentUrl\":\"https:\\\/\\\/www.anovapeneira.gal\\\/wp-content\\\/uploads\\\/2023\\\/06\\\/podemos.jpg\",\"width\":720,\"height\":432,\"caption\":\"podemos\"},{\"@type\":\"BreadcrumbList\",\"@id\":\"https:\\\/\\\/www.anovapeneira.gal\\\/index.php\\\/2023\\\/06\\\/01\\\/sobre-a-incidencia-de-podemos-na-area-de-influencia-de-a-nova-peneira-e-sobre-o-que-preveo-acontecera-de-cara-as-eleccions-de-xullo\\\/#breadcrumb\",\"itemListElement\":[{\"@type\":\"ListItem\",\"position\":1,\"name\":\"Portada\",\"item\":\"https:\\\/\\\/www.anovapeneira.gal\\\/\"},{\"@type\":\"ListItem\",\"position\":2,\"name\":\"Sobre a incidencia de Podemos na \u00e1rea de influencia de A Nova Peneira e sobre o que preveo acontecer\u00e1 de cara \u00e1s elecci\u00f3ns de xullo\"}]},{\"@type\":\"WebSite\",\"@id\":\"https:\\\/\\\/www.anovapeneira.gal\\\/#website\",\"url\":\"https:\\\/\\\/www.anovapeneira.gal\\\/\",\"name\":\"\",\"description\":\"Xornal galego de informaci\u00f3n xeral Publicaci\u00f3n mensual de novas de Galicia e en especial dos Concellos da sur da provincia de Pontevedra.\",\"publisher\":{\"@id\":\"https:\\\/\\\/www.anovapeneira.gal\\\/#organization\"},\"potentialAction\":[{\"@type\":\"SearchAction\",\"target\":{\"@type\":\"EntryPoint\",\"urlTemplate\":\"https:\\\/\\\/www.anovapeneira.gal\\\/?s={search_term_string}\"},\"query-input\":{\"@type\":\"PropertyValueSpecification\",\"valueRequired\":true,\"valueName\":\"search_term_string\"}}],\"inLanguage\":\"gl-ES\"},{\"@type\":\"Organization\",\"@id\":\"https:\\\/\\\/www.anovapeneira.gal\\\/#organization\",\"name\":\"A Nova Peneira\",\"url\":\"https:\\\/\\\/www.anovapeneira.gal\\\/\",\"logo\":{\"@type\":\"ImageObject\",\"inLanguage\":\"gl-ES\",\"@id\":\"https:\\\/\\\/www.anovapeneira.gal\\\/#\\\/schema\\\/logo\\\/image\\\/\",\"url\":\"http:\\\/\\\/www.anovapeneira.gal\\\/wp-content\\\/uploads\\\/2019\\\/06\\\/logo_a_nova_peneira_portal_web.png\",\"contentUrl\":\"http:\\\/\\\/www.anovapeneira.gal\\\/wp-content\\\/uploads\\\/2019\\\/06\\\/logo_a_nova_peneira_portal_web.png\",\"width\":300,\"height\":100,\"caption\":\"A Nova Peneira\"},\"image\":{\"@id\":\"https:\\\/\\\/www.anovapeneira.gal\\\/#\\\/schema\\\/logo\\\/image\\\/\"},\"sameAs\":[\"https:\\\/\\\/www.facebook.com\\\/anovapeneira\",\"https:\\\/\\\/x.com\\\/APeneira\"]},{\"@type\":\"Person\",\"@id\":\"https:\\\/\\\/www.anovapeneira.gal\\\/#\\\/schema\\\/person\\\/b93e3f8932e3f8da96334607eb6ac6aa\",\"name\":\"Redacci\u00f3n A Nova Peneira\",\"image\":{\"@type\":\"ImageObject\",\"inLanguage\":\"gl-ES\",\"@id\":\"https:\\\/\\\/secure.gravatar.com\\\/avatar\\\/c052a2551a06e23fac63626232eaa90abd78dbcf1700fc46a2b2c89fd27b735f?s=96&d=mm&r=g\",\"url\":\"https:\\\/\\\/secure.gravatar.com\\\/avatar\\\/c052a2551a06e23fac63626232eaa90abd78dbcf1700fc46a2b2c89fd27b735f?s=96&d=mm&r=g\",\"contentUrl\":\"https:\\\/\\\/secure.gravatar.com\\\/avatar\\\/c052a2551a06e23fac63626232eaa90abd78dbcf1700fc46a2b2c89fd27b735f?s=96&d=mm&r=g\",\"caption\":\"Redacci\u00f3n A Nova Peneira\"},\"sameAs\":[\"http:\\\/\\\/www.anovapeneira.gal\\\/\"],\"url\":\"https:\\\/\\\/www.anovapeneira.gal\\\/index.php\\\/author\\\/redactor\\\/\"}]}<\/script>\n<!-- \/ Yoast SEO plugin. -->","yoast_head_json":{"title":"Sobre a incidencia de Podemos na \u00e1rea de influencia de A Nova Peneira e sobre o que preveo acontecer\u00e1 de cara \u00e1s elecci\u00f3ns de xullo -","description":"A formaci\u00f3n Podemos presentou candidaturas, soa ou en compa\u00f1\u00eda de Esquerda Unida, en 8 dos 34 concellos da nosa \u00e1rea de influencia. Nos outros 26 non foi quen de montar unha lista.","robots":{"index":"index","follow":"follow","max-snippet":"max-snippet:-1","max-image-preview":"max-image-preview:large","max-video-preview":"max-video-preview:-1"},"canonical":"https:\/\/www.anovapeneira.gal\/index.php\/2023\/06\/01\/sobre-a-incidencia-de-podemos-na-area-de-influencia-de-a-nova-peneira-e-sobre-o-que-preveo-acontecera-de-cara-as-eleccions-de-xullo\/","og_locale":"gl_ES","og_type":"article","og_title":"Sobre a incidencia de Podemos na \u00e1rea de influencia de A Nova Peneira e sobre o que preveo acontecer\u00e1 de cara \u00e1s elecci\u00f3ns de xullo -","og_description":"A formaci\u00f3n Podemos presentou candidaturas, soa ou en compa\u00f1\u00eda de Esquerda Unida, en 8 dos 34 concellos da nosa \u00e1rea de influencia. Nos outros 26 non foi quen de montar unha lista.","og_url":"https:\/\/www.anovapeneira.gal\/index.php\/2023\/06\/01\/sobre-a-incidencia-de-podemos-na-area-de-influencia-de-a-nova-peneira-e-sobre-o-que-preveo-acontecera-de-cara-as-eleccions-de-xullo\/","article_publisher":"https:\/\/www.facebook.com\/anovapeneira","article_published_time":"2023-06-01T07:06:57+00:00","article_modified_time":"2023-06-02T15:51:10+00:00","og_image":[{"width":720,"height":432,"url":"https:\/\/www.anovapeneira.gal\/wp-content\/uploads\/2023\/06\/podemos.jpg","type":"image\/jpeg"}],"author":"Redacci\u00f3n A Nova Peneira","twitter_card":"summary_large_image","twitter_creator":"@APeneira","twitter_site":"@APeneira","twitter_misc":{"Escrito por":"Redacci\u00f3n A Nova Peneira","Tempo de lectura":"4 minutos"},"schema":{"@context":"https:\/\/schema.org","@graph":[{"@type":"Article","@id":"https:\/\/www.anovapeneira.gal\/index.php\/2023\/06\/01\/sobre-a-incidencia-de-podemos-na-area-de-influencia-de-a-nova-peneira-e-sobre-o-que-preveo-acontecera-de-cara-as-eleccions-de-xullo\/#article","isPartOf":{"@id":"https:\/\/www.anovapeneira.gal\/index.php\/2023\/06\/01\/sobre-a-incidencia-de-podemos-na-area-de-influencia-de-a-nova-peneira-e-sobre-o-que-preveo-acontecera-de-cara-as-eleccions-de-xullo\/"},"author":{"name":"Redacci\u00f3n A Nova Peneira","@id":"https:\/\/www.anovapeneira.gal\/#\/schema\/person\/b93e3f8932e3f8da96334607eb6ac6aa"},"headline":"Sobre a incidencia de Podemos na \u00e1rea de influencia de A Nova Peneira e sobre o que preveo acontecer\u00e1 de cara \u00e1s elecci\u00f3ns de xullo","datePublished":"2023-06-01T07:06:57+00:00","dateModified":"2023-06-02T15:51:10+00:00","mainEntityOfPage":{"@id":"https:\/\/www.anovapeneira.gal\/index.php\/2023\/06\/01\/sobre-a-incidencia-de-podemos-na-area-de-influencia-de-a-nova-peneira-e-sobre-o-que-preveo-acontecera-de-cara-as-eleccions-de-xullo\/"},"wordCount":757,"commentCount":0,"publisher":{"@id":"https:\/\/www.anovapeneira.gal\/#organization"},"image":{"@id":"https:\/\/www.anovapeneira.gal\/index.php\/2023\/06\/01\/sobre-a-incidencia-de-podemos-na-area-de-influencia-de-a-nova-peneira-e-sobre-o-que-preveo-acontecera-de-cara-as-eleccions-de-xullo\/#primaryimage"},"thumbnailUrl":"https:\/\/www.anovapeneira.gal\/wp-content\/uploads\/2023\/06\/podemos.jpg","keywords":["Podemos Galicia"],"articleSection":["Novas"],"inLanguage":"gl-ES","potentialAction":[{"@type":"CommentAction","name":"Comment","target":["https:\/\/www.anovapeneira.gal\/index.php\/2023\/06\/01\/sobre-a-incidencia-de-podemos-na-area-de-influencia-de-a-nova-peneira-e-sobre-o-que-preveo-acontecera-de-cara-as-eleccions-de-xullo\/#respond"]}]},{"@type":"WebPage","@id":"https:\/\/www.anovapeneira.gal\/index.php\/2023\/06\/01\/sobre-a-incidencia-de-podemos-na-area-de-influencia-de-a-nova-peneira-e-sobre-o-que-preveo-acontecera-de-cara-as-eleccions-de-xullo\/","url":"https:\/\/www.anovapeneira.gal\/index.php\/2023\/06\/01\/sobre-a-incidencia-de-podemos-na-area-de-influencia-de-a-nova-peneira-e-sobre-o-que-preveo-acontecera-de-cara-as-eleccions-de-xullo\/","name":"Sobre a incidencia de Podemos na \u00e1rea de influencia de A Nova Peneira e sobre o que preveo acontecer\u00e1 de cara \u00e1s elecci\u00f3ns de xullo -","isPartOf":{"@id":"https:\/\/www.anovapeneira.gal\/#website"},"primaryImageOfPage":{"@id":"https:\/\/www.anovapeneira.gal\/index.php\/2023\/06\/01\/sobre-a-incidencia-de-podemos-na-area-de-influencia-de-a-nova-peneira-e-sobre-o-que-preveo-acontecera-de-cara-as-eleccions-de-xullo\/#primaryimage"},"image":{"@id":"https:\/\/www.anovapeneira.gal\/index.php\/2023\/06\/01\/sobre-a-incidencia-de-podemos-na-area-de-influencia-de-a-nova-peneira-e-sobre-o-que-preveo-acontecera-de-cara-as-eleccions-de-xullo\/#primaryimage"},"thumbnailUrl":"https:\/\/www.anovapeneira.gal\/wp-content\/uploads\/2023\/06\/podemos.jpg","datePublished":"2023-06-01T07:06:57+00:00","dateModified":"2023-06-02T15:51:10+00:00","description":"A formaci\u00f3n Podemos presentou candidaturas, soa ou en compa\u00f1\u00eda de Esquerda Unida, en 8 dos 34 concellos da nosa \u00e1rea de influencia. Nos outros 26 non foi quen de montar unha lista.","breadcrumb":{"@id":"https:\/\/www.anovapeneira.gal\/index.php\/2023\/06\/01\/sobre-a-incidencia-de-podemos-na-area-de-influencia-de-a-nova-peneira-e-sobre-o-que-preveo-acontecera-de-cara-as-eleccions-de-xullo\/#breadcrumb"},"inLanguage":"gl-ES","potentialAction":[{"@type":"ReadAction","target":["https:\/\/www.anovapeneira.gal\/index.php\/2023\/06\/01\/sobre-a-incidencia-de-podemos-na-area-de-influencia-de-a-nova-peneira-e-sobre-o-que-preveo-acontecera-de-cara-as-eleccions-de-xullo\/"]}]},{"@type":"ImageObject","inLanguage":"gl-ES","@id":"https:\/\/www.anovapeneira.gal\/index.php\/2023\/06\/01\/sobre-a-incidencia-de-podemos-na-area-de-influencia-de-a-nova-peneira-e-sobre-o-que-preveo-acontecera-de-cara-as-eleccions-de-xullo\/#primaryimage","url":"https:\/\/www.anovapeneira.gal\/wp-content\/uploads\/2023\/06\/podemos.jpg","contentUrl":"https:\/\/www.anovapeneira.gal\/wp-content\/uploads\/2023\/06\/podemos.jpg","width":720,"height":432,"caption":"podemos"},{"@type":"BreadcrumbList","@id":"https:\/\/www.anovapeneira.gal\/index.php\/2023\/06\/01\/sobre-a-incidencia-de-podemos-na-area-de-influencia-de-a-nova-peneira-e-sobre-o-que-preveo-acontecera-de-cara-as-eleccions-de-xullo\/#breadcrumb","itemListElement":[{"@type":"ListItem","position":1,"name":"Portada","item":"https:\/\/www.anovapeneira.gal\/"},{"@type":"ListItem","position":2,"name":"Sobre a incidencia de Podemos na \u00e1rea de influencia de A Nova Peneira e sobre o que preveo acontecer\u00e1 de cara \u00e1s elecci\u00f3ns de xullo"}]},{"@type":"WebSite","@id":"https:\/\/www.anovapeneira.gal\/#website","url":"https:\/\/www.anovapeneira.gal\/","name":"","description":"Xornal galego de informaci\u00f3n xeral Publicaci\u00f3n mensual de novas de Galicia e en especial dos Concellos da sur da provincia de Pontevedra.","publisher":{"@id":"https:\/\/www.anovapeneira.gal\/#organization"},"potentialAction":[{"@type":"SearchAction","target":{"@type":"EntryPoint","urlTemplate":"https:\/\/www.anovapeneira.gal\/?s={search_term_string}"},"query-input":{"@type":"PropertyValueSpecification","valueRequired":true,"valueName":"search_term_string"}}],"inLanguage":"gl-ES"},{"@type":"Organization","@id":"https:\/\/www.anovapeneira.gal\/#organization","name":"A Nova Peneira","url":"https:\/\/www.anovapeneira.gal\/","logo":{"@type":"ImageObject","inLanguage":"gl-ES","@id":"https:\/\/www.anovapeneira.gal\/#\/schema\/logo\/image\/","url":"http:\/\/www.anovapeneira.gal\/wp-content\/uploads\/2019\/06\/logo_a_nova_peneira_portal_web.png","contentUrl":"http:\/\/www.anovapeneira.gal\/wp-content\/uploads\/2019\/06\/logo_a_nova_peneira_portal_web.png","width":300,"height":100,"caption":"A Nova Peneira"},"image":{"@id":"https:\/\/www.anovapeneira.gal\/#\/schema\/logo\/image\/"},"sameAs":["https:\/\/www.facebook.com\/anovapeneira","https:\/\/x.com\/APeneira"]},{"@type":"Person","@id":"https:\/\/www.anovapeneira.gal\/#\/schema\/person\/b93e3f8932e3f8da96334607eb6ac6aa","name":"Redacci\u00f3n A Nova Peneira","image":{"@type":"ImageObject","inLanguage":"gl-ES","@id":"https:\/\/secure.gravatar.com\/avatar\/c052a2551a06e23fac63626232eaa90abd78dbcf1700fc46a2b2c89fd27b735f?s=96&d=mm&r=g","url":"https:\/\/secure.gravatar.com\/avatar\/c052a2551a06e23fac63626232eaa90abd78dbcf1700fc46a2b2c89fd27b735f?s=96&d=mm&r=g","contentUrl":"https:\/\/secure.gravatar.com\/avatar\/c052a2551a06e23fac63626232eaa90abd78dbcf1700fc46a2b2c89fd27b735f?s=96&d=mm&r=g","caption":"Redacci\u00f3n A Nova Peneira"},"sameAs":["http:\/\/www.anovapeneira.gal\/"],"url":"https:\/\/www.anovapeneira.gal\/index.php\/author\/redactor\/"}]}},"jetpack_featured_media_url":"https:\/\/www.anovapeneira.gal\/wp-content\/uploads\/2023\/06\/podemos.jpg","_links":{"self":[{"href":"https:\/\/www.anovapeneira.gal\/index.php\/wp-json\/wp\/v2\/posts\/9819","targetHints":{"allow":["GET"]}}],"collection":[{"href":"https:\/\/www.anovapeneira.gal\/index.php\/wp-json\/wp\/v2\/posts"}],"about":[{"href":"https:\/\/www.anovapeneira.gal\/index.php\/wp-json\/wp\/v2\/types\/post"}],"author":[{"embeddable":true,"href":"https:\/\/www.anovapeneira.gal\/index.php\/wp-json\/wp\/v2\/users\/3"}],"replies":[{"embeddable":true,"href":"https:\/\/www.anovapeneira.gal\/index.php\/wp-json\/wp\/v2\/comments?post=9819"}],"version-history":[{"count":1,"href":"https:\/\/www.anovapeneira.gal\/index.php\/wp-json\/wp\/v2\/posts\/9819\/revisions"}],"predecessor-version":[{"id":9821,"href":"https:\/\/www.anovapeneira.gal\/index.php\/wp-json\/wp\/v2\/posts\/9819\/revisions\/9821"}],"wp:featuredmedia":[{"embeddable":true,"href":"https:\/\/www.anovapeneira.gal\/index.php\/wp-json\/wp\/v2\/media\/9820"}],"wp:attachment":[{"href":"https:\/\/www.anovapeneira.gal\/index.php\/wp-json\/wp\/v2\/media?parent=9819"}],"wp:term":[{"taxonomy":"category","embeddable":true,"href":"https:\/\/www.anovapeneira.gal\/index.php\/wp-json\/wp\/v2\/categories?post=9819"},{"taxonomy":"post_tag","embeddable":true,"href":"https:\/\/www.anovapeneira.gal\/index.php\/wp-json\/wp\/v2\/tags?post=9819"}],"curies":[{"name":"wp","href":"https:\/\/api.w.org\/{rel}","templated":true}]}}