{"id":9822,"date":"2023-06-05T10:00:30","date_gmt":"2023-06-05T08:00:30","guid":{"rendered":"https:\/\/www.anovapeneira.gal\/?p=9822"},"modified":"2023-06-02T17:50:54","modified_gmt":"2023-06-02T15:50:54","slug":"comunicado-do-bng-de-redondela-de-valoracion-do-proceso-de-eleccions-municipais","status":"publish","type":"post","link":"https:\/\/www.anovapeneira.gal\/index.php\/2023\/06\/05\/comunicado-do-bng-de-redondela-de-valoracion-do-proceso-de-eleccions-municipais\/","title":{"rendered":"Comunicado do BNG de Redondela de valoraci\u00f3n do proceso de elecci\u00f3ns municipais"},"content":{"rendered":"\n<p>Vimos de rematar un proceso electoral que culminou coa celebraci\u00f3n de comicios locais o pasado domingo 28 de maio, polo que c\u00f3mpre facer unha valoraci\u00f3n tanto dos resultados electorais como de todo o proceso previo e tam\u00e9n, como non, da situaci\u00f3n que nos deixan os resultados electorais.<\/p>\n\n\n\n<p>En primeiro lugar, e como non poder\u00eda ser doutra forma, c\u00f3mpre destacar o intenso traballo levado a cabo por militantes e simpatizantes, que sacrificaron horas e horas do seu tempo de lecer para colaborar co BNG na campa\u00f1a, tanto nos repartos de propaganda como nas pegadas de cartaces ou mesmo pendur\u00e1ndoos das farolas por todo o concello. O traballo militante e concienciado permite que o BNG poida alcanzar unha visibilidade que outros so conseguen a base de talonario, e pagando empresas para que fagan ese mesmo traballo. Co traballo militante, o BNG aforra di\u00f1eiro, o cal nos permite levar o traballo pol\u00edtico adiante sen d\u00e9bedas coa banca e por tanto coas mans libres. Pero ese traballo, sobre todo, \u00e9nchenos de orgullo, porque sabemos que contamos co apoio de moitas persoas xenerosas, e iso non ten prezo.<\/p>\n\n\n\n<p>En canto aos resultados electorais, sen \u00e1nimo de caer en t\u00f3picos, s\u00f3 podemos cualificalos de moi bos: en Redondela duplicamos a porcentaxe de apoio electoral en comparaci\u00f3n co anterior proceso municipal (dun 8.2% a un 16.12%), e subimos, no c\u00f3mputo xeral en m\u00e1is de 1200 votos. Observando os resultados por parroquias, incrementamos o noso apoio en practicamente todas elas. Interpretamos estes resultados como a proba de que a mensaxe do BNG chegou a moita xente, o cal foi, durante toda a campa\u00f1a, a sensaci\u00f3n de moitos e moitas de n\u00f3s, vista a grande receptividade que amosou pola r\u00faa unha grande cantidade de persoas, que non dubidaron en amosar o seu apoio e agarimo en m\u00faltiples circunstancias. En definitiva, os resultados electorais podemos consideralos bos sen ning\u00fan tipo de matiz, por moito que, por suposto, nos gustar\u00eda que fosen a\u00ednda mellores.<\/p>\n\n\n\n<p>Finalmente, con respecto ao panorama que nos deixan as elecci\u00f3ns do pasado domingo en Redondela, debemos facer un esforzo para ver o panorama completo sen nos deixar cegar polos grandes titulares.<\/p>\n\n\n\n<p>En primeiro lugar, e ante os titulares nos que se fac\u00edan hip\u00f3teses de todo tipo na combinatoria de apoios post-electorais, rexeitamos enerxicamente o feito de que outra organizaci\u00f3n pol\u00edtica tomase a liberdade de falar en nome do BNG. A expensas de que a Asemblea Local dese\u00f1e as estratexias de traballo, en ning\u00fan momento se prantexou a posibilidade de que o candidato \u00e1 alcald\u00eda do BNG, Xo\u00e1n Carlos Gonz\u00e1lez encabece alternativa ningunha. Esta opci\u00f3n ser\u00eda un fraude eleitoral en toda regra, e unha deslealdade cos votantes.<\/p>\n\n\n\n<p>O panorama pol\u00edtico no recentemente electo pleno municipal est\u00e1 evidentemente enrarecido por motivos m\u00e1is persoais e de loita de egos que por cuesti\u00f3ns ideol\u00f3xicas e\/ou pol\u00edticas, polo que non pode ser o BNG quen solucione os problemas doutras organizaci\u00f3ns pol\u00edticas. O BNG pode cuestionar formulaci\u00f3ns pol\u00edticas, programas, ideas, pero non entra no enfrontamento persoal nin no espect\u00e1culo polo espect\u00e1culo, porque entendemos que a pol\u00edtica \u00e9 unha cousa moi seria e que afecta a moitas persoas, non \u00e9 un xogo nin un entretemento, e moito menos unha frivolidade.<\/p>\n\n\n\n<p>A militancia do BNG, as\u00ed como todas as persoas que depositaron en n\u00f3s o seu voto, deben permanecer tranquilas, e agardar a que cada un dos actores pol\u00edticos deste concello se fagan cargo da s\u00faa responsabilidade e deixen de xogar coa vontade democr\u00e1tica do pobo. Desde o BNG tomamos a nosa responsabilidade moi en serio, e tentaremos, como non pode ser doutra forma, que Redondela te\u00f1a durante os pr\u00f3ximos catro anos un goberno estable e de progreso. Por\u00e9n, somos conscientes da forza con que nos dotou o electorado, e entendemos que debemos estar en disposici\u00f3n de dialogar con todos os axentes pol\u00edticos, porque o di\u00e1logo \u00e9 a \u00fanica v\u00eda para a estabilidade e o progreso.<\/p>\n\n\n\n<p>Confiamos en que nos pr\u00f3ximos d\u00edas o sentido com\u00fan e a seriedade triunfen e academos pronto o goberno que o pobo de Redondela elixiu.<\/p>\n","protected":false},"excerpt":{"rendered":"<div class=\"mh-excerpt\"><p>Vimos de rematar un proceso electoral que culminou coa celebraci\u00f3n de comicios locais o pasado domingo 28 de maio, polo que c\u00f3mpre facer unha valoraci\u00f3n tanto dos resultados electorais como de todo o proceso previo e tam\u00e9n, como non, da situaci\u00f3n que nos deixan os resultados electorais <a class=\"mh-excerpt-more\" href=\"https:\/\/www.anovapeneira.gal\/index.php\/2023\/06\/05\/comunicado-do-bng-de-redondela-de-valoracion-do-proceso-de-eleccions-municipais\/\" title=\"Comunicado do BNG de Redondela de valoraci\u00f3n do proceso de elecci\u00f3ns municipais\">[&#8230;]<\/a><\/p>\n<\/div>","protected":false},"author":3,"featured_media":8265,"comment_status":"open","ping_status":"open","sticky":false,"template":"","format":"standard","meta":{"_exactmetrics_skip_tracking":false,"_exactmetrics_sitenote_active":false,"_exactmetrics_sitenote_note":"","_exactmetrics_sitenote_category":0,"footnotes":""},"categories":[24],"tags":[171],"class_list":{"0":"post-9822","1":"post","2":"type-post","3":"status-publish","4":"format-standard","5":"has-post-thumbnail","7":"category-redondela","8":"tag-concello-de-redondela"},"yoast_head":"<!-- This site is optimized with the Yoast SEO plugin v27.4 - https:\/\/yoast.com\/product\/yoast-seo-wordpress\/ -->\n<title>Comunicado do BNG de Redondela de valoraci\u00f3n do proceso de elecci\u00f3ns municipais -<\/title>\n<meta name=\"description\" content=\"Vimos de rematar un proceso electoral que culminou coa celebraci\u00f3n de comicios locais o pasado domingo 28 de maio, polo que c\u00f3mpre facer unha valoraci\u00f3n tanto dos resultados electorais como de todo o proceso previo e tam\u00e9n, como non, da situaci\u00f3n que nos deixan os resultados electorais\" \/>\n<meta name=\"robots\" content=\"index, follow, max-snippet:-1, max-image-preview:large, max-video-preview:-1\" \/>\n<link rel=\"canonical\" href=\"https:\/\/www.anovapeneira.gal\/index.php\/2023\/06\/05\/comunicado-do-bng-de-redondela-de-valoracion-do-proceso-de-eleccions-municipais\/\" \/>\n<meta property=\"og:locale\" content=\"gl_ES\" \/>\n<meta property=\"og:type\" content=\"article\" \/>\n<meta property=\"og:title\" content=\"Comunicado do BNG de Redondela de valoraci\u00f3n do proceso de elecci\u00f3ns municipais -\" \/>\n<meta property=\"og:description\" content=\"Vimos de rematar un proceso electoral que culminou coa celebraci\u00f3n de comicios locais o pasado domingo 28 de maio, polo que c\u00f3mpre facer unha valoraci\u00f3n tanto dos resultados electorais como de todo o proceso previo e tam\u00e9n, como non, da situaci\u00f3n que nos deixan os resultados electorais\" \/>\n<meta property=\"og:url\" content=\"https:\/\/www.anovapeneira.gal\/index.php\/2023\/06\/05\/comunicado-do-bng-de-redondela-de-valoracion-do-proceso-de-eleccions-municipais\/\" \/>\n<meta property=\"article:publisher\" content=\"https:\/\/www.facebook.com\/anovapeneira\" \/>\n<meta property=\"article:published_time\" content=\"2023-06-05T08:00:30+00:00\" \/>\n<meta property=\"og:image\" content=\"https:\/\/www.anovapeneira.gal\/wp-content\/uploads\/2022\/09\/bng_logo_2.jpg\" \/>\n\t<meta property=\"og:image:width\" content=\"720\" \/>\n\t<meta property=\"og:image:height\" content=\"432\" \/>\n\t<meta property=\"og:image:type\" content=\"image\/jpeg\" \/>\n<meta name=\"author\" content=\"Redacci\u00f3n A Nova Peneira\" \/>\n<meta name=\"twitter:card\" content=\"summary_large_image\" \/>\n<meta name=\"twitter:creator\" content=\"@APeneira\" \/>\n<meta name=\"twitter:site\" content=\"@APeneira\" \/>\n<meta name=\"twitter:label1\" content=\"Escrito por\" \/>\n\t<meta name=\"twitter:data1\" content=\"Redacci\u00f3n A Nova Peneira\" \/>\n\t<meta name=\"twitter:label2\" content=\"Tempo de lectura\" \/>\n\t<meta name=\"twitter:data2\" content=\"4 minutos\" \/>\n<script type=\"application\/ld+json\" class=\"yoast-schema-graph\">{\"@context\":\"https:\\\/\\\/schema.org\",\"@graph\":[{\"@type\":\"Article\",\"@id\":\"https:\\\/\\\/www.anovapeneira.gal\\\/index.php\\\/2023\\\/06\\\/05\\\/comunicado-do-bng-de-redondela-de-valoracion-do-proceso-de-eleccions-municipais\\\/#article\",\"isPartOf\":{\"@id\":\"https:\\\/\\\/www.anovapeneira.gal\\\/index.php\\\/2023\\\/06\\\/05\\\/comunicado-do-bng-de-redondela-de-valoracion-do-proceso-de-eleccions-municipais\\\/\"},\"author\":{\"name\":\"Redacci\u00f3n A Nova Peneira\",\"@id\":\"https:\\\/\\\/www.anovapeneira.gal\\\/#\\\/schema\\\/person\\\/b93e3f8932e3f8da96334607eb6ac6aa\"},\"headline\":\"Comunicado do BNG de Redondela de valoraci\u00f3n do proceso de elecci\u00f3ns municipais\",\"datePublished\":\"2023-06-05T08:00:30+00:00\",\"mainEntityOfPage\":{\"@id\":\"https:\\\/\\\/www.anovapeneira.gal\\\/index.php\\\/2023\\\/06\\\/05\\\/comunicado-do-bng-de-redondela-de-valoracion-do-proceso-de-eleccions-municipais\\\/\"},\"wordCount\":734,\"commentCount\":0,\"publisher\":{\"@id\":\"https:\\\/\\\/www.anovapeneira.gal\\\/#organization\"},\"image\":{\"@id\":\"https:\\\/\\\/www.anovapeneira.gal\\\/index.php\\\/2023\\\/06\\\/05\\\/comunicado-do-bng-de-redondela-de-valoracion-do-proceso-de-eleccions-municipais\\\/#primaryimage\"},\"thumbnailUrl\":\"https:\\\/\\\/www.anovapeneira.gal\\\/wp-content\\\/uploads\\\/2022\\\/09\\\/bng_logo_2.jpg\",\"keywords\":[\"Concello de Redondela\"],\"articleSection\":[\"Redondela\"],\"inLanguage\":\"gl-ES\",\"potentialAction\":[{\"@type\":\"CommentAction\",\"name\":\"Comment\",\"target\":[\"https:\\\/\\\/www.anovapeneira.gal\\\/index.php\\\/2023\\\/06\\\/05\\\/comunicado-do-bng-de-redondela-de-valoracion-do-proceso-de-eleccions-municipais\\\/#respond\"]}]},{\"@type\":\"WebPage\",\"@id\":\"https:\\\/\\\/www.anovapeneira.gal\\\/index.php\\\/2023\\\/06\\\/05\\\/comunicado-do-bng-de-redondela-de-valoracion-do-proceso-de-eleccions-municipais\\\/\",\"url\":\"https:\\\/\\\/www.anovapeneira.gal\\\/index.php\\\/2023\\\/06\\\/05\\\/comunicado-do-bng-de-redondela-de-valoracion-do-proceso-de-eleccions-municipais\\\/\",\"name\":\"Comunicado do BNG de Redondela de valoraci\u00f3n do proceso de elecci\u00f3ns municipais -\",\"isPartOf\":{\"@id\":\"https:\\\/\\\/www.anovapeneira.gal\\\/#website\"},\"primaryImageOfPage\":{\"@id\":\"https:\\\/\\\/www.anovapeneira.gal\\\/index.php\\\/2023\\\/06\\\/05\\\/comunicado-do-bng-de-redondela-de-valoracion-do-proceso-de-eleccions-municipais\\\/#primaryimage\"},\"image\":{\"@id\":\"https:\\\/\\\/www.anovapeneira.gal\\\/index.php\\\/2023\\\/06\\\/05\\\/comunicado-do-bng-de-redondela-de-valoracion-do-proceso-de-eleccions-municipais\\\/#primaryimage\"},\"thumbnailUrl\":\"https:\\\/\\\/www.anovapeneira.gal\\\/wp-content\\\/uploads\\\/2022\\\/09\\\/bng_logo_2.jpg\",\"datePublished\":\"2023-06-05T08:00:30+00:00\",\"description\":\"Vimos de rematar un proceso electoral que culminou coa celebraci\u00f3n de comicios locais o pasado domingo 28 de maio, polo que c\u00f3mpre facer unha valoraci\u00f3n tanto dos resultados electorais como de todo o proceso previo e tam\u00e9n, como non, da situaci\u00f3n que nos deixan os resultados electorais\",\"breadcrumb\":{\"@id\":\"https:\\\/\\\/www.anovapeneira.gal\\\/index.php\\\/2023\\\/06\\\/05\\\/comunicado-do-bng-de-redondela-de-valoracion-do-proceso-de-eleccions-municipais\\\/#breadcrumb\"},\"inLanguage\":\"gl-ES\",\"potentialAction\":[{\"@type\":\"ReadAction\",\"target\":[\"https:\\\/\\\/www.anovapeneira.gal\\\/index.php\\\/2023\\\/06\\\/05\\\/comunicado-do-bng-de-redondela-de-valoracion-do-proceso-de-eleccions-municipais\\\/\"]}]},{\"@type\":\"ImageObject\",\"inLanguage\":\"gl-ES\",\"@id\":\"https:\\\/\\\/www.anovapeneira.gal\\\/index.php\\\/2023\\\/06\\\/05\\\/comunicado-do-bng-de-redondela-de-valoracion-do-proceso-de-eleccions-municipais\\\/#primaryimage\",\"url\":\"https:\\\/\\\/www.anovapeneira.gal\\\/wp-content\\\/uploads\\\/2022\\\/09\\\/bng_logo_2.jpg\",\"contentUrl\":\"https:\\\/\\\/www.anovapeneira.gal\\\/wp-content\\\/uploads\\\/2022\\\/09\\\/bng_logo_2.jpg\",\"width\":720,\"height\":432,\"caption\":\"Logotipo BNG\"},{\"@type\":\"BreadcrumbList\",\"@id\":\"https:\\\/\\\/www.anovapeneira.gal\\\/index.php\\\/2023\\\/06\\\/05\\\/comunicado-do-bng-de-redondela-de-valoracion-do-proceso-de-eleccions-municipais\\\/#breadcrumb\",\"itemListElement\":[{\"@type\":\"ListItem\",\"position\":1,\"name\":\"Portada\",\"item\":\"https:\\\/\\\/www.anovapeneira.gal\\\/\"},{\"@type\":\"ListItem\",\"position\":2,\"name\":\"Comunicado do BNG de Redondela de valoraci\u00f3n do proceso de elecci\u00f3ns municipais\"}]},{\"@type\":\"WebSite\",\"@id\":\"https:\\\/\\\/www.anovapeneira.gal\\\/#website\",\"url\":\"https:\\\/\\\/www.anovapeneira.gal\\\/\",\"name\":\"\",\"description\":\"Xornal galego de informaci\u00f3n xeral Publicaci\u00f3n mensual de novas de Galicia e en especial dos Concellos da sur da provincia de Pontevedra.\",\"publisher\":{\"@id\":\"https:\\\/\\\/www.anovapeneira.gal\\\/#organization\"},\"potentialAction\":[{\"@type\":\"SearchAction\",\"target\":{\"@type\":\"EntryPoint\",\"urlTemplate\":\"https:\\\/\\\/www.anovapeneira.gal\\\/?s={search_term_string}\"},\"query-input\":{\"@type\":\"PropertyValueSpecification\",\"valueRequired\":true,\"valueName\":\"search_term_string\"}}],\"inLanguage\":\"gl-ES\"},{\"@type\":\"Organization\",\"@id\":\"https:\\\/\\\/www.anovapeneira.gal\\\/#organization\",\"name\":\"A Nova Peneira\",\"url\":\"https:\\\/\\\/www.anovapeneira.gal\\\/\",\"logo\":{\"@type\":\"ImageObject\",\"inLanguage\":\"gl-ES\",\"@id\":\"https:\\\/\\\/www.anovapeneira.gal\\\/#\\\/schema\\\/logo\\\/image\\\/\",\"url\":\"http:\\\/\\\/www.anovapeneira.gal\\\/wp-content\\\/uploads\\\/2019\\\/06\\\/logo_a_nova_peneira_portal_web.png\",\"contentUrl\":\"http:\\\/\\\/www.anovapeneira.gal\\\/wp-content\\\/uploads\\\/2019\\\/06\\\/logo_a_nova_peneira_portal_web.png\",\"width\":300,\"height\":100,\"caption\":\"A Nova Peneira\"},\"image\":{\"@id\":\"https:\\\/\\\/www.anovapeneira.gal\\\/#\\\/schema\\\/logo\\\/image\\\/\"},\"sameAs\":[\"https:\\\/\\\/www.facebook.com\\\/anovapeneira\",\"https:\\\/\\\/x.com\\\/APeneira\"]},{\"@type\":\"Person\",\"@id\":\"https:\\\/\\\/www.anovapeneira.gal\\\/#\\\/schema\\\/person\\\/b93e3f8932e3f8da96334607eb6ac6aa\",\"name\":\"Redacci\u00f3n A Nova Peneira\",\"image\":{\"@type\":\"ImageObject\",\"inLanguage\":\"gl-ES\",\"@id\":\"https:\\\/\\\/secure.gravatar.com\\\/avatar\\\/c052a2551a06e23fac63626232eaa90abd78dbcf1700fc46a2b2c89fd27b735f?s=96&d=mm&r=g\",\"url\":\"https:\\\/\\\/secure.gravatar.com\\\/avatar\\\/c052a2551a06e23fac63626232eaa90abd78dbcf1700fc46a2b2c89fd27b735f?s=96&d=mm&r=g\",\"contentUrl\":\"https:\\\/\\\/secure.gravatar.com\\\/avatar\\\/c052a2551a06e23fac63626232eaa90abd78dbcf1700fc46a2b2c89fd27b735f?s=96&d=mm&r=g\",\"caption\":\"Redacci\u00f3n A Nova Peneira\"},\"sameAs\":[\"http:\\\/\\\/www.anovapeneira.gal\\\/\"],\"url\":\"https:\\\/\\\/www.anovapeneira.gal\\\/index.php\\\/author\\\/redactor\\\/\"}]}<\/script>\n<!-- \/ Yoast SEO plugin. -->","yoast_head_json":{"title":"Comunicado do BNG de Redondela de valoraci\u00f3n do proceso de elecci\u00f3ns municipais -","description":"Vimos de rematar un proceso electoral que culminou coa celebraci\u00f3n de comicios locais o pasado domingo 28 de maio, polo que c\u00f3mpre facer unha valoraci\u00f3n tanto dos resultados electorais como de todo o proceso previo e tam\u00e9n, como non, da situaci\u00f3n que nos deixan os resultados electorais","robots":{"index":"index","follow":"follow","max-snippet":"max-snippet:-1","max-image-preview":"max-image-preview:large","max-video-preview":"max-video-preview:-1"},"canonical":"https:\/\/www.anovapeneira.gal\/index.php\/2023\/06\/05\/comunicado-do-bng-de-redondela-de-valoracion-do-proceso-de-eleccions-municipais\/","og_locale":"gl_ES","og_type":"article","og_title":"Comunicado do BNG de Redondela de valoraci\u00f3n do proceso de elecci\u00f3ns municipais -","og_description":"Vimos de rematar un proceso electoral que culminou coa celebraci\u00f3n de comicios locais o pasado domingo 28 de maio, polo que c\u00f3mpre facer unha valoraci\u00f3n tanto dos resultados electorais como de todo o proceso previo e tam\u00e9n, como non, da situaci\u00f3n que nos deixan os resultados electorais","og_url":"https:\/\/www.anovapeneira.gal\/index.php\/2023\/06\/05\/comunicado-do-bng-de-redondela-de-valoracion-do-proceso-de-eleccions-municipais\/","article_publisher":"https:\/\/www.facebook.com\/anovapeneira","article_published_time":"2023-06-05T08:00:30+00:00","og_image":[{"width":720,"height":432,"url":"https:\/\/www.anovapeneira.gal\/wp-content\/uploads\/2022\/09\/bng_logo_2.jpg","type":"image\/jpeg"}],"author":"Redacci\u00f3n A Nova Peneira","twitter_card":"summary_large_image","twitter_creator":"@APeneira","twitter_site":"@APeneira","twitter_misc":{"Escrito por":"Redacci\u00f3n A Nova Peneira","Tempo de lectura":"4 minutos"},"schema":{"@context":"https:\/\/schema.org","@graph":[{"@type":"Article","@id":"https:\/\/www.anovapeneira.gal\/index.php\/2023\/06\/05\/comunicado-do-bng-de-redondela-de-valoracion-do-proceso-de-eleccions-municipais\/#article","isPartOf":{"@id":"https:\/\/www.anovapeneira.gal\/index.php\/2023\/06\/05\/comunicado-do-bng-de-redondela-de-valoracion-do-proceso-de-eleccions-municipais\/"},"author":{"name":"Redacci\u00f3n A Nova Peneira","@id":"https:\/\/www.anovapeneira.gal\/#\/schema\/person\/b93e3f8932e3f8da96334607eb6ac6aa"},"headline":"Comunicado do BNG de Redondela de valoraci\u00f3n do proceso de elecci\u00f3ns municipais","datePublished":"2023-06-05T08:00:30+00:00","mainEntityOfPage":{"@id":"https:\/\/www.anovapeneira.gal\/index.php\/2023\/06\/05\/comunicado-do-bng-de-redondela-de-valoracion-do-proceso-de-eleccions-municipais\/"},"wordCount":734,"commentCount":0,"publisher":{"@id":"https:\/\/www.anovapeneira.gal\/#organization"},"image":{"@id":"https:\/\/www.anovapeneira.gal\/index.php\/2023\/06\/05\/comunicado-do-bng-de-redondela-de-valoracion-do-proceso-de-eleccions-municipais\/#primaryimage"},"thumbnailUrl":"https:\/\/www.anovapeneira.gal\/wp-content\/uploads\/2022\/09\/bng_logo_2.jpg","keywords":["Concello de Redondela"],"articleSection":["Redondela"],"inLanguage":"gl-ES","potentialAction":[{"@type":"CommentAction","name":"Comment","target":["https:\/\/www.anovapeneira.gal\/index.php\/2023\/06\/05\/comunicado-do-bng-de-redondela-de-valoracion-do-proceso-de-eleccions-municipais\/#respond"]}]},{"@type":"WebPage","@id":"https:\/\/www.anovapeneira.gal\/index.php\/2023\/06\/05\/comunicado-do-bng-de-redondela-de-valoracion-do-proceso-de-eleccions-municipais\/","url":"https:\/\/www.anovapeneira.gal\/index.php\/2023\/06\/05\/comunicado-do-bng-de-redondela-de-valoracion-do-proceso-de-eleccions-municipais\/","name":"Comunicado do BNG de Redondela de valoraci\u00f3n do proceso de elecci\u00f3ns municipais -","isPartOf":{"@id":"https:\/\/www.anovapeneira.gal\/#website"},"primaryImageOfPage":{"@id":"https:\/\/www.anovapeneira.gal\/index.php\/2023\/06\/05\/comunicado-do-bng-de-redondela-de-valoracion-do-proceso-de-eleccions-municipais\/#primaryimage"},"image":{"@id":"https:\/\/www.anovapeneira.gal\/index.php\/2023\/06\/05\/comunicado-do-bng-de-redondela-de-valoracion-do-proceso-de-eleccions-municipais\/#primaryimage"},"thumbnailUrl":"https:\/\/www.anovapeneira.gal\/wp-content\/uploads\/2022\/09\/bng_logo_2.jpg","datePublished":"2023-06-05T08:00:30+00:00","description":"Vimos de rematar un proceso electoral que culminou coa celebraci\u00f3n de comicios locais o pasado domingo 28 de maio, polo que c\u00f3mpre facer unha valoraci\u00f3n tanto dos resultados electorais como de todo o proceso previo e tam\u00e9n, como non, da situaci\u00f3n que nos deixan os resultados electorais","breadcrumb":{"@id":"https:\/\/www.anovapeneira.gal\/index.php\/2023\/06\/05\/comunicado-do-bng-de-redondela-de-valoracion-do-proceso-de-eleccions-municipais\/#breadcrumb"},"inLanguage":"gl-ES","potentialAction":[{"@type":"ReadAction","target":["https:\/\/www.anovapeneira.gal\/index.php\/2023\/06\/05\/comunicado-do-bng-de-redondela-de-valoracion-do-proceso-de-eleccions-municipais\/"]}]},{"@type":"ImageObject","inLanguage":"gl-ES","@id":"https:\/\/www.anovapeneira.gal\/index.php\/2023\/06\/05\/comunicado-do-bng-de-redondela-de-valoracion-do-proceso-de-eleccions-municipais\/#primaryimage","url":"https:\/\/www.anovapeneira.gal\/wp-content\/uploads\/2022\/09\/bng_logo_2.jpg","contentUrl":"https:\/\/www.anovapeneira.gal\/wp-content\/uploads\/2022\/09\/bng_logo_2.jpg","width":720,"height":432,"caption":"Logotipo BNG"},{"@type":"BreadcrumbList","@id":"https:\/\/www.anovapeneira.gal\/index.php\/2023\/06\/05\/comunicado-do-bng-de-redondela-de-valoracion-do-proceso-de-eleccions-municipais\/#breadcrumb","itemListElement":[{"@type":"ListItem","position":1,"name":"Portada","item":"https:\/\/www.anovapeneira.gal\/"},{"@type":"ListItem","position":2,"name":"Comunicado do BNG de Redondela de valoraci\u00f3n do proceso de elecci\u00f3ns municipais"}]},{"@type":"WebSite","@id":"https:\/\/www.anovapeneira.gal\/#website","url":"https:\/\/www.anovapeneira.gal\/","name":"","description":"Xornal galego de informaci\u00f3n xeral Publicaci\u00f3n mensual de novas de Galicia e en especial dos Concellos da sur da provincia de Pontevedra.","publisher":{"@id":"https:\/\/www.anovapeneira.gal\/#organization"},"potentialAction":[{"@type":"SearchAction","target":{"@type":"EntryPoint","urlTemplate":"https:\/\/www.anovapeneira.gal\/?s={search_term_string}"},"query-input":{"@type":"PropertyValueSpecification","valueRequired":true,"valueName":"search_term_string"}}],"inLanguage":"gl-ES"},{"@type":"Organization","@id":"https:\/\/www.anovapeneira.gal\/#organization","name":"A Nova Peneira","url":"https:\/\/www.anovapeneira.gal\/","logo":{"@type":"ImageObject","inLanguage":"gl-ES","@id":"https:\/\/www.anovapeneira.gal\/#\/schema\/logo\/image\/","url":"http:\/\/www.anovapeneira.gal\/wp-content\/uploads\/2019\/06\/logo_a_nova_peneira_portal_web.png","contentUrl":"http:\/\/www.anovapeneira.gal\/wp-content\/uploads\/2019\/06\/logo_a_nova_peneira_portal_web.png","width":300,"height":100,"caption":"A Nova Peneira"},"image":{"@id":"https:\/\/www.anovapeneira.gal\/#\/schema\/logo\/image\/"},"sameAs":["https:\/\/www.facebook.com\/anovapeneira","https:\/\/x.com\/APeneira"]},{"@type":"Person","@id":"https:\/\/www.anovapeneira.gal\/#\/schema\/person\/b93e3f8932e3f8da96334607eb6ac6aa","name":"Redacci\u00f3n A Nova Peneira","image":{"@type":"ImageObject","inLanguage":"gl-ES","@id":"https:\/\/secure.gravatar.com\/avatar\/c052a2551a06e23fac63626232eaa90abd78dbcf1700fc46a2b2c89fd27b735f?s=96&d=mm&r=g","url":"https:\/\/secure.gravatar.com\/avatar\/c052a2551a06e23fac63626232eaa90abd78dbcf1700fc46a2b2c89fd27b735f?s=96&d=mm&r=g","contentUrl":"https:\/\/secure.gravatar.com\/avatar\/c052a2551a06e23fac63626232eaa90abd78dbcf1700fc46a2b2c89fd27b735f?s=96&d=mm&r=g","caption":"Redacci\u00f3n A Nova Peneira"},"sameAs":["http:\/\/www.anovapeneira.gal\/"],"url":"https:\/\/www.anovapeneira.gal\/index.php\/author\/redactor\/"}]}},"jetpack_featured_media_url":"https:\/\/www.anovapeneira.gal\/wp-content\/uploads\/2022\/09\/bng_logo_2.jpg","_links":{"self":[{"href":"https:\/\/www.anovapeneira.gal\/index.php\/wp-json\/wp\/v2\/posts\/9822","targetHints":{"allow":["GET"]}}],"collection":[{"href":"https:\/\/www.anovapeneira.gal\/index.php\/wp-json\/wp\/v2\/posts"}],"about":[{"href":"https:\/\/www.anovapeneira.gal\/index.php\/wp-json\/wp\/v2\/types\/post"}],"author":[{"embeddable":true,"href":"https:\/\/www.anovapeneira.gal\/index.php\/wp-json\/wp\/v2\/users\/3"}],"replies":[{"embeddable":true,"href":"https:\/\/www.anovapeneira.gal\/index.php\/wp-json\/wp\/v2\/comments?post=9822"}],"version-history":[{"count":1,"href":"https:\/\/www.anovapeneira.gal\/index.php\/wp-json\/wp\/v2\/posts\/9822\/revisions"}],"predecessor-version":[{"id":9823,"href":"https:\/\/www.anovapeneira.gal\/index.php\/wp-json\/wp\/v2\/posts\/9822\/revisions\/9823"}],"wp:featuredmedia":[{"embeddable":true,"href":"https:\/\/www.anovapeneira.gal\/index.php\/wp-json\/wp\/v2\/media\/8265"}],"wp:attachment":[{"href":"https:\/\/www.anovapeneira.gal\/index.php\/wp-json\/wp\/v2\/media?parent=9822"}],"wp:term":[{"taxonomy":"category","embeddable":true,"href":"https:\/\/www.anovapeneira.gal\/index.php\/wp-json\/wp\/v2\/categories?post=9822"},{"taxonomy":"post_tag","embeddable":true,"href":"https:\/\/www.anovapeneira.gal\/index.php\/wp-json\/wp\/v2\/tags?post=9822"}],"curies":[{"name":"wp","href":"https:\/\/api.w.org\/{rel}","templated":true}]}}