{"id":9824,"date":"2023-06-05T12:00:11","date_gmt":"2023-06-05T10:00:11","guid":{"rendered":"https:\/\/www.anovapeneira.gal\/?p=9824"},"modified":"2023-06-02T17:59:37","modified_gmt":"2023-06-02T15:59:37","slug":"o-porrino-avanza-na-mellora-dos-parques-infantis","status":"publish","type":"post","link":"https:\/\/www.anovapeneira.gal\/index.php\/2023\/06\/05\/o-porrino-avanza-na-mellora-dos-parques-infantis\/","title":{"rendered":"O Porri\u00f1o avanza na mellora dos parques infant\u00eds"},"content":{"rendered":"\n<h2 class=\"wp-block-heading\">Os traballos de acondicionamento e mellora dos parques infant\u00eds abranguen 33 zonas de xogo e parques biosaudables no centro urbano e parroquias e rematar\u00e1n en menos de seis meses<\/h2>\n\n\n\n<p><strong>O Porri\u00f1o, 1 de xu\u00f1o de 2023.<\/strong><\/p>\n\n\n\n<p>O Concello do Porri\u00f1o avanza no seu obxectivo de acondicionar e mellorar todos os parques infant\u00eds. Os traballos, que abranguen 33 zonas de xogo do centro urbano e das parroquias, est\u00e1n a ser acometidos con varias v\u00edas de financiaci\u00f3n, alg\u00fan deles con fondos propios e outros con cargo a unha li\u00f1a de axudas do Plan Concellos da Deputaci\u00f3n Provincial que sup\u00f3n unha inversi\u00f3n de 228.000 euros.<\/p>\n\n\n\n<p>Os traballos licitados contemplan sete parques do centro da vila nos que se est\u00e1n a acometer limpezas, melloras e reparaci\u00f3ns son o do Cristo, o do Matadoiro, o de Fontevella (P\u00edo XXII), o do Cami\u00f1o do Cando (fronte \u00e1 Igrexa), o da urbanizaci\u00f3n O Sol, o de Lamazares e o do Campo da Feira. As actuaci\u00f3ns a levar a cabo cenr\u00e1ronse principalmente na reparaci\u00f3n dos pavimentos coa colocaci\u00f3n de c\u00e9spede sint\u00e9tico en cinco deles, o arranxo de diferentes elementos ou partes destes (tobog\u00e1ns, columpios, balanc\u00edns\u2026.) alg\u00fans dos cales foron substitu\u00eddos por outros novos; axuste e fixaci\u00f3n de pezas e elementos; limpeza e preparaci\u00f3n de distintas superficies para posterior aplicaci\u00f3n de pintura e verniz protector.<\/p>\n\n\n\n<p>En Torneiros estase a actuar en dous parques, no da fase II e no da fase III. Al\u00ed tam\u00e9n se acometen reparaci\u00f3ns e limpezas de diferentes elementos de xogo, as\u00ed como o reemprazo de pezas novas, e a maiores tam\u00e9n se est\u00e1n a arranxar os bancos. Ademais, no primeiro deles estase a substituir o actual pavimento coa colocaci\u00f3n dunha capa de area e no segundo ser\u00e1 preciso toda a retirada do pavimento existente e a disposici\u00f3n dun novo con instalaci\u00f3n de c\u00e9spede sint\u00e9tico.<\/p>\n\n\n\n<p>Os outros parques que completan a lista son o da Escola Unitaria de Mosende e o de San Diego, na mesma parroquia. No da escola levarase a cabo unha recolocaci\u00f3n dos elementos de xogo, que ser\u00e1n postos a punto; colocarase unha capa de area e procederase \u00e1 retirada do peche perimetral para a instalaci\u00f3n dun novo. No outro, ademais da reparaci\u00f3n e limpeza das diferentes estruturas, demolerase o pavimento e realizarase un novo.<\/p>\n\n\n\n<p>A superficie na que se actuar\u00e1 nestas sete \u00e1reas de xogos suman un total de 2.280 metros cadrados.<\/p>\n\n\n\n<p>A maiores, como xa dixemos, estas actuaci\u00f3ns complet\u00e1ronse con melloras no resto dos parques sufragadas con fondos propios. Moitas delas xa executadas como o de Carracido, A Gra\u00f1a en Cans, Candosa, San Paio, A Gu\u00eda, Vilafr\u00eda, Cerquido, Orbenlle, A Forna, Sangu\u00edo, Devesa ou Costeira.<\/p>\n\n\n\n<p>\u201cMante\u00f1o o meu compromiso de facer do Porri\u00f1o unha aut\u00e9ntica cidade da infancia e por iso a mellora dos parques infant\u00eds \u00e9 unha prioridade\u201d, explicou o alcalde, Alejandro Lorenzo, \u201cHai moitos nenos e nenas no pobo, non s\u00f3 no centro urbano, sen\u00f3n tam\u00e9n nas parroquias e todos eles te\u00f1en que disponer de espazos seguros para xuntarse a xogar. Por iso non s\u00f3 acondicionaremos as existentes, sen\u00f3n que farei o preciso para habilitar novos parques para eles\u201d<\/p>\n","protected":false},"excerpt":{"rendered":"<div class=\"mh-excerpt\"><p>Os traballos de acondicionamento e mellora dos parques infant\u00eds abranguen 33 zonas de xogo e parques biosaudables no centro urbano e parroquias e rematar\u00e1n en menos de seis meses <a class=\"mh-excerpt-more\" href=\"https:\/\/www.anovapeneira.gal\/index.php\/2023\/06\/05\/o-porrino-avanza-na-mellora-dos-parques-infantis\/\" title=\"O Porri\u00f1o avanza na mellora dos parques infant\u00eds\">[&#8230;]<\/a><\/p>\n<\/div>","protected":false},"author":3,"featured_media":9825,"comment_status":"open","ping_status":"open","sticky":false,"template":"","format":"standard","meta":{"_exactmetrics_skip_tracking":false,"_exactmetrics_sitenote_active":false,"_exactmetrics_sitenote_note":"","_exactmetrics_sitenote_category":0,"footnotes":""},"categories":[23],"tags":[411],"class_list":{"0":"post-9824","1":"post","2":"type-post","3":"status-publish","4":"format-standard","5":"has-post-thumbnail","7":"category-a-lourina","8":"tag-concello-do-porrino"},"yoast_head":"<!-- This site is optimized with the Yoast SEO plugin v27.4 - https:\/\/yoast.com\/product\/yoast-seo-wordpress\/ -->\n<title>O Porri\u00f1o avanza na mellora dos parques infant\u00eds -<\/title>\n<meta name=\"description\" content=\"Os traballos de acondicionamento e mellora dos parques infant\u00eds abranguen 33 zonas de xogo e parques biosaudables no centro urbano e parroquias e rematar\u00e1n en menos de seis meses\" \/>\n<meta name=\"robots\" content=\"index, follow, max-snippet:-1, max-image-preview:large, max-video-preview:-1\" \/>\n<link rel=\"canonical\" href=\"https:\/\/www.anovapeneira.gal\/index.php\/2023\/06\/05\/o-porrino-avanza-na-mellora-dos-parques-infantis\/\" \/>\n<meta property=\"og:locale\" content=\"gl_ES\" \/>\n<meta property=\"og:type\" content=\"article\" \/>\n<meta property=\"og:title\" content=\"O Porri\u00f1o avanza na mellora dos parques infant\u00eds -\" \/>\n<meta property=\"og:description\" content=\"Os traballos de acondicionamento e mellora dos parques infant\u00eds abranguen 33 zonas de xogo e parques biosaudables no centro urbano e parroquias e rematar\u00e1n en menos de seis meses\" \/>\n<meta property=\"og:url\" content=\"https:\/\/www.anovapeneira.gal\/index.php\/2023\/06\/05\/o-porrino-avanza-na-mellora-dos-parques-infantis\/\" \/>\n<meta property=\"article:publisher\" content=\"https:\/\/www.facebook.com\/anovapeneira\" \/>\n<meta property=\"article:published_time\" content=\"2023-06-05T10:00:11+00:00\" \/>\n<meta property=\"og:image\" content=\"https:\/\/www.anovapeneira.gal\/wp-content\/uploads\/2023\/06\/parques_porrino.jpg\" \/>\n\t<meta property=\"og:image:width\" content=\"720\" \/>\n\t<meta property=\"og:image:height\" content=\"432\" \/>\n\t<meta property=\"og:image:type\" content=\"image\/jpeg\" \/>\n<meta name=\"author\" content=\"Redacci\u00f3n A Nova Peneira\" \/>\n<meta name=\"twitter:card\" content=\"summary_large_image\" \/>\n<meta name=\"twitter:creator\" content=\"@APeneira\" \/>\n<meta name=\"twitter:site\" content=\"@APeneira\" \/>\n<meta name=\"twitter:label1\" content=\"Escrito por\" \/>\n\t<meta name=\"twitter:data1\" content=\"Redacci\u00f3n A Nova Peneira\" \/>\n\t<meta name=\"twitter:label2\" content=\"Tempo de lectura\" \/>\n\t<meta name=\"twitter:data2\" content=\"3 minutos\" \/>\n<script type=\"application\/ld+json\" class=\"yoast-schema-graph\">{\"@context\":\"https:\\\/\\\/schema.org\",\"@graph\":[{\"@type\":\"Article\",\"@id\":\"https:\\\/\\\/www.anovapeneira.gal\\\/index.php\\\/2023\\\/06\\\/05\\\/o-porrino-avanza-na-mellora-dos-parques-infantis\\\/#article\",\"isPartOf\":{\"@id\":\"https:\\\/\\\/www.anovapeneira.gal\\\/index.php\\\/2023\\\/06\\\/05\\\/o-porrino-avanza-na-mellora-dos-parques-infantis\\\/\"},\"author\":{\"name\":\"Redacci\u00f3n A Nova Peneira\",\"@id\":\"https:\\\/\\\/www.anovapeneira.gal\\\/#\\\/schema\\\/person\\\/b93e3f8932e3f8da96334607eb6ac6aa\"},\"headline\":\"O Porri\u00f1o avanza na mellora dos parques infant\u00eds\",\"datePublished\":\"2023-06-05T10:00:11+00:00\",\"mainEntityOfPage\":{\"@id\":\"https:\\\/\\\/www.anovapeneira.gal\\\/index.php\\\/2023\\\/06\\\/05\\\/o-porrino-avanza-na-mellora-dos-parques-infantis\\\/\"},\"wordCount\":570,\"commentCount\":0,\"publisher\":{\"@id\":\"https:\\\/\\\/www.anovapeneira.gal\\\/#organization\"},\"image\":{\"@id\":\"https:\\\/\\\/www.anovapeneira.gal\\\/index.php\\\/2023\\\/06\\\/05\\\/o-porrino-avanza-na-mellora-dos-parques-infantis\\\/#primaryimage\"},\"thumbnailUrl\":\"https:\\\/\\\/www.anovapeneira.gal\\\/wp-content\\\/uploads\\\/2023\\\/06\\\/parques_porrino.jpg\",\"keywords\":[\"Concello do Porri\u00f1o\"],\"articleSection\":[\"A Louri\u00f1a\"],\"inLanguage\":\"gl-ES\",\"potentialAction\":[{\"@type\":\"CommentAction\",\"name\":\"Comment\",\"target\":[\"https:\\\/\\\/www.anovapeneira.gal\\\/index.php\\\/2023\\\/06\\\/05\\\/o-porrino-avanza-na-mellora-dos-parques-infantis\\\/#respond\"]}]},{\"@type\":\"WebPage\",\"@id\":\"https:\\\/\\\/www.anovapeneira.gal\\\/index.php\\\/2023\\\/06\\\/05\\\/o-porrino-avanza-na-mellora-dos-parques-infantis\\\/\",\"url\":\"https:\\\/\\\/www.anovapeneira.gal\\\/index.php\\\/2023\\\/06\\\/05\\\/o-porrino-avanza-na-mellora-dos-parques-infantis\\\/\",\"name\":\"O Porri\u00f1o avanza na mellora dos parques infant\u00eds -\",\"isPartOf\":{\"@id\":\"https:\\\/\\\/www.anovapeneira.gal\\\/#website\"},\"primaryImageOfPage\":{\"@id\":\"https:\\\/\\\/www.anovapeneira.gal\\\/index.php\\\/2023\\\/06\\\/05\\\/o-porrino-avanza-na-mellora-dos-parques-infantis\\\/#primaryimage\"},\"image\":{\"@id\":\"https:\\\/\\\/www.anovapeneira.gal\\\/index.php\\\/2023\\\/06\\\/05\\\/o-porrino-avanza-na-mellora-dos-parques-infantis\\\/#primaryimage\"},\"thumbnailUrl\":\"https:\\\/\\\/www.anovapeneira.gal\\\/wp-content\\\/uploads\\\/2023\\\/06\\\/parques_porrino.jpg\",\"datePublished\":\"2023-06-05T10:00:11+00:00\",\"description\":\"Os traballos de acondicionamento e mellora dos parques infant\u00eds abranguen 33 zonas de xogo e parques biosaudables no centro urbano e parroquias e rematar\u00e1n en menos de seis meses\",\"breadcrumb\":{\"@id\":\"https:\\\/\\\/www.anovapeneira.gal\\\/index.php\\\/2023\\\/06\\\/05\\\/o-porrino-avanza-na-mellora-dos-parques-infantis\\\/#breadcrumb\"},\"inLanguage\":\"gl-ES\",\"potentialAction\":[{\"@type\":\"ReadAction\",\"target\":[\"https:\\\/\\\/www.anovapeneira.gal\\\/index.php\\\/2023\\\/06\\\/05\\\/o-porrino-avanza-na-mellora-dos-parques-infantis\\\/\"]}]},{\"@type\":\"ImageObject\",\"inLanguage\":\"gl-ES\",\"@id\":\"https:\\\/\\\/www.anovapeneira.gal\\\/index.php\\\/2023\\\/06\\\/05\\\/o-porrino-avanza-na-mellora-dos-parques-infantis\\\/#primaryimage\",\"url\":\"https:\\\/\\\/www.anovapeneira.gal\\\/wp-content\\\/uploads\\\/2023\\\/06\\\/parques_porrino.jpg\",\"contentUrl\":\"https:\\\/\\\/www.anovapeneira.gal\\\/wp-content\\\/uploads\\\/2023\\\/06\\\/parques_porrino.jpg\",\"width\":720,\"height\":432,\"caption\":\"parques infant\u00eds O Porri\u00f1o\"},{\"@type\":\"BreadcrumbList\",\"@id\":\"https:\\\/\\\/www.anovapeneira.gal\\\/index.php\\\/2023\\\/06\\\/05\\\/o-porrino-avanza-na-mellora-dos-parques-infantis\\\/#breadcrumb\",\"itemListElement\":[{\"@type\":\"ListItem\",\"position\":1,\"name\":\"Portada\",\"item\":\"https:\\\/\\\/www.anovapeneira.gal\\\/\"},{\"@type\":\"ListItem\",\"position\":2,\"name\":\"O Porri\u00f1o avanza na mellora dos parques infant\u00eds\"}]},{\"@type\":\"WebSite\",\"@id\":\"https:\\\/\\\/www.anovapeneira.gal\\\/#website\",\"url\":\"https:\\\/\\\/www.anovapeneira.gal\\\/\",\"name\":\"\",\"description\":\"Xornal galego de informaci\u00f3n xeral Publicaci\u00f3n mensual de novas de Galicia e en especial dos Concellos da sur da provincia de Pontevedra.\",\"publisher\":{\"@id\":\"https:\\\/\\\/www.anovapeneira.gal\\\/#organization\"},\"potentialAction\":[{\"@type\":\"SearchAction\",\"target\":{\"@type\":\"EntryPoint\",\"urlTemplate\":\"https:\\\/\\\/www.anovapeneira.gal\\\/?s={search_term_string}\"},\"query-input\":{\"@type\":\"PropertyValueSpecification\",\"valueRequired\":true,\"valueName\":\"search_term_string\"}}],\"inLanguage\":\"gl-ES\"},{\"@type\":\"Organization\",\"@id\":\"https:\\\/\\\/www.anovapeneira.gal\\\/#organization\",\"name\":\"A Nova Peneira\",\"url\":\"https:\\\/\\\/www.anovapeneira.gal\\\/\",\"logo\":{\"@type\":\"ImageObject\",\"inLanguage\":\"gl-ES\",\"@id\":\"https:\\\/\\\/www.anovapeneira.gal\\\/#\\\/schema\\\/logo\\\/image\\\/\",\"url\":\"http:\\\/\\\/www.anovapeneira.gal\\\/wp-content\\\/uploads\\\/2019\\\/06\\\/logo_a_nova_peneira_portal_web.png\",\"contentUrl\":\"http:\\\/\\\/www.anovapeneira.gal\\\/wp-content\\\/uploads\\\/2019\\\/06\\\/logo_a_nova_peneira_portal_web.png\",\"width\":300,\"height\":100,\"caption\":\"A Nova Peneira\"},\"image\":{\"@id\":\"https:\\\/\\\/www.anovapeneira.gal\\\/#\\\/schema\\\/logo\\\/image\\\/\"},\"sameAs\":[\"https:\\\/\\\/www.facebook.com\\\/anovapeneira\",\"https:\\\/\\\/x.com\\\/APeneira\"]},{\"@type\":\"Person\",\"@id\":\"https:\\\/\\\/www.anovapeneira.gal\\\/#\\\/schema\\\/person\\\/b93e3f8932e3f8da96334607eb6ac6aa\",\"name\":\"Redacci\u00f3n A Nova Peneira\",\"image\":{\"@type\":\"ImageObject\",\"inLanguage\":\"gl-ES\",\"@id\":\"https:\\\/\\\/secure.gravatar.com\\\/avatar\\\/c052a2551a06e23fac63626232eaa90abd78dbcf1700fc46a2b2c89fd27b735f?s=96&d=mm&r=g\",\"url\":\"https:\\\/\\\/secure.gravatar.com\\\/avatar\\\/c052a2551a06e23fac63626232eaa90abd78dbcf1700fc46a2b2c89fd27b735f?s=96&d=mm&r=g\",\"contentUrl\":\"https:\\\/\\\/secure.gravatar.com\\\/avatar\\\/c052a2551a06e23fac63626232eaa90abd78dbcf1700fc46a2b2c89fd27b735f?s=96&d=mm&r=g\",\"caption\":\"Redacci\u00f3n A Nova Peneira\"},\"sameAs\":[\"http:\\\/\\\/www.anovapeneira.gal\\\/\"],\"url\":\"https:\\\/\\\/www.anovapeneira.gal\\\/index.php\\\/author\\\/redactor\\\/\"}]}<\/script>\n<!-- \/ Yoast SEO plugin. -->","yoast_head_json":{"title":"O Porri\u00f1o avanza na mellora dos parques infant\u00eds -","description":"Os traballos de acondicionamento e mellora dos parques infant\u00eds abranguen 33 zonas de xogo e parques biosaudables no centro urbano e parroquias e rematar\u00e1n en menos de seis meses","robots":{"index":"index","follow":"follow","max-snippet":"max-snippet:-1","max-image-preview":"max-image-preview:large","max-video-preview":"max-video-preview:-1"},"canonical":"https:\/\/www.anovapeneira.gal\/index.php\/2023\/06\/05\/o-porrino-avanza-na-mellora-dos-parques-infantis\/","og_locale":"gl_ES","og_type":"article","og_title":"O Porri\u00f1o avanza na mellora dos parques infant\u00eds -","og_description":"Os traballos de acondicionamento e mellora dos parques infant\u00eds abranguen 33 zonas de xogo e parques biosaudables no centro urbano e parroquias e rematar\u00e1n en menos de seis meses","og_url":"https:\/\/www.anovapeneira.gal\/index.php\/2023\/06\/05\/o-porrino-avanza-na-mellora-dos-parques-infantis\/","article_publisher":"https:\/\/www.facebook.com\/anovapeneira","article_published_time":"2023-06-05T10:00:11+00:00","og_image":[{"width":720,"height":432,"url":"https:\/\/www.anovapeneira.gal\/wp-content\/uploads\/2023\/06\/parques_porrino.jpg","type":"image\/jpeg"}],"author":"Redacci\u00f3n A Nova Peneira","twitter_card":"summary_large_image","twitter_creator":"@APeneira","twitter_site":"@APeneira","twitter_misc":{"Escrito por":"Redacci\u00f3n A Nova Peneira","Tempo de lectura":"3 minutos"},"schema":{"@context":"https:\/\/schema.org","@graph":[{"@type":"Article","@id":"https:\/\/www.anovapeneira.gal\/index.php\/2023\/06\/05\/o-porrino-avanza-na-mellora-dos-parques-infantis\/#article","isPartOf":{"@id":"https:\/\/www.anovapeneira.gal\/index.php\/2023\/06\/05\/o-porrino-avanza-na-mellora-dos-parques-infantis\/"},"author":{"name":"Redacci\u00f3n A Nova Peneira","@id":"https:\/\/www.anovapeneira.gal\/#\/schema\/person\/b93e3f8932e3f8da96334607eb6ac6aa"},"headline":"O Porri\u00f1o avanza na mellora dos parques infant\u00eds","datePublished":"2023-06-05T10:00:11+00:00","mainEntityOfPage":{"@id":"https:\/\/www.anovapeneira.gal\/index.php\/2023\/06\/05\/o-porrino-avanza-na-mellora-dos-parques-infantis\/"},"wordCount":570,"commentCount":0,"publisher":{"@id":"https:\/\/www.anovapeneira.gal\/#organization"},"image":{"@id":"https:\/\/www.anovapeneira.gal\/index.php\/2023\/06\/05\/o-porrino-avanza-na-mellora-dos-parques-infantis\/#primaryimage"},"thumbnailUrl":"https:\/\/www.anovapeneira.gal\/wp-content\/uploads\/2023\/06\/parques_porrino.jpg","keywords":["Concello do Porri\u00f1o"],"articleSection":["A Louri\u00f1a"],"inLanguage":"gl-ES","potentialAction":[{"@type":"CommentAction","name":"Comment","target":["https:\/\/www.anovapeneira.gal\/index.php\/2023\/06\/05\/o-porrino-avanza-na-mellora-dos-parques-infantis\/#respond"]}]},{"@type":"WebPage","@id":"https:\/\/www.anovapeneira.gal\/index.php\/2023\/06\/05\/o-porrino-avanza-na-mellora-dos-parques-infantis\/","url":"https:\/\/www.anovapeneira.gal\/index.php\/2023\/06\/05\/o-porrino-avanza-na-mellora-dos-parques-infantis\/","name":"O Porri\u00f1o avanza na mellora dos parques infant\u00eds -","isPartOf":{"@id":"https:\/\/www.anovapeneira.gal\/#website"},"primaryImageOfPage":{"@id":"https:\/\/www.anovapeneira.gal\/index.php\/2023\/06\/05\/o-porrino-avanza-na-mellora-dos-parques-infantis\/#primaryimage"},"image":{"@id":"https:\/\/www.anovapeneira.gal\/index.php\/2023\/06\/05\/o-porrino-avanza-na-mellora-dos-parques-infantis\/#primaryimage"},"thumbnailUrl":"https:\/\/www.anovapeneira.gal\/wp-content\/uploads\/2023\/06\/parques_porrino.jpg","datePublished":"2023-06-05T10:00:11+00:00","description":"Os traballos de acondicionamento e mellora dos parques infant\u00eds abranguen 33 zonas de xogo e parques biosaudables no centro urbano e parroquias e rematar\u00e1n en menos de seis meses","breadcrumb":{"@id":"https:\/\/www.anovapeneira.gal\/index.php\/2023\/06\/05\/o-porrino-avanza-na-mellora-dos-parques-infantis\/#breadcrumb"},"inLanguage":"gl-ES","potentialAction":[{"@type":"ReadAction","target":["https:\/\/www.anovapeneira.gal\/index.php\/2023\/06\/05\/o-porrino-avanza-na-mellora-dos-parques-infantis\/"]}]},{"@type":"ImageObject","inLanguage":"gl-ES","@id":"https:\/\/www.anovapeneira.gal\/index.php\/2023\/06\/05\/o-porrino-avanza-na-mellora-dos-parques-infantis\/#primaryimage","url":"https:\/\/www.anovapeneira.gal\/wp-content\/uploads\/2023\/06\/parques_porrino.jpg","contentUrl":"https:\/\/www.anovapeneira.gal\/wp-content\/uploads\/2023\/06\/parques_porrino.jpg","width":720,"height":432,"caption":"parques infant\u00eds O Porri\u00f1o"},{"@type":"BreadcrumbList","@id":"https:\/\/www.anovapeneira.gal\/index.php\/2023\/06\/05\/o-porrino-avanza-na-mellora-dos-parques-infantis\/#breadcrumb","itemListElement":[{"@type":"ListItem","position":1,"name":"Portada","item":"https:\/\/www.anovapeneira.gal\/"},{"@type":"ListItem","position":2,"name":"O Porri\u00f1o avanza na mellora dos parques infant\u00eds"}]},{"@type":"WebSite","@id":"https:\/\/www.anovapeneira.gal\/#website","url":"https:\/\/www.anovapeneira.gal\/","name":"","description":"Xornal galego de informaci\u00f3n xeral Publicaci\u00f3n mensual de novas de Galicia e en especial dos Concellos da sur da provincia de Pontevedra.","publisher":{"@id":"https:\/\/www.anovapeneira.gal\/#organization"},"potentialAction":[{"@type":"SearchAction","target":{"@type":"EntryPoint","urlTemplate":"https:\/\/www.anovapeneira.gal\/?s={search_term_string}"},"query-input":{"@type":"PropertyValueSpecification","valueRequired":true,"valueName":"search_term_string"}}],"inLanguage":"gl-ES"},{"@type":"Organization","@id":"https:\/\/www.anovapeneira.gal\/#organization","name":"A Nova Peneira","url":"https:\/\/www.anovapeneira.gal\/","logo":{"@type":"ImageObject","inLanguage":"gl-ES","@id":"https:\/\/www.anovapeneira.gal\/#\/schema\/logo\/image\/","url":"http:\/\/www.anovapeneira.gal\/wp-content\/uploads\/2019\/06\/logo_a_nova_peneira_portal_web.png","contentUrl":"http:\/\/www.anovapeneira.gal\/wp-content\/uploads\/2019\/06\/logo_a_nova_peneira_portal_web.png","width":300,"height":100,"caption":"A Nova Peneira"},"image":{"@id":"https:\/\/www.anovapeneira.gal\/#\/schema\/logo\/image\/"},"sameAs":["https:\/\/www.facebook.com\/anovapeneira","https:\/\/x.com\/APeneira"]},{"@type":"Person","@id":"https:\/\/www.anovapeneira.gal\/#\/schema\/person\/b93e3f8932e3f8da96334607eb6ac6aa","name":"Redacci\u00f3n A Nova Peneira","image":{"@type":"ImageObject","inLanguage":"gl-ES","@id":"https:\/\/secure.gravatar.com\/avatar\/c052a2551a06e23fac63626232eaa90abd78dbcf1700fc46a2b2c89fd27b735f?s=96&d=mm&r=g","url":"https:\/\/secure.gravatar.com\/avatar\/c052a2551a06e23fac63626232eaa90abd78dbcf1700fc46a2b2c89fd27b735f?s=96&d=mm&r=g","contentUrl":"https:\/\/secure.gravatar.com\/avatar\/c052a2551a06e23fac63626232eaa90abd78dbcf1700fc46a2b2c89fd27b735f?s=96&d=mm&r=g","caption":"Redacci\u00f3n A Nova Peneira"},"sameAs":["http:\/\/www.anovapeneira.gal\/"],"url":"https:\/\/www.anovapeneira.gal\/index.php\/author\/redactor\/"}]}},"jetpack_featured_media_url":"https:\/\/www.anovapeneira.gal\/wp-content\/uploads\/2023\/06\/parques_porrino.jpg","_links":{"self":[{"href":"https:\/\/www.anovapeneira.gal\/index.php\/wp-json\/wp\/v2\/posts\/9824","targetHints":{"allow":["GET"]}}],"collection":[{"href":"https:\/\/www.anovapeneira.gal\/index.php\/wp-json\/wp\/v2\/posts"}],"about":[{"href":"https:\/\/www.anovapeneira.gal\/index.php\/wp-json\/wp\/v2\/types\/post"}],"author":[{"embeddable":true,"href":"https:\/\/www.anovapeneira.gal\/index.php\/wp-json\/wp\/v2\/users\/3"}],"replies":[{"embeddable":true,"href":"https:\/\/www.anovapeneira.gal\/index.php\/wp-json\/wp\/v2\/comments?post=9824"}],"version-history":[{"count":1,"href":"https:\/\/www.anovapeneira.gal\/index.php\/wp-json\/wp\/v2\/posts\/9824\/revisions"}],"predecessor-version":[{"id":9826,"href":"https:\/\/www.anovapeneira.gal\/index.php\/wp-json\/wp\/v2\/posts\/9824\/revisions\/9826"}],"wp:featuredmedia":[{"embeddable":true,"href":"https:\/\/www.anovapeneira.gal\/index.php\/wp-json\/wp\/v2\/media\/9825"}],"wp:attachment":[{"href":"https:\/\/www.anovapeneira.gal\/index.php\/wp-json\/wp\/v2\/media?parent=9824"}],"wp:term":[{"taxonomy":"category","embeddable":true,"href":"https:\/\/www.anovapeneira.gal\/index.php\/wp-json\/wp\/v2\/categories?post=9824"},{"taxonomy":"post_tag","embeddable":true,"href":"https:\/\/www.anovapeneira.gal\/index.php\/wp-json\/wp\/v2\/tags?post=9824"}],"curies":[{"name":"wp","href":"https:\/\/api.w.org\/{rel}","templated":true}]}}