{"id":9833,"date":"2023-06-05T10:00:00","date_gmt":"2023-06-05T08:00:00","guid":{"rendered":"https:\/\/www.anovapeneira.gal\/?p=9833"},"modified":"2023-06-05T11:19:15","modified_gmt":"2023-06-05T09:19:15","slug":"literatura-cine-e-fotografias-para-facer-memoria-historica","status":"publish","type":"post","link":"https:\/\/www.anovapeneira.gal\/index.php\/2023\/06\/05\/literatura-cine-e-fotografias-para-facer-memoria-historica\/","title":{"rendered":"Literatura, cine e fotograf\u00edas para facer memoria hist\u00f3rica"},"content":{"rendered":"\n<h2 class=\"wp-block-heading\"><strong>O Rosal acolle ao longo da vindeira semana seis actividades do proxecto \u2018O pasado por vir\u2019 da Deputaci\u00f3n de Pontevedra<\/strong><\/h2>\n\n\n\n<p> <strong>O Rosal, 2 de xu\u00f1o de 2023<\/strong><\/p>\n\n\n\n<p>Co\u00f1ecer a historia do primeiro terzo do s\u00e9culo XX en Galicia para constru\u00edr unha sociedade acorde co pa\u00eds so\u00f1ado por aquela xeraci\u00f3n devastada polo fascismo. Ese \u00e9 o obxectivo do proxecto \u2018O pasado por vir\u2019, unha iniciativa da Deputaci\u00f3n de Pontevedra que chega ao Rosal cunha semana chea de actividades, como presentaci\u00f3ns de libros, exposici\u00f3ns e proxecci\u00f3ns audiovisuais.<\/p>\n\n\n\n<p>\u201cDurante a vindeira semana os rosaleiros e rosaleiras poder\u00e1n achegarse a diferentes historias de persoas que loitaron por tentar constru\u00edr o pa\u00eds e a sociedade que quer\u00edan a\u00ednda que o seus so\u00f1os foran aniquilados\u201d, explica a alcaldesa en funci\u00f3ns, \u00c1nxela Fern\u00e1ndez Call\u00eds.<\/p>\n\n\n\n<p>As actividades comezar\u00e1n coa <strong>presentaci\u00f3n do libro \u2018Mulleres represaliadas no c\u00e1rcere de Tui\u2019<\/strong>, unha lembranza a todas as mulleres represaliadas da comarca, con historias daquelas que pasaron polo c\u00e1rcere de Tui. A presentaci\u00f3n ser\u00e1 o luns 5 de xu\u00f1o \u00e1s 20.30 horas no sal\u00f3n de exposici\u00f3ns do Concello e contar\u00e1 cunha visita guiada \u00e1 mostra do mesmo nome da man de Helena Pousa Ortega e Quico Paz Ant\u00f3n, dous dos autores do libro xunto a Marga do val e Mar\u00eda Victoria Mart\u00ednez.<\/p>\n\n\n\n<figure class=\"wp-block-image size-large\"><img loading=\"lazy\" decoding=\"async\" width=\"724\" height=\"1024\" src=\"https:\/\/www.anovapeneira.gal\/wp-content\/uploads\/2023\/06\/Literatura_cine_fotografia_memoria_historica--724x1024.jpg\" alt=\"\" class=\"wp-image-9834\" srcset=\"https:\/\/www.anovapeneira.gal\/wp-content\/uploads\/2023\/06\/Literatura_cine_fotografia_memoria_historica--724x1024.jpg 724w, https:\/\/www.anovapeneira.gal\/wp-content\/uploads\/2023\/06\/Literatura_cine_fotografia_memoria_historica--212x300.jpg 212w, https:\/\/www.anovapeneira.gal\/wp-content\/uploads\/2023\/06\/Literatura_cine_fotografia_memoria_historica--768x1086.jpg 768w, https:\/\/www.anovapeneira.gal\/wp-content\/uploads\/2023\/06\/Literatura_cine_fotografia_memoria_historica--1086x1536.jpg 1086w, https:\/\/www.anovapeneira.gal\/wp-content\/uploads\/2023\/06\/Literatura_cine_fotografia_memoria_historica-.jpg 1131w\" sizes=\"auto, (max-width: 724px) 100vw, 724px\" \/><\/figure>\n\n\n\n<p>Pola s\u00faa banda, a <strong>exposici\u00f3n \u2018Mulleres represaliadas no c\u00e1rcere de Tui\u2019, <\/strong>dese\u00f1ada por \u00c1ngeles Vel\u00e1zquez e que homenaxea \u00e1s mulleres encarceradas entre 1936 e 1939 nesta prisi\u00f3n, estar\u00e1 aberta ao p\u00fablico do 3 ao 7 de xu\u00f1o de luns a s\u00e1bado de 10.00 a 13.00 horas.<\/p>\n\n\n\n<p>Do 5 ao 16 de xu\u00f1o, o sal\u00f3n de exposici\u00f3n acoller\u00e1 tam\u00e9n \u2018<strong>Acorda. Cartograf\u00eda musical da memoria hist\u00f3rica de Pontevedra\u2019, unha mostra con medio centenar de imaxes<\/strong> da fot\u00f3grafa Alba D\u00edaz e textos de Lois P\u00e9rez a modo de cr\u00f3nica da rodaxe do documental que leva o mesmo nome e co que se busca amosar lugares da memoria hist\u00f3rica e feitos relacionados coa represi\u00f3n franquista na provincia de Pontevedra co apoio das voces de artistas do panorama musical galego, como Ux\u00eda ou Tanxugueiras. A exposici\u00f3n estar\u00e1 aberta ao p\u00fablico de luns a s\u00e1bado de 10.00 a 13.00 horas.<\/p>\n\n\n\n<p>O programa de actividades rematar\u00e1 o xoves 8 de xu\u00f1o \u00e1s 20.00 horas no auditorio municipal coa <strong>proxecci\u00f3n do documental \u2018Acorda\u2019<\/strong>, do que nace a propia exposici\u00f3n. Ademais, o p\u00fablico poder\u00e1 ver tam\u00e9n a <strong>curtametraxe \u2018Mariv\u00ed, na pel da memoria\u2019<\/strong>, unha peza que conta a historia de Mariv\u00ed Villaverde, unha muller comprometida exemplo perfecto do tempo do exilio, xa que tivo que marchar por ser filla do primeiro alcalde republicano de Vilagarc\u00eda; da resistencia, na que traballou xinto \u00e1 s\u00faa parella Ram\u00f3n de Valenzuela; e de loita polos ideais da memoria. Tras a proxecci\u00f3n haber\u00e1 un coloquio coas directoras.<\/p>\n\n\n\n<p>Todas as actividades ser\u00e1n de balde e abertas a todo o p\u00fablico.<\/p>\n","protected":false},"excerpt":{"rendered":"<div class=\"mh-excerpt\"><p>O Rosal acolle ao longo da vindeira semana seis actividades do proxecto \u2018O pasado por vir\u2019 da Deputaci\u00f3n de Pontevedra <a class=\"mh-excerpt-more\" href=\"https:\/\/www.anovapeneira.gal\/index.php\/2023\/06\/05\/literatura-cine-e-fotografias-para-facer-memoria-historica\/\" title=\"Literatura, cine e fotograf\u00edas para facer memoria hist\u00f3rica\">[&#8230;]<\/a><\/p>\n<\/div>","protected":false},"author":3,"featured_media":9807,"comment_status":"open","ping_status":"open","sticky":false,"template":"","format":"standard","meta":{"_exactmetrics_skip_tracking":false,"_exactmetrics_sitenote_active":false,"_exactmetrics_sitenote_note":"","_exactmetrics_sitenote_category":0,"footnotes":""},"categories":[21],"tags":[131],"class_list":{"0":"post-9833","1":"post","2":"type-post","3":"status-publish","4":"format-standard","5":"has-post-thumbnail","7":"category-baixo-mino","8":"tag-concello-do-rosal"},"yoast_head":"<!-- This site is optimized with the Yoast SEO plugin v27.4 - https:\/\/yoast.com\/product\/yoast-seo-wordpress\/ -->\n<title>Literatura, cine e fotograf\u00edas para facer memoria hist\u00f3rica -<\/title>\n<meta name=\"description\" content=\"O Rosal acolle ao longo da vindeira semana seis actividades do proxecto \u2018O pasado por vir\u2019 da Deputaci\u00f3n de Pontevedra\" \/>\n<meta name=\"robots\" content=\"index, follow, max-snippet:-1, max-image-preview:large, max-video-preview:-1\" \/>\n<link rel=\"canonical\" href=\"https:\/\/www.anovapeneira.gal\/index.php\/2023\/06\/05\/literatura-cine-e-fotografias-para-facer-memoria-historica\/\" \/>\n<meta property=\"og:locale\" content=\"gl_ES\" \/>\n<meta property=\"og:type\" content=\"article\" \/>\n<meta property=\"og:title\" content=\"Literatura, cine e fotograf\u00edas para facer memoria hist\u00f3rica -\" \/>\n<meta property=\"og:description\" content=\"O Rosal acolle ao longo da vindeira semana seis actividades do proxecto \u2018O pasado por vir\u2019 da Deputaci\u00f3n de Pontevedra\" \/>\n<meta property=\"og:url\" content=\"https:\/\/www.anovapeneira.gal\/index.php\/2023\/06\/05\/literatura-cine-e-fotografias-para-facer-memoria-historica\/\" \/>\n<meta property=\"article:publisher\" content=\"https:\/\/www.facebook.com\/anovapeneira\" \/>\n<meta property=\"article:published_time\" content=\"2023-06-05T08:00:00+00:00\" \/>\n<meta property=\"article:modified_time\" content=\"2023-06-05T09:19:15+00:00\" \/>\n<meta property=\"og:image\" content=\"https:\/\/www.anovapeneira.gal\/wp-content\/uploads\/2023\/05\/o_rosal.jpg\" \/>\n\t<meta property=\"og:image:width\" content=\"720\" \/>\n\t<meta property=\"og:image:height\" content=\"432\" \/>\n\t<meta property=\"og:image:type\" content=\"image\/jpeg\" \/>\n<meta name=\"author\" content=\"Redacci\u00f3n A Nova Peneira\" \/>\n<meta name=\"twitter:card\" content=\"summary_large_image\" \/>\n<meta name=\"twitter:creator\" content=\"@APeneira\" \/>\n<meta name=\"twitter:site\" content=\"@APeneira\" \/>\n<meta name=\"twitter:label1\" content=\"Escrito por\" \/>\n\t<meta name=\"twitter:data1\" content=\"Redacci\u00f3n A Nova Peneira\" \/>\n\t<meta name=\"twitter:label2\" content=\"Tempo de lectura\" \/>\n\t<meta name=\"twitter:data2\" content=\"3 minutos\" \/>\n<script type=\"application\/ld+json\" class=\"yoast-schema-graph\">{\"@context\":\"https:\\\/\\\/schema.org\",\"@graph\":[{\"@type\":\"Article\",\"@id\":\"https:\\\/\\\/www.anovapeneira.gal\\\/index.php\\\/2023\\\/06\\\/05\\\/literatura-cine-e-fotografias-para-facer-memoria-historica\\\/#article\",\"isPartOf\":{\"@id\":\"https:\\\/\\\/www.anovapeneira.gal\\\/index.php\\\/2023\\\/06\\\/05\\\/literatura-cine-e-fotografias-para-facer-memoria-historica\\\/\"},\"author\":{\"name\":\"Redacci\u00f3n A Nova Peneira\",\"@id\":\"https:\\\/\\\/www.anovapeneira.gal\\\/#\\\/schema\\\/person\\\/b93e3f8932e3f8da96334607eb6ac6aa\"},\"headline\":\"Literatura, cine e fotograf\u00edas para facer memoria hist\u00f3rica\",\"datePublished\":\"2023-06-05T08:00:00+00:00\",\"dateModified\":\"2023-06-05T09:19:15+00:00\",\"mainEntityOfPage\":{\"@id\":\"https:\\\/\\\/www.anovapeneira.gal\\\/index.php\\\/2023\\\/06\\\/05\\\/literatura-cine-e-fotografias-para-facer-memoria-historica\\\/\"},\"wordCount\":523,\"commentCount\":0,\"publisher\":{\"@id\":\"https:\\\/\\\/www.anovapeneira.gal\\\/#organization\"},\"image\":{\"@id\":\"https:\\\/\\\/www.anovapeneira.gal\\\/index.php\\\/2023\\\/06\\\/05\\\/literatura-cine-e-fotografias-para-facer-memoria-historica\\\/#primaryimage\"},\"thumbnailUrl\":\"https:\\\/\\\/www.anovapeneira.gal\\\/wp-content\\\/uploads\\\/2023\\\/05\\\/o_rosal.jpg\",\"keywords\":[\"Concello do Rosal\"],\"articleSection\":[\"Baixo Mi\u00f1o\"],\"inLanguage\":\"gl-ES\",\"potentialAction\":[{\"@type\":\"CommentAction\",\"name\":\"Comment\",\"target\":[\"https:\\\/\\\/www.anovapeneira.gal\\\/index.php\\\/2023\\\/06\\\/05\\\/literatura-cine-e-fotografias-para-facer-memoria-historica\\\/#respond\"]}]},{\"@type\":\"WebPage\",\"@id\":\"https:\\\/\\\/www.anovapeneira.gal\\\/index.php\\\/2023\\\/06\\\/05\\\/literatura-cine-e-fotografias-para-facer-memoria-historica\\\/\",\"url\":\"https:\\\/\\\/www.anovapeneira.gal\\\/index.php\\\/2023\\\/06\\\/05\\\/literatura-cine-e-fotografias-para-facer-memoria-historica\\\/\",\"name\":\"Literatura, cine e fotograf\u00edas para facer memoria hist\u00f3rica -\",\"isPartOf\":{\"@id\":\"https:\\\/\\\/www.anovapeneira.gal\\\/#website\"},\"primaryImageOfPage\":{\"@id\":\"https:\\\/\\\/www.anovapeneira.gal\\\/index.php\\\/2023\\\/06\\\/05\\\/literatura-cine-e-fotografias-para-facer-memoria-historica\\\/#primaryimage\"},\"image\":{\"@id\":\"https:\\\/\\\/www.anovapeneira.gal\\\/index.php\\\/2023\\\/06\\\/05\\\/literatura-cine-e-fotografias-para-facer-memoria-historica\\\/#primaryimage\"},\"thumbnailUrl\":\"https:\\\/\\\/www.anovapeneira.gal\\\/wp-content\\\/uploads\\\/2023\\\/05\\\/o_rosal.jpg\",\"datePublished\":\"2023-06-05T08:00:00+00:00\",\"dateModified\":\"2023-06-05T09:19:15+00:00\",\"description\":\"O Rosal acolle ao longo da vindeira semana seis actividades do proxecto \u2018O pasado por vir\u2019 da Deputaci\u00f3n de Pontevedra\",\"breadcrumb\":{\"@id\":\"https:\\\/\\\/www.anovapeneira.gal\\\/index.php\\\/2023\\\/06\\\/05\\\/literatura-cine-e-fotografias-para-facer-memoria-historica\\\/#breadcrumb\"},\"inLanguage\":\"gl-ES\",\"potentialAction\":[{\"@type\":\"ReadAction\",\"target\":[\"https:\\\/\\\/www.anovapeneira.gal\\\/index.php\\\/2023\\\/06\\\/05\\\/literatura-cine-e-fotografias-para-facer-memoria-historica\\\/\"]}]},{\"@type\":\"ImageObject\",\"inLanguage\":\"gl-ES\",\"@id\":\"https:\\\/\\\/www.anovapeneira.gal\\\/index.php\\\/2023\\\/06\\\/05\\\/literatura-cine-e-fotografias-para-facer-memoria-historica\\\/#primaryimage\",\"url\":\"https:\\\/\\\/www.anovapeneira.gal\\\/wp-content\\\/uploads\\\/2023\\\/05\\\/o_rosal.jpg\",\"contentUrl\":\"https:\\\/\\\/www.anovapeneira.gal\\\/wp-content\\\/uploads\\\/2023\\\/05\\\/o_rosal.jpg\",\"width\":720,\"height\":432,\"caption\":\"O grupo de voluntariado de limpeza da natureza prepara unha nova sa\u00edda en Fornelos\"},{\"@type\":\"BreadcrumbList\",\"@id\":\"https:\\\/\\\/www.anovapeneira.gal\\\/index.php\\\/2023\\\/06\\\/05\\\/literatura-cine-e-fotografias-para-facer-memoria-historica\\\/#breadcrumb\",\"itemListElement\":[{\"@type\":\"ListItem\",\"position\":1,\"name\":\"Portada\",\"item\":\"https:\\\/\\\/www.anovapeneira.gal\\\/\"},{\"@type\":\"ListItem\",\"position\":2,\"name\":\"Literatura, cine e fotograf\u00edas para facer memoria hist\u00f3rica\"}]},{\"@type\":\"WebSite\",\"@id\":\"https:\\\/\\\/www.anovapeneira.gal\\\/#website\",\"url\":\"https:\\\/\\\/www.anovapeneira.gal\\\/\",\"name\":\"\",\"description\":\"Xornal galego de informaci\u00f3n xeral Publicaci\u00f3n mensual de novas de Galicia e en especial dos Concellos da sur da provincia de Pontevedra.\",\"publisher\":{\"@id\":\"https:\\\/\\\/www.anovapeneira.gal\\\/#organization\"},\"potentialAction\":[{\"@type\":\"SearchAction\",\"target\":{\"@type\":\"EntryPoint\",\"urlTemplate\":\"https:\\\/\\\/www.anovapeneira.gal\\\/?s={search_term_string}\"},\"query-input\":{\"@type\":\"PropertyValueSpecification\",\"valueRequired\":true,\"valueName\":\"search_term_string\"}}],\"inLanguage\":\"gl-ES\"},{\"@type\":\"Organization\",\"@id\":\"https:\\\/\\\/www.anovapeneira.gal\\\/#organization\",\"name\":\"A Nova Peneira\",\"url\":\"https:\\\/\\\/www.anovapeneira.gal\\\/\",\"logo\":{\"@type\":\"ImageObject\",\"inLanguage\":\"gl-ES\",\"@id\":\"https:\\\/\\\/www.anovapeneira.gal\\\/#\\\/schema\\\/logo\\\/image\\\/\",\"url\":\"http:\\\/\\\/www.anovapeneira.gal\\\/wp-content\\\/uploads\\\/2019\\\/06\\\/logo_a_nova_peneira_portal_web.png\",\"contentUrl\":\"http:\\\/\\\/www.anovapeneira.gal\\\/wp-content\\\/uploads\\\/2019\\\/06\\\/logo_a_nova_peneira_portal_web.png\",\"width\":300,\"height\":100,\"caption\":\"A Nova Peneira\"},\"image\":{\"@id\":\"https:\\\/\\\/www.anovapeneira.gal\\\/#\\\/schema\\\/logo\\\/image\\\/\"},\"sameAs\":[\"https:\\\/\\\/www.facebook.com\\\/anovapeneira\",\"https:\\\/\\\/x.com\\\/APeneira\"]},{\"@type\":\"Person\",\"@id\":\"https:\\\/\\\/www.anovapeneira.gal\\\/#\\\/schema\\\/person\\\/b93e3f8932e3f8da96334607eb6ac6aa\",\"name\":\"Redacci\u00f3n A Nova Peneira\",\"image\":{\"@type\":\"ImageObject\",\"inLanguage\":\"gl-ES\",\"@id\":\"https:\\\/\\\/secure.gravatar.com\\\/avatar\\\/c052a2551a06e23fac63626232eaa90abd78dbcf1700fc46a2b2c89fd27b735f?s=96&d=mm&r=g\",\"url\":\"https:\\\/\\\/secure.gravatar.com\\\/avatar\\\/c052a2551a06e23fac63626232eaa90abd78dbcf1700fc46a2b2c89fd27b735f?s=96&d=mm&r=g\",\"contentUrl\":\"https:\\\/\\\/secure.gravatar.com\\\/avatar\\\/c052a2551a06e23fac63626232eaa90abd78dbcf1700fc46a2b2c89fd27b735f?s=96&d=mm&r=g\",\"caption\":\"Redacci\u00f3n A Nova Peneira\"},\"sameAs\":[\"http:\\\/\\\/www.anovapeneira.gal\\\/\"],\"url\":\"https:\\\/\\\/www.anovapeneira.gal\\\/index.php\\\/author\\\/redactor\\\/\"}]}<\/script>\n<!-- \/ Yoast SEO plugin. -->","yoast_head_json":{"title":"Literatura, cine e fotograf\u00edas para facer memoria hist\u00f3rica -","description":"O Rosal acolle ao longo da vindeira semana seis actividades do proxecto \u2018O pasado por vir\u2019 da Deputaci\u00f3n de Pontevedra","robots":{"index":"index","follow":"follow","max-snippet":"max-snippet:-1","max-image-preview":"max-image-preview:large","max-video-preview":"max-video-preview:-1"},"canonical":"https:\/\/www.anovapeneira.gal\/index.php\/2023\/06\/05\/literatura-cine-e-fotografias-para-facer-memoria-historica\/","og_locale":"gl_ES","og_type":"article","og_title":"Literatura, cine e fotograf\u00edas para facer memoria hist\u00f3rica -","og_description":"O Rosal acolle ao longo da vindeira semana seis actividades do proxecto \u2018O pasado por vir\u2019 da Deputaci\u00f3n de Pontevedra","og_url":"https:\/\/www.anovapeneira.gal\/index.php\/2023\/06\/05\/literatura-cine-e-fotografias-para-facer-memoria-historica\/","article_publisher":"https:\/\/www.facebook.com\/anovapeneira","article_published_time":"2023-06-05T08:00:00+00:00","article_modified_time":"2023-06-05T09:19:15+00:00","og_image":[{"width":720,"height":432,"url":"https:\/\/www.anovapeneira.gal\/wp-content\/uploads\/2023\/05\/o_rosal.jpg","type":"image\/jpeg"}],"author":"Redacci\u00f3n A Nova Peneira","twitter_card":"summary_large_image","twitter_creator":"@APeneira","twitter_site":"@APeneira","twitter_misc":{"Escrito por":"Redacci\u00f3n A Nova Peneira","Tempo de lectura":"3 minutos"},"schema":{"@context":"https:\/\/schema.org","@graph":[{"@type":"Article","@id":"https:\/\/www.anovapeneira.gal\/index.php\/2023\/06\/05\/literatura-cine-e-fotografias-para-facer-memoria-historica\/#article","isPartOf":{"@id":"https:\/\/www.anovapeneira.gal\/index.php\/2023\/06\/05\/literatura-cine-e-fotografias-para-facer-memoria-historica\/"},"author":{"name":"Redacci\u00f3n A Nova Peneira","@id":"https:\/\/www.anovapeneira.gal\/#\/schema\/person\/b93e3f8932e3f8da96334607eb6ac6aa"},"headline":"Literatura, cine e fotograf\u00edas para facer memoria hist\u00f3rica","datePublished":"2023-06-05T08:00:00+00:00","dateModified":"2023-06-05T09:19:15+00:00","mainEntityOfPage":{"@id":"https:\/\/www.anovapeneira.gal\/index.php\/2023\/06\/05\/literatura-cine-e-fotografias-para-facer-memoria-historica\/"},"wordCount":523,"commentCount":0,"publisher":{"@id":"https:\/\/www.anovapeneira.gal\/#organization"},"image":{"@id":"https:\/\/www.anovapeneira.gal\/index.php\/2023\/06\/05\/literatura-cine-e-fotografias-para-facer-memoria-historica\/#primaryimage"},"thumbnailUrl":"https:\/\/www.anovapeneira.gal\/wp-content\/uploads\/2023\/05\/o_rosal.jpg","keywords":["Concello do Rosal"],"articleSection":["Baixo Mi\u00f1o"],"inLanguage":"gl-ES","potentialAction":[{"@type":"CommentAction","name":"Comment","target":["https:\/\/www.anovapeneira.gal\/index.php\/2023\/06\/05\/literatura-cine-e-fotografias-para-facer-memoria-historica\/#respond"]}]},{"@type":"WebPage","@id":"https:\/\/www.anovapeneira.gal\/index.php\/2023\/06\/05\/literatura-cine-e-fotografias-para-facer-memoria-historica\/","url":"https:\/\/www.anovapeneira.gal\/index.php\/2023\/06\/05\/literatura-cine-e-fotografias-para-facer-memoria-historica\/","name":"Literatura, cine e fotograf\u00edas para facer memoria hist\u00f3rica -","isPartOf":{"@id":"https:\/\/www.anovapeneira.gal\/#website"},"primaryImageOfPage":{"@id":"https:\/\/www.anovapeneira.gal\/index.php\/2023\/06\/05\/literatura-cine-e-fotografias-para-facer-memoria-historica\/#primaryimage"},"image":{"@id":"https:\/\/www.anovapeneira.gal\/index.php\/2023\/06\/05\/literatura-cine-e-fotografias-para-facer-memoria-historica\/#primaryimage"},"thumbnailUrl":"https:\/\/www.anovapeneira.gal\/wp-content\/uploads\/2023\/05\/o_rosal.jpg","datePublished":"2023-06-05T08:00:00+00:00","dateModified":"2023-06-05T09:19:15+00:00","description":"O Rosal acolle ao longo da vindeira semana seis actividades do proxecto \u2018O pasado por vir\u2019 da Deputaci\u00f3n de Pontevedra","breadcrumb":{"@id":"https:\/\/www.anovapeneira.gal\/index.php\/2023\/06\/05\/literatura-cine-e-fotografias-para-facer-memoria-historica\/#breadcrumb"},"inLanguage":"gl-ES","potentialAction":[{"@type":"ReadAction","target":["https:\/\/www.anovapeneira.gal\/index.php\/2023\/06\/05\/literatura-cine-e-fotografias-para-facer-memoria-historica\/"]}]},{"@type":"ImageObject","inLanguage":"gl-ES","@id":"https:\/\/www.anovapeneira.gal\/index.php\/2023\/06\/05\/literatura-cine-e-fotografias-para-facer-memoria-historica\/#primaryimage","url":"https:\/\/www.anovapeneira.gal\/wp-content\/uploads\/2023\/05\/o_rosal.jpg","contentUrl":"https:\/\/www.anovapeneira.gal\/wp-content\/uploads\/2023\/05\/o_rosal.jpg","width":720,"height":432,"caption":"O grupo de voluntariado de limpeza da natureza prepara unha nova sa\u00edda en Fornelos"},{"@type":"BreadcrumbList","@id":"https:\/\/www.anovapeneira.gal\/index.php\/2023\/06\/05\/literatura-cine-e-fotografias-para-facer-memoria-historica\/#breadcrumb","itemListElement":[{"@type":"ListItem","position":1,"name":"Portada","item":"https:\/\/www.anovapeneira.gal\/"},{"@type":"ListItem","position":2,"name":"Literatura, cine e fotograf\u00edas para facer memoria hist\u00f3rica"}]},{"@type":"WebSite","@id":"https:\/\/www.anovapeneira.gal\/#website","url":"https:\/\/www.anovapeneira.gal\/","name":"","description":"Xornal galego de informaci\u00f3n xeral Publicaci\u00f3n mensual de novas de Galicia e en especial dos Concellos da sur da provincia de Pontevedra.","publisher":{"@id":"https:\/\/www.anovapeneira.gal\/#organization"},"potentialAction":[{"@type":"SearchAction","target":{"@type":"EntryPoint","urlTemplate":"https:\/\/www.anovapeneira.gal\/?s={search_term_string}"},"query-input":{"@type":"PropertyValueSpecification","valueRequired":true,"valueName":"search_term_string"}}],"inLanguage":"gl-ES"},{"@type":"Organization","@id":"https:\/\/www.anovapeneira.gal\/#organization","name":"A Nova Peneira","url":"https:\/\/www.anovapeneira.gal\/","logo":{"@type":"ImageObject","inLanguage":"gl-ES","@id":"https:\/\/www.anovapeneira.gal\/#\/schema\/logo\/image\/","url":"http:\/\/www.anovapeneira.gal\/wp-content\/uploads\/2019\/06\/logo_a_nova_peneira_portal_web.png","contentUrl":"http:\/\/www.anovapeneira.gal\/wp-content\/uploads\/2019\/06\/logo_a_nova_peneira_portal_web.png","width":300,"height":100,"caption":"A Nova Peneira"},"image":{"@id":"https:\/\/www.anovapeneira.gal\/#\/schema\/logo\/image\/"},"sameAs":["https:\/\/www.facebook.com\/anovapeneira","https:\/\/x.com\/APeneira"]},{"@type":"Person","@id":"https:\/\/www.anovapeneira.gal\/#\/schema\/person\/b93e3f8932e3f8da96334607eb6ac6aa","name":"Redacci\u00f3n A Nova Peneira","image":{"@type":"ImageObject","inLanguage":"gl-ES","@id":"https:\/\/secure.gravatar.com\/avatar\/c052a2551a06e23fac63626232eaa90abd78dbcf1700fc46a2b2c89fd27b735f?s=96&d=mm&r=g","url":"https:\/\/secure.gravatar.com\/avatar\/c052a2551a06e23fac63626232eaa90abd78dbcf1700fc46a2b2c89fd27b735f?s=96&d=mm&r=g","contentUrl":"https:\/\/secure.gravatar.com\/avatar\/c052a2551a06e23fac63626232eaa90abd78dbcf1700fc46a2b2c89fd27b735f?s=96&d=mm&r=g","caption":"Redacci\u00f3n A Nova Peneira"},"sameAs":["http:\/\/www.anovapeneira.gal\/"],"url":"https:\/\/www.anovapeneira.gal\/index.php\/author\/redactor\/"}]}},"jetpack_featured_media_url":"https:\/\/www.anovapeneira.gal\/wp-content\/uploads\/2023\/05\/o_rosal.jpg","_links":{"self":[{"href":"https:\/\/www.anovapeneira.gal\/index.php\/wp-json\/wp\/v2\/posts\/9833","targetHints":{"allow":["GET"]}}],"collection":[{"href":"https:\/\/www.anovapeneira.gal\/index.php\/wp-json\/wp\/v2\/posts"}],"about":[{"href":"https:\/\/www.anovapeneira.gal\/index.php\/wp-json\/wp\/v2\/types\/post"}],"author":[{"embeddable":true,"href":"https:\/\/www.anovapeneira.gal\/index.php\/wp-json\/wp\/v2\/users\/3"}],"replies":[{"embeddable":true,"href":"https:\/\/www.anovapeneira.gal\/index.php\/wp-json\/wp\/v2\/comments?post=9833"}],"version-history":[{"count":2,"href":"https:\/\/www.anovapeneira.gal\/index.php\/wp-json\/wp\/v2\/posts\/9833\/revisions"}],"predecessor-version":[{"id":9836,"href":"https:\/\/www.anovapeneira.gal\/index.php\/wp-json\/wp\/v2\/posts\/9833\/revisions\/9836"}],"wp:featuredmedia":[{"embeddable":true,"href":"https:\/\/www.anovapeneira.gal\/index.php\/wp-json\/wp\/v2\/media\/9807"}],"wp:attachment":[{"href":"https:\/\/www.anovapeneira.gal\/index.php\/wp-json\/wp\/v2\/media?parent=9833"}],"wp:term":[{"taxonomy":"category","embeddable":true,"href":"https:\/\/www.anovapeneira.gal\/index.php\/wp-json\/wp\/v2\/categories?post=9833"},{"taxonomy":"post_tag","embeddable":true,"href":"https:\/\/www.anovapeneira.gal\/index.php\/wp-json\/wp\/v2\/tags?post=9833"}],"curies":[{"name":"wp","href":"https:\/\/api.w.org\/{rel}","templated":true}]}}