{"id":9840,"date":"2023-06-07T12:00:18","date_gmt":"2023-06-07T10:00:18","guid":{"rendered":"https:\/\/www.anovapeneira.gal\/?p=9840"},"modified":"2023-06-05T11:42:42","modified_gmt":"2023-06-05T09:42:42","slug":"ponton-fronte-aos-bloques-de-feijoo-e-sanchez-e-os-seus-aliados-o-noso-bloque-e-galiza-e-a-nosa-proposta-unha-candidatura-de-pais-para-lograr-un-grupo-galego-forte-en-madrid","status":"publish","type":"post","link":"https:\/\/www.anovapeneira.gal\/index.php\/2023\/06\/07\/ponton-fronte-aos-bloques-de-feijoo-e-sanchez-e-os-seus-aliados-o-noso-bloque-e-galiza-e-a-nosa-proposta-unha-candidatura-de-pais-para-lograr-un-grupo-galego-forte-en-madrid\/","title":{"rendered":"Pont\u00f3n: \u201cFronte aos bloques de Feij\u00f3o e S\u00e1nchez e os seus aliados, o noso bloque \u00e9 Galiza, e a nosa proposta unha candidatura de pa\u00eds para lograr un grupo galego forte en Madrid\u201d"},"content":{"rendered":"\n<h2 class=\"wp-block-heading\"><strong>Afirma que as elecci\u00f3ns Xerais do 23 de xullo van \u201cde facernos valer con m\u00e1is forza para que Galiza te\u00f1a peso pol\u00edtico en Madrid e usalo en favor dos intereses da sociedade galega.<\/strong><\/h2>\n\n\n\n<h2 class=\"wp-block-heading\">\u201c<strong>Precisamos lograr un grupo galego forte no Congreso que sexa determinante e que poida negociar e condicionar en favor dos intereses de Galiza\u201d<\/strong><\/h2>\n\n\n\n<p><strong>Santiago de Compostela, 3 de xu\u00f1o, 2023<\/strong> <\/p>\n\n\n\n<p>Tras a primeira reuni\u00f3n do Consello Nacional do BNG, despois do 28M, e ante a convocatoria das elecci\u00f3ns xerais previstas para o 23 de xullo, a portavoz nacionalista, Ana Pont\u00f3n, afirmou que \u201cfronte aos bloques de Feij\u00f3o e S\u00e1nchez e os seus aliados, o noso bloque \u00e9 Galiza e a nosa proposta unha candidatura de pa\u00eds para lograr un grupo galego forte en Madrid\u201d.<\/p>\n\n\n\n<p>O BNG dixo, encara a convocatoria de elecci\u00f3ns xerais, como un \u201cgran reto\u201d ao que nos enfrontamos \u201ccon confianza e entusiasmo\u201d cunha candidatura de pa\u00eds para lograr \u201cun grupo galego forte en Madrid\u201d.<\/p>\n\n\n\n<p>Temos o motor posto a punto, a maquinaria engraxada, un equipo magn\u00edfico dando o mellor de si nos traballos de campa\u00f1a e imos ter as mellores candidatas e candidatos para pilotar a proposta que queremos facer chegar \u00e1 sociedade galega.<\/p>\n\n\n\n<p>A l\u00edder do BNG considerou que a nova convocatoria electoral puido pillar a alg\u00fans a contrap\u00e9, pero no BNG \u201cvimos dun moi bo resultado nas Municipais e estamos no mellor momento da nosa historia\u201d. Este \u00e9 un BNG, recalcou \u201cque sae a ga\u00f1ar, con confianza e con ambici\u00f3n, coa mesma confianza e ambici\u00f3n que queremos para o noso pa\u00eds\u201d. Para iso, precisamos \u201cter unha voz m\u00e1is forte en Madrid para que Galiza exista con forza e con peso na axenda estatal e poder as\u00ed garantir que as cuesti\u00f3ns galegas sexan atendidas\u201d.<\/p>\n\n\n\n<p>Estas elecci\u00f3ns Xerais do 23 de xullo, van de todo iso: \u201cde facernos valer con m\u00e1is forza, de ser un actor pol\u00edtico determinante, de que Galiza te\u00f1a peso pol\u00edtico en Madrid para usalo en favor dos intereses da sociedade galega\u201d.<\/p>\n\n\n\n<p>Por outra parte, advertiu que o dese\u00f1o de campa\u00f1a desde Madrid vai ser m\u00e1is centralista ca nunca. \u201cQueren que as vindeiras Xerais vaian de escoller entre dous bloques: o bloque de Feij\u00f3o e aliados fronte o bloque de S\u00e1nchez e aliados\u201d. E fronte ese esquema, o noso bloque est\u00e1 claro, \u201co noso bloque \u00e9 Galiza. E a nosa proposta, moi clara tam\u00e9n, unha candidatura de pa\u00eds para un grupo galego forte en Madrid.\u201d<\/p>\n\n\n\n<p>Pont\u00f3n destacou \u201co magn\u00edfico e intenso traballo\u201d do deputado N\u00e9stor Rego as\u00ed como os logros para Galiza e para as maior\u00edas sociais. \u201cSe puidemos facer iso cunha \u00fanica voz, a de N\u00e9stor Rego, estou segura de que poderemos ser determinantes reforzando a presenza do BNG en Madrid\u201d.<\/p>\n\n\n\n<p>Hoxe lideramos a alternativa ao Partido Popular; somos a referencia do cambio galego; imos gobernar a capital de Galiza; superamos as enquisas, elecci\u00f3n tras elecci\u00f3n, e todo isto \u00e9 produto dun traballo con humildade, mais tam\u00e9n con ambici\u00f3n. \u201cNon nos po\u00f1emos l\u00edmites. Temos vocaci\u00f3n de maior\u00eda, de hexemon\u00eda e de goberno, para transformar o pa\u00eds e mellorar a vida dos galegos e das galegas\u201d.<\/p>\n\n\n\n<p>Logr\u00e1molo porque somos a forza que defende sempre os intereses de Galiza, en todos os parlamentos, desde todas as instituci\u00f3ns, e tam\u00e9n desde a propia sociedade, diante de quen os haxa que defender, remarcou a l\u00edder do BNG.<\/p>\n\n\n\n<p><strong>Os resultados municipais do BNG confirman que o cambio galego est\u00e1 en marcha<\/strong><\/p>\n\n\n\n<p>Na s\u00faa intervenci\u00f3n, tras agradecer o esforzo e traballo da militancia no proceso electoral municipal afirmou que os resultados do BNG do pasado domingo confirman que o \u201ccambio galego est\u00e1 en marcha\u201d<\/p>\n\n\n\n<p>Hai unha onda de cambio que non para de medrar desde as pasadas elecci\u00f3ns Galegas de 2020, e que ten ao BNG como a s\u00faa referencia. \u201cAs elecci\u00f3ns Municipais que se ve\u00f1en de celebrar son a\u00ednda m\u00e1is vento nas velas para o proceso de cambio pol\u00edtico en Galiza, co BNG como protagonista\u201d.<\/p>\n\n\n\n<p>O pasado domingo obtivemos un total de 590 concelleiros e concelleiras, 134 m\u00e1is que en 2019. Dixemos en campa\u00f1a que \u00edamos ser a forza pol\u00edtica que m\u00e1is subir\u00eda nestas elecci\u00f3n e o resultado as\u00ed o avala: En votos o BNG tivo un incremento do 28% do seu apoio, fronte ao 9% do PP e o descenso do 15% do PSOE e en n\u00famero de concelleiros e concelleiras tivemos un incremento do 29%, case catro veces m\u00e1is que o PP.<\/p>\n\n\n\n<p><strong>19 maior\u00edas absolutas, m\u00e1is de 40 concellos e un gran n\u00famero de cogobernos<\/strong><\/p>\n\n\n\n<p>Unha vez rematado o proceso de conformaci\u00f3n dos novos gobernos municipais teremos a alcald\u00eda de ao redor de 40 concellos do noso pa\u00eds. Faremos parte tam\u00e9n dun n\u00famero moi importante de cogobernos. Recuperamos a representaci\u00f3n en vilas e concellos en que non t\u00ed\u00f1amos. E no \u00e1mbito das cidades, \u00e1 magn\u00edfica labor do Goberno Municipal do BNG en Pontevedra, imos sumar agora a alcald\u00eda da capital de Galiza, Santiago de Compostela. Dixemos en campa\u00f1a que iamos facer historia e cumprimos: \u201cGoretti Sanmart\u00edn ser\u00e1 a primeira alcaldesa de Compostela\u201d.<\/p>\n\n\n\n<p>Pont\u00f3n amosou a s\u00faa confianza na nova xeraci\u00f3n, en todos eses mozos e mozas que chaman \u00e1s portas para ga\u00f1ar un futuro mellor, \u201cesa Galiza nova que conf\u00eda en si mesma e vive plenamente o seu tempo desde a s\u00faa Terra; con orgullo, compromiso e modernidade\u201d.<\/p>\n\n\n\n<p>Somos unha naci\u00f3n, un territorio, cunha din\u00e1mica pol\u00edtica propia, diferenciada e que non se axusta \u00e1 din\u00e1mica estatal imposta polo centralismo. Que tome nota a dereita espa\u00f1ola, porque \u201cos marcos trumpistas en que desenvolveu a campa\u00f1a no Estado non lles serviron para Galiza\u201d.<\/p>\n\n\n\n<p>E mentres vemos con preocupaci\u00f3n como no Estado as chamadas forzas progresistas baixan, en Galiza o BNG medrou, fortaleceuse, avanzou e foi canle de esperanza e de ilusi\u00f3n para milleiros de galegos e galegas que confiaron en n\u00f3s e na nosa proposta de transformaci\u00f3n.<\/p>\n\n\n\n<p>Pont\u00f3n conclu\u00edu a s\u00faa intervenci\u00f3n lembrando que os resultados do pasado 28 de Maio colocan ao BNG como a forza pol\u00edtica que m\u00e1is sobe en Galiza, \u201creforzan a\u00ednda m\u00e1is a tendencia iniciada nas elecci\u00f3ns galegas e sit\u00faannos como a referencia clara do cambio pol\u00edtico en Galiza\u201d.<\/p>\n","protected":false},"excerpt":{"rendered":"<div class=\"mh-excerpt\"><p>Afirma que as elecci\u00f3ns Xerais do 23 de xullo van \u201cde facernos valer con m\u00e1is forza para que Galiza te\u00f1a peso pol\u00edtico en Madrid e usalo en favor dos intereses da sociedade galega <a class=\"mh-excerpt-more\" href=\"https:\/\/www.anovapeneira.gal\/index.php\/2023\/06\/07\/ponton-fronte-aos-bloques-de-feijoo-e-sanchez-e-os-seus-aliados-o-noso-bloque-e-galiza-e-a-nosa-proposta-unha-candidatura-de-pais-para-lograr-un-grupo-galego-forte-en-madrid\/\" title=\"Pont\u00f3n: \u201cFronte aos bloques de Feij\u00f3o e S\u00e1nchez e os seus aliados, o noso bloque \u00e9 Galiza, e a nosa proposta unha candidatura de pa\u00eds para lograr un grupo galego forte en Madrid\u201d\">[&#8230;]<\/a><\/p>\n<\/div>","protected":false},"author":3,"featured_media":9841,"comment_status":"open","ping_status":"open","sticky":false,"template":"","format":"standard","meta":{"_exactmetrics_skip_tracking":false,"_exactmetrics_sitenote_active":false,"_exactmetrics_sitenote_note":"","_exactmetrics_sitenote_category":0,"footnotes":""},"categories":[263],"tags":[10],"class_list":{"0":"post-9840","1":"post","2":"type-post","3":"status-publish","4":"format-standard","5":"has-post-thumbnail","7":"category-novas","8":"tag-bng"},"yoast_head":"<!-- This site is optimized with the Yoast SEO plugin v27.4 - https:\/\/yoast.com\/product\/yoast-seo-wordpress\/ -->\n<title>Pont\u00f3n: \u201cFronte aos bloques de Feij\u00f3o e S\u00e1nchez e os seus aliados, o noso bloque \u00e9 Galiza, e a nosa proposta unha candidatura de pa\u00eds para lograr un grupo galego forte en Madrid\u201d -<\/title>\n<meta name=\"description\" content=\"Afirma que as elecci\u00f3ns Xerais do 23 de xullo van \u201cde facernos valer con m\u00e1is forza para que Galiza te\u00f1a peso pol\u00edtico en Madrid e usalo en favor dos intereses da sociedade galega\" \/>\n<meta name=\"robots\" content=\"index, follow, max-snippet:-1, max-image-preview:large, max-video-preview:-1\" \/>\n<link rel=\"canonical\" href=\"https:\/\/www.anovapeneira.gal\/index.php\/2023\/06\/07\/ponton-fronte-aos-bloques-de-feijoo-e-sanchez-e-os-seus-aliados-o-noso-bloque-e-galiza-e-a-nosa-proposta-unha-candidatura-de-pais-para-lograr-un-grupo-galego-forte-en-madrid\/\" \/>\n<meta property=\"og:locale\" content=\"gl_ES\" \/>\n<meta property=\"og:type\" content=\"article\" \/>\n<meta property=\"og:title\" content=\"Pont\u00f3n: \u201cFronte aos bloques de Feij\u00f3o e S\u00e1nchez e os seus aliados, o noso bloque \u00e9 Galiza, e a nosa proposta unha candidatura de pa\u00eds para lograr un grupo galego forte en Madrid\u201d -\" \/>\n<meta property=\"og:description\" content=\"Afirma que as elecci\u00f3ns Xerais do 23 de xullo van \u201cde facernos valer con m\u00e1is forza para que Galiza te\u00f1a peso pol\u00edtico en Madrid e usalo en favor dos intereses da sociedade galega\" \/>\n<meta property=\"og:url\" content=\"https:\/\/www.anovapeneira.gal\/index.php\/2023\/06\/07\/ponton-fronte-aos-bloques-de-feijoo-e-sanchez-e-os-seus-aliados-o-noso-bloque-e-galiza-e-a-nosa-proposta-unha-candidatura-de-pais-para-lograr-un-grupo-galego-forte-en-madrid\/\" \/>\n<meta property=\"article:publisher\" content=\"https:\/\/www.facebook.com\/anovapeneira\" \/>\n<meta property=\"article:published_time\" content=\"2023-06-07T10:00:18+00:00\" \/>\n<meta property=\"og:image\" content=\"https:\/\/www.anovapeneira.gal\/wp-content\/uploads\/2023\/06\/consello_nacional_bng.jpg\" \/>\n\t<meta property=\"og:image:width\" content=\"720\" \/>\n\t<meta property=\"og:image:height\" content=\"432\" \/>\n\t<meta property=\"og:image:type\" content=\"image\/jpeg\" \/>\n<meta name=\"author\" content=\"Redacci\u00f3n A Nova Peneira\" \/>\n<meta name=\"twitter:card\" content=\"summary_large_image\" \/>\n<meta name=\"twitter:creator\" content=\"@APeneira\" \/>\n<meta name=\"twitter:site\" content=\"@APeneira\" \/>\n<meta name=\"twitter:label1\" content=\"Escrito por\" \/>\n\t<meta name=\"twitter:data1\" content=\"Redacci\u00f3n A Nova Peneira\" \/>\n\t<meta name=\"twitter:label2\" content=\"Tempo de lectura\" \/>\n\t<meta name=\"twitter:data2\" content=\"6 minutos\" \/>\n<script type=\"application\/ld+json\" class=\"yoast-schema-graph\">{\"@context\":\"https:\\\/\\\/schema.org\",\"@graph\":[{\"@type\":\"Article\",\"@id\":\"https:\\\/\\\/www.anovapeneira.gal\\\/index.php\\\/2023\\\/06\\\/07\\\/ponton-fronte-aos-bloques-de-feijoo-e-sanchez-e-os-seus-aliados-o-noso-bloque-e-galiza-e-a-nosa-proposta-unha-candidatura-de-pais-para-lograr-un-grupo-galego-forte-en-madrid\\\/#article\",\"isPartOf\":{\"@id\":\"https:\\\/\\\/www.anovapeneira.gal\\\/index.php\\\/2023\\\/06\\\/07\\\/ponton-fronte-aos-bloques-de-feijoo-e-sanchez-e-os-seus-aliados-o-noso-bloque-e-galiza-e-a-nosa-proposta-unha-candidatura-de-pais-para-lograr-un-grupo-galego-forte-en-madrid\\\/\"},\"author\":{\"name\":\"Redacci\u00f3n A Nova Peneira\",\"@id\":\"https:\\\/\\\/www.anovapeneira.gal\\\/#\\\/schema\\\/person\\\/b93e3f8932e3f8da96334607eb6ac6aa\"},\"headline\":\"Pont\u00f3n: \u201cFronte aos bloques de Feij\u00f3o e S\u00e1nchez e os seus aliados, o noso bloque \u00e9 Galiza, e a nosa proposta unha candidatura de pa\u00eds para lograr un grupo galego forte en Madrid\u201d\",\"datePublished\":\"2023-06-07T10:00:18+00:00\",\"mainEntityOfPage\":{\"@id\":\"https:\\\/\\\/www.anovapeneira.gal\\\/index.php\\\/2023\\\/06\\\/07\\\/ponton-fronte-aos-bloques-de-feijoo-e-sanchez-e-os-seus-aliados-o-noso-bloque-e-galiza-e-a-nosa-proposta-unha-candidatura-de-pais-para-lograr-un-grupo-galego-forte-en-madrid\\\/\"},\"wordCount\":1132,\"commentCount\":0,\"publisher\":{\"@id\":\"https:\\\/\\\/www.anovapeneira.gal\\\/#organization\"},\"image\":{\"@id\":\"https:\\\/\\\/www.anovapeneira.gal\\\/index.php\\\/2023\\\/06\\\/07\\\/ponton-fronte-aos-bloques-de-feijoo-e-sanchez-e-os-seus-aliados-o-noso-bloque-e-galiza-e-a-nosa-proposta-unha-candidatura-de-pais-para-lograr-un-grupo-galego-forte-en-madrid\\\/#primaryimage\"},\"thumbnailUrl\":\"https:\\\/\\\/www.anovapeneira.gal\\\/wp-content\\\/uploads\\\/2023\\\/06\\\/consello_nacional_bng.jpg\",\"keywords\":[\"BNG\"],\"articleSection\":[\"Novas\"],\"inLanguage\":\"gl-ES\",\"potentialAction\":[{\"@type\":\"CommentAction\",\"name\":\"Comment\",\"target\":[\"https:\\\/\\\/www.anovapeneira.gal\\\/index.php\\\/2023\\\/06\\\/07\\\/ponton-fronte-aos-bloques-de-feijoo-e-sanchez-e-os-seus-aliados-o-noso-bloque-e-galiza-e-a-nosa-proposta-unha-candidatura-de-pais-para-lograr-un-grupo-galego-forte-en-madrid\\\/#respond\"]}]},{\"@type\":\"WebPage\",\"@id\":\"https:\\\/\\\/www.anovapeneira.gal\\\/index.php\\\/2023\\\/06\\\/07\\\/ponton-fronte-aos-bloques-de-feijoo-e-sanchez-e-os-seus-aliados-o-noso-bloque-e-galiza-e-a-nosa-proposta-unha-candidatura-de-pais-para-lograr-un-grupo-galego-forte-en-madrid\\\/\",\"url\":\"https:\\\/\\\/www.anovapeneira.gal\\\/index.php\\\/2023\\\/06\\\/07\\\/ponton-fronte-aos-bloques-de-feijoo-e-sanchez-e-os-seus-aliados-o-noso-bloque-e-galiza-e-a-nosa-proposta-unha-candidatura-de-pais-para-lograr-un-grupo-galego-forte-en-madrid\\\/\",\"name\":\"Pont\u00f3n: \u201cFronte aos bloques de Feij\u00f3o e S\u00e1nchez e os seus aliados, o noso bloque \u00e9 Galiza, e a nosa proposta unha candidatura de pa\u00eds para lograr un grupo galego forte en Madrid\u201d -\",\"isPartOf\":{\"@id\":\"https:\\\/\\\/www.anovapeneira.gal\\\/#website\"},\"primaryImageOfPage\":{\"@id\":\"https:\\\/\\\/www.anovapeneira.gal\\\/index.php\\\/2023\\\/06\\\/07\\\/ponton-fronte-aos-bloques-de-feijoo-e-sanchez-e-os-seus-aliados-o-noso-bloque-e-galiza-e-a-nosa-proposta-unha-candidatura-de-pais-para-lograr-un-grupo-galego-forte-en-madrid\\\/#primaryimage\"},\"image\":{\"@id\":\"https:\\\/\\\/www.anovapeneira.gal\\\/index.php\\\/2023\\\/06\\\/07\\\/ponton-fronte-aos-bloques-de-feijoo-e-sanchez-e-os-seus-aliados-o-noso-bloque-e-galiza-e-a-nosa-proposta-unha-candidatura-de-pais-para-lograr-un-grupo-galego-forte-en-madrid\\\/#primaryimage\"},\"thumbnailUrl\":\"https:\\\/\\\/www.anovapeneira.gal\\\/wp-content\\\/uploads\\\/2023\\\/06\\\/consello_nacional_bng.jpg\",\"datePublished\":\"2023-06-07T10:00:18+00:00\",\"description\":\"Afirma que as elecci\u00f3ns Xerais do 23 de xullo van \u201cde facernos valer con m\u00e1is forza para que Galiza te\u00f1a peso pol\u00edtico en Madrid e usalo en favor dos intereses da sociedade galega\",\"breadcrumb\":{\"@id\":\"https:\\\/\\\/www.anovapeneira.gal\\\/index.php\\\/2023\\\/06\\\/07\\\/ponton-fronte-aos-bloques-de-feijoo-e-sanchez-e-os-seus-aliados-o-noso-bloque-e-galiza-e-a-nosa-proposta-unha-candidatura-de-pais-para-lograr-un-grupo-galego-forte-en-madrid\\\/#breadcrumb\"},\"inLanguage\":\"gl-ES\",\"potentialAction\":[{\"@type\":\"ReadAction\",\"target\":[\"https:\\\/\\\/www.anovapeneira.gal\\\/index.php\\\/2023\\\/06\\\/07\\\/ponton-fronte-aos-bloques-de-feijoo-e-sanchez-e-os-seus-aliados-o-noso-bloque-e-galiza-e-a-nosa-proposta-unha-candidatura-de-pais-para-lograr-un-grupo-galego-forte-en-madrid\\\/\"]}]},{\"@type\":\"ImageObject\",\"inLanguage\":\"gl-ES\",\"@id\":\"https:\\\/\\\/www.anovapeneira.gal\\\/index.php\\\/2023\\\/06\\\/07\\\/ponton-fronte-aos-bloques-de-feijoo-e-sanchez-e-os-seus-aliados-o-noso-bloque-e-galiza-e-a-nosa-proposta-unha-candidatura-de-pais-para-lograr-un-grupo-galego-forte-en-madrid\\\/#primaryimage\",\"url\":\"https:\\\/\\\/www.anovapeneira.gal\\\/wp-content\\\/uploads\\\/2023\\\/06\\\/consello_nacional_bng.jpg\",\"contentUrl\":\"https:\\\/\\\/www.anovapeneira.gal\\\/wp-content\\\/uploads\\\/2023\\\/06\\\/consello_nacional_bng.jpg\",\"width\":720,\"height\":432,\"caption\":\"Consello Nacional BNG\"},{\"@type\":\"BreadcrumbList\",\"@id\":\"https:\\\/\\\/www.anovapeneira.gal\\\/index.php\\\/2023\\\/06\\\/07\\\/ponton-fronte-aos-bloques-de-feijoo-e-sanchez-e-os-seus-aliados-o-noso-bloque-e-galiza-e-a-nosa-proposta-unha-candidatura-de-pais-para-lograr-un-grupo-galego-forte-en-madrid\\\/#breadcrumb\",\"itemListElement\":[{\"@type\":\"ListItem\",\"position\":1,\"name\":\"Portada\",\"item\":\"https:\\\/\\\/www.anovapeneira.gal\\\/\"},{\"@type\":\"ListItem\",\"position\":2,\"name\":\"Pont\u00f3n: \u201cFronte aos bloques de Feij\u00f3o e S\u00e1nchez e os seus aliados, o noso bloque \u00e9 Galiza, e a nosa proposta unha candidatura de pa\u00eds para lograr un grupo galego forte en Madrid\u201d\"}]},{\"@type\":\"WebSite\",\"@id\":\"https:\\\/\\\/www.anovapeneira.gal\\\/#website\",\"url\":\"https:\\\/\\\/www.anovapeneira.gal\\\/\",\"name\":\"\",\"description\":\"Xornal galego de informaci\u00f3n xeral Publicaci\u00f3n mensual de novas de Galicia e en especial dos Concellos da sur da provincia de Pontevedra.\",\"publisher\":{\"@id\":\"https:\\\/\\\/www.anovapeneira.gal\\\/#organization\"},\"potentialAction\":[{\"@type\":\"SearchAction\",\"target\":{\"@type\":\"EntryPoint\",\"urlTemplate\":\"https:\\\/\\\/www.anovapeneira.gal\\\/?s={search_term_string}\"},\"query-input\":{\"@type\":\"PropertyValueSpecification\",\"valueRequired\":true,\"valueName\":\"search_term_string\"}}],\"inLanguage\":\"gl-ES\"},{\"@type\":\"Organization\",\"@id\":\"https:\\\/\\\/www.anovapeneira.gal\\\/#organization\",\"name\":\"A Nova Peneira\",\"url\":\"https:\\\/\\\/www.anovapeneira.gal\\\/\",\"logo\":{\"@type\":\"ImageObject\",\"inLanguage\":\"gl-ES\",\"@id\":\"https:\\\/\\\/www.anovapeneira.gal\\\/#\\\/schema\\\/logo\\\/image\\\/\",\"url\":\"http:\\\/\\\/www.anovapeneira.gal\\\/wp-content\\\/uploads\\\/2019\\\/06\\\/logo_a_nova_peneira_portal_web.png\",\"contentUrl\":\"http:\\\/\\\/www.anovapeneira.gal\\\/wp-content\\\/uploads\\\/2019\\\/06\\\/logo_a_nova_peneira_portal_web.png\",\"width\":300,\"height\":100,\"caption\":\"A Nova Peneira\"},\"image\":{\"@id\":\"https:\\\/\\\/www.anovapeneira.gal\\\/#\\\/schema\\\/logo\\\/image\\\/\"},\"sameAs\":[\"https:\\\/\\\/www.facebook.com\\\/anovapeneira\",\"https:\\\/\\\/x.com\\\/APeneira\"]},{\"@type\":\"Person\",\"@id\":\"https:\\\/\\\/www.anovapeneira.gal\\\/#\\\/schema\\\/person\\\/b93e3f8932e3f8da96334607eb6ac6aa\",\"name\":\"Redacci\u00f3n A Nova Peneira\",\"image\":{\"@type\":\"ImageObject\",\"inLanguage\":\"gl-ES\",\"@id\":\"https:\\\/\\\/secure.gravatar.com\\\/avatar\\\/c052a2551a06e23fac63626232eaa90abd78dbcf1700fc46a2b2c89fd27b735f?s=96&d=mm&r=g\",\"url\":\"https:\\\/\\\/secure.gravatar.com\\\/avatar\\\/c052a2551a06e23fac63626232eaa90abd78dbcf1700fc46a2b2c89fd27b735f?s=96&d=mm&r=g\",\"contentUrl\":\"https:\\\/\\\/secure.gravatar.com\\\/avatar\\\/c052a2551a06e23fac63626232eaa90abd78dbcf1700fc46a2b2c89fd27b735f?s=96&d=mm&r=g\",\"caption\":\"Redacci\u00f3n A Nova Peneira\"},\"sameAs\":[\"http:\\\/\\\/www.anovapeneira.gal\\\/\"],\"url\":\"https:\\\/\\\/www.anovapeneira.gal\\\/index.php\\\/author\\\/redactor\\\/\"}]}<\/script>\n<!-- \/ Yoast SEO plugin. -->","yoast_head_json":{"title":"Pont\u00f3n: \u201cFronte aos bloques de Feij\u00f3o e S\u00e1nchez e os seus aliados, o noso bloque \u00e9 Galiza, e a nosa proposta unha candidatura de pa\u00eds para lograr un grupo galego forte en Madrid\u201d -","description":"Afirma que as elecci\u00f3ns Xerais do 23 de xullo van \u201cde facernos valer con m\u00e1is forza para que Galiza te\u00f1a peso pol\u00edtico en Madrid e usalo en favor dos intereses da sociedade galega","robots":{"index":"index","follow":"follow","max-snippet":"max-snippet:-1","max-image-preview":"max-image-preview:large","max-video-preview":"max-video-preview:-1"},"canonical":"https:\/\/www.anovapeneira.gal\/index.php\/2023\/06\/07\/ponton-fronte-aos-bloques-de-feijoo-e-sanchez-e-os-seus-aliados-o-noso-bloque-e-galiza-e-a-nosa-proposta-unha-candidatura-de-pais-para-lograr-un-grupo-galego-forte-en-madrid\/","og_locale":"gl_ES","og_type":"article","og_title":"Pont\u00f3n: \u201cFronte aos bloques de Feij\u00f3o e S\u00e1nchez e os seus aliados, o noso bloque \u00e9 Galiza, e a nosa proposta unha candidatura de pa\u00eds para lograr un grupo galego forte en Madrid\u201d -","og_description":"Afirma que as elecci\u00f3ns Xerais do 23 de xullo van \u201cde facernos valer con m\u00e1is forza para que Galiza te\u00f1a peso pol\u00edtico en Madrid e usalo en favor dos intereses da sociedade galega","og_url":"https:\/\/www.anovapeneira.gal\/index.php\/2023\/06\/07\/ponton-fronte-aos-bloques-de-feijoo-e-sanchez-e-os-seus-aliados-o-noso-bloque-e-galiza-e-a-nosa-proposta-unha-candidatura-de-pais-para-lograr-un-grupo-galego-forte-en-madrid\/","article_publisher":"https:\/\/www.facebook.com\/anovapeneira","article_published_time":"2023-06-07T10:00:18+00:00","og_image":[{"width":720,"height":432,"url":"https:\/\/www.anovapeneira.gal\/wp-content\/uploads\/2023\/06\/consello_nacional_bng.jpg","type":"image\/jpeg"}],"author":"Redacci\u00f3n A Nova Peneira","twitter_card":"summary_large_image","twitter_creator":"@APeneira","twitter_site":"@APeneira","twitter_misc":{"Escrito por":"Redacci\u00f3n A Nova Peneira","Tempo de lectura":"6 minutos"},"schema":{"@context":"https:\/\/schema.org","@graph":[{"@type":"Article","@id":"https:\/\/www.anovapeneira.gal\/index.php\/2023\/06\/07\/ponton-fronte-aos-bloques-de-feijoo-e-sanchez-e-os-seus-aliados-o-noso-bloque-e-galiza-e-a-nosa-proposta-unha-candidatura-de-pais-para-lograr-un-grupo-galego-forte-en-madrid\/#article","isPartOf":{"@id":"https:\/\/www.anovapeneira.gal\/index.php\/2023\/06\/07\/ponton-fronte-aos-bloques-de-feijoo-e-sanchez-e-os-seus-aliados-o-noso-bloque-e-galiza-e-a-nosa-proposta-unha-candidatura-de-pais-para-lograr-un-grupo-galego-forte-en-madrid\/"},"author":{"name":"Redacci\u00f3n A Nova Peneira","@id":"https:\/\/www.anovapeneira.gal\/#\/schema\/person\/b93e3f8932e3f8da96334607eb6ac6aa"},"headline":"Pont\u00f3n: \u201cFronte aos bloques de Feij\u00f3o e S\u00e1nchez e os seus aliados, o noso bloque \u00e9 Galiza, e a nosa proposta unha candidatura de pa\u00eds para lograr un grupo galego forte en Madrid\u201d","datePublished":"2023-06-07T10:00:18+00:00","mainEntityOfPage":{"@id":"https:\/\/www.anovapeneira.gal\/index.php\/2023\/06\/07\/ponton-fronte-aos-bloques-de-feijoo-e-sanchez-e-os-seus-aliados-o-noso-bloque-e-galiza-e-a-nosa-proposta-unha-candidatura-de-pais-para-lograr-un-grupo-galego-forte-en-madrid\/"},"wordCount":1132,"commentCount":0,"publisher":{"@id":"https:\/\/www.anovapeneira.gal\/#organization"},"image":{"@id":"https:\/\/www.anovapeneira.gal\/index.php\/2023\/06\/07\/ponton-fronte-aos-bloques-de-feijoo-e-sanchez-e-os-seus-aliados-o-noso-bloque-e-galiza-e-a-nosa-proposta-unha-candidatura-de-pais-para-lograr-un-grupo-galego-forte-en-madrid\/#primaryimage"},"thumbnailUrl":"https:\/\/www.anovapeneira.gal\/wp-content\/uploads\/2023\/06\/consello_nacional_bng.jpg","keywords":["BNG"],"articleSection":["Novas"],"inLanguage":"gl-ES","potentialAction":[{"@type":"CommentAction","name":"Comment","target":["https:\/\/www.anovapeneira.gal\/index.php\/2023\/06\/07\/ponton-fronte-aos-bloques-de-feijoo-e-sanchez-e-os-seus-aliados-o-noso-bloque-e-galiza-e-a-nosa-proposta-unha-candidatura-de-pais-para-lograr-un-grupo-galego-forte-en-madrid\/#respond"]}]},{"@type":"WebPage","@id":"https:\/\/www.anovapeneira.gal\/index.php\/2023\/06\/07\/ponton-fronte-aos-bloques-de-feijoo-e-sanchez-e-os-seus-aliados-o-noso-bloque-e-galiza-e-a-nosa-proposta-unha-candidatura-de-pais-para-lograr-un-grupo-galego-forte-en-madrid\/","url":"https:\/\/www.anovapeneira.gal\/index.php\/2023\/06\/07\/ponton-fronte-aos-bloques-de-feijoo-e-sanchez-e-os-seus-aliados-o-noso-bloque-e-galiza-e-a-nosa-proposta-unha-candidatura-de-pais-para-lograr-un-grupo-galego-forte-en-madrid\/","name":"Pont\u00f3n: \u201cFronte aos bloques de Feij\u00f3o e S\u00e1nchez e os seus aliados, o noso bloque \u00e9 Galiza, e a nosa proposta unha candidatura de pa\u00eds para lograr un grupo galego forte en Madrid\u201d -","isPartOf":{"@id":"https:\/\/www.anovapeneira.gal\/#website"},"primaryImageOfPage":{"@id":"https:\/\/www.anovapeneira.gal\/index.php\/2023\/06\/07\/ponton-fronte-aos-bloques-de-feijoo-e-sanchez-e-os-seus-aliados-o-noso-bloque-e-galiza-e-a-nosa-proposta-unha-candidatura-de-pais-para-lograr-un-grupo-galego-forte-en-madrid\/#primaryimage"},"image":{"@id":"https:\/\/www.anovapeneira.gal\/index.php\/2023\/06\/07\/ponton-fronte-aos-bloques-de-feijoo-e-sanchez-e-os-seus-aliados-o-noso-bloque-e-galiza-e-a-nosa-proposta-unha-candidatura-de-pais-para-lograr-un-grupo-galego-forte-en-madrid\/#primaryimage"},"thumbnailUrl":"https:\/\/www.anovapeneira.gal\/wp-content\/uploads\/2023\/06\/consello_nacional_bng.jpg","datePublished":"2023-06-07T10:00:18+00:00","description":"Afirma que as elecci\u00f3ns Xerais do 23 de xullo van \u201cde facernos valer con m\u00e1is forza para que Galiza te\u00f1a peso pol\u00edtico en Madrid e usalo en favor dos intereses da sociedade galega","breadcrumb":{"@id":"https:\/\/www.anovapeneira.gal\/index.php\/2023\/06\/07\/ponton-fronte-aos-bloques-de-feijoo-e-sanchez-e-os-seus-aliados-o-noso-bloque-e-galiza-e-a-nosa-proposta-unha-candidatura-de-pais-para-lograr-un-grupo-galego-forte-en-madrid\/#breadcrumb"},"inLanguage":"gl-ES","potentialAction":[{"@type":"ReadAction","target":["https:\/\/www.anovapeneira.gal\/index.php\/2023\/06\/07\/ponton-fronte-aos-bloques-de-feijoo-e-sanchez-e-os-seus-aliados-o-noso-bloque-e-galiza-e-a-nosa-proposta-unha-candidatura-de-pais-para-lograr-un-grupo-galego-forte-en-madrid\/"]}]},{"@type":"ImageObject","inLanguage":"gl-ES","@id":"https:\/\/www.anovapeneira.gal\/index.php\/2023\/06\/07\/ponton-fronte-aos-bloques-de-feijoo-e-sanchez-e-os-seus-aliados-o-noso-bloque-e-galiza-e-a-nosa-proposta-unha-candidatura-de-pais-para-lograr-un-grupo-galego-forte-en-madrid\/#primaryimage","url":"https:\/\/www.anovapeneira.gal\/wp-content\/uploads\/2023\/06\/consello_nacional_bng.jpg","contentUrl":"https:\/\/www.anovapeneira.gal\/wp-content\/uploads\/2023\/06\/consello_nacional_bng.jpg","width":720,"height":432,"caption":"Consello Nacional BNG"},{"@type":"BreadcrumbList","@id":"https:\/\/www.anovapeneira.gal\/index.php\/2023\/06\/07\/ponton-fronte-aos-bloques-de-feijoo-e-sanchez-e-os-seus-aliados-o-noso-bloque-e-galiza-e-a-nosa-proposta-unha-candidatura-de-pais-para-lograr-un-grupo-galego-forte-en-madrid\/#breadcrumb","itemListElement":[{"@type":"ListItem","position":1,"name":"Portada","item":"https:\/\/www.anovapeneira.gal\/"},{"@type":"ListItem","position":2,"name":"Pont\u00f3n: \u201cFronte aos bloques de Feij\u00f3o e S\u00e1nchez e os seus aliados, o noso bloque \u00e9 Galiza, e a nosa proposta unha candidatura de pa\u00eds para lograr un grupo galego forte en Madrid\u201d"}]},{"@type":"WebSite","@id":"https:\/\/www.anovapeneira.gal\/#website","url":"https:\/\/www.anovapeneira.gal\/","name":"","description":"Xornal galego de informaci\u00f3n xeral Publicaci\u00f3n mensual de novas de Galicia e en especial dos Concellos da sur da provincia de Pontevedra.","publisher":{"@id":"https:\/\/www.anovapeneira.gal\/#organization"},"potentialAction":[{"@type":"SearchAction","target":{"@type":"EntryPoint","urlTemplate":"https:\/\/www.anovapeneira.gal\/?s={search_term_string}"},"query-input":{"@type":"PropertyValueSpecification","valueRequired":true,"valueName":"search_term_string"}}],"inLanguage":"gl-ES"},{"@type":"Organization","@id":"https:\/\/www.anovapeneira.gal\/#organization","name":"A Nova Peneira","url":"https:\/\/www.anovapeneira.gal\/","logo":{"@type":"ImageObject","inLanguage":"gl-ES","@id":"https:\/\/www.anovapeneira.gal\/#\/schema\/logo\/image\/","url":"http:\/\/www.anovapeneira.gal\/wp-content\/uploads\/2019\/06\/logo_a_nova_peneira_portal_web.png","contentUrl":"http:\/\/www.anovapeneira.gal\/wp-content\/uploads\/2019\/06\/logo_a_nova_peneira_portal_web.png","width":300,"height":100,"caption":"A Nova Peneira"},"image":{"@id":"https:\/\/www.anovapeneira.gal\/#\/schema\/logo\/image\/"},"sameAs":["https:\/\/www.facebook.com\/anovapeneira","https:\/\/x.com\/APeneira"]},{"@type":"Person","@id":"https:\/\/www.anovapeneira.gal\/#\/schema\/person\/b93e3f8932e3f8da96334607eb6ac6aa","name":"Redacci\u00f3n A Nova Peneira","image":{"@type":"ImageObject","inLanguage":"gl-ES","@id":"https:\/\/secure.gravatar.com\/avatar\/c052a2551a06e23fac63626232eaa90abd78dbcf1700fc46a2b2c89fd27b735f?s=96&d=mm&r=g","url":"https:\/\/secure.gravatar.com\/avatar\/c052a2551a06e23fac63626232eaa90abd78dbcf1700fc46a2b2c89fd27b735f?s=96&d=mm&r=g","contentUrl":"https:\/\/secure.gravatar.com\/avatar\/c052a2551a06e23fac63626232eaa90abd78dbcf1700fc46a2b2c89fd27b735f?s=96&d=mm&r=g","caption":"Redacci\u00f3n A Nova Peneira"},"sameAs":["http:\/\/www.anovapeneira.gal\/"],"url":"https:\/\/www.anovapeneira.gal\/index.php\/author\/redactor\/"}]}},"jetpack_featured_media_url":"https:\/\/www.anovapeneira.gal\/wp-content\/uploads\/2023\/06\/consello_nacional_bng.jpg","_links":{"self":[{"href":"https:\/\/www.anovapeneira.gal\/index.php\/wp-json\/wp\/v2\/posts\/9840","targetHints":{"allow":["GET"]}}],"collection":[{"href":"https:\/\/www.anovapeneira.gal\/index.php\/wp-json\/wp\/v2\/posts"}],"about":[{"href":"https:\/\/www.anovapeneira.gal\/index.php\/wp-json\/wp\/v2\/types\/post"}],"author":[{"embeddable":true,"href":"https:\/\/www.anovapeneira.gal\/index.php\/wp-json\/wp\/v2\/users\/3"}],"replies":[{"embeddable":true,"href":"https:\/\/www.anovapeneira.gal\/index.php\/wp-json\/wp\/v2\/comments?post=9840"}],"version-history":[{"count":1,"href":"https:\/\/www.anovapeneira.gal\/index.php\/wp-json\/wp\/v2\/posts\/9840\/revisions"}],"predecessor-version":[{"id":9842,"href":"https:\/\/www.anovapeneira.gal\/index.php\/wp-json\/wp\/v2\/posts\/9840\/revisions\/9842"}],"wp:featuredmedia":[{"embeddable":true,"href":"https:\/\/www.anovapeneira.gal\/index.php\/wp-json\/wp\/v2\/media\/9841"}],"wp:attachment":[{"href":"https:\/\/www.anovapeneira.gal\/index.php\/wp-json\/wp\/v2\/media?parent=9840"}],"wp:term":[{"taxonomy":"category","embeddable":true,"href":"https:\/\/www.anovapeneira.gal\/index.php\/wp-json\/wp\/v2\/categories?post=9840"},{"taxonomy":"post_tag","embeddable":true,"href":"https:\/\/www.anovapeneira.gal\/index.php\/wp-json\/wp\/v2\/tags?post=9840"}],"curies":[{"name":"wp","href":"https:\/\/api.w.org\/{rel}","templated":true}]}}