{"id":9843,"date":"2023-06-08T10:00:28","date_gmt":"2023-06-08T08:00:28","guid":{"rendered":"https:\/\/www.anovapeneira.gal\/?p=9843"},"modified":"2023-06-05T11:45:44","modified_gmt":"2023-06-05T09:45:44","slug":"premios-atila-2023-aos-maiores-culpables-de-atentados-ambientais-en-galiza","status":"publish","type":"post","link":"https:\/\/www.anovapeneira.gal\/index.php\/2023\/06\/08\/premios-atila-2023-aos-maiores-culpables-de-atentados-ambientais-en-galiza\/","title":{"rendered":"Premios Atila 2023 aos maiores culpables de atentados ambientais en Galiza"},"content":{"rendered":"\n<p>Co gallo da celebraci\u00f3n do D\u00eda Mundial de Medio Ambiente, Ecoloxistas en Acci\u00f3n outorga os seus premios Atila e Cabalo de Atila \u00e1s condutas m\u00e1is destacadas do ano pola s\u00faa contribuci\u00f3n \u00e1 destruci\u00f3n do medio ambiente. <\/p>\n\n\n\n<p>Este ano adxudicouse o galard\u00f3n Premio Atila a Teresa Guti\u00e9rrez, directora de Augas de Galicia, e Ethel V\u00e1zquez, Conselleira de Infraestructuras e Mobilidade, por autorizar o baleirado da mina de San Finx. *<\/p>\n\n\n\n<p>O Premio Cabalo de Atila foi para Jose V\u00e1zquez, Conselleiro de Medio Rural, por relacionar as figuras de protecci\u00f3n ambiental, como Rede Natura 2000, co orixe das vagas de lumes.<\/p>\n\n\n\n<p>O 5 de xu\u00f1o \u00e9 o D\u00eda Mundial do Medio Ambiente, unha data establecida pola Asemblea Xeral das Naci\u00f3ns Unidas en 1972 para aumentar a conciencia ambiental e fomentar a acci\u00f3n global na protecci\u00f3n do medio ambiente. Para iso, Ecoloxistas en Acci\u00f3n premia aos que son como Atila: por onde pasan, non medra nin a herba. Con estes premios sin\u00e1lase a instituci\u00f3ns e aos seus responsables como causantes de agudizar a crise social e ambiental. O primeiro premio, Premio Atila 2023, \u00e9 para Teresa Guti\u00e9rrez, directora de Augas de Galicia, e Ethel V\u00e1zquez, Conselleira de Infraestructuras e Mobilidade, por autorizar o baleirado da mina de San Finx. Unha drenaxe \u00e1ceda que afectar\u00e1 de morte o ecosistema da r\u00eda de Noia e pondr\u00e1 en perigo a econom\u00eda tradicional da comarca baseada no marisqueo e a pesca artesanal. O segundo premio, Premio Cabalo de Atila, levouno Jose V\u00e1zquez, Conselleiro de Medio Rural, por relacionar as figuras de protecci\u00f3n ambiental, como Rede Natura 2000, co orixe das vagas de lumes. Unhas declaraci\u00f3ns coas que pretendeu agochar a s\u00faa incompetencia na prevenci\u00f3n e contenci\u00f3n dos lumes que arrasaron o ano pasado o macizo central ourens\u00e1. Actuaci\u00f3n neglixente pola que estivo investigado pola fiscal\u00eda de Ourense.<\/p>\n\n\n\n<p>Este ano o acc\u00e9sit especial, carteira de Atila, ot\u00f3rgase a Conseller\u00eda de Medio Ambiente, Territorio e Vivenda. Rec\u00f3lleo s conselleira \u00c1nxeles V\u00e1zquez polo seu desleixo coas demandas dos veci\u00f1os e veci\u00f1as de Loxo e ignorar a petici\u00f3n que lle fixeron por activa e por pasiva de instalar unha estaci\u00f3n de medici\u00f3n da calidade do aire para saber qu\u00e9 tipo de gases e con que frecuencia e intensidade est\u00e1n respirando. Uns nauseabundos cheiros que manan da planta de res\u00edduos dos terreos da mina de Touro que lles amolan a cot\u00edo. A planta de tratamento de residuos Tratamientos Ecol\u00f3gicos del Noroeste SL, despois de case vinte anos de iniciar a actividade, acumula queixas e denuncias da veci\u00f1anza sen que a prometida restauraci\u00f3n dos terreos degradados pola mina se te\u00f1a rematado nin nos terreos, nin nas augas dos r\u00edos contaminadas por drenaxe \u00e1ceda de mina. Outorgamos o segundo acc\u00e9sit, a Coz do Cabalo de Atila, a Abel Caballero, alcalde de Vigo e presidente da Federaci\u00f3n Espa\u00f1ola de Municipios e Provincias. Os datos recollidos nos nosos informes sobre calidade do aire e contaminaci\u00f3n ac\u00fastica sinalan altos niveles de contaminaci\u00f3n con risco para a sa\u00fade humana. En troques de tomar medidas como implantar Zonas de Baixas Emisi\u00f3ns e pacificar o tr\u00e1fico, o Concello practica o negacionismo, incumprindo a Lei de Cambio Clim\u00e1tico, mantendo un dos peores servizos de transporte p\u00fablico do Estado e constru\u00edndo costosas infraestructuras de transporte que incrementan o tr\u00e1fico. Ademais. con reiteradas as declaraci\u00f3ns de Abel Caballero descalificando as demandas dos movementos ecoloxistas e veci\u00f1ais, neg\u00e1ndose a recibilos e opo\u00f1endose a implementar un novo modelo de mobilidade no Concello con m\u00e1is coches por habitante de Espa\u00f1a.<\/p>\n","protected":false},"excerpt":{"rendered":"<div class=\"mh-excerpt\"><p>Co gallo da celebraci\u00f3n do D\u00eda Mundial de Medio Ambiente, Ecoloxistas en Acci\u00f3n outorga os seus premios Atila e Cabalo de Atila \u00e1s condutas m\u00e1is destacadas do ano pola s\u00faa contribuci\u00f3n \u00e1 destruci\u00f3n do medio ambiente <a class=\"mh-excerpt-more\" href=\"https:\/\/www.anovapeneira.gal\/index.php\/2023\/06\/08\/premios-atila-2023-aos-maiores-culpables-de-atentados-ambientais-en-galiza\/\" title=\"Premios Atila 2023 aos maiores culpables de atentados ambientais en Galiza\">[&#8230;]<\/a><\/p>\n<\/div>","protected":false},"author":3,"featured_media":2572,"comment_status":"open","ping_status":"open","sticky":false,"template":"","format":"standard","meta":{"_exactmetrics_skip_tracking":false,"_exactmetrics_sitenote_active":false,"_exactmetrics_sitenote_note":"","_exactmetrics_sitenote_category":0,"footnotes":""},"categories":[1],"tags":[],"class_list":{"0":"post-9843","1":"post","2":"type-post","3":"status-publish","4":"format-standard","5":"has-post-thumbnail","7":"category-sin-categoria"},"yoast_head":"<!-- This site is optimized with the Yoast SEO plugin v27.4 - https:\/\/yoast.com\/product\/yoast-seo-wordpress\/ -->\n<title>Premios Atila 2023 aos maiores culpables de atentados ambientais en Galiza -<\/title>\n<meta name=\"description\" content=\"Co gallo da celebraci\u00f3n do D\u00eda Mundial de Medio Ambiente, Ecoloxistas en Acci\u00f3n outorga os seus premios Atila e Cabalo de Atila \u00e1s condutas m\u00e1is destacadas do ano pola s\u00faa contribuci\u00f3n \u00e1 destruci\u00f3n do medio ambiente\" \/>\n<meta name=\"robots\" content=\"index, follow, max-snippet:-1, max-image-preview:large, max-video-preview:-1\" \/>\n<link rel=\"canonical\" href=\"https:\/\/www.anovapeneira.gal\/index.php\/2023\/06\/08\/premios-atila-2023-aos-maiores-culpables-de-atentados-ambientais-en-galiza\/\" \/>\n<meta property=\"og:locale\" content=\"gl_ES\" \/>\n<meta property=\"og:type\" content=\"article\" \/>\n<meta property=\"og:title\" content=\"Premios Atila 2023 aos maiores culpables de atentados ambientais en Galiza -\" \/>\n<meta property=\"og:description\" content=\"Co gallo da celebraci\u00f3n do D\u00eda Mundial de Medio Ambiente, Ecoloxistas en Acci\u00f3n outorga os seus premios Atila e Cabalo de Atila \u00e1s condutas m\u00e1is destacadas do ano pola s\u00faa contribuci\u00f3n \u00e1 destruci\u00f3n do medio ambiente\" \/>\n<meta property=\"og:url\" content=\"https:\/\/www.anovapeneira.gal\/index.php\/2023\/06\/08\/premios-atila-2023-aos-maiores-culpables-de-atentados-ambientais-en-galiza\/\" \/>\n<meta property=\"article:publisher\" content=\"https:\/\/www.facebook.com\/anovapeneira\" \/>\n<meta property=\"article:published_time\" content=\"2023-06-08T08:00:28+00:00\" \/>\n<meta property=\"og:image\" content=\"https:\/\/www.anovapeneira.gal\/wp-content\/uploads\/2020\/02\/ecoloxitas_en_accion.png\" \/>\n\t<meta property=\"og:image:width\" content=\"720\" \/>\n\t<meta property=\"og:image:height\" content=\"432\" \/>\n\t<meta property=\"og:image:type\" content=\"image\/png\" \/>\n<meta name=\"author\" content=\"Redacci\u00f3n A Nova Peneira\" \/>\n<meta name=\"twitter:card\" content=\"summary_large_image\" \/>\n<meta name=\"twitter:creator\" content=\"@APeneira\" \/>\n<meta name=\"twitter:site\" content=\"@APeneira\" \/>\n<meta name=\"twitter:label1\" content=\"Escrito por\" \/>\n\t<meta name=\"twitter:data1\" content=\"Redacci\u00f3n A Nova Peneira\" \/>\n\t<meta name=\"twitter:label2\" content=\"Tempo de lectura\" \/>\n\t<meta name=\"twitter:data2\" content=\"4 minutos\" \/>\n<script type=\"application\/ld+json\" class=\"yoast-schema-graph\">{\"@context\":\"https:\\\/\\\/schema.org\",\"@graph\":[{\"@type\":\"Article\",\"@id\":\"https:\\\/\\\/www.anovapeneira.gal\\\/index.php\\\/2023\\\/06\\\/08\\\/premios-atila-2023-aos-maiores-culpables-de-atentados-ambientais-en-galiza\\\/#article\",\"isPartOf\":{\"@id\":\"https:\\\/\\\/www.anovapeneira.gal\\\/index.php\\\/2023\\\/06\\\/08\\\/premios-atila-2023-aos-maiores-culpables-de-atentados-ambientais-en-galiza\\\/\"},\"author\":{\"name\":\"Redacci\u00f3n A Nova Peneira\",\"@id\":\"https:\\\/\\\/www.anovapeneira.gal\\\/#\\\/schema\\\/person\\\/b93e3f8932e3f8da96334607eb6ac6aa\"},\"headline\":\"Premios Atila 2023 aos maiores culpables de atentados ambientais en Galiza\",\"datePublished\":\"2023-06-08T08:00:28+00:00\",\"mainEntityOfPage\":{\"@id\":\"https:\\\/\\\/www.anovapeneira.gal\\\/index.php\\\/2023\\\/06\\\/08\\\/premios-atila-2023-aos-maiores-culpables-de-atentados-ambientais-en-galiza\\\/\"},\"wordCount\":644,\"commentCount\":0,\"publisher\":{\"@id\":\"https:\\\/\\\/www.anovapeneira.gal\\\/#organization\"},\"image\":{\"@id\":\"https:\\\/\\\/www.anovapeneira.gal\\\/index.php\\\/2023\\\/06\\\/08\\\/premios-atila-2023-aos-maiores-culpables-de-atentados-ambientais-en-galiza\\\/#primaryimage\"},\"thumbnailUrl\":\"https:\\\/\\\/www.anovapeneira.gal\\\/wp-content\\\/uploads\\\/2020\\\/02\\\/ecoloxitas_en_accion.png\",\"articleSection\":[\"Sin categor\u00eda\"],\"inLanguage\":\"gl-ES\",\"potentialAction\":[{\"@type\":\"CommentAction\",\"name\":\"Comment\",\"target\":[\"https:\\\/\\\/www.anovapeneira.gal\\\/index.php\\\/2023\\\/06\\\/08\\\/premios-atila-2023-aos-maiores-culpables-de-atentados-ambientais-en-galiza\\\/#respond\"]}]},{\"@type\":\"WebPage\",\"@id\":\"https:\\\/\\\/www.anovapeneira.gal\\\/index.php\\\/2023\\\/06\\\/08\\\/premios-atila-2023-aos-maiores-culpables-de-atentados-ambientais-en-galiza\\\/\",\"url\":\"https:\\\/\\\/www.anovapeneira.gal\\\/index.php\\\/2023\\\/06\\\/08\\\/premios-atila-2023-aos-maiores-culpables-de-atentados-ambientais-en-galiza\\\/\",\"name\":\"Premios Atila 2023 aos maiores culpables de atentados ambientais en Galiza -\",\"isPartOf\":{\"@id\":\"https:\\\/\\\/www.anovapeneira.gal\\\/#website\"},\"primaryImageOfPage\":{\"@id\":\"https:\\\/\\\/www.anovapeneira.gal\\\/index.php\\\/2023\\\/06\\\/08\\\/premios-atila-2023-aos-maiores-culpables-de-atentados-ambientais-en-galiza\\\/#primaryimage\"},\"image\":{\"@id\":\"https:\\\/\\\/www.anovapeneira.gal\\\/index.php\\\/2023\\\/06\\\/08\\\/premios-atila-2023-aos-maiores-culpables-de-atentados-ambientais-en-galiza\\\/#primaryimage\"},\"thumbnailUrl\":\"https:\\\/\\\/www.anovapeneira.gal\\\/wp-content\\\/uploads\\\/2020\\\/02\\\/ecoloxitas_en_accion.png\",\"datePublished\":\"2023-06-08T08:00:28+00:00\",\"description\":\"Co gallo da celebraci\u00f3n do D\u00eda Mundial de Medio Ambiente, Ecoloxistas en Acci\u00f3n outorga os seus premios Atila e Cabalo de Atila \u00e1s condutas m\u00e1is destacadas do ano pola s\u00faa contribuci\u00f3n \u00e1 destruci\u00f3n do medio ambiente\",\"breadcrumb\":{\"@id\":\"https:\\\/\\\/www.anovapeneira.gal\\\/index.php\\\/2023\\\/06\\\/08\\\/premios-atila-2023-aos-maiores-culpables-de-atentados-ambientais-en-galiza\\\/#breadcrumb\"},\"inLanguage\":\"gl-ES\",\"potentialAction\":[{\"@type\":\"ReadAction\",\"target\":[\"https:\\\/\\\/www.anovapeneira.gal\\\/index.php\\\/2023\\\/06\\\/08\\\/premios-atila-2023-aos-maiores-culpables-de-atentados-ambientais-en-galiza\\\/\"]}]},{\"@type\":\"ImageObject\",\"inLanguage\":\"gl-ES\",\"@id\":\"https:\\\/\\\/www.anovapeneira.gal\\\/index.php\\\/2023\\\/06\\\/08\\\/premios-atila-2023-aos-maiores-culpables-de-atentados-ambientais-en-galiza\\\/#primaryimage\",\"url\":\"https:\\\/\\\/www.anovapeneira.gal\\\/wp-content\\\/uploads\\\/2020\\\/02\\\/ecoloxitas_en_accion.png\",\"contentUrl\":\"https:\\\/\\\/www.anovapeneira.gal\\\/wp-content\\\/uploads\\\/2020\\\/02\\\/ecoloxitas_en_accion.png\",\"width\":720,\"height\":432,\"caption\":\"Ecoloxistas en acci\u00f3n Galiza\"},{\"@type\":\"BreadcrumbList\",\"@id\":\"https:\\\/\\\/www.anovapeneira.gal\\\/index.php\\\/2023\\\/06\\\/08\\\/premios-atila-2023-aos-maiores-culpables-de-atentados-ambientais-en-galiza\\\/#breadcrumb\",\"itemListElement\":[{\"@type\":\"ListItem\",\"position\":1,\"name\":\"Portada\",\"item\":\"https:\\\/\\\/www.anovapeneira.gal\\\/\"},{\"@type\":\"ListItem\",\"position\":2,\"name\":\"Premios Atila 2023 aos maiores culpables de atentados ambientais en Galiza\"}]},{\"@type\":\"WebSite\",\"@id\":\"https:\\\/\\\/www.anovapeneira.gal\\\/#website\",\"url\":\"https:\\\/\\\/www.anovapeneira.gal\\\/\",\"name\":\"\",\"description\":\"Xornal galego de informaci\u00f3n xeral Publicaci\u00f3n mensual de novas de Galicia e en especial dos Concellos da sur da provincia de Pontevedra.\",\"publisher\":{\"@id\":\"https:\\\/\\\/www.anovapeneira.gal\\\/#organization\"},\"potentialAction\":[{\"@type\":\"SearchAction\",\"target\":{\"@type\":\"EntryPoint\",\"urlTemplate\":\"https:\\\/\\\/www.anovapeneira.gal\\\/?s={search_term_string}\"},\"query-input\":{\"@type\":\"PropertyValueSpecification\",\"valueRequired\":true,\"valueName\":\"search_term_string\"}}],\"inLanguage\":\"gl-ES\"},{\"@type\":\"Organization\",\"@id\":\"https:\\\/\\\/www.anovapeneira.gal\\\/#organization\",\"name\":\"A Nova Peneira\",\"url\":\"https:\\\/\\\/www.anovapeneira.gal\\\/\",\"logo\":{\"@type\":\"ImageObject\",\"inLanguage\":\"gl-ES\",\"@id\":\"https:\\\/\\\/www.anovapeneira.gal\\\/#\\\/schema\\\/logo\\\/image\\\/\",\"url\":\"http:\\\/\\\/www.anovapeneira.gal\\\/wp-content\\\/uploads\\\/2019\\\/06\\\/logo_a_nova_peneira_portal_web.png\",\"contentUrl\":\"http:\\\/\\\/www.anovapeneira.gal\\\/wp-content\\\/uploads\\\/2019\\\/06\\\/logo_a_nova_peneira_portal_web.png\",\"width\":300,\"height\":100,\"caption\":\"A Nova Peneira\"},\"image\":{\"@id\":\"https:\\\/\\\/www.anovapeneira.gal\\\/#\\\/schema\\\/logo\\\/image\\\/\"},\"sameAs\":[\"https:\\\/\\\/www.facebook.com\\\/anovapeneira\",\"https:\\\/\\\/x.com\\\/APeneira\"]},{\"@type\":\"Person\",\"@id\":\"https:\\\/\\\/www.anovapeneira.gal\\\/#\\\/schema\\\/person\\\/b93e3f8932e3f8da96334607eb6ac6aa\",\"name\":\"Redacci\u00f3n A Nova Peneira\",\"image\":{\"@type\":\"ImageObject\",\"inLanguage\":\"gl-ES\",\"@id\":\"https:\\\/\\\/secure.gravatar.com\\\/avatar\\\/c052a2551a06e23fac63626232eaa90abd78dbcf1700fc46a2b2c89fd27b735f?s=96&d=mm&r=g\",\"url\":\"https:\\\/\\\/secure.gravatar.com\\\/avatar\\\/c052a2551a06e23fac63626232eaa90abd78dbcf1700fc46a2b2c89fd27b735f?s=96&d=mm&r=g\",\"contentUrl\":\"https:\\\/\\\/secure.gravatar.com\\\/avatar\\\/c052a2551a06e23fac63626232eaa90abd78dbcf1700fc46a2b2c89fd27b735f?s=96&d=mm&r=g\",\"caption\":\"Redacci\u00f3n A Nova Peneira\"},\"sameAs\":[\"http:\\\/\\\/www.anovapeneira.gal\\\/\"],\"url\":\"https:\\\/\\\/www.anovapeneira.gal\\\/index.php\\\/author\\\/redactor\\\/\"}]}<\/script>\n<!-- \/ Yoast SEO plugin. -->","yoast_head_json":{"title":"Premios Atila 2023 aos maiores culpables de atentados ambientais en Galiza -","description":"Co gallo da celebraci\u00f3n do D\u00eda Mundial de Medio Ambiente, Ecoloxistas en Acci\u00f3n outorga os seus premios Atila e Cabalo de Atila \u00e1s condutas m\u00e1is destacadas do ano pola s\u00faa contribuci\u00f3n \u00e1 destruci\u00f3n do medio ambiente","robots":{"index":"index","follow":"follow","max-snippet":"max-snippet:-1","max-image-preview":"max-image-preview:large","max-video-preview":"max-video-preview:-1"},"canonical":"https:\/\/www.anovapeneira.gal\/index.php\/2023\/06\/08\/premios-atila-2023-aos-maiores-culpables-de-atentados-ambientais-en-galiza\/","og_locale":"gl_ES","og_type":"article","og_title":"Premios Atila 2023 aos maiores culpables de atentados ambientais en Galiza -","og_description":"Co gallo da celebraci\u00f3n do D\u00eda Mundial de Medio Ambiente, Ecoloxistas en Acci\u00f3n outorga os seus premios Atila e Cabalo de Atila \u00e1s condutas m\u00e1is destacadas do ano pola s\u00faa contribuci\u00f3n \u00e1 destruci\u00f3n do medio ambiente","og_url":"https:\/\/www.anovapeneira.gal\/index.php\/2023\/06\/08\/premios-atila-2023-aos-maiores-culpables-de-atentados-ambientais-en-galiza\/","article_publisher":"https:\/\/www.facebook.com\/anovapeneira","article_published_time":"2023-06-08T08:00:28+00:00","og_image":[{"width":720,"height":432,"url":"https:\/\/www.anovapeneira.gal\/wp-content\/uploads\/2020\/02\/ecoloxitas_en_accion.png","type":"image\/png"}],"author":"Redacci\u00f3n A Nova Peneira","twitter_card":"summary_large_image","twitter_creator":"@APeneira","twitter_site":"@APeneira","twitter_misc":{"Escrito por":"Redacci\u00f3n A Nova Peneira","Tempo de lectura":"4 minutos"},"schema":{"@context":"https:\/\/schema.org","@graph":[{"@type":"Article","@id":"https:\/\/www.anovapeneira.gal\/index.php\/2023\/06\/08\/premios-atila-2023-aos-maiores-culpables-de-atentados-ambientais-en-galiza\/#article","isPartOf":{"@id":"https:\/\/www.anovapeneira.gal\/index.php\/2023\/06\/08\/premios-atila-2023-aos-maiores-culpables-de-atentados-ambientais-en-galiza\/"},"author":{"name":"Redacci\u00f3n A Nova Peneira","@id":"https:\/\/www.anovapeneira.gal\/#\/schema\/person\/b93e3f8932e3f8da96334607eb6ac6aa"},"headline":"Premios Atila 2023 aos maiores culpables de atentados ambientais en Galiza","datePublished":"2023-06-08T08:00:28+00:00","mainEntityOfPage":{"@id":"https:\/\/www.anovapeneira.gal\/index.php\/2023\/06\/08\/premios-atila-2023-aos-maiores-culpables-de-atentados-ambientais-en-galiza\/"},"wordCount":644,"commentCount":0,"publisher":{"@id":"https:\/\/www.anovapeneira.gal\/#organization"},"image":{"@id":"https:\/\/www.anovapeneira.gal\/index.php\/2023\/06\/08\/premios-atila-2023-aos-maiores-culpables-de-atentados-ambientais-en-galiza\/#primaryimage"},"thumbnailUrl":"https:\/\/www.anovapeneira.gal\/wp-content\/uploads\/2020\/02\/ecoloxitas_en_accion.png","articleSection":["Sin categor\u00eda"],"inLanguage":"gl-ES","potentialAction":[{"@type":"CommentAction","name":"Comment","target":["https:\/\/www.anovapeneira.gal\/index.php\/2023\/06\/08\/premios-atila-2023-aos-maiores-culpables-de-atentados-ambientais-en-galiza\/#respond"]}]},{"@type":"WebPage","@id":"https:\/\/www.anovapeneira.gal\/index.php\/2023\/06\/08\/premios-atila-2023-aos-maiores-culpables-de-atentados-ambientais-en-galiza\/","url":"https:\/\/www.anovapeneira.gal\/index.php\/2023\/06\/08\/premios-atila-2023-aos-maiores-culpables-de-atentados-ambientais-en-galiza\/","name":"Premios Atila 2023 aos maiores culpables de atentados ambientais en Galiza -","isPartOf":{"@id":"https:\/\/www.anovapeneira.gal\/#website"},"primaryImageOfPage":{"@id":"https:\/\/www.anovapeneira.gal\/index.php\/2023\/06\/08\/premios-atila-2023-aos-maiores-culpables-de-atentados-ambientais-en-galiza\/#primaryimage"},"image":{"@id":"https:\/\/www.anovapeneira.gal\/index.php\/2023\/06\/08\/premios-atila-2023-aos-maiores-culpables-de-atentados-ambientais-en-galiza\/#primaryimage"},"thumbnailUrl":"https:\/\/www.anovapeneira.gal\/wp-content\/uploads\/2020\/02\/ecoloxitas_en_accion.png","datePublished":"2023-06-08T08:00:28+00:00","description":"Co gallo da celebraci\u00f3n do D\u00eda Mundial de Medio Ambiente, Ecoloxistas en Acci\u00f3n outorga os seus premios Atila e Cabalo de Atila \u00e1s condutas m\u00e1is destacadas do ano pola s\u00faa contribuci\u00f3n \u00e1 destruci\u00f3n do medio ambiente","breadcrumb":{"@id":"https:\/\/www.anovapeneira.gal\/index.php\/2023\/06\/08\/premios-atila-2023-aos-maiores-culpables-de-atentados-ambientais-en-galiza\/#breadcrumb"},"inLanguage":"gl-ES","potentialAction":[{"@type":"ReadAction","target":["https:\/\/www.anovapeneira.gal\/index.php\/2023\/06\/08\/premios-atila-2023-aos-maiores-culpables-de-atentados-ambientais-en-galiza\/"]}]},{"@type":"ImageObject","inLanguage":"gl-ES","@id":"https:\/\/www.anovapeneira.gal\/index.php\/2023\/06\/08\/premios-atila-2023-aos-maiores-culpables-de-atentados-ambientais-en-galiza\/#primaryimage","url":"https:\/\/www.anovapeneira.gal\/wp-content\/uploads\/2020\/02\/ecoloxitas_en_accion.png","contentUrl":"https:\/\/www.anovapeneira.gal\/wp-content\/uploads\/2020\/02\/ecoloxitas_en_accion.png","width":720,"height":432,"caption":"Ecoloxistas en acci\u00f3n Galiza"},{"@type":"BreadcrumbList","@id":"https:\/\/www.anovapeneira.gal\/index.php\/2023\/06\/08\/premios-atila-2023-aos-maiores-culpables-de-atentados-ambientais-en-galiza\/#breadcrumb","itemListElement":[{"@type":"ListItem","position":1,"name":"Portada","item":"https:\/\/www.anovapeneira.gal\/"},{"@type":"ListItem","position":2,"name":"Premios Atila 2023 aos maiores culpables de atentados ambientais en Galiza"}]},{"@type":"WebSite","@id":"https:\/\/www.anovapeneira.gal\/#website","url":"https:\/\/www.anovapeneira.gal\/","name":"","description":"Xornal galego de informaci\u00f3n xeral Publicaci\u00f3n mensual de novas de Galicia e en especial dos Concellos da sur da provincia de Pontevedra.","publisher":{"@id":"https:\/\/www.anovapeneira.gal\/#organization"},"potentialAction":[{"@type":"SearchAction","target":{"@type":"EntryPoint","urlTemplate":"https:\/\/www.anovapeneira.gal\/?s={search_term_string}"},"query-input":{"@type":"PropertyValueSpecification","valueRequired":true,"valueName":"search_term_string"}}],"inLanguage":"gl-ES"},{"@type":"Organization","@id":"https:\/\/www.anovapeneira.gal\/#organization","name":"A Nova Peneira","url":"https:\/\/www.anovapeneira.gal\/","logo":{"@type":"ImageObject","inLanguage":"gl-ES","@id":"https:\/\/www.anovapeneira.gal\/#\/schema\/logo\/image\/","url":"http:\/\/www.anovapeneira.gal\/wp-content\/uploads\/2019\/06\/logo_a_nova_peneira_portal_web.png","contentUrl":"http:\/\/www.anovapeneira.gal\/wp-content\/uploads\/2019\/06\/logo_a_nova_peneira_portal_web.png","width":300,"height":100,"caption":"A Nova Peneira"},"image":{"@id":"https:\/\/www.anovapeneira.gal\/#\/schema\/logo\/image\/"},"sameAs":["https:\/\/www.facebook.com\/anovapeneira","https:\/\/x.com\/APeneira"]},{"@type":"Person","@id":"https:\/\/www.anovapeneira.gal\/#\/schema\/person\/b93e3f8932e3f8da96334607eb6ac6aa","name":"Redacci\u00f3n A Nova Peneira","image":{"@type":"ImageObject","inLanguage":"gl-ES","@id":"https:\/\/secure.gravatar.com\/avatar\/c052a2551a06e23fac63626232eaa90abd78dbcf1700fc46a2b2c89fd27b735f?s=96&d=mm&r=g","url":"https:\/\/secure.gravatar.com\/avatar\/c052a2551a06e23fac63626232eaa90abd78dbcf1700fc46a2b2c89fd27b735f?s=96&d=mm&r=g","contentUrl":"https:\/\/secure.gravatar.com\/avatar\/c052a2551a06e23fac63626232eaa90abd78dbcf1700fc46a2b2c89fd27b735f?s=96&d=mm&r=g","caption":"Redacci\u00f3n A Nova Peneira"},"sameAs":["http:\/\/www.anovapeneira.gal\/"],"url":"https:\/\/www.anovapeneira.gal\/index.php\/author\/redactor\/"}]}},"jetpack_featured_media_url":"https:\/\/www.anovapeneira.gal\/wp-content\/uploads\/2020\/02\/ecoloxitas_en_accion.png","_links":{"self":[{"href":"https:\/\/www.anovapeneira.gal\/index.php\/wp-json\/wp\/v2\/posts\/9843","targetHints":{"allow":["GET"]}}],"collection":[{"href":"https:\/\/www.anovapeneira.gal\/index.php\/wp-json\/wp\/v2\/posts"}],"about":[{"href":"https:\/\/www.anovapeneira.gal\/index.php\/wp-json\/wp\/v2\/types\/post"}],"author":[{"embeddable":true,"href":"https:\/\/www.anovapeneira.gal\/index.php\/wp-json\/wp\/v2\/users\/3"}],"replies":[{"embeddable":true,"href":"https:\/\/www.anovapeneira.gal\/index.php\/wp-json\/wp\/v2\/comments?post=9843"}],"version-history":[{"count":2,"href":"https:\/\/www.anovapeneira.gal\/index.php\/wp-json\/wp\/v2\/posts\/9843\/revisions"}],"predecessor-version":[{"id":9845,"href":"https:\/\/www.anovapeneira.gal\/index.php\/wp-json\/wp\/v2\/posts\/9843\/revisions\/9845"}],"wp:featuredmedia":[{"embeddable":true,"href":"https:\/\/www.anovapeneira.gal\/index.php\/wp-json\/wp\/v2\/media\/2572"}],"wp:attachment":[{"href":"https:\/\/www.anovapeneira.gal\/index.php\/wp-json\/wp\/v2\/media?parent=9843"}],"wp:term":[{"taxonomy":"category","embeddable":true,"href":"https:\/\/www.anovapeneira.gal\/index.php\/wp-json\/wp\/v2\/categories?post=9843"},{"taxonomy":"post_tag","embeddable":true,"href":"https:\/\/www.anovapeneira.gal\/index.php\/wp-json\/wp\/v2\/tags?post=9843"}],"curies":[{"name":"wp","href":"https:\/\/api.w.org\/{rel}","templated":true}]}}