{"id":9855,"date":"2023-06-09T12:00:29","date_gmt":"2023-06-09T10:00:29","guid":{"rendered":"https:\/\/www.anovapeneira.gal\/?p=9855"},"modified":"2023-06-07T11:26:52","modified_gmt":"2023-06-07T09:26:52","slug":"reflexions-pos-e-pre-electorais","status":"publish","type":"post","link":"https:\/\/www.anovapeneira.gal\/index.php\/2023\/06\/09\/reflexions-pos-e-pre-electorais\/","title":{"rendered":"Reflexi\u00f3ns pos e pre electorais"},"content":{"rendered":"\n<figure class=\"wp-block-image size-full is-resized\"><img loading=\"lazy\" decoding=\"async\" src=\"https:\/\/www.anovapeneira.gal\/wp-content\/uploads\/2019\/07\/pedro_cortegoso_opinion_a_nova_peneira_bn.jpg\" alt=\"Pedro M. Cortegoso Gago Artigo Opini\u00f3n A Nova Peneira\" class=\"wp-image-464\" width=\"95\" height=\"111\"\/><figcaption class=\"wp-element-caption\">Pedro M. Cortegoso Gago\nTraballador do Sergas<\/figcaption><\/figure>\n\n\n\n<p><strong>Primeira reflexi\u00f3n.<\/strong><\/p>\n\n\n\n<p>Este domingo 28 tocoume estar de vogal nunha mesa electoral. Por ela pasaron persoas de todo tipo para votar o opci\u00f3n que consideraban mellor para eles, para a s\u00faa familia, para as s\u00faas amizades&#8230;<\/p>\n\n\n\n<p>Resultoume chocante ver como o Partido Popular era a escolla maioritaria de residentes nunha barriada noutros tempos de mari\u00f1eiros e hoxe con moitos migrantes. Por\u00e9n, non foron s\u00f3 eles, na mi\u00f1a mesa como na outra arrasou o PP unha vez m\u00e1is.<\/p>\n\n\n\n<p>Mar\u00edn \u00e9 un pobo de traballadores e traballadoras con moita tradici\u00f3n en mobilizarse para defender o sector pesqueiro ou a sanidade p\u00fablica. Como \u00e9 pos\u00edbel que a nosa \u201ceterna\u201d alcaldesa sume unha maior\u00eda absoluta tras outra, como un pobo traballador pode votar por un goberno municipal de dereitas? Ser\u00e1 que as alternativas non se preocupan polos problemas, como din os da pol\u00edtica moderna, da xente?<\/p>\n\n\n\n<p><strong>Segunda reflexi\u00f3n.<\/strong><\/p>\n\n\n\n<p>Os resultados de Mar\u00edn volven po\u00f1er as cousas no seu sitio.<\/p>\n\n\n\n<p>A presentaci\u00f3n de catro candidaturas no \u00e1mbito da \u201cesquerda\u201d nos anteriores comicios propiciou unha maior\u00eda inflada para o PP. Mil cincocentos votos quedaron fora de xogo e sen representaci\u00f3n favorecendo unha hiper-representaci\u00f3n \u201cpopular\u201d.<\/p>\n\n\n\n<p>Este domingo o PP perdeu tres concelleiros que non lle correspond\u00edan, mais mantendo unha maior\u00eda absoluta indiscut\u00edbel.<\/p>\n\n\n\n<p><strong>Terceira reflexi\u00f3n<\/strong><\/p>\n\n\n\n<p>Desaparecidas as mareas, os podemos e os independentes queda claro o panorama pol\u00edtico: unha dereita-dereita, unha esquerda-dereita e unha esquerda-centro.<\/p>\n\n\n\n<p>Moderaci\u00f3n en pos do pequeno comerciante e esquecemento das clases populares. Os mesmos argumentos, discursos intercambi\u00e1beis entre PSOE e BNG.<\/p>\n\n\n\n<p>Estamos orfos dunha esquerda real e nacional que fale claro ao pobo galego.<\/p>\n\n\n\n<p><strong>Cuarta reflexi\u00f3n.<\/strong><\/p>\n\n\n\n<p>\u00c9 evidente que cada un vota, ou non, o que quere e polos motivos que quere. Con todo resulta chocante a falta de informaci\u00f3n e nalg\u00fans casos de criterio \u00e1 hora de exercer ese \u201cdereito\u201d.<\/p>\n\n\n\n<p>Unha sociedade informada ser\u00eda m\u00e1is exixente co partido no goberno e cos partidos da oposici\u00f3n.<\/p>\n\n\n\n<p>Nestes catro anos o PP, como nos tempos de Roma, moito circo e algo de pan.<\/p>\n\n\n\n<p>Os eternos opositores facilit\u00e1ndolle ao PP a lexislatura m\u00e1is c\u00f3moda dos \u00faltimos tempos. Sen facer nada relevante, sen atender os problemas reais do pobo, limit\u00e1ndose a enviar unha nota de prensa de cando en vez e a subir moitas fotograf\u00edas as redes sociais.<\/p>\n\n\n\n<p>Hoxe o que se leva \u00e9 a pol\u00edtica tik-tok.<\/p>\n\n\n\n<p><strong>Quinta reflexi\u00f3n.<\/strong><\/p>\n\n\n\n<p>Imos seguir paseando polas r\u00faas de Mar\u00edn entre edificios a medio facer e solares abandonados cheos de entullos.<\/p>\n\n\n\n<p>Os contedores seguir\u00e1n amore\u00e1ndose diante da Alameda de Mar\u00edn para maior satisfacci\u00f3n econ\u00f3mica de Maersk, e coa bendici\u00f3n da Autoridade Portuaria.<\/p>\n\n\n\n<p>No centro de sa\u00fade seguir\u00e1 faltando persoal sanitario e non sanitario, as radiograf\u00edas seguir\u00e1n sen ser informadas, as citas atrasaranse e o cabreo das persoas que queren ser atendidas aumentar\u00e1. E as m\u00e1is cabreadas ser\u00e1n as votantes do PP que non comprenden como non hai m\u00e9dicos.<\/p>\n\n\n\n<p><strong>Reflexi\u00f3n de \u00faltima hora.<\/strong><\/p>\n\n\n\n<p>A\u00ednda non dixerimos os resultados das municipais e Pedro S\u00e1nchez convoca elecci\u00f3ns.<\/p>\n\n\n\n<p>Toca cambiar o administrador da finca? Os que mandan queren a man dura do PP e Vox para os tempos de crise? Ser\u00e1 unha xogada para limpar o campo da \u201cesquerda\u201d domesticada?<\/p>\n\n\n\n<p>Mar\u00edn 31 de maio de 2023.<\/p>\n\n\n\n<p>Asdo.: Pedro M. Cortegoso Gago<\/p>\n","protected":false},"excerpt":{"rendered":"<div class=\"mh-excerpt\"><p>Este domingo 28 tocoume estar de vogal nunha mesa electoral. Por ela pasaron persoas de todo tipo para votar o opci\u00f3n que consideraban mellor para eles, para a s\u00faa familia, para as s\u00faas amizades&#8230; <a class=\"mh-excerpt-more\" href=\"https:\/\/www.anovapeneira.gal\/index.php\/2023\/06\/09\/reflexions-pos-e-pre-electorais\/\" title=\"Reflexi\u00f3ns pos e pre electorais\">[&#8230;]<\/a><\/p>\n<\/div>","protected":false},"author":4,"featured_media":9716,"comment_status":"closed","ping_status":"open","sticky":false,"template":"","format":"standard","meta":{"_exactmetrics_skip_tracking":false,"_exactmetrics_sitenote_active":false,"_exactmetrics_sitenote_note":"","_exactmetrics_sitenote_category":0,"footnotes":""},"categories":[7],"tags":[],"class_list":{"0":"post-9855","1":"post","2":"type-post","3":"status-publish","4":"format-standard","5":"has-post-thumbnail","7":"category-artigos-de-opinion"},"yoast_head":"<!-- This site is optimized with the Yoast SEO plugin v27.4 - https:\/\/yoast.com\/product\/yoast-seo-wordpress\/ -->\n<title>Reflexi\u00f3ns pos e pre electorais -<\/title>\n<meta name=\"description\" content=\"Este domingo 28 tocoume estar de vogal nunha mesa electoral. Por ela pasaron persoas de todo tipo para votar o opci\u00f3n que consideraban mellor para eles, para a s\u00faa familia, para as s\u00faas amizades...\" \/>\n<meta name=\"robots\" content=\"index, follow, max-snippet:-1, max-image-preview:large, max-video-preview:-1\" \/>\n<link rel=\"canonical\" href=\"https:\/\/www.anovapeneira.gal\/index.php\/2023\/06\/09\/reflexions-pos-e-pre-electorais\/\" \/>\n<meta property=\"og:locale\" content=\"gl_ES\" \/>\n<meta property=\"og:type\" content=\"article\" \/>\n<meta property=\"og:title\" content=\"Reflexi\u00f3ns pos e pre electorais -\" \/>\n<meta property=\"og:description\" content=\"Este domingo 28 tocoume estar de vogal nunha mesa electoral. Por ela pasaron persoas de todo tipo para votar o opci\u00f3n que consideraban mellor para eles, para a s\u00faa familia, para as s\u00faas amizades...\" \/>\n<meta property=\"og:url\" content=\"https:\/\/www.anovapeneira.gal\/index.php\/2023\/06\/09\/reflexions-pos-e-pre-electorais\/\" \/>\n<meta property=\"article:publisher\" content=\"https:\/\/www.facebook.com\/anovapeneira\" \/>\n<meta property=\"article:published_time\" content=\"2023-06-09T10:00:29+00:00\" \/>\n<meta property=\"og:image\" content=\"https:\/\/www.anovapeneira.gal\/wp-content\/uploads\/2023\/05\/28m.jpg\" \/>\n\t<meta property=\"og:image:width\" content=\"720\" \/>\n\t<meta property=\"og:image:height\" content=\"432\" \/>\n\t<meta property=\"og:image:type\" content=\"image\/jpeg\" \/>\n<meta name=\"author\" content=\"Pedro M. Cortegoso Gago\" \/>\n<meta name=\"twitter:card\" content=\"summary_large_image\" \/>\n<meta name=\"twitter:image\" content=\"https:\/\/www.anovapeneira.gal\/wp-content\/uploads\/2023\/05\/28m.jpg\" \/>\n<meta name=\"twitter:creator\" content=\"@APeneira\" \/>\n<meta name=\"twitter:site\" content=\"@APeneira\" \/>\n<meta name=\"twitter:label1\" content=\"Escrito por\" \/>\n\t<meta name=\"twitter:data1\" content=\"Pedro M. Cortegoso Gago\" \/>\n\t<meta name=\"twitter:label2\" content=\"Tempo de lectura\" \/>\n\t<meta name=\"twitter:data2\" content=\"4 minutos\" \/>\n<script type=\"application\/ld+json\" class=\"yoast-schema-graph\">{\"@context\":\"https:\\\/\\\/schema.org\",\"@graph\":[{\"@type\":\"Article\",\"@id\":\"https:\\\/\\\/www.anovapeneira.gal\\\/index.php\\\/2023\\\/06\\\/09\\\/reflexions-pos-e-pre-electorais\\\/#article\",\"isPartOf\":{\"@id\":\"https:\\\/\\\/www.anovapeneira.gal\\\/index.php\\\/2023\\\/06\\\/09\\\/reflexions-pos-e-pre-electorais\\\/\"},\"author\":{\"name\":\"Pedro M. Cortegoso Gago\",\"@id\":\"https:\\\/\\\/www.anovapeneira.gal\\\/#\\\/schema\\\/person\\\/c04a9c9f722c9446e71ae434c0353337\"},\"headline\":\"Reflexi\u00f3ns pos e pre electorais\",\"datePublished\":\"2023-06-09T10:00:29+00:00\",\"mainEntityOfPage\":{\"@id\":\"https:\\\/\\\/www.anovapeneira.gal\\\/index.php\\\/2023\\\/06\\\/09\\\/reflexions-pos-e-pre-electorais\\\/\"},\"wordCount\":591,\"publisher\":{\"@id\":\"https:\\\/\\\/www.anovapeneira.gal\\\/#organization\"},\"image\":{\"@id\":\"https:\\\/\\\/www.anovapeneira.gal\\\/index.php\\\/2023\\\/06\\\/09\\\/reflexions-pos-e-pre-electorais\\\/#primaryimage\"},\"thumbnailUrl\":\"https:\\\/\\\/www.anovapeneira.gal\\\/wp-content\\\/uploads\\\/2023\\\/05\\\/28m.jpg\",\"articleSection\":[\"Artigos de opini\u00f3n\"],\"inLanguage\":\"gl-ES\"},{\"@type\":\"WebPage\",\"@id\":\"https:\\\/\\\/www.anovapeneira.gal\\\/index.php\\\/2023\\\/06\\\/09\\\/reflexions-pos-e-pre-electorais\\\/\",\"url\":\"https:\\\/\\\/www.anovapeneira.gal\\\/index.php\\\/2023\\\/06\\\/09\\\/reflexions-pos-e-pre-electorais\\\/\",\"name\":\"Reflexi\u00f3ns pos e pre electorais -\",\"isPartOf\":{\"@id\":\"https:\\\/\\\/www.anovapeneira.gal\\\/#website\"},\"primaryImageOfPage\":{\"@id\":\"https:\\\/\\\/www.anovapeneira.gal\\\/index.php\\\/2023\\\/06\\\/09\\\/reflexions-pos-e-pre-electorais\\\/#primaryimage\"},\"image\":{\"@id\":\"https:\\\/\\\/www.anovapeneira.gal\\\/index.php\\\/2023\\\/06\\\/09\\\/reflexions-pos-e-pre-electorais\\\/#primaryimage\"},\"thumbnailUrl\":\"https:\\\/\\\/www.anovapeneira.gal\\\/wp-content\\\/uploads\\\/2023\\\/05\\\/28m.jpg\",\"datePublished\":\"2023-06-09T10:00:29+00:00\",\"description\":\"Este domingo 28 tocoume estar de vogal nunha mesa electoral. Por ela pasaron persoas de todo tipo para votar o opci\u00f3n que consideraban mellor para eles, para a s\u00faa familia, para as s\u00faas amizades...\",\"breadcrumb\":{\"@id\":\"https:\\\/\\\/www.anovapeneira.gal\\\/index.php\\\/2023\\\/06\\\/09\\\/reflexions-pos-e-pre-electorais\\\/#breadcrumb\"},\"inLanguage\":\"gl-ES\",\"potentialAction\":[{\"@type\":\"ReadAction\",\"target\":[\"https:\\\/\\\/www.anovapeneira.gal\\\/index.php\\\/2023\\\/06\\\/09\\\/reflexions-pos-e-pre-electorais\\\/\"]}]},{\"@type\":\"ImageObject\",\"inLanguage\":\"gl-ES\",\"@id\":\"https:\\\/\\\/www.anovapeneira.gal\\\/index.php\\\/2023\\\/06\\\/09\\\/reflexions-pos-e-pre-electorais\\\/#primaryimage\",\"url\":\"https:\\\/\\\/www.anovapeneira.gal\\\/wp-content\\\/uploads\\\/2023\\\/05\\\/28m.jpg\",\"contentUrl\":\"https:\\\/\\\/www.anovapeneira.gal\\\/wp-content\\\/uploads\\\/2023\\\/05\\\/28m.jpg\",\"width\":720,\"height\":432,\"caption\":\"28 M Elecci\u00f3ns\"},{\"@type\":\"BreadcrumbList\",\"@id\":\"https:\\\/\\\/www.anovapeneira.gal\\\/index.php\\\/2023\\\/06\\\/09\\\/reflexions-pos-e-pre-electorais\\\/#breadcrumb\",\"itemListElement\":[{\"@type\":\"ListItem\",\"position\":1,\"name\":\"Portada\",\"item\":\"https:\\\/\\\/www.anovapeneira.gal\\\/\"},{\"@type\":\"ListItem\",\"position\":2,\"name\":\"Reflexi\u00f3ns pos e pre electorais\"}]},{\"@type\":\"WebSite\",\"@id\":\"https:\\\/\\\/www.anovapeneira.gal\\\/#website\",\"url\":\"https:\\\/\\\/www.anovapeneira.gal\\\/\",\"name\":\"\",\"description\":\"Xornal galego de informaci\u00f3n xeral Publicaci\u00f3n mensual de novas de Galicia e en especial dos Concellos da sur da provincia de Pontevedra.\",\"publisher\":{\"@id\":\"https:\\\/\\\/www.anovapeneira.gal\\\/#organization\"},\"potentialAction\":[{\"@type\":\"SearchAction\",\"target\":{\"@type\":\"EntryPoint\",\"urlTemplate\":\"https:\\\/\\\/www.anovapeneira.gal\\\/?s={search_term_string}\"},\"query-input\":{\"@type\":\"PropertyValueSpecification\",\"valueRequired\":true,\"valueName\":\"search_term_string\"}}],\"inLanguage\":\"gl-ES\"},{\"@type\":\"Organization\",\"@id\":\"https:\\\/\\\/www.anovapeneira.gal\\\/#organization\",\"name\":\"A Nova Peneira\",\"url\":\"https:\\\/\\\/www.anovapeneira.gal\\\/\",\"logo\":{\"@type\":\"ImageObject\",\"inLanguage\":\"gl-ES\",\"@id\":\"https:\\\/\\\/www.anovapeneira.gal\\\/#\\\/schema\\\/logo\\\/image\\\/\",\"url\":\"http:\\\/\\\/www.anovapeneira.gal\\\/wp-content\\\/uploads\\\/2019\\\/06\\\/logo_a_nova_peneira_portal_web.png\",\"contentUrl\":\"http:\\\/\\\/www.anovapeneira.gal\\\/wp-content\\\/uploads\\\/2019\\\/06\\\/logo_a_nova_peneira_portal_web.png\",\"width\":300,\"height\":100,\"caption\":\"A Nova Peneira\"},\"image\":{\"@id\":\"https:\\\/\\\/www.anovapeneira.gal\\\/#\\\/schema\\\/logo\\\/image\\\/\"},\"sameAs\":[\"https:\\\/\\\/www.facebook.com\\\/anovapeneira\",\"https:\\\/\\\/x.com\\\/APeneira\"]},{\"@type\":\"Person\",\"@id\":\"https:\\\/\\\/www.anovapeneira.gal\\\/#\\\/schema\\\/person\\\/c04a9c9f722c9446e71ae434c0353337\",\"name\":\"Pedro M. Cortegoso Gago\",\"image\":{\"@type\":\"ImageObject\",\"inLanguage\":\"gl-ES\",\"@id\":\"https:\\\/\\\/secure.gravatar.com\\\/avatar\\\/1613b27278a972c04db5c2f04fb2cbfa9edb58d6c3e2547817ecb8240eb58381?s=96&d=mm&r=g\",\"url\":\"https:\\\/\\\/secure.gravatar.com\\\/avatar\\\/1613b27278a972c04db5c2f04fb2cbfa9edb58d6c3e2547817ecb8240eb58381?s=96&d=mm&r=g\",\"contentUrl\":\"https:\\\/\\\/secure.gravatar.com\\\/avatar\\\/1613b27278a972c04db5c2f04fb2cbfa9edb58d6c3e2547817ecb8240eb58381?s=96&d=mm&r=g\",\"caption\":\"Pedro M. Cortegoso Gago\"},\"sameAs\":[\"http:\\\/\\\/anovapeneira.gal\"],\"url\":\"https:\\\/\\\/www.anovapeneira.gal\\\/index.php\\\/author\\\/opinionpcortegoso\\\/\"}]}<\/script>\n<!-- \/ Yoast SEO plugin. -->","yoast_head_json":{"title":"Reflexi\u00f3ns pos e pre electorais -","description":"Este domingo 28 tocoume estar de vogal nunha mesa electoral. Por ela pasaron persoas de todo tipo para votar o opci\u00f3n que consideraban mellor para eles, para a s\u00faa familia, para as s\u00faas amizades...","robots":{"index":"index","follow":"follow","max-snippet":"max-snippet:-1","max-image-preview":"max-image-preview:large","max-video-preview":"max-video-preview:-1"},"canonical":"https:\/\/www.anovapeneira.gal\/index.php\/2023\/06\/09\/reflexions-pos-e-pre-electorais\/","og_locale":"gl_ES","og_type":"article","og_title":"Reflexi\u00f3ns pos e pre electorais -","og_description":"Este domingo 28 tocoume estar de vogal nunha mesa electoral. Por ela pasaron persoas de todo tipo para votar o opci\u00f3n que consideraban mellor para eles, para a s\u00faa familia, para as s\u00faas amizades...","og_url":"https:\/\/www.anovapeneira.gal\/index.php\/2023\/06\/09\/reflexions-pos-e-pre-electorais\/","article_publisher":"https:\/\/www.facebook.com\/anovapeneira","article_published_time":"2023-06-09T10:00:29+00:00","og_image":[{"width":720,"height":432,"url":"https:\/\/www.anovapeneira.gal\/wp-content\/uploads\/2023\/05\/28m.jpg","type":"image\/jpeg"}],"author":"Pedro M. Cortegoso Gago","twitter_card":"summary_large_image","twitter_image":"https:\/\/www.anovapeneira.gal\/wp-content\/uploads\/2023\/05\/28m.jpg","twitter_creator":"@APeneira","twitter_site":"@APeneira","twitter_misc":{"Escrito por":"Pedro M. Cortegoso Gago","Tempo de lectura":"4 minutos"},"schema":{"@context":"https:\/\/schema.org","@graph":[{"@type":"Article","@id":"https:\/\/www.anovapeneira.gal\/index.php\/2023\/06\/09\/reflexions-pos-e-pre-electorais\/#article","isPartOf":{"@id":"https:\/\/www.anovapeneira.gal\/index.php\/2023\/06\/09\/reflexions-pos-e-pre-electorais\/"},"author":{"name":"Pedro M. Cortegoso Gago","@id":"https:\/\/www.anovapeneira.gal\/#\/schema\/person\/c04a9c9f722c9446e71ae434c0353337"},"headline":"Reflexi\u00f3ns pos e pre electorais","datePublished":"2023-06-09T10:00:29+00:00","mainEntityOfPage":{"@id":"https:\/\/www.anovapeneira.gal\/index.php\/2023\/06\/09\/reflexions-pos-e-pre-electorais\/"},"wordCount":591,"publisher":{"@id":"https:\/\/www.anovapeneira.gal\/#organization"},"image":{"@id":"https:\/\/www.anovapeneira.gal\/index.php\/2023\/06\/09\/reflexions-pos-e-pre-electorais\/#primaryimage"},"thumbnailUrl":"https:\/\/www.anovapeneira.gal\/wp-content\/uploads\/2023\/05\/28m.jpg","articleSection":["Artigos de opini\u00f3n"],"inLanguage":"gl-ES"},{"@type":"WebPage","@id":"https:\/\/www.anovapeneira.gal\/index.php\/2023\/06\/09\/reflexions-pos-e-pre-electorais\/","url":"https:\/\/www.anovapeneira.gal\/index.php\/2023\/06\/09\/reflexions-pos-e-pre-electorais\/","name":"Reflexi\u00f3ns pos e pre electorais -","isPartOf":{"@id":"https:\/\/www.anovapeneira.gal\/#website"},"primaryImageOfPage":{"@id":"https:\/\/www.anovapeneira.gal\/index.php\/2023\/06\/09\/reflexions-pos-e-pre-electorais\/#primaryimage"},"image":{"@id":"https:\/\/www.anovapeneira.gal\/index.php\/2023\/06\/09\/reflexions-pos-e-pre-electorais\/#primaryimage"},"thumbnailUrl":"https:\/\/www.anovapeneira.gal\/wp-content\/uploads\/2023\/05\/28m.jpg","datePublished":"2023-06-09T10:00:29+00:00","description":"Este domingo 28 tocoume estar de vogal nunha mesa electoral. Por ela pasaron persoas de todo tipo para votar o opci\u00f3n que consideraban mellor para eles, para a s\u00faa familia, para as s\u00faas amizades...","breadcrumb":{"@id":"https:\/\/www.anovapeneira.gal\/index.php\/2023\/06\/09\/reflexions-pos-e-pre-electorais\/#breadcrumb"},"inLanguage":"gl-ES","potentialAction":[{"@type":"ReadAction","target":["https:\/\/www.anovapeneira.gal\/index.php\/2023\/06\/09\/reflexions-pos-e-pre-electorais\/"]}]},{"@type":"ImageObject","inLanguage":"gl-ES","@id":"https:\/\/www.anovapeneira.gal\/index.php\/2023\/06\/09\/reflexions-pos-e-pre-electorais\/#primaryimage","url":"https:\/\/www.anovapeneira.gal\/wp-content\/uploads\/2023\/05\/28m.jpg","contentUrl":"https:\/\/www.anovapeneira.gal\/wp-content\/uploads\/2023\/05\/28m.jpg","width":720,"height":432,"caption":"28 M Elecci\u00f3ns"},{"@type":"BreadcrumbList","@id":"https:\/\/www.anovapeneira.gal\/index.php\/2023\/06\/09\/reflexions-pos-e-pre-electorais\/#breadcrumb","itemListElement":[{"@type":"ListItem","position":1,"name":"Portada","item":"https:\/\/www.anovapeneira.gal\/"},{"@type":"ListItem","position":2,"name":"Reflexi\u00f3ns pos e pre electorais"}]},{"@type":"WebSite","@id":"https:\/\/www.anovapeneira.gal\/#website","url":"https:\/\/www.anovapeneira.gal\/","name":"","description":"Xornal galego de informaci\u00f3n xeral Publicaci\u00f3n mensual de novas de Galicia e en especial dos Concellos da sur da provincia de Pontevedra.","publisher":{"@id":"https:\/\/www.anovapeneira.gal\/#organization"},"potentialAction":[{"@type":"SearchAction","target":{"@type":"EntryPoint","urlTemplate":"https:\/\/www.anovapeneira.gal\/?s={search_term_string}"},"query-input":{"@type":"PropertyValueSpecification","valueRequired":true,"valueName":"search_term_string"}}],"inLanguage":"gl-ES"},{"@type":"Organization","@id":"https:\/\/www.anovapeneira.gal\/#organization","name":"A Nova Peneira","url":"https:\/\/www.anovapeneira.gal\/","logo":{"@type":"ImageObject","inLanguage":"gl-ES","@id":"https:\/\/www.anovapeneira.gal\/#\/schema\/logo\/image\/","url":"http:\/\/www.anovapeneira.gal\/wp-content\/uploads\/2019\/06\/logo_a_nova_peneira_portal_web.png","contentUrl":"http:\/\/www.anovapeneira.gal\/wp-content\/uploads\/2019\/06\/logo_a_nova_peneira_portal_web.png","width":300,"height":100,"caption":"A Nova Peneira"},"image":{"@id":"https:\/\/www.anovapeneira.gal\/#\/schema\/logo\/image\/"},"sameAs":["https:\/\/www.facebook.com\/anovapeneira","https:\/\/x.com\/APeneira"]},{"@type":"Person","@id":"https:\/\/www.anovapeneira.gal\/#\/schema\/person\/c04a9c9f722c9446e71ae434c0353337","name":"Pedro M. Cortegoso Gago","image":{"@type":"ImageObject","inLanguage":"gl-ES","@id":"https:\/\/secure.gravatar.com\/avatar\/1613b27278a972c04db5c2f04fb2cbfa9edb58d6c3e2547817ecb8240eb58381?s=96&d=mm&r=g","url":"https:\/\/secure.gravatar.com\/avatar\/1613b27278a972c04db5c2f04fb2cbfa9edb58d6c3e2547817ecb8240eb58381?s=96&d=mm&r=g","contentUrl":"https:\/\/secure.gravatar.com\/avatar\/1613b27278a972c04db5c2f04fb2cbfa9edb58d6c3e2547817ecb8240eb58381?s=96&d=mm&r=g","caption":"Pedro M. Cortegoso Gago"},"sameAs":["http:\/\/anovapeneira.gal"],"url":"https:\/\/www.anovapeneira.gal\/index.php\/author\/opinionpcortegoso\/"}]}},"jetpack_featured_media_url":"https:\/\/www.anovapeneira.gal\/wp-content\/uploads\/2023\/05\/28m.jpg","_links":{"self":[{"href":"https:\/\/www.anovapeneira.gal\/index.php\/wp-json\/wp\/v2\/posts\/9855","targetHints":{"allow":["GET"]}}],"collection":[{"href":"https:\/\/www.anovapeneira.gal\/index.php\/wp-json\/wp\/v2\/posts"}],"about":[{"href":"https:\/\/www.anovapeneira.gal\/index.php\/wp-json\/wp\/v2\/types\/post"}],"author":[{"embeddable":true,"href":"https:\/\/www.anovapeneira.gal\/index.php\/wp-json\/wp\/v2\/users\/4"}],"replies":[{"embeddable":true,"href":"https:\/\/www.anovapeneira.gal\/index.php\/wp-json\/wp\/v2\/comments?post=9855"}],"version-history":[{"count":1,"href":"https:\/\/www.anovapeneira.gal\/index.php\/wp-json\/wp\/v2\/posts\/9855\/revisions"}],"predecessor-version":[{"id":9856,"href":"https:\/\/www.anovapeneira.gal\/index.php\/wp-json\/wp\/v2\/posts\/9855\/revisions\/9856"}],"wp:featuredmedia":[{"embeddable":true,"href":"https:\/\/www.anovapeneira.gal\/index.php\/wp-json\/wp\/v2\/media\/9716"}],"wp:attachment":[{"href":"https:\/\/www.anovapeneira.gal\/index.php\/wp-json\/wp\/v2\/media?parent=9855"}],"wp:term":[{"taxonomy":"category","embeddable":true,"href":"https:\/\/www.anovapeneira.gal\/index.php\/wp-json\/wp\/v2\/categories?post=9855"},{"taxonomy":"post_tag","embeddable":true,"href":"https:\/\/www.anovapeneira.gal\/index.php\/wp-json\/wp\/v2\/tags?post=9855"}],"curies":[{"name":"wp","href":"https:\/\/api.w.org\/{rel}","templated":true}]}}