{"id":9860,"date":"2023-06-08T13:20:24","date_gmt":"2023-06-08T11:20:24","guid":{"rendered":"https:\/\/www.anovapeneira.gal\/?p=9860"},"modified":"2023-06-08T20:31:39","modified_gmt":"2023-06-08T18:31:39","slug":"iv-encontro-internacional-de-ceramica-de-nigran","status":"publish","type":"post","link":"https:\/\/www.anovapeneira.gal\/index.php\/2023\/06\/08\/iv-encontro-internacional-de-ceramica-de-nigran\/","title":{"rendered":"IV Encontro Internacional de cer\u00e1mica de Nigr\u00e1n: Cultura Milenaria M\u00e9xico"},"content":{"rendered":"\n<h2 class=\"wp-block-heading has-text-align-center\"><strong>O obxecto do encontro \u00e9 facermos o que os xaponeses chaman \u201c Kokoro\u201d: Compartir coraz\u00f3ns<\/strong><\/h2>\n\n\n\n<p>Falamos con Emilia Guimer\u00e1ns, directora do Encontro e mestra da Escola Municipal de Cer\u00e1mica de Nigr\u00e1n, a escola de cer\u00e1mica m\u00e1is antiga de Galicia.<\/p>\n\n\n\n<p><strong>Como xurdiu a organizaci\u00f3n destes Encontros Internacionais de Cer\u00e1mica en Nigr\u00e1n?<\/strong><\/p>\n\n\n\n<blockquote class=\"wp-block-quote is-layout-flow wp-block-quote-is-layout-flow\">\n<p>As circunstancias da vida po\u00f1en as posibilidades ao teu alcance, tendo neste caso a motivaci\u00f3n de achegar o co\u00f1ecemento doutras formas de sentir e facer de culturas diferentes \u00e1 nosa.<\/p>\n<\/blockquote>\n\n\n\n<blockquote class=\"wp-block-quote is-layout-flow wp-block-quote-is-layout-flow\">\n<p>O I Encontro Internacional de Cer\u00e1mica de Nigr\u00e1n \u201cXap\u00f3n preto de ti\u201d xurdiu dunha estancia de traballo en Sugitani (Tokoname). Os ceramistas Atsuko Ito e Wali Hawes convid\u00e1ronnos a facer unha exposici\u00f3n en Tokoname, daquela convivencia xurdiu a idea que en xapon\u00e9s chaman Kokoro (compartir coraz\u00f3ns).<\/p>\n<\/blockquote>\n\n\n\n<blockquote class=\"wp-block-quote is-layout-flow wp-block-quote-is-layout-flow\">\n<figure class=\"wp-block-gallery has-nested-images columns-default is-cropped wp-block-gallery-1 is-layout-flex wp-block-gallery-is-layout-flex\">\n<figure class=\"wp-block-image size-large\"><img loading=\"lazy\" decoding=\"async\" width=\"180\" height=\"240\" data-id=\"9868\" src=\"https:\/\/www.anovapeneira.gal\/wp-content\/uploads\/2023\/06\/xapon2.jpg\" alt=\"\" class=\"wp-image-9868\"\/><\/figure>\n\n\n\n<figure class=\"wp-block-image size-full\"><img loading=\"lazy\" decoding=\"async\" width=\"375\" height=\"500\" data-id=\"9870\" src=\"https:\/\/www.anovapeneira.gal\/wp-content\/uploads\/2023\/06\/xapon3.jpg\" alt=\"\" class=\"wp-image-9870\" srcset=\"https:\/\/www.anovapeneira.gal\/wp-content\/uploads\/2023\/06\/xapon3.jpg 375w, https:\/\/www.anovapeneira.gal\/wp-content\/uploads\/2023\/06\/xapon3-225x300.jpg 225w\" sizes=\"auto, (max-width: 375px) 100vw, 375px\" \/><\/figure>\n<\/figure>\n<\/blockquote>\n\n\n\n<p><strong>Por que retomades a organizaci\u00f3n despois de tanto tempo?<\/strong><\/p>\n\n\n\n<blockquote class=\"wp-block-quote is-layout-flow wp-block-quote-is-layout-flow\">\n<p>O tempo \u00e9 relativo, as cousas fanse cando as circunstancias o facilitan e non por obriga. Neste novo encontro, digamos que, como se adoita dicir, as estrelas ali\u00f1\u00e1ronse de novo.<\/p>\n<\/blockquote>\n\n\n\n<p><strong>Por que M\u00e9xico?<\/strong><\/p>\n\n\n\n<blockquote class=\"wp-block-quote is-layout-flow wp-block-quote-is-layout-flow\">\n<p>\u00c9 outra gran cultura, rica, diversa, chea de cores en todos os sentidos e que a\u00ednda hoxe segue conservando a s\u00faa sabedor\u00eda ancestral tremendamente atractiva nestes tempos da era dixital, especialmente aqu\u00ed en Europa.<\/p>\n<\/blockquote>\n\n\n\n<p><strong><strong>Como esta a ser a resposta a dito encontro?<\/strong><\/strong><\/p>\n\n\n\n<blockquote class=\"wp-block-quote is-layout-flow wp-block-quote-is-layout-flow\">\n<p>A resposta dos interesados en participar \u00e9 moi alentadora, polo momento xa est\u00e1n completas as matriculas de dous dos 4 obradoiros que son Obradoiro \u201cAo redor do Xaguar\u201d impartido por Juana G\u00f3mez e o obradoiro \u201cO trazo ancestral\u201d impartido por Tomas Esparza.<\/p>\n<\/blockquote>\n\n\n\n<blockquote class=\"wp-block-quote is-layout-flow wp-block-quote-is-layout-flow\">\n<figure class=\"wp-block-gallery has-nested-images columns-default is-cropped wp-block-gallery-2 is-layout-flex wp-block-gallery-is-layout-flex\">\n<figure class=\"wp-block-image size-large\"><a href=\"https:\/\/culturamilenariamexico.wordpress.com\/home\/alredodor-del-jaguar\/\"><img loading=\"lazy\" decoding=\"async\" width=\"960\" height=\"640\" data-id=\"9863\" src=\"https:\/\/www.anovapeneira.gal\/wp-content\/uploads\/2023\/06\/juana_gomez_cabecera_foto_autora.jpg\" alt=\"\" class=\"wp-image-9863\" srcset=\"https:\/\/www.anovapeneira.gal\/wp-content\/uploads\/2023\/06\/juana_gomez_cabecera_foto_autora.jpg 960w, https:\/\/www.anovapeneira.gal\/wp-content\/uploads\/2023\/06\/juana_gomez_cabecera_foto_autora-300x200.jpg 300w, https:\/\/www.anovapeneira.gal\/wp-content\/uploads\/2023\/06\/juana_gomez_cabecera_foto_autora-768x512.jpg 768w\" sizes=\"auto, (max-width: 960px) 100vw, 960px\" \/><\/a><\/figure>\n\n\n\n<figure class=\"wp-block-image size-large\"><a href=\"https:\/\/culturamilenariamexico.wordpress.com\/home\/el-trazo-ancestral\/\"><img loading=\"lazy\" decoding=\"async\" width=\"960\" height=\"640\" data-id=\"9862\" src=\"https:\/\/www.anovapeneira.gal\/wp-content\/uploads\/2023\/06\/esparza_web_2.jpg\" alt=\"\" class=\"wp-image-9862\" srcset=\"https:\/\/www.anovapeneira.gal\/wp-content\/uploads\/2023\/06\/esparza_web_2.jpg 960w, https:\/\/www.anovapeneira.gal\/wp-content\/uploads\/2023\/06\/esparza_web_2-300x200.jpg 300w, https:\/\/www.anovapeneira.gal\/wp-content\/uploads\/2023\/06\/esparza_web_2-768x512.jpg 768w\" sizes=\"auto, (max-width: 960px) 100vw, 960px\" \/><\/a><\/figure>\n<\/figure>\n<\/blockquote>\n\n\n\n<blockquote class=\"wp-block-quote is-layout-flow wp-block-quote-is-layout-flow\">\n<p>Quedan a\u00ednda dous obradoiros m\u00e1is por completar, que son o Obradoiro \u201cAlebrixes Zoom\u00f3rficos Fant\u00e1sticos\u201d (cartoner\u00eda mexicana) impartido por Alejandro Camacho e o Obradoiro \u201cXoguetes do pasado ao presente\u201d impartido por Miriam Salgado.<\/p>\n<\/blockquote>\n\n\n\n<blockquote class=\"wp-block-quote is-layout-flow wp-block-quote-is-layout-flow\">\n<figure class=\"wp-block-gallery has-nested-images columns-default is-cropped wp-block-gallery-3 is-layout-flex wp-block-gallery-is-layout-flex\">\n<figure class=\"wp-block-image size-large\"><a href=\"https:\/\/culturamilenariamexico.wordpress.com\/home\/alebrijes-zoomorfismo-fantastico\/\"><img loading=\"lazy\" decoding=\"async\" width=\"960\" height=\"640\" data-id=\"9865\" src=\"https:\/\/www.anovapeneira.gal\/wp-content\/uploads\/2023\/06\/camacho_alebrije.jpg\" alt=\"\" class=\"wp-image-9865\" srcset=\"https:\/\/www.anovapeneira.gal\/wp-content\/uploads\/2023\/06\/camacho_alebrije.jpg 960w, https:\/\/www.anovapeneira.gal\/wp-content\/uploads\/2023\/06\/camacho_alebrije-300x200.jpg 300w, https:\/\/www.anovapeneira.gal\/wp-content\/uploads\/2023\/06\/camacho_alebrije-768x512.jpg 768w\" sizes=\"auto, (max-width: 960px) 100vw, 960px\" \/><\/a><\/figure>\n\n\n\n<figure class=\"wp-block-image size-large\"><a href=\"https:\/\/culturamilenariamexico.wordpress.com\/home\/el-juguete-del-pasado-al-presente\/\"><img loading=\"lazy\" decoding=\"async\" width=\"960\" height=\"640\" data-id=\"9866\" src=\"https:\/\/www.anovapeneira.gal\/wp-content\/uploads\/2023\/06\/retrato_miriam_salgado.jpg\" alt=\"\" class=\"wp-image-9866\" srcset=\"https:\/\/www.anovapeneira.gal\/wp-content\/uploads\/2023\/06\/retrato_miriam_salgado.jpg 960w, https:\/\/www.anovapeneira.gal\/wp-content\/uploads\/2023\/06\/retrato_miriam_salgado-300x200.jpg 300w, https:\/\/www.anovapeneira.gal\/wp-content\/uploads\/2023\/06\/retrato_miriam_salgado-768x512.jpg 768w\" sizes=\"auto, (max-width: 960px) 100vw, 960px\" \/><\/a><\/figure>\n<\/figure>\n<\/blockquote>\n\n\n\n<blockquote class=\"wp-block-quote is-layout-flow wp-block-quote-is-layout-flow\">\n<p>Explicar que os encontros se realizan de forma simult\u00e1nea, traballando ma\u00f1\u00e1 e tarde toda a semana no mesmo centro, co que os participantes s\u00f3 poder\u00e1n traballar nun dos obradoiros pero ter\u00e1n a posibilidade de ver o desenvolvemento do resto dos obradoiros, ampliando as\u00ed o intercambio de co\u00f1ecementos e experiencias entre todas as persoas que se matriculan.<\/p>\n<\/blockquote>\n\n\n\n<blockquote class=\"wp-block-quote is-layout-flow wp-block-quote-is-layout-flow\">\n<figure class=\"wp-block-embed is-type-video is-provider-youtube wp-block-embed-youtube wp-embed-aspect-16-9 wp-has-aspect-ratio\"><div class=\"wp-block-embed__wrapper\">\n<iframe loading=\"lazy\" title=\"OFICIO | Artesano Alejandro Camacho\" width=\"500\" height=\"281\" src=\"https:\/\/www.youtube.com\/embed\/AMocCbuyuZk?feature=oembed\" frameborder=\"0\" allow=\"accelerometer; autoplay; clipboard-write; encrypted-media; gyroscope; picture-in-picture; web-share\" referrerpolicy=\"strict-origin-when-cross-origin\" allowfullscreen><\/iframe>\n<\/div><\/figure>\n<\/blockquote>\n\n\n\n<p><strong>Que destacar<\/strong><strong>\u00ed<\/strong><strong>as desta reuni<\/strong><strong>\u00f3<\/strong><strong>n fronte <\/strong><strong>\u00e1<\/strong><strong>s anteriores?<\/strong><\/p>\n\n\n\n<blockquote class=\"wp-block-quote is-layout-flow wp-block-quote-is-layout-flow\">\n<p>De momento gustar\u00edanos agardar a que se celebre este novo encontro que ser\u00e1 do 17 ao 22 de xullo de 2023, para poder contestar, pero gustar\u00edanos que reinase entre os participantes a mesma ilusi\u00f3n de traballo que houbo en anteriores reuni\u00f3ns.<\/p>\n<\/blockquote>\n\n\n\n<p>Ligaz\u00f3n para co\u00f1ecer m\u00e1is sobre o IV Encontro Internacional de Cer\u00e1mica de Nigr\u00e1n.<\/p>\n\n\n\n<p><a href=\"https:\/\/culturamilenariamexico.wordpress.com\">https:\/\/culturamilenariamexico.wordpress.com<\/a><\/p>\n","protected":false},"excerpt":{"rendered":"<div class=\"mh-excerpt\"><p>IV Encuentro Internacional de Cer\u00e1mica Nigr\u00e1n 2023 : Cultura Milenaria M\u00e9xico <a class=\"mh-excerpt-more\" href=\"https:\/\/www.anovapeneira.gal\/index.php\/2023\/06\/08\/iv-encontro-internacional-de-ceramica-de-nigran\/\" title=\"IV Encontro Internacional de cer\u00e1mica de Nigr\u00e1n: Cultura Milenaria M\u00e9xico\">[&#8230;]<\/a><\/p>\n<\/div>","protected":false},"author":3,"featured_media":9872,"comment_status":"open","ping_status":"open","sticky":false,"template":"","format":"standard","meta":{"_exactmetrics_skip_tracking":false,"_exactmetrics_sitenote_active":false,"_exactmetrics_sitenote_note":"","_exactmetrics_sitenote_category":0,"footnotes":""},"categories":[271],"tags":[135,1359],"class_list":{"0":"post-9860","1":"post","2":"type-post","3":"status-publish","4":"format-standard","5":"has-post-thumbnail","7":"category-val-minor-entrevistas","8":"tag-concello-de-nigran","9":"tag-escola-municipal-de-ceramica-de-nigran"},"yoast_head":"<!-- This site is optimized with the Yoast SEO plugin v27.4 - https:\/\/yoast.com\/product\/yoast-seo-wordpress\/ -->\n<title>IV Encontro Internacional de cer\u00e1mica de Nigr\u00e1n: Cultura Milenaria M\u00e9xico -<\/title>\n<meta name=\"robots\" content=\"index, follow, max-snippet:-1, max-image-preview:large, max-video-preview:-1\" \/>\n<link rel=\"canonical\" href=\"https:\/\/www.anovapeneira.gal\/index.php\/2023\/06\/08\/iv-encontro-internacional-de-ceramica-de-nigran\/\" \/>\n<meta property=\"og:locale\" content=\"gl_ES\" \/>\n<meta property=\"og:type\" content=\"article\" \/>\n<meta property=\"og:title\" content=\"IV Encontro Internacional de cer\u00e1mica de Nigr\u00e1n: Cultura Milenaria M\u00e9xico -\" \/>\n<meta property=\"og:description\" content=\"IV Encuentro Internacional de Cer\u00e1mica Nigr\u00e1n 2023 : Cultura Milenaria M\u00e9xico [...]\" \/>\n<meta property=\"og:url\" content=\"https:\/\/www.anovapeneira.gal\/index.php\/2023\/06\/08\/iv-encontro-internacional-de-ceramica-de-nigran\/\" \/>\n<meta property=\"article:publisher\" content=\"https:\/\/www.facebook.com\/anovapeneira\" \/>\n<meta property=\"article:published_time\" content=\"2023-06-08T11:20:24+00:00\" \/>\n<meta property=\"article:modified_time\" content=\"2023-06-08T18:31:39+00:00\" \/>\n<meta property=\"og:image\" content=\"https:\/\/www.anovapeneira.gal\/wp-content\/uploads\/2023\/06\/encontro_internacional_de_ceramica.jpg\" \/>\n\t<meta property=\"og:image:width\" content=\"720\" \/>\n\t<meta property=\"og:image:height\" content=\"432\" \/>\n\t<meta property=\"og:image:type\" content=\"image\/jpeg\" \/>\n<meta name=\"author\" content=\"Redacci\u00f3n A Nova Peneira\" \/>\n<meta name=\"twitter:card\" content=\"summary_large_image\" \/>\n<meta name=\"twitter:creator\" content=\"@APeneira\" \/>\n<meta name=\"twitter:site\" content=\"@APeneira\" \/>\n<meta name=\"twitter:label1\" content=\"Escrito por\" \/>\n\t<meta name=\"twitter:data1\" content=\"Redacci\u00f3n A Nova Peneira\" \/>\n\t<meta name=\"twitter:label2\" content=\"Tempo de lectura\" \/>\n\t<meta name=\"twitter:data2\" content=\"4 minutos\" \/>\n<script type=\"application\/ld+json\" class=\"yoast-schema-graph\">{\"@context\":\"https:\\\/\\\/schema.org\",\"@graph\":[{\"@type\":\"Article\",\"@id\":\"https:\\\/\\\/www.anovapeneira.gal\\\/index.php\\\/2023\\\/06\\\/08\\\/iv-encontro-internacional-de-ceramica-de-nigran\\\/#article\",\"isPartOf\":{\"@id\":\"https:\\\/\\\/www.anovapeneira.gal\\\/index.php\\\/2023\\\/06\\\/08\\\/iv-encontro-internacional-de-ceramica-de-nigran\\\/\"},\"author\":{\"name\":\"Redacci\u00f3n A Nova Peneira\",\"@id\":\"https:\\\/\\\/www.anovapeneira.gal\\\/#\\\/schema\\\/person\\\/b93e3f8932e3f8da96334607eb6ac6aa\"},\"headline\":\"IV Encontro Internacional de cer\u00e1mica de Nigr\u00e1n: Cultura Milenaria M\u00e9xico\",\"datePublished\":\"2023-06-08T11:20:24+00:00\",\"dateModified\":\"2023-06-08T18:31:39+00:00\",\"mainEntityOfPage\":{\"@id\":\"https:\\\/\\\/www.anovapeneira.gal\\\/index.php\\\/2023\\\/06\\\/08\\\/iv-encontro-internacional-de-ceramica-de-nigran\\\/\"},\"wordCount\":460,\"commentCount\":0,\"publisher\":{\"@id\":\"https:\\\/\\\/www.anovapeneira.gal\\\/#organization\"},\"image\":{\"@id\":\"https:\\\/\\\/www.anovapeneira.gal\\\/index.php\\\/2023\\\/06\\\/08\\\/iv-encontro-internacional-de-ceramica-de-nigran\\\/#primaryimage\"},\"thumbnailUrl\":\"https:\\\/\\\/www.anovapeneira.gal\\\/wp-content\\\/uploads\\\/2023\\\/06\\\/encontro_internacional_de_ceramica.jpg\",\"keywords\":[\"Concello de Nigr\u00e1n\",\"Escola Municipal de Cer\u00e1mica de Nigr\u00e1n\"],\"articleSection\":[\"Val Mi\u00f1or\"],\"inLanguage\":\"gl-ES\",\"potentialAction\":[{\"@type\":\"CommentAction\",\"name\":\"Comment\",\"target\":[\"https:\\\/\\\/www.anovapeneira.gal\\\/index.php\\\/2023\\\/06\\\/08\\\/iv-encontro-internacional-de-ceramica-de-nigran\\\/#respond\"]}]},{\"@type\":\"WebPage\",\"@id\":\"https:\\\/\\\/www.anovapeneira.gal\\\/index.php\\\/2023\\\/06\\\/08\\\/iv-encontro-internacional-de-ceramica-de-nigran\\\/\",\"url\":\"https:\\\/\\\/www.anovapeneira.gal\\\/index.php\\\/2023\\\/06\\\/08\\\/iv-encontro-internacional-de-ceramica-de-nigran\\\/\",\"name\":\"IV Encontro Internacional de cer\u00e1mica de Nigr\u00e1n: Cultura Milenaria M\u00e9xico -\",\"isPartOf\":{\"@id\":\"https:\\\/\\\/www.anovapeneira.gal\\\/#website\"},\"primaryImageOfPage\":{\"@id\":\"https:\\\/\\\/www.anovapeneira.gal\\\/index.php\\\/2023\\\/06\\\/08\\\/iv-encontro-internacional-de-ceramica-de-nigran\\\/#primaryimage\"},\"image\":{\"@id\":\"https:\\\/\\\/www.anovapeneira.gal\\\/index.php\\\/2023\\\/06\\\/08\\\/iv-encontro-internacional-de-ceramica-de-nigran\\\/#primaryimage\"},\"thumbnailUrl\":\"https:\\\/\\\/www.anovapeneira.gal\\\/wp-content\\\/uploads\\\/2023\\\/06\\\/encontro_internacional_de_ceramica.jpg\",\"datePublished\":\"2023-06-08T11:20:24+00:00\",\"dateModified\":\"2023-06-08T18:31:39+00:00\",\"breadcrumb\":{\"@id\":\"https:\\\/\\\/www.anovapeneira.gal\\\/index.php\\\/2023\\\/06\\\/08\\\/iv-encontro-internacional-de-ceramica-de-nigran\\\/#breadcrumb\"},\"inLanguage\":\"gl-ES\",\"potentialAction\":[{\"@type\":\"ReadAction\",\"target\":[\"https:\\\/\\\/www.anovapeneira.gal\\\/index.php\\\/2023\\\/06\\\/08\\\/iv-encontro-internacional-de-ceramica-de-nigran\\\/\"]}]},{\"@type\":\"ImageObject\",\"inLanguage\":\"gl-ES\",\"@id\":\"https:\\\/\\\/www.anovapeneira.gal\\\/index.php\\\/2023\\\/06\\\/08\\\/iv-encontro-internacional-de-ceramica-de-nigran\\\/#primaryimage\",\"url\":\"https:\\\/\\\/www.anovapeneira.gal\\\/wp-content\\\/uploads\\\/2023\\\/06\\\/encontro_internacional_de_ceramica.jpg\",\"contentUrl\":\"https:\\\/\\\/www.anovapeneira.gal\\\/wp-content\\\/uploads\\\/2023\\\/06\\\/encontro_internacional_de_ceramica.jpg\",\"width\":720,\"height\":432,\"caption\":\"Miriam Salgado, mestra do obradoiro de Xoguetes do pasado ao presente\"},{\"@type\":\"BreadcrumbList\",\"@id\":\"https:\\\/\\\/www.anovapeneira.gal\\\/index.php\\\/2023\\\/06\\\/08\\\/iv-encontro-internacional-de-ceramica-de-nigran\\\/#breadcrumb\",\"itemListElement\":[{\"@type\":\"ListItem\",\"position\":1,\"name\":\"Portada\",\"item\":\"https:\\\/\\\/www.anovapeneira.gal\\\/\"},{\"@type\":\"ListItem\",\"position\":2,\"name\":\"IV Encontro Internacional de cer\u00e1mica de Nigr\u00e1n: Cultura Milenaria M\u00e9xico\"}]},{\"@type\":\"WebSite\",\"@id\":\"https:\\\/\\\/www.anovapeneira.gal\\\/#website\",\"url\":\"https:\\\/\\\/www.anovapeneira.gal\\\/\",\"name\":\"\",\"description\":\"Xornal galego de informaci\u00f3n xeral Publicaci\u00f3n mensual de novas de Galicia e en especial dos Concellos da sur da provincia de Pontevedra.\",\"publisher\":{\"@id\":\"https:\\\/\\\/www.anovapeneira.gal\\\/#organization\"},\"potentialAction\":[{\"@type\":\"SearchAction\",\"target\":{\"@type\":\"EntryPoint\",\"urlTemplate\":\"https:\\\/\\\/www.anovapeneira.gal\\\/?s={search_term_string}\"},\"query-input\":{\"@type\":\"PropertyValueSpecification\",\"valueRequired\":true,\"valueName\":\"search_term_string\"}}],\"inLanguage\":\"gl-ES\"},{\"@type\":\"Organization\",\"@id\":\"https:\\\/\\\/www.anovapeneira.gal\\\/#organization\",\"name\":\"A Nova Peneira\",\"url\":\"https:\\\/\\\/www.anovapeneira.gal\\\/\",\"logo\":{\"@type\":\"ImageObject\",\"inLanguage\":\"gl-ES\",\"@id\":\"https:\\\/\\\/www.anovapeneira.gal\\\/#\\\/schema\\\/logo\\\/image\\\/\",\"url\":\"http:\\\/\\\/www.anovapeneira.gal\\\/wp-content\\\/uploads\\\/2019\\\/06\\\/logo_a_nova_peneira_portal_web.png\",\"contentUrl\":\"http:\\\/\\\/www.anovapeneira.gal\\\/wp-content\\\/uploads\\\/2019\\\/06\\\/logo_a_nova_peneira_portal_web.png\",\"width\":300,\"height\":100,\"caption\":\"A Nova Peneira\"},\"image\":{\"@id\":\"https:\\\/\\\/www.anovapeneira.gal\\\/#\\\/schema\\\/logo\\\/image\\\/\"},\"sameAs\":[\"https:\\\/\\\/www.facebook.com\\\/anovapeneira\",\"https:\\\/\\\/x.com\\\/APeneira\"]},{\"@type\":\"Person\",\"@id\":\"https:\\\/\\\/www.anovapeneira.gal\\\/#\\\/schema\\\/person\\\/b93e3f8932e3f8da96334607eb6ac6aa\",\"name\":\"Redacci\u00f3n A Nova Peneira\",\"image\":{\"@type\":\"ImageObject\",\"inLanguage\":\"gl-ES\",\"@id\":\"https:\\\/\\\/secure.gravatar.com\\\/avatar\\\/c052a2551a06e23fac63626232eaa90abd78dbcf1700fc46a2b2c89fd27b735f?s=96&d=mm&r=g\",\"url\":\"https:\\\/\\\/secure.gravatar.com\\\/avatar\\\/c052a2551a06e23fac63626232eaa90abd78dbcf1700fc46a2b2c89fd27b735f?s=96&d=mm&r=g\",\"contentUrl\":\"https:\\\/\\\/secure.gravatar.com\\\/avatar\\\/c052a2551a06e23fac63626232eaa90abd78dbcf1700fc46a2b2c89fd27b735f?s=96&d=mm&r=g\",\"caption\":\"Redacci\u00f3n A Nova Peneira\"},\"sameAs\":[\"http:\\\/\\\/www.anovapeneira.gal\\\/\"],\"url\":\"https:\\\/\\\/www.anovapeneira.gal\\\/index.php\\\/author\\\/redactor\\\/\"}]}<\/script>\n<!-- \/ Yoast SEO plugin. -->","yoast_head_json":{"title":"IV Encontro Internacional de cer\u00e1mica de Nigr\u00e1n: Cultura Milenaria M\u00e9xico -","robots":{"index":"index","follow":"follow","max-snippet":"max-snippet:-1","max-image-preview":"max-image-preview:large","max-video-preview":"max-video-preview:-1"},"canonical":"https:\/\/www.anovapeneira.gal\/index.php\/2023\/06\/08\/iv-encontro-internacional-de-ceramica-de-nigran\/","og_locale":"gl_ES","og_type":"article","og_title":"IV Encontro Internacional de cer\u00e1mica de Nigr\u00e1n: Cultura Milenaria M\u00e9xico -","og_description":"IV Encuentro Internacional de Cer\u00e1mica Nigr\u00e1n 2023 : Cultura Milenaria M\u00e9xico [...]","og_url":"https:\/\/www.anovapeneira.gal\/index.php\/2023\/06\/08\/iv-encontro-internacional-de-ceramica-de-nigran\/","article_publisher":"https:\/\/www.facebook.com\/anovapeneira","article_published_time":"2023-06-08T11:20:24+00:00","article_modified_time":"2023-06-08T18:31:39+00:00","og_image":[{"width":720,"height":432,"url":"https:\/\/www.anovapeneira.gal\/wp-content\/uploads\/2023\/06\/encontro_internacional_de_ceramica.jpg","type":"image\/jpeg"}],"author":"Redacci\u00f3n A Nova Peneira","twitter_card":"summary_large_image","twitter_creator":"@APeneira","twitter_site":"@APeneira","twitter_misc":{"Escrito por":"Redacci\u00f3n A Nova Peneira","Tempo de lectura":"4 minutos"},"schema":{"@context":"https:\/\/schema.org","@graph":[{"@type":"Article","@id":"https:\/\/www.anovapeneira.gal\/index.php\/2023\/06\/08\/iv-encontro-internacional-de-ceramica-de-nigran\/#article","isPartOf":{"@id":"https:\/\/www.anovapeneira.gal\/index.php\/2023\/06\/08\/iv-encontro-internacional-de-ceramica-de-nigran\/"},"author":{"name":"Redacci\u00f3n A Nova Peneira","@id":"https:\/\/www.anovapeneira.gal\/#\/schema\/person\/b93e3f8932e3f8da96334607eb6ac6aa"},"headline":"IV Encontro Internacional de cer\u00e1mica de Nigr\u00e1n: Cultura Milenaria M\u00e9xico","datePublished":"2023-06-08T11:20:24+00:00","dateModified":"2023-06-08T18:31:39+00:00","mainEntityOfPage":{"@id":"https:\/\/www.anovapeneira.gal\/index.php\/2023\/06\/08\/iv-encontro-internacional-de-ceramica-de-nigran\/"},"wordCount":460,"commentCount":0,"publisher":{"@id":"https:\/\/www.anovapeneira.gal\/#organization"},"image":{"@id":"https:\/\/www.anovapeneira.gal\/index.php\/2023\/06\/08\/iv-encontro-internacional-de-ceramica-de-nigran\/#primaryimage"},"thumbnailUrl":"https:\/\/www.anovapeneira.gal\/wp-content\/uploads\/2023\/06\/encontro_internacional_de_ceramica.jpg","keywords":["Concello de Nigr\u00e1n","Escola Municipal de Cer\u00e1mica de Nigr\u00e1n"],"articleSection":["Val Mi\u00f1or"],"inLanguage":"gl-ES","potentialAction":[{"@type":"CommentAction","name":"Comment","target":["https:\/\/www.anovapeneira.gal\/index.php\/2023\/06\/08\/iv-encontro-internacional-de-ceramica-de-nigran\/#respond"]}]},{"@type":"WebPage","@id":"https:\/\/www.anovapeneira.gal\/index.php\/2023\/06\/08\/iv-encontro-internacional-de-ceramica-de-nigran\/","url":"https:\/\/www.anovapeneira.gal\/index.php\/2023\/06\/08\/iv-encontro-internacional-de-ceramica-de-nigran\/","name":"IV Encontro Internacional de cer\u00e1mica de Nigr\u00e1n: Cultura Milenaria M\u00e9xico -","isPartOf":{"@id":"https:\/\/www.anovapeneira.gal\/#website"},"primaryImageOfPage":{"@id":"https:\/\/www.anovapeneira.gal\/index.php\/2023\/06\/08\/iv-encontro-internacional-de-ceramica-de-nigran\/#primaryimage"},"image":{"@id":"https:\/\/www.anovapeneira.gal\/index.php\/2023\/06\/08\/iv-encontro-internacional-de-ceramica-de-nigran\/#primaryimage"},"thumbnailUrl":"https:\/\/www.anovapeneira.gal\/wp-content\/uploads\/2023\/06\/encontro_internacional_de_ceramica.jpg","datePublished":"2023-06-08T11:20:24+00:00","dateModified":"2023-06-08T18:31:39+00:00","breadcrumb":{"@id":"https:\/\/www.anovapeneira.gal\/index.php\/2023\/06\/08\/iv-encontro-internacional-de-ceramica-de-nigran\/#breadcrumb"},"inLanguage":"gl-ES","potentialAction":[{"@type":"ReadAction","target":["https:\/\/www.anovapeneira.gal\/index.php\/2023\/06\/08\/iv-encontro-internacional-de-ceramica-de-nigran\/"]}]},{"@type":"ImageObject","inLanguage":"gl-ES","@id":"https:\/\/www.anovapeneira.gal\/index.php\/2023\/06\/08\/iv-encontro-internacional-de-ceramica-de-nigran\/#primaryimage","url":"https:\/\/www.anovapeneira.gal\/wp-content\/uploads\/2023\/06\/encontro_internacional_de_ceramica.jpg","contentUrl":"https:\/\/www.anovapeneira.gal\/wp-content\/uploads\/2023\/06\/encontro_internacional_de_ceramica.jpg","width":720,"height":432,"caption":"Miriam Salgado, mestra do obradoiro de Xoguetes do pasado ao presente"},{"@type":"BreadcrumbList","@id":"https:\/\/www.anovapeneira.gal\/index.php\/2023\/06\/08\/iv-encontro-internacional-de-ceramica-de-nigran\/#breadcrumb","itemListElement":[{"@type":"ListItem","position":1,"name":"Portada","item":"https:\/\/www.anovapeneira.gal\/"},{"@type":"ListItem","position":2,"name":"IV Encontro Internacional de cer\u00e1mica de Nigr\u00e1n: Cultura Milenaria M\u00e9xico"}]},{"@type":"WebSite","@id":"https:\/\/www.anovapeneira.gal\/#website","url":"https:\/\/www.anovapeneira.gal\/","name":"","description":"Xornal galego de informaci\u00f3n xeral Publicaci\u00f3n mensual de novas de Galicia e en especial dos Concellos da sur da provincia de Pontevedra.","publisher":{"@id":"https:\/\/www.anovapeneira.gal\/#organization"},"potentialAction":[{"@type":"SearchAction","target":{"@type":"EntryPoint","urlTemplate":"https:\/\/www.anovapeneira.gal\/?s={search_term_string}"},"query-input":{"@type":"PropertyValueSpecification","valueRequired":true,"valueName":"search_term_string"}}],"inLanguage":"gl-ES"},{"@type":"Organization","@id":"https:\/\/www.anovapeneira.gal\/#organization","name":"A Nova Peneira","url":"https:\/\/www.anovapeneira.gal\/","logo":{"@type":"ImageObject","inLanguage":"gl-ES","@id":"https:\/\/www.anovapeneira.gal\/#\/schema\/logo\/image\/","url":"http:\/\/www.anovapeneira.gal\/wp-content\/uploads\/2019\/06\/logo_a_nova_peneira_portal_web.png","contentUrl":"http:\/\/www.anovapeneira.gal\/wp-content\/uploads\/2019\/06\/logo_a_nova_peneira_portal_web.png","width":300,"height":100,"caption":"A Nova Peneira"},"image":{"@id":"https:\/\/www.anovapeneira.gal\/#\/schema\/logo\/image\/"},"sameAs":["https:\/\/www.facebook.com\/anovapeneira","https:\/\/x.com\/APeneira"]},{"@type":"Person","@id":"https:\/\/www.anovapeneira.gal\/#\/schema\/person\/b93e3f8932e3f8da96334607eb6ac6aa","name":"Redacci\u00f3n A Nova Peneira","image":{"@type":"ImageObject","inLanguage":"gl-ES","@id":"https:\/\/secure.gravatar.com\/avatar\/c052a2551a06e23fac63626232eaa90abd78dbcf1700fc46a2b2c89fd27b735f?s=96&d=mm&r=g","url":"https:\/\/secure.gravatar.com\/avatar\/c052a2551a06e23fac63626232eaa90abd78dbcf1700fc46a2b2c89fd27b735f?s=96&d=mm&r=g","contentUrl":"https:\/\/secure.gravatar.com\/avatar\/c052a2551a06e23fac63626232eaa90abd78dbcf1700fc46a2b2c89fd27b735f?s=96&d=mm&r=g","caption":"Redacci\u00f3n A Nova Peneira"},"sameAs":["http:\/\/www.anovapeneira.gal\/"],"url":"https:\/\/www.anovapeneira.gal\/index.php\/author\/redactor\/"}]}},"jetpack_featured_media_url":"https:\/\/www.anovapeneira.gal\/wp-content\/uploads\/2023\/06\/encontro_internacional_de_ceramica.jpg","_links":{"self":[{"href":"https:\/\/www.anovapeneira.gal\/index.php\/wp-json\/wp\/v2\/posts\/9860","targetHints":{"allow":["GET"]}}],"collection":[{"href":"https:\/\/www.anovapeneira.gal\/index.php\/wp-json\/wp\/v2\/posts"}],"about":[{"href":"https:\/\/www.anovapeneira.gal\/index.php\/wp-json\/wp\/v2\/types\/post"}],"author":[{"embeddable":true,"href":"https:\/\/www.anovapeneira.gal\/index.php\/wp-json\/wp\/v2\/users\/3"}],"replies":[{"embeddable":true,"href":"https:\/\/www.anovapeneira.gal\/index.php\/wp-json\/wp\/v2\/comments?post=9860"}],"version-history":[{"count":31,"href":"https:\/\/www.anovapeneira.gal\/index.php\/wp-json\/wp\/v2\/posts\/9860\/revisions"}],"predecessor-version":[{"id":9917,"href":"https:\/\/www.anovapeneira.gal\/index.php\/wp-json\/wp\/v2\/posts\/9860\/revisions\/9917"}],"wp:featuredmedia":[{"embeddable":true,"href":"https:\/\/www.anovapeneira.gal\/index.php\/wp-json\/wp\/v2\/media\/9872"}],"wp:attachment":[{"href":"https:\/\/www.anovapeneira.gal\/index.php\/wp-json\/wp\/v2\/media?parent=9860"}],"wp:term":[{"taxonomy":"category","embeddable":true,"href":"https:\/\/www.anovapeneira.gal\/index.php\/wp-json\/wp\/v2\/categories?post=9860"},{"taxonomy":"post_tag","embeddable":true,"href":"https:\/\/www.anovapeneira.gal\/index.php\/wp-json\/wp\/v2\/tags?post=9860"}],"curies":[{"name":"wp","href":"https:\/\/api.w.org\/{rel}","templated":true}]}}