{"id":9921,"date":"2023-06-12T12:00:09","date_gmt":"2023-06-12T10:00:09","guid":{"rendered":"https:\/\/www.anovapeneira.gal\/?p=9921"},"modified":"2023-06-09T12:35:26","modified_gmt":"2023-06-09T10:35:26","slug":"o-bng-de-gondomar-non-permitira-o-retorno-do-pp-a-alcaldia-pero-tampouco-avalara-o-continuismo-do-psoe","status":"publish","type":"post","link":"https:\/\/www.anovapeneira.gal\/index.php\/2023\/06\/12\/o-bng-de-gondomar-non-permitira-o-retorno-do-pp-a-alcaldia-pero-tampouco-avalara-o-continuismo-do-psoe\/","title":{"rendered":"O BNG de Gondomar non permitir\u00e1 o retorno do PP \u00e1 alcald\u00eda pero tampouco avalar\u00e1 o \u201ccontinu\u00edsmo\u201d do PSOE"},"content":{"rendered":"\n<p>Manuela Rodr\u00edguez: \u201cA veci\u00f1anza que confiou no BNG votou por un cambio de rumbo no noso concello que nin a dereita nin o actual alcalde poden garantir\u201d<\/p>\n\n\n\n<p>A organizaci\u00f3n nacionalista valora positivamente os resultados na localidade, cun aumento do 80% no n\u00famero de votos, que deixaron a s\u00f3 78 papeletas a obtenci\u00f3n dunha segunda acta<\/p>\n\n\n\n<p>GONDOMAR, 6 de xu\u00f1o 2023.- O Bloque Nacionalista Galego v\u00e9n de definir a s\u00faa posici\u00f3n en relaci\u00f3n ao Pleno de investidura municipal sobre a premisa \u201cfirme e rotunda\u201d de non permitir o retorno do PP \u00e1 alcald\u00eda pero sen avalar o \u201ccontinu\u00edsmo\u201d do actual alcalde, o socialista Paco Ferreira. As\u00ed o determinou a asemblea local da organizaci\u00f3n nacionalista nunha xuntanza de valoraci\u00f3n dos resultados dos pasados comicios, dos que destacaron o aumento dun 80% no n\u00famero de votos que deixaron a s\u00f3 78 papeletas a obtenci\u00f3n dunha segunda acta.<\/p>\n\n\n\n<p>\u201cQueremos agradecer a confianza das 807 veci\u00f1as e veci\u00f1os que apostaron polo BNG e, inda que aspirabamos a conseguir unha maior representaci\u00f3n, poden ter a garant\u00eda de que o noso voto ser\u00e1 determinante para avanzar nas mudanzas que Gondomar precisa\u201d, afirmou a candidata e portavoz municipal das nacionalistas, Manuela Rodr\u00edguez.<\/p>\n\n\n\n<p>Nese sentido, Rodr\u00edguez avanzou que nin o PP encabezado por Paula Bouz\u00f3s nin o proxecto do actual alcalde do PSOE, Paco Ferreira, representan o cambio de rumbo para o concello polo que apostaron as centos de persoas que apoiaron o BNG este 28 de maio. \u201cPoden ter a seguridade de que non imos traizoar a s\u00faa confianza\u201d, destacou.<\/p>\n\n\n\n<p>A voceira do BNG afirmou taxativa que \u201cnunca imos regalar a alcald\u00eda \u00e1 dereita, a mesma que dende a Xunta recorta a sanidade e educaci\u00f3n\u201d ou que \u201cpacta sen pudor coa extrema dereita no resto do Estado\u201d. \u201cQue quede moi claro: o BNG non imos permitir o retorno do PP \u00e1 alcald\u00eda de Gondomar\u201d, remachou.<\/p>\n\n\n\n<p>Na mesma li\u00f1a, a nacionalista desbotou \u201cpor completo\u201d un acordo de goberno ou de investidura con Paco Ferreira, a quen reprochou os \u201ccontinuos desprezos\u201d durante o \u00faltimo mandato e a \u201ctotal falla de di\u00e1logo\u201d para atender demandas veci\u00f1ais como a auga de Vilaza, as carencias en saneamento ou os servizos de conciliaci\u00f3n. \u201cO BNG non imos colaborar no continu\u00edsmo dun modelo de Goberno que non atende as necesidades de Gondomar, e que demostrou non ter m\u00e1is proxecto que exercer o poder de maneira autoritaria e sectaria\u201d, explicou Rodr\u00edguez.<\/p>\n\n\n\n<p>\u201cO BNG po\u00f1emos e poremos sempre por diante os intereses e as necesidades das e dos gondomare\u00f1os\u201d, afirmou a portavoz nacionalista, acrecentando que \u201ciso \u00e9 o que vai orientar sempre as nosas posici\u00f3ns e o sentido do noso voto determinante no Pleno\u201d.<\/p>\n","protected":false},"excerpt":{"rendered":"<div class=\"mh-excerpt\"><p>Manuela Rodr\u00edguez: \u201cA veci\u00f1anza que confiou no BNG votou por un cambio de rumbo no noso concello que nin a dereita nin o actual alcalde poden garantir\u201d <a class=\"mh-excerpt-more\" href=\"https:\/\/www.anovapeneira.gal\/index.php\/2023\/06\/12\/o-bng-de-gondomar-non-permitira-o-retorno-do-pp-a-alcaldia-pero-tampouco-avalara-o-continuismo-do-psoe\/\" title=\"O BNG de Gondomar non permitir\u00e1 o retorno do PP \u00e1 alcald\u00eda pero tampouco avalar\u00e1 o \u201ccontinu\u00edsmo\u201d do PSOE\">[&#8230;]<\/a><\/p>\n<\/div>","protected":false},"author":3,"featured_media":9923,"comment_status":"open","ping_status":"open","sticky":false,"template":"","format":"standard","meta":{"_exactmetrics_skip_tracking":false,"_exactmetrics_sitenote_active":false,"_exactmetrics_sitenote_note":"","_exactmetrics_sitenote_category":0,"footnotes":""},"categories":[20],"tags":[149],"class_list":{"0":"post-9921","1":"post","2":"type-post","3":"status-publish","4":"format-standard","5":"has-post-thumbnail","7":"category-val-minor","8":"tag-concello-de-gondomar"},"yoast_head":"<!-- This site is optimized with the Yoast SEO plugin v27.4 - https:\/\/yoast.com\/product\/yoast-seo-wordpress\/ -->\n<title>O BNG de Gondomar non permitir\u00e1 o retorno do PP \u00e1 alcald\u00eda pero tampouco avalar\u00e1 o \u201ccontinu\u00edsmo\u201d do PSOE -<\/title>\n<meta name=\"description\" content=\"Manuela Rodr\u00edguez: \u201cA veci\u00f1anza que confiou no BNG votou por un cambio de rumbo no noso concello que nin a dereita nin o actual alcalde poden garantir\u201d\" \/>\n<meta name=\"robots\" content=\"index, follow, max-snippet:-1, max-image-preview:large, max-video-preview:-1\" \/>\n<link rel=\"canonical\" href=\"https:\/\/www.anovapeneira.gal\/index.php\/2023\/06\/12\/o-bng-de-gondomar-non-permitira-o-retorno-do-pp-a-alcaldia-pero-tampouco-avalara-o-continuismo-do-psoe\/\" \/>\n<meta property=\"og:locale\" content=\"gl_ES\" \/>\n<meta property=\"og:type\" content=\"article\" \/>\n<meta property=\"og:title\" content=\"O BNG de Gondomar non permitir\u00e1 o retorno do PP \u00e1 alcald\u00eda pero tampouco avalar\u00e1 o \u201ccontinu\u00edsmo\u201d do PSOE -\" \/>\n<meta property=\"og:description\" content=\"Manuela Rodr\u00edguez: \u201cA veci\u00f1anza que confiou no BNG votou por un cambio de rumbo no noso concello que nin a dereita nin o actual alcalde poden garantir\u201d\" \/>\n<meta property=\"og:url\" content=\"https:\/\/www.anovapeneira.gal\/index.php\/2023\/06\/12\/o-bng-de-gondomar-non-permitira-o-retorno-do-pp-a-alcaldia-pero-tampouco-avalara-o-continuismo-do-psoe\/\" \/>\n<meta property=\"article:publisher\" content=\"https:\/\/www.facebook.com\/anovapeneira\" \/>\n<meta property=\"article:published_time\" content=\"2023-06-12T10:00:09+00:00\" \/>\n<meta property=\"og:image\" content=\"https:\/\/www.anovapeneira.gal\/wp-content\/uploads\/2023\/06\/Manuela_Rodriguez_Pumar_BNG_Gondomar.jpg\" \/>\n\t<meta property=\"og:image:width\" content=\"720\" \/>\n\t<meta property=\"og:image:height\" content=\"432\" \/>\n\t<meta property=\"og:image:type\" content=\"image\/jpeg\" \/>\n<meta name=\"author\" content=\"Redacci\u00f3n A Nova Peneira\" \/>\n<meta name=\"twitter:card\" content=\"summary_large_image\" \/>\n<meta name=\"twitter:creator\" content=\"@APeneira\" \/>\n<meta name=\"twitter:site\" content=\"@APeneira\" \/>\n<meta name=\"twitter:label1\" content=\"Escrito por\" \/>\n\t<meta name=\"twitter:data1\" content=\"Redacci\u00f3n A Nova Peneira\" \/>\n\t<meta name=\"twitter:label2\" content=\"Tempo de lectura\" \/>\n\t<meta name=\"twitter:data2\" content=\"3 minutos\" \/>\n<script type=\"application\/ld+json\" class=\"yoast-schema-graph\">{\"@context\":\"https:\\\/\\\/schema.org\",\"@graph\":[{\"@type\":\"Article\",\"@id\":\"https:\\\/\\\/www.anovapeneira.gal\\\/index.php\\\/2023\\\/06\\\/12\\\/o-bng-de-gondomar-non-permitira-o-retorno-do-pp-a-alcaldia-pero-tampouco-avalara-o-continuismo-do-psoe\\\/#article\",\"isPartOf\":{\"@id\":\"https:\\\/\\\/www.anovapeneira.gal\\\/index.php\\\/2023\\\/06\\\/12\\\/o-bng-de-gondomar-non-permitira-o-retorno-do-pp-a-alcaldia-pero-tampouco-avalara-o-continuismo-do-psoe\\\/\"},\"author\":{\"name\":\"Redacci\u00f3n A Nova Peneira\",\"@id\":\"https:\\\/\\\/www.anovapeneira.gal\\\/#\\\/schema\\\/person\\\/b93e3f8932e3f8da96334607eb6ac6aa\"},\"headline\":\"O BNG de Gondomar non permitir\u00e1 o retorno do PP \u00e1 alcald\u00eda pero tampouco avalar\u00e1 o \u201ccontinu\u00edsmo\u201d do PSOE\",\"datePublished\":\"2023-06-12T10:00:09+00:00\",\"mainEntityOfPage\":{\"@id\":\"https:\\\/\\\/www.anovapeneira.gal\\\/index.php\\\/2023\\\/06\\\/12\\\/o-bng-de-gondomar-non-permitira-o-retorno-do-pp-a-alcaldia-pero-tampouco-avalara-o-continuismo-do-psoe\\\/\"},\"wordCount\":483,\"commentCount\":0,\"publisher\":{\"@id\":\"https:\\\/\\\/www.anovapeneira.gal\\\/#organization\"},\"image\":{\"@id\":\"https:\\\/\\\/www.anovapeneira.gal\\\/index.php\\\/2023\\\/06\\\/12\\\/o-bng-de-gondomar-non-permitira-o-retorno-do-pp-a-alcaldia-pero-tampouco-avalara-o-continuismo-do-psoe\\\/#primaryimage\"},\"thumbnailUrl\":\"https:\\\/\\\/www.anovapeneira.gal\\\/wp-content\\\/uploads\\\/2023\\\/06\\\/Manuela_Rodriguez_Pumar_BNG_Gondomar.jpg\",\"keywords\":[\"Concello de Gondomar\"],\"articleSection\":[\"Val Mi\u00f1or\"],\"inLanguage\":\"gl-ES\",\"potentialAction\":[{\"@type\":\"CommentAction\",\"name\":\"Comment\",\"target\":[\"https:\\\/\\\/www.anovapeneira.gal\\\/index.php\\\/2023\\\/06\\\/12\\\/o-bng-de-gondomar-non-permitira-o-retorno-do-pp-a-alcaldia-pero-tampouco-avalara-o-continuismo-do-psoe\\\/#respond\"]}]},{\"@type\":\"WebPage\",\"@id\":\"https:\\\/\\\/www.anovapeneira.gal\\\/index.php\\\/2023\\\/06\\\/12\\\/o-bng-de-gondomar-non-permitira-o-retorno-do-pp-a-alcaldia-pero-tampouco-avalara-o-continuismo-do-psoe\\\/\",\"url\":\"https:\\\/\\\/www.anovapeneira.gal\\\/index.php\\\/2023\\\/06\\\/12\\\/o-bng-de-gondomar-non-permitira-o-retorno-do-pp-a-alcaldia-pero-tampouco-avalara-o-continuismo-do-psoe\\\/\",\"name\":\"O BNG de Gondomar non permitir\u00e1 o retorno do PP \u00e1 alcald\u00eda pero tampouco avalar\u00e1 o \u201ccontinu\u00edsmo\u201d do PSOE -\",\"isPartOf\":{\"@id\":\"https:\\\/\\\/www.anovapeneira.gal\\\/#website\"},\"primaryImageOfPage\":{\"@id\":\"https:\\\/\\\/www.anovapeneira.gal\\\/index.php\\\/2023\\\/06\\\/12\\\/o-bng-de-gondomar-non-permitira-o-retorno-do-pp-a-alcaldia-pero-tampouco-avalara-o-continuismo-do-psoe\\\/#primaryimage\"},\"image\":{\"@id\":\"https:\\\/\\\/www.anovapeneira.gal\\\/index.php\\\/2023\\\/06\\\/12\\\/o-bng-de-gondomar-non-permitira-o-retorno-do-pp-a-alcaldia-pero-tampouco-avalara-o-continuismo-do-psoe\\\/#primaryimage\"},\"thumbnailUrl\":\"https:\\\/\\\/www.anovapeneira.gal\\\/wp-content\\\/uploads\\\/2023\\\/06\\\/Manuela_Rodriguez_Pumar_BNG_Gondomar.jpg\",\"datePublished\":\"2023-06-12T10:00:09+00:00\",\"description\":\"Manuela Rodr\u00edguez: \u201cA veci\u00f1anza que confiou no BNG votou por un cambio de rumbo no noso concello que nin a dereita nin o actual alcalde poden garantir\u201d\",\"breadcrumb\":{\"@id\":\"https:\\\/\\\/www.anovapeneira.gal\\\/index.php\\\/2023\\\/06\\\/12\\\/o-bng-de-gondomar-non-permitira-o-retorno-do-pp-a-alcaldia-pero-tampouco-avalara-o-continuismo-do-psoe\\\/#breadcrumb\"},\"inLanguage\":\"gl-ES\",\"potentialAction\":[{\"@type\":\"ReadAction\",\"target\":[\"https:\\\/\\\/www.anovapeneira.gal\\\/index.php\\\/2023\\\/06\\\/12\\\/o-bng-de-gondomar-non-permitira-o-retorno-do-pp-a-alcaldia-pero-tampouco-avalara-o-continuismo-do-psoe\\\/\"]}]},{\"@type\":\"ImageObject\",\"inLanguage\":\"gl-ES\",\"@id\":\"https:\\\/\\\/www.anovapeneira.gal\\\/index.php\\\/2023\\\/06\\\/12\\\/o-bng-de-gondomar-non-permitira-o-retorno-do-pp-a-alcaldia-pero-tampouco-avalara-o-continuismo-do-psoe\\\/#primaryimage\",\"url\":\"https:\\\/\\\/www.anovapeneira.gal\\\/wp-content\\\/uploads\\\/2023\\\/06\\\/Manuela_Rodriguez_Pumar_BNG_Gondomar.jpg\",\"contentUrl\":\"https:\\\/\\\/www.anovapeneira.gal\\\/wp-content\\\/uploads\\\/2023\\\/06\\\/Manuela_Rodriguez_Pumar_BNG_Gondomar.jpg\",\"width\":720,\"height\":432,\"caption\":\"Manuela Rodr\u00edguez Pumar BNG Gondomar\"},{\"@type\":\"BreadcrumbList\",\"@id\":\"https:\\\/\\\/www.anovapeneira.gal\\\/index.php\\\/2023\\\/06\\\/12\\\/o-bng-de-gondomar-non-permitira-o-retorno-do-pp-a-alcaldia-pero-tampouco-avalara-o-continuismo-do-psoe\\\/#breadcrumb\",\"itemListElement\":[{\"@type\":\"ListItem\",\"position\":1,\"name\":\"Portada\",\"item\":\"https:\\\/\\\/www.anovapeneira.gal\\\/\"},{\"@type\":\"ListItem\",\"position\":2,\"name\":\"O BNG de Gondomar non permitir\u00e1 o retorno do PP \u00e1 alcald\u00eda pero tampouco avalar\u00e1 o \u201ccontinu\u00edsmo\u201d do PSOE\"}]},{\"@type\":\"WebSite\",\"@id\":\"https:\\\/\\\/www.anovapeneira.gal\\\/#website\",\"url\":\"https:\\\/\\\/www.anovapeneira.gal\\\/\",\"name\":\"\",\"description\":\"Xornal galego de informaci\u00f3n xeral Publicaci\u00f3n mensual de novas de Galicia e en especial dos Concellos da sur da provincia de Pontevedra.\",\"publisher\":{\"@id\":\"https:\\\/\\\/www.anovapeneira.gal\\\/#organization\"},\"potentialAction\":[{\"@type\":\"SearchAction\",\"target\":{\"@type\":\"EntryPoint\",\"urlTemplate\":\"https:\\\/\\\/www.anovapeneira.gal\\\/?s={search_term_string}\"},\"query-input\":{\"@type\":\"PropertyValueSpecification\",\"valueRequired\":true,\"valueName\":\"search_term_string\"}}],\"inLanguage\":\"gl-ES\"},{\"@type\":\"Organization\",\"@id\":\"https:\\\/\\\/www.anovapeneira.gal\\\/#organization\",\"name\":\"A Nova Peneira\",\"url\":\"https:\\\/\\\/www.anovapeneira.gal\\\/\",\"logo\":{\"@type\":\"ImageObject\",\"inLanguage\":\"gl-ES\",\"@id\":\"https:\\\/\\\/www.anovapeneira.gal\\\/#\\\/schema\\\/logo\\\/image\\\/\",\"url\":\"http:\\\/\\\/www.anovapeneira.gal\\\/wp-content\\\/uploads\\\/2019\\\/06\\\/logo_a_nova_peneira_portal_web.png\",\"contentUrl\":\"http:\\\/\\\/www.anovapeneira.gal\\\/wp-content\\\/uploads\\\/2019\\\/06\\\/logo_a_nova_peneira_portal_web.png\",\"width\":300,\"height\":100,\"caption\":\"A Nova Peneira\"},\"image\":{\"@id\":\"https:\\\/\\\/www.anovapeneira.gal\\\/#\\\/schema\\\/logo\\\/image\\\/\"},\"sameAs\":[\"https:\\\/\\\/www.facebook.com\\\/anovapeneira\",\"https:\\\/\\\/x.com\\\/APeneira\"]},{\"@type\":\"Person\",\"@id\":\"https:\\\/\\\/www.anovapeneira.gal\\\/#\\\/schema\\\/person\\\/b93e3f8932e3f8da96334607eb6ac6aa\",\"name\":\"Redacci\u00f3n A Nova Peneira\",\"image\":{\"@type\":\"ImageObject\",\"inLanguage\":\"gl-ES\",\"@id\":\"https:\\\/\\\/secure.gravatar.com\\\/avatar\\\/c052a2551a06e23fac63626232eaa90abd78dbcf1700fc46a2b2c89fd27b735f?s=96&d=mm&r=g\",\"url\":\"https:\\\/\\\/secure.gravatar.com\\\/avatar\\\/c052a2551a06e23fac63626232eaa90abd78dbcf1700fc46a2b2c89fd27b735f?s=96&d=mm&r=g\",\"contentUrl\":\"https:\\\/\\\/secure.gravatar.com\\\/avatar\\\/c052a2551a06e23fac63626232eaa90abd78dbcf1700fc46a2b2c89fd27b735f?s=96&d=mm&r=g\",\"caption\":\"Redacci\u00f3n A Nova Peneira\"},\"sameAs\":[\"http:\\\/\\\/www.anovapeneira.gal\\\/\"],\"url\":\"https:\\\/\\\/www.anovapeneira.gal\\\/index.php\\\/author\\\/redactor\\\/\"}]}<\/script>\n<!-- \/ Yoast SEO plugin. -->","yoast_head_json":{"title":"O BNG de Gondomar non permitir\u00e1 o retorno do PP \u00e1 alcald\u00eda pero tampouco avalar\u00e1 o \u201ccontinu\u00edsmo\u201d do PSOE -","description":"Manuela Rodr\u00edguez: \u201cA veci\u00f1anza que confiou no BNG votou por un cambio de rumbo no noso concello que nin a dereita nin o actual alcalde poden garantir\u201d","robots":{"index":"index","follow":"follow","max-snippet":"max-snippet:-1","max-image-preview":"max-image-preview:large","max-video-preview":"max-video-preview:-1"},"canonical":"https:\/\/www.anovapeneira.gal\/index.php\/2023\/06\/12\/o-bng-de-gondomar-non-permitira-o-retorno-do-pp-a-alcaldia-pero-tampouco-avalara-o-continuismo-do-psoe\/","og_locale":"gl_ES","og_type":"article","og_title":"O BNG de Gondomar non permitir\u00e1 o retorno do PP \u00e1 alcald\u00eda pero tampouco avalar\u00e1 o \u201ccontinu\u00edsmo\u201d do PSOE -","og_description":"Manuela Rodr\u00edguez: \u201cA veci\u00f1anza que confiou no BNG votou por un cambio de rumbo no noso concello que nin a dereita nin o actual alcalde poden garantir\u201d","og_url":"https:\/\/www.anovapeneira.gal\/index.php\/2023\/06\/12\/o-bng-de-gondomar-non-permitira-o-retorno-do-pp-a-alcaldia-pero-tampouco-avalara-o-continuismo-do-psoe\/","article_publisher":"https:\/\/www.facebook.com\/anovapeneira","article_published_time":"2023-06-12T10:00:09+00:00","og_image":[{"width":720,"height":432,"url":"https:\/\/www.anovapeneira.gal\/wp-content\/uploads\/2023\/06\/Manuela_Rodriguez_Pumar_BNG_Gondomar.jpg","type":"image\/jpeg"}],"author":"Redacci\u00f3n A Nova Peneira","twitter_card":"summary_large_image","twitter_creator":"@APeneira","twitter_site":"@APeneira","twitter_misc":{"Escrito por":"Redacci\u00f3n A Nova Peneira","Tempo de lectura":"3 minutos"},"schema":{"@context":"https:\/\/schema.org","@graph":[{"@type":"Article","@id":"https:\/\/www.anovapeneira.gal\/index.php\/2023\/06\/12\/o-bng-de-gondomar-non-permitira-o-retorno-do-pp-a-alcaldia-pero-tampouco-avalara-o-continuismo-do-psoe\/#article","isPartOf":{"@id":"https:\/\/www.anovapeneira.gal\/index.php\/2023\/06\/12\/o-bng-de-gondomar-non-permitira-o-retorno-do-pp-a-alcaldia-pero-tampouco-avalara-o-continuismo-do-psoe\/"},"author":{"name":"Redacci\u00f3n A Nova Peneira","@id":"https:\/\/www.anovapeneira.gal\/#\/schema\/person\/b93e3f8932e3f8da96334607eb6ac6aa"},"headline":"O BNG de Gondomar non permitir\u00e1 o retorno do PP \u00e1 alcald\u00eda pero tampouco avalar\u00e1 o \u201ccontinu\u00edsmo\u201d do PSOE","datePublished":"2023-06-12T10:00:09+00:00","mainEntityOfPage":{"@id":"https:\/\/www.anovapeneira.gal\/index.php\/2023\/06\/12\/o-bng-de-gondomar-non-permitira-o-retorno-do-pp-a-alcaldia-pero-tampouco-avalara-o-continuismo-do-psoe\/"},"wordCount":483,"commentCount":0,"publisher":{"@id":"https:\/\/www.anovapeneira.gal\/#organization"},"image":{"@id":"https:\/\/www.anovapeneira.gal\/index.php\/2023\/06\/12\/o-bng-de-gondomar-non-permitira-o-retorno-do-pp-a-alcaldia-pero-tampouco-avalara-o-continuismo-do-psoe\/#primaryimage"},"thumbnailUrl":"https:\/\/www.anovapeneira.gal\/wp-content\/uploads\/2023\/06\/Manuela_Rodriguez_Pumar_BNG_Gondomar.jpg","keywords":["Concello de Gondomar"],"articleSection":["Val Mi\u00f1or"],"inLanguage":"gl-ES","potentialAction":[{"@type":"CommentAction","name":"Comment","target":["https:\/\/www.anovapeneira.gal\/index.php\/2023\/06\/12\/o-bng-de-gondomar-non-permitira-o-retorno-do-pp-a-alcaldia-pero-tampouco-avalara-o-continuismo-do-psoe\/#respond"]}]},{"@type":"WebPage","@id":"https:\/\/www.anovapeneira.gal\/index.php\/2023\/06\/12\/o-bng-de-gondomar-non-permitira-o-retorno-do-pp-a-alcaldia-pero-tampouco-avalara-o-continuismo-do-psoe\/","url":"https:\/\/www.anovapeneira.gal\/index.php\/2023\/06\/12\/o-bng-de-gondomar-non-permitira-o-retorno-do-pp-a-alcaldia-pero-tampouco-avalara-o-continuismo-do-psoe\/","name":"O BNG de Gondomar non permitir\u00e1 o retorno do PP \u00e1 alcald\u00eda pero tampouco avalar\u00e1 o \u201ccontinu\u00edsmo\u201d do PSOE -","isPartOf":{"@id":"https:\/\/www.anovapeneira.gal\/#website"},"primaryImageOfPage":{"@id":"https:\/\/www.anovapeneira.gal\/index.php\/2023\/06\/12\/o-bng-de-gondomar-non-permitira-o-retorno-do-pp-a-alcaldia-pero-tampouco-avalara-o-continuismo-do-psoe\/#primaryimage"},"image":{"@id":"https:\/\/www.anovapeneira.gal\/index.php\/2023\/06\/12\/o-bng-de-gondomar-non-permitira-o-retorno-do-pp-a-alcaldia-pero-tampouco-avalara-o-continuismo-do-psoe\/#primaryimage"},"thumbnailUrl":"https:\/\/www.anovapeneira.gal\/wp-content\/uploads\/2023\/06\/Manuela_Rodriguez_Pumar_BNG_Gondomar.jpg","datePublished":"2023-06-12T10:00:09+00:00","description":"Manuela Rodr\u00edguez: \u201cA veci\u00f1anza que confiou no BNG votou por un cambio de rumbo no noso concello que nin a dereita nin o actual alcalde poden garantir\u201d","breadcrumb":{"@id":"https:\/\/www.anovapeneira.gal\/index.php\/2023\/06\/12\/o-bng-de-gondomar-non-permitira-o-retorno-do-pp-a-alcaldia-pero-tampouco-avalara-o-continuismo-do-psoe\/#breadcrumb"},"inLanguage":"gl-ES","potentialAction":[{"@type":"ReadAction","target":["https:\/\/www.anovapeneira.gal\/index.php\/2023\/06\/12\/o-bng-de-gondomar-non-permitira-o-retorno-do-pp-a-alcaldia-pero-tampouco-avalara-o-continuismo-do-psoe\/"]}]},{"@type":"ImageObject","inLanguage":"gl-ES","@id":"https:\/\/www.anovapeneira.gal\/index.php\/2023\/06\/12\/o-bng-de-gondomar-non-permitira-o-retorno-do-pp-a-alcaldia-pero-tampouco-avalara-o-continuismo-do-psoe\/#primaryimage","url":"https:\/\/www.anovapeneira.gal\/wp-content\/uploads\/2023\/06\/Manuela_Rodriguez_Pumar_BNG_Gondomar.jpg","contentUrl":"https:\/\/www.anovapeneira.gal\/wp-content\/uploads\/2023\/06\/Manuela_Rodriguez_Pumar_BNG_Gondomar.jpg","width":720,"height":432,"caption":"Manuela Rodr\u00edguez Pumar BNG Gondomar"},{"@type":"BreadcrumbList","@id":"https:\/\/www.anovapeneira.gal\/index.php\/2023\/06\/12\/o-bng-de-gondomar-non-permitira-o-retorno-do-pp-a-alcaldia-pero-tampouco-avalara-o-continuismo-do-psoe\/#breadcrumb","itemListElement":[{"@type":"ListItem","position":1,"name":"Portada","item":"https:\/\/www.anovapeneira.gal\/"},{"@type":"ListItem","position":2,"name":"O BNG de Gondomar non permitir\u00e1 o retorno do PP \u00e1 alcald\u00eda pero tampouco avalar\u00e1 o \u201ccontinu\u00edsmo\u201d do PSOE"}]},{"@type":"WebSite","@id":"https:\/\/www.anovapeneira.gal\/#website","url":"https:\/\/www.anovapeneira.gal\/","name":"","description":"Xornal galego de informaci\u00f3n xeral Publicaci\u00f3n mensual de novas de Galicia e en especial dos Concellos da sur da provincia de Pontevedra.","publisher":{"@id":"https:\/\/www.anovapeneira.gal\/#organization"},"potentialAction":[{"@type":"SearchAction","target":{"@type":"EntryPoint","urlTemplate":"https:\/\/www.anovapeneira.gal\/?s={search_term_string}"},"query-input":{"@type":"PropertyValueSpecification","valueRequired":true,"valueName":"search_term_string"}}],"inLanguage":"gl-ES"},{"@type":"Organization","@id":"https:\/\/www.anovapeneira.gal\/#organization","name":"A Nova Peneira","url":"https:\/\/www.anovapeneira.gal\/","logo":{"@type":"ImageObject","inLanguage":"gl-ES","@id":"https:\/\/www.anovapeneira.gal\/#\/schema\/logo\/image\/","url":"http:\/\/www.anovapeneira.gal\/wp-content\/uploads\/2019\/06\/logo_a_nova_peneira_portal_web.png","contentUrl":"http:\/\/www.anovapeneira.gal\/wp-content\/uploads\/2019\/06\/logo_a_nova_peneira_portal_web.png","width":300,"height":100,"caption":"A Nova Peneira"},"image":{"@id":"https:\/\/www.anovapeneira.gal\/#\/schema\/logo\/image\/"},"sameAs":["https:\/\/www.facebook.com\/anovapeneira","https:\/\/x.com\/APeneira"]},{"@type":"Person","@id":"https:\/\/www.anovapeneira.gal\/#\/schema\/person\/b93e3f8932e3f8da96334607eb6ac6aa","name":"Redacci\u00f3n A Nova Peneira","image":{"@type":"ImageObject","inLanguage":"gl-ES","@id":"https:\/\/secure.gravatar.com\/avatar\/c052a2551a06e23fac63626232eaa90abd78dbcf1700fc46a2b2c89fd27b735f?s=96&d=mm&r=g","url":"https:\/\/secure.gravatar.com\/avatar\/c052a2551a06e23fac63626232eaa90abd78dbcf1700fc46a2b2c89fd27b735f?s=96&d=mm&r=g","contentUrl":"https:\/\/secure.gravatar.com\/avatar\/c052a2551a06e23fac63626232eaa90abd78dbcf1700fc46a2b2c89fd27b735f?s=96&d=mm&r=g","caption":"Redacci\u00f3n A Nova Peneira"},"sameAs":["http:\/\/www.anovapeneira.gal\/"],"url":"https:\/\/www.anovapeneira.gal\/index.php\/author\/redactor\/"}]}},"jetpack_featured_media_url":"https:\/\/www.anovapeneira.gal\/wp-content\/uploads\/2023\/06\/Manuela_Rodriguez_Pumar_BNG_Gondomar.jpg","_links":{"self":[{"href":"https:\/\/www.anovapeneira.gal\/index.php\/wp-json\/wp\/v2\/posts\/9921","targetHints":{"allow":["GET"]}}],"collection":[{"href":"https:\/\/www.anovapeneira.gal\/index.php\/wp-json\/wp\/v2\/posts"}],"about":[{"href":"https:\/\/www.anovapeneira.gal\/index.php\/wp-json\/wp\/v2\/types\/post"}],"author":[{"embeddable":true,"href":"https:\/\/www.anovapeneira.gal\/index.php\/wp-json\/wp\/v2\/users\/3"}],"replies":[{"embeddable":true,"href":"https:\/\/www.anovapeneira.gal\/index.php\/wp-json\/wp\/v2\/comments?post=9921"}],"version-history":[{"count":1,"href":"https:\/\/www.anovapeneira.gal\/index.php\/wp-json\/wp\/v2\/posts\/9921\/revisions"}],"predecessor-version":[{"id":9922,"href":"https:\/\/www.anovapeneira.gal\/index.php\/wp-json\/wp\/v2\/posts\/9921\/revisions\/9922"}],"wp:featuredmedia":[{"embeddable":true,"href":"https:\/\/www.anovapeneira.gal\/index.php\/wp-json\/wp\/v2\/media\/9923"}],"wp:attachment":[{"href":"https:\/\/www.anovapeneira.gal\/index.php\/wp-json\/wp\/v2\/media?parent=9921"}],"wp:term":[{"taxonomy":"category","embeddable":true,"href":"https:\/\/www.anovapeneira.gal\/index.php\/wp-json\/wp\/v2\/categories?post=9921"},{"taxonomy":"post_tag","embeddable":true,"href":"https:\/\/www.anovapeneira.gal\/index.php\/wp-json\/wp\/v2\/tags?post=9921"}],"curies":[{"name":"wp","href":"https:\/\/api.w.org\/{rel}","templated":true}]}}