{"id":9927,"date":"2023-06-13T12:00:39","date_gmt":"2023-06-13T10:00:39","guid":{"rendered":"https:\/\/www.anovapeneira.gal\/?p=9927"},"modified":"2023-06-14T11:48:24","modified_gmt":"2023-06-14T09:48:24","slug":"grupo-municipal-do-bng-de-mos","status":"publish","type":"post","link":"https:\/\/www.anovapeneira.gal\/index.php\/2023\/06\/13\/grupo-municipal-do-bng-de-mos\/","title":{"rendered":"Grupo municipal do BNG de Mos"},"content":{"rendered":"\n<p><strong>Os nacionalistas de Mos acadaron un resultado mais que \u00f3ptimo nas pasadas elecci\u00f3ns de maio pois case duplicaron os seus votos, e pasan de 1 a 3 concelleiros. Alberto, un enxe\u00f1eiro de Louredo, Sara unha avogada de Pereiras e Gustavo un m\u00fasico e historiador de Torroso ser\u00e1n os representantes do Bng na nova corporaci\u00f3n mosense. N\u00f3s falamos con eles<\/strong><\/p>\n\n\n\n<p><strong>Alberto Barreiro, Sara Samart\u00edn e Gustavo Barcia.<\/strong><\/p>\n\n\n\n<p>\u201c <strong>En Mos a derrota do PP chegar\u00e1 m\u00e1is pronto que tarde\u201d<\/strong><\/p>\n\n\n\n<p><strong>Queremos co\u00f1ecerte un pouco m\u00e1is Alberto?<\/strong><\/p>\n\n\n\n<blockquote class=\"wp-block-quote is-layout-flow wp-block-quote-is-layout-flow\">\n<p>Eu son veci\u00f1o de Louredo, son enxe\u00f1eiro t\u00e9cnico e traballo nunha empresa do metal.<\/p>\n<\/blockquote>\n\n\n\n<p><strong>Cando se iniciou a t\u00faa relaci\u00f3n coa pol\u00edtica e por que?<\/strong><\/p>\n\n\n\n<blockquote class=\"wp-block-quote is-layout-flow wp-block-quote-is-layout-flow\">\n<p>Xa me ven de familia. O meu av\u00f3 foi concelleiro con AP, e o meu pai co PSOE<\/p>\n<\/blockquote>\n\n\n\n<p><strong>Caramba, vaia evoluci\u00f3n familiar PA-PSOE-BNG. Como sigamos a progresi\u00f3n a saber de quen ser\u00e1 concelleira a t\u00faa filla<\/strong><\/p>\n\n\n\n<blockquote class=\"wp-block-quote is-layout-flow wp-block-quote-is-layout-flow\">\n<p>Ha ha ha ha ha ha. \u00c9 a\u00ednda unha nena e a vida d\u00e1 moitas voltas. En relaci\u00f3n \u00e1 pregunta dicir que de sempre son unha persoa preocupada polo colectivo,estou metido no centro cultural de Louredo,que \u00e9 o colectivo m\u00e1is destacado da mi\u00f1a parroquia. E observo con moita preocupaci\u00f3n a situaci\u00f3n de deterioro que padece o noso concello e o mal goberno que sofre. A visi\u00f3n da realidade que defende o BNG \u00e9 a que m\u00e1is se achega \u00e1 mi\u00f1a, e simpatizo con esa forza pol\u00edtica desde hai moito tempo. Xa nas anteriores municipais formei parte das s\u00faas listas.<\/p>\n<\/blockquote>\n\n\n\n<p><strong>E agora, que \u00e9 a primeira vez que es cargo institucional, como afrontas esta etapa na t\u00faa vida?<\/strong><\/p>\n\n\n\n<blockquote class=\"wp-block-quote is-layout-flow wp-block-quote-is-layout-flow\">\n<p>Con toneladas de ilusi\u00f3n e todas as ga\u00f1as de facer moitas cousas en beneficio da veci\u00f1anza de Mos.<\/p>\n<\/blockquote>\n\n\n\n<p><strong>Tendo en conta a situaci\u00f3n aritm\u00e9tica do Concello: 10 PP-7 Oposici\u00f3n. Ti cres que hai motivos para ilusionarse?<\/strong><\/p>\n\n\n\n<blockquote class=\"wp-block-quote is-layout-flow wp-block-quote-is-layout-flow\">\n<p>Coa situaci\u00f3n pol\u00edtica do Concello, un PP con 10 actas, non, claro que non. Coa vontade firme e inequ\u00edvoca do BNG de dar a batalla de maneira permanente en prol dun Mos m\u00e1is xusto, non te\u00f1as a m\u00e1is m\u00ednima d\u00fabida de que si. Coa vontade firme e inequ\u00edvoca do BNG de que este grupo municipal sexa a semente dunha situaci\u00f3n pol\u00edtica que no 2027 nos permita disputar e ga\u00f1ar a hexemon\u00eda social do noso concello, non te\u00f1as a m\u00e1is m\u00ednima d\u00fabida de que si.<\/p>\n<\/blockquote>\n\n\n\n<p><strong>Agora t\u00f3cache a ti , Sara?<\/strong><\/p>\n\n\n\n<blockquote class=\"wp-block-quote is-layout-flow wp-block-quote-is-layout-flow\">\n<p>Eu son Sara Samart\u00edn, son da parroquia de Pereiras e son avogada.<\/p>\n<\/blockquote>\n\n\n\n<p><strong>Por que estudaches dereito?<\/strong><\/p>\n\n\n\n<blockquote class=\"wp-block-quote is-layout-flow wp-block-quote-is-layout-flow\">\n<p>\u00c9 dif\u00edcil de dicir. Se cadra un ideal abstracto de xustiza, que xa habitaba en min de nena, levoume ao mundo do dereito en xeral e ao dereito laboral en particular.<\/p>\n<\/blockquote>\n\n\n\n<p><strong>Profesionalmente que fas?<\/strong><\/p>\n\n\n\n<blockquote class=\"wp-block-quote is-layout-flow wp-block-quote-is-layout-flow\">\n<p>Te\u00f1o despacho aberto, no que levo casos, como che dixen, de dereito laboral e colaboro coa CIG.<\/p>\n<\/blockquote>\n\n\n\n<p><strong>Como ves o mundo do traballo no actual contexto?<\/strong><\/p>\n\n\n\n<blockquote class=\"wp-block-quote is-layout-flow wp-block-quote-is-layout-flow\">\n<p>Est\u00e1 nunha situaci\u00f3n moi delicada. A reforma laboral foi claramente insuficiente e non serviu para arranxar as graves inxustizas que padece a clase traballadora.<\/p>\n<\/blockquote>\n\n\n\n<p><strong>Cando e por que se iniciou a t\u00faa relaci\u00f3n coa pol\u00edtica?<\/strong><\/p>\n\n\n\n<blockquote class=\"wp-block-quote is-layout-flow wp-block-quote-is-layout-flow\">\n<p>Eu sempre sent\u00edn simpat\u00eda polo nacionalismo, xa o meu pai fora nalgunha ocasi\u00f3n nas listas do BNG. Pero, se cadra foi na universidade cando tomei conciencia do dif\u00edcil que era falar galego en Galicia, e do an\u00f3malo que resulta que unha moza ou un mozo non poda empregar o idioma do seu pa\u00eds, en moitos contextos da vida no seu pa\u00eds. Al\u00ed decid\u00edn p\u00f3r o meu gran de area para tratar de mudar as cousas.<\/p>\n<\/blockquote>\n\n\n\n<p><strong>Ao igual c\u00f3 teu compa\u00f1eiro vai ser a primeira vez que es cargo institucional. Como o afrontas?<\/strong><\/p>\n\n\n\n<blockquote class=\"wp-block-quote is-layout-flow wp-block-quote-is-layout-flow\">\n<p>Pois ao igual ca el con infindas doses de ilusi\u00f3n, de ga\u00f1as de mellorar as cousas e de conquistar m\u00e1is coraz\u00f3ns de veci\u00f1os e veci\u00f1as para que no 27 o BNG sexa o protagonista do cambio pol\u00edtico que tanto necesita o noso concello.<\/p>\n<\/blockquote>\n\n\n\n<p><strong>E agora imos preguntarlle a Gustavo,o xefe, a s\u00faa valoraci\u00f3n do resultado electoral?<\/strong><\/p>\n\n\n\n<blockquote class=\"wp-block-quote is-layout-flow wp-block-quote-is-layout-flow\">\n<p>A valoraci\u00f3n \u00e9 dupla. Por unha banda no que atinxe ao BNG a lectura \u00e9 moi satisfactoria, desde logo. Duplicamos o n\u00famero de votos e triplicamos o n\u00famero de actas. O noso resultado foi m\u00e1is que notable. Pero no que se refire a como queda a nova corporaci\u00f3n municipal, cunha maior\u00eda reforzada do PP, non podemos estar satisfeitos. O PP recibe un premio, lex\u00edtimo e l\u00edcito, pero que entendemos que non merece. E a n\u00f3s t\u00f3canos traballar moi duro, picar pedra, rozar silveiras, d\u00eda si e d\u00eda tam\u00e9n, para facerllo ver \u00e1 maior cantidade de veci\u00f1os e veci\u00f1as posible.<\/p>\n<\/blockquote>\n\n\n\n<p><strong>Faltou moi pouco para o 4\u00ba?<\/strong><\/p>\n\n\n\n<blockquote class=\"wp-block-quote is-layout-flow wp-block-quote-is-layout-flow\">\n<p>Si, tan s\u00f3 80 votos<\/p>\n<\/blockquote>\n\n\n\n<p><strong>Hai que darlle as grazas a un que agora , presuntamente, vai desaparecer da vida pol\u00edtica?<\/strong><\/p>\n\n\n\n<blockquote class=\"wp-block-quote is-layout-flow wp-block-quote-is-layout-flow\">\n<p>Pois si, ao que dic\u00eda que era de Podemos, pero que en realidade era a 2\u00ba marca do PP. Sacaron menos votos que votos nulos. Pero con 80 deses votos o BNG ter\u00eda 4 actas e o PP ter\u00eda 9 e non 10.O PP ten unha maquinaria poderos\u00edsima, non s\u00f3 no concello, sen\u00f3n tam\u00e9n de caciques e colaboradores. E eu estou moi orgulloso dos meus compa\u00f1eiras e compa\u00f1eiros do Bng porque somos os que lle facemos fronte. E as\u00ed seguir\u00e1 sendo ata a derrota final do PP, que tardar\u00e1 m\u00e1is ou menos pero chegar\u00e1.<\/p>\n<\/blockquote>\n\n\n\n<p><strong>Como ides repartir o traballo?<\/strong><\/p>\n\n\n\n<blockquote class=\"wp-block-quote is-layout-flow wp-block-quote-is-layout-flow\">\n<p>Imos agardar a ver como se artella o goberno e en funci\u00f3n diso repartiremos as responsabilidades entre os 3.<\/p>\n<\/blockquote>\n\n\n\n<p><strong>Aproveitando que temos unha persoa de Pereiras e outra de Louredo vouvos preguntar a ambos por dous temas concretos que atinxen \u00e1s vosas parroquias. Sara como valoras a situaci\u00f3n da Parroquia despois de Afouteza?<\/strong><\/p>\n\n\n\n<blockquote class=\"wp-block-quote is-layout-flow wp-block-quote-is-layout-flow\">\n<p>Ben. A oposici\u00f3n \u00e9 cada vez maior e a medida que pasa o tempo hai m\u00e1is veci\u00f1as e veci\u00f1os preocupados polos problemas que pode causar. Especialmente no que se refire ao asunto das tra\u00eddas.<\/p>\n<\/blockquote>\n\n\n\n<p><strong>Xa houbo alg\u00fan problema de auga verdade?<\/strong><\/p>\n\n\n\n<blockquote class=\"wp-block-quote is-layout-flow wp-block-quote-is-layout-flow\">\n<p>Si, en ver\u00e1n do ano pasado. Pero non se pode asegurar taxativamente que fose a consecuencia de Afouteza.<\/p>\n<\/blockquote>\n\n\n\n<p><strong>E en Louredo, Alberto, cal \u00e9 o voso criterio sobre as obras do Paseo do Louro?<\/strong><\/p>\n\n\n\n<blockquote class=\"wp-block-quote is-layout-flow wp-block-quote-is-layout-flow\">\n<p>Estamos en total desacordo de como se est\u00e1 a facer. Eu recordo como os antigos sendeiros naturais \u00e1s beiras do r\u00edo foron transformados no que parecen aut\u00e9nticas autoestradas.<\/p>\n<\/blockquote>\n\n\n\n<p><strong>Pouco despois das elecci\u00f3ns a alcaldesa dic\u00eda nun medio de comunicaci\u00f3n que o resultado das elecci\u00f3ns en Tameiga avalaba o proxecto do Celta. Cres, Gustavo, que \u00e9 o anuncio de que se vai intensificar a ofensiva contra a Comunidade de Montes?<\/strong><\/p>\n\n\n\n<blockquote class=\"wp-block-quote is-layout-flow wp-block-quote-is-layout-flow\">\n<p>O PP en Tameiga perdeu as elecci\u00f3ns. E segue sendo a parroquia na que ten menos apoio, e na mesa de Puxeiros \u00e9 con diferencia a que menos apoio ten de todo o Concello. A alcaldesa ten unha actitude moi pouco democr\u00e1tica. A vitoria electoral non a lexitima para esmagar \u00e1s minor\u00edas. Eu creo que ela vai ir a por todas, si. Pero estou seguro de que os tribunais van tumbar o proxecto. O BNG mant\u00e9n unha oposici\u00f3n firme e inequ\u00edvoca en contra do \u201cpelotazo\u201d e se hai que p\u00f3rse diante das palas por\u00e9monos.<\/p>\n<\/blockquote>\n\n\n\n<p><strong>Unha persoa progresista de Mos que entenda a necesidade dun cambio pol\u00edtico pode seguir mantendo a esperanza?<\/strong><\/p>\n\n\n\n<blockquote class=\"wp-block-quote is-layout-flow wp-block-quote-is-layout-flow\">\n<p>Si, sen d\u00fabida si. En Mos a derrota do PP vai chegar m\u00e1is pronto que tarde.<\/p>\n<\/blockquote>\n","protected":false},"excerpt":{"rendered":"<div class=\"mh-excerpt\"><p>Os nacionalistas de Mos acadaron un resultado mais que \u00f3ptimo nas pasadas elecci\u00f3ns de maio pois case duplicaron os seus votos, e pasan de 1 a 3 concelleiros. Alberto, un enxe\u00f1eiro de Louredo, Sara unha <a class=\"mh-excerpt-more\" href=\"https:\/\/www.anovapeneira.gal\/index.php\/2023\/06\/13\/grupo-municipal-do-bng-de-mos\/\" title=\"Grupo municipal do BNG de Mos\">[&#8230;]<\/a><\/p>\n<\/div>","protected":false},"author":3,"featured_media":9929,"comment_status":"open","ping_status":"open","sticky":false,"template":"","format":"standard","meta":{"_exactmetrics_skip_tracking":false,"_exactmetrics_sitenote_active":false,"_exactmetrics_sitenote_note":"","_exactmetrics_sitenote_category":0,"footnotes":""},"categories":[23],"tags":[218],"class_list":{"0":"post-9927","1":"post","2":"type-post","3":"status-publish","4":"format-standard","5":"has-post-thumbnail","7":"category-a-lourina","8":"tag-concello-de-mos"},"yoast_head":"<!-- This site is optimized with the Yoast SEO plugin v27.4 - https:\/\/yoast.com\/product\/yoast-seo-wordpress\/ -->\n<title>Grupo municipal do BNG de Mos -<\/title>\n<meta name=\"robots\" content=\"index, follow, max-snippet:-1, max-image-preview:large, max-video-preview:-1\" \/>\n<link rel=\"canonical\" href=\"https:\/\/www.anovapeneira.gal\/index.php\/2023\/06\/13\/grupo-municipal-do-bng-de-mos\/\" \/>\n<meta property=\"og:locale\" content=\"gl_ES\" \/>\n<meta property=\"og:type\" content=\"article\" \/>\n<meta property=\"og:title\" content=\"Grupo municipal do BNG de Mos -\" \/>\n<meta property=\"og:description\" content=\"Os nacionalistas de Mos acadaron un resultado mais que \u00f3ptimo nas pasadas elecci\u00f3ns de maio pois case duplicaron os seus votos, e pasan de 1 a 3 concelleiros. Alberto, un enxe\u00f1eiro de Louredo, Sara unha [...]\" \/>\n<meta property=\"og:url\" content=\"https:\/\/www.anovapeneira.gal\/index.php\/2023\/06\/13\/grupo-municipal-do-bng-de-mos\/\" \/>\n<meta property=\"article:publisher\" content=\"https:\/\/www.facebook.com\/anovapeneira\" \/>\n<meta property=\"article:published_time\" content=\"2023-06-13T10:00:39+00:00\" \/>\n<meta property=\"article:modified_time\" content=\"2023-06-14T09:48:24+00:00\" \/>\n<meta property=\"og:image\" content=\"https:\/\/www.anovapeneira.gal\/wp-content\/uploads\/2023\/06\/Grupo_Municipal_BNG_mos.jpg\" \/>\n\t<meta property=\"og:image:width\" content=\"720\" \/>\n\t<meta property=\"og:image:height\" content=\"432\" \/>\n\t<meta property=\"og:image:type\" content=\"image\/jpeg\" \/>\n<meta name=\"author\" content=\"Redacci\u00f3n A Nova Peneira\" \/>\n<meta name=\"twitter:card\" content=\"summary_large_image\" \/>\n<meta name=\"twitter:creator\" content=\"@APeneira\" \/>\n<meta name=\"twitter:site\" content=\"@APeneira\" \/>\n<meta name=\"twitter:label1\" content=\"Escrito por\" \/>\n\t<meta name=\"twitter:data1\" content=\"Redacci\u00f3n A Nova Peneira\" \/>\n\t<meta name=\"twitter:label2\" content=\"Tempo de lectura\" \/>\n\t<meta name=\"twitter:data2\" content=\"7 minutos\" \/>\n<script type=\"application\/ld+json\" class=\"yoast-schema-graph\">{\"@context\":\"https:\\\/\\\/schema.org\",\"@graph\":[{\"@type\":\"Article\",\"@id\":\"https:\\\/\\\/www.anovapeneira.gal\\\/index.php\\\/2023\\\/06\\\/13\\\/grupo-municipal-do-bng-de-mos\\\/#article\",\"isPartOf\":{\"@id\":\"https:\\\/\\\/www.anovapeneira.gal\\\/index.php\\\/2023\\\/06\\\/13\\\/grupo-municipal-do-bng-de-mos\\\/\"},\"author\":{\"name\":\"Redacci\u00f3n A Nova Peneira\",\"@id\":\"https:\\\/\\\/www.anovapeneira.gal\\\/#\\\/schema\\\/person\\\/b93e3f8932e3f8da96334607eb6ac6aa\"},\"headline\":\"Grupo municipal do BNG de Mos\",\"datePublished\":\"2023-06-13T10:00:39+00:00\",\"dateModified\":\"2023-06-14T09:48:24+00:00\",\"mainEntityOfPage\":{\"@id\":\"https:\\\/\\\/www.anovapeneira.gal\\\/index.php\\\/2023\\\/06\\\/13\\\/grupo-municipal-do-bng-de-mos\\\/\"},\"wordCount\":1307,\"commentCount\":0,\"publisher\":{\"@id\":\"https:\\\/\\\/www.anovapeneira.gal\\\/#organization\"},\"image\":{\"@id\":\"https:\\\/\\\/www.anovapeneira.gal\\\/index.php\\\/2023\\\/06\\\/13\\\/grupo-municipal-do-bng-de-mos\\\/#primaryimage\"},\"thumbnailUrl\":\"https:\\\/\\\/www.anovapeneira.gal\\\/wp-content\\\/uploads\\\/2023\\\/06\\\/Grupo_Municipal_BNG_mos.jpg\",\"keywords\":[\"Concello de Mos\"],\"articleSection\":[\"A Louri\u00f1a\"],\"inLanguage\":\"gl-ES\",\"potentialAction\":[{\"@type\":\"CommentAction\",\"name\":\"Comment\",\"target\":[\"https:\\\/\\\/www.anovapeneira.gal\\\/index.php\\\/2023\\\/06\\\/13\\\/grupo-municipal-do-bng-de-mos\\\/#respond\"]}]},{\"@type\":\"WebPage\",\"@id\":\"https:\\\/\\\/www.anovapeneira.gal\\\/index.php\\\/2023\\\/06\\\/13\\\/grupo-municipal-do-bng-de-mos\\\/\",\"url\":\"https:\\\/\\\/www.anovapeneira.gal\\\/index.php\\\/2023\\\/06\\\/13\\\/grupo-municipal-do-bng-de-mos\\\/\",\"name\":\"Grupo municipal do BNG de Mos -\",\"isPartOf\":{\"@id\":\"https:\\\/\\\/www.anovapeneira.gal\\\/#website\"},\"primaryImageOfPage\":{\"@id\":\"https:\\\/\\\/www.anovapeneira.gal\\\/index.php\\\/2023\\\/06\\\/13\\\/grupo-municipal-do-bng-de-mos\\\/#primaryimage\"},\"image\":{\"@id\":\"https:\\\/\\\/www.anovapeneira.gal\\\/index.php\\\/2023\\\/06\\\/13\\\/grupo-municipal-do-bng-de-mos\\\/#primaryimage\"},\"thumbnailUrl\":\"https:\\\/\\\/www.anovapeneira.gal\\\/wp-content\\\/uploads\\\/2023\\\/06\\\/Grupo_Municipal_BNG_mos.jpg\",\"datePublished\":\"2023-06-13T10:00:39+00:00\",\"dateModified\":\"2023-06-14T09:48:24+00:00\",\"breadcrumb\":{\"@id\":\"https:\\\/\\\/www.anovapeneira.gal\\\/index.php\\\/2023\\\/06\\\/13\\\/grupo-municipal-do-bng-de-mos\\\/#breadcrumb\"},\"inLanguage\":\"gl-ES\",\"potentialAction\":[{\"@type\":\"ReadAction\",\"target\":[\"https:\\\/\\\/www.anovapeneira.gal\\\/index.php\\\/2023\\\/06\\\/13\\\/grupo-municipal-do-bng-de-mos\\\/\"]}]},{\"@type\":\"ImageObject\",\"inLanguage\":\"gl-ES\",\"@id\":\"https:\\\/\\\/www.anovapeneira.gal\\\/index.php\\\/2023\\\/06\\\/13\\\/grupo-municipal-do-bng-de-mos\\\/#primaryimage\",\"url\":\"https:\\\/\\\/www.anovapeneira.gal\\\/wp-content\\\/uploads\\\/2023\\\/06\\\/Grupo_Municipal_BNG_mos.jpg\",\"contentUrl\":\"https:\\\/\\\/www.anovapeneira.gal\\\/wp-content\\\/uploads\\\/2023\\\/06\\\/Grupo_Municipal_BNG_mos.jpg\",\"width\":720,\"height\":432,\"caption\":\"Grupo municipal do BNG de Mos\"},{\"@type\":\"BreadcrumbList\",\"@id\":\"https:\\\/\\\/www.anovapeneira.gal\\\/index.php\\\/2023\\\/06\\\/13\\\/grupo-municipal-do-bng-de-mos\\\/#breadcrumb\",\"itemListElement\":[{\"@type\":\"ListItem\",\"position\":1,\"name\":\"Portada\",\"item\":\"https:\\\/\\\/www.anovapeneira.gal\\\/\"},{\"@type\":\"ListItem\",\"position\":2,\"name\":\"Grupo municipal do BNG de Mos\"}]},{\"@type\":\"WebSite\",\"@id\":\"https:\\\/\\\/www.anovapeneira.gal\\\/#website\",\"url\":\"https:\\\/\\\/www.anovapeneira.gal\\\/\",\"name\":\"\",\"description\":\"Xornal galego de informaci\u00f3n xeral Publicaci\u00f3n mensual de novas de Galicia e en especial dos Concellos da sur da provincia de Pontevedra.\",\"publisher\":{\"@id\":\"https:\\\/\\\/www.anovapeneira.gal\\\/#organization\"},\"potentialAction\":[{\"@type\":\"SearchAction\",\"target\":{\"@type\":\"EntryPoint\",\"urlTemplate\":\"https:\\\/\\\/www.anovapeneira.gal\\\/?s={search_term_string}\"},\"query-input\":{\"@type\":\"PropertyValueSpecification\",\"valueRequired\":true,\"valueName\":\"search_term_string\"}}],\"inLanguage\":\"gl-ES\"},{\"@type\":\"Organization\",\"@id\":\"https:\\\/\\\/www.anovapeneira.gal\\\/#organization\",\"name\":\"A Nova Peneira\",\"url\":\"https:\\\/\\\/www.anovapeneira.gal\\\/\",\"logo\":{\"@type\":\"ImageObject\",\"inLanguage\":\"gl-ES\",\"@id\":\"https:\\\/\\\/www.anovapeneira.gal\\\/#\\\/schema\\\/logo\\\/image\\\/\",\"url\":\"http:\\\/\\\/www.anovapeneira.gal\\\/wp-content\\\/uploads\\\/2019\\\/06\\\/logo_a_nova_peneira_portal_web.png\",\"contentUrl\":\"http:\\\/\\\/www.anovapeneira.gal\\\/wp-content\\\/uploads\\\/2019\\\/06\\\/logo_a_nova_peneira_portal_web.png\",\"width\":300,\"height\":100,\"caption\":\"A Nova Peneira\"},\"image\":{\"@id\":\"https:\\\/\\\/www.anovapeneira.gal\\\/#\\\/schema\\\/logo\\\/image\\\/\"},\"sameAs\":[\"https:\\\/\\\/www.facebook.com\\\/anovapeneira\",\"https:\\\/\\\/x.com\\\/APeneira\"]},{\"@type\":\"Person\",\"@id\":\"https:\\\/\\\/www.anovapeneira.gal\\\/#\\\/schema\\\/person\\\/b93e3f8932e3f8da96334607eb6ac6aa\",\"name\":\"Redacci\u00f3n A Nova Peneira\",\"image\":{\"@type\":\"ImageObject\",\"inLanguage\":\"gl-ES\",\"@id\":\"https:\\\/\\\/secure.gravatar.com\\\/avatar\\\/c052a2551a06e23fac63626232eaa90abd78dbcf1700fc46a2b2c89fd27b735f?s=96&d=mm&r=g\",\"url\":\"https:\\\/\\\/secure.gravatar.com\\\/avatar\\\/c052a2551a06e23fac63626232eaa90abd78dbcf1700fc46a2b2c89fd27b735f?s=96&d=mm&r=g\",\"contentUrl\":\"https:\\\/\\\/secure.gravatar.com\\\/avatar\\\/c052a2551a06e23fac63626232eaa90abd78dbcf1700fc46a2b2c89fd27b735f?s=96&d=mm&r=g\",\"caption\":\"Redacci\u00f3n A Nova Peneira\"},\"sameAs\":[\"http:\\\/\\\/www.anovapeneira.gal\\\/\"],\"url\":\"https:\\\/\\\/www.anovapeneira.gal\\\/index.php\\\/author\\\/redactor\\\/\"}]}<\/script>\n<!-- \/ Yoast SEO plugin. -->","yoast_head_json":{"title":"Grupo municipal do BNG de Mos -","robots":{"index":"index","follow":"follow","max-snippet":"max-snippet:-1","max-image-preview":"max-image-preview:large","max-video-preview":"max-video-preview:-1"},"canonical":"https:\/\/www.anovapeneira.gal\/index.php\/2023\/06\/13\/grupo-municipal-do-bng-de-mos\/","og_locale":"gl_ES","og_type":"article","og_title":"Grupo municipal do BNG de Mos -","og_description":"Os nacionalistas de Mos acadaron un resultado mais que \u00f3ptimo nas pasadas elecci\u00f3ns de maio pois case duplicaron os seus votos, e pasan de 1 a 3 concelleiros. Alberto, un enxe\u00f1eiro de Louredo, Sara unha [...]","og_url":"https:\/\/www.anovapeneira.gal\/index.php\/2023\/06\/13\/grupo-municipal-do-bng-de-mos\/","article_publisher":"https:\/\/www.facebook.com\/anovapeneira","article_published_time":"2023-06-13T10:00:39+00:00","article_modified_time":"2023-06-14T09:48:24+00:00","og_image":[{"width":720,"height":432,"url":"https:\/\/www.anovapeneira.gal\/wp-content\/uploads\/2023\/06\/Grupo_Municipal_BNG_mos.jpg","type":"image\/jpeg"}],"author":"Redacci\u00f3n A Nova Peneira","twitter_card":"summary_large_image","twitter_creator":"@APeneira","twitter_site":"@APeneira","twitter_misc":{"Escrito por":"Redacci\u00f3n A Nova Peneira","Tempo de lectura":"7 minutos"},"schema":{"@context":"https:\/\/schema.org","@graph":[{"@type":"Article","@id":"https:\/\/www.anovapeneira.gal\/index.php\/2023\/06\/13\/grupo-municipal-do-bng-de-mos\/#article","isPartOf":{"@id":"https:\/\/www.anovapeneira.gal\/index.php\/2023\/06\/13\/grupo-municipal-do-bng-de-mos\/"},"author":{"name":"Redacci\u00f3n A Nova Peneira","@id":"https:\/\/www.anovapeneira.gal\/#\/schema\/person\/b93e3f8932e3f8da96334607eb6ac6aa"},"headline":"Grupo municipal do BNG de Mos","datePublished":"2023-06-13T10:00:39+00:00","dateModified":"2023-06-14T09:48:24+00:00","mainEntityOfPage":{"@id":"https:\/\/www.anovapeneira.gal\/index.php\/2023\/06\/13\/grupo-municipal-do-bng-de-mos\/"},"wordCount":1307,"commentCount":0,"publisher":{"@id":"https:\/\/www.anovapeneira.gal\/#organization"},"image":{"@id":"https:\/\/www.anovapeneira.gal\/index.php\/2023\/06\/13\/grupo-municipal-do-bng-de-mos\/#primaryimage"},"thumbnailUrl":"https:\/\/www.anovapeneira.gal\/wp-content\/uploads\/2023\/06\/Grupo_Municipal_BNG_mos.jpg","keywords":["Concello de Mos"],"articleSection":["A Louri\u00f1a"],"inLanguage":"gl-ES","potentialAction":[{"@type":"CommentAction","name":"Comment","target":["https:\/\/www.anovapeneira.gal\/index.php\/2023\/06\/13\/grupo-municipal-do-bng-de-mos\/#respond"]}]},{"@type":"WebPage","@id":"https:\/\/www.anovapeneira.gal\/index.php\/2023\/06\/13\/grupo-municipal-do-bng-de-mos\/","url":"https:\/\/www.anovapeneira.gal\/index.php\/2023\/06\/13\/grupo-municipal-do-bng-de-mos\/","name":"Grupo municipal do BNG de Mos -","isPartOf":{"@id":"https:\/\/www.anovapeneira.gal\/#website"},"primaryImageOfPage":{"@id":"https:\/\/www.anovapeneira.gal\/index.php\/2023\/06\/13\/grupo-municipal-do-bng-de-mos\/#primaryimage"},"image":{"@id":"https:\/\/www.anovapeneira.gal\/index.php\/2023\/06\/13\/grupo-municipal-do-bng-de-mos\/#primaryimage"},"thumbnailUrl":"https:\/\/www.anovapeneira.gal\/wp-content\/uploads\/2023\/06\/Grupo_Municipal_BNG_mos.jpg","datePublished":"2023-06-13T10:00:39+00:00","dateModified":"2023-06-14T09:48:24+00:00","breadcrumb":{"@id":"https:\/\/www.anovapeneira.gal\/index.php\/2023\/06\/13\/grupo-municipal-do-bng-de-mos\/#breadcrumb"},"inLanguage":"gl-ES","potentialAction":[{"@type":"ReadAction","target":["https:\/\/www.anovapeneira.gal\/index.php\/2023\/06\/13\/grupo-municipal-do-bng-de-mos\/"]}]},{"@type":"ImageObject","inLanguage":"gl-ES","@id":"https:\/\/www.anovapeneira.gal\/index.php\/2023\/06\/13\/grupo-municipal-do-bng-de-mos\/#primaryimage","url":"https:\/\/www.anovapeneira.gal\/wp-content\/uploads\/2023\/06\/Grupo_Municipal_BNG_mos.jpg","contentUrl":"https:\/\/www.anovapeneira.gal\/wp-content\/uploads\/2023\/06\/Grupo_Municipal_BNG_mos.jpg","width":720,"height":432,"caption":"Grupo municipal do BNG de Mos"},{"@type":"BreadcrumbList","@id":"https:\/\/www.anovapeneira.gal\/index.php\/2023\/06\/13\/grupo-municipal-do-bng-de-mos\/#breadcrumb","itemListElement":[{"@type":"ListItem","position":1,"name":"Portada","item":"https:\/\/www.anovapeneira.gal\/"},{"@type":"ListItem","position":2,"name":"Grupo municipal do BNG de Mos"}]},{"@type":"WebSite","@id":"https:\/\/www.anovapeneira.gal\/#website","url":"https:\/\/www.anovapeneira.gal\/","name":"","description":"Xornal galego de informaci\u00f3n xeral Publicaci\u00f3n mensual de novas de Galicia e en especial dos Concellos da sur da provincia de Pontevedra.","publisher":{"@id":"https:\/\/www.anovapeneira.gal\/#organization"},"potentialAction":[{"@type":"SearchAction","target":{"@type":"EntryPoint","urlTemplate":"https:\/\/www.anovapeneira.gal\/?s={search_term_string}"},"query-input":{"@type":"PropertyValueSpecification","valueRequired":true,"valueName":"search_term_string"}}],"inLanguage":"gl-ES"},{"@type":"Organization","@id":"https:\/\/www.anovapeneira.gal\/#organization","name":"A Nova Peneira","url":"https:\/\/www.anovapeneira.gal\/","logo":{"@type":"ImageObject","inLanguage":"gl-ES","@id":"https:\/\/www.anovapeneira.gal\/#\/schema\/logo\/image\/","url":"http:\/\/www.anovapeneira.gal\/wp-content\/uploads\/2019\/06\/logo_a_nova_peneira_portal_web.png","contentUrl":"http:\/\/www.anovapeneira.gal\/wp-content\/uploads\/2019\/06\/logo_a_nova_peneira_portal_web.png","width":300,"height":100,"caption":"A Nova Peneira"},"image":{"@id":"https:\/\/www.anovapeneira.gal\/#\/schema\/logo\/image\/"},"sameAs":["https:\/\/www.facebook.com\/anovapeneira","https:\/\/x.com\/APeneira"]},{"@type":"Person","@id":"https:\/\/www.anovapeneira.gal\/#\/schema\/person\/b93e3f8932e3f8da96334607eb6ac6aa","name":"Redacci\u00f3n A Nova Peneira","image":{"@type":"ImageObject","inLanguage":"gl-ES","@id":"https:\/\/secure.gravatar.com\/avatar\/c052a2551a06e23fac63626232eaa90abd78dbcf1700fc46a2b2c89fd27b735f?s=96&d=mm&r=g","url":"https:\/\/secure.gravatar.com\/avatar\/c052a2551a06e23fac63626232eaa90abd78dbcf1700fc46a2b2c89fd27b735f?s=96&d=mm&r=g","contentUrl":"https:\/\/secure.gravatar.com\/avatar\/c052a2551a06e23fac63626232eaa90abd78dbcf1700fc46a2b2c89fd27b735f?s=96&d=mm&r=g","caption":"Redacci\u00f3n A Nova Peneira"},"sameAs":["http:\/\/www.anovapeneira.gal\/"],"url":"https:\/\/www.anovapeneira.gal\/index.php\/author\/redactor\/"}]}},"jetpack_featured_media_url":"https:\/\/www.anovapeneira.gal\/wp-content\/uploads\/2023\/06\/Grupo_Municipal_BNG_mos.jpg","_links":{"self":[{"href":"https:\/\/www.anovapeneira.gal\/index.php\/wp-json\/wp\/v2\/posts\/9927","targetHints":{"allow":["GET"]}}],"collection":[{"href":"https:\/\/www.anovapeneira.gal\/index.php\/wp-json\/wp\/v2\/posts"}],"about":[{"href":"https:\/\/www.anovapeneira.gal\/index.php\/wp-json\/wp\/v2\/types\/post"}],"author":[{"embeddable":true,"href":"https:\/\/www.anovapeneira.gal\/index.php\/wp-json\/wp\/v2\/users\/3"}],"replies":[{"embeddable":true,"href":"https:\/\/www.anovapeneira.gal\/index.php\/wp-json\/wp\/v2\/comments?post=9927"}],"version-history":[{"count":3,"href":"https:\/\/www.anovapeneira.gal\/index.php\/wp-json\/wp\/v2\/posts\/9927\/revisions"}],"predecessor-version":[{"id":9949,"href":"https:\/\/www.anovapeneira.gal\/index.php\/wp-json\/wp\/v2\/posts\/9927\/revisions\/9949"}],"wp:featuredmedia":[{"embeddable":true,"href":"https:\/\/www.anovapeneira.gal\/index.php\/wp-json\/wp\/v2\/media\/9929"}],"wp:attachment":[{"href":"https:\/\/www.anovapeneira.gal\/index.php\/wp-json\/wp\/v2\/media?parent=9927"}],"wp:term":[{"taxonomy":"category","embeddable":true,"href":"https:\/\/www.anovapeneira.gal\/index.php\/wp-json\/wp\/v2\/categories?post=9927"},{"taxonomy":"post_tag","embeddable":true,"href":"https:\/\/www.anovapeneira.gal\/index.php\/wp-json\/wp\/v2\/tags?post=9927"}],"curies":[{"name":"wp","href":"https:\/\/api.w.org\/{rel}","templated":true}]}}