{"id":9930,"date":"2023-06-14T12:00:57","date_gmt":"2023-06-14T10:00:57","guid":{"rendered":"https:\/\/www.anovapeneira.gal\/?p=9930"},"modified":"2023-06-13T09:28:15","modified_gmt":"2023-06-13T07:28:15","slug":"declaracion-da-ammd-sobre-a-anulacion-da-expulsion-do-cabo-santos-soto","status":"publish","type":"post","link":"https:\/\/www.anovapeneira.gal\/index.php\/2023\/06\/14\/declaracion-da-ammd-sobre-a-anulacion-da-expulsion-do-cabo-santos-soto\/","title":{"rendered":"Declaraci\u00f3n da AMMD sobre a anulaci\u00f3n da expulsi\u00f3n do Cabo Santos Soto"},"content":{"rendered":"\n<figure class=\"wp-block-image size-full\"><img loading=\"lazy\" decoding=\"async\" width=\"190\" height=\"222\" src=\"https:\/\/www.anovapeneira.gal\/wp-content\/uploads\/2019\/04\/marcos_santos_opinion_a_nova_peneira_bn.jpg\" alt=\"Marcos Santos Artigo opini\u00f3n a Nova Peneira\" class=\"wp-image-198\"\/><figcaption class=\"wp-element-caption\">Marco Santos<\/figcaption><\/figure>\n\n\n\n<p>A Asociaci\u00f3n pola Memoria Militar Democr\u00e1tica sa\u00fada con satisfacci\u00f3n e celebra a sentenza da Sala do Militar do Tribunal Supremo que anula a resoluci\u00f3n do compromiso (expulsi\u00f3n) do noso compa\u00f1eiro, o Cabo do Ex\u00e9rcito de Terra D. Marco Antonio Santos Soto. Esta sentenza culmina o proceso xudicial que iniciasen mandos que non conciben unhas forzas armadas definitivamente afastadas das orixes fascistas de quen se rebelou contra a orde constitucional lexitimamente constitu\u00edda da Segunda Rep\u00fablica, e que instrumentalizaron aos ex\u00e9rcitos como columna vertebral do r\u00e9xime do ditador Franco. O poder xudicial establece definitivamente a preeminencia da liberdade de expresi\u00f3n como un dereito fundamental de todos os cidad\u00e1ns, tam\u00e9n dos militares, coas \u00fanicas limitaci\u00f3ns, establecidas nas leis, daquelas manifestaci\u00f3ns que puidesen afectar gravemente \u00e1 disciplina e a cohesi\u00f3n interna das Forzas Armadas. As expresi\u00f3ns de condena ao militar que coa s\u00faa sublevaci\u00f3n rompeu en d\u00faas partes ao ex\u00e9rcito espa\u00f1ol, provocou unha sanguenta guerra e un xenocidio contra o seu propio pobo, non poden considerarse de ning\u00fan xeito nesta categor\u00eda. E esta era, en definitiva, a motivaci\u00f3n dos seus mandos para iniciar unha verdadeira persecuci\u00f3n do Cabo Santos que concluir\u00eda coa s\u00faa expulsi\u00f3n do Ex\u00e9rcito, aprobada pola Ministra Margarita Robles. Toca agora \u00e1 administraci\u00f3n militar adoptar as medidas disciplinarias ou xudiciais precisas contra os militares que perpetraron este abuso, apartarlles do exercicio do mando e establecer cantas medidas sexan necesarias para que quede claro, na mentalidade dos profesionais das Forzas Armadas, que desacreditar o xeneral Franco como modelo de virtudes militares non s\u00f3 non \u00e9 il\u00edcito, sen\u00f3n que se debe considerarse como timbre de orgullo para os verdadeiros militares ao servizo do seu pobo. Que \u00e9 precisamente a actitude contraria, a exaltaci\u00f3n da s\u00faa figura, o que resulta corrosivo para a disciplina e a cohesi\u00f3n das Forzas Armadas e, en consecuencia, debese ser reprimido con toda contundencia. A dimisi\u00f3n da Ministra Robles, pertinaz no seu discurso dunhas Forzas Armadas democr\u00e1ticas e sen restos franquistas e que avalase coa s\u00faa firma a expulsi\u00f3n do Cabo Santos, ser\u00eda unha medida inapelable por hixiene democr\u00e1tica, a\u00ednda que se atope xa en funci\u00f3ns.<\/p>\n\n\n\n<p>Asociaci\u00f3n pola Memoria Militar Democr\u00e1tica<\/p>\n","protected":false},"excerpt":{"rendered":"<div class=\"mh-excerpt\"><p>A Asociaci\u00f3n pola Memoria Militar Democr\u00e1tica sa\u00fada con satisfacci\u00f3n e celebra a sentenza da Sala do Militar do Tribunal Supremo que anula a resoluci\u00f3n do compromiso (expulsi\u00f3n) do noso compa\u00f1eiro, o Cabo do Ex\u00e9rcito de Terra D. Marco Antonio Santos Soto <a class=\"mh-excerpt-more\" href=\"https:\/\/www.anovapeneira.gal\/index.php\/2023\/06\/14\/declaracion-da-ammd-sobre-a-anulacion-da-expulsion-do-cabo-santos-soto\/\" title=\"Declaraci\u00f3n da AMMD sobre a anulaci\u00f3n da expulsi\u00f3n do Cabo Santos Soto\">[&#8230;]<\/a><\/p>\n<\/div>","protected":false},"author":3,"featured_media":9936,"comment_status":"open","ping_status":"open","sticky":false,"template":"","format":"standard","meta":{"_exactmetrics_skip_tracking":false,"_exactmetrics_sitenote_active":false,"_exactmetrics_sitenote_note":"","_exactmetrics_sitenote_category":0,"footnotes":""},"categories":[24],"tags":[1360,171],"class_list":{"0":"post-9930","1":"post","2":"type-post","3":"status-publish","4":"format-standard","5":"has-post-thumbnail","7":"category-redondela","8":"tag-asociacion-pola-memoria-militar-democratica","9":"tag-concello-de-redondela"},"yoast_head":"<!-- This site is optimized with the Yoast SEO plugin v27.4 - https:\/\/yoast.com\/product\/yoast-seo-wordpress\/ -->\n<title>Declaraci\u00f3n da AMMD sobre a anulaci\u00f3n da expulsi\u00f3n do Cabo Santos Soto -<\/title>\n<meta name=\"description\" content=\"A Asociaci\u00f3n pola Memoria Militar Democr\u00e1tica sa\u00fada con satisfacci\u00f3n e celebra a sentenza da Sala do Militar do Tribunal Supremo que anula a resoluci\u00f3n do compromiso (expulsi\u00f3n) do noso compa\u00f1eiro, o Cabo do Ex\u00e9rcito de Terra D. Marco Antonio Santos Soto\" \/>\n<meta name=\"robots\" content=\"index, follow, max-snippet:-1, max-image-preview:large, max-video-preview:-1\" \/>\n<link rel=\"canonical\" href=\"https:\/\/www.anovapeneira.gal\/index.php\/2023\/06\/14\/declaracion-da-ammd-sobre-a-anulacion-da-expulsion-do-cabo-santos-soto\/\" \/>\n<meta property=\"og:locale\" content=\"gl_ES\" \/>\n<meta property=\"og:type\" content=\"article\" \/>\n<meta property=\"og:title\" content=\"Declaraci\u00f3n da AMMD sobre a anulaci\u00f3n da expulsi\u00f3n do Cabo Santos Soto -\" \/>\n<meta property=\"og:description\" content=\"A Asociaci\u00f3n pola Memoria Militar Democr\u00e1tica sa\u00fada con satisfacci\u00f3n e celebra a sentenza da Sala do Militar do Tribunal Supremo que anula a resoluci\u00f3n do compromiso (expulsi\u00f3n) do noso compa\u00f1eiro, o Cabo do Ex\u00e9rcito de Terra D. Marco Antonio Santos Soto\" \/>\n<meta property=\"og:url\" content=\"https:\/\/www.anovapeneira.gal\/index.php\/2023\/06\/14\/declaracion-da-ammd-sobre-a-anulacion-da-expulsion-do-cabo-santos-soto\/\" \/>\n<meta property=\"article:publisher\" content=\"https:\/\/www.facebook.com\/anovapeneira\" \/>\n<meta property=\"article:published_time\" content=\"2023-06-14T10:00:57+00:00\" \/>\n<meta property=\"og:image\" content=\"https:\/\/www.anovapeneira.gal\/wp-content\/uploads\/2019\/04\/marcos_santos_opinion_a_nova_peneira_bn.jpg\" \/>\n\t<meta property=\"og:image:width\" content=\"190\" \/>\n\t<meta property=\"og:image:height\" content=\"222\" \/>\n\t<meta property=\"og:image:type\" content=\"image\/jpeg\" \/>\n<meta name=\"author\" content=\"Redacci\u00f3n A Nova Peneira\" \/>\n<meta name=\"twitter:card\" content=\"summary_large_image\" \/>\n<meta name=\"twitter:image\" content=\"https:\/\/www.anovapeneira.gal\/wp-content\/uploads\/2019\/04\/marcos_santos_opinion_a_nova_peneira_bn.jpg\" \/>\n<meta name=\"twitter:creator\" content=\"@APeneira\" \/>\n<meta name=\"twitter:site\" content=\"@APeneira\" \/>\n<meta name=\"twitter:label1\" content=\"Escrito por\" \/>\n\t<meta name=\"twitter:data1\" content=\"Redacci\u00f3n A Nova Peneira\" \/>\n\t<meta name=\"twitter:label2\" content=\"Tempo de lectura\" \/>\n\t<meta name=\"twitter:data2\" content=\"3 minutos\" \/>\n<script type=\"application\/ld+json\" class=\"yoast-schema-graph\">{\"@context\":\"https:\\\/\\\/schema.org\",\"@graph\":[{\"@type\":\"Article\",\"@id\":\"https:\\\/\\\/www.anovapeneira.gal\\\/index.php\\\/2023\\\/06\\\/14\\\/declaracion-da-ammd-sobre-a-anulacion-da-expulsion-do-cabo-santos-soto\\\/#article\",\"isPartOf\":{\"@id\":\"https:\\\/\\\/www.anovapeneira.gal\\\/index.php\\\/2023\\\/06\\\/14\\\/declaracion-da-ammd-sobre-a-anulacion-da-expulsion-do-cabo-santos-soto\\\/\"},\"author\":{\"name\":\"Redacci\u00f3n A Nova Peneira\",\"@id\":\"https:\\\/\\\/www.anovapeneira.gal\\\/#\\\/schema\\\/person\\\/b93e3f8932e3f8da96334607eb6ac6aa\"},\"headline\":\"Declaraci\u00f3n da AMMD sobre a anulaci\u00f3n da expulsi\u00f3n do Cabo Santos Soto\",\"datePublished\":\"2023-06-14T10:00:57+00:00\",\"mainEntityOfPage\":{\"@id\":\"https:\\\/\\\/www.anovapeneira.gal\\\/index.php\\\/2023\\\/06\\\/14\\\/declaracion-da-ammd-sobre-a-anulacion-da-expulsion-do-cabo-santos-soto\\\/\"},\"wordCount\":412,\"commentCount\":0,\"publisher\":{\"@id\":\"https:\\\/\\\/www.anovapeneira.gal\\\/#organization\"},\"image\":{\"@id\":\"https:\\\/\\\/www.anovapeneira.gal\\\/index.php\\\/2023\\\/06\\\/14\\\/declaracion-da-ammd-sobre-a-anulacion-da-expulsion-do-cabo-santos-soto\\\/#primaryimage\"},\"thumbnailUrl\":\"https:\\\/\\\/www.anovapeneira.gal\\\/wp-content\\\/uploads\\\/2023\\\/06\\\/ammd.jpg\",\"keywords\":[\"Asociaci\u00f3n pola Memoria Militar Democr\u00e1tica\",\"Concello de Redondela\"],\"articleSection\":[\"Redondela\"],\"inLanguage\":\"gl-ES\",\"potentialAction\":[{\"@type\":\"CommentAction\",\"name\":\"Comment\",\"target\":[\"https:\\\/\\\/www.anovapeneira.gal\\\/index.php\\\/2023\\\/06\\\/14\\\/declaracion-da-ammd-sobre-a-anulacion-da-expulsion-do-cabo-santos-soto\\\/#respond\"]}]},{\"@type\":\"WebPage\",\"@id\":\"https:\\\/\\\/www.anovapeneira.gal\\\/index.php\\\/2023\\\/06\\\/14\\\/declaracion-da-ammd-sobre-a-anulacion-da-expulsion-do-cabo-santos-soto\\\/\",\"url\":\"https:\\\/\\\/www.anovapeneira.gal\\\/index.php\\\/2023\\\/06\\\/14\\\/declaracion-da-ammd-sobre-a-anulacion-da-expulsion-do-cabo-santos-soto\\\/\",\"name\":\"Declaraci\u00f3n da AMMD sobre a anulaci\u00f3n da expulsi\u00f3n do Cabo Santos Soto -\",\"isPartOf\":{\"@id\":\"https:\\\/\\\/www.anovapeneira.gal\\\/#website\"},\"primaryImageOfPage\":{\"@id\":\"https:\\\/\\\/www.anovapeneira.gal\\\/index.php\\\/2023\\\/06\\\/14\\\/declaracion-da-ammd-sobre-a-anulacion-da-expulsion-do-cabo-santos-soto\\\/#primaryimage\"},\"image\":{\"@id\":\"https:\\\/\\\/www.anovapeneira.gal\\\/index.php\\\/2023\\\/06\\\/14\\\/declaracion-da-ammd-sobre-a-anulacion-da-expulsion-do-cabo-santos-soto\\\/#primaryimage\"},\"thumbnailUrl\":\"https:\\\/\\\/www.anovapeneira.gal\\\/wp-content\\\/uploads\\\/2023\\\/06\\\/ammd.jpg\",\"datePublished\":\"2023-06-14T10:00:57+00:00\",\"description\":\"A Asociaci\u00f3n pola Memoria Militar Democr\u00e1tica sa\u00fada con satisfacci\u00f3n e celebra a sentenza da Sala do Militar do Tribunal Supremo que anula a resoluci\u00f3n do compromiso (expulsi\u00f3n) do noso compa\u00f1eiro, o Cabo do Ex\u00e9rcito de Terra D. Marco Antonio Santos Soto\",\"breadcrumb\":{\"@id\":\"https:\\\/\\\/www.anovapeneira.gal\\\/index.php\\\/2023\\\/06\\\/14\\\/declaracion-da-ammd-sobre-a-anulacion-da-expulsion-do-cabo-santos-soto\\\/#breadcrumb\"},\"inLanguage\":\"gl-ES\",\"potentialAction\":[{\"@type\":\"ReadAction\",\"target\":[\"https:\\\/\\\/www.anovapeneira.gal\\\/index.php\\\/2023\\\/06\\\/14\\\/declaracion-da-ammd-sobre-a-anulacion-da-expulsion-do-cabo-santos-soto\\\/\"]}]},{\"@type\":\"ImageObject\",\"inLanguage\":\"gl-ES\",\"@id\":\"https:\\\/\\\/www.anovapeneira.gal\\\/index.php\\\/2023\\\/06\\\/14\\\/declaracion-da-ammd-sobre-a-anulacion-da-expulsion-do-cabo-santos-soto\\\/#primaryimage\",\"url\":\"https:\\\/\\\/www.anovapeneira.gal\\\/wp-content\\\/uploads\\\/2023\\\/06\\\/ammd.jpg\",\"contentUrl\":\"https:\\\/\\\/www.anovapeneira.gal\\\/wp-content\\\/uploads\\\/2023\\\/06\\\/ammd.jpg\",\"width\":720,\"height\":432,\"caption\":\"Asociaci\u00f3n pola Memoria Militar Democr\u00e1tica\"},{\"@type\":\"BreadcrumbList\",\"@id\":\"https:\\\/\\\/www.anovapeneira.gal\\\/index.php\\\/2023\\\/06\\\/14\\\/declaracion-da-ammd-sobre-a-anulacion-da-expulsion-do-cabo-santos-soto\\\/#breadcrumb\",\"itemListElement\":[{\"@type\":\"ListItem\",\"position\":1,\"name\":\"Portada\",\"item\":\"https:\\\/\\\/www.anovapeneira.gal\\\/\"},{\"@type\":\"ListItem\",\"position\":2,\"name\":\"Declaraci\u00f3n da AMMD sobre a anulaci\u00f3n da expulsi\u00f3n do Cabo Santos Soto\"}]},{\"@type\":\"WebSite\",\"@id\":\"https:\\\/\\\/www.anovapeneira.gal\\\/#website\",\"url\":\"https:\\\/\\\/www.anovapeneira.gal\\\/\",\"name\":\"\",\"description\":\"Xornal galego de informaci\u00f3n xeral Publicaci\u00f3n mensual de novas de Galicia e en especial dos Concellos da sur da provincia de Pontevedra.\",\"publisher\":{\"@id\":\"https:\\\/\\\/www.anovapeneira.gal\\\/#organization\"},\"potentialAction\":[{\"@type\":\"SearchAction\",\"target\":{\"@type\":\"EntryPoint\",\"urlTemplate\":\"https:\\\/\\\/www.anovapeneira.gal\\\/?s={search_term_string}\"},\"query-input\":{\"@type\":\"PropertyValueSpecification\",\"valueRequired\":true,\"valueName\":\"search_term_string\"}}],\"inLanguage\":\"gl-ES\"},{\"@type\":\"Organization\",\"@id\":\"https:\\\/\\\/www.anovapeneira.gal\\\/#organization\",\"name\":\"A Nova Peneira\",\"url\":\"https:\\\/\\\/www.anovapeneira.gal\\\/\",\"logo\":{\"@type\":\"ImageObject\",\"inLanguage\":\"gl-ES\",\"@id\":\"https:\\\/\\\/www.anovapeneira.gal\\\/#\\\/schema\\\/logo\\\/image\\\/\",\"url\":\"http:\\\/\\\/www.anovapeneira.gal\\\/wp-content\\\/uploads\\\/2019\\\/06\\\/logo_a_nova_peneira_portal_web.png\",\"contentUrl\":\"http:\\\/\\\/www.anovapeneira.gal\\\/wp-content\\\/uploads\\\/2019\\\/06\\\/logo_a_nova_peneira_portal_web.png\",\"width\":300,\"height\":100,\"caption\":\"A Nova Peneira\"},\"image\":{\"@id\":\"https:\\\/\\\/www.anovapeneira.gal\\\/#\\\/schema\\\/logo\\\/image\\\/\"},\"sameAs\":[\"https:\\\/\\\/www.facebook.com\\\/anovapeneira\",\"https:\\\/\\\/x.com\\\/APeneira\"]},{\"@type\":\"Person\",\"@id\":\"https:\\\/\\\/www.anovapeneira.gal\\\/#\\\/schema\\\/person\\\/b93e3f8932e3f8da96334607eb6ac6aa\",\"name\":\"Redacci\u00f3n A Nova Peneira\",\"image\":{\"@type\":\"ImageObject\",\"inLanguage\":\"gl-ES\",\"@id\":\"https:\\\/\\\/secure.gravatar.com\\\/avatar\\\/c052a2551a06e23fac63626232eaa90abd78dbcf1700fc46a2b2c89fd27b735f?s=96&d=mm&r=g\",\"url\":\"https:\\\/\\\/secure.gravatar.com\\\/avatar\\\/c052a2551a06e23fac63626232eaa90abd78dbcf1700fc46a2b2c89fd27b735f?s=96&d=mm&r=g\",\"contentUrl\":\"https:\\\/\\\/secure.gravatar.com\\\/avatar\\\/c052a2551a06e23fac63626232eaa90abd78dbcf1700fc46a2b2c89fd27b735f?s=96&d=mm&r=g\",\"caption\":\"Redacci\u00f3n A Nova Peneira\"},\"sameAs\":[\"http:\\\/\\\/www.anovapeneira.gal\\\/\"],\"url\":\"https:\\\/\\\/www.anovapeneira.gal\\\/index.php\\\/author\\\/redactor\\\/\"}]}<\/script>\n<!-- \/ Yoast SEO plugin. -->","yoast_head_json":{"title":"Declaraci\u00f3n da AMMD sobre a anulaci\u00f3n da expulsi\u00f3n do Cabo Santos Soto -","description":"A Asociaci\u00f3n pola Memoria Militar Democr\u00e1tica sa\u00fada con satisfacci\u00f3n e celebra a sentenza da Sala do Militar do Tribunal Supremo que anula a resoluci\u00f3n do compromiso (expulsi\u00f3n) do noso compa\u00f1eiro, o Cabo do Ex\u00e9rcito de Terra D. Marco Antonio Santos Soto","robots":{"index":"index","follow":"follow","max-snippet":"max-snippet:-1","max-image-preview":"max-image-preview:large","max-video-preview":"max-video-preview:-1"},"canonical":"https:\/\/www.anovapeneira.gal\/index.php\/2023\/06\/14\/declaracion-da-ammd-sobre-a-anulacion-da-expulsion-do-cabo-santos-soto\/","og_locale":"gl_ES","og_type":"article","og_title":"Declaraci\u00f3n da AMMD sobre a anulaci\u00f3n da expulsi\u00f3n do Cabo Santos Soto -","og_description":"A Asociaci\u00f3n pola Memoria Militar Democr\u00e1tica sa\u00fada con satisfacci\u00f3n e celebra a sentenza da Sala do Militar do Tribunal Supremo que anula a resoluci\u00f3n do compromiso (expulsi\u00f3n) do noso compa\u00f1eiro, o Cabo do Ex\u00e9rcito de Terra D. Marco Antonio Santos Soto","og_url":"https:\/\/www.anovapeneira.gal\/index.php\/2023\/06\/14\/declaracion-da-ammd-sobre-a-anulacion-da-expulsion-do-cabo-santos-soto\/","article_publisher":"https:\/\/www.facebook.com\/anovapeneira","article_published_time":"2023-06-14T10:00:57+00:00","og_image":[{"width":190,"height":222,"url":"https:\/\/www.anovapeneira.gal\/wp-content\/uploads\/2019\/04\/marcos_santos_opinion_a_nova_peneira_bn.jpg","type":"image\/jpeg"}],"author":"Redacci\u00f3n A Nova Peneira","twitter_card":"summary_large_image","twitter_image":"https:\/\/www.anovapeneira.gal\/wp-content\/uploads\/2019\/04\/marcos_santos_opinion_a_nova_peneira_bn.jpg","twitter_creator":"@APeneira","twitter_site":"@APeneira","twitter_misc":{"Escrito por":"Redacci\u00f3n A Nova Peneira","Tempo de lectura":"3 minutos"},"schema":{"@context":"https:\/\/schema.org","@graph":[{"@type":"Article","@id":"https:\/\/www.anovapeneira.gal\/index.php\/2023\/06\/14\/declaracion-da-ammd-sobre-a-anulacion-da-expulsion-do-cabo-santos-soto\/#article","isPartOf":{"@id":"https:\/\/www.anovapeneira.gal\/index.php\/2023\/06\/14\/declaracion-da-ammd-sobre-a-anulacion-da-expulsion-do-cabo-santos-soto\/"},"author":{"name":"Redacci\u00f3n A Nova Peneira","@id":"https:\/\/www.anovapeneira.gal\/#\/schema\/person\/b93e3f8932e3f8da96334607eb6ac6aa"},"headline":"Declaraci\u00f3n da AMMD sobre a anulaci\u00f3n da expulsi\u00f3n do Cabo Santos Soto","datePublished":"2023-06-14T10:00:57+00:00","mainEntityOfPage":{"@id":"https:\/\/www.anovapeneira.gal\/index.php\/2023\/06\/14\/declaracion-da-ammd-sobre-a-anulacion-da-expulsion-do-cabo-santos-soto\/"},"wordCount":412,"commentCount":0,"publisher":{"@id":"https:\/\/www.anovapeneira.gal\/#organization"},"image":{"@id":"https:\/\/www.anovapeneira.gal\/index.php\/2023\/06\/14\/declaracion-da-ammd-sobre-a-anulacion-da-expulsion-do-cabo-santos-soto\/#primaryimage"},"thumbnailUrl":"https:\/\/www.anovapeneira.gal\/wp-content\/uploads\/2023\/06\/ammd.jpg","keywords":["Asociaci\u00f3n pola Memoria Militar Democr\u00e1tica","Concello de Redondela"],"articleSection":["Redondela"],"inLanguage":"gl-ES","potentialAction":[{"@type":"CommentAction","name":"Comment","target":["https:\/\/www.anovapeneira.gal\/index.php\/2023\/06\/14\/declaracion-da-ammd-sobre-a-anulacion-da-expulsion-do-cabo-santos-soto\/#respond"]}]},{"@type":"WebPage","@id":"https:\/\/www.anovapeneira.gal\/index.php\/2023\/06\/14\/declaracion-da-ammd-sobre-a-anulacion-da-expulsion-do-cabo-santos-soto\/","url":"https:\/\/www.anovapeneira.gal\/index.php\/2023\/06\/14\/declaracion-da-ammd-sobre-a-anulacion-da-expulsion-do-cabo-santos-soto\/","name":"Declaraci\u00f3n da AMMD sobre a anulaci\u00f3n da expulsi\u00f3n do Cabo Santos Soto -","isPartOf":{"@id":"https:\/\/www.anovapeneira.gal\/#website"},"primaryImageOfPage":{"@id":"https:\/\/www.anovapeneira.gal\/index.php\/2023\/06\/14\/declaracion-da-ammd-sobre-a-anulacion-da-expulsion-do-cabo-santos-soto\/#primaryimage"},"image":{"@id":"https:\/\/www.anovapeneira.gal\/index.php\/2023\/06\/14\/declaracion-da-ammd-sobre-a-anulacion-da-expulsion-do-cabo-santos-soto\/#primaryimage"},"thumbnailUrl":"https:\/\/www.anovapeneira.gal\/wp-content\/uploads\/2023\/06\/ammd.jpg","datePublished":"2023-06-14T10:00:57+00:00","description":"A Asociaci\u00f3n pola Memoria Militar Democr\u00e1tica sa\u00fada con satisfacci\u00f3n e celebra a sentenza da Sala do Militar do Tribunal Supremo que anula a resoluci\u00f3n do compromiso (expulsi\u00f3n) do noso compa\u00f1eiro, o Cabo do Ex\u00e9rcito de Terra D. Marco Antonio Santos Soto","breadcrumb":{"@id":"https:\/\/www.anovapeneira.gal\/index.php\/2023\/06\/14\/declaracion-da-ammd-sobre-a-anulacion-da-expulsion-do-cabo-santos-soto\/#breadcrumb"},"inLanguage":"gl-ES","potentialAction":[{"@type":"ReadAction","target":["https:\/\/www.anovapeneira.gal\/index.php\/2023\/06\/14\/declaracion-da-ammd-sobre-a-anulacion-da-expulsion-do-cabo-santos-soto\/"]}]},{"@type":"ImageObject","inLanguage":"gl-ES","@id":"https:\/\/www.anovapeneira.gal\/index.php\/2023\/06\/14\/declaracion-da-ammd-sobre-a-anulacion-da-expulsion-do-cabo-santos-soto\/#primaryimage","url":"https:\/\/www.anovapeneira.gal\/wp-content\/uploads\/2023\/06\/ammd.jpg","contentUrl":"https:\/\/www.anovapeneira.gal\/wp-content\/uploads\/2023\/06\/ammd.jpg","width":720,"height":432,"caption":"Asociaci\u00f3n pola Memoria Militar Democr\u00e1tica"},{"@type":"BreadcrumbList","@id":"https:\/\/www.anovapeneira.gal\/index.php\/2023\/06\/14\/declaracion-da-ammd-sobre-a-anulacion-da-expulsion-do-cabo-santos-soto\/#breadcrumb","itemListElement":[{"@type":"ListItem","position":1,"name":"Portada","item":"https:\/\/www.anovapeneira.gal\/"},{"@type":"ListItem","position":2,"name":"Declaraci\u00f3n da AMMD sobre a anulaci\u00f3n da expulsi\u00f3n do Cabo Santos Soto"}]},{"@type":"WebSite","@id":"https:\/\/www.anovapeneira.gal\/#website","url":"https:\/\/www.anovapeneira.gal\/","name":"","description":"Xornal galego de informaci\u00f3n xeral Publicaci\u00f3n mensual de novas de Galicia e en especial dos Concellos da sur da provincia de Pontevedra.","publisher":{"@id":"https:\/\/www.anovapeneira.gal\/#organization"},"potentialAction":[{"@type":"SearchAction","target":{"@type":"EntryPoint","urlTemplate":"https:\/\/www.anovapeneira.gal\/?s={search_term_string}"},"query-input":{"@type":"PropertyValueSpecification","valueRequired":true,"valueName":"search_term_string"}}],"inLanguage":"gl-ES"},{"@type":"Organization","@id":"https:\/\/www.anovapeneira.gal\/#organization","name":"A Nova Peneira","url":"https:\/\/www.anovapeneira.gal\/","logo":{"@type":"ImageObject","inLanguage":"gl-ES","@id":"https:\/\/www.anovapeneira.gal\/#\/schema\/logo\/image\/","url":"http:\/\/www.anovapeneira.gal\/wp-content\/uploads\/2019\/06\/logo_a_nova_peneira_portal_web.png","contentUrl":"http:\/\/www.anovapeneira.gal\/wp-content\/uploads\/2019\/06\/logo_a_nova_peneira_portal_web.png","width":300,"height":100,"caption":"A Nova Peneira"},"image":{"@id":"https:\/\/www.anovapeneira.gal\/#\/schema\/logo\/image\/"},"sameAs":["https:\/\/www.facebook.com\/anovapeneira","https:\/\/x.com\/APeneira"]},{"@type":"Person","@id":"https:\/\/www.anovapeneira.gal\/#\/schema\/person\/b93e3f8932e3f8da96334607eb6ac6aa","name":"Redacci\u00f3n A Nova Peneira","image":{"@type":"ImageObject","inLanguage":"gl-ES","@id":"https:\/\/secure.gravatar.com\/avatar\/c052a2551a06e23fac63626232eaa90abd78dbcf1700fc46a2b2c89fd27b735f?s=96&d=mm&r=g","url":"https:\/\/secure.gravatar.com\/avatar\/c052a2551a06e23fac63626232eaa90abd78dbcf1700fc46a2b2c89fd27b735f?s=96&d=mm&r=g","contentUrl":"https:\/\/secure.gravatar.com\/avatar\/c052a2551a06e23fac63626232eaa90abd78dbcf1700fc46a2b2c89fd27b735f?s=96&d=mm&r=g","caption":"Redacci\u00f3n A Nova Peneira"},"sameAs":["http:\/\/www.anovapeneira.gal\/"],"url":"https:\/\/www.anovapeneira.gal\/index.php\/author\/redactor\/"}]}},"jetpack_featured_media_url":"https:\/\/www.anovapeneira.gal\/wp-content\/uploads\/2023\/06\/ammd.jpg","_links":{"self":[{"href":"https:\/\/www.anovapeneira.gal\/index.php\/wp-json\/wp\/v2\/posts\/9930","targetHints":{"allow":["GET"]}}],"collection":[{"href":"https:\/\/www.anovapeneira.gal\/index.php\/wp-json\/wp\/v2\/posts"}],"about":[{"href":"https:\/\/www.anovapeneira.gal\/index.php\/wp-json\/wp\/v2\/types\/post"}],"author":[{"embeddable":true,"href":"https:\/\/www.anovapeneira.gal\/index.php\/wp-json\/wp\/v2\/users\/3"}],"replies":[{"embeddable":true,"href":"https:\/\/www.anovapeneira.gal\/index.php\/wp-json\/wp\/v2\/comments?post=9930"}],"version-history":[{"count":3,"href":"https:\/\/www.anovapeneira.gal\/index.php\/wp-json\/wp\/v2\/posts\/9930\/revisions"}],"predecessor-version":[{"id":9939,"href":"https:\/\/www.anovapeneira.gal\/index.php\/wp-json\/wp\/v2\/posts\/9930\/revisions\/9939"}],"wp:featuredmedia":[{"embeddable":true,"href":"https:\/\/www.anovapeneira.gal\/index.php\/wp-json\/wp\/v2\/media\/9936"}],"wp:attachment":[{"href":"https:\/\/www.anovapeneira.gal\/index.php\/wp-json\/wp\/v2\/media?parent=9930"}],"wp:term":[{"taxonomy":"category","embeddable":true,"href":"https:\/\/www.anovapeneira.gal\/index.php\/wp-json\/wp\/v2\/categories?post=9930"},{"taxonomy":"post_tag","embeddable":true,"href":"https:\/\/www.anovapeneira.gal\/index.php\/wp-json\/wp\/v2\/tags?post=9930"}],"curies":[{"name":"wp","href":"https:\/\/api.w.org\/{rel}","templated":true}]}}